{"id":30167,"date":"2025-07-28T14:35:30","date_gmt":"2025-07-28T12:35:30","guid":{"rendered":"https:\/\/fcspartaktrnava.com\/?p=30167"},"modified":"2025-07-28T14:47:08","modified_gmt":"2025-07-28T12:47:08","slug":"dalsie-spolocne-darovanie-krvi-fanusikov-trnavy","status":"publish","type":"post","link":"https:\/\/fcspartaktrnava.com\/en\/dalsie-spolocne-darovanie-krvi-fanusikov-trnavy\/","title":{"rendered":"\u010eal\u0161ie spolo\u010dn\u00e9 darovanie krvi fan\u00fa\u0161ikov Trnavy"},"content":{"rendered":"<p class=\"has-text-align-center has-black-color has-text-color has-link-color has-medium-font-size wp-elements-ea47e2b7082b0bb0ab3d6c57a3709432\"><a>Po osemn\u00e1stich rokoch takmer na de\u0148 odovzd\u00e1vali do krvnej banky N\u00e1rodnej transf\u00faznej slu\u017eby SR v&nbsp;trnavskej nemocnici svoju krv priaznivci FC Spartak Trnava. V&nbsp;piatok 25. j\u00fala to bolo u\u017e po 65. kr\u00e1t a&nbsp;bolo ich 34. Traja z&nbsp;nich nepre\u0161li pr\u00edsnou kontrolou, tak\u017ee vlastn\u00fd slovensk\u00fd rekord posunuli o&nbsp;31 vy\u0161\u0161ie, u\u017e na hodnotu<\/a><strong> 3&nbsp;556 odberov<\/strong><a>, \u010do je viac ako 1&nbsp;400 litrov krvi.<\/a><\/p>\n\n\n\n<p class=\"has-text-align-center has-medium-font-size\">Na nede\u013en\u00fa prvoligov\u00fa premi\u00e9ru s&nbsp;MFK Ru\u017eomberok venoval klub ka\u017ed\u00e9mu z\u00fa\u010dastnen\u00e9mu vstupenku. Pokra\u010duje tak trad\u00edcia, ktor\u00fa zaviedol legend\u00e1rny hr\u00e1\u010d Laco Kuna. Po smrti b\u00fdval\u00e9ho prezidenta Spartaka nesie so s\u00fahlasom rodiny t\u00e1to \u00factyhodn\u00e1 aktivita jeho meno. <\/p>\n\n\n\n<hr class=\"wp-block-separator has-alpha-channel-opacity\"\/>\n\n\n\n<p class=\"has-text-align-center has-medium-font-size\"><strong>V prest\u00e1vke z\u00e1pasu 1. kola Nik\u00e9 ligy odovzdal gener\u00e1lny mana\u017e\u00e9r FC Spartak Trnava &#8211; Martin Hudec vybran\u00fdm darom krvi aj dar\u010dekov\u00e9 predmety. <\/strong><\/p>\n\n\n\n<figure class=\"wp-block-gallery has-nested-images columns-default is-cropped wp-block-gallery-1 is-layout-flex wp-block-gallery-is-layout-flex\">\n<figure class=\"wp-block-image size-large\"><img loading=\"lazy\" decoding=\"async\" width=\"1024\" height=\"684\" data-id=\"30090\" src=\"https:\/\/fcspartaktrnava.com\/wp-content\/uploads\/2025\/07\/168-1024x684.jpg\" alt=\"\" class=\"wp-image-30090\" srcset=\"https:\/\/fcspartaktrnava.com\/wp-content\/uploads\/2025\/07\/168-1024x684.jpg 1024w, https:\/\/fcspartaktrnava.com\/wp-content\/uploads\/2025\/07\/168-300x200.jpg 300w, https:\/\/fcspartaktrnava.com\/wp-content\/uploads\/2025\/07\/168-768x513.jpg 768w, https:\/\/fcspartaktrnava.com\/wp-content\/uploads\/2025\/07\/168-18x12.jpg 18w, https:\/\/fcspartaktrnava.com\/wp-content\/uploads\/2025\/07\/168.jpg 1498w\" sizes=\"auto, (max-width: 1024px) 100vw, 1024px\" \/><\/figure>\n\n\n\n<figure class=\"wp-block-image size-large\"><img loading=\"lazy\" decoding=\"async\" width=\"1024\" height=\"684\" data-id=\"30089\" src=\"https:\/\/fcspartaktrnava.com\/wp-content\/uploads\/2025\/07\/167-1024x684.jpg\" alt=\"\" class=\"wp-image-30089\" srcset=\"https:\/\/fcspartaktrnava.com\/wp-content\/uploads\/2025\/07\/167-1024x684.jpg 1024w, https:\/\/fcspartaktrnava.com\/wp-content\/uploads\/2025\/07\/167-300x200.jpg 300w, https:\/\/fcspartaktrnava.com\/wp-content\/uploads\/2025\/07\/167-768x513.jpg 768w, https:\/\/fcspartaktrnava.com\/wp-content\/uploads\/2025\/07\/167-18x12.jpg 18w, https:\/\/fcspartaktrnava.com\/wp-content\/uploads\/2025\/07\/167.jpg 1498w\" sizes=\"auto, (max-width: 1024px) 100vw, 1024px\" \/><\/figure>\n\n\n\n<figure class=\"wp-block-image size-large\"><img loading=\"lazy\" decoding=\"async\" width=\"1024\" height=\"684\" data-id=\"30088\" src=\"https:\/\/fcspartaktrnava.com\/wp-content\/uploads\/2025\/07\/166-1024x684.jpg\" alt=\"\" class=\"wp-image-30088\" srcset=\"https:\/\/fcspartaktrnava.com\/wp-content\/uploads\/2025\/07\/166-1024x684.jpg 1024w, https:\/\/fcspartaktrnava.com\/wp-content\/uploads\/2025\/07\/166-300x200.jpg 300w, https:\/\/fcspartaktrnava.com\/wp-content\/uploads\/2025\/07\/166-768x513.jpg 768w, https:\/\/fcspartaktrnava.com\/wp-content\/uploads\/2025\/07\/166-18x12.jpg 18w, https:\/\/fcspartaktrnava.com\/wp-content\/uploads\/2025\/07\/166.jpg 1498w\" sizes=\"auto, (max-width: 1024px) 100vw, 1024px\" \/><\/figure>\n\n\n\n<figure class=\"wp-block-image size-large\"><img loading=\"lazy\" decoding=\"async\" width=\"1024\" height=\"684\" data-id=\"30087\" src=\"https:\/\/fcspartaktrnava.com\/wp-content\/uploads\/2025\/07\/165-1024x684.jpg\" alt=\"\" class=\"wp-image-30087\" srcset=\"https:\/\/fcspartaktrnava.com\/wp-content\/uploads\/2025\/07\/165-1024x684.jpg 1024w, https:\/\/fcspartaktrnava.com\/wp-content\/uploads\/2025\/07\/165-300x200.jpg 300w, https:\/\/fcspartaktrnava.com\/wp-content\/uploads\/2025\/07\/165-768x513.jpg 768w, https:\/\/fcspartaktrnava.com\/wp-content\/uploads\/2025\/07\/165-18x12.jpg 18w, https:\/\/fcspartaktrnava.com\/wp-content\/uploads\/2025\/07\/165.jpg 1498w\" sizes=\"auto, (max-width: 1024px) 100vw, 1024px\" \/><\/figure>\n\n\n\n<figure class=\"wp-block-image size-large\"><img loading=\"lazy\" decoding=\"async\" width=\"1024\" height=\"684\" data-id=\"30077\" src=\"https:\/\/fcspartaktrnava.com\/wp-content\/uploads\/2025\/07\/163-1024x684.jpg\" alt=\"\" class=\"wp-image-30077\" srcset=\"https:\/\/fcspartaktrnava.com\/wp-content\/uploads\/2025\/07\/163-1024x684.jpg 1024w, https:\/\/fcspartaktrnava.com\/wp-content\/uploads\/2025\/07\/163-300x200.jpg 300w, https:\/\/fcspartaktrnava.com\/wp-content\/uploads\/2025\/07\/163-768x513.jpg 768w, https:\/\/fcspartaktrnava.com\/wp-content\/uploads\/2025\/07\/163-18x12.jpg 18w, https:\/\/fcspartaktrnava.com\/wp-content\/uploads\/2025\/07\/163.jpg 1498w\" sizes=\"auto, (max-width: 1024px) 100vw, 1024px\" \/><\/figure>\n\n\n\n<figure class=\"wp-block-image size-large\"><img loading=\"lazy\" decoding=\"async\" width=\"1024\" height=\"684\" data-id=\"30078\" src=\"https:\/\/fcspartaktrnava.com\/wp-content\/uploads\/2025\/07\/164-1024x684.jpg\" alt=\"\" class=\"wp-image-30078\" srcset=\"https:\/\/fcspartaktrnava.com\/wp-content\/uploads\/2025\/07\/164-1024x684.jpg 1024w, https:\/\/fcspartaktrnava.com\/wp-content\/uploads\/2025\/07\/164-300x200.jpg 300w, https:\/\/fcspartaktrnava.com\/wp-content\/uploads\/2025\/07\/164-768x513.jpg 768w, https:\/\/fcspartaktrnava.com\/wp-content\/uploads\/2025\/07\/164-18x12.jpg 18w, https:\/\/fcspartaktrnava.com\/wp-content\/uploads\/2025\/07\/164.jpg 1498w\" sizes=\"auto, (max-width: 1024px) 100vw, 1024px\" \/><\/figure>\n\n\n\n<figure class=\"wp-block-image size-large\"><img loading=\"lazy\" decoding=\"async\" width=\"1024\" height=\"684\" data-id=\"30079\" src=\"https:\/\/fcspartaktrnava.com\/wp-content\/uploads\/2025\/07\/169-1024x684.jpg\" alt=\"\" class=\"wp-image-30079\" srcset=\"https:\/\/fcspartaktrnava.com\/wp-content\/uploads\/2025\/07\/169-1024x684.jpg 1024w, https:\/\/fcspartaktrnava.com\/wp-content\/uploads\/2025\/07\/169-300x200.jpg 300w, https:\/\/fcspartaktrnava.com\/wp-content\/uploads\/2025\/07\/169-768x513.jpg 768w, https:\/\/fcspartaktrnava.com\/wp-content\/uploads\/2025\/07\/169-18x12.jpg 18w, https:\/\/fcspartaktrnava.com\/wp-content\/uploads\/2025\/07\/169.jpg 1498w\" sizes=\"auto, (max-width: 1024px) 100vw, 1024px\" \/><\/figure>\n\n\n\n<figure class=\"wp-block-image size-large\"><img decoding=\"async\" data-id=\"30091\" src=\"https:\/\/fcspartaktrnava.com\/wp-content\/uploads\/2025\/07\/170-1024x684.jpg\" alt=\"\" class=\"wp-image-30091\"\/><\/figure>\n<\/figure>\n\n\n\n<hr class=\"wp-block-separator has-text-color has-vivid-red-color has-alpha-channel-opacity has-vivid-red-background-color has-background\"\/>\n\n\n\n<p class=\"has-text-align-center has-medium-font-size\"><\/p>\n\n\n\n<h4 class=\"wp-block-heading has-text-align-center\"><strong>Medzi ocenen\u00fdmi priamo v prest\u00e1vke boli:<\/strong><\/h4>\n\n\n\n<p class=\"has-text-align-center has-medium-font-size\">\u2022 Roman Draho\u0161, od roku 2007 chod\u00ed pravidelne darova\u0165 svoju krv v\u00fdhradne v tejto fan\u00fa\u0161ikovskej akcii. Nemohol by\u0165 v\u017edy, ale predv\u010derom to bola jeho 50. \u00fa\u010das\u0165.<br>\u2022 \u010eal\u0161\u00edm st\u00e1lym darcom je Jaroslav Klement, m\u00e1 u\u017e 98 odberov, no nie v\u017edy v r\u00e1mci \u010derveno-\u010d\u00edrnej akcie.<br>\u2022 Zuzku \u0160\u0165astn\u00fa, 58- n\u00e1sobn\u00fa darky\u0148u, zastupuje kv\u00f4li chorobe jej syn Jakub, tie\u017e u\u017e za Spartak viackr\u00e1t krv\u00e1cal.<br>\u2022 Rekord\u00e9rom spomedzi v\u0161etk\u00fdch je Miroslav Gregu\u0161. Ten m\u00e1 na svojom konte 116 darovan\u00ed.<\/p>\n\n\n\n<hr class=\"wp-block-separator has-text-color has-vivid-red-color has-alpha-channel-opacity has-vivid-red-background-color has-background is-style-dots\"\/>\n\n\n\n<h2 class=\"wp-block-heading has-text-align-center\">Premianti aj dlhodob\u00ed darcovia<\/h2>\n\n\n\n<p class=\"has-text-align-center has-medium-font-size\">Medzi darcami bol Roman Draho\u0161 z&nbsp;Trst\u00edna, ktor\u00fd bol aj na samom prvom darovan\u00ed. <strong>\u201eBolo to 28. j\u00fala, predt\u00fdm som nikdy nedaroval a&nbsp;toto je dnes moja p\u00e4\u0165desiata jubilejn\u00e1 \u00fa\u010das\u0165, nemohol som v\u017edy, ale ke\u010f sa dalo, bol som tu,\u201c povedal po odbere. \u013dubo\u0161 Sojka sa k \u201e\u010derveno \u2013 \u010d\u00edrnej kvapke\u201c<\/strong> pridal len vlani (darovan\u00ed m\u00e1 u\u017e 73), teraz pri\u0161iel s&nbsp;n\u00e1vrhom, aby sa pomohlo jeho kamar\u00e1tovi hasi\u010dovi zo \u0160intavy Martinovi. Toho o&nbsp;mesiac \u010dak\u00e1 v\u00e1\u017ena oper\u00e1cia a&nbsp;krv je pri ka\u017edej ve\u013emi potrebn\u00e1. S&nbsp;tak\u00fdmto n\u00e1padom nemali darcovia \u017eiaden probl\u00e9m. Miroslav Gregu\u0161, daroval u\u017e 116. kr\u00e1t a m\u00e1 na starosti&nbsp; mlad\u00fdch dobrovo\u013en\u00fdch hasi\u010dov v&nbsp;B\u00ed\u0148ovciach. \u201e<strong>Nem\u00e1m probl\u00e9m, ak moja krv pom\u00f4\u017ee Martinovi, pre m\u0148a je to aj profesion\u00e1lna solidarita,\u201c<\/strong> prik\u00fdvol na n\u00e1vrh \u013duba Sojku a&nbsp;k&nbsp;nemu sa pripojili aj ostatn\u00ed.<\/p>\n\n\n\n<figure class=\"wp-block-gallery has-nested-images columns-default is-cropped wp-block-gallery-2 is-layout-flex wp-block-gallery-is-layout-flex\">\n<figure class=\"wp-block-image size-large\"><img loading=\"lazy\" decoding=\"async\" width=\"1005\" height=\"1003\" data-id=\"30168\" src=\"https:\/\/fcspartaktrnava.com\/wp-content\/uploads\/2025\/07\/20250722-Pavol-Vozo-Vozar.jpg\" alt=\"\" class=\"wp-image-30168\" srcset=\"https:\/\/fcspartaktrnava.com\/wp-content\/uploads\/2025\/07\/20250722-Pavol-Vozo-Vozar.jpg 1005w, https:\/\/fcspartaktrnava.com\/wp-content\/uploads\/2025\/07\/20250722-Pavol-Vozo-Vozar-300x300.jpg 300w, https:\/\/fcspartaktrnava.com\/wp-content\/uploads\/2025\/07\/20250722-Pavol-Vozo-Vozar-150x150.jpg 150w, https:\/\/fcspartaktrnava.com\/wp-content\/uploads\/2025\/07\/20250722-Pavol-Vozo-Vozar-768x766.jpg 768w, https:\/\/fcspartaktrnava.com\/wp-content\/uploads\/2025\/07\/20250722-Pavol-Vozo-Vozar-12x12.jpg 12w\" sizes=\"auto, (max-width: 1005px) 100vw, 1005px\" \/><\/figure>\n\n\n\n<figure class=\"wp-block-image size-large\"><img loading=\"lazy\" decoding=\"async\" width=\"946\" height=\"946\" data-id=\"30169\" src=\"https:\/\/fcspartaktrnava.com\/wp-content\/uploads\/2025\/07\/20250725-Agustin-Grusovic.jpg\" alt=\"\" class=\"wp-image-30169\" srcset=\"https:\/\/fcspartaktrnava.com\/wp-content\/uploads\/2025\/07\/20250725-Agustin-Grusovic.jpg 946w, https:\/\/fcspartaktrnava.com\/wp-content\/uploads\/2025\/07\/20250725-Agustin-Grusovic-300x300.jpg 300w, https:\/\/fcspartaktrnava.com\/wp-content\/uploads\/2025\/07\/20250725-Agustin-Grusovic-150x150.jpg 150w, https:\/\/fcspartaktrnava.com\/wp-content\/uploads\/2025\/07\/20250725-Agustin-Grusovic-768x768.jpg 768w, https:\/\/fcspartaktrnava.com\/wp-content\/uploads\/2025\/07\/20250725-Agustin-Grusovic-12x12.jpg 12w\" sizes=\"auto, (max-width: 946px) 100vw, 946px\" \/><\/figure>\n\n\n\n<figure class=\"wp-block-image size-large\"><img loading=\"lazy\" decoding=\"async\" width=\"1024\" height=\"766\" data-id=\"30170\" src=\"https:\/\/fcspartaktrnava.com\/wp-content\/uploads\/2025\/07\/IMG_20250725_082632-1024x766.jpg\" alt=\"\" class=\"wp-image-30170\" srcset=\"https:\/\/fcspartaktrnava.com\/wp-content\/uploads\/2025\/07\/IMG_20250725_082632-1024x766.jpg 1024w, https:\/\/fcspartaktrnava.com\/wp-content\/uploads\/2025\/07\/IMG_20250725_082632-300x224.jpg 300w, https:\/\/fcspartaktrnava.com\/wp-content\/uploads\/2025\/07\/IMG_20250725_082632-768x575.jpg 768w, https:\/\/fcspartaktrnava.com\/wp-content\/uploads\/2025\/07\/IMG_20250725_082632-1536x1149.jpg 1536w, https:\/\/fcspartaktrnava.com\/wp-content\/uploads\/2025\/07\/IMG_20250725_082632-2048x1532.jpg 2048w, https:\/\/fcspartaktrnava.com\/wp-content\/uploads\/2025\/07\/IMG_20250725_082632-16x12.jpg 16w\" sizes=\"auto, (max-width: 1024px) 100vw, 1024px\" \/><\/figure>\n\n\n\n<figure class=\"wp-block-image size-large\"><img loading=\"lazy\" decoding=\"async\" width=\"1024\" height=\"766\" data-id=\"30171\" src=\"https:\/\/fcspartaktrnava.com\/wp-content\/uploads\/2025\/07\/IMG_20250725_095932-1024x766.jpg\" alt=\"\" class=\"wp-image-30171\" srcset=\"https:\/\/fcspartaktrnava.com\/wp-content\/uploads\/2025\/07\/IMG_20250725_095932-1024x766.jpg 1024w, https:\/\/fcspartaktrnava.com\/wp-content\/uploads\/2025\/07\/IMG_20250725_095932-300x224.jpg 300w, https:\/\/fcspartaktrnava.com\/wp-content\/uploads\/2025\/07\/IMG_20250725_095932-768x575.jpg 768w, https:\/\/fcspartaktrnava.com\/wp-content\/uploads\/2025\/07\/IMG_20250725_095932-1536x1149.jpg 1536w, https:\/\/fcspartaktrnava.com\/wp-content\/uploads\/2025\/07\/IMG_20250725_095932-2048x1532.jpg 2048w, https:\/\/fcspartaktrnava.com\/wp-content\/uploads\/2025\/07\/IMG_20250725_095932-16x12.jpg 16w\" sizes=\"auto, (max-width: 1024px) 100vw, 1024px\" \/><\/figure>\n<\/figure>\n\n\n\n<hr class=\"wp-block-separator has-text-color has-vivid-red-color has-alpha-channel-opacity has-vivid-red-background-color has-background is-style-dots\"\/>\n\n\n\n<p class=\"has-text-align-center has-medium-font-size\">Viacer\u00ed z&nbsp;tradi\u010dn\u00fdch darcov boli vo \u0161tvrtok na Malte, kde ako bolo po\u010du\u0165 v&nbsp;telev\u00edznom prenose hlasno povzbudzovali pri v\u00ed\u0165aznom z\u00e1pase 2. predkola Konferen\u010dnej ligy UEFA s&nbsp;Hibernians FC. Darova\u0165 teda nestihli, ale vo \u0161tvrtok bud\u00fa u\u017e hna\u0165 Spartak k&nbsp;postupu \u010falej na dom\u00e1com \u0161tadi\u00f3ne. Ob\u010dianske zdru\u017eenie B\u00edli Andeli, ako ofici\u00e1lny fanklub Spartaka, poz\u00fdva na \u010fal\u0161ie darovanie aj t\u00fdch, \u010do e\u0161te neboli. <a>Pl\u00e1novan\u00e9 je na 24. okt\u00f3bra priamo na \u0160tadi\u00f3ne Antona Malatinsk\u00e9ho<\/a>.<\/p>\n\n\n\n<p class=\"has-text-align-center has-medium-font-size\"><strong>Ve\u013ek\u00e1 v\u010faka v\u0161etk\u00fdm, ktor\u00ed pustili \u017eilou pre dobr\u00fa vec a pomohli k z\u00e1chrane \u010do i len jedn\u00e9ho \u013eudsk\u00e9ho \u017eivota.<\/strong><\/p>\n\n\n\n<p><\/p>","protected":false},"excerpt":{"rendered":"<p>Po osemn\u00e1stich rokoch takmer na de\u0148 odovzd\u00e1vali do&#8230;<\/p>","protected":false},"author":5,"featured_media":30091,"comment_status":"closed","ping_status":"closed","sticky":false,"template":"","format":"standard","meta":{"footnotes":""},"categories":[29,12],"tags":[],"class_list":["post-30167","post","type-post","status-publish","format-standard","has-post-thumbnail","hentry","category-galerie","category-spravy","post-number-1"],"yoast_head":"<!-- This site is optimized with the Yoast SEO plugin v27.1.1 - https:\/\/yoast.com\/product\/yoast-seo-wordpress\/ -->\n<title>\u010eal\u0161ie spolo\u010dn\u00e9 darovanie krvi fan\u00fa\u0161ikov Trnavy - FC Spartak Trnava<\/title>\n<meta name=\"robots\" content=\"index, follow, max-snippet:-1, max-image-preview:large, max-video-preview:-1\" \/>\n<link rel=\"canonical\" href=\"https:\/\/fcspartaktrnava.com\/en\/dalsie-spolocne-darovanie-krvi-fanusikov-trnavy\/\" \/>\n<meta name=\"twitter:label1\" content=\"Written by\" \/>\n\t<meta name=\"twitter:data1\" content=\"Samuel \u010eurinsk\u00fd\" \/>\n\t<meta name=\"twitter:label2\" content=\"Estimated reading time\" \/>\n\t<meta name=\"twitter:data2\" content=\"5 minutes\" \/>\n<script type=\"application\/ld+json\" class=\"yoast-schema-graph\">{\"@context\":\"https:\/\/schema.org\",\"@graph\":[{\"@type\":\"Article\",\"@id\":\"https:\/\/fcspartaktrnava.com\/dalsie-spolocne-darovanie-krvi-fanusikov-trnavy\/#article\",\"isPartOf\":{\"@id\":\"https:\/\/fcspartaktrnava.com\/dalsie-spolocne-darovanie-krvi-fanusikov-trnavy\/\"},\"author\":{\"name\":\"Samuel \u010eurinsk\u00fd\",\"@id\":\"https:\/\/fcspartaktrnava.com\/#\/schema\/person\/62c3c2562c3c56e4c0c8c2342c596ac0\"},\"headline\":\"\u010eal\u0161ie spolo\u010dn\u00e9 darovanie krvi fan\u00fa\u0161ikov Trnavy\",\"datePublished\":\"2025-07-28T12:35:30+00:00\",\"dateModified\":\"2025-07-28T12:47:08+00:00\",\"mainEntityOfPage\":{\"@id\":\"https:\/\/fcspartaktrnava.com\/dalsie-spolocne-darovanie-krvi-fanusikov-trnavy\/\"},\"wordCount\":546,\"publisher\":{\"@id\":\"https:\/\/fcspartaktrnava.com\/#organization\"},\"image\":{\"@id\":\"https:\/\/fcspartaktrnava.com\/dalsie-spolocne-darovanie-krvi-fanusikov-trnavy\/#primaryimage\"},\"thumbnailUrl\":\"https:\/\/fcspartaktrnava.com\/wp-content\/uploads\/2025\/07\/170-e1753706303658.jpg\",\"articleSection\":[\"Gal\u00e9rie\",\"Spr\u00e1vy\"],\"inLanguage\":\"en-GB\"},{\"@type\":\"WebPage\",\"@id\":\"https:\/\/fcspartaktrnava.com\/dalsie-spolocne-darovanie-krvi-fanusikov-trnavy\/\",\"url\":\"https:\/\/fcspartaktrnava.com\/dalsie-spolocne-darovanie-krvi-fanusikov-trnavy\/\",\"name\":\"\u010eal\u0161ie spolo\u010dn\u00e9 darovanie krvi fan\u00fa\u0161ikov Trnavy - FC Spartak Trnava\",\"isPartOf\":{\"@id\":\"https:\/\/fcspartaktrnava.com\/#website\"},\"primaryImageOfPage\":{\"@id\":\"https:\/\/fcspartaktrnava.com\/dalsie-spolocne-darovanie-krvi-fanusikov-trnavy\/#primaryimage\"},\"image\":{\"@id\":\"https:\/\/fcspartaktrnava.com\/dalsie-spolocne-darovanie-krvi-fanusikov-trnavy\/#primaryimage\"},\"thumbnailUrl\":\"https:\/\/fcspartaktrnava.com\/wp-content\/uploads\/2025\/07\/170-e1753706303658.jpg\",\"datePublished\":\"2025-07-28T12:35:30+00:00\",\"dateModified\":\"2025-07-28T12:47:08+00:00\",\"breadcrumb\":{\"@id\":\"https:\/\/fcspartaktrnava.com\/dalsie-spolocne-darovanie-krvi-fanusikov-trnavy\/#breadcrumb\"},\"inLanguage\":\"en-GB\",\"potentialAction\":[{\"@type\":\"ReadAction\",\"target\":[\"https:\/\/fcspartaktrnava.com\/dalsie-spolocne-darovanie-krvi-fanusikov-trnavy\/\"]}]},{\"@type\":\"ImageObject\",\"inLanguage\":\"en-GB\",\"@id\":\"https:\/\/fcspartaktrnava.com\/dalsie-spolocne-darovanie-krvi-fanusikov-trnavy\/#primaryimage\",\"url\":\"https:\/\/fcspartaktrnava.com\/wp-content\/uploads\/2025\/07\/170-e1753706303658.jpg\",\"contentUrl\":\"https:\/\/fcspartaktrnava.com\/wp-content\/uploads\/2025\/07\/170-e1753706303658.jpg\",\"width\":1442,\"height\":757},{\"@type\":\"BreadcrumbList\",\"@id\":\"https:\/\/fcspartaktrnava.com\/dalsie-spolocne-darovanie-krvi-fanusikov-trnavy\/#breadcrumb\",\"itemListElement\":[{\"@type\":\"ListItem\",\"position\":1,\"name\":\"Home\",\"item\":\"https:\/\/fcspartaktrnava.com\/\"},{\"@type\":\"ListItem\",\"position\":2,\"name\":\"\u010eal\u0161ie spolo\u010dn\u00e9 darovanie krvi fan\u00fa\u0161ikov Trnavy\"}]},{\"@type\":\"WebSite\",\"@id\":\"https:\/\/fcspartaktrnava.com\/#website\",\"url\":\"https:\/\/fcspartaktrnava.com\/\",\"name\":\"FC Spartak Trnava\",\"description\":\"ofici\u00e1lna webstr\u00e1nka futbalov\u00e9ho klubu\",\"publisher\":{\"@id\":\"https:\/\/fcspartaktrnava.com\/#organization\"},\"potentialAction\":[{\"@type\":\"SearchAction\",\"target\":{\"@type\":\"EntryPoint\",\"urlTemplate\":\"https:\/\/fcspartaktrnava.com\/?s={search_term_string}\"},\"query-input\":{\"@type\":\"PropertyValueSpecification\",\"valueRequired\":true,\"valueName\":\"search_term_string\"}}],\"inLanguage\":\"en-GB\"},{\"@type\":\"Organization\",\"@id\":\"https:\/\/fcspartaktrnava.com\/#organization\",\"name\":\"FC Spartak Trnava\",\"alternateName\":\"Spartak\",\"url\":\"https:\/\/fcspartaktrnava.com\/\",\"logo\":{\"@type\":\"ImageObject\",\"inLanguage\":\"en-GB\",\"@id\":\"https:\/\/fcspartaktrnava.com\/#\/schema\/logo\/image\/\",\"url\":\"https:\/\/fcspartaktrnava.com\/wp-content\/uploads\/2022\/08\/cropped-site_logo.png\",\"contentUrl\":\"https:\/\/fcspartaktrnava.com\/wp-content\/uploads\/2022\/08\/cropped-site_logo.png\",\"width\":140,\"height\":140,\"caption\":\"FC Spartak Trnava\"},\"image\":{\"@id\":\"https:\/\/fcspartaktrnava.com\/#\/schema\/logo\/image\/\"},\"sameAs\":[\"https:\/\/www.facebook.com\/SpartakTrnava\",\"https:\/\/x.com\/SpartakTrnava1\",\"https:\/\/www.instagram.com\/spartak_sk\/\"]},{\"@type\":\"Person\",\"@id\":\"https:\/\/fcspartaktrnava.com\/#\/schema\/person\/62c3c2562c3c56e4c0c8c2342c596ac0\",\"name\":\"Samuel \u010eurinsk\u00fd\",\"image\":{\"@type\":\"ImageObject\",\"inLanguage\":\"en-GB\",\"@id\":\"https:\/\/fcspartaktrnava.com\/#\/schema\/person\/image\/\",\"url\":\"https:\/\/secure.gravatar.com\/avatar\/af2fa02af92418b86ed742470664fe40056833fb68d84becf03f6ab02319257c?s=96&d=mm&r=g\",\"contentUrl\":\"https:\/\/secure.gravatar.com\/avatar\/af2fa02af92418b86ed742470664fe40056833fb68d84becf03f6ab02319257c?s=96&d=mm&r=g\",\"caption\":\"Samuel \u010eurinsk\u00fd\"},\"url\":\"https:\/\/fcspartaktrnava.com\/en\/author\/fcst-samuel\/\"}]}<\/script>\n<!-- \/ Yoast SEO plugin. -->","yoast_head_json":{"title":"\u010eal\u0161ie spolo\u010dn\u00e9 darovanie krvi fan\u00fa\u0161ikov Trnavy - FC Spartak Trnava","robots":{"index":"index","follow":"follow","max-snippet":"max-snippet:-1","max-image-preview":"max-image-preview:large","max-video-preview":"max-video-preview:-1"},"canonical":"https:\/\/fcspartaktrnava.com\/en\/dalsie-spolocne-darovanie-krvi-fanusikov-trnavy\/","twitter_misc":{"Written by":"Samuel \u010eurinsk\u00fd","Estimated reading time":"5 minutes"},"schema":{"@context":"https:\/\/schema.org","@graph":[{"@type":"Article","@id":"https:\/\/fcspartaktrnava.com\/dalsie-spolocne-darovanie-krvi-fanusikov-trnavy\/#article","isPartOf":{"@id":"https:\/\/fcspartaktrnava.com\/dalsie-spolocne-darovanie-krvi-fanusikov-trnavy\/"},"author":{"name":"Samuel \u010eurinsk\u00fd","@id":"https:\/\/fcspartaktrnava.com\/#\/schema\/person\/62c3c2562c3c56e4c0c8c2342c596ac0"},"headline":"\u010eal\u0161ie spolo\u010dn\u00e9 darovanie krvi fan\u00fa\u0161ikov Trnavy","datePublished":"2025-07-28T12:35:30+00:00","dateModified":"2025-07-28T12:47:08+00:00","mainEntityOfPage":{"@id":"https:\/\/fcspartaktrnava.com\/dalsie-spolocne-darovanie-krvi-fanusikov-trnavy\/"},"wordCount":546,"publisher":{"@id":"https:\/\/fcspartaktrnava.com\/#organization"},"image":{"@id":"https:\/\/fcspartaktrnava.com\/dalsie-spolocne-darovanie-krvi-fanusikov-trnavy\/#primaryimage"},"thumbnailUrl":"https:\/\/fcspartaktrnava.com\/wp-content\/uploads\/2025\/07\/170-e1753706303658.jpg","articleSection":["Gal\u00e9rie","Spr\u00e1vy"],"inLanguage":"en-GB"},{"@type":"WebPage","@id":"https:\/\/fcspartaktrnava.com\/dalsie-spolocne-darovanie-krvi-fanusikov-trnavy\/","url":"https:\/\/fcspartaktrnava.com\/dalsie-spolocne-darovanie-krvi-fanusikov-trnavy\/","name":"\u010eal\u0161ie spolo\u010dn\u00e9 darovanie krvi fan\u00fa\u0161ikov Trnavy - FC Spartak Trnava","isPartOf":{"@id":"https:\/\/fcspartaktrnava.com\/#website"},"primaryImageOfPage":{"@id":"https:\/\/fcspartaktrnava.com\/dalsie-spolocne-darovanie-krvi-fanusikov-trnavy\/#primaryimage"},"image":{"@id":"https:\/\/fcspartaktrnava.com\/dalsie-spolocne-darovanie-krvi-fanusikov-trnavy\/#primaryimage"},"thumbnailUrl":"https:\/\/fcspartaktrnava.com\/wp-content\/uploads\/2025\/07\/170-e1753706303658.jpg","datePublished":"2025-07-28T12:35:30+00:00","dateModified":"2025-07-28T12:47:08+00:00","breadcrumb":{"@id":"https:\/\/fcspartaktrnava.com\/dalsie-spolocne-darovanie-krvi-fanusikov-trnavy\/#breadcrumb"},"inLanguage":"en-GB","potentialAction":[{"@type":"ReadAction","target":["https:\/\/fcspartaktrnava.com\/dalsie-spolocne-darovanie-krvi-fanusikov-trnavy\/"]}]},{"@type":"ImageObject","inLanguage":"en-GB","@id":"https:\/\/fcspartaktrnava.com\/dalsie-spolocne-darovanie-krvi-fanusikov-trnavy\/#primaryimage","url":"https:\/\/fcspartaktrnava.com\/wp-content\/uploads\/2025\/07\/170-e1753706303658.jpg","contentUrl":"https:\/\/fcspartaktrnava.com\/wp-content\/uploads\/2025\/07\/170-e1753706303658.jpg","width":1442,"height":757},{"@type":"BreadcrumbList","@id":"https:\/\/fcspartaktrnava.com\/dalsie-spolocne-darovanie-krvi-fanusikov-trnavy\/#breadcrumb","itemListElement":[{"@type":"ListItem","position":1,"name":"Home","item":"https:\/\/fcspartaktrnava.com\/"},{"@type":"ListItem","position":2,"name":"\u010eal\u0161ie spolo\u010dn\u00e9 darovanie krvi fan\u00fa\u0161ikov Trnavy"}]},{"@type":"WebSite","@id":"https:\/\/fcspartaktrnava.com\/#website","url":"https:\/\/fcspartaktrnava.com\/","name":"FC Spartak Trnava","description":"ofici\u00e1lna webstr\u00e1nka futbalov\u00e9ho klubu","publisher":{"@id":"https:\/\/fcspartaktrnava.com\/#organization"},"potentialAction":[{"@type":"SearchAction","target":{"@type":"EntryPoint","urlTemplate":"https:\/\/fcspartaktrnava.com\/?s={search_term_string}"},"query-input":{"@type":"PropertyValueSpecification","valueRequired":true,"valueName":"search_term_string"}}],"inLanguage":"en-GB"},{"@type":"Organization","@id":"https:\/\/fcspartaktrnava.com\/#organization","name":"FC Spartak Trnava","alternateName":"Spartak","url":"https:\/\/fcspartaktrnava.com\/","logo":{"@type":"ImageObject","inLanguage":"en-GB","@id":"https:\/\/fcspartaktrnava.com\/#\/schema\/logo\/image\/","url":"https:\/\/fcspartaktrnava.com\/wp-content\/uploads\/2022\/08\/cropped-site_logo.png","contentUrl":"https:\/\/fcspartaktrnava.com\/wp-content\/uploads\/2022\/08\/cropped-site_logo.png","width":140,"height":140,"caption":"FC Spartak Trnava"},"image":{"@id":"https:\/\/fcspartaktrnava.com\/#\/schema\/logo\/image\/"},"sameAs":["https:\/\/www.facebook.com\/SpartakTrnava","https:\/\/x.com\/SpartakTrnava1","https:\/\/www.instagram.com\/spartak_sk\/"]},{"@type":"Person","@id":"https:\/\/fcspartaktrnava.com\/#\/schema\/person\/62c3c2562c3c56e4c0c8c2342c596ac0","name":"Samuel \u010eurinsk\u00fd","image":{"@type":"ImageObject","inLanguage":"en-GB","@id":"https:\/\/fcspartaktrnava.com\/#\/schema\/person\/image\/","url":"https:\/\/secure.gravatar.com\/avatar\/af2fa02af92418b86ed742470664fe40056833fb68d84becf03f6ab02319257c?s=96&d=mm&r=g","contentUrl":"https:\/\/secure.gravatar.com\/avatar\/af2fa02af92418b86ed742470664fe40056833fb68d84becf03f6ab02319257c?s=96&d=mm&r=g","caption":"Samuel \u010eurinsk\u00fd"},"url":"https:\/\/fcspartaktrnava.com\/en\/author\/fcst-samuel\/"}]}},"_links":{"self":[{"href":"https:\/\/fcspartaktrnava.com\/en\/wp-json\/wp\/v2\/posts\/30167","targetHints":{"allow":["GET"]}}],"collection":[{"href":"https:\/\/fcspartaktrnava.com\/en\/wp-json\/wp\/v2\/posts"}],"about":[{"href":"https:\/\/fcspartaktrnava.com\/en\/wp-json\/wp\/v2\/types\/post"}],"author":[{"embeddable":true,"href":"https:\/\/fcspartaktrnava.com\/en\/wp-json\/wp\/v2\/users\/5"}],"replies":[{"embeddable":true,"href":"https:\/\/fcspartaktrnava.com\/en\/wp-json\/wp\/v2\/comments?post=30167"}],"version-history":[{"count":0,"href":"https:\/\/fcspartaktrnava.com\/en\/wp-json\/wp\/v2\/posts\/30167\/revisions"}],"wp:featuredmedia":[{"embeddable":true,"href":"https:\/\/fcspartaktrnava.com\/en\/wp-json\/wp\/v2\/media\/30091"}],"wp:attachment":[{"href":"https:\/\/fcspartaktrnava.com\/en\/wp-json\/wp\/v2\/media?parent=30167"}],"wp:term":[{"taxonomy":"category","embeddable":true,"href":"https:\/\/fcspartaktrnava.com\/en\/wp-json\/wp\/v2\/categories?post=30167"},{"taxonomy":"post_tag","embeddable":true,"href":"https:\/\/fcspartaktrnava.com\/en\/wp-json\/wp\/v2\/tags?post=30167"}],"curies":[{"name":"wp","href":"https:\/\/api.w.org\/{rel}","templated":true}]}}