{"id":29264,"date":"2025-07-23T22:16:18","date_gmt":"2025-07-23T20:16:18","guid":{"rendered":"https:\/\/fcspartaktrnava.com\/?p=29264"},"modified":"2025-07-23T22:20:40","modified_gmt":"2025-07-23T20:20:40","slug":"foto-predzapasovy-trening-spartaka-trnava-na-malte","status":"publish","type":"post","link":"https:\/\/fcspartaktrnava.com\/en\/foto-predzapasovy-trening-spartaka-trnava-na-malte\/","title":{"rendered":"FOTO: Predz\u00e1pasov\u00fd tr\u00e9ning Spartaka Trnava na Malte"},"content":{"rendered":"<p class=\"has-text-align-center has-medium-font-size\">Pozrite si z\u00e1bery z predz\u00e1pasov\u00e9ho tr\u00e9ningu Spartaka Trnava na Malte. A nezabudnite fandi\u0165 \u010derveno-\u010d\u00edrnym farb\u00e1m na eur\u00f3pskej ceste!<\/p>\n\n\n\n<p class=\"has-text-align-center has-medium-font-size\">Kompletn\u00fa gal\u00e9riu z tr\u00e9ningu na Malte n\u00e1jdete nesk\u00f4r na na\u0161om webe v sekcii <strong><a href=\"https:\/\/fcspartaktrnava.com\/en\/galerii\/predzapasovy-trening-na-malte\/\">M\u00e9di\u00e1 &#8211; Gal\u00e9rie.<\/a><\/strong><\/p>\n\n\n\n<figure class=\"wp-block-gallery has-nested-images columns-default is-cropped wp-block-gallery-1 is-layout-flex wp-block-gallery-is-layout-flex\">\n<figure class=\"wp-block-image size-large\"><img loading=\"lazy\" decoding=\"async\" width=\"819\" height=\"1024\" data-id=\"29270\" src=\"https:\/\/fcspartaktrnava.com\/wp-content\/uploads\/2025\/07\/Z622609-819x1024.jpg\" alt=\"\" class=\"wp-image-29270\" srcset=\"https:\/\/fcspartaktrnava.com\/wp-content\/uploads\/2025\/07\/Z622609-819x1024.jpg 819w, https:\/\/fcspartaktrnava.com\/wp-content\/uploads\/2025\/07\/Z622609-240x300.jpg 240w, https:\/\/fcspartaktrnava.com\/wp-content\/uploads\/2025\/07\/Z622609-768x960.jpg 768w, https:\/\/fcspartaktrnava.com\/wp-content\/uploads\/2025\/07\/Z622609-1229x1536.jpg 1229w, https:\/\/fcspartaktrnava.com\/wp-content\/uploads\/2025\/07\/Z622609-1638x2048.jpg 1638w, https:\/\/fcspartaktrnava.com\/wp-content\/uploads\/2025\/07\/Z622609-10x12.jpg 10w, https:\/\/fcspartaktrnava.com\/wp-content\/uploads\/2025\/07\/Z622609-scaled.jpg 2048w\" sizes=\"auto, (max-width: 819px) 100vw, 819px\" \/><\/figure>\n\n\n\n<figure class=\"wp-block-image size-large\"><img loading=\"lazy\" decoding=\"async\" width=\"1024\" height=\"681\" data-id=\"29269\" src=\"https:\/\/fcspartaktrnava.com\/wp-content\/uploads\/2025\/07\/Z622575-1024x681.jpg\" alt=\"\" class=\"wp-image-29269\" srcset=\"https:\/\/fcspartaktrnava.com\/wp-content\/uploads\/2025\/07\/Z622575-1024x681.jpg 1024w, https:\/\/fcspartaktrnava.com\/wp-content\/uploads\/2025\/07\/Z622575-300x200.jpg 300w, https:\/\/fcspartaktrnava.com\/wp-content\/uploads\/2025\/07\/Z622575-768x511.jpg 768w, https:\/\/fcspartaktrnava.com\/wp-content\/uploads\/2025\/07\/Z622575-1536x1022.jpg 1536w, https:\/\/fcspartaktrnava.com\/wp-content\/uploads\/2025\/07\/Z622575-2048x1363.jpg 2048w, https:\/\/fcspartaktrnava.com\/wp-content\/uploads\/2025\/07\/Z622575-18x12.jpg 18w\" sizes=\"auto, (max-width: 1024px) 100vw, 1024px\" \/><\/figure>\n\n\n\n<figure class=\"wp-block-image size-large\"><img loading=\"lazy\" decoding=\"async\" width=\"1024\" height=\"681\" data-id=\"29268\" src=\"https:\/\/fcspartaktrnava.com\/wp-content\/uploads\/2025\/07\/Z622571-1024x681.jpg\" alt=\"\" class=\"wp-image-29268\" srcset=\"https:\/\/fcspartaktrnava.com\/wp-content\/uploads\/2025\/07\/Z622571-1024x681.jpg 1024w, https:\/\/fcspartaktrnava.com\/wp-content\/uploads\/2025\/07\/Z622571-300x200.jpg 300w, https:\/\/fcspartaktrnava.com\/wp-content\/uploads\/2025\/07\/Z622571-768x511.jpg 768w, https:\/\/fcspartaktrnava.com\/wp-content\/uploads\/2025\/07\/Z622571-1536x1022.jpg 1536w, https:\/\/fcspartaktrnava.com\/wp-content\/uploads\/2025\/07\/Z622571-2048x1363.jpg 2048w, https:\/\/fcspartaktrnava.com\/wp-content\/uploads\/2025\/07\/Z622571-18x12.jpg 18w\" sizes=\"auto, (max-width: 1024px) 100vw, 1024px\" \/><\/figure>\n\n\n\n<figure class=\"wp-block-image size-large\"><img loading=\"lazy\" decoding=\"async\" width=\"819\" height=\"1024\" data-id=\"29263\" src=\"https:\/\/fcspartaktrnava.com\/wp-content\/uploads\/2025\/07\/Z622839-819x1024.jpg\" alt=\"\" class=\"wp-image-29263\" srcset=\"https:\/\/fcspartaktrnava.com\/wp-content\/uploads\/2025\/07\/Z622839-819x1024.jpg 819w, https:\/\/fcspartaktrnava.com\/wp-content\/uploads\/2025\/07\/Z622839-240x300.jpg 240w, https:\/\/fcspartaktrnava.com\/wp-content\/uploads\/2025\/07\/Z622839-768x960.jpg 768w, https:\/\/fcspartaktrnava.com\/wp-content\/uploads\/2025\/07\/Z622839-1229x1536.jpg 1229w, https:\/\/fcspartaktrnava.com\/wp-content\/uploads\/2025\/07\/Z622839-1639x2048.jpg 1639w, https:\/\/fcspartaktrnava.com\/wp-content\/uploads\/2025\/07\/Z622839-10x12.jpg 10w, https:\/\/fcspartaktrnava.com\/wp-content\/uploads\/2025\/07\/Z622839-scaled.jpg 2048w\" sizes=\"auto, (max-width: 819px) 100vw, 819px\" \/><\/figure>\n\n\n\n<figure class=\"wp-block-image size-large\"><img loading=\"lazy\" decoding=\"async\" width=\"681\" height=\"1024\" data-id=\"29262\" src=\"https:\/\/fcspartaktrnava.com\/wp-content\/uploads\/2025\/07\/Z622793-681x1024.jpg\" alt=\"\" class=\"wp-image-29262\" srcset=\"https:\/\/fcspartaktrnava.com\/wp-content\/uploads\/2025\/07\/Z622793-681x1024.jpg 681w, https:\/\/fcspartaktrnava.com\/wp-content\/uploads\/2025\/07\/Z622793-200x300.jpg 200w, https:\/\/fcspartaktrnava.com\/wp-content\/uploads\/2025\/07\/Z622793-768x1154.jpg 768w, https:\/\/fcspartaktrnava.com\/wp-content\/uploads\/2025\/07\/Z622793-1022x1536.jpg 1022w, https:\/\/fcspartaktrnava.com\/wp-content\/uploads\/2025\/07\/Z622793-1363x2048.jpg 1363w, https:\/\/fcspartaktrnava.com\/wp-content\/uploads\/2025\/07\/Z622793-8x12.jpg 8w, https:\/\/fcspartaktrnava.com\/wp-content\/uploads\/2025\/07\/Z622793-scaled.jpg 1703w\" sizes=\"auto, (max-width: 681px) 100vw, 681px\" \/><\/figure>\n\n\n\n<figure class=\"wp-block-image size-large\"><img loading=\"lazy\" decoding=\"async\" width=\"819\" height=\"1024\" data-id=\"29261\" src=\"https:\/\/fcspartaktrnava.com\/wp-content\/uploads\/2025\/07\/Z622711-819x1024.jpg\" alt=\"\" class=\"wp-image-29261\" srcset=\"https:\/\/fcspartaktrnava.com\/wp-content\/uploads\/2025\/07\/Z622711-819x1024.jpg 819w, https:\/\/fcspartaktrnava.com\/wp-content\/uploads\/2025\/07\/Z622711-240x300.jpg 240w, https:\/\/fcspartaktrnava.com\/wp-content\/uploads\/2025\/07\/Z622711-768x960.jpg 768w, https:\/\/fcspartaktrnava.com\/wp-content\/uploads\/2025\/07\/Z622711-1229x1536.jpg 1229w, https:\/\/fcspartaktrnava.com\/wp-content\/uploads\/2025\/07\/Z622711-1638x2048.jpg 1638w, https:\/\/fcspartaktrnava.com\/wp-content\/uploads\/2025\/07\/Z622711-10x12.jpg 10w, https:\/\/fcspartaktrnava.com\/wp-content\/uploads\/2025\/07\/Z622711-scaled.jpg 2048w\" sizes=\"auto, (max-width: 819px) 100vw, 819px\" \/><\/figure>\n\n\n\n<figure class=\"wp-block-image size-large\"><img loading=\"lazy\" decoding=\"async\" width=\"1024\" height=\"681\" data-id=\"29252\" src=\"https:\/\/fcspartaktrnava.com\/wp-content\/uploads\/2025\/07\/Z622537-1024x681.jpg\" alt=\"\" class=\"wp-image-29252\" srcset=\"https:\/\/fcspartaktrnava.com\/wp-content\/uploads\/2025\/07\/Z622537-1024x681.jpg 1024w, https:\/\/fcspartaktrnava.com\/wp-content\/uploads\/2025\/07\/Z622537-300x200.jpg 300w, https:\/\/fcspartaktrnava.com\/wp-content\/uploads\/2025\/07\/Z622537-768x511.jpg 768w, https:\/\/fcspartaktrnava.com\/wp-content\/uploads\/2025\/07\/Z622537-1536x1022.jpg 1536w, https:\/\/fcspartaktrnava.com\/wp-content\/uploads\/2025\/07\/Z622537-2048x1363.jpg 2048w, https:\/\/fcspartaktrnava.com\/wp-content\/uploads\/2025\/07\/Z622537-18x12.jpg 18w\" sizes=\"auto, (max-width: 1024px) 100vw, 1024px\" \/><\/figure>\n\n\n\n<figure class=\"wp-block-image size-large\"><img loading=\"lazy\" decoding=\"async\" width=\"1024\" height=\"681\" data-id=\"29253\" src=\"https:\/\/fcspartaktrnava.com\/wp-content\/uploads\/2025\/07\/Z622562-1024x681.jpg\" alt=\"\" class=\"wp-image-29253\" srcset=\"https:\/\/fcspartaktrnava.com\/wp-content\/uploads\/2025\/07\/Z622562-1024x681.jpg 1024w, https:\/\/fcspartaktrnava.com\/wp-content\/uploads\/2025\/07\/Z622562-300x200.jpg 300w, https:\/\/fcspartaktrnava.com\/wp-content\/uploads\/2025\/07\/Z622562-768x511.jpg 768w, https:\/\/fcspartaktrnava.com\/wp-content\/uploads\/2025\/07\/Z622562-1536x1022.jpg 1536w, https:\/\/fcspartaktrnava.com\/wp-content\/uploads\/2025\/07\/Z622562-2048x1363.jpg 2048w, https:\/\/fcspartaktrnava.com\/wp-content\/uploads\/2025\/07\/Z622562-18x12.jpg 18w\" sizes=\"auto, (max-width: 1024px) 100vw, 1024px\" \/><\/figure>\n\n\n\n<figure class=\"wp-block-image size-large\"><img loading=\"lazy\" decoding=\"async\" width=\"819\" height=\"1024\" data-id=\"29259\" src=\"https:\/\/fcspartaktrnava.com\/wp-content\/uploads\/2025\/07\/Z622613-819x1024.jpg\" alt=\"\" class=\"wp-image-29259\" srcset=\"https:\/\/fcspartaktrnava.com\/wp-content\/uploads\/2025\/07\/Z622613-819x1024.jpg 819w, https:\/\/fcspartaktrnava.com\/wp-content\/uploads\/2025\/07\/Z622613-240x300.jpg 240w, https:\/\/fcspartaktrnava.com\/wp-content\/uploads\/2025\/07\/Z622613-768x960.jpg 768w, https:\/\/fcspartaktrnava.com\/wp-content\/uploads\/2025\/07\/Z622613-1229x1536.jpg 1229w, https:\/\/fcspartaktrnava.com\/wp-content\/uploads\/2025\/07\/Z622613-1638x2048.jpg 1638w, https:\/\/fcspartaktrnava.com\/wp-content\/uploads\/2025\/07\/Z622613-10x12.jpg 10w, https:\/\/fcspartaktrnava.com\/wp-content\/uploads\/2025\/07\/Z622613-scaled.jpg 2048w\" sizes=\"auto, (max-width: 819px) 100vw, 819px\" \/><\/figure>\n\n\n\n<figure class=\"wp-block-image size-large\"><img loading=\"lazy\" decoding=\"async\" width=\"819\" height=\"1024\" data-id=\"29258\" src=\"https:\/\/fcspartaktrnava.com\/wp-content\/uploads\/2025\/07\/Z622612-819x1024.jpg\" alt=\"\" class=\"wp-image-29258\" srcset=\"https:\/\/fcspartaktrnava.com\/wp-content\/uploads\/2025\/07\/Z622612-819x1024.jpg 819w, https:\/\/fcspartaktrnava.com\/wp-content\/uploads\/2025\/07\/Z622612-240x300.jpg 240w, https:\/\/fcspartaktrnava.com\/wp-content\/uploads\/2025\/07\/Z622612-768x960.jpg 768w, https:\/\/fcspartaktrnava.com\/wp-content\/uploads\/2025\/07\/Z622612-1229x1536.jpg 1229w, https:\/\/fcspartaktrnava.com\/wp-content\/uploads\/2025\/07\/Z622612-1638x2048.jpg 1638w, https:\/\/fcspartaktrnava.com\/wp-content\/uploads\/2025\/07\/Z622612-10x12.jpg 10w, https:\/\/fcspartaktrnava.com\/wp-content\/uploads\/2025\/07\/Z622612-scaled.jpg 2048w\" sizes=\"auto, (max-width: 819px) 100vw, 819px\" \/><\/figure>\n\n\n\n<figure class=\"wp-block-image size-large\"><img loading=\"lazy\" decoding=\"async\" width=\"1024\" height=\"681\" data-id=\"29257\" src=\"https:\/\/fcspartaktrnava.com\/wp-content\/uploads\/2025\/07\/Z622826-1024x681.jpg\" alt=\"\" class=\"wp-image-29257\" srcset=\"https:\/\/fcspartaktrnava.com\/wp-content\/uploads\/2025\/07\/Z622826-1024x681.jpg 1024w, https:\/\/fcspartaktrnava.com\/wp-content\/uploads\/2025\/07\/Z622826-300x200.jpg 300w, https:\/\/fcspartaktrnava.com\/wp-content\/uploads\/2025\/07\/Z622826-768x511.jpg 768w, https:\/\/fcspartaktrnava.com\/wp-content\/uploads\/2025\/07\/Z622826-1536x1022.jpg 1536w, https:\/\/fcspartaktrnava.com\/wp-content\/uploads\/2025\/07\/Z622826-2048x1363.jpg 2048w, https:\/\/fcspartaktrnava.com\/wp-content\/uploads\/2025\/07\/Z622826-18x12.jpg 18w\" sizes=\"auto, (max-width: 1024px) 100vw, 1024px\" \/><\/figure>\n\n\n\n<figure class=\"wp-block-image size-large\"><img loading=\"lazy\" decoding=\"async\" width=\"819\" height=\"1024\" data-id=\"29256\" src=\"https:\/\/fcspartaktrnava.com\/wp-content\/uploads\/2025\/07\/Z622800-819x1024.jpg\" alt=\"\" class=\"wp-image-29256\" srcset=\"https:\/\/fcspartaktrnava.com\/wp-content\/uploads\/2025\/07\/Z622800-819x1024.jpg 819w, https:\/\/fcspartaktrnava.com\/wp-content\/uploads\/2025\/07\/Z622800-240x300.jpg 240w, https:\/\/fcspartaktrnava.com\/wp-content\/uploads\/2025\/07\/Z622800-768x960.jpg 768w, https:\/\/fcspartaktrnava.com\/wp-content\/uploads\/2025\/07\/Z622800-1229x1536.jpg 1229w, https:\/\/fcspartaktrnava.com\/wp-content\/uploads\/2025\/07\/Z622800-1638x2048.jpg 1638w, https:\/\/fcspartaktrnava.com\/wp-content\/uploads\/2025\/07\/Z622800-10x12.jpg 10w, https:\/\/fcspartaktrnava.com\/wp-content\/uploads\/2025\/07\/Z622800-scaled.jpg 2048w\" sizes=\"auto, (max-width: 819px) 100vw, 819px\" \/><\/figure>\n\n\n\n<figure class=\"wp-block-image size-large\"><img loading=\"lazy\" decoding=\"async\" width=\"1024\" height=\"681\" data-id=\"29255\" src=\"https:\/\/fcspartaktrnava.com\/wp-content\/uploads\/2025\/07\/Z622701-1024x681.jpg\" alt=\"\" class=\"wp-image-29255\" srcset=\"https:\/\/fcspartaktrnava.com\/wp-content\/uploads\/2025\/07\/Z622701-1024x681.jpg 1024w, https:\/\/fcspartaktrnava.com\/wp-content\/uploads\/2025\/07\/Z622701-300x200.jpg 300w, https:\/\/fcspartaktrnava.com\/wp-content\/uploads\/2025\/07\/Z622701-768x511.jpg 768w, https:\/\/fcspartaktrnava.com\/wp-content\/uploads\/2025\/07\/Z622701-1536x1022.jpg 1536w, https:\/\/fcspartaktrnava.com\/wp-content\/uploads\/2025\/07\/Z622701-2048x1363.jpg 2048w, https:\/\/fcspartaktrnava.com\/wp-content\/uploads\/2025\/07\/Z622701-18x12.jpg 18w\" sizes=\"auto, (max-width: 1024px) 100vw, 1024px\" \/><\/figure>\n\n\n\n<figure class=\"wp-block-image size-large\"><img loading=\"lazy\" decoding=\"async\" width=\"1024\" height=\"681\" data-id=\"29254\" src=\"https:\/\/fcspartaktrnava.com\/wp-content\/uploads\/2025\/07\/Z622691-1024x681.jpg\" alt=\"\" class=\"wp-image-29254\" srcset=\"https:\/\/fcspartaktrnava.com\/wp-content\/uploads\/2025\/07\/Z622691-1024x681.jpg 1024w, https:\/\/fcspartaktrnava.com\/wp-content\/uploads\/2025\/07\/Z622691-300x200.jpg 300w, https:\/\/fcspartaktrnava.com\/wp-content\/uploads\/2025\/07\/Z622691-768x511.jpg 768w, https:\/\/fcspartaktrnava.com\/wp-content\/uploads\/2025\/07\/Z622691-1536x1022.jpg 1536w, https:\/\/fcspartaktrnava.com\/wp-content\/uploads\/2025\/07\/Z622691-2048x1363.jpg 2048w, https:\/\/fcspartaktrnava.com\/wp-content\/uploads\/2025\/07\/Z622691-18x12.jpg 18w\" sizes=\"auto, (max-width: 1024px) 100vw, 1024px\" \/><\/figure>\n\n\n\n<figure class=\"wp-block-image size-large\"><img loading=\"lazy\" decoding=\"async\" width=\"681\" height=\"1024\" data-id=\"29244\" src=\"https:\/\/fcspartaktrnava.com\/wp-content\/uploads\/2025\/07\/Z622795-681x1024.jpg\" alt=\"\" class=\"wp-image-29244\" srcset=\"https:\/\/fcspartaktrnava.com\/wp-content\/uploads\/2025\/07\/Z622795-681x1024.jpg 681w, https:\/\/fcspartaktrnava.com\/wp-content\/uploads\/2025\/07\/Z622795-200x300.jpg 200w, https:\/\/fcspartaktrnava.com\/wp-content\/uploads\/2025\/07\/Z622795-768x1154.jpg 768w, https:\/\/fcspartaktrnava.com\/wp-content\/uploads\/2025\/07\/Z622795-1022x1536.jpg 1022w, https:\/\/fcspartaktrnava.com\/wp-content\/uploads\/2025\/07\/Z622795-1363x2048.jpg 1363w, https:\/\/fcspartaktrnava.com\/wp-content\/uploads\/2025\/07\/Z622795-8x12.jpg 8w, https:\/\/fcspartaktrnava.com\/wp-content\/uploads\/2025\/07\/Z622795-scaled.jpg 1703w\" sizes=\"auto, (max-width: 681px) 100vw, 681px\" \/><\/figure>\n\n\n\n<figure class=\"wp-block-image size-large\"><img loading=\"lazy\" decoding=\"async\" width=\"819\" height=\"1024\" data-id=\"29243\" src=\"https:\/\/fcspartaktrnava.com\/wp-content\/uploads\/2025\/07\/Z622696-819x1024.jpg\" alt=\"\" class=\"wp-image-29243\" srcset=\"https:\/\/fcspartaktrnava.com\/wp-content\/uploads\/2025\/07\/Z622696-819x1024.jpg 819w, https:\/\/fcspartaktrnava.com\/wp-content\/uploads\/2025\/07\/Z622696-240x300.jpg 240w, https:\/\/fcspartaktrnava.com\/wp-content\/uploads\/2025\/07\/Z622696-768x960.jpg 768w, https:\/\/fcspartaktrnava.com\/wp-content\/uploads\/2025\/07\/Z622696-1229x1536.jpg 1229w, https:\/\/fcspartaktrnava.com\/wp-content\/uploads\/2025\/07\/Z622696-1638x2048.jpg 1638w, https:\/\/fcspartaktrnava.com\/wp-content\/uploads\/2025\/07\/Z622696-10x12.jpg 10w, https:\/\/fcspartaktrnava.com\/wp-content\/uploads\/2025\/07\/Z622696-scaled.jpg 2048w\" sizes=\"auto, (max-width: 819px) 100vw, 819px\" \/><\/figure>\n\n\n\n<figure class=\"wp-block-image size-large\"><img loading=\"lazy\" decoding=\"async\" width=\"819\" height=\"1024\" data-id=\"29246\" src=\"https:\/\/fcspartaktrnava.com\/wp-content\/uploads\/2025\/07\/Z622631-819x1024.jpg\" alt=\"\" class=\"wp-image-29246\" srcset=\"https:\/\/fcspartaktrnava.com\/wp-content\/uploads\/2025\/07\/Z622631-819x1024.jpg 819w, https:\/\/fcspartaktrnava.com\/wp-content\/uploads\/2025\/07\/Z622631-240x300.jpg 240w, https:\/\/fcspartaktrnava.com\/wp-content\/uploads\/2025\/07\/Z622631-768x960.jpg 768w, https:\/\/fcspartaktrnava.com\/wp-content\/uploads\/2025\/07\/Z622631-1229x1536.jpg 1229w, https:\/\/fcspartaktrnava.com\/wp-content\/uploads\/2025\/07\/Z622631-1638x2048.jpg 1638w, https:\/\/fcspartaktrnava.com\/wp-content\/uploads\/2025\/07\/Z622631-10x12.jpg 10w, https:\/\/fcspartaktrnava.com\/wp-content\/uploads\/2025\/07\/Z622631-scaled.jpg 2048w\" sizes=\"auto, (max-width: 819px) 100vw, 819px\" \/><\/figure>\n\n\n\n<figure class=\"wp-block-image size-large\"><img loading=\"lazy\" decoding=\"async\" width=\"1024\" height=\"681\" data-id=\"29247\" src=\"https:\/\/fcspartaktrnava.com\/wp-content\/uploads\/2025\/07\/Z622661-1024x681.jpg\" alt=\"\" class=\"wp-image-29247\" srcset=\"https:\/\/fcspartaktrnava.com\/wp-content\/uploads\/2025\/07\/Z622661-1024x681.jpg 1024w, https:\/\/fcspartaktrnava.com\/wp-content\/uploads\/2025\/07\/Z622661-300x200.jpg 300w, https:\/\/fcspartaktrnava.com\/wp-content\/uploads\/2025\/07\/Z622661-768x511.jpg 768w, https:\/\/fcspartaktrnava.com\/wp-content\/uploads\/2025\/07\/Z622661-1536x1022.jpg 1536w, https:\/\/fcspartaktrnava.com\/wp-content\/uploads\/2025\/07\/Z622661-2048x1363.jpg 2048w, https:\/\/fcspartaktrnava.com\/wp-content\/uploads\/2025\/07\/Z622661-18x12.jpg 18w\" sizes=\"auto, (max-width: 1024px) 100vw, 1024px\" \/><\/figure>\n\n\n\n<figure class=\"wp-block-image size-large\"><img loading=\"lazy\" decoding=\"async\" width=\"1024\" height=\"681\" data-id=\"29248\" src=\"https:\/\/fcspartaktrnava.com\/wp-content\/uploads\/2025\/07\/Z622754-1024x681.jpg\" alt=\"\" class=\"wp-image-29248\" srcset=\"https:\/\/fcspartaktrnava.com\/wp-content\/uploads\/2025\/07\/Z622754-1024x681.jpg 1024w, https:\/\/fcspartaktrnava.com\/wp-content\/uploads\/2025\/07\/Z622754-300x200.jpg 300w, https:\/\/fcspartaktrnava.com\/wp-content\/uploads\/2025\/07\/Z622754-768x511.jpg 768w, https:\/\/fcspartaktrnava.com\/wp-content\/uploads\/2025\/07\/Z622754-1536x1022.jpg 1536w, https:\/\/fcspartaktrnava.com\/wp-content\/uploads\/2025\/07\/Z622754-2048x1363.jpg 2048w, https:\/\/fcspartaktrnava.com\/wp-content\/uploads\/2025\/07\/Z622754-18x12.jpg 18w\" sizes=\"auto, (max-width: 1024px) 100vw, 1024px\" \/><\/figure>\n\n\n\n<figure class=\"wp-block-image size-large\"><img loading=\"lazy\" decoding=\"async\" width=\"819\" height=\"1024\" data-id=\"29249\" src=\"https:\/\/fcspartaktrnava.com\/wp-content\/uploads\/2025\/07\/Z622922-819x1024.jpg\" alt=\"\" class=\"wp-image-29249\" srcset=\"https:\/\/fcspartaktrnava.com\/wp-content\/uploads\/2025\/07\/Z622922-819x1024.jpg 819w, https:\/\/fcspartaktrnava.com\/wp-content\/uploads\/2025\/07\/Z622922-240x300.jpg 240w, https:\/\/fcspartaktrnava.com\/wp-content\/uploads\/2025\/07\/Z622922-768x960.jpg 768w, https:\/\/fcspartaktrnava.com\/wp-content\/uploads\/2025\/07\/Z622922-1229x1536.jpg 1229w, https:\/\/fcspartaktrnava.com\/wp-content\/uploads\/2025\/07\/Z622922-1638x2048.jpg 1638w, https:\/\/fcspartaktrnava.com\/wp-content\/uploads\/2025\/07\/Z622922-10x12.jpg 10w, https:\/\/fcspartaktrnava.com\/wp-content\/uploads\/2025\/07\/Z622922-scaled.jpg 2048w\" sizes=\"auto, (max-width: 819px) 100vw, 819px\" \/><\/figure>\n\n\n\n<figure class=\"wp-block-image size-large\"><img loading=\"lazy\" decoding=\"async\" width=\"1024\" height=\"681\" data-id=\"29250\" src=\"https:\/\/fcspartaktrnava.com\/wp-content\/uploads\/2025\/07\/Z622986-1024x681.jpg\" alt=\"\" class=\"wp-image-29250\" srcset=\"https:\/\/fcspartaktrnava.com\/wp-content\/uploads\/2025\/07\/Z622986-1024x681.jpg 1024w, https:\/\/fcspartaktrnava.com\/wp-content\/uploads\/2025\/07\/Z622986-300x200.jpg 300w, https:\/\/fcspartaktrnava.com\/wp-content\/uploads\/2025\/07\/Z622986-768x511.jpg 768w, https:\/\/fcspartaktrnava.com\/wp-content\/uploads\/2025\/07\/Z622986-1536x1022.jpg 1536w, https:\/\/fcspartaktrnava.com\/wp-content\/uploads\/2025\/07\/Z622986-2048x1363.jpg 2048w, https:\/\/fcspartaktrnava.com\/wp-content\/uploads\/2025\/07\/Z622986-18x12.jpg 18w\" sizes=\"auto, (max-width: 1024px) 100vw, 1024px\" \/><\/figure>\n\n\n\n<figure class=\"wp-block-image size-large\"><img loading=\"lazy\" decoding=\"async\" width=\"681\" height=\"1024\" data-id=\"29251\" src=\"https:\/\/fcspartaktrnava.com\/wp-content\/uploads\/2025\/07\/Z623016-681x1024.jpg\" alt=\"\" class=\"wp-image-29251\" srcset=\"https:\/\/fcspartaktrnava.com\/wp-content\/uploads\/2025\/07\/Z623016-681x1024.jpg 681w, https:\/\/fcspartaktrnava.com\/wp-content\/uploads\/2025\/07\/Z623016-200x300.jpg 200w, https:\/\/fcspartaktrnava.com\/wp-content\/uploads\/2025\/07\/Z623016-768x1154.jpg 768w, https:\/\/fcspartaktrnava.com\/wp-content\/uploads\/2025\/07\/Z623016-1022x1536.jpg 1022w, https:\/\/fcspartaktrnava.com\/wp-content\/uploads\/2025\/07\/Z623016-1363x2048.jpg 1363w, https:\/\/fcspartaktrnava.com\/wp-content\/uploads\/2025\/07\/Z623016-8x12.jpg 8w, https:\/\/fcspartaktrnava.com\/wp-content\/uploads\/2025\/07\/Z623016-scaled.jpg 1703w\" sizes=\"auto, (max-width: 681px) 100vw, 681px\" \/><\/figure>\n\n\n\n<figure class=\"wp-block-image size-large\"><img loading=\"lazy\" decoding=\"async\" width=\"1024\" height=\"681\" data-id=\"29260\" src=\"https:\/\/fcspartaktrnava.com\/wp-content\/uploads\/2025\/07\/Z622667-1024x681.jpg\" alt=\"\" class=\"wp-image-29260\" srcset=\"https:\/\/fcspartaktrnava.com\/wp-content\/uploads\/2025\/07\/Z622667-1024x681.jpg 1024w, https:\/\/fcspartaktrnava.com\/wp-content\/uploads\/2025\/07\/Z622667-300x200.jpg 300w, https:\/\/fcspartaktrnava.com\/wp-content\/uploads\/2025\/07\/Z622667-768x511.jpg 768w, https:\/\/fcspartaktrnava.com\/wp-content\/uploads\/2025\/07\/Z622667-1536x1022.jpg 1536w, https:\/\/fcspartaktrnava.com\/wp-content\/uploads\/2025\/07\/Z622667-2048x1362.jpg 2048w, https:\/\/fcspartaktrnava.com\/wp-content\/uploads\/2025\/07\/Z622667-18x12.jpg 18w\" sizes=\"auto, (max-width: 1024px) 100vw, 1024px\" \/><\/figure>\n\n\n\n<figure class=\"wp-block-image size-large\"><img loading=\"lazy\" decoding=\"async\" width=\"1024\" height=\"681\" data-id=\"29242\" src=\"https:\/\/fcspartaktrnava.com\/wp-content\/uploads\/2025\/07\/Z622595-1024x681.jpg\" alt=\"\" class=\"wp-image-29242\" srcset=\"https:\/\/fcspartaktrnava.com\/wp-content\/uploads\/2025\/07\/Z622595-1024x681.jpg 1024w, https:\/\/fcspartaktrnava.com\/wp-content\/uploads\/2025\/07\/Z622595-300x200.jpg 300w, https:\/\/fcspartaktrnava.com\/wp-content\/uploads\/2025\/07\/Z622595-768x511.jpg 768w, https:\/\/fcspartaktrnava.com\/wp-content\/uploads\/2025\/07\/Z622595-1536x1022.jpg 1536w, https:\/\/fcspartaktrnava.com\/wp-content\/uploads\/2025\/07\/Z622595-2048x1363.jpg 2048w, https:\/\/fcspartaktrnava.com\/wp-content\/uploads\/2025\/07\/Z622595-18x12.jpg 18w\" sizes=\"auto, (max-width: 1024px) 100vw, 1024px\" \/><\/figure>\n\n\n\n<figure class=\"wp-block-image size-large\"><img loading=\"lazy\" decoding=\"async\" width=\"1024\" height=\"681\" data-id=\"29241\" src=\"https:\/\/fcspartaktrnava.com\/wp-content\/uploads\/2025\/07\/Z622594-1024x681.jpg\" alt=\"\" class=\"wp-image-29241\" srcset=\"https:\/\/fcspartaktrnava.com\/wp-content\/uploads\/2025\/07\/Z622594-1024x681.jpg 1024w, https:\/\/fcspartaktrnava.com\/wp-content\/uploads\/2025\/07\/Z622594-300x200.jpg 300w, https:\/\/fcspartaktrnava.com\/wp-content\/uploads\/2025\/07\/Z622594-768x511.jpg 768w, https:\/\/fcspartaktrnava.com\/wp-content\/uploads\/2025\/07\/Z622594-1536x1022.jpg 1536w, https:\/\/fcspartaktrnava.com\/wp-content\/uploads\/2025\/07\/Z622594-2048x1363.jpg 2048w, https:\/\/fcspartaktrnava.com\/wp-content\/uploads\/2025\/07\/Z622594-18x12.jpg 18w\" sizes=\"auto, (max-width: 1024px) 100vw, 1024px\" \/><\/figure>\n\n\n\n<figure class=\"wp-block-image size-large\"><img loading=\"lazy\" decoding=\"async\" width=\"1024\" height=\"681\" data-id=\"29240\" src=\"https:\/\/fcspartaktrnava.com\/wp-content\/uploads\/2025\/07\/Z622569-1024x681.jpg\" alt=\"\" class=\"wp-image-29240\" srcset=\"https:\/\/fcspartaktrnava.com\/wp-content\/uploads\/2025\/07\/Z622569-1024x681.jpg 1024w, https:\/\/fcspartaktrnava.com\/wp-content\/uploads\/2025\/07\/Z622569-300x200.jpg 300w, https:\/\/fcspartaktrnava.com\/wp-content\/uploads\/2025\/07\/Z622569-768x511.jpg 768w, https:\/\/fcspartaktrnava.com\/wp-content\/uploads\/2025\/07\/Z622569-1536x1022.jpg 1536w, https:\/\/fcspartaktrnava.com\/wp-content\/uploads\/2025\/07\/Z622569-2048x1363.jpg 2048w, https:\/\/fcspartaktrnava.com\/wp-content\/uploads\/2025\/07\/Z622569-18x12.jpg 18w\" sizes=\"auto, (max-width: 1024px) 100vw, 1024px\" \/><\/figure>\n\n\n\n<figure class=\"wp-block-image size-large\"><img loading=\"lazy\" decoding=\"async\" width=\"1024\" height=\"681\" data-id=\"29239\" src=\"https:\/\/fcspartaktrnava.com\/wp-content\/uploads\/2025\/07\/Z622553-1024x681.jpg\" alt=\"\" class=\"wp-image-29239\" srcset=\"https:\/\/fcspartaktrnava.com\/wp-content\/uploads\/2025\/07\/Z622553-1024x681.jpg 1024w, https:\/\/fcspartaktrnava.com\/wp-content\/uploads\/2025\/07\/Z622553-300x200.jpg 300w, https:\/\/fcspartaktrnava.com\/wp-content\/uploads\/2025\/07\/Z622553-768x511.jpg 768w, https:\/\/fcspartaktrnava.com\/wp-content\/uploads\/2025\/07\/Z622553-1536x1022.jpg 1536w, https:\/\/fcspartaktrnava.com\/wp-content\/uploads\/2025\/07\/Z622553-2048x1363.jpg 2048w, https:\/\/fcspartaktrnava.com\/wp-content\/uploads\/2025\/07\/Z622553-18x12.jpg 18w\" sizes=\"auto, (max-width: 1024px) 100vw, 1024px\" \/><\/figure>\n\n\n\n<figure class=\"wp-block-image size-large\"><img loading=\"lazy\" decoding=\"async\" width=\"819\" height=\"1024\" data-id=\"29238\" src=\"https:\/\/fcspartaktrnava.com\/wp-content\/uploads\/2025\/07\/Z622550-819x1024.jpg\" alt=\"\" class=\"wp-image-29238\" srcset=\"https:\/\/fcspartaktrnava.com\/wp-content\/uploads\/2025\/07\/Z622550-819x1024.jpg 819w, https:\/\/fcspartaktrnava.com\/wp-content\/uploads\/2025\/07\/Z622550-240x300.jpg 240w, https:\/\/fcspartaktrnava.com\/wp-content\/uploads\/2025\/07\/Z622550-768x960.jpg 768w, https:\/\/fcspartaktrnava.com\/wp-content\/uploads\/2025\/07\/Z622550-1229x1536.jpg 1229w, https:\/\/fcspartaktrnava.com\/wp-content\/uploads\/2025\/07\/Z622550-1639x2048.jpg 1639w, https:\/\/fcspartaktrnava.com\/wp-content\/uploads\/2025\/07\/Z622550-10x12.jpg 10w, https:\/\/fcspartaktrnava.com\/wp-content\/uploads\/2025\/07\/Z622550-scaled.jpg 2048w\" sizes=\"auto, (max-width: 819px) 100vw, 819px\" \/><\/figure>\n\n\n\n<figure class=\"wp-block-image size-large\"><img loading=\"lazy\" decoding=\"async\" width=\"819\" height=\"1024\" data-id=\"29237\" src=\"https:\/\/fcspartaktrnava.com\/wp-content\/uploads\/2025\/07\/Z622804-819x1024.jpg\" alt=\"\" class=\"wp-image-29237\" srcset=\"https:\/\/fcspartaktrnava.com\/wp-content\/uploads\/2025\/07\/Z622804-819x1024.jpg 819w, https:\/\/fcspartaktrnava.com\/wp-content\/uploads\/2025\/07\/Z622804-240x300.jpg 240w, https:\/\/fcspartaktrnava.com\/wp-content\/uploads\/2025\/07\/Z622804-768x960.jpg 768w, https:\/\/fcspartaktrnava.com\/wp-content\/uploads\/2025\/07\/Z622804-1229x1536.jpg 1229w, https:\/\/fcspartaktrnava.com\/wp-content\/uploads\/2025\/07\/Z622804-1638x2048.jpg 1638w, https:\/\/fcspartaktrnava.com\/wp-content\/uploads\/2025\/07\/Z622804-10x12.jpg 10w, https:\/\/fcspartaktrnava.com\/wp-content\/uploads\/2025\/07\/Z622804-scaled.jpg 2048w\" sizes=\"auto, (max-width: 819px) 100vw, 819px\" \/><\/figure>\n\n\n\n<figure class=\"wp-block-image size-large\"><img loading=\"lazy\" decoding=\"async\" width=\"1024\" height=\"681\" data-id=\"29235\" src=\"https:\/\/fcspartaktrnava.com\/wp-content\/uploads\/2025\/07\/Z622749-1024x681.jpg\" alt=\"\" class=\"wp-image-29235\" srcset=\"https:\/\/fcspartaktrnava.com\/wp-content\/uploads\/2025\/07\/Z622749-1024x681.jpg 1024w, https:\/\/fcspartaktrnava.com\/wp-content\/uploads\/2025\/07\/Z622749-300x200.jpg 300w, https:\/\/fcspartaktrnava.com\/wp-content\/uploads\/2025\/07\/Z622749-768x511.jpg 768w, https:\/\/fcspartaktrnava.com\/wp-content\/uploads\/2025\/07\/Z622749-1536x1022.jpg 1536w, https:\/\/fcspartaktrnava.com\/wp-content\/uploads\/2025\/07\/Z622749-2048x1363.jpg 2048w, https:\/\/fcspartaktrnava.com\/wp-content\/uploads\/2025\/07\/Z622749-18x12.jpg 18w\" sizes=\"auto, (max-width: 1024px) 100vw, 1024px\" \/><\/figure>\n\n\n\n<figure class=\"wp-block-image size-large\"><img loading=\"lazy\" decoding=\"async\" width=\"819\" height=\"1024\" data-id=\"29234\" src=\"https:\/\/fcspartaktrnava.com\/wp-content\/uploads\/2025\/07\/Z622672-819x1024.jpg\" alt=\"\" class=\"wp-image-29234\" srcset=\"https:\/\/fcspartaktrnava.com\/wp-content\/uploads\/2025\/07\/Z622672-819x1024.jpg 819w, https:\/\/fcspartaktrnava.com\/wp-content\/uploads\/2025\/07\/Z622672-240x300.jpg 240w, https:\/\/fcspartaktrnava.com\/wp-content\/uploads\/2025\/07\/Z622672-768x960.jpg 768w, https:\/\/fcspartaktrnava.com\/wp-content\/uploads\/2025\/07\/Z622672-1229x1536.jpg 1229w, https:\/\/fcspartaktrnava.com\/wp-content\/uploads\/2025\/07\/Z622672-1638x2048.jpg 1638w, https:\/\/fcspartaktrnava.com\/wp-content\/uploads\/2025\/07\/Z622672-10x12.jpg 10w, https:\/\/fcspartaktrnava.com\/wp-content\/uploads\/2025\/07\/Z622672-scaled.jpg 2048w\" sizes=\"auto, (max-width: 819px) 100vw, 819px\" \/><\/figure>\n\n\n\n<figure class=\"wp-block-image size-large\"><img loading=\"lazy\" decoding=\"async\" width=\"819\" height=\"1024\" data-id=\"29233\" src=\"https:\/\/fcspartaktrnava.com\/wp-content\/uploads\/2025\/07\/Z622605-819x1024.jpg\" alt=\"\" class=\"wp-image-29233\" srcset=\"https:\/\/fcspartaktrnava.com\/wp-content\/uploads\/2025\/07\/Z622605-819x1024.jpg 819w, https:\/\/fcspartaktrnava.com\/wp-content\/uploads\/2025\/07\/Z622605-240x300.jpg 240w, https:\/\/fcspartaktrnava.com\/wp-content\/uploads\/2025\/07\/Z622605-768x960.jpg 768w, https:\/\/fcspartaktrnava.com\/wp-content\/uploads\/2025\/07\/Z622605-1229x1536.jpg 1229w, https:\/\/fcspartaktrnava.com\/wp-content\/uploads\/2025\/07\/Z622605-1639x2048.jpg 1639w, https:\/\/fcspartaktrnava.com\/wp-content\/uploads\/2025\/07\/Z622605-10x12.jpg 10w, https:\/\/fcspartaktrnava.com\/wp-content\/uploads\/2025\/07\/Z622605-scaled.jpg 2048w\" sizes=\"auto, (max-width: 819px) 100vw, 819px\" \/><\/figure>\n\n\n\n<figure class=\"wp-block-image size-large\"><img loading=\"lazy\" decoding=\"async\" width=\"1024\" height=\"681\" data-id=\"29232\" src=\"https:\/\/fcspartaktrnava.com\/wp-content\/uploads\/2025\/07\/Z622517-1024x681.jpg\" alt=\"\" class=\"wp-image-29232\" srcset=\"https:\/\/fcspartaktrnava.com\/wp-content\/uploads\/2025\/07\/Z622517-1024x681.jpg 1024w, https:\/\/fcspartaktrnava.com\/wp-content\/uploads\/2025\/07\/Z622517-300x200.jpg 300w, https:\/\/fcspartaktrnava.com\/wp-content\/uploads\/2025\/07\/Z622517-768x511.jpg 768w, https:\/\/fcspartaktrnava.com\/wp-content\/uploads\/2025\/07\/Z622517-1536x1022.jpg 1536w, https:\/\/fcspartaktrnava.com\/wp-content\/uploads\/2025\/07\/Z622517-2048x1363.jpg 2048w, https:\/\/fcspartaktrnava.com\/wp-content\/uploads\/2025\/07\/Z622517-18x12.jpg 18w\" sizes=\"auto, (max-width: 1024px) 100vw, 1024px\" \/><\/figure>\n\n\n\n<figure class=\"wp-block-image size-large\"><img loading=\"lazy\" decoding=\"async\" width=\"1024\" height=\"681\" data-id=\"29231\" src=\"https:\/\/fcspartaktrnava.com\/wp-content\/uploads\/2025\/07\/Z622506-1024x681.jpg\" alt=\"\" class=\"wp-image-29231\" srcset=\"https:\/\/fcspartaktrnava.com\/wp-content\/uploads\/2025\/07\/Z622506-1024x681.jpg 1024w, https:\/\/fcspartaktrnava.com\/wp-content\/uploads\/2025\/07\/Z622506-300x200.jpg 300w, https:\/\/fcspartaktrnava.com\/wp-content\/uploads\/2025\/07\/Z622506-768x511.jpg 768w, https:\/\/fcspartaktrnava.com\/wp-content\/uploads\/2025\/07\/Z622506-1536x1022.jpg 1536w, https:\/\/fcspartaktrnava.com\/wp-content\/uploads\/2025\/07\/Z622506-2048x1363.jpg 2048w, https:\/\/fcspartaktrnava.com\/wp-content\/uploads\/2025\/07\/Z622506-18x12.jpg 18w\" sizes=\"auto, (max-width: 1024px) 100vw, 1024px\" \/><\/figure>\n\n\n\n<figure class=\"wp-block-image size-large\"><img loading=\"lazy\" decoding=\"async\" width=\"681\" height=\"1024\" data-id=\"29230\" src=\"https:\/\/fcspartaktrnava.com\/wp-content\/uploads\/2025\/07\/Z622916-681x1024.jpg\" alt=\"\" class=\"wp-image-29230\" srcset=\"https:\/\/fcspartaktrnava.com\/wp-content\/uploads\/2025\/07\/Z622916-681x1024.jpg 681w, https:\/\/fcspartaktrnava.com\/wp-content\/uploads\/2025\/07\/Z622916-200x300.jpg 200w, https:\/\/fcspartaktrnava.com\/wp-content\/uploads\/2025\/07\/Z622916-768x1154.jpg 768w, https:\/\/fcspartaktrnava.com\/wp-content\/uploads\/2025\/07\/Z622916-1022x1536.jpg 1022w, https:\/\/fcspartaktrnava.com\/wp-content\/uploads\/2025\/07\/Z622916-1363x2048.jpg 1363w, https:\/\/fcspartaktrnava.com\/wp-content\/uploads\/2025\/07\/Z622916-8x12.jpg 8w, https:\/\/fcspartaktrnava.com\/wp-content\/uploads\/2025\/07\/Z622916-scaled.jpg 1703w\" sizes=\"auto, (max-width: 681px) 100vw, 681px\" \/><\/figure>\n\n\n\n<figure class=\"wp-block-image size-large\"><img loading=\"lazy\" decoding=\"async\" width=\"1024\" height=\"681\" data-id=\"29229\" src=\"https:\/\/fcspartaktrnava.com\/wp-content\/uploads\/2025\/07\/Z622853-1024x681.jpg\" alt=\"\" class=\"wp-image-29229\" srcset=\"https:\/\/fcspartaktrnava.com\/wp-content\/uploads\/2025\/07\/Z622853-1024x681.jpg 1024w, https:\/\/fcspartaktrnava.com\/wp-content\/uploads\/2025\/07\/Z622853-300x200.jpg 300w, https:\/\/fcspartaktrnava.com\/wp-content\/uploads\/2025\/07\/Z622853-768x511.jpg 768w, https:\/\/fcspartaktrnava.com\/wp-content\/uploads\/2025\/07\/Z622853-1536x1022.jpg 1536w, https:\/\/fcspartaktrnava.com\/wp-content\/uploads\/2025\/07\/Z622853-2048x1363.jpg 2048w, https:\/\/fcspartaktrnava.com\/wp-content\/uploads\/2025\/07\/Z622853-18x12.jpg 18w\" sizes=\"auto, (max-width: 1024px) 100vw, 1024px\" \/><\/figure>\n\n\n\n<figure class=\"wp-block-image size-large\"><img loading=\"lazy\" decoding=\"async\" width=\"1024\" height=\"681\" data-id=\"29228\" src=\"https:\/\/fcspartaktrnava.com\/wp-content\/uploads\/2025\/07\/Z622572-1024x681.jpg\" alt=\"\" class=\"wp-image-29228\" srcset=\"https:\/\/fcspartaktrnava.com\/wp-content\/uploads\/2025\/07\/Z622572-1024x681.jpg 1024w, https:\/\/fcspartaktrnava.com\/wp-content\/uploads\/2025\/07\/Z622572-300x200.jpg 300w, https:\/\/fcspartaktrnava.com\/wp-content\/uploads\/2025\/07\/Z622572-768x511.jpg 768w, https:\/\/fcspartaktrnava.com\/wp-content\/uploads\/2025\/07\/Z622572-1536x1022.jpg 1536w, https:\/\/fcspartaktrnava.com\/wp-content\/uploads\/2025\/07\/Z622572-2048x1363.jpg 2048w, https:\/\/fcspartaktrnava.com\/wp-content\/uploads\/2025\/07\/Z622572-18x12.jpg 18w\" sizes=\"auto, (max-width: 1024px) 100vw, 1024px\" \/><\/figure>\n\n\n\n<figure class=\"wp-block-image size-large\"><img loading=\"lazy\" decoding=\"async\" width=\"1024\" height=\"681\" data-id=\"29227\" src=\"https:\/\/fcspartaktrnava.com\/wp-content\/uploads\/2025\/07\/Z622570-1024x681.jpg\" alt=\"\" class=\"wp-image-29227\" srcset=\"https:\/\/fcspartaktrnava.com\/wp-content\/uploads\/2025\/07\/Z622570-1024x681.jpg 1024w, https:\/\/fcspartaktrnava.com\/wp-content\/uploads\/2025\/07\/Z622570-300x200.jpg 300w, https:\/\/fcspartaktrnava.com\/wp-content\/uploads\/2025\/07\/Z622570-768x511.jpg 768w, https:\/\/fcspartaktrnava.com\/wp-content\/uploads\/2025\/07\/Z622570-1536x1022.jpg 1536w, https:\/\/fcspartaktrnava.com\/wp-content\/uploads\/2025\/07\/Z622570-2048x1363.jpg 2048w, https:\/\/fcspartaktrnava.com\/wp-content\/uploads\/2025\/07\/Z622570-18x12.jpg 18w\" sizes=\"auto, (max-width: 1024px) 100vw, 1024px\" \/><\/figure>\n\n\n\n<figure class=\"wp-block-image size-large\"><img loading=\"lazy\" decoding=\"async\" width=\"1024\" height=\"681\" data-id=\"29226\" src=\"https:\/\/fcspartaktrnava.com\/wp-content\/uploads\/2025\/07\/Z622501-1-1024x681.jpg\" alt=\"\" class=\"wp-image-29226\" srcset=\"https:\/\/fcspartaktrnava.com\/wp-content\/uploads\/2025\/07\/Z622501-1-1024x681.jpg 1024w, https:\/\/fcspartaktrnava.com\/wp-content\/uploads\/2025\/07\/Z622501-1-300x200.jpg 300w, https:\/\/fcspartaktrnava.com\/wp-content\/uploads\/2025\/07\/Z622501-1-768x511.jpg 768w, https:\/\/fcspartaktrnava.com\/wp-content\/uploads\/2025\/07\/Z622501-1-1536x1022.jpg 1536w, https:\/\/fcspartaktrnava.com\/wp-content\/uploads\/2025\/07\/Z622501-1-2048x1363.jpg 2048w, https:\/\/fcspartaktrnava.com\/wp-content\/uploads\/2025\/07\/Z622501-1-18x12.jpg 18w\" sizes=\"auto, (max-width: 1024px) 100vw, 1024px\" \/><\/figure>\n\n\n\n<figure class=\"wp-block-image size-large\"><img loading=\"lazy\" decoding=\"async\" width=\"681\" height=\"1024\" data-id=\"29223\" src=\"https:\/\/fcspartaktrnava.com\/wp-content\/uploads\/2025\/07\/Z623010-1-681x1024.jpg\" alt=\"\" class=\"wp-image-29223\" srcset=\"https:\/\/fcspartaktrnava.com\/wp-content\/uploads\/2025\/07\/Z623010-1-681x1024.jpg 681w, https:\/\/fcspartaktrnava.com\/wp-content\/uploads\/2025\/07\/Z623010-1-200x300.jpg 200w, https:\/\/fcspartaktrnava.com\/wp-content\/uploads\/2025\/07\/Z623010-1-768x1154.jpg 768w, https:\/\/fcspartaktrnava.com\/wp-content\/uploads\/2025\/07\/Z623010-1-1022x1536.jpg 1022w, https:\/\/fcspartaktrnava.com\/wp-content\/uploads\/2025\/07\/Z623010-1-1363x2048.jpg 1363w, https:\/\/fcspartaktrnava.com\/wp-content\/uploads\/2025\/07\/Z623010-1-8x12.jpg 8w, https:\/\/fcspartaktrnava.com\/wp-content\/uploads\/2025\/07\/Z623010-1-scaled.jpg 1703w\" sizes=\"auto, (max-width: 681px) 100vw, 681px\" \/><\/figure>\n\n\n\n<figure class=\"wp-block-image size-large\"><img loading=\"lazy\" decoding=\"async\" width=\"1024\" height=\"681\" data-id=\"29221\" src=\"https:\/\/fcspartaktrnava.com\/wp-content\/uploads\/2025\/07\/Z622850-1-1024x681.jpg\" alt=\"\" class=\"wp-image-29221\" srcset=\"https:\/\/fcspartaktrnava.com\/wp-content\/uploads\/2025\/07\/Z622850-1-1024x681.jpg 1024w, https:\/\/fcspartaktrnava.com\/wp-content\/uploads\/2025\/07\/Z622850-1-300x200.jpg 300w, https:\/\/fcspartaktrnava.com\/wp-content\/uploads\/2025\/07\/Z622850-1-768x511.jpg 768w, https:\/\/fcspartaktrnava.com\/wp-content\/uploads\/2025\/07\/Z622850-1-1536x1022.jpg 1536w, https:\/\/fcspartaktrnava.com\/wp-content\/uploads\/2025\/07\/Z622850-1-2048x1363.jpg 2048w, https:\/\/fcspartaktrnava.com\/wp-content\/uploads\/2025\/07\/Z622850-1-18x12.jpg 18w\" sizes=\"auto, (max-width: 1024px) 100vw, 1024px\" \/><\/figure>\n\n\n\n<figure class=\"wp-block-image size-large\"><img loading=\"lazy\" decoding=\"async\" width=\"681\" height=\"1024\" data-id=\"29219\" src=\"https:\/\/fcspartaktrnava.com\/wp-content\/uploads\/2025\/07\/Z623013-681x1024.jpg\" alt=\"\" class=\"wp-image-29219\" srcset=\"https:\/\/fcspartaktrnava.com\/wp-content\/uploads\/2025\/07\/Z623013-681x1024.jpg 681w, https:\/\/fcspartaktrnava.com\/wp-content\/uploads\/2025\/07\/Z623013-200x300.jpg 200w, https:\/\/fcspartaktrnava.com\/wp-content\/uploads\/2025\/07\/Z623013-768x1154.jpg 768w, https:\/\/fcspartaktrnava.com\/wp-content\/uploads\/2025\/07\/Z623013-1022x1536.jpg 1022w, https:\/\/fcspartaktrnava.com\/wp-content\/uploads\/2025\/07\/Z623013-1363x2048.jpg 1363w, https:\/\/fcspartaktrnava.com\/wp-content\/uploads\/2025\/07\/Z623013-8x12.jpg 8w, https:\/\/fcspartaktrnava.com\/wp-content\/uploads\/2025\/07\/Z623013-scaled.jpg 1703w\" sizes=\"auto, (max-width: 681px) 100vw, 681px\" \/><\/figure>\n\n\n\n<figure class=\"wp-block-image size-large\"><img loading=\"lazy\" decoding=\"async\" width=\"681\" height=\"1024\" data-id=\"29218\" src=\"https:\/\/fcspartaktrnava.com\/wp-content\/uploads\/2025\/07\/Z623012-681x1024.jpg\" alt=\"\" class=\"wp-image-29218\" srcset=\"https:\/\/fcspartaktrnava.com\/wp-content\/uploads\/2025\/07\/Z623012-681x1024.jpg 681w, https:\/\/fcspartaktrnava.com\/wp-content\/uploads\/2025\/07\/Z623012-200x300.jpg 200w, https:\/\/fcspartaktrnava.com\/wp-content\/uploads\/2025\/07\/Z623012-768x1154.jpg 768w, https:\/\/fcspartaktrnava.com\/wp-content\/uploads\/2025\/07\/Z623012-1022x1536.jpg 1022w, https:\/\/fcspartaktrnava.com\/wp-content\/uploads\/2025\/07\/Z623012-1363x2048.jpg 1363w, https:\/\/fcspartaktrnava.com\/wp-content\/uploads\/2025\/07\/Z623012-8x12.jpg 8w, https:\/\/fcspartaktrnava.com\/wp-content\/uploads\/2025\/07\/Z623012-scaled.jpg 1703w\" sizes=\"auto, (max-width: 681px) 100vw, 681px\" \/><\/figure>\n\n\n\n<figure class=\"wp-block-image size-large\"><img loading=\"lazy\" decoding=\"async\" width=\"681\" height=\"1024\" data-id=\"29217\" src=\"https:\/\/fcspartaktrnava.com\/wp-content\/uploads\/2025\/07\/Z623010-681x1024.jpg\" alt=\"\" class=\"wp-image-29217\" srcset=\"https:\/\/fcspartaktrnava.com\/wp-content\/uploads\/2025\/07\/Z623010-681x1024.jpg 681w, https:\/\/fcspartaktrnava.com\/wp-content\/uploads\/2025\/07\/Z623010-200x300.jpg 200w, https:\/\/fcspartaktrnava.com\/wp-content\/uploads\/2025\/07\/Z623010-768x1154.jpg 768w, https:\/\/fcspartaktrnava.com\/wp-content\/uploads\/2025\/07\/Z623010-1022x1536.jpg 1022w, https:\/\/fcspartaktrnava.com\/wp-content\/uploads\/2025\/07\/Z623010-1363x2048.jpg 1363w, https:\/\/fcspartaktrnava.com\/wp-content\/uploads\/2025\/07\/Z623010-8x12.jpg 8w, https:\/\/fcspartaktrnava.com\/wp-content\/uploads\/2025\/07\/Z623010-scaled.jpg 1703w\" sizes=\"auto, (max-width: 681px) 100vw, 681px\" \/><\/figure>\n\n\n\n<figure class=\"wp-block-image size-large\"><img loading=\"lazy\" decoding=\"async\" width=\"1024\" height=\"681\" data-id=\"29216\" src=\"https:\/\/fcspartaktrnava.com\/wp-content\/uploads\/2025\/07\/Z622850-1024x681.jpg\" alt=\"\" class=\"wp-image-29216\" srcset=\"https:\/\/fcspartaktrnava.com\/wp-content\/uploads\/2025\/07\/Z622850-1024x681.jpg 1024w, https:\/\/fcspartaktrnava.com\/wp-content\/uploads\/2025\/07\/Z622850-300x200.jpg 300w, https:\/\/fcspartaktrnava.com\/wp-content\/uploads\/2025\/07\/Z622850-768x511.jpg 768w, https:\/\/fcspartaktrnava.com\/wp-content\/uploads\/2025\/07\/Z622850-1536x1022.jpg 1536w, https:\/\/fcspartaktrnava.com\/wp-content\/uploads\/2025\/07\/Z622850-2048x1363.jpg 2048w, https:\/\/fcspartaktrnava.com\/wp-content\/uploads\/2025\/07\/Z622850-18x12.jpg 18w\" sizes=\"auto, (max-width: 1024px) 100vw, 1024px\" \/><\/figure>\n<\/figure>","protected":false},"excerpt":{"rendered":"<p>Pozrite si z\u00e1bery z predz\u00e1pasov\u00e9ho tr\u00e9ningu Spartaka Trnava&#8230;<\/p>","protected":false},"author":5,"featured_media":29308,"comment_status":"closed","ping_status":"closed","sticky":false,"template":"","format":"standard","meta":{"footnotes":""},"categories":[12],"tags":[],"class_list":["post-29264","post","type-post","status-publish","format-standard","has-post-thumbnail","hentry","category-spravy","post-number-1"],"yoast_head":"<!-- This site is optimized with the Yoast SEO plugin v27.1.1 - https:\/\/yoast.com\/product\/yoast-seo-wordpress\/ -->\n<title>FOTO: Predz\u00e1pasov\u00fd tr\u00e9ning Spartaka Trnava na Malte - FC Spartak Trnava<\/title>\n<meta name=\"robots\" content=\"index, follow, max-snippet:-1, max-image-preview:large, max-video-preview:-1\" \/>\n<link rel=\"canonical\" href=\"https:\/\/fcspartaktrnava.com\/en\/foto-predzapasovy-trening-spartaka-trnava-na-malte\/\" \/>\n<meta name=\"twitter:label1\" content=\"Written by\" \/>\n\t<meta name=\"twitter:data1\" content=\"Samuel \u010eurinsk\u00fd\" \/>\n\t<meta name=\"twitter:label2\" content=\"Estimated reading time\" \/>\n\t<meta name=\"twitter:data2\" content=\"10 minutes\" \/>\n<script type=\"application\/ld+json\" class=\"yoast-schema-graph\">{\"@context\":\"https:\/\/schema.org\",\"@graph\":[{\"@type\":\"Article\",\"@id\":\"https:\/\/fcspartaktrnava.com\/foto-predzapasovy-trening-spartaka-trnava-na-malte\/#article\",\"isPartOf\":{\"@id\":\"https:\/\/fcspartaktrnava.com\/foto-predzapasovy-trening-spartaka-trnava-na-malte\/\"},\"author\":{\"name\":\"Samuel \u010eurinsk\u00fd\",\"@id\":\"https:\/\/fcspartaktrnava.com\/#\/schema\/person\/62c3c2562c3c56e4c0c8c2342c596ac0\"},\"headline\":\"FOTO: Predz\u00e1pasov\u00fd tr\u00e9ning Spartaka Trnava na Malte\",\"datePublished\":\"2025-07-23T20:16:18+00:00\",\"dateModified\":\"2025-07-23T20:20:40+00:00\",\"mainEntityOfPage\":{\"@id\":\"https:\/\/fcspartaktrnava.com\/foto-predzapasovy-trening-spartaka-trnava-na-malte\/\"},\"wordCount\":57,\"publisher\":{\"@id\":\"https:\/\/fcspartaktrnava.com\/#organization\"},\"image\":{\"@id\":\"https:\/\/fcspartaktrnava.com\/foto-predzapasovy-trening-spartaka-trnava-na-malte\/#primaryimage\"},\"thumbnailUrl\":\"https:\/\/fcspartaktrnava.com\/wp-content\/uploads\/2025\/07\/Z622537-1.jpg\",\"articleSection\":[\"Spr\u00e1vy\"],\"inLanguage\":\"en-GB\"},{\"@type\":\"WebPage\",\"@id\":\"https:\/\/fcspartaktrnava.com\/foto-predzapasovy-trening-spartaka-trnava-na-malte\/\",\"url\":\"https:\/\/fcspartaktrnava.com\/foto-predzapasovy-trening-spartaka-trnava-na-malte\/\",\"name\":\"FOTO: Predz\u00e1pasov\u00fd tr\u00e9ning Spartaka Trnava na Malte - FC Spartak Trnava\",\"isPartOf\":{\"@id\":\"https:\/\/fcspartaktrnava.com\/#website\"},\"primaryImageOfPage\":{\"@id\":\"https:\/\/fcspartaktrnava.com\/foto-predzapasovy-trening-spartaka-trnava-na-malte\/#primaryimage\"},\"image\":{\"@id\":\"https:\/\/fcspartaktrnava.com\/foto-predzapasovy-trening-spartaka-trnava-na-malte\/#primaryimage\"},\"thumbnailUrl\":\"https:\/\/fcspartaktrnava.com\/wp-content\/uploads\/2025\/07\/Z622537-1.jpg\",\"datePublished\":\"2025-07-23T20:16:18+00:00\",\"dateModified\":\"2025-07-23T20:20:40+00:00\",\"breadcrumb\":{\"@id\":\"https:\/\/fcspartaktrnava.com\/foto-predzapasovy-trening-spartaka-trnava-na-malte\/#breadcrumb\"},\"inLanguage\":\"en-GB\",\"potentialAction\":[{\"@type\":\"ReadAction\",\"target\":[\"https:\/\/fcspartaktrnava.com\/foto-predzapasovy-trening-spartaka-trnava-na-malte\/\"]}]},{\"@type\":\"ImageObject\",\"inLanguage\":\"en-GB\",\"@id\":\"https:\/\/fcspartaktrnava.com\/foto-predzapasovy-trening-spartaka-trnava-na-malte\/#primaryimage\",\"url\":\"https:\/\/fcspartaktrnava.com\/wp-content\/uploads\/2025\/07\/Z622537-1.jpg\",\"contentUrl\":\"https:\/\/fcspartaktrnava.com\/wp-content\/uploads\/2025\/07\/Z622537-1.jpg\",\"width\":1500,\"height\":998},{\"@type\":\"BreadcrumbList\",\"@id\":\"https:\/\/fcspartaktrnava.com\/foto-predzapasovy-trening-spartaka-trnava-na-malte\/#breadcrumb\",\"itemListElement\":[{\"@type\":\"ListItem\",\"position\":1,\"name\":\"Home\",\"item\":\"https:\/\/fcspartaktrnava.com\/\"},{\"@type\":\"ListItem\",\"position\":2,\"name\":\"FOTO: Predz\u00e1pasov\u00fd tr\u00e9ning Spartaka Trnava na Malte\"}]},{\"@type\":\"WebSite\",\"@id\":\"https:\/\/fcspartaktrnava.com\/#website\",\"url\":\"https:\/\/fcspartaktrnava.com\/\",\"name\":\"FC Spartak Trnava\",\"description\":\"ofici\u00e1lna webstr\u00e1nka futbalov\u00e9ho klubu\",\"publisher\":{\"@id\":\"https:\/\/fcspartaktrnava.com\/#organization\"},\"potentialAction\":[{\"@type\":\"SearchAction\",\"target\":{\"@type\":\"EntryPoint\",\"urlTemplate\":\"https:\/\/fcspartaktrnava.com\/?s={search_term_string}\"},\"query-input\":{\"@type\":\"PropertyValueSpecification\",\"valueRequired\":true,\"valueName\":\"search_term_string\"}}],\"inLanguage\":\"en-GB\"},{\"@type\":\"Organization\",\"@id\":\"https:\/\/fcspartaktrnava.com\/#organization\",\"name\":\"FC Spartak Trnava\",\"alternateName\":\"Spartak\",\"url\":\"https:\/\/fcspartaktrnava.com\/\",\"logo\":{\"@type\":\"ImageObject\",\"inLanguage\":\"en-GB\",\"@id\":\"https:\/\/fcspartaktrnava.com\/#\/schema\/logo\/image\/\",\"url\":\"https:\/\/fcspartaktrnava.com\/wp-content\/uploads\/2022\/08\/cropped-site_logo.png\",\"contentUrl\":\"https:\/\/fcspartaktrnava.com\/wp-content\/uploads\/2022\/08\/cropped-site_logo.png\",\"width\":140,\"height\":140,\"caption\":\"FC Spartak Trnava\"},\"image\":{\"@id\":\"https:\/\/fcspartaktrnava.com\/#\/schema\/logo\/image\/\"},\"sameAs\":[\"https:\/\/www.facebook.com\/SpartakTrnava\",\"https:\/\/x.com\/SpartakTrnava1\",\"https:\/\/www.instagram.com\/spartak_sk\/\"]},{\"@type\":\"Person\",\"@id\":\"https:\/\/fcspartaktrnava.com\/#\/schema\/person\/62c3c2562c3c56e4c0c8c2342c596ac0\",\"name\":\"Samuel \u010eurinsk\u00fd\",\"image\":{\"@type\":\"ImageObject\",\"inLanguage\":\"en-GB\",\"@id\":\"https:\/\/fcspartaktrnava.com\/#\/schema\/person\/image\/\",\"url\":\"https:\/\/secure.gravatar.com\/avatar\/af2fa02af92418b86ed742470664fe40056833fb68d84becf03f6ab02319257c?s=96&d=mm&r=g\",\"contentUrl\":\"https:\/\/secure.gravatar.com\/avatar\/af2fa02af92418b86ed742470664fe40056833fb68d84becf03f6ab02319257c?s=96&d=mm&r=g\",\"caption\":\"Samuel \u010eurinsk\u00fd\"},\"url\":\"https:\/\/fcspartaktrnava.com\/en\/author\/fcst-samuel\/\"}]}<\/script>\n<!-- \/ Yoast SEO plugin. -->","yoast_head_json":{"title":"FOTO: Predz\u00e1pasov\u00fd tr\u00e9ning Spartaka Trnava na Malte - FC Spartak Trnava","robots":{"index":"index","follow":"follow","max-snippet":"max-snippet:-1","max-image-preview":"max-image-preview:large","max-video-preview":"max-video-preview:-1"},"canonical":"https:\/\/fcspartaktrnava.com\/en\/foto-predzapasovy-trening-spartaka-trnava-na-malte\/","twitter_misc":{"Written by":"Samuel \u010eurinsk\u00fd","Estimated reading time":"10 minutes"},"schema":{"@context":"https:\/\/schema.org","@graph":[{"@type":"Article","@id":"https:\/\/fcspartaktrnava.com\/foto-predzapasovy-trening-spartaka-trnava-na-malte\/#article","isPartOf":{"@id":"https:\/\/fcspartaktrnava.com\/foto-predzapasovy-trening-spartaka-trnava-na-malte\/"},"author":{"name":"Samuel \u010eurinsk\u00fd","@id":"https:\/\/fcspartaktrnava.com\/#\/schema\/person\/62c3c2562c3c56e4c0c8c2342c596ac0"},"headline":"FOTO: Predz\u00e1pasov\u00fd tr\u00e9ning Spartaka Trnava na Malte","datePublished":"2025-07-23T20:16:18+00:00","dateModified":"2025-07-23T20:20:40+00:00","mainEntityOfPage":{"@id":"https:\/\/fcspartaktrnava.com\/foto-predzapasovy-trening-spartaka-trnava-na-malte\/"},"wordCount":57,"publisher":{"@id":"https:\/\/fcspartaktrnava.com\/#organization"},"image":{"@id":"https:\/\/fcspartaktrnava.com\/foto-predzapasovy-trening-spartaka-trnava-na-malte\/#primaryimage"},"thumbnailUrl":"https:\/\/fcspartaktrnava.com\/wp-content\/uploads\/2025\/07\/Z622537-1.jpg","articleSection":["Spr\u00e1vy"],"inLanguage":"en-GB"},{"@type":"WebPage","@id":"https:\/\/fcspartaktrnava.com\/foto-predzapasovy-trening-spartaka-trnava-na-malte\/","url":"https:\/\/fcspartaktrnava.com\/foto-predzapasovy-trening-spartaka-trnava-na-malte\/","name":"FOTO: Predz\u00e1pasov\u00fd tr\u00e9ning Spartaka Trnava na Malte - FC Spartak Trnava","isPartOf":{"@id":"https:\/\/fcspartaktrnava.com\/#website"},"primaryImageOfPage":{"@id":"https:\/\/fcspartaktrnava.com\/foto-predzapasovy-trening-spartaka-trnava-na-malte\/#primaryimage"},"image":{"@id":"https:\/\/fcspartaktrnava.com\/foto-predzapasovy-trening-spartaka-trnava-na-malte\/#primaryimage"},"thumbnailUrl":"https:\/\/fcspartaktrnava.com\/wp-content\/uploads\/2025\/07\/Z622537-1.jpg","datePublished":"2025-07-23T20:16:18+00:00","dateModified":"2025-07-23T20:20:40+00:00","breadcrumb":{"@id":"https:\/\/fcspartaktrnava.com\/foto-predzapasovy-trening-spartaka-trnava-na-malte\/#breadcrumb"},"inLanguage":"en-GB","potentialAction":[{"@type":"ReadAction","target":["https:\/\/fcspartaktrnava.com\/foto-predzapasovy-trening-spartaka-trnava-na-malte\/"]}]},{"@type":"ImageObject","inLanguage":"en-GB","@id":"https:\/\/fcspartaktrnava.com\/foto-predzapasovy-trening-spartaka-trnava-na-malte\/#primaryimage","url":"https:\/\/fcspartaktrnava.com\/wp-content\/uploads\/2025\/07\/Z622537-1.jpg","contentUrl":"https:\/\/fcspartaktrnava.com\/wp-content\/uploads\/2025\/07\/Z622537-1.jpg","width":1500,"height":998},{"@type":"BreadcrumbList","@id":"https:\/\/fcspartaktrnava.com\/foto-predzapasovy-trening-spartaka-trnava-na-malte\/#breadcrumb","itemListElement":[{"@type":"ListItem","position":1,"name":"Home","item":"https:\/\/fcspartaktrnava.com\/"},{"@type":"ListItem","position":2,"name":"FOTO: Predz\u00e1pasov\u00fd tr\u00e9ning Spartaka Trnava na Malte"}]},{"@type":"WebSite","@id":"https:\/\/fcspartaktrnava.com\/#website","url":"https:\/\/fcspartaktrnava.com\/","name":"FC Spartak Trnava","description":"ofici\u00e1lna webstr\u00e1nka futbalov\u00e9ho klubu","publisher":{"@id":"https:\/\/fcspartaktrnava.com\/#organization"},"potentialAction":[{"@type":"SearchAction","target":{"@type":"EntryPoint","urlTemplate":"https:\/\/fcspartaktrnava.com\/?s={search_term_string}"},"query-input":{"@type":"PropertyValueSpecification","valueRequired":true,"valueName":"search_term_string"}}],"inLanguage":"en-GB"},{"@type":"Organization","@id":"https:\/\/fcspartaktrnava.com\/#organization","name":"FC Spartak Trnava","alternateName":"Spartak","url":"https:\/\/fcspartaktrnava.com\/","logo":{"@type":"ImageObject","inLanguage":"en-GB","@id":"https:\/\/fcspartaktrnava.com\/#\/schema\/logo\/image\/","url":"https:\/\/fcspartaktrnava.com\/wp-content\/uploads\/2022\/08\/cropped-site_logo.png","contentUrl":"https:\/\/fcspartaktrnava.com\/wp-content\/uploads\/2022\/08\/cropped-site_logo.png","width":140,"height":140,"caption":"FC Spartak Trnava"},"image":{"@id":"https:\/\/fcspartaktrnava.com\/#\/schema\/logo\/image\/"},"sameAs":["https:\/\/www.facebook.com\/SpartakTrnava","https:\/\/x.com\/SpartakTrnava1","https:\/\/www.instagram.com\/spartak_sk\/"]},{"@type":"Person","@id":"https:\/\/fcspartaktrnava.com\/#\/schema\/person\/62c3c2562c3c56e4c0c8c2342c596ac0","name":"Samuel \u010eurinsk\u00fd","image":{"@type":"ImageObject","inLanguage":"en-GB","@id":"https:\/\/fcspartaktrnava.com\/#\/schema\/person\/image\/","url":"https:\/\/secure.gravatar.com\/avatar\/af2fa02af92418b86ed742470664fe40056833fb68d84becf03f6ab02319257c?s=96&d=mm&r=g","contentUrl":"https:\/\/secure.gravatar.com\/avatar\/af2fa02af92418b86ed742470664fe40056833fb68d84becf03f6ab02319257c?s=96&d=mm&r=g","caption":"Samuel \u010eurinsk\u00fd"},"url":"https:\/\/fcspartaktrnava.com\/en\/author\/fcst-samuel\/"}]}},"_links":{"self":[{"href":"https:\/\/fcspartaktrnava.com\/en\/wp-json\/wp\/v2\/posts\/29264","targetHints":{"allow":["GET"]}}],"collection":[{"href":"https:\/\/fcspartaktrnava.com\/en\/wp-json\/wp\/v2\/posts"}],"about":[{"href":"https:\/\/fcspartaktrnava.com\/en\/wp-json\/wp\/v2\/types\/post"}],"author":[{"embeddable":true,"href":"https:\/\/fcspartaktrnava.com\/en\/wp-json\/wp\/v2\/users\/5"}],"replies":[{"embeddable":true,"href":"https:\/\/fcspartaktrnava.com\/en\/wp-json\/wp\/v2\/comments?post=29264"}],"version-history":[{"count":0,"href":"https:\/\/fcspartaktrnava.com\/en\/wp-json\/wp\/v2\/posts\/29264\/revisions"}],"wp:featuredmedia":[{"embeddable":true,"href":"https:\/\/fcspartaktrnava.com\/en\/wp-json\/wp\/v2\/media\/29308"}],"wp:attachment":[{"href":"https:\/\/fcspartaktrnava.com\/en\/wp-json\/wp\/v2\/media?parent=29264"}],"wp:term":[{"taxonomy":"category","embeddable":true,"href":"https:\/\/fcspartaktrnava.com\/en\/wp-json\/wp\/v2\/categories?post=29264"},{"taxonomy":"post_tag","embeddable":true,"href":"https:\/\/fcspartaktrnava.com\/en\/wp-json\/wp\/v2\/tags?post=29264"}],"curies":[{"name":"wp","href":"https:\/\/api.w.org\/{rel}","templated":true}]}}