{"id":29179,"date":"2025-07-21T17:07:48","date_gmt":"2025-07-21T15:07:48","guid":{"rendered":"https:\/\/fcspartaktrnava.com\/?p=29179"},"modified":"2025-07-21T17:13:32","modified_gmt":"2025-07-21T15:13:32","slug":"druhe-predkolo-konferencnej-ligy-uz-vo-stvrtok","status":"publish","type":"post","link":"https:\/\/fcspartaktrnava.com\/en\/druhe-predkolo-konferencnej-ligy-uz-vo-stvrtok\/","title":{"rendered":"Druh\u00e9 predkolo Konferen\u010dnej ligy u\u017e vo \u0161tvrtok"},"content":{"rendered":"<p class=\"has-text-align-center has-medium-font-size\">V stredu dopoludnia naberie A-t\u00edm smer Malta. Prv\u00fd z\u00e1pas proti tamoj\u0161iemu celku Hibernians FC v r\u00e1mci kvalifik\u00e1cie Konferen\u010dnej ligy je na programe vo \u0161tvrtok od 18:00. V priamom prenose ho prinesie kan\u00e1l :\u0160PORT (STVR). <\/p>\n\n\n\n<p class=\"has-text-align-center has-medium-font-size\"><strong>INFO: Vstupenky do sektoru host\u00ed<\/strong><\/p>\n\n\n\n<p class=\"has-text-align-center has-medium-font-size\">Fan\u00fa\u0161ikovia, ktor\u00ed chc\u00fa pr\u00eds\u0165 podpori\u0165 \u010derveno-\u010d\u00edrne farby priamo do dejiska z\u00e1pasu, si m\u00f4\u017eu vstupenky zak\u00fapi\u0165 online na tomto linku:<\/p>\n\n\n\n<p class=\"has-text-align-center has-black-color has-white-background-color has-text-color has-background has-link-color has-medium-font-size wp-elements-5b8c07d63c99abd687663fe771aeedca\"><strong><a href=\"https:\/\/tickets.mfa.com.mt\/\">VSTUPENKY &#8211; SEKTOR HOST\u00cd<\/a><\/strong><\/p>\n\n\n\n<hr class=\"wp-block-separator has-text-color has-vivid-red-color has-alpha-channel-opacity has-vivid-red-background-color has-background\"\/>\n\n\n\n<h2 class=\"wp-block-heading has-text-align-center\">\u017dreb 3. predkola Konferen\u010dnej ligy<\/h2>\n\n\n\n<p class=\"has-text-align-center has-medium-font-size\">Dnes popoludn\u00ed sa uskuto\u010dnil \u017ereb \u010fal\u0161ej f\u00e1zy kvalifik\u00e1cie Konferen\u010dnej ligy. V pr\u00edpade postupu do 3. predkola Konferen\u010dnej ligy bude na\u0161im s\u00faperom lep\u0161\u00ed z dvojice FK Sarajevo \/ CS Universitatea Craiova.<\/p>\n\n\n<div class=\"wp-block-image\">\n<figure class=\"aligncenter size-large is-resized\"><img loading=\"lazy\" decoding=\"async\" width=\"819\" height=\"1024\" src=\"https:\/\/fcspartaktrnava.com\/wp-content\/uploads\/2025\/07\/IMG_4635-819x1024.jpeg\" alt=\"\" class=\"wp-image-29180\" style=\"width:500px\" srcset=\"https:\/\/fcspartaktrnava.com\/wp-content\/uploads\/2025\/07\/IMG_4635-819x1024.jpeg 819w, https:\/\/fcspartaktrnava.com\/wp-content\/uploads\/2025\/07\/IMG_4635-240x300.jpeg 240w, https:\/\/fcspartaktrnava.com\/wp-content\/uploads\/2025\/07\/IMG_4635-768x960.jpeg 768w, https:\/\/fcspartaktrnava.com\/wp-content\/uploads\/2025\/07\/IMG_4635-1229x1536.jpeg 1229w, https:\/\/fcspartaktrnava.com\/wp-content\/uploads\/2025\/07\/IMG_4635-10x12.jpeg 10w, https:\/\/fcspartaktrnava.com\/wp-content\/uploads\/2025\/07\/IMG_4635.jpeg 1440w\" sizes=\"auto, (max-width: 819px) 100vw, 819px\" \/><\/figure>\n<\/div>\n\n\n<p class=\"has-text-align-center has-medium-font-size\">Prv\u00fd z\u00e1pas by sa hral na ihrisku s\u00fapera 7. augusta, dom\u00e1ca odveta n\u00e1sledne 14. augusta.<\/p>\n\n\n\n<p><\/p>\n\n\n\n<p class=\"has-text-align-center has-medium-font-size\"><strong>E\u0161te predt\u00fdm n\u00e1s \u010dak\u00e1 dvojz\u00e1pas s maltsk\u00fdm Hibernians FC! <\/strong><\/p>\n\n\n\n<p class=\"has-text-align-center has-black-color has-luminous-vivid-amber-background-color has-text-color has-background has-link-color has-medium-font-size wp-elements-30c3bc7b066375271901d097b7541848\"><strong>Pr\u00ed\u010f chlapcov povzbudi\u0165 31. j\u00fala na \u0161tadi\u00f3n Antona Malatinsk\u00e9ho a po\u017ee\u0148 ich za postupom priamo na trib\u00fane!&nbsp;<\/strong><\/p>\n\n\n\n<p class=\"has-text-align-center has-black-color has-text-color has-link-color has-medium-font-size wp-elements-4b2225fb737fef7c3932b96bd3a62691\"><\/p>\n\n\n<div class=\"wp-block-image\">\n<figure class=\"aligncenter size-large\"><img loading=\"lazy\" decoding=\"async\" width=\"1024\" height=\"236\" src=\"https:\/\/fcspartaktrnava.com\/wp-content\/uploads\/2025\/07\/NL_Hibernians-1024x236.png\" alt=\"\" class=\"wp-image-29119\" srcset=\"https:\/\/fcspartaktrnava.com\/wp-content\/uploads\/2025\/07\/NL_Hibernians-1024x236.png 1024w, https:\/\/fcspartaktrnava.com\/wp-content\/uploads\/2025\/07\/NL_Hibernians-300x69.png 300w, https:\/\/fcspartaktrnava.com\/wp-content\/uploads\/2025\/07\/NL_Hibernians-768x177.png 768w, https:\/\/fcspartaktrnava.com\/wp-content\/uploads\/2025\/07\/NL_Hibernians-18x4.png 18w, https:\/\/fcspartaktrnava.com\/wp-content\/uploads\/2025\/07\/NL_Hibernians.png 1200w\" sizes=\"auto, (max-width: 1024px) 100vw, 1024px\" \/><\/figure>\n<\/div>\n\n\n<p class=\"has-text-align-center has-black-color has-white-background-color has-text-color has-background has-link-color has-medium-font-size wp-elements-1305943060c50ec9520b456484072c89\"><strong><a href=\"https:\/\/predpredaj.zoznam.sk\/sk\/presale\/fc-spartak-trnava-hibernians-fc-2025-07-31\/\">VSTUPENKY \u2013 LINK PRE DR\u017dITE\u013dOV PERMANENTIEK<\/a><\/strong><\/p>\n\n\n\n<p class=\"has-text-align-center has-black-color has-white-background-color has-text-color has-background has-link-color has-medium-font-size wp-elements-68171aea24c0407a524101c9402dbb43\"><strong><a href=\"https:\/\/predpredaj.zoznam.sk\/sk\/listky\/fc-spartak-trnava-hibernians-fc-2025-07-31\/\">VSTUPENKY \u2013 LINK PRE FAN\u00da\u0160IKOV BEZ PERMANENTKY<\/a><\/strong><\/p>\n\n\n\n<hr class=\"wp-block-separator has-alpha-channel-opacity\"\/>\n\n\n\n<p class=\"has-text-align-center has-medium-font-size\">V nede\u013eu ve\u010der n\u00e1\u0161 \u010dak\u00e1 dom\u00e1ci \u0161tart Nik\u00e9 ligy. Nezme\u0161kaj to a bu\u010f pri za\u010diatku ligovej cesty Spartaka!<\/p>\n\n\n<div class=\"wp-block-image\">\n<figure class=\"aligncenter size-large\"><img loading=\"lazy\" decoding=\"async\" width=\"1024\" height=\"341\" src=\"https:\/\/fcspartaktrnava.com\/wp-content\/uploads\/2025\/07\/Predpredaj-banner-4-1-1024x341.png\" alt=\"\" class=\"wp-image-29181\" srcset=\"https:\/\/fcspartaktrnava.com\/wp-content\/uploads\/2025\/07\/Predpredaj-banner-4-1-1024x341.png 1024w, https:\/\/fcspartaktrnava.com\/wp-content\/uploads\/2025\/07\/Predpredaj-banner-4-1-300x100.png 300w, https:\/\/fcspartaktrnava.com\/wp-content\/uploads\/2025\/07\/Predpredaj-banner-4-1-768x256.png 768w, https:\/\/fcspartaktrnava.com\/wp-content\/uploads\/2025\/07\/Predpredaj-banner-4-1-18x6.png 18w, https:\/\/fcspartaktrnava.com\/wp-content\/uploads\/2025\/07\/Predpredaj-banner-4-1.png 1140w\" sizes=\"auto, (max-width: 1024px) 100vw, 1024px\" \/><\/figure>\n<\/div>\n\n\n<p class=\"has-text-align-center has-medium-font-size\"><strong>Nenechaj si ujs\u0165 bohat\u00fd program SPARTAKA. &nbsp;<\/strong><\/p>\n\n\n\n<p><\/p>","protected":false},"excerpt":{"rendered":"<p>V stredu dopoludnia naberie A-t\u00edm smer Malta. Prv\u00fd&#8230;<\/p>","protected":false},"author":5,"featured_media":29091,"comment_status":"closed","ping_status":"closed","sticky":false,"template":"","format":"standard","meta":{"footnotes":""},"categories":[12],"tags":[],"class_list":["post-29179","post","type-post","status-publish","format-standard","has-post-thumbnail","hentry","category-spravy","post-number-1"],"yoast_head":"<!-- This site is optimized with the Yoast SEO plugin v27.1.1 - https:\/\/yoast.com\/product\/yoast-seo-wordpress\/ -->\n<title>Druh\u00e9 predkolo Konferen\u010dnej ligy u\u017e vo \u0161tvrtok - FC Spartak Trnava<\/title>\n<meta name=\"robots\" content=\"index, follow, max-snippet:-1, max-image-preview:large, max-video-preview:-1\" \/>\n<link rel=\"canonical\" href=\"https:\/\/fcspartaktrnava.com\/en\/druhe-predkolo-konferencnej-ligy-uz-vo-stvrtok\/\" \/>\n<meta name=\"twitter:label1\" content=\"Written by\" \/>\n\t<meta name=\"twitter:data1\" content=\"Samuel \u010eurinsk\u00fd\" \/>\n\t<meta name=\"twitter:label2\" content=\"Estimated reading time\" \/>\n\t<meta name=\"twitter:data2\" content=\"2 minutes\" \/>\n<script type=\"application\/ld+json\" class=\"yoast-schema-graph\">{\"@context\":\"https:\/\/schema.org\",\"@graph\":[{\"@type\":\"Article\",\"@id\":\"https:\/\/fcspartaktrnava.com\/druhe-predkolo-konferencnej-ligy-uz-vo-stvrtok\/#article\",\"isPartOf\":{\"@id\":\"https:\/\/fcspartaktrnava.com\/druhe-predkolo-konferencnej-ligy-uz-vo-stvrtok\/\"},\"author\":{\"name\":\"Samuel \u010eurinsk\u00fd\",\"@id\":\"https:\/\/fcspartaktrnava.com\/#\/schema\/person\/62c3c2562c3c56e4c0c8c2342c596ac0\"},\"headline\":\"Druh\u00e9 predkolo Konferen\u010dnej ligy u\u017e vo \u0161tvrtok\",\"datePublished\":\"2025-07-21T15:07:48+00:00\",\"dateModified\":\"2025-07-21T15:13:32+00:00\",\"mainEntityOfPage\":{\"@id\":\"https:\/\/fcspartaktrnava.com\/druhe-predkolo-konferencnej-ligy-uz-vo-stvrtok\/\"},\"wordCount\":221,\"publisher\":{\"@id\":\"https:\/\/fcspartaktrnava.com\/#organization\"},\"image\":{\"@id\":\"https:\/\/fcspartaktrnava.com\/druhe-predkolo-konferencnej-ligy-uz-vo-stvrtok\/#primaryimage\"},\"thumbnailUrl\":\"https:\/\/fcspartaktrnava.com\/wp-content\/uploads\/2025\/07\/DSC_6627-1-scaled.jpg\",\"articleSection\":[\"Spr\u00e1vy\"],\"inLanguage\":\"en-GB\"},{\"@type\":\"WebPage\",\"@id\":\"https:\/\/fcspartaktrnava.com\/druhe-predkolo-konferencnej-ligy-uz-vo-stvrtok\/\",\"url\":\"https:\/\/fcspartaktrnava.com\/druhe-predkolo-konferencnej-ligy-uz-vo-stvrtok\/\",\"name\":\"Druh\u00e9 predkolo Konferen\u010dnej ligy u\u017e vo \u0161tvrtok - FC Spartak Trnava\",\"isPartOf\":{\"@id\":\"https:\/\/fcspartaktrnava.com\/#website\"},\"primaryImageOfPage\":{\"@id\":\"https:\/\/fcspartaktrnava.com\/druhe-predkolo-konferencnej-ligy-uz-vo-stvrtok\/#primaryimage\"},\"image\":{\"@id\":\"https:\/\/fcspartaktrnava.com\/druhe-predkolo-konferencnej-ligy-uz-vo-stvrtok\/#primaryimage\"},\"thumbnailUrl\":\"https:\/\/fcspartaktrnava.com\/wp-content\/uploads\/2025\/07\/DSC_6627-1-scaled.jpg\",\"datePublished\":\"2025-07-21T15:07:48+00:00\",\"dateModified\":\"2025-07-21T15:13:32+00:00\",\"breadcrumb\":{\"@id\":\"https:\/\/fcspartaktrnava.com\/druhe-predkolo-konferencnej-ligy-uz-vo-stvrtok\/#breadcrumb\"},\"inLanguage\":\"en-GB\",\"potentialAction\":[{\"@type\":\"ReadAction\",\"target\":[\"https:\/\/fcspartaktrnava.com\/druhe-predkolo-konferencnej-ligy-uz-vo-stvrtok\/\"]}]},{\"@type\":\"ImageObject\",\"inLanguage\":\"en-GB\",\"@id\":\"https:\/\/fcspartaktrnava.com\/druhe-predkolo-konferencnej-ligy-uz-vo-stvrtok\/#primaryimage\",\"url\":\"https:\/\/fcspartaktrnava.com\/wp-content\/uploads\/2025\/07\/DSC_6627-1-scaled.jpg\",\"contentUrl\":\"https:\/\/fcspartaktrnava.com\/wp-content\/uploads\/2025\/07\/DSC_6627-1-scaled.jpg\",\"width\":2560,\"height\":1706},{\"@type\":\"BreadcrumbList\",\"@id\":\"https:\/\/fcspartaktrnava.com\/druhe-predkolo-konferencnej-ligy-uz-vo-stvrtok\/#breadcrumb\",\"itemListElement\":[{\"@type\":\"ListItem\",\"position\":1,\"name\":\"Home\",\"item\":\"https:\/\/fcspartaktrnava.com\/\"},{\"@type\":\"ListItem\",\"position\":2,\"name\":\"Druh\u00e9 predkolo Konferen\u010dnej ligy u\u017e vo \u0161tvrtok\"}]},{\"@type\":\"WebSite\",\"@id\":\"https:\/\/fcspartaktrnava.com\/#website\",\"url\":\"https:\/\/fcspartaktrnava.com\/\",\"name\":\"FC Spartak Trnava\",\"description\":\"ofici\u00e1lna webstr\u00e1nka futbalov\u00e9ho klubu\",\"publisher\":{\"@id\":\"https:\/\/fcspartaktrnava.com\/#organization\"},\"potentialAction\":[{\"@type\":\"SearchAction\",\"target\":{\"@type\":\"EntryPoint\",\"urlTemplate\":\"https:\/\/fcspartaktrnava.com\/?s={search_term_string}\"},\"query-input\":{\"@type\":\"PropertyValueSpecification\",\"valueRequired\":true,\"valueName\":\"search_term_string\"}}],\"inLanguage\":\"en-GB\"},{\"@type\":\"Organization\",\"@id\":\"https:\/\/fcspartaktrnava.com\/#organization\",\"name\":\"FC Spartak Trnava\",\"alternateName\":\"Spartak\",\"url\":\"https:\/\/fcspartaktrnava.com\/\",\"logo\":{\"@type\":\"ImageObject\",\"inLanguage\":\"en-GB\",\"@id\":\"https:\/\/fcspartaktrnava.com\/#\/schema\/logo\/image\/\",\"url\":\"https:\/\/fcspartaktrnava.com\/wp-content\/uploads\/2022\/08\/cropped-site_logo.png\",\"contentUrl\":\"https:\/\/fcspartaktrnava.com\/wp-content\/uploads\/2022\/08\/cropped-site_logo.png\",\"width\":140,\"height\":140,\"caption\":\"FC Spartak Trnava\"},\"image\":{\"@id\":\"https:\/\/fcspartaktrnava.com\/#\/schema\/logo\/image\/\"},\"sameAs\":[\"https:\/\/www.facebook.com\/SpartakTrnava\",\"https:\/\/x.com\/SpartakTrnava1\",\"https:\/\/www.instagram.com\/spartak_sk\/\"]},{\"@type\":\"Person\",\"@id\":\"https:\/\/fcspartaktrnava.com\/#\/schema\/person\/62c3c2562c3c56e4c0c8c2342c596ac0\",\"name\":\"Samuel \u010eurinsk\u00fd\",\"image\":{\"@type\":\"ImageObject\",\"inLanguage\":\"en-GB\",\"@id\":\"https:\/\/fcspartaktrnava.com\/#\/schema\/person\/image\/\",\"url\":\"https:\/\/secure.gravatar.com\/avatar\/af2fa02af92418b86ed742470664fe40056833fb68d84becf03f6ab02319257c?s=96&d=mm&r=g\",\"contentUrl\":\"https:\/\/secure.gravatar.com\/avatar\/af2fa02af92418b86ed742470664fe40056833fb68d84becf03f6ab02319257c?s=96&d=mm&r=g\",\"caption\":\"Samuel \u010eurinsk\u00fd\"},\"url\":\"https:\/\/fcspartaktrnava.com\/en\/author\/fcst-samuel\/\"}]}<\/script>\n<!-- \/ Yoast SEO plugin. -->","yoast_head_json":{"title":"Druh\u00e9 predkolo Konferen\u010dnej ligy u\u017e vo \u0161tvrtok - FC Spartak Trnava","robots":{"index":"index","follow":"follow","max-snippet":"max-snippet:-1","max-image-preview":"max-image-preview:large","max-video-preview":"max-video-preview:-1"},"canonical":"https:\/\/fcspartaktrnava.com\/en\/druhe-predkolo-konferencnej-ligy-uz-vo-stvrtok\/","twitter_misc":{"Written by":"Samuel \u010eurinsk\u00fd","Estimated reading time":"2 minutes"},"schema":{"@context":"https:\/\/schema.org","@graph":[{"@type":"Article","@id":"https:\/\/fcspartaktrnava.com\/druhe-predkolo-konferencnej-ligy-uz-vo-stvrtok\/#article","isPartOf":{"@id":"https:\/\/fcspartaktrnava.com\/druhe-predkolo-konferencnej-ligy-uz-vo-stvrtok\/"},"author":{"name":"Samuel \u010eurinsk\u00fd","@id":"https:\/\/fcspartaktrnava.com\/#\/schema\/person\/62c3c2562c3c56e4c0c8c2342c596ac0"},"headline":"Druh\u00e9 predkolo Konferen\u010dnej ligy u\u017e vo \u0161tvrtok","datePublished":"2025-07-21T15:07:48+00:00","dateModified":"2025-07-21T15:13:32+00:00","mainEntityOfPage":{"@id":"https:\/\/fcspartaktrnava.com\/druhe-predkolo-konferencnej-ligy-uz-vo-stvrtok\/"},"wordCount":221,"publisher":{"@id":"https:\/\/fcspartaktrnava.com\/#organization"},"image":{"@id":"https:\/\/fcspartaktrnava.com\/druhe-predkolo-konferencnej-ligy-uz-vo-stvrtok\/#primaryimage"},"thumbnailUrl":"https:\/\/fcspartaktrnava.com\/wp-content\/uploads\/2025\/07\/DSC_6627-1-scaled.jpg","articleSection":["Spr\u00e1vy"],"inLanguage":"en-GB"},{"@type":"WebPage","@id":"https:\/\/fcspartaktrnava.com\/druhe-predkolo-konferencnej-ligy-uz-vo-stvrtok\/","url":"https:\/\/fcspartaktrnava.com\/druhe-predkolo-konferencnej-ligy-uz-vo-stvrtok\/","name":"Druh\u00e9 predkolo Konferen\u010dnej ligy u\u017e vo \u0161tvrtok - FC Spartak Trnava","isPartOf":{"@id":"https:\/\/fcspartaktrnava.com\/#website"},"primaryImageOfPage":{"@id":"https:\/\/fcspartaktrnava.com\/druhe-predkolo-konferencnej-ligy-uz-vo-stvrtok\/#primaryimage"},"image":{"@id":"https:\/\/fcspartaktrnava.com\/druhe-predkolo-konferencnej-ligy-uz-vo-stvrtok\/#primaryimage"},"thumbnailUrl":"https:\/\/fcspartaktrnava.com\/wp-content\/uploads\/2025\/07\/DSC_6627-1-scaled.jpg","datePublished":"2025-07-21T15:07:48+00:00","dateModified":"2025-07-21T15:13:32+00:00","breadcrumb":{"@id":"https:\/\/fcspartaktrnava.com\/druhe-predkolo-konferencnej-ligy-uz-vo-stvrtok\/#breadcrumb"},"inLanguage":"en-GB","potentialAction":[{"@type":"ReadAction","target":["https:\/\/fcspartaktrnava.com\/druhe-predkolo-konferencnej-ligy-uz-vo-stvrtok\/"]}]},{"@type":"ImageObject","inLanguage":"en-GB","@id":"https:\/\/fcspartaktrnava.com\/druhe-predkolo-konferencnej-ligy-uz-vo-stvrtok\/#primaryimage","url":"https:\/\/fcspartaktrnava.com\/wp-content\/uploads\/2025\/07\/DSC_6627-1-scaled.jpg","contentUrl":"https:\/\/fcspartaktrnava.com\/wp-content\/uploads\/2025\/07\/DSC_6627-1-scaled.jpg","width":2560,"height":1706},{"@type":"BreadcrumbList","@id":"https:\/\/fcspartaktrnava.com\/druhe-predkolo-konferencnej-ligy-uz-vo-stvrtok\/#breadcrumb","itemListElement":[{"@type":"ListItem","position":1,"name":"Home","item":"https:\/\/fcspartaktrnava.com\/"},{"@type":"ListItem","position":2,"name":"Druh\u00e9 predkolo Konferen\u010dnej ligy u\u017e vo \u0161tvrtok"}]},{"@type":"WebSite","@id":"https:\/\/fcspartaktrnava.com\/#website","url":"https:\/\/fcspartaktrnava.com\/","name":"FC Spartak Trnava","description":"ofici\u00e1lna webstr\u00e1nka futbalov\u00e9ho klubu","publisher":{"@id":"https:\/\/fcspartaktrnava.com\/#organization"},"potentialAction":[{"@type":"SearchAction","target":{"@type":"EntryPoint","urlTemplate":"https:\/\/fcspartaktrnava.com\/?s={search_term_string}"},"query-input":{"@type":"PropertyValueSpecification","valueRequired":true,"valueName":"search_term_string"}}],"inLanguage":"en-GB"},{"@type":"Organization","@id":"https:\/\/fcspartaktrnava.com\/#organization","name":"FC Spartak Trnava","alternateName":"Spartak","url":"https:\/\/fcspartaktrnava.com\/","logo":{"@type":"ImageObject","inLanguage":"en-GB","@id":"https:\/\/fcspartaktrnava.com\/#\/schema\/logo\/image\/","url":"https:\/\/fcspartaktrnava.com\/wp-content\/uploads\/2022\/08\/cropped-site_logo.png","contentUrl":"https:\/\/fcspartaktrnava.com\/wp-content\/uploads\/2022\/08\/cropped-site_logo.png","width":140,"height":140,"caption":"FC Spartak Trnava"},"image":{"@id":"https:\/\/fcspartaktrnava.com\/#\/schema\/logo\/image\/"},"sameAs":["https:\/\/www.facebook.com\/SpartakTrnava","https:\/\/x.com\/SpartakTrnava1","https:\/\/www.instagram.com\/spartak_sk\/"]},{"@type":"Person","@id":"https:\/\/fcspartaktrnava.com\/#\/schema\/person\/62c3c2562c3c56e4c0c8c2342c596ac0","name":"Samuel \u010eurinsk\u00fd","image":{"@type":"ImageObject","inLanguage":"en-GB","@id":"https:\/\/fcspartaktrnava.com\/#\/schema\/person\/image\/","url":"https:\/\/secure.gravatar.com\/avatar\/af2fa02af92418b86ed742470664fe40056833fb68d84becf03f6ab02319257c?s=96&d=mm&r=g","contentUrl":"https:\/\/secure.gravatar.com\/avatar\/af2fa02af92418b86ed742470664fe40056833fb68d84becf03f6ab02319257c?s=96&d=mm&r=g","caption":"Samuel \u010eurinsk\u00fd"},"url":"https:\/\/fcspartaktrnava.com\/en\/author\/fcst-samuel\/"}]}},"_links":{"self":[{"href":"https:\/\/fcspartaktrnava.com\/en\/wp-json\/wp\/v2\/posts\/29179","targetHints":{"allow":["GET"]}}],"collection":[{"href":"https:\/\/fcspartaktrnava.com\/en\/wp-json\/wp\/v2\/posts"}],"about":[{"href":"https:\/\/fcspartaktrnava.com\/en\/wp-json\/wp\/v2\/types\/post"}],"author":[{"embeddable":true,"href":"https:\/\/fcspartaktrnava.com\/en\/wp-json\/wp\/v2\/users\/5"}],"replies":[{"embeddable":true,"href":"https:\/\/fcspartaktrnava.com\/en\/wp-json\/wp\/v2\/comments?post=29179"}],"version-history":[{"count":0,"href":"https:\/\/fcspartaktrnava.com\/en\/wp-json\/wp\/v2\/posts\/29179\/revisions"}],"wp:featuredmedia":[{"embeddable":true,"href":"https:\/\/fcspartaktrnava.com\/en\/wp-json\/wp\/v2\/media\/29091"}],"wp:attachment":[{"href":"https:\/\/fcspartaktrnava.com\/en\/wp-json\/wp\/v2\/media?parent=29179"}],"wp:term":[{"taxonomy":"category","embeddable":true,"href":"https:\/\/fcspartaktrnava.com\/en\/wp-json\/wp\/v2\/categories?post=29179"},{"taxonomy":"post_tag","embeddable":true,"href":"https:\/\/fcspartaktrnava.com\/en\/wp-json\/wp\/v2\/tags?post=29179"}],"curies":[{"name":"wp","href":"https:\/\/api.w.org\/{rel}","templated":true}]}}