{"id":29128,"date":"2025-07-21T07:52:48","date_gmt":"2025-07-21T05:52:48","guid":{"rendered":"https:\/\/fcspartaktrnava.com\/?p=29128"},"modified":"2025-07-21T07:52:48","modified_gmt":"2025-07-21T05:52:48","slug":"do-pripravy-sa-zapojili-dalsi-mladeznici","status":"publish","type":"post","link":"https:\/\/fcspartaktrnava.com\/en\/do-pripravy-sa-zapojili-dalsi-mladeznici\/","title":{"rendered":"Do pr\u00edpravy sa zapojili \u010fal\u0161\u00ed ml\u00e1de\u017en\u00edci"},"content":{"rendered":"<p class=\"has-text-align-center\"><strong>\u0160K Blava Jaslovsk\u00e9 Bohunice A \u2013 FC Spartak Trnava U19 5:1 (5:0)<\/strong><\/p>\n\n\n\n<p class=\"has-text-align-center\">Na dorastencov \u010dakal prv\u00fd anglick\u00fd t\u00fd\u017ede\u0148 letnej pr\u00edpravy. V&nbsp;stredu narazili na mu\u017eov z&nbsp;Jaslovsk\u00fdch Bohun\u00edc hraj\u00facich \u0161tvrt\u00fa ligu, ktor\u00fdm pod\u013eahli 1:5.<\/p>\n\n\n\n<p class=\"has-text-align-center\"><strong>Goals: <\/strong>Priecel<\/p>\n\n\n\n<p class=\"has-text-align-center\"><strong>Peter Ga\u017ei: \u201eDo z\u00e1pasu sme nasadili dve jeden\u00e1stky hr\u00e1\u010dov, pri\u010dom sme, a\u017e na jednu v\u00fdnimku, rovnomerne rozdelili hern\u00e9 za\u0165a\u017eenie na 45 min\u00fat. Prv\u00fd pol\u010das sme absol\u00fatne nezvl\u00e1dli, s\u00faperovi sme prihr\u00e1vali na g\u00f3ly alebo sme zlyh\u00e1vali v preberan\u00ed a dostupovan\u00ed hr\u00e1\u010dov v pokutovom \u00fazem\u00ed. Druh\u00fd pol\u010das mal z na\u0161ej strany \u00faplne in\u00fd hern\u00fd obraz. Podarilo sa n\u00e1m streli\u0165 jeden g\u00f3l, no vzh\u013eadom na po\u010det \u0161anc\u00ed ich malo by\u0165 viac.\u201c<\/strong><\/p>\n\n\n\n<p class=\"has-text-align-center\"><strong>1. FC Slov\u00e1cko U19 \u2013 FC Spartak Trnava U19 2:1 (0:0)<\/strong><\/p>\n\n\n\n<p class=\"has-text-align-center\">Cez v\u00edkend dev\u00e4tn\u00e1stka vycestovala do Slov\u00e1cka. V&nbsp;s\u00faboji s&nbsp;\u010desk\u00fdmi rovesn\u00edkmi \u0165ahala za krat\u0161\u00ed koniec, ke\u010f prehrala o&nbsp;g\u00f3l.<\/p>\n\n\n\n<p class=\"has-text-align-center\"><strong>Goals: <\/strong>Pittel<\/p>\n\n\n\n<p class=\"has-text-align-center\"><strong>Peter Ga\u017ei: \u201ePrv\u00fd pol\u010das bol herne vyrovnan\u00fd, obe mu\u017estv\u00e1 si vypracovali n\u00e1znaky \u0161anc\u00ed. V druhom dejstve sme inkasovali dva g\u00f3ly. Napriek tomu som pr\u00e1ve v tomto pol\u010dase videl viacero ve\u013emi dobr\u00fdch vec\u00ed, najm\u00e4 v zakladan\u00ed \u00fatoku, vytv\u00e1ran\u00ed g\u00f3lov\u00fdch pr\u00edle\u017eitost\u00ed, v intenzite hry bez lopty aj v nasaden\u00ed a em\u00f3cii. Pr\u00e1ve na t\u00fdchto aspektoch chceme stava\u0165 aj do bud\u00facna.\u201c<\/strong><\/p>\n\n\n\n<p class=\"has-text-align-center\"><strong>1. FC Slov\u00e1cko U17 \u2013 FC Spartak Trnava U17 0:1<\/strong><\/p>\n\n\n\n<p class=\"has-text-align-center\">V&nbsp;Slov\u00e1cku sa predstavila aj na\u0161a sedemn\u00e1stka, ktor\u00e1 naopak najtesnej\u0161\u00edm rozdielom zv\u00ed\u0165azila. Z\u00e1pas zhodnotil asistent tr\u00e9nera Jaroslav Daniel.<\/p>\n\n\n\n<p class=\"has-text-align-center\"><strong>Goals: <\/strong>Andr\u00e1\u0161ik<\/p>\n\n\n\n<p class=\"has-text-align-center\"><strong>Jaroslav Daniel: \u201eOdohrali sme dobr\u00fd z\u00e1pas s kvalitn\u00fdm s\u00faperom, kde sme dali op\u00e4\u0165 \u0161ancu v\u0161etk\u00fdm hr\u00e1\u010dom. Pozit\u00edvom bolo, \u017ee hr\u00e1\u010di \u010di u\u017e v prvom alebo druhom pol\u010dase uk\u00e1zali pekn\u00e9 akcie a nacvi\u010den\u00e9 veci z tr\u00e9ningov\u00e9ho procesu. V z\u00e1pase sme mali aj slab\u0161ie \u00faseky hry, ale v tr\u00e9ningovom procese na tom popracujeme, aby sme to zlep\u0161ili. Sme st\u00e1le na za\u010diatku pr\u00edpravy a&nbsp;ver\u00edm, \u017ee do za\u010diatku ligy budeme ve\u013emi dobre pripraven\u00ed.\u201c<\/strong><\/p>\n\n\n\n<p class=\"has-text-align-center\"><strong>FC Spartak Trnava U16 \u2013 1. FC Slov\u00e1cko U16 3:0 (1:0)<\/strong><\/p>\n\n\n\n<p class=\"has-text-align-center\">Do tretice hrali so Slov\u00e1ckom aj najmlad\u0161\u00ed dorastenci. V&nbsp;tomto pr\u00edpade mal duel najjednozna\u010dnej\u0161\u00ed priebeh, a&nbsp;to na\u0161e v\u00ed\u0165azstvo rozdiel triedy 3:0.<\/p>\n\n\n\n<p class=\"has-text-align-center\"><strong>Goals: <\/strong>Bo\u0161ka, Oros, Luka\u010dka<\/p>\n\n\n\n<p class=\"has-text-align-center\"><strong>Tom\u00e1\u0161 K\u00e1nik: <\/strong><strong>\u201eOp\u00e4\u0165 sme mali v\u00fdborn\u00fd \u00favod z\u00e1pasu, ke\u010f sme v&nbsp;prv\u00fdch desiatich min\u00fatach v\u010faka vysok\u00e9mu pressingu mali nieko\u013eko pr\u00edle\u017eitost\u00ed a&nbsp;vy\u0165a\u017eili sme z&nbsp;toho \u00favodn\u00fd g\u00f3l. Nebezpe\u010dn\u00ed sme boli aj zo \u0161tandardn\u00fdch situ\u00e1ci\u00ed. Ch\u00fdbala n\u00e1m ale v\u00e4\u010d\u0161ia rozvaha s&nbsp;loptou na s\u00faperovej polovici, kedy sme \u010dasto v\u010faka nepresnej fin\u00e1lnej prihr\u00e1vke nedotiahli viacero s\u013eubn\u00fdch situ\u00e1ci\u00ed. Aj v&nbsp;druhom pol\u010dase sme boli lep\u0161\u00edm t\u00edmom. Dva rozhoduj\u00face g\u00f3ly sme pridali a\u017e v&nbsp;z\u00e1vere z\u00e1pasu. Pote\u0161il ma splnen\u00fd cie\u013e v&nbsp;podobe udr\u017ean\u00e9ho \u010dist\u00e9ho konta. Hr\u00e1\u010di si postupne osvojuj\u00fa princ\u00edpy n\u00e1\u0161ho hern\u00e9ho syst\u00e9mu, ale potrebujeme v&nbsp;r\u00e1mci pr\u00edpravy absolvova\u0165 previerku, kde budeme pod v\u00e4\u010d\u0161\u00edm tlakom od s\u00fapera.\u201c<\/strong><\/p>\n\n\n\n<p class=\"has-text-align-center\"><strong>FC Spartak Trnava U15 \u2013 MOL Vidi U15 6:0 (3:0)<\/strong><\/p>\n\n\n\n<p class=\"has-text-align-center\">So zahrani\u010dn\u00fdm s\u00faperom sa konfrontovali aj t\u00edmy star\u0161\u00edch \u017eiakov. T\u00ed v&nbsp;prvom z\u00e1pase letnej pr\u00edpravy nast\u00fapili proti ma\u010farsk\u00e9mu MOL Vidi. Zverenci nov\u00e9ho tr\u00e9nera Jozefa Pa\u013ea z&nbsp;kateg\u00f3rie U15 zv\u00ed\u0165azili jasne 6:0.<\/p>\n\n\n\n<p class=\"has-text-align-center\"><strong>Goals: <\/strong>Mes\u00e1ro\u0161, Dvorsk\u00fd, Mar\u010di\u0161, \u017digrai, Gajdo\u0161, Ku\u0161\u0161<\/p>\n\n\n\n<p class=\"has-text-align-center\"><strong>Jozef Pa\u013eo: \u201eV na\u0161om \u00favodnom stretnut\u00ed sme sa konfrontovali s kvalitn\u00fdm s\u00faperom. Hne\u010f v jeho za\u010diatku n\u00e1s podr\u017eal brank\u00e1r Mes\u00e1ro\u0161, ktor\u00fd zne\u0161kodnil zakon\u010denie s\u00faperovho hr\u00e1\u010da v pokutovom \u00fazem\u00ed. T\u00e1to situ\u00e1cia n\u00e1s dostala do pozornosti, za\u010dali sme by\u0165 viac s\u00fastreden\u00ed. V prechodov\u00fdch f\u00e1zach hry sme mali kvalitu na lopte. Dost\u00e1vali sme sa pred s\u00faperovu br\u00e1nu a boli sme nebezpe\u010dn\u00ed v zakon\u010den\u00ed. Smerom do ofenz\u00edvy bolo na\u0161ou snahou zakon\u010di\u0165 ka\u017ed\u00fa akciu. Strelecky sa n\u00e1m darilo a po pekn\u00fdch prechodov\u00fdch f\u00e1zach sme boli \u00faspe\u0161n\u00ed v koncovke. V defenz\u00edve sme p\u00f4sobili sebavedomo a&nbsp;nech\u00fdbal n\u00e1m d\u00f4raz v osobn\u00fdch s\u00fabojoch. Organiz\u00e1ciu hry v defenz\u00edve z poz\u00edcie komunik\u00e1cie mus\u00edme zlep\u0161i\u0165. V\u00fdsledkovo sme z\u00e1pas zvl\u00e1dli, ale aj hern\u00fd prejav mal slu\u0161n\u00e9 parametre. Hr\u00e1\u010di prist\u00fapili k z\u00e1pasu zodpovedne.\u201c<\/strong><\/p>\n\n\n\n<p class=\"has-text-align-center\"><strong>FC Spartak Trnava U14 \u2013 MOL Vidi U14 1:2 (1:1)<\/strong><\/p>\n\n\n\n<p class=\"has-text-align-center\">Z\u00e1pas \u017eiakov do 14 rokov mal vyrovnanej\u0161\u00ed priebeh i v\u00fdsledok. Spartakovci ma\u010farsk\u00e9mu s\u00faperovi pod\u013eahli tesne 1:2.<\/p>\n\n\n\n<p class=\"has-text-align-center\"><strong>Goals: <\/strong>Kostol\u00e1ni<\/p>\n\n\n\n<p class=\"has-text-align-center\"><strong>R\u00f3bert Polakovi\u010d: \u201ePrv\u00fd z\u00e1pas v pr\u00edpravnom obdob\u00ed bolo na chalanoch c\u00edti\u0165 hlavne kondi\u010dn\u00fd v\u00fdpadok, v teple to bolo o to n\u00e1ro\u010dnej\u0161ie. Herne sme mali optick\u00fa prevahu, viac sme sa dr\u017eali na lopte, ale \u0165a\u017e\u0161ie sme sa dost\u00e1vali do \u0161anc\u00ed. Najv\u00e4\u010d\u0161\u00ed probl\u00e9m sme mali po strate l\u00f4pt a nevedeli sme \u00eds\u0165 do okam\u017eit\u00e9ho repressingu. Z takejto situ\u00e1cie sme inkasovali aj prv\u00fd g\u00f3l. V druhom pol\u010dase sme boli na lopte e\u0161te viac \u010dasu, ale znova sme mali probl\u00e9m s vytv\u00e1ran\u00edm \u0161anc\u00ed a po zbyto\u010dnej chybe v obrane sme inkasovali aj druh\u00fdkr\u00e1t. Z\u00e1pas n\u00e1m uk\u00e1zal aj dobr\u00e9 momenty, na ktor\u00e9 budeme chcie\u0165 nadviaza\u0165, ale aj chyby na ktor\u00fdch budeme musie\u0165 popracova\u0165.\u201c<\/strong><\/p>","protected":false},"excerpt":{"rendered":"<p>\u0160K Blava Jaslovsk\u00e9 Bohunice A \u2013 FC Spartak&#8230;<\/p>","protected":false},"author":2,"featured_media":29129,"comment_status":"closed","ping_status":"closed","sticky":false,"template":"","format":"standard","meta":{"footnotes":""},"categories":[52,12],"tags":[53],"class_list":["post-29128","post","type-post","status-publish","format-standard","has-post-thumbnail","hentry","category-mladez","category-spravy","tag-mladez","post-number-1"],"yoast_head":"<!-- This site is optimized with the Yoast SEO plugin v27.1.1 - https:\/\/yoast.com\/product\/yoast-seo-wordpress\/ -->\n<title>Do pr\u00edpravy sa zapojili \u010fal\u0161\u00ed ml\u00e1de\u017en\u00edci - FC Spartak Trnava<\/title>\n<meta name=\"robots\" content=\"index, follow, max-snippet:-1, max-image-preview:large, max-video-preview:-1\" \/>\n<link rel=\"canonical\" href=\"https:\/\/fcspartaktrnava.com\/en\/do-pripravy-sa-zapojili-dalsi-mladeznici\/\" \/>\n<meta name=\"twitter:label1\" content=\"Written by\" \/>\n\t<meta name=\"twitter:data1\" content=\"spartak\" \/>\n\t<meta name=\"twitter:label2\" content=\"Estimated reading time\" \/>\n\t<meta name=\"twitter:data2\" content=\"5 minutes\" \/>\n<script type=\"application\/ld+json\" class=\"yoast-schema-graph\">{\"@context\":\"https:\/\/schema.org\",\"@graph\":[{\"@type\":\"Article\",\"@id\":\"https:\/\/fcspartaktrnava.com\/do-pripravy-sa-zapojili-dalsi-mladeznici\/#article\",\"isPartOf\":{\"@id\":\"https:\/\/fcspartaktrnava.com\/do-pripravy-sa-zapojili-dalsi-mladeznici\/\"},\"author\":{\"name\":\"spartak\",\"@id\":\"https:\/\/fcspartaktrnava.com\/#\/schema\/person\/24bc5b254af14f71d7d8af178790aa75\"},\"headline\":\"Do pr\u00edpravy sa zapojili \u010fal\u0161\u00ed ml\u00e1de\u017en\u00edci\",\"datePublished\":\"2025-07-21T05:52:48+00:00\",\"mainEntityOfPage\":{\"@id\":\"https:\/\/fcspartaktrnava.com\/do-pripravy-sa-zapojili-dalsi-mladeznici\/\"},\"wordCount\":1000,\"publisher\":{\"@id\":\"https:\/\/fcspartaktrnava.com\/#organization\"},\"image\":{\"@id\":\"https:\/\/fcspartaktrnava.com\/do-pripravy-sa-zapojili-dalsi-mladeznici\/#primaryimage\"},\"thumbnailUrl\":\"https:\/\/fcspartaktrnava.com\/wp-content\/uploads\/2025\/07\/DSC_6852-scaled-e1753077150964.jpg\",\"keywords\":[\"ml\u00e1de\u017e\"],\"articleSection\":[\"Ml\u00e1de\u017e\",\"Spr\u00e1vy\"],\"inLanguage\":\"en-GB\"},{\"@type\":\"WebPage\",\"@id\":\"https:\/\/fcspartaktrnava.com\/do-pripravy-sa-zapojili-dalsi-mladeznici\/\",\"url\":\"https:\/\/fcspartaktrnava.com\/do-pripravy-sa-zapojili-dalsi-mladeznici\/\",\"name\":\"Do pr\u00edpravy sa zapojili \u010fal\u0161\u00ed ml\u00e1de\u017en\u00edci - FC Spartak Trnava\",\"isPartOf\":{\"@id\":\"https:\/\/fcspartaktrnava.com\/#website\"},\"primaryImageOfPage\":{\"@id\":\"https:\/\/fcspartaktrnava.com\/do-pripravy-sa-zapojili-dalsi-mladeznici\/#primaryimage\"},\"image\":{\"@id\":\"https:\/\/fcspartaktrnava.com\/do-pripravy-sa-zapojili-dalsi-mladeznici\/#primaryimage\"},\"thumbnailUrl\":\"https:\/\/fcspartaktrnava.com\/wp-content\/uploads\/2025\/07\/DSC_6852-scaled-e1753077150964.jpg\",\"datePublished\":\"2025-07-21T05:52:48+00:00\",\"breadcrumb\":{\"@id\":\"https:\/\/fcspartaktrnava.com\/do-pripravy-sa-zapojili-dalsi-mladeznici\/#breadcrumb\"},\"inLanguage\":\"en-GB\",\"potentialAction\":[{\"@type\":\"ReadAction\",\"target\":[\"https:\/\/fcspartaktrnava.com\/do-pripravy-sa-zapojili-dalsi-mladeznici\/\"]}]},{\"@type\":\"ImageObject\",\"inLanguage\":\"en-GB\",\"@id\":\"https:\/\/fcspartaktrnava.com\/do-pripravy-sa-zapojili-dalsi-mladeznici\/#primaryimage\",\"url\":\"https:\/\/fcspartaktrnava.com\/wp-content\/uploads\/2025\/07\/DSC_6852-scaled-e1753077150964.jpg\",\"contentUrl\":\"https:\/\/fcspartaktrnava.com\/wp-content\/uploads\/2025\/07\/DSC_6852-scaled-e1753077150964.jpg\",\"width\":1847,\"height\":1225},{\"@type\":\"BreadcrumbList\",\"@id\":\"https:\/\/fcspartaktrnava.com\/do-pripravy-sa-zapojili-dalsi-mladeznici\/#breadcrumb\",\"itemListElement\":[{\"@type\":\"ListItem\",\"position\":1,\"name\":\"Home\",\"item\":\"https:\/\/fcspartaktrnava.com\/\"},{\"@type\":\"ListItem\",\"position\":2,\"name\":\"Do pr\u00edpravy sa zapojili \u010fal\u0161\u00ed ml\u00e1de\u017en\u00edci\"}]},{\"@type\":\"WebSite\",\"@id\":\"https:\/\/fcspartaktrnava.com\/#website\",\"url\":\"https:\/\/fcspartaktrnava.com\/\",\"name\":\"FC Spartak Trnava\",\"description\":\"ofici\u00e1lna webstr\u00e1nka futbalov\u00e9ho klubu\",\"publisher\":{\"@id\":\"https:\/\/fcspartaktrnava.com\/#organization\"},\"potentialAction\":[{\"@type\":\"SearchAction\",\"target\":{\"@type\":\"EntryPoint\",\"urlTemplate\":\"https:\/\/fcspartaktrnava.com\/?s={search_term_string}\"},\"query-input\":{\"@type\":\"PropertyValueSpecification\",\"valueRequired\":true,\"valueName\":\"search_term_string\"}}],\"inLanguage\":\"en-GB\"},{\"@type\":\"Organization\",\"@id\":\"https:\/\/fcspartaktrnava.com\/#organization\",\"name\":\"FC Spartak Trnava\",\"alternateName\":\"Spartak\",\"url\":\"https:\/\/fcspartaktrnava.com\/\",\"logo\":{\"@type\":\"ImageObject\",\"inLanguage\":\"en-GB\",\"@id\":\"https:\/\/fcspartaktrnava.com\/#\/schema\/logo\/image\/\",\"url\":\"https:\/\/fcspartaktrnava.com\/wp-content\/uploads\/2022\/08\/cropped-site_logo.png\",\"contentUrl\":\"https:\/\/fcspartaktrnava.com\/wp-content\/uploads\/2022\/08\/cropped-site_logo.png\",\"width\":140,\"height\":140,\"caption\":\"FC Spartak Trnava\"},\"image\":{\"@id\":\"https:\/\/fcspartaktrnava.com\/#\/schema\/logo\/image\/\"},\"sameAs\":[\"https:\/\/www.facebook.com\/SpartakTrnava\",\"https:\/\/x.com\/SpartakTrnava1\",\"https:\/\/www.instagram.com\/spartak_sk\/\"]},{\"@type\":\"Person\",\"@id\":\"https:\/\/fcspartaktrnava.com\/#\/schema\/person\/24bc5b254af14f71d7d8af178790aa75\",\"name\":\"spartak\",\"image\":{\"@type\":\"ImageObject\",\"inLanguage\":\"en-GB\",\"@id\":\"https:\/\/fcspartaktrnava.com\/#\/schema\/person\/image\/\",\"url\":\"https:\/\/secure.gravatar.com\/avatar\/f8ff8584f3fcf3909a11a6da9019f37749183b4015bca14e64556c52614cdc7f?s=96&d=mm&r=g\",\"contentUrl\":\"https:\/\/secure.gravatar.com\/avatar\/f8ff8584f3fcf3909a11a6da9019f37749183b4015bca14e64556c52614cdc7f?s=96&d=mm&r=g\",\"caption\":\"spartak\"},\"url\":\"https:\/\/fcspartaktrnava.com\/en\/author\/spartak\/\"}]}<\/script>\n<!-- \/ Yoast SEO plugin. -->","yoast_head_json":{"title":"Do pr\u00edpravy sa zapojili \u010fal\u0161\u00ed ml\u00e1de\u017en\u00edci - FC Spartak Trnava","robots":{"index":"index","follow":"follow","max-snippet":"max-snippet:-1","max-image-preview":"max-image-preview:large","max-video-preview":"max-video-preview:-1"},"canonical":"https:\/\/fcspartaktrnava.com\/en\/do-pripravy-sa-zapojili-dalsi-mladeznici\/","twitter_misc":{"Written by":"spartak","Estimated reading time":"5 minutes"},"schema":{"@context":"https:\/\/schema.org","@graph":[{"@type":"Article","@id":"https:\/\/fcspartaktrnava.com\/do-pripravy-sa-zapojili-dalsi-mladeznici\/#article","isPartOf":{"@id":"https:\/\/fcspartaktrnava.com\/do-pripravy-sa-zapojili-dalsi-mladeznici\/"},"author":{"name":"spartak","@id":"https:\/\/fcspartaktrnava.com\/#\/schema\/person\/24bc5b254af14f71d7d8af178790aa75"},"headline":"Do pr\u00edpravy sa zapojili \u010fal\u0161\u00ed ml\u00e1de\u017en\u00edci","datePublished":"2025-07-21T05:52:48+00:00","mainEntityOfPage":{"@id":"https:\/\/fcspartaktrnava.com\/do-pripravy-sa-zapojili-dalsi-mladeznici\/"},"wordCount":1000,"publisher":{"@id":"https:\/\/fcspartaktrnava.com\/#organization"},"image":{"@id":"https:\/\/fcspartaktrnava.com\/do-pripravy-sa-zapojili-dalsi-mladeznici\/#primaryimage"},"thumbnailUrl":"https:\/\/fcspartaktrnava.com\/wp-content\/uploads\/2025\/07\/DSC_6852-scaled-e1753077150964.jpg","keywords":["ml\u00e1de\u017e"],"articleSection":["Ml\u00e1de\u017e","Spr\u00e1vy"],"inLanguage":"en-GB"},{"@type":"WebPage","@id":"https:\/\/fcspartaktrnava.com\/do-pripravy-sa-zapojili-dalsi-mladeznici\/","url":"https:\/\/fcspartaktrnava.com\/do-pripravy-sa-zapojili-dalsi-mladeznici\/","name":"Do pr\u00edpravy sa zapojili \u010fal\u0161\u00ed ml\u00e1de\u017en\u00edci - FC Spartak Trnava","isPartOf":{"@id":"https:\/\/fcspartaktrnava.com\/#website"},"primaryImageOfPage":{"@id":"https:\/\/fcspartaktrnava.com\/do-pripravy-sa-zapojili-dalsi-mladeznici\/#primaryimage"},"image":{"@id":"https:\/\/fcspartaktrnava.com\/do-pripravy-sa-zapojili-dalsi-mladeznici\/#primaryimage"},"thumbnailUrl":"https:\/\/fcspartaktrnava.com\/wp-content\/uploads\/2025\/07\/DSC_6852-scaled-e1753077150964.jpg","datePublished":"2025-07-21T05:52:48+00:00","breadcrumb":{"@id":"https:\/\/fcspartaktrnava.com\/do-pripravy-sa-zapojili-dalsi-mladeznici\/#breadcrumb"},"inLanguage":"en-GB","potentialAction":[{"@type":"ReadAction","target":["https:\/\/fcspartaktrnava.com\/do-pripravy-sa-zapojili-dalsi-mladeznici\/"]}]},{"@type":"ImageObject","inLanguage":"en-GB","@id":"https:\/\/fcspartaktrnava.com\/do-pripravy-sa-zapojili-dalsi-mladeznici\/#primaryimage","url":"https:\/\/fcspartaktrnava.com\/wp-content\/uploads\/2025\/07\/DSC_6852-scaled-e1753077150964.jpg","contentUrl":"https:\/\/fcspartaktrnava.com\/wp-content\/uploads\/2025\/07\/DSC_6852-scaled-e1753077150964.jpg","width":1847,"height":1225},{"@type":"BreadcrumbList","@id":"https:\/\/fcspartaktrnava.com\/do-pripravy-sa-zapojili-dalsi-mladeznici\/#breadcrumb","itemListElement":[{"@type":"ListItem","position":1,"name":"Home","item":"https:\/\/fcspartaktrnava.com\/"},{"@type":"ListItem","position":2,"name":"Do pr\u00edpravy sa zapojili \u010fal\u0161\u00ed ml\u00e1de\u017en\u00edci"}]},{"@type":"WebSite","@id":"https:\/\/fcspartaktrnava.com\/#website","url":"https:\/\/fcspartaktrnava.com\/","name":"FC Spartak Trnava","description":"ofici\u00e1lna webstr\u00e1nka futbalov\u00e9ho klubu","publisher":{"@id":"https:\/\/fcspartaktrnava.com\/#organization"},"potentialAction":[{"@type":"SearchAction","target":{"@type":"EntryPoint","urlTemplate":"https:\/\/fcspartaktrnava.com\/?s={search_term_string}"},"query-input":{"@type":"PropertyValueSpecification","valueRequired":true,"valueName":"search_term_string"}}],"inLanguage":"en-GB"},{"@type":"Organization","@id":"https:\/\/fcspartaktrnava.com\/#organization","name":"FC Spartak Trnava","alternateName":"Spartak","url":"https:\/\/fcspartaktrnava.com\/","logo":{"@type":"ImageObject","inLanguage":"en-GB","@id":"https:\/\/fcspartaktrnava.com\/#\/schema\/logo\/image\/","url":"https:\/\/fcspartaktrnava.com\/wp-content\/uploads\/2022\/08\/cropped-site_logo.png","contentUrl":"https:\/\/fcspartaktrnava.com\/wp-content\/uploads\/2022\/08\/cropped-site_logo.png","width":140,"height":140,"caption":"FC Spartak Trnava"},"image":{"@id":"https:\/\/fcspartaktrnava.com\/#\/schema\/logo\/image\/"},"sameAs":["https:\/\/www.facebook.com\/SpartakTrnava","https:\/\/x.com\/SpartakTrnava1","https:\/\/www.instagram.com\/spartak_sk\/"]},{"@type":"Person","@id":"https:\/\/fcspartaktrnava.com\/#\/schema\/person\/24bc5b254af14f71d7d8af178790aa75","name":"spartak","image":{"@type":"ImageObject","inLanguage":"en-GB","@id":"https:\/\/fcspartaktrnava.com\/#\/schema\/person\/image\/","url":"https:\/\/secure.gravatar.com\/avatar\/f8ff8584f3fcf3909a11a6da9019f37749183b4015bca14e64556c52614cdc7f?s=96&d=mm&r=g","contentUrl":"https:\/\/secure.gravatar.com\/avatar\/f8ff8584f3fcf3909a11a6da9019f37749183b4015bca14e64556c52614cdc7f?s=96&d=mm&r=g","caption":"spartak"},"url":"https:\/\/fcspartaktrnava.com\/en\/author\/spartak\/"}]}},"_links":{"self":[{"href":"https:\/\/fcspartaktrnava.com\/en\/wp-json\/wp\/v2\/posts\/29128","targetHints":{"allow":["GET"]}}],"collection":[{"href":"https:\/\/fcspartaktrnava.com\/en\/wp-json\/wp\/v2\/posts"}],"about":[{"href":"https:\/\/fcspartaktrnava.com\/en\/wp-json\/wp\/v2\/types\/post"}],"author":[{"embeddable":true,"href":"https:\/\/fcspartaktrnava.com\/en\/wp-json\/wp\/v2\/users\/2"}],"replies":[{"embeddable":true,"href":"https:\/\/fcspartaktrnava.com\/en\/wp-json\/wp\/v2\/comments?post=29128"}],"version-history":[{"count":0,"href":"https:\/\/fcspartaktrnava.com\/en\/wp-json\/wp\/v2\/posts\/29128\/revisions"}],"wp:featuredmedia":[{"embeddable":true,"href":"https:\/\/fcspartaktrnava.com\/en\/wp-json\/wp\/v2\/media\/29129"}],"wp:attachment":[{"href":"https:\/\/fcspartaktrnava.com\/en\/wp-json\/wp\/v2\/media?parent=29128"}],"wp:term":[{"taxonomy":"category","embeddable":true,"href":"https:\/\/fcspartaktrnava.com\/en\/wp-json\/wp\/v2\/categories?post=29128"},{"taxonomy":"post_tag","embeddable":true,"href":"https:\/\/fcspartaktrnava.com\/en\/wp-json\/wp\/v2\/tags?post=29128"}],"curies":[{"name":"wp","href":"https:\/\/api.w.org\/{rel}","templated":true}]}}