{"id":28914,"date":"2025-07-11T12:18:39","date_gmt":"2025-07-11T10:18:39","guid":{"rendered":"https:\/\/fcspartaktrnava.com\/?p=28914"},"modified":"2025-07-11T14:46:06","modified_gmt":"2025-07-11T12:46:06","slug":"video-odozvy-na-domaci-duel-proti-bk-hacken","status":"publish","type":"post","link":"https:\/\/fcspartaktrnava.com\/en\/video-odozvy-na-domaci-duel-proti-bk-hacken\/","title":{"rendered":"VIDEO: Odozvy na dom\u00e1ci duel proti BK H\u00e4cken"},"content":{"rendered":"<p class=\"has-text-align-center has-medium-font-size\">Po \u0161tvrtkovej tesnej dom\u00e1cej prehre v prvom z\u00e1pase 1. predkola kvalifik\u00e1cie Eur\u00f3pskej ligy sme mali pri mikrof\u00f3ne v mix z\u00f3ne jednu z nov\u00fdch tv\u00e1r\u00ed t\u00edmu &#8211; Michala Tomi\u010da. 26-ro\u010dn\u00fd obranca mal v z\u00e1pase na kopa\u010dke g\u00f3l. Po centrovanej lopte Mikovi\u010da v 65. min\u00fate nedok\u00e1zal zakon\u010di\u0165 presne a jeho strela mierila nad br\u00e1nu host\u00ed. <\/p>\n\n\n\n<p class=\"has-text-align-center has-medium-font-size\">Ako videl prv\u00fd ostr\u00fd duel po intenz\u00edvnej pr\u00edprave? <\/p>\n\n\n\n<p class=\"has-text-align-center has-medium-font-size\"><strong>&#8222;\u0164a\u017eko sa mi hodnot\u00ed duel. Mali sme dostatok \u0161anc\u00ed a ja som mal asi najv\u00e4\u010d\u0161iu z nich. Tak\u017ee to tro\u0161ku ide aj za mnou. V\u00fdsledok mohol by\u0165 pre n\u00e1s priaznivej\u0161\u00ed. Uk\u00e1zali sme princ\u00edpy, ktor\u00fdmi sa chceme prezentova\u0165, mali sme \u0161ance, boli sme nebezpe\u010dn\u00ed ale nedok\u00e1zali sme to vyu\u017ei\u0165. S\u00faper nemal \u017eiadnu vylo\u017een\u00fa \u0161ancu, raz sa n\u00e1m dostali do v\u00e1pna, lopta p\u00e1rkr\u00e1t prepadla a skon\u010dilo to v na\u0161ej sieti. Neost\u00e1va n\u00e1m ni\u010d in\u00e9, len sa \u00eds\u0165 pobi\u0165 do \u0160v\u00e9dska, necha\u0165 tam v\u0161etko, preto\u017ee chceme post\u00fapi\u0165 do \u010fal\u0161ieho predkola.&#8220;<\/strong><\/p>\n\n\n\n<figure class=\"wp-block-image size-large\"><img loading=\"lazy\" decoding=\"async\" width=\"1024\" height=\"681\" src=\"https:\/\/fcspartaktrnava.com\/wp-content\/uploads\/2025\/07\/RAW-821-1024x681.jpg\" alt=\"\" class=\"wp-image-28915\" srcset=\"https:\/\/fcspartaktrnava.com\/wp-content\/uploads\/2025\/07\/RAW-821-1024x681.jpg 1024w, https:\/\/fcspartaktrnava.com\/wp-content\/uploads\/2025\/07\/RAW-821-300x200.jpg 300w, https:\/\/fcspartaktrnava.com\/wp-content\/uploads\/2025\/07\/RAW-821-768x511.jpg 768w, https:\/\/fcspartaktrnava.com\/wp-content\/uploads\/2025\/07\/RAW-821-1536x1022.jpg 1536w, https:\/\/fcspartaktrnava.com\/wp-content\/uploads\/2025\/07\/RAW-821-2048x1363.jpg 2048w, https:\/\/fcspartaktrnava.com\/wp-content\/uploads\/2025\/07\/RAW-821-18x12.jpg 18w\" sizes=\"auto, (max-width: 1024px) 100vw, 1024px\" \/><\/figure>\n\n\n\n<hr class=\"wp-block-separator has-alpha-channel-opacity\"\/>\n\n\n\n<p class=\"has-text-align-center has-medium-font-size\"><strong>Pozrite si cel\u00fd poz\u00e1pasov\u00fd rozhovor s Michalom Tomi\u010dom na na\u0161om YouTube: <\/strong><\/p>\n\n\n\n<figure class=\"wp-block-embed aligncenter is-type-video is-provider-youtube wp-block-embed-youtube wp-embed-aspect-16-9 wp-has-aspect-ratio\"><div class=\"wp-block-embed__wrapper\">\n<iframe loading=\"lazy\" title=\"Michal Tomi\u010d po z\u00e1pase s H\u00e4ckenom\" width=\"500\" height=\"281\" src=\"https:\/\/www.youtube.com\/embed\/Pys87B0vIgI?feature=oembed\" frameborder=\"0\" allow=\"accelerometer; autoplay; clipboard-write; encrypted-media; gyroscope; picture-in-picture; web-share\" referrerpolicy=\"strict-origin-when-cross-origin\" allowfullscreen><\/iframe>\n<\/div><\/figure>\n\n\n\n<hr class=\"wp-block-separator has-alpha-channel-opacity\"\/>\n\n\n\n<h2 class=\"wp-block-heading has-text-align-center\">Do odvety odv\u00e1\u017ene ale s rozumom<\/h2>\n\n\n\n<p class=\"has-text-align-center has-medium-font-size\">Martin Mikovi\u010d neskr\u00fdval pri hodnoten\u00ed z\u00e1pasu sklamanie. Do odvety mus\u00edme \u00eds\u0165 pod\u013ea jeho slov odv\u00e1\u017ene ale rozumne.<\/p>\n\n\n\n<p class=\"has-text-align-center has-medium-font-size\"><strong>&#8222;Sme smutn\u00ed z v\u00fdsledku, ale ni\u010d nie je straten\u00e9. Do \u0160v\u00e9dska ideme len s jednog\u00f3lov\u00fdm mankom. Mus\u00edme tam hra\u0165 na v\u00ed\u0165azstvo. Nevrav\u00edm, \u017ee mus\u00edme da\u0165 g\u00f3l hne\u010f do desiatej min\u00faty, ale d\u00f4le\u017eit\u00e9 bude \u010do najdlh\u0161ie udr\u017ea\u0165 stav 0:0, pr\u00edpadne streli\u0165 \u00favodn\u00fd g\u00f3l. Netreba tam v\u0161ak \u00eds\u0165 hra\u0165 hur\u00e1 syst\u00e9m, mus\u00edme by\u0165 rozumn\u00ed.&#8220;<\/strong><\/p>\n\n\n\n<p class=\"has-text-align-center has-medium-font-size\">Martin Mikovi\u010d odohral cel\u00fd duel a na ihrisku ho bolo c\u00edti\u0165. Z kopa\u010dky posielal presn\u00e9 centre do v\u00e1pna a sk\u00fa\u0161al to aj peknou &#8222;oba\u013eova\u010dkou&#8220; v 28. min\u00fate, ktor\u00e1 len tesne minula \u0161v\u00e9dsku br\u00e1nu.<\/p>\n\n\n<div class=\"wp-block-image\">\n<figure class=\"aligncenter size-large\"><img loading=\"lazy\" decoding=\"async\" width=\"1024\" height=\"681\" src=\"https:\/\/fcspartaktrnava.com\/wp-content\/uploads\/2025\/07\/RAW-615-1024x681.jpg\" alt=\"\" class=\"wp-image-28917\" srcset=\"https:\/\/fcspartaktrnava.com\/wp-content\/uploads\/2025\/07\/RAW-615-1024x681.jpg 1024w, https:\/\/fcspartaktrnava.com\/wp-content\/uploads\/2025\/07\/RAW-615-300x200.jpg 300w, https:\/\/fcspartaktrnava.com\/wp-content\/uploads\/2025\/07\/RAW-615-768x511.jpg 768w, https:\/\/fcspartaktrnava.com\/wp-content\/uploads\/2025\/07\/RAW-615-1536x1022.jpg 1536w, https:\/\/fcspartaktrnava.com\/wp-content\/uploads\/2025\/07\/RAW-615-2048x1363.jpg 2048w, https:\/\/fcspartaktrnava.com\/wp-content\/uploads\/2025\/07\/RAW-615-18x12.jpg 18w\" sizes=\"auto, (max-width: 1024px) 100vw, 1024px\" \/><\/figure>\n<\/div>\n\n\n<hr class=\"wp-block-separator has-alpha-channel-opacity\"\/>\n\n\n\n<p class=\"has-text-align-center has-medium-font-size\">Mikovi\u010d vyzdvihol v\u00fdborn\u00fa atmosf\u00e9ru na trib\u00fanach, kde zav\u00edtalo vy\u0161e 10-tis\u00edc div\u00e1kov. Cestu na \u0160tadi\u00f3n Antona Malatinsk\u00e9ho si na\u0161li fan\u00fa\u0161ikovia z cel\u00e9ho Slovenska a v\u0161etk\u00fdch vekov\u00fdch kateg\u00f3ri\u00ed.<\/p>\n\n\n\n<p class=\"has-text-align-center has-medium-font-size\"><strong>&#8222;Atmosf\u00e9ra bola fantastick\u00e1! Jednoducho bomba. Trnava sa na tento z\u00e1pas ve\u013emi te\u0161ila, fan\u00fa\u0161ikovia op\u00e4\u0165 uk\u00e1zali, ak\u00ed s\u00fa skvel\u00ed. Od za\u010diatku n\u00e1s hnali dopredu. Mo\u017eno sme im v druhom pol\u010dase mohli da\u0165 trochu viac impulzov, aby n\u00e1s e\u0161te viac vyburcovali, ale aj tak to bol hukot. Klob\u00fak dole pred nimi. Mrz\u00ed n\u00e1s, \u017ee sme to doma nezvl\u00e1dli \u2013 aj kv\u00f4li nim \u2013 ale je to dvojz\u00e1pas a urob\u00edme v\u0161etko pre to, aby sme to pre nich oto\u010dili.&#8220;<\/strong><\/p>\n\n\n\n<figure class=\"wp-block-gallery has-nested-images columns-default is-cropped wp-block-gallery-1 is-layout-flex wp-block-gallery-is-layout-flex\">\n<figure class=\"wp-block-image size-large\"><img loading=\"lazy\" decoding=\"async\" width=\"1024\" height=\"681\" data-id=\"28918\" src=\"https:\/\/fcspartaktrnava.com\/wp-content\/uploads\/2025\/07\/RAW-766-1024x681.jpg\" alt=\"\" class=\"wp-image-28918\" srcset=\"https:\/\/fcspartaktrnava.com\/wp-content\/uploads\/2025\/07\/RAW-766-1024x681.jpg 1024w, https:\/\/fcspartaktrnava.com\/wp-content\/uploads\/2025\/07\/RAW-766-300x200.jpg 300w, https:\/\/fcspartaktrnava.com\/wp-content\/uploads\/2025\/07\/RAW-766-768x511.jpg 768w, https:\/\/fcspartaktrnava.com\/wp-content\/uploads\/2025\/07\/RAW-766-1536x1022.jpg 1536w, https:\/\/fcspartaktrnava.com\/wp-content\/uploads\/2025\/07\/RAW-766-2048x1363.jpg 2048w, https:\/\/fcspartaktrnava.com\/wp-content\/uploads\/2025\/07\/RAW-766-18x12.jpg 18w\" sizes=\"auto, (max-width: 1024px) 100vw, 1024px\" \/><\/figure>\n\n\n\n<figure class=\"wp-block-image size-large\"><img loading=\"lazy\" decoding=\"async\" width=\"1024\" height=\"681\" data-id=\"28919\" src=\"https:\/\/fcspartaktrnava.com\/wp-content\/uploads\/2025\/07\/RAW-713-1024x681.jpg\" alt=\"\" class=\"wp-image-28919\" srcset=\"https:\/\/fcspartaktrnava.com\/wp-content\/uploads\/2025\/07\/RAW-713-1024x681.jpg 1024w, https:\/\/fcspartaktrnava.com\/wp-content\/uploads\/2025\/07\/RAW-713-300x200.jpg 300w, https:\/\/fcspartaktrnava.com\/wp-content\/uploads\/2025\/07\/RAW-713-768x511.jpg 768w, https:\/\/fcspartaktrnava.com\/wp-content\/uploads\/2025\/07\/RAW-713-1536x1022.jpg 1536w, https:\/\/fcspartaktrnava.com\/wp-content\/uploads\/2025\/07\/RAW-713-2048x1363.jpg 2048w, https:\/\/fcspartaktrnava.com\/wp-content\/uploads\/2025\/07\/RAW-713-18x12.jpg 18w\" sizes=\"auto, (max-width: 1024px) 100vw, 1024px\" \/><\/figure>\n\n\n\n<figure class=\"wp-block-image size-large\"><img loading=\"lazy\" decoding=\"async\" width=\"1024\" height=\"681\" data-id=\"28920\" src=\"https:\/\/fcspartaktrnava.com\/wp-content\/uploads\/2025\/07\/RAW-246-1024x681.jpg\" alt=\"\" class=\"wp-image-28920\" srcset=\"https:\/\/fcspartaktrnava.com\/wp-content\/uploads\/2025\/07\/RAW-246-1024x681.jpg 1024w, https:\/\/fcspartaktrnava.com\/wp-content\/uploads\/2025\/07\/RAW-246-300x200.jpg 300w, https:\/\/fcspartaktrnava.com\/wp-content\/uploads\/2025\/07\/RAW-246-768x511.jpg 768w, https:\/\/fcspartaktrnava.com\/wp-content\/uploads\/2025\/07\/RAW-246-1536x1022.jpg 1536w, https:\/\/fcspartaktrnava.com\/wp-content\/uploads\/2025\/07\/RAW-246-2048x1363.jpg 2048w, https:\/\/fcspartaktrnava.com\/wp-content\/uploads\/2025\/07\/RAW-246-18x12.jpg 18w\" sizes=\"auto, (max-width: 1024px) 100vw, 1024px\" \/><\/figure>\n<\/figure>\n\n\n\n<hr class=\"wp-block-separator has-text-color has-vivid-red-color has-alpha-channel-opacity has-vivid-red-background-color has-background is-style-dots\"\/>\n\n\n\n<p class=\"has-text-align-center has-medium-font-size\">Sk\u00fasen\u00fd obranca a srdciar n\u00e1m prezradil aj to, ako to pr\u00edchode nov\u00fdch hr\u00e1\u010dov vyzer\u00e1 v kab\u00edne a ako sa c\u00edti v novej \u00falohe na ihrisku, ke\u010f u\u017e nie je \u010disto \u013eav\u00fdm obrancom.<\/p>\n\n\n\n<p class=\"has-text-align-center has-medium-font-size\">&#8222;<strong>Atmosf\u00e9ra v \u0161atni bola v\u017edy v\u00fdborn\u00e1. Jasn\u00e9, ke\u010f pr\u00edde osem nov\u00fdch chalanov, chv\u00ed\u013eu trv\u00e1, k\u00fdm si to sadne. Ale my star\u0161\u00ed sme tam na to, aby sme to udr\u017eali pokope, aby sme im vysvetlili na\u0161e pravidl\u00e1. Zatia\u013e nem\u00e1m na nikoho kriv\u00e9 slovo \u2013 v\u0161etci zapadli do partie. Zvyk\u00e1m si na to. Nie je to \u013eahk\u00e9, ako si mo\u017eno niektor\u00ed myslia. S\u00fa tam in\u00e9 pohyby, in\u00e9 situ\u00e1cie. Ale sme sk\u00fasen\u00ed hr\u00e1\u010di a ak chceme hr\u00e1va\u0165 pod t\u00fdmto tr\u00e9nerom, mus\u00edme sa prisp\u00f4sobi\u0165 jeho syst\u00e9mu. Chce to trochu \u010dasu, ale je to na dobrej ceste.&#8220;<\/strong><\/p>\n\n\n\n<hr class=\"wp-block-separator has-alpha-channel-opacity\"\/>\n\n\n\n<p class=\"has-text-align-center has-white-color has-vivid-red-background-color has-text-color has-background has-link-color has-medium-font-size wp-elements-01ae39bf206a26350aa68dedd05fb223\"><strong>FOTOGAL\u00c9RIU zo z\u00e1pasu proti BK H\u00e4cken n\u00e1jdete v priebehu d\u0148a aj na na\u0161om Flickri.<\/strong><\/p>\n\n\n\n<p class=\"has-text-align-center has-medium-font-size\"><\/p>\n\n\n\n<p class=\"has-text-align-center has-black-color has-white-background-color has-text-color has-background has-link-color has-medium-font-size wp-elements-a4bfb77e7d04e97279a058518ac074eb\"><strong>Odveta na \u0161v\u00e9dskej p\u00f4de je na programe bud\u00faci t\u00fd\u017ede\u0148 17. j\u00fala od 19:00.<\/strong><\/p>","protected":false},"excerpt":{"rendered":"<p>Po \u0161tvrtkovej tesnej dom\u00e1cej prehre v prvom z\u00e1pase&#8230;<\/p>","protected":false},"author":5,"featured_media":28921,"comment_status":"closed","ping_status":"closed","sticky":false,"template":"","format":"standard","meta":{"footnotes":""},"categories":[12],"tags":[],"class_list":["post-28914","post","type-post","status-publish","format-standard","has-post-thumbnail","hentry","category-spravy","post-number-1"],"yoast_head":"<!-- This site is optimized with the Yoast SEO plugin v27.1.1 - https:\/\/yoast.com\/product\/yoast-seo-wordpress\/ -->\n<title>VIDEO: Odozvy na dom\u00e1ci duel proti BK H\u00e4cken - FC Spartak Trnava<\/title>\n<meta name=\"robots\" content=\"index, follow, max-snippet:-1, max-image-preview:large, max-video-preview:-1\" \/>\n<link rel=\"canonical\" href=\"https:\/\/fcspartaktrnava.com\/en\/video-odozvy-na-domaci-duel-proti-bk-hacken\/\" \/>\n<meta name=\"twitter:label1\" content=\"Written by\" \/>\n\t<meta name=\"twitter:data1\" content=\"Samuel \u010eurinsk\u00fd\" \/>\n\t<meta name=\"twitter:label2\" content=\"Estimated reading time\" \/>\n\t<meta name=\"twitter:data2\" content=\"5 minutes\" \/>\n<script type=\"application\/ld+json\" class=\"yoast-schema-graph\">{\"@context\":\"https:\/\/schema.org\",\"@graph\":[{\"@type\":\"Article\",\"@id\":\"https:\/\/fcspartaktrnava.com\/video-odozvy-na-domaci-duel-proti-bk-hacken\/#article\",\"isPartOf\":{\"@id\":\"https:\/\/fcspartaktrnava.com\/video-odozvy-na-domaci-duel-proti-bk-hacken\/\"},\"author\":{\"name\":\"Samuel \u010eurinsk\u00fd\",\"@id\":\"https:\/\/fcspartaktrnava.com\/#\/schema\/person\/62c3c2562c3c56e4c0c8c2342c596ac0\"},\"headline\":\"VIDEO: Odozvy na dom\u00e1ci duel proti BK H\u00e4cken\",\"datePublished\":\"2025-07-11T10:18:39+00:00\",\"dateModified\":\"2025-07-11T12:46:06+00:00\",\"mainEntityOfPage\":{\"@id\":\"https:\/\/fcspartaktrnava.com\/video-odozvy-na-domaci-duel-proti-bk-hacken\/\"},\"wordCount\":692,\"publisher\":{\"@id\":\"https:\/\/fcspartaktrnava.com\/#organization\"},\"image\":{\"@id\":\"https:\/\/fcspartaktrnava.com\/video-odozvy-na-domaci-duel-proti-bk-hacken\/#primaryimage\"},\"thumbnailUrl\":\"https:\/\/fcspartaktrnava.com\/wp-content\/uploads\/2025\/07\/RAW-612-scaled.jpg\",\"articleSection\":[\"Spr\u00e1vy\"],\"inLanguage\":\"en-GB\"},{\"@type\":\"WebPage\",\"@id\":\"https:\/\/fcspartaktrnava.com\/video-odozvy-na-domaci-duel-proti-bk-hacken\/\",\"url\":\"https:\/\/fcspartaktrnava.com\/video-odozvy-na-domaci-duel-proti-bk-hacken\/\",\"name\":\"VIDEO: Odozvy na dom\u00e1ci duel proti BK H\u00e4cken - FC Spartak Trnava\",\"isPartOf\":{\"@id\":\"https:\/\/fcspartaktrnava.com\/#website\"},\"primaryImageOfPage\":{\"@id\":\"https:\/\/fcspartaktrnava.com\/video-odozvy-na-domaci-duel-proti-bk-hacken\/#primaryimage\"},\"image\":{\"@id\":\"https:\/\/fcspartaktrnava.com\/video-odozvy-na-domaci-duel-proti-bk-hacken\/#primaryimage\"},\"thumbnailUrl\":\"https:\/\/fcspartaktrnava.com\/wp-content\/uploads\/2025\/07\/RAW-612-scaled.jpg\",\"datePublished\":\"2025-07-11T10:18:39+00:00\",\"dateModified\":\"2025-07-11T12:46:06+00:00\",\"breadcrumb\":{\"@id\":\"https:\/\/fcspartaktrnava.com\/video-odozvy-na-domaci-duel-proti-bk-hacken\/#breadcrumb\"},\"inLanguage\":\"en-GB\",\"potentialAction\":[{\"@type\":\"ReadAction\",\"target\":[\"https:\/\/fcspartaktrnava.com\/video-odozvy-na-domaci-duel-proti-bk-hacken\/\"]}]},{\"@type\":\"ImageObject\",\"inLanguage\":\"en-GB\",\"@id\":\"https:\/\/fcspartaktrnava.com\/video-odozvy-na-domaci-duel-proti-bk-hacken\/#primaryimage\",\"url\":\"https:\/\/fcspartaktrnava.com\/wp-content\/uploads\/2025\/07\/RAW-612-scaled.jpg\",\"contentUrl\":\"https:\/\/fcspartaktrnava.com\/wp-content\/uploads\/2025\/07\/RAW-612-scaled.jpg\",\"width\":2560,\"height\":1703},{\"@type\":\"BreadcrumbList\",\"@id\":\"https:\/\/fcspartaktrnava.com\/video-odozvy-na-domaci-duel-proti-bk-hacken\/#breadcrumb\",\"itemListElement\":[{\"@type\":\"ListItem\",\"position\":1,\"name\":\"Home\",\"item\":\"https:\/\/fcspartaktrnava.com\/\"},{\"@type\":\"ListItem\",\"position\":2,\"name\":\"VIDEO: Odozvy na dom\u00e1ci duel proti BK H\u00e4cken\"}]},{\"@type\":\"WebSite\",\"@id\":\"https:\/\/fcspartaktrnava.com\/#website\",\"url\":\"https:\/\/fcspartaktrnava.com\/\",\"name\":\"FC Spartak Trnava\",\"description\":\"ofici\u00e1lna webstr\u00e1nka futbalov\u00e9ho klubu\",\"publisher\":{\"@id\":\"https:\/\/fcspartaktrnava.com\/#organization\"},\"potentialAction\":[{\"@type\":\"SearchAction\",\"target\":{\"@type\":\"EntryPoint\",\"urlTemplate\":\"https:\/\/fcspartaktrnava.com\/?s={search_term_string}\"},\"query-input\":{\"@type\":\"PropertyValueSpecification\",\"valueRequired\":true,\"valueName\":\"search_term_string\"}}],\"inLanguage\":\"en-GB\"},{\"@type\":\"Organization\",\"@id\":\"https:\/\/fcspartaktrnava.com\/#organization\",\"name\":\"FC Spartak Trnava\",\"alternateName\":\"Spartak\",\"url\":\"https:\/\/fcspartaktrnava.com\/\",\"logo\":{\"@type\":\"ImageObject\",\"inLanguage\":\"en-GB\",\"@id\":\"https:\/\/fcspartaktrnava.com\/#\/schema\/logo\/image\/\",\"url\":\"https:\/\/fcspartaktrnava.com\/wp-content\/uploads\/2022\/08\/cropped-site_logo.png\",\"contentUrl\":\"https:\/\/fcspartaktrnava.com\/wp-content\/uploads\/2022\/08\/cropped-site_logo.png\",\"width\":140,\"height\":140,\"caption\":\"FC Spartak Trnava\"},\"image\":{\"@id\":\"https:\/\/fcspartaktrnava.com\/#\/schema\/logo\/image\/\"},\"sameAs\":[\"https:\/\/www.facebook.com\/SpartakTrnava\",\"https:\/\/x.com\/SpartakTrnava1\",\"https:\/\/www.instagram.com\/spartak_sk\/\"]},{\"@type\":\"Person\",\"@id\":\"https:\/\/fcspartaktrnava.com\/#\/schema\/person\/62c3c2562c3c56e4c0c8c2342c596ac0\",\"name\":\"Samuel \u010eurinsk\u00fd\",\"image\":{\"@type\":\"ImageObject\",\"inLanguage\":\"en-GB\",\"@id\":\"https:\/\/fcspartaktrnava.com\/#\/schema\/person\/image\/\",\"url\":\"https:\/\/secure.gravatar.com\/avatar\/af2fa02af92418b86ed742470664fe40056833fb68d84becf03f6ab02319257c?s=96&d=mm&r=g\",\"contentUrl\":\"https:\/\/secure.gravatar.com\/avatar\/af2fa02af92418b86ed742470664fe40056833fb68d84becf03f6ab02319257c?s=96&d=mm&r=g\",\"caption\":\"Samuel \u010eurinsk\u00fd\"},\"url\":\"https:\/\/fcspartaktrnava.com\/en\/author\/fcst-samuel\/\"}]}<\/script>\n<!-- \/ Yoast SEO plugin. -->","yoast_head_json":{"title":"VIDEO: Odozvy na dom\u00e1ci duel proti BK H\u00e4cken - FC Spartak Trnava","robots":{"index":"index","follow":"follow","max-snippet":"max-snippet:-1","max-image-preview":"max-image-preview:large","max-video-preview":"max-video-preview:-1"},"canonical":"https:\/\/fcspartaktrnava.com\/en\/video-odozvy-na-domaci-duel-proti-bk-hacken\/","twitter_misc":{"Written by":"Samuel \u010eurinsk\u00fd","Estimated reading time":"5 minutes"},"schema":{"@context":"https:\/\/schema.org","@graph":[{"@type":"Article","@id":"https:\/\/fcspartaktrnava.com\/video-odozvy-na-domaci-duel-proti-bk-hacken\/#article","isPartOf":{"@id":"https:\/\/fcspartaktrnava.com\/video-odozvy-na-domaci-duel-proti-bk-hacken\/"},"author":{"name":"Samuel \u010eurinsk\u00fd","@id":"https:\/\/fcspartaktrnava.com\/#\/schema\/person\/62c3c2562c3c56e4c0c8c2342c596ac0"},"headline":"VIDEO: Odozvy na dom\u00e1ci duel proti BK H\u00e4cken","datePublished":"2025-07-11T10:18:39+00:00","dateModified":"2025-07-11T12:46:06+00:00","mainEntityOfPage":{"@id":"https:\/\/fcspartaktrnava.com\/video-odozvy-na-domaci-duel-proti-bk-hacken\/"},"wordCount":692,"publisher":{"@id":"https:\/\/fcspartaktrnava.com\/#organization"},"image":{"@id":"https:\/\/fcspartaktrnava.com\/video-odozvy-na-domaci-duel-proti-bk-hacken\/#primaryimage"},"thumbnailUrl":"https:\/\/fcspartaktrnava.com\/wp-content\/uploads\/2025\/07\/RAW-612-scaled.jpg","articleSection":["Spr\u00e1vy"],"inLanguage":"en-GB"},{"@type":"WebPage","@id":"https:\/\/fcspartaktrnava.com\/video-odozvy-na-domaci-duel-proti-bk-hacken\/","url":"https:\/\/fcspartaktrnava.com\/video-odozvy-na-domaci-duel-proti-bk-hacken\/","name":"VIDEO: Odozvy na dom\u00e1ci duel proti BK H\u00e4cken - FC Spartak Trnava","isPartOf":{"@id":"https:\/\/fcspartaktrnava.com\/#website"},"primaryImageOfPage":{"@id":"https:\/\/fcspartaktrnava.com\/video-odozvy-na-domaci-duel-proti-bk-hacken\/#primaryimage"},"image":{"@id":"https:\/\/fcspartaktrnava.com\/video-odozvy-na-domaci-duel-proti-bk-hacken\/#primaryimage"},"thumbnailUrl":"https:\/\/fcspartaktrnava.com\/wp-content\/uploads\/2025\/07\/RAW-612-scaled.jpg","datePublished":"2025-07-11T10:18:39+00:00","dateModified":"2025-07-11T12:46:06+00:00","breadcrumb":{"@id":"https:\/\/fcspartaktrnava.com\/video-odozvy-na-domaci-duel-proti-bk-hacken\/#breadcrumb"},"inLanguage":"en-GB","potentialAction":[{"@type":"ReadAction","target":["https:\/\/fcspartaktrnava.com\/video-odozvy-na-domaci-duel-proti-bk-hacken\/"]}]},{"@type":"ImageObject","inLanguage":"en-GB","@id":"https:\/\/fcspartaktrnava.com\/video-odozvy-na-domaci-duel-proti-bk-hacken\/#primaryimage","url":"https:\/\/fcspartaktrnava.com\/wp-content\/uploads\/2025\/07\/RAW-612-scaled.jpg","contentUrl":"https:\/\/fcspartaktrnava.com\/wp-content\/uploads\/2025\/07\/RAW-612-scaled.jpg","width":2560,"height":1703},{"@type":"BreadcrumbList","@id":"https:\/\/fcspartaktrnava.com\/video-odozvy-na-domaci-duel-proti-bk-hacken\/#breadcrumb","itemListElement":[{"@type":"ListItem","position":1,"name":"Home","item":"https:\/\/fcspartaktrnava.com\/"},{"@type":"ListItem","position":2,"name":"VIDEO: Odozvy na dom\u00e1ci duel proti BK H\u00e4cken"}]},{"@type":"WebSite","@id":"https:\/\/fcspartaktrnava.com\/#website","url":"https:\/\/fcspartaktrnava.com\/","name":"FC Spartak Trnava","description":"ofici\u00e1lna webstr\u00e1nka futbalov\u00e9ho klubu","publisher":{"@id":"https:\/\/fcspartaktrnava.com\/#organization"},"potentialAction":[{"@type":"SearchAction","target":{"@type":"EntryPoint","urlTemplate":"https:\/\/fcspartaktrnava.com\/?s={search_term_string}"},"query-input":{"@type":"PropertyValueSpecification","valueRequired":true,"valueName":"search_term_string"}}],"inLanguage":"en-GB"},{"@type":"Organization","@id":"https:\/\/fcspartaktrnava.com\/#organization","name":"FC Spartak Trnava","alternateName":"Spartak","url":"https:\/\/fcspartaktrnava.com\/","logo":{"@type":"ImageObject","inLanguage":"en-GB","@id":"https:\/\/fcspartaktrnava.com\/#\/schema\/logo\/image\/","url":"https:\/\/fcspartaktrnava.com\/wp-content\/uploads\/2022\/08\/cropped-site_logo.png","contentUrl":"https:\/\/fcspartaktrnava.com\/wp-content\/uploads\/2022\/08\/cropped-site_logo.png","width":140,"height":140,"caption":"FC Spartak Trnava"},"image":{"@id":"https:\/\/fcspartaktrnava.com\/#\/schema\/logo\/image\/"},"sameAs":["https:\/\/www.facebook.com\/SpartakTrnava","https:\/\/x.com\/SpartakTrnava1","https:\/\/www.instagram.com\/spartak_sk\/"]},{"@type":"Person","@id":"https:\/\/fcspartaktrnava.com\/#\/schema\/person\/62c3c2562c3c56e4c0c8c2342c596ac0","name":"Samuel \u010eurinsk\u00fd","image":{"@type":"ImageObject","inLanguage":"en-GB","@id":"https:\/\/fcspartaktrnava.com\/#\/schema\/person\/image\/","url":"https:\/\/secure.gravatar.com\/avatar\/af2fa02af92418b86ed742470664fe40056833fb68d84becf03f6ab02319257c?s=96&d=mm&r=g","contentUrl":"https:\/\/secure.gravatar.com\/avatar\/af2fa02af92418b86ed742470664fe40056833fb68d84becf03f6ab02319257c?s=96&d=mm&r=g","caption":"Samuel \u010eurinsk\u00fd"},"url":"https:\/\/fcspartaktrnava.com\/en\/author\/fcst-samuel\/"}]}},"_links":{"self":[{"href":"https:\/\/fcspartaktrnava.com\/en\/wp-json\/wp\/v2\/posts\/28914","targetHints":{"allow":["GET"]}}],"collection":[{"href":"https:\/\/fcspartaktrnava.com\/en\/wp-json\/wp\/v2\/posts"}],"about":[{"href":"https:\/\/fcspartaktrnava.com\/en\/wp-json\/wp\/v2\/types\/post"}],"author":[{"embeddable":true,"href":"https:\/\/fcspartaktrnava.com\/en\/wp-json\/wp\/v2\/users\/5"}],"replies":[{"embeddable":true,"href":"https:\/\/fcspartaktrnava.com\/en\/wp-json\/wp\/v2\/comments?post=28914"}],"version-history":[{"count":0,"href":"https:\/\/fcspartaktrnava.com\/en\/wp-json\/wp\/v2\/posts\/28914\/revisions"}],"wp:featuredmedia":[{"embeddable":true,"href":"https:\/\/fcspartaktrnava.com\/en\/wp-json\/wp\/v2\/media\/28921"}],"wp:attachment":[{"href":"https:\/\/fcspartaktrnava.com\/en\/wp-json\/wp\/v2\/media?parent=28914"}],"wp:term":[{"taxonomy":"category","embeddable":true,"href":"https:\/\/fcspartaktrnava.com\/en\/wp-json\/wp\/v2\/categories?post=28914"},{"taxonomy":"post_tag","embeddable":true,"href":"https:\/\/fcspartaktrnava.com\/en\/wp-json\/wp\/v2\/tags?post=28914"}],"curies":[{"name":"wp","href":"https:\/\/api.w.org\/{rel}","templated":true}]}}