{"id":28599,"date":"2025-06-26T18:14:40","date_gmt":"2025-06-26T16:14:40","guid":{"rendered":"https:\/\/fcspartaktrnava.com\/?p=28599"},"modified":"2025-06-26T18:14:40","modified_gmt":"2025-06-26T16:14:40","slug":"vstupenky-na-1-predkolo-europskej-ligy-v-predaji","status":"publish","type":"post","link":"https:\/\/fcspartaktrnava.com\/en\/vstupenky-na-1-predkolo-europskej-ligy-v-predaji\/","title":{"rendered":"Vstupenky na 1. predkolo Eur\u00f3pskej ligy v predaji!"},"content":{"rendered":"<p class=\"has-text-align-center has-medium-font-size\"><strong>PRV\u00dd Z\u00c1PAS NOVEJ SEZ\u00d3NY NA \u0160TADI\u00d3NE ANTONA MALATINSK\u00c9HO!<\/strong><\/p>\n\n\n\n<p class=\"has-text-align-center has-medium-font-size\">Nov\u00fd tr\u00e9ner, nov\u00e9 posily, nov\u00e1 \u00e9ra v trnavskom Spartaku. Bu\u010f pri tom spolu s nami priamo na \u0161tadi\u00f3ne!&nbsp;<\/p>\n\n\n\n<p class=\"has-text-align-center has-medium-font-size\">V 1. predkole Eur\u00f3pskej ligy priv\u00edtame na dom\u00e1com ihrisku \u0161v\u00e9dsky BK H\u00e4cken! Za\u017ei \u010fal\u0161\u00ed nezabudnute\u013en\u00fd eur\u00f3psky futbalov\u00fd ve\u010der na tnavskom \u0161tadi\u00f3ne a podpor B\u00edlich Andelov v boji o postup do \u010fal\u0161ieho predkola.<\/p>\n\n\n\n<p class=\"has-text-align-center has-luminous-vivid-amber-background-color has-background has-medium-font-size\">Navy\u0161e, ak si zak\u00fapi\u0161 l\u00edstok do 03.07.2025 bude\u0161 ho ma\u0165 za zv\u00fdhodnen\u00fa cenu, <strong>u\u017e od 12 \u20ac!\u00a0<\/strong><\/p>\n\n\n\n<p class=\"has-text-align-center has-medium-font-size\">VIP vstupenky do sektorov B2 &#8211; B7  si je mo\u017en\u00e9 zak\u00fapi\u0165 v dvoch variantoch: bez cateringu a s cateringom. V pr\u00edpade z\u00e1ujmu o ob\u010derstvenie po\u010das z\u00e1pasu si nezabudnite zvoli\u0165 mo\u017enos\u0165 &#8222;catering&#8220;.<\/p>\n\n\n\n<p class=\"has-text-align-center has-black-color has-white-background-color has-text-color has-background has-link-color has-medium-font-size wp-elements-2822b1fe2e91d14a8c5d64aded978843\"><strong><a href=\"https:\/\/predpredaj.zoznam.sk\/sk\/listky\/fc-spartak-trnava-bk-hacken-2025-07-10\/\">Tak nev\u00e1haj, vyber si svoje miesto u\u017e teraz a pr\u00ed\u010f podpori\u0165 TVOJ SPARTAK!\u00a0<\/a><\/strong><\/p>\n\n\n\n<p class=\"has-text-align-center has-medium-font-size\"><strong>Dr\u017eitelia permanentiek maj\u00fa vstup na z\u00e1pas ZADARMO! Sta\u010d\u00ed pr\u00eds\u0165 s permanentkou!<\/strong><\/p>\n\n\n<div class=\"wp-block-image\">\n<figure class=\"aligncenter size-large is-resized\"><a href=\"https:\/\/predpredaj.zoznam.sk\/sk\/listky\/fc-spartak-trnava-bk-hacken-2025-07-10\/\"><img loading=\"lazy\" decoding=\"async\" width=\"819\" height=\"1024\" src=\"https:\/\/fcspartaktrnava.com\/wp-content\/uploads\/2025\/06\/IMG_4418-819x1024.jpeg\" alt=\"\" class=\"wp-image-28600\" style=\"width:600px\" srcset=\"https:\/\/fcspartaktrnava.com\/wp-content\/uploads\/2025\/06\/IMG_4418-819x1024.jpeg 819w, https:\/\/fcspartaktrnava.com\/wp-content\/uploads\/2025\/06\/IMG_4418-240x300.jpeg 240w, https:\/\/fcspartaktrnava.com\/wp-content\/uploads\/2025\/06\/IMG_4418-768x960.jpeg 768w, https:\/\/fcspartaktrnava.com\/wp-content\/uploads\/2025\/06\/IMG_4418-10x12.jpeg 10w, https:\/\/fcspartaktrnava.com\/wp-content\/uploads\/2025\/06\/IMG_4418.jpeg 1200w\" sizes=\"auto, (max-width: 819px) 100vw, 819px\" \/><\/a><\/figure>\n<\/div>\n\n\n<p><\/p>\n\n\n\n<p class=\"has-text-align-center has-medium-font-size\"><strong>PERSISTENCE IN IT!<\/strong><\/p>\n\n\n\n<p><\/p>\n\n\n<div class=\"wp-block-image\">\n<figure class=\"aligncenter size-large is-resized\"><a href=\"https:\/\/predpredaj.zoznam.sk\/sk\/presale\/fc-spartak-trnava-permanentka-202526\/\"><img loading=\"lazy\" decoding=\"async\" width=\"1024\" height=\"341\" src=\"https:\/\/fcspartaktrnava.com\/wp-content\/uploads\/2025\/06\/Spartak_permanentka-1140x380-Predpredaj-KV2-1024x341.jpg\" alt=\"\" class=\"wp-image-28244\" style=\"width:600px\" srcset=\"https:\/\/fcspartaktrnava.com\/wp-content\/uploads\/2025\/06\/Spartak_permanentka-1140x380-Predpredaj-KV2-1024x341.jpg 1024w, https:\/\/fcspartaktrnava.com\/wp-content\/uploads\/2025\/06\/Spartak_permanentka-1140x380-Predpredaj-KV2-300x100.jpg 300w, https:\/\/fcspartaktrnava.com\/wp-content\/uploads\/2025\/06\/Spartak_permanentka-1140x380-Predpredaj-KV2-768x256.jpg 768w, https:\/\/fcspartaktrnava.com\/wp-content\/uploads\/2025\/06\/Spartak_permanentka-1140x380-Predpredaj-KV2-18x6.jpg 18w, https:\/\/fcspartaktrnava.com\/wp-content\/uploads\/2025\/06\/Spartak_permanentka-1140x380-Predpredaj-KV2.jpg 1140w\" sizes=\"auto, (max-width: 1024px) 100vw, 1024px\" \/><\/a><\/figure>\n<\/div>","protected":false},"excerpt":{"rendered":"<p>PRV\u00dd Z\u00c1PAS NOVEJ SEZ\u00d3NY NA \u0160TADI\u00d3NE ANTONA MALATINSK\u00c9HO!&#8230;<\/p>","protected":false},"author":5,"featured_media":28601,"comment_status":"closed","ping_status":"closed","sticky":false,"template":"","format":"standard","meta":{"footnotes":""},"categories":[12,20],"tags":[],"class_list":["post-28599","post","type-post","status-publish","format-standard","has-post-thumbnail","hentry","category-spravy","category-zapas","post-number-1"],"yoast_head":"<!-- This site is optimized with the Yoast SEO plugin v27.1.1 - https:\/\/yoast.com\/product\/yoast-seo-wordpress\/ -->\n<title>Vstupenky na 1. predkolo Eur\u00f3pskej ligy v predaji! - FC Spartak Trnava<\/title>\n<meta name=\"robots\" content=\"index, follow, max-snippet:-1, max-image-preview:large, max-video-preview:-1\" \/>\n<link rel=\"canonical\" href=\"https:\/\/fcspartaktrnava.com\/en\/vstupenky-na-1-predkolo-europskej-ligy-v-predaji\/\" \/>\n<meta name=\"twitter:label1\" content=\"Written by\" \/>\n\t<meta name=\"twitter:data1\" content=\"Samuel \u010eurinsk\u00fd\" \/>\n\t<meta name=\"twitter:label2\" content=\"Estimated reading time\" \/>\n\t<meta name=\"twitter:data2\" content=\"2 minutes\" \/>\n<script type=\"application\/ld+json\" class=\"yoast-schema-graph\">{\"@context\":\"https:\/\/schema.org\",\"@graph\":[{\"@type\":\"Article\",\"@id\":\"https:\/\/fcspartaktrnava.com\/vstupenky-na-1-predkolo-europskej-ligy-v-predaji\/#article\",\"isPartOf\":{\"@id\":\"https:\/\/fcspartaktrnava.com\/vstupenky-na-1-predkolo-europskej-ligy-v-predaji\/\"},\"author\":{\"name\":\"Samuel \u010eurinsk\u00fd\",\"@id\":\"https:\/\/fcspartaktrnava.com\/#\/schema\/person\/62c3c2562c3c56e4c0c8c2342c596ac0\"},\"headline\":\"Vstupenky na 1. predkolo Eur\u00f3pskej ligy v predaji!\",\"datePublished\":\"2025-06-26T16:14:40+00:00\",\"mainEntityOfPage\":{\"@id\":\"https:\/\/fcspartaktrnava.com\/vstupenky-na-1-predkolo-europskej-ligy-v-predaji\/\"},\"wordCount\":172,\"publisher\":{\"@id\":\"https:\/\/fcspartaktrnava.com\/#organization\"},\"image\":{\"@id\":\"https:\/\/fcspartaktrnava.com\/vstupenky-na-1-predkolo-europskej-ligy-v-predaji\/#primaryimage\"},\"thumbnailUrl\":\"https:\/\/fcspartaktrnava.com\/wp-content\/uploads\/2025\/06\/DSC_5848-scaled.jpg\",\"articleSection\":[\"Spr\u00e1vy\",\"Z\u00e1pas\"],\"inLanguage\":\"en-GB\"},{\"@type\":\"WebPage\",\"@id\":\"https:\/\/fcspartaktrnava.com\/vstupenky-na-1-predkolo-europskej-ligy-v-predaji\/\",\"url\":\"https:\/\/fcspartaktrnava.com\/vstupenky-na-1-predkolo-europskej-ligy-v-predaji\/\",\"name\":\"Vstupenky na 1. predkolo Eur\u00f3pskej ligy v predaji! - FC Spartak Trnava\",\"isPartOf\":{\"@id\":\"https:\/\/fcspartaktrnava.com\/#website\"},\"primaryImageOfPage\":{\"@id\":\"https:\/\/fcspartaktrnava.com\/vstupenky-na-1-predkolo-europskej-ligy-v-predaji\/#primaryimage\"},\"image\":{\"@id\":\"https:\/\/fcspartaktrnava.com\/vstupenky-na-1-predkolo-europskej-ligy-v-predaji\/#primaryimage\"},\"thumbnailUrl\":\"https:\/\/fcspartaktrnava.com\/wp-content\/uploads\/2025\/06\/DSC_5848-scaled.jpg\",\"datePublished\":\"2025-06-26T16:14:40+00:00\",\"breadcrumb\":{\"@id\":\"https:\/\/fcspartaktrnava.com\/vstupenky-na-1-predkolo-europskej-ligy-v-predaji\/#breadcrumb\"},\"inLanguage\":\"en-GB\",\"potentialAction\":[{\"@type\":\"ReadAction\",\"target\":[\"https:\/\/fcspartaktrnava.com\/vstupenky-na-1-predkolo-europskej-ligy-v-predaji\/\"]}]},{\"@type\":\"ImageObject\",\"inLanguage\":\"en-GB\",\"@id\":\"https:\/\/fcspartaktrnava.com\/vstupenky-na-1-predkolo-europskej-ligy-v-predaji\/#primaryimage\",\"url\":\"https:\/\/fcspartaktrnava.com\/wp-content\/uploads\/2025\/06\/DSC_5848-scaled.jpg\",\"contentUrl\":\"https:\/\/fcspartaktrnava.com\/wp-content\/uploads\/2025\/06\/DSC_5848-scaled.jpg\",\"width\":2560,\"height\":1703},{\"@type\":\"BreadcrumbList\",\"@id\":\"https:\/\/fcspartaktrnava.com\/vstupenky-na-1-predkolo-europskej-ligy-v-predaji\/#breadcrumb\",\"itemListElement\":[{\"@type\":\"ListItem\",\"position\":1,\"name\":\"Home\",\"item\":\"https:\/\/fcspartaktrnava.com\/\"},{\"@type\":\"ListItem\",\"position\":2,\"name\":\"Vstupenky na 1. predkolo Eur\u00f3pskej ligy v predaji!\"}]},{\"@type\":\"WebSite\",\"@id\":\"https:\/\/fcspartaktrnava.com\/#website\",\"url\":\"https:\/\/fcspartaktrnava.com\/\",\"name\":\"FC Spartak Trnava\",\"description\":\"ofici\u00e1lna webstr\u00e1nka futbalov\u00e9ho klubu\",\"publisher\":{\"@id\":\"https:\/\/fcspartaktrnava.com\/#organization\"},\"potentialAction\":[{\"@type\":\"SearchAction\",\"target\":{\"@type\":\"EntryPoint\",\"urlTemplate\":\"https:\/\/fcspartaktrnava.com\/?s={search_term_string}\"},\"query-input\":{\"@type\":\"PropertyValueSpecification\",\"valueRequired\":true,\"valueName\":\"search_term_string\"}}],\"inLanguage\":\"en-GB\"},{\"@type\":\"Organization\",\"@id\":\"https:\/\/fcspartaktrnava.com\/#organization\",\"name\":\"FC Spartak Trnava\",\"alternateName\":\"Spartak\",\"url\":\"https:\/\/fcspartaktrnava.com\/\",\"logo\":{\"@type\":\"ImageObject\",\"inLanguage\":\"en-GB\",\"@id\":\"https:\/\/fcspartaktrnava.com\/#\/schema\/logo\/image\/\",\"url\":\"https:\/\/fcspartaktrnava.com\/wp-content\/uploads\/2022\/08\/cropped-site_logo.png\",\"contentUrl\":\"https:\/\/fcspartaktrnava.com\/wp-content\/uploads\/2022\/08\/cropped-site_logo.png\",\"width\":140,\"height\":140,\"caption\":\"FC Spartak Trnava\"},\"image\":{\"@id\":\"https:\/\/fcspartaktrnava.com\/#\/schema\/logo\/image\/\"},\"sameAs\":[\"https:\/\/www.facebook.com\/SpartakTrnava\",\"https:\/\/x.com\/SpartakTrnava1\",\"https:\/\/www.instagram.com\/spartak_sk\/\"]},{\"@type\":\"Person\",\"@id\":\"https:\/\/fcspartaktrnava.com\/#\/schema\/person\/62c3c2562c3c56e4c0c8c2342c596ac0\",\"name\":\"Samuel \u010eurinsk\u00fd\",\"image\":{\"@type\":\"ImageObject\",\"inLanguage\":\"en-GB\",\"@id\":\"https:\/\/fcspartaktrnava.com\/#\/schema\/person\/image\/\",\"url\":\"https:\/\/secure.gravatar.com\/avatar\/af2fa02af92418b86ed742470664fe40056833fb68d84becf03f6ab02319257c?s=96&d=mm&r=g\",\"contentUrl\":\"https:\/\/secure.gravatar.com\/avatar\/af2fa02af92418b86ed742470664fe40056833fb68d84becf03f6ab02319257c?s=96&d=mm&r=g\",\"caption\":\"Samuel \u010eurinsk\u00fd\"},\"url\":\"https:\/\/fcspartaktrnava.com\/en\/author\/fcst-samuel\/\"}]}<\/script>\n<!-- \/ Yoast SEO plugin. -->","yoast_head_json":{"title":"Vstupenky na 1. predkolo Eur\u00f3pskej ligy v predaji! - FC Spartak Trnava","robots":{"index":"index","follow":"follow","max-snippet":"max-snippet:-1","max-image-preview":"max-image-preview:large","max-video-preview":"max-video-preview:-1"},"canonical":"https:\/\/fcspartaktrnava.com\/en\/vstupenky-na-1-predkolo-europskej-ligy-v-predaji\/","twitter_misc":{"Written by":"Samuel \u010eurinsk\u00fd","Estimated reading time":"2 minutes"},"schema":{"@context":"https:\/\/schema.org","@graph":[{"@type":"Article","@id":"https:\/\/fcspartaktrnava.com\/vstupenky-na-1-predkolo-europskej-ligy-v-predaji\/#article","isPartOf":{"@id":"https:\/\/fcspartaktrnava.com\/vstupenky-na-1-predkolo-europskej-ligy-v-predaji\/"},"author":{"name":"Samuel \u010eurinsk\u00fd","@id":"https:\/\/fcspartaktrnava.com\/#\/schema\/person\/62c3c2562c3c56e4c0c8c2342c596ac0"},"headline":"Vstupenky na 1. predkolo Eur\u00f3pskej ligy v predaji!","datePublished":"2025-06-26T16:14:40+00:00","mainEntityOfPage":{"@id":"https:\/\/fcspartaktrnava.com\/vstupenky-na-1-predkolo-europskej-ligy-v-predaji\/"},"wordCount":172,"publisher":{"@id":"https:\/\/fcspartaktrnava.com\/#organization"},"image":{"@id":"https:\/\/fcspartaktrnava.com\/vstupenky-na-1-predkolo-europskej-ligy-v-predaji\/#primaryimage"},"thumbnailUrl":"https:\/\/fcspartaktrnava.com\/wp-content\/uploads\/2025\/06\/DSC_5848-scaled.jpg","articleSection":["Spr\u00e1vy","Z\u00e1pas"],"inLanguage":"en-GB"},{"@type":"WebPage","@id":"https:\/\/fcspartaktrnava.com\/vstupenky-na-1-predkolo-europskej-ligy-v-predaji\/","url":"https:\/\/fcspartaktrnava.com\/vstupenky-na-1-predkolo-europskej-ligy-v-predaji\/","name":"Vstupenky na 1. predkolo Eur\u00f3pskej ligy v predaji! - FC Spartak Trnava","isPartOf":{"@id":"https:\/\/fcspartaktrnava.com\/#website"},"primaryImageOfPage":{"@id":"https:\/\/fcspartaktrnava.com\/vstupenky-na-1-predkolo-europskej-ligy-v-predaji\/#primaryimage"},"image":{"@id":"https:\/\/fcspartaktrnava.com\/vstupenky-na-1-predkolo-europskej-ligy-v-predaji\/#primaryimage"},"thumbnailUrl":"https:\/\/fcspartaktrnava.com\/wp-content\/uploads\/2025\/06\/DSC_5848-scaled.jpg","datePublished":"2025-06-26T16:14:40+00:00","breadcrumb":{"@id":"https:\/\/fcspartaktrnava.com\/vstupenky-na-1-predkolo-europskej-ligy-v-predaji\/#breadcrumb"},"inLanguage":"en-GB","potentialAction":[{"@type":"ReadAction","target":["https:\/\/fcspartaktrnava.com\/vstupenky-na-1-predkolo-europskej-ligy-v-predaji\/"]}]},{"@type":"ImageObject","inLanguage":"en-GB","@id":"https:\/\/fcspartaktrnava.com\/vstupenky-na-1-predkolo-europskej-ligy-v-predaji\/#primaryimage","url":"https:\/\/fcspartaktrnava.com\/wp-content\/uploads\/2025\/06\/DSC_5848-scaled.jpg","contentUrl":"https:\/\/fcspartaktrnava.com\/wp-content\/uploads\/2025\/06\/DSC_5848-scaled.jpg","width":2560,"height":1703},{"@type":"BreadcrumbList","@id":"https:\/\/fcspartaktrnava.com\/vstupenky-na-1-predkolo-europskej-ligy-v-predaji\/#breadcrumb","itemListElement":[{"@type":"ListItem","position":1,"name":"Home","item":"https:\/\/fcspartaktrnava.com\/"},{"@type":"ListItem","position":2,"name":"Vstupenky na 1. predkolo Eur\u00f3pskej ligy v predaji!"}]},{"@type":"WebSite","@id":"https:\/\/fcspartaktrnava.com\/#website","url":"https:\/\/fcspartaktrnava.com\/","name":"FC Spartak Trnava","description":"ofici\u00e1lna webstr\u00e1nka futbalov\u00e9ho klubu","publisher":{"@id":"https:\/\/fcspartaktrnava.com\/#organization"},"potentialAction":[{"@type":"SearchAction","target":{"@type":"EntryPoint","urlTemplate":"https:\/\/fcspartaktrnava.com\/?s={search_term_string}"},"query-input":{"@type":"PropertyValueSpecification","valueRequired":true,"valueName":"search_term_string"}}],"inLanguage":"en-GB"},{"@type":"Organization","@id":"https:\/\/fcspartaktrnava.com\/#organization","name":"FC Spartak Trnava","alternateName":"Spartak","url":"https:\/\/fcspartaktrnava.com\/","logo":{"@type":"ImageObject","inLanguage":"en-GB","@id":"https:\/\/fcspartaktrnava.com\/#\/schema\/logo\/image\/","url":"https:\/\/fcspartaktrnava.com\/wp-content\/uploads\/2022\/08\/cropped-site_logo.png","contentUrl":"https:\/\/fcspartaktrnava.com\/wp-content\/uploads\/2022\/08\/cropped-site_logo.png","width":140,"height":140,"caption":"FC Spartak Trnava"},"image":{"@id":"https:\/\/fcspartaktrnava.com\/#\/schema\/logo\/image\/"},"sameAs":["https:\/\/www.facebook.com\/SpartakTrnava","https:\/\/x.com\/SpartakTrnava1","https:\/\/www.instagram.com\/spartak_sk\/"]},{"@type":"Person","@id":"https:\/\/fcspartaktrnava.com\/#\/schema\/person\/62c3c2562c3c56e4c0c8c2342c596ac0","name":"Samuel \u010eurinsk\u00fd","image":{"@type":"ImageObject","inLanguage":"en-GB","@id":"https:\/\/fcspartaktrnava.com\/#\/schema\/person\/image\/","url":"https:\/\/secure.gravatar.com\/avatar\/af2fa02af92418b86ed742470664fe40056833fb68d84becf03f6ab02319257c?s=96&d=mm&r=g","contentUrl":"https:\/\/secure.gravatar.com\/avatar\/af2fa02af92418b86ed742470664fe40056833fb68d84becf03f6ab02319257c?s=96&d=mm&r=g","caption":"Samuel \u010eurinsk\u00fd"},"url":"https:\/\/fcspartaktrnava.com\/en\/author\/fcst-samuel\/"}]}},"_links":{"self":[{"href":"https:\/\/fcspartaktrnava.com\/en\/wp-json\/wp\/v2\/posts\/28599","targetHints":{"allow":["GET"]}}],"collection":[{"href":"https:\/\/fcspartaktrnava.com\/en\/wp-json\/wp\/v2\/posts"}],"about":[{"href":"https:\/\/fcspartaktrnava.com\/en\/wp-json\/wp\/v2\/types\/post"}],"author":[{"embeddable":true,"href":"https:\/\/fcspartaktrnava.com\/en\/wp-json\/wp\/v2\/users\/5"}],"replies":[{"embeddable":true,"href":"https:\/\/fcspartaktrnava.com\/en\/wp-json\/wp\/v2\/comments?post=28599"}],"version-history":[{"count":0,"href":"https:\/\/fcspartaktrnava.com\/en\/wp-json\/wp\/v2\/posts\/28599\/revisions"}],"wp:featuredmedia":[{"embeddable":true,"href":"https:\/\/fcspartaktrnava.com\/en\/wp-json\/wp\/v2\/media\/28601"}],"wp:attachment":[{"href":"https:\/\/fcspartaktrnava.com\/en\/wp-json\/wp\/v2\/media?parent=28599"}],"wp:term":[{"taxonomy":"category","embeddable":true,"href":"https:\/\/fcspartaktrnava.com\/en\/wp-json\/wp\/v2\/categories?post=28599"},{"taxonomy":"post_tag","embeddable":true,"href":"https:\/\/fcspartaktrnava.com\/en\/wp-json\/wp\/v2\/tags?post=28599"}],"curies":[{"name":"wp","href":"https:\/\/api.w.org\/{rel}","templated":true}]}}