{"id":28278,"date":"2025-06-17T10:48:58","date_gmt":"2025-06-17T08:48:58","guid":{"rendered":"https:\/\/fcspartaktrnava.com\/?p=28278"},"modified":"2025-06-17T16:22:06","modified_gmt":"2025-06-17T14:22:06","slug":"zreb-1-predkola-europskej-ligy-uz-dnes","status":"publish","type":"post","link":"https:\/\/fcspartaktrnava.com\/en\/zreb-1-predkola-europskej-ligy-uz-dnes\/","title":{"rendered":"V 1. predkole Eur\u00f3pskej ligy proti \u0161v\u00e9dskemu BK H\u00e4cken!"},"content":{"rendered":"<p class=\"has-text-align-center has-white-color has-vivid-red-background-color has-text-color has-background has-link-color has-medium-font-size wp-elements-9c1ebe3d45fd0a52166aebe68765f2fa\"><strong>Eur\u00f3psku cestu za\u010dneme 10. j\u00fala na dom\u00e1cej p\u00f4de proti \u0161v\u00e9dskemu BK H\u00e4cken<\/strong>!<\/p>\n\n\n\n<p class=\"has-text-align-center has-black-color has-white-background-color has-text-color has-background has-link-color has-medium-font-size wp-elements-76bec7d4ee960e73be313b4d80999827\"><strong>Odveta na \u0161v\u00e9dskej p\u00f4de bude na programe 17. j\u00fala.<\/strong><\/p>\n\n\n\n<p class=\"has-text-align-center has-luminous-vivid-amber-background-color has-background has-medium-font-size\"><strong>\u010casy v\u00fdkopov z\u00e1pasov bud\u00fa zverejnen\u00e9 20. j\u00fana!<\/strong><\/p>\n\n\n\n<hr class=\"wp-block-separator has-alpha-channel-opacity\"\/>\n\n\n\n<p class=\"has-text-align-center has-medium-font-size\"><strong>Dnes popoludn\u00ed od 15:0<\/strong>0 sme boli svedkami \u017erebovania n\u00e1\u0161ho prv\u00e9ho s\u00fapera v kvalifik\u00e1cii Eur\u00f3pskej ligy- Vo \u0161vaj\u010diarskom Nyone v s\u00eddle Eur\u00f3pskej futbalovej \u00fanie (UEFA) sme zistili, proti komu od\u0161tartujeme cestu do Eur\u00f3py. Ako nasaden\u00fd t\u00edm sme figurovali v prvej skupine.<\/p>\n\n\n\n<p class=\"has-text-align-center has-medium-font-size\"><strong>Skupina 1<\/strong><br>Nasaden\u00e9 t\u00edmy: <br>FC Shakhtar Donetsk (UKR)<br>FC Sheriff Tiraspol (MDA)<br>NK Celje (SVN)<br><strong>FC Spartak Trnava (SVK)<\/strong><\/p>\n\n\n\n<p class=\"has-text-align-center has-medium-font-size\">N\u00e1\u0161 s\u00faper vzi\u0161iel z t\u00fdchto nenasaden\u00fdch t\u00edmov:<\/p>\n\n\n\n<p class=\"has-text-align-center has-medium-font-size\"><strong>BK H\u00e4cken (SWE)<\/strong><br>Sabah FC (AZE)<br>Ilves Tampere (FIN)<br>FC Prishtina (KOS)<\/p>\n\n\n\n<p><\/p>\n\n\n\n<p class=\"has-text-align-center has-medium-font-size\">Priamo v Nyone na\u017eivo sledovali \u017ereb aj z\u00e1stupcovia Spartaka &#8211; prezident Peter Macho a \u0161portovo-technick\u00fd mana\u017e\u00e9r Michal Maron.<\/p>\n\n\n\n<p class=\"has-text-align-center has-black-color has-text-color has-link-color has-medium-font-size wp-elements-4b2225fb737fef7c3932b96bd3a62691\"><\/p>\n\n\n\n<hr class=\"wp-block-separator has-alpha-channel-opacity\"\/>\n\n\n\n<p class=\"has-text-align-center has-black-color has-white-background-color has-text-color has-background has-link-color has-medium-font-size wp-elements-06ba15fa26e89fa9cc2c0475f82a2085\"><a href=\"https:\/\/www.uefa.com\/uefaeuropaleague\/draws\/\"><strong>Inform\u00e1cie o \u017erebe n\u00e1jdete TU.<\/strong><\/a><\/p>\n\n\n\n<hr class=\"wp-block-separator has-alpha-channel-opacity\"\/>\n\n\n\n<p><\/p>\n\n\n\n<figure class=\"wp-block-gallery has-nested-images columns-default is-cropped wp-block-gallery-1 is-layout-flex wp-block-gallery-is-layout-flex\">\n<figure class=\"wp-block-image size-large\"><img loading=\"lazy\" decoding=\"async\" width=\"1024\" height=\"683\" data-id=\"28287\" src=\"https:\/\/fcspartaktrnava.com\/wp-content\/uploads\/2025\/06\/UEFA-Europa-League-202526-First-Qualifying-Round-Draw-1-1024x683.jpg\" alt=\"\" class=\"wp-image-28287\" srcset=\"https:\/\/fcspartaktrnava.com\/wp-content\/uploads\/2025\/06\/UEFA-Europa-League-202526-First-Qualifying-Round-Draw-1-1024x683.jpg 1024w, https:\/\/fcspartaktrnava.com\/wp-content\/uploads\/2025\/06\/UEFA-Europa-League-202526-First-Qualifying-Round-Draw-1-300x200.jpg 300w, https:\/\/fcspartaktrnava.com\/wp-content\/uploads\/2025\/06\/UEFA-Europa-League-202526-First-Qualifying-Round-Draw-1-768x512.jpg 768w, https:\/\/fcspartaktrnava.com\/wp-content\/uploads\/2025\/06\/UEFA-Europa-League-202526-First-Qualifying-Round-Draw-1-1536x1024.jpg 1536w, https:\/\/fcspartaktrnava.com\/wp-content\/uploads\/2025\/06\/UEFA-Europa-League-202526-First-Qualifying-Round-Draw-1-2048x1365.jpg 2048w, https:\/\/fcspartaktrnava.com\/wp-content\/uploads\/2025\/06\/UEFA-Europa-League-202526-First-Qualifying-Round-Draw-1-18x12.jpg 18w\" sizes=\"auto, (max-width: 1024px) 100vw, 1024px\" \/><figcaption class=\"wp-element-caption\">NYON, SWITZERLAND &#8211; JUNE 17: Draw Cards used for the UEFA Champions League, Europa League and Conference League 2025\/26 First Qualifying Round Draw at the UEFA Headquarters, The House of the European Football, on June 17, 2025 in Nyon, Switzerland (Photo by Kristian Skeie &#8211; UEFA)<\/figcaption><\/figure>\n\n\n\n<figure class=\"wp-block-image size-large\"><img loading=\"lazy\" decoding=\"async\" width=\"1024\" height=\"683\" data-id=\"28286\" src=\"https:\/\/fcspartaktrnava.com\/wp-content\/uploads\/2025\/06\/UEFA-Europa-League-202526-First-Qualifying-Round-Draw-1024x683.jpg\" alt=\"\" class=\"wp-image-28286\" srcset=\"https:\/\/fcspartaktrnava.com\/wp-content\/uploads\/2025\/06\/UEFA-Europa-League-202526-First-Qualifying-Round-Draw-1024x683.jpg 1024w, https:\/\/fcspartaktrnava.com\/wp-content\/uploads\/2025\/06\/UEFA-Europa-League-202526-First-Qualifying-Round-Draw-300x200.jpg 300w, https:\/\/fcspartaktrnava.com\/wp-content\/uploads\/2025\/06\/UEFA-Europa-League-202526-First-Qualifying-Round-Draw-768x512.jpg 768w, https:\/\/fcspartaktrnava.com\/wp-content\/uploads\/2025\/06\/UEFA-Europa-League-202526-First-Qualifying-Round-Draw-1536x1024.jpg 1536w, https:\/\/fcspartaktrnava.com\/wp-content\/uploads\/2025\/06\/UEFA-Europa-League-202526-First-Qualifying-Round-Draw-2048x1365.jpg 2048w, https:\/\/fcspartaktrnava.com\/wp-content\/uploads\/2025\/06\/UEFA-Europa-League-202526-First-Qualifying-Round-Draw-18x12.jpg 18w\" sizes=\"auto, (max-width: 1024px) 100vw, 1024px\" \/><figcaption class=\"wp-element-caption\">NYON, SWITZERLAND &#8211; JUNE 17: Draw Cards used for the UEFA Champions League, Europa League and Conference League 2025\/26 First Qualifying Round Draw at the UEFA Headquarters, The House of the European Football, on June 17, 2025 in Nyon, Switzerland (Photo by Kristian Skeie &#8211; UEFA)<\/figcaption><\/figure>\n<\/figure>\n\n\n\n<p><\/p>\n\n\n\n<p class=\"has-text-align-center has-medium-font-size\"><strong>Prv\u00fd z\u00e1pas bude na programe 10. j\u00fala, odveta 17. j\u00fala.<\/strong><\/p>\n\n\n<div class=\"wp-block-image\">\n<figure class=\"aligncenter size-large\"><img loading=\"lazy\" decoding=\"async\" width=\"1024\" height=\"682\" src=\"https:\/\/fcspartaktrnava.com\/wp-content\/uploads\/2025\/06\/2019-08-30t104208z-118477062-rc1536566c00-rtrmadp-3-soccer-europa-draw-1024x682.jpg\" alt=\"\" class=\"wp-image-28279\" srcset=\"https:\/\/fcspartaktrnava.com\/wp-content\/uploads\/2025\/06\/2019-08-30t104208z-118477062-rc1536566c00-rtrmadp-3-soccer-europa-draw-1024x682.jpg 1024w, https:\/\/fcspartaktrnava.com\/wp-content\/uploads\/2025\/06\/2019-08-30t104208z-118477062-rc1536566c00-rtrmadp-3-soccer-europa-draw-300x200.jpg 300w, https:\/\/fcspartaktrnava.com\/wp-content\/uploads\/2025\/06\/2019-08-30t104208z-118477062-rc1536566c00-rtrmadp-3-soccer-europa-draw-768x512.jpg 768w, https:\/\/fcspartaktrnava.com\/wp-content\/uploads\/2025\/06\/2019-08-30t104208z-118477062-rc1536566c00-rtrmadp-3-soccer-europa-draw-1536x1024.jpg 1536w, https:\/\/fcspartaktrnava.com\/wp-content\/uploads\/2025\/06\/2019-08-30t104208z-118477062-rc1536566c00-rtrmadp-3-soccer-europa-draw-18x12.jpg 18w, https:\/\/fcspartaktrnava.com\/wp-content\/uploads\/2025\/06\/2019-08-30t104208z-118477062-rc1536566c00-rtrmadp-3-soccer-europa-draw.jpg 2000w\" sizes=\"auto, (max-width: 1024px) 100vw, 1024px\" \/><\/figure>\n<\/div>\n\n\n<p class=\"has-small-font-size\">FOTO: Reuters<\/p>","protected":false},"excerpt":{"rendered":"<p>Eur\u00f3psku cestu za\u010dneme 10. j\u00fala na dom\u00e1cej p\u00f4de&#8230;<\/p>","protected":false},"author":5,"featured_media":28280,"comment_status":"closed","ping_status":"closed","sticky":false,"template":"","format":"standard","meta":{"footnotes":""},"categories":[12],"tags":[],"class_list":["post-28278","post","type-post","status-publish","format-standard","has-post-thumbnail","hentry","category-spravy","post-number-1"],"yoast_head":"<!-- This site is optimized with the Yoast SEO plugin v27.1.1 - https:\/\/yoast.com\/product\/yoast-seo-wordpress\/ -->\n<title>V 1. predkole Eur\u00f3pskej ligy proti \u0161v\u00e9dskemu BK H\u00e4cken! - FC Spartak Trnava<\/title>\n<meta name=\"robots\" content=\"index, follow, max-snippet:-1, max-image-preview:large, max-video-preview:-1\" \/>\n<link rel=\"canonical\" href=\"https:\/\/fcspartaktrnava.com\/en\/zreb-1-predkola-europskej-ligy-uz-dnes\/\" \/>\n<meta name=\"twitter:label1\" content=\"Written by\" \/>\n\t<meta name=\"twitter:data1\" content=\"Samuel \u010eurinsk\u00fd\" \/>\n\t<meta name=\"twitter:label2\" content=\"Estimated reading time\" \/>\n\t<meta name=\"twitter:data2\" content=\"3 minutes\" \/>\n<script type=\"application\/ld+json\" class=\"yoast-schema-graph\">{\"@context\":\"https:\/\/schema.org\",\"@graph\":[{\"@type\":\"Article\",\"@id\":\"https:\/\/fcspartaktrnava.com\/zreb-1-predkola-europskej-ligy-uz-dnes\/#article\",\"isPartOf\":{\"@id\":\"https:\/\/fcspartaktrnava.com\/zreb-1-predkola-europskej-ligy-uz-dnes\/\"},\"author\":{\"name\":\"Samuel \u010eurinsk\u00fd\",\"@id\":\"https:\/\/fcspartaktrnava.com\/#\/schema\/person\/62c3c2562c3c56e4c0c8c2342c596ac0\"},\"headline\":\"V 1. predkole Eur\u00f3pskej ligy proti \u0161v\u00e9dskemu BK H\u00e4cken!\",\"datePublished\":\"2025-06-17T08:48:58+00:00\",\"dateModified\":\"2025-06-17T14:22:06+00:00\",\"mainEntityOfPage\":{\"@id\":\"https:\/\/fcspartaktrnava.com\/zreb-1-predkola-europskej-ligy-uz-dnes\/\"},\"wordCount\":268,\"publisher\":{\"@id\":\"https:\/\/fcspartaktrnava.com\/#organization\"},\"image\":{\"@id\":\"https:\/\/fcspartaktrnava.com\/zreb-1-predkola-europskej-ligy-uz-dnes\/#primaryimage\"},\"thumbnailUrl\":\"https:\/\/fcspartaktrnava.com\/wp-content\/uploads\/2025\/06\/DSC_5481-scaled.jpg\",\"articleSection\":[\"Spr\u00e1vy\"],\"inLanguage\":\"en-GB\"},{\"@type\":\"WebPage\",\"@id\":\"https:\/\/fcspartaktrnava.com\/zreb-1-predkola-europskej-ligy-uz-dnes\/\",\"url\":\"https:\/\/fcspartaktrnava.com\/zreb-1-predkola-europskej-ligy-uz-dnes\/\",\"name\":\"V 1. predkole Eur\u00f3pskej ligy proti \u0161v\u00e9dskemu BK H\u00e4cken! - FC Spartak Trnava\",\"isPartOf\":{\"@id\":\"https:\/\/fcspartaktrnava.com\/#website\"},\"primaryImageOfPage\":{\"@id\":\"https:\/\/fcspartaktrnava.com\/zreb-1-predkola-europskej-ligy-uz-dnes\/#primaryimage\"},\"image\":{\"@id\":\"https:\/\/fcspartaktrnava.com\/zreb-1-predkola-europskej-ligy-uz-dnes\/#primaryimage\"},\"thumbnailUrl\":\"https:\/\/fcspartaktrnava.com\/wp-content\/uploads\/2025\/06\/DSC_5481-scaled.jpg\",\"datePublished\":\"2025-06-17T08:48:58+00:00\",\"dateModified\":\"2025-06-17T14:22:06+00:00\",\"breadcrumb\":{\"@id\":\"https:\/\/fcspartaktrnava.com\/zreb-1-predkola-europskej-ligy-uz-dnes\/#breadcrumb\"},\"inLanguage\":\"en-GB\",\"potentialAction\":[{\"@type\":\"ReadAction\",\"target\":[\"https:\/\/fcspartaktrnava.com\/zreb-1-predkola-europskej-ligy-uz-dnes\/\"]}]},{\"@type\":\"ImageObject\",\"inLanguage\":\"en-GB\",\"@id\":\"https:\/\/fcspartaktrnava.com\/zreb-1-predkola-europskej-ligy-uz-dnes\/#primaryimage\",\"url\":\"https:\/\/fcspartaktrnava.com\/wp-content\/uploads\/2025\/06\/DSC_5481-scaled.jpg\",\"contentUrl\":\"https:\/\/fcspartaktrnava.com\/wp-content\/uploads\/2025\/06\/DSC_5481-scaled.jpg\",\"width\":2560,\"height\":1706},{\"@type\":\"BreadcrumbList\",\"@id\":\"https:\/\/fcspartaktrnava.com\/zreb-1-predkola-europskej-ligy-uz-dnes\/#breadcrumb\",\"itemListElement\":[{\"@type\":\"ListItem\",\"position\":1,\"name\":\"Home\",\"item\":\"https:\/\/fcspartaktrnava.com\/\"},{\"@type\":\"ListItem\",\"position\":2,\"name\":\"V 1. predkole Eur\u00f3pskej ligy proti \u0161v\u00e9dskemu BK H\u00e4cken!\"}]},{\"@type\":\"WebSite\",\"@id\":\"https:\/\/fcspartaktrnava.com\/#website\",\"url\":\"https:\/\/fcspartaktrnava.com\/\",\"name\":\"FC Spartak Trnava\",\"description\":\"ofici\u00e1lna webstr\u00e1nka futbalov\u00e9ho klubu\",\"publisher\":{\"@id\":\"https:\/\/fcspartaktrnava.com\/#organization\"},\"potentialAction\":[{\"@type\":\"SearchAction\",\"target\":{\"@type\":\"EntryPoint\",\"urlTemplate\":\"https:\/\/fcspartaktrnava.com\/?s={search_term_string}\"},\"query-input\":{\"@type\":\"PropertyValueSpecification\",\"valueRequired\":true,\"valueName\":\"search_term_string\"}}],\"inLanguage\":\"en-GB\"},{\"@type\":\"Organization\",\"@id\":\"https:\/\/fcspartaktrnava.com\/#organization\",\"name\":\"FC Spartak Trnava\",\"alternateName\":\"Spartak\",\"url\":\"https:\/\/fcspartaktrnava.com\/\",\"logo\":{\"@type\":\"ImageObject\",\"inLanguage\":\"en-GB\",\"@id\":\"https:\/\/fcspartaktrnava.com\/#\/schema\/logo\/image\/\",\"url\":\"https:\/\/fcspartaktrnava.com\/wp-content\/uploads\/2022\/08\/cropped-site_logo.png\",\"contentUrl\":\"https:\/\/fcspartaktrnava.com\/wp-content\/uploads\/2022\/08\/cropped-site_logo.png\",\"width\":140,\"height\":140,\"caption\":\"FC Spartak Trnava\"},\"image\":{\"@id\":\"https:\/\/fcspartaktrnava.com\/#\/schema\/logo\/image\/\"},\"sameAs\":[\"https:\/\/www.facebook.com\/SpartakTrnava\",\"https:\/\/x.com\/SpartakTrnava1\",\"https:\/\/www.instagram.com\/spartak_sk\/\"]},{\"@type\":\"Person\",\"@id\":\"https:\/\/fcspartaktrnava.com\/#\/schema\/person\/62c3c2562c3c56e4c0c8c2342c596ac0\",\"name\":\"Samuel \u010eurinsk\u00fd\",\"image\":{\"@type\":\"ImageObject\",\"inLanguage\":\"en-GB\",\"@id\":\"https:\/\/fcspartaktrnava.com\/#\/schema\/person\/image\/\",\"url\":\"https:\/\/secure.gravatar.com\/avatar\/af2fa02af92418b86ed742470664fe40056833fb68d84becf03f6ab02319257c?s=96&d=mm&r=g\",\"contentUrl\":\"https:\/\/secure.gravatar.com\/avatar\/af2fa02af92418b86ed742470664fe40056833fb68d84becf03f6ab02319257c?s=96&d=mm&r=g\",\"caption\":\"Samuel \u010eurinsk\u00fd\"},\"url\":\"https:\/\/fcspartaktrnava.com\/en\/author\/fcst-samuel\/\"}]}<\/script>\n<!-- \/ Yoast SEO plugin. -->","yoast_head_json":{"title":"V 1. predkole Eur\u00f3pskej ligy proti \u0161v\u00e9dskemu BK H\u00e4cken! - FC Spartak Trnava","robots":{"index":"index","follow":"follow","max-snippet":"max-snippet:-1","max-image-preview":"max-image-preview:large","max-video-preview":"max-video-preview:-1"},"canonical":"https:\/\/fcspartaktrnava.com\/en\/zreb-1-predkola-europskej-ligy-uz-dnes\/","twitter_misc":{"Written by":"Samuel \u010eurinsk\u00fd","Estimated reading time":"3 minutes"},"schema":{"@context":"https:\/\/schema.org","@graph":[{"@type":"Article","@id":"https:\/\/fcspartaktrnava.com\/zreb-1-predkola-europskej-ligy-uz-dnes\/#article","isPartOf":{"@id":"https:\/\/fcspartaktrnava.com\/zreb-1-predkola-europskej-ligy-uz-dnes\/"},"author":{"name":"Samuel \u010eurinsk\u00fd","@id":"https:\/\/fcspartaktrnava.com\/#\/schema\/person\/62c3c2562c3c56e4c0c8c2342c596ac0"},"headline":"V 1. predkole Eur\u00f3pskej ligy proti \u0161v\u00e9dskemu BK H\u00e4cken!","datePublished":"2025-06-17T08:48:58+00:00","dateModified":"2025-06-17T14:22:06+00:00","mainEntityOfPage":{"@id":"https:\/\/fcspartaktrnava.com\/zreb-1-predkola-europskej-ligy-uz-dnes\/"},"wordCount":268,"publisher":{"@id":"https:\/\/fcspartaktrnava.com\/#organization"},"image":{"@id":"https:\/\/fcspartaktrnava.com\/zreb-1-predkola-europskej-ligy-uz-dnes\/#primaryimage"},"thumbnailUrl":"https:\/\/fcspartaktrnava.com\/wp-content\/uploads\/2025\/06\/DSC_5481-scaled.jpg","articleSection":["Spr\u00e1vy"],"inLanguage":"en-GB"},{"@type":"WebPage","@id":"https:\/\/fcspartaktrnava.com\/zreb-1-predkola-europskej-ligy-uz-dnes\/","url":"https:\/\/fcspartaktrnava.com\/zreb-1-predkola-europskej-ligy-uz-dnes\/","name":"V 1. predkole Eur\u00f3pskej ligy proti \u0161v\u00e9dskemu BK H\u00e4cken! - FC Spartak Trnava","isPartOf":{"@id":"https:\/\/fcspartaktrnava.com\/#website"},"primaryImageOfPage":{"@id":"https:\/\/fcspartaktrnava.com\/zreb-1-predkola-europskej-ligy-uz-dnes\/#primaryimage"},"image":{"@id":"https:\/\/fcspartaktrnava.com\/zreb-1-predkola-europskej-ligy-uz-dnes\/#primaryimage"},"thumbnailUrl":"https:\/\/fcspartaktrnava.com\/wp-content\/uploads\/2025\/06\/DSC_5481-scaled.jpg","datePublished":"2025-06-17T08:48:58+00:00","dateModified":"2025-06-17T14:22:06+00:00","breadcrumb":{"@id":"https:\/\/fcspartaktrnava.com\/zreb-1-predkola-europskej-ligy-uz-dnes\/#breadcrumb"},"inLanguage":"en-GB","potentialAction":[{"@type":"ReadAction","target":["https:\/\/fcspartaktrnava.com\/zreb-1-predkola-europskej-ligy-uz-dnes\/"]}]},{"@type":"ImageObject","inLanguage":"en-GB","@id":"https:\/\/fcspartaktrnava.com\/zreb-1-predkola-europskej-ligy-uz-dnes\/#primaryimage","url":"https:\/\/fcspartaktrnava.com\/wp-content\/uploads\/2025\/06\/DSC_5481-scaled.jpg","contentUrl":"https:\/\/fcspartaktrnava.com\/wp-content\/uploads\/2025\/06\/DSC_5481-scaled.jpg","width":2560,"height":1706},{"@type":"BreadcrumbList","@id":"https:\/\/fcspartaktrnava.com\/zreb-1-predkola-europskej-ligy-uz-dnes\/#breadcrumb","itemListElement":[{"@type":"ListItem","position":1,"name":"Home","item":"https:\/\/fcspartaktrnava.com\/"},{"@type":"ListItem","position":2,"name":"V 1. predkole Eur\u00f3pskej ligy proti \u0161v\u00e9dskemu BK H\u00e4cken!"}]},{"@type":"WebSite","@id":"https:\/\/fcspartaktrnava.com\/#website","url":"https:\/\/fcspartaktrnava.com\/","name":"FC Spartak Trnava","description":"ofici\u00e1lna webstr\u00e1nka futbalov\u00e9ho klubu","publisher":{"@id":"https:\/\/fcspartaktrnava.com\/#organization"},"potentialAction":[{"@type":"SearchAction","target":{"@type":"EntryPoint","urlTemplate":"https:\/\/fcspartaktrnava.com\/?s={search_term_string}"},"query-input":{"@type":"PropertyValueSpecification","valueRequired":true,"valueName":"search_term_string"}}],"inLanguage":"en-GB"},{"@type":"Organization","@id":"https:\/\/fcspartaktrnava.com\/#organization","name":"FC Spartak Trnava","alternateName":"Spartak","url":"https:\/\/fcspartaktrnava.com\/","logo":{"@type":"ImageObject","inLanguage":"en-GB","@id":"https:\/\/fcspartaktrnava.com\/#\/schema\/logo\/image\/","url":"https:\/\/fcspartaktrnava.com\/wp-content\/uploads\/2022\/08\/cropped-site_logo.png","contentUrl":"https:\/\/fcspartaktrnava.com\/wp-content\/uploads\/2022\/08\/cropped-site_logo.png","width":140,"height":140,"caption":"FC Spartak Trnava"},"image":{"@id":"https:\/\/fcspartaktrnava.com\/#\/schema\/logo\/image\/"},"sameAs":["https:\/\/www.facebook.com\/SpartakTrnava","https:\/\/x.com\/SpartakTrnava1","https:\/\/www.instagram.com\/spartak_sk\/"]},{"@type":"Person","@id":"https:\/\/fcspartaktrnava.com\/#\/schema\/person\/62c3c2562c3c56e4c0c8c2342c596ac0","name":"Samuel \u010eurinsk\u00fd","image":{"@type":"ImageObject","inLanguage":"en-GB","@id":"https:\/\/fcspartaktrnava.com\/#\/schema\/person\/image\/","url":"https:\/\/secure.gravatar.com\/avatar\/af2fa02af92418b86ed742470664fe40056833fb68d84becf03f6ab02319257c?s=96&d=mm&r=g","contentUrl":"https:\/\/secure.gravatar.com\/avatar\/af2fa02af92418b86ed742470664fe40056833fb68d84becf03f6ab02319257c?s=96&d=mm&r=g","caption":"Samuel \u010eurinsk\u00fd"},"url":"https:\/\/fcspartaktrnava.com\/en\/author\/fcst-samuel\/"}]}},"_links":{"self":[{"href":"https:\/\/fcspartaktrnava.com\/en\/wp-json\/wp\/v2\/posts\/28278","targetHints":{"allow":["GET"]}}],"collection":[{"href":"https:\/\/fcspartaktrnava.com\/en\/wp-json\/wp\/v2\/posts"}],"about":[{"href":"https:\/\/fcspartaktrnava.com\/en\/wp-json\/wp\/v2\/types\/post"}],"author":[{"embeddable":true,"href":"https:\/\/fcspartaktrnava.com\/en\/wp-json\/wp\/v2\/users\/5"}],"replies":[{"embeddable":true,"href":"https:\/\/fcspartaktrnava.com\/en\/wp-json\/wp\/v2\/comments?post=28278"}],"version-history":[{"count":0,"href":"https:\/\/fcspartaktrnava.com\/en\/wp-json\/wp\/v2\/posts\/28278\/revisions"}],"wp:featuredmedia":[{"embeddable":true,"href":"https:\/\/fcspartaktrnava.com\/en\/wp-json\/wp\/v2\/media\/28280"}],"wp:attachment":[{"href":"https:\/\/fcspartaktrnava.com\/en\/wp-json\/wp\/v2\/media?parent=28278"}],"wp:term":[{"taxonomy":"category","embeddable":true,"href":"https:\/\/fcspartaktrnava.com\/en\/wp-json\/wp\/v2\/categories?post=28278"},{"taxonomy":"post_tag","embeddable":true,"href":"https:\/\/fcspartaktrnava.com\/en\/wp-json\/wp\/v2\/tags?post=28278"}],"curies":[{"name":"wp","href":"https:\/\/api.w.org\/{rel}","templated":true}]}}