{"id":28236,"date":"2025-06-07T14:47:35","date_gmt":"2025-06-07T12:47:35","guid":{"rendered":"https:\/\/fcspartaktrnava.com\/?p=28236"},"modified":"2025-06-08T09:03:26","modified_gmt":"2025-06-08T07:03:26","slug":"odstartovala-letna-priprava-a-timu","status":"publish","type":"post","link":"https:\/\/fcspartaktrnava.com\/en\/odstartovala-letna-priprava-a-timu\/","title":{"rendered":"Od\u0161tartovala letn\u00e1 pr\u00edprava A-t\u00edmu"},"content":{"rendered":"<p class=\"has-text-align-center has-medium-font-size\">Dnes r\u00e1no za\u010dali pr\u00edpravy na nov\u00fa sez\u00f3nu u\u017e pod veden\u00edm nov\u00e9ho tr\u00e9nera Michala \u0160\u010dasn\u00e9ho. Hr\u00e1\u010dov priv\u00edtal \u00favodn\u00fdm pr\u00edhovorom \u0161portov\u00fd riadite\u013e Martin \u0160krtel a po \u0148om aj hlavn\u00fd tr\u00e9ner A-t\u00edmu. <\/p>\n\n\n\n<p class=\"has-text-align-center has-medium-font-size\">\u0160\u010dasn\u00fd mal k dispoz\u00edcii dovedna 18 hr\u00e1\u010dov a 3 brank\u00e1rov. Pre svadobn\u00e9 povinnosti sa na zraze nez\u00fa\u010dastnil Martin Vantruba. Do \u00favodn\u00e9ho tr\u00e9ningu sa zapojila 15-ka hr\u00e1\u010dov a trojica brank\u00e1rov. Okrem \u017digu Freliha a Patrika Vasi\u013ea bol tr\u00e9nerovi brank\u00e1rov k dispoz\u00edcii aj 16-ro\u010dn\u00fd Tom\u00e1\u0161 Jablonick\u00fd. <\/p>\n\n\n\n<p class=\"has-text-align-center has-medium-font-size\">V\u0161etci z\u00fa\u010dastnen\u00ed hr\u00e1\u010di absolvovali \u00favodn\u00e9 silov\u00e9 a stabiliza\u010dn\u00e9 testovanie a n\u00e1sledne sa presunuli na tr\u00e9ningov\u00fa plochu na Sl\u00e1vii, kde bud\u00fa tr\u00e9nova\u0165 po\u010das priebehu EURO U21. Pr\u00e1ve na tomto turnaji m\u00e1me zast\u00fapenie v podobe <strong>Mareka Ujlakyho ml.<\/strong> Na dom\u00e1com \u0160tadi\u00f3ne Antona Malatinsk\u00e9ho budete m\u00f4c\u0165 vidie\u0165 slovensk\u00fd v\u00fdber 14. j\u00fana.<\/p>\n\n\n\n<p class=\"has-text-align-center has-medium-font-size\">Do \u00favodn\u00e9ho tr\u00e9ningu neboli priamo zapojen\u00ed Jakub Paur, Roman Proch\u00e1zka a Erik Sabo, ktor\u00ed si dolie\u010duj\u00fa star\u0161ie zranenia. <\/p>\n\n\n\n<p class=\"has-text-align-center has-medium-font-size\">Tr\u00e9nersk\u00e9mu \u0161t\u00e1bu u\u017e bola k dispoz\u00edcii aj dvojica nov\u00e1\u010dikov &#8211; Idjessi Metsoko a Denys Taraduda. Nech\u00fdbali ani mlad\u00e9 pu\u0161ky z Mal\u017een\u00edc &#8211; Timotej Kudli\u010dka a Nicolas Kurej.<\/p>\n\n\n<div class=\"wp-block-image\">\n<figure class=\"aligncenter size-large\"><img loading=\"lazy\" decoding=\"async\" width=\"1024\" height=\"681\" src=\"https:\/\/fcspartaktrnava.com\/wp-content\/uploads\/2025\/06\/17-1024x681.jpg\" alt=\"\" class=\"wp-image-28237\" srcset=\"https:\/\/fcspartaktrnava.com\/wp-content\/uploads\/2025\/06\/17-1024x681.jpg 1024w, https:\/\/fcspartaktrnava.com\/wp-content\/uploads\/2025\/06\/17-300x200.jpg 300w, https:\/\/fcspartaktrnava.com\/wp-content\/uploads\/2025\/06\/17-768x511.jpg 768w, https:\/\/fcspartaktrnava.com\/wp-content\/uploads\/2025\/06\/17-1536x1022.jpg 1536w, https:\/\/fcspartaktrnava.com\/wp-content\/uploads\/2025\/06\/17-2048x1363.jpg 2048w, https:\/\/fcspartaktrnava.com\/wp-content\/uploads\/2025\/06\/17-18x12.jpg 18w\" sizes=\"auto, (max-width: 1024px) 100vw, 1024px\" \/><\/figure>\n<\/div>\n\n\n<p class=\"has-text-align-center\">V\u010faka v\u00fdbornej spolupr\u00e1ci na\u0161iel A-t\u00edm z\u00e1zemie na spolo\u010dn\u00e9 stretnutia v kongresovej s\u00e1le <strong>Aquapark Trnava<\/strong><\/p>\n\n\n\n<hr class=\"wp-block-separator has-text-color has-vivid-red-color has-alpha-channel-opacity has-vivid-red-background-color has-background is-style-dots\"\/>\n\n\n\n<p class=\"has-text-align-center has-medium-font-size\">Po n\u00e1vrate z hos\u0165ovania od\u0161tartovali \u0161tart letnej pr\u00edpravy aj Vojtech Kubista a Miha Kompan Breznik. Kubista absolvoval hos\u0165ovanie v Kom\u00e1rne a Breznik v slovinskom t\u00edme NK Radomlje.<\/p>\n\n\n\n<hr class=\"wp-block-separator has-text-color has-vivid-red-color has-alpha-channel-opacity has-vivid-red-background-color has-background\"\/>\n\n\n\n<figure class=\"wp-block-gallery has-nested-images columns-default is-cropped wp-block-gallery-1 is-layout-flex wp-block-gallery-is-layout-flex\">\n<figure class=\"wp-block-image size-large\"><img loading=\"lazy\" decoding=\"async\" width=\"1024\" height=\"681\" data-id=\"28238\" src=\"https:\/\/fcspartaktrnava.com\/wp-content\/uploads\/2025\/06\/1-1024x681.jpg\" alt=\"\" class=\"wp-image-28238\" srcset=\"https:\/\/fcspartaktrnava.com\/wp-content\/uploads\/2025\/06\/1-1024x681.jpg 1024w, https:\/\/fcspartaktrnava.com\/wp-content\/uploads\/2025\/06\/1-300x200.jpg 300w, https:\/\/fcspartaktrnava.com\/wp-content\/uploads\/2025\/06\/1-768x511.jpg 768w, https:\/\/fcspartaktrnava.com\/wp-content\/uploads\/2025\/06\/1-1536x1022.jpg 1536w, https:\/\/fcspartaktrnava.com\/wp-content\/uploads\/2025\/06\/1-2048x1363.jpg 2048w, https:\/\/fcspartaktrnava.com\/wp-content\/uploads\/2025\/06\/1-18x12.jpg 18w\" sizes=\"auto, (max-width: 1024px) 100vw, 1024px\" \/><\/figure>\n\n\n\n<figure class=\"wp-block-image size-large\"><img loading=\"lazy\" decoding=\"async\" width=\"1024\" height=\"681\" data-id=\"28239\" src=\"https:\/\/fcspartaktrnava.com\/wp-content\/uploads\/2025\/06\/7-1024x681.jpg\" alt=\"\" class=\"wp-image-28239\" srcset=\"https:\/\/fcspartaktrnava.com\/wp-content\/uploads\/2025\/06\/7-1024x681.jpg 1024w, https:\/\/fcspartaktrnava.com\/wp-content\/uploads\/2025\/06\/7-300x200.jpg 300w, https:\/\/fcspartaktrnava.com\/wp-content\/uploads\/2025\/06\/7-768x511.jpg 768w, https:\/\/fcspartaktrnava.com\/wp-content\/uploads\/2025\/06\/7-1536x1022.jpg 1536w, https:\/\/fcspartaktrnava.com\/wp-content\/uploads\/2025\/06\/7-2048x1363.jpg 2048w, https:\/\/fcspartaktrnava.com\/wp-content\/uploads\/2025\/06\/7-18x12.jpg 18w\" sizes=\"auto, (max-width: 1024px) 100vw, 1024px\" \/><\/figure>\n<\/figure>\n\n\n\n<hr class=\"wp-block-separator has-text-color has-vivid-red-color has-alpha-channel-opacity has-vivid-red-background-color has-background\"\/>\n\n\n\n<h2 class=\"wp-block-heading has-text-align-center\">Na \u00favod testovanie a krat\u0161\u00ed tr\u00e9ning<\/h2>\n\n\n\n<p class=\"has-text-align-center has-medium-font-size\">Pod doh\u013eadom kondi\u010dn\u00e9ho tr\u00e9nera Michala Kuku\u010dku hr\u00e1\u010di absolvovali v posil\u0148ovni silov\u00e9 a stabiliza\u010dn\u00e9 testovanie. Nech\u00fdbali zhyby, tlaky, v\u00fdskoky&#8230; a najm\u00e4 dobr\u00e1 n\u00e1lada pri vz\u00e1jomnom podpichovan\u00ed. <\/p>\n\n\n\n<p class=\"has-text-align-center has-medium-font-size\">Ke\u010f\u017ee samotn\u00e9 testovanie zabralo zna\u010dn\u00fd \u010das dne\u0161n\u00e9ho programu A-t\u00edmu, n\u00e1sledne bol na rade krat\u0161\u00ed tr\u00e9ning, po ktorom zhodnotil \u0161tart pr\u00edpravy tr\u00e9ner<strong> Michal \u0160\u010dasn\u00fd.<\/strong><\/p>\n\n\n\n<p class=\"has-text-align-center has-medium-font-size\"><strong>&#8222;Testovanie sme dnes trochu pred\u013a\u017eili a preto sme mali krat\u0161\u00ed tr\u00e9ning na ihrisku. Chalani si trochu o\u0165ukali loptu a pridali sme miernu intenzitu. Od pondelka budeme postupne zvy\u0161ova\u0165 tempo a intenzitu a napl\u00e1novan\u00e9 m\u00e1me aj dvojf\u00e1zov\u00e9 tr\u00e9ningy po\u010das t\u00fd\u017ed\u0148a. Ch\u00fdbali n\u00e1m niektor\u00ed hr\u00e1\u010di, ktor\u00ed sa k t\u00edmu pridaj\u00fa zajtra Corryn a Twardzik, Badolo a Azango sa pridaj\u00fa k t\u00edmu e\u0161te o nie\u010do nesk\u00f4r.&#8220;<\/strong><\/p>\n\n\n\n<p class=\"has-text-align-center has-medium-font-size\">Ako bude vyzera\u0165 \u00favodn\u00fd t\u00fd\u017ede\u0148 pr\u00edpravy? <\/p>\n\n\n\n<p class=\"has-text-align-center has-medium-font-size\"><strong>&#8222;Prv\u00fd t\u00fd\u017ede\u0148 bude vyzera\u0165 ako z\u00e1pasov\u00fd mikrocyklus s v\u00e4\u010d\u0161\u00edm objemom tr\u00e9ningov. St\u00e1le je to pr\u00edprava a m\u00f4\u017eeme viac tr\u00e9nova\u0165. V\u0161etko z\u00e1vis\u00ed od po\u010dtu hr\u00e1\u010dov, ktor\u00ed bud\u00fa k dispoz\u00edcii. Po\u010das najbli\u017e\u0161\u00edch dn\u00ed budeme pozornos\u0165 s\u00fastredi\u0165 na zlep\u0161enie kond\u00edcie a sily. Na programe bud\u00fa aj dvojf\u00e1zov\u00e9 tr\u00e9ningy zlo\u017een\u00e9 z posil\u0148ovne a tr\u00e9ningu na ihrisku. V\u0161etko nastav\u00edme tak, aby hr\u00e1\u010di boli \u010do najlep\u0161ie pripraven\u00ed a zameriame sa na veci, ktor\u00e9 od nich budeme vy\u017eadova\u0165 v r\u00e1mci hern\u00e9ho syst\u00e9mu.&#8220;<\/strong><\/p>\n\n\n\n<hr class=\"wp-block-separator has-alpha-channel-opacity\"\/>\n\n\n\n<figure class=\"wp-block-gallery has-nested-images columns-default is-cropped wp-block-gallery-2 is-layout-flex wp-block-gallery-is-layout-flex\">\n<figure class=\"wp-block-image size-large\"><img loading=\"lazy\" decoding=\"async\" width=\"819\" height=\"1024\" data-id=\"28241\" src=\"https:\/\/fcspartaktrnava.com\/wp-content\/uploads\/2025\/06\/32-819x1024.jpg\" alt=\"\" class=\"wp-image-28241\" srcset=\"https:\/\/fcspartaktrnava.com\/wp-content\/uploads\/2025\/06\/32-819x1024.jpg 819w, https:\/\/fcspartaktrnava.com\/wp-content\/uploads\/2025\/06\/32-240x300.jpg 240w, https:\/\/fcspartaktrnava.com\/wp-content\/uploads\/2025\/06\/32-768x960.jpg 768w, https:\/\/fcspartaktrnava.com\/wp-content\/uploads\/2025\/06\/32-1229x1536.jpg 1229w, https:\/\/fcspartaktrnava.com\/wp-content\/uploads\/2025\/06\/32-1639x2048.jpg 1639w, https:\/\/fcspartaktrnava.com\/wp-content\/uploads\/2025\/06\/32-10x12.jpg 10w, https:\/\/fcspartaktrnava.com\/wp-content\/uploads\/2025\/06\/32-scaled.jpg 2048w\" sizes=\"auto, (max-width: 819px) 100vw, 819px\" \/><\/figure>\n\n\n\n<figure class=\"wp-block-image size-large\"><img loading=\"lazy\" decoding=\"async\" width=\"819\" height=\"1024\" data-id=\"28240\" src=\"https:\/\/fcspartaktrnava.com\/wp-content\/uploads\/2025\/06\/33-819x1024.jpg\" alt=\"\" class=\"wp-image-28240\" srcset=\"https:\/\/fcspartaktrnava.com\/wp-content\/uploads\/2025\/06\/33-819x1024.jpg 819w, https:\/\/fcspartaktrnava.com\/wp-content\/uploads\/2025\/06\/33-240x300.jpg 240w, https:\/\/fcspartaktrnava.com\/wp-content\/uploads\/2025\/06\/33-768x960.jpg 768w, https:\/\/fcspartaktrnava.com\/wp-content\/uploads\/2025\/06\/33-1229x1536.jpg 1229w, https:\/\/fcspartaktrnava.com\/wp-content\/uploads\/2025\/06\/33-1639x2048.jpg 1639w, https:\/\/fcspartaktrnava.com\/wp-content\/uploads\/2025\/06\/33-10x12.jpg 10w, https:\/\/fcspartaktrnava.com\/wp-content\/uploads\/2025\/06\/33-scaled.jpg 2048w\" sizes=\"auto, (max-width: 819px) 100vw, 819px\" \/><\/figure>\n\n\n\n<figure class=\"wp-block-image size-large\"><img loading=\"lazy\" decoding=\"async\" width=\"819\" height=\"1024\" data-id=\"28242\" src=\"https:\/\/fcspartaktrnava.com\/wp-content\/uploads\/2025\/06\/34-819x1024.jpg\" alt=\"\" class=\"wp-image-28242\" srcset=\"https:\/\/fcspartaktrnava.com\/wp-content\/uploads\/2025\/06\/34-819x1024.jpg 819w, https:\/\/fcspartaktrnava.com\/wp-content\/uploads\/2025\/06\/34-240x300.jpg 240w, https:\/\/fcspartaktrnava.com\/wp-content\/uploads\/2025\/06\/34-768x960.jpg 768w, https:\/\/fcspartaktrnava.com\/wp-content\/uploads\/2025\/06\/34-1229x1536.jpg 1229w, https:\/\/fcspartaktrnava.com\/wp-content\/uploads\/2025\/06\/34-1638x2048.jpg 1638w, https:\/\/fcspartaktrnava.com\/wp-content\/uploads\/2025\/06\/34-10x12.jpg 10w, https:\/\/fcspartaktrnava.com\/wp-content\/uploads\/2025\/06\/34-scaled.jpg 2048w\" sizes=\"auto, (max-width: 819px) 100vw, 819px\" \/><\/figure>\n<\/figure>\n\n\n\n<hr class=\"wp-block-separator has-alpha-channel-opacity\"\/>\n\n\n\n<h2 class=\"wp-block-heading has-text-align-center\">\u0160tart eur\u00f3pskej cesty 10. j\u00fala, \u0161tyri pr\u00edpravn\u00e9 z\u00e1pasy<\/h2>\n\n\n\n<p class=\"has-text-align-center has-medium-font-size\"><strong>Cel\u00e1 pr\u00edprava bude smerova\u0165 k \u0161tartu kvalifik\u00e1cie Eur\u00f3pskej ligy, ktor\u00fa od\u0161tartujeme u\u017e 10. j\u00fala. Z d\u00f4vodu nabit\u00e9ho programu a skor\u00e9ho za\u010diatku cesty do Eur\u00f3py tak tento rok nebudeme organizova\u0165 \u0161peci\u00e1lny &#8222;Z\u00e1pas leta&#8220;. <\/strong><\/p>\n\n\n\n<p class=\"has-text-align-center has-medium-font-size\"><strong>Na programe s\u00fa 4 pr\u00edpravn\u00e9 z\u00e1pasy. Meno \u0161tvrt\u00e9ho s\u00fapera s ktor\u00fdm si A-t\u00edm zmeria sily na s\u00fastreden\u00ed v Slovinsku (23.6.-3.7. &#8211; Moravske Toplice) je e\u0161te v \u0161t\u00e1diu rie\u0161enia. <\/strong><\/p>\n\n\n<div class=\"wp-block-image\">\n<figure class=\"aligncenter size-large is-resized\"><img loading=\"lazy\" decoding=\"async\" width=\"819\" height=\"1024\" src=\"https:\/\/fcspartaktrnava.com\/wp-content\/uploads\/2025\/06\/IMG_4276-819x1024.jpg\" alt=\"\" class=\"wp-image-28243\" style=\"width:600px\" srcset=\"https:\/\/fcspartaktrnava.com\/wp-content\/uploads\/2025\/06\/IMG_4276-819x1024.jpg 819w, https:\/\/fcspartaktrnava.com\/wp-content\/uploads\/2025\/06\/IMG_4276-240x300.jpg 240w, https:\/\/fcspartaktrnava.com\/wp-content\/uploads\/2025\/06\/IMG_4276-768x960.jpg 768w, https:\/\/fcspartaktrnava.com\/wp-content\/uploads\/2025\/06\/IMG_4276-10x12.jpg 10w, https:\/\/fcspartaktrnava.com\/wp-content\/uploads\/2025\/06\/IMG_4276.jpg 1200w\" sizes=\"auto, (max-width: 819px) 100vw, 819px\" \/><\/figure>\n<\/div>\n\n\n<hr class=\"wp-block-separator has-alpha-channel-opacity\"\/>\n\n\n\n<p class=\"has-text-align-center has-white-color has-text-color has-link-color has-medium-font-size wp-elements-205f7643cc71665fa83b3b4fc253e0ac\"><\/p>\n\n\n\n<h3 class=\"wp-block-heading has-text-align-center\"><strong>KTO SA Z\u00da\u010cASTNIL \u00daVODN\u00c9HO ZRAZU LETNEJ PR\u00cdPRAVY<\/strong><\/h3>\n\n\n\n<p class=\"has-text-align-center has-black-color has-white-background-color has-text-color has-background has-link-color has-medium-font-size wp-elements-c3846dda1a36a2441ff5a7fac5e3ecaa\">Frelih, Vasi\u013e, Jablonick\u00fd (G) &#8211; Daniel, Paur, Proch\u00e1zka, Kubista, Sabo, Hol\u00edk, M. \u010euri\u0161, P. Karhan, Kratochv\u00edl, Trello, Bukovsk\u00fd, Mikovi\u010d, Jure\u0161kin, Breznik, Kudli\u010dka, Kurej, Taraduda, Metsoko<\/p>\n\n\n\n<p class=\"has-text-align-center has-black-color has-white-background-color has-text-color has-background has-link-color has-medium-font-size wp-elements-cb4f7cc272a0d55f1992044afb8b0cf8\">K dispoz\u00edcii neboli: Vantruba, Corryn, Twardzik., Azango, Badolo a Ujlaky<\/p>\n\n\n\n<hr class=\"wp-block-separator has-alpha-channel-opacity\"\/>\n\n\n\n<p class=\"has-text-align-center has-white-background-color has-background has-medium-font-size\"><strong><a href=\"https:\/\/www.flickr.com\/photos\/202208455@N08\/albums\/72177720326706489\">Fotogal\u00e9riu zo \u0161tartu letnej pr\u00edpravy n\u00e1jdete na na\u0161om Flickri.<\/a><\/strong><\/p>\n\n\n<div class=\"wp-block-image\">\n<figure class=\"aligncenter size-large\"><img loading=\"lazy\" decoding=\"async\" width=\"1024\" height=\"681\" src=\"https:\/\/fcspartaktrnava.com\/wp-content\/uploads\/2025\/06\/67-1024x681.jpg\" alt=\"\" class=\"wp-image-28246\" srcset=\"https:\/\/fcspartaktrnava.com\/wp-content\/uploads\/2025\/06\/67-1024x681.jpg 1024w, https:\/\/fcspartaktrnava.com\/wp-content\/uploads\/2025\/06\/67-300x200.jpg 300w, https:\/\/fcspartaktrnava.com\/wp-content\/uploads\/2025\/06\/67-768x511.jpg 768w, https:\/\/fcspartaktrnava.com\/wp-content\/uploads\/2025\/06\/67-1536x1022.jpg 1536w, https:\/\/fcspartaktrnava.com\/wp-content\/uploads\/2025\/06\/67-2048x1363.jpg 2048w, https:\/\/fcspartaktrnava.com\/wp-content\/uploads\/2025\/06\/67-18x12.jpg 18w\" sizes=\"auto, (max-width: 1024px) 100vw, 1024px\" \/><\/figure>\n<\/div>\n\n\n<hr class=\"wp-block-separator has-alpha-channel-opacity\"\/>\n\n\n\n<p class=\"has-text-align-center has-medium-font-size\"><\/p>\n\n\n\n<p class=\"has-text-align-center has-medium-font-size\"><strong><a href=\"https:\/\/predpredaj.zoznam.sk\/sk\/presale\/fc-spartak-trnava-permanentka-202526\/\">PERMICE NA NOV\u00da SEZ\u00d3NU K\u00daPI\u0160 NA PREDPREDAJ.SK.<\/a><\/strong><\/p>\n\n\n\n<p class=\"has-text-align-center has-medium-font-size\"><strong> <\/strong>BU\u010e MENO TRNAVSK\u00c9HO FUTBALU!<\/p>\n\n\n<div class=\"wp-block-image\">\n<figure class=\"aligncenter size-large\"><a href=\"https:\/\/predpredaj.zoznam.sk\/sk\/presale\/fc-spartak-trnava-permanentka-202526\/\"><img loading=\"lazy\" decoding=\"async\" width=\"1024\" height=\"341\" src=\"https:\/\/fcspartaktrnava.com\/wp-content\/uploads\/2025\/06\/Spartak_permanentka-1140x380-Predpredaj-KV2-1024x341.jpg\" alt=\"\" class=\"wp-image-28244\" srcset=\"https:\/\/fcspartaktrnava.com\/wp-content\/uploads\/2025\/06\/Spartak_permanentka-1140x380-Predpredaj-KV2-1024x341.jpg 1024w, https:\/\/fcspartaktrnava.com\/wp-content\/uploads\/2025\/06\/Spartak_permanentka-1140x380-Predpredaj-KV2-300x100.jpg 300w, https:\/\/fcspartaktrnava.com\/wp-content\/uploads\/2025\/06\/Spartak_permanentka-1140x380-Predpredaj-KV2-768x256.jpg 768w, https:\/\/fcspartaktrnava.com\/wp-content\/uploads\/2025\/06\/Spartak_permanentka-1140x380-Predpredaj-KV2-18x6.jpg 18w, https:\/\/fcspartaktrnava.com\/wp-content\/uploads\/2025\/06\/Spartak_permanentka-1140x380-Predpredaj-KV2.jpg 1140w\" sizes=\"auto, (max-width: 1024px) 100vw, 1024px\" \/><\/a><\/figure>\n<\/div>","protected":false},"excerpt":{"rendered":"<p>Dnes r\u00e1no za\u010dali pr\u00edpravy na nov\u00fa sez\u00f3nu u\u017e&#8230;<\/p>","protected":false},"author":5,"featured_media":28245,"comment_status":"closed","ping_status":"closed","sticky":false,"template":"","format":"standard","meta":{"footnotes":""},"categories":[12],"tags":[],"class_list":["post-28236","post","type-post","status-publish","format-standard","has-post-thumbnail","hentry","category-spravy","post-number-1"],"yoast_head":"<!-- This site is optimized with the Yoast SEO plugin v27.1.1 - https:\/\/yoast.com\/product\/yoast-seo-wordpress\/ -->\n<title>Od\u0161tartovala letn\u00e1 pr\u00edprava A-t\u00edmu - FC Spartak Trnava<\/title>\n<meta name=\"robots\" content=\"index, follow, max-snippet:-1, max-image-preview:large, max-video-preview:-1\" \/>\n<link rel=\"canonical\" href=\"https:\/\/fcspartaktrnava.com\/en\/odstartovala-letna-priprava-a-timu\/\" \/>\n<meta name=\"twitter:label1\" content=\"Written by\" \/>\n\t<meta name=\"twitter:data1\" content=\"Samuel \u010eurinsk\u00fd\" \/>\n\t<meta name=\"twitter:label2\" content=\"Estimated reading time\" \/>\n\t<meta name=\"twitter:data2\" content=\"5 minutes\" \/>\n<script type=\"application\/ld+json\" class=\"yoast-schema-graph\">{\"@context\":\"https:\/\/schema.org\",\"@graph\":[{\"@type\":\"Article\",\"@id\":\"https:\/\/fcspartaktrnava.com\/odstartovala-letna-priprava-a-timu\/#article\",\"isPartOf\":{\"@id\":\"https:\/\/fcspartaktrnava.com\/odstartovala-letna-priprava-a-timu\/\"},\"author\":{\"name\":\"Samuel \u010eurinsk\u00fd\",\"@id\":\"https:\/\/fcspartaktrnava.com\/#\/schema\/person\/62c3c2562c3c56e4c0c8c2342c596ac0\"},\"headline\":\"Od\u0161tartovala letn\u00e1 pr\u00edprava A-t\u00edmu\",\"datePublished\":\"2025-06-07T12:47:35+00:00\",\"dateModified\":\"2025-06-08T07:03:26+00:00\",\"mainEntityOfPage\":{\"@id\":\"https:\/\/fcspartaktrnava.com\/odstartovala-letna-priprava-a-timu\/\"},\"wordCount\":728,\"publisher\":{\"@id\":\"https:\/\/fcspartaktrnava.com\/#organization\"},\"image\":{\"@id\":\"https:\/\/fcspartaktrnava.com\/odstartovala-letna-priprava-a-timu\/#primaryimage\"},\"thumbnailUrl\":\"https:\/\/fcspartaktrnava.com\/wp-content\/uploads\/2025\/06\/52-scaled.jpg\",\"articleSection\":[\"Spr\u00e1vy\"],\"inLanguage\":\"en-GB\"},{\"@type\":\"WebPage\",\"@id\":\"https:\/\/fcspartaktrnava.com\/odstartovala-letna-priprava-a-timu\/\",\"url\":\"https:\/\/fcspartaktrnava.com\/odstartovala-letna-priprava-a-timu\/\",\"name\":\"Od\u0161tartovala letn\u00e1 pr\u00edprava A-t\u00edmu - FC Spartak Trnava\",\"isPartOf\":{\"@id\":\"https:\/\/fcspartaktrnava.com\/#website\"},\"primaryImageOfPage\":{\"@id\":\"https:\/\/fcspartaktrnava.com\/odstartovala-letna-priprava-a-timu\/#primaryimage\"},\"image\":{\"@id\":\"https:\/\/fcspartaktrnava.com\/odstartovala-letna-priprava-a-timu\/#primaryimage\"},\"thumbnailUrl\":\"https:\/\/fcspartaktrnava.com\/wp-content\/uploads\/2025\/06\/52-scaled.jpg\",\"datePublished\":\"2025-06-07T12:47:35+00:00\",\"dateModified\":\"2025-06-08T07:03:26+00:00\",\"breadcrumb\":{\"@id\":\"https:\/\/fcspartaktrnava.com\/odstartovala-letna-priprava-a-timu\/#breadcrumb\"},\"inLanguage\":\"en-GB\",\"potentialAction\":[{\"@type\":\"ReadAction\",\"target\":[\"https:\/\/fcspartaktrnava.com\/odstartovala-letna-priprava-a-timu\/\"]}]},{\"@type\":\"ImageObject\",\"inLanguage\":\"en-GB\",\"@id\":\"https:\/\/fcspartaktrnava.com\/odstartovala-letna-priprava-a-timu\/#primaryimage\",\"url\":\"https:\/\/fcspartaktrnava.com\/wp-content\/uploads\/2025\/06\/52-scaled.jpg\",\"contentUrl\":\"https:\/\/fcspartaktrnava.com\/wp-content\/uploads\/2025\/06\/52-scaled.jpg\",\"width\":2560,\"height\":1703},{\"@type\":\"BreadcrumbList\",\"@id\":\"https:\/\/fcspartaktrnava.com\/odstartovala-letna-priprava-a-timu\/#breadcrumb\",\"itemListElement\":[{\"@type\":\"ListItem\",\"position\":1,\"name\":\"Home\",\"item\":\"https:\/\/fcspartaktrnava.com\/\"},{\"@type\":\"ListItem\",\"position\":2,\"name\":\"Od\u0161tartovala letn\u00e1 pr\u00edprava A-t\u00edmu\"}]},{\"@type\":\"WebSite\",\"@id\":\"https:\/\/fcspartaktrnava.com\/#website\",\"url\":\"https:\/\/fcspartaktrnava.com\/\",\"name\":\"FC Spartak Trnava\",\"description\":\"ofici\u00e1lna webstr\u00e1nka futbalov\u00e9ho klubu\",\"publisher\":{\"@id\":\"https:\/\/fcspartaktrnava.com\/#organization\"},\"potentialAction\":[{\"@type\":\"SearchAction\",\"target\":{\"@type\":\"EntryPoint\",\"urlTemplate\":\"https:\/\/fcspartaktrnava.com\/?s={search_term_string}\"},\"query-input\":{\"@type\":\"PropertyValueSpecification\",\"valueRequired\":true,\"valueName\":\"search_term_string\"}}],\"inLanguage\":\"en-GB\"},{\"@type\":\"Organization\",\"@id\":\"https:\/\/fcspartaktrnava.com\/#organization\",\"name\":\"FC Spartak Trnava\",\"alternateName\":\"Spartak\",\"url\":\"https:\/\/fcspartaktrnava.com\/\",\"logo\":{\"@type\":\"ImageObject\",\"inLanguage\":\"en-GB\",\"@id\":\"https:\/\/fcspartaktrnava.com\/#\/schema\/logo\/image\/\",\"url\":\"https:\/\/fcspartaktrnava.com\/wp-content\/uploads\/2022\/08\/cropped-site_logo.png\",\"contentUrl\":\"https:\/\/fcspartaktrnava.com\/wp-content\/uploads\/2022\/08\/cropped-site_logo.png\",\"width\":140,\"height\":140,\"caption\":\"FC Spartak Trnava\"},\"image\":{\"@id\":\"https:\/\/fcspartaktrnava.com\/#\/schema\/logo\/image\/\"},\"sameAs\":[\"https:\/\/www.facebook.com\/SpartakTrnava\",\"https:\/\/x.com\/SpartakTrnava1\",\"https:\/\/www.instagram.com\/spartak_sk\/\"]},{\"@type\":\"Person\",\"@id\":\"https:\/\/fcspartaktrnava.com\/#\/schema\/person\/62c3c2562c3c56e4c0c8c2342c596ac0\",\"name\":\"Samuel \u010eurinsk\u00fd\",\"image\":{\"@type\":\"ImageObject\",\"inLanguage\":\"en-GB\",\"@id\":\"https:\/\/fcspartaktrnava.com\/#\/schema\/person\/image\/\",\"url\":\"https:\/\/secure.gravatar.com\/avatar\/af2fa02af92418b86ed742470664fe40056833fb68d84becf03f6ab02319257c?s=96&d=mm&r=g\",\"contentUrl\":\"https:\/\/secure.gravatar.com\/avatar\/af2fa02af92418b86ed742470664fe40056833fb68d84becf03f6ab02319257c?s=96&d=mm&r=g\",\"caption\":\"Samuel \u010eurinsk\u00fd\"},\"url\":\"https:\/\/fcspartaktrnava.com\/en\/author\/fcst-samuel\/\"}]}<\/script>\n<!-- \/ Yoast SEO plugin. -->","yoast_head_json":{"title":"Od\u0161tartovala letn\u00e1 pr\u00edprava A-t\u00edmu - FC Spartak Trnava","robots":{"index":"index","follow":"follow","max-snippet":"max-snippet:-1","max-image-preview":"max-image-preview:large","max-video-preview":"max-video-preview:-1"},"canonical":"https:\/\/fcspartaktrnava.com\/en\/odstartovala-letna-priprava-a-timu\/","twitter_misc":{"Written by":"Samuel \u010eurinsk\u00fd","Estimated reading time":"5 minutes"},"schema":{"@context":"https:\/\/schema.org","@graph":[{"@type":"Article","@id":"https:\/\/fcspartaktrnava.com\/odstartovala-letna-priprava-a-timu\/#article","isPartOf":{"@id":"https:\/\/fcspartaktrnava.com\/odstartovala-letna-priprava-a-timu\/"},"author":{"name":"Samuel \u010eurinsk\u00fd","@id":"https:\/\/fcspartaktrnava.com\/#\/schema\/person\/62c3c2562c3c56e4c0c8c2342c596ac0"},"headline":"Od\u0161tartovala letn\u00e1 pr\u00edprava A-t\u00edmu","datePublished":"2025-06-07T12:47:35+00:00","dateModified":"2025-06-08T07:03:26+00:00","mainEntityOfPage":{"@id":"https:\/\/fcspartaktrnava.com\/odstartovala-letna-priprava-a-timu\/"},"wordCount":728,"publisher":{"@id":"https:\/\/fcspartaktrnava.com\/#organization"},"image":{"@id":"https:\/\/fcspartaktrnava.com\/odstartovala-letna-priprava-a-timu\/#primaryimage"},"thumbnailUrl":"https:\/\/fcspartaktrnava.com\/wp-content\/uploads\/2025\/06\/52-scaled.jpg","articleSection":["Spr\u00e1vy"],"inLanguage":"en-GB"},{"@type":"WebPage","@id":"https:\/\/fcspartaktrnava.com\/odstartovala-letna-priprava-a-timu\/","url":"https:\/\/fcspartaktrnava.com\/odstartovala-letna-priprava-a-timu\/","name":"Od\u0161tartovala letn\u00e1 pr\u00edprava A-t\u00edmu - FC Spartak Trnava","isPartOf":{"@id":"https:\/\/fcspartaktrnava.com\/#website"},"primaryImageOfPage":{"@id":"https:\/\/fcspartaktrnava.com\/odstartovala-letna-priprava-a-timu\/#primaryimage"},"image":{"@id":"https:\/\/fcspartaktrnava.com\/odstartovala-letna-priprava-a-timu\/#primaryimage"},"thumbnailUrl":"https:\/\/fcspartaktrnava.com\/wp-content\/uploads\/2025\/06\/52-scaled.jpg","datePublished":"2025-06-07T12:47:35+00:00","dateModified":"2025-06-08T07:03:26+00:00","breadcrumb":{"@id":"https:\/\/fcspartaktrnava.com\/odstartovala-letna-priprava-a-timu\/#breadcrumb"},"inLanguage":"en-GB","potentialAction":[{"@type":"ReadAction","target":["https:\/\/fcspartaktrnava.com\/odstartovala-letna-priprava-a-timu\/"]}]},{"@type":"ImageObject","inLanguage":"en-GB","@id":"https:\/\/fcspartaktrnava.com\/odstartovala-letna-priprava-a-timu\/#primaryimage","url":"https:\/\/fcspartaktrnava.com\/wp-content\/uploads\/2025\/06\/52-scaled.jpg","contentUrl":"https:\/\/fcspartaktrnava.com\/wp-content\/uploads\/2025\/06\/52-scaled.jpg","width":2560,"height":1703},{"@type":"BreadcrumbList","@id":"https:\/\/fcspartaktrnava.com\/odstartovala-letna-priprava-a-timu\/#breadcrumb","itemListElement":[{"@type":"ListItem","position":1,"name":"Home","item":"https:\/\/fcspartaktrnava.com\/"},{"@type":"ListItem","position":2,"name":"Od\u0161tartovala letn\u00e1 pr\u00edprava A-t\u00edmu"}]},{"@type":"WebSite","@id":"https:\/\/fcspartaktrnava.com\/#website","url":"https:\/\/fcspartaktrnava.com\/","name":"FC Spartak Trnava","description":"ofici\u00e1lna webstr\u00e1nka futbalov\u00e9ho klubu","publisher":{"@id":"https:\/\/fcspartaktrnava.com\/#organization"},"potentialAction":[{"@type":"SearchAction","target":{"@type":"EntryPoint","urlTemplate":"https:\/\/fcspartaktrnava.com\/?s={search_term_string}"},"query-input":{"@type":"PropertyValueSpecification","valueRequired":true,"valueName":"search_term_string"}}],"inLanguage":"en-GB"},{"@type":"Organization","@id":"https:\/\/fcspartaktrnava.com\/#organization","name":"FC Spartak Trnava","alternateName":"Spartak","url":"https:\/\/fcspartaktrnava.com\/","logo":{"@type":"ImageObject","inLanguage":"en-GB","@id":"https:\/\/fcspartaktrnava.com\/#\/schema\/logo\/image\/","url":"https:\/\/fcspartaktrnava.com\/wp-content\/uploads\/2022\/08\/cropped-site_logo.png","contentUrl":"https:\/\/fcspartaktrnava.com\/wp-content\/uploads\/2022\/08\/cropped-site_logo.png","width":140,"height":140,"caption":"FC Spartak Trnava"},"image":{"@id":"https:\/\/fcspartaktrnava.com\/#\/schema\/logo\/image\/"},"sameAs":["https:\/\/www.facebook.com\/SpartakTrnava","https:\/\/x.com\/SpartakTrnava1","https:\/\/www.instagram.com\/spartak_sk\/"]},{"@type":"Person","@id":"https:\/\/fcspartaktrnava.com\/#\/schema\/person\/62c3c2562c3c56e4c0c8c2342c596ac0","name":"Samuel \u010eurinsk\u00fd","image":{"@type":"ImageObject","inLanguage":"en-GB","@id":"https:\/\/fcspartaktrnava.com\/#\/schema\/person\/image\/","url":"https:\/\/secure.gravatar.com\/avatar\/af2fa02af92418b86ed742470664fe40056833fb68d84becf03f6ab02319257c?s=96&d=mm&r=g","contentUrl":"https:\/\/secure.gravatar.com\/avatar\/af2fa02af92418b86ed742470664fe40056833fb68d84becf03f6ab02319257c?s=96&d=mm&r=g","caption":"Samuel \u010eurinsk\u00fd"},"url":"https:\/\/fcspartaktrnava.com\/en\/author\/fcst-samuel\/"}]}},"_links":{"self":[{"href":"https:\/\/fcspartaktrnava.com\/en\/wp-json\/wp\/v2\/posts\/28236","targetHints":{"allow":["GET"]}}],"collection":[{"href":"https:\/\/fcspartaktrnava.com\/en\/wp-json\/wp\/v2\/posts"}],"about":[{"href":"https:\/\/fcspartaktrnava.com\/en\/wp-json\/wp\/v2\/types\/post"}],"author":[{"embeddable":true,"href":"https:\/\/fcspartaktrnava.com\/en\/wp-json\/wp\/v2\/users\/5"}],"replies":[{"embeddable":true,"href":"https:\/\/fcspartaktrnava.com\/en\/wp-json\/wp\/v2\/comments?post=28236"}],"version-history":[{"count":0,"href":"https:\/\/fcspartaktrnava.com\/en\/wp-json\/wp\/v2\/posts\/28236\/revisions"}],"wp:featuredmedia":[{"embeddable":true,"href":"https:\/\/fcspartaktrnava.com\/en\/wp-json\/wp\/v2\/media\/28245"}],"wp:attachment":[{"href":"https:\/\/fcspartaktrnava.com\/en\/wp-json\/wp\/v2\/media?parent=28236"}],"wp:term":[{"taxonomy":"category","embeddable":true,"href":"https:\/\/fcspartaktrnava.com\/en\/wp-json\/wp\/v2\/categories?post=28236"},{"taxonomy":"post_tag","embeddable":true,"href":"https:\/\/fcspartaktrnava.com\/en\/wp-json\/wp\/v2\/tags?post=28236"}],"curies":[{"name":"wp","href":"https:\/\/api.w.org\/{rel}","templated":true}]}}