{"id":28215,"date":"2025-06-05T11:13:53","date_gmt":"2025-06-05T09:13:53","guid":{"rendered":"https:\/\/fcspartaktrnava.com\/?p=28215"},"modified":"2025-06-11T12:39:44","modified_gmt":"2025-06-11T10:39:44","slug":"treti-titul-za-styri-roky","status":"publish","type":"post","link":"https:\/\/fcspartaktrnava.com\/en\/treti-titul-za-styri-roky\/","title":{"rendered":"Tret\u00ed titul za \u0161tyri roky"},"content":{"rendered":"<p class=\"has-text-align-center\">V&nbsp;porad\u00ed druhou ml\u00e1de\u017en\u00edckou kateg\u00f3riou Spartaka Trnava, ktor\u00e1 t\u00fato sez\u00f3nu z\u00edskala ligov\u00fd titul, je U15-ka. Najstar\u0161\u00ed \u017eiaci v&nbsp;z\u00e1kladnej skupine vyhrali 15 zo 17 z\u00e1pasov, prehrali iba raz. V&nbsp;ofenz\u00edve strelili ako jedin\u00ed viac ako 100 g\u00f3lov a&nbsp;najlep\u0161iu mali aj defenz\u00edvu. V&nbsp;nadstavbe boli rovnako suver\u00e9nni, \u010do vy\u00fastilo do postupu do fin\u00e1lov\u00e9ho z\u00e1pasu o&nbsp;majstra Slovenska proti \u017diline, v&nbsp;ktorom zv\u00ed\u0165azili 3:1. Viac u\u017e tr\u00e9ner Oliver Burian.<\/p>\n\n\n\n<p class=\"has-text-align-center\"><strong>\u201eCel\u00fa sez\u00f3nu hodnot\u00edm ako \u00faspe\u0161n\u00fa, \u010di u\u017e z h\u013eadiska v\u00fdsledkov, ale hlavne v r\u00e1mci napredovania t\u00edmu a&nbsp;jednotlivcov. Dovol\u00edm si tvrdi\u0165, \u017ee v\u00e4\u010d\u0161ina hr\u00e1\u010dov spravila ve\u013ek\u00fd v\u00fdkonnostn\u00fd progres na ihrisku a&nbsp;hlavne, \u010do je pre m\u0148a najd\u00f4le\u017eitej\u0161ie, z h\u013eadiska pr\u00edstupu a nastavenia, kedy v\u00e4\u010d\u0161ina ukazuje, \u017ee to mysl\u00ed s futbalom naozaj v\u00e1\u017ene a s\u00fa ochotn\u00ed pre\u0148 pracova\u0165 na sto percent na tr\u00e9ningu, ale najm\u00e4 mimo neho. Toto je pre m\u0148a k\u013e\u00fa\u010dov\u00e9, preto\u017ee talentovan\u00fdch hr\u00e1\u010dov m\u00e1me naozaj dos\u0165, ale na to, aby to dotiahli s futbalom tam kam chc\u00fa, potrebuj\u00fa okrem v\u00fdkonov pr\u00e1ve tak\u00e9to nastavenie, mor\u00e1lne vlastnosti a v neposlednom rade k\u00fasok potrebn\u00e9ho futbalov\u00e9ho \u0161\u0165astia.\u201c<\/strong><\/p>\n\n\n<div class=\"wp-block-image\">\n<figure class=\"aligncenter size-large is-resized\"><img loading=\"lazy\" decoding=\"async\" width=\"1024\" height=\"683\" src=\"https:\/\/fcspartaktrnava.com\/wp-content\/uploads\/2025\/06\/WhatsApp-Image-2025-05-31-at-18.15.16-2-1024x683.jpeg\" alt=\"\" class=\"wp-image-28216\" style=\"width:550px;height:auto\" srcset=\"https:\/\/fcspartaktrnava.com\/wp-content\/uploads\/2025\/06\/WhatsApp-Image-2025-05-31-at-18.15.16-2-1024x683.jpeg 1024w, https:\/\/fcspartaktrnava.com\/wp-content\/uploads\/2025\/06\/WhatsApp-Image-2025-05-31-at-18.15.16-2-300x200.jpeg 300w, https:\/\/fcspartaktrnava.com\/wp-content\/uploads\/2025\/06\/WhatsApp-Image-2025-05-31-at-18.15.16-2-768x512.jpeg 768w, https:\/\/fcspartaktrnava.com\/wp-content\/uploads\/2025\/06\/WhatsApp-Image-2025-05-31-at-18.15.16-2-1536x1024.jpeg 1536w, https:\/\/fcspartaktrnava.com\/wp-content\/uploads\/2025\/06\/WhatsApp-Image-2025-05-31-at-18.15.16-2-18x12.jpeg 18w, https:\/\/fcspartaktrnava.com\/wp-content\/uploads\/2025\/06\/WhatsApp-Image-2025-05-31-at-18.15.16-2.jpeg 2048w\" sizes=\"auto, (max-width: 1024px) 100vw, 1024px\" \/><\/figure>\n<\/div>\n\n\n<p class=\"has-text-align-center\">\u017diaci s&nbsp;ro\u010dn\u00edkom narodenia 2010 ovl\u00e1dli pred t\u00fdm ligu aj v kateg\u00f3rii&nbsp;U12 a pred rokom i v&nbsp;U14. V&nbsp;jedinej nemajstrovskej sez\u00f3ne pod veden\u00edm tr\u00e9nera Olivera Buriana skon\u010dili o&nbsp;dva body tret\u00ed.<\/p>\n\n\n\n<p class=\"has-text-align-center\"><strong>\u201eCel\u00e9 4 roky hodnot\u00edm \u00faplne jednoducho. Ve\u013ea driny, ve\u013ea kvality a ve\u013ek\u00e9 mno\u017estvo \u00faspechov. Som neop\u00edsate\u013ene hrd\u00fd na t\u00fdch hr\u00e1\u010dov, s ktor\u00fdmi som str\u00e1vil v\u0161etky \u0161tyri sez\u00f3ny. Spoznali sme sa do detailov, ve\u013ea sme sa spolo\u010dne nau\u010dili, prakticky sme spolu &#8222;vyr\u00e1stli&#8220;, oni z mal\u00fdch pr\u00edpravk\u00e1rov na u\u017e, dovol\u00edm si tvrdi\u0165, inteligentn\u00fdch chalanov a v\u00fdborn\u00fdch hr\u00e1\u010dov a ja z role kon\u010diaceho hr\u00e1\u010da, na sn\u00e1\u010f tie\u017e uvedomelej\u0161iu osobu (smiech). Takisto si ve\u013emi v\u00e1\u017eim hr\u00e1\u010dov, ktor\u00ed postupne prich\u00e1dzali, boli to mnou vytypovan\u00ed chalani a som r\u00e1d, \u017ee ma nesklamali na ihrisku, ale hlavne charakterovo. V\u00fdborne zapadli do mu\u017estva a vytvorili za \u0161tyri roky ve\u013emi siln\u00fd kolekt\u00edv a hlavne t\u00edm, proti ktor\u00e9mu by som ako tr\u00e9ner ur\u010dite nechcel nast\u00fapi\u0165.\u201c<\/strong><\/p>\n\n\n<div class=\"wp-block-image\">\n<figure class=\"aligncenter size-large is-resized\"><img loading=\"lazy\" decoding=\"async\" width=\"1024\" height=\"768\" src=\"https:\/\/fcspartaktrnava.com\/wp-content\/uploads\/2025\/06\/WhatsApp-Image-2025-06-05-at-09.40.10-1024x768.jpeg\" alt=\"\" class=\"wp-image-28217\" style=\"width:546px;height:auto\" srcset=\"https:\/\/fcspartaktrnava.com\/wp-content\/uploads\/2025\/06\/WhatsApp-Image-2025-06-05-at-09.40.10-1024x768.jpeg 1024w, https:\/\/fcspartaktrnava.com\/wp-content\/uploads\/2025\/06\/WhatsApp-Image-2025-06-05-at-09.40.10-300x225.jpeg 300w, https:\/\/fcspartaktrnava.com\/wp-content\/uploads\/2025\/06\/WhatsApp-Image-2025-06-05-at-09.40.10-768x576.jpeg 768w, https:\/\/fcspartaktrnava.com\/wp-content\/uploads\/2025\/06\/WhatsApp-Image-2025-06-05-at-09.40.10-1536x1152.jpeg 1536w, https:\/\/fcspartaktrnava.com\/wp-content\/uploads\/2025\/06\/WhatsApp-Image-2025-06-05-at-09.40.10-16x12.jpeg 16w, https:\/\/fcspartaktrnava.com\/wp-content\/uploads\/2025\/06\/WhatsApp-Image-2025-06-05-at-09.40.10.jpeg 2048w\" sizes=\"auto, (max-width: 1024px) 100vw, 1024px\" \/><\/figure>\n<\/div>\n\n\n<p class=\"has-text-align-center\"><strong>\u201e\u00daspech je t\u00e9ma, ktor\u00fa preber\u00e1me v \u0161atni dennodenne. Ja som z\u00e1stanca te\u00f3rie, \u017ee ak nie\u010do naozaj chce\u0161, sprav\u00ed\u0161 preto v\u0161etko a ide\u0161 si vytrvalo za t\u00fdm, tak aj hviezdy sa spoja, aby sa to uskuto\u010dnilo. Ale mus\u00ed\u0161 to naozaj chcie\u0165, nesta\u010d\u00ed len o tom rozpr\u00e1va\u0165 a&nbsp;ke\u010f sa druh\u00ed nepozeraj\u00fa, spravi\u0165 polovi\u010dn\u00fa pr\u00e1cu. V tom vid\u00edm pr\u00ed\u010dinu aj na\u0161ich \u00faspechov po\u010das \u0161tyroch sez\u00f3n &#8211; uk\u00e1\u017ekov\u00fd pr\u00edstup k futbalu, ve\u013ea driny a nekone\u010dn\u00e1 v\u00ed\u0165azn\u00e1 mentalita. Av\u0161ak nem\u00f4\u017eem zabudn\u00fa\u0165 na m\u00f4j realiza\u010dn\u00fd t\u00edm &#8211; asistentov, tr\u00e9nerov brank\u00e1rov, ale aj ostatn\u00fdch. Po\u010das tohto obdobia som pracoval naozaj s TOP \u013eu\u010fmi, ktor\u00ed mne aj cel\u00e9mu t\u00edmu vytv\u00e1rali pohodu a ide\u00e1lne prostredie pre progres.\u201c<\/strong><\/p>\n\n\n\n<p class=\"has-text-align-center\">A \u010do najlep\u0161ie ste za\u017eili za spolo\u010dn\u00e9 \u0161tyri roky?<\/p>\n\n\n\n<p class=\"has-text-align-center\"><strong>\u201eAbsolvovali sme ve\u013ea fantastick\u00fdch turnajov, na ktor\u00fdch sme uhrali v\u00fdborn\u00e9 v\u00fdsledky s TOP akad\u00e9miami a zanechali pozit\u00edvny dojem. \u010ci u\u017e to boli \u010desk\u00e9 turnaje, Viede\u0148 alebo Madrid. \u0164a\u017eko pre m\u0148a vybra\u0165 jeden najlep\u0161\u00ed moment za tie \u0161tyri sez\u00f3ny, v\u00e1\u017eim si ka\u017ed\u00fd jeden a pri rozm\u00fd\u0161\u013ean\u00ed nad touto ot\u00e1zkou som si vlastne a\u017e teraz uvedomil, ko\u013eko naozaj kr\u00e1snych okamihov sme za tie \u0161tyri roky za\u017eili.\u201c<\/strong><\/p>\n\n\n<div class=\"wp-block-image\">\n<figure class=\"aligncenter size-large is-resized\"><img loading=\"lazy\" decoding=\"async\" width=\"768\" height=\"1024\" src=\"https:\/\/fcspartaktrnava.com\/wp-content\/uploads\/2025\/06\/WhatsApp-Image-2025-04-29-at-11.19.40-768x1024.jpeg\" alt=\"\" class=\"wp-image-28218\" style=\"width:544px;height:auto\" srcset=\"https:\/\/fcspartaktrnava.com\/wp-content\/uploads\/2025\/06\/WhatsApp-Image-2025-04-29-at-11.19.40-768x1024.jpeg 768w, https:\/\/fcspartaktrnava.com\/wp-content\/uploads\/2025\/06\/WhatsApp-Image-2025-04-29-at-11.19.40-225x300.jpeg 225w, https:\/\/fcspartaktrnava.com\/wp-content\/uploads\/2025\/06\/WhatsApp-Image-2025-04-29-at-11.19.40-1152x1536.jpeg 1152w, https:\/\/fcspartaktrnava.com\/wp-content\/uploads\/2025\/06\/WhatsApp-Image-2025-04-29-at-11.19.40-9x12.jpeg 9w, https:\/\/fcspartaktrnava.com\/wp-content\/uploads\/2025\/06\/WhatsApp-Image-2025-04-29-at-11.19.40.jpeg 1536w\" sizes=\"auto, (max-width: 768px) 100vw, 768px\" \/><\/figure>\n<\/div>\n\n\n<p class=\"has-text-align-center\">Hr\u00e1\u010di sa posun\u00fa od leta do dorastu a&nbsp;rovnako za\u017eije posun aj Oliver Burian, ktor\u00fd sa od novej sez\u00f3ny stane klubov\u00fdm skautom.<\/p>\n\n\n\n<p class=\"has-text-align-center\"><strong>\u201eT\u00e1to cel\u00e1 my\u0161lienka sa zrodila niekedy v polovici marca, kedy som bol prakticky u\u017e rozhodnut\u00fd o mojej \u010fal\u0161ej bud\u00facnosti, ktor\u00e1 mala by\u0165 spojen\u00e1 pr\u00e1ve so skautingovou profesiou, ale teda nepokra\u010dovan\u00ed v klube, no pr\u00edchodom Martina \u0160krtela sa pre m\u0148a veci zmenili. Oslovil ma s touto ponukou, ke\u010f\u017ee vedel kam sa chyst\u00e1m \u00eds\u0165 pracova\u0165 a z\u00e1rove\u0148 vedel, \u017ee som v klube p\u00f4sobil okrem poz\u00edcie tr\u00e9nera ako skaut na ml\u00e1de\u017en\u00edckej \u00farovni. Predstavil mi jasn\u00fa v\u00edziu ako by to malo fungova\u0165 a ke\u010f\u017ee pre m\u0148a, ako roden\u00e9ho Trnav\u010dana je toto miesto viac ako klub, debata o dohode nemala dlh\u00e9 trvanie. S\u00edce pre m\u0148a bolo aktu\u00e1lne obdobie dos\u0165 n\u00e1ro\u010dn\u00e9 a hektick\u00e9, ke\u010f\u017ee som nast\u00fapil prakticky ihne\u010f, ver\u00edm, \u017ee rob\u00edme dennodenne maximum k dosiahnutiu v\u0161etk\u00fdch cie\u013eov, ktor\u00e9 s\u00fa v Trnave.\u201c<\/strong><\/p>\n\n\n<div class=\"wp-block-image\">\n<figure class=\"aligncenter size-large is-resized\"><img loading=\"lazy\" decoding=\"async\" width=\"768\" height=\"1024\" src=\"https:\/\/fcspartaktrnava.com\/wp-content\/uploads\/2025\/06\/WhatsApp-Image-2025-06-05-at-09.43.01-768x1024.jpeg\" alt=\"\" class=\"wp-image-28219\" style=\"width:542px;height:auto\" srcset=\"https:\/\/fcspartaktrnava.com\/wp-content\/uploads\/2025\/06\/WhatsApp-Image-2025-06-05-at-09.43.01-768x1024.jpeg 768w, https:\/\/fcspartaktrnava.com\/wp-content\/uploads\/2025\/06\/WhatsApp-Image-2025-06-05-at-09.43.01-225x300.jpeg 225w, https:\/\/fcspartaktrnava.com\/wp-content\/uploads\/2025\/06\/WhatsApp-Image-2025-06-05-at-09.43.01-1152x1536.jpeg 1152w, https:\/\/fcspartaktrnava.com\/wp-content\/uploads\/2025\/06\/WhatsApp-Image-2025-06-05-at-09.43.01-9x12.jpeg 9w, https:\/\/fcspartaktrnava.com\/wp-content\/uploads\/2025\/06\/WhatsApp-Image-2025-06-05-at-09.43.01.jpeg 1536w\" sizes=\"auto, (max-width: 768px) 100vw, 768px\" \/><\/figure>\n<\/div>\n\n<div class=\"wp-block-image\">\n<figure class=\"aligncenter size-large is-resized\"><img loading=\"lazy\" decoding=\"async\" width=\"1024\" height=\"768\" src=\"https:\/\/fcspartaktrnava.com\/wp-content\/uploads\/2025\/06\/WhatsApp-Image-2025-06-05-at-09.40.36-1024x768.jpeg\" alt=\"\" class=\"wp-image-28220\" style=\"width:544px;height:auto\" srcset=\"https:\/\/fcspartaktrnava.com\/wp-content\/uploads\/2025\/06\/WhatsApp-Image-2025-06-05-at-09.40.36-1024x768.jpeg 1024w, https:\/\/fcspartaktrnava.com\/wp-content\/uploads\/2025\/06\/WhatsApp-Image-2025-06-05-at-09.40.36-300x225.jpeg 300w, https:\/\/fcspartaktrnava.com\/wp-content\/uploads\/2025\/06\/WhatsApp-Image-2025-06-05-at-09.40.36-768x576.jpeg 768w, https:\/\/fcspartaktrnava.com\/wp-content\/uploads\/2025\/06\/WhatsApp-Image-2025-06-05-at-09.40.36-1536x1152.jpeg 1536w, https:\/\/fcspartaktrnava.com\/wp-content\/uploads\/2025\/06\/WhatsApp-Image-2025-06-05-at-09.40.36-16x12.jpeg 16w, https:\/\/fcspartaktrnava.com\/wp-content\/uploads\/2025\/06\/WhatsApp-Image-2025-06-05-at-09.40.36.jpeg 2048w\" sizes=\"auto, (max-width: 1024px) 100vw, 1024px\" \/><\/figure>\n<\/div>","protected":false},"excerpt":{"rendered":"<p>V&nbsp;porad\u00ed druhou ml\u00e1de\u017en\u00edckou kateg\u00f3riou Spartaka Trnava, ktor\u00e1 t\u00fato&#8230;<\/p>","protected":false},"author":2,"featured_media":28221,"comment_status":"closed","ping_status":"closed","sticky":false,"template":"","format":"standard","meta":{"footnotes":""},"categories":[52,12],"tags":[53],"class_list":["post-28215","post","type-post","status-publish","format-standard","has-post-thumbnail","hentry","category-mladez","category-spravy","tag-mladez","post-number-1"],"yoast_head":"<!-- This site is optimized with the Yoast SEO plugin v27.1.1 - https:\/\/yoast.com\/product\/yoast-seo-wordpress\/ -->\n<title>Tret\u00ed titul za \u0161tyri roky - FC Spartak Trnava<\/title>\n<meta name=\"robots\" content=\"index, follow, max-snippet:-1, max-image-preview:large, max-video-preview:-1\" \/>\n<link rel=\"canonical\" href=\"https:\/\/fcspartaktrnava.com\/en\/treti-titul-za-styri-roky\/\" \/>\n<meta name=\"twitter:label1\" content=\"Written by\" \/>\n\t<meta name=\"twitter:data1\" content=\"spartak\" \/>\n\t<meta name=\"twitter:label2\" content=\"Estimated reading time\" \/>\n\t<meta name=\"twitter:data2\" content=\"5 minutes\" \/>\n<script type=\"application\/ld+json\" class=\"yoast-schema-graph\">{\"@context\":\"https:\/\/schema.org\",\"@graph\":[{\"@type\":\"Article\",\"@id\":\"https:\/\/fcspartaktrnava.com\/treti-titul-za-styri-roky\/#article\",\"isPartOf\":{\"@id\":\"https:\/\/fcspartaktrnava.com\/treti-titul-za-styri-roky\/\"},\"author\":{\"name\":\"spartak\",\"@id\":\"https:\/\/fcspartaktrnava.com\/#\/schema\/person\/24bc5b254af14f71d7d8af178790aa75\"},\"headline\":\"Tret\u00ed titul za \u0161tyri roky\",\"datePublished\":\"2025-06-05T09:13:53+00:00\",\"dateModified\":\"2025-06-11T10:39:44+00:00\",\"mainEntityOfPage\":{\"@id\":\"https:\/\/fcspartaktrnava.com\/treti-titul-za-styri-roky\/\"},\"wordCount\":863,\"publisher\":{\"@id\":\"https:\/\/fcspartaktrnava.com\/#organization\"},\"image\":{\"@id\":\"https:\/\/fcspartaktrnava.com\/treti-titul-za-styri-roky\/#primaryimage\"},\"thumbnailUrl\":\"https:\/\/fcspartaktrnava.com\/wp-content\/uploads\/2025\/06\/WhatsApp-Image-2025-05-31-at-18.15.15-2.jpeg\",\"keywords\":[\"ml\u00e1de\u017e\"],\"articleSection\":[\"Ml\u00e1de\u017e\",\"Spr\u00e1vy\"],\"inLanguage\":\"en-GB\"},{\"@type\":\"WebPage\",\"@id\":\"https:\/\/fcspartaktrnava.com\/treti-titul-za-styri-roky\/\",\"url\":\"https:\/\/fcspartaktrnava.com\/treti-titul-za-styri-roky\/\",\"name\":\"Tret\u00ed titul za \u0161tyri roky - FC Spartak Trnava\",\"isPartOf\":{\"@id\":\"https:\/\/fcspartaktrnava.com\/#website\"},\"primaryImageOfPage\":{\"@id\":\"https:\/\/fcspartaktrnava.com\/treti-titul-za-styri-roky\/#primaryimage\"},\"image\":{\"@id\":\"https:\/\/fcspartaktrnava.com\/treti-titul-za-styri-roky\/#primaryimage\"},\"thumbnailUrl\":\"https:\/\/fcspartaktrnava.com\/wp-content\/uploads\/2025\/06\/WhatsApp-Image-2025-05-31-at-18.15.15-2.jpeg\",\"datePublished\":\"2025-06-05T09:13:53+00:00\",\"dateModified\":\"2025-06-11T10:39:44+00:00\",\"breadcrumb\":{\"@id\":\"https:\/\/fcspartaktrnava.com\/treti-titul-za-styri-roky\/#breadcrumb\"},\"inLanguage\":\"en-GB\",\"potentialAction\":[{\"@type\":\"ReadAction\",\"target\":[\"https:\/\/fcspartaktrnava.com\/treti-titul-za-styri-roky\/\"]}]},{\"@type\":\"ImageObject\",\"inLanguage\":\"en-GB\",\"@id\":\"https:\/\/fcspartaktrnava.com\/treti-titul-za-styri-roky\/#primaryimage\",\"url\":\"https:\/\/fcspartaktrnava.com\/wp-content\/uploads\/2025\/06\/WhatsApp-Image-2025-05-31-at-18.15.15-2.jpeg\",\"contentUrl\":\"https:\/\/fcspartaktrnava.com\/wp-content\/uploads\/2025\/06\/WhatsApp-Image-2025-05-31-at-18.15.15-2.jpeg\",\"width\":2048,\"height\":1365},{\"@type\":\"BreadcrumbList\",\"@id\":\"https:\/\/fcspartaktrnava.com\/treti-titul-za-styri-roky\/#breadcrumb\",\"itemListElement\":[{\"@type\":\"ListItem\",\"position\":1,\"name\":\"Home\",\"item\":\"https:\/\/fcspartaktrnava.com\/\"},{\"@type\":\"ListItem\",\"position\":2,\"name\":\"Tret\u00ed titul za \u0161tyri roky\"}]},{\"@type\":\"WebSite\",\"@id\":\"https:\/\/fcspartaktrnava.com\/#website\",\"url\":\"https:\/\/fcspartaktrnava.com\/\",\"name\":\"FC Spartak Trnava\",\"description\":\"ofici\u00e1lna webstr\u00e1nka futbalov\u00e9ho klubu\",\"publisher\":{\"@id\":\"https:\/\/fcspartaktrnava.com\/#organization\"},\"potentialAction\":[{\"@type\":\"SearchAction\",\"target\":{\"@type\":\"EntryPoint\",\"urlTemplate\":\"https:\/\/fcspartaktrnava.com\/?s={search_term_string}\"},\"query-input\":{\"@type\":\"PropertyValueSpecification\",\"valueRequired\":true,\"valueName\":\"search_term_string\"}}],\"inLanguage\":\"en-GB\"},{\"@type\":\"Organization\",\"@id\":\"https:\/\/fcspartaktrnava.com\/#organization\",\"name\":\"FC Spartak Trnava\",\"alternateName\":\"Spartak\",\"url\":\"https:\/\/fcspartaktrnava.com\/\",\"logo\":{\"@type\":\"ImageObject\",\"inLanguage\":\"en-GB\",\"@id\":\"https:\/\/fcspartaktrnava.com\/#\/schema\/logo\/image\/\",\"url\":\"https:\/\/fcspartaktrnava.com\/wp-content\/uploads\/2022\/08\/cropped-site_logo.png\",\"contentUrl\":\"https:\/\/fcspartaktrnava.com\/wp-content\/uploads\/2022\/08\/cropped-site_logo.png\",\"width\":140,\"height\":140,\"caption\":\"FC Spartak Trnava\"},\"image\":{\"@id\":\"https:\/\/fcspartaktrnava.com\/#\/schema\/logo\/image\/\"},\"sameAs\":[\"https:\/\/www.facebook.com\/SpartakTrnava\",\"https:\/\/x.com\/SpartakTrnava1\",\"https:\/\/www.instagram.com\/spartak_sk\/\"]},{\"@type\":\"Person\",\"@id\":\"https:\/\/fcspartaktrnava.com\/#\/schema\/person\/24bc5b254af14f71d7d8af178790aa75\",\"name\":\"spartak\",\"image\":{\"@type\":\"ImageObject\",\"inLanguage\":\"en-GB\",\"@id\":\"https:\/\/fcspartaktrnava.com\/#\/schema\/person\/image\/\",\"url\":\"https:\/\/secure.gravatar.com\/avatar\/f8ff8584f3fcf3909a11a6da9019f37749183b4015bca14e64556c52614cdc7f?s=96&d=mm&r=g\",\"contentUrl\":\"https:\/\/secure.gravatar.com\/avatar\/f8ff8584f3fcf3909a11a6da9019f37749183b4015bca14e64556c52614cdc7f?s=96&d=mm&r=g\",\"caption\":\"spartak\"},\"url\":\"https:\/\/fcspartaktrnava.com\/en\/author\/spartak\/\"}]}<\/script>\n<!-- \/ Yoast SEO plugin. -->","yoast_head_json":{"title":"Tret\u00ed titul za \u0161tyri roky - FC Spartak Trnava","robots":{"index":"index","follow":"follow","max-snippet":"max-snippet:-1","max-image-preview":"max-image-preview:large","max-video-preview":"max-video-preview:-1"},"canonical":"https:\/\/fcspartaktrnava.com\/en\/treti-titul-za-styri-roky\/","twitter_misc":{"Written by":"spartak","Estimated reading time":"5 minutes"},"schema":{"@context":"https:\/\/schema.org","@graph":[{"@type":"Article","@id":"https:\/\/fcspartaktrnava.com\/treti-titul-za-styri-roky\/#article","isPartOf":{"@id":"https:\/\/fcspartaktrnava.com\/treti-titul-za-styri-roky\/"},"author":{"name":"spartak","@id":"https:\/\/fcspartaktrnava.com\/#\/schema\/person\/24bc5b254af14f71d7d8af178790aa75"},"headline":"Tret\u00ed titul za \u0161tyri roky","datePublished":"2025-06-05T09:13:53+00:00","dateModified":"2025-06-11T10:39:44+00:00","mainEntityOfPage":{"@id":"https:\/\/fcspartaktrnava.com\/treti-titul-za-styri-roky\/"},"wordCount":863,"publisher":{"@id":"https:\/\/fcspartaktrnava.com\/#organization"},"image":{"@id":"https:\/\/fcspartaktrnava.com\/treti-titul-za-styri-roky\/#primaryimage"},"thumbnailUrl":"https:\/\/fcspartaktrnava.com\/wp-content\/uploads\/2025\/06\/WhatsApp-Image-2025-05-31-at-18.15.15-2.jpeg","keywords":["ml\u00e1de\u017e"],"articleSection":["Ml\u00e1de\u017e","Spr\u00e1vy"],"inLanguage":"en-GB"},{"@type":"WebPage","@id":"https:\/\/fcspartaktrnava.com\/treti-titul-za-styri-roky\/","url":"https:\/\/fcspartaktrnava.com\/treti-titul-za-styri-roky\/","name":"Tret\u00ed titul za \u0161tyri roky - FC Spartak Trnava","isPartOf":{"@id":"https:\/\/fcspartaktrnava.com\/#website"},"primaryImageOfPage":{"@id":"https:\/\/fcspartaktrnava.com\/treti-titul-za-styri-roky\/#primaryimage"},"image":{"@id":"https:\/\/fcspartaktrnava.com\/treti-titul-za-styri-roky\/#primaryimage"},"thumbnailUrl":"https:\/\/fcspartaktrnava.com\/wp-content\/uploads\/2025\/06\/WhatsApp-Image-2025-05-31-at-18.15.15-2.jpeg","datePublished":"2025-06-05T09:13:53+00:00","dateModified":"2025-06-11T10:39:44+00:00","breadcrumb":{"@id":"https:\/\/fcspartaktrnava.com\/treti-titul-za-styri-roky\/#breadcrumb"},"inLanguage":"en-GB","potentialAction":[{"@type":"ReadAction","target":["https:\/\/fcspartaktrnava.com\/treti-titul-za-styri-roky\/"]}]},{"@type":"ImageObject","inLanguage":"en-GB","@id":"https:\/\/fcspartaktrnava.com\/treti-titul-za-styri-roky\/#primaryimage","url":"https:\/\/fcspartaktrnava.com\/wp-content\/uploads\/2025\/06\/WhatsApp-Image-2025-05-31-at-18.15.15-2.jpeg","contentUrl":"https:\/\/fcspartaktrnava.com\/wp-content\/uploads\/2025\/06\/WhatsApp-Image-2025-05-31-at-18.15.15-2.jpeg","width":2048,"height":1365},{"@type":"BreadcrumbList","@id":"https:\/\/fcspartaktrnava.com\/treti-titul-za-styri-roky\/#breadcrumb","itemListElement":[{"@type":"ListItem","position":1,"name":"Home","item":"https:\/\/fcspartaktrnava.com\/"},{"@type":"ListItem","position":2,"name":"Tret\u00ed titul za \u0161tyri roky"}]},{"@type":"WebSite","@id":"https:\/\/fcspartaktrnava.com\/#website","url":"https:\/\/fcspartaktrnava.com\/","name":"FC Spartak Trnava","description":"ofici\u00e1lna webstr\u00e1nka futbalov\u00e9ho klubu","publisher":{"@id":"https:\/\/fcspartaktrnava.com\/#organization"},"potentialAction":[{"@type":"SearchAction","target":{"@type":"EntryPoint","urlTemplate":"https:\/\/fcspartaktrnava.com\/?s={search_term_string}"},"query-input":{"@type":"PropertyValueSpecification","valueRequired":true,"valueName":"search_term_string"}}],"inLanguage":"en-GB"},{"@type":"Organization","@id":"https:\/\/fcspartaktrnava.com\/#organization","name":"FC Spartak Trnava","alternateName":"Spartak","url":"https:\/\/fcspartaktrnava.com\/","logo":{"@type":"ImageObject","inLanguage":"en-GB","@id":"https:\/\/fcspartaktrnava.com\/#\/schema\/logo\/image\/","url":"https:\/\/fcspartaktrnava.com\/wp-content\/uploads\/2022\/08\/cropped-site_logo.png","contentUrl":"https:\/\/fcspartaktrnava.com\/wp-content\/uploads\/2022\/08\/cropped-site_logo.png","width":140,"height":140,"caption":"FC Spartak Trnava"},"image":{"@id":"https:\/\/fcspartaktrnava.com\/#\/schema\/logo\/image\/"},"sameAs":["https:\/\/www.facebook.com\/SpartakTrnava","https:\/\/x.com\/SpartakTrnava1","https:\/\/www.instagram.com\/spartak_sk\/"]},{"@type":"Person","@id":"https:\/\/fcspartaktrnava.com\/#\/schema\/person\/24bc5b254af14f71d7d8af178790aa75","name":"spartak","image":{"@type":"ImageObject","inLanguage":"en-GB","@id":"https:\/\/fcspartaktrnava.com\/#\/schema\/person\/image\/","url":"https:\/\/secure.gravatar.com\/avatar\/f8ff8584f3fcf3909a11a6da9019f37749183b4015bca14e64556c52614cdc7f?s=96&d=mm&r=g","contentUrl":"https:\/\/secure.gravatar.com\/avatar\/f8ff8584f3fcf3909a11a6da9019f37749183b4015bca14e64556c52614cdc7f?s=96&d=mm&r=g","caption":"spartak"},"url":"https:\/\/fcspartaktrnava.com\/en\/author\/spartak\/"}]}},"_links":{"self":[{"href":"https:\/\/fcspartaktrnava.com\/en\/wp-json\/wp\/v2\/posts\/28215","targetHints":{"allow":["GET"]}}],"collection":[{"href":"https:\/\/fcspartaktrnava.com\/en\/wp-json\/wp\/v2\/posts"}],"about":[{"href":"https:\/\/fcspartaktrnava.com\/en\/wp-json\/wp\/v2\/types\/post"}],"author":[{"embeddable":true,"href":"https:\/\/fcspartaktrnava.com\/en\/wp-json\/wp\/v2\/users\/2"}],"replies":[{"embeddable":true,"href":"https:\/\/fcspartaktrnava.com\/en\/wp-json\/wp\/v2\/comments?post=28215"}],"version-history":[{"count":0,"href":"https:\/\/fcspartaktrnava.com\/en\/wp-json\/wp\/v2\/posts\/28215\/revisions"}],"wp:featuredmedia":[{"embeddable":true,"href":"https:\/\/fcspartaktrnava.com\/en\/wp-json\/wp\/v2\/media\/28221"}],"wp:attachment":[{"href":"https:\/\/fcspartaktrnava.com\/en\/wp-json\/wp\/v2\/media?parent=28215"}],"wp:term":[{"taxonomy":"category","embeddable":true,"href":"https:\/\/fcspartaktrnava.com\/en\/wp-json\/wp\/v2\/categories?post=28215"},{"taxonomy":"post_tag","embeddable":true,"href":"https:\/\/fcspartaktrnava.com\/en\/wp-json\/wp\/v2\/tags?post=28215"}],"curies":[{"name":"wp","href":"https:\/\/api.w.org\/{rel}","templated":true}]}}