{"id":28121,"date":"2025-05-20T10:27:53","date_gmt":"2025-05-20T08:27:53","guid":{"rendered":"https:\/\/fcspartaktrnava.com\/?p=28121"},"modified":"2025-05-20T10:33:29","modified_gmt":"2025-05-20T08:33:29","slug":"zeljkovic-a-frelih-oceneni-na-galavecere-jedenastka-sezony","status":"publish","type":"post","link":"https:\/\/fcspartaktrnava.com\/en\/zeljkovic-a-frelih-oceneni-na-galavecere-jedenastka-sezony\/","title":{"rendered":"Zeljkovi\u0107, Frelih a Radolsk\u00fd ocenen\u00ed na galave\u010dere Jeden\u00e1stka sez\u00f3ny"},"content":{"rendered":"<p class=\"has-text-align-center has-medium-font-size\">Nik\u00e9 liga oce\u0148ovala a vyhodnocovala.<strong> Galave\u010der 11-ka sez\u00f3ny uzavrel ro\u010dn\u00edk 2024\/2025<\/strong>, ktor\u00fd n\u00e1m priniesol u\u017e piatykr\u00e1t v rade bronzov\u00fa prie\u010dku. Do vybranej spolo\u010dnosti najlep\u0161\u00edch futbalistov sa dostali aj na\u0161i hr\u00e1\u010di. <\/p>\n\n\n\n<p class=\"has-text-align-center has-medium-font-size\">Najlep\u0161iu jeden\u00e1stku sez\u00f3ny doplnil po druh\u00fdkr\u00e1t za sebou <strong>Adrian Zeljkovi\u0107 <\/strong>a uzavrel tak ve\u013emi \u00faspe\u0161n\u00fa kapitolu v na\u0161om klube. V kari\u00e9re bude pokra\u010dova\u0165 v drese Viktoria Plze\u0148.<\/p>\n\n\n<div class=\"wp-block-image\">\n<figure class=\"aligncenter size-large\"><img loading=\"lazy\" decoding=\"async\" width=\"1024\" height=\"683\" src=\"https:\/\/fcspartaktrnava.com\/wp-content\/uploads\/2025\/05\/54530451120_dbca92cf13_k-1024x683.jpg\" alt=\"\" class=\"wp-image-28122\" srcset=\"https:\/\/fcspartaktrnava.com\/wp-content\/uploads\/2025\/05\/54530451120_dbca92cf13_k-1024x683.jpg 1024w, https:\/\/fcspartaktrnava.com\/wp-content\/uploads\/2025\/05\/54530451120_dbca92cf13_k-300x200.jpg 300w, https:\/\/fcspartaktrnava.com\/wp-content\/uploads\/2025\/05\/54530451120_dbca92cf13_k-768x512.jpg 768w, https:\/\/fcspartaktrnava.com\/wp-content\/uploads\/2025\/05\/54530451120_dbca92cf13_k-1536x1025.jpg 1536w, https:\/\/fcspartaktrnava.com\/wp-content\/uploads\/2025\/05\/54530451120_dbca92cf13_k-18x12.jpg 18w, https:\/\/fcspartaktrnava.com\/wp-content\/uploads\/2025\/05\/54530451120_dbca92cf13_k.jpg 2048w\" sizes=\"auto, (max-width: 1024px) 100vw, 1024px\" \/><\/figure>\n<\/div>\n\n\n<hr class=\"wp-block-separator has-alpha-channel-opacity\"\/>\n\n\n\n<p class=\"has-medium-font-size\"><strong>Zejlkovi\u0107 po galave\u010dere: \u00daspe\u0161n\u00e1 sez\u00f3ny. Dosiahli sme stanoven\u00e9 ciele<\/strong><\/p>\n\n\n\n<figure class=\"wp-block-embed aligncenter is-type-video is-provider-youtube wp-block-embed-youtube wp-embed-aspect-16-9 wp-has-aspect-ratio\"><div class=\"wp-block-embed__wrapper\">\n<iframe loading=\"lazy\" title=\"Adrian Zeljkovi\u0107 po galave\u010deri Jeden\u00e1stka sez\u00f3ny\" width=\"500\" height=\"281\" src=\"https:\/\/www.youtube.com\/embed\/8ciCgzNy8AU?feature=oembed\" frameborder=\"0\" allow=\"accelerometer; autoplay; clipboard-write; encrypted-media; gyroscope; picture-in-picture; web-share\" referrerpolicy=\"strict-origin-when-cross-origin\" allowfullscreen><\/iframe>\n<\/div><\/figure>\n\n\n\n<p class=\"has-text-align-center has-medium-font-size\">Zelko sa pred posledn\u00fdm z\u00e1pasom sez\u00f3ny venoval fan\u00fa\u0161ikom, fotil sa s nimi a rozdal mno\u017estvo podpisov. Po\u010fakoval im tak za ich podporu po\u010das cel\u00e9ho p\u00f4sobenia v \u010derveno-\u010d\u00edrnom drese.<\/p>\n\n\n\n<p class=\"has-text-align-center has-medium-font-size\"><strong>&#8222;Bolo to skvel\u00e9 a emot\u00edvne. Lebo som sa zamiloval do Trnavy a jej \u013eud\u00ed. V\u0161etk\u00fdm chcem po\u010fakova\u0165 za obrovsk\u00fd re\u0161pekt a podporu od prv\u00e9ho d\u0148a. Som ve\u013emi hrd\u00fd.&#8220;<\/strong><\/p>\n\n\n\n<p class=\"has-text-align-center has-medium-font-size\">Zelko gratulujeme k oceneniu a prajeme v\u0161etko len to najlep\u0161ie na tvojej \u010fal\u0161ej futbalovej ceste.<\/p>\n\n\n<div class=\"wp-block-image\">\n<figure class=\"aligncenter size-large\"><img loading=\"lazy\" decoding=\"async\" width=\"1024\" height=\"683\" src=\"https:\/\/fcspartaktrnava.com\/wp-content\/uploads\/2025\/05\/54530451395_5121346312_k-1024x683.jpg\" alt=\"\" class=\"wp-image-28123\" srcset=\"https:\/\/fcspartaktrnava.com\/wp-content\/uploads\/2025\/05\/54530451395_5121346312_k-1024x683.jpg 1024w, https:\/\/fcspartaktrnava.com\/wp-content\/uploads\/2025\/05\/54530451395_5121346312_k-300x200.jpg 300w, https:\/\/fcspartaktrnava.com\/wp-content\/uploads\/2025\/05\/54530451395_5121346312_k-768x512.jpg 768w, https:\/\/fcspartaktrnava.com\/wp-content\/uploads\/2025\/05\/54530451395_5121346312_k-1536x1024.jpg 1536w, https:\/\/fcspartaktrnava.com\/wp-content\/uploads\/2025\/05\/54530451395_5121346312_k-18x12.jpg 18w, https:\/\/fcspartaktrnava.com\/wp-content\/uploads\/2025\/05\/54530451395_5121346312_k.jpg 2048w\" sizes=\"auto, (max-width: 1024px) 100vw, 1024px\" \/><\/figure>\n<\/div>\n\n\n<hr class=\"wp-block-separator has-alpha-channel-opacity\"\/>\n\n\n\n<h2 class=\"wp-block-heading has-text-align-center\">Z\u00edskal si srdcia fan\u00fa\u0161ikov po celom Slovensku<\/h2>\n\n\n\n<p class=\"has-text-align-center has-medium-font-size\">Jedno meno, jedno ve\u013ek\u00e9 srdce a skvel\u00e9 v\u00fdkony po\u010das celej sez\u00f3ny na ihrisku a aj mimo neho. \u017diga Frelih si vo svojej prvej sez\u00f3ne z\u00edskal srdcia fan\u00fa\u0161ikov po celom Slovensku. A mo\u017eno aj mimo neho. <\/p>\n\n\n\n<p class=\"has-text-align-center has-medium-font-size\">Tak ako on ukazoval svoj talent na tr\u00e1vniku a zabra\u0148oval g\u00f3lom, robil rados\u0165 fan\u00fa\u0161ikom a fan\u00fa\u0161i\u010dk\u00e1m po z\u00e1pasoch. S\u00edce niekedy nemohol rozda\u0165 v\u0161etko, \u010do mal na sebe, jeden moment priam mohutne zarezonoval na soci\u00e1lnych sie\u0165ach. A to ke\u010f \u017diga nev\u00e1hal, rozbehol sa po z\u00e1pase do \u0161atne a mladej fan\u00fa\u0161i\u010dke daroval svoje brank\u00e1rske rukavice. Nech\u00fdbali slzy dojatia a vr\u00facne po\u010fakovanie. \u017diga te\u0161il div\u00e1kov po z\u00e1pase pravidelne, z\u00edskal si re\u0161pekt, podporu a uznanie. <\/p>\n\n\n\n<p class=\"has-text-align-center has-medium-font-size\"><strong>Na galave\u010dere 11-ka sez\u00f3ny sa t\u00e1to podpora uk\u00e1zala a prejavila naplno v podobe zisku ocenenia CENA FAN\u00da\u0160IKA Nik\u00e9 ligy 2024\/2025.<\/strong><\/p>\n\n\n<div class=\"wp-block-image\">\n<figure class=\"aligncenter size-large\"><img loading=\"lazy\" decoding=\"async\" width=\"1024\" height=\"683\" src=\"https:\/\/fcspartaktrnava.com\/wp-content\/uploads\/2025\/05\/54530346413_db92dfc6e8_k-1024x683.jpg\" alt=\"\" class=\"wp-image-28124\" srcset=\"https:\/\/fcspartaktrnava.com\/wp-content\/uploads\/2025\/05\/54530346413_db92dfc6e8_k-1024x683.jpg 1024w, https:\/\/fcspartaktrnava.com\/wp-content\/uploads\/2025\/05\/54530346413_db92dfc6e8_k-300x200.jpg 300w, https:\/\/fcspartaktrnava.com\/wp-content\/uploads\/2025\/05\/54530346413_db92dfc6e8_k-768x512.jpg 768w, https:\/\/fcspartaktrnava.com\/wp-content\/uploads\/2025\/05\/54530346413_db92dfc6e8_k-1536x1024.jpg 1536w, https:\/\/fcspartaktrnava.com\/wp-content\/uploads\/2025\/05\/54530346413_db92dfc6e8_k-18x12.jpg 18w, https:\/\/fcspartaktrnava.com\/wp-content\/uploads\/2025\/05\/54530346413_db92dfc6e8_k.jpg 2048w\" sizes=\"auto, (max-width: 1024px) 100vw, 1024px\" \/><\/figure>\n<\/div>\n\n\n<p class=\"has-text-align-center has-medium-font-size\">Po\u010das preberania ocenenia od fan\u00fa\u0161ikov si div\u00e1ci mohli pripomen\u00fa\u0165 aj emot\u00edvny moment, ktor\u00fd spom\u00edname v texte vy\u0161\u0161ie. <\/p>\n\n\n\n<p class=\"has-text-align-center has-medium-font-size\"><strong>&#8222;C\u00edtim sa pocten\u00fd. Je skvel\u00e9 by\u0165 s\u00fa\u010das\u0165ou tohto galave\u010dera. Je to ve\u013ek\u00e1 \u010des\u0165. Treba si uvedomi\u0165, \u017ee hr\u00e1me futbal pre fan\u00fa\u0161ikov a bez nich by to nemalo zmysel. Preto m\u00e1 toto ocenenie e\u0161te v\u00e4\u010d\u0161iu hodnotu.&#8220;<\/strong><\/p>\n\n\n\n<p class=\"has-text-align-center has-medium-font-size\">GRATULUJEME \u017diga a te\u0161\u00edme sa na \u010fal\u0161ie podobne emot\u00edvne momenty a tvoje skvel\u00e9 z\u00e1kroky.<\/p>\n\n\n\n<figure class=\"wp-block-embed aligncenter is-type-video is-provider-youtube wp-block-embed-youtube wp-embed-aspect-16-9 wp-has-aspect-ratio\"><div class=\"wp-block-embed__wrapper\">\n<iframe loading=\"lazy\" title=\"\u017diga Frelih po galave\u010deri Jeden\u00e1stka sez\u00f3ny\" width=\"500\" height=\"281\" src=\"https:\/\/www.youtube.com\/embed\/GiLPL3ETu-s?feature=oembed\" frameborder=\"0\" allow=\"accelerometer; autoplay; clipboard-write; encrypted-media; gyroscope; picture-in-picture; web-share\" referrerpolicy=\"strict-origin-when-cross-origin\" allowfullscreen><\/iframe>\n<\/div><\/figure>\n\n\n\n<hr class=\"wp-block-separator has-text-color has-vivid-red-color has-alpha-channel-opacity has-vivid-red-background-color has-background is-style-dots\"\/>\n\n\n\n<h2 class=\"wp-block-heading has-text-align-center\">Oce\u0148ovali sa aj futbalov\u00e9 legendy<\/h2>\n\n\n\n<p class=\"has-text-align-center has-medium-font-size\">Do Trib\u00fany sl\u00e1vy bol sl\u00e1vnostne uveden\u00fd b\u00fdval\u00fd hr\u00e1\u010d Spartaka a tr\u00e9ner Du\u0161an Radolsk\u00fd. Zaradil sa tak medzi futbalov\u00e9 legendy najvy\u0161\u0161ej futbalovej s\u00fa\u0165a\u017ee na Slovensku a my mu prajeme najm\u00e4 pevn\u00e9 zdravie a ve\u013ea radosti v kruhu najbli\u017e\u0161\u00edch.<\/p>\n\n\n<div class=\"wp-block-image\">\n<figure class=\"aligncenter size-large\"><img loading=\"lazy\" decoding=\"async\" width=\"1024\" height=\"683\" src=\"https:\/\/fcspartaktrnava.com\/wp-content\/uploads\/2025\/05\/54529230722_ccc2136f6f_k-1024x683.jpg\" alt=\"\" class=\"wp-image-28125\" srcset=\"https:\/\/fcspartaktrnava.com\/wp-content\/uploads\/2025\/05\/54529230722_ccc2136f6f_k-1024x683.jpg 1024w, https:\/\/fcspartaktrnava.com\/wp-content\/uploads\/2025\/05\/54529230722_ccc2136f6f_k-300x200.jpg 300w, https:\/\/fcspartaktrnava.com\/wp-content\/uploads\/2025\/05\/54529230722_ccc2136f6f_k-768x512.jpg 768w, https:\/\/fcspartaktrnava.com\/wp-content\/uploads\/2025\/05\/54529230722_ccc2136f6f_k-1536x1025.jpg 1536w, https:\/\/fcspartaktrnava.com\/wp-content\/uploads\/2025\/05\/54529230722_ccc2136f6f_k-18x12.jpg 18w, https:\/\/fcspartaktrnava.com\/wp-content\/uploads\/2025\/05\/54529230722_ccc2136f6f_k.jpg 2048w\" sizes=\"auto, (max-width: 1024px) 100vw, 1024px\" \/><\/figure>\n<\/div>\n\n\n<hr class=\"wp-block-separator has-alpha-channel-opacity\"\/>\n\n\n\n<p class=\"has-text-align-center has-black-color has-luminous-vivid-amber-background-color has-text-color has-background has-link-color has-medium-font-size wp-elements-de9a02419a2edb71ec9e679fa36b1d16\"><strong>V\u0161etky fotografie z galave\u010dera Jeden\u00e1stka sez\u00f3ny n\u00e1jdete na na\u0161om <a href=\"https:\/\/www.flickr.com\/photos\/202208455@N08\/albums\/72177720326218632\/\">Flickri.<\/a><\/strong><\/p>\n\n\n\n<figure class=\"wp-block-image size-large\"><a href=\"https:\/\/www.flickr.com\/photos\/202208455@N08\/albums\/72177720326218632\/\"><img loading=\"lazy\" decoding=\"async\" width=\"1024\" height=\"683\" src=\"https:\/\/fcspartaktrnava.com\/wp-content\/uploads\/2025\/05\/54529230952_6bed76ff65_k-1024x683.jpg\" alt=\"\" class=\"wp-image-28126\" srcset=\"https:\/\/fcspartaktrnava.com\/wp-content\/uploads\/2025\/05\/54529230952_6bed76ff65_k-1024x683.jpg 1024w, https:\/\/fcspartaktrnava.com\/wp-content\/uploads\/2025\/05\/54529230952_6bed76ff65_k-300x200.jpg 300w, https:\/\/fcspartaktrnava.com\/wp-content\/uploads\/2025\/05\/54529230952_6bed76ff65_k-768x512.jpg 768w, https:\/\/fcspartaktrnava.com\/wp-content\/uploads\/2025\/05\/54529230952_6bed76ff65_k-1536x1024.jpg 1536w, https:\/\/fcspartaktrnava.com\/wp-content\/uploads\/2025\/05\/54529230952_6bed76ff65_k-18x12.jpg 18w, https:\/\/fcspartaktrnava.com\/wp-content\/uploads\/2025\/05\/54529230952_6bed76ff65_k.jpg 2048w\" sizes=\"auto, (max-width: 1024px) 100vw, 1024px\" \/><\/a><\/figure>\n\n\n\n<p><\/p>\n\n\n<div class=\"wp-block-image\">\n<figure class=\"aligncenter size-full\"><a href=\"https:\/\/predpredaj.zoznam.sk\/sk\/presale\/fc-spartak-trnava-permanentka-202526\/\"><img loading=\"lazy\" decoding=\"async\" width=\"960\" height=\"120\" src=\"https:\/\/fcspartaktrnava.com\/wp-content\/uploads\/2025\/05\/Spartak_permanentka-960x120-webbaner-KV1_-2.jpg\" alt=\"\" class=\"wp-image-28068\" srcset=\"https:\/\/fcspartaktrnava.com\/wp-content\/uploads\/2025\/05\/Spartak_permanentka-960x120-webbaner-KV1_-2.jpg 960w, https:\/\/fcspartaktrnava.com\/wp-content\/uploads\/2025\/05\/Spartak_permanentka-960x120-webbaner-KV1_-2-300x38.jpg 300w, https:\/\/fcspartaktrnava.com\/wp-content\/uploads\/2025\/05\/Spartak_permanentka-960x120-webbaner-KV1_-2-768x96.jpg 768w, https:\/\/fcspartaktrnava.com\/wp-content\/uploads\/2025\/05\/Spartak_permanentka-960x120-webbaner-KV1_-2-18x2.jpg 18w\" sizes=\"auto, (max-width: 960px) 100vw, 960px\" \/><\/a><\/figure>\n<\/div>","protected":false},"excerpt":{"rendered":"<p>Nik\u00e9 liga oce\u0148ovala a vyhodnocovala. Galave\u010der 11-ka sez\u00f3ny&#8230;<\/p>","protected":false},"author":5,"featured_media":28127,"comment_status":"closed","ping_status":"closed","sticky":false,"template":"","format":"standard","meta":{"footnotes":""},"categories":[41,12],"tags":[],"class_list":["post-28121","post","type-post","status-publish","format-standard","has-post-thumbnail","hentry","category-intervju","category-spravy","post-number-1"],"yoast_head":"<!-- This site is optimized with the Yoast SEO plugin v27.1.1 - https:\/\/yoast.com\/product\/yoast-seo-wordpress\/ -->\n<title>Zeljkovi\u0107, Frelih a Radolsk\u00fd ocenen\u00ed na galave\u010dere Jeden\u00e1stka sez\u00f3ny - FC Spartak Trnava<\/title>\n<meta name=\"robots\" content=\"index, follow, max-snippet:-1, max-image-preview:large, max-video-preview:-1\" \/>\n<link rel=\"canonical\" href=\"https:\/\/fcspartaktrnava.com\/en\/zeljkovic-a-frelih-oceneni-na-galavecere-jedenastka-sezony\/\" \/>\n<meta name=\"twitter:label1\" content=\"Written by\" \/>\n\t<meta name=\"twitter:data1\" content=\"Samuel \u010eurinsk\u00fd\" \/>\n\t<meta name=\"twitter:label2\" content=\"Estimated reading time\" \/>\n\t<meta name=\"twitter:data2\" content=\"4 minutes\" \/>\n<script type=\"application\/ld+json\" class=\"yoast-schema-graph\">{\"@context\":\"https:\/\/schema.org\",\"@graph\":[{\"@type\":\"Article\",\"@id\":\"https:\/\/fcspartaktrnava.com\/zeljkovic-a-frelih-oceneni-na-galavecere-jedenastka-sezony\/#article\",\"isPartOf\":{\"@id\":\"https:\/\/fcspartaktrnava.com\/zeljkovic-a-frelih-oceneni-na-galavecere-jedenastka-sezony\/\"},\"author\":{\"name\":\"Samuel \u010eurinsk\u00fd\",\"@id\":\"https:\/\/fcspartaktrnava.com\/#\/schema\/person\/62c3c2562c3c56e4c0c8c2342c596ac0\"},\"headline\":\"Zeljkovi\u0107, Frelih a Radolsk\u00fd ocenen\u00ed na galave\u010dere Jeden\u00e1stka sez\u00f3ny\",\"datePublished\":\"2025-05-20T08:27:53+00:00\",\"dateModified\":\"2025-05-20T08:33:29+00:00\",\"mainEntityOfPage\":{\"@id\":\"https:\/\/fcspartaktrnava.com\/zeljkovic-a-frelih-oceneni-na-galavecere-jedenastka-sezony\/\"},\"wordCount\":537,\"publisher\":{\"@id\":\"https:\/\/fcspartaktrnava.com\/#organization\"},\"image\":{\"@id\":\"https:\/\/fcspartaktrnava.com\/zeljkovic-a-frelih-oceneni-na-galavecere-jedenastka-sezony\/#primaryimage\"},\"thumbnailUrl\":\"https:\/\/fcspartaktrnava.com\/wp-content\/uploads\/2025\/05\/54530345803_651ab4df7a_k.jpg\",\"articleSection\":[\"Rozhovory\",\"Spr\u00e1vy\"],\"inLanguage\":\"en-GB\"},{\"@type\":\"WebPage\",\"@id\":\"https:\/\/fcspartaktrnava.com\/zeljkovic-a-frelih-oceneni-na-galavecere-jedenastka-sezony\/\",\"url\":\"https:\/\/fcspartaktrnava.com\/zeljkovic-a-frelih-oceneni-na-galavecere-jedenastka-sezony\/\",\"name\":\"Zeljkovi\u0107, Frelih a Radolsk\u00fd ocenen\u00ed na galave\u010dere Jeden\u00e1stka sez\u00f3ny - FC Spartak Trnava\",\"isPartOf\":{\"@id\":\"https:\/\/fcspartaktrnava.com\/#website\"},\"primaryImageOfPage\":{\"@id\":\"https:\/\/fcspartaktrnava.com\/zeljkovic-a-frelih-oceneni-na-galavecere-jedenastka-sezony\/#primaryimage\"},\"image\":{\"@id\":\"https:\/\/fcspartaktrnava.com\/zeljkovic-a-frelih-oceneni-na-galavecere-jedenastka-sezony\/#primaryimage\"},\"thumbnailUrl\":\"https:\/\/fcspartaktrnava.com\/wp-content\/uploads\/2025\/05\/54530345803_651ab4df7a_k.jpg\",\"datePublished\":\"2025-05-20T08:27:53+00:00\",\"dateModified\":\"2025-05-20T08:33:29+00:00\",\"breadcrumb\":{\"@id\":\"https:\/\/fcspartaktrnava.com\/zeljkovic-a-frelih-oceneni-na-galavecere-jedenastka-sezony\/#breadcrumb\"},\"inLanguage\":\"en-GB\",\"potentialAction\":[{\"@type\":\"ReadAction\",\"target\":[\"https:\/\/fcspartaktrnava.com\/zeljkovic-a-frelih-oceneni-na-galavecere-jedenastka-sezony\/\"]}]},{\"@type\":\"ImageObject\",\"inLanguage\":\"en-GB\",\"@id\":\"https:\/\/fcspartaktrnava.com\/zeljkovic-a-frelih-oceneni-na-galavecere-jedenastka-sezony\/#primaryimage\",\"url\":\"https:\/\/fcspartaktrnava.com\/wp-content\/uploads\/2025\/05\/54530345803_651ab4df7a_k.jpg\",\"contentUrl\":\"https:\/\/fcspartaktrnava.com\/wp-content\/uploads\/2025\/05\/54530345803_651ab4df7a_k.jpg\",\"width\":2048,\"height\":1365},{\"@type\":\"BreadcrumbList\",\"@id\":\"https:\/\/fcspartaktrnava.com\/zeljkovic-a-frelih-oceneni-na-galavecere-jedenastka-sezony\/#breadcrumb\",\"itemListElement\":[{\"@type\":\"ListItem\",\"position\":1,\"name\":\"Home\",\"item\":\"https:\/\/fcspartaktrnava.com\/\"},{\"@type\":\"ListItem\",\"position\":2,\"name\":\"Zeljkovi\u0107, Frelih a Radolsk\u00fd ocenen\u00ed na galave\u010dere Jeden\u00e1stka sez\u00f3ny\"}]},{\"@type\":\"WebSite\",\"@id\":\"https:\/\/fcspartaktrnava.com\/#website\",\"url\":\"https:\/\/fcspartaktrnava.com\/\",\"name\":\"FC Spartak Trnava\",\"description\":\"ofici\u00e1lna webstr\u00e1nka futbalov\u00e9ho klubu\",\"publisher\":{\"@id\":\"https:\/\/fcspartaktrnava.com\/#organization\"},\"potentialAction\":[{\"@type\":\"SearchAction\",\"target\":{\"@type\":\"EntryPoint\",\"urlTemplate\":\"https:\/\/fcspartaktrnava.com\/?s={search_term_string}\"},\"query-input\":{\"@type\":\"PropertyValueSpecification\",\"valueRequired\":true,\"valueName\":\"search_term_string\"}}],\"inLanguage\":\"en-GB\"},{\"@type\":\"Organization\",\"@id\":\"https:\/\/fcspartaktrnava.com\/#organization\",\"name\":\"FC Spartak Trnava\",\"alternateName\":\"Spartak\",\"url\":\"https:\/\/fcspartaktrnava.com\/\",\"logo\":{\"@type\":\"ImageObject\",\"inLanguage\":\"en-GB\",\"@id\":\"https:\/\/fcspartaktrnava.com\/#\/schema\/logo\/image\/\",\"url\":\"https:\/\/fcspartaktrnava.com\/wp-content\/uploads\/2022\/08\/cropped-site_logo.png\",\"contentUrl\":\"https:\/\/fcspartaktrnava.com\/wp-content\/uploads\/2022\/08\/cropped-site_logo.png\",\"width\":140,\"height\":140,\"caption\":\"FC Spartak Trnava\"},\"image\":{\"@id\":\"https:\/\/fcspartaktrnava.com\/#\/schema\/logo\/image\/\"},\"sameAs\":[\"https:\/\/www.facebook.com\/SpartakTrnava\",\"https:\/\/x.com\/SpartakTrnava1\",\"https:\/\/www.instagram.com\/spartak_sk\/\"]},{\"@type\":\"Person\",\"@id\":\"https:\/\/fcspartaktrnava.com\/#\/schema\/person\/62c3c2562c3c56e4c0c8c2342c596ac0\",\"name\":\"Samuel \u010eurinsk\u00fd\",\"image\":{\"@type\":\"ImageObject\",\"inLanguage\":\"en-GB\",\"@id\":\"https:\/\/fcspartaktrnava.com\/#\/schema\/person\/image\/\",\"url\":\"https:\/\/secure.gravatar.com\/avatar\/af2fa02af92418b86ed742470664fe40056833fb68d84becf03f6ab02319257c?s=96&d=mm&r=g\",\"contentUrl\":\"https:\/\/secure.gravatar.com\/avatar\/af2fa02af92418b86ed742470664fe40056833fb68d84becf03f6ab02319257c?s=96&d=mm&r=g\",\"caption\":\"Samuel \u010eurinsk\u00fd\"},\"url\":\"https:\/\/fcspartaktrnava.com\/en\/author\/fcst-samuel\/\"}]}<\/script>\n<!-- \/ Yoast SEO plugin. -->","yoast_head_json":{"title":"Zeljkovi\u0107, Frelih a Radolsk\u00fd ocenen\u00ed na galave\u010dere Jeden\u00e1stka sez\u00f3ny - FC Spartak Trnava","robots":{"index":"index","follow":"follow","max-snippet":"max-snippet:-1","max-image-preview":"max-image-preview:large","max-video-preview":"max-video-preview:-1"},"canonical":"https:\/\/fcspartaktrnava.com\/en\/zeljkovic-a-frelih-oceneni-na-galavecere-jedenastka-sezony\/","twitter_misc":{"Written by":"Samuel \u010eurinsk\u00fd","Estimated reading time":"4 minutes"},"schema":{"@context":"https:\/\/schema.org","@graph":[{"@type":"Article","@id":"https:\/\/fcspartaktrnava.com\/zeljkovic-a-frelih-oceneni-na-galavecere-jedenastka-sezony\/#article","isPartOf":{"@id":"https:\/\/fcspartaktrnava.com\/zeljkovic-a-frelih-oceneni-na-galavecere-jedenastka-sezony\/"},"author":{"name":"Samuel \u010eurinsk\u00fd","@id":"https:\/\/fcspartaktrnava.com\/#\/schema\/person\/62c3c2562c3c56e4c0c8c2342c596ac0"},"headline":"Zeljkovi\u0107, Frelih a Radolsk\u00fd ocenen\u00ed na galave\u010dere Jeden\u00e1stka sez\u00f3ny","datePublished":"2025-05-20T08:27:53+00:00","dateModified":"2025-05-20T08:33:29+00:00","mainEntityOfPage":{"@id":"https:\/\/fcspartaktrnava.com\/zeljkovic-a-frelih-oceneni-na-galavecere-jedenastka-sezony\/"},"wordCount":537,"publisher":{"@id":"https:\/\/fcspartaktrnava.com\/#organization"},"image":{"@id":"https:\/\/fcspartaktrnava.com\/zeljkovic-a-frelih-oceneni-na-galavecere-jedenastka-sezony\/#primaryimage"},"thumbnailUrl":"https:\/\/fcspartaktrnava.com\/wp-content\/uploads\/2025\/05\/54530345803_651ab4df7a_k.jpg","articleSection":["Rozhovory","Spr\u00e1vy"],"inLanguage":"en-GB"},{"@type":"WebPage","@id":"https:\/\/fcspartaktrnava.com\/zeljkovic-a-frelih-oceneni-na-galavecere-jedenastka-sezony\/","url":"https:\/\/fcspartaktrnava.com\/zeljkovic-a-frelih-oceneni-na-galavecere-jedenastka-sezony\/","name":"Zeljkovi\u0107, Frelih a Radolsk\u00fd ocenen\u00ed na galave\u010dere Jeden\u00e1stka sez\u00f3ny - FC Spartak Trnava","isPartOf":{"@id":"https:\/\/fcspartaktrnava.com\/#website"},"primaryImageOfPage":{"@id":"https:\/\/fcspartaktrnava.com\/zeljkovic-a-frelih-oceneni-na-galavecere-jedenastka-sezony\/#primaryimage"},"image":{"@id":"https:\/\/fcspartaktrnava.com\/zeljkovic-a-frelih-oceneni-na-galavecere-jedenastka-sezony\/#primaryimage"},"thumbnailUrl":"https:\/\/fcspartaktrnava.com\/wp-content\/uploads\/2025\/05\/54530345803_651ab4df7a_k.jpg","datePublished":"2025-05-20T08:27:53+00:00","dateModified":"2025-05-20T08:33:29+00:00","breadcrumb":{"@id":"https:\/\/fcspartaktrnava.com\/zeljkovic-a-frelih-oceneni-na-galavecere-jedenastka-sezony\/#breadcrumb"},"inLanguage":"en-GB","potentialAction":[{"@type":"ReadAction","target":["https:\/\/fcspartaktrnava.com\/zeljkovic-a-frelih-oceneni-na-galavecere-jedenastka-sezony\/"]}]},{"@type":"ImageObject","inLanguage":"en-GB","@id":"https:\/\/fcspartaktrnava.com\/zeljkovic-a-frelih-oceneni-na-galavecere-jedenastka-sezony\/#primaryimage","url":"https:\/\/fcspartaktrnava.com\/wp-content\/uploads\/2025\/05\/54530345803_651ab4df7a_k.jpg","contentUrl":"https:\/\/fcspartaktrnava.com\/wp-content\/uploads\/2025\/05\/54530345803_651ab4df7a_k.jpg","width":2048,"height":1365},{"@type":"BreadcrumbList","@id":"https:\/\/fcspartaktrnava.com\/zeljkovic-a-frelih-oceneni-na-galavecere-jedenastka-sezony\/#breadcrumb","itemListElement":[{"@type":"ListItem","position":1,"name":"Home","item":"https:\/\/fcspartaktrnava.com\/"},{"@type":"ListItem","position":2,"name":"Zeljkovi\u0107, Frelih a Radolsk\u00fd ocenen\u00ed na galave\u010dere Jeden\u00e1stka sez\u00f3ny"}]},{"@type":"WebSite","@id":"https:\/\/fcspartaktrnava.com\/#website","url":"https:\/\/fcspartaktrnava.com\/","name":"FC Spartak Trnava","description":"ofici\u00e1lna webstr\u00e1nka futbalov\u00e9ho klubu","publisher":{"@id":"https:\/\/fcspartaktrnava.com\/#organization"},"potentialAction":[{"@type":"SearchAction","target":{"@type":"EntryPoint","urlTemplate":"https:\/\/fcspartaktrnava.com\/?s={search_term_string}"},"query-input":{"@type":"PropertyValueSpecification","valueRequired":true,"valueName":"search_term_string"}}],"inLanguage":"en-GB"},{"@type":"Organization","@id":"https:\/\/fcspartaktrnava.com\/#organization","name":"FC Spartak Trnava","alternateName":"Spartak","url":"https:\/\/fcspartaktrnava.com\/","logo":{"@type":"ImageObject","inLanguage":"en-GB","@id":"https:\/\/fcspartaktrnava.com\/#\/schema\/logo\/image\/","url":"https:\/\/fcspartaktrnava.com\/wp-content\/uploads\/2022\/08\/cropped-site_logo.png","contentUrl":"https:\/\/fcspartaktrnava.com\/wp-content\/uploads\/2022\/08\/cropped-site_logo.png","width":140,"height":140,"caption":"FC Spartak Trnava"},"image":{"@id":"https:\/\/fcspartaktrnava.com\/#\/schema\/logo\/image\/"},"sameAs":["https:\/\/www.facebook.com\/SpartakTrnava","https:\/\/x.com\/SpartakTrnava1","https:\/\/www.instagram.com\/spartak_sk\/"]},{"@type":"Person","@id":"https:\/\/fcspartaktrnava.com\/#\/schema\/person\/62c3c2562c3c56e4c0c8c2342c596ac0","name":"Samuel \u010eurinsk\u00fd","image":{"@type":"ImageObject","inLanguage":"en-GB","@id":"https:\/\/fcspartaktrnava.com\/#\/schema\/person\/image\/","url":"https:\/\/secure.gravatar.com\/avatar\/af2fa02af92418b86ed742470664fe40056833fb68d84becf03f6ab02319257c?s=96&d=mm&r=g","contentUrl":"https:\/\/secure.gravatar.com\/avatar\/af2fa02af92418b86ed742470664fe40056833fb68d84becf03f6ab02319257c?s=96&d=mm&r=g","caption":"Samuel \u010eurinsk\u00fd"},"url":"https:\/\/fcspartaktrnava.com\/en\/author\/fcst-samuel\/"}]}},"_links":{"self":[{"href":"https:\/\/fcspartaktrnava.com\/en\/wp-json\/wp\/v2\/posts\/28121","targetHints":{"allow":["GET"]}}],"collection":[{"href":"https:\/\/fcspartaktrnava.com\/en\/wp-json\/wp\/v2\/posts"}],"about":[{"href":"https:\/\/fcspartaktrnava.com\/en\/wp-json\/wp\/v2\/types\/post"}],"author":[{"embeddable":true,"href":"https:\/\/fcspartaktrnava.com\/en\/wp-json\/wp\/v2\/users\/5"}],"replies":[{"embeddable":true,"href":"https:\/\/fcspartaktrnava.com\/en\/wp-json\/wp\/v2\/comments?post=28121"}],"version-history":[{"count":0,"href":"https:\/\/fcspartaktrnava.com\/en\/wp-json\/wp\/v2\/posts\/28121\/revisions"}],"wp:featuredmedia":[{"embeddable":true,"href":"https:\/\/fcspartaktrnava.com\/en\/wp-json\/wp\/v2\/media\/28127"}],"wp:attachment":[{"href":"https:\/\/fcspartaktrnava.com\/en\/wp-json\/wp\/v2\/media?parent=28121"}],"wp:term":[{"taxonomy":"category","embeddable":true,"href":"https:\/\/fcspartaktrnava.com\/en\/wp-json\/wp\/v2\/categories?post=28121"},{"taxonomy":"post_tag","embeddable":true,"href":"https:\/\/fcspartaktrnava.com\/en\/wp-json\/wp\/v2\/tags?post=28121"}],"curies":[{"name":"wp","href":"https:\/\/api.w.org\/{rel}","templated":true}]}}