{"id":28023,"date":"2025-05-13T20:02:10","date_gmt":"2025-05-13T18:02:10","guid":{"rendered":"https:\/\/fcspartaktrnava.com\/?p=28023"},"modified":"2025-05-13T20:03:32","modified_gmt":"2025-05-13T18:03:32","slug":"trnavsky-primator-prijal-na-radnici-vitazov-slovenskeho-pohara","status":"publish","type":"post","link":"https:\/\/fcspartaktrnava.com\/en\/trnavsky-primator-prijal-na-radnici-vitazov-slovenskeho-pohara\/","title":{"rendered":"Trnavsk\u00fd prim\u00e1tor prijal na radnici v\u00ed\u0165azov Slovensk\u00e9ho poh\u00e1ra"},"content":{"rendered":"<p class=\"has-text-align-center has-medium-font-size\">Tret\u00ed zisk Slovensk\u00e9ho poh\u00e1ra za uplynul\u00e9 \u0161tyri sez\u00f3ny a celkov\u00e1 deviata trofej tohto druhu pribudla do vitr\u00edny \u00faspechov n\u00e1\u0161ho klubu 1. m\u00e1ja 2025. Pri tejto pr\u00edle\u017eitosti dnes popoludn\u00ed prijali cel\u00fd A-t\u00edm na Radnici prim\u00e1tor mesta Trnava &#8211; <strong>Peter Bro\u010dka a viceprim\u00e1torka Eva Nem\u010dovsk\u00e1.<\/strong><\/p>\n\n\n\n<p class=\"has-text-align-center has-medium-font-size\">Stretnutie sa nieslo vo ve\u013emi pr\u00edjemnej atmosf\u00e9re, nech\u00fdbal pr\u00edhovor p\u00e1na prim\u00e1tora, podpis do pam\u00e4tnej knihy mesta a neform\u00e1lne rozhovory.<\/p>\n\n\n\n<figure class=\"wp-block-image size-large\"><img loading=\"lazy\" decoding=\"async\" width=\"1024\" height=\"681\" src=\"https:\/\/fcspartaktrnava.com\/wp-content\/uploads\/2025\/05\/Z628849-Enhanced-NR-1024x681.jpg\" alt=\"\" class=\"wp-image-28024\" srcset=\"https:\/\/fcspartaktrnava.com\/wp-content\/uploads\/2025\/05\/Z628849-Enhanced-NR-1024x681.jpg 1024w, https:\/\/fcspartaktrnava.com\/wp-content\/uploads\/2025\/05\/Z628849-Enhanced-NR-300x200.jpg 300w, https:\/\/fcspartaktrnava.com\/wp-content\/uploads\/2025\/05\/Z628849-Enhanced-NR-768x511.jpg 768w, https:\/\/fcspartaktrnava.com\/wp-content\/uploads\/2025\/05\/Z628849-Enhanced-NR-1536x1022.jpg 1536w, https:\/\/fcspartaktrnava.com\/wp-content\/uploads\/2025\/05\/Z628849-Enhanced-NR-2048x1363.jpg 2048w, https:\/\/fcspartaktrnava.com\/wp-content\/uploads\/2025\/05\/Z628849-Enhanced-NR-18x12.jpg 18w\" sizes=\"auto, (max-width: 1024px) 100vw, 1024px\" \/><\/figure>\n\n\n\n<hr class=\"wp-block-separator has-text-color has-luminous-vivid-amber-color has-alpha-channel-opacity has-luminous-vivid-amber-background-color has-background is-style-dots\"\/>\n\n\n\n<p class=\"has-text-align-center has-medium-font-size\">Na \u00favod sl\u00e1vnostn\u00e9ho prijatia zazneli t\u00f3ny klubovej hymny Il Silenzio. Nasledoval pr\u00edhovor p\u00e1na prim\u00e1tora, ktor\u00fd zagratuloval cel\u00e9mu t\u00edmu k \u010fal\u0161iemu \u00faspechu.<\/p>\n\n\n\n<p class=\"has-text-align-center has-medium-font-size\"><strong>\u201eMesto Trnava si ve\u013emi v\u00e1\u017ei to, \u017ee Spartak dlhodobo, nieko\u013eko gener\u00e1ci\u00ed, \u00faspe\u0161ne reprezentuje na\u0161e mesto. Spartak je siln\u00e1 zna\u010dka, ktor\u00e1 je \u00fazko sp\u00e4t\u00e1 s&nbsp;Trnavou. Cel\u00e9mu t\u00edmu ve\u013emi gratulujem k&nbsp;zisku \u010fal\u0161ieho Slovensk\u00e9ho poh\u00e1ra. By\u0165 takto konzistentn\u00fd vo v\u00fdkonoch a&nbsp;\u00faspechoch sa len tak nevid\u00ed. Je to nielen o&nbsp;hr\u00e1\u010doch na ihrisku, ale aj o&nbsp;celom t\u00edme okolo nich, ktor\u00fd im vytv\u00e1ra podmienky na rozvoj a&nbsp;dosahovanie \u00faspechov. Ve\u013ek\u00e1 gratul\u00e1cia majite\u013eom, realiza\u010dn\u00e9mu t\u00edmu a&nbsp;v&nbsp;neposlednom rade aj hr\u00e1\u010dom.&#8220; <\/strong><\/p>\n\n\n\n<p class=\"has-text-align-center has-medium-font-size\">Mesto Trnava a Spartak Trnava dlhodobo spolupracuj\u00fa na ve\u013emi dobrej \u00farovni a mesto podporuje n\u00e1\u0161 klub financiami na rozvoj ml\u00e1de\u017ee, ktor\u00e1 patr\u00ed medzi slovensk\u00fa \u0161pi\u010dku. Pokra\u010duje prim\u00e1tor mesta Trnava &#8211; <strong>Peter Bro\u010dka.<\/strong><\/p>\n\n\n\n<p class=\"has-text-align-center has-medium-font-size\">&#8222;<strong>Spolupr\u00e1ca so Spartakom je dlhodobo ve\u013emi dobr\u00e1. Aktu\u00e1lne je asi na najlep\u0161ej \u00farovni, od m\u00f4jho n\u00e1stupu do funkcie pred 11-timi rokmi. Som r\u00e1d, \u017ee mesto finan\u010dne podporuje ml\u00e1de\u017en\u00edcke kateg\u00f3rie a\u00a0tejto filozofie sa st\u00e1le dr\u017e\u00edme. Sna\u017e\u00edme sa prispie\u0165 aj svojou tro\u0161kou do ve\u013ek\u00e9ho mlyna spartakovsk\u00fdch v\u00fdkonov a \u00faspechov.\u201c<\/strong><\/p>\n\n\n\n<p class=\"has-text-align-center has-medium-font-size\"><\/p>\n\n\n\n<hr class=\"wp-block-separator has-text-color has-luminous-vivid-amber-color has-alpha-channel-opacity has-luminous-vivid-amber-background-color has-background\"\/>\n\n\n\n<h2 class=\"wp-block-heading has-text-align-center\">Ocenenie a po\u010fakovanie za dlhodob\u00fa pr\u00e1cu pre cel\u00fd klub<\/h2>\n\n\n\n<p class=\"has-text-align-center has-medium-font-size\">Po \u00favodn\u00fdch slov\u00e1ch prim\u00e1tora mesta nasledovali podpisy do pam\u00e4tnej knihy mesta od vedenia klubu &#8211; prezidenta Petra Macha, gener\u00e1lneho mana\u017e\u00e9ra Martina Hudeca a \u0161portov\u00e9ho riadite\u013ea Martina \u0160krtela. Postupne sa do nej podp\u00edsali aj \u010dlenovia realiza\u010dn\u00e9ho t\u00edmu a hr\u00e1\u010di.<\/p>\n\n\n\n<p class=\"has-text-align-center has-medium-font-size\">Prezident klubu &#8211; <strong>Peter Macho <\/strong>si prijatie od vedenia mesta ve\u013emi v\u00e1\u017ei a te\u0161\u00ed sa na \u010fal\u0161iu vz\u00e1jomn\u00fa spolupr\u00e1cu.<\/p>\n\n\n\n<p class=\"has-text-align-center has-medium-font-size\"> <strong>\u201cKlub FC Spartak Trnava si ve\u013emi v\u00e1\u017ei prijatie od vedenia mesta &#8211; p\u00e1na prim\u00e1tora a pani viceprim\u00e1torky a budeme radi, ak tu raz zav\u00edtame aj s majstrovskou trofejou. Rovnako si ve\u013emi v\u00e1\u017eime dlhodob\u00fa podporu mesta, ktor\u00e1 smeruje na ml\u00e1de\u017e a v\u010faka nej m\u00f4\u017eeme rozv\u00edja\u0165 z\u00e1kladn\u00fd pilier bud\u00facnosti n\u00e1\u0161ho klubu. Te\u0161\u00edme sa na \u010fal\u0161iu vz\u00e1jomne prospe\u0161n\u00fa spolupr\u00e1cu s mestom Trnava.\u201d<\/strong><\/p>\n\n\n\n<p class=\"has-text-align-center has-medium-font-size\"><\/p>\n\n\n<div class=\"wp-block-image\">\n<figure class=\"aligncenter size-large\"><img loading=\"lazy\" decoding=\"async\" width=\"1024\" height=\"681\" src=\"https:\/\/fcspartaktrnava.com\/wp-content\/uploads\/2025\/05\/Z628920-Enhanced-NR-1-1024x681.jpg\" alt=\"\" class=\"wp-image-28027\" srcset=\"https:\/\/fcspartaktrnava.com\/wp-content\/uploads\/2025\/05\/Z628920-Enhanced-NR-1-1024x681.jpg 1024w, https:\/\/fcspartaktrnava.com\/wp-content\/uploads\/2025\/05\/Z628920-Enhanced-NR-1-300x200.jpg 300w, https:\/\/fcspartaktrnava.com\/wp-content\/uploads\/2025\/05\/Z628920-Enhanced-NR-1-768x511.jpg 768w, https:\/\/fcspartaktrnava.com\/wp-content\/uploads\/2025\/05\/Z628920-Enhanced-NR-1-1536x1022.jpg 1536w, https:\/\/fcspartaktrnava.com\/wp-content\/uploads\/2025\/05\/Z628920-Enhanced-NR-1-2048x1363.jpg 2048w, https:\/\/fcspartaktrnava.com\/wp-content\/uploads\/2025\/05\/Z628920-Enhanced-NR-1-18x12.jpg 18w\" sizes=\"auto, (max-width: 1024px) 100vw, 1024px\" \/><\/figure>\n<\/div>\n\n\n<hr class=\"wp-block-separator has-text-color has-luminous-vivid-amber-color has-alpha-channel-opacity has-luminous-vivid-amber-background-color has-background is-style-dots\"\/>\n\n\n\n<p class=\"has-text-align-center has-medium-font-size\">Na pamiatku tohto \u00faspe\u0161n\u00e9ho okamihu odovzdal prim\u00e1tor z\u00e1stupcom klubu&nbsp;<strong>pam\u00e4tn\u00fa plaketu mesta Trnava<\/strong>.&nbsp;<\/p>\n\n\n\n<p class=\"has-text-align-center has-white-color has-vivid-red-background-color has-text-color has-background has-link-color has-medium-font-size wp-elements-ab4fa8ffe93e495bec83f4b2c47f44ba\"><strong>\u010eakujeme za pr\u00edjemn\u00e9 prijatie a te\u0161\u00edme sa na \u010fal\u0161ie podobn\u00e9 chv\u00edle.<\/strong><\/p>\n\n\n\n<figure class=\"wp-block-gallery has-nested-images columns-default is-cropped wp-block-gallery-1 is-layout-flex wp-block-gallery-is-layout-flex\">\n<figure class=\"wp-block-image size-large\"><img loading=\"lazy\" decoding=\"async\" width=\"1024\" height=\"684\" data-id=\"28029\" src=\"https:\/\/fcspartaktrnava.com\/wp-content\/uploads\/2025\/05\/D752269-Enhanced-NR-1024x684.jpg\" alt=\"\" class=\"wp-image-28029\" srcset=\"https:\/\/fcspartaktrnava.com\/wp-content\/uploads\/2025\/05\/D752269-Enhanced-NR-1024x684.jpg 1024w, https:\/\/fcspartaktrnava.com\/wp-content\/uploads\/2025\/05\/D752269-Enhanced-NR-300x200.jpg 300w, https:\/\/fcspartaktrnava.com\/wp-content\/uploads\/2025\/05\/D752269-Enhanced-NR-768x513.jpg 768w, https:\/\/fcspartaktrnava.com\/wp-content\/uploads\/2025\/05\/D752269-Enhanced-NR-1536x1025.jpg 1536w, https:\/\/fcspartaktrnava.com\/wp-content\/uploads\/2025\/05\/D752269-Enhanced-NR-2048x1367.jpg 2048w, https:\/\/fcspartaktrnava.com\/wp-content\/uploads\/2025\/05\/D752269-Enhanced-NR-18x12.jpg 18w\" sizes=\"auto, (max-width: 1024px) 100vw, 1024px\" \/><\/figure>\n\n\n\n<figure class=\"wp-block-image size-large\"><img loading=\"lazy\" decoding=\"async\" width=\"1024\" height=\"683\" data-id=\"28028\" src=\"https:\/\/fcspartaktrnava.com\/wp-content\/uploads\/2025\/05\/D752267-Enhanced-NR-1024x683.jpg\" alt=\"\" class=\"wp-image-28028\" srcset=\"https:\/\/fcspartaktrnava.com\/wp-content\/uploads\/2025\/05\/D752267-Enhanced-NR-1024x683.jpg 1024w, https:\/\/fcspartaktrnava.com\/wp-content\/uploads\/2025\/05\/D752267-Enhanced-NR-300x200.jpg 300w, https:\/\/fcspartaktrnava.com\/wp-content\/uploads\/2025\/05\/D752267-Enhanced-NR-768x513.jpg 768w, https:\/\/fcspartaktrnava.com\/wp-content\/uploads\/2025\/05\/D752267-Enhanced-NR-1536x1025.jpg 1536w, https:\/\/fcspartaktrnava.com\/wp-content\/uploads\/2025\/05\/D752267-Enhanced-NR-2048x1367.jpg 2048w, https:\/\/fcspartaktrnava.com\/wp-content\/uploads\/2025\/05\/D752267-Enhanced-NR-18x12.jpg 18w\" sizes=\"auto, (max-width: 1024px) 100vw, 1024px\" \/><\/figure>\n\n\n\n<figure class=\"wp-block-image size-large\"><img loading=\"lazy\" decoding=\"async\" width=\"1024\" height=\"681\" data-id=\"28031\" src=\"https:\/\/fcspartaktrnava.com\/wp-content\/uploads\/2025\/05\/Z628935-Enhanced-NR-1024x681.jpg\" alt=\"\" class=\"wp-image-28031\" srcset=\"https:\/\/fcspartaktrnava.com\/wp-content\/uploads\/2025\/05\/Z628935-Enhanced-NR-1024x681.jpg 1024w, https:\/\/fcspartaktrnava.com\/wp-content\/uploads\/2025\/05\/Z628935-Enhanced-NR-300x200.jpg 300w, https:\/\/fcspartaktrnava.com\/wp-content\/uploads\/2025\/05\/Z628935-Enhanced-NR-768x511.jpg 768w, https:\/\/fcspartaktrnava.com\/wp-content\/uploads\/2025\/05\/Z628935-Enhanced-NR-1536x1022.jpg 1536w, https:\/\/fcspartaktrnava.com\/wp-content\/uploads\/2025\/05\/Z628935-Enhanced-NR-2048x1363.jpg 2048w, https:\/\/fcspartaktrnava.com\/wp-content\/uploads\/2025\/05\/Z628935-Enhanced-NR-18x12.jpg 18w\" sizes=\"auto, (max-width: 1024px) 100vw, 1024px\" \/><\/figure>\n\n\n\n<figure class=\"wp-block-image size-large\"><img loading=\"lazy\" decoding=\"async\" width=\"1024\" height=\"684\" data-id=\"28030\" src=\"https:\/\/fcspartaktrnava.com\/wp-content\/uploads\/2025\/05\/D752501-Enhanced-NR-1024x684.jpg\" alt=\"\" class=\"wp-image-28030\" srcset=\"https:\/\/fcspartaktrnava.com\/wp-content\/uploads\/2025\/05\/D752501-Enhanced-NR-1024x684.jpg 1024w, https:\/\/fcspartaktrnava.com\/wp-content\/uploads\/2025\/05\/D752501-Enhanced-NR-300x200.jpg 300w, https:\/\/fcspartaktrnava.com\/wp-content\/uploads\/2025\/05\/D752501-Enhanced-NR-768x513.jpg 768w, https:\/\/fcspartaktrnava.com\/wp-content\/uploads\/2025\/05\/D752501-Enhanced-NR-1536x1025.jpg 1536w, https:\/\/fcspartaktrnava.com\/wp-content\/uploads\/2025\/05\/D752501-Enhanced-NR-2048x1367.jpg 2048w, https:\/\/fcspartaktrnava.com\/wp-content\/uploads\/2025\/05\/D752501-Enhanced-NR-18x12.jpg 18w\" sizes=\"auto, (max-width: 1024px) 100vw, 1024px\" \/><\/figure>\n<\/figure>\n\n\n\n<p><\/p>\n\n\n<div class=\"wp-block-image\">\n<figure class=\"aligncenter size-full\"><a href=\"https:\/\/predpredaj.zoznam.sk\/sk\/listky\/fc-spartak-trnava-rodzina-25-26\/\"><img loading=\"lazy\" decoding=\"async\" width=\"960\" height=\"120\" src=\"https:\/\/fcspartaktrnava.com\/wp-content\/uploads\/2025\/05\/web-banner-960x120-9.png\" alt=\"\" class=\"wp-image-28032\" srcset=\"https:\/\/fcspartaktrnava.com\/wp-content\/uploads\/2025\/05\/web-banner-960x120-9.png 960w, https:\/\/fcspartaktrnava.com\/wp-content\/uploads\/2025\/05\/web-banner-960x120-9-300x38.png 300w, https:\/\/fcspartaktrnava.com\/wp-content\/uploads\/2025\/05\/web-banner-960x120-9-768x96.png 768w, https:\/\/fcspartaktrnava.com\/wp-content\/uploads\/2025\/05\/web-banner-960x120-9-18x2.png 18w\" sizes=\"auto, (max-width: 960px) 100vw, 960px\" \/><\/a><\/figure>\n<\/div>","protected":false},"excerpt":{"rendered":"<p>Tret\u00ed zisk Slovensk\u00e9ho poh\u00e1ra za uplynul\u00e9 \u0161tyri sez\u00f3ny&#8230;<\/p>","protected":false},"author":5,"featured_media":28033,"comment_status":"closed","ping_status":"closed","sticky":false,"template":"","format":"standard","meta":{"footnotes":""},"categories":[12],"tags":[],"class_list":["post-28023","post","type-post","status-publish","format-standard","has-post-thumbnail","hentry","category-spravy","post-number-1"],"yoast_head":"<!-- This site is optimized with the Yoast SEO plugin v27.1.1 - https:\/\/yoast.com\/product\/yoast-seo-wordpress\/ -->\n<title>Trnavsk\u00fd prim\u00e1tor prijal na radnici v\u00ed\u0165azov Slovensk\u00e9ho poh\u00e1ra - FC Spartak Trnava<\/title>\n<meta name=\"robots\" content=\"index, follow, max-snippet:-1, max-image-preview:large, max-video-preview:-1\" \/>\n<link rel=\"canonical\" href=\"https:\/\/fcspartaktrnava.com\/en\/trnavsky-primator-prijal-na-radnici-vitazov-slovenskeho-pohara\/\" \/>\n<meta name=\"twitter:label1\" content=\"Written by\" \/>\n\t<meta name=\"twitter:data1\" content=\"Samuel \u010eurinsk\u00fd\" \/>\n\t<meta name=\"twitter:label2\" content=\"Estimated reading time\" \/>\n\t<meta name=\"twitter:data2\" content=\"4 minutes\" \/>\n<script type=\"application\/ld+json\" class=\"yoast-schema-graph\">{\"@context\":\"https:\/\/schema.org\",\"@graph\":[{\"@type\":\"Article\",\"@id\":\"https:\/\/fcspartaktrnava.com\/trnavsky-primator-prijal-na-radnici-vitazov-slovenskeho-pohara\/#article\",\"isPartOf\":{\"@id\":\"https:\/\/fcspartaktrnava.com\/trnavsky-primator-prijal-na-radnici-vitazov-slovenskeho-pohara\/\"},\"author\":{\"name\":\"Samuel \u010eurinsk\u00fd\",\"@id\":\"https:\/\/fcspartaktrnava.com\/#\/schema\/person\/62c3c2562c3c56e4c0c8c2342c596ac0\"},\"headline\":\"Trnavsk\u00fd prim\u00e1tor prijal na radnici v\u00ed\u0165azov Slovensk\u00e9ho poh\u00e1ra\",\"datePublished\":\"2025-05-13T18:02:10+00:00\",\"dateModified\":\"2025-05-13T18:03:32+00:00\",\"mainEntityOfPage\":{\"@id\":\"https:\/\/fcspartaktrnava.com\/trnavsky-primator-prijal-na-radnici-vitazov-slovenskeho-pohara\/\"},\"wordCount\":543,\"publisher\":{\"@id\":\"https:\/\/fcspartaktrnava.com\/#organization\"},\"image\":{\"@id\":\"https:\/\/fcspartaktrnava.com\/trnavsky-primator-prijal-na-radnici-vitazov-slovenskeho-pohara\/#primaryimage\"},\"thumbnailUrl\":\"https:\/\/fcspartaktrnava.com\/wp-content\/uploads\/2025\/05\/D752520-Enhanced-NR-scaled.jpg\",\"articleSection\":[\"Spr\u00e1vy\"],\"inLanguage\":\"en-GB\"},{\"@type\":\"WebPage\",\"@id\":\"https:\/\/fcspartaktrnava.com\/trnavsky-primator-prijal-na-radnici-vitazov-slovenskeho-pohara\/\",\"url\":\"https:\/\/fcspartaktrnava.com\/trnavsky-primator-prijal-na-radnici-vitazov-slovenskeho-pohara\/\",\"name\":\"Trnavsk\u00fd prim\u00e1tor prijal na radnici v\u00ed\u0165azov Slovensk\u00e9ho poh\u00e1ra - FC Spartak Trnava\",\"isPartOf\":{\"@id\":\"https:\/\/fcspartaktrnava.com\/#website\"},\"primaryImageOfPage\":{\"@id\":\"https:\/\/fcspartaktrnava.com\/trnavsky-primator-prijal-na-radnici-vitazov-slovenskeho-pohara\/#primaryimage\"},\"image\":{\"@id\":\"https:\/\/fcspartaktrnava.com\/trnavsky-primator-prijal-na-radnici-vitazov-slovenskeho-pohara\/#primaryimage\"},\"thumbnailUrl\":\"https:\/\/fcspartaktrnava.com\/wp-content\/uploads\/2025\/05\/D752520-Enhanced-NR-scaled.jpg\",\"datePublished\":\"2025-05-13T18:02:10+00:00\",\"dateModified\":\"2025-05-13T18:03:32+00:00\",\"breadcrumb\":{\"@id\":\"https:\/\/fcspartaktrnava.com\/trnavsky-primator-prijal-na-radnici-vitazov-slovenskeho-pohara\/#breadcrumb\"},\"inLanguage\":\"en-GB\",\"potentialAction\":[{\"@type\":\"ReadAction\",\"target\":[\"https:\/\/fcspartaktrnava.com\/trnavsky-primator-prijal-na-radnici-vitazov-slovenskeho-pohara\/\"]}]},{\"@type\":\"ImageObject\",\"inLanguage\":\"en-GB\",\"@id\":\"https:\/\/fcspartaktrnava.com\/trnavsky-primator-prijal-na-radnici-vitazov-slovenskeho-pohara\/#primaryimage\",\"url\":\"https:\/\/fcspartaktrnava.com\/wp-content\/uploads\/2025\/05\/D752520-Enhanced-NR-scaled.jpg\",\"contentUrl\":\"https:\/\/fcspartaktrnava.com\/wp-content\/uploads\/2025\/05\/D752520-Enhanced-NR-scaled.jpg\",\"width\":2560,\"height\":1709},{\"@type\":\"BreadcrumbList\",\"@id\":\"https:\/\/fcspartaktrnava.com\/trnavsky-primator-prijal-na-radnici-vitazov-slovenskeho-pohara\/#breadcrumb\",\"itemListElement\":[{\"@type\":\"ListItem\",\"position\":1,\"name\":\"Home\",\"item\":\"https:\/\/fcspartaktrnava.com\/\"},{\"@type\":\"ListItem\",\"position\":2,\"name\":\"Trnavsk\u00fd prim\u00e1tor prijal na radnici v\u00ed\u0165azov Slovensk\u00e9ho poh\u00e1ra\"}]},{\"@type\":\"WebSite\",\"@id\":\"https:\/\/fcspartaktrnava.com\/#website\",\"url\":\"https:\/\/fcspartaktrnava.com\/\",\"name\":\"FC Spartak Trnava\",\"description\":\"ofici\u00e1lna webstr\u00e1nka futbalov\u00e9ho klubu\",\"publisher\":{\"@id\":\"https:\/\/fcspartaktrnava.com\/#organization\"},\"potentialAction\":[{\"@type\":\"SearchAction\",\"target\":{\"@type\":\"EntryPoint\",\"urlTemplate\":\"https:\/\/fcspartaktrnava.com\/?s={search_term_string}\"},\"query-input\":{\"@type\":\"PropertyValueSpecification\",\"valueRequired\":true,\"valueName\":\"search_term_string\"}}],\"inLanguage\":\"en-GB\"},{\"@type\":\"Organization\",\"@id\":\"https:\/\/fcspartaktrnava.com\/#organization\",\"name\":\"FC Spartak Trnava\",\"alternateName\":\"Spartak\",\"url\":\"https:\/\/fcspartaktrnava.com\/\",\"logo\":{\"@type\":\"ImageObject\",\"inLanguage\":\"en-GB\",\"@id\":\"https:\/\/fcspartaktrnava.com\/#\/schema\/logo\/image\/\",\"url\":\"https:\/\/fcspartaktrnava.com\/wp-content\/uploads\/2022\/08\/cropped-site_logo.png\",\"contentUrl\":\"https:\/\/fcspartaktrnava.com\/wp-content\/uploads\/2022\/08\/cropped-site_logo.png\",\"width\":140,\"height\":140,\"caption\":\"FC Spartak Trnava\"},\"image\":{\"@id\":\"https:\/\/fcspartaktrnava.com\/#\/schema\/logo\/image\/\"},\"sameAs\":[\"https:\/\/www.facebook.com\/SpartakTrnava\",\"https:\/\/x.com\/SpartakTrnava1\",\"https:\/\/www.instagram.com\/spartak_sk\/\"]},{\"@type\":\"Person\",\"@id\":\"https:\/\/fcspartaktrnava.com\/#\/schema\/person\/62c3c2562c3c56e4c0c8c2342c596ac0\",\"name\":\"Samuel \u010eurinsk\u00fd\",\"image\":{\"@type\":\"ImageObject\",\"inLanguage\":\"en-GB\",\"@id\":\"https:\/\/fcspartaktrnava.com\/#\/schema\/person\/image\/\",\"url\":\"https:\/\/secure.gravatar.com\/avatar\/af2fa02af92418b86ed742470664fe40056833fb68d84becf03f6ab02319257c?s=96&d=mm&r=g\",\"contentUrl\":\"https:\/\/secure.gravatar.com\/avatar\/af2fa02af92418b86ed742470664fe40056833fb68d84becf03f6ab02319257c?s=96&d=mm&r=g\",\"caption\":\"Samuel \u010eurinsk\u00fd\"},\"url\":\"https:\/\/fcspartaktrnava.com\/en\/author\/fcst-samuel\/\"}]}<\/script>\n<!-- \/ Yoast SEO plugin. -->","yoast_head_json":{"title":"Trnavsk\u00fd prim\u00e1tor prijal na radnici v\u00ed\u0165azov Slovensk\u00e9ho poh\u00e1ra - FC Spartak Trnava","robots":{"index":"index","follow":"follow","max-snippet":"max-snippet:-1","max-image-preview":"max-image-preview:large","max-video-preview":"max-video-preview:-1"},"canonical":"https:\/\/fcspartaktrnava.com\/en\/trnavsky-primator-prijal-na-radnici-vitazov-slovenskeho-pohara\/","twitter_misc":{"Written by":"Samuel \u010eurinsk\u00fd","Estimated reading time":"4 minutes"},"schema":{"@context":"https:\/\/schema.org","@graph":[{"@type":"Article","@id":"https:\/\/fcspartaktrnava.com\/trnavsky-primator-prijal-na-radnici-vitazov-slovenskeho-pohara\/#article","isPartOf":{"@id":"https:\/\/fcspartaktrnava.com\/trnavsky-primator-prijal-na-radnici-vitazov-slovenskeho-pohara\/"},"author":{"name":"Samuel \u010eurinsk\u00fd","@id":"https:\/\/fcspartaktrnava.com\/#\/schema\/person\/62c3c2562c3c56e4c0c8c2342c596ac0"},"headline":"Trnavsk\u00fd prim\u00e1tor prijal na radnici v\u00ed\u0165azov Slovensk\u00e9ho poh\u00e1ra","datePublished":"2025-05-13T18:02:10+00:00","dateModified":"2025-05-13T18:03:32+00:00","mainEntityOfPage":{"@id":"https:\/\/fcspartaktrnava.com\/trnavsky-primator-prijal-na-radnici-vitazov-slovenskeho-pohara\/"},"wordCount":543,"publisher":{"@id":"https:\/\/fcspartaktrnava.com\/#organization"},"image":{"@id":"https:\/\/fcspartaktrnava.com\/trnavsky-primator-prijal-na-radnici-vitazov-slovenskeho-pohara\/#primaryimage"},"thumbnailUrl":"https:\/\/fcspartaktrnava.com\/wp-content\/uploads\/2025\/05\/D752520-Enhanced-NR-scaled.jpg","articleSection":["Spr\u00e1vy"],"inLanguage":"en-GB"},{"@type":"WebPage","@id":"https:\/\/fcspartaktrnava.com\/trnavsky-primator-prijal-na-radnici-vitazov-slovenskeho-pohara\/","url":"https:\/\/fcspartaktrnava.com\/trnavsky-primator-prijal-na-radnici-vitazov-slovenskeho-pohara\/","name":"Trnavsk\u00fd prim\u00e1tor prijal na radnici v\u00ed\u0165azov Slovensk\u00e9ho poh\u00e1ra - FC Spartak Trnava","isPartOf":{"@id":"https:\/\/fcspartaktrnava.com\/#website"},"primaryImageOfPage":{"@id":"https:\/\/fcspartaktrnava.com\/trnavsky-primator-prijal-na-radnici-vitazov-slovenskeho-pohara\/#primaryimage"},"image":{"@id":"https:\/\/fcspartaktrnava.com\/trnavsky-primator-prijal-na-radnici-vitazov-slovenskeho-pohara\/#primaryimage"},"thumbnailUrl":"https:\/\/fcspartaktrnava.com\/wp-content\/uploads\/2025\/05\/D752520-Enhanced-NR-scaled.jpg","datePublished":"2025-05-13T18:02:10+00:00","dateModified":"2025-05-13T18:03:32+00:00","breadcrumb":{"@id":"https:\/\/fcspartaktrnava.com\/trnavsky-primator-prijal-na-radnici-vitazov-slovenskeho-pohara\/#breadcrumb"},"inLanguage":"en-GB","potentialAction":[{"@type":"ReadAction","target":["https:\/\/fcspartaktrnava.com\/trnavsky-primator-prijal-na-radnici-vitazov-slovenskeho-pohara\/"]}]},{"@type":"ImageObject","inLanguage":"en-GB","@id":"https:\/\/fcspartaktrnava.com\/trnavsky-primator-prijal-na-radnici-vitazov-slovenskeho-pohara\/#primaryimage","url":"https:\/\/fcspartaktrnava.com\/wp-content\/uploads\/2025\/05\/D752520-Enhanced-NR-scaled.jpg","contentUrl":"https:\/\/fcspartaktrnava.com\/wp-content\/uploads\/2025\/05\/D752520-Enhanced-NR-scaled.jpg","width":2560,"height":1709},{"@type":"BreadcrumbList","@id":"https:\/\/fcspartaktrnava.com\/trnavsky-primator-prijal-na-radnici-vitazov-slovenskeho-pohara\/#breadcrumb","itemListElement":[{"@type":"ListItem","position":1,"name":"Home","item":"https:\/\/fcspartaktrnava.com\/"},{"@type":"ListItem","position":2,"name":"Trnavsk\u00fd prim\u00e1tor prijal na radnici v\u00ed\u0165azov Slovensk\u00e9ho poh\u00e1ra"}]},{"@type":"WebSite","@id":"https:\/\/fcspartaktrnava.com\/#website","url":"https:\/\/fcspartaktrnava.com\/","name":"FC Spartak Trnava","description":"ofici\u00e1lna webstr\u00e1nka futbalov\u00e9ho klubu","publisher":{"@id":"https:\/\/fcspartaktrnava.com\/#organization"},"potentialAction":[{"@type":"SearchAction","target":{"@type":"EntryPoint","urlTemplate":"https:\/\/fcspartaktrnava.com\/?s={search_term_string}"},"query-input":{"@type":"PropertyValueSpecification","valueRequired":true,"valueName":"search_term_string"}}],"inLanguage":"en-GB"},{"@type":"Organization","@id":"https:\/\/fcspartaktrnava.com\/#organization","name":"FC Spartak Trnava","alternateName":"Spartak","url":"https:\/\/fcspartaktrnava.com\/","logo":{"@type":"ImageObject","inLanguage":"en-GB","@id":"https:\/\/fcspartaktrnava.com\/#\/schema\/logo\/image\/","url":"https:\/\/fcspartaktrnava.com\/wp-content\/uploads\/2022\/08\/cropped-site_logo.png","contentUrl":"https:\/\/fcspartaktrnava.com\/wp-content\/uploads\/2022\/08\/cropped-site_logo.png","width":140,"height":140,"caption":"FC Spartak Trnava"},"image":{"@id":"https:\/\/fcspartaktrnava.com\/#\/schema\/logo\/image\/"},"sameAs":["https:\/\/www.facebook.com\/SpartakTrnava","https:\/\/x.com\/SpartakTrnava1","https:\/\/www.instagram.com\/spartak_sk\/"]},{"@type":"Person","@id":"https:\/\/fcspartaktrnava.com\/#\/schema\/person\/62c3c2562c3c56e4c0c8c2342c596ac0","name":"Samuel \u010eurinsk\u00fd","image":{"@type":"ImageObject","inLanguage":"en-GB","@id":"https:\/\/fcspartaktrnava.com\/#\/schema\/person\/image\/","url":"https:\/\/secure.gravatar.com\/avatar\/af2fa02af92418b86ed742470664fe40056833fb68d84becf03f6ab02319257c?s=96&d=mm&r=g","contentUrl":"https:\/\/secure.gravatar.com\/avatar\/af2fa02af92418b86ed742470664fe40056833fb68d84becf03f6ab02319257c?s=96&d=mm&r=g","caption":"Samuel \u010eurinsk\u00fd"},"url":"https:\/\/fcspartaktrnava.com\/en\/author\/fcst-samuel\/"}]}},"_links":{"self":[{"href":"https:\/\/fcspartaktrnava.com\/en\/wp-json\/wp\/v2\/posts\/28023","targetHints":{"allow":["GET"]}}],"collection":[{"href":"https:\/\/fcspartaktrnava.com\/en\/wp-json\/wp\/v2\/posts"}],"about":[{"href":"https:\/\/fcspartaktrnava.com\/en\/wp-json\/wp\/v2\/types\/post"}],"author":[{"embeddable":true,"href":"https:\/\/fcspartaktrnava.com\/en\/wp-json\/wp\/v2\/users\/5"}],"replies":[{"embeddable":true,"href":"https:\/\/fcspartaktrnava.com\/en\/wp-json\/wp\/v2\/comments?post=28023"}],"version-history":[{"count":0,"href":"https:\/\/fcspartaktrnava.com\/en\/wp-json\/wp\/v2\/posts\/28023\/revisions"}],"wp:featuredmedia":[{"embeddable":true,"href":"https:\/\/fcspartaktrnava.com\/en\/wp-json\/wp\/v2\/media\/28033"}],"wp:attachment":[{"href":"https:\/\/fcspartaktrnava.com\/en\/wp-json\/wp\/v2\/media?parent=28023"}],"wp:term":[{"taxonomy":"category","embeddable":true,"href":"https:\/\/fcspartaktrnava.com\/en\/wp-json\/wp\/v2\/categories?post=28023"},{"taxonomy":"post_tag","embeddable":true,"href":"https:\/\/fcspartaktrnava.com\/en\/wp-json\/wp\/v2\/tags?post=28023"}],"curies":[{"name":"wp","href":"https:\/\/api.w.org\/{rel}","templated":true}]}}