{"id":28006,"date":"2025-05-12T12:00:05","date_gmt":"2025-05-12T10:00:05","guid":{"rendered":"https:\/\/fcspartaktrnava.com\/?p=28006"},"modified":"2025-05-12T12:00:06","modified_gmt":"2025-05-12T10:00:06","slug":"prestup-adrian-zeljkovic-smeruje-do-ceska-oblecie-dres-plzne","status":"publish","type":"post","link":"https:\/\/fcspartaktrnava.com\/en\/prestup-adrian-zeljkovic-smeruje-do-ceska-oblecie-dres-plzne\/","title":{"rendered":"PRESTUP: Adrian Zeljkovi\u0107 smeruje do \u010ceska. Oble\u010die dres Plzne"},"content":{"rendered":"<p class=\"has-text-align-center has-medium-font-size\"><strong>Hor\u00faca prestupov\u00e1 aktualita.<\/strong> 22-ro\u010dn\u00fd slovinsk\u00fd stredopoliar, <strong>Adrian Zeljkovi\u0107<\/strong>, ktor\u00fd si z\u00edskal srdcia trnavsk\u00fdch fan\u00fa\u0161ikov, smeruje do <strong>FC Viktoria Plze\u0148.<\/strong> Aktu\u00e1lne druh\u00fd t\u00edm \u010deskej najvy\u0161\u0161ej s\u00fa\u0165a\u017ee a&nbsp;jej \u0161es\u0165n\u00e1sobn\u00fd v\u00ed\u0165az, podp\u00edsal so Zeljkovi\u0107om \u0161tvorro\u010dn\u00fd kontrakt. Pre v\u0161etky strany ide o&nbsp;vz\u00e1jomne prospe\u0161n\u00fa dohodu, ktor\u00e1 reflektuje po\u017eiadavky oboch klubov a&nbsp;samotn\u00e9ho hr\u00e1\u010da.<\/p>\n\n\n\n<p class=\"has-text-align-center has-medium-font-size\">V\u00a0kon\u010diacej sez\u00f3ne odohral Zeljkovi\u0107, prez\u00fdvan\u00fd Zelko, dovedna 34 z\u00e1pasov. V\u00a0minulom ro\u010dn\u00edku Nik\u00e9 ligy sa dostal aj do elitn\u00e9ho klubu \u2013 Jeden\u00e1stka sez\u00f3ny. V\u010faka svojej pozit\u00edvnej energii, \u013eudsk\u00e9mu pr\u00edstupu a zodpovednej pr\u00e1ci na tr\u00e9ningoch aj v z\u00e1pasoch sa postupne vypracoval na pevn\u00fa s\u00fa\u010das\u0165 z\u00e1kladnej zostavy a stal sa oporou t\u00edmu. Nemal by ch\u00fdba\u0165 ani na j\u00fanov\u00fdch Majstrovstv\u00e1ch Eur\u00f3py hr\u00e1\u010dov do 21 rokov v\u00a0drese Slovinska, ktor\u00e9 \u0161tartuj\u00fa u\u017e o\u00a0mesiac na Slovensku.<\/p>\n\n\n\n<p class=\"has-text-align-center has-black-color has-white-background-color has-text-color has-background has-link-color has-medium-font-size wp-elements-cf04a2f2ae321e788e43c0c72d693171\"><strong>Zeljkovi\u0107 v&nbsp;drese Spartaka: 82 z\u00e1pasov \u2013 6 g\u00f3lov<\/strong><\/p>\n\n\n\n<figure class=\"wp-block-embed is-type-video is-provider-youtube wp-block-embed-youtube wp-embed-aspect-16-9 wp-has-aspect-ratio\"><div class=\"wp-block-embed__wrapper\">\n<iframe loading=\"lazy\" title=\"Toto je g\u00f3l mesiaca December. Strelil ho Adrian Zeljkovi\u010d.\" width=\"500\" height=\"281\" src=\"https:\/\/www.youtube.com\/embed\/vsRUiewzyBE?feature=oembed\" frameborder=\"0\" allow=\"accelerometer; autoplay; clipboard-write; encrypted-media; gyroscope; picture-in-picture; web-share\" referrerpolicy=\"strict-origin-when-cross-origin\" allowfullscreen><\/iframe>\n<\/div><\/figure>\n\n\n\n<p class=\"has-text-align-center has-medium-font-size\">Zeljkovi\u0107 zabodoval aj v ankete G\u00f3l mesiaca, len p\u00e1r mesiacov po jeho pr\u00edchode do Spartaka.<\/p>\n\n\n\n<hr class=\"wp-block-separator has-text-color has-vivid-red-color has-alpha-channel-opacity has-vivid-red-background-color has-background is-style-dots\"\/>\n\n\n\n<p class=\"has-text-align-center has-medium-font-size\">Na galave\u010dere Andel roka 2024 ovl\u00e1dol anketu Hr\u00e1\u010d sez\u00f3ny.<\/p>\n\n\n\n<figure class=\"wp-block-image size-large\"><img loading=\"lazy\" decoding=\"async\" width=\"1024\" height=\"681\" src=\"https:\/\/fcspartaktrnava.com\/wp-content\/uploads\/2025\/05\/DSC_6684-Enhanced-NR-1024x681.jpg\" alt=\"\" class=\"wp-image-28007\" srcset=\"https:\/\/fcspartaktrnava.com\/wp-content\/uploads\/2025\/05\/DSC_6684-Enhanced-NR-1024x681.jpg 1024w, https:\/\/fcspartaktrnava.com\/wp-content\/uploads\/2025\/05\/DSC_6684-Enhanced-NR-300x200.jpg 300w, https:\/\/fcspartaktrnava.com\/wp-content\/uploads\/2025\/05\/DSC_6684-Enhanced-NR-768x511.jpg 768w, https:\/\/fcspartaktrnava.com\/wp-content\/uploads\/2025\/05\/DSC_6684-Enhanced-NR-1536x1022.jpg 1536w, https:\/\/fcspartaktrnava.com\/wp-content\/uploads\/2025\/05\/DSC_6684-Enhanced-NR-2048x1363.jpg 2048w, https:\/\/fcspartaktrnava.com\/wp-content\/uploads\/2025\/05\/DSC_6684-Enhanced-NR-18x12.jpg 18w\" sizes=\"auto, (max-width: 1024px) 100vw, 1024px\" \/><\/figure>\n\n\n\n<hr class=\"wp-block-separator has-text-color has-vivid-red-color has-alpha-channel-opacity has-vivid-red-background-color has-background is-style-dots\"\/>\n\n\n\n<p class=\"has-text-align-center has-medium-font-size\">A vychutnal si aj oslavy zisku celkovo deviateho Slovensk\u00e9ho poh\u00e1ra.<\/p>\n\n\n<div class=\"wp-block-image\">\n<figure class=\"aligncenter size-large\"><img loading=\"lazy\" decoding=\"async\" width=\"1024\" height=\"682\" src=\"https:\/\/fcspartaktrnava.com\/wp-content\/uploads\/2025\/05\/54494052733_3fbc20bc20_k-1024x682.jpg\" alt=\"\" class=\"wp-image-28009\" srcset=\"https:\/\/fcspartaktrnava.com\/wp-content\/uploads\/2025\/05\/54494052733_3fbc20bc20_k-1024x682.jpg 1024w, https:\/\/fcspartaktrnava.com\/wp-content\/uploads\/2025\/05\/54494052733_3fbc20bc20_k-300x200.jpg 300w, https:\/\/fcspartaktrnava.com\/wp-content\/uploads\/2025\/05\/54494052733_3fbc20bc20_k-768x511.jpg 768w, https:\/\/fcspartaktrnava.com\/wp-content\/uploads\/2025\/05\/54494052733_3fbc20bc20_k-1536x1022.jpg 1536w, https:\/\/fcspartaktrnava.com\/wp-content\/uploads\/2025\/05\/54494052733_3fbc20bc20_k-18x12.jpg 18w, https:\/\/fcspartaktrnava.com\/wp-content\/uploads\/2025\/05\/54494052733_3fbc20bc20_k.jpg 2048w\" sizes=\"auto, (max-width: 1024px) 100vw, 1024px\" \/><\/figure>\n<\/div>\n\n\n<hr class=\"wp-block-separator has-text-color has-vivid-red-color has-alpha-channel-opacity has-vivid-red-background-color has-background\"\/>\n\n\n\n<p class=\"has-text-align-center has-medium-font-size\">Rozl\u00fa\u010dka so sez\u00f3nou n\u00e1s \u010dak\u00e1 v&nbsp;sobotu 17. m\u00e1ja proti Podbrezovej. <\/p>\n\n\n\n<p class=\"has-text-align-center has-medium-font-size\">Pr\u00ed\u010fte si vychutna\u0165 vrchol sez\u00f3ny, autogrami\u00e1du, fotenie s&nbsp;trofejou Slovensk\u00e9ho poh\u00e1ra a&nbsp;uzavrite ro\u010dn\u00edk 2024\/2025 na \u0160tadi\u00f3ne Antona Malatinsk\u00e9ho spolu s&nbsp;nami.<\/p>\n\n\n\n<p class=\"has-text-align-center has-black-color has-white-background-color has-text-color has-background has-link-color has-medium-font-size wp-elements-4c399aff0ad77213b818a34a1e469fef\"><strong><a href=\"https:\/\/predpredaj.zoznam.sk\/sk\/listky\/fc-spartak-trnava-fk-zeleziarne-podbrezova-2025-05-17\/\">Tak si to nenechaj ujs\u0165 a&nbsp;vyber si svoje miesto u\u017e teraz!<\/a><\/strong><\/p>\n\n\n\n<hr class=\"wp-block-separator has-text-color has-luminous-vivid-amber-color has-alpha-channel-opacity has-luminous-vivid-amber-background-color has-background is-style-dots\"\/>\n\n\n\n<p class=\"has-text-align-center has-medium-font-size\"><strong>Zelko, \u010fakujeme. Dr\u017e\u00edme palce na tvojej \u010fal\u0161ej futbalovej ceste, mnoho \u00faspechov, pevn\u00e9 zdravie a&nbsp;ve\u013ea d\u00f4vodov na rados\u0165 a&nbsp;\u00fasmev. Dr\u017e sa, brate!<\/strong><\/p>\n\n\n\n<p class=\"has-text-align-center has-medium-font-size\"><\/p>\n\n\n<div class=\"wp-block-image\">\n<figure class=\"aligncenter size-large\"><img loading=\"lazy\" decoding=\"async\" width=\"1024\" height=\"684\" src=\"https:\/\/fcspartaktrnava.com\/wp-content\/uploads\/2025\/05\/215-1024x684.jpg\" alt=\"\" class=\"wp-image-28011\" srcset=\"https:\/\/fcspartaktrnava.com\/wp-content\/uploads\/2025\/05\/215-1024x684.jpg 1024w, https:\/\/fcspartaktrnava.com\/wp-content\/uploads\/2025\/05\/215-300x200.jpg 300w, https:\/\/fcspartaktrnava.com\/wp-content\/uploads\/2025\/05\/215-768x513.jpg 768w, https:\/\/fcspartaktrnava.com\/wp-content\/uploads\/2025\/05\/215-1536x1025.jpg 1536w, https:\/\/fcspartaktrnava.com\/wp-content\/uploads\/2025\/05\/215-2048x1367.jpg 2048w, https:\/\/fcspartaktrnava.com\/wp-content\/uploads\/2025\/05\/215-18x12.jpg 18w\" sizes=\"auto, (max-width: 1024px) 100vw, 1024px\" \/><\/figure>\n<\/div>\n\n\n<p><\/p>\n\n\n\n<p><\/p>\n\n\n<div class=\"wp-block-image\">\n<figure class=\"aligncenter size-full\"><a href=\"https:\/\/predpredaj.zoznam.sk\/sk\/listky\/fc-spartak-trnava-rodzina-25-26\/\"><img loading=\"lazy\" decoding=\"async\" width=\"960\" height=\"120\" src=\"https:\/\/fcspartaktrnava.com\/wp-content\/uploads\/2025\/05\/web-banner-960x120-7.png\" alt=\"\" class=\"wp-image-28010\" srcset=\"https:\/\/fcspartaktrnava.com\/wp-content\/uploads\/2025\/05\/web-banner-960x120-7.png 960w, https:\/\/fcspartaktrnava.com\/wp-content\/uploads\/2025\/05\/web-banner-960x120-7-300x38.png 300w, https:\/\/fcspartaktrnava.com\/wp-content\/uploads\/2025\/05\/web-banner-960x120-7-768x96.png 768w, https:\/\/fcspartaktrnava.com\/wp-content\/uploads\/2025\/05\/web-banner-960x120-7-18x2.png 18w\" sizes=\"auto, (max-width: 960px) 100vw, 960px\" \/><\/a><\/figure>\n<\/div>\n\n\n<p><\/p>\n\n\n\n<p><\/p>","protected":false},"excerpt":{"rendered":"<p>Hor\u00faca prestupov\u00e1 aktualita. 22-ro\u010dn\u00fd slovinsk\u00fd stredopoliar, Adrian Zeljkovi\u0107,&#8230;<\/p>","protected":false},"author":5,"featured_media":28012,"comment_status":"closed","ping_status":"closed","sticky":false,"template":"","format":"standard","meta":{"footnotes":""},"categories":[12],"tags":[],"class_list":["post-28006","post","type-post","status-publish","format-standard","has-post-thumbnail","hentry","category-spravy","post-number-1"],"yoast_head":"<!-- This site is optimized with the Yoast SEO plugin v27.1.1 - https:\/\/yoast.com\/product\/yoast-seo-wordpress\/ -->\n<title>PRESTUP: Adrian Zeljkovi\u0107 smeruje do \u010ceska. Oble\u010die dres Plzne - FC Spartak Trnava<\/title>\n<meta name=\"robots\" content=\"index, follow, max-snippet:-1, max-image-preview:large, max-video-preview:-1\" \/>\n<link rel=\"canonical\" href=\"https:\/\/fcspartaktrnava.com\/en\/prestup-adrian-zeljkovic-smeruje-do-ceska-oblecie-dres-plzne\/\" \/>\n<meta name=\"twitter:label1\" content=\"Written by\" \/>\n\t<meta name=\"twitter:data1\" content=\"Samuel \u010eurinsk\u00fd\" \/>\n\t<meta name=\"twitter:label2\" content=\"Estimated reading time\" \/>\n\t<meta name=\"twitter:data2\" content=\"3 minutes\" \/>\n<script type=\"application\/ld+json\" class=\"yoast-schema-graph\">{\"@context\":\"https:\/\/schema.org\",\"@graph\":[{\"@type\":\"Article\",\"@id\":\"https:\/\/fcspartaktrnava.com\/prestup-adrian-zeljkovic-smeruje-do-ceska-oblecie-dres-plzne\/#article\",\"isPartOf\":{\"@id\":\"https:\/\/fcspartaktrnava.com\/prestup-adrian-zeljkovic-smeruje-do-ceska-oblecie-dres-plzne\/\"},\"author\":{\"name\":\"Samuel \u010eurinsk\u00fd\",\"@id\":\"https:\/\/fcspartaktrnava.com\/#\/schema\/person\/62c3c2562c3c56e4c0c8c2342c596ac0\"},\"headline\":\"PRESTUP: Adrian Zeljkovi\u0107 smeruje do \u010ceska. Oble\u010die dres Plzne\",\"datePublished\":\"2025-05-12T10:00:05+00:00\",\"dateModified\":\"2025-05-12T10:00:06+00:00\",\"mainEntityOfPage\":{\"@id\":\"https:\/\/fcspartaktrnava.com\/prestup-adrian-zeljkovic-smeruje-do-ceska-oblecie-dres-plzne\/\"},\"wordCount\":327,\"publisher\":{\"@id\":\"https:\/\/fcspartaktrnava.com\/#organization\"},\"image\":{\"@id\":\"https:\/\/fcspartaktrnava.com\/prestup-adrian-zeljkovic-smeruje-do-ceska-oblecie-dres-plzne\/#primaryimage\"},\"thumbnailUrl\":\"https:\/\/fcspartaktrnava.com\/wp-content\/uploads\/2025\/05\/62-scaled.jpg\",\"articleSection\":[\"Spr\u00e1vy\"],\"inLanguage\":\"en-GB\"},{\"@type\":\"WebPage\",\"@id\":\"https:\/\/fcspartaktrnava.com\/prestup-adrian-zeljkovic-smeruje-do-ceska-oblecie-dres-plzne\/\",\"url\":\"https:\/\/fcspartaktrnava.com\/prestup-adrian-zeljkovic-smeruje-do-ceska-oblecie-dres-plzne\/\",\"name\":\"PRESTUP: Adrian Zeljkovi\u0107 smeruje do \u010ceska. Oble\u010die dres Plzne - FC Spartak Trnava\",\"isPartOf\":{\"@id\":\"https:\/\/fcspartaktrnava.com\/#website\"},\"primaryImageOfPage\":{\"@id\":\"https:\/\/fcspartaktrnava.com\/prestup-adrian-zeljkovic-smeruje-do-ceska-oblecie-dres-plzne\/#primaryimage\"},\"image\":{\"@id\":\"https:\/\/fcspartaktrnava.com\/prestup-adrian-zeljkovic-smeruje-do-ceska-oblecie-dres-plzne\/#primaryimage\"},\"thumbnailUrl\":\"https:\/\/fcspartaktrnava.com\/wp-content\/uploads\/2025\/05\/62-scaled.jpg\",\"datePublished\":\"2025-05-12T10:00:05+00:00\",\"dateModified\":\"2025-05-12T10:00:06+00:00\",\"breadcrumb\":{\"@id\":\"https:\/\/fcspartaktrnava.com\/prestup-adrian-zeljkovic-smeruje-do-ceska-oblecie-dres-plzne\/#breadcrumb\"},\"inLanguage\":\"en-GB\",\"potentialAction\":[{\"@type\":\"ReadAction\",\"target\":[\"https:\/\/fcspartaktrnava.com\/prestup-adrian-zeljkovic-smeruje-do-ceska-oblecie-dres-plzne\/\"]}]},{\"@type\":\"ImageObject\",\"inLanguage\":\"en-GB\",\"@id\":\"https:\/\/fcspartaktrnava.com\/prestup-adrian-zeljkovic-smeruje-do-ceska-oblecie-dres-plzne\/#primaryimage\",\"url\":\"https:\/\/fcspartaktrnava.com\/wp-content\/uploads\/2025\/05\/62-scaled.jpg\",\"contentUrl\":\"https:\/\/fcspartaktrnava.com\/wp-content\/uploads\/2025\/05\/62-scaled.jpg\",\"width\":2560,\"height\":1704},{\"@type\":\"BreadcrumbList\",\"@id\":\"https:\/\/fcspartaktrnava.com\/prestup-adrian-zeljkovic-smeruje-do-ceska-oblecie-dres-plzne\/#breadcrumb\",\"itemListElement\":[{\"@type\":\"ListItem\",\"position\":1,\"name\":\"Home\",\"item\":\"https:\/\/fcspartaktrnava.com\/\"},{\"@type\":\"ListItem\",\"position\":2,\"name\":\"PRESTUP: Adrian Zeljkovi\u0107 smeruje do \u010ceska. Oble\u010die dres Plzne\"}]},{\"@type\":\"WebSite\",\"@id\":\"https:\/\/fcspartaktrnava.com\/#website\",\"url\":\"https:\/\/fcspartaktrnava.com\/\",\"name\":\"FC Spartak Trnava\",\"description\":\"ofici\u00e1lna webstr\u00e1nka futbalov\u00e9ho klubu\",\"publisher\":{\"@id\":\"https:\/\/fcspartaktrnava.com\/#organization\"},\"potentialAction\":[{\"@type\":\"SearchAction\",\"target\":{\"@type\":\"EntryPoint\",\"urlTemplate\":\"https:\/\/fcspartaktrnava.com\/?s={search_term_string}\"},\"query-input\":{\"@type\":\"PropertyValueSpecification\",\"valueRequired\":true,\"valueName\":\"search_term_string\"}}],\"inLanguage\":\"en-GB\"},{\"@type\":\"Organization\",\"@id\":\"https:\/\/fcspartaktrnava.com\/#organization\",\"name\":\"FC Spartak Trnava\",\"alternateName\":\"Spartak\",\"url\":\"https:\/\/fcspartaktrnava.com\/\",\"logo\":{\"@type\":\"ImageObject\",\"inLanguage\":\"en-GB\",\"@id\":\"https:\/\/fcspartaktrnava.com\/#\/schema\/logo\/image\/\",\"url\":\"https:\/\/fcspartaktrnava.com\/wp-content\/uploads\/2022\/08\/cropped-site_logo.png\",\"contentUrl\":\"https:\/\/fcspartaktrnava.com\/wp-content\/uploads\/2022\/08\/cropped-site_logo.png\",\"width\":140,\"height\":140,\"caption\":\"FC Spartak Trnava\"},\"image\":{\"@id\":\"https:\/\/fcspartaktrnava.com\/#\/schema\/logo\/image\/\"},\"sameAs\":[\"https:\/\/www.facebook.com\/SpartakTrnava\",\"https:\/\/x.com\/SpartakTrnava1\",\"https:\/\/www.instagram.com\/spartak_sk\/\"]},{\"@type\":\"Person\",\"@id\":\"https:\/\/fcspartaktrnava.com\/#\/schema\/person\/62c3c2562c3c56e4c0c8c2342c596ac0\",\"name\":\"Samuel \u010eurinsk\u00fd\",\"image\":{\"@type\":\"ImageObject\",\"inLanguage\":\"en-GB\",\"@id\":\"https:\/\/fcspartaktrnava.com\/#\/schema\/person\/image\/\",\"url\":\"https:\/\/secure.gravatar.com\/avatar\/af2fa02af92418b86ed742470664fe40056833fb68d84becf03f6ab02319257c?s=96&d=mm&r=g\",\"contentUrl\":\"https:\/\/secure.gravatar.com\/avatar\/af2fa02af92418b86ed742470664fe40056833fb68d84becf03f6ab02319257c?s=96&d=mm&r=g\",\"caption\":\"Samuel \u010eurinsk\u00fd\"},\"url\":\"https:\/\/fcspartaktrnava.com\/en\/author\/fcst-samuel\/\"}]}<\/script>\n<!-- \/ Yoast SEO plugin. -->","yoast_head_json":{"title":"PRESTUP: Adrian Zeljkovi\u0107 smeruje do \u010ceska. Oble\u010die dres Plzne - FC Spartak Trnava","robots":{"index":"index","follow":"follow","max-snippet":"max-snippet:-1","max-image-preview":"max-image-preview:large","max-video-preview":"max-video-preview:-1"},"canonical":"https:\/\/fcspartaktrnava.com\/en\/prestup-adrian-zeljkovic-smeruje-do-ceska-oblecie-dres-plzne\/","twitter_misc":{"Written by":"Samuel \u010eurinsk\u00fd","Estimated reading time":"3 minutes"},"schema":{"@context":"https:\/\/schema.org","@graph":[{"@type":"Article","@id":"https:\/\/fcspartaktrnava.com\/prestup-adrian-zeljkovic-smeruje-do-ceska-oblecie-dres-plzne\/#article","isPartOf":{"@id":"https:\/\/fcspartaktrnava.com\/prestup-adrian-zeljkovic-smeruje-do-ceska-oblecie-dres-plzne\/"},"author":{"name":"Samuel \u010eurinsk\u00fd","@id":"https:\/\/fcspartaktrnava.com\/#\/schema\/person\/62c3c2562c3c56e4c0c8c2342c596ac0"},"headline":"PRESTUP: Adrian Zeljkovi\u0107 smeruje do \u010ceska. Oble\u010die dres Plzne","datePublished":"2025-05-12T10:00:05+00:00","dateModified":"2025-05-12T10:00:06+00:00","mainEntityOfPage":{"@id":"https:\/\/fcspartaktrnava.com\/prestup-adrian-zeljkovic-smeruje-do-ceska-oblecie-dres-plzne\/"},"wordCount":327,"publisher":{"@id":"https:\/\/fcspartaktrnava.com\/#organization"},"image":{"@id":"https:\/\/fcspartaktrnava.com\/prestup-adrian-zeljkovic-smeruje-do-ceska-oblecie-dres-plzne\/#primaryimage"},"thumbnailUrl":"https:\/\/fcspartaktrnava.com\/wp-content\/uploads\/2025\/05\/62-scaled.jpg","articleSection":["Spr\u00e1vy"],"inLanguage":"en-GB"},{"@type":"WebPage","@id":"https:\/\/fcspartaktrnava.com\/prestup-adrian-zeljkovic-smeruje-do-ceska-oblecie-dres-plzne\/","url":"https:\/\/fcspartaktrnava.com\/prestup-adrian-zeljkovic-smeruje-do-ceska-oblecie-dres-plzne\/","name":"PRESTUP: Adrian Zeljkovi\u0107 smeruje do \u010ceska. Oble\u010die dres Plzne - FC Spartak Trnava","isPartOf":{"@id":"https:\/\/fcspartaktrnava.com\/#website"},"primaryImageOfPage":{"@id":"https:\/\/fcspartaktrnava.com\/prestup-adrian-zeljkovic-smeruje-do-ceska-oblecie-dres-plzne\/#primaryimage"},"image":{"@id":"https:\/\/fcspartaktrnava.com\/prestup-adrian-zeljkovic-smeruje-do-ceska-oblecie-dres-plzne\/#primaryimage"},"thumbnailUrl":"https:\/\/fcspartaktrnava.com\/wp-content\/uploads\/2025\/05\/62-scaled.jpg","datePublished":"2025-05-12T10:00:05+00:00","dateModified":"2025-05-12T10:00:06+00:00","breadcrumb":{"@id":"https:\/\/fcspartaktrnava.com\/prestup-adrian-zeljkovic-smeruje-do-ceska-oblecie-dres-plzne\/#breadcrumb"},"inLanguage":"en-GB","potentialAction":[{"@type":"ReadAction","target":["https:\/\/fcspartaktrnava.com\/prestup-adrian-zeljkovic-smeruje-do-ceska-oblecie-dres-plzne\/"]}]},{"@type":"ImageObject","inLanguage":"en-GB","@id":"https:\/\/fcspartaktrnava.com\/prestup-adrian-zeljkovic-smeruje-do-ceska-oblecie-dres-plzne\/#primaryimage","url":"https:\/\/fcspartaktrnava.com\/wp-content\/uploads\/2025\/05\/62-scaled.jpg","contentUrl":"https:\/\/fcspartaktrnava.com\/wp-content\/uploads\/2025\/05\/62-scaled.jpg","width":2560,"height":1704},{"@type":"BreadcrumbList","@id":"https:\/\/fcspartaktrnava.com\/prestup-adrian-zeljkovic-smeruje-do-ceska-oblecie-dres-plzne\/#breadcrumb","itemListElement":[{"@type":"ListItem","position":1,"name":"Home","item":"https:\/\/fcspartaktrnava.com\/"},{"@type":"ListItem","position":2,"name":"PRESTUP: Adrian Zeljkovi\u0107 smeruje do \u010ceska. Oble\u010die dres Plzne"}]},{"@type":"WebSite","@id":"https:\/\/fcspartaktrnava.com\/#website","url":"https:\/\/fcspartaktrnava.com\/","name":"FC Spartak Trnava","description":"ofici\u00e1lna webstr\u00e1nka futbalov\u00e9ho klubu","publisher":{"@id":"https:\/\/fcspartaktrnava.com\/#organization"},"potentialAction":[{"@type":"SearchAction","target":{"@type":"EntryPoint","urlTemplate":"https:\/\/fcspartaktrnava.com\/?s={search_term_string}"},"query-input":{"@type":"PropertyValueSpecification","valueRequired":true,"valueName":"search_term_string"}}],"inLanguage":"en-GB"},{"@type":"Organization","@id":"https:\/\/fcspartaktrnava.com\/#organization","name":"FC Spartak Trnava","alternateName":"Spartak","url":"https:\/\/fcspartaktrnava.com\/","logo":{"@type":"ImageObject","inLanguage":"en-GB","@id":"https:\/\/fcspartaktrnava.com\/#\/schema\/logo\/image\/","url":"https:\/\/fcspartaktrnava.com\/wp-content\/uploads\/2022\/08\/cropped-site_logo.png","contentUrl":"https:\/\/fcspartaktrnava.com\/wp-content\/uploads\/2022\/08\/cropped-site_logo.png","width":140,"height":140,"caption":"FC Spartak Trnava"},"image":{"@id":"https:\/\/fcspartaktrnava.com\/#\/schema\/logo\/image\/"},"sameAs":["https:\/\/www.facebook.com\/SpartakTrnava","https:\/\/x.com\/SpartakTrnava1","https:\/\/www.instagram.com\/spartak_sk\/"]},{"@type":"Person","@id":"https:\/\/fcspartaktrnava.com\/#\/schema\/person\/62c3c2562c3c56e4c0c8c2342c596ac0","name":"Samuel \u010eurinsk\u00fd","image":{"@type":"ImageObject","inLanguage":"en-GB","@id":"https:\/\/fcspartaktrnava.com\/#\/schema\/person\/image\/","url":"https:\/\/secure.gravatar.com\/avatar\/af2fa02af92418b86ed742470664fe40056833fb68d84becf03f6ab02319257c?s=96&d=mm&r=g","contentUrl":"https:\/\/secure.gravatar.com\/avatar\/af2fa02af92418b86ed742470664fe40056833fb68d84becf03f6ab02319257c?s=96&d=mm&r=g","caption":"Samuel \u010eurinsk\u00fd"},"url":"https:\/\/fcspartaktrnava.com\/en\/author\/fcst-samuel\/"}]}},"_links":{"self":[{"href":"https:\/\/fcspartaktrnava.com\/en\/wp-json\/wp\/v2\/posts\/28006","targetHints":{"allow":["GET"]}}],"collection":[{"href":"https:\/\/fcspartaktrnava.com\/en\/wp-json\/wp\/v2\/posts"}],"about":[{"href":"https:\/\/fcspartaktrnava.com\/en\/wp-json\/wp\/v2\/types\/post"}],"author":[{"embeddable":true,"href":"https:\/\/fcspartaktrnava.com\/en\/wp-json\/wp\/v2\/users\/5"}],"replies":[{"embeddable":true,"href":"https:\/\/fcspartaktrnava.com\/en\/wp-json\/wp\/v2\/comments?post=28006"}],"version-history":[{"count":0,"href":"https:\/\/fcspartaktrnava.com\/en\/wp-json\/wp\/v2\/posts\/28006\/revisions"}],"wp:featuredmedia":[{"embeddable":true,"href":"https:\/\/fcspartaktrnava.com\/en\/wp-json\/wp\/v2\/media\/28012"}],"wp:attachment":[{"href":"https:\/\/fcspartaktrnava.com\/en\/wp-json\/wp\/v2\/media?parent=28006"}],"wp:term":[{"taxonomy":"category","embeddable":true,"href":"https:\/\/fcspartaktrnava.com\/en\/wp-json\/wp\/v2\/categories?post=28006"},{"taxonomy":"post_tag","embeddable":true,"href":"https:\/\/fcspartaktrnava.com\/en\/wp-json\/wp\/v2\/tags?post=28006"}],"curies":[{"name":"wp","href":"https:\/\/api.w.org\/{rel}","templated":true}]}}