{"id":27954,"date":"2025-05-06T12:49:49","date_gmt":"2025-05-06T10:49:49","guid":{"rendered":"https:\/\/fcspartaktrnava.com\/?p=27954"},"modified":"2025-05-06T12:51:10","modified_gmt":"2025-05-06T10:51:10","slug":"predposledna-zastavka-sezony-dunajska-streda-info-a-vstupenky","status":"publish","type":"post","link":"https:\/\/fcspartaktrnava.com\/en\/predposledna-zastavka-sezony-dunajska-streda-info-a-vstupenky\/","title":{"rendered":"Predposledn\u00e1 zast\u00e1vka sez\u00f3ny: Dunajsk\u00e1 Streda. Info a vstupenky"},"content":{"rendered":"<p class=\"has-text-align-center has-medium-font-size\">Po v\u00ed\u0165azstve v Slovenskom poh\u00e1ri sme v r\u00fdchlom slede nabehli na dom\u00e1ci tr\u00e1vnik v z\u00e1pase Nik\u00e9 ligy proti Ko\u0161iciam. Duel n\u00e1m nevy\u0161iel pod\u013ea predst\u00e1v a bola z toho napokon najtesnej\u0161ia prehra. St\u00e1le tak nem\u00e1me potvrden\u00fa tretiu prie\u010dku. Tento fakt m\u00f4\u017eeme zmeni\u0165 v nede\u013eu od 18:00 v Dunajskej Strede, ak z\u00edskame minim\u00e1lne bod. <\/p>\n\n\n\n<p class=\"has-text-align-center has-medium-font-size\">Po nie\u010do viac ako t\u00fd\u017edni nav\u0161t\u00edvime rovnak\u00e9 miesto, ak\u00fdm bolo dejisko \u00faspe\u0161n\u00e9ho poh\u00e1rov\u00e9ho fin\u00e1le. A my ver\u00edme, \u017ee n\u00e1s po\u017eeniete op\u00e4\u0165 vpred.<\/p>\n\n\n\n<p class=\"has-text-align-center has-black-color has-white-background-color has-text-color has-background has-link-color has-medium-font-size wp-elements-c3097132254a6ccd01a3f3ea4e091a1d\"><strong><a href=\"https:\/\/predpredaj.zoznam.sk\/sk\/listky\/dac-1904-fc-spartak-trnava-sektor-hosti-2025-05-11\/\">L\u00cdSTKY &#8211; SEKTOR HOST\u00cd &#8211; D1<\/a><\/strong><\/p>\n\n\n\n<p class=\"has-text-align-center has-white-color has-vivid-red-background-color has-text-color has-background has-link-color has-medium-font-size wp-elements-c81fecc497e0097fe612aba74a66fe58\"><strong>Uveden\u00fd link na zak\u00fapenie vstupeniek bude akt\u00edvny a\u017e do za\u010diatku z\u00e1pasu.<\/strong><\/p>\n\n\n\n<hr class=\"wp-block-separator has-text-color has-luminous-vivid-amber-color has-alpha-channel-opacity has-luminous-vivid-amber-background-color has-background\"\/>\n\n\n\n<p class=\"has-text-align-center has-black-color has-white-background-color has-text-color has-background has-link-color has-medium-font-size wp-elements-e90361abffefeddfb0ae44948c99cdae\"><strong>MOL Ar\u00e9na &#8211; Dunajsk\u00e1 Streda. 9. kolo nadstavby &#8211; skupina o titul. <\/strong><\/p>\n\n\n\n<p class=\"has-text-align-center has-black-color has-white-background-color has-text-color has-background has-link-color has-medium-font-size wp-elements-9c667fd771ab18c27124155fc0c63624\"><strong>Nede\u013ea 11. m\u00e1ja &#8211; 18:00<\/strong><\/p>\n\n\n\n<p class=\"has-text-align-center has-vivid-red-color has-text-color has-link-color has-medium-font-size wp-elements-e91c294d1af7aa5d6676621895de0c63\"><strong>Z\u00e1pas je ozna\u010den\u00fd ako rizikov\u00fd.<\/strong><\/p>\n\n\n\n<p class=\"has-text-align-center has-medium-font-size\"><strong>Preto v\u00e1s \u017eiadame, aby ste sa riadili pokynmi bezpe\u010dnostn\u00fdch zlo\u017eiek.<\/strong><\/p>\n\n\n\n<p class=\"has-text-align-center has-medium-font-size\"><strong>U\u017e pred samotn\u00fdm vstupom na \u0161tadi\u00f3n a pred za\u010diatkom z\u00e1pasu bude Pol\u00edcia SR dohliada\u0165 na dodr\u017eiavanie poriadku. Ke\u010f\u017ee ide o rizikov\u00fd z\u00e1pas, pokuty za naru\u0161enie verejn\u00e9ho poriadku a pr\u00edpadn\u00e9 pou\u017eitie pyrotechniky e\u0161te pred vstupom na \u0161tadi\u00f3n, bud\u00fa n\u00e1sobne vy\u0161\u0161ie. <\/strong><\/p>\n\n\n\n<p class=\"has-text-align-center has-white-color has-vivid-red-background-color has-text-color has-background has-link-color has-medium-font-size wp-elements-6f6821c78929db48487b074d805705fa\"><strong>Z\u00e1rove\u0148 v\u00e1s \u017eiadame, aby ste sa vyhli ak\u00fdmko\u013evek prejavom N\u00c1SILIA, RASIZMU a XENOF\u00d3BIE. <\/strong><\/p>\n\n\n\n<p class=\"has-text-align-center has-medium-font-size\"><strong>FAND\u00cdME SLU\u0160NE. FAND\u00cdME SPARTAKU! <\/strong><\/p>\n\n\n<div class=\"wp-block-image\">\n<figure class=\"aligncenter size-large\"><img loading=\"lazy\" decoding=\"async\" width=\"1024\" height=\"683\" src=\"https:\/\/fcspartaktrnava.com\/wp-content\/uploads\/2025\/05\/54490364347_7f176364e7_k-1024x683.jpg\" alt=\"\" class=\"wp-image-27956\" srcset=\"https:\/\/fcspartaktrnava.com\/wp-content\/uploads\/2025\/05\/54490364347_7f176364e7_k-1024x683.jpg 1024w, https:\/\/fcspartaktrnava.com\/wp-content\/uploads\/2025\/05\/54490364347_7f176364e7_k-300x200.jpg 300w, https:\/\/fcspartaktrnava.com\/wp-content\/uploads\/2025\/05\/54490364347_7f176364e7_k-768x512.jpg 768w, https:\/\/fcspartaktrnava.com\/wp-content\/uploads\/2025\/05\/54490364347_7f176364e7_k-1536x1024.jpg 1536w, https:\/\/fcspartaktrnava.com\/wp-content\/uploads\/2025\/05\/54490364347_7f176364e7_k-18x12.jpg 18w, https:\/\/fcspartaktrnava.com\/wp-content\/uploads\/2025\/05\/54490364347_7f176364e7_k.jpg 2048w\" sizes=\"auto, (max-width: 1024px) 100vw, 1024px\" \/><\/figure>\n<\/div>\n\n\n<p class=\"has-text-align-center\"><strong>SME SPARTAK. RODZINA, KER\u00da SI VYBERE\u0160.<\/strong><\/p>\n\n\n\n<figure class=\"wp-block-image size-full\"><a href=\"https:\/\/predpredaj.zoznam.sk\/sk\/listky\/fc-spartak-trnava-rodzina-25-26\/\"><img loading=\"lazy\" decoding=\"async\" width=\"960\" height=\"120\" src=\"https:\/\/fcspartaktrnava.com\/wp-content\/uploads\/2025\/05\/web-banner-960x120-3.png\" alt=\"\" class=\"wp-image-27957\" srcset=\"https:\/\/fcspartaktrnava.com\/wp-content\/uploads\/2025\/05\/web-banner-960x120-3.png 960w, https:\/\/fcspartaktrnava.com\/wp-content\/uploads\/2025\/05\/web-banner-960x120-3-300x38.png 300w, https:\/\/fcspartaktrnava.com\/wp-content\/uploads\/2025\/05\/web-banner-960x120-3-768x96.png 768w, https:\/\/fcspartaktrnava.com\/wp-content\/uploads\/2025\/05\/web-banner-960x120-3-18x2.png 18w\" sizes=\"auto, (max-width: 960px) 100vw, 960px\" \/><\/a><\/figure>","protected":false},"excerpt":{"rendered":"<p>Po v\u00ed\u0165azstve v Slovenskom poh\u00e1ri sme v r\u00fdchlom&#8230;<\/p>","protected":false},"author":5,"featured_media":27958,"comment_status":"closed","ping_status":"closed","sticky":false,"template":"","format":"standard","meta":{"footnotes":""},"categories":[12,20],"tags":[],"class_list":["post-27954","post","type-post","status-publish","format-standard","has-post-thumbnail","hentry","category-spravy","category-zapas","post-number-1"],"yoast_head":"<!-- This site is optimized with the Yoast SEO plugin v27.1.1 - https:\/\/yoast.com\/product\/yoast-seo-wordpress\/ -->\n<title>Predposledn\u00e1 zast\u00e1vka sez\u00f3ny: Dunajsk\u00e1 Streda. Info a vstupenky - FC Spartak Trnava<\/title>\n<meta name=\"robots\" content=\"index, follow, max-snippet:-1, max-image-preview:large, max-video-preview:-1\" \/>\n<link rel=\"canonical\" href=\"https:\/\/fcspartaktrnava.com\/en\/predposledna-zastavka-sezony-dunajska-streda-info-a-vstupenky\/\" \/>\n<meta name=\"twitter:label1\" content=\"Written by\" \/>\n\t<meta name=\"twitter:data1\" content=\"Samuel \u010eurinsk\u00fd\" \/>\n\t<meta name=\"twitter:label2\" content=\"Estimated reading time\" \/>\n\t<meta name=\"twitter:data2\" content=\"2 minutes\" \/>\n<script type=\"application\/ld+json\" class=\"yoast-schema-graph\">{\"@context\":\"https:\/\/schema.org\",\"@graph\":[{\"@type\":\"Article\",\"@id\":\"https:\/\/fcspartaktrnava.com\/predposledna-zastavka-sezony-dunajska-streda-info-a-vstupenky\/#article\",\"isPartOf\":{\"@id\":\"https:\/\/fcspartaktrnava.com\/predposledna-zastavka-sezony-dunajska-streda-info-a-vstupenky\/\"},\"author\":{\"name\":\"Samuel \u010eurinsk\u00fd\",\"@id\":\"https:\/\/fcspartaktrnava.com\/#\/schema\/person\/62c3c2562c3c56e4c0c8c2342c596ac0\"},\"headline\":\"Predposledn\u00e1 zast\u00e1vka sez\u00f3ny: Dunajsk\u00e1 Streda. Info a vstupenky\",\"datePublished\":\"2025-05-06T10:49:49+00:00\",\"dateModified\":\"2025-05-06T10:51:10+00:00\",\"mainEntityOfPage\":{\"@id\":\"https:\/\/fcspartaktrnava.com\/predposledna-zastavka-sezony-dunajska-streda-info-a-vstupenky\/\"},\"wordCount\":262,\"publisher\":{\"@id\":\"https:\/\/fcspartaktrnava.com\/#organization\"},\"image\":{\"@id\":\"https:\/\/fcspartaktrnava.com\/predposledna-zastavka-sezony-dunajska-streda-info-a-vstupenky\/#primaryimage\"},\"thumbnailUrl\":\"https:\/\/fcspartaktrnava.com\/wp-content\/uploads\/2025\/05\/93-scaled.jpg\",\"articleSection\":[\"Spr\u00e1vy\",\"Z\u00e1pas\"],\"inLanguage\":\"en-GB\"},{\"@type\":\"WebPage\",\"@id\":\"https:\/\/fcspartaktrnava.com\/predposledna-zastavka-sezony-dunajska-streda-info-a-vstupenky\/\",\"url\":\"https:\/\/fcspartaktrnava.com\/predposledna-zastavka-sezony-dunajska-streda-info-a-vstupenky\/\",\"name\":\"Predposledn\u00e1 zast\u00e1vka sez\u00f3ny: Dunajsk\u00e1 Streda. Info a vstupenky - FC Spartak Trnava\",\"isPartOf\":{\"@id\":\"https:\/\/fcspartaktrnava.com\/#website\"},\"primaryImageOfPage\":{\"@id\":\"https:\/\/fcspartaktrnava.com\/predposledna-zastavka-sezony-dunajska-streda-info-a-vstupenky\/#primaryimage\"},\"image\":{\"@id\":\"https:\/\/fcspartaktrnava.com\/predposledna-zastavka-sezony-dunajska-streda-info-a-vstupenky\/#primaryimage\"},\"thumbnailUrl\":\"https:\/\/fcspartaktrnava.com\/wp-content\/uploads\/2025\/05\/93-scaled.jpg\",\"datePublished\":\"2025-05-06T10:49:49+00:00\",\"dateModified\":\"2025-05-06T10:51:10+00:00\",\"breadcrumb\":{\"@id\":\"https:\/\/fcspartaktrnava.com\/predposledna-zastavka-sezony-dunajska-streda-info-a-vstupenky\/#breadcrumb\"},\"inLanguage\":\"en-GB\",\"potentialAction\":[{\"@type\":\"ReadAction\",\"target\":[\"https:\/\/fcspartaktrnava.com\/predposledna-zastavka-sezony-dunajska-streda-info-a-vstupenky\/\"]}]},{\"@type\":\"ImageObject\",\"inLanguage\":\"en-GB\",\"@id\":\"https:\/\/fcspartaktrnava.com\/predposledna-zastavka-sezony-dunajska-streda-info-a-vstupenky\/#primaryimage\",\"url\":\"https:\/\/fcspartaktrnava.com\/wp-content\/uploads\/2025\/05\/93-scaled.jpg\",\"contentUrl\":\"https:\/\/fcspartaktrnava.com\/wp-content\/uploads\/2025\/05\/93-scaled.jpg\",\"width\":2560,\"height\":1709},{\"@type\":\"BreadcrumbList\",\"@id\":\"https:\/\/fcspartaktrnava.com\/predposledna-zastavka-sezony-dunajska-streda-info-a-vstupenky\/#breadcrumb\",\"itemListElement\":[{\"@type\":\"ListItem\",\"position\":1,\"name\":\"Home\",\"item\":\"https:\/\/fcspartaktrnava.com\/\"},{\"@type\":\"ListItem\",\"position\":2,\"name\":\"Predposledn\u00e1 zast\u00e1vka sez\u00f3ny: Dunajsk\u00e1 Streda. Info a vstupenky\"}]},{\"@type\":\"WebSite\",\"@id\":\"https:\/\/fcspartaktrnava.com\/#website\",\"url\":\"https:\/\/fcspartaktrnava.com\/\",\"name\":\"FC Spartak Trnava\",\"description\":\"ofici\u00e1lna webstr\u00e1nka futbalov\u00e9ho klubu\",\"publisher\":{\"@id\":\"https:\/\/fcspartaktrnava.com\/#organization\"},\"potentialAction\":[{\"@type\":\"SearchAction\",\"target\":{\"@type\":\"EntryPoint\",\"urlTemplate\":\"https:\/\/fcspartaktrnava.com\/?s={search_term_string}\"},\"query-input\":{\"@type\":\"PropertyValueSpecification\",\"valueRequired\":true,\"valueName\":\"search_term_string\"}}],\"inLanguage\":\"en-GB\"},{\"@type\":\"Organization\",\"@id\":\"https:\/\/fcspartaktrnava.com\/#organization\",\"name\":\"FC Spartak Trnava\",\"alternateName\":\"Spartak\",\"url\":\"https:\/\/fcspartaktrnava.com\/\",\"logo\":{\"@type\":\"ImageObject\",\"inLanguage\":\"en-GB\",\"@id\":\"https:\/\/fcspartaktrnava.com\/#\/schema\/logo\/image\/\",\"url\":\"https:\/\/fcspartaktrnava.com\/wp-content\/uploads\/2022\/08\/cropped-site_logo.png\",\"contentUrl\":\"https:\/\/fcspartaktrnava.com\/wp-content\/uploads\/2022\/08\/cropped-site_logo.png\",\"width\":140,\"height\":140,\"caption\":\"FC Spartak Trnava\"},\"image\":{\"@id\":\"https:\/\/fcspartaktrnava.com\/#\/schema\/logo\/image\/\"},\"sameAs\":[\"https:\/\/www.facebook.com\/SpartakTrnava\",\"https:\/\/x.com\/SpartakTrnava1\",\"https:\/\/www.instagram.com\/spartak_sk\/\"]},{\"@type\":\"Person\",\"@id\":\"https:\/\/fcspartaktrnava.com\/#\/schema\/person\/62c3c2562c3c56e4c0c8c2342c596ac0\",\"name\":\"Samuel \u010eurinsk\u00fd\",\"image\":{\"@type\":\"ImageObject\",\"inLanguage\":\"en-GB\",\"@id\":\"https:\/\/fcspartaktrnava.com\/#\/schema\/person\/image\/\",\"url\":\"https:\/\/secure.gravatar.com\/avatar\/af2fa02af92418b86ed742470664fe40056833fb68d84becf03f6ab02319257c?s=96&d=mm&r=g\",\"contentUrl\":\"https:\/\/secure.gravatar.com\/avatar\/af2fa02af92418b86ed742470664fe40056833fb68d84becf03f6ab02319257c?s=96&d=mm&r=g\",\"caption\":\"Samuel \u010eurinsk\u00fd\"},\"url\":\"https:\/\/fcspartaktrnava.com\/en\/author\/fcst-samuel\/\"}]}<\/script>\n<!-- \/ Yoast SEO plugin. -->","yoast_head_json":{"title":"Predposledn\u00e1 zast\u00e1vka sez\u00f3ny: Dunajsk\u00e1 Streda. Info a vstupenky - FC Spartak Trnava","robots":{"index":"index","follow":"follow","max-snippet":"max-snippet:-1","max-image-preview":"max-image-preview:large","max-video-preview":"max-video-preview:-1"},"canonical":"https:\/\/fcspartaktrnava.com\/en\/predposledna-zastavka-sezony-dunajska-streda-info-a-vstupenky\/","twitter_misc":{"Written by":"Samuel \u010eurinsk\u00fd","Estimated reading time":"2 minutes"},"schema":{"@context":"https:\/\/schema.org","@graph":[{"@type":"Article","@id":"https:\/\/fcspartaktrnava.com\/predposledna-zastavka-sezony-dunajska-streda-info-a-vstupenky\/#article","isPartOf":{"@id":"https:\/\/fcspartaktrnava.com\/predposledna-zastavka-sezony-dunajska-streda-info-a-vstupenky\/"},"author":{"name":"Samuel \u010eurinsk\u00fd","@id":"https:\/\/fcspartaktrnava.com\/#\/schema\/person\/62c3c2562c3c56e4c0c8c2342c596ac0"},"headline":"Predposledn\u00e1 zast\u00e1vka sez\u00f3ny: Dunajsk\u00e1 Streda. Info a vstupenky","datePublished":"2025-05-06T10:49:49+00:00","dateModified":"2025-05-06T10:51:10+00:00","mainEntityOfPage":{"@id":"https:\/\/fcspartaktrnava.com\/predposledna-zastavka-sezony-dunajska-streda-info-a-vstupenky\/"},"wordCount":262,"publisher":{"@id":"https:\/\/fcspartaktrnava.com\/#organization"},"image":{"@id":"https:\/\/fcspartaktrnava.com\/predposledna-zastavka-sezony-dunajska-streda-info-a-vstupenky\/#primaryimage"},"thumbnailUrl":"https:\/\/fcspartaktrnava.com\/wp-content\/uploads\/2025\/05\/93-scaled.jpg","articleSection":["Spr\u00e1vy","Z\u00e1pas"],"inLanguage":"en-GB"},{"@type":"WebPage","@id":"https:\/\/fcspartaktrnava.com\/predposledna-zastavka-sezony-dunajska-streda-info-a-vstupenky\/","url":"https:\/\/fcspartaktrnava.com\/predposledna-zastavka-sezony-dunajska-streda-info-a-vstupenky\/","name":"Predposledn\u00e1 zast\u00e1vka sez\u00f3ny: Dunajsk\u00e1 Streda. Info a vstupenky - FC Spartak Trnava","isPartOf":{"@id":"https:\/\/fcspartaktrnava.com\/#website"},"primaryImageOfPage":{"@id":"https:\/\/fcspartaktrnava.com\/predposledna-zastavka-sezony-dunajska-streda-info-a-vstupenky\/#primaryimage"},"image":{"@id":"https:\/\/fcspartaktrnava.com\/predposledna-zastavka-sezony-dunajska-streda-info-a-vstupenky\/#primaryimage"},"thumbnailUrl":"https:\/\/fcspartaktrnava.com\/wp-content\/uploads\/2025\/05\/93-scaled.jpg","datePublished":"2025-05-06T10:49:49+00:00","dateModified":"2025-05-06T10:51:10+00:00","breadcrumb":{"@id":"https:\/\/fcspartaktrnava.com\/predposledna-zastavka-sezony-dunajska-streda-info-a-vstupenky\/#breadcrumb"},"inLanguage":"en-GB","potentialAction":[{"@type":"ReadAction","target":["https:\/\/fcspartaktrnava.com\/predposledna-zastavka-sezony-dunajska-streda-info-a-vstupenky\/"]}]},{"@type":"ImageObject","inLanguage":"en-GB","@id":"https:\/\/fcspartaktrnava.com\/predposledna-zastavka-sezony-dunajska-streda-info-a-vstupenky\/#primaryimage","url":"https:\/\/fcspartaktrnava.com\/wp-content\/uploads\/2025\/05\/93-scaled.jpg","contentUrl":"https:\/\/fcspartaktrnava.com\/wp-content\/uploads\/2025\/05\/93-scaled.jpg","width":2560,"height":1709},{"@type":"BreadcrumbList","@id":"https:\/\/fcspartaktrnava.com\/predposledna-zastavka-sezony-dunajska-streda-info-a-vstupenky\/#breadcrumb","itemListElement":[{"@type":"ListItem","position":1,"name":"Home","item":"https:\/\/fcspartaktrnava.com\/"},{"@type":"ListItem","position":2,"name":"Predposledn\u00e1 zast\u00e1vka sez\u00f3ny: Dunajsk\u00e1 Streda. Info a vstupenky"}]},{"@type":"WebSite","@id":"https:\/\/fcspartaktrnava.com\/#website","url":"https:\/\/fcspartaktrnava.com\/","name":"FC Spartak Trnava","description":"ofici\u00e1lna webstr\u00e1nka futbalov\u00e9ho klubu","publisher":{"@id":"https:\/\/fcspartaktrnava.com\/#organization"},"potentialAction":[{"@type":"SearchAction","target":{"@type":"EntryPoint","urlTemplate":"https:\/\/fcspartaktrnava.com\/?s={search_term_string}"},"query-input":{"@type":"PropertyValueSpecification","valueRequired":true,"valueName":"search_term_string"}}],"inLanguage":"en-GB"},{"@type":"Organization","@id":"https:\/\/fcspartaktrnava.com\/#organization","name":"FC Spartak Trnava","alternateName":"Spartak","url":"https:\/\/fcspartaktrnava.com\/","logo":{"@type":"ImageObject","inLanguage":"en-GB","@id":"https:\/\/fcspartaktrnava.com\/#\/schema\/logo\/image\/","url":"https:\/\/fcspartaktrnava.com\/wp-content\/uploads\/2022\/08\/cropped-site_logo.png","contentUrl":"https:\/\/fcspartaktrnava.com\/wp-content\/uploads\/2022\/08\/cropped-site_logo.png","width":140,"height":140,"caption":"FC Spartak Trnava"},"image":{"@id":"https:\/\/fcspartaktrnava.com\/#\/schema\/logo\/image\/"},"sameAs":["https:\/\/www.facebook.com\/SpartakTrnava","https:\/\/x.com\/SpartakTrnava1","https:\/\/www.instagram.com\/spartak_sk\/"]},{"@type":"Person","@id":"https:\/\/fcspartaktrnava.com\/#\/schema\/person\/62c3c2562c3c56e4c0c8c2342c596ac0","name":"Samuel \u010eurinsk\u00fd","image":{"@type":"ImageObject","inLanguage":"en-GB","@id":"https:\/\/fcspartaktrnava.com\/#\/schema\/person\/image\/","url":"https:\/\/secure.gravatar.com\/avatar\/af2fa02af92418b86ed742470664fe40056833fb68d84becf03f6ab02319257c?s=96&d=mm&r=g","contentUrl":"https:\/\/secure.gravatar.com\/avatar\/af2fa02af92418b86ed742470664fe40056833fb68d84becf03f6ab02319257c?s=96&d=mm&r=g","caption":"Samuel \u010eurinsk\u00fd"},"url":"https:\/\/fcspartaktrnava.com\/en\/author\/fcst-samuel\/"}]}},"_links":{"self":[{"href":"https:\/\/fcspartaktrnava.com\/en\/wp-json\/wp\/v2\/posts\/27954","targetHints":{"allow":["GET"]}}],"collection":[{"href":"https:\/\/fcspartaktrnava.com\/en\/wp-json\/wp\/v2\/posts"}],"about":[{"href":"https:\/\/fcspartaktrnava.com\/en\/wp-json\/wp\/v2\/types\/post"}],"author":[{"embeddable":true,"href":"https:\/\/fcspartaktrnava.com\/en\/wp-json\/wp\/v2\/users\/5"}],"replies":[{"embeddable":true,"href":"https:\/\/fcspartaktrnava.com\/en\/wp-json\/wp\/v2\/comments?post=27954"}],"version-history":[{"count":0,"href":"https:\/\/fcspartaktrnava.com\/en\/wp-json\/wp\/v2\/posts\/27954\/revisions"}],"wp:featuredmedia":[{"embeddable":true,"href":"https:\/\/fcspartaktrnava.com\/en\/wp-json\/wp\/v2\/media\/27958"}],"wp:attachment":[{"href":"https:\/\/fcspartaktrnava.com\/en\/wp-json\/wp\/v2\/media?parent=27954"}],"wp:term":[{"taxonomy":"category","embeddable":true,"href":"https:\/\/fcspartaktrnava.com\/en\/wp-json\/wp\/v2\/categories?post=27954"},{"taxonomy":"post_tag","embeddable":true,"href":"https:\/\/fcspartaktrnava.com\/en\/wp-json\/wp\/v2\/tags?post=27954"}],"curies":[{"name":"wp","href":"https:\/\/api.w.org\/{rel}","templated":true}]}}