{"id":2793,"date":"2022-11-02T08:35:06","date_gmt":"2022-11-02T08:35:06","guid":{"rendered":"https:\/\/fcspartaktrnava.com\/?p=2793"},"modified":"2022-11-02T09:05:25","modified_gmt":"2022-11-02T09:05:25","slug":"mladeznicke-zapasy-uz-v-piatok-vsetci-bez-prehry","status":"publish","type":"post","link":"https:\/\/fcspartaktrnava.com\/en\/mladeznicke-zapasy-uz-v-piatok-vsetci-bez-prehry\/","title":{"rendered":"Ml\u00e1de\u017en\u00edcke z\u00e1pasy u\u017e v piatok, takmer v\u0161etci bez prehry"},"content":{"rendered":"<p><strong>FC Spartak Trnava U19 \u2013 MFK Zempl\u00edn Michalovce U19 1:0 (1:0)<\/strong><\/p>\n\n\n\n<p>\u010eal\u0161ie mimoriadne d\u00f4le\u017eit\u00e9 v\u00ed\u0165azstvo m\u00e1 za sebou najstar\u0161\u00ed dorast, ktor\u00fd zv\u00ed\u0165azil na dom\u00e1cej p\u00f4de nad Michalovcami najtesnej\u0161\u00edm rozdielom 1:0. O jedin\u00fd presn\u00fd z\u00e1sah z\u00e1pasu sa postaral v 17. min\u00fate Mas\u00e1r. Zverenci Petra Ga\u017eiho sa tak v tabu\u013eke dotiahli pr\u00e1ve na svojho s\u00fapera a v\u010faka druh\u00e9mu triumfu v porad\u00ed, sa vy\u0161vihli v tabu\u013eke op\u00e4\u0165 o nie\u010do vy\u0161\u0161ie.<\/p>\n\n\n\n<p><strong>FCST U19:&nbsp;<\/strong>Vasi\u013e \u2013 Popik (12. R\u00fdzek), Va\u0161ko (C), Feren\u010d\u00edk, Rusn\u00e1k, \u0160arm\u00edr, Kumpan (59. Horn\u00edk), Repa (81. Nagy), Mas\u00e1r (76. Kuchar\u00edk), Justh (59. Bil\u010d\u00edk), Kurej<\/p>\n\n\n\n<p><strong>Goals:&nbsp;<\/strong>17. Mas\u00e1r<strong><\/strong><\/p>\n\n\n\n<p><strong>Yellow cards:&nbsp;<\/strong>Feren\u010d\u00edk, Kumpan, Justh<\/p>\n\n\n\n<p><strong>Peter Ga\u017ei: <em>\u201eProti dobr\u00e9mu s\u00faperovi s v\u00fdraznou individualitou sme zasl\u00fa\u017eene vyhrali. V \u00favode z\u00e1pasu po peknej akcii a v\u00fdbornom centri Repu strelil v\u00ed\u0165azn\u00fd g\u00f3l dobre hraj\u00faci Mas\u00e1r. N\u00e1sledne sme z\u00e1pas a\u017e do konca kontrolovali. Napriek tomu potrebujeme by\u0165 do bud\u00facna efekt\u00edvnej\u0161\u00ed a uzavrie\u0165 z\u00e1pas sk\u00f4r. Mas\u00e1r aj Justh tak mohli u\u010dini\u0165. Pozit\u00edvom je druh\u00e9 v\u00ed\u0165azstvo po sebe, \u010do sa n\u00e1m v sez\u00f3ne podarilo prv\u00fdkr\u00e1t.\u201c<\/em><\/strong><\/p>\n\n\n\n<p><strong>MFK Zempl\u00edn Michalovce U17 \u2013 FC Spartak Trnava U17 2:1 (2:0)<\/strong><\/p>\n\n\n\n<p>T\u00edmy mlad\u0161\u00edch dorastov cestovali k najvzdialenej\u0161iemu s\u00faperovi klasicky o de\u0148 vopred. Bohu\u017eia\u013e, sedemn\u00e1stka nedok\u00e1zala po v\u00fdmene str\u00e1n zmaza\u0165 dvojg\u00f3lov\u00e9 manko z prv\u00e9ho dejstva a na v\u00fdchode krajiny len prehrala 2:1.<\/p>\n\n\n\n<p><strong>FCT U17:&nbsp;<\/strong>Smie\u0161ko \u2013 Turansk\u00fd (75. \u0160adibol), Turo\u0148, Pristach (46. Barto\u0161), Paulen (80. Hesko), Farka\u0161 (C), Karhan, Moln\u00e1r, Ostrovsk\u00fd (46. Henyig), Bukovsk\u00fd, Vysko\u010d<\/p>\n\n\n\n<p><strong>Goals:&nbsp;<\/strong>51. Farka\u0161<\/p>\n\n\n\n<p><strong>Yellow cards:&nbsp;<\/strong>Moln\u00e1r, Turo\u0148, Vysko\u010d<\/p>\n\n\n\n<p><strong>Patrik Mal\u00fd: <em>\u201eMoment\u00e1lne sa nach\u00e1dzame vo v\u00fdsledkovej kr\u00edze nako\u013eko sme nedok\u00e1zali vyhra\u0165 v nieko\u013ek\u00fdch z\u00e1pasoch. Pre\u010do je tomu tak? V z\u00e1pasoch m\u00e1me ve\u013emi dobr\u00fa kvalitu na lopte, vieme si vytvori\u0165 ve\u013ea zauj\u00edmav\u00fdch situ\u00e1ci\u00ed, av\u0161ak ch\u00fdba n\u00e1m kvalita vo fin\u00e1lnej z\u00f3ne, nako\u013eko to u\u017e nie je n\u00e1hoda nepremie\u0148a\u0165 vylo\u017een\u00e9 pr\u00edle\u017eitosti z\u00e1pas \u010do z\u00e1pas. V Michalovciach sme nedok\u00e1zali navy\u0161e trafi\u0165 dvakr\u00e1t pr\u00e1zdnu br\u00e1nu, \u010do u\u017e je skuto\u010dne na zamyslenie ako sa koncentrujeme pri t\u00fdchto situ\u00e1ci\u00e1ch. Takisto sa n\u00e1m nem\u00f4\u017eu sta\u0165 chyby ak\u00e9 sme spravili pri oboch g\u00f3loch, no i napriek tomu sme so z\u00e1pasom mohli spravi\u0165 viac. Mus\u00edme pokra\u010dova\u0165 v za\u010datej pr\u00e1ci a jedine tak zlomi\u0165 veci v n\u00e1\u0161 prospech.\u201c<\/em><\/strong><\/p>\n\n\n\n<p><strong>MFK Zempl\u00edn Michalovce U16 \u2013 FC Spartak Trnava U16 1:3 (0:2)<\/strong><\/p>\n\n\n\n<p>\u0160estn\u00e1stka pomstila svojich star\u0161\u00edch spoluhr\u00e1\u010dov a Michalovce porazila 3:1. Dvomi g\u00f3lmi sa u\u017e v prvom dejstve blysol kapit\u00e1n Juraj Duchovi\u010d. Pre najmlad\u0161\u00edch dorastencov znamenalo toto v\u00ed\u0165azstvo upevnenie si druhej poz\u00edcie, kde str\u00e1caj\u00fa na ved\u00faci Ru\u017eomberok dva body, s n\u00edm sa stretn\u00fa u\u017e v nasleduj\u00facom z\u00e1pase.<\/p>\n\n\n\n<p><strong>FCST U16:&nbsp;<\/strong>Halada \u2013 Kov\u00e1\u010d, Konopka, Sucho\u0148 (50. Bohmer), Duchovi\u010d (C), Le\u017e\u00e1k, Kubovi\u010d (62. Kozachok), Kluka (50. Pta\u010d\u00edn), Trello (56. \u0160pa\u010dinsk\u00fd), Kocian (56. Be\u0148o), Priecel<\/p>\n\n\n\n<p><strong>Goals:&nbsp;<\/strong>28. a 30. Duchovi\u010d, 54. Priecel<\/p>\n\n\n\n<p><strong>Yellow cards:&nbsp;<\/strong>Kov\u00e1\u010d<\/p>\n\n\n\n<p><strong>Adam Chorvath: <em>\u201ePo dlh\u0161ej reprezenta\u010dnej prest\u00e1vke sme chceli nadviaza\u0165 na v\u00fdkony z posledn\u00fdch z\u00e1pasov. To sa n\u00e1m aj celkom podarilo. Vstup do z\u00e1pasu sme mali op\u00e4\u0165 ve\u013emi akt\u00edvny, boli sme siln\u00ed v dr\u017ean\u00ed lopty a vypracovali sme si postupne viacero g\u00f3lov\u00fdch pr\u00edle\u017eitost\u00ed. Dve z nich sme po pekn\u00fdch fin\u00e1lnych prihr\u00e1vkach aj premenili. V druhom pol\u010dase po g\u00f3le na 3:0 z\u00e1pas stratil tempo, ch\u00fdbala n\u00e1m v\u00e4\u010d\u0161ia t\u00fa\u017eba \u00eds\u0165 za \u010fal\u0161\u00edmi g\u00f3lmi a napriek tomu, \u017ee sme po chyb\u00e1ch s\u00fapera mali \u010fal\u0161ie \u0161ance, neboli sme u\u017e dostato\u010dne kvalitn\u00ed v \u00fato\u010dnej z\u00f3ne. V z\u00e1vere sme e\u0161te dostali z poslednej \u0161tandardnej situ\u00e1cie zbyto\u010dn\u00fd g\u00f3l. S\u00faper sa aj napriek tomu, \u017ee na\u0161i hr\u00e1\u010di uk\u00e1zali v\u00e4\u010d\u0161iu individu\u00e1lnu kvalitu, sna\u017eil hra\u0165 otvoren\u00fd futbal po\u010das cel\u00e9ho z\u00e1pasu, no nedovolili sme mu vypracova\u0165 si nejak\u00e9 g\u00f3lov\u00e9 pr\u00edle\u017eitosti a\u017e na jednu po chybe v na\u0161ej rozohr\u00e1vke.\u201c<\/em><\/strong><\/p>\n\n\n\n<p><strong>FC Spartak Trnava U15 \u2013 FC Petr\u017ealka U15 4:0 (0:0)<\/strong><\/p>\n\n\n\n<p>Priaznivci \u017eiackeho futbalu do 15 rokov \u010dakali na prv\u00fd presn\u00fd z\u00e1sah a\u017e do 57. min\u00faty. Strelil ho spartakovec Terenkov, na ktor\u00e9ho nadviazali e\u0161te jeho \u010fal\u0161\u00ed traja spoluhr\u00e1\u010di, a preto sa napokon zrodilo pohodln\u00e9 v\u00ed\u0165azstvo 4:0.<\/p>\n\n\n\n<p><strong>FCST U15:&nbsp;<\/strong>Luko\u0161\u00edk \u2013 \u0160tev\u00edk (66. Sobota), No\u0161ka, Pittel, Rep\u00e1\u0148 (66. Tittel), Tejzr, Daniel (C), Slez\u00e1k (66. Hru\u0161ka), Terenkov, Vete\u0161ka (41. Pol\u0165\u00e1k), Ma\u0165o<\/p>\n\n\n\n<p><strong>Goals:&nbsp;<\/strong>57. Terenkov, 62. Pittel, 70. No\u0161ka, 79. Pol\u0165\u00e1k<\/p>\n\n\n\n<p><strong>Tom\u00e1\u0161 K\u00e1nik: <em>\u201ePrv\u00fdch 25 min\u00fat sme mali probl\u00e9m sa dosta\u0165 do z\u00e1pasu z h\u013eadiska vyhr\u00e1vania osobn\u00fdch s\u00fabojov, presnost\u00ed k\u013e\u00fa\u010dov\u00fdch prihr\u00e1vok \u010di zbierania odrazen\u00fdch l\u00f4pt, \u010do n\u00e1m neumo\u017enilo z\u00edska\u0165 prevahu. Odvtedy sme ale na ihrisku boli u\u017e lep\u0161\u00edm t\u00edmom a hr\u00e1\u010di si za\u010dali veri\u0165. To sa naplno prejavilo po prest\u00e1vke, kde a\u017e na jednu situ\u00e1ciu, kedy n\u00e1s podr\u017eal brank\u00e1r, sme u\u017e s\u00fapera pr\u00edli\u0161 do hry nep\u00fa\u0161\u0165ali. Mali sme dostatok \u0161anc\u00ed, dost\u00e1vali sme sa \u010dasto do pokutov\u00e9ho \u00fazemia s\u00fapera, vyu\u017eili sme dve \u0161tandardn\u00e9 situ\u00e1cie a z\u00e1pas zasl\u00fa\u017eene vyhrali.\u201c<\/em><\/strong><\/p>\n\n\n\n<p><strong>FC Spartak Trnava U14 \u2013 FC Petr\u017ealka U14 4:1 (3:0)<\/strong><\/p>\n\n\n\n<p>Takmer identick\u00fd v\u00fdsledok sa zrodil aj v druhom z\u00e1pase star\u0161\u00edch \u017eiakov. Petr\u017ealke sa v\u0161ak v tomto pr\u00edpade podarilo aspo\u0148 kozmeticky upravi\u0165 v\u00fdsledok. Ni\u010d to ale nezmenilo na tom, \u017ee tri body zostali v Trnave. V\u010faka tomu sa na\u0161a \u0161trn\u00e1stka dostala pred svojho s\u00fapera na len o sk\u00f3re hor\u0161ie druh\u00e9 miesto.<\/p>\n\n\n\n<p><strong>FCST U14:&nbsp;<\/strong>Slim\u00e1k \u2013 Slov\u00e1k (36. Studen\u00fd), Bohunick\u00fd (C), Zemko, Feh\u00e9r (36. Fra\u0148o), Kostol\u00e1ni (57. Mi\u0161o), August\u00edn (17. Mar\u010di\u0161), Furek (68. Bartovi\u010d), He\u010dko (49. Posp\u00ed\u0161il), \u0160ev\u010d\u00edk, Fojta (57. Magdolen)<\/p>\n\n\n\n<p><strong>Goals:&nbsp;<\/strong>9. a 34. \u0160ev\u010d\u00edk, 32. Fojta, 48. Zemko<\/p>\n\n\n\n<p><strong>D\u00e1vid Mi\u0161kovi\u010d: <em>\u201eOkrem prv\u00fdch desiatich min\u00fat, kedy n\u00e1s Petr\u017ealka dobre pressovala, sme mali cel\u00fd z\u00e1pas vo svojich ruk\u00e1ch a v\u00fd\u0161ka sk\u00f3re bola len ot\u00e1zkou \u00faspe\u0161nosti rie\u0161enia na\u0161ich kombin\u00e1ci\u00ed a fin\u00e1lnych prihr\u00e1vok. Hr\u00e1\u010di dodr\u017eovali taktick\u00e9 princ\u00edpy, ch\u00fdbala \u010dastej\u0161ia stre\u013eba spoza hranice pokutov\u00e9ho \u00fazemia.\u201c<\/em><\/strong><\/p>\n\n\n\n<p><strong>FC Petr\u017ealka U13 \u2013 FC Spartak Trnava U13 1:3 (1:1)<\/strong><\/p>\n\n\n\n<p>V stretnut\u00ed trin\u00e1s\u0165ro\u010dn\u00fdch \u017eiakov i\u0161li do vedenia dom\u00e1ci u\u017e v tretej min\u00fate. Na\u0161im ml\u00e1de\u017en\u00edkom sa podarilo vyrovna\u0165 v 24. min\u00fate, aby n\u00e1sledne mohli po v\u00fdmene str\u00e1n dokona\u0165 obrat a prip\u00edsa\u0165 si tri body.<\/p>\n\n\n\n<p><strong>FCST U13:&nbsp;<\/strong>Lehock\u00fd, Vlkovi\u010d \u2013 Bo\u0161ansk\u00fd, Kalam\u00e1r, B\u00f6hmer, Martinkovi\u010d, Kore\u0148, Rak\u00fas, Feni\u010d, \u010euri\u0161, Holb\u00edk, Zaj\u00e1no\u0161, Kr\u00e1\u013eovi\u010d, Zlat\u0148ansk\u00fd, Kasan, Svetl\u00edk, Lenghardt (C), Dvorsk\u00fd, Junas<\/p>\n\n\n\n<p><strong>Goals:&nbsp;<\/strong>24. Zaj\u00e1no\u0161, 55. Holb\u00edk, 67. Dvorsk\u00fd<\/p>\n\n\n\n<p><strong>Oliver Burian: <em>\u201eV z\u00e1pase sme chceli od hr\u00e1\u010dov, aby v \u010do najv\u00e4\u010d\u0161om po\u010dte vyu\u017eili prvky z postupn\u00e9ho \u00fatoku, ktor\u00e9mu sme sa v tr\u00e9ningu venovali. Loptu sme mali pod kontrolou po\u010das cel\u00e9ho z\u00e1pasu, aj ke\u010f sme paradoxne od tretej min\u00faty prehr\u00e1vali po n\u00e1dhernej strele zo strednej vzdialenosti. To bolo v\u0161ak to posledn\u00e9 k \u010domu na\u0161a defenz\u00edva pustila s\u00fapera. Po\u010das cel\u00e9ho z\u00e1pasu sme si v\u00fdborne prep\u00fa\u0161\u0165ali hr\u00e1\u010dov, vyhr\u00e1vali sme s\u00faboje a najm\u00e4 som r\u00e1d, \u017ee sme ove\u013ea zlep\u0161ili komunik\u00e1ciu. Naopak, v ofenz\u00edve sme nab\u00e1dali na\u0161u stredov\u00fa trojku k neust\u00e1lym rot\u00e1ci\u00e1m a k h\u013eadaniu vo\u013en\u00fdch priestorov nako\u013eko sme tomu venovali po\u010detn\u00fd \u010das v tr\u00e9ningu a te\u0161\u00ed ma, \u017ee im to ide od z\u00e1pasu k z\u00e1pasu lep\u0161ie a \u017ee za\u010d\u00ednaj\u00fa by\u0165 na ihrisku inteligentnej\u0161\u00ed vo svoj prospech. V z\u00e1pase sme si vypracovali dostatok \u0161anc\u00ed, av\u0161ak v ich finaliz\u00e1cii n\u00e1m ch\u00fdba v\u00e4\u010d\u0161\u00ed pokoj a rozvaha. Tak isto m\u00e1lo vyu\u017e\u00edvame stre\u013ebu zo stredn\u00fdch vzdialenost\u00ed a aj v tomto z\u00e1pase sme chceli vyrie\u0161i\u0165 v\u0161etko kr\u00e1tkymi prihr\u00e1vkami a to niekedy zbyto\u010dne. Celkovo som v\u0161ak s v\u00fdkonom spokojn\u00fd, z\u00e1pas mal vysok\u00e9 tempo a hern\u00fd prejav je z na\u0161ej strany ka\u017ed\u00fdm z\u00e1pasom lep\u0161\u00ed.\u201c<\/em><\/strong><\/p>\n\n\n\n<figure class=\"wp-block-image size-large\"><img loading=\"lazy\" decoding=\"async\" width=\"1024\" height=\"768\" src=\"https:\/\/fcspartaktrnava.com\/wp-content\/uploads\/2022\/11\/editor_Image-1-1024x768.jpeg\" alt=\"\" class=\"wp-image-2796\" srcset=\"https:\/\/fcspartaktrnava.com\/wp-content\/uploads\/2022\/11\/editor_Image-1-1024x768.jpeg 1024w, https:\/\/fcspartaktrnava.com\/wp-content\/uploads\/2022\/11\/editor_Image-1-300x225.jpeg 300w, https:\/\/fcspartaktrnava.com\/wp-content\/uploads\/2022\/11\/editor_Image-1-768x576.jpeg 768w, https:\/\/fcspartaktrnava.com\/wp-content\/uploads\/2022\/11\/editor_Image-1-1536x1152.jpeg 1536w, https:\/\/fcspartaktrnava.com\/wp-content\/uploads\/2022\/11\/editor_Image-1-16x12.jpeg 16w, https:\/\/fcspartaktrnava.com\/wp-content\/uploads\/2022\/11\/editor_Image-1.jpeg 1639w\" sizes=\"auto, (max-width: 1024px) 100vw, 1024px\" \/><\/figure>\n\n\n\n<p><strong>FC Petr\u017ealka U12 \u2013 FC Spartak Trnava U12 2:15 (0:4)<\/strong><\/p>\n\n\n\n<p>V poslednom \u017eiackom z\u00e1pase potvrdili na\u0161i hr\u00e1\u010di rolu favorita a zv\u00ed\u0165azili vysoko 15:2. Spo\u010diatku to na vysok\u00fd triumf nevyzeralo, preto\u017ee prv\u00fd pol\u010das skon\u010dil len 4:0. V z\u00e1pase strelecky explodoval Mar\u010di\u0161 so \u0161iestimi g\u00f3lmi.<\/p>\n\n\n\n<p><strong>FCST U12:&nbsp;<\/strong>Trebatick\u00fd, Hamb\u00e1lek, Krchn\u00e1k \u2013 Poliak, Mikulec, Rep\u00e1\u0148, Podolin\u010diak, Pol\u00e1\u010dek, \u0160matl\u00e1nek, Lto m\u00e1\u0161 lanaj, Kohutovi\u010d, Miklovi\u010d, G\u00e1l, Fojta, Mar\u010di\u0161, Vir\u00e1g, Dzielava, Urdzik, Kuku\u010dka<\/p>\n\n\n\n<p><strong>Goals:&nbsp;<\/strong>6x Mar\u010di\u0161, 2x Kuku\u010dka, Poliak, Pol\u00e1\u010dek, Vir\u00e1g, Kohutovi\u010d, Fojta, Dzielava, G\u00e1l<\/p>\n\n\n\n<p><strong>Filip N\u00e1dask\u00fd: <em>\u201eCez v\u00edkend n\u00e1m ch\u00fdbalo 7 hr\u00e1\u010dov, a tak n\u00e1m pri\u0161lo pom\u00f4c\u0165 kvarteto hr\u00e1\u010dov z kateg\u00f3rie U11. Na ihrisku v\u0161ak vekov\u00fd rozdiel nebolo vidie\u0165. Mu\u017estvo podalo najlep\u0161\u00ed v\u00fdkon v prebiehaj\u00facej sez\u00f3ne. Od za\u010diatku a\u017e po koniec z\u00e1pasu sme s\u00fapera prehr\u00e1vali vo v\u0161etk\u00fdch f\u00e1zach hry, chalani hrali vo vysokom tempe, taktick\u00e9 veci, ktor\u00e9 sme si pred z\u00e1pasom rozobrali, plnili chalani na sto percent. V z\u00e1pase bolo vidie\u0165 v\u0161etko to, \u010do od chalanov o\u010dak\u00e1vam. Nezost\u00e1va mi ni\u010d in\u00e9 len v\u0161etk\u00fdm hr\u00e1\u010dom spolo\u010dne s t\u00fdmi z mlad\u0161ej kateg\u00f3rie po\u010fakova\u0165 za v\u00fdkon a ver\u00edm, \u017ee sa budeme takouto hrou prezentova\u0165 aj v \u010fal\u0161\u00edch z\u00e1pasoch.\u201c<\/em><\/strong><\/p>\n\n\n\n<p><strong>GFC Topo\u013e\u010dany WA \u2013 FC Spartak Trnava WA 0:0<\/strong><\/p>\n\n\n\n<p>Z ne\u017enej\u0161ieho pohlavia nast\u00fapili na ligov\u00fd z\u00e1pas len \u017eeny, ktor\u00e9 uhrali v Topo\u013e\u010danoch iba bezg\u00f3lov\u00fa rem\u00edzu. Diev\u010densk\u00e9 ml\u00e1de\u017en\u00edcke t\u00edmy nehrali kv\u00f4li reprezenta\u010dnej prest\u00e1vke, ktorej s\u00fa\u010das\u0165ou s\u00fa aj na\u0161e futbalistky. Farby na\u0161ej krajiny do 17 rokov h\u00e1ja Trnav\u010danky \u017digov\u00e1, Marti\u0161kov\u00e1, Belicov\u00e1, Horv\u00e1thov\u00e1 a Serv\u00e1tkov\u00e1. \u017dia\u010dky absolvovali medzin\u00e1rodn\u00fd turnaj v Po\u013esku, o ktorom v\u00e1m e\u0161te prinesieme podrobn\u00e9 inform\u00e1cie.<\/p>\n\n\n\n<p><strong>FCST WA:&nbsp;<\/strong>\u010cerv\u00edkov\u00e1 \u2013 \u010coknayov\u00e1, \u010ceriov\u00e1, Randov\u00e1, Kone\u010dn\u00e1, Trajl\u00ednkov\u00e1, G\u00e1likov\u00e1, Bederkov\u00e1, Mudr\u00e1kov\u00e1, Eckerov\u00e1, Ty\u010diakov\u00e1<\/p>\n\n\n\n<p><strong>2 \u017dK:&nbsp;<\/strong>\u010ceriov\u00e1<\/p>\n\n\n\n<p><strong>Mari\u00e1n Dlob\u00edk: <em>\u201eZ\u00e1pas v Tes\u00e1roch sme chceli a mali zvl\u00e1dnu\u0165 za tri body. St\u00e1le nem\u00e1me k dispoz\u00edcii kompletn\u00fd k\u00e1der, tr\u00e9ningov\u00fd proces je nedostato\u010dn\u00fd a v z\u00e1pasoch dost\u00e1vaj\u00fa \u0161ance mlad\u00e9 hr\u00e1\u010dky z WU19. Od \u00favodu sme diktovali tempo a ohrozovali br\u00e1nu dom\u00e1cich hlavne stre\u013ebou zo strednej vzdialenosti. Z\u00e1pas sme mali uzavrie\u0165 v prvom pol\u010dase, nepremenili sme viacer\u00e9 \u0161ance a druh\u00fd pol\u010das bol sk\u00f4r boj s hlavn\u00fdm rozhodcom. Ten n\u00e1s k ni\u010domu nepustil, pri\u0161li sme o vyl\u00fa\u010den\u00fa kapit\u00e1nku \u010ceriov\u00fa a berieme nakoniec aspo\u0148 bod. Vo \u0161tvrtok n\u00e1s \u010dak\u00e1 n\u00e1ro\u010dn\u00fd poh\u00e1rov\u00fd z\u00e1pas, pevne ver\u00edm, \u017ee na\u0161a zostava a v\u00fdkon sa kone\u010dne pribl\u00ed\u017eia k na\u0161im predstav\u00e1m.\u201c<\/em><\/strong><\/p>","protected":false},"excerpt":{"rendered":"<p>FC Spartak Trnava U19 \u2013 MFK Zempl\u00edn Michalovce&#8230;<\/p>","protected":false},"author":2,"featured_media":2794,"comment_status":"closed","ping_status":"closed","sticky":false,"template":"","format":"standard","meta":{"footnotes":""},"categories":[12],"tags":[],"class_list":["post-2793","post","type-post","status-publish","format-standard","has-post-thumbnail","hentry","category-spravy","post-number-1"],"yoast_head":"<!-- This site is optimized with the Yoast SEO plugin v27.1.1 - https:\/\/yoast.com\/product\/yoast-seo-wordpress\/ -->\n<title>Ml\u00e1de\u017en\u00edcke z\u00e1pasy u\u017e v piatok, takmer v\u0161etci bez prehry - FC Spartak Trnava<\/title>\n<meta name=\"robots\" content=\"index, follow, max-snippet:-1, max-image-preview:large, max-video-preview:-1\" \/>\n<link rel=\"canonical\" href=\"https:\/\/fcspartaktrnava.com\/en\/mladeznicke-zapasy-uz-v-piatok-vsetci-bez-prehry\/\" \/>\n<meta name=\"twitter:label1\" content=\"Written by\" \/>\n\t<meta name=\"twitter:data1\" content=\"spartak\" \/>\n\t<meta name=\"twitter:label2\" content=\"Estimated reading time\" \/>\n\t<meta name=\"twitter:data2\" content=\"10 minutes\" \/>\n<script type=\"application\/ld+json\" class=\"yoast-schema-graph\">{\"@context\":\"https:\/\/schema.org\",\"@graph\":[{\"@type\":\"Article\",\"@id\":\"https:\/\/fcspartaktrnava.com\/en\/mladeznicke-zapasy-uz-v-piatok-vsetci-bez-prehry\/#article\",\"isPartOf\":{\"@id\":\"https:\/\/fcspartaktrnava.com\/en\/mladeznicke-zapasy-uz-v-piatok-vsetci-bez-prehry\/\"},\"author\":{\"name\":\"spartak\",\"@id\":\"https:\/\/fcspartaktrnava.com\/#\/schema\/person\/24bc5b254af14f71d7d8af178790aa75\"},\"headline\":\"Ml\u00e1de\u017en\u00edcke z\u00e1pasy u\u017e v piatok, takmer v\u0161etci bez prehry\",\"datePublished\":\"2022-11-02T08:35:06+00:00\",\"dateModified\":\"2022-11-02T09:05:25+00:00\",\"mainEntityOfPage\":{\"@id\":\"https:\/\/fcspartaktrnava.com\/en\/mladeznicke-zapasy-uz-v-piatok-vsetci-bez-prehry\/\"},\"wordCount\":1979,\"publisher\":{\"@id\":\"https:\/\/fcspartaktrnava.com\/#organization\"},\"image\":{\"@id\":\"https:\/\/fcspartaktrnava.com\/en\/mladeznicke-zapasy-uz-v-piatok-vsetci-bez-prehry\/#primaryimage\"},\"thumbnailUrl\":\"https:\/\/fcspartaktrnava.com\/wp-content\/uploads\/2022\/11\/mladez211.jpg\",\"articleSection\":[\"Spr\u00e1vy\"],\"inLanguage\":\"en-GB\"},{\"@type\":\"WebPage\",\"@id\":\"https:\/\/fcspartaktrnava.com\/en\/mladeznicke-zapasy-uz-v-piatok-vsetci-bez-prehry\/\",\"url\":\"https:\/\/fcspartaktrnava.com\/en\/mladeznicke-zapasy-uz-v-piatok-vsetci-bez-prehry\/\",\"name\":\"Ml\u00e1de\u017en\u00edcke z\u00e1pasy u\u017e v piatok, takmer v\u0161etci bez prehry - FC Spartak Trnava\",\"isPartOf\":{\"@id\":\"https:\/\/fcspartaktrnava.com\/#website\"},\"primaryImageOfPage\":{\"@id\":\"https:\/\/fcspartaktrnava.com\/en\/mladeznicke-zapasy-uz-v-piatok-vsetci-bez-prehry\/#primaryimage\"},\"image\":{\"@id\":\"https:\/\/fcspartaktrnava.com\/en\/mladeznicke-zapasy-uz-v-piatok-vsetci-bez-prehry\/#primaryimage\"},\"thumbnailUrl\":\"https:\/\/fcspartaktrnava.com\/wp-content\/uploads\/2022\/11\/mladez211.jpg\",\"datePublished\":\"2022-11-02T08:35:06+00:00\",\"dateModified\":\"2022-11-02T09:05:25+00:00\",\"breadcrumb\":{\"@id\":\"https:\/\/fcspartaktrnava.com\/en\/mladeznicke-zapasy-uz-v-piatok-vsetci-bez-prehry\/#breadcrumb\"},\"inLanguage\":\"en-GB\",\"potentialAction\":[{\"@type\":\"ReadAction\",\"target\":[\"https:\/\/fcspartaktrnava.com\/en\/mladeznicke-zapasy-uz-v-piatok-vsetci-bez-prehry\/\"]}]},{\"@type\":\"ImageObject\",\"inLanguage\":\"en-GB\",\"@id\":\"https:\/\/fcspartaktrnava.com\/en\/mladeznicke-zapasy-uz-v-piatok-vsetci-bez-prehry\/#primaryimage\",\"url\":\"https:\/\/fcspartaktrnava.com\/wp-content\/uploads\/2022\/11\/mladez211.jpg\",\"contentUrl\":\"https:\/\/fcspartaktrnava.com\/wp-content\/uploads\/2022\/11\/mladez211.jpg\",\"width\":1300,\"height\":555},{\"@type\":\"BreadcrumbList\",\"@id\":\"https:\/\/fcspartaktrnava.com\/en\/mladeznicke-zapasy-uz-v-piatok-vsetci-bez-prehry\/#breadcrumb\",\"itemListElement\":[{\"@type\":\"ListItem\",\"position\":1,\"name\":\"Home\",\"item\":\"https:\/\/fcspartaktrnava.com\/\"},{\"@type\":\"ListItem\",\"position\":2,\"name\":\"Ml\u00e1de\u017en\u00edcke z\u00e1pasy u\u017e v piatok, takmer v\u0161etci bez prehry\"}]},{\"@type\":\"WebSite\",\"@id\":\"https:\/\/fcspartaktrnava.com\/#website\",\"url\":\"https:\/\/fcspartaktrnava.com\/\",\"name\":\"FC Spartak Trnava\",\"description\":\"ofici\u00e1lna webstr\u00e1nka futbalov\u00e9ho klubu\",\"publisher\":{\"@id\":\"https:\/\/fcspartaktrnava.com\/#organization\"},\"potentialAction\":[{\"@type\":\"SearchAction\",\"target\":{\"@type\":\"EntryPoint\",\"urlTemplate\":\"https:\/\/fcspartaktrnava.com\/?s={search_term_string}\"},\"query-input\":{\"@type\":\"PropertyValueSpecification\",\"valueRequired\":true,\"valueName\":\"search_term_string\"}}],\"inLanguage\":\"en-GB\"},{\"@type\":\"Organization\",\"@id\":\"https:\/\/fcspartaktrnava.com\/#organization\",\"name\":\"FC Spartak Trnava\",\"alternateName\":\"Spartak\",\"url\":\"https:\/\/fcspartaktrnava.com\/\",\"logo\":{\"@type\":\"ImageObject\",\"inLanguage\":\"en-GB\",\"@id\":\"https:\/\/fcspartaktrnava.com\/#\/schema\/logo\/image\/\",\"url\":\"https:\/\/fcspartaktrnava.com\/wp-content\/uploads\/2022\/08\/cropped-site_logo.png\",\"contentUrl\":\"https:\/\/fcspartaktrnava.com\/wp-content\/uploads\/2022\/08\/cropped-site_logo.png\",\"width\":140,\"height\":140,\"caption\":\"FC Spartak Trnava\"},\"image\":{\"@id\":\"https:\/\/fcspartaktrnava.com\/#\/schema\/logo\/image\/\"},\"sameAs\":[\"https:\/\/www.facebook.com\/SpartakTrnava\",\"https:\/\/x.com\/SpartakTrnava1\",\"https:\/\/www.instagram.com\/spartak_sk\/\"]},{\"@type\":\"Person\",\"@id\":\"https:\/\/fcspartaktrnava.com\/#\/schema\/person\/24bc5b254af14f71d7d8af178790aa75\",\"name\":\"spartak\",\"image\":{\"@type\":\"ImageObject\",\"inLanguage\":\"en-GB\",\"@id\":\"https:\/\/fcspartaktrnava.com\/#\/schema\/person\/image\/\",\"url\":\"https:\/\/secure.gravatar.com\/avatar\/f8ff8584f3fcf3909a11a6da9019f37749183b4015bca14e64556c52614cdc7f?s=96&d=mm&r=g\",\"contentUrl\":\"https:\/\/secure.gravatar.com\/avatar\/f8ff8584f3fcf3909a11a6da9019f37749183b4015bca14e64556c52614cdc7f?s=96&d=mm&r=g\",\"caption\":\"spartak\"},\"url\":\"https:\/\/fcspartaktrnava.com\/en\/author\/spartak\/\"}]}<\/script>\n<!-- \/ Yoast SEO plugin. -->","yoast_head_json":{"title":"Ml\u00e1de\u017en\u00edcke z\u00e1pasy u\u017e v piatok, takmer v\u0161etci bez prehry - FC Spartak Trnava","robots":{"index":"index","follow":"follow","max-snippet":"max-snippet:-1","max-image-preview":"max-image-preview:large","max-video-preview":"max-video-preview:-1"},"canonical":"https:\/\/fcspartaktrnava.com\/en\/mladeznicke-zapasy-uz-v-piatok-vsetci-bez-prehry\/","twitter_misc":{"Written by":"spartak","Estimated reading time":"10 minutes"},"schema":{"@context":"https:\/\/schema.org","@graph":[{"@type":"Article","@id":"https:\/\/fcspartaktrnava.com\/en\/mladeznicke-zapasy-uz-v-piatok-vsetci-bez-prehry\/#article","isPartOf":{"@id":"https:\/\/fcspartaktrnava.com\/en\/mladeznicke-zapasy-uz-v-piatok-vsetci-bez-prehry\/"},"author":{"name":"spartak","@id":"https:\/\/fcspartaktrnava.com\/#\/schema\/person\/24bc5b254af14f71d7d8af178790aa75"},"headline":"Ml\u00e1de\u017en\u00edcke z\u00e1pasy u\u017e v piatok, takmer v\u0161etci bez prehry","datePublished":"2022-11-02T08:35:06+00:00","dateModified":"2022-11-02T09:05:25+00:00","mainEntityOfPage":{"@id":"https:\/\/fcspartaktrnava.com\/en\/mladeznicke-zapasy-uz-v-piatok-vsetci-bez-prehry\/"},"wordCount":1979,"publisher":{"@id":"https:\/\/fcspartaktrnava.com\/#organization"},"image":{"@id":"https:\/\/fcspartaktrnava.com\/en\/mladeznicke-zapasy-uz-v-piatok-vsetci-bez-prehry\/#primaryimage"},"thumbnailUrl":"https:\/\/fcspartaktrnava.com\/wp-content\/uploads\/2022\/11\/mladez211.jpg","articleSection":["Spr\u00e1vy"],"inLanguage":"en-GB"},{"@type":"WebPage","@id":"https:\/\/fcspartaktrnava.com\/en\/mladeznicke-zapasy-uz-v-piatok-vsetci-bez-prehry\/","url":"https:\/\/fcspartaktrnava.com\/en\/mladeznicke-zapasy-uz-v-piatok-vsetci-bez-prehry\/","name":"Ml\u00e1de\u017en\u00edcke z\u00e1pasy u\u017e v piatok, takmer v\u0161etci bez prehry - FC Spartak Trnava","isPartOf":{"@id":"https:\/\/fcspartaktrnava.com\/#website"},"primaryImageOfPage":{"@id":"https:\/\/fcspartaktrnava.com\/en\/mladeznicke-zapasy-uz-v-piatok-vsetci-bez-prehry\/#primaryimage"},"image":{"@id":"https:\/\/fcspartaktrnava.com\/en\/mladeznicke-zapasy-uz-v-piatok-vsetci-bez-prehry\/#primaryimage"},"thumbnailUrl":"https:\/\/fcspartaktrnava.com\/wp-content\/uploads\/2022\/11\/mladez211.jpg","datePublished":"2022-11-02T08:35:06+00:00","dateModified":"2022-11-02T09:05:25+00:00","breadcrumb":{"@id":"https:\/\/fcspartaktrnava.com\/en\/mladeznicke-zapasy-uz-v-piatok-vsetci-bez-prehry\/#breadcrumb"},"inLanguage":"en-GB","potentialAction":[{"@type":"ReadAction","target":["https:\/\/fcspartaktrnava.com\/en\/mladeznicke-zapasy-uz-v-piatok-vsetci-bez-prehry\/"]}]},{"@type":"ImageObject","inLanguage":"en-GB","@id":"https:\/\/fcspartaktrnava.com\/en\/mladeznicke-zapasy-uz-v-piatok-vsetci-bez-prehry\/#primaryimage","url":"https:\/\/fcspartaktrnava.com\/wp-content\/uploads\/2022\/11\/mladez211.jpg","contentUrl":"https:\/\/fcspartaktrnava.com\/wp-content\/uploads\/2022\/11\/mladez211.jpg","width":1300,"height":555},{"@type":"BreadcrumbList","@id":"https:\/\/fcspartaktrnava.com\/en\/mladeznicke-zapasy-uz-v-piatok-vsetci-bez-prehry\/#breadcrumb","itemListElement":[{"@type":"ListItem","position":1,"name":"Home","item":"https:\/\/fcspartaktrnava.com\/"},{"@type":"ListItem","position":2,"name":"Ml\u00e1de\u017en\u00edcke z\u00e1pasy u\u017e v piatok, takmer v\u0161etci bez prehry"}]},{"@type":"WebSite","@id":"https:\/\/fcspartaktrnava.com\/#website","url":"https:\/\/fcspartaktrnava.com\/","name":"FC Spartak Trnava","description":"ofici\u00e1lna webstr\u00e1nka futbalov\u00e9ho klubu","publisher":{"@id":"https:\/\/fcspartaktrnava.com\/#organization"},"potentialAction":[{"@type":"SearchAction","target":{"@type":"EntryPoint","urlTemplate":"https:\/\/fcspartaktrnava.com\/?s={search_term_string}"},"query-input":{"@type":"PropertyValueSpecification","valueRequired":true,"valueName":"search_term_string"}}],"inLanguage":"en-GB"},{"@type":"Organization","@id":"https:\/\/fcspartaktrnava.com\/#organization","name":"FC Spartak Trnava","alternateName":"Spartak","url":"https:\/\/fcspartaktrnava.com\/","logo":{"@type":"ImageObject","inLanguage":"en-GB","@id":"https:\/\/fcspartaktrnava.com\/#\/schema\/logo\/image\/","url":"https:\/\/fcspartaktrnava.com\/wp-content\/uploads\/2022\/08\/cropped-site_logo.png","contentUrl":"https:\/\/fcspartaktrnava.com\/wp-content\/uploads\/2022\/08\/cropped-site_logo.png","width":140,"height":140,"caption":"FC Spartak Trnava"},"image":{"@id":"https:\/\/fcspartaktrnava.com\/#\/schema\/logo\/image\/"},"sameAs":["https:\/\/www.facebook.com\/SpartakTrnava","https:\/\/x.com\/SpartakTrnava1","https:\/\/www.instagram.com\/spartak_sk\/"]},{"@type":"Person","@id":"https:\/\/fcspartaktrnava.com\/#\/schema\/person\/24bc5b254af14f71d7d8af178790aa75","name":"spartak","image":{"@type":"ImageObject","inLanguage":"en-GB","@id":"https:\/\/fcspartaktrnava.com\/#\/schema\/person\/image\/","url":"https:\/\/secure.gravatar.com\/avatar\/f8ff8584f3fcf3909a11a6da9019f37749183b4015bca14e64556c52614cdc7f?s=96&d=mm&r=g","contentUrl":"https:\/\/secure.gravatar.com\/avatar\/f8ff8584f3fcf3909a11a6da9019f37749183b4015bca14e64556c52614cdc7f?s=96&d=mm&r=g","caption":"spartak"},"url":"https:\/\/fcspartaktrnava.com\/en\/author\/spartak\/"}]}},"_links":{"self":[{"href":"https:\/\/fcspartaktrnava.com\/en\/wp-json\/wp\/v2\/posts\/2793","targetHints":{"allow":["GET"]}}],"collection":[{"href":"https:\/\/fcspartaktrnava.com\/en\/wp-json\/wp\/v2\/posts"}],"about":[{"href":"https:\/\/fcspartaktrnava.com\/en\/wp-json\/wp\/v2\/types\/post"}],"author":[{"embeddable":true,"href":"https:\/\/fcspartaktrnava.com\/en\/wp-json\/wp\/v2\/users\/2"}],"replies":[{"embeddable":true,"href":"https:\/\/fcspartaktrnava.com\/en\/wp-json\/wp\/v2\/comments?post=2793"}],"version-history":[{"count":0,"href":"https:\/\/fcspartaktrnava.com\/en\/wp-json\/wp\/v2\/posts\/2793\/revisions"}],"wp:featuredmedia":[{"embeddable":true,"href":"https:\/\/fcspartaktrnava.com\/en\/wp-json\/wp\/v2\/media\/2794"}],"wp:attachment":[{"href":"https:\/\/fcspartaktrnava.com\/en\/wp-json\/wp\/v2\/media?parent=2793"}],"wp:term":[{"taxonomy":"category","embeddable":true,"href":"https:\/\/fcspartaktrnava.com\/en\/wp-json\/wp\/v2\/categories?post=2793"},{"taxonomy":"post_tag","embeddable":true,"href":"https:\/\/fcspartaktrnava.com\/en\/wp-json\/wp\/v2\/tags?post=2793"}],"curies":[{"name":"wp","href":"https:\/\/api.w.org\/{rel}","templated":true}]}}