{"id":27516,"date":"2025-05-02T14:59:26","date_gmt":"2025-05-02T12:59:26","guid":{"rendered":"https:\/\/fcspartaktrnava.com\/?p=27516"},"modified":"2025-05-02T19:11:20","modified_gmt":"2025-05-02T17:11:20","slug":"video-vitazne-ohlasy-a-emocie-radosti","status":"publish","type":"post","link":"https:\/\/fcspartaktrnava.com\/en\/video-vitazne-ohlasy-a-emocie-radosti\/","title":{"rendered":"VIDEO: V\u00ed\u0165azn\u00e9 ohlasy a em\u00f3cie radosti"},"content":{"rendered":"<p class=\"has-text-align-center has-medium-font-size\">1. m\u00e1j 2025 sa zap\u00edsal do klubovej kroniky zlat\u00fdmi p\u00edsmenami! Zisk celkov\u00e9ho deviateho Slovensk\u00e9ho poh\u00e1ra v hist\u00f3rii Spartaka po v\u00fdhre 1:0 nad Ru\u017eomberkom a vydaren\u00e1 fin\u00e1lov\u00e1 odveta.<\/p>\n\n\n\n<p class=\"has-text-align-center has-medium-font-size\"><strong>Zaplnen\u00e9 trib\u00fany, choreo, povzbudzovanie e\u0161te pred v\u00fdkopom z\u00e1pasu, zimomriavky, nepremenen\u00e1 penalta s\u00fapera, v\u00ed\u0165azn\u00e9 konfety, \u0161ampansk\u00e9 a neskuto\u010dn\u00e9 em\u00f3cie celej \u010derveno-\u010d\u00edrnej RODZINY! <\/strong><\/p>\n\n\n\n<p class=\"has-text-align-center has-medium-font-size\">V\u010faka v\u00fdhre v poh\u00e1ri sme si zabezpe\u010dili mo\u017enos\u0165 zabojova\u0165 o eur\u00f3pske s\u00fa\u0165a\u017ee a mo\u017enos\u0165 dosta\u0165 sa do skupiny Eur\u00f3pskej ligy. Strelcom v\u00ed\u0165azn\u00e9ho g\u00f3lu bol Erik Daniel, ktor\u00fd je z\u00e1rove\u0148 rekord\u00e9rom v po\u010dte odohran\u00fdch z\u00e1pasov v slovenskej poh\u00e1rovej s\u00fa\u0165a\u017ei. Aktu\u00e1lne m\u00e1 na konte u\u017e 48 z\u00e1pasov! Pre kanoniera Michala \u010euri\u0161a ide o zisk prvej slovenskej poh\u00e1rovej trofeje!<\/p>\n\n\n<div class=\"wp-block-image\">\n<figure class=\"aligncenter size-large\"><img loading=\"lazy\" decoding=\"async\" width=\"1024\" height=\"681\" src=\"https:\/\/fcspartaktrnava.com\/wp-content\/uploads\/2025\/05\/304-1024x681.jpg\" alt=\"\" class=\"wp-image-27822\" srcset=\"https:\/\/fcspartaktrnava.com\/wp-content\/uploads\/2025\/05\/304-1024x681.jpg 1024w, https:\/\/fcspartaktrnava.com\/wp-content\/uploads\/2025\/05\/304-300x200.jpg 300w, https:\/\/fcspartaktrnava.com\/wp-content\/uploads\/2025\/05\/304-768x511.jpg 768w, https:\/\/fcspartaktrnava.com\/wp-content\/uploads\/2025\/05\/304-1536x1022.jpg 1536w, https:\/\/fcspartaktrnava.com\/wp-content\/uploads\/2025\/05\/304-2048x1363.jpg 2048w, https:\/\/fcspartaktrnava.com\/wp-content\/uploads\/2025\/05\/304-18x12.jpg 18w\" sizes=\"auto, (max-width: 1024px) 100vw, 1024px\" \/><\/figure>\n<\/div>\n\n\n<hr class=\"wp-block-separator has-alpha-channel-opacity\"\/>\n\n\n\n<p class=\"has-text-align-center has-luminous-vivid-amber-background-color has-background has-medium-font-size\"><strong>Pozrite si poz\u00e1pasov\u00e9 rozhovory a vyjadrenia tr\u00e9nera Michala Ga\u0161par\u00edka, Martina \u0160krtela a \u017digu Freliha. <\/strong><\/p>\n\n\n\n<figure class=\"wp-block-embed aligncenter is-type-video is-provider-youtube wp-block-embed-youtube wp-embed-aspect-16-9 wp-has-aspect-ratio\"><div class=\"wp-block-embed__wrapper\">\n<iframe loading=\"lazy\" title=\"Michal Ga\u0161par\u00edk po v\u00ed\u0165azstve v poh\u00e1ri\" width=\"500\" height=\"281\" src=\"https:\/\/www.youtube.com\/embed\/lK6RBJAyJOU?feature=oembed&#038;enablejsapi=1&#038;origin=https:\/\/fcspartaktrnava.com\" frameborder=\"0\" allow=\"accelerometer; autoplay; clipboard-write; encrypted-media; gyroscope; picture-in-picture; web-share\" referrerpolicy=\"strict-origin-when-cross-origin\" allowfullscreen><\/iframe>\n<\/div><\/figure>\n\n\n\n<p><\/p>\n\n\n\n<figure class=\"wp-block-embed aligncenter is-type-video is-provider-youtube wp-block-embed-youtube wp-embed-aspect-16-9 wp-has-aspect-ratio\"><div class=\"wp-block-embed__wrapper\">\n<iframe loading=\"lazy\" title=\"Martin \u0160krtel po v\u00ed\u0165azstve v poh\u00e1ri\" width=\"500\" height=\"281\" src=\"https:\/\/www.youtube.com\/embed\/nA4hp958URI?feature=oembed&#038;enablejsapi=1&#038;origin=https:\/\/fcspartaktrnava.com\" frameborder=\"0\" allow=\"accelerometer; autoplay; clipboard-write; encrypted-media; gyroscope; picture-in-picture; web-share\" referrerpolicy=\"strict-origin-when-cross-origin\" allowfullscreen><\/iframe>\n<\/div><\/figure>\n\n\n\n<p><\/p>\n\n\n\n<figure class=\"wp-block-embed aligncenter is-type-video is-provider-youtube wp-block-embed-youtube wp-embed-aspect-16-9 wp-has-aspect-ratio\"><div class=\"wp-block-embed__wrapper\">\n<iframe loading=\"lazy\" title=\"\u017diga Frelih po v\u00ed\u0165azstve v poh\u00e1ri\" width=\"500\" height=\"281\" src=\"https:\/\/www.youtube.com\/embed\/htOxWo8sKPw?feature=oembed&#038;enablejsapi=1&#038;origin=https:\/\/fcspartaktrnava.com\" frameborder=\"0\" allow=\"accelerometer; autoplay; clipboard-write; encrypted-media; gyroscope; picture-in-picture; web-share\" referrerpolicy=\"strict-origin-when-cross-origin\" allowfullscreen><\/iframe>\n<\/div><\/figure>\n\n\n\n<p><\/p>\n\n\n<div class=\"wp-block-image\">\n<figure class=\"aligncenter size-large\"><img loading=\"lazy\" decoding=\"async\" width=\"1024\" height=\"684\" src=\"https:\/\/fcspartaktrnava.com\/wp-content\/uploads\/2025\/05\/163-1024x684.jpg\" alt=\"\" class=\"wp-image-27517\" srcset=\"https:\/\/fcspartaktrnava.com\/wp-content\/uploads\/2025\/05\/163-1024x684.jpg 1024w, https:\/\/fcspartaktrnava.com\/wp-content\/uploads\/2025\/05\/163-300x200.jpg 300w, https:\/\/fcspartaktrnava.com\/wp-content\/uploads\/2025\/05\/163-768x513.jpg 768w, https:\/\/fcspartaktrnava.com\/wp-content\/uploads\/2025\/05\/163-1536x1025.jpg 1536w, https:\/\/fcspartaktrnava.com\/wp-content\/uploads\/2025\/05\/163-2048x1367.jpg 2048w, https:\/\/fcspartaktrnava.com\/wp-content\/uploads\/2025\/05\/163-18x12.jpg 18w\" sizes=\"auto, (max-width: 1024px) 100vw, 1024px\" \/><\/figure>\n<\/div>\n\n\n<figure class=\"wp-block-image size-large\"><img loading=\"lazy\" decoding=\"async\" width=\"1024\" height=\"683\" src=\"https:\/\/fcspartaktrnava.com\/wp-content\/uploads\/2025\/05\/DSC_1083-1024x683.jpg\" alt=\"\" class=\"wp-image-27519\" srcset=\"https:\/\/fcspartaktrnava.com\/wp-content\/uploads\/2025\/05\/DSC_1083-1024x683.jpg 1024w, https:\/\/fcspartaktrnava.com\/wp-content\/uploads\/2025\/05\/DSC_1083-300x200.jpg 300w, https:\/\/fcspartaktrnava.com\/wp-content\/uploads\/2025\/05\/DSC_1083-768x512.jpg 768w, https:\/\/fcspartaktrnava.com\/wp-content\/uploads\/2025\/05\/DSC_1083-1536x1024.jpg 1536w, https:\/\/fcspartaktrnava.com\/wp-content\/uploads\/2025\/05\/DSC_1083-2048x1365.jpg 2048w, https:\/\/fcspartaktrnava.com\/wp-content\/uploads\/2025\/05\/DSC_1083-18x12.jpg 18w\" sizes=\"auto, (max-width: 1024px) 100vw, 1024px\" \/><\/figure>\n\n\n\n<hr class=\"wp-block-separator has-alpha-channel-opacity\"\/>\n\n\n\n<p class=\"has-text-align-center has-luminous-vivid-amber-color has-white-background-color has-text-color has-background has-link-color has-medium-font-size wp-elements-f19b1503f7ab5f3650a1ad35411dedfd\"><strong><a href=\"https:\/\/www.flickr.com\/photos\/202208455@N08\/albums\/72177720325792805\">FOTOGRAFIE Z FIN\u00c1LE N\u00c1JDETE NA NA\u0160OM FLICKRI.<\/a><\/strong><\/p>\n\n\n\n<hr class=\"wp-block-separator has-alpha-channel-opacity\"\/>\n\n\n\n<p class=\"has-text-align-center has-medium-font-size\"><strong>\u0160peci\u00e1lna a origin\u00e1lna kolekcia fin\u00e1lov\u00fdch dresov je u\u017e v ponuke na FCSTORE.sk. <\/strong><\/p>\n\n\n\n<p class=\"has-text-align-center has-medium-font-size\"><strong>Rovnako s\u00fa v ponuke aj v\u00ed\u0165azn\u00e9 <a href=\"https:\/\/fcstore.sk\/produkt\/vitazne-tricko-slovnaft-cup-24-25-cierno-zlate\/\">tri\u010dk\u00e1.<\/a><\/strong><\/p>\n\n\n<div class=\"wp-block-image\">\n<figure class=\"aligncenter size-large is-resized\"><a href=\"https:\/\/fcstore.sk\/produkt\/cierno-zlaty-vitazny-dres-slovnaft-cup-24-25-limitovana-edicia\/\"><img loading=\"lazy\" decoding=\"async\" width=\"819\" height=\"1024\" src=\"https:\/\/fcspartaktrnava.com\/wp-content\/uploads\/2025\/05\/31-819x1024.jpg\" alt=\"\" class=\"wp-image-27534\" style=\"width:600px\" srcset=\"https:\/\/fcspartaktrnava.com\/wp-content\/uploads\/2025\/05\/31-819x1024.jpg 819w, https:\/\/fcspartaktrnava.com\/wp-content\/uploads\/2025\/05\/31-240x300.jpg 240w, https:\/\/fcspartaktrnava.com\/wp-content\/uploads\/2025\/05\/31-768x960.jpg 768w, https:\/\/fcspartaktrnava.com\/wp-content\/uploads\/2025\/05\/31-1229x1536.jpg 1229w, https:\/\/fcspartaktrnava.com\/wp-content\/uploads\/2025\/05\/31-1638x2048.jpg 1638w, https:\/\/fcspartaktrnava.com\/wp-content\/uploads\/2025\/05\/31-10x12.jpg 10w, https:\/\/fcspartaktrnava.com\/wp-content\/uploads\/2025\/05\/31.jpg 1728w\" sizes=\"auto, (max-width: 819px) 100vw, 819px\" \/><\/a><\/figure>\n<\/div>\n\n\n<hr class=\"wp-block-separator has-text-color has-luminous-vivid-amber-color has-alpha-channel-opacity has-luminous-vivid-amber-background-color has-background\"\/>\n\n\n\n<p class=\"has-text-align-center has-medium-font-size\"><strong>\u010eakujeme za podporu po\u010das celej poh\u00e1rovej cesty. STE SKVEL\u00cd! Zisk Slovensk\u00e9ho poh\u00e1ra spolo\u010dne osl\u00e1vime aj na poslednom z\u00e1pase sez\u00f3ny &#8211; 17. m\u00e1ja proti Podbrezovej!<\/strong><\/p>\n\n\n<div class=\"wp-block-image\">\n<figure class=\"aligncenter size-full\"><img loading=\"lazy\" decoding=\"async\" width=\"960\" height=\"120\" src=\"https:\/\/fcspartaktrnava.com\/wp-content\/uploads\/2025\/04\/web-banner-960x120-3.png\" alt=\"\" class=\"wp-image-27505\" srcset=\"https:\/\/fcspartaktrnava.com\/wp-content\/uploads\/2025\/04\/web-banner-960x120-3.png 960w, https:\/\/fcspartaktrnava.com\/wp-content\/uploads\/2025\/04\/web-banner-960x120-3-300x38.png 300w, https:\/\/fcspartaktrnava.com\/wp-content\/uploads\/2025\/04\/web-banner-960x120-3-768x96.png 768w, https:\/\/fcspartaktrnava.com\/wp-content\/uploads\/2025\/04\/web-banner-960x120-3-18x2.png 18w\" sizes=\"auto, (max-width: 960px) 100vw, 960px\" \/><\/figure>\n<\/div>\n\n\n<p class=\"has-text-align-center has-large-font-size\"><strong>TO MY SME SPARTAK!<\/strong><\/p>\n\n\n\n<p><\/p>","protected":false},"excerpt":{"rendered":"<p>1. m\u00e1j 2025 sa zap\u00edsal do klubovej kroniky&#8230;<\/p>","protected":false},"author":5,"featured_media":27772,"comment_status":"closed","ping_status":"closed","sticky":false,"template":"","format":"standard","meta":{"footnotes":""},"categories":[12],"tags":[],"class_list":["post-27516","post","type-post","status-publish","format-standard","has-post-thumbnail","hentry","category-spravy","post-number-1"],"yoast_head":"<!-- This site is optimized with the Yoast SEO plugin v27.1.1 - https:\/\/yoast.com\/product\/yoast-seo-wordpress\/ -->\n<title>VIDEO: V\u00ed\u0165azn\u00e9 ohlasy a em\u00f3cie radosti - FC Spartak Trnava<\/title>\n<meta name=\"robots\" content=\"index, follow, max-snippet:-1, max-image-preview:large, max-video-preview:-1\" \/>\n<link rel=\"canonical\" href=\"https:\/\/fcspartaktrnava.com\/en\/video-vitazne-ohlasy-a-emocie-radosti\/\" \/>\n<meta name=\"twitter:label1\" content=\"Written by\" \/>\n\t<meta name=\"twitter:data1\" content=\"Samuel \u010eurinsk\u00fd\" \/>\n\t<meta name=\"twitter:label2\" content=\"Estimated reading time\" \/>\n\t<meta name=\"twitter:data2\" content=\"3 minutes\" \/>\n<script type=\"application\/ld+json\" class=\"yoast-schema-graph\">{\"@context\":\"https:\/\/schema.org\",\"@graph\":[{\"@type\":\"Article\",\"@id\":\"https:\/\/fcspartaktrnava.com\/video-vitazne-ohlasy-a-emocie-radosti\/#article\",\"isPartOf\":{\"@id\":\"https:\/\/fcspartaktrnava.com\/video-vitazne-ohlasy-a-emocie-radosti\/\"},\"author\":{\"name\":\"Samuel \u010eurinsk\u00fd\",\"@id\":\"https:\/\/fcspartaktrnava.com\/#\/schema\/person\/62c3c2562c3c56e4c0c8c2342c596ac0\"},\"headline\":\"VIDEO: V\u00ed\u0165azn\u00e9 ohlasy a em\u00f3cie radosti\",\"datePublished\":\"2025-05-02T12:59:26+00:00\",\"dateModified\":\"2025-05-02T17:11:20+00:00\",\"mainEntityOfPage\":{\"@id\":\"https:\/\/fcspartaktrnava.com\/video-vitazne-ohlasy-a-emocie-radosti\/\"},\"wordCount\":268,\"publisher\":{\"@id\":\"https:\/\/fcspartaktrnava.com\/#organization\"},\"image\":{\"@id\":\"https:\/\/fcspartaktrnava.com\/video-vitazne-ohlasy-a-emocie-radosti\/#primaryimage\"},\"thumbnailUrl\":\"https:\/\/fcspartaktrnava.com\/wp-content\/uploads\/2025\/05\/246-1-scaled.jpg\",\"articleSection\":[\"Spr\u00e1vy\"],\"inLanguage\":\"en-GB\"},{\"@type\":\"WebPage\",\"@id\":\"https:\/\/fcspartaktrnava.com\/video-vitazne-ohlasy-a-emocie-radosti\/\",\"url\":\"https:\/\/fcspartaktrnava.com\/video-vitazne-ohlasy-a-emocie-radosti\/\",\"name\":\"VIDEO: V\u00ed\u0165azn\u00e9 ohlasy a em\u00f3cie radosti - FC Spartak Trnava\",\"isPartOf\":{\"@id\":\"https:\/\/fcspartaktrnava.com\/#website\"},\"primaryImageOfPage\":{\"@id\":\"https:\/\/fcspartaktrnava.com\/video-vitazne-ohlasy-a-emocie-radosti\/#primaryimage\"},\"image\":{\"@id\":\"https:\/\/fcspartaktrnava.com\/video-vitazne-ohlasy-a-emocie-radosti\/#primaryimage\"},\"thumbnailUrl\":\"https:\/\/fcspartaktrnava.com\/wp-content\/uploads\/2025\/05\/246-1-scaled.jpg\",\"datePublished\":\"2025-05-02T12:59:26+00:00\",\"dateModified\":\"2025-05-02T17:11:20+00:00\",\"breadcrumb\":{\"@id\":\"https:\/\/fcspartaktrnava.com\/video-vitazne-ohlasy-a-emocie-radosti\/#breadcrumb\"},\"inLanguage\":\"en-GB\",\"potentialAction\":[{\"@type\":\"ReadAction\",\"target\":[\"https:\/\/fcspartaktrnava.com\/video-vitazne-ohlasy-a-emocie-radosti\/\"]}]},{\"@type\":\"ImageObject\",\"inLanguage\":\"en-GB\",\"@id\":\"https:\/\/fcspartaktrnava.com\/video-vitazne-ohlasy-a-emocie-radosti\/#primaryimage\",\"url\":\"https:\/\/fcspartaktrnava.com\/wp-content\/uploads\/2025\/05\/246-1-scaled.jpg\",\"contentUrl\":\"https:\/\/fcspartaktrnava.com\/wp-content\/uploads\/2025\/05\/246-1-scaled.jpg\",\"width\":2560,\"height\":1704},{\"@type\":\"BreadcrumbList\",\"@id\":\"https:\/\/fcspartaktrnava.com\/video-vitazne-ohlasy-a-emocie-radosti\/#breadcrumb\",\"itemListElement\":[{\"@type\":\"ListItem\",\"position\":1,\"name\":\"Home\",\"item\":\"https:\/\/fcspartaktrnava.com\/\"},{\"@type\":\"ListItem\",\"position\":2,\"name\":\"VIDEO: V\u00ed\u0165azn\u00e9 ohlasy a em\u00f3cie radosti\"}]},{\"@type\":\"WebSite\",\"@id\":\"https:\/\/fcspartaktrnava.com\/#website\",\"url\":\"https:\/\/fcspartaktrnava.com\/\",\"name\":\"FC Spartak Trnava\",\"description\":\"ofici\u00e1lna webstr\u00e1nka futbalov\u00e9ho klubu\",\"publisher\":{\"@id\":\"https:\/\/fcspartaktrnava.com\/#organization\"},\"potentialAction\":[{\"@type\":\"SearchAction\",\"target\":{\"@type\":\"EntryPoint\",\"urlTemplate\":\"https:\/\/fcspartaktrnava.com\/?s={search_term_string}\"},\"query-input\":{\"@type\":\"PropertyValueSpecification\",\"valueRequired\":true,\"valueName\":\"search_term_string\"}}],\"inLanguage\":\"en-GB\"},{\"@type\":\"Organization\",\"@id\":\"https:\/\/fcspartaktrnava.com\/#organization\",\"name\":\"FC Spartak Trnava\",\"alternateName\":\"Spartak\",\"url\":\"https:\/\/fcspartaktrnava.com\/\",\"logo\":{\"@type\":\"ImageObject\",\"inLanguage\":\"en-GB\",\"@id\":\"https:\/\/fcspartaktrnava.com\/#\/schema\/logo\/image\/\",\"url\":\"https:\/\/fcspartaktrnava.com\/wp-content\/uploads\/2022\/08\/cropped-site_logo.png\",\"contentUrl\":\"https:\/\/fcspartaktrnava.com\/wp-content\/uploads\/2022\/08\/cropped-site_logo.png\",\"width\":140,\"height\":140,\"caption\":\"FC Spartak Trnava\"},\"image\":{\"@id\":\"https:\/\/fcspartaktrnava.com\/#\/schema\/logo\/image\/\"},\"sameAs\":[\"https:\/\/www.facebook.com\/SpartakTrnava\",\"https:\/\/x.com\/SpartakTrnava1\",\"https:\/\/www.instagram.com\/spartak_sk\/\"]},{\"@type\":\"Person\",\"@id\":\"https:\/\/fcspartaktrnava.com\/#\/schema\/person\/62c3c2562c3c56e4c0c8c2342c596ac0\",\"name\":\"Samuel \u010eurinsk\u00fd\",\"image\":{\"@type\":\"ImageObject\",\"inLanguage\":\"en-GB\",\"@id\":\"https:\/\/fcspartaktrnava.com\/#\/schema\/person\/image\/\",\"url\":\"https:\/\/secure.gravatar.com\/avatar\/af2fa02af92418b86ed742470664fe40056833fb68d84becf03f6ab02319257c?s=96&d=mm&r=g\",\"contentUrl\":\"https:\/\/secure.gravatar.com\/avatar\/af2fa02af92418b86ed742470664fe40056833fb68d84becf03f6ab02319257c?s=96&d=mm&r=g\",\"caption\":\"Samuel \u010eurinsk\u00fd\"},\"url\":\"https:\/\/fcspartaktrnava.com\/en\/author\/fcst-samuel\/\"}]}<\/script>\n<!-- \/ Yoast SEO plugin. -->","yoast_head_json":{"title":"VIDEO: V\u00ed\u0165azn\u00e9 ohlasy a em\u00f3cie radosti - FC Spartak Trnava","robots":{"index":"index","follow":"follow","max-snippet":"max-snippet:-1","max-image-preview":"max-image-preview:large","max-video-preview":"max-video-preview:-1"},"canonical":"https:\/\/fcspartaktrnava.com\/en\/video-vitazne-ohlasy-a-emocie-radosti\/","twitter_misc":{"Written by":"Samuel \u010eurinsk\u00fd","Estimated reading time":"3 minutes"},"schema":{"@context":"https:\/\/schema.org","@graph":[{"@type":"Article","@id":"https:\/\/fcspartaktrnava.com\/video-vitazne-ohlasy-a-emocie-radosti\/#article","isPartOf":{"@id":"https:\/\/fcspartaktrnava.com\/video-vitazne-ohlasy-a-emocie-radosti\/"},"author":{"name":"Samuel \u010eurinsk\u00fd","@id":"https:\/\/fcspartaktrnava.com\/#\/schema\/person\/62c3c2562c3c56e4c0c8c2342c596ac0"},"headline":"VIDEO: V\u00ed\u0165azn\u00e9 ohlasy a em\u00f3cie radosti","datePublished":"2025-05-02T12:59:26+00:00","dateModified":"2025-05-02T17:11:20+00:00","mainEntityOfPage":{"@id":"https:\/\/fcspartaktrnava.com\/video-vitazne-ohlasy-a-emocie-radosti\/"},"wordCount":268,"publisher":{"@id":"https:\/\/fcspartaktrnava.com\/#organization"},"image":{"@id":"https:\/\/fcspartaktrnava.com\/video-vitazne-ohlasy-a-emocie-radosti\/#primaryimage"},"thumbnailUrl":"https:\/\/fcspartaktrnava.com\/wp-content\/uploads\/2025\/05\/246-1-scaled.jpg","articleSection":["Spr\u00e1vy"],"inLanguage":"en-GB"},{"@type":"WebPage","@id":"https:\/\/fcspartaktrnava.com\/video-vitazne-ohlasy-a-emocie-radosti\/","url":"https:\/\/fcspartaktrnava.com\/video-vitazne-ohlasy-a-emocie-radosti\/","name":"VIDEO: V\u00ed\u0165azn\u00e9 ohlasy a em\u00f3cie radosti - FC Spartak Trnava","isPartOf":{"@id":"https:\/\/fcspartaktrnava.com\/#website"},"primaryImageOfPage":{"@id":"https:\/\/fcspartaktrnava.com\/video-vitazne-ohlasy-a-emocie-radosti\/#primaryimage"},"image":{"@id":"https:\/\/fcspartaktrnava.com\/video-vitazne-ohlasy-a-emocie-radosti\/#primaryimage"},"thumbnailUrl":"https:\/\/fcspartaktrnava.com\/wp-content\/uploads\/2025\/05\/246-1-scaled.jpg","datePublished":"2025-05-02T12:59:26+00:00","dateModified":"2025-05-02T17:11:20+00:00","breadcrumb":{"@id":"https:\/\/fcspartaktrnava.com\/video-vitazne-ohlasy-a-emocie-radosti\/#breadcrumb"},"inLanguage":"en-GB","potentialAction":[{"@type":"ReadAction","target":["https:\/\/fcspartaktrnava.com\/video-vitazne-ohlasy-a-emocie-radosti\/"]}]},{"@type":"ImageObject","inLanguage":"en-GB","@id":"https:\/\/fcspartaktrnava.com\/video-vitazne-ohlasy-a-emocie-radosti\/#primaryimage","url":"https:\/\/fcspartaktrnava.com\/wp-content\/uploads\/2025\/05\/246-1-scaled.jpg","contentUrl":"https:\/\/fcspartaktrnava.com\/wp-content\/uploads\/2025\/05\/246-1-scaled.jpg","width":2560,"height":1704},{"@type":"BreadcrumbList","@id":"https:\/\/fcspartaktrnava.com\/video-vitazne-ohlasy-a-emocie-radosti\/#breadcrumb","itemListElement":[{"@type":"ListItem","position":1,"name":"Home","item":"https:\/\/fcspartaktrnava.com\/"},{"@type":"ListItem","position":2,"name":"VIDEO: V\u00ed\u0165azn\u00e9 ohlasy a em\u00f3cie radosti"}]},{"@type":"WebSite","@id":"https:\/\/fcspartaktrnava.com\/#website","url":"https:\/\/fcspartaktrnava.com\/","name":"FC Spartak Trnava","description":"ofici\u00e1lna webstr\u00e1nka futbalov\u00e9ho klubu","publisher":{"@id":"https:\/\/fcspartaktrnava.com\/#organization"},"potentialAction":[{"@type":"SearchAction","target":{"@type":"EntryPoint","urlTemplate":"https:\/\/fcspartaktrnava.com\/?s={search_term_string}"},"query-input":{"@type":"PropertyValueSpecification","valueRequired":true,"valueName":"search_term_string"}}],"inLanguage":"en-GB"},{"@type":"Organization","@id":"https:\/\/fcspartaktrnava.com\/#organization","name":"FC Spartak Trnava","alternateName":"Spartak","url":"https:\/\/fcspartaktrnava.com\/","logo":{"@type":"ImageObject","inLanguage":"en-GB","@id":"https:\/\/fcspartaktrnava.com\/#\/schema\/logo\/image\/","url":"https:\/\/fcspartaktrnava.com\/wp-content\/uploads\/2022\/08\/cropped-site_logo.png","contentUrl":"https:\/\/fcspartaktrnava.com\/wp-content\/uploads\/2022\/08\/cropped-site_logo.png","width":140,"height":140,"caption":"FC Spartak Trnava"},"image":{"@id":"https:\/\/fcspartaktrnava.com\/#\/schema\/logo\/image\/"},"sameAs":["https:\/\/www.facebook.com\/SpartakTrnava","https:\/\/x.com\/SpartakTrnava1","https:\/\/www.instagram.com\/spartak_sk\/"]},{"@type":"Person","@id":"https:\/\/fcspartaktrnava.com\/#\/schema\/person\/62c3c2562c3c56e4c0c8c2342c596ac0","name":"Samuel \u010eurinsk\u00fd","image":{"@type":"ImageObject","inLanguage":"en-GB","@id":"https:\/\/fcspartaktrnava.com\/#\/schema\/person\/image\/","url":"https:\/\/secure.gravatar.com\/avatar\/af2fa02af92418b86ed742470664fe40056833fb68d84becf03f6ab02319257c?s=96&d=mm&r=g","contentUrl":"https:\/\/secure.gravatar.com\/avatar\/af2fa02af92418b86ed742470664fe40056833fb68d84becf03f6ab02319257c?s=96&d=mm&r=g","caption":"Samuel \u010eurinsk\u00fd"},"url":"https:\/\/fcspartaktrnava.com\/en\/author\/fcst-samuel\/"}]}},"_links":{"self":[{"href":"https:\/\/fcspartaktrnava.com\/en\/wp-json\/wp\/v2\/posts\/27516","targetHints":{"allow":["GET"]}}],"collection":[{"href":"https:\/\/fcspartaktrnava.com\/en\/wp-json\/wp\/v2\/posts"}],"about":[{"href":"https:\/\/fcspartaktrnava.com\/en\/wp-json\/wp\/v2\/types\/post"}],"author":[{"embeddable":true,"href":"https:\/\/fcspartaktrnava.com\/en\/wp-json\/wp\/v2\/users\/5"}],"replies":[{"embeddable":true,"href":"https:\/\/fcspartaktrnava.com\/en\/wp-json\/wp\/v2\/comments?post=27516"}],"version-history":[{"count":0,"href":"https:\/\/fcspartaktrnava.com\/en\/wp-json\/wp\/v2\/posts\/27516\/revisions"}],"wp:featuredmedia":[{"embeddable":true,"href":"https:\/\/fcspartaktrnava.com\/en\/wp-json\/wp\/v2\/media\/27772"}],"wp:attachment":[{"href":"https:\/\/fcspartaktrnava.com\/en\/wp-json\/wp\/v2\/media?parent=27516"}],"wp:term":[{"taxonomy":"category","embeddable":true,"href":"https:\/\/fcspartaktrnava.com\/en\/wp-json\/wp\/v2\/categories?post=27516"},{"taxonomy":"post_tag","embeddable":true,"href":"https:\/\/fcspartaktrnava.com\/en\/wp-json\/wp\/v2\/tags?post=27516"}],"curies":[{"name":"wp","href":"https:\/\/api.w.org\/{rel}","templated":true}]}}