{"id":27446,"date":"2025-04-25T14:02:29","date_gmt":"2025-04-25T12:02:29","guid":{"rendered":"https:\/\/fcspartaktrnava.com\/?p=27446"},"modified":"2025-04-25T14:02:30","modified_gmt":"2025-04-25T12:02:30","slug":"predaj-vstupeniek-na-kosice-spusteny-2","status":"publish","type":"post","link":"https:\/\/fcspartaktrnava.com\/en\/predaj-vstupeniek-na-kosice-spusteny-2\/","title":{"rendered":"Predaj vstupeniek na Ko\u0161ice spusten\u00fd"},"content":{"rendered":"<p class=\"has-text-align-center has-medium-font-size\">Predposledn\u00fd dom\u00e1ci duel Nik\u00e9 ligy pre na\u0161e farby proti Ko\u0161iciam je na programe u\u017e v nede\u013eu 4. m\u00e1ja od 18:00. Na \u0160tadi\u00f3ne Antona Malatinsk\u00e9ho priv\u00edtame t\u00edm z metropoly v\u00fdchodu, s ktor\u00fdm sme v poslednom z\u00e1pase na jeho p\u00f4de prehrali 1:2. <\/p>\n\n\n\n<p class=\"has-text-align-center has-medium-font-size\">St\u00e1le sme v hre o 2. miesto a preto budeme op\u00e4\u0165 potrebova\u0165 poriadnu podporu z trib\u00fan.<\/p>\n\n\n\n<p class=\"has-text-align-center has-black-color has-white-background-color has-text-color has-background has-link-color has-medium-font-size wp-elements-ee84feb53ab0b4cae50e15757e59fd1f\"><strong><a href=\"https:\/\/predpredaj.zoznam.sk\/sk\/listky\/fc-spartak-trnava-fc-kosice-2025-05-04\/\">Vyber si svoje miesto u\u017e teraz na predpredaj.sk<\/a><\/strong><\/p>\n\n\n<div class=\"wp-block-image\">\n<figure class=\"aligncenter size-large is-resized\"><a href=\"https:\/\/predpredaj.zoznam.sk\/sk\/listky\/fc-spartak-trnava-fc-kosice-2025-05-04\/\"><img loading=\"lazy\" decoding=\"async\" width=\"819\" height=\"1024\" src=\"https:\/\/fcspartaktrnava.com\/wp-content\/uploads\/2025\/04\/GrafikaNew-2025-04-25T100912.090-819x1024.png\" alt=\"\" class=\"wp-image-27449\" style=\"width:600px\" srcset=\"https:\/\/fcspartaktrnava.com\/wp-content\/uploads\/2025\/04\/GrafikaNew-2025-04-25T100912.090-819x1024.png 819w, https:\/\/fcspartaktrnava.com\/wp-content\/uploads\/2025\/04\/GrafikaNew-2025-04-25T100912.090-240x300.png 240w, https:\/\/fcspartaktrnava.com\/wp-content\/uploads\/2025\/04\/GrafikaNew-2025-04-25T100912.090-768x960.png 768w, https:\/\/fcspartaktrnava.com\/wp-content\/uploads\/2025\/04\/GrafikaNew-2025-04-25T100912.090-10x12.png 10w, https:\/\/fcspartaktrnava.com\/wp-content\/uploads\/2025\/04\/GrafikaNew-2025-04-25T100912.090.png 1200w\" sizes=\"auto, (max-width: 819px) 100vw, 819px\" \/><\/a><\/figure>\n<\/div>\n\n\n<hr class=\"wp-block-separator has-text-color has-vivid-red-color has-alpha-channel-opacity has-vivid-red-background-color has-background is-style-dots\"\/>\n\n\n\n<p class=\"has-text-align-center has-medium-font-size\"><strong>Tak nev\u00e1haj a pr\u00ed\u010f podpori\u0165 Spartak na ceste za \u010fal\u0161\u00edmi bodmi. <\/strong><\/p>\n\n\n\n<p class=\"has-text-align-center has-medium-font-size\"><strong>Br\u00e1ny \u0161tadi\u00f3na otvor\u00edme u\u017e tradi\u010dne dve hodiny pred v\u00fdkopom.<\/strong><\/p>\n\n\n\n<p class=\"has-text-align-center has-black-color has-white-background-color has-text-color has-background has-link-color has-medium-font-size wp-elements-930945a471805150e3f2dcbba8247073\"><strong>V ponuke aj akcia pre mami\u010dky s de\u0165mi za 1 EURO v detsk\u00fdch sektoroch 5-6-7.<\/strong><\/p>\n\n\n\n<p class=\"has-text-align-center has-medium-font-size\"><a href=\"https:\/\/fcspartaktrnava.com\/en\/spartak-pre-deti\/\"><strong>SPARTAK PRE DETI<\/strong><\/a><\/p>\n\n\n\n<p class=\"has-text-align-center has-medium-font-size\">Pred z\u00e1pasom nev\u00e1haj nav\u0161t\u00edvi\u0165 aj n\u00e1\u0161 fanshop FCSTORE alebo si vyber z ponuky klubov\u00e9ho merchu, dresov a \u010fal\u0161\u00edch origin\u00e1lnych k\u00faskov na <a href=\"https:\/\/fcstore.sk\/\">FCSTORE.sk<\/a>.<\/p>\n\n\n<div class=\"wp-block-image\">\n<figure class=\"aligncenter size-large is-resized\"><img loading=\"lazy\" decoding=\"async\" width=\"681\" height=\"1024\" src=\"https:\/\/fcspartaktrnava.com\/wp-content\/uploads\/2025\/04\/12-681x1024.jpg\" alt=\"\" class=\"wp-image-27447\" style=\"width:600px\" srcset=\"https:\/\/fcspartaktrnava.com\/wp-content\/uploads\/2025\/04\/12-681x1024.jpg 681w, https:\/\/fcspartaktrnava.com\/wp-content\/uploads\/2025\/04\/12-200x300.jpg 200w, https:\/\/fcspartaktrnava.com\/wp-content\/uploads\/2025\/04\/12-768x1154.jpg 768w, https:\/\/fcspartaktrnava.com\/wp-content\/uploads\/2025\/04\/12-1022x1536.jpg 1022w, https:\/\/fcspartaktrnava.com\/wp-content\/uploads\/2025\/04\/12-1362x2048.jpg 1362w, https:\/\/fcspartaktrnava.com\/wp-content\/uploads\/2025\/04\/12-8x12.jpg 8w, https:\/\/fcspartaktrnava.com\/wp-content\/uploads\/2025\/04\/12.jpg 1437w\" sizes=\"auto, (max-width: 681px) 100vw, 681px\" \/><\/figure>\n<\/div>\n\n\n<hr class=\"wp-block-separator has-alpha-channel-opacity\"\/>\n\n\n\n<p class=\"has-text-align-center has-medium-font-size\">Pridaj sa do \u010derveno-\u010d\u00edrnej Rodziny. U\u017e od <strong>24,90<\/strong> m\u00f4\u017ee\u0161 by\u0165 aj TY s\u00fa\u010das\u0165ou jedine\u010dn\u00e9ho sveta Spartaka. S v\u00fdhodami, z\u013eavami a origin\u00e1lnymi dar\u010dekmi. <\/p>\n\n\n<div class=\"wp-block-image\">\n<figure class=\"aligncenter size-large\"><a href=\"https:\/\/predpredaj.zoznam.sk\/sk\/listky\/fc-spartak-trnava-rodzina-25-26\/\"><img loading=\"lazy\" decoding=\"async\" width=\"1024\" height=\"171\" src=\"https:\/\/fcspartaktrnava.com\/wp-content\/uploads\/2025\/04\/Rodzina_1200x200-1024x171.png\" alt=\"\" class=\"wp-image-27448\" srcset=\"https:\/\/fcspartaktrnava.com\/wp-content\/uploads\/2025\/04\/Rodzina_1200x200-1024x171.png 1024w, https:\/\/fcspartaktrnava.com\/wp-content\/uploads\/2025\/04\/Rodzina_1200x200-300x50.png 300w, https:\/\/fcspartaktrnava.com\/wp-content\/uploads\/2025\/04\/Rodzina_1200x200-768x128.png 768w, https:\/\/fcspartaktrnava.com\/wp-content\/uploads\/2025\/04\/Rodzina_1200x200-18x3.png 18w, https:\/\/fcspartaktrnava.com\/wp-content\/uploads\/2025\/04\/Rodzina_1200x200.png 1200w\" sizes=\"auto, (max-width: 1024px) 100vw, 1024px\" \/><\/a><\/figure>\n<\/div>","protected":false},"excerpt":{"rendered":"<p>Predposledn\u00fd dom\u00e1ci duel Nik\u00e9 ligy pre na\u0161e farby&#8230;<\/p>","protected":false},"author":5,"featured_media":27450,"comment_status":"closed","ping_status":"closed","sticky":false,"template":"","format":"standard","meta":{"footnotes":""},"categories":[12,20],"tags":[],"class_list":["post-27446","post","type-post","status-publish","format-standard","has-post-thumbnail","hentry","category-spravy","category-zapas","post-number-1"],"yoast_head":"<!-- This site is optimized with the Yoast SEO plugin v27.1.1 - https:\/\/yoast.com\/product\/yoast-seo-wordpress\/ -->\n<title>Predaj vstupeniek na Ko\u0161ice spusten\u00fd - FC Spartak Trnava<\/title>\n<meta name=\"robots\" content=\"index, follow, max-snippet:-1, max-image-preview:large, max-video-preview:-1\" \/>\n<link rel=\"canonical\" href=\"https:\/\/fcspartaktrnava.com\/en\/predaj-vstupeniek-na-kosice-spusteny-2\/\" \/>\n<meta name=\"twitter:label1\" content=\"Written by\" \/>\n\t<meta name=\"twitter:data1\" content=\"Samuel \u010eurinsk\u00fd\" \/>\n\t<meta name=\"twitter:label2\" content=\"Estimated reading time\" \/>\n\t<meta name=\"twitter:data2\" content=\"2 minutes\" \/>\n<script type=\"application\/ld+json\" class=\"yoast-schema-graph\">{\"@context\":\"https:\/\/schema.org\",\"@graph\":[{\"@type\":\"Article\",\"@id\":\"https:\/\/fcspartaktrnava.com\/predaj-vstupeniek-na-kosice-spusteny-2\/#article\",\"isPartOf\":{\"@id\":\"https:\/\/fcspartaktrnava.com\/predaj-vstupeniek-na-kosice-spusteny-2\/\"},\"author\":{\"name\":\"Samuel \u010eurinsk\u00fd\",\"@id\":\"https:\/\/fcspartaktrnava.com\/#\/schema\/person\/62c3c2562c3c56e4c0c8c2342c596ac0\"},\"headline\":\"Predaj vstupeniek na Ko\u0161ice spusten\u00fd\",\"datePublished\":\"2025-04-25T12:02:29+00:00\",\"dateModified\":\"2025-04-25T12:02:30+00:00\",\"mainEntityOfPage\":{\"@id\":\"https:\/\/fcspartaktrnava.com\/predaj-vstupeniek-na-kosice-spusteny-2\/\"},\"wordCount\":192,\"publisher\":{\"@id\":\"https:\/\/fcspartaktrnava.com\/#organization\"},\"image\":{\"@id\":\"https:\/\/fcspartaktrnava.com\/predaj-vstupeniek-na-kosice-spusteny-2\/#primaryimage\"},\"thumbnailUrl\":\"https:\/\/fcspartaktrnava.com\/wp-content\/uploads\/2025\/04\/248-scaled.jpg\",\"articleSection\":[\"Spr\u00e1vy\",\"Z\u00e1pas\"],\"inLanguage\":\"en-GB\"},{\"@type\":\"WebPage\",\"@id\":\"https:\/\/fcspartaktrnava.com\/predaj-vstupeniek-na-kosice-spusteny-2\/\",\"url\":\"https:\/\/fcspartaktrnava.com\/predaj-vstupeniek-na-kosice-spusteny-2\/\",\"name\":\"Predaj vstupeniek na Ko\u0161ice spusten\u00fd - FC Spartak Trnava\",\"isPartOf\":{\"@id\":\"https:\/\/fcspartaktrnava.com\/#website\"},\"primaryImageOfPage\":{\"@id\":\"https:\/\/fcspartaktrnava.com\/predaj-vstupeniek-na-kosice-spusteny-2\/#primaryimage\"},\"image\":{\"@id\":\"https:\/\/fcspartaktrnava.com\/predaj-vstupeniek-na-kosice-spusteny-2\/#primaryimage\"},\"thumbnailUrl\":\"https:\/\/fcspartaktrnava.com\/wp-content\/uploads\/2025\/04\/248-scaled.jpg\",\"datePublished\":\"2025-04-25T12:02:29+00:00\",\"dateModified\":\"2025-04-25T12:02:30+00:00\",\"breadcrumb\":{\"@id\":\"https:\/\/fcspartaktrnava.com\/predaj-vstupeniek-na-kosice-spusteny-2\/#breadcrumb\"},\"inLanguage\":\"en-GB\",\"potentialAction\":[{\"@type\":\"ReadAction\",\"target\":[\"https:\/\/fcspartaktrnava.com\/predaj-vstupeniek-na-kosice-spusteny-2\/\"]}]},{\"@type\":\"ImageObject\",\"inLanguage\":\"en-GB\",\"@id\":\"https:\/\/fcspartaktrnava.com\/predaj-vstupeniek-na-kosice-spusteny-2\/#primaryimage\",\"url\":\"https:\/\/fcspartaktrnava.com\/wp-content\/uploads\/2025\/04\/248-scaled.jpg\",\"contentUrl\":\"https:\/\/fcspartaktrnava.com\/wp-content\/uploads\/2025\/04\/248-scaled.jpg\",\"width\":2560,\"height\":1704},{\"@type\":\"BreadcrumbList\",\"@id\":\"https:\/\/fcspartaktrnava.com\/predaj-vstupeniek-na-kosice-spusteny-2\/#breadcrumb\",\"itemListElement\":[{\"@type\":\"ListItem\",\"position\":1,\"name\":\"Home\",\"item\":\"https:\/\/fcspartaktrnava.com\/\"},{\"@type\":\"ListItem\",\"position\":2,\"name\":\"Predaj vstupeniek na Ko\u0161ice spusten\u00fd\"}]},{\"@type\":\"WebSite\",\"@id\":\"https:\/\/fcspartaktrnava.com\/#website\",\"url\":\"https:\/\/fcspartaktrnava.com\/\",\"name\":\"FC Spartak Trnava\",\"description\":\"ofici\u00e1lna webstr\u00e1nka futbalov\u00e9ho klubu\",\"publisher\":{\"@id\":\"https:\/\/fcspartaktrnava.com\/#organization\"},\"potentialAction\":[{\"@type\":\"SearchAction\",\"target\":{\"@type\":\"EntryPoint\",\"urlTemplate\":\"https:\/\/fcspartaktrnava.com\/?s={search_term_string}\"},\"query-input\":{\"@type\":\"PropertyValueSpecification\",\"valueRequired\":true,\"valueName\":\"search_term_string\"}}],\"inLanguage\":\"en-GB\"},{\"@type\":\"Organization\",\"@id\":\"https:\/\/fcspartaktrnava.com\/#organization\",\"name\":\"FC Spartak Trnava\",\"alternateName\":\"Spartak\",\"url\":\"https:\/\/fcspartaktrnava.com\/\",\"logo\":{\"@type\":\"ImageObject\",\"inLanguage\":\"en-GB\",\"@id\":\"https:\/\/fcspartaktrnava.com\/#\/schema\/logo\/image\/\",\"url\":\"https:\/\/fcspartaktrnava.com\/wp-content\/uploads\/2022\/08\/cropped-site_logo.png\",\"contentUrl\":\"https:\/\/fcspartaktrnava.com\/wp-content\/uploads\/2022\/08\/cropped-site_logo.png\",\"width\":140,\"height\":140,\"caption\":\"FC Spartak Trnava\"},\"image\":{\"@id\":\"https:\/\/fcspartaktrnava.com\/#\/schema\/logo\/image\/\"},\"sameAs\":[\"https:\/\/www.facebook.com\/SpartakTrnava\",\"https:\/\/x.com\/SpartakTrnava1\",\"https:\/\/www.instagram.com\/spartak_sk\/\"]},{\"@type\":\"Person\",\"@id\":\"https:\/\/fcspartaktrnava.com\/#\/schema\/person\/62c3c2562c3c56e4c0c8c2342c596ac0\",\"name\":\"Samuel \u010eurinsk\u00fd\",\"image\":{\"@type\":\"ImageObject\",\"inLanguage\":\"en-GB\",\"@id\":\"https:\/\/fcspartaktrnava.com\/#\/schema\/person\/image\/\",\"url\":\"https:\/\/secure.gravatar.com\/avatar\/af2fa02af92418b86ed742470664fe40056833fb68d84becf03f6ab02319257c?s=96&d=mm&r=g\",\"contentUrl\":\"https:\/\/secure.gravatar.com\/avatar\/af2fa02af92418b86ed742470664fe40056833fb68d84becf03f6ab02319257c?s=96&d=mm&r=g\",\"caption\":\"Samuel \u010eurinsk\u00fd\"},\"url\":\"https:\/\/fcspartaktrnava.com\/en\/author\/fcst-samuel\/\"}]}<\/script>\n<!-- \/ Yoast SEO plugin. -->","yoast_head_json":{"title":"Predaj vstupeniek na Ko\u0161ice spusten\u00fd - FC Spartak Trnava","robots":{"index":"index","follow":"follow","max-snippet":"max-snippet:-1","max-image-preview":"max-image-preview:large","max-video-preview":"max-video-preview:-1"},"canonical":"https:\/\/fcspartaktrnava.com\/en\/predaj-vstupeniek-na-kosice-spusteny-2\/","twitter_misc":{"Written by":"Samuel \u010eurinsk\u00fd","Estimated reading time":"2 minutes"},"schema":{"@context":"https:\/\/schema.org","@graph":[{"@type":"Article","@id":"https:\/\/fcspartaktrnava.com\/predaj-vstupeniek-na-kosice-spusteny-2\/#article","isPartOf":{"@id":"https:\/\/fcspartaktrnava.com\/predaj-vstupeniek-na-kosice-spusteny-2\/"},"author":{"name":"Samuel \u010eurinsk\u00fd","@id":"https:\/\/fcspartaktrnava.com\/#\/schema\/person\/62c3c2562c3c56e4c0c8c2342c596ac0"},"headline":"Predaj vstupeniek na Ko\u0161ice spusten\u00fd","datePublished":"2025-04-25T12:02:29+00:00","dateModified":"2025-04-25T12:02:30+00:00","mainEntityOfPage":{"@id":"https:\/\/fcspartaktrnava.com\/predaj-vstupeniek-na-kosice-spusteny-2\/"},"wordCount":192,"publisher":{"@id":"https:\/\/fcspartaktrnava.com\/#organization"},"image":{"@id":"https:\/\/fcspartaktrnava.com\/predaj-vstupeniek-na-kosice-spusteny-2\/#primaryimage"},"thumbnailUrl":"https:\/\/fcspartaktrnava.com\/wp-content\/uploads\/2025\/04\/248-scaled.jpg","articleSection":["Spr\u00e1vy","Z\u00e1pas"],"inLanguage":"en-GB"},{"@type":"WebPage","@id":"https:\/\/fcspartaktrnava.com\/predaj-vstupeniek-na-kosice-spusteny-2\/","url":"https:\/\/fcspartaktrnava.com\/predaj-vstupeniek-na-kosice-spusteny-2\/","name":"Predaj vstupeniek na Ko\u0161ice spusten\u00fd - FC Spartak Trnava","isPartOf":{"@id":"https:\/\/fcspartaktrnava.com\/#website"},"primaryImageOfPage":{"@id":"https:\/\/fcspartaktrnava.com\/predaj-vstupeniek-na-kosice-spusteny-2\/#primaryimage"},"image":{"@id":"https:\/\/fcspartaktrnava.com\/predaj-vstupeniek-na-kosice-spusteny-2\/#primaryimage"},"thumbnailUrl":"https:\/\/fcspartaktrnava.com\/wp-content\/uploads\/2025\/04\/248-scaled.jpg","datePublished":"2025-04-25T12:02:29+00:00","dateModified":"2025-04-25T12:02:30+00:00","breadcrumb":{"@id":"https:\/\/fcspartaktrnava.com\/predaj-vstupeniek-na-kosice-spusteny-2\/#breadcrumb"},"inLanguage":"en-GB","potentialAction":[{"@type":"ReadAction","target":["https:\/\/fcspartaktrnava.com\/predaj-vstupeniek-na-kosice-spusteny-2\/"]}]},{"@type":"ImageObject","inLanguage":"en-GB","@id":"https:\/\/fcspartaktrnava.com\/predaj-vstupeniek-na-kosice-spusteny-2\/#primaryimage","url":"https:\/\/fcspartaktrnava.com\/wp-content\/uploads\/2025\/04\/248-scaled.jpg","contentUrl":"https:\/\/fcspartaktrnava.com\/wp-content\/uploads\/2025\/04\/248-scaled.jpg","width":2560,"height":1704},{"@type":"BreadcrumbList","@id":"https:\/\/fcspartaktrnava.com\/predaj-vstupeniek-na-kosice-spusteny-2\/#breadcrumb","itemListElement":[{"@type":"ListItem","position":1,"name":"Home","item":"https:\/\/fcspartaktrnava.com\/"},{"@type":"ListItem","position":2,"name":"Predaj vstupeniek na Ko\u0161ice spusten\u00fd"}]},{"@type":"WebSite","@id":"https:\/\/fcspartaktrnava.com\/#website","url":"https:\/\/fcspartaktrnava.com\/","name":"FC Spartak Trnava","description":"ofici\u00e1lna webstr\u00e1nka futbalov\u00e9ho klubu","publisher":{"@id":"https:\/\/fcspartaktrnava.com\/#organization"},"potentialAction":[{"@type":"SearchAction","target":{"@type":"EntryPoint","urlTemplate":"https:\/\/fcspartaktrnava.com\/?s={search_term_string}"},"query-input":{"@type":"PropertyValueSpecification","valueRequired":true,"valueName":"search_term_string"}}],"inLanguage":"en-GB"},{"@type":"Organization","@id":"https:\/\/fcspartaktrnava.com\/#organization","name":"FC Spartak Trnava","alternateName":"Spartak","url":"https:\/\/fcspartaktrnava.com\/","logo":{"@type":"ImageObject","inLanguage":"en-GB","@id":"https:\/\/fcspartaktrnava.com\/#\/schema\/logo\/image\/","url":"https:\/\/fcspartaktrnava.com\/wp-content\/uploads\/2022\/08\/cropped-site_logo.png","contentUrl":"https:\/\/fcspartaktrnava.com\/wp-content\/uploads\/2022\/08\/cropped-site_logo.png","width":140,"height":140,"caption":"FC Spartak Trnava"},"image":{"@id":"https:\/\/fcspartaktrnava.com\/#\/schema\/logo\/image\/"},"sameAs":["https:\/\/www.facebook.com\/SpartakTrnava","https:\/\/x.com\/SpartakTrnava1","https:\/\/www.instagram.com\/spartak_sk\/"]},{"@type":"Person","@id":"https:\/\/fcspartaktrnava.com\/#\/schema\/person\/62c3c2562c3c56e4c0c8c2342c596ac0","name":"Samuel \u010eurinsk\u00fd","image":{"@type":"ImageObject","inLanguage":"en-GB","@id":"https:\/\/fcspartaktrnava.com\/#\/schema\/person\/image\/","url":"https:\/\/secure.gravatar.com\/avatar\/af2fa02af92418b86ed742470664fe40056833fb68d84becf03f6ab02319257c?s=96&d=mm&r=g","contentUrl":"https:\/\/secure.gravatar.com\/avatar\/af2fa02af92418b86ed742470664fe40056833fb68d84becf03f6ab02319257c?s=96&d=mm&r=g","caption":"Samuel \u010eurinsk\u00fd"},"url":"https:\/\/fcspartaktrnava.com\/en\/author\/fcst-samuel\/"}]}},"_links":{"self":[{"href":"https:\/\/fcspartaktrnava.com\/en\/wp-json\/wp\/v2\/posts\/27446","targetHints":{"allow":["GET"]}}],"collection":[{"href":"https:\/\/fcspartaktrnava.com\/en\/wp-json\/wp\/v2\/posts"}],"about":[{"href":"https:\/\/fcspartaktrnava.com\/en\/wp-json\/wp\/v2\/types\/post"}],"author":[{"embeddable":true,"href":"https:\/\/fcspartaktrnava.com\/en\/wp-json\/wp\/v2\/users\/5"}],"replies":[{"embeddable":true,"href":"https:\/\/fcspartaktrnava.com\/en\/wp-json\/wp\/v2\/comments?post=27446"}],"version-history":[{"count":0,"href":"https:\/\/fcspartaktrnava.com\/en\/wp-json\/wp\/v2\/posts\/27446\/revisions"}],"wp:featuredmedia":[{"embeddable":true,"href":"https:\/\/fcspartaktrnava.com\/en\/wp-json\/wp\/v2\/media\/27450"}],"wp:attachment":[{"href":"https:\/\/fcspartaktrnava.com\/en\/wp-json\/wp\/v2\/media?parent=27446"}],"wp:term":[{"taxonomy":"category","embeddable":true,"href":"https:\/\/fcspartaktrnava.com\/en\/wp-json\/wp\/v2\/categories?post=27446"},{"taxonomy":"post_tag","embeddable":true,"href":"https:\/\/fcspartaktrnava.com\/en\/wp-json\/wp\/v2\/tags?post=27446"}],"curies":[{"name":"wp","href":"https:\/\/api.w.org\/{rel}","templated":true}]}}