{"id":27399,"date":"2025-04-22T17:07:51","date_gmt":"2025-04-22T15:07:51","guid":{"rendered":"https:\/\/fcspartaktrnava.com\/?p=27399"},"modified":"2025-04-22T18:29:11","modified_gmt":"2025-04-22T16:29:11","slug":"sedemnastka-obsadila-v-londyne-zo-16-timov-6-miesto","status":"publish","type":"post","link":"https:\/\/fcspartaktrnava.com\/en\/sedemnastka-obsadila-v-londyne-zo-16-timov-6-miesto\/","title":{"rendered":"Sedemn\u00e1stka obsadila v\u00a0Lond\u00fdne zo 16 t\u00edmov 6. miesto"},"content":{"rendered":"<p class=\"has-text-align-center has-medium-font-size\">S\u00e9riu \u010dl\u00e1nkov o&nbsp;atrakt\u00edvnych medzin\u00e1rodn\u00fdch turnajoch na\u0161ich ml\u00e1de\u017en\u00edkov od\u0161tartujeme dorastencami do 17 rokov. Spartakovci boli od \u0161tvrtka do pondelka na turnaji PDP Trophy Cup v&nbsp;Lond\u00fdne, kde boli t\u00edmy ako Watford, Queens Park Rangers, Hajduk Split \u010di Luton Town. Za p\u00f4soben\u00edm na\u0161ich hr\u00e1\u010dov za hranicami sme sa obzreli s&nbsp;tr\u00e9nerom U17-ky Adamom Chorvathom.<\/p>\n\n\n\n<p class=\"has-text-align-center has-medium-font-size\"><strong>\u201eNa turnaji n\u00e1m boli do skupiny vylosovan\u00e9 menej zn\u00e1me t\u00edmy. Na druhej strane n\u00e1m vypadlo pre zranenia a&nbsp;reprezenta\u010dn\u00e9 povinnosti p\u00e4tica najd\u00f4le\u017eitej\u0161\u00edch hr\u00e1\u010dov (Terenkov, Pol\u0165\u00e1k, Daniel, Konopka &#8211; reprezent\u00e1cia, Duchovi\u010d sa zranil v prvom z\u00e1pase<\/strong>)<strong>. Z&nbsp;tohto h\u013eadiska bolo d\u00f4le\u017eit\u00e9, aby sme z\u00e1pasy zvl\u00e1dli a&nbsp;post\u00fapili do vyra\u010fovacej \u010dasti. Vstup do turnaja proti ve\u013emi fyzick\u00e9mu a&nbsp;agres\u00edvnemu anglick\u00e9mu s\u00faperovi n\u00e1m nevy\u0161iel pod\u013ea predst\u00e1v, no n\u00e1sledne sme si poradili so \u0161v\u00e9dskym i&nbsp;po\u013esk\u00fdm t\u00edmom.\u201c<\/strong><\/p>\n\n\n\n<p class=\"has-text-align-center has-white-color has-vivid-red-background-color has-text-color has-background has-link-color wp-elements-0c0831ff7f72d1ca7e1c9c9c006cb7ca\"><strong>FCST U17:<\/strong> Luko\u0161\u00edk, Jablonick\u00fd &#8211; Hus\u00e1r, No\u0161ka, Redenkovi\u010d, Pittel, Zemko, Rep\u00e1\u0148, Petrovi\u010d, Benkovsk\u00fd, Tejzr, Ma\u0165o, Kostol\u00e1ni, \u010ci\u010dmanec, Duchovi\u010d, Fojta, Flimmel<\/p>\n\n\n\n<p class=\"has-text-align-center has-medium-font-size\"><strong>Z\u00e1kladn\u00e1 skupina:<\/strong><\/p>\n\n\n\n<p class=\"has-text-align-center has-medium-font-size\">FCST \u2013 Southend United 0:1<\/p>\n\n\n\n<p class=\"has-text-align-center has-medium-font-size\">FCST \u2013 BK Olympic 2:0 (Pittel, Fojta)<\/p>\n\n\n\n<p class=\"has-text-align-center has-medium-font-size\">FCST \u2013 Slodka Polska 2:1 (Rep\u00e1\u0148, Pittel)<\/p>\n\n\n<div class=\"wp-block-image\">\n<figure class=\"aligncenter size-large is-resized\"><img loading=\"lazy\" decoding=\"async\" width=\"1024\" height=\"576\" src=\"https:\/\/fcspartaktrnava.com\/wp-content\/uploads\/2025\/04\/Obrazok-WhatsApp-2025-04-22-o-15.29.24_023bcf50-1024x576.jpg\" alt=\"\" class=\"wp-image-27400\" style=\"width:692px;height:auto\" srcset=\"https:\/\/fcspartaktrnava.com\/wp-content\/uploads\/2025\/04\/Obrazok-WhatsApp-2025-04-22-o-15.29.24_023bcf50-1024x576.jpg 1024w, https:\/\/fcspartaktrnava.com\/wp-content\/uploads\/2025\/04\/Obrazok-WhatsApp-2025-04-22-o-15.29.24_023bcf50-300x169.jpg 300w, https:\/\/fcspartaktrnava.com\/wp-content\/uploads\/2025\/04\/Obrazok-WhatsApp-2025-04-22-o-15.29.24_023bcf50-768x432.jpg 768w, https:\/\/fcspartaktrnava.com\/wp-content\/uploads\/2025\/04\/Obrazok-WhatsApp-2025-04-22-o-15.29.24_023bcf50-1536x864.jpg 1536w, https:\/\/fcspartaktrnava.com\/wp-content\/uploads\/2025\/04\/Obrazok-WhatsApp-2025-04-22-o-15.29.24_023bcf50-18x10.jpg 18w, https:\/\/fcspartaktrnava.com\/wp-content\/uploads\/2025\/04\/Obrazok-WhatsApp-2025-04-22-o-15.29.24_023bcf50.jpg 2048w\" sizes=\"auto, (max-width: 1024px) 100vw, 1024px\" \/><\/figure>\n<\/div>\n\n\n<p class=\"has-text-align-center has-medium-font-size\">Sedemn\u00e1stka post\u00fapila do vyra\u010fovacej \u010dasti z&nbsp;druh\u00e9ho miesta. Vo \u0161tvr\u0165fin\u00e1le \u010delila prvoligov\u00e9mu holandsk\u00e9mu t\u00edmu Willem II Tilburg. Po smolnej prehre sa pre spartakovcov turnaj neskon\u010dil, naopak, \u010dakali na nich dva z\u00e1pasy v&nbsp;boji o&nbsp;5. \u2013 8. miesto.<\/p>\n\n\n\n<p class=\"has-text-align-center has-medium-font-size\"><strong>\u201eHolan\u010fania mali ve\u013emi kvalitn\u00fd t\u00edm. Bohu\u017eia\u013e, po ve\u013ekej chybe v&nbsp;rozohr\u00e1vke sme inkasovali prv\u00fd g\u00f3l a&nbsp;n\u00e1sledne v&nbsp;z\u00e1vere po neakceptovate\u013enom verdikte rozhodcu aj druh\u00fd. Dan\u00fd s\u00faper sa z\u00e1rove\u0148 prezentoval nepekn\u00fdm spr\u00e1van\u00edm hr\u00e1\u010dov i&nbsp;realiza\u010dn\u00e9ho t\u00edmu. Po prehre sme sa stretli s&nbsp;anglick\u00fdm Luton Town FC, ktor\u00e9ho sme po najlep\u0161om v\u00fdkone na turnaji zdolali 1:0. V\u00ed\u0165azstvo bolo o&nbsp;to cennej\u0161ie, \u017ee s\u00faper mal naozaj vysok\u00fa kvalitu hr\u00e1\u010dov, bol nepr\u00edjemn\u00fd v&nbsp;pressingu a&nbsp;vypracoval si tie\u017e nieko\u013eko g\u00f3lov\u00fdch pr\u00edle\u017eitost\u00ed. V&nbsp;s\u00faboji o&nbsp;kone\u010dn\u00e9 umiestnenie sme u\u017e \u0161etrili hr\u00e1\u010dov s&nbsp;najv\u00e4\u010d\u0161ou minut\u00e1\u017eou, napriek tomu sme odohrali vyrovnan\u00fd z\u00e1pas, mali sme nieko\u013eko \u0161anc\u00ed na sk\u00f3rovanie a&nbsp;napokon sme po smolnej penalte a&nbsp;g\u00f3lu z&nbsp;ve\u013ekej dia\u013eky prehrali.\u201c<\/strong><\/p>\n\n\n\n<p class=\"has-text-align-center has-medium-font-size\"><strong>\u0160tvr\u0165fin\u00e1le:<\/strong><\/p>\n\n\n\n<p class=\"has-text-align-center has-medium-font-size\">FCST \u2013 Willem II Tilburg 0:2<\/p>\n\n\n\n<p class=\"has-text-align-center has-medium-font-size\"><strong>5. \u2013 8. miesto:<\/strong><\/p>\n\n\n\n<p class=\"has-text-align-center has-medium-font-size\">FCST \u2013 Luton Town FC 1:0 (Flimmel)<\/p>\n\n\n\n<p class=\"has-text-align-center has-medium-font-size\">FCST \u2013 Hanworth Villa 0:2<\/p>\n\n\n<div class=\"wp-block-image\">\n<figure class=\"aligncenter size-large is-resized\"><img loading=\"lazy\" decoding=\"async\" width=\"1024\" height=\"576\" src=\"https:\/\/fcspartaktrnava.com\/wp-content\/uploads\/2025\/04\/Obrazok-WhatsApp-2025-04-22-o-15.29.50_4d0b2a95-1024x576.jpg\" alt=\"\" class=\"wp-image-27401\" style=\"width:700px;height:auto\" srcset=\"https:\/\/fcspartaktrnava.com\/wp-content\/uploads\/2025\/04\/Obrazok-WhatsApp-2025-04-22-o-15.29.50_4d0b2a95-1024x576.jpg 1024w, https:\/\/fcspartaktrnava.com\/wp-content\/uploads\/2025\/04\/Obrazok-WhatsApp-2025-04-22-o-15.29.50_4d0b2a95-300x169.jpg 300w, https:\/\/fcspartaktrnava.com\/wp-content\/uploads\/2025\/04\/Obrazok-WhatsApp-2025-04-22-o-15.29.50_4d0b2a95-768x432.jpg 768w, https:\/\/fcspartaktrnava.com\/wp-content\/uploads\/2025\/04\/Obrazok-WhatsApp-2025-04-22-o-15.29.50_4d0b2a95-1536x864.jpg 1536w, https:\/\/fcspartaktrnava.com\/wp-content\/uploads\/2025\/04\/Obrazok-WhatsApp-2025-04-22-o-15.29.50_4d0b2a95-18x10.jpg 18w, https:\/\/fcspartaktrnava.com\/wp-content\/uploads\/2025\/04\/Obrazok-WhatsApp-2025-04-22-o-15.29.50_4d0b2a95.jpg 2048w\" sizes=\"auto, (max-width: 1024px) 100vw, 1024px\" \/><\/figure>\n<\/div>\n\n\n<p class=\"has-text-align-center has-medium-font-size\">Spartakovci teda obsadili na turnaji v&nbsp;Lond\u00fdne za \u00fa\u010dasti 16 t\u00edmov z&nbsp;8 kraj\u00edn pekn\u00e9 6. miesto. Z&nbsp;celkov\u00e9ho triumfu sa te\u0161ila akad\u00e9mia chorv\u00e1tskeho Hajduku Split<\/p>\n\n\n\n<p class=\"has-text-align-center has-medium-font-size\"><strong>\u201eZasl\u00fa\u017eene zv\u00ed\u0165azil Hajduk Split, ktor\u00fd bol jednozna\u010dne najvyspelej\u0161\u00edm t\u00edmom na turnaji. Mysl\u00edm, \u017ee sme op\u00e4\u0165 videli v&nbsp;\u010dom sa e\u0161te m\u00f4\u017eeme posun\u00fa\u0165 v&nbsp;porovnan\u00ed s&nbsp;vyspel\u00fdmi eur\u00f3pskymi akad\u00e9miami. Mrz\u00ed ma v\u0161ak \u00farove\u0148 organiz\u00e1cie, ktor\u00e1 bola v&nbsp;porovnan\u00ed s&nbsp;turnajmi, na ktor\u00fdch sme sa z\u00fa\u010dastnili pred t\u00fdm, ove\u013ea slab\u0161ia. Z\u00e1rove\u0148 sme boli jedin\u00fdm t\u00edmom na turnaji s&nbsp;fan\u00fa\u0161ikovsk\u00fdm zast\u00fapen\u00edm. \u010eakujeme partii Slov\u00e1kov \u017eij\u00facich v&nbsp;Lond\u00fdne, ktor\u00ed n\u00e1s povzbudzovali v&nbsp;ka\u017edom z\u00e1pase.\u201c<\/strong><\/p>\n\n\n\n<p class=\"has-text-align-center has-medium-font-size\">Podobn\u00fd turnaj umo\u017en\u00ed tr\u00e9nersk\u00e9mu \u0161t\u00e1bu vidie\u0165 hr\u00e1\u010dov v&nbsp;nov\u00fdch situ\u00e1ci\u00e1ch a&nbsp;porovna\u0165 sa s&nbsp;ml\u00e1de\u017en\u00edckou pr\u00e1cou v&nbsp;zahrani\u010dn\u00fdch akad\u00e9mi\u00e1ch.<\/p>\n\n\n\n<p class=\"has-text-align-center has-medium-font-size\"><strong>\u201eAj napriek tomu, \u017ee n\u00e1m ch\u00fdbalo ve\u013ea kvalitn\u00fdch hr\u00e1\u010dov, niektor\u00ed chalani uk\u00e1zali, \u017ee sa individu\u00e1lnou kvalitou dok\u00e1\u017eu rovna\u0165 hr\u00e1\u010dom z&nbsp;ove\u013ea v\u00e4\u010d\u0161\u00edch klubov. Ako tr\u00e9neri sme si zobrali z&nbsp;turnaja drobn\u00e9 detaily, ktor\u00e9 potrebujeme v&nbsp;r\u00e1mci individu\u00e1lneho rozvoja hr\u00e1\u010da zap\u00e1ja\u0165 do procesu a&nbsp;t\u00fdm ho zefekt\u00edvni\u0165. Znova sa n\u00e1m potvrdilo, \u017ee trend r\u00fdchlostno-silovej pr\u00edpravy hr\u00e1\u010dov je \u010doraz v\u00e4\u010d\u0161\u00ed a&nbsp;toto je oblas\u0165, v&nbsp;ktorej sa s\u00edce zlep\u0161ujeme, ale potrebujeme e\u0161te viac.\u201c<\/strong><\/p>\n\n\n\n<p class=\"has-text-align-center has-medium-font-size\">Okrem z\u00e1pasov\u00fdch povinnost\u00ed videli spartakovci aj hlavn\u00e9 symboly Lond\u00fdna, napr\u00edklad Buckinghamsk\u00fd pal\u00e1c, Big Ben, Tower Bridge a&nbsp;ch\u00fdba\u0165 nemohla samozrejme n\u00e1v\u0161teva ikonick\u00e9ho \u0161tadi\u00f3na Wembley a&nbsp;jeho pri\u013eahl\u00e9ho okolia.<\/p>\n\n\n\n<div class=\"wp-block-columns is-layout-flex wp-container-core-columns-is-layout-9d6595d7 wp-block-columns-is-layout-flex\">\n<div class=\"wp-block-column is-layout-flow wp-block-column-is-layout-flow\">\n<figure class=\"wp-block-image size-large\"><img loading=\"lazy\" decoding=\"async\" width=\"819\" height=\"1024\" src=\"https:\/\/fcspartaktrnava.com\/wp-content\/uploads\/2025\/04\/Dizajn-bez-nazvu-1-819x1024.png\" alt=\"\" class=\"wp-image-27414\" srcset=\"https:\/\/fcspartaktrnava.com\/wp-content\/uploads\/2025\/04\/Dizajn-bez-nazvu-1-819x1024.png 819w, https:\/\/fcspartaktrnava.com\/wp-content\/uploads\/2025\/04\/Dizajn-bez-nazvu-1-240x300.png 240w, https:\/\/fcspartaktrnava.com\/wp-content\/uploads\/2025\/04\/Dizajn-bez-nazvu-1-768x960.png 768w, https:\/\/fcspartaktrnava.com\/wp-content\/uploads\/2025\/04\/Dizajn-bez-nazvu-1-10x12.png 10w, https:\/\/fcspartaktrnava.com\/wp-content\/uploads\/2025\/04\/Dizajn-bez-nazvu-1.png 1080w\" sizes=\"auto, (max-width: 819px) 100vw, 819px\" \/><\/figure>\n<\/div>\n\n\n\n<div class=\"wp-block-column is-layout-flow wp-block-column-is-layout-flow\">\n<figure class=\"wp-block-image size-large\"><img loading=\"lazy\" decoding=\"async\" width=\"819\" height=\"1024\" src=\"https:\/\/fcspartaktrnava.com\/wp-content\/uploads\/2025\/04\/Dizajn-bez-nazvu-819x1024.png\" alt=\"\" class=\"wp-image-27415\" srcset=\"https:\/\/fcspartaktrnava.com\/wp-content\/uploads\/2025\/04\/Dizajn-bez-nazvu-819x1024.png 819w, https:\/\/fcspartaktrnava.com\/wp-content\/uploads\/2025\/04\/Dizajn-bez-nazvu-240x300.png 240w, https:\/\/fcspartaktrnava.com\/wp-content\/uploads\/2025\/04\/Dizajn-bez-nazvu-768x960.png 768w, https:\/\/fcspartaktrnava.com\/wp-content\/uploads\/2025\/04\/Dizajn-bez-nazvu-10x12.png 10w, https:\/\/fcspartaktrnava.com\/wp-content\/uploads\/2025\/04\/Dizajn-bez-nazvu.png 1080w\" sizes=\"auto, (max-width: 819px) 100vw, 819px\" \/><\/figure>\n<\/div>\n<\/div>\n\n\n<div class=\"wp-block-image\">\n<figure class=\"aligncenter size-large is-resized\"><img loading=\"lazy\" decoding=\"async\" width=\"1024\" height=\"768\" src=\"https:\/\/fcspartaktrnava.com\/wp-content\/uploads\/2025\/04\/Obrazok-WhatsApp-2025-04-22-o-15.30.02_0d8f0ac2-1-1024x768.jpg\" alt=\"\" class=\"wp-image-27416\" style=\"width:678px;height:auto\" srcset=\"https:\/\/fcspartaktrnava.com\/wp-content\/uploads\/2025\/04\/Obrazok-WhatsApp-2025-04-22-o-15.30.02_0d8f0ac2-1-1024x768.jpg 1024w, https:\/\/fcspartaktrnava.com\/wp-content\/uploads\/2025\/04\/Obrazok-WhatsApp-2025-04-22-o-15.30.02_0d8f0ac2-1-300x225.jpg 300w, https:\/\/fcspartaktrnava.com\/wp-content\/uploads\/2025\/04\/Obrazok-WhatsApp-2025-04-22-o-15.30.02_0d8f0ac2-1-768x576.jpg 768w, https:\/\/fcspartaktrnava.com\/wp-content\/uploads\/2025\/04\/Obrazok-WhatsApp-2025-04-22-o-15.30.02_0d8f0ac2-1-1536x1152.jpg 1536w, https:\/\/fcspartaktrnava.com\/wp-content\/uploads\/2025\/04\/Obrazok-WhatsApp-2025-04-22-o-15.30.02_0d8f0ac2-1-2048x1536.jpg 2048w, https:\/\/fcspartaktrnava.com\/wp-content\/uploads\/2025\/04\/Obrazok-WhatsApp-2025-04-22-o-15.30.02_0d8f0ac2-1-16x12.jpg 16w\" sizes=\"auto, (max-width: 1024px) 100vw, 1024px\" \/><\/figure>\n<\/div>\n\n\n<p><\/p>\n\n\n\n<figure class=\"wp-block-image size-full\"><a href=\"https:\/\/predpredaj.zoznam.sk\/sk\/listky\/fc-spartak-trnava-rodzina-25-26\/\"><img loading=\"lazy\" decoding=\"async\" width=\"960\" height=\"120\" src=\"https:\/\/fcspartaktrnava.com\/wp-content\/uploads\/2025\/04\/web-banner-960x120-1.png\" alt=\"\" class=\"wp-image-27048\" srcset=\"https:\/\/fcspartaktrnava.com\/wp-content\/uploads\/2025\/04\/web-banner-960x120-1.png 960w, https:\/\/fcspartaktrnava.com\/wp-content\/uploads\/2025\/04\/web-banner-960x120-1-300x38.png 300w, https:\/\/fcspartaktrnava.com\/wp-content\/uploads\/2025\/04\/web-banner-960x120-1-768x96.png 768w, https:\/\/fcspartaktrnava.com\/wp-content\/uploads\/2025\/04\/web-banner-960x120-1-18x2.png 18w\" sizes=\"auto, (max-width: 960px) 100vw, 960px\" \/><\/a><\/figure>","protected":false},"excerpt":{"rendered":"<p>S\u00e9riu \u010dl\u00e1nkov o&nbsp;atrakt\u00edvnych medzin\u00e1rodn\u00fdch turnajoch na\u0161ich ml\u00e1de\u017en\u00edkov od\u0161tartujeme&#8230;<\/p>","protected":false},"author":2,"featured_media":27400,"comment_status":"closed","ping_status":"closed","sticky":false,"template":"","format":"standard","meta":{"footnotes":""},"categories":[52,12],"tags":[],"class_list":["post-27399","post","type-post","status-publish","format-standard","has-post-thumbnail","hentry","category-mladez","category-spravy","post-number-1"],"yoast_head":"<!-- This site is optimized with the Yoast SEO plugin v27.1.1 - https:\/\/yoast.com\/product\/yoast-seo-wordpress\/ -->\n<title>Sedemn\u00e1stka obsadila v\u00a0Lond\u00fdne zo 16 t\u00edmov 6. miesto - FC Spartak Trnava<\/title>\n<meta name=\"robots\" content=\"index, follow, max-snippet:-1, max-image-preview:large, max-video-preview:-1\" \/>\n<link rel=\"canonical\" href=\"https:\/\/fcspartaktrnava.com\/en\/sedemnastka-obsadila-v-londyne-zo-16-timov-6-miesto\/\" \/>\n<meta name=\"twitter:label1\" content=\"Written by\" \/>\n\t<meta name=\"twitter:data1\" content=\"spartak\" \/>\n\t<meta name=\"twitter:label2\" content=\"Estimated reading time\" \/>\n\t<meta name=\"twitter:data2\" content=\"5 minutes\" \/>\n<script type=\"application\/ld+json\" class=\"yoast-schema-graph\">{\"@context\":\"https:\/\/schema.org\",\"@graph\":[{\"@type\":\"Article\",\"@id\":\"https:\/\/fcspartaktrnava.com\/sedemnastka-obsadila-v-londyne-zo-16-timov-6-miesto\/#article\",\"isPartOf\":{\"@id\":\"https:\/\/fcspartaktrnava.com\/sedemnastka-obsadila-v-londyne-zo-16-timov-6-miesto\/\"},\"author\":{\"name\":\"spartak\",\"@id\":\"https:\/\/fcspartaktrnava.com\/#\/schema\/person\/24bc5b254af14f71d7d8af178790aa75\"},\"headline\":\"Sedemn\u00e1stka obsadila v\u00a0Lond\u00fdne zo 16 t\u00edmov 6. miesto\",\"datePublished\":\"2025-04-22T15:07:51+00:00\",\"dateModified\":\"2025-04-22T16:29:11+00:00\",\"mainEntityOfPage\":{\"@id\":\"https:\/\/fcspartaktrnava.com\/sedemnastka-obsadila-v-londyne-zo-16-timov-6-miesto\/\"},\"wordCount\":798,\"publisher\":{\"@id\":\"https:\/\/fcspartaktrnava.com\/#organization\"},\"image\":{\"@id\":\"https:\/\/fcspartaktrnava.com\/sedemnastka-obsadila-v-londyne-zo-16-timov-6-miesto\/#primaryimage\"},\"thumbnailUrl\":\"https:\/\/fcspartaktrnava.com\/wp-content\/uploads\/2025\/04\/Obrazok-WhatsApp-2025-04-22-o-15.29.24_023bcf50.jpg\",\"articleSection\":[\"Ml\u00e1de\u017e\",\"Spr\u00e1vy\"],\"inLanguage\":\"en-GB\"},{\"@type\":\"WebPage\",\"@id\":\"https:\/\/fcspartaktrnava.com\/sedemnastka-obsadila-v-londyne-zo-16-timov-6-miesto\/\",\"url\":\"https:\/\/fcspartaktrnava.com\/sedemnastka-obsadila-v-londyne-zo-16-timov-6-miesto\/\",\"name\":\"Sedemn\u00e1stka obsadila v\u00a0Lond\u00fdne zo 16 t\u00edmov 6. miesto - FC Spartak Trnava\",\"isPartOf\":{\"@id\":\"https:\/\/fcspartaktrnava.com\/#website\"},\"primaryImageOfPage\":{\"@id\":\"https:\/\/fcspartaktrnava.com\/sedemnastka-obsadila-v-londyne-zo-16-timov-6-miesto\/#primaryimage\"},\"image\":{\"@id\":\"https:\/\/fcspartaktrnava.com\/sedemnastka-obsadila-v-londyne-zo-16-timov-6-miesto\/#primaryimage\"},\"thumbnailUrl\":\"https:\/\/fcspartaktrnava.com\/wp-content\/uploads\/2025\/04\/Obrazok-WhatsApp-2025-04-22-o-15.29.24_023bcf50.jpg\",\"datePublished\":\"2025-04-22T15:07:51+00:00\",\"dateModified\":\"2025-04-22T16:29:11+00:00\",\"breadcrumb\":{\"@id\":\"https:\/\/fcspartaktrnava.com\/sedemnastka-obsadila-v-londyne-zo-16-timov-6-miesto\/#breadcrumb\"},\"inLanguage\":\"en-GB\",\"potentialAction\":[{\"@type\":\"ReadAction\",\"target\":[\"https:\/\/fcspartaktrnava.com\/sedemnastka-obsadila-v-londyne-zo-16-timov-6-miesto\/\"]}]},{\"@type\":\"ImageObject\",\"inLanguage\":\"en-GB\",\"@id\":\"https:\/\/fcspartaktrnava.com\/sedemnastka-obsadila-v-londyne-zo-16-timov-6-miesto\/#primaryimage\",\"url\":\"https:\/\/fcspartaktrnava.com\/wp-content\/uploads\/2025\/04\/Obrazok-WhatsApp-2025-04-22-o-15.29.24_023bcf50.jpg\",\"contentUrl\":\"https:\/\/fcspartaktrnava.com\/wp-content\/uploads\/2025\/04\/Obrazok-WhatsApp-2025-04-22-o-15.29.24_023bcf50.jpg\",\"width\":2048,\"height\":1152},{\"@type\":\"BreadcrumbList\",\"@id\":\"https:\/\/fcspartaktrnava.com\/sedemnastka-obsadila-v-londyne-zo-16-timov-6-miesto\/#breadcrumb\",\"itemListElement\":[{\"@type\":\"ListItem\",\"position\":1,\"name\":\"Home\",\"item\":\"https:\/\/fcspartaktrnava.com\/\"},{\"@type\":\"ListItem\",\"position\":2,\"name\":\"Sedemn\u00e1stka obsadila v\u00a0Lond\u00fdne zo 16 t\u00edmov 6. miesto\"}]},{\"@type\":\"WebSite\",\"@id\":\"https:\/\/fcspartaktrnava.com\/#website\",\"url\":\"https:\/\/fcspartaktrnava.com\/\",\"name\":\"FC Spartak Trnava\",\"description\":\"ofici\u00e1lna webstr\u00e1nka futbalov\u00e9ho klubu\",\"publisher\":{\"@id\":\"https:\/\/fcspartaktrnava.com\/#organization\"},\"potentialAction\":[{\"@type\":\"SearchAction\",\"target\":{\"@type\":\"EntryPoint\",\"urlTemplate\":\"https:\/\/fcspartaktrnava.com\/?s={search_term_string}\"},\"query-input\":{\"@type\":\"PropertyValueSpecification\",\"valueRequired\":true,\"valueName\":\"search_term_string\"}}],\"inLanguage\":\"en-GB\"},{\"@type\":\"Organization\",\"@id\":\"https:\/\/fcspartaktrnava.com\/#organization\",\"name\":\"FC Spartak Trnava\",\"alternateName\":\"Spartak\",\"url\":\"https:\/\/fcspartaktrnava.com\/\",\"logo\":{\"@type\":\"ImageObject\",\"inLanguage\":\"en-GB\",\"@id\":\"https:\/\/fcspartaktrnava.com\/#\/schema\/logo\/image\/\",\"url\":\"https:\/\/fcspartaktrnava.com\/wp-content\/uploads\/2022\/08\/cropped-site_logo.png\",\"contentUrl\":\"https:\/\/fcspartaktrnava.com\/wp-content\/uploads\/2022\/08\/cropped-site_logo.png\",\"width\":140,\"height\":140,\"caption\":\"FC Spartak Trnava\"},\"image\":{\"@id\":\"https:\/\/fcspartaktrnava.com\/#\/schema\/logo\/image\/\"},\"sameAs\":[\"https:\/\/www.facebook.com\/SpartakTrnava\",\"https:\/\/x.com\/SpartakTrnava1\",\"https:\/\/www.instagram.com\/spartak_sk\/\"]},{\"@type\":\"Person\",\"@id\":\"https:\/\/fcspartaktrnava.com\/#\/schema\/person\/24bc5b254af14f71d7d8af178790aa75\",\"name\":\"spartak\",\"image\":{\"@type\":\"ImageObject\",\"inLanguage\":\"en-GB\",\"@id\":\"https:\/\/fcspartaktrnava.com\/#\/schema\/person\/image\/\",\"url\":\"https:\/\/secure.gravatar.com\/avatar\/f8ff8584f3fcf3909a11a6da9019f37749183b4015bca14e64556c52614cdc7f?s=96&d=mm&r=g\",\"contentUrl\":\"https:\/\/secure.gravatar.com\/avatar\/f8ff8584f3fcf3909a11a6da9019f37749183b4015bca14e64556c52614cdc7f?s=96&d=mm&r=g\",\"caption\":\"spartak\"},\"url\":\"https:\/\/fcspartaktrnava.com\/en\/author\/spartak\/\"}]}<\/script>\n<!-- \/ Yoast SEO plugin. -->","yoast_head_json":{"title":"Sedemn\u00e1stka obsadila v\u00a0Lond\u00fdne zo 16 t\u00edmov 6. miesto - FC Spartak Trnava","robots":{"index":"index","follow":"follow","max-snippet":"max-snippet:-1","max-image-preview":"max-image-preview:large","max-video-preview":"max-video-preview:-1"},"canonical":"https:\/\/fcspartaktrnava.com\/en\/sedemnastka-obsadila-v-londyne-zo-16-timov-6-miesto\/","twitter_misc":{"Written by":"spartak","Estimated reading time":"5 minutes"},"schema":{"@context":"https:\/\/schema.org","@graph":[{"@type":"Article","@id":"https:\/\/fcspartaktrnava.com\/sedemnastka-obsadila-v-londyne-zo-16-timov-6-miesto\/#article","isPartOf":{"@id":"https:\/\/fcspartaktrnava.com\/sedemnastka-obsadila-v-londyne-zo-16-timov-6-miesto\/"},"author":{"name":"spartak","@id":"https:\/\/fcspartaktrnava.com\/#\/schema\/person\/24bc5b254af14f71d7d8af178790aa75"},"headline":"Sedemn\u00e1stka obsadila v\u00a0Lond\u00fdne zo 16 t\u00edmov 6. miesto","datePublished":"2025-04-22T15:07:51+00:00","dateModified":"2025-04-22T16:29:11+00:00","mainEntityOfPage":{"@id":"https:\/\/fcspartaktrnava.com\/sedemnastka-obsadila-v-londyne-zo-16-timov-6-miesto\/"},"wordCount":798,"publisher":{"@id":"https:\/\/fcspartaktrnava.com\/#organization"},"image":{"@id":"https:\/\/fcspartaktrnava.com\/sedemnastka-obsadila-v-londyne-zo-16-timov-6-miesto\/#primaryimage"},"thumbnailUrl":"https:\/\/fcspartaktrnava.com\/wp-content\/uploads\/2025\/04\/Obrazok-WhatsApp-2025-04-22-o-15.29.24_023bcf50.jpg","articleSection":["Ml\u00e1de\u017e","Spr\u00e1vy"],"inLanguage":"en-GB"},{"@type":"WebPage","@id":"https:\/\/fcspartaktrnava.com\/sedemnastka-obsadila-v-londyne-zo-16-timov-6-miesto\/","url":"https:\/\/fcspartaktrnava.com\/sedemnastka-obsadila-v-londyne-zo-16-timov-6-miesto\/","name":"Sedemn\u00e1stka obsadila v\u00a0Lond\u00fdne zo 16 t\u00edmov 6. miesto - FC Spartak Trnava","isPartOf":{"@id":"https:\/\/fcspartaktrnava.com\/#website"},"primaryImageOfPage":{"@id":"https:\/\/fcspartaktrnava.com\/sedemnastka-obsadila-v-londyne-zo-16-timov-6-miesto\/#primaryimage"},"image":{"@id":"https:\/\/fcspartaktrnava.com\/sedemnastka-obsadila-v-londyne-zo-16-timov-6-miesto\/#primaryimage"},"thumbnailUrl":"https:\/\/fcspartaktrnava.com\/wp-content\/uploads\/2025\/04\/Obrazok-WhatsApp-2025-04-22-o-15.29.24_023bcf50.jpg","datePublished":"2025-04-22T15:07:51+00:00","dateModified":"2025-04-22T16:29:11+00:00","breadcrumb":{"@id":"https:\/\/fcspartaktrnava.com\/sedemnastka-obsadila-v-londyne-zo-16-timov-6-miesto\/#breadcrumb"},"inLanguage":"en-GB","potentialAction":[{"@type":"ReadAction","target":["https:\/\/fcspartaktrnava.com\/sedemnastka-obsadila-v-londyne-zo-16-timov-6-miesto\/"]}]},{"@type":"ImageObject","inLanguage":"en-GB","@id":"https:\/\/fcspartaktrnava.com\/sedemnastka-obsadila-v-londyne-zo-16-timov-6-miesto\/#primaryimage","url":"https:\/\/fcspartaktrnava.com\/wp-content\/uploads\/2025\/04\/Obrazok-WhatsApp-2025-04-22-o-15.29.24_023bcf50.jpg","contentUrl":"https:\/\/fcspartaktrnava.com\/wp-content\/uploads\/2025\/04\/Obrazok-WhatsApp-2025-04-22-o-15.29.24_023bcf50.jpg","width":2048,"height":1152},{"@type":"BreadcrumbList","@id":"https:\/\/fcspartaktrnava.com\/sedemnastka-obsadila-v-londyne-zo-16-timov-6-miesto\/#breadcrumb","itemListElement":[{"@type":"ListItem","position":1,"name":"Home","item":"https:\/\/fcspartaktrnava.com\/"},{"@type":"ListItem","position":2,"name":"Sedemn\u00e1stka obsadila v\u00a0Lond\u00fdne zo 16 t\u00edmov 6. miesto"}]},{"@type":"WebSite","@id":"https:\/\/fcspartaktrnava.com\/#website","url":"https:\/\/fcspartaktrnava.com\/","name":"FC Spartak Trnava","description":"ofici\u00e1lna webstr\u00e1nka futbalov\u00e9ho klubu","publisher":{"@id":"https:\/\/fcspartaktrnava.com\/#organization"},"potentialAction":[{"@type":"SearchAction","target":{"@type":"EntryPoint","urlTemplate":"https:\/\/fcspartaktrnava.com\/?s={search_term_string}"},"query-input":{"@type":"PropertyValueSpecification","valueRequired":true,"valueName":"search_term_string"}}],"inLanguage":"en-GB"},{"@type":"Organization","@id":"https:\/\/fcspartaktrnava.com\/#organization","name":"FC Spartak Trnava","alternateName":"Spartak","url":"https:\/\/fcspartaktrnava.com\/","logo":{"@type":"ImageObject","inLanguage":"en-GB","@id":"https:\/\/fcspartaktrnava.com\/#\/schema\/logo\/image\/","url":"https:\/\/fcspartaktrnava.com\/wp-content\/uploads\/2022\/08\/cropped-site_logo.png","contentUrl":"https:\/\/fcspartaktrnava.com\/wp-content\/uploads\/2022\/08\/cropped-site_logo.png","width":140,"height":140,"caption":"FC Spartak Trnava"},"image":{"@id":"https:\/\/fcspartaktrnava.com\/#\/schema\/logo\/image\/"},"sameAs":["https:\/\/www.facebook.com\/SpartakTrnava","https:\/\/x.com\/SpartakTrnava1","https:\/\/www.instagram.com\/spartak_sk\/"]},{"@type":"Person","@id":"https:\/\/fcspartaktrnava.com\/#\/schema\/person\/24bc5b254af14f71d7d8af178790aa75","name":"spartak","image":{"@type":"ImageObject","inLanguage":"en-GB","@id":"https:\/\/fcspartaktrnava.com\/#\/schema\/person\/image\/","url":"https:\/\/secure.gravatar.com\/avatar\/f8ff8584f3fcf3909a11a6da9019f37749183b4015bca14e64556c52614cdc7f?s=96&d=mm&r=g","contentUrl":"https:\/\/secure.gravatar.com\/avatar\/f8ff8584f3fcf3909a11a6da9019f37749183b4015bca14e64556c52614cdc7f?s=96&d=mm&r=g","caption":"spartak"},"url":"https:\/\/fcspartaktrnava.com\/en\/author\/spartak\/"}]}},"_links":{"self":[{"href":"https:\/\/fcspartaktrnava.com\/en\/wp-json\/wp\/v2\/posts\/27399","targetHints":{"allow":["GET"]}}],"collection":[{"href":"https:\/\/fcspartaktrnava.com\/en\/wp-json\/wp\/v2\/posts"}],"about":[{"href":"https:\/\/fcspartaktrnava.com\/en\/wp-json\/wp\/v2\/types\/post"}],"author":[{"embeddable":true,"href":"https:\/\/fcspartaktrnava.com\/en\/wp-json\/wp\/v2\/users\/2"}],"replies":[{"embeddable":true,"href":"https:\/\/fcspartaktrnava.com\/en\/wp-json\/wp\/v2\/comments?post=27399"}],"version-history":[{"count":0,"href":"https:\/\/fcspartaktrnava.com\/en\/wp-json\/wp\/v2\/posts\/27399\/revisions"}],"wp:featuredmedia":[{"embeddable":true,"href":"https:\/\/fcspartaktrnava.com\/en\/wp-json\/wp\/v2\/media\/27400"}],"wp:attachment":[{"href":"https:\/\/fcspartaktrnava.com\/en\/wp-json\/wp\/v2\/media?parent=27399"}],"wp:term":[{"taxonomy":"category","embeddable":true,"href":"https:\/\/fcspartaktrnava.com\/en\/wp-json\/wp\/v2\/categories?post=27399"},{"taxonomy":"post_tag","embeddable":true,"href":"https:\/\/fcspartaktrnava.com\/en\/wp-json\/wp\/v2\/tags?post=27399"}],"curies":[{"name":"wp","href":"https:\/\/api.w.org\/{rel}","templated":true}]}}