{"id":27194,"date":"2025-04-18T11:43:19","date_gmt":"2025-04-18T09:43:19","guid":{"rendered":"https:\/\/fcspartaktrnava.com\/?p=27194"},"modified":"2025-04-18T11:43:20","modified_gmt":"2025-04-18T09:43:20","slug":"velkonocne-ligove-derby-v-znameni-tradicii-pod-na-stadion","status":"publish","type":"post","link":"https:\/\/fcspartaktrnava.com\/en\/velkonocne-ligove-derby-v-znameni-tradicii-pod-na-stadion\/","title":{"rendered":"Ve\u013ekono\u010dn\u00e9 ligov\u00e9 derby v znamen\u00ed trad\u00edci\u00ed. Po\u010f na \u0161tadi\u00f3n!"},"content":{"rendered":"<p class=\"has-text-align-center has-medium-font-size\">U\u017e zajtra n\u00e1s \u010dak\u00e1 posledn\u00e9 derby aktu\u00e1lnej sez\u00f3ny. Piaty vz\u00e1jomn\u00fd s\u00faboj za mesiac a pol uzavrie vz\u00e1jomn\u00e9 s\u00faboje proti Slovanu v tomto ro\u010dn\u00edku Nik\u00e9 ligy. E\u0161te st\u00e1le s\u00fa pred nami d\u00f4le\u017eit\u00e9 z\u00e1pasy a okrem derby n\u00e1s v najvy\u0161\u0161ej s\u00fa\u0165a\u017e\u00ed bud\u00fa \u010daka\u0165 s\u00faboje proti \u017diline, Ko\u0161iciam, Dunajskej Strede a Podbrezovej. A samozrejme aj \u0161tvrt\u00e9 poh\u00e1rov\u00e9 fin\u00e1le v rade v MOL Ar\u00e9ne proti Ru\u017eomberku na Sviatok pr\u00e1ce. <\/p>\n\n\n\n<p class=\"has-text-align-center has-medium-font-size\"><strong>Trnavsk\u00e9 sektory ste vypredali ako rakety, pr\u00ed\u010fte podpori\u0165 \u010derveno-\u010d\u00edrne farby aj zajtra na Ve\u013ekono\u010dn\u00e9 derby!<\/strong><\/p>\n\n\n\n<p class=\"has-text-align-center has-black-color has-white-background-color has-text-color has-background has-link-color has-medium-font-size wp-elements-ac6822bb1ce0a20ee2bf3cf6969c2dd3\"><strong><a href=\"https:\/\/predpredaj.zoznam.sk\/sk\/listky\/fc-spartak-trnava-sk-slovan-bratislava-2025-04-19\/\">L\u00edstky na Ve\u013ekono\u010dn\u00e9 derby k\u00fapite tu!<\/a><\/strong><\/p>\n\n\n\n<p class=\"has-text-align-center has-white-color has-vivid-red-background-color has-text-color has-background has-link-color has-medium-font-size wp-elements-fa6c704cf08a9bbfdae46f07c7ef6a16\"><strong>Okrem on-line predaja bud\u00fa v de\u0148 z\u00e1pasu otvoren\u00e9 aj pokladne na \u0161tadi\u00f3ne v \u010dase od 17:30 do 20:30.<\/strong><\/p>\n\n\n\n<p class=\"has-text-align-center has-medium-font-size\"><strong>Za\u017ei jedine\u010dn\u00fa derby atmosf\u00e9ru!<\/strong><\/p>\n\n\n<div class=\"wp-block-image\">\n<figure class=\"aligncenter size-large is-resized\"><img loading=\"lazy\" decoding=\"async\" width=\"1024\" height=\"681\" src=\"https:\/\/fcspartaktrnava.com\/wp-content\/uploads\/2025\/04\/36-1024x681.jpg\" alt=\"\" class=\"wp-image-27204\" style=\"width:700px\" srcset=\"https:\/\/fcspartaktrnava.com\/wp-content\/uploads\/2025\/04\/36-1024x681.jpg 1024w, https:\/\/fcspartaktrnava.com\/wp-content\/uploads\/2025\/04\/36-300x200.jpg 300w, https:\/\/fcspartaktrnava.com\/wp-content\/uploads\/2025\/04\/36-768x511.jpg 768w, https:\/\/fcspartaktrnava.com\/wp-content\/uploads\/2025\/04\/36-1536x1022.jpg 1536w, https:\/\/fcspartaktrnava.com\/wp-content\/uploads\/2025\/04\/36-2048x1363.jpg 2048w, https:\/\/fcspartaktrnava.com\/wp-content\/uploads\/2025\/04\/36-18x12.jpg 18w\" sizes=\"auto, (max-width: 1024px) 100vw, 1024px\" \/><\/figure>\n<\/div>\n\n\n<hr class=\"wp-block-separator has-text-color has-vivid-red-color has-alpha-channel-opacity has-vivid-red-background-color has-background is-style-dots\"\/>\n\n\n\n<h2 class=\"wp-block-heading has-text-align-center\">Trad\u00edcia, fanz\u00f3na a ocenenie hr\u00e1\u010dov<\/h2>\n\n\n\n<p class=\"has-text-align-center has-medium-font-size\">Sobotn\u00fd ve\u010dern\u00fd duel proti Slovanu sa bude op\u00e4\u0165 nies\u0165 v duchu trad\u00edci\u00ed Ve\u013ekej noci. Na hraciu plochu vyprevadia hr\u00e1\u010dov diev\u010dat\u00e1 a chlapci z <strong>Detsk\u00e9ho folkl\u00f3rneho s\u00faboru Trnav\u010dek. Odet\u00ed bud\u00fa v tradi\u010dn\u00fdch krojoch a cel\u00e9mu z\u00e1pasu tak dodaj\u00fa ve\u013ekono\u010dn\u00fd r\u00e1z. <\/strong><\/p>\n\n\n\n<p class=\"has-text-align-center has-medium-font-size\">Pred v\u00fdkopom duelu ocen\u00edme aj dvoch hr\u00e1\u010dov Spartaka. <strong>Philip Azango si preberie trofej a \u0161ek pre v\u00ed\u0165aza ankety G\u00f3l mesiaca marec a R\u00f3bert Pich ocenenie za 100. ligov\u00fd g\u00f3l v kari\u00e9re<\/strong>, ktor\u00fdm vst\u00fapil do Klubu ligov\u00fdch kanonierov. Pripravte si hlasivky a ruky pre poriadny potlesk.<\/p>\n\n\n<div class=\"wp-block-image\">\n<figure class=\"aligncenter size-large is-resized\"><img loading=\"lazy\" decoding=\"async\" width=\"1024\" height=\"682\" src=\"https:\/\/fcspartaktrnava.com\/wp-content\/uploads\/2025\/04\/DSC_7651-1024x682.jpg\" alt=\"\" class=\"wp-image-27109\" style=\"width:700px\" srcset=\"https:\/\/fcspartaktrnava.com\/wp-content\/uploads\/2025\/04\/DSC_7651-1024x682.jpg 1024w, https:\/\/fcspartaktrnava.com\/wp-content\/uploads\/2025\/04\/DSC_7651-300x200.jpg 300w, https:\/\/fcspartaktrnava.com\/wp-content\/uploads\/2025\/04\/DSC_7651-768x512.jpg 768w, https:\/\/fcspartaktrnava.com\/wp-content\/uploads\/2025\/04\/DSC_7651-18x12.jpg 18w, https:\/\/fcspartaktrnava.com\/wp-content\/uploads\/2025\/04\/DSC_7651.jpg 1520w\" sizes=\"auto, (max-width: 1024px) 100vw, 1024px\" \/><\/figure>\n<\/div>\n\n\n<hr class=\"wp-block-separator has-text-color has-vivid-red-color has-alpha-channel-opacity has-vivid-red-background-color has-background is-style-dots\"\/>\n\n\n\n<h2 class=\"wp-block-heading has-text-align-center\">Autogrami\u00e1da Philipa Azanga a z\u00e1bava vo Fanz\u00f3ne<\/h2>\n\n\n\n<p class=\"has-text-align-center has-medium-font-size\">Pred z\u00e1pasom si budete m\u00f4c\u0165 u\u017ei\u0165 z\u00e1bavu v FANZ\u00d3NE Nik\u00e9 ligy, ktor\u00e1 bude situovan\u00e1 ne\u010faleko FCSTORE a vstupu H. <\/p>\n\n\n\n<p class=\"has-text-align-center has-medium-font-size\"><strong>FANZ\u00d3NA pred City Ar\u00e9nou potrv\u00e1 od 18:00 do 20:30<\/strong><\/p>\n\n\n\n<p class=\"has-text-align-center has-medium-font-size\">Okrem autogrami\u00e1dy <strong>Philipa Azanga &#8211; cca od 19:15 <\/strong>uvid\u00edte vo fanz\u00f3ne aj vyst\u00fapenie tane\u010dnej skupiny, samba tane\u010dn\u00edc, bubnov\u00fa show, zas\u00fa\u0165a\u017e\u00edte si o merch Nik\u00e9 ligy (mikiny, tri\u010dk\u00e1, \u0161iltovky, pono\u017eky a pod.) alebo budete m\u00f4c\u0165 vysk\u00fa\u0161a\u0165 atrakcie ako napr. Sila strely, &#8222;Vysko\u010d ako&#8230;&#8220;, Lovec svetla, \u010di ma\u013eovanie na tv\u00e1r. Zas\u00fa\u0165a\u017ei\u0165 si budete m\u00f4c\u0165 aj o vecn\u00e9 ceny v tipova\u010dke. <\/p>\n\n\n\n<p class=\"has-text-align-center has-medium-font-size\">A ke\u010f u\u017e budete vo Fanz\u00f3ne, nezabudnite nav\u0161t\u00edvi\u0165 ani n\u00e1\u0161 fanshop <strong><a href=\"https:\/\/fcstore.sk\/\">FCSTORE.<\/a><\/strong> <\/p>\n\n\n\n<p class=\"has-text-align-center has-medium-font-size\"><strong>Otvoren\u00fd bude od 15:00 a aj hodinu po z\u00e1pase<\/strong>, aby ste si stihli nak\u00fapi\u0165 ob\u013e\u00faben\u00fd klubov\u00fd merch, dresy, origin\u00e1lne pono\u017eky alebo kolekciu jar\/leto od zna\u010dky PUMA. <\/p>\n\n\n\n<p class=\"has-text-align-center has-medium-font-size\">FCSTORE bude po\u010das sviato\u010dnej nedele a pondelka zatvoren\u00fd.<strong> Nev\u00e1hajte ale nakupova\u0165 pohodlne on-line na <a href=\"https:\/\/fcstore.sk\/\">fcstore.sk.<\/a><\/strong><\/p>\n\n\n<div class=\"wp-block-image\">\n<figure class=\"aligncenter size-large is-resized\"><img loading=\"lazy\" decoding=\"async\" width=\"1024\" height=\"683\" src=\"https:\/\/fcspartaktrnava.com\/wp-content\/uploads\/2025\/04\/STS_6966-1024x683.jpg\" alt=\"\" class=\"wp-image-27197\" style=\"width:700px\" srcset=\"https:\/\/fcspartaktrnava.com\/wp-content\/uploads\/2025\/04\/STS_6966-1024x683.jpg 1024w, https:\/\/fcspartaktrnava.com\/wp-content\/uploads\/2025\/04\/STS_6966-300x200.jpg 300w, https:\/\/fcspartaktrnava.com\/wp-content\/uploads\/2025\/04\/STS_6966-768x512.jpg 768w, https:\/\/fcspartaktrnava.com\/wp-content\/uploads\/2025\/04\/STS_6966-1536x1024.jpg 1536w, https:\/\/fcspartaktrnava.com\/wp-content\/uploads\/2025\/04\/STS_6966-2048x1365.jpg 2048w, https:\/\/fcspartaktrnava.com\/wp-content\/uploads\/2025\/04\/STS_6966-18x12.jpg 18w\" sizes=\"auto, (max-width: 1024px) 100vw, 1024px\" \/><\/figure>\n<\/div>\n\n\n<hr class=\"wp-block-separator has-text-color has-vivid-red-color has-alpha-channel-opacity has-vivid-red-background-color has-background is-style-dots\"\/>\n\n\n\n<p class=\"has-text-align-center has-medium-font-size\">Aj na ligovom derby n\u00e1jdete v ponuke na\u0161ich bufetov &#8222;por\u00e1dny p\u00e1rek&#8220;, ktor\u00fd v\u00e1s poriadne zas\u00fdti a dod\u00e1 potrebn\u00fa energiu na fandenie. <strong>Prajeme dobr\u00fa chu\u0165 a vid\u00edme sa na \u0160tadi\u00f3ne Antona Malatinsk\u00e9ho!<\/strong><\/p>\n\n\n<div class=\"wp-block-image\">\n<figure class=\"aligncenter size-large is-resized\"><img loading=\"lazy\" decoding=\"async\" width=\"1024\" height=\"683\" src=\"https:\/\/fcspartaktrnava.com\/wp-content\/uploads\/2025\/04\/STS_7616-1024x683.jpg\" alt=\"\" class=\"wp-image-27198\" style=\"width:700px\" srcset=\"https:\/\/fcspartaktrnava.com\/wp-content\/uploads\/2025\/04\/STS_7616-1024x683.jpg 1024w, https:\/\/fcspartaktrnava.com\/wp-content\/uploads\/2025\/04\/STS_7616-300x200.jpg 300w, https:\/\/fcspartaktrnava.com\/wp-content\/uploads\/2025\/04\/STS_7616-768x512.jpg 768w, https:\/\/fcspartaktrnava.com\/wp-content\/uploads\/2025\/04\/STS_7616-1536x1024.jpg 1536w, https:\/\/fcspartaktrnava.com\/wp-content\/uploads\/2025\/04\/STS_7616-2048x1365.jpg 2048w, https:\/\/fcspartaktrnava.com\/wp-content\/uploads\/2025\/04\/STS_7616-18x12.jpg 18w\" sizes=\"auto, (max-width: 1024px) 100vw, 1024px\" \/><\/figure>\n<\/div>\n\n\n<hr class=\"wp-block-separator has-text-color has-vivid-red-color has-alpha-channel-opacity has-vivid-red-background-color has-background is-style-dots\"\/>\n\n\n\n<p class=\"has-text-align-center has-medium-font-size\">A nezab\u00fadajte. Sme Spartak. Sme Rodzina, ker\u00fa si vybere\u0161. Rodzina, ker\u00e1 sa stret\u00e1va na \u0160tadi\u00f3ne Antona Malatinsk\u00e9ho.<\/p>\n\n\n\n<p class=\"has-text-align-center has-medium-font-size\">Sta\u0148 sa \u010dlenom\/\u010dlenkou \u010derveno-\u010d\u00edrnej Rodziny a \u010derpaj zauj\u00edmav\u00e9 benefity, z\u013eavy a v\u00fdhody.<\/p>\n\n\n\n<p class=\"has-text-align-center has-black-color has-white-background-color has-text-color has-background has-link-color has-medium-font-size wp-elements-58c47544cc141e512e4bb16b64a191a5\"><strong><a href=\"https:\/\/predpredaj.zoznam.sk\/sk\/listky\/fc-spartak-trnava-rodzina-25-26\/\">Vst\u00fap do \u010derveno-\u010d\u00edrnej Rodziny aj TY!<\/a><\/strong><\/p>\n\n\n\n<figure class=\"wp-block-gallery has-nested-images columns-default is-cropped wp-block-gallery-1 is-layout-flex wp-block-gallery-is-layout-flex\">\n<figure class=\"wp-block-image size-large\"><img loading=\"lazy\" decoding=\"async\" width=\"1024\" height=\"683\" data-id=\"27201\" src=\"https:\/\/fcspartaktrnava.com\/wp-content\/uploads\/2025\/04\/STS_7305-1024x683.jpg\" alt=\"\" class=\"wp-image-27201\" srcset=\"https:\/\/fcspartaktrnava.com\/wp-content\/uploads\/2025\/04\/STS_7305-1024x683.jpg 1024w, https:\/\/fcspartaktrnava.com\/wp-content\/uploads\/2025\/04\/STS_7305-300x200.jpg 300w, https:\/\/fcspartaktrnava.com\/wp-content\/uploads\/2025\/04\/STS_7305-768x512.jpg 768w, https:\/\/fcspartaktrnava.com\/wp-content\/uploads\/2025\/04\/STS_7305-1536x1024.jpg 1536w, https:\/\/fcspartaktrnava.com\/wp-content\/uploads\/2025\/04\/STS_7305-2048x1365.jpg 2048w, https:\/\/fcspartaktrnava.com\/wp-content\/uploads\/2025\/04\/STS_7305-18x12.jpg 18w\" sizes=\"auto, (max-width: 1024px) 100vw, 1024px\" \/><\/figure>\n\n\n\n<figure class=\"wp-block-image size-large\"><img loading=\"lazy\" decoding=\"async\" width=\"1024\" height=\"683\" data-id=\"27200\" src=\"https:\/\/fcspartaktrnava.com\/wp-content\/uploads\/2025\/04\/STS_7178-1024x683.jpg\" alt=\"\" class=\"wp-image-27200\" srcset=\"https:\/\/fcspartaktrnava.com\/wp-content\/uploads\/2025\/04\/STS_7178-1024x683.jpg 1024w, https:\/\/fcspartaktrnava.com\/wp-content\/uploads\/2025\/04\/STS_7178-300x200.jpg 300w, https:\/\/fcspartaktrnava.com\/wp-content\/uploads\/2025\/04\/STS_7178-768x512.jpg 768w, https:\/\/fcspartaktrnava.com\/wp-content\/uploads\/2025\/04\/STS_7178-1536x1024.jpg 1536w, https:\/\/fcspartaktrnava.com\/wp-content\/uploads\/2025\/04\/STS_7178-2048x1365.jpg 2048w, https:\/\/fcspartaktrnava.com\/wp-content\/uploads\/2025\/04\/STS_7178-18x12.jpg 18w\" sizes=\"auto, (max-width: 1024px) 100vw, 1024px\" \/><\/figure>\n\n\n\n<figure class=\"wp-block-image size-large\"><img loading=\"lazy\" decoding=\"async\" width=\"1024\" height=\"683\" data-id=\"27199\" src=\"https:\/\/fcspartaktrnava.com\/wp-content\/uploads\/2025\/04\/STS_7215-1024x683.jpg\" alt=\"\" class=\"wp-image-27199\" srcset=\"https:\/\/fcspartaktrnava.com\/wp-content\/uploads\/2025\/04\/STS_7215-1024x683.jpg 1024w, https:\/\/fcspartaktrnava.com\/wp-content\/uploads\/2025\/04\/STS_7215-300x200.jpg 300w, https:\/\/fcspartaktrnava.com\/wp-content\/uploads\/2025\/04\/STS_7215-768x512.jpg 768w, https:\/\/fcspartaktrnava.com\/wp-content\/uploads\/2025\/04\/STS_7215-1536x1024.jpg 1536w, https:\/\/fcspartaktrnava.com\/wp-content\/uploads\/2025\/04\/STS_7215-2048x1365.jpg 2048w, https:\/\/fcspartaktrnava.com\/wp-content\/uploads\/2025\/04\/STS_7215-18x12.jpg 18w\" sizes=\"auto, (max-width: 1024px) 100vw, 1024px\" \/><\/figure>\n<\/figure>\n\n\n\n<p><\/p>\n\n\n\n<figure class=\"wp-block-image size-large\"><img loading=\"lazy\" decoding=\"async\" width=\"1024\" height=\"683\" src=\"https:\/\/fcspartaktrnava.com\/wp-content\/uploads\/2025\/04\/STS_7450-1024x683.jpg\" alt=\"\" class=\"wp-image-27202\" srcset=\"https:\/\/fcspartaktrnava.com\/wp-content\/uploads\/2025\/04\/STS_7450-1024x683.jpg 1024w, https:\/\/fcspartaktrnava.com\/wp-content\/uploads\/2025\/04\/STS_7450-300x200.jpg 300w, https:\/\/fcspartaktrnava.com\/wp-content\/uploads\/2025\/04\/STS_7450-768x512.jpg 768w, https:\/\/fcspartaktrnava.com\/wp-content\/uploads\/2025\/04\/STS_7450-1536x1024.jpg 1536w, https:\/\/fcspartaktrnava.com\/wp-content\/uploads\/2025\/04\/STS_7450-2048x1365.jpg 2048w, https:\/\/fcspartaktrnava.com\/wp-content\/uploads\/2025\/04\/STS_7450-18x12.jpg 18w\" sizes=\"auto, (max-width: 1024px) 100vw, 1024px\" \/><\/figure>\n\n\n\n<p><\/p>\n\n\n\n<figure class=\"wp-block-image size-full\"><a href=\"https:\/\/predpredaj.zoznam.sk\/sk\/listky\/fc-spartak-trnava-rodzina-25-26\/\"><img loading=\"lazy\" decoding=\"async\" width=\"960\" height=\"120\" src=\"https:\/\/fcspartaktrnava.com\/wp-content\/uploads\/2025\/04\/web-banner-960x120-1.png\" alt=\"\" class=\"wp-image-27048\" srcset=\"https:\/\/fcspartaktrnava.com\/wp-content\/uploads\/2025\/04\/web-banner-960x120-1.png 960w, https:\/\/fcspartaktrnava.com\/wp-content\/uploads\/2025\/04\/web-banner-960x120-1-300x38.png 300w, https:\/\/fcspartaktrnava.com\/wp-content\/uploads\/2025\/04\/web-banner-960x120-1-768x96.png 768w, https:\/\/fcspartaktrnava.com\/wp-content\/uploads\/2025\/04\/web-banner-960x120-1-18x2.png 18w\" sizes=\"auto, (max-width: 960px) 100vw, 960px\" \/><\/a><\/figure>","protected":false},"excerpt":{"rendered":"<p>U\u017e zajtra n\u00e1s \u010dak\u00e1 posledn\u00e9 derby aktu\u00e1lnej sez\u00f3ny&#8230;.<\/p>","protected":false},"author":5,"featured_media":27203,"comment_status":"closed","ping_status":"closed","sticky":false,"template":"","format":"standard","meta":{"footnotes":""},"categories":[12,20],"tags":[],"class_list":["post-27194","post","type-post","status-publish","format-standard","has-post-thumbnail","hentry","category-spravy","category-zapas","post-number-1"],"yoast_head":"<!-- This site is optimized with the Yoast SEO plugin v27.1.1 - https:\/\/yoast.com\/product\/yoast-seo-wordpress\/ -->\n<title>Ve\u013ekono\u010dn\u00e9 ligov\u00e9 derby v znamen\u00ed trad\u00edci\u00ed. Po\u010f na \u0161tadi\u00f3n! - FC Spartak Trnava<\/title>\n<meta name=\"robots\" content=\"index, follow, max-snippet:-1, max-image-preview:large, max-video-preview:-1\" \/>\n<link rel=\"canonical\" href=\"https:\/\/fcspartaktrnava.com\/en\/velkonocne-ligove-derby-v-znameni-tradicii-pod-na-stadion\/\" \/>\n<meta name=\"twitter:label1\" content=\"Written by\" \/>\n\t<meta name=\"twitter:data1\" content=\"Samuel \u010eurinsk\u00fd\" \/>\n\t<meta name=\"twitter:label2\" content=\"Estimated reading time\" \/>\n\t<meta name=\"twitter:data2\" content=\"5 minutes\" \/>\n<script type=\"application\/ld+json\" class=\"yoast-schema-graph\">{\"@context\":\"https:\/\/schema.org\",\"@graph\":[{\"@type\":\"Article\",\"@id\":\"https:\/\/fcspartaktrnava.com\/velkonocne-ligove-derby-v-znameni-tradicii-pod-na-stadion\/#article\",\"isPartOf\":{\"@id\":\"https:\/\/fcspartaktrnava.com\/velkonocne-ligove-derby-v-znameni-tradicii-pod-na-stadion\/\"},\"author\":{\"name\":\"Samuel \u010eurinsk\u00fd\",\"@id\":\"https:\/\/fcspartaktrnava.com\/#\/schema\/person\/62c3c2562c3c56e4c0c8c2342c596ac0\"},\"headline\":\"Ve\u013ekono\u010dn\u00e9 ligov\u00e9 derby v znamen\u00ed trad\u00edci\u00ed. Po\u010f na \u0161tadi\u00f3n!\",\"datePublished\":\"2025-04-18T09:43:19+00:00\",\"dateModified\":\"2025-04-18T09:43:20+00:00\",\"mainEntityOfPage\":{\"@id\":\"https:\/\/fcspartaktrnava.com\/velkonocne-ligove-derby-v-znameni-tradicii-pod-na-stadion\/\"},\"wordCount\":546,\"publisher\":{\"@id\":\"https:\/\/fcspartaktrnava.com\/#organization\"},\"image\":{\"@id\":\"https:\/\/fcspartaktrnava.com\/velkonocne-ligove-derby-v-znameni-tradicii-pod-na-stadion\/#primaryimage\"},\"thumbnailUrl\":\"https:\/\/fcspartaktrnava.com\/wp-content\/uploads\/2025\/04\/Erik-Daniel-a-dievcatko-v-kroji.-FCST-scaled.jpg\",\"articleSection\":[\"Spr\u00e1vy\",\"Z\u00e1pas\"],\"inLanguage\":\"en-GB\"},{\"@type\":\"WebPage\",\"@id\":\"https:\/\/fcspartaktrnava.com\/velkonocne-ligove-derby-v-znameni-tradicii-pod-na-stadion\/\",\"url\":\"https:\/\/fcspartaktrnava.com\/velkonocne-ligove-derby-v-znameni-tradicii-pod-na-stadion\/\",\"name\":\"Ve\u013ekono\u010dn\u00e9 ligov\u00e9 derby v znamen\u00ed trad\u00edci\u00ed. Po\u010f na \u0161tadi\u00f3n! - FC Spartak Trnava\",\"isPartOf\":{\"@id\":\"https:\/\/fcspartaktrnava.com\/#website\"},\"primaryImageOfPage\":{\"@id\":\"https:\/\/fcspartaktrnava.com\/velkonocne-ligove-derby-v-znameni-tradicii-pod-na-stadion\/#primaryimage\"},\"image\":{\"@id\":\"https:\/\/fcspartaktrnava.com\/velkonocne-ligove-derby-v-znameni-tradicii-pod-na-stadion\/#primaryimage\"},\"thumbnailUrl\":\"https:\/\/fcspartaktrnava.com\/wp-content\/uploads\/2025\/04\/Erik-Daniel-a-dievcatko-v-kroji.-FCST-scaled.jpg\",\"datePublished\":\"2025-04-18T09:43:19+00:00\",\"dateModified\":\"2025-04-18T09:43:20+00:00\",\"breadcrumb\":{\"@id\":\"https:\/\/fcspartaktrnava.com\/velkonocne-ligove-derby-v-znameni-tradicii-pod-na-stadion\/#breadcrumb\"},\"inLanguage\":\"en-GB\",\"potentialAction\":[{\"@type\":\"ReadAction\",\"target\":[\"https:\/\/fcspartaktrnava.com\/velkonocne-ligove-derby-v-znameni-tradicii-pod-na-stadion\/\"]}]},{\"@type\":\"ImageObject\",\"inLanguage\":\"en-GB\",\"@id\":\"https:\/\/fcspartaktrnava.com\/velkonocne-ligove-derby-v-znameni-tradicii-pod-na-stadion\/#primaryimage\",\"url\":\"https:\/\/fcspartaktrnava.com\/wp-content\/uploads\/2025\/04\/Erik-Daniel-a-dievcatko-v-kroji.-FCST-scaled.jpg\",\"contentUrl\":\"https:\/\/fcspartaktrnava.com\/wp-content\/uploads\/2025\/04\/Erik-Daniel-a-dievcatko-v-kroji.-FCST-scaled.jpg\",\"width\":2560,\"height\":1703},{\"@type\":\"BreadcrumbList\",\"@id\":\"https:\/\/fcspartaktrnava.com\/velkonocne-ligove-derby-v-znameni-tradicii-pod-na-stadion\/#breadcrumb\",\"itemListElement\":[{\"@type\":\"ListItem\",\"position\":1,\"name\":\"Home\",\"item\":\"https:\/\/fcspartaktrnava.com\/\"},{\"@type\":\"ListItem\",\"position\":2,\"name\":\"Ve\u013ekono\u010dn\u00e9 ligov\u00e9 derby v znamen\u00ed trad\u00edci\u00ed. Po\u010f na \u0161tadi\u00f3n!\"}]},{\"@type\":\"WebSite\",\"@id\":\"https:\/\/fcspartaktrnava.com\/#website\",\"url\":\"https:\/\/fcspartaktrnava.com\/\",\"name\":\"FC Spartak Trnava\",\"description\":\"ofici\u00e1lna webstr\u00e1nka futbalov\u00e9ho klubu\",\"publisher\":{\"@id\":\"https:\/\/fcspartaktrnava.com\/#organization\"},\"potentialAction\":[{\"@type\":\"SearchAction\",\"target\":{\"@type\":\"EntryPoint\",\"urlTemplate\":\"https:\/\/fcspartaktrnava.com\/?s={search_term_string}\"},\"query-input\":{\"@type\":\"PropertyValueSpecification\",\"valueRequired\":true,\"valueName\":\"search_term_string\"}}],\"inLanguage\":\"en-GB\"},{\"@type\":\"Organization\",\"@id\":\"https:\/\/fcspartaktrnava.com\/#organization\",\"name\":\"FC Spartak Trnava\",\"alternateName\":\"Spartak\",\"url\":\"https:\/\/fcspartaktrnava.com\/\",\"logo\":{\"@type\":\"ImageObject\",\"inLanguage\":\"en-GB\",\"@id\":\"https:\/\/fcspartaktrnava.com\/#\/schema\/logo\/image\/\",\"url\":\"https:\/\/fcspartaktrnava.com\/wp-content\/uploads\/2022\/08\/cropped-site_logo.png\",\"contentUrl\":\"https:\/\/fcspartaktrnava.com\/wp-content\/uploads\/2022\/08\/cropped-site_logo.png\",\"width\":140,\"height\":140,\"caption\":\"FC Spartak Trnava\"},\"image\":{\"@id\":\"https:\/\/fcspartaktrnava.com\/#\/schema\/logo\/image\/\"},\"sameAs\":[\"https:\/\/www.facebook.com\/SpartakTrnava\",\"https:\/\/x.com\/SpartakTrnava1\",\"https:\/\/www.instagram.com\/spartak_sk\/\"]},{\"@type\":\"Person\",\"@id\":\"https:\/\/fcspartaktrnava.com\/#\/schema\/person\/62c3c2562c3c56e4c0c8c2342c596ac0\",\"name\":\"Samuel \u010eurinsk\u00fd\",\"image\":{\"@type\":\"ImageObject\",\"inLanguage\":\"en-GB\",\"@id\":\"https:\/\/fcspartaktrnava.com\/#\/schema\/person\/image\/\",\"url\":\"https:\/\/secure.gravatar.com\/avatar\/af2fa02af92418b86ed742470664fe40056833fb68d84becf03f6ab02319257c?s=96&d=mm&r=g\",\"contentUrl\":\"https:\/\/secure.gravatar.com\/avatar\/af2fa02af92418b86ed742470664fe40056833fb68d84becf03f6ab02319257c?s=96&d=mm&r=g\",\"caption\":\"Samuel \u010eurinsk\u00fd\"},\"url\":\"https:\/\/fcspartaktrnava.com\/en\/author\/fcst-samuel\/\"}]}<\/script>\n<!-- \/ Yoast SEO plugin. -->","yoast_head_json":{"title":"Ve\u013ekono\u010dn\u00e9 ligov\u00e9 derby v znamen\u00ed trad\u00edci\u00ed. Po\u010f na \u0161tadi\u00f3n! - FC Spartak Trnava","robots":{"index":"index","follow":"follow","max-snippet":"max-snippet:-1","max-image-preview":"max-image-preview:large","max-video-preview":"max-video-preview:-1"},"canonical":"https:\/\/fcspartaktrnava.com\/en\/velkonocne-ligove-derby-v-znameni-tradicii-pod-na-stadion\/","twitter_misc":{"Written by":"Samuel \u010eurinsk\u00fd","Estimated reading time":"5 minutes"},"schema":{"@context":"https:\/\/schema.org","@graph":[{"@type":"Article","@id":"https:\/\/fcspartaktrnava.com\/velkonocne-ligove-derby-v-znameni-tradicii-pod-na-stadion\/#article","isPartOf":{"@id":"https:\/\/fcspartaktrnava.com\/velkonocne-ligove-derby-v-znameni-tradicii-pod-na-stadion\/"},"author":{"name":"Samuel \u010eurinsk\u00fd","@id":"https:\/\/fcspartaktrnava.com\/#\/schema\/person\/62c3c2562c3c56e4c0c8c2342c596ac0"},"headline":"Ve\u013ekono\u010dn\u00e9 ligov\u00e9 derby v znamen\u00ed trad\u00edci\u00ed. Po\u010f na \u0161tadi\u00f3n!","datePublished":"2025-04-18T09:43:19+00:00","dateModified":"2025-04-18T09:43:20+00:00","mainEntityOfPage":{"@id":"https:\/\/fcspartaktrnava.com\/velkonocne-ligove-derby-v-znameni-tradicii-pod-na-stadion\/"},"wordCount":546,"publisher":{"@id":"https:\/\/fcspartaktrnava.com\/#organization"},"image":{"@id":"https:\/\/fcspartaktrnava.com\/velkonocne-ligove-derby-v-znameni-tradicii-pod-na-stadion\/#primaryimage"},"thumbnailUrl":"https:\/\/fcspartaktrnava.com\/wp-content\/uploads\/2025\/04\/Erik-Daniel-a-dievcatko-v-kroji.-FCST-scaled.jpg","articleSection":["Spr\u00e1vy","Z\u00e1pas"],"inLanguage":"en-GB"},{"@type":"WebPage","@id":"https:\/\/fcspartaktrnava.com\/velkonocne-ligove-derby-v-znameni-tradicii-pod-na-stadion\/","url":"https:\/\/fcspartaktrnava.com\/velkonocne-ligove-derby-v-znameni-tradicii-pod-na-stadion\/","name":"Ve\u013ekono\u010dn\u00e9 ligov\u00e9 derby v znamen\u00ed trad\u00edci\u00ed. Po\u010f na \u0161tadi\u00f3n! - FC Spartak Trnava","isPartOf":{"@id":"https:\/\/fcspartaktrnava.com\/#website"},"primaryImageOfPage":{"@id":"https:\/\/fcspartaktrnava.com\/velkonocne-ligove-derby-v-znameni-tradicii-pod-na-stadion\/#primaryimage"},"image":{"@id":"https:\/\/fcspartaktrnava.com\/velkonocne-ligove-derby-v-znameni-tradicii-pod-na-stadion\/#primaryimage"},"thumbnailUrl":"https:\/\/fcspartaktrnava.com\/wp-content\/uploads\/2025\/04\/Erik-Daniel-a-dievcatko-v-kroji.-FCST-scaled.jpg","datePublished":"2025-04-18T09:43:19+00:00","dateModified":"2025-04-18T09:43:20+00:00","breadcrumb":{"@id":"https:\/\/fcspartaktrnava.com\/velkonocne-ligove-derby-v-znameni-tradicii-pod-na-stadion\/#breadcrumb"},"inLanguage":"en-GB","potentialAction":[{"@type":"ReadAction","target":["https:\/\/fcspartaktrnava.com\/velkonocne-ligove-derby-v-znameni-tradicii-pod-na-stadion\/"]}]},{"@type":"ImageObject","inLanguage":"en-GB","@id":"https:\/\/fcspartaktrnava.com\/velkonocne-ligove-derby-v-znameni-tradicii-pod-na-stadion\/#primaryimage","url":"https:\/\/fcspartaktrnava.com\/wp-content\/uploads\/2025\/04\/Erik-Daniel-a-dievcatko-v-kroji.-FCST-scaled.jpg","contentUrl":"https:\/\/fcspartaktrnava.com\/wp-content\/uploads\/2025\/04\/Erik-Daniel-a-dievcatko-v-kroji.-FCST-scaled.jpg","width":2560,"height":1703},{"@type":"BreadcrumbList","@id":"https:\/\/fcspartaktrnava.com\/velkonocne-ligove-derby-v-znameni-tradicii-pod-na-stadion\/#breadcrumb","itemListElement":[{"@type":"ListItem","position":1,"name":"Home","item":"https:\/\/fcspartaktrnava.com\/"},{"@type":"ListItem","position":2,"name":"Ve\u013ekono\u010dn\u00e9 ligov\u00e9 derby v znamen\u00ed trad\u00edci\u00ed. Po\u010f na \u0161tadi\u00f3n!"}]},{"@type":"WebSite","@id":"https:\/\/fcspartaktrnava.com\/#website","url":"https:\/\/fcspartaktrnava.com\/","name":"FC Spartak Trnava","description":"ofici\u00e1lna webstr\u00e1nka futbalov\u00e9ho klubu","publisher":{"@id":"https:\/\/fcspartaktrnava.com\/#organization"},"potentialAction":[{"@type":"SearchAction","target":{"@type":"EntryPoint","urlTemplate":"https:\/\/fcspartaktrnava.com\/?s={search_term_string}"},"query-input":{"@type":"PropertyValueSpecification","valueRequired":true,"valueName":"search_term_string"}}],"inLanguage":"en-GB"},{"@type":"Organization","@id":"https:\/\/fcspartaktrnava.com\/#organization","name":"FC Spartak Trnava","alternateName":"Spartak","url":"https:\/\/fcspartaktrnava.com\/","logo":{"@type":"ImageObject","inLanguage":"en-GB","@id":"https:\/\/fcspartaktrnava.com\/#\/schema\/logo\/image\/","url":"https:\/\/fcspartaktrnava.com\/wp-content\/uploads\/2022\/08\/cropped-site_logo.png","contentUrl":"https:\/\/fcspartaktrnava.com\/wp-content\/uploads\/2022\/08\/cropped-site_logo.png","width":140,"height":140,"caption":"FC Spartak Trnava"},"image":{"@id":"https:\/\/fcspartaktrnava.com\/#\/schema\/logo\/image\/"},"sameAs":["https:\/\/www.facebook.com\/SpartakTrnava","https:\/\/x.com\/SpartakTrnava1","https:\/\/www.instagram.com\/spartak_sk\/"]},{"@type":"Person","@id":"https:\/\/fcspartaktrnava.com\/#\/schema\/person\/62c3c2562c3c56e4c0c8c2342c596ac0","name":"Samuel \u010eurinsk\u00fd","image":{"@type":"ImageObject","inLanguage":"en-GB","@id":"https:\/\/fcspartaktrnava.com\/#\/schema\/person\/image\/","url":"https:\/\/secure.gravatar.com\/avatar\/af2fa02af92418b86ed742470664fe40056833fb68d84becf03f6ab02319257c?s=96&d=mm&r=g","contentUrl":"https:\/\/secure.gravatar.com\/avatar\/af2fa02af92418b86ed742470664fe40056833fb68d84becf03f6ab02319257c?s=96&d=mm&r=g","caption":"Samuel \u010eurinsk\u00fd"},"url":"https:\/\/fcspartaktrnava.com\/en\/author\/fcst-samuel\/"}]}},"_links":{"self":[{"href":"https:\/\/fcspartaktrnava.com\/en\/wp-json\/wp\/v2\/posts\/27194","targetHints":{"allow":["GET"]}}],"collection":[{"href":"https:\/\/fcspartaktrnava.com\/en\/wp-json\/wp\/v2\/posts"}],"about":[{"href":"https:\/\/fcspartaktrnava.com\/en\/wp-json\/wp\/v2\/types\/post"}],"author":[{"embeddable":true,"href":"https:\/\/fcspartaktrnava.com\/en\/wp-json\/wp\/v2\/users\/5"}],"replies":[{"embeddable":true,"href":"https:\/\/fcspartaktrnava.com\/en\/wp-json\/wp\/v2\/comments?post=27194"}],"version-history":[{"count":0,"href":"https:\/\/fcspartaktrnava.com\/en\/wp-json\/wp\/v2\/posts\/27194\/revisions"}],"wp:featuredmedia":[{"embeddable":true,"href":"https:\/\/fcspartaktrnava.com\/en\/wp-json\/wp\/v2\/media\/27203"}],"wp:attachment":[{"href":"https:\/\/fcspartaktrnava.com\/en\/wp-json\/wp\/v2\/media?parent=27194"}],"wp:term":[{"taxonomy":"category","embeddable":true,"href":"https:\/\/fcspartaktrnava.com\/en\/wp-json\/wp\/v2\/categories?post=27194"},{"taxonomy":"post_tag","embeddable":true,"href":"https:\/\/fcspartaktrnava.com\/en\/wp-json\/wp\/v2\/tags?post=27194"}],"curies":[{"name":"wp","href":"https:\/\/api.w.org\/{rel}","templated":true}]}}