{"id":27188,"date":"2025-04-17T11:46:14","date_gmt":"2025-04-17T09:46:14","guid":{"rendered":"https:\/\/fcspartaktrnava.com\/?p=27188"},"modified":"2025-04-17T11:46:14","modified_gmt":"2025-04-17T09:46:14","slug":"spolupraca-s-univerzitou-sv-cyrila-a-metoda-v-trnave-potvrdena-podpisom-memoranda","status":"publish","type":"post","link":"https:\/\/fcspartaktrnava.com\/en\/spolupraca-s-univerzitou-sv-cyrila-a-metoda-v-trnave-potvrdena-podpisom-memoranda\/","title":{"rendered":"Spolupr\u00e1ca s\u00a0Univerzitou sv. Cyrila a\u00a0Metoda v\u00a0Trnave potvrden\u00e1 podpisom memoranda"},"content":{"rendered":"<p class=\"has-text-align-center has-medium-font-size\">V&nbsp;stredu dopoludnia sa na p\u00f4de \u0160tadi\u00f3na Antona Malatinsk\u00e9ho uskuto\u010dnilo podp\u00edsanie memoranda o&nbsp;spolupr\u00e1ci medzi FC Spartak Trnava a&nbsp;Univerzitou sv. Cyrila a&nbsp;Metoda v&nbsp;Trnave (UCM).<\/p>\n\n\n\n<p class=\"has-text-align-center has-medium-font-size\">Len pred p\u00e1r t\u00fd\u017ed\u0148ami uzrel svetlo sveta nov\u00fd spolo\u010dn\u00fd projekt oboch str\u00e1n memoranda, ktor\u00fd na\u0161tartoval vz\u00e1jomn\u00fa spolupr\u00e1cu. Prepojenie \u0161tudentsk\u00e9ho a&nbsp;\u0161portov\u00e9ho sveta je v&nbsp;meste Trnava prirodzen\u00fdm prejavom podpory mlad\u00fdch \u013eud\u00ed a&nbsp;ich v\u00e4\u010d\u0161ieho zapojenia do aktiv\u00edt klubu so silnou trad\u00edciou a&nbsp;zna\u010dkou.<\/p>\n\n\n\n<p class=\"has-text-align-center has-medium-font-size\">V&nbsp;r\u00e1mci spom\u00ednanej spolupr\u00e1ce spustil klub FC Spartak Trnava program zv\u00fdhodnen\u00fdch vstupeniek na dom\u00e1ce z\u00e1pasy pre \u0161tudentky a&nbsp;\u0161tudentov UCM. Akcia 1+1 u\u017e na\u0161la svoje vyu\u017eitie na dueloch proti \u017diline a&nbsp;na derby proti Slovanu. Aj t\u00fdmto sp\u00f4sobom m\u00f4\u017ee klub z\u00edska\u0165 \u010fal\u0161iu fan\u00fa\u0161ikovsk\u00fa z\u00e1klad\u0148u a&nbsp;\u0161tudenti za\u017ei\u0165 jedine\u010dn\u00fa atmosf\u00e9ru futbalov\u00fdch z\u00e1pasov a&nbsp;postupne aj \u010fal\u0161ie pl\u00e1novan\u00e9 spolo\u010dn\u00e9 aktivity.<\/p>\n\n\n\n<p class=\"has-text-align-center has-medium-font-size\">Rektorka Univerzity sv. Cyrila a&nbsp;Metoda v&nbsp;Trnave pani <strong>prof. Mgr. Katar\u00edna Slobodov\u00e1 Nov\u00e1kov\u00e1, PhD.<\/strong> vn\u00edma podpis memoranda o&nbsp;spolupr\u00e1ci ako pozit\u00edvny prvok v&nbsp;snahe rozv\u00edja\u0165 \u0161portov\u00e9 a&nbsp;kult\u00farne aktivity \u0161tudentov a&nbsp;zamestnancov.<\/p>\n\n\n\n<p class=\"has-text-align-center has-medium-font-size\"><strong>\u201eCie\u013eom Univerzity sv. Cyrila a&nbsp;Metoda v&nbsp;Trnave je v&nbsp;r\u00e1mci dlhodob\u00e9ho z\u00e1meru podporova\u0165 a&nbsp;rozv\u00edja\u0165 \u0161portov\u00e9 a&nbsp;kult\u00farne aktivity \u0161tudentov a&nbsp;zamestnancov na\u0161ej Univerzity. Preto ve\u013emi v\u00edtame mo\u017enos\u0165 aby sa \u0161tudenti mohli z\u00fa\u010dast\u0148ova\u0165 z\u00e1pasov a&nbsp;by\u0165 akt\u00edvnou s\u00fa\u010das\u0165ou celej \u0161portovej komunity.\u201c<\/strong><\/p>\n\n\n<div class=\"wp-block-image\">\n<figure class=\"aligncenter size-large\"><img loading=\"lazy\" decoding=\"async\" width=\"1024\" height=\"684\" src=\"https:\/\/fcspartaktrnava.com\/wp-content\/uploads\/2025\/04\/Kopia-suboru-ROM_0418-1024x684.jpg\" alt=\"\" class=\"wp-image-27189\" srcset=\"https:\/\/fcspartaktrnava.com\/wp-content\/uploads\/2025\/04\/Kopia-suboru-ROM_0418-1024x684.jpg 1024w, https:\/\/fcspartaktrnava.com\/wp-content\/uploads\/2025\/04\/Kopia-suboru-ROM_0418-300x200.jpg 300w, https:\/\/fcspartaktrnava.com\/wp-content\/uploads\/2025\/04\/Kopia-suboru-ROM_0418-768x513.jpg 768w, https:\/\/fcspartaktrnava.com\/wp-content\/uploads\/2025\/04\/Kopia-suboru-ROM_0418-1536x1025.jpg 1536w, https:\/\/fcspartaktrnava.com\/wp-content\/uploads\/2025\/04\/Kopia-suboru-ROM_0418-2048x1367.jpg 2048w, https:\/\/fcspartaktrnava.com\/wp-content\/uploads\/2025\/04\/Kopia-suboru-ROM_0418-18x12.jpg 18w\" sizes=\"auto, (max-width: 1024px) 100vw, 1024px\" \/><\/figure>\n<\/div>\n\n\n<p class=\"has-text-align-center has-small-font-size\">Rektorka Univerzity sv. Cyrila a\u00a0Metoda v\u00a0Trnave pani prof. Mgr. Katar\u00edna Slobodov\u00e1 Nov\u00e1kov\u00e1, PhD a gener\u00e1lny mana\u017e\u00e9r klubu FC Spartak Trnava \u2013 Martin Hudec. FOTO: FC Spartak Trnava<\/p>\n\n\n\n<hr class=\"wp-block-separator has-text-color has-vivid-red-color has-alpha-channel-opacity has-vivid-red-background-color has-background is-style-dots\"\/>\n\n\n\n<h2 class=\"wp-block-heading has-text-align-center\">Marketingov\u00e1, medi\u00e1lna a \u0161portov\u00e1 spolupr\u00e1ca<\/h2>\n\n\n\n<p class=\"has-text-align-center has-medium-font-size\">Gener\u00e1lny mana\u017e\u00e9r klubu FC Spartak Trnava \u2013 <strong>Martin Hudec<\/strong>, vn\u00edma vz\u00e1jomn\u00fa spolupr\u00e1cu s&nbsp;UCM ve\u013emi pozit\u00edvne a&nbsp;te\u0161\u00ed sa na jej postupn\u00e9 zve\u013ea\u010fovanie.<\/p>\n\n\n\n<p class=\"has-text-align-center has-medium-font-size\"><strong>\u201eSme ve\u013emi radi, \u017ee budeme s\u00fa\u010das\u0165ou prepojenia \u0161portov\u00e9ho a&nbsp;\u0161tudentsk\u00e9ho sveta. Te\u0161\u00edme sa na spolo\u010dn\u00e9 aktivity, ktor\u00e9 postupne priprav\u00edme v&nbsp;r\u00e1mci podp\u00edsan\u00e9ho Memoranda o&nbsp;spolupr\u00e1ci. Trnava ako siln\u00e9 futbalov\u00e9 a&nbsp;\u0161tudentsk\u00e9 mesto prin\u00e1\u0161a v\u010faka tejto dohode nov\u00e9 mo\u017enosti pre zapojenie \u0161tudentiek a&nbsp;\u0161tudentov do \u0161portov\u00fdch aktiv\u00edt v&nbsp;meste. V&nbsp;spolupr\u00e1ci s&nbsp;UCM a&nbsp;\u0161tudentmi tak m\u00f4\u017eeme realizova\u0165 zauj\u00edmav\u00e9 projekty a&nbsp;vytvori\u0165 im priestor na rozvoj a&nbsp;sebarealiz\u00e1ciu, ktor\u00e1 im d\u00e1 potrebn\u00e9 praktick\u00e9 sk\u00fasenosti do \u010fal\u0161ieho osobn\u00e9ho a&nbsp;pracovn\u00e9ho \u017eivota.\u201c<\/strong><\/p>\n\n\n\n<p class=\"has-text-align-center has-medium-font-size\">Memorandum o&nbsp;spolupr\u00e1ci medzi FC Spartak Trnava a&nbsp;UCM je uzavret\u00e9 (zatia\u013e) do konca roka 2026. Jeho s\u00fa\u010das\u0165ou je napr. marketingov\u00e1, medi\u00e1lna a&nbsp;\u0161portov\u00e1 spolupr\u00e1ca medzi oboma stranami, pl\u00e1novan\u00e9 s\u00fa r\u00f4zne zauj\u00edmav\u00e9 predn\u00e1\u0161ky a&nbsp;workshopy pre \u0161tudentov, CSR projekty a&nbsp;v&nbsp;neposlednom rade aj vz\u00e1jomn\u00e1 propag\u00e1cia aktiv\u00edt.<\/p>\n\n\n<div class=\"wp-block-image\">\n<figure class=\"aligncenter size-large is-resized\"><img loading=\"lazy\" decoding=\"async\" width=\"684\" height=\"1024\" src=\"https:\/\/fcspartaktrnava.com\/wp-content\/uploads\/2025\/04\/Kopia-suboru-ROM_0471-684x1024.jpg\" alt=\"\" class=\"wp-image-27190\" style=\"width:600px\" srcset=\"https:\/\/fcspartaktrnava.com\/wp-content\/uploads\/2025\/04\/Kopia-suboru-ROM_0471-684x1024.jpg 684w, https:\/\/fcspartaktrnava.com\/wp-content\/uploads\/2025\/04\/Kopia-suboru-ROM_0471-200x300.jpg 200w, https:\/\/fcspartaktrnava.com\/wp-content\/uploads\/2025\/04\/Kopia-suboru-ROM_0471-768x1151.jpg 768w, https:\/\/fcspartaktrnava.com\/wp-content\/uploads\/2025\/04\/Kopia-suboru-ROM_0471-1025x1536.jpg 1025w, https:\/\/fcspartaktrnava.com\/wp-content\/uploads\/2025\/04\/Kopia-suboru-ROM_0471-1367x2048.jpg 1367w, https:\/\/fcspartaktrnava.com\/wp-content\/uploads\/2025\/04\/Kopia-suboru-ROM_0471-8x12.jpg 8w, https:\/\/fcspartaktrnava.com\/wp-content\/uploads\/2025\/04\/Kopia-suboru-ROM_0471-scaled.jpg 1709w\" sizes=\"auto, (max-width: 684px) 100vw, 684px\" \/><\/figure>\n<\/div>\n\n\n<p><\/p>\n\n\n\n<p class=\"has-text-align-center\"><strong>FC Spartak Trnava<\/strong><\/p>\n\n\n\n<figure class=\"wp-block-image size-full\"><a href=\"https:\/\/predpredaj.zoznam.sk\/sk\/listky\/fc-spartak-trnava-rodzina-25-26\/\"><img loading=\"lazy\" decoding=\"async\" width=\"960\" height=\"120\" src=\"https:\/\/fcspartaktrnava.com\/wp-content\/uploads\/2025\/04\/web-banner-960x120-1.png\" alt=\"\" class=\"wp-image-27048\" srcset=\"https:\/\/fcspartaktrnava.com\/wp-content\/uploads\/2025\/04\/web-banner-960x120-1.png 960w, https:\/\/fcspartaktrnava.com\/wp-content\/uploads\/2025\/04\/web-banner-960x120-1-300x38.png 300w, https:\/\/fcspartaktrnava.com\/wp-content\/uploads\/2025\/04\/web-banner-960x120-1-768x96.png 768w, https:\/\/fcspartaktrnava.com\/wp-content\/uploads\/2025\/04\/web-banner-960x120-1-18x2.png 18w\" sizes=\"auto, (max-width: 960px) 100vw, 960px\" \/><\/a><\/figure>","protected":false},"excerpt":{"rendered":"<p>V&nbsp;stredu dopoludnia sa na p\u00f4de \u0160tadi\u00f3na Antona Malatinsk\u00e9ho&#8230;<\/p>","protected":false},"author":5,"featured_media":27191,"comment_status":"closed","ping_status":"closed","sticky":false,"template":"","format":"standard","meta":{"footnotes":""},"categories":[41,12],"tags":[],"class_list":["post-27188","post","type-post","status-publish","format-standard","has-post-thumbnail","hentry","category-intervju","category-spravy","post-number-1"],"yoast_head":"<!-- This site is optimized with the Yoast SEO plugin v27.1.1 - https:\/\/yoast.com\/product\/yoast-seo-wordpress\/ -->\n<title>Spolupr\u00e1ca s\u00a0Univerzitou sv. Cyrila a\u00a0Metoda v\u00a0Trnave potvrden\u00e1 podpisom memoranda - FC Spartak Trnava<\/title>\n<meta name=\"robots\" content=\"index, follow, max-snippet:-1, max-image-preview:large, max-video-preview:-1\" \/>\n<link rel=\"canonical\" href=\"https:\/\/fcspartaktrnava.com\/en\/spolupraca-s-univerzitou-sv-cyrila-a-metoda-v-trnave-potvrdena-podpisom-memoranda\/\" \/>\n<meta name=\"twitter:label1\" content=\"Written by\" \/>\n\t<meta name=\"twitter:data1\" content=\"Samuel \u010eurinsk\u00fd\" \/>\n\t<meta name=\"twitter:label2\" content=\"Estimated reading time\" \/>\n\t<meta name=\"twitter:data2\" content=\"3 minutes\" \/>\n<script type=\"application\/ld+json\" class=\"yoast-schema-graph\">{\"@context\":\"https:\/\/schema.org\",\"@graph\":[{\"@type\":\"Article\",\"@id\":\"https:\/\/fcspartaktrnava.com\/spolupraca-s-univerzitou-sv-cyrila-a-metoda-v-trnave-potvrdena-podpisom-memoranda\/#article\",\"isPartOf\":{\"@id\":\"https:\/\/fcspartaktrnava.com\/spolupraca-s-univerzitou-sv-cyrila-a-metoda-v-trnave-potvrdena-podpisom-memoranda\/\"},\"author\":{\"name\":\"Samuel \u010eurinsk\u00fd\",\"@id\":\"https:\/\/fcspartaktrnava.com\/#\/schema\/person\/62c3c2562c3c56e4c0c8c2342c596ac0\"},\"headline\":\"Spolupr\u00e1ca s\u00a0Univerzitou sv. Cyrila a\u00a0Metoda v\u00a0Trnave potvrden\u00e1 podpisom memoranda\",\"datePublished\":\"2025-04-17T09:46:14+00:00\",\"mainEntityOfPage\":{\"@id\":\"https:\/\/fcspartaktrnava.com\/spolupraca-s-univerzitou-sv-cyrila-a-metoda-v-trnave-potvrdena-podpisom-memoranda\/\"},\"wordCount\":567,\"publisher\":{\"@id\":\"https:\/\/fcspartaktrnava.com\/#organization\"},\"image\":{\"@id\":\"https:\/\/fcspartaktrnava.com\/spolupraca-s-univerzitou-sv-cyrila-a-metoda-v-trnave-potvrdena-podpisom-memoranda\/#primaryimage\"},\"thumbnailUrl\":\"https:\/\/fcspartaktrnava.com\/wp-content\/uploads\/2025\/04\/Kopia-suboru-ROM_0461-scaled.jpg\",\"articleSection\":[\"Rozhovory\",\"Spr\u00e1vy\"],\"inLanguage\":\"en-GB\"},{\"@type\":\"WebPage\",\"@id\":\"https:\/\/fcspartaktrnava.com\/spolupraca-s-univerzitou-sv-cyrila-a-metoda-v-trnave-potvrdena-podpisom-memoranda\/\",\"url\":\"https:\/\/fcspartaktrnava.com\/spolupraca-s-univerzitou-sv-cyrila-a-metoda-v-trnave-potvrdena-podpisom-memoranda\/\",\"name\":\"Spolupr\u00e1ca s\u00a0Univerzitou sv. Cyrila a\u00a0Metoda v\u00a0Trnave potvrden\u00e1 podpisom memoranda - FC Spartak Trnava\",\"isPartOf\":{\"@id\":\"https:\/\/fcspartaktrnava.com\/#website\"},\"primaryImageOfPage\":{\"@id\":\"https:\/\/fcspartaktrnava.com\/spolupraca-s-univerzitou-sv-cyrila-a-metoda-v-trnave-potvrdena-podpisom-memoranda\/#primaryimage\"},\"image\":{\"@id\":\"https:\/\/fcspartaktrnava.com\/spolupraca-s-univerzitou-sv-cyrila-a-metoda-v-trnave-potvrdena-podpisom-memoranda\/#primaryimage\"},\"thumbnailUrl\":\"https:\/\/fcspartaktrnava.com\/wp-content\/uploads\/2025\/04\/Kopia-suboru-ROM_0461-scaled.jpg\",\"datePublished\":\"2025-04-17T09:46:14+00:00\",\"breadcrumb\":{\"@id\":\"https:\/\/fcspartaktrnava.com\/spolupraca-s-univerzitou-sv-cyrila-a-metoda-v-trnave-potvrdena-podpisom-memoranda\/#breadcrumb\"},\"inLanguage\":\"en-GB\",\"potentialAction\":[{\"@type\":\"ReadAction\",\"target\":[\"https:\/\/fcspartaktrnava.com\/spolupraca-s-univerzitou-sv-cyrila-a-metoda-v-trnave-potvrdena-podpisom-memoranda\/\"]}]},{\"@type\":\"ImageObject\",\"inLanguage\":\"en-GB\",\"@id\":\"https:\/\/fcspartaktrnava.com\/spolupraca-s-univerzitou-sv-cyrila-a-metoda-v-trnave-potvrdena-podpisom-memoranda\/#primaryimage\",\"url\":\"https:\/\/fcspartaktrnava.com\/wp-content\/uploads\/2025\/04\/Kopia-suboru-ROM_0461-scaled.jpg\",\"contentUrl\":\"https:\/\/fcspartaktrnava.com\/wp-content\/uploads\/2025\/04\/Kopia-suboru-ROM_0461-scaled.jpg\",\"width\":2560,\"height\":1709},{\"@type\":\"BreadcrumbList\",\"@id\":\"https:\/\/fcspartaktrnava.com\/spolupraca-s-univerzitou-sv-cyrila-a-metoda-v-trnave-potvrdena-podpisom-memoranda\/#breadcrumb\",\"itemListElement\":[{\"@type\":\"ListItem\",\"position\":1,\"name\":\"Home\",\"item\":\"https:\/\/fcspartaktrnava.com\/\"},{\"@type\":\"ListItem\",\"position\":2,\"name\":\"Spolupr\u00e1ca s\u00a0Univerzitou sv. Cyrila a\u00a0Metoda v\u00a0Trnave potvrden\u00e1 podpisom memoranda\"}]},{\"@type\":\"WebSite\",\"@id\":\"https:\/\/fcspartaktrnava.com\/#website\",\"url\":\"https:\/\/fcspartaktrnava.com\/\",\"name\":\"FC Spartak Trnava\",\"description\":\"ofici\u00e1lna webstr\u00e1nka futbalov\u00e9ho klubu\",\"publisher\":{\"@id\":\"https:\/\/fcspartaktrnava.com\/#organization\"},\"potentialAction\":[{\"@type\":\"SearchAction\",\"target\":{\"@type\":\"EntryPoint\",\"urlTemplate\":\"https:\/\/fcspartaktrnava.com\/?s={search_term_string}\"},\"query-input\":{\"@type\":\"PropertyValueSpecification\",\"valueRequired\":true,\"valueName\":\"search_term_string\"}}],\"inLanguage\":\"en-GB\"},{\"@type\":\"Organization\",\"@id\":\"https:\/\/fcspartaktrnava.com\/#organization\",\"name\":\"FC Spartak Trnava\",\"alternateName\":\"Spartak\",\"url\":\"https:\/\/fcspartaktrnava.com\/\",\"logo\":{\"@type\":\"ImageObject\",\"inLanguage\":\"en-GB\",\"@id\":\"https:\/\/fcspartaktrnava.com\/#\/schema\/logo\/image\/\",\"url\":\"https:\/\/fcspartaktrnava.com\/wp-content\/uploads\/2022\/08\/cropped-site_logo.png\",\"contentUrl\":\"https:\/\/fcspartaktrnava.com\/wp-content\/uploads\/2022\/08\/cropped-site_logo.png\",\"width\":140,\"height\":140,\"caption\":\"FC Spartak Trnava\"},\"image\":{\"@id\":\"https:\/\/fcspartaktrnava.com\/#\/schema\/logo\/image\/\"},\"sameAs\":[\"https:\/\/www.facebook.com\/SpartakTrnava\",\"https:\/\/x.com\/SpartakTrnava1\",\"https:\/\/www.instagram.com\/spartak_sk\/\"]},{\"@type\":\"Person\",\"@id\":\"https:\/\/fcspartaktrnava.com\/#\/schema\/person\/62c3c2562c3c56e4c0c8c2342c596ac0\",\"name\":\"Samuel \u010eurinsk\u00fd\",\"image\":{\"@type\":\"ImageObject\",\"inLanguage\":\"en-GB\",\"@id\":\"https:\/\/fcspartaktrnava.com\/#\/schema\/person\/image\/\",\"url\":\"https:\/\/secure.gravatar.com\/avatar\/af2fa02af92418b86ed742470664fe40056833fb68d84becf03f6ab02319257c?s=96&d=mm&r=g\",\"contentUrl\":\"https:\/\/secure.gravatar.com\/avatar\/af2fa02af92418b86ed742470664fe40056833fb68d84becf03f6ab02319257c?s=96&d=mm&r=g\",\"caption\":\"Samuel \u010eurinsk\u00fd\"},\"url\":\"https:\/\/fcspartaktrnava.com\/en\/author\/fcst-samuel\/\"}]}<\/script>\n<!-- \/ Yoast SEO plugin. -->","yoast_head_json":{"title":"Spolupr\u00e1ca s\u00a0Univerzitou sv. Cyrila a\u00a0Metoda v\u00a0Trnave potvrden\u00e1 podpisom memoranda - FC Spartak Trnava","robots":{"index":"index","follow":"follow","max-snippet":"max-snippet:-1","max-image-preview":"max-image-preview:large","max-video-preview":"max-video-preview:-1"},"canonical":"https:\/\/fcspartaktrnava.com\/en\/spolupraca-s-univerzitou-sv-cyrila-a-metoda-v-trnave-potvrdena-podpisom-memoranda\/","twitter_misc":{"Written by":"Samuel \u010eurinsk\u00fd","Estimated reading time":"3 minutes"},"schema":{"@context":"https:\/\/schema.org","@graph":[{"@type":"Article","@id":"https:\/\/fcspartaktrnava.com\/spolupraca-s-univerzitou-sv-cyrila-a-metoda-v-trnave-potvrdena-podpisom-memoranda\/#article","isPartOf":{"@id":"https:\/\/fcspartaktrnava.com\/spolupraca-s-univerzitou-sv-cyrila-a-metoda-v-trnave-potvrdena-podpisom-memoranda\/"},"author":{"name":"Samuel \u010eurinsk\u00fd","@id":"https:\/\/fcspartaktrnava.com\/#\/schema\/person\/62c3c2562c3c56e4c0c8c2342c596ac0"},"headline":"Spolupr\u00e1ca s\u00a0Univerzitou sv. Cyrila a\u00a0Metoda v\u00a0Trnave potvrden\u00e1 podpisom memoranda","datePublished":"2025-04-17T09:46:14+00:00","mainEntityOfPage":{"@id":"https:\/\/fcspartaktrnava.com\/spolupraca-s-univerzitou-sv-cyrila-a-metoda-v-trnave-potvrdena-podpisom-memoranda\/"},"wordCount":567,"publisher":{"@id":"https:\/\/fcspartaktrnava.com\/#organization"},"image":{"@id":"https:\/\/fcspartaktrnava.com\/spolupraca-s-univerzitou-sv-cyrila-a-metoda-v-trnave-potvrdena-podpisom-memoranda\/#primaryimage"},"thumbnailUrl":"https:\/\/fcspartaktrnava.com\/wp-content\/uploads\/2025\/04\/Kopia-suboru-ROM_0461-scaled.jpg","articleSection":["Rozhovory","Spr\u00e1vy"],"inLanguage":"en-GB"},{"@type":"WebPage","@id":"https:\/\/fcspartaktrnava.com\/spolupraca-s-univerzitou-sv-cyrila-a-metoda-v-trnave-potvrdena-podpisom-memoranda\/","url":"https:\/\/fcspartaktrnava.com\/spolupraca-s-univerzitou-sv-cyrila-a-metoda-v-trnave-potvrdena-podpisom-memoranda\/","name":"Spolupr\u00e1ca s\u00a0Univerzitou sv. Cyrila a\u00a0Metoda v\u00a0Trnave potvrden\u00e1 podpisom memoranda - FC Spartak Trnava","isPartOf":{"@id":"https:\/\/fcspartaktrnava.com\/#website"},"primaryImageOfPage":{"@id":"https:\/\/fcspartaktrnava.com\/spolupraca-s-univerzitou-sv-cyrila-a-metoda-v-trnave-potvrdena-podpisom-memoranda\/#primaryimage"},"image":{"@id":"https:\/\/fcspartaktrnava.com\/spolupraca-s-univerzitou-sv-cyrila-a-metoda-v-trnave-potvrdena-podpisom-memoranda\/#primaryimage"},"thumbnailUrl":"https:\/\/fcspartaktrnava.com\/wp-content\/uploads\/2025\/04\/Kopia-suboru-ROM_0461-scaled.jpg","datePublished":"2025-04-17T09:46:14+00:00","breadcrumb":{"@id":"https:\/\/fcspartaktrnava.com\/spolupraca-s-univerzitou-sv-cyrila-a-metoda-v-trnave-potvrdena-podpisom-memoranda\/#breadcrumb"},"inLanguage":"en-GB","potentialAction":[{"@type":"ReadAction","target":["https:\/\/fcspartaktrnava.com\/spolupraca-s-univerzitou-sv-cyrila-a-metoda-v-trnave-potvrdena-podpisom-memoranda\/"]}]},{"@type":"ImageObject","inLanguage":"en-GB","@id":"https:\/\/fcspartaktrnava.com\/spolupraca-s-univerzitou-sv-cyrila-a-metoda-v-trnave-potvrdena-podpisom-memoranda\/#primaryimage","url":"https:\/\/fcspartaktrnava.com\/wp-content\/uploads\/2025\/04\/Kopia-suboru-ROM_0461-scaled.jpg","contentUrl":"https:\/\/fcspartaktrnava.com\/wp-content\/uploads\/2025\/04\/Kopia-suboru-ROM_0461-scaled.jpg","width":2560,"height":1709},{"@type":"BreadcrumbList","@id":"https:\/\/fcspartaktrnava.com\/spolupraca-s-univerzitou-sv-cyrila-a-metoda-v-trnave-potvrdena-podpisom-memoranda\/#breadcrumb","itemListElement":[{"@type":"ListItem","position":1,"name":"Home","item":"https:\/\/fcspartaktrnava.com\/"},{"@type":"ListItem","position":2,"name":"Spolupr\u00e1ca s\u00a0Univerzitou sv. Cyrila a\u00a0Metoda v\u00a0Trnave potvrden\u00e1 podpisom memoranda"}]},{"@type":"WebSite","@id":"https:\/\/fcspartaktrnava.com\/#website","url":"https:\/\/fcspartaktrnava.com\/","name":"FC Spartak Trnava","description":"ofici\u00e1lna webstr\u00e1nka futbalov\u00e9ho klubu","publisher":{"@id":"https:\/\/fcspartaktrnava.com\/#organization"},"potentialAction":[{"@type":"SearchAction","target":{"@type":"EntryPoint","urlTemplate":"https:\/\/fcspartaktrnava.com\/?s={search_term_string}"},"query-input":{"@type":"PropertyValueSpecification","valueRequired":true,"valueName":"search_term_string"}}],"inLanguage":"en-GB"},{"@type":"Organization","@id":"https:\/\/fcspartaktrnava.com\/#organization","name":"FC Spartak Trnava","alternateName":"Spartak","url":"https:\/\/fcspartaktrnava.com\/","logo":{"@type":"ImageObject","inLanguage":"en-GB","@id":"https:\/\/fcspartaktrnava.com\/#\/schema\/logo\/image\/","url":"https:\/\/fcspartaktrnava.com\/wp-content\/uploads\/2022\/08\/cropped-site_logo.png","contentUrl":"https:\/\/fcspartaktrnava.com\/wp-content\/uploads\/2022\/08\/cropped-site_logo.png","width":140,"height":140,"caption":"FC Spartak Trnava"},"image":{"@id":"https:\/\/fcspartaktrnava.com\/#\/schema\/logo\/image\/"},"sameAs":["https:\/\/www.facebook.com\/SpartakTrnava","https:\/\/x.com\/SpartakTrnava1","https:\/\/www.instagram.com\/spartak_sk\/"]},{"@type":"Person","@id":"https:\/\/fcspartaktrnava.com\/#\/schema\/person\/62c3c2562c3c56e4c0c8c2342c596ac0","name":"Samuel \u010eurinsk\u00fd","image":{"@type":"ImageObject","inLanguage":"en-GB","@id":"https:\/\/fcspartaktrnava.com\/#\/schema\/person\/image\/","url":"https:\/\/secure.gravatar.com\/avatar\/af2fa02af92418b86ed742470664fe40056833fb68d84becf03f6ab02319257c?s=96&d=mm&r=g","contentUrl":"https:\/\/secure.gravatar.com\/avatar\/af2fa02af92418b86ed742470664fe40056833fb68d84becf03f6ab02319257c?s=96&d=mm&r=g","caption":"Samuel \u010eurinsk\u00fd"},"url":"https:\/\/fcspartaktrnava.com\/en\/author\/fcst-samuel\/"}]}},"_links":{"self":[{"href":"https:\/\/fcspartaktrnava.com\/en\/wp-json\/wp\/v2\/posts\/27188","targetHints":{"allow":["GET"]}}],"collection":[{"href":"https:\/\/fcspartaktrnava.com\/en\/wp-json\/wp\/v2\/posts"}],"about":[{"href":"https:\/\/fcspartaktrnava.com\/en\/wp-json\/wp\/v2\/types\/post"}],"author":[{"embeddable":true,"href":"https:\/\/fcspartaktrnava.com\/en\/wp-json\/wp\/v2\/users\/5"}],"replies":[{"embeddable":true,"href":"https:\/\/fcspartaktrnava.com\/en\/wp-json\/wp\/v2\/comments?post=27188"}],"version-history":[{"count":0,"href":"https:\/\/fcspartaktrnava.com\/en\/wp-json\/wp\/v2\/posts\/27188\/revisions"}],"wp:featuredmedia":[{"embeddable":true,"href":"https:\/\/fcspartaktrnava.com\/en\/wp-json\/wp\/v2\/media\/27191"}],"wp:attachment":[{"href":"https:\/\/fcspartaktrnava.com\/en\/wp-json\/wp\/v2\/media?parent=27188"}],"wp:term":[{"taxonomy":"category","embeddable":true,"href":"https:\/\/fcspartaktrnava.com\/en\/wp-json\/wp\/v2\/categories?post=27188"},{"taxonomy":"post_tag","embeddable":true,"href":"https:\/\/fcspartaktrnava.com\/en\/wp-json\/wp\/v2\/tags?post=27188"}],"curies":[{"name":"wp","href":"https:\/\/api.w.org\/{rel}","templated":true}]}}