{"id":27186,"date":"2025-04-17T13:31:36","date_gmt":"2025-04-17T11:31:36","guid":{"rendered":"https:\/\/fcspartaktrnava.com\/?p=27186"},"modified":"2025-04-17T16:18:12","modified_gmt":"2025-04-17T14:18:12","slug":"finale-slovnaft-cupu-uz-1-maja-informacie-pre-fanusikov","status":"publish","type":"post","link":"https:\/\/fcspartaktrnava.com\/en\/finale-slovnaft-cupu-uz-1-maja-informacie-pre-fanusikov\/","title":{"rendered":"Fin\u00e1le Slovnaft Cupu u\u017e 1. m\u00e1ja. Inform\u00e1cie pre fan\u00fa\u0161ikov"},"content":{"rendered":"<p class=\"has-text-align-center has-medium-font-size\"><strong>Na Sviatok pr\u00e1ce n\u00e1s \u010dak\u00e1 vyvrcholenie poh\u00e1rovej sez\u00f3ny! 1. m\u00e1ja od 15:00 v DAC Ar\u00e9ne (Dunajsk\u00e1 Streda) sa po roku op\u00e4\u0165 stretneme s Ru\u017eomberkom. P\u00f4jde o v\u0161etko! <\/strong><\/p>\n\n\n\n<p><\/p>\n\n\n\n<h2 class=\"wp-block-heading has-text-align-center has-white-color has-vivid-red-background-color has-text-color has-background has-link-color wp-elements-d03ff825f2a3d531c628c3dfa0bff97b\">PREDAJ L\u00cdSTKOV PRE FAN\u00da\u0160IKOV SPARTAKA &#8211; INFORM\u00c1CIE<\/h2>\n\n\n\n<p class=\"has-text-align-center has-medium-font-size\">Predaj vstupeniek na fin\u00e1lov\u00fd z\u00e1pas Slovnaft Cupu bude prebieha\u0165 v\u00fdhrade ONLINE na predpredaj.sk.<\/p>\n\n\n\n<p class=\"has-text-align-center has-black-color has-white-background-color has-text-color has-background has-link-color has-medium-font-size wp-elements-05d1aa718d34e52a5da8c194572fe684\"><strong><a href=\"https:\/\/predpredaj.zoznam.sk\/sk\/listky\/finale-slovnaft-cup-20242025-fc-spartak-trnava-2025-05-01\/\">L\u00edstky si zak\u00fapite TU.<\/a><\/strong><\/p>\n\n\n\n<p class=\"has-text-align-center has-medium-font-size\">Link bude akt\u00edvny od \u0161tvrtka&nbsp;<strong>17.4.2025 od 13:00 hod. <\/strong>a\u017e do \u010dasu v\u00fdkopu t.j. do 1.5.2025 do 15:00 hod.&nbsp;<\/p>\n\n\n\n<p class=\"has-text-align-center has-medium-font-size\"><strong>So za\u010diatkom \u010dasu v\u00fdkopu bude link vypnut\u00fd<\/strong> a&nbsp;u\u017e nebude mo\u017en\u00e9 si vstupenky zak\u00fapi\u0165.<\/p>\n\n\n\n<p class=\"has-text-align-center has-white-color has-vivid-red-background-color has-text-color has-background has-link-color has-medium-font-size wp-elements-93cde60d52322642fc7c24a6cacfcec6\">Sektory pre fan\u00fa\u0161ikov Spartaka: <strong>D1<\/strong>,&nbsp;<strong>D2, D3, D4, CD, C5, C4 <\/strong>&#8211; v pr\u00edpade vypredania t\u00fdchto sektorov bude doplnen\u00fd aj sektor AL.<\/p>\n\n\n\n<p class=\"has-text-align-center has-black-color has-white-background-color has-text-color has-background has-link-color has-medium-font-size wp-elements-7e6c0dcc393142a7e819c1598e6b3b8e\"><strong>Kapacita uveden\u00fdch sektorov je: cca 4658 miest (vr\u00e1tane sektora AL a bezpe\u010dnostnej buffer z\u00f3ny medzi sektormi C4 a C3)<\/strong><\/p>\n\n\n\n<hr class=\"wp-block-separator has-alpha-channel-opacity\"\/>\n\n\n\n<h2 class=\"wp-block-heading has-text-align-center\">PODMIENKY PREDAJA<\/h2>\n\n\n\n<p class=\"has-text-align-center has-medium-font-size\"><strong>Z\u00e1pas bude veden\u00fd ako rizikov\u00fd a vstupenky sa bud\u00fa pred\u00e1va\u0165 na krstn\u00e9 meno, priezvisko, d\u00e1tum narodenia a adresu trval\u00e9ho bydliska dr\u017eite\u013ea vstupenky a to bez oh\u013eadu na v\u00fdber sektoru.<\/strong><\/p>\n\n\n\n<p class=\"has-text-align-center has-medium-font-size\">\u00b7&nbsp;&nbsp;&nbsp;&nbsp;&nbsp;&nbsp;&nbsp;&nbsp;Na jeden n\u00e1kup, t.j. na jedn\u00e9ho registrovan\u00e9ho u\u017e\u00edvate\u013ea (z\u00e1kazn\u00edka), bude mo\u017en\u00e9 si zak\u00fapi\u0165&nbsp;<strong>max. 4 vstupenky<\/strong>&nbsp;a&nbsp;<strong>ku ka\u017edej vstupenke je potrebn\u00e9 uvies\u0165 \u00fadaje dr\u017eite\u013ea vstupenky, ktor\u00fd sa dan\u00e9ho z\u00e1pasu aj fyzicky z\u00fa\u010dastn\u00ed<\/strong>.<\/p>\n\n\n\n<p class=\"has-text-align-center has-medium-font-size\">\u00b7&nbsp;&nbsp;&nbsp;&nbsp;&nbsp;&nbsp;&nbsp;&nbsp;Upozor\u0148ujeme, \u017ee men\u00e1 na vstupenk\u00e1ch&nbsp;<strong>nebude mo\u017en\u00e9 zmeni\u0165<\/strong>&nbsp;za meno nov\u00e9 dr\u017eite\u013ea. Taktie\u017e nie je mo\u017en\u00e9 \u00fadaje na vstupenk\u00e1ch prepisova\u0165. Akon\u00e1hle bud\u00fa \u00fadaje na vstupenke prepisovan\u00e9, dr\u017eite\u013e takejto vstupenky nemus\u00ed by\u0165 vpusten\u00fd na \u0161tadi\u00f3n. \u00dadaje na vstupenke musia by\u0165 vytla\u010den\u00e9 priamo zo syst\u00e9mu predajcu vstupeniek. Pri n\u00e1kupe sa zad\u00e1vaj\u00fa \u00fadaje ka\u017ed\u00e9ho dr\u017eite\u013ea vstupenky, ktor\u00fd sa priamo z\u00fa\u010dastn\u00ed uveden\u00e9ho z\u00e1pasu a nie \u00fadaje kupuj\u00faceho.<\/p>\n\n\n\n<p class=\"has-text-align-center has-medium-font-size\">\u00b7&nbsp;&nbsp;&nbsp;&nbsp;&nbsp;&nbsp;&nbsp;&nbsp;Pri n\u00e1kupe z\u00e1kazn\u00edk ud\u00e1va vy\u0161\u0161ie spomenut\u00e9 osobn\u00e9 \u00fadaje, av\u0161ak na vstupenke bude uveden\u00e9<strong>&nbsp;iba krstn\u00e9 meno a priezvisko konkr\u00e9tneho dr\u017eite\u013ea vstupeniek<\/strong>.<\/p>\n\n\n\n<p class=\"has-text-align-center has-medium-font-size\">\u00b7&nbsp;&nbsp;&nbsp;&nbsp;&nbsp;&nbsp;&nbsp;&nbsp;Priamy online n\u00e1kup vstupeniek, bez mo\u017enosti rezerv\u00e1cie. Ka\u017ed\u00fd kupuj\u00faci mus\u00ed v n\u00e1kupnom ko\u0161\u00edku za\u0161krtn\u00fa\u0165 pol\u00ed\u010dko ,, S\u00fahlas so V\u0161eobecn\u00fdmi obchodn\u00fdmi podmienkami\u201d, ako aj ,,S\u00fahlas dotknutej osoby so spracovan\u00edm osobn\u00fdch \u00fadajov pre \u00fa\u010dely z\u00e1pasu Fin\u00e1le Slovnaft CUP, d\u0148a 1.5.2025.&#8220;<\/p>\n\n\n\n<hr class=\"wp-block-separator has-text-color has-vivid-red-color has-alpha-channel-opacity has-vivid-red-background-color has-background is-style-dots\"\/>\n\n\n\n<h2 class=\"wp-block-heading has-text-align-center has-luminous-vivid-amber-background-color has-background\">PREDAJ PRE \u0160IROK\u00da VEREJNOS\u0164<\/h2>\n\n\n\n<p class=\"has-text-align-center has-medium-font-size\">Predaj vstupeniek pre \u0161irok\u00fa verejnos\u0165 je dostupn\u00fd rovnako ONLINE <strong>od dnes, t.j. 17.4.2025 od 13:00 hod. <\/strong>do v\u0161etk\u00fdch sektorov mimo fan\u00fa\u0161ikovsk\u00fdch t\u00e1borov prostredn\u00edctvom vo\u013ene dostupn\u00e9ho linku.<\/p>\n\n\n\n<p class=\"has-text-align-center has-black-color has-white-background-color has-text-color has-background has-link-color has-medium-font-size wp-elements-76b4974ad01663868fe352d6a0df0c4f\"><a href=\"https:\/\/predpredaj.zoznam.sk\/sk\/listky\/finale-slovnaft-cup-20242025\/\"><strong>L\u00edstky si m\u00f4\u017eete zak\u00fapi\u0165 TU<\/strong>.<\/a><\/p>\n\n\n\n<p class=\"has-text-align-center has-medium-font-size\"><strong>POKLADNE<\/strong><\/p>\n\n\n\n<p class=\"has-text-align-center has-medium-font-size\">Pokladne na \u0161tadi\u00f3ne v de\u0148 z\u00e1pasu&nbsp;<strong>nebud\u00fa&nbsp;<\/strong>otvoren\u00e9 &#8211;&nbsp;<strong>predaj bude mo\u017en\u00fd v\u00fdhradne online&nbsp;do \u010dasu v\u00fdkopu<\/strong>, tj.&nbsp;<strong>do 15:00 hod<\/strong>.&nbsp;&nbsp;<\/p>\n\n\n\n<p class=\"has-text-align-center has-medium-font-size\">So za\u010diatkom \u010dasu v\u00fdkopu bude link vypnut\u00fd a u\u017e nebude mo\u017en\u00e9 si vstupenky zak\u00fapi\u0165.<\/p>\n\n\n\n<hr class=\"wp-block-separator has-alpha-channel-opacity\"\/>\n\n\n\n<p class=\"has-text-align-center has-large-font-size\"><strong>Po\u010fme si spolo\u010dne po poh\u00e1r! <\/strong><\/p>\n\n\n<div class=\"wp-block-image\">\n<figure class=\"aligncenter size-full\"><a href=\"https:\/\/predpredaj.zoznam.sk\/sk\/listky\/fc-spartak-trnava-rodzina-25-26\/\"><img loading=\"lazy\" decoding=\"async\" width=\"960\" height=\"120\" src=\"https:\/\/fcspartaktrnava.com\/wp-content\/uploads\/2025\/04\/web-banner-960x120-1.png\" alt=\"\" class=\"wp-image-27048\" srcset=\"https:\/\/fcspartaktrnava.com\/wp-content\/uploads\/2025\/04\/web-banner-960x120-1.png 960w, https:\/\/fcspartaktrnava.com\/wp-content\/uploads\/2025\/04\/web-banner-960x120-1-300x38.png 300w, https:\/\/fcspartaktrnava.com\/wp-content\/uploads\/2025\/04\/web-banner-960x120-1-768x96.png 768w, https:\/\/fcspartaktrnava.com\/wp-content\/uploads\/2025\/04\/web-banner-960x120-1-18x2.png 18w\" sizes=\"auto, (max-width: 960px) 100vw, 960px\" \/><\/a><\/figure>\n<\/div>","protected":false},"excerpt":{"rendered":"<p>Na Sviatok pr\u00e1ce n\u00e1s \u010dak\u00e1 vyvrcholenie poh\u00e1rovej sez\u00f3ny!&#8230;<\/p>","protected":false},"author":5,"featured_media":27187,"comment_status":"closed","ping_status":"closed","sticky":false,"template":"","format":"standard","meta":{"footnotes":""},"categories":[12],"tags":[],"class_list":["post-27186","post","type-post","status-publish","format-standard","has-post-thumbnail","hentry","category-spravy","post-number-1"],"yoast_head":"<!-- This site is optimized with the Yoast SEO plugin v27.1.1 - https:\/\/yoast.com\/product\/yoast-seo-wordpress\/ -->\n<title>Fin\u00e1le Slovnaft Cupu u\u017e 1. m\u00e1ja. Inform\u00e1cie pre fan\u00fa\u0161ikov - FC Spartak Trnava<\/title>\n<meta name=\"robots\" content=\"index, follow, max-snippet:-1, max-image-preview:large, max-video-preview:-1\" \/>\n<link rel=\"canonical\" href=\"https:\/\/fcspartaktrnava.com\/en\/finale-slovnaft-cupu-uz-1-maja-informacie-pre-fanusikov\/\" \/>\n<meta name=\"twitter:label1\" content=\"Written by\" \/>\n\t<meta name=\"twitter:data1\" content=\"Samuel \u010eurinsk\u00fd\" \/>\n\t<meta name=\"twitter:label2\" content=\"Estimated reading time\" \/>\n\t<meta name=\"twitter:data2\" content=\"3 minutes\" \/>\n<script type=\"application\/ld+json\" class=\"yoast-schema-graph\">{\"@context\":\"https:\/\/schema.org\",\"@graph\":[{\"@type\":\"Article\",\"@id\":\"https:\/\/fcspartaktrnava.com\/finale-slovnaft-cupu-uz-1-maja-informacie-pre-fanusikov\/#article\",\"isPartOf\":{\"@id\":\"https:\/\/fcspartaktrnava.com\/finale-slovnaft-cupu-uz-1-maja-informacie-pre-fanusikov\/\"},\"author\":{\"name\":\"Samuel \u010eurinsk\u00fd\",\"@id\":\"https:\/\/fcspartaktrnava.com\/#\/schema\/person\/62c3c2562c3c56e4c0c8c2342c596ac0\"},\"headline\":\"Fin\u00e1le Slovnaft Cupu u\u017e 1. m\u00e1ja. Inform\u00e1cie pre fan\u00fa\u0161ikov\",\"datePublished\":\"2025-04-17T11:31:36+00:00\",\"dateModified\":\"2025-04-17T14:18:12+00:00\",\"mainEntityOfPage\":{\"@id\":\"https:\/\/fcspartaktrnava.com\/finale-slovnaft-cupu-uz-1-maja-informacie-pre-fanusikov\/\"},\"wordCount\":565,\"publisher\":{\"@id\":\"https:\/\/fcspartaktrnava.com\/#organization\"},\"image\":{\"@id\":\"https:\/\/fcspartaktrnava.com\/finale-slovnaft-cupu-uz-1-maja-informacie-pre-fanusikov\/#primaryimage\"},\"thumbnailUrl\":\"https:\/\/fcspartaktrnava.com\/wp-content\/uploads\/2025\/04\/141-scaled.jpg\",\"articleSection\":[\"Spr\u00e1vy\"],\"inLanguage\":\"en-GB\"},{\"@type\":\"WebPage\",\"@id\":\"https:\/\/fcspartaktrnava.com\/finale-slovnaft-cupu-uz-1-maja-informacie-pre-fanusikov\/\",\"url\":\"https:\/\/fcspartaktrnava.com\/finale-slovnaft-cupu-uz-1-maja-informacie-pre-fanusikov\/\",\"name\":\"Fin\u00e1le Slovnaft Cupu u\u017e 1. m\u00e1ja. Inform\u00e1cie pre fan\u00fa\u0161ikov - FC Spartak Trnava\",\"isPartOf\":{\"@id\":\"https:\/\/fcspartaktrnava.com\/#website\"},\"primaryImageOfPage\":{\"@id\":\"https:\/\/fcspartaktrnava.com\/finale-slovnaft-cupu-uz-1-maja-informacie-pre-fanusikov\/#primaryimage\"},\"image\":{\"@id\":\"https:\/\/fcspartaktrnava.com\/finale-slovnaft-cupu-uz-1-maja-informacie-pre-fanusikov\/#primaryimage\"},\"thumbnailUrl\":\"https:\/\/fcspartaktrnava.com\/wp-content\/uploads\/2025\/04\/141-scaled.jpg\",\"datePublished\":\"2025-04-17T11:31:36+00:00\",\"dateModified\":\"2025-04-17T14:18:12+00:00\",\"breadcrumb\":{\"@id\":\"https:\/\/fcspartaktrnava.com\/finale-slovnaft-cupu-uz-1-maja-informacie-pre-fanusikov\/#breadcrumb\"},\"inLanguage\":\"en-GB\",\"potentialAction\":[{\"@type\":\"ReadAction\",\"target\":[\"https:\/\/fcspartaktrnava.com\/finale-slovnaft-cupu-uz-1-maja-informacie-pre-fanusikov\/\"]}]},{\"@type\":\"ImageObject\",\"inLanguage\":\"en-GB\",\"@id\":\"https:\/\/fcspartaktrnava.com\/finale-slovnaft-cupu-uz-1-maja-informacie-pre-fanusikov\/#primaryimage\",\"url\":\"https:\/\/fcspartaktrnava.com\/wp-content\/uploads\/2025\/04\/141-scaled.jpg\",\"contentUrl\":\"https:\/\/fcspartaktrnava.com\/wp-content\/uploads\/2025\/04\/141-scaled.jpg\",\"width\":2560,\"height\":1709},{\"@type\":\"BreadcrumbList\",\"@id\":\"https:\/\/fcspartaktrnava.com\/finale-slovnaft-cupu-uz-1-maja-informacie-pre-fanusikov\/#breadcrumb\",\"itemListElement\":[{\"@type\":\"ListItem\",\"position\":1,\"name\":\"Home\",\"item\":\"https:\/\/fcspartaktrnava.com\/\"},{\"@type\":\"ListItem\",\"position\":2,\"name\":\"Fin\u00e1le Slovnaft Cupu u\u017e 1. m\u00e1ja. Inform\u00e1cie pre fan\u00fa\u0161ikov\"}]},{\"@type\":\"WebSite\",\"@id\":\"https:\/\/fcspartaktrnava.com\/#website\",\"url\":\"https:\/\/fcspartaktrnava.com\/\",\"name\":\"FC Spartak Trnava\",\"description\":\"ofici\u00e1lna webstr\u00e1nka futbalov\u00e9ho klubu\",\"publisher\":{\"@id\":\"https:\/\/fcspartaktrnava.com\/#organization\"},\"potentialAction\":[{\"@type\":\"SearchAction\",\"target\":{\"@type\":\"EntryPoint\",\"urlTemplate\":\"https:\/\/fcspartaktrnava.com\/?s={search_term_string}\"},\"query-input\":{\"@type\":\"PropertyValueSpecification\",\"valueRequired\":true,\"valueName\":\"search_term_string\"}}],\"inLanguage\":\"en-GB\"},{\"@type\":\"Organization\",\"@id\":\"https:\/\/fcspartaktrnava.com\/#organization\",\"name\":\"FC Spartak Trnava\",\"alternateName\":\"Spartak\",\"url\":\"https:\/\/fcspartaktrnava.com\/\",\"logo\":{\"@type\":\"ImageObject\",\"inLanguage\":\"en-GB\",\"@id\":\"https:\/\/fcspartaktrnava.com\/#\/schema\/logo\/image\/\",\"url\":\"https:\/\/fcspartaktrnava.com\/wp-content\/uploads\/2022\/08\/cropped-site_logo.png\",\"contentUrl\":\"https:\/\/fcspartaktrnava.com\/wp-content\/uploads\/2022\/08\/cropped-site_logo.png\",\"width\":140,\"height\":140,\"caption\":\"FC Spartak Trnava\"},\"image\":{\"@id\":\"https:\/\/fcspartaktrnava.com\/#\/schema\/logo\/image\/\"},\"sameAs\":[\"https:\/\/www.facebook.com\/SpartakTrnava\",\"https:\/\/x.com\/SpartakTrnava1\",\"https:\/\/www.instagram.com\/spartak_sk\/\"]},{\"@type\":\"Person\",\"@id\":\"https:\/\/fcspartaktrnava.com\/#\/schema\/person\/62c3c2562c3c56e4c0c8c2342c596ac0\",\"name\":\"Samuel \u010eurinsk\u00fd\",\"image\":{\"@type\":\"ImageObject\",\"inLanguage\":\"en-GB\",\"@id\":\"https:\/\/fcspartaktrnava.com\/#\/schema\/person\/image\/\",\"url\":\"https:\/\/secure.gravatar.com\/avatar\/af2fa02af92418b86ed742470664fe40056833fb68d84becf03f6ab02319257c?s=96&d=mm&r=g\",\"contentUrl\":\"https:\/\/secure.gravatar.com\/avatar\/af2fa02af92418b86ed742470664fe40056833fb68d84becf03f6ab02319257c?s=96&d=mm&r=g\",\"caption\":\"Samuel \u010eurinsk\u00fd\"},\"url\":\"https:\/\/fcspartaktrnava.com\/en\/author\/fcst-samuel\/\"}]}<\/script>\n<!-- \/ Yoast SEO plugin. -->","yoast_head_json":{"title":"Fin\u00e1le Slovnaft Cupu u\u017e 1. m\u00e1ja. Inform\u00e1cie pre fan\u00fa\u0161ikov - FC Spartak Trnava","robots":{"index":"index","follow":"follow","max-snippet":"max-snippet:-1","max-image-preview":"max-image-preview:large","max-video-preview":"max-video-preview:-1"},"canonical":"https:\/\/fcspartaktrnava.com\/en\/finale-slovnaft-cupu-uz-1-maja-informacie-pre-fanusikov\/","twitter_misc":{"Written by":"Samuel \u010eurinsk\u00fd","Estimated reading time":"3 minutes"},"schema":{"@context":"https:\/\/schema.org","@graph":[{"@type":"Article","@id":"https:\/\/fcspartaktrnava.com\/finale-slovnaft-cupu-uz-1-maja-informacie-pre-fanusikov\/#article","isPartOf":{"@id":"https:\/\/fcspartaktrnava.com\/finale-slovnaft-cupu-uz-1-maja-informacie-pre-fanusikov\/"},"author":{"name":"Samuel \u010eurinsk\u00fd","@id":"https:\/\/fcspartaktrnava.com\/#\/schema\/person\/62c3c2562c3c56e4c0c8c2342c596ac0"},"headline":"Fin\u00e1le Slovnaft Cupu u\u017e 1. m\u00e1ja. Inform\u00e1cie pre fan\u00fa\u0161ikov","datePublished":"2025-04-17T11:31:36+00:00","dateModified":"2025-04-17T14:18:12+00:00","mainEntityOfPage":{"@id":"https:\/\/fcspartaktrnava.com\/finale-slovnaft-cupu-uz-1-maja-informacie-pre-fanusikov\/"},"wordCount":565,"publisher":{"@id":"https:\/\/fcspartaktrnava.com\/#organization"},"image":{"@id":"https:\/\/fcspartaktrnava.com\/finale-slovnaft-cupu-uz-1-maja-informacie-pre-fanusikov\/#primaryimage"},"thumbnailUrl":"https:\/\/fcspartaktrnava.com\/wp-content\/uploads\/2025\/04\/141-scaled.jpg","articleSection":["Spr\u00e1vy"],"inLanguage":"en-GB"},{"@type":"WebPage","@id":"https:\/\/fcspartaktrnava.com\/finale-slovnaft-cupu-uz-1-maja-informacie-pre-fanusikov\/","url":"https:\/\/fcspartaktrnava.com\/finale-slovnaft-cupu-uz-1-maja-informacie-pre-fanusikov\/","name":"Fin\u00e1le Slovnaft Cupu u\u017e 1. m\u00e1ja. Inform\u00e1cie pre fan\u00fa\u0161ikov - FC Spartak Trnava","isPartOf":{"@id":"https:\/\/fcspartaktrnava.com\/#website"},"primaryImageOfPage":{"@id":"https:\/\/fcspartaktrnava.com\/finale-slovnaft-cupu-uz-1-maja-informacie-pre-fanusikov\/#primaryimage"},"image":{"@id":"https:\/\/fcspartaktrnava.com\/finale-slovnaft-cupu-uz-1-maja-informacie-pre-fanusikov\/#primaryimage"},"thumbnailUrl":"https:\/\/fcspartaktrnava.com\/wp-content\/uploads\/2025\/04\/141-scaled.jpg","datePublished":"2025-04-17T11:31:36+00:00","dateModified":"2025-04-17T14:18:12+00:00","breadcrumb":{"@id":"https:\/\/fcspartaktrnava.com\/finale-slovnaft-cupu-uz-1-maja-informacie-pre-fanusikov\/#breadcrumb"},"inLanguage":"en-GB","potentialAction":[{"@type":"ReadAction","target":["https:\/\/fcspartaktrnava.com\/finale-slovnaft-cupu-uz-1-maja-informacie-pre-fanusikov\/"]}]},{"@type":"ImageObject","inLanguage":"en-GB","@id":"https:\/\/fcspartaktrnava.com\/finale-slovnaft-cupu-uz-1-maja-informacie-pre-fanusikov\/#primaryimage","url":"https:\/\/fcspartaktrnava.com\/wp-content\/uploads\/2025\/04\/141-scaled.jpg","contentUrl":"https:\/\/fcspartaktrnava.com\/wp-content\/uploads\/2025\/04\/141-scaled.jpg","width":2560,"height":1709},{"@type":"BreadcrumbList","@id":"https:\/\/fcspartaktrnava.com\/finale-slovnaft-cupu-uz-1-maja-informacie-pre-fanusikov\/#breadcrumb","itemListElement":[{"@type":"ListItem","position":1,"name":"Home","item":"https:\/\/fcspartaktrnava.com\/"},{"@type":"ListItem","position":2,"name":"Fin\u00e1le Slovnaft Cupu u\u017e 1. m\u00e1ja. Inform\u00e1cie pre fan\u00fa\u0161ikov"}]},{"@type":"WebSite","@id":"https:\/\/fcspartaktrnava.com\/#website","url":"https:\/\/fcspartaktrnava.com\/","name":"FC Spartak Trnava","description":"ofici\u00e1lna webstr\u00e1nka futbalov\u00e9ho klubu","publisher":{"@id":"https:\/\/fcspartaktrnava.com\/#organization"},"potentialAction":[{"@type":"SearchAction","target":{"@type":"EntryPoint","urlTemplate":"https:\/\/fcspartaktrnava.com\/?s={search_term_string}"},"query-input":{"@type":"PropertyValueSpecification","valueRequired":true,"valueName":"search_term_string"}}],"inLanguage":"en-GB"},{"@type":"Organization","@id":"https:\/\/fcspartaktrnava.com\/#organization","name":"FC Spartak Trnava","alternateName":"Spartak","url":"https:\/\/fcspartaktrnava.com\/","logo":{"@type":"ImageObject","inLanguage":"en-GB","@id":"https:\/\/fcspartaktrnava.com\/#\/schema\/logo\/image\/","url":"https:\/\/fcspartaktrnava.com\/wp-content\/uploads\/2022\/08\/cropped-site_logo.png","contentUrl":"https:\/\/fcspartaktrnava.com\/wp-content\/uploads\/2022\/08\/cropped-site_logo.png","width":140,"height":140,"caption":"FC Spartak Trnava"},"image":{"@id":"https:\/\/fcspartaktrnava.com\/#\/schema\/logo\/image\/"},"sameAs":["https:\/\/www.facebook.com\/SpartakTrnava","https:\/\/x.com\/SpartakTrnava1","https:\/\/www.instagram.com\/spartak_sk\/"]},{"@type":"Person","@id":"https:\/\/fcspartaktrnava.com\/#\/schema\/person\/62c3c2562c3c56e4c0c8c2342c596ac0","name":"Samuel \u010eurinsk\u00fd","image":{"@type":"ImageObject","inLanguage":"en-GB","@id":"https:\/\/fcspartaktrnava.com\/#\/schema\/person\/image\/","url":"https:\/\/secure.gravatar.com\/avatar\/af2fa02af92418b86ed742470664fe40056833fb68d84becf03f6ab02319257c?s=96&d=mm&r=g","contentUrl":"https:\/\/secure.gravatar.com\/avatar\/af2fa02af92418b86ed742470664fe40056833fb68d84becf03f6ab02319257c?s=96&d=mm&r=g","caption":"Samuel \u010eurinsk\u00fd"},"url":"https:\/\/fcspartaktrnava.com\/en\/author\/fcst-samuel\/"}]}},"_links":{"self":[{"href":"https:\/\/fcspartaktrnava.com\/en\/wp-json\/wp\/v2\/posts\/27186","targetHints":{"allow":["GET"]}}],"collection":[{"href":"https:\/\/fcspartaktrnava.com\/en\/wp-json\/wp\/v2\/posts"}],"about":[{"href":"https:\/\/fcspartaktrnava.com\/en\/wp-json\/wp\/v2\/types\/post"}],"author":[{"embeddable":true,"href":"https:\/\/fcspartaktrnava.com\/en\/wp-json\/wp\/v2\/users\/5"}],"replies":[{"embeddable":true,"href":"https:\/\/fcspartaktrnava.com\/en\/wp-json\/wp\/v2\/comments?post=27186"}],"version-history":[{"count":0,"href":"https:\/\/fcspartaktrnava.com\/en\/wp-json\/wp\/v2\/posts\/27186\/revisions"}],"wp:featuredmedia":[{"embeddable":true,"href":"https:\/\/fcspartaktrnava.com\/en\/wp-json\/wp\/v2\/media\/27187"}],"wp:attachment":[{"href":"https:\/\/fcspartaktrnava.com\/en\/wp-json\/wp\/v2\/media?parent=27186"}],"wp:term":[{"taxonomy":"category","embeddable":true,"href":"https:\/\/fcspartaktrnava.com\/en\/wp-json\/wp\/v2\/categories?post=27186"},{"taxonomy":"post_tag","embeddable":true,"href":"https:\/\/fcspartaktrnava.com\/en\/wp-json\/wp\/v2\/tags?post=27186"}],"curies":[{"name":"wp","href":"https:\/\/api.w.org\/{rel}","templated":true}]}}