{"id":27051,"date":"2025-04-12T17:52:59","date_gmt":"2025-04-12T15:52:59","guid":{"rendered":"https:\/\/fcspartaktrnava.com\/?p=27051"},"modified":"2025-04-12T18:07:17","modified_gmt":"2025-04-12T16:07:17","slug":"z-podbrezovej-berieme-vsetky-body","status":"publish","type":"post","link":"https:\/\/fcspartaktrnava.com\/en\/z-podbrezovej-berieme-vsetky-body\/","title":{"rendered":"Z Podbrezovej berieme v\u0161etky body. Pich strelil svoj 100. g\u00f3l!"},"content":{"rendered":"<p class=\"has-text-align-center has-medium-font-size\">5. kolo skupiny o titul Nik\u00e9 ligy priviedlo na\u0161e farby do Podbrezovej. Slne\u010dn\u00e9 po\u010dasie a ihrisko situovan\u00e9 v lesnom prostred\u00ed v nadmorskej v\u00fd\u0161ke cca 500 metrov boli dobrou pozv\u00e1nkou pre div\u00e1kov. Hos\u0165ovsk\u00fd sektor sa pred z\u00e1pasom postupne zap\u013a\u0148al a na\u0161i fan\u00fa\u0161ikovia si nenechali ujs\u0165 s\u00faboj o d\u00f4le\u017eit\u00e9 body proti &#8222;\u017eeleziarom&#8220;. <\/p>\n\n\n\n<p class=\"has-text-align-center has-medium-font-size\"><strong>Tr\u00e9ner Ga\u0161par\u00edk spolu s asistentmi poslal do z\u00e1pasu t\u00fato z\u00e1kladn\u00fa zostavu:<\/strong><\/p>\n\n\n<div class=\"wp-block-image\">\n<figure class=\"aligncenter size-large is-resized\"><img loading=\"lazy\" decoding=\"async\" width=\"819\" height=\"1024\" src=\"https:\/\/fcspartaktrnava.com\/wp-content\/uploads\/2025\/04\/IMG_3807-819x1024.jpeg\" alt=\"\" class=\"wp-image-27052\" style=\"width:600px\" srcset=\"https:\/\/fcspartaktrnava.com\/wp-content\/uploads\/2025\/04\/IMG_3807-819x1024.jpeg 819w, https:\/\/fcspartaktrnava.com\/wp-content\/uploads\/2025\/04\/IMG_3807-240x300.jpeg 240w, https:\/\/fcspartaktrnava.com\/wp-content\/uploads\/2025\/04\/IMG_3807-768x960.jpeg 768w, https:\/\/fcspartaktrnava.com\/wp-content\/uploads\/2025\/04\/IMG_3807-10x12.jpeg 10w, https:\/\/fcspartaktrnava.com\/wp-content\/uploads\/2025\/04\/IMG_3807.jpeg 1200w\" sizes=\"auto, (max-width: 819px) 100vw, 819px\" \/><\/figure>\n<\/div>\n\n\n<p class=\"has-text-align-center has-medium-font-size\"><\/p>\n\n\n\n<hr class=\"wp-block-separator has-alpha-channel-opacity\"\/>\n\n\n\n<h2 class=\"wp-block-heading has-text-align-center\">1. pol\u010das<\/h2>\n\n\n\n<p class=\"has-text-align-center has-medium-font-size\">Z\u00e1pas sme od\u0161tartovali \u00fato\u010den\u00edm sprava do\u013eava. Do z\u00e1kladu nasko\u010dil aj Robo Pich sna\u017eiaci sa o 100. ligov\u00fd g\u00f3l v kari\u00e9re. Akt\u00edvnej\u0161ie za\u010dali dom\u00e1ci. Pekn\u00fa a postupn\u00fa akciu sme predviedli v 6. min\u00fate. Sabo h\u013eadal centrovanou loptou Picha z pravej strany, ktor\u00fd nezakon\u010doval a sna\u017eil sa loptu pos\u00fava\u0165 na spoluhr\u00e1\u010da. <\/p>\n\n\n\n<p class=\"has-text-align-center has-medium-font-size\">10. min\u00fata a g\u00f3l dom\u00e1cich. Vykombinovan\u00e1 obrana, ned\u00f4raz a \u00favodn\u00fd g\u00f3l dom\u00e1cich&#8230; \u0160tef\u00e1nik mal v na\u0161ej obrane otvoren\u00fd priestor a vo\u013en\u00fa cestu k Frelihovi. Prihr\u00e1vkou na prav\u00fa stranu na\u0161iel spoluhr\u00e1\u010da a strelca g\u00f3lu Sm\u00e9kala. 1:0<\/p>\n\n\n\n<p class=\"has-text-align-center has-medium-font-size\">Dajte im g\u00f3oooola&#8230;. znelo zo sektora host\u00ed. Pok\u00fa\u0161ali sme sa o to hne\u010f po inkasovan\u00ed a akoby sme st\u00e1le potrebovali potrebn\u00fd impulz na poriadne na\u0161tartovanie \u00fato\u010dn\u00fdch motorov. N\u00e1znaky \u0161anc\u00ed kon\u010dili na pozornej obrane dom\u00e1cich a fin\u00e1lne nebezpe\u010dn\u00e9 zakon\u010denie nepri\u0161lo z kopa\u010diek Spartaka ani po 15-tich min\u00fatach hry.<\/p>\n\n\n\n<p class=\"has-text-align-center has-medium-font-size\">Ned\u00f4raz v obrane mohli potresta\u0165 dom\u00e1ci v 19. min\u00fate. Frelih na\u0161\u0165astie nemal \u0165a\u017ek\u00fa pr\u00e1cu. <\/p>\n\n\n<div class=\"wp-block-image\">\n<figure class=\"aligncenter size-large is-resized\"><img loading=\"lazy\" decoding=\"async\" width=\"1024\" height=\"682\" src=\"https:\/\/fcspartaktrnava.com\/wp-content\/uploads\/2025\/04\/DSC_7472-1024x682.jpg\" alt=\"\" class=\"wp-image-27053\" style=\"width:800px\" srcset=\"https:\/\/fcspartaktrnava.com\/wp-content\/uploads\/2025\/04\/DSC_7472-1024x682.jpg 1024w, https:\/\/fcspartaktrnava.com\/wp-content\/uploads\/2025\/04\/DSC_7472-300x200.jpg 300w, https:\/\/fcspartaktrnava.com\/wp-content\/uploads\/2025\/04\/DSC_7472-768x512.jpg 768w, https:\/\/fcspartaktrnava.com\/wp-content\/uploads\/2025\/04\/DSC_7472-1536x1024.jpg 1536w, https:\/\/fcspartaktrnava.com\/wp-content\/uploads\/2025\/04\/DSC_7472-2048x1365.jpg 2048w, https:\/\/fcspartaktrnava.com\/wp-content\/uploads\/2025\/04\/DSC_7472-18x12.jpg 18w\" sizes=\"auto, (max-width: 1024px) 100vw, 1024px\" \/><\/figure>\n<\/div>\n\n\n<hr class=\"wp-block-separator has-text-color has-vivid-red-color has-alpha-channel-opacity has-vivid-red-background-color has-background is-style-dots\"\/>\n\n\n\n<p class=\"has-text-align-center has-medium-font-size\">V\u0161etky na\u0161e akcie kon\u010dili nepresn\u00fdm zakon\u010den\u00edm alebo defenz\u00edvnym z\u00e1krokom dom\u00e1cej obrany. Viazla n\u00e1m rozohr\u00e1vka a neprich\u00e1dzali potrebn\u00e9 prienikov\u00e9 prihr\u00e1vky po kr\u00eddlach alebo stredom ihriska. V 30. min\u00fate zakon\u010doval z ve\u013ek\u00e9ho uhla, resp. z \u010diary a t\u00e1to strela nemala \u0161ancu na \u00faspech. U\u017e pred n\u00edm to sk\u00fa\u0161al Ofori, ktor\u00e9ho snahu zmaril dom\u00e1ci brank\u00e1r.<\/p>\n\n\n\n<p class=\"has-text-align-center has-white-color has-vivid-red-background-color has-text-color has-background has-link-color has-medium-font-size wp-elements-3f179ff7407a573cc051f3326c340699\"><strong>ROBOOOO PICHHHHH!!!!!!! Kone\u010dne to pri\u0161looooooooo!!! 100. g\u00f3ooool v ligov\u00fdch s\u00fa\u0165a\u017eiach a vstup do Klubu ligov\u00fdch kanonierov! Presn\u00fdm centrom ho na\u0161iel Proch\u00e1zka a Pich sk\u00f3roval hlavi\u010dkou! 1:1<\/strong><\/p>\n\n\n\n<p class=\"has-text-align-center has-medium-font-size\"><strong>Kone\u010dne mu to tam padlo. GRATULUJEME ROBO!!!<\/strong><\/p>\n\n\n<div class=\"wp-block-image\">\n<figure class=\"aligncenter size-large\"><img loading=\"lazy\" decoding=\"async\" width=\"1024\" height=\"683\" src=\"https:\/\/fcspartaktrnava.com\/wp-content\/uploads\/2025\/04\/DSC_7642-1024x683.jpg\" alt=\"\" class=\"wp-image-27054\" srcset=\"https:\/\/fcspartaktrnava.com\/wp-content\/uploads\/2025\/04\/DSC_7642-1024x683.jpg 1024w, https:\/\/fcspartaktrnava.com\/wp-content\/uploads\/2025\/04\/DSC_7642-300x200.jpg 300w, https:\/\/fcspartaktrnava.com\/wp-content\/uploads\/2025\/04\/DSC_7642-768x512.jpg 768w, https:\/\/fcspartaktrnava.com\/wp-content\/uploads\/2025\/04\/DSC_7642-1536x1024.jpg 1536w, https:\/\/fcspartaktrnava.com\/wp-content\/uploads\/2025\/04\/DSC_7642-2048x1365.jpg 2048w, https:\/\/fcspartaktrnava.com\/wp-content\/uploads\/2025\/04\/DSC_7642-18x12.jpg 18w\" sizes=\"auto, (max-width: 1024px) 100vw, 1024px\" \/><\/figure>\n<\/div>\n\n<div class=\"wp-block-image\">\n<figure class=\"aligncenter size-large\"><img loading=\"lazy\" decoding=\"async\" width=\"1024\" height=\"683\" src=\"https:\/\/fcspartaktrnava.com\/wp-content\/uploads\/2025\/04\/DSC_7650-1024x683.jpg\" alt=\"\" class=\"wp-image-27055\" srcset=\"https:\/\/fcspartaktrnava.com\/wp-content\/uploads\/2025\/04\/DSC_7650-1024x683.jpg 1024w, https:\/\/fcspartaktrnava.com\/wp-content\/uploads\/2025\/04\/DSC_7650-300x200.jpg 300w, https:\/\/fcspartaktrnava.com\/wp-content\/uploads\/2025\/04\/DSC_7650-768x512.jpg 768w, https:\/\/fcspartaktrnava.com\/wp-content\/uploads\/2025\/04\/DSC_7650-1536x1024.jpg 1536w, https:\/\/fcspartaktrnava.com\/wp-content\/uploads\/2025\/04\/DSC_7650-2048x1365.jpg 2048w, https:\/\/fcspartaktrnava.com\/wp-content\/uploads\/2025\/04\/DSC_7650-18x12.jpg 18w\" sizes=\"auto, (max-width: 1024px) 100vw, 1024px\" \/><\/figure>\n<\/div>\n\n\n<hr class=\"wp-block-separator has-text-color has-vivid-red-color has-alpha-channel-opacity has-vivid-red-background-color has-background is-style-dots\"\/>\n\n\n\n<p class=\"has-text-align-center has-medium-font-size\">V 35. min\u00fate videl \u017elt\u00fa kartu Ujlaky ml.<\/p>\n\n\n\n<p class=\"has-text-align-center has-medium-font-size\">Em\u00f3cie poriadne vzplanuli na ihrisku v 38. min\u00fate po nepr\u00edjemnom z\u00e1kroku na Paura. Roman Proch\u00e1zka i\u0161iel br\u00e1ni\u0165 svojho spoluhr\u00e1\u010da a situ\u00e1ciu nenechal len tak. Za svoje prejavy videl \u017elt\u00fa kartu a videl ju aj Erik Sabo. <\/p>\n\n\n\n<p class=\"has-text-align-center has-medium-font-size\">Proch\u00e1zka h\u013eadal v nadstavenom \u010dase kr\u00e1snym centrom do pokutov\u00e9ho \u00fazemia spoluhr\u00e1\u010dov. Zeljkovi\u0107 mal na hlavi\u010dke ved\u00faci g\u00f3l. Nepadlo mu to tam a tak sme \u0161li do kab\u00edny za stavu 1:1.<\/p>\n\n\n\n<hr class=\"wp-block-separator has-alpha-channel-opacity\"\/>\n\n\n\n<h2 class=\"wp-block-heading has-text-align-center\">2. pol\u010das<\/h2>\n\n\n\n<p class=\"has-text-align-center has-medium-font-size\">Druh\u00fd pol\u010das sme od\u0161tartovali bez zmeny v zostave. Em\u00f3cie op\u00e4\u0165 mierne vzplanuli v 50. min\u00fate, ke\u010f si re\u0161pekt sna\u017eil vybojova\u0165 Zeljkovi\u0107. Tentokr\u00e1t sa v\u0161etko zaobi\u0161lo bez kartov\u00fdch trestov.<\/p>\n\n\n\n<p class=\"has-text-align-center has-medium-font-size\">Chu\u0165 na obrat sk\u00f3re n\u00e1m nech\u00fdbala a od \u00favodn\u00fdch min\u00fat sme boli akt\u00edvni smerom dopredu. <\/p>\n\n\n\n<p class=\"has-text-align-center has-white-color has-vivid-red-background-color has-text-color has-background has-link-color has-medium-font-size wp-elements-558c67411adfd589275956e624f3c09e\"><strong>58. min\u00fa\u00fa\u00fa\u00fa\u00fata a g\u00f3ooooool Jakuba Paura po peknej prihr\u00e1vke z \u013eav\u00e9ho kr\u00eddla od kapit\u00e1na Mikovi\u010daaaa!!!! 1:2<\/strong><\/p>\n\n\n\n<p class=\"has-text-align-center has-medium-font-size\"><strong>Kr\u00e1sna akcia v podan\u00ed na\u0161ich chlapcov! <\/strong><\/p>\n\n\n\n<figure class=\"wp-block-image size-large\"><img loading=\"lazy\" decoding=\"async\" width=\"1024\" height=\"683\" src=\"https:\/\/fcspartaktrnava.com\/wp-content\/uploads\/2025\/04\/DSC_7875-1024x683.jpg\" alt=\"\" class=\"wp-image-27056\" srcset=\"https:\/\/fcspartaktrnava.com\/wp-content\/uploads\/2025\/04\/DSC_7875-1024x683.jpg 1024w, https:\/\/fcspartaktrnava.com\/wp-content\/uploads\/2025\/04\/DSC_7875-300x200.jpg 300w, https:\/\/fcspartaktrnava.com\/wp-content\/uploads\/2025\/04\/DSC_7875-768x512.jpg 768w, https:\/\/fcspartaktrnava.com\/wp-content\/uploads\/2025\/04\/DSC_7875-1536x1024.jpg 1536w, https:\/\/fcspartaktrnava.com\/wp-content\/uploads\/2025\/04\/DSC_7875-2048x1366.jpg 2048w, https:\/\/fcspartaktrnava.com\/wp-content\/uploads\/2025\/04\/DSC_7875-18x12.jpg 18w\" sizes=\"auto, (max-width: 1024px) 100vw, 1024px\" \/><\/figure>\n\n\n\n<p class=\"has-text-align-center has-medium-font-size\">O nieko\u013eko momentov nesk\u00f4r na\u0161iel Ofori prihr\u00e1vkou pred pokutov\u00fdm \u00fazem\u00edm dom\u00e1cich strelca n\u00e1\u0161ho druh\u00e9ho g\u00f3lu. Paur strie\u013eal len do Mielkeho. Podbrezov\u00e1 mala \u0161ancu v 62. min\u00fate, v\u0161etko skon\u010dilo ofsajdov\u00fdm verdiktom. <\/p>\n\n\n\n<p class=\"has-text-align-center has-medium-font-size\"><strong>66. min\u00fata &#8211; trojit\u00e9 striedanie na na\u0161ej strane:<\/strong> <\/p>\n\n\n\n<p class=\"has-text-align-center has-black-color has-white-background-color has-text-color has-background has-link-color has-medium-font-size wp-elements-93d9b1ed228634f1f8068b94fc1e6cc9\">Ihrisko opustili Paur, Proch\u00e1zka a Mikovi\u010d. Do hry nasko\u010dili Daniel, \u010euri\u0161 a Jure\u0161kin. <\/p>\n\n\n\n<p class=\"has-text-align-center has-medium-font-size\">72. min\u00fata a \u017elt\u00e1 karta pre Zeljkovi\u0107a.<\/p>\n\n\n\n<p><\/p>\n\n\n\n<p class=\"has-text-align-center has-medium-font-size\">Sledovali sme hluch\u0161iu f\u00e1zu z\u00e1pasu a v\u00e4\u010d\u0161inou prebiehala hra medzi oboma \u0161estn\u00e1stkami. V 78. min\u00fate predviedol ist\u00fd z\u00e1krok Frelih.<\/p>\n\n\n\n<p class=\"has-text-align-center has-medium-font-size\">79. min\u00fata striedanie Spartak. Robo Pich odi\u0161iel po v\u00fdbornom v\u00fdkone a 100. g\u00f3le v kari\u00e9re a nahradil ho Badolo.<\/p>\n\n\n\n<p class=\"has-text-align-center has-medium-font-size\">81. min\u00fata a \u010fal\u0161\u00ed skvel\u00fd z\u00e1krok Freliha po hlavi\u010dkovom zakon\u010den\u00ed dom\u00e1ceho hr\u00e1\u010da. Ohrozil ho Luka.<\/p>\n\n\n\n<p class=\"has-text-align-center has-medium-font-size\">87. min\u00fata a \u017elt\u00e1 karta pre Erika Daniela.<\/p>\n\n\n\n<p class=\"has-text-align-center has-medium-font-size\">Posledn\u00e9 striedanie na na\u0161ej strane. Z ihriska odi\u0161iel Oforiho a do hry nasko\u010dil Patrick Karhan.<\/p>\n\n\n\n<p class=\"has-text-align-center has-medium-font-size\"><strong>Do konca z\u00e1pasu sa u\u017e ni\u010d neudialo a z Podbrezovej berieme v\u0161etky body!!! <\/strong>Skvele sme sa tak naladili na poh\u00e1rov\u00fa odvetu proti Slovanu.<\/p>\n\n\n\n<p class=\"has-text-align-center has-medium-font-size\"><strong>V utorok v\u0161etci na \u0161tadi\u00f3n! TRNAVA DO TEHO!<\/strong><\/p>\n\n\n\n<hr class=\"wp-block-separator has-alpha-channel-opacity\"\/>\n\n\n\n<h3 class=\"wp-block-heading has-text-align-center\">Nik\u00e9 liga \u2013 nadstavbov\u00e1 \u010das\u0165 \u2013 5. kolo:<\/h3>\n\n\n\n<p class=\"has-text-align-center has-medium-font-size\"><strong>Podbrezov\u00e1 &#8211; FC Spartak Trnava 1:2 (1:1)<\/strong><br>G\u00f3ly: 9. Sm\u00e9kal \u2013 31. Pich, 58. Paur<br>\u017dK: Ujlaky, Proch\u00e1zka, Zeljkovi\u010d, \u0160tetina, Daniel \u2013 Chyla, Abate<br>Rozhodovali: K. Miche\u013e \u2013 Vass, Bobko<br>Div\u00e1ci: 912<\/p>\n\n\n\n<p class=\"has-text-align-center has-medium-font-size\">PODBREZOV\u00c1: Danko \u2013 Luka, Mielke, Paraj \u2013 Kov\u00e1\u010dik, Chyla (63. Palumets), \u0160. Fa\u0161ko (79. Deml), \u0160tef\u00e1nik, Yirajang \u2013 Sm\u00e9kal, Gal\u010d\u00edk (63. Abate). Tr\u00e9ner: Markul\u00edk.<\/p>\n\n\n\n<p class=\"has-text-align-center has-medium-font-size\">SPARTAK: Frelih \u2013 Hol\u00edk, \u0160tetina, Ujlaky, Mikovi\u010d (65. Jure\u0161kin) \u2013 Zeljkovi\u010d \u2013 Ofori (90+. P. Karhan\u0148, Proch\u00e1zka (65. Daniel), Sabo, Pich (79. Badolo) \u2013 Paur (65. \u010euri\u0161). Tr\u00e9ner: Ga\u0161par\u00edk.<\/p>\n\n\n\n<figure class=\"wp-block-image size-full\"><a href=\"https:\/\/predpredaj.zoznam.sk\/sk\/listky\/fc-spartak-trnava-rodzina-25-26\/\"><img loading=\"lazy\" decoding=\"async\" width=\"960\" height=\"120\" src=\"https:\/\/fcspartaktrnava.com\/wp-content\/uploads\/2025\/03\/web-banner-960x120-1.png\" alt=\"\" class=\"wp-image-26854\" srcset=\"https:\/\/fcspartaktrnava.com\/wp-content\/uploads\/2025\/03\/web-banner-960x120-1.png 960w, https:\/\/fcspartaktrnava.com\/wp-content\/uploads\/2025\/03\/web-banner-960x120-1-300x38.png 300w, https:\/\/fcspartaktrnava.com\/wp-content\/uploads\/2025\/03\/web-banner-960x120-1-768x96.png 768w, https:\/\/fcspartaktrnava.com\/wp-content\/uploads\/2025\/03\/web-banner-960x120-1-18x2.png 18w\" sizes=\"auto, (max-width: 960px) 100vw, 960px\" \/><\/a><\/figure>","protected":false},"excerpt":{"rendered":"<p>5. kolo skupiny o titul Nik\u00e9 ligy priviedlo&#8230;<\/p>","protected":false},"author":5,"featured_media":27057,"comment_status":"closed","ping_status":"closed","sticky":false,"template":"","format":"standard","meta":{"footnotes":""},"categories":[12,20],"tags":[],"class_list":["post-27051","post","type-post","status-publish","format-standard","has-post-thumbnail","hentry","category-spravy","category-zapas","post-number-1"],"yoast_head":"<!-- This site is optimized with the Yoast SEO plugin v27.1.1 - https:\/\/yoast.com\/product\/yoast-seo-wordpress\/ -->\n<title>Z Podbrezovej berieme v\u0161etky body. Pich strelil svoj 100. g\u00f3l! - FC Spartak Trnava<\/title>\n<meta name=\"robots\" content=\"index, follow, max-snippet:-1, max-image-preview:large, max-video-preview:-1\" \/>\n<link rel=\"canonical\" href=\"https:\/\/fcspartaktrnava.com\/en\/z-podbrezovej-berieme-vsetky-body\/\" \/>\n<meta name=\"twitter:label1\" content=\"Written by\" \/>\n\t<meta name=\"twitter:data1\" content=\"Samuel \u010eurinsk\u00fd\" \/>\n\t<meta name=\"twitter:label2\" content=\"Estimated reading time\" \/>\n\t<meta name=\"twitter:data2\" content=\"6 minutes\" \/>\n<script type=\"application\/ld+json\" class=\"yoast-schema-graph\">{\"@context\":\"https:\/\/schema.org\",\"@graph\":[{\"@type\":\"Article\",\"@id\":\"https:\/\/fcspartaktrnava.com\/z-podbrezovej-berieme-vsetky-body\/#article\",\"isPartOf\":{\"@id\":\"https:\/\/fcspartaktrnava.com\/z-podbrezovej-berieme-vsetky-body\/\"},\"author\":{\"name\":\"Samuel \u010eurinsk\u00fd\",\"@id\":\"https:\/\/fcspartaktrnava.com\/#\/schema\/person\/62c3c2562c3c56e4c0c8c2342c596ac0\"},\"headline\":\"Z Podbrezovej berieme v\u0161etky body. Pich strelil svoj 100. g\u00f3l!\",\"datePublished\":\"2025-04-12T15:52:59+00:00\",\"dateModified\":\"2025-04-12T16:07:17+00:00\",\"mainEntityOfPage\":{\"@id\":\"https:\/\/fcspartaktrnava.com\/z-podbrezovej-berieme-vsetky-body\/\"},\"wordCount\":872,\"publisher\":{\"@id\":\"https:\/\/fcspartaktrnava.com\/#organization\"},\"image\":{\"@id\":\"https:\/\/fcspartaktrnava.com\/z-podbrezovej-berieme-vsetky-body\/#primaryimage\"},\"thumbnailUrl\":\"https:\/\/fcspartaktrnava.com\/wp-content\/uploads\/2025\/04\/DSC_7725-scaled.jpg\",\"articleSection\":[\"Spr\u00e1vy\",\"Z\u00e1pas\"],\"inLanguage\":\"en-GB\"},{\"@type\":\"WebPage\",\"@id\":\"https:\/\/fcspartaktrnava.com\/z-podbrezovej-berieme-vsetky-body\/\",\"url\":\"https:\/\/fcspartaktrnava.com\/z-podbrezovej-berieme-vsetky-body\/\",\"name\":\"Z Podbrezovej berieme v\u0161etky body. Pich strelil svoj 100. g\u00f3l! - FC Spartak Trnava\",\"isPartOf\":{\"@id\":\"https:\/\/fcspartaktrnava.com\/#website\"},\"primaryImageOfPage\":{\"@id\":\"https:\/\/fcspartaktrnava.com\/z-podbrezovej-berieme-vsetky-body\/#primaryimage\"},\"image\":{\"@id\":\"https:\/\/fcspartaktrnava.com\/z-podbrezovej-berieme-vsetky-body\/#primaryimage\"},\"thumbnailUrl\":\"https:\/\/fcspartaktrnava.com\/wp-content\/uploads\/2025\/04\/DSC_7725-scaled.jpg\",\"datePublished\":\"2025-04-12T15:52:59+00:00\",\"dateModified\":\"2025-04-12T16:07:17+00:00\",\"breadcrumb\":{\"@id\":\"https:\/\/fcspartaktrnava.com\/z-podbrezovej-berieme-vsetky-body\/#breadcrumb\"},\"inLanguage\":\"en-GB\",\"potentialAction\":[{\"@type\":\"ReadAction\",\"target\":[\"https:\/\/fcspartaktrnava.com\/z-podbrezovej-berieme-vsetky-body\/\"]}]},{\"@type\":\"ImageObject\",\"inLanguage\":\"en-GB\",\"@id\":\"https:\/\/fcspartaktrnava.com\/z-podbrezovej-berieme-vsetky-body\/#primaryimage\",\"url\":\"https:\/\/fcspartaktrnava.com\/wp-content\/uploads\/2025\/04\/DSC_7725-scaled.jpg\",\"contentUrl\":\"https:\/\/fcspartaktrnava.com\/wp-content\/uploads\/2025\/04\/DSC_7725-scaled.jpg\",\"width\":2560,\"height\":1707},{\"@type\":\"BreadcrumbList\",\"@id\":\"https:\/\/fcspartaktrnava.com\/z-podbrezovej-berieme-vsetky-body\/#breadcrumb\",\"itemListElement\":[{\"@type\":\"ListItem\",\"position\":1,\"name\":\"Home\",\"item\":\"https:\/\/fcspartaktrnava.com\/\"},{\"@type\":\"ListItem\",\"position\":2,\"name\":\"Z Podbrezovej berieme v\u0161etky body. Pich strelil svoj 100. g\u00f3l!\"}]},{\"@type\":\"WebSite\",\"@id\":\"https:\/\/fcspartaktrnava.com\/#website\",\"url\":\"https:\/\/fcspartaktrnava.com\/\",\"name\":\"FC Spartak Trnava\",\"description\":\"ofici\u00e1lna webstr\u00e1nka futbalov\u00e9ho klubu\",\"publisher\":{\"@id\":\"https:\/\/fcspartaktrnava.com\/#organization\"},\"potentialAction\":[{\"@type\":\"SearchAction\",\"target\":{\"@type\":\"EntryPoint\",\"urlTemplate\":\"https:\/\/fcspartaktrnava.com\/?s={search_term_string}\"},\"query-input\":{\"@type\":\"PropertyValueSpecification\",\"valueRequired\":true,\"valueName\":\"search_term_string\"}}],\"inLanguage\":\"en-GB\"},{\"@type\":\"Organization\",\"@id\":\"https:\/\/fcspartaktrnava.com\/#organization\",\"name\":\"FC Spartak Trnava\",\"alternateName\":\"Spartak\",\"url\":\"https:\/\/fcspartaktrnava.com\/\",\"logo\":{\"@type\":\"ImageObject\",\"inLanguage\":\"en-GB\",\"@id\":\"https:\/\/fcspartaktrnava.com\/#\/schema\/logo\/image\/\",\"url\":\"https:\/\/fcspartaktrnava.com\/wp-content\/uploads\/2022\/08\/cropped-site_logo.png\",\"contentUrl\":\"https:\/\/fcspartaktrnava.com\/wp-content\/uploads\/2022\/08\/cropped-site_logo.png\",\"width\":140,\"height\":140,\"caption\":\"FC Spartak Trnava\"},\"image\":{\"@id\":\"https:\/\/fcspartaktrnava.com\/#\/schema\/logo\/image\/\"},\"sameAs\":[\"https:\/\/www.facebook.com\/SpartakTrnava\",\"https:\/\/x.com\/SpartakTrnava1\",\"https:\/\/www.instagram.com\/spartak_sk\/\"]},{\"@type\":\"Person\",\"@id\":\"https:\/\/fcspartaktrnava.com\/#\/schema\/person\/62c3c2562c3c56e4c0c8c2342c596ac0\",\"name\":\"Samuel \u010eurinsk\u00fd\",\"image\":{\"@type\":\"ImageObject\",\"inLanguage\":\"en-GB\",\"@id\":\"https:\/\/fcspartaktrnava.com\/#\/schema\/person\/image\/\",\"url\":\"https:\/\/secure.gravatar.com\/avatar\/af2fa02af92418b86ed742470664fe40056833fb68d84becf03f6ab02319257c?s=96&d=mm&r=g\",\"contentUrl\":\"https:\/\/secure.gravatar.com\/avatar\/af2fa02af92418b86ed742470664fe40056833fb68d84becf03f6ab02319257c?s=96&d=mm&r=g\",\"caption\":\"Samuel \u010eurinsk\u00fd\"},\"url\":\"https:\/\/fcspartaktrnava.com\/en\/author\/fcst-samuel\/\"}]}<\/script>\n<!-- \/ Yoast SEO plugin. -->","yoast_head_json":{"title":"Z Podbrezovej berieme v\u0161etky body. Pich strelil svoj 100. g\u00f3l! - FC Spartak Trnava","robots":{"index":"index","follow":"follow","max-snippet":"max-snippet:-1","max-image-preview":"max-image-preview:large","max-video-preview":"max-video-preview:-1"},"canonical":"https:\/\/fcspartaktrnava.com\/en\/z-podbrezovej-berieme-vsetky-body\/","twitter_misc":{"Written by":"Samuel \u010eurinsk\u00fd","Estimated reading time":"6 minutes"},"schema":{"@context":"https:\/\/schema.org","@graph":[{"@type":"Article","@id":"https:\/\/fcspartaktrnava.com\/z-podbrezovej-berieme-vsetky-body\/#article","isPartOf":{"@id":"https:\/\/fcspartaktrnava.com\/z-podbrezovej-berieme-vsetky-body\/"},"author":{"name":"Samuel \u010eurinsk\u00fd","@id":"https:\/\/fcspartaktrnava.com\/#\/schema\/person\/62c3c2562c3c56e4c0c8c2342c596ac0"},"headline":"Z Podbrezovej berieme v\u0161etky body. Pich strelil svoj 100. g\u00f3l!","datePublished":"2025-04-12T15:52:59+00:00","dateModified":"2025-04-12T16:07:17+00:00","mainEntityOfPage":{"@id":"https:\/\/fcspartaktrnava.com\/z-podbrezovej-berieme-vsetky-body\/"},"wordCount":872,"publisher":{"@id":"https:\/\/fcspartaktrnava.com\/#organization"},"image":{"@id":"https:\/\/fcspartaktrnava.com\/z-podbrezovej-berieme-vsetky-body\/#primaryimage"},"thumbnailUrl":"https:\/\/fcspartaktrnava.com\/wp-content\/uploads\/2025\/04\/DSC_7725-scaled.jpg","articleSection":["Spr\u00e1vy","Z\u00e1pas"],"inLanguage":"en-GB"},{"@type":"WebPage","@id":"https:\/\/fcspartaktrnava.com\/z-podbrezovej-berieme-vsetky-body\/","url":"https:\/\/fcspartaktrnava.com\/z-podbrezovej-berieme-vsetky-body\/","name":"Z Podbrezovej berieme v\u0161etky body. Pich strelil svoj 100. g\u00f3l! - FC Spartak Trnava","isPartOf":{"@id":"https:\/\/fcspartaktrnava.com\/#website"},"primaryImageOfPage":{"@id":"https:\/\/fcspartaktrnava.com\/z-podbrezovej-berieme-vsetky-body\/#primaryimage"},"image":{"@id":"https:\/\/fcspartaktrnava.com\/z-podbrezovej-berieme-vsetky-body\/#primaryimage"},"thumbnailUrl":"https:\/\/fcspartaktrnava.com\/wp-content\/uploads\/2025\/04\/DSC_7725-scaled.jpg","datePublished":"2025-04-12T15:52:59+00:00","dateModified":"2025-04-12T16:07:17+00:00","breadcrumb":{"@id":"https:\/\/fcspartaktrnava.com\/z-podbrezovej-berieme-vsetky-body\/#breadcrumb"},"inLanguage":"en-GB","potentialAction":[{"@type":"ReadAction","target":["https:\/\/fcspartaktrnava.com\/z-podbrezovej-berieme-vsetky-body\/"]}]},{"@type":"ImageObject","inLanguage":"en-GB","@id":"https:\/\/fcspartaktrnava.com\/z-podbrezovej-berieme-vsetky-body\/#primaryimage","url":"https:\/\/fcspartaktrnava.com\/wp-content\/uploads\/2025\/04\/DSC_7725-scaled.jpg","contentUrl":"https:\/\/fcspartaktrnava.com\/wp-content\/uploads\/2025\/04\/DSC_7725-scaled.jpg","width":2560,"height":1707},{"@type":"BreadcrumbList","@id":"https:\/\/fcspartaktrnava.com\/z-podbrezovej-berieme-vsetky-body\/#breadcrumb","itemListElement":[{"@type":"ListItem","position":1,"name":"Home","item":"https:\/\/fcspartaktrnava.com\/"},{"@type":"ListItem","position":2,"name":"Z Podbrezovej berieme v\u0161etky body. Pich strelil svoj 100. g\u00f3l!"}]},{"@type":"WebSite","@id":"https:\/\/fcspartaktrnava.com\/#website","url":"https:\/\/fcspartaktrnava.com\/","name":"FC Spartak Trnava","description":"ofici\u00e1lna webstr\u00e1nka futbalov\u00e9ho klubu","publisher":{"@id":"https:\/\/fcspartaktrnava.com\/#organization"},"potentialAction":[{"@type":"SearchAction","target":{"@type":"EntryPoint","urlTemplate":"https:\/\/fcspartaktrnava.com\/?s={search_term_string}"},"query-input":{"@type":"PropertyValueSpecification","valueRequired":true,"valueName":"search_term_string"}}],"inLanguage":"en-GB"},{"@type":"Organization","@id":"https:\/\/fcspartaktrnava.com\/#organization","name":"FC Spartak Trnava","alternateName":"Spartak","url":"https:\/\/fcspartaktrnava.com\/","logo":{"@type":"ImageObject","inLanguage":"en-GB","@id":"https:\/\/fcspartaktrnava.com\/#\/schema\/logo\/image\/","url":"https:\/\/fcspartaktrnava.com\/wp-content\/uploads\/2022\/08\/cropped-site_logo.png","contentUrl":"https:\/\/fcspartaktrnava.com\/wp-content\/uploads\/2022\/08\/cropped-site_logo.png","width":140,"height":140,"caption":"FC Spartak Trnava"},"image":{"@id":"https:\/\/fcspartaktrnava.com\/#\/schema\/logo\/image\/"},"sameAs":["https:\/\/www.facebook.com\/SpartakTrnava","https:\/\/x.com\/SpartakTrnava1","https:\/\/www.instagram.com\/spartak_sk\/"]},{"@type":"Person","@id":"https:\/\/fcspartaktrnava.com\/#\/schema\/person\/62c3c2562c3c56e4c0c8c2342c596ac0","name":"Samuel \u010eurinsk\u00fd","image":{"@type":"ImageObject","inLanguage":"en-GB","@id":"https:\/\/fcspartaktrnava.com\/#\/schema\/person\/image\/","url":"https:\/\/secure.gravatar.com\/avatar\/af2fa02af92418b86ed742470664fe40056833fb68d84becf03f6ab02319257c?s=96&d=mm&r=g","contentUrl":"https:\/\/secure.gravatar.com\/avatar\/af2fa02af92418b86ed742470664fe40056833fb68d84becf03f6ab02319257c?s=96&d=mm&r=g","caption":"Samuel \u010eurinsk\u00fd"},"url":"https:\/\/fcspartaktrnava.com\/en\/author\/fcst-samuel\/"}]}},"_links":{"self":[{"href":"https:\/\/fcspartaktrnava.com\/en\/wp-json\/wp\/v2\/posts\/27051","targetHints":{"allow":["GET"]}}],"collection":[{"href":"https:\/\/fcspartaktrnava.com\/en\/wp-json\/wp\/v2\/posts"}],"about":[{"href":"https:\/\/fcspartaktrnava.com\/en\/wp-json\/wp\/v2\/types\/post"}],"author":[{"embeddable":true,"href":"https:\/\/fcspartaktrnava.com\/en\/wp-json\/wp\/v2\/users\/5"}],"replies":[{"embeddable":true,"href":"https:\/\/fcspartaktrnava.com\/en\/wp-json\/wp\/v2\/comments?post=27051"}],"version-history":[{"count":0,"href":"https:\/\/fcspartaktrnava.com\/en\/wp-json\/wp\/v2\/posts\/27051\/revisions"}],"wp:featuredmedia":[{"embeddable":true,"href":"https:\/\/fcspartaktrnava.com\/en\/wp-json\/wp\/v2\/media\/27057"}],"wp:attachment":[{"href":"https:\/\/fcspartaktrnava.com\/en\/wp-json\/wp\/v2\/media?parent=27051"}],"wp:term":[{"taxonomy":"category","embeddable":true,"href":"https:\/\/fcspartaktrnava.com\/en\/wp-json\/wp\/v2\/categories?post=27051"},{"taxonomy":"post_tag","embeddable":true,"href":"https:\/\/fcspartaktrnava.com\/en\/wp-json\/wp\/v2\/tags?post=27051"}],"curies":[{"name":"wp","href":"https:\/\/api.w.org\/{rel}","templated":true}]}}