{"id":26905,"date":"2025-04-02T20:15:10","date_gmt":"2025-04-02T18:15:10","guid":{"rendered":"https:\/\/fcspartaktrnava.com\/?p=26905"},"modified":"2025-04-02T20:19:12","modified_gmt":"2025-04-02T18:19:12","slug":"do-semifinalovej-odvety-s-tesnou-prehrou","status":"publish","type":"post","link":"https:\/\/fcspartaktrnava.com\/en\/do-semifinalovej-odvety-s-tesnou-prehrou\/","title":{"rendered":"Slovnaft Cup: Do semifin\u00e1lovej odvety s tesnou prehrou"},"content":{"rendered":"<p class=\"has-text-align-center has-medium-font-size\">Streda 2. apr\u00edl 2025 &#8211; 18:00. D\u00e1tum a \u010das v\u00fdkopu prv\u00e9ho z dvojice semifin\u00e1lov\u00fdch duelov Slovnaft Cupu proti Slovanu. Miestom bolo Teheln\u00e9 pole, kde sme sa vr\u00e1tili po dvoch t\u00fd\u017ed\u0148och.<\/p>\n\n\n\n<p class=\"has-text-align-center has-medium-font-size\"><strong>Derby \u010d\u00edslo 176 sme od\u0161tartovali v tejto z\u00e1kladnej zostave.<\/strong><\/p>\n\n\n<div class=\"wp-block-image\">\n<figure class=\"aligncenter size-large is-resized\"><img loading=\"lazy\" decoding=\"async\" width=\"819\" height=\"1024\" src=\"https:\/\/fcspartaktrnava.com\/wp-content\/uploads\/2025\/04\/IMG_3760-819x1024.jpeg\" alt=\"\" class=\"wp-image-26906\" style=\"width:500px\" srcset=\"https:\/\/fcspartaktrnava.com\/wp-content\/uploads\/2025\/04\/IMG_3760-819x1024.jpeg 819w, https:\/\/fcspartaktrnava.com\/wp-content\/uploads\/2025\/04\/IMG_3760-240x300.jpeg 240w, https:\/\/fcspartaktrnava.com\/wp-content\/uploads\/2025\/04\/IMG_3760-768x960.jpeg 768w, https:\/\/fcspartaktrnava.com\/wp-content\/uploads\/2025\/04\/IMG_3760-10x12.jpeg 10w, https:\/\/fcspartaktrnava.com\/wp-content\/uploads\/2025\/04\/IMG_3760.jpeg 1200w\" sizes=\"auto, (max-width: 819px) 100vw, 819px\" \/><\/figure>\n<\/div>\n\n\n<p class=\"has-text-align-center has-medium-font-size\"><\/p>\n\n\n\n<hr class=\"wp-block-separator has-text-color has-vivid-red-color has-alpha-channel-opacity has-vivid-red-background-color has-background is-style-dots\"\/>\n\n\n\n<h2 class=\"wp-block-heading has-text-align-center\">1. pol\u010das<\/h2>\n\n\n\n<p class=\"has-text-align-center has-medium-font-size\">Prv\u00e9 poh\u00e1rov\u00e9 semifin\u00e1le za\u010dalo vo vla\u017enej\u0161om tempe. Na\u0161i hr\u00e1\u010di za\u010d\u00ednali na pravej strane ihriska a v \u00favodn\u00fdch min\u00fatach sme ve\u013ea zauj\u00edmav\u00fdch momentov nevideli. Vych\u00e1dzali sme zo zabezpe\u010denej obrany a d\u00f4le\u017eit\u00e9 bola najm\u00e4 kompaktnos\u0165 v zadn\u00fdch a stredov\u00fdch rad\u00e1ch.<\/p>\n\n\n\n<p class=\"has-text-align-center has-medium-font-size\">O prv\u00fd n\u00e1znak \u00fatoku sme sa pok\u00fasili na konci 10. min\u00faty. Center Hol\u00edka z pravej strany do \u0161estn\u00e1stky ale mieril mimo hracej plochy.<\/p>\n\n\n\n<p class=\"has-text-align-center has-medium-font-size\"><strong>12. min\u00fata priniesla n\u00e1\u0161 prv\u00fd g\u00f3l! G\u00d3OOOOOOOL SPARTAK TRNAVAAAA! KELVIN OFORIIII!<\/strong><\/p>\n\n\n\n<p class=\"has-text-align-center has-medium-font-size\">Ku Kelvinovi sa dostala odrazen\u00e1 lopta po z\u00e1kroku Trnavsk\u00e9ho, ktor\u00fa pohodlne dopravil do siete. Hne\u010f prv\u00fa nebezpe\u010dn\u00fa akciu sme tak premenili na presn\u00fd z\u00e1sah! 0:1! A op\u00e4\u0165 aj Kelvinova nezamenite\u013en\u00e1 rados\u0165 po g\u00f3le.<\/p>\n\n\n<div class=\"wp-block-image\">\n<figure class=\"aligncenter size-large\"><img loading=\"lazy\" decoding=\"async\" width=\"1024\" height=\"681\" src=\"https:\/\/fcspartaktrnava.com\/wp-content\/uploads\/2025\/04\/RAW-120-1024x681.jpg\" alt=\"\" class=\"wp-image-26907\" srcset=\"https:\/\/fcspartaktrnava.com\/wp-content\/uploads\/2025\/04\/RAW-120-1024x681.jpg 1024w, https:\/\/fcspartaktrnava.com\/wp-content\/uploads\/2025\/04\/RAW-120-300x200.jpg 300w, https:\/\/fcspartaktrnava.com\/wp-content\/uploads\/2025\/04\/RAW-120-768x511.jpg 768w, https:\/\/fcspartaktrnava.com\/wp-content\/uploads\/2025\/04\/RAW-120-1536x1022.jpg 1536w, https:\/\/fcspartaktrnava.com\/wp-content\/uploads\/2025\/04\/RAW-120-2048x1363.jpg 2048w, https:\/\/fcspartaktrnava.com\/wp-content\/uploads\/2025\/04\/RAW-120-18x12.jpg 18w\" sizes=\"auto, (max-width: 1024px) 100vw, 1024px\" \/><\/figure>\n<\/div>\n\n\n<hr class=\"wp-block-separator has-text-color has-vivid-red-color has-alpha-channel-opacity has-vivid-red-background-color has-background is-style-dots\"\/>\n\n\n\n<p class=\"has-text-align-center has-medium-font-size\">Pozor sme si museli d\u00e1va\u0165 v defenz\u00edve. 18. min\u00fata priniesla nebezpe\u010dn\u00fa situ\u00e1ciu pred Frelihom, ktor\u00fd ale v\u0161etko bezpe\u010dne vyrie\u0161il.<strong> <\/strong>Z\u00e1pas postupne naberal na tempe. Sektor host\u00ed hnal na\u0161e farby vpred. Dom\u00e1ci sa sna\u017eili o vyrovnanie, na\u0161a pozorn\u00e1 defenz\u00edva ich do ve\u013ek\u00fdch \u0161anc\u00ed nep\u00fa\u0161\u0165ala. V snahe o vyslobodenie z nepr\u00edjemnej situ\u00e1cie vystr\u00fahal v 23. min\u00fate Kratochv\u00edl v rohu ihriska pr\u00edzemn\u00e9 &#8222;no\u017eni\u010dky&#8220; a poslal loptu mimo nebezpe\u010dn\u00e9ho priestoru. Pekn\u00fd moment v podan\u00ed sk\u00fasen\u00e9ho \u010desk\u00e9ho stredopoliara.<\/p>\n\n\n\n<p class=\"has-text-align-center has-medium-font-size\">Tempo hry op\u00e4\u0165 o nie\u010do opadlo. Sledovali sme viacer\u00e9 nepresnosti na oboch stran\u00e1ch.<\/p>\n\n\n\n<p class=\"has-text-align-center has-medium-font-size\">28. min\u00fata a rohov\u00fd kop v exek\u00facii Cedrica Badola, ktor\u00fd prv\u00fdkr\u00e1t nast\u00fapil v na\u0161ej z\u00e1kladnej zostave. Nebezpe\u010dn\u00e1 situ\u00e1cia pre dom\u00e1cu br\u00e1nu nepri\u0161la. O dve min\u00faty nesk\u00f4r predviedol pekn\u00fd z\u00e1krok Frelih. Musel sa poriadne natiahnu\u0165, aby loptu poslal mimo br\u00e1ny na rohov\u00fd kop. Po \u0148om sme nedok\u00e1zali ust\u00e1\u0165 snahu Slovana o vyrovnanie. Mak napriahol z dia\u013eky a prekonal n\u00e1\u0161ho brank\u00e1ra. 1:1.<\/p>\n\n\n\n<p class=\"has-text-align-center has-medium-font-size\">Dom\u00e1ci hrozili aj na\u010falej. Tlak a snahu o druh\u00fd g\u00f3l sme dok\u00e1zali eliminova\u0165. 37. min\u00fata a nebezpe\u010dn\u00e1 situ\u00e1cia pred Frelihom. V \u0161estn\u00e1stke na\u0161\u0165astie nemieril presne Toli\u010d. Strelu poslal vysoko na trib\u00fany.<\/p>\n\n\n\n<p class=\"has-text-align-center has-medium-font-size\">41. min\u00fata a druh\u00fd g\u00f3l dom\u00e1cich&#8230; Situ\u00e1ciu v \u0161estn\u00e1stke sme nevyrie\u0161ili ide\u00e1lne a pri\u0161iel trest. Center Barseghyana z pravej strany sa dostal na kopa\u010dky Vojtka a ten z tesnej bl\u00edzkosti prekonal Freliha. 2:1. Prest\u00e1vku sme potrebovali ako so\u013e. Dom\u00e1ci stup\u0148ovali tempo a tlak na na\u0161u br\u00e1nu. Rozhodca pridal k prv\u00e9mu pol\u010dasu len jednu extra min\u00fatu. <\/p>\n\n\n\n<hr class=\"wp-block-separator has-alpha-channel-opacity\"\/>\n\n\n\n<h2 class=\"wp-block-heading has-text-align-center\">2. pol\u010das<\/h2>\n\n\n\n<p class=\"has-text-align-center has-medium-font-size\">\u00davod druhej \u010dasti hry priniesol n\u00e1znaky a pokusy o nebezpe\u010dn\u00e9 situ\u00e1cie na oboch stran\u00e1ch. V 54. min\u00fate videl Twardzik \u017elt\u00fa kartu. A o p\u00e1r chv\u00ed\u013e nesk\u00f4r videli div\u00e1ci aj nevydaren\u00fd streleck\u00fd pokus v malom v\u00e1pne v podan\u00ed rovnak\u00e9ho hr\u00e1\u010da.<\/p>\n\n\n\n<p class=\"has-text-align-center has-medium-font-size\">59. min\u00fata a prv\u00e9 striedanie Spartaka. Z ihriska odi\u0161iel \u010euri\u0161 a nahradil ho Paur. Sledovali sme viac taktick\u00fd futbal. Spoza \u0161estn\u00e1stky to v 61. min\u00fate sk\u00fa\u0161al strelecky Erik Sabo. Nepresne.<\/p>\n\n\n\n<p class=\"has-text-align-center has-medium-font-size\">Dom\u00e1ci kontrolovali hru a na\u0161i hr\u00e1\u010di sa sna\u017eili po zisku lopty kombinova\u0165. Ve\u013ek\u00fa \u0161ancu na vyrovnanie sme mali v 70. min\u00fate. Trnovsk\u00e9ho sme neprekonali ani po troch dor\u00e1\u017ekach&#8230; ned\u00f4raz v zakon\u010den\u00ed.<\/p>\n\n\n\n<p class=\"has-text-align-center has-medium-font-size\">O min\u00fatu nesk\u00f4r videl \u017elt\u00fa kartu Mikovi\u010d.<\/p>\n\n\n\n<figure class=\"wp-block-image size-large\"><img loading=\"lazy\" decoding=\"async\" width=\"1024\" height=\"681\" src=\"https:\/\/fcspartaktrnava.com\/wp-content\/uploads\/2025\/04\/RAW-222-1024x681.jpg\" alt=\"\" class=\"wp-image-26908\" srcset=\"https:\/\/fcspartaktrnava.com\/wp-content\/uploads\/2025\/04\/RAW-222-1024x681.jpg 1024w, https:\/\/fcspartaktrnava.com\/wp-content\/uploads\/2025\/04\/RAW-222-300x200.jpg 300w, https:\/\/fcspartaktrnava.com\/wp-content\/uploads\/2025\/04\/RAW-222-768x511.jpg 768w, https:\/\/fcspartaktrnava.com\/wp-content\/uploads\/2025\/04\/RAW-222-1536x1022.jpg 1536w, https:\/\/fcspartaktrnava.com\/wp-content\/uploads\/2025\/04\/RAW-222-2048x1363.jpg 2048w, https:\/\/fcspartaktrnava.com\/wp-content\/uploads\/2025\/04\/RAW-222-18x12.jpg 18w\" sizes=\"auto, (max-width: 1024px) 100vw, 1024px\" \/><\/figure>\n\n\n\n<p class=\"has-text-align-center has-medium-font-size\">V 74. min\u00fate predviedol pekn\u00fd obrann\u00fd z\u00e1krok \u0160tetina a zabr\u00e1nil dom\u00e1cej strele. Vpredu sme sa sna\u017eili o vyrovnanie. Sk\u00fa\u0161al to Badolo aj Sabo. Strely mierili nad br\u00e1nu alebo ich dok\u00e1zala eliminova\u0165 dom\u00e1ca obrana.<\/p>\n\n\n\n<p class=\"has-text-align-center has-medium-font-size\">80. min\u00fata a Frelih v akcii. Musel sa poriadne natiahnu\u0165 a vyrazi\u0165 strelu Slovana na rohov\u00fd kop. Po \u0148om nepri\u0161lo \u010fal\u0161ie nebezpe\u010denstvo pre \u010derveno-\u010d\u00edrnych. Toli\u010d v 83. min\u00fate nevyu\u017eil ve\u013ek\u00fa \u0161ancu, ke\u010f si polo\u017eil na\u0161u obranu aj Freliha&#8230; aj t\u00fato \u0161ancu sme ust\u00e1li a stav sa nemenil.<\/p>\n\n\n\n<p class=\"has-text-align-center has-medium-font-size\">Pekn\u00fa akciu sme previedli na konci 85. min\u00faty. Jej vrcholom bola nepr\u00edjemn\u00e1 strela Zeljkovi\u0107a. Trnovsk\u00fd ju vytla\u010dil na rohov\u00fd kop. 87. min\u00fata a striedanie Spartaka. Z ihriska i\u0161iel Sabo a do hry vybehol Pich. Predv\u00e1dzali sme kvalitn\u00fa pas\u00e1\u017e hry a snahu o vyrovnanie. V nadstavenom \u010dase sme sa tla\u010dili dopredu cez prav\u00fa stranu. E\u0161te pri\u0161lo jedno striedanie. Badolo ukon\u010dil z\u00e1pas a na ihrisko pri\u0161iel Jure\u0161kin. <\/p>\n\n\n\n<p class=\"has-text-align-center has-medium-font-size\">V druhom pol\u010dase sme viacer\u00e9 \u0161ance na vyrovnanie nevyu\u017eili. Do odvety tak p\u00f4jdeme s tesnou prehrou 2:1.<\/p>\n\n\n\n<figure class=\"wp-block-gallery has-nested-images columns-default is-cropped wp-block-gallery-1 is-layout-flex wp-block-gallery-is-layout-flex\">\n<figure class=\"wp-block-image size-large\"><img loading=\"lazy\" decoding=\"async\" width=\"1024\" height=\"681\" data-id=\"26911\" src=\"https:\/\/fcspartaktrnava.com\/wp-content\/uploads\/2025\/04\/RAW-762-1024x681.jpg\" alt=\"\" class=\"wp-image-26911\" srcset=\"https:\/\/fcspartaktrnava.com\/wp-content\/uploads\/2025\/04\/RAW-762-1024x681.jpg 1024w, https:\/\/fcspartaktrnava.com\/wp-content\/uploads\/2025\/04\/RAW-762-300x200.jpg 300w, https:\/\/fcspartaktrnava.com\/wp-content\/uploads\/2025\/04\/RAW-762-768x511.jpg 768w, https:\/\/fcspartaktrnava.com\/wp-content\/uploads\/2025\/04\/RAW-762-1536x1022.jpg 1536w, https:\/\/fcspartaktrnava.com\/wp-content\/uploads\/2025\/04\/RAW-762-2048x1363.jpg 2048w, https:\/\/fcspartaktrnava.com\/wp-content\/uploads\/2025\/04\/RAW-762-18x12.jpg 18w\" sizes=\"auto, (max-width: 1024px) 100vw, 1024px\" \/><\/figure>\n\n\n\n<figure class=\"wp-block-image size-large\"><img loading=\"lazy\" decoding=\"async\" width=\"1024\" height=\"681\" data-id=\"26910\" src=\"https:\/\/fcspartaktrnava.com\/wp-content\/uploads\/2025\/04\/RAW-783-1024x681.jpg\" alt=\"\" class=\"wp-image-26910\" srcset=\"https:\/\/fcspartaktrnava.com\/wp-content\/uploads\/2025\/04\/RAW-783-1024x681.jpg 1024w, https:\/\/fcspartaktrnava.com\/wp-content\/uploads\/2025\/04\/RAW-783-300x200.jpg 300w, https:\/\/fcspartaktrnava.com\/wp-content\/uploads\/2025\/04\/RAW-783-768x511.jpg 768w, https:\/\/fcspartaktrnava.com\/wp-content\/uploads\/2025\/04\/RAW-783-1536x1022.jpg 1536w, https:\/\/fcspartaktrnava.com\/wp-content\/uploads\/2025\/04\/RAW-783-2048x1363.jpg 2048w, https:\/\/fcspartaktrnava.com\/wp-content\/uploads\/2025\/04\/RAW-783-18x12.jpg 18w\" sizes=\"auto, (max-width: 1024px) 100vw, 1024px\" \/><\/figure>\n<\/figure>\n\n\n\n<p><\/p>\n\n\n\n<p class=\"has-text-align-center has-medium-font-size\"><strong>\u010eAKUJEME ZA PODPORU! TRNAVA DO TEHO!<\/strong><\/p>\n\n\n\n<p><\/p>\n\n\n\n<p><\/p>\n\n\n\n<p><\/p>\n\n\n\n<p><\/p>","protected":false},"excerpt":{"rendered":"<p>Streda 2. apr\u00edl 2025 &#8211; 18:00. D\u00e1tum a&#8230;<\/p>","protected":false},"author":5,"featured_media":26909,"comment_status":"closed","ping_status":"closed","sticky":false,"template":"","format":"standard","meta":{"footnotes":""},"categories":[12,20],"tags":[],"class_list":["post-26905","post","type-post","status-publish","format-standard","has-post-thumbnail","hentry","category-spravy","category-zapas","post-number-1"],"yoast_head":"<!-- This site is optimized with the Yoast SEO plugin v27.1.1 - https:\/\/yoast.com\/product\/yoast-seo-wordpress\/ -->\n<title>Slovnaft Cup: Do semifin\u00e1lovej odvety s tesnou prehrou - FC Spartak Trnava<\/title>\n<meta name=\"robots\" content=\"index, follow, max-snippet:-1, max-image-preview:large, max-video-preview:-1\" \/>\n<link rel=\"canonical\" href=\"https:\/\/fcspartaktrnava.com\/en\/do-semifinalovej-odvety-s-tesnou-prehrou\/\" \/>\n<meta name=\"twitter:label1\" content=\"Written by\" \/>\n\t<meta name=\"twitter:data1\" content=\"Samuel \u010eurinsk\u00fd\" \/>\n\t<meta name=\"twitter:label2\" content=\"Estimated reading time\" \/>\n\t<meta name=\"twitter:data2\" content=\"5 minutes\" \/>\n<script type=\"application\/ld+json\" class=\"yoast-schema-graph\">{\"@context\":\"https:\/\/schema.org\",\"@graph\":[{\"@type\":\"Article\",\"@id\":\"https:\/\/fcspartaktrnava.com\/do-semifinalovej-odvety-s-tesnou-prehrou\/#article\",\"isPartOf\":{\"@id\":\"https:\/\/fcspartaktrnava.com\/do-semifinalovej-odvety-s-tesnou-prehrou\/\"},\"author\":{\"name\":\"Samuel \u010eurinsk\u00fd\",\"@id\":\"https:\/\/fcspartaktrnava.com\/#\/schema\/person\/62c3c2562c3c56e4c0c8c2342c596ac0\"},\"headline\":\"Slovnaft Cup: Do semifin\u00e1lovej odvety s tesnou prehrou\",\"datePublished\":\"2025-04-02T18:15:10+00:00\",\"dateModified\":\"2025-04-02T18:19:12+00:00\",\"mainEntityOfPage\":{\"@id\":\"https:\/\/fcspartaktrnava.com\/do-semifinalovej-odvety-s-tesnou-prehrou\/\"},\"wordCount\":831,\"publisher\":{\"@id\":\"https:\/\/fcspartaktrnava.com\/#organization\"},\"image\":{\"@id\":\"https:\/\/fcspartaktrnava.com\/do-semifinalovej-odvety-s-tesnou-prehrou\/#primaryimage\"},\"thumbnailUrl\":\"https:\/\/fcspartaktrnava.com\/wp-content\/uploads\/2025\/04\/RAW-322-scaled.jpg\",\"articleSection\":[\"Spr\u00e1vy\",\"Z\u00e1pas\"],\"inLanguage\":\"en-GB\"},{\"@type\":\"WebPage\",\"@id\":\"https:\/\/fcspartaktrnava.com\/do-semifinalovej-odvety-s-tesnou-prehrou\/\",\"url\":\"https:\/\/fcspartaktrnava.com\/do-semifinalovej-odvety-s-tesnou-prehrou\/\",\"name\":\"Slovnaft Cup: Do semifin\u00e1lovej odvety s tesnou prehrou - FC Spartak Trnava\",\"isPartOf\":{\"@id\":\"https:\/\/fcspartaktrnava.com\/#website\"},\"primaryImageOfPage\":{\"@id\":\"https:\/\/fcspartaktrnava.com\/do-semifinalovej-odvety-s-tesnou-prehrou\/#primaryimage\"},\"image\":{\"@id\":\"https:\/\/fcspartaktrnava.com\/do-semifinalovej-odvety-s-tesnou-prehrou\/#primaryimage\"},\"thumbnailUrl\":\"https:\/\/fcspartaktrnava.com\/wp-content\/uploads\/2025\/04\/RAW-322-scaled.jpg\",\"datePublished\":\"2025-04-02T18:15:10+00:00\",\"dateModified\":\"2025-04-02T18:19:12+00:00\",\"breadcrumb\":{\"@id\":\"https:\/\/fcspartaktrnava.com\/do-semifinalovej-odvety-s-tesnou-prehrou\/#breadcrumb\"},\"inLanguage\":\"en-GB\",\"potentialAction\":[{\"@type\":\"ReadAction\",\"target\":[\"https:\/\/fcspartaktrnava.com\/do-semifinalovej-odvety-s-tesnou-prehrou\/\"]}]},{\"@type\":\"ImageObject\",\"inLanguage\":\"en-GB\",\"@id\":\"https:\/\/fcspartaktrnava.com\/do-semifinalovej-odvety-s-tesnou-prehrou\/#primaryimage\",\"url\":\"https:\/\/fcspartaktrnava.com\/wp-content\/uploads\/2025\/04\/RAW-322-scaled.jpg\",\"contentUrl\":\"https:\/\/fcspartaktrnava.com\/wp-content\/uploads\/2025\/04\/RAW-322-scaled.jpg\",\"width\":2560,\"height\":1703},{\"@type\":\"BreadcrumbList\",\"@id\":\"https:\/\/fcspartaktrnava.com\/do-semifinalovej-odvety-s-tesnou-prehrou\/#breadcrumb\",\"itemListElement\":[{\"@type\":\"ListItem\",\"position\":1,\"name\":\"Home\",\"item\":\"https:\/\/fcspartaktrnava.com\/\"},{\"@type\":\"ListItem\",\"position\":2,\"name\":\"Slovnaft Cup: Do semifin\u00e1lovej odvety s tesnou prehrou\"}]},{\"@type\":\"WebSite\",\"@id\":\"https:\/\/fcspartaktrnava.com\/#website\",\"url\":\"https:\/\/fcspartaktrnava.com\/\",\"name\":\"FC Spartak Trnava\",\"description\":\"ofici\u00e1lna webstr\u00e1nka futbalov\u00e9ho klubu\",\"publisher\":{\"@id\":\"https:\/\/fcspartaktrnava.com\/#organization\"},\"potentialAction\":[{\"@type\":\"SearchAction\",\"target\":{\"@type\":\"EntryPoint\",\"urlTemplate\":\"https:\/\/fcspartaktrnava.com\/?s={search_term_string}\"},\"query-input\":{\"@type\":\"PropertyValueSpecification\",\"valueRequired\":true,\"valueName\":\"search_term_string\"}}],\"inLanguage\":\"en-GB\"},{\"@type\":\"Organization\",\"@id\":\"https:\/\/fcspartaktrnava.com\/#organization\",\"name\":\"FC Spartak Trnava\",\"alternateName\":\"Spartak\",\"url\":\"https:\/\/fcspartaktrnava.com\/\",\"logo\":{\"@type\":\"ImageObject\",\"inLanguage\":\"en-GB\",\"@id\":\"https:\/\/fcspartaktrnava.com\/#\/schema\/logo\/image\/\",\"url\":\"https:\/\/fcspartaktrnava.com\/wp-content\/uploads\/2022\/08\/cropped-site_logo.png\",\"contentUrl\":\"https:\/\/fcspartaktrnava.com\/wp-content\/uploads\/2022\/08\/cropped-site_logo.png\",\"width\":140,\"height\":140,\"caption\":\"FC Spartak Trnava\"},\"image\":{\"@id\":\"https:\/\/fcspartaktrnava.com\/#\/schema\/logo\/image\/\"},\"sameAs\":[\"https:\/\/www.facebook.com\/SpartakTrnava\",\"https:\/\/x.com\/SpartakTrnava1\",\"https:\/\/www.instagram.com\/spartak_sk\/\"]},{\"@type\":\"Person\",\"@id\":\"https:\/\/fcspartaktrnava.com\/#\/schema\/person\/62c3c2562c3c56e4c0c8c2342c596ac0\",\"name\":\"Samuel \u010eurinsk\u00fd\",\"image\":{\"@type\":\"ImageObject\",\"inLanguage\":\"en-GB\",\"@id\":\"https:\/\/fcspartaktrnava.com\/#\/schema\/person\/image\/\",\"url\":\"https:\/\/secure.gravatar.com\/avatar\/af2fa02af92418b86ed742470664fe40056833fb68d84becf03f6ab02319257c?s=96&d=mm&r=g\",\"contentUrl\":\"https:\/\/secure.gravatar.com\/avatar\/af2fa02af92418b86ed742470664fe40056833fb68d84becf03f6ab02319257c?s=96&d=mm&r=g\",\"caption\":\"Samuel \u010eurinsk\u00fd\"},\"url\":\"https:\/\/fcspartaktrnava.com\/en\/author\/fcst-samuel\/\"}]}<\/script>\n<!-- \/ Yoast SEO plugin. -->","yoast_head_json":{"title":"Slovnaft Cup: Do semifin\u00e1lovej odvety s tesnou prehrou - FC Spartak Trnava","robots":{"index":"index","follow":"follow","max-snippet":"max-snippet:-1","max-image-preview":"max-image-preview:large","max-video-preview":"max-video-preview:-1"},"canonical":"https:\/\/fcspartaktrnava.com\/en\/do-semifinalovej-odvety-s-tesnou-prehrou\/","twitter_misc":{"Written by":"Samuel \u010eurinsk\u00fd","Estimated reading time":"5 minutes"},"schema":{"@context":"https:\/\/schema.org","@graph":[{"@type":"Article","@id":"https:\/\/fcspartaktrnava.com\/do-semifinalovej-odvety-s-tesnou-prehrou\/#article","isPartOf":{"@id":"https:\/\/fcspartaktrnava.com\/do-semifinalovej-odvety-s-tesnou-prehrou\/"},"author":{"name":"Samuel \u010eurinsk\u00fd","@id":"https:\/\/fcspartaktrnava.com\/#\/schema\/person\/62c3c2562c3c56e4c0c8c2342c596ac0"},"headline":"Slovnaft Cup: Do semifin\u00e1lovej odvety s tesnou prehrou","datePublished":"2025-04-02T18:15:10+00:00","dateModified":"2025-04-02T18:19:12+00:00","mainEntityOfPage":{"@id":"https:\/\/fcspartaktrnava.com\/do-semifinalovej-odvety-s-tesnou-prehrou\/"},"wordCount":831,"publisher":{"@id":"https:\/\/fcspartaktrnava.com\/#organization"},"image":{"@id":"https:\/\/fcspartaktrnava.com\/do-semifinalovej-odvety-s-tesnou-prehrou\/#primaryimage"},"thumbnailUrl":"https:\/\/fcspartaktrnava.com\/wp-content\/uploads\/2025\/04\/RAW-322-scaled.jpg","articleSection":["Spr\u00e1vy","Z\u00e1pas"],"inLanguage":"en-GB"},{"@type":"WebPage","@id":"https:\/\/fcspartaktrnava.com\/do-semifinalovej-odvety-s-tesnou-prehrou\/","url":"https:\/\/fcspartaktrnava.com\/do-semifinalovej-odvety-s-tesnou-prehrou\/","name":"Slovnaft Cup: Do semifin\u00e1lovej odvety s tesnou prehrou - FC Spartak Trnava","isPartOf":{"@id":"https:\/\/fcspartaktrnava.com\/#website"},"primaryImageOfPage":{"@id":"https:\/\/fcspartaktrnava.com\/do-semifinalovej-odvety-s-tesnou-prehrou\/#primaryimage"},"image":{"@id":"https:\/\/fcspartaktrnava.com\/do-semifinalovej-odvety-s-tesnou-prehrou\/#primaryimage"},"thumbnailUrl":"https:\/\/fcspartaktrnava.com\/wp-content\/uploads\/2025\/04\/RAW-322-scaled.jpg","datePublished":"2025-04-02T18:15:10+00:00","dateModified":"2025-04-02T18:19:12+00:00","breadcrumb":{"@id":"https:\/\/fcspartaktrnava.com\/do-semifinalovej-odvety-s-tesnou-prehrou\/#breadcrumb"},"inLanguage":"en-GB","potentialAction":[{"@type":"ReadAction","target":["https:\/\/fcspartaktrnava.com\/do-semifinalovej-odvety-s-tesnou-prehrou\/"]}]},{"@type":"ImageObject","inLanguage":"en-GB","@id":"https:\/\/fcspartaktrnava.com\/do-semifinalovej-odvety-s-tesnou-prehrou\/#primaryimage","url":"https:\/\/fcspartaktrnava.com\/wp-content\/uploads\/2025\/04\/RAW-322-scaled.jpg","contentUrl":"https:\/\/fcspartaktrnava.com\/wp-content\/uploads\/2025\/04\/RAW-322-scaled.jpg","width":2560,"height":1703},{"@type":"BreadcrumbList","@id":"https:\/\/fcspartaktrnava.com\/do-semifinalovej-odvety-s-tesnou-prehrou\/#breadcrumb","itemListElement":[{"@type":"ListItem","position":1,"name":"Home","item":"https:\/\/fcspartaktrnava.com\/"},{"@type":"ListItem","position":2,"name":"Slovnaft Cup: Do semifin\u00e1lovej odvety s tesnou prehrou"}]},{"@type":"WebSite","@id":"https:\/\/fcspartaktrnava.com\/#website","url":"https:\/\/fcspartaktrnava.com\/","name":"FC Spartak Trnava","description":"ofici\u00e1lna webstr\u00e1nka futbalov\u00e9ho klubu","publisher":{"@id":"https:\/\/fcspartaktrnava.com\/#organization"},"potentialAction":[{"@type":"SearchAction","target":{"@type":"EntryPoint","urlTemplate":"https:\/\/fcspartaktrnava.com\/?s={search_term_string}"},"query-input":{"@type":"PropertyValueSpecification","valueRequired":true,"valueName":"search_term_string"}}],"inLanguage":"en-GB"},{"@type":"Organization","@id":"https:\/\/fcspartaktrnava.com\/#organization","name":"FC Spartak Trnava","alternateName":"Spartak","url":"https:\/\/fcspartaktrnava.com\/","logo":{"@type":"ImageObject","inLanguage":"en-GB","@id":"https:\/\/fcspartaktrnava.com\/#\/schema\/logo\/image\/","url":"https:\/\/fcspartaktrnava.com\/wp-content\/uploads\/2022\/08\/cropped-site_logo.png","contentUrl":"https:\/\/fcspartaktrnava.com\/wp-content\/uploads\/2022\/08\/cropped-site_logo.png","width":140,"height":140,"caption":"FC Spartak Trnava"},"image":{"@id":"https:\/\/fcspartaktrnava.com\/#\/schema\/logo\/image\/"},"sameAs":["https:\/\/www.facebook.com\/SpartakTrnava","https:\/\/x.com\/SpartakTrnava1","https:\/\/www.instagram.com\/spartak_sk\/"]},{"@type":"Person","@id":"https:\/\/fcspartaktrnava.com\/#\/schema\/person\/62c3c2562c3c56e4c0c8c2342c596ac0","name":"Samuel \u010eurinsk\u00fd","image":{"@type":"ImageObject","inLanguage":"en-GB","@id":"https:\/\/fcspartaktrnava.com\/#\/schema\/person\/image\/","url":"https:\/\/secure.gravatar.com\/avatar\/af2fa02af92418b86ed742470664fe40056833fb68d84becf03f6ab02319257c?s=96&d=mm&r=g","contentUrl":"https:\/\/secure.gravatar.com\/avatar\/af2fa02af92418b86ed742470664fe40056833fb68d84becf03f6ab02319257c?s=96&d=mm&r=g","caption":"Samuel \u010eurinsk\u00fd"},"url":"https:\/\/fcspartaktrnava.com\/en\/author\/fcst-samuel\/"}]}},"_links":{"self":[{"href":"https:\/\/fcspartaktrnava.com\/en\/wp-json\/wp\/v2\/posts\/26905","targetHints":{"allow":["GET"]}}],"collection":[{"href":"https:\/\/fcspartaktrnava.com\/en\/wp-json\/wp\/v2\/posts"}],"about":[{"href":"https:\/\/fcspartaktrnava.com\/en\/wp-json\/wp\/v2\/types\/post"}],"author":[{"embeddable":true,"href":"https:\/\/fcspartaktrnava.com\/en\/wp-json\/wp\/v2\/users\/5"}],"replies":[{"embeddable":true,"href":"https:\/\/fcspartaktrnava.com\/en\/wp-json\/wp\/v2\/comments?post=26905"}],"version-history":[{"count":0,"href":"https:\/\/fcspartaktrnava.com\/en\/wp-json\/wp\/v2\/posts\/26905\/revisions"}],"wp:featuredmedia":[{"embeddable":true,"href":"https:\/\/fcspartaktrnava.com\/en\/wp-json\/wp\/v2\/media\/26909"}],"wp:attachment":[{"href":"https:\/\/fcspartaktrnava.com\/en\/wp-json\/wp\/v2\/media?parent=26905"}],"wp:term":[{"taxonomy":"category","embeddable":true,"href":"https:\/\/fcspartaktrnava.com\/en\/wp-json\/wp\/v2\/categories?post=26905"},{"taxonomy":"post_tag","embeddable":true,"href":"https:\/\/fcspartaktrnava.com\/en\/wp-json\/wp\/v2\/tags?post=26905"}],"curies":[{"name":"wp","href":"https:\/\/api.w.org\/{rel}","templated":true}]}}