{"id":26710,"date":"2025-03-28T14:05:45","date_gmt":"2025-03-28T12:05:45","guid":{"rendered":"https:\/\/fcspartaktrnava.com\/?p=26710"},"modified":"2025-03-28T17:35:38","modified_gmt":"2025-03-28T15:35:38","slug":"na-poradne-derby-s-poradnym-listkom","status":"publish","type":"post","link":"https:\/\/fcspartaktrnava.com\/en\/na-poradne-derby-s-poradnym-listkom\/","title":{"rendered":"Na por\u00e1dne derby s por\u00e1dnym l\u00edstkom!"},"content":{"rendered":"<p class=\"has-text-align-center has-medium-font-size\">V apr\u00edli n\u00e1s \u010dak\u00e1 por\u00e1dna porcia <strong>dom\u00e1cich<\/strong> derby z\u00e1pasov proti Slovanu a pri tom by si ur\u010dite nemal\/a ch\u00fdba\u0165! Uk\u00e1\u017eme v\u0161etk\u00fdm, ako sa fand\u00ed v Trnave!<\/p>\n\n\n\n<p class=\"has-text-align-center has-luminous-vivid-amber-background-color has-background has-medium-font-size\"><strong>Okrem poh\u00e1rovej semifin\u00e1lovej odvety &#8211; v utorok 15. apr\u00edla od 18:00, \u010dak\u00e1 \u010derveno-\u010d\u00edrne farby aj duel Nik\u00e9 ligy v sobotu 19. apr\u00edla od 20:30. <\/strong><\/p>\n\n\n<div class=\"wp-block-image\">\n<figure class=\"aligncenter size-large\"><a href=\"https:\/\/predpredaj.zoznam.sk\/sk\/listky\/fc-spartak-trnava-balikova-vstupenka-xxl-derby\/\"><img loading=\"lazy\" decoding=\"async\" width=\"1024\" height=\"341\" src=\"https:\/\/fcspartaktrnava.com\/wp-content\/uploads\/2025\/03\/Predpredaj-banner-2-1024x341.png\" alt=\"\" class=\"wp-image-26714\" srcset=\"https:\/\/fcspartaktrnava.com\/wp-content\/uploads\/2025\/03\/Predpredaj-banner-2-1024x341.png 1024w, https:\/\/fcspartaktrnava.com\/wp-content\/uploads\/2025\/03\/Predpredaj-banner-2-300x100.png 300w, https:\/\/fcspartaktrnava.com\/wp-content\/uploads\/2025\/03\/Predpredaj-banner-2-768x256.png 768w, https:\/\/fcspartaktrnava.com\/wp-content\/uploads\/2025\/03\/Predpredaj-banner-2-18x6.png 18w, https:\/\/fcspartaktrnava.com\/wp-content\/uploads\/2025\/03\/Predpredaj-banner-2.png 1140w\" sizes=\"auto, (max-width: 1024px) 100vw, 1024px\" \/><\/a><\/figure>\n<\/div>\n\n\n<hr class=\"wp-block-separator has-text-color has-vivid-red-color has-alpha-channel-opacity has-vivid-red-background-color has-background is-style-dots\"\/>\n\n\n\n<h2 class=\"wp-block-heading has-text-align-center\">Por\u00e1dne derby si zasl\u00fa\u017ei por\u00e1dny l\u00edstek!<\/h2>\n\n\n\n<p class=\"has-text-align-center has-medium-font-size\"><strong>Najviac si dom\u00e1ce z\u00e1pasy B\u00edlych Andelov vychutn\u00e1\u0161 s por\u00e1dnym derby l\u00edstkem, ktor\u00fd \u0165a za zv\u00fdhodnen\u00fa cenu (21,90 EUR) dostane na oba z\u00e1pasy.<\/strong><\/p>\n\n\n\n<p class=\"has-text-align-center has-luminous-vivid-amber-background-color has-background has-medium-font-size\"><strong>STA\u010c\u00cd<\/strong> <strong>TI 1 REGISTR\u00c1CIA NA OBIDVA Z\u00c1PASY A K TOMU AJ U\u0160ETR\u00cd\u0160<\/strong>!<\/p>\n\n\n\n<p class=\"has-text-align-center has-white-color has-vivid-red-background-color has-text-color has-background has-link-color has-medium-font-size wp-elements-a5cf55ba54a7f3808f94dbb1f30d8270\"><strong>Por\u00e1dny l\u00edstek na obidva z\u00e1pasy bude v\u00a0ponuke LEN do 4.4.2025!<\/strong><\/p>\n\n\n\n<p class=\"has-text-align-center has-medium-font-size\">*<strong style=\"font-style: italic;\">Zak\u00fapi\u0165 si ho m\u00f4\u017ee\u0161 online a k dispoz\u00edcii bude aj v na\u0161om fanshope FCSTORE.<\/strong><\/p>\n\n\n\n<p class=\"has-text-align-center has-black-color has-white-background-color has-text-color has-background has-link-color has-medium-font-size wp-elements-6a371dd431cbc1afb2b0129e4f69703f\"><strong>Samostatn\u00fd predaj vstupeniek na poh\u00e1rov\u00fd a&nbsp;ligov\u00fd z\u00e1pas sa spust\u00ed 5.4.2025.<\/strong><\/p>\n\n\n\n<p class=\"has-text-align-center has-white-color has-vivid-red-background-color has-text-color has-background has-link-color has-medium-font-size wp-elements-9db9a0baa16668606f1ab7bc0f175937\"><strong>Miesta pre dr\u017eite\u013eov permanentiek na poh\u00e1rov\u00fd z\u00e1pas dr\u017e\u00edme do 10.4.2025 (vr\u00e1tane).<\/strong><\/p>\n\n\n<div class=\"wp-block-image\">\n<figure class=\"aligncenter size-full\"><a href=\"https:\/\/predpredaj.zoznam.sk\/sk\/listky\/fc-spartak-trnava-balikova-vstupenka-xxl-derby\/\"><img loading=\"lazy\" decoding=\"async\" width=\"350\" height=\"350\" src=\"https:\/\/fcspartaktrnava.com\/wp-content\/uploads\/2025\/03\/Predpredaj-2.png\" alt=\"\" class=\"wp-image-26715\" srcset=\"https:\/\/fcspartaktrnava.com\/wp-content\/uploads\/2025\/03\/Predpredaj-2.png 350w, https:\/\/fcspartaktrnava.com\/wp-content\/uploads\/2025\/03\/Predpredaj-2-300x300.png 300w, https:\/\/fcspartaktrnava.com\/wp-content\/uploads\/2025\/03\/Predpredaj-2-150x150.png 150w, https:\/\/fcspartaktrnava.com\/wp-content\/uploads\/2025\/03\/Predpredaj-2-12x12.png 12w\" sizes=\"auto, (max-width: 350px) 100vw, 350px\" \/><\/a><\/figure>\n<\/div>\n\n\n<p class=\"has-text-align-center has-large-font-size\"><strong>Tak ne\u010dakaj a&nbsp;vyber si svoje miesto u\u017e teraz!<\/strong><\/p>\n\n\n\n<p class=\"has-text-align-center has-black-color has-white-background-color has-text-color has-background has-link-color has-medium-font-size wp-elements-25986bc2cd03e0abff50f358b883da07\"><strong>Vie\u0161 kde ich n\u00e1jde\u0161? <a href=\"https:\/\/predpredaj.zoznam.sk\/sk\/listky\/fc-spartak-trnava-balikova-vstupenka-xxl-derby\/\">PREDSA NA PREDPREDAJ.SK<\/a><\/strong><\/p>\n\n\n\n<p class=\"has-text-align-center has-medium-font-size\"><strong>TO MY SME SPARTAK! <\/strong>SILA, ODVAHA, ENERGIA. RODZINA.<\/p>","protected":false},"excerpt":{"rendered":"<p>V apr\u00edli n\u00e1s \u010dak\u00e1 por\u00e1dna porcia dom\u00e1cich derby&#8230;<\/p>","protected":false},"author":5,"featured_media":26717,"comment_status":"closed","ping_status":"closed","sticky":false,"template":"","format":"standard","meta":{"footnotes":""},"categories":[12,20],"tags":[],"class_list":["post-26710","post","type-post","status-publish","format-standard","has-post-thumbnail","hentry","category-spravy","category-zapas","post-number-1"],"yoast_head":"<!-- This site is optimized with the Yoast SEO plugin v27.1.1 - https:\/\/yoast.com\/product\/yoast-seo-wordpress\/ -->\n<title>Na por\u00e1dne derby s por\u00e1dnym l\u00edstkom! - FC Spartak Trnava<\/title>\n<meta name=\"robots\" content=\"index, follow, max-snippet:-1, max-image-preview:large, max-video-preview:-1\" \/>\n<link rel=\"canonical\" href=\"https:\/\/fcspartaktrnava.com\/en\/na-poradne-derby-s-poradnym-listkom\/\" \/>\n<meta name=\"twitter:label1\" content=\"Written by\" \/>\n\t<meta name=\"twitter:data1\" content=\"Samuel \u010eurinsk\u00fd\" \/>\n\t<meta name=\"twitter:label2\" content=\"Estimated reading time\" \/>\n\t<meta name=\"twitter:data2\" content=\"2 minutes\" \/>\n<script type=\"application\/ld+json\" class=\"yoast-schema-graph\">{\"@context\":\"https:\/\/schema.org\",\"@graph\":[{\"@type\":\"Article\",\"@id\":\"https:\/\/fcspartaktrnava.com\/na-poradne-derby-s-poradnym-listkom\/#article\",\"isPartOf\":{\"@id\":\"https:\/\/fcspartaktrnava.com\/na-poradne-derby-s-poradnym-listkom\/\"},\"author\":{\"name\":\"Samuel \u010eurinsk\u00fd\",\"@id\":\"https:\/\/fcspartaktrnava.com\/#\/schema\/person\/62c3c2562c3c56e4c0c8c2342c596ac0\"},\"headline\":\"Na por\u00e1dne derby s por\u00e1dnym l\u00edstkom!\",\"datePublished\":\"2025-03-28T12:05:45+00:00\",\"dateModified\":\"2025-03-28T15:35:38+00:00\",\"mainEntityOfPage\":{\"@id\":\"https:\/\/fcspartaktrnava.com\/na-poradne-derby-s-poradnym-listkom\/\"},\"wordCount\":211,\"publisher\":{\"@id\":\"https:\/\/fcspartaktrnava.com\/#organization\"},\"image\":{\"@id\":\"https:\/\/fcspartaktrnava.com\/na-poradne-derby-s-poradnym-listkom\/#primaryimage\"},\"thumbnailUrl\":\"https:\/\/fcspartaktrnava.com\/wp-content\/uploads\/2025\/03\/RAW-386-Enhanced-NR1-scaled.jpg\",\"articleSection\":[\"Spr\u00e1vy\",\"Z\u00e1pas\"],\"inLanguage\":\"en-GB\"},{\"@type\":\"WebPage\",\"@id\":\"https:\/\/fcspartaktrnava.com\/na-poradne-derby-s-poradnym-listkom\/\",\"url\":\"https:\/\/fcspartaktrnava.com\/na-poradne-derby-s-poradnym-listkom\/\",\"name\":\"Na por\u00e1dne derby s por\u00e1dnym l\u00edstkom! - FC Spartak Trnava\",\"isPartOf\":{\"@id\":\"https:\/\/fcspartaktrnava.com\/#website\"},\"primaryImageOfPage\":{\"@id\":\"https:\/\/fcspartaktrnava.com\/na-poradne-derby-s-poradnym-listkom\/#primaryimage\"},\"image\":{\"@id\":\"https:\/\/fcspartaktrnava.com\/na-poradne-derby-s-poradnym-listkom\/#primaryimage\"},\"thumbnailUrl\":\"https:\/\/fcspartaktrnava.com\/wp-content\/uploads\/2025\/03\/RAW-386-Enhanced-NR1-scaled.jpg\",\"datePublished\":\"2025-03-28T12:05:45+00:00\",\"dateModified\":\"2025-03-28T15:35:38+00:00\",\"breadcrumb\":{\"@id\":\"https:\/\/fcspartaktrnava.com\/na-poradne-derby-s-poradnym-listkom\/#breadcrumb\"},\"inLanguage\":\"en-GB\",\"potentialAction\":[{\"@type\":\"ReadAction\",\"target\":[\"https:\/\/fcspartaktrnava.com\/na-poradne-derby-s-poradnym-listkom\/\"]}]},{\"@type\":\"ImageObject\",\"inLanguage\":\"en-GB\",\"@id\":\"https:\/\/fcspartaktrnava.com\/na-poradne-derby-s-poradnym-listkom\/#primaryimage\",\"url\":\"https:\/\/fcspartaktrnava.com\/wp-content\/uploads\/2025\/03\/RAW-386-Enhanced-NR1-scaled.jpg\",\"contentUrl\":\"https:\/\/fcspartaktrnava.com\/wp-content\/uploads\/2025\/03\/RAW-386-Enhanced-NR1-scaled.jpg\",\"width\":2560,\"height\":1704},{\"@type\":\"BreadcrumbList\",\"@id\":\"https:\/\/fcspartaktrnava.com\/na-poradne-derby-s-poradnym-listkom\/#breadcrumb\",\"itemListElement\":[{\"@type\":\"ListItem\",\"position\":1,\"name\":\"Home\",\"item\":\"https:\/\/fcspartaktrnava.com\/\"},{\"@type\":\"ListItem\",\"position\":2,\"name\":\"Na por\u00e1dne derby s por\u00e1dnym l\u00edstkom!\"}]},{\"@type\":\"WebSite\",\"@id\":\"https:\/\/fcspartaktrnava.com\/#website\",\"url\":\"https:\/\/fcspartaktrnava.com\/\",\"name\":\"FC Spartak Trnava\",\"description\":\"ofici\u00e1lna webstr\u00e1nka futbalov\u00e9ho klubu\",\"publisher\":{\"@id\":\"https:\/\/fcspartaktrnava.com\/#organization\"},\"potentialAction\":[{\"@type\":\"SearchAction\",\"target\":{\"@type\":\"EntryPoint\",\"urlTemplate\":\"https:\/\/fcspartaktrnava.com\/?s={search_term_string}\"},\"query-input\":{\"@type\":\"PropertyValueSpecification\",\"valueRequired\":true,\"valueName\":\"search_term_string\"}}],\"inLanguage\":\"en-GB\"},{\"@type\":\"Organization\",\"@id\":\"https:\/\/fcspartaktrnava.com\/#organization\",\"name\":\"FC Spartak Trnava\",\"alternateName\":\"Spartak\",\"url\":\"https:\/\/fcspartaktrnava.com\/\",\"logo\":{\"@type\":\"ImageObject\",\"inLanguage\":\"en-GB\",\"@id\":\"https:\/\/fcspartaktrnava.com\/#\/schema\/logo\/image\/\",\"url\":\"https:\/\/fcspartaktrnava.com\/wp-content\/uploads\/2022\/08\/cropped-site_logo.png\",\"contentUrl\":\"https:\/\/fcspartaktrnava.com\/wp-content\/uploads\/2022\/08\/cropped-site_logo.png\",\"width\":140,\"height\":140,\"caption\":\"FC Spartak Trnava\"},\"image\":{\"@id\":\"https:\/\/fcspartaktrnava.com\/#\/schema\/logo\/image\/\"},\"sameAs\":[\"https:\/\/www.facebook.com\/SpartakTrnava\",\"https:\/\/x.com\/SpartakTrnava1\",\"https:\/\/www.instagram.com\/spartak_sk\/\"]},{\"@type\":\"Person\",\"@id\":\"https:\/\/fcspartaktrnava.com\/#\/schema\/person\/62c3c2562c3c56e4c0c8c2342c596ac0\",\"name\":\"Samuel \u010eurinsk\u00fd\",\"image\":{\"@type\":\"ImageObject\",\"inLanguage\":\"en-GB\",\"@id\":\"https:\/\/fcspartaktrnava.com\/#\/schema\/person\/image\/\",\"url\":\"https:\/\/secure.gravatar.com\/avatar\/af2fa02af92418b86ed742470664fe40056833fb68d84becf03f6ab02319257c?s=96&d=mm&r=g\",\"contentUrl\":\"https:\/\/secure.gravatar.com\/avatar\/af2fa02af92418b86ed742470664fe40056833fb68d84becf03f6ab02319257c?s=96&d=mm&r=g\",\"caption\":\"Samuel \u010eurinsk\u00fd\"},\"url\":\"https:\/\/fcspartaktrnava.com\/en\/author\/fcst-samuel\/\"}]}<\/script>\n<!-- \/ Yoast SEO plugin. -->","yoast_head_json":{"title":"Na por\u00e1dne derby s por\u00e1dnym l\u00edstkom! - FC Spartak Trnava","robots":{"index":"index","follow":"follow","max-snippet":"max-snippet:-1","max-image-preview":"max-image-preview:large","max-video-preview":"max-video-preview:-1"},"canonical":"https:\/\/fcspartaktrnava.com\/en\/na-poradne-derby-s-poradnym-listkom\/","twitter_misc":{"Written by":"Samuel \u010eurinsk\u00fd","Estimated reading time":"2 minutes"},"schema":{"@context":"https:\/\/schema.org","@graph":[{"@type":"Article","@id":"https:\/\/fcspartaktrnava.com\/na-poradne-derby-s-poradnym-listkom\/#article","isPartOf":{"@id":"https:\/\/fcspartaktrnava.com\/na-poradne-derby-s-poradnym-listkom\/"},"author":{"name":"Samuel \u010eurinsk\u00fd","@id":"https:\/\/fcspartaktrnava.com\/#\/schema\/person\/62c3c2562c3c56e4c0c8c2342c596ac0"},"headline":"Na por\u00e1dne derby s por\u00e1dnym l\u00edstkom!","datePublished":"2025-03-28T12:05:45+00:00","dateModified":"2025-03-28T15:35:38+00:00","mainEntityOfPage":{"@id":"https:\/\/fcspartaktrnava.com\/na-poradne-derby-s-poradnym-listkom\/"},"wordCount":211,"publisher":{"@id":"https:\/\/fcspartaktrnava.com\/#organization"},"image":{"@id":"https:\/\/fcspartaktrnava.com\/na-poradne-derby-s-poradnym-listkom\/#primaryimage"},"thumbnailUrl":"https:\/\/fcspartaktrnava.com\/wp-content\/uploads\/2025\/03\/RAW-386-Enhanced-NR1-scaled.jpg","articleSection":["Spr\u00e1vy","Z\u00e1pas"],"inLanguage":"en-GB"},{"@type":"WebPage","@id":"https:\/\/fcspartaktrnava.com\/na-poradne-derby-s-poradnym-listkom\/","url":"https:\/\/fcspartaktrnava.com\/na-poradne-derby-s-poradnym-listkom\/","name":"Na por\u00e1dne derby s por\u00e1dnym l\u00edstkom! - FC Spartak Trnava","isPartOf":{"@id":"https:\/\/fcspartaktrnava.com\/#website"},"primaryImageOfPage":{"@id":"https:\/\/fcspartaktrnava.com\/na-poradne-derby-s-poradnym-listkom\/#primaryimage"},"image":{"@id":"https:\/\/fcspartaktrnava.com\/na-poradne-derby-s-poradnym-listkom\/#primaryimage"},"thumbnailUrl":"https:\/\/fcspartaktrnava.com\/wp-content\/uploads\/2025\/03\/RAW-386-Enhanced-NR1-scaled.jpg","datePublished":"2025-03-28T12:05:45+00:00","dateModified":"2025-03-28T15:35:38+00:00","breadcrumb":{"@id":"https:\/\/fcspartaktrnava.com\/na-poradne-derby-s-poradnym-listkom\/#breadcrumb"},"inLanguage":"en-GB","potentialAction":[{"@type":"ReadAction","target":["https:\/\/fcspartaktrnava.com\/na-poradne-derby-s-poradnym-listkom\/"]}]},{"@type":"ImageObject","inLanguage":"en-GB","@id":"https:\/\/fcspartaktrnava.com\/na-poradne-derby-s-poradnym-listkom\/#primaryimage","url":"https:\/\/fcspartaktrnava.com\/wp-content\/uploads\/2025\/03\/RAW-386-Enhanced-NR1-scaled.jpg","contentUrl":"https:\/\/fcspartaktrnava.com\/wp-content\/uploads\/2025\/03\/RAW-386-Enhanced-NR1-scaled.jpg","width":2560,"height":1704},{"@type":"BreadcrumbList","@id":"https:\/\/fcspartaktrnava.com\/na-poradne-derby-s-poradnym-listkom\/#breadcrumb","itemListElement":[{"@type":"ListItem","position":1,"name":"Home","item":"https:\/\/fcspartaktrnava.com\/"},{"@type":"ListItem","position":2,"name":"Na por\u00e1dne derby s por\u00e1dnym l\u00edstkom!"}]},{"@type":"WebSite","@id":"https:\/\/fcspartaktrnava.com\/#website","url":"https:\/\/fcspartaktrnava.com\/","name":"FC Spartak Trnava","description":"ofici\u00e1lna webstr\u00e1nka futbalov\u00e9ho klubu","publisher":{"@id":"https:\/\/fcspartaktrnava.com\/#organization"},"potentialAction":[{"@type":"SearchAction","target":{"@type":"EntryPoint","urlTemplate":"https:\/\/fcspartaktrnava.com\/?s={search_term_string}"},"query-input":{"@type":"PropertyValueSpecification","valueRequired":true,"valueName":"search_term_string"}}],"inLanguage":"en-GB"},{"@type":"Organization","@id":"https:\/\/fcspartaktrnava.com\/#organization","name":"FC Spartak Trnava","alternateName":"Spartak","url":"https:\/\/fcspartaktrnava.com\/","logo":{"@type":"ImageObject","inLanguage":"en-GB","@id":"https:\/\/fcspartaktrnava.com\/#\/schema\/logo\/image\/","url":"https:\/\/fcspartaktrnava.com\/wp-content\/uploads\/2022\/08\/cropped-site_logo.png","contentUrl":"https:\/\/fcspartaktrnava.com\/wp-content\/uploads\/2022\/08\/cropped-site_logo.png","width":140,"height":140,"caption":"FC Spartak Trnava"},"image":{"@id":"https:\/\/fcspartaktrnava.com\/#\/schema\/logo\/image\/"},"sameAs":["https:\/\/www.facebook.com\/SpartakTrnava","https:\/\/x.com\/SpartakTrnava1","https:\/\/www.instagram.com\/spartak_sk\/"]},{"@type":"Person","@id":"https:\/\/fcspartaktrnava.com\/#\/schema\/person\/62c3c2562c3c56e4c0c8c2342c596ac0","name":"Samuel \u010eurinsk\u00fd","image":{"@type":"ImageObject","inLanguage":"en-GB","@id":"https:\/\/fcspartaktrnava.com\/#\/schema\/person\/image\/","url":"https:\/\/secure.gravatar.com\/avatar\/af2fa02af92418b86ed742470664fe40056833fb68d84becf03f6ab02319257c?s=96&d=mm&r=g","contentUrl":"https:\/\/secure.gravatar.com\/avatar\/af2fa02af92418b86ed742470664fe40056833fb68d84becf03f6ab02319257c?s=96&d=mm&r=g","caption":"Samuel \u010eurinsk\u00fd"},"url":"https:\/\/fcspartaktrnava.com\/en\/author\/fcst-samuel\/"}]}},"_links":{"self":[{"href":"https:\/\/fcspartaktrnava.com\/en\/wp-json\/wp\/v2\/posts\/26710","targetHints":{"allow":["GET"]}}],"collection":[{"href":"https:\/\/fcspartaktrnava.com\/en\/wp-json\/wp\/v2\/posts"}],"about":[{"href":"https:\/\/fcspartaktrnava.com\/en\/wp-json\/wp\/v2\/types\/post"}],"author":[{"embeddable":true,"href":"https:\/\/fcspartaktrnava.com\/en\/wp-json\/wp\/v2\/users\/5"}],"replies":[{"embeddable":true,"href":"https:\/\/fcspartaktrnava.com\/en\/wp-json\/wp\/v2\/comments?post=26710"}],"version-history":[{"count":0,"href":"https:\/\/fcspartaktrnava.com\/en\/wp-json\/wp\/v2\/posts\/26710\/revisions"}],"wp:featuredmedia":[{"embeddable":true,"href":"https:\/\/fcspartaktrnava.com\/en\/wp-json\/wp\/v2\/media\/26717"}],"wp:attachment":[{"href":"https:\/\/fcspartaktrnava.com\/en\/wp-json\/wp\/v2\/media?parent=26710"}],"wp:term":[{"taxonomy":"category","embeddable":true,"href":"https:\/\/fcspartaktrnava.com\/en\/wp-json\/wp\/v2\/categories?post=26710"},{"taxonomy":"post_tag","embeddable":true,"href":"https:\/\/fcspartaktrnava.com\/en\/wp-json\/wp\/v2\/tags?post=26710"}],"curies":[{"name":"wp","href":"https:\/\/api.w.org\/{rel}","templated":true}]}}