{"id":26688,"date":"2025-03-23T22:56:40","date_gmt":"2025-03-23T20:56:40","guid":{"rendered":"https:\/\/fcspartaktrnava.com\/?p=26688"},"modified":"2025-03-23T22:56:41","modified_gmt":"2025-03-23T20:56:41","slug":"starsi-ziaci-ovladli-derby","status":"publish","type":"post","link":"https:\/\/fcspartaktrnava.com\/en\/starsi-ziaci-ovladli-derby\/","title":{"rendered":"Star\u0161\u00ed \u017eiaci ovl\u00e1dli derby"},"content":{"rendered":"<p class=\"has-text-align-center\">Dorasty mali aj tento v\u00edkend pre reprezenta\u010dn\u00fa prest\u00e1vku vo\u013eno. Do nomin\u00e1cie Slovenska do 18 rokov sa dostala a\u017e p\u00e4tica na\u0161ich hr\u00e1\u010dov, a\u00a0to: Konopka, Le\u017e\u00e1k, Trello, Bukovsk\u00fd a\u00a0Pristach. V\u00a0druholigov\u00fdch Mal\u017eeniciach pre zmenu naberal sk\u00fasenosti s\u00a0mu\u017esk\u00fdm futbalom Duchovi\u010d.<\/p>\n\n\n\n<p class=\"has-text-align-center\"><strong>FC Spartak Trnava U15 \u2013 \u0160K Slovan Bratislava U15 3:2 (2:1)<\/strong><\/p>\n\n\n\n<p class=\"has-text-align-center\">V&nbsp;derby najstar\u0161\u00edch \u017eiakov sme viedli o&nbsp;dva g\u00f3ly, ke\u010f sme sk\u00f3rovali v&nbsp;rozp\u00e4t\u00ed od 18. do 20. min\u00faty. Slovan s\u00edce dok\u00e1zal vyrovna\u0165, ale posledn\u00e9 slovo sme zo&nbsp;z\u00e1vere\u010dnej akcie z\u00e1pasu mali my, ke\u010f sa stal hrdinom kapit\u00e1n Feni\u010d.<\/p>\n\n\n\n<p class=\"has-text-align-center\"><strong>FCST U15: <\/strong>Vlkovi\u010d \u2013 \u010euri\u0161, Lenghardt, Kalam\u00e1r, Martinkovi\u010d, Dole\u017eaj, Lacko, Feni\u010d (C), Oros (72. Kr\u00e1\u013eovi\u010d), Dreven\u00e1k (53. Bo\u0161ka), Kasan (41. Pokus, 72. Holb\u00edk)<\/p>\n\n\n\n<p class=\"has-text-align-center\"><strong>Goals: <\/strong>18. Dreven\u00e1k, 20. Lacko, 80. Feni\u010d<\/p>\n\n\n\n<p class=\"has-text-align-center\"><strong>Yellow cards: <\/strong>Lenghardt, Oros, Feni\u010d<\/p>\n\n\n\n<p class=\"has-text-align-center\"><strong>Oliver Burian: \u201eDnes sme mohli vidie\u0165 v\u00fdborn\u00fd z\u00e1pas vo vysokej intenzite, kedy sme si museli siahnu\u0165 na dno fyzick\u00fdch, ale aj psychick\u00fdch s\u00edl. Po\u010das cel\u00e9ho z\u00e1pasu sme boli akt\u00edvnej\u0161\u00edm mu\u017estvom, ve\u013emi dobre sme kombinovali, mali sme dobr\u00fd pohyb a vytvorili sme si ve\u013ek\u00e9 mno\u017estvo g\u00f3lov\u00fdch pr\u00edle\u017eitost\u00ed. Mrzie\u0165 n\u00e1s dnes m\u00f4\u017ee iba efektivita v ich premie\u0148an\u00ed, preto\u017ee pr\u00e1ve pre to sme z\u00e1pas zbyto\u010dne zdramatizovali. Te\u0161\u00ed ma, \u017ee sa znovu uk\u00e1zala siln\u00e1 v\u00ed\u0165azn\u00e1 mentalita tohto mu\u017estva a aj s \u0148ou sme prakticky z jednej z posledn\u00fdch akci\u00ed z\u00e1pasu strhli zasl\u00fa\u017eene v\u00ed\u0165azstvo na na\u0161u stranu. Celkovo som so z\u00e1pasom spokojn\u00fd, ako aj t\u00edmovo, tak aj z h\u013eadiska individual\u00edt sme dnes videli naozaj zauj\u00edmav\u00e9 v\u00fdkony a&nbsp;ver\u00edm, \u017ee si podobn\u00fa chu\u0165, nastavenie a kvalitu prenesieme do \u010fal\u0161\u00edch t\u00fd\u017ed\u0148ov.\u201c<\/strong><\/p>\n\n\n<div class=\"wp-block-image\">\n<figure class=\"aligncenter size-large is-resized\"><img loading=\"lazy\" decoding=\"async\" width=\"1024\" height=\"768\" src=\"https:\/\/fcspartaktrnava.com\/wp-content\/uploads\/2025\/03\/Obrazok-WhatsApp-2025-03-23-o-14.16.46_5f809e9e-1024x768.jpg\" alt=\"\" class=\"wp-image-26689\" style=\"width:706px;height:auto\" srcset=\"https:\/\/fcspartaktrnava.com\/wp-content\/uploads\/2025\/03\/Obrazok-WhatsApp-2025-03-23-o-14.16.46_5f809e9e-1024x768.jpg 1024w, https:\/\/fcspartaktrnava.com\/wp-content\/uploads\/2025\/03\/Obrazok-WhatsApp-2025-03-23-o-14.16.46_5f809e9e-300x225.jpg 300w, https:\/\/fcspartaktrnava.com\/wp-content\/uploads\/2025\/03\/Obrazok-WhatsApp-2025-03-23-o-14.16.46_5f809e9e-768x576.jpg 768w, https:\/\/fcspartaktrnava.com\/wp-content\/uploads\/2025\/03\/Obrazok-WhatsApp-2025-03-23-o-14.16.46_5f809e9e-1536x1152.jpg 1536w, https:\/\/fcspartaktrnava.com\/wp-content\/uploads\/2025\/03\/Obrazok-WhatsApp-2025-03-23-o-14.16.46_5f809e9e-16x12.jpg 16w, https:\/\/fcspartaktrnava.com\/wp-content\/uploads\/2025\/03\/Obrazok-WhatsApp-2025-03-23-o-14.16.46_5f809e9e.jpg 2048w\" sizes=\"auto, (max-width: 1024px) 100vw, 1024px\" \/><\/figure>\n<\/div>\n\n\n<p class=\"has-text-align-center\"><strong>FC Spartak Trnava U14 \u2013 \u0160K Slovan Bratislava U14 4:3 (2:1)<\/strong><\/p>\n\n\n\n<p class=\"has-text-align-center\">Najtesnej\u0161\u00edm rozdielom sa skon\u010dilo aj druh\u00e9 \u017eiacke derby. Spartakovci trikr\u00e1t viedli, ale hostia tri razy vyrovnali. \u0160tvrt\u00fd g\u00f3l sme v\u0161ak strelili, rovnako ako p\u00e4tn\u00e1stka, v&nbsp;samom z\u00e1vere a&nbsp;vedenie sme si u\u017e v&nbsp;ostatn\u00fdch sekund\u00e1ch postr\u00e1\u017eili.<\/p>\n\n\n\n<p class=\"has-text-align-center\"><strong>FCST U14: <\/strong>Mes\u00e1ro\u0161 (C) \u2013 Pola\u010dek, Mar\u010di\u0161, Mikulec, Rep\u00e1\u0148, Pol\u0165\u00e1k, Miklovi\u010d, Gajdo\u0161, Dvorsk\u00fd, Kuss, \u017digrai, Mikulec, Mego, Poliak, Kohutovi\u010d, Horv\u00e1th, Junas<\/p>\n\n\n\n<p class=\"has-text-align-center\"><strong>Goals: <\/strong>19. a&nbsp;38. Gajdo\u0161, 69. Kohutovi\u010d, 78. Junas<\/p>\n\n\n\n<p class=\"has-text-align-center\"><strong>Yellow cards: <\/strong>Horv\u00e1th, Kuss<\/p>\n\n\n\n<p class=\"has-text-align-center\"><strong>Tom\u00e1\u0161 K\u00e1nik: \u201e<\/strong><strong>Odohrali sme n\u00e1ro\u010dn\u00fd z\u00e1pas s&nbsp;ve\u013emi kvalitn\u00fdm s\u00faperom, v&nbsp;ktorom sa striedali \u00faseky s&nbsp;prevahou jedn\u00e9ho \u010di druh\u00e9ho t\u00edmu. Duel mohol z&nbsp;v\u00fdsledkov\u00e9ho h\u013eadiska dopadn\u00fa\u0165 akoko\u013evek. Napriek tomu, \u017ee sme v&nbsp;stretnut\u00ed a\u017e trikr\u00e1t stratili vedenie, v\u017edy sme dok\u00e1zali dobre reagova\u0165 a&nbsp;nedovolili sme s\u00faperovi z\u00e1pas oto\u010di\u0165. V\u00ed\u0165azn\u00fd g\u00f3l sa n\u00e1m podarilo streli\u0165 tesne pred koncom, \u010di\u017ee tak\u00e9to v\u00ed\u0165azstvo, a&nbsp;navy\u0161e v&nbsp;derby, chut\u00ed fantasticky.\u201c<\/strong><\/p>\n\n\n<div class=\"wp-block-image\">\n<figure class=\"aligncenter size-large is-resized\"><img loading=\"lazy\" decoding=\"async\" width=\"768\" height=\"1024\" src=\"https:\/\/fcspartaktrnava.com\/wp-content\/uploads\/2025\/03\/unnamed-2-768x1024.jpg\" alt=\"\" class=\"wp-image-26690\" style=\"width:546px;height:auto\" srcset=\"https:\/\/fcspartaktrnava.com\/wp-content\/uploads\/2025\/03\/unnamed-2-768x1024.jpg 768w, https:\/\/fcspartaktrnava.com\/wp-content\/uploads\/2025\/03\/unnamed-2-225x300.jpg 225w, https:\/\/fcspartaktrnava.com\/wp-content\/uploads\/2025\/03\/unnamed-2-1152x1536.jpg 1152w, https:\/\/fcspartaktrnava.com\/wp-content\/uploads\/2025\/03\/unnamed-2-9x12.jpg 9w, https:\/\/fcspartaktrnava.com\/wp-content\/uploads\/2025\/03\/unnamed-2.jpg 1200w\" sizes=\"auto, (max-width: 768px) 100vw, 768px\" \/><\/figure>\n<\/div>\n\n\n<p class=\"has-text-align-center\"><strong>FK Lokomot\u00edva Trnava U13 \u2013 FC Spartak Trnava U12 5:0 (0:0)<\/strong><\/p>\n\n\n\n<p class=\"has-text-align-center\">T\u00edmy mlad\u0161\u00edch \u017eiakov vst\u00fapia do nadstavby a\u017e o&nbsp;t\u00fd\u017ede\u0148. Dvan\u00e1stka to vyu\u017eila na pr\u00edpravn\u00fd z\u00e1pas s&nbsp;o&nbsp;rok star\u0161\u00edmi mestsk\u00fdmi s\u00fapermi z&nbsp;Lokomot\u00edvy. Po bezg\u00f3lovom prvom pol\u010dase pod\u013eahli na\u0161i futbalisti l\u00eddrovi 2. ligy 0:5.<\/p>\n\n\n\n<p class=\"has-text-align-center\"><strong>Filip Tomovi\u010d: \u201eOdohrali sme v\u00fdborn\u00fd prv\u00fd pol\u010das proti ve\u013emi kvalitn\u00e9mu a fyzickej\u0161iemu s\u00faperovi, ktor\u00fd je jednozna\u010dn\u00fdm l\u00eddrom v druhej lige U13. V prvom pol\u010dase sme boli minim\u00e1lne vyrovnan\u00fdm s\u00faperom aj ke\u010f kvalitou a fyzickos\u0165ou s\u00fapera sme nemali ve\u013ea \u0161anc\u00ed. Ur\u010dite bolo vidie\u0165 princ\u00edpy a&nbsp;veci, ktor\u00e9 chceme. St\u00e1le to je pre n\u00e1s e\u0161te skok na ve\u013ek\u00e9 ihrisko. Vzdialenosti a&nbsp;metre, ktor\u00e9 musia chalani prekona\u0165, s\u00fa v\u00e4\u010d\u0161ie. Druh\u00fa polovicu druh\u00e9ho pol\u010dasu sme ale u\u017e nep\u00f4sobili kompaktne a prib\u00fadali n\u00e1m \u013eahk\u00e9 straty. Nevedeli sme prepoji\u0165 obrann\u00fa a stredov\u00fa form\u00e1ciu, kde n\u00e1m viazla kombin\u00e1cia.\u201c<\/strong><\/p>\n\n\n\n<p class=\"has-text-align-center\"><strong>FC Spartak Trnava WU19 \u2013 FC Petr\u017ealka WU19 8:3 (4:0)<\/strong><\/p>\n\n\n\n<p class=\"has-text-align-center\">Dorastenky viedli nad Petr\u017ealkou po prvom pol\u010dase jasne u\u017e 4:0 a&nbsp;ich pohodln\u00e9 v\u00ed\u0165azstvo neohrozila ani \u010derven\u00e1 karta Hodossyovej po hodine hry. Trnav\u010danky zv\u00ed\u0165azili 8:3.<\/p>\n\n\n\n<p class=\"has-text-align-center\"><strong>FCST WU19: <\/strong>Kapkov\u00e1 (77. Petransk\u00e1) \u2013 Majanov\u00e1, Hudecov\u00e1, Lehock\u00e1, Ryb\u00e1rov\u00e1 (57. Pola\u010dkov\u00e1), He\u010dkov\u00e1 (81. Krupov\u00e1), Reh\u00e1kov\u00e1 (C), Hodossyov\u00e1, Kri\u0161tofiakov\u00e1 (77. Stankov\u00e1), Zacharov\u00e1, Hankociov\u00e1<\/p>\n\n\n\n<p class=\"has-text-align-center\"><strong>Goals: <\/strong>10. vlastn\u00fd, 23. He\u010dkov\u00e1, 34., 71. a&nbsp;72. Hudecov\u00e1, 52. Lehock\u00e1, 40. a 62. Hankociov\u00e1<\/p>\n\n\n\n<p class=\"has-text-align-center\"><strong>\u010cK: <\/strong>Hodossyov\u00e1<\/p>\n\n\n\n<p class=\"has-text-align-center\"><strong>Ivan Papazov: \u201ePrv\u00e1 polovica n\u00e1m vy\u0161la. Pri \u00fatoku sa n\u00e1m darilo prenies\u0165 ve\u013ea vec\u00ed z&nbsp;tr\u00e9ningov\u00e9ho procesu do z\u00e1pasu. Druh\u00fd pol\u010das bol trochu in\u00fd. Mali sme tlak na obranu a&nbsp;chybovali sme. Nehrali sme natesno, nemali sme zabezpe\u010dovanie a d\u00e1vali sme vo\u013enos\u0165 hra\u010dk\u00e1m Petr\u017ealky v&nbsp;na\u0161om pokutovom \u00fazem\u00ed.\u201c<\/strong><\/p>\n\n\n\n<p class=\"has-text-align-center\"><strong>FC Spartak Trnava WU15 \u2013 FC Petr\u017ealka WU15 7:2 (4:0)<\/strong><\/p>\n\n\n\n<p class=\"has-text-align-center\">S&nbsp;Bratislav\u010dankami si v\u00fdsledkovo bez v\u00e4\u010d\u0161\u00edch probl\u00e9mov poradili aj na\u0161e \u017eia\u010dky. V\u00ed\u0165azstvo 7:2 re\u017e\u00edrovala \u0161tvorg\u00f3lov\u00e1 Pamela Tankov\u00e1.<\/p>\n\n\n\n<p class=\"has-text-align-center\"><strong>FCST WU15: <\/strong>Pre\u0161insk\u00e1 (C) \u2013 Vl\u010dkov\u00e1, Rampa\u0161ekov\u00e1, Koll\u00e1rov\u00e1, Mikov\u00e1, \u0160kult\u00e9tyov\u00e1, Tankov\u00e1, Vej\u010d\u00edkov\u00e1, Lackovi\u010dov\u00e1, Nem\u010dekov\u00e1, Ko\u0161\u00edkov\u00e1, Fan\u010dovi\u010dov\u00e1, Mikulkov\u00e1, Major, Vicianov\u00e1<\/p>\n\n\n\n<p class=\"has-text-align-center\"><strong>Goals: <\/strong>17., 28.,&nbsp;36. a&nbsp;78. Tankov\u00e1 (posl. z&nbsp;11m), 34. Vej\u010d\u00edkov\u00e1, 49. a&nbsp;79. Vicianov\u00e1<\/p>\n\n\n\n<p class=\"has-text-align-center\"><strong>Nat\u00e1lia Kissov\u00e1: \u201ePo dlh\u0161om \u010dase sme absolvovali zauj\u00edmav\u00fd z\u00e1pas, ktor\u00fd n\u00e1s aj potr\u00e1pil. Prv\u00fd pol\u010das sme odohrali vynikaj\u00faci z\u00e1pas, ve\u013ea sme rozd\u00e1vali lopty, pren\u00e1\u0161ali sme \u0165a\u017eisko hry a vytvorili sme si mno\u017estvo g\u00f3lov\u00fdch pr\u00edle\u017eitost\u00ed. Probl\u00e9m n\u00e1m robila fin\u00e1lna f\u00e1za. V \u00favode sme sa tr\u00e1pili pri prechode cez stredov\u00fa z\u00f3nu, nako\u013eko s\u00faper n\u00e1m prehus\u0165oval stred ihriska. Druh\u00e1 polovica prv\u00e9ho pol\u010dasu u\u017e bola jasne v na\u0161ich ruk\u00e1ch. Druh\u00fd pol\u010das sme hrali menej kvalitne, Petr\u017ealka n\u00e1s dostala pod psychick\u00fd tlak a str\u00e1cali sme koncentr\u00e1ciu. Napriek tomu sme z\u00e1pas dotiahli do \u00faspe\u0161n\u00e9ho&nbsp;konca.\u201c<\/strong><\/p>","protected":false},"excerpt":{"rendered":"<p>Dorasty mali aj tento v\u00edkend pre reprezenta\u010dn\u00fa prest\u00e1vku&#8230;<\/p>","protected":false},"author":2,"featured_media":26691,"comment_status":"closed","ping_status":"closed","sticky":false,"template":"","format":"standard","meta":{"footnotes":""},"categories":[52,12],"tags":[53],"class_list":["post-26688","post","type-post","status-publish","format-standard","has-post-thumbnail","hentry","category-mladez","category-spravy","tag-mladez","post-number-1"],"yoast_head":"<!-- This site is optimized with the Yoast SEO plugin v27.1.1 - https:\/\/yoast.com\/product\/yoast-seo-wordpress\/ -->\n<title>Star\u0161\u00ed \u017eiaci ovl\u00e1dli derby - FC Spartak Trnava<\/title>\n<meta name=\"robots\" content=\"index, follow, max-snippet:-1, max-image-preview:large, max-video-preview:-1\" \/>\n<link rel=\"canonical\" href=\"https:\/\/fcspartaktrnava.com\/en\/starsi-ziaci-ovladli-derby\/\" \/>\n<meta name=\"twitter:label1\" content=\"Written by\" \/>\n\t<meta name=\"twitter:data1\" content=\"spartak\" \/>\n\t<meta name=\"twitter:label2\" content=\"Estimated reading time\" \/>\n\t<meta name=\"twitter:data2\" content=\"5 minutes\" \/>\n<script type=\"application\/ld+json\" class=\"yoast-schema-graph\">{\"@context\":\"https:\/\/schema.org\",\"@graph\":[{\"@type\":\"Article\",\"@id\":\"https:\/\/fcspartaktrnava.com\/starsi-ziaci-ovladli-derby\/#article\",\"isPartOf\":{\"@id\":\"https:\/\/fcspartaktrnava.com\/starsi-ziaci-ovladli-derby\/\"},\"author\":{\"name\":\"spartak\",\"@id\":\"https:\/\/fcspartaktrnava.com\/#\/schema\/person\/24bc5b254af14f71d7d8af178790aa75\"},\"headline\":\"Star\u0161\u00ed \u017eiaci ovl\u00e1dli derby\",\"datePublished\":\"2025-03-23T20:56:40+00:00\",\"dateModified\":\"2025-03-23T20:56:41+00:00\",\"mainEntityOfPage\":{\"@id\":\"https:\/\/fcspartaktrnava.com\/starsi-ziaci-ovladli-derby\/\"},\"wordCount\":1049,\"publisher\":{\"@id\":\"https:\/\/fcspartaktrnava.com\/#organization\"},\"image\":{\"@id\":\"https:\/\/fcspartaktrnava.com\/starsi-ziaci-ovladli-derby\/#primaryimage\"},\"thumbnailUrl\":\"https:\/\/fcspartaktrnava.com\/wp-content\/uploads\/2025\/03\/titulka.jpg\",\"keywords\":[\"ml\u00e1de\u017e\"],\"articleSection\":[\"Ml\u00e1de\u017e\",\"Spr\u00e1vy\"],\"inLanguage\":\"en-GB\"},{\"@type\":\"WebPage\",\"@id\":\"https:\/\/fcspartaktrnava.com\/starsi-ziaci-ovladli-derby\/\",\"url\":\"https:\/\/fcspartaktrnava.com\/starsi-ziaci-ovladli-derby\/\",\"name\":\"Star\u0161\u00ed \u017eiaci ovl\u00e1dli derby - FC Spartak Trnava\",\"isPartOf\":{\"@id\":\"https:\/\/fcspartaktrnava.com\/#website\"},\"primaryImageOfPage\":{\"@id\":\"https:\/\/fcspartaktrnava.com\/starsi-ziaci-ovladli-derby\/#primaryimage\"},\"image\":{\"@id\":\"https:\/\/fcspartaktrnava.com\/starsi-ziaci-ovladli-derby\/#primaryimage\"},\"thumbnailUrl\":\"https:\/\/fcspartaktrnava.com\/wp-content\/uploads\/2025\/03\/titulka.jpg\",\"datePublished\":\"2025-03-23T20:56:40+00:00\",\"dateModified\":\"2025-03-23T20:56:41+00:00\",\"breadcrumb\":{\"@id\":\"https:\/\/fcspartaktrnava.com\/starsi-ziaci-ovladli-derby\/#breadcrumb\"},\"inLanguage\":\"en-GB\",\"potentialAction\":[{\"@type\":\"ReadAction\",\"target\":[\"https:\/\/fcspartaktrnava.com\/starsi-ziaci-ovladli-derby\/\"]}]},{\"@type\":\"ImageObject\",\"inLanguage\":\"en-GB\",\"@id\":\"https:\/\/fcspartaktrnava.com\/starsi-ziaci-ovladli-derby\/#primaryimage\",\"url\":\"https:\/\/fcspartaktrnava.com\/wp-content\/uploads\/2025\/03\/titulka.jpg\",\"contentUrl\":\"https:\/\/fcspartaktrnava.com\/wp-content\/uploads\/2025\/03\/titulka.jpg\",\"width\":2048,\"height\":1536},{\"@type\":\"BreadcrumbList\",\"@id\":\"https:\/\/fcspartaktrnava.com\/starsi-ziaci-ovladli-derby\/#breadcrumb\",\"itemListElement\":[{\"@type\":\"ListItem\",\"position\":1,\"name\":\"Home\",\"item\":\"https:\/\/fcspartaktrnava.com\/\"},{\"@type\":\"ListItem\",\"position\":2,\"name\":\"Star\u0161\u00ed \u017eiaci ovl\u00e1dli derby\"}]},{\"@type\":\"WebSite\",\"@id\":\"https:\/\/fcspartaktrnava.com\/#website\",\"url\":\"https:\/\/fcspartaktrnava.com\/\",\"name\":\"FC Spartak Trnava\",\"description\":\"ofici\u00e1lna webstr\u00e1nka futbalov\u00e9ho klubu\",\"publisher\":{\"@id\":\"https:\/\/fcspartaktrnava.com\/#organization\"},\"potentialAction\":[{\"@type\":\"SearchAction\",\"target\":{\"@type\":\"EntryPoint\",\"urlTemplate\":\"https:\/\/fcspartaktrnava.com\/?s={search_term_string}\"},\"query-input\":{\"@type\":\"PropertyValueSpecification\",\"valueRequired\":true,\"valueName\":\"search_term_string\"}}],\"inLanguage\":\"en-GB\"},{\"@type\":\"Organization\",\"@id\":\"https:\/\/fcspartaktrnava.com\/#organization\",\"name\":\"FC Spartak Trnava\",\"alternateName\":\"Spartak\",\"url\":\"https:\/\/fcspartaktrnava.com\/\",\"logo\":{\"@type\":\"ImageObject\",\"inLanguage\":\"en-GB\",\"@id\":\"https:\/\/fcspartaktrnava.com\/#\/schema\/logo\/image\/\",\"url\":\"https:\/\/fcspartaktrnava.com\/wp-content\/uploads\/2022\/08\/cropped-site_logo.png\",\"contentUrl\":\"https:\/\/fcspartaktrnava.com\/wp-content\/uploads\/2022\/08\/cropped-site_logo.png\",\"width\":140,\"height\":140,\"caption\":\"FC Spartak Trnava\"},\"image\":{\"@id\":\"https:\/\/fcspartaktrnava.com\/#\/schema\/logo\/image\/\"},\"sameAs\":[\"https:\/\/www.facebook.com\/SpartakTrnava\",\"https:\/\/x.com\/SpartakTrnava1\",\"https:\/\/www.instagram.com\/spartak_sk\/\"]},{\"@type\":\"Person\",\"@id\":\"https:\/\/fcspartaktrnava.com\/#\/schema\/person\/24bc5b254af14f71d7d8af178790aa75\",\"name\":\"spartak\",\"image\":{\"@type\":\"ImageObject\",\"inLanguage\":\"en-GB\",\"@id\":\"https:\/\/fcspartaktrnava.com\/#\/schema\/person\/image\/\",\"url\":\"https:\/\/secure.gravatar.com\/avatar\/f8ff8584f3fcf3909a11a6da9019f37749183b4015bca14e64556c52614cdc7f?s=96&d=mm&r=g\",\"contentUrl\":\"https:\/\/secure.gravatar.com\/avatar\/f8ff8584f3fcf3909a11a6da9019f37749183b4015bca14e64556c52614cdc7f?s=96&d=mm&r=g\",\"caption\":\"spartak\"},\"url\":\"https:\/\/fcspartaktrnava.com\/en\/author\/spartak\/\"}]}<\/script>\n<!-- \/ Yoast SEO plugin. -->","yoast_head_json":{"title":"Star\u0161\u00ed \u017eiaci ovl\u00e1dli derby - FC Spartak Trnava","robots":{"index":"index","follow":"follow","max-snippet":"max-snippet:-1","max-image-preview":"max-image-preview:large","max-video-preview":"max-video-preview:-1"},"canonical":"https:\/\/fcspartaktrnava.com\/en\/starsi-ziaci-ovladli-derby\/","twitter_misc":{"Written by":"spartak","Estimated reading time":"5 minutes"},"schema":{"@context":"https:\/\/schema.org","@graph":[{"@type":"Article","@id":"https:\/\/fcspartaktrnava.com\/starsi-ziaci-ovladli-derby\/#article","isPartOf":{"@id":"https:\/\/fcspartaktrnava.com\/starsi-ziaci-ovladli-derby\/"},"author":{"name":"spartak","@id":"https:\/\/fcspartaktrnava.com\/#\/schema\/person\/24bc5b254af14f71d7d8af178790aa75"},"headline":"Star\u0161\u00ed \u017eiaci ovl\u00e1dli derby","datePublished":"2025-03-23T20:56:40+00:00","dateModified":"2025-03-23T20:56:41+00:00","mainEntityOfPage":{"@id":"https:\/\/fcspartaktrnava.com\/starsi-ziaci-ovladli-derby\/"},"wordCount":1049,"publisher":{"@id":"https:\/\/fcspartaktrnava.com\/#organization"},"image":{"@id":"https:\/\/fcspartaktrnava.com\/starsi-ziaci-ovladli-derby\/#primaryimage"},"thumbnailUrl":"https:\/\/fcspartaktrnava.com\/wp-content\/uploads\/2025\/03\/titulka.jpg","keywords":["ml\u00e1de\u017e"],"articleSection":["Ml\u00e1de\u017e","Spr\u00e1vy"],"inLanguage":"en-GB"},{"@type":"WebPage","@id":"https:\/\/fcspartaktrnava.com\/starsi-ziaci-ovladli-derby\/","url":"https:\/\/fcspartaktrnava.com\/starsi-ziaci-ovladli-derby\/","name":"Star\u0161\u00ed \u017eiaci ovl\u00e1dli derby - FC Spartak Trnava","isPartOf":{"@id":"https:\/\/fcspartaktrnava.com\/#website"},"primaryImageOfPage":{"@id":"https:\/\/fcspartaktrnava.com\/starsi-ziaci-ovladli-derby\/#primaryimage"},"image":{"@id":"https:\/\/fcspartaktrnava.com\/starsi-ziaci-ovladli-derby\/#primaryimage"},"thumbnailUrl":"https:\/\/fcspartaktrnava.com\/wp-content\/uploads\/2025\/03\/titulka.jpg","datePublished":"2025-03-23T20:56:40+00:00","dateModified":"2025-03-23T20:56:41+00:00","breadcrumb":{"@id":"https:\/\/fcspartaktrnava.com\/starsi-ziaci-ovladli-derby\/#breadcrumb"},"inLanguage":"en-GB","potentialAction":[{"@type":"ReadAction","target":["https:\/\/fcspartaktrnava.com\/starsi-ziaci-ovladli-derby\/"]}]},{"@type":"ImageObject","inLanguage":"en-GB","@id":"https:\/\/fcspartaktrnava.com\/starsi-ziaci-ovladli-derby\/#primaryimage","url":"https:\/\/fcspartaktrnava.com\/wp-content\/uploads\/2025\/03\/titulka.jpg","contentUrl":"https:\/\/fcspartaktrnava.com\/wp-content\/uploads\/2025\/03\/titulka.jpg","width":2048,"height":1536},{"@type":"BreadcrumbList","@id":"https:\/\/fcspartaktrnava.com\/starsi-ziaci-ovladli-derby\/#breadcrumb","itemListElement":[{"@type":"ListItem","position":1,"name":"Home","item":"https:\/\/fcspartaktrnava.com\/"},{"@type":"ListItem","position":2,"name":"Star\u0161\u00ed \u017eiaci ovl\u00e1dli derby"}]},{"@type":"WebSite","@id":"https:\/\/fcspartaktrnava.com\/#website","url":"https:\/\/fcspartaktrnava.com\/","name":"FC Spartak Trnava","description":"ofici\u00e1lna webstr\u00e1nka futbalov\u00e9ho klubu","publisher":{"@id":"https:\/\/fcspartaktrnava.com\/#organization"},"potentialAction":[{"@type":"SearchAction","target":{"@type":"EntryPoint","urlTemplate":"https:\/\/fcspartaktrnava.com\/?s={search_term_string}"},"query-input":{"@type":"PropertyValueSpecification","valueRequired":true,"valueName":"search_term_string"}}],"inLanguage":"en-GB"},{"@type":"Organization","@id":"https:\/\/fcspartaktrnava.com\/#organization","name":"FC Spartak Trnava","alternateName":"Spartak","url":"https:\/\/fcspartaktrnava.com\/","logo":{"@type":"ImageObject","inLanguage":"en-GB","@id":"https:\/\/fcspartaktrnava.com\/#\/schema\/logo\/image\/","url":"https:\/\/fcspartaktrnava.com\/wp-content\/uploads\/2022\/08\/cropped-site_logo.png","contentUrl":"https:\/\/fcspartaktrnava.com\/wp-content\/uploads\/2022\/08\/cropped-site_logo.png","width":140,"height":140,"caption":"FC Spartak Trnava"},"image":{"@id":"https:\/\/fcspartaktrnava.com\/#\/schema\/logo\/image\/"},"sameAs":["https:\/\/www.facebook.com\/SpartakTrnava","https:\/\/x.com\/SpartakTrnava1","https:\/\/www.instagram.com\/spartak_sk\/"]},{"@type":"Person","@id":"https:\/\/fcspartaktrnava.com\/#\/schema\/person\/24bc5b254af14f71d7d8af178790aa75","name":"spartak","image":{"@type":"ImageObject","inLanguage":"en-GB","@id":"https:\/\/fcspartaktrnava.com\/#\/schema\/person\/image\/","url":"https:\/\/secure.gravatar.com\/avatar\/f8ff8584f3fcf3909a11a6da9019f37749183b4015bca14e64556c52614cdc7f?s=96&d=mm&r=g","contentUrl":"https:\/\/secure.gravatar.com\/avatar\/f8ff8584f3fcf3909a11a6da9019f37749183b4015bca14e64556c52614cdc7f?s=96&d=mm&r=g","caption":"spartak"},"url":"https:\/\/fcspartaktrnava.com\/en\/author\/spartak\/"}]}},"_links":{"self":[{"href":"https:\/\/fcspartaktrnava.com\/en\/wp-json\/wp\/v2\/posts\/26688","targetHints":{"allow":["GET"]}}],"collection":[{"href":"https:\/\/fcspartaktrnava.com\/en\/wp-json\/wp\/v2\/posts"}],"about":[{"href":"https:\/\/fcspartaktrnava.com\/en\/wp-json\/wp\/v2\/types\/post"}],"author":[{"embeddable":true,"href":"https:\/\/fcspartaktrnava.com\/en\/wp-json\/wp\/v2\/users\/2"}],"replies":[{"embeddable":true,"href":"https:\/\/fcspartaktrnava.com\/en\/wp-json\/wp\/v2\/comments?post=26688"}],"version-history":[{"count":0,"href":"https:\/\/fcspartaktrnava.com\/en\/wp-json\/wp\/v2\/posts\/26688\/revisions"}],"wp:featuredmedia":[{"embeddable":true,"href":"https:\/\/fcspartaktrnava.com\/en\/wp-json\/wp\/v2\/media\/26691"}],"wp:attachment":[{"href":"https:\/\/fcspartaktrnava.com\/en\/wp-json\/wp\/v2\/media?parent=26688"}],"wp:term":[{"taxonomy":"category","embeddable":true,"href":"https:\/\/fcspartaktrnava.com\/en\/wp-json\/wp\/v2\/categories?post=26688"},{"taxonomy":"post_tag","embeddable":true,"href":"https:\/\/fcspartaktrnava.com\/en\/wp-json\/wp\/v2\/tags?post=26688"}],"curies":[{"name":"wp","href":"https:\/\/api.w.org\/{rel}","templated":true}]}}