{"id":26634,"date":"2025-03-13T20:05:32","date_gmt":"2025-03-13T18:05:32","guid":{"rendered":"https:\/\/fcspartaktrnava.com\/?p=26634"},"modified":"2025-03-14T14:35:11","modified_gmt":"2025-03-14T12:35:11","slug":"podte-na-derby-uz-v-nedelu","status":"publish","type":"post","link":"https:\/\/fcspartaktrnava.com\/en\/podte-na-derby-uz-v-nedelu\/","title":{"rendered":"Po\u010fte na derby! U\u017e v nede\u013eu"},"content":{"rendered":"<p class=\"has-text-align-center has-medium-font-size\">Skupina o titul v Nik\u00e9 lige so sebou v kr\u00e1tkom slede prin\u00e1\u0161a pokra\u010dovanie najsl\u00e1vnej\u0161ieho futbalov\u00e9ho derby na Slovensku. Na Slovan p\u00f4jdeme po utorkovom prieniku do semifin\u00e1le Slovnaft Cupu. V \u017diline sme si udr\u017eali \u010dist\u00e9 konto. <\/p>\n\n\n\n<p class=\"has-text-align-center has-medium-font-size\">Prv\u00fd marcov\u00fd de\u0148 n\u00e1m v Bratislave priniesol v\u0161etky body. Na\u0161i fan\u00fa\u0161ikovia pri tom nemohli by\u0165 osobne, ale do Trnavy pri\u0161li Andeli ako v\u00ed\u0165azi. <\/p>\n\n\n\n<p class=\"has-text-align-center has-medium-font-size\"><strong>Trest sme si odpykali a v nede\u013eu &#8211; 16. marca od 15:30 bude hos\u0165ovsk\u00fd sektor na Tehelnom poli op\u00e4\u0165 pln\u00fd \u010derveno-\u010d\u00edrnych farieb. <\/strong><\/p>\n\n\n\n<p class=\"has-text-align-center has-medium-font-size\"><strong>175. kapitola vz\u00e1jomn\u00fdch s\u00fabojov so Slovanom bude aj s vami! Fan\u00fa\u0161ikmi SPARTAKA!<\/strong><\/p>\n\n\n\n<p class=\"has-text-align-center has-black-color has-white-background-color has-text-color has-background has-link-color has-medium-font-size wp-elements-4f5a9197434c9f49b5466fad9195852f\"><strong><a href=\"https:\/\/www.ticketportal.sk\/performance\/1080300?fbclid=IwY2xjawI-pdRleHRuA2FlbQIxMQABHT1QDNq_TxdKONIlGuPQ-ZYl09ocLw3u2iQp8aYzDArKPOlXmoO7D4GNIA_aem_Hr4lmUAbKJ8nB0EOpjJ9lQ\">Vstupenky do hos\u0165ovsk\u00fdch sektorov (bordov\u00e9 sektory) D201 a\u017e D204 si viete zak\u00fapi\u0165 cez tento link.<\/a><\/strong><\/p>\n\n\n<div class=\"wp-block-image\">\n<figure class=\"aligncenter size-large is-resized\"><img loading=\"lazy\" decoding=\"async\" width=\"1024\" height=\"684\" src=\"https:\/\/fcspartaktrnava.com\/wp-content\/uploads\/2025\/03\/DSC1874-Enhanced-NR-1024x684.jpg\" alt=\"\" class=\"wp-image-26635\" style=\"width:723px;height:auto\" srcset=\"https:\/\/fcspartaktrnava.com\/wp-content\/uploads\/2025\/03\/DSC1874-Enhanced-NR-1024x684.jpg 1024w, https:\/\/fcspartaktrnava.com\/wp-content\/uploads\/2025\/03\/DSC1874-Enhanced-NR-300x200.jpg 300w, https:\/\/fcspartaktrnava.com\/wp-content\/uploads\/2025\/03\/DSC1874-Enhanced-NR-768x513.jpg 768w, https:\/\/fcspartaktrnava.com\/wp-content\/uploads\/2025\/03\/DSC1874-Enhanced-NR-1536x1025.jpg 1536w, https:\/\/fcspartaktrnava.com\/wp-content\/uploads\/2025\/03\/DSC1874-Enhanced-NR-2048x1367.jpg 2048w, https:\/\/fcspartaktrnava.com\/wp-content\/uploads\/2025\/03\/DSC1874-Enhanced-NR-18x12.jpg 18w\" sizes=\"auto, (max-width: 1024px) 100vw, 1024px\" \/><\/figure>\n<\/div>\n\n\n<p><\/p>\n\n\n\n<p class=\"has-text-align-center has-medium-font-size\"><strong>VID\u00cdME SA V BRATISLAVE<\/strong>.<\/p>\n\n\n\n<p class=\"has-text-align-center has-large-font-size\"><strong>PERSISTENCE IN IT! <\/strong><\/p>","protected":false},"excerpt":{"rendered":"<p>Skupina o titul v Nik\u00e9 lige so sebou&#8230;<\/p>","protected":false},"author":5,"featured_media":26636,"comment_status":"closed","ping_status":"closed","sticky":false,"template":"","format":"standard","meta":{"footnotes":""},"categories":[12,20],"tags":[],"class_list":["post-26634","post","type-post","status-publish","format-standard","has-post-thumbnail","hentry","category-spravy","category-zapas","post-number-1"],"yoast_head":"<!-- This site is optimized with the Yoast SEO plugin v27.1.1 - https:\/\/yoast.com\/product\/yoast-seo-wordpress\/ -->\n<title>Po\u010fte na derby! U\u017e v nede\u013eu - FC Spartak Trnava<\/title>\n<meta name=\"robots\" content=\"index, follow, max-snippet:-1, max-image-preview:large, max-video-preview:-1\" \/>\n<link rel=\"canonical\" href=\"https:\/\/fcspartaktrnava.com\/en\/podte-na-derby-uz-v-nedelu\/\" \/>\n<meta name=\"twitter:label1\" content=\"Written by\" \/>\n\t<meta name=\"twitter:data1\" content=\"Samuel \u010eurinsk\u00fd\" \/>\n\t<meta name=\"twitter:label2\" content=\"Estimated reading time\" \/>\n\t<meta name=\"twitter:data2\" content=\"2 minutes\" \/>\n<script type=\"application\/ld+json\" class=\"yoast-schema-graph\">{\"@context\":\"https:\/\/schema.org\",\"@graph\":[{\"@type\":\"Article\",\"@id\":\"https:\/\/fcspartaktrnava.com\/podte-na-derby-uz-v-nedelu\/#article\",\"isPartOf\":{\"@id\":\"https:\/\/fcspartaktrnava.com\/podte-na-derby-uz-v-nedelu\/\"},\"author\":{\"name\":\"Samuel \u010eurinsk\u00fd\",\"@id\":\"https:\/\/fcspartaktrnava.com\/#\/schema\/person\/62c3c2562c3c56e4c0c8c2342c596ac0\"},\"headline\":\"Po\u010fte na derby! U\u017e v nede\u013eu\",\"datePublished\":\"2025-03-13T18:05:32+00:00\",\"dateModified\":\"2025-03-14T12:35:11+00:00\",\"mainEntityOfPage\":{\"@id\":\"https:\/\/fcspartaktrnava.com\/podte-na-derby-uz-v-nedelu\/\"},\"wordCount\":145,\"publisher\":{\"@id\":\"https:\/\/fcspartaktrnava.com\/#organization\"},\"image\":{\"@id\":\"https:\/\/fcspartaktrnava.com\/podte-na-derby-uz-v-nedelu\/#primaryimage\"},\"thumbnailUrl\":\"https:\/\/fcspartaktrnava.com\/wp-content\/uploads\/2025\/03\/DSC1637-Enhanced-NR-scaled.jpg\",\"articleSection\":[\"Spr\u00e1vy\",\"Z\u00e1pas\"],\"inLanguage\":\"en-GB\"},{\"@type\":\"WebPage\",\"@id\":\"https:\/\/fcspartaktrnava.com\/podte-na-derby-uz-v-nedelu\/\",\"url\":\"https:\/\/fcspartaktrnava.com\/podte-na-derby-uz-v-nedelu\/\",\"name\":\"Po\u010fte na derby! U\u017e v nede\u013eu - FC Spartak Trnava\",\"isPartOf\":{\"@id\":\"https:\/\/fcspartaktrnava.com\/#website\"},\"primaryImageOfPage\":{\"@id\":\"https:\/\/fcspartaktrnava.com\/podte-na-derby-uz-v-nedelu\/#primaryimage\"},\"image\":{\"@id\":\"https:\/\/fcspartaktrnava.com\/podte-na-derby-uz-v-nedelu\/#primaryimage\"},\"thumbnailUrl\":\"https:\/\/fcspartaktrnava.com\/wp-content\/uploads\/2025\/03\/DSC1637-Enhanced-NR-scaled.jpg\",\"datePublished\":\"2025-03-13T18:05:32+00:00\",\"dateModified\":\"2025-03-14T12:35:11+00:00\",\"breadcrumb\":{\"@id\":\"https:\/\/fcspartaktrnava.com\/podte-na-derby-uz-v-nedelu\/#breadcrumb\"},\"inLanguage\":\"en-GB\",\"potentialAction\":[{\"@type\":\"ReadAction\",\"target\":[\"https:\/\/fcspartaktrnava.com\/podte-na-derby-uz-v-nedelu\/\"]}]},{\"@type\":\"ImageObject\",\"inLanguage\":\"en-GB\",\"@id\":\"https:\/\/fcspartaktrnava.com\/podte-na-derby-uz-v-nedelu\/#primaryimage\",\"url\":\"https:\/\/fcspartaktrnava.com\/wp-content\/uploads\/2025\/03\/DSC1637-Enhanced-NR-scaled.jpg\",\"contentUrl\":\"https:\/\/fcspartaktrnava.com\/wp-content\/uploads\/2025\/03\/DSC1637-Enhanced-NR-scaled.jpg\",\"width\":2560,\"height\":1709},{\"@type\":\"BreadcrumbList\",\"@id\":\"https:\/\/fcspartaktrnava.com\/podte-na-derby-uz-v-nedelu\/#breadcrumb\",\"itemListElement\":[{\"@type\":\"ListItem\",\"position\":1,\"name\":\"Home\",\"item\":\"https:\/\/fcspartaktrnava.com\/\"},{\"@type\":\"ListItem\",\"position\":2,\"name\":\"Po\u010fte na derby! U\u017e v nede\u013eu\"}]},{\"@type\":\"WebSite\",\"@id\":\"https:\/\/fcspartaktrnava.com\/#website\",\"url\":\"https:\/\/fcspartaktrnava.com\/\",\"name\":\"FC Spartak Trnava\",\"description\":\"ofici\u00e1lna webstr\u00e1nka futbalov\u00e9ho klubu\",\"publisher\":{\"@id\":\"https:\/\/fcspartaktrnava.com\/#organization\"},\"potentialAction\":[{\"@type\":\"SearchAction\",\"target\":{\"@type\":\"EntryPoint\",\"urlTemplate\":\"https:\/\/fcspartaktrnava.com\/?s={search_term_string}\"},\"query-input\":{\"@type\":\"PropertyValueSpecification\",\"valueRequired\":true,\"valueName\":\"search_term_string\"}}],\"inLanguage\":\"en-GB\"},{\"@type\":\"Organization\",\"@id\":\"https:\/\/fcspartaktrnava.com\/#organization\",\"name\":\"FC Spartak Trnava\",\"alternateName\":\"Spartak\",\"url\":\"https:\/\/fcspartaktrnava.com\/\",\"logo\":{\"@type\":\"ImageObject\",\"inLanguage\":\"en-GB\",\"@id\":\"https:\/\/fcspartaktrnava.com\/#\/schema\/logo\/image\/\",\"url\":\"https:\/\/fcspartaktrnava.com\/wp-content\/uploads\/2022\/08\/cropped-site_logo.png\",\"contentUrl\":\"https:\/\/fcspartaktrnava.com\/wp-content\/uploads\/2022\/08\/cropped-site_logo.png\",\"width\":140,\"height\":140,\"caption\":\"FC Spartak Trnava\"},\"image\":{\"@id\":\"https:\/\/fcspartaktrnava.com\/#\/schema\/logo\/image\/\"},\"sameAs\":[\"https:\/\/www.facebook.com\/SpartakTrnava\",\"https:\/\/x.com\/SpartakTrnava1\",\"https:\/\/www.instagram.com\/spartak_sk\/\"]},{\"@type\":\"Person\",\"@id\":\"https:\/\/fcspartaktrnava.com\/#\/schema\/person\/62c3c2562c3c56e4c0c8c2342c596ac0\",\"name\":\"Samuel \u010eurinsk\u00fd\",\"image\":{\"@type\":\"ImageObject\",\"inLanguage\":\"en-GB\",\"@id\":\"https:\/\/fcspartaktrnava.com\/#\/schema\/person\/image\/\",\"url\":\"https:\/\/secure.gravatar.com\/avatar\/af2fa02af92418b86ed742470664fe40056833fb68d84becf03f6ab02319257c?s=96&d=mm&r=g\",\"contentUrl\":\"https:\/\/secure.gravatar.com\/avatar\/af2fa02af92418b86ed742470664fe40056833fb68d84becf03f6ab02319257c?s=96&d=mm&r=g\",\"caption\":\"Samuel \u010eurinsk\u00fd\"},\"url\":\"https:\/\/fcspartaktrnava.com\/en\/author\/fcst-samuel\/\"}]}<\/script>\n<!-- \/ Yoast SEO plugin. -->","yoast_head_json":{"title":"Po\u010fte na derby! U\u017e v nede\u013eu - FC Spartak Trnava","robots":{"index":"index","follow":"follow","max-snippet":"max-snippet:-1","max-image-preview":"max-image-preview:large","max-video-preview":"max-video-preview:-1"},"canonical":"https:\/\/fcspartaktrnava.com\/en\/podte-na-derby-uz-v-nedelu\/","twitter_misc":{"Written by":"Samuel \u010eurinsk\u00fd","Estimated reading time":"2 minutes"},"schema":{"@context":"https:\/\/schema.org","@graph":[{"@type":"Article","@id":"https:\/\/fcspartaktrnava.com\/podte-na-derby-uz-v-nedelu\/#article","isPartOf":{"@id":"https:\/\/fcspartaktrnava.com\/podte-na-derby-uz-v-nedelu\/"},"author":{"name":"Samuel \u010eurinsk\u00fd","@id":"https:\/\/fcspartaktrnava.com\/#\/schema\/person\/62c3c2562c3c56e4c0c8c2342c596ac0"},"headline":"Po\u010fte na derby! U\u017e v nede\u013eu","datePublished":"2025-03-13T18:05:32+00:00","dateModified":"2025-03-14T12:35:11+00:00","mainEntityOfPage":{"@id":"https:\/\/fcspartaktrnava.com\/podte-na-derby-uz-v-nedelu\/"},"wordCount":145,"publisher":{"@id":"https:\/\/fcspartaktrnava.com\/#organization"},"image":{"@id":"https:\/\/fcspartaktrnava.com\/podte-na-derby-uz-v-nedelu\/#primaryimage"},"thumbnailUrl":"https:\/\/fcspartaktrnava.com\/wp-content\/uploads\/2025\/03\/DSC1637-Enhanced-NR-scaled.jpg","articleSection":["Spr\u00e1vy","Z\u00e1pas"],"inLanguage":"en-GB"},{"@type":"WebPage","@id":"https:\/\/fcspartaktrnava.com\/podte-na-derby-uz-v-nedelu\/","url":"https:\/\/fcspartaktrnava.com\/podte-na-derby-uz-v-nedelu\/","name":"Po\u010fte na derby! U\u017e v nede\u013eu - FC Spartak Trnava","isPartOf":{"@id":"https:\/\/fcspartaktrnava.com\/#website"},"primaryImageOfPage":{"@id":"https:\/\/fcspartaktrnava.com\/podte-na-derby-uz-v-nedelu\/#primaryimage"},"image":{"@id":"https:\/\/fcspartaktrnava.com\/podte-na-derby-uz-v-nedelu\/#primaryimage"},"thumbnailUrl":"https:\/\/fcspartaktrnava.com\/wp-content\/uploads\/2025\/03\/DSC1637-Enhanced-NR-scaled.jpg","datePublished":"2025-03-13T18:05:32+00:00","dateModified":"2025-03-14T12:35:11+00:00","breadcrumb":{"@id":"https:\/\/fcspartaktrnava.com\/podte-na-derby-uz-v-nedelu\/#breadcrumb"},"inLanguage":"en-GB","potentialAction":[{"@type":"ReadAction","target":["https:\/\/fcspartaktrnava.com\/podte-na-derby-uz-v-nedelu\/"]}]},{"@type":"ImageObject","inLanguage":"en-GB","@id":"https:\/\/fcspartaktrnava.com\/podte-na-derby-uz-v-nedelu\/#primaryimage","url":"https:\/\/fcspartaktrnava.com\/wp-content\/uploads\/2025\/03\/DSC1637-Enhanced-NR-scaled.jpg","contentUrl":"https:\/\/fcspartaktrnava.com\/wp-content\/uploads\/2025\/03\/DSC1637-Enhanced-NR-scaled.jpg","width":2560,"height":1709},{"@type":"BreadcrumbList","@id":"https:\/\/fcspartaktrnava.com\/podte-na-derby-uz-v-nedelu\/#breadcrumb","itemListElement":[{"@type":"ListItem","position":1,"name":"Home","item":"https:\/\/fcspartaktrnava.com\/"},{"@type":"ListItem","position":2,"name":"Po\u010fte na derby! U\u017e v nede\u013eu"}]},{"@type":"WebSite","@id":"https:\/\/fcspartaktrnava.com\/#website","url":"https:\/\/fcspartaktrnava.com\/","name":"FC Spartak Trnava","description":"ofici\u00e1lna webstr\u00e1nka futbalov\u00e9ho klubu","publisher":{"@id":"https:\/\/fcspartaktrnava.com\/#organization"},"potentialAction":[{"@type":"SearchAction","target":{"@type":"EntryPoint","urlTemplate":"https:\/\/fcspartaktrnava.com\/?s={search_term_string}"},"query-input":{"@type":"PropertyValueSpecification","valueRequired":true,"valueName":"search_term_string"}}],"inLanguage":"en-GB"},{"@type":"Organization","@id":"https:\/\/fcspartaktrnava.com\/#organization","name":"FC Spartak Trnava","alternateName":"Spartak","url":"https:\/\/fcspartaktrnava.com\/","logo":{"@type":"ImageObject","inLanguage":"en-GB","@id":"https:\/\/fcspartaktrnava.com\/#\/schema\/logo\/image\/","url":"https:\/\/fcspartaktrnava.com\/wp-content\/uploads\/2022\/08\/cropped-site_logo.png","contentUrl":"https:\/\/fcspartaktrnava.com\/wp-content\/uploads\/2022\/08\/cropped-site_logo.png","width":140,"height":140,"caption":"FC Spartak Trnava"},"image":{"@id":"https:\/\/fcspartaktrnava.com\/#\/schema\/logo\/image\/"},"sameAs":["https:\/\/www.facebook.com\/SpartakTrnava","https:\/\/x.com\/SpartakTrnava1","https:\/\/www.instagram.com\/spartak_sk\/"]},{"@type":"Person","@id":"https:\/\/fcspartaktrnava.com\/#\/schema\/person\/62c3c2562c3c56e4c0c8c2342c596ac0","name":"Samuel \u010eurinsk\u00fd","image":{"@type":"ImageObject","inLanguage":"en-GB","@id":"https:\/\/fcspartaktrnava.com\/#\/schema\/person\/image\/","url":"https:\/\/secure.gravatar.com\/avatar\/af2fa02af92418b86ed742470664fe40056833fb68d84becf03f6ab02319257c?s=96&d=mm&r=g","contentUrl":"https:\/\/secure.gravatar.com\/avatar\/af2fa02af92418b86ed742470664fe40056833fb68d84becf03f6ab02319257c?s=96&d=mm&r=g","caption":"Samuel \u010eurinsk\u00fd"},"url":"https:\/\/fcspartaktrnava.com\/en\/author\/fcst-samuel\/"}]}},"_links":{"self":[{"href":"https:\/\/fcspartaktrnava.com\/en\/wp-json\/wp\/v2\/posts\/26634","targetHints":{"allow":["GET"]}}],"collection":[{"href":"https:\/\/fcspartaktrnava.com\/en\/wp-json\/wp\/v2\/posts"}],"about":[{"href":"https:\/\/fcspartaktrnava.com\/en\/wp-json\/wp\/v2\/types\/post"}],"author":[{"embeddable":true,"href":"https:\/\/fcspartaktrnava.com\/en\/wp-json\/wp\/v2\/users\/5"}],"replies":[{"embeddable":true,"href":"https:\/\/fcspartaktrnava.com\/en\/wp-json\/wp\/v2\/comments?post=26634"}],"version-history":[{"count":0,"href":"https:\/\/fcspartaktrnava.com\/en\/wp-json\/wp\/v2\/posts\/26634\/revisions"}],"wp:featuredmedia":[{"embeddable":true,"href":"https:\/\/fcspartaktrnava.com\/en\/wp-json\/wp\/v2\/media\/26636"}],"wp:attachment":[{"href":"https:\/\/fcspartaktrnava.com\/en\/wp-json\/wp\/v2\/media?parent=26634"}],"wp:term":[{"taxonomy":"category","embeddable":true,"href":"https:\/\/fcspartaktrnava.com\/en\/wp-json\/wp\/v2\/categories?post=26634"},{"taxonomy":"post_tag","embeddable":true,"href":"https:\/\/fcspartaktrnava.com\/en\/wp-json\/wp\/v2\/tags?post=26634"}],"curies":[{"name":"wp","href":"https:\/\/api.w.org\/{rel}","templated":true}]}}