{"id":26312,"date":"2025-03-08T22:04:17","date_gmt":"2025-03-08T20:04:17","guid":{"rendered":"https:\/\/fcspartaktrnava.com\/?p=26312"},"modified":"2025-03-08T22:05:58","modified_gmt":"2025-03-08T20:05:58","slug":"krajske-derby-proti-dac-s-remizou-11","status":"publish","type":"post","link":"https:\/\/fcspartaktrnava.com\/en\/krajske-derby-proti-dac-s-remizou-11\/","title":{"rendered":"Krajsk\u00e9 derby proti DAC s rem\u00edzou 1:1"},"content":{"rendered":"<p class=\"has-text-align-center has-medium-font-size\">Sobotn\u00fd ve\u010der priniesol \u00favodn\u00fd duel v skupine o titul pre \u010derveno-\u010d\u00edrnych. Tematick\u00e9 kolo venovan\u00e9 pomoci OZ Amazonky a v\u0161etk\u00fdm \u017een\u00e1m, sme od\u0161tartovali \u0161peci\u00e1lnym n\u00e1stupom a potleskom \u017een\u00e1m k ich sviatku. <\/p>\n\n\n<div class=\"wp-block-image\">\n<figure class=\"aligncenter size-large\"><img loading=\"lazy\" decoding=\"async\" width=\"1024\" height=\"681\" src=\"https:\/\/fcspartaktrnava.com\/wp-content\/uploads\/2025\/03\/DSC_9636-1-1024x681.jpg\" alt=\"\" class=\"wp-image-26316\" srcset=\"https:\/\/fcspartaktrnava.com\/wp-content\/uploads\/2025\/03\/DSC_9636-1-1024x681.jpg 1024w, https:\/\/fcspartaktrnava.com\/wp-content\/uploads\/2025\/03\/DSC_9636-1-300x200.jpg 300w, https:\/\/fcspartaktrnava.com\/wp-content\/uploads\/2025\/03\/DSC_9636-1-768x511.jpg 768w, https:\/\/fcspartaktrnava.com\/wp-content\/uploads\/2025\/03\/DSC_9636-1-1536x1022.jpg 1536w, https:\/\/fcspartaktrnava.com\/wp-content\/uploads\/2025\/03\/DSC_9636-1-2048x1363.jpg 2048w, https:\/\/fcspartaktrnava.com\/wp-content\/uploads\/2025\/03\/DSC_9636-1-18x12.jpg 18w\" sizes=\"auto, (max-width: 1024px) 100vw, 1024px\" \/><\/figure>\n<\/div>\n\n<div class=\"wp-block-image\">\n<figure class=\"aligncenter size-large\"><img loading=\"lazy\" decoding=\"async\" width=\"1024\" height=\"683\" src=\"https:\/\/fcspartaktrnava.com\/wp-content\/uploads\/2025\/03\/DSC_7968-1024x683.jpg\" alt=\"\" class=\"wp-image-26314\" srcset=\"https:\/\/fcspartaktrnava.com\/wp-content\/uploads\/2025\/03\/DSC_7968-1024x683.jpg 1024w, https:\/\/fcspartaktrnava.com\/wp-content\/uploads\/2025\/03\/DSC_7968-300x200.jpg 300w, https:\/\/fcspartaktrnava.com\/wp-content\/uploads\/2025\/03\/DSC_7968-768x512.jpg 768w, https:\/\/fcspartaktrnava.com\/wp-content\/uploads\/2025\/03\/DSC_7968-1536x1024.jpg 1536w, https:\/\/fcspartaktrnava.com\/wp-content\/uploads\/2025\/03\/DSC_7968-2048x1366.jpg 2048w, https:\/\/fcspartaktrnava.com\/wp-content\/uploads\/2025\/03\/DSC_7968-18x12.jpg 18w\" sizes=\"auto, (max-width: 1024px) 100vw, 1024px\" \/><\/figure>\n<\/div>\n\n\n<p class=\"has-text-align-center has-white-color has-vivid-red-background-color has-text-color has-background has-link-color has-medium-font-size wp-elements-0489da5cfa7b8ad19d3b382cab01fdf6\"><strong>Na duel proti DAC sme nast\u00fapili v tejto z\u00e1kladnej zostave<\/strong>, <strong>do ktorej sa vr\u00e1til u\u017e aj kapit\u00e1n Martin Mikovi\u010d.<\/strong><\/p>\n\n\n<div class=\"wp-block-image\">\n<figure class=\"aligncenter size-large\"><img loading=\"lazy\" decoding=\"async\" width=\"819\" height=\"1024\" src=\"https:\/\/fcspartaktrnava.com\/wp-content\/uploads\/2025\/03\/unnamed-1-819x1024.jpg\" alt=\"\" class=\"wp-image-26313\" srcset=\"https:\/\/fcspartaktrnava.com\/wp-content\/uploads\/2025\/03\/unnamed-1-819x1024.jpg 819w, https:\/\/fcspartaktrnava.com\/wp-content\/uploads\/2025\/03\/unnamed-1-240x300.jpg 240w, https:\/\/fcspartaktrnava.com\/wp-content\/uploads\/2025\/03\/unnamed-1-768x960.jpg 768w, https:\/\/fcspartaktrnava.com\/wp-content\/uploads\/2025\/03\/unnamed-1-10x12.jpg 10w, https:\/\/fcspartaktrnava.com\/wp-content\/uploads\/2025\/03\/unnamed-1.jpg 1200w\" sizes=\"auto, (max-width: 819px) 100vw, 819px\" \/><\/figure>\n<\/div>\n\n\n<hr class=\"wp-block-separator has-alpha-channel-opacity\"\/>\n\n\n\n<h2 class=\"wp-block-heading has-text-align-center\">1. pol\u010das<\/h2>\n\n\n\n<p class=\"has-text-align-center has-medium-font-size\">Po\u010detne zaplnen\u00e9 trib\u00fany od za\u010diatku hnali na\u0161ich hr\u00e1\u010dov vpred. Skvel\u00fa atmosf\u00e9ru doplnilo \u00favodn\u00e9 choreo a snaha \u010derveno-\u010d\u00edrnych vst\u00fapi\u0165 do z\u00e1pasu \u010do najlep\u0161ie. \u00davodn\u00e9 min\u00faty ve\u013ea vzruchu nepriniesli a hra sa odohr\u00e1vala najm\u00e4 medzi oboma \u0161estn\u00e1stkami. Pozorn\u00e9 defenz\u00edvy na oboch stran\u00e1ch dok\u00e1zali eliminova\u0165 \u00fato\u010dn\u00e9 snahy. Hra sa k\u00faskovala a tempo nebolo vysok\u00e9. <\/p>\n\n\n\n<p class=\"has-text-align-center has-medium-font-size\">Kapit\u00e1n Mikovi\u010d od za\u010diatku z\u00e1pasu ukazoval, ak\u00fdm je d\u00f4le\u017eit\u00fdm hr\u00e1\u010dom. Bolo ho pln\u00e9 ihrisko a nevynechal ani jeden osobn\u00fd s\u00faboj. Nebezpe\u010dn\u00e9 situ\u00e1cie sme dok\u00e1zali rie\u0161i\u0165 s rozvahou. Sledovali sme viacer\u00e9 osobn\u00e9 s\u00faboje a nedovolen\u00e9 z\u00e1kroky. D\u00f4le\u017eitos\u0165 z\u00e1pasu bola pozna\u0165 aj pri niektor\u00fdch nepresnostiach v prihr\u00e1vkach.<\/p>\n\n\n\n<p class=\"has-text-align-center has-medium-font-size\">Pekn\u00fa akciu sme predviedli v 23. min\u00fate. Po pravej strane potiahol akciu Daniel, centrom na\u0161iel Azanga, ktor\u00fd spadol na zem v pokutovom \u00fazem\u00ed ale penalta sa nep\u00edskala. Proch\u00e1zka n\u00e1sledne zahr\u00e1val rohov\u00fd kop a loptu poslal len do n\u00e1ru\u010de brank\u00e1ra DAC. Rozhodca duelu nech\u00e1val viacer\u00e9 hrani\u010dn\u00e9 z\u00e1kroky bez kartov\u00e9ho trestu ale v 27. min\u00fate udelil \u017elt\u00fa kartu hr\u00e1\u010dovi DAC Tubolymu.<\/p>\n\n\n\n<p class=\"has-text-align-center has-medium-font-size\">\u010eal\u0161iu pekn\u00fa akciu a sled \u0161anc\u00ed sme predviedli v 28. a 29. min\u00fate. Lopta sa odr\u00e1\u017eala od hr\u00e1\u010dov v pokutovom \u00fazem\u00ed, dvakr\u00e1t ale smerovala len mimo hos\u0165uj\u00facej br\u00e1nky. Z\u00e1pas postupne naberal tempo. V 32. min\u00fate to sk\u00fa\u0161al tvrdou strelou na br\u00e1nu z \u013eavej strany Azango. Popovi\u010d jeho strelu vyrazil na rohov\u00fd kop. Z pon\u00faknutej \u0161tandardnej situ\u00e1cie sme hos\u0165om nepohrozili.<\/p>\n\n\n\n<p class=\"has-text-align-center has-medium-font-size\">\u00b434: O dve min\u00faty nesk\u00f4r sme inkasovali&#8230; Presadil sa Ramadan. 0:1&#8230; <\/p>\n\n\n\n<p class=\"has-text-align-center has-medium-font-size\">Karta tak bola na na\u0161ej strane a museli sme prida\u0165 smerom do \u00fatoku. A karty v \u017eltej farbe sa rozd\u00e1vali aj v \u010fal\u0161\u00edch min\u00fatach za nedovolen\u00e9 z\u00e1kroky. Prv\u00fd pol\u010das sme prehrali 0:1.<\/p>\n\n\n\n<hr class=\"wp-block-separator has-alpha-channel-opacity\"\/>\n\n\n\n<h2 class=\"wp-block-heading has-text-align-center\">2. pol\u010das<\/h2>\n\n\n\n<p class=\"has-text-align-center has-medium-font-size\">Do druhej \u010dasti hry sme vst\u00fapili s jasn\u00fdm cie\u013eom. Vyrovna\u0165 a oto\u010di\u0165 nepriazniv\u00e9 sk\u00f3re. Prv\u00e1 \u00faloha bola splnen\u00e1 u\u017e v 47. min\u00fate.<\/p>\n\n\n\n<p class=\"has-text-align-center has-medium-font-size\"><strong>G\u00d3OOOOOOOOOL SPARTAAAAAAK TRNAVA! Hol\u00edk vhodil dlh\u00fd aut do \u0161estn\u00e1stky, loptu sa sna\u017eil hlavi\u010dkova\u0165 Zeljkovi\u010d, t\u00e1 sa ale dostala k ROMANOVI PROCH\u00c1ZKOVI, na ktor\u00e9ho Dunajskostred\u010dania zabudli a Proch\u00e1zka poslal loptu nohou do pravej \u010dasti br\u00e1ny.<\/strong><\/p>\n\n\n\n<p class=\"has-text-align-center has-medium-font-size\"><strong>\u00b447 &#8211; 1:1 PROCH\u00c1ZKA<\/strong><\/p>\n\n\n\n<p class=\"has-text-align-center has-medium-font-size\">SPARTAAAK&#8230;TRNAVAA&#8230; znelo trib\u00fanami e\u0161te hlasnej\u0161ie<\/p>\n\n\n<div class=\"wp-block-image\">\n<figure class=\"aligncenter size-large\"><img loading=\"lazy\" decoding=\"async\" width=\"1024\" height=\"683\" src=\"https:\/\/fcspartaktrnava.com\/wp-content\/uploads\/2025\/03\/DSC_8417-1024x683.jpg\" alt=\"\" class=\"wp-image-26318\" srcset=\"https:\/\/fcspartaktrnava.com\/wp-content\/uploads\/2025\/03\/DSC_8417-1024x683.jpg 1024w, https:\/\/fcspartaktrnava.com\/wp-content\/uploads\/2025\/03\/DSC_8417-300x200.jpg 300w, https:\/\/fcspartaktrnava.com\/wp-content\/uploads\/2025\/03\/DSC_8417-768x512.jpg 768w, https:\/\/fcspartaktrnava.com\/wp-content\/uploads\/2025\/03\/DSC_8417-1536x1024.jpg 1536w, https:\/\/fcspartaktrnava.com\/wp-content\/uploads\/2025\/03\/DSC_8417-2048x1365.jpg 2048w, https:\/\/fcspartaktrnava.com\/wp-content\/uploads\/2025\/03\/DSC_8417-18x12.jpg 18w\" sizes=\"auto, (max-width: 1024px) 100vw, 1024px\" \/><\/figure>\n<\/div>\n\n\n<p class=\"has-text-align-center has-medium-font-size\"><\/p>\n\n\n<div class=\"wp-block-image\">\n<figure class=\"aligncenter size-large\"><img loading=\"lazy\" decoding=\"async\" width=\"1024\" height=\"683\" src=\"https:\/\/fcspartaktrnava.com\/wp-content\/uploads\/2025\/03\/DSC_8407-1024x683.jpg\" alt=\"\" class=\"wp-image-26319\" srcset=\"https:\/\/fcspartaktrnava.com\/wp-content\/uploads\/2025\/03\/DSC_8407-1024x683.jpg 1024w, https:\/\/fcspartaktrnava.com\/wp-content\/uploads\/2025\/03\/DSC_8407-300x200.jpg 300w, https:\/\/fcspartaktrnava.com\/wp-content\/uploads\/2025\/03\/DSC_8407-768x512.jpg 768w, https:\/\/fcspartaktrnava.com\/wp-content\/uploads\/2025\/03\/DSC_8407-1536x1024.jpg 1536w, https:\/\/fcspartaktrnava.com\/wp-content\/uploads\/2025\/03\/DSC_8407-2048x1365.jpg 2048w, https:\/\/fcspartaktrnava.com\/wp-content\/uploads\/2025\/03\/DSC_8407-18x12.jpg 18w\" sizes=\"auto, (max-width: 1024px) 100vw, 1024px\" \/><\/figure>\n<\/div>\n\n\n<p><\/p>\n\n\n\n<p class=\"has-text-align-center has-medium-font-size\">Pokra\u010dovali sme v akt\u00edvnej hre a vyrovn\u00e1vaj\u00faci g\u00f3l n\u00e1m vlial energiu do \u017e\u00edl. Ch\u00fdbal pokoj a jednoduchos\u0165 v zakon\u010den\u00ed. \u010castokr\u00e1t sa hr\u00e1\u010di zbyto\u010dne pon\u00fakali medzi sebou na strelu. \u010eal\u0161iu \u0161ancu sme mali v 60. min\u00fate. Paur prihr\u00e1val Danielovi, ktor\u00fd p\u00e1lil z dobrej poz\u00edcie do Andzouanu. Hra sa prel\u00ednala z jednej strany na druh\u00fa a mali sme viac z hry.<\/p>\n\n\n\n<p class=\"has-text-align-center has-medium-font-size\">Dajte im gola, Trnava dajte im gola&#8230;. skoro platilo v 65. min\u00fate. Proch\u00e1zkov center z priameho kopu dopadol a\u017e na hlavu Hol\u00edka, ktor\u00fd nebezpe\u010dne zakon\u010dil a brank\u00e1r Popovi\u010d musel loptu vytla\u010di\u0165 mimo svojej br\u00e1ny na rohov\u00fd kop.<\/p>\n\n\n\n<p class=\"has-text-align-center has-medium-font-size\"><strong>68. min\u00fata &#8211; STRIEDANIE SPARTAK: Z ihriska odi\u0161iel Paur, nahradil ho Ofori.<\/strong> <\/p>\n\n\n\n<p class=\"has-text-align-center has-medium-font-size\">V nasleduj\u00facich momentoch tempo hry mierne upadlo a pozor sme si museli d\u00e1va\u0165 na zadn\u00e9 vr\u00e1tka. V obrane to horelo v 75. min\u00fate po prihr\u00e1vke Oforiho na Zeljkovi\u0107a musel loptu mimo p\u00e4\u0165ky rozohra\u0165 Frelih. Na\u0161\u0165astie v\u0161etko dobre dopadlo.<\/p>\n\n\n\n<p class=\"has-text-align-center has-medium-font-size\">5704 div\u00e1kov sledovalo duel s DAC na na\u0161om dom\u00e1com \u0160tadi\u00f3ne Antona Malatinsk\u00e9ho.<\/p>\n\n\n\n<p class=\"has-text-align-center has-medium-font-size\"><strong>76. min\u00fata &#8211; STRIEDANIE SPARTAK: Z ihriska odi\u0161li \u010euri\u0161 a Mikovi\u010d, na tr\u00e1vnik vybehli Badolo a \u0160ulek.<\/strong><\/p>\n\n\n\n<p class=\"has-text-align-center has-medium-font-size\">Badolo sa vo svojom druhom z\u00e1pase v \u010derveno-\u010d\u00edrnom drese hne\u010f prezentoval ve\u013ekou \u0161ancou. Erik Daniel centroval priamo pred br\u00e1nu DAC a Badolo \u0161iel ve\u013emi akt\u00edvne do lopty, ktor\u00e1 napokon skon\u010dila v n\u00e1ru\u010d\u00ed brank\u00e1ra Popovi\u010da. <\/p>\n\n\n<div class=\"wp-block-image\">\n<figure class=\"aligncenter size-large\"><img loading=\"lazy\" decoding=\"async\" width=\"1024\" height=\"683\" src=\"https:\/\/fcspartaktrnava.com\/wp-content\/uploads\/2025\/03\/DSC_8253-1024x683.jpg\" alt=\"\" class=\"wp-image-26321\" srcset=\"https:\/\/fcspartaktrnava.com\/wp-content\/uploads\/2025\/03\/DSC_8253-1024x683.jpg 1024w, https:\/\/fcspartaktrnava.com\/wp-content\/uploads\/2025\/03\/DSC_8253-300x200.jpg 300w, https:\/\/fcspartaktrnava.com\/wp-content\/uploads\/2025\/03\/DSC_8253-768x512.jpg 768w, https:\/\/fcspartaktrnava.com\/wp-content\/uploads\/2025\/03\/DSC_8253-1536x1024.jpg 1536w, https:\/\/fcspartaktrnava.com\/wp-content\/uploads\/2025\/03\/DSC_8253-2048x1365.jpg 2048w, https:\/\/fcspartaktrnava.com\/wp-content\/uploads\/2025\/03\/DSC_8253-18x12.jpg 18w\" sizes=\"auto, (max-width: 1024px) 100vw, 1024px\" \/><\/figure>\n<\/div>\n\n\n<p class=\"has-text-align-center has-medium-font-size\">\u0160ulek po na\u0161ej strate lopty v pokutovom \u00fazem\u00ed host\u00ed zatiahol tzv. ru\u010dn\u00fa brzdu a za faul videl \u017elt\u00fa kartu. <strong>V 83. min\u00fate <\/strong>sa do hry dostal Luk\u00e1\u0161 \u0160tetina. Z ihriska odi\u0161iel o\u0161etrovan\u00fd Marek Ujlaky ml.<\/p>\n\n\n\n<p class=\"has-text-align-center has-medium-font-size\">V z\u00e1vere duelu sme sa sna\u017eili nakop\u00e1van\u00fdmi loptami a centrami ohrozi\u0165 br\u00e1nu DAC, sk\u00f3rova\u0165 sa n\u00e1m u\u017e \u017eia\u013e nepodarilo a bola z toho rem\u00edza 1:1. V tabu\u013eke Nik\u00e9 ligy sme tak aj na\u010falej na tre\u0165om mieste.<\/p>\n\n\n\n<hr class=\"wp-block-separator has-alpha-channel-opacity\"\/>\n\n\n\n<h3 class=\"wp-block-heading has-text-align-center\">Nik\u00e9 liga \u2013 nadstavba \u2013 skupina o&nbsp;titul \u2013 1. kolo:<\/h3>\n\n\n\n<p class=\"has-text-align-center has-medium-font-size\"><strong>FC Spartak Trnava \u2013 FK DAC 1904 Dunajsk\u00e1 Streda 1:1 (0:1)<\/strong><br>G\u00f3ly: 47. Proch\u00e1zka &#8211; 34. Ramadan<br>\u017dK: Paur, \u0160ulek, Frelih \u2013 Tuboly, Yapi, Herc, Ka\u010daraba<br>Rozhodovali: Marhefka \u2013 Vorel, Juhos<br>Div\u00e1ci: 5704<br>SPARTAK: Frelih \u2013 Hol\u00edk, Ujlaky (83. \u0160tetina), Twardzik, Mikovi\u010d (76. \u0160ulek) \u2013 Zeljkovi\u010d \u2013 Daniel, Proch\u00e1zka, Paur (66. Ofori), Azango \u2013 \u010euri\u0161 (76. Badolo). Tr\u00e9ner: Ga\u0161par\u00edk.<br>DAC: Popovi\u010d \u2013 Kapanadze, Ka\u010daraba, Brunetti (90+. Ortiz), Andzouana \u2013 Bajo \u2013 Yapi (76. Sylla), Tuboly (66. Dimun), Herc (76. Dukanovi\u010d), Ramadan \u2013 Bari\u0161i\u010d (66. Trusa). Tr\u00e9ner: Fodrek.<\/p>\n\n\n\n<p><\/p>\n\n\n\n<p><\/p>\n\n\n\n<p><\/p>\n\n\n\n<p><\/p>\n\n\n\n<p><\/p>\n\n\n\n<p><\/p>\n\n\n\n<p><\/p>","protected":false},"excerpt":{"rendered":"<p>Sobotn\u00fd ve\u010der priniesol \u00favodn\u00fd duel v skupine o&#8230;<\/p>","protected":false},"author":5,"featured_media":26317,"comment_status":"closed","ping_status":"closed","sticky":false,"template":"","format":"standard","meta":{"footnotes":""},"categories":[12,20],"tags":[],"class_list":["post-26312","post","type-post","status-publish","format-standard","has-post-thumbnail","hentry","category-spravy","category-zapas","post-number-1"],"yoast_head":"<!-- This site is optimized with the Yoast SEO plugin v27.1.1 - https:\/\/yoast.com\/product\/yoast-seo-wordpress\/ -->\n<title>Krajsk\u00e9 derby proti DAC s rem\u00edzou 1:1 - FC Spartak Trnava<\/title>\n<meta name=\"robots\" content=\"index, follow, max-snippet:-1, max-image-preview:large, max-video-preview:-1\" \/>\n<link rel=\"canonical\" href=\"https:\/\/fcspartaktrnava.com\/en\/krajske-derby-proti-dac-s-remizou-11\/\" \/>\n<meta name=\"twitter:label1\" content=\"Written by\" \/>\n\t<meta name=\"twitter:data1\" content=\"Samuel \u010eurinsk\u00fd\" \/>\n\t<meta name=\"twitter:label2\" content=\"Estimated reading time\" \/>\n\t<meta name=\"twitter:data2\" content=\"6 minutes\" \/>\n<script type=\"application\/ld+json\" class=\"yoast-schema-graph\">{\"@context\":\"https:\/\/schema.org\",\"@graph\":[{\"@type\":\"Article\",\"@id\":\"https:\/\/fcspartaktrnava.com\/krajske-derby-proti-dac-s-remizou-11\/#article\",\"isPartOf\":{\"@id\":\"https:\/\/fcspartaktrnava.com\/krajske-derby-proti-dac-s-remizou-11\/\"},\"author\":{\"name\":\"Samuel \u010eurinsk\u00fd\",\"@id\":\"https:\/\/fcspartaktrnava.com\/#\/schema\/person\/62c3c2562c3c56e4c0c8c2342c596ac0\"},\"headline\":\"Krajsk\u00e9 derby proti DAC s rem\u00edzou 1:1\",\"datePublished\":\"2025-03-08T20:04:17+00:00\",\"dateModified\":\"2025-03-08T20:05:58+00:00\",\"mainEntityOfPage\":{\"@id\":\"https:\/\/fcspartaktrnava.com\/krajske-derby-proti-dac-s-remizou-11\/\"},\"wordCount\":904,\"publisher\":{\"@id\":\"https:\/\/fcspartaktrnava.com\/#organization\"},\"image\":{\"@id\":\"https:\/\/fcspartaktrnava.com\/krajske-derby-proti-dac-s-remizou-11\/#primaryimage\"},\"thumbnailUrl\":\"https:\/\/fcspartaktrnava.com\/wp-content\/uploads\/2025\/03\/DSC_8020-scaled.jpg\",\"articleSection\":[\"Spr\u00e1vy\",\"Z\u00e1pas\"],\"inLanguage\":\"en-GB\"},{\"@type\":\"WebPage\",\"@id\":\"https:\/\/fcspartaktrnava.com\/krajske-derby-proti-dac-s-remizou-11\/\",\"url\":\"https:\/\/fcspartaktrnava.com\/krajske-derby-proti-dac-s-remizou-11\/\",\"name\":\"Krajsk\u00e9 derby proti DAC s rem\u00edzou 1:1 - FC Spartak Trnava\",\"isPartOf\":{\"@id\":\"https:\/\/fcspartaktrnava.com\/#website\"},\"primaryImageOfPage\":{\"@id\":\"https:\/\/fcspartaktrnava.com\/krajske-derby-proti-dac-s-remizou-11\/#primaryimage\"},\"image\":{\"@id\":\"https:\/\/fcspartaktrnava.com\/krajske-derby-proti-dac-s-remizou-11\/#primaryimage\"},\"thumbnailUrl\":\"https:\/\/fcspartaktrnava.com\/wp-content\/uploads\/2025\/03\/DSC_8020-scaled.jpg\",\"datePublished\":\"2025-03-08T20:04:17+00:00\",\"dateModified\":\"2025-03-08T20:05:58+00:00\",\"breadcrumb\":{\"@id\":\"https:\/\/fcspartaktrnava.com\/krajske-derby-proti-dac-s-remizou-11\/#breadcrumb\"},\"inLanguage\":\"en-GB\",\"potentialAction\":[{\"@type\":\"ReadAction\",\"target\":[\"https:\/\/fcspartaktrnava.com\/krajske-derby-proti-dac-s-remizou-11\/\"]}]},{\"@type\":\"ImageObject\",\"inLanguage\":\"en-GB\",\"@id\":\"https:\/\/fcspartaktrnava.com\/krajske-derby-proti-dac-s-remizou-11\/#primaryimage\",\"url\":\"https:\/\/fcspartaktrnava.com\/wp-content\/uploads\/2025\/03\/DSC_8020-scaled.jpg\",\"contentUrl\":\"https:\/\/fcspartaktrnava.com\/wp-content\/uploads\/2025\/03\/DSC_8020-scaled.jpg\",\"width\":2560,\"height\":1707},{\"@type\":\"BreadcrumbList\",\"@id\":\"https:\/\/fcspartaktrnava.com\/krajske-derby-proti-dac-s-remizou-11\/#breadcrumb\",\"itemListElement\":[{\"@type\":\"ListItem\",\"position\":1,\"name\":\"Home\",\"item\":\"https:\/\/fcspartaktrnava.com\/\"},{\"@type\":\"ListItem\",\"position\":2,\"name\":\"Krajsk\u00e9 derby proti DAC s rem\u00edzou 1:1\"}]},{\"@type\":\"WebSite\",\"@id\":\"https:\/\/fcspartaktrnava.com\/#website\",\"url\":\"https:\/\/fcspartaktrnava.com\/\",\"name\":\"FC Spartak Trnava\",\"description\":\"ofici\u00e1lna webstr\u00e1nka futbalov\u00e9ho klubu\",\"publisher\":{\"@id\":\"https:\/\/fcspartaktrnava.com\/#organization\"},\"potentialAction\":[{\"@type\":\"SearchAction\",\"target\":{\"@type\":\"EntryPoint\",\"urlTemplate\":\"https:\/\/fcspartaktrnava.com\/?s={search_term_string}\"},\"query-input\":{\"@type\":\"PropertyValueSpecification\",\"valueRequired\":true,\"valueName\":\"search_term_string\"}}],\"inLanguage\":\"en-GB\"},{\"@type\":\"Organization\",\"@id\":\"https:\/\/fcspartaktrnava.com\/#organization\",\"name\":\"FC Spartak Trnava\",\"alternateName\":\"Spartak\",\"url\":\"https:\/\/fcspartaktrnava.com\/\",\"logo\":{\"@type\":\"ImageObject\",\"inLanguage\":\"en-GB\",\"@id\":\"https:\/\/fcspartaktrnava.com\/#\/schema\/logo\/image\/\",\"url\":\"https:\/\/fcspartaktrnava.com\/wp-content\/uploads\/2022\/08\/cropped-site_logo.png\",\"contentUrl\":\"https:\/\/fcspartaktrnava.com\/wp-content\/uploads\/2022\/08\/cropped-site_logo.png\",\"width\":140,\"height\":140,\"caption\":\"FC Spartak Trnava\"},\"image\":{\"@id\":\"https:\/\/fcspartaktrnava.com\/#\/schema\/logo\/image\/\"},\"sameAs\":[\"https:\/\/www.facebook.com\/SpartakTrnava\",\"https:\/\/x.com\/SpartakTrnava1\",\"https:\/\/www.instagram.com\/spartak_sk\/\"]},{\"@type\":\"Person\",\"@id\":\"https:\/\/fcspartaktrnava.com\/#\/schema\/person\/62c3c2562c3c56e4c0c8c2342c596ac0\",\"name\":\"Samuel \u010eurinsk\u00fd\",\"image\":{\"@type\":\"ImageObject\",\"inLanguage\":\"en-GB\",\"@id\":\"https:\/\/fcspartaktrnava.com\/#\/schema\/person\/image\/\",\"url\":\"https:\/\/secure.gravatar.com\/avatar\/af2fa02af92418b86ed742470664fe40056833fb68d84becf03f6ab02319257c?s=96&d=mm&r=g\",\"contentUrl\":\"https:\/\/secure.gravatar.com\/avatar\/af2fa02af92418b86ed742470664fe40056833fb68d84becf03f6ab02319257c?s=96&d=mm&r=g\",\"caption\":\"Samuel \u010eurinsk\u00fd\"},\"url\":\"https:\/\/fcspartaktrnava.com\/en\/author\/fcst-samuel\/\"}]}<\/script>\n<!-- \/ Yoast SEO plugin. -->","yoast_head_json":{"title":"Krajsk\u00e9 derby proti DAC s rem\u00edzou 1:1 - FC Spartak Trnava","robots":{"index":"index","follow":"follow","max-snippet":"max-snippet:-1","max-image-preview":"max-image-preview:large","max-video-preview":"max-video-preview:-1"},"canonical":"https:\/\/fcspartaktrnava.com\/en\/krajske-derby-proti-dac-s-remizou-11\/","twitter_misc":{"Written by":"Samuel \u010eurinsk\u00fd","Estimated reading time":"6 minutes"},"schema":{"@context":"https:\/\/schema.org","@graph":[{"@type":"Article","@id":"https:\/\/fcspartaktrnava.com\/krajske-derby-proti-dac-s-remizou-11\/#article","isPartOf":{"@id":"https:\/\/fcspartaktrnava.com\/krajske-derby-proti-dac-s-remizou-11\/"},"author":{"name":"Samuel \u010eurinsk\u00fd","@id":"https:\/\/fcspartaktrnava.com\/#\/schema\/person\/62c3c2562c3c56e4c0c8c2342c596ac0"},"headline":"Krajsk\u00e9 derby proti DAC s rem\u00edzou 1:1","datePublished":"2025-03-08T20:04:17+00:00","dateModified":"2025-03-08T20:05:58+00:00","mainEntityOfPage":{"@id":"https:\/\/fcspartaktrnava.com\/krajske-derby-proti-dac-s-remizou-11\/"},"wordCount":904,"publisher":{"@id":"https:\/\/fcspartaktrnava.com\/#organization"},"image":{"@id":"https:\/\/fcspartaktrnava.com\/krajske-derby-proti-dac-s-remizou-11\/#primaryimage"},"thumbnailUrl":"https:\/\/fcspartaktrnava.com\/wp-content\/uploads\/2025\/03\/DSC_8020-scaled.jpg","articleSection":["Spr\u00e1vy","Z\u00e1pas"],"inLanguage":"en-GB"},{"@type":"WebPage","@id":"https:\/\/fcspartaktrnava.com\/krajske-derby-proti-dac-s-remizou-11\/","url":"https:\/\/fcspartaktrnava.com\/krajske-derby-proti-dac-s-remizou-11\/","name":"Krajsk\u00e9 derby proti DAC s rem\u00edzou 1:1 - FC Spartak Trnava","isPartOf":{"@id":"https:\/\/fcspartaktrnava.com\/#website"},"primaryImageOfPage":{"@id":"https:\/\/fcspartaktrnava.com\/krajske-derby-proti-dac-s-remizou-11\/#primaryimage"},"image":{"@id":"https:\/\/fcspartaktrnava.com\/krajske-derby-proti-dac-s-remizou-11\/#primaryimage"},"thumbnailUrl":"https:\/\/fcspartaktrnava.com\/wp-content\/uploads\/2025\/03\/DSC_8020-scaled.jpg","datePublished":"2025-03-08T20:04:17+00:00","dateModified":"2025-03-08T20:05:58+00:00","breadcrumb":{"@id":"https:\/\/fcspartaktrnava.com\/krajske-derby-proti-dac-s-remizou-11\/#breadcrumb"},"inLanguage":"en-GB","potentialAction":[{"@type":"ReadAction","target":["https:\/\/fcspartaktrnava.com\/krajske-derby-proti-dac-s-remizou-11\/"]}]},{"@type":"ImageObject","inLanguage":"en-GB","@id":"https:\/\/fcspartaktrnava.com\/krajske-derby-proti-dac-s-remizou-11\/#primaryimage","url":"https:\/\/fcspartaktrnava.com\/wp-content\/uploads\/2025\/03\/DSC_8020-scaled.jpg","contentUrl":"https:\/\/fcspartaktrnava.com\/wp-content\/uploads\/2025\/03\/DSC_8020-scaled.jpg","width":2560,"height":1707},{"@type":"BreadcrumbList","@id":"https:\/\/fcspartaktrnava.com\/krajske-derby-proti-dac-s-remizou-11\/#breadcrumb","itemListElement":[{"@type":"ListItem","position":1,"name":"Home","item":"https:\/\/fcspartaktrnava.com\/"},{"@type":"ListItem","position":2,"name":"Krajsk\u00e9 derby proti DAC s rem\u00edzou 1:1"}]},{"@type":"WebSite","@id":"https:\/\/fcspartaktrnava.com\/#website","url":"https:\/\/fcspartaktrnava.com\/","name":"FC Spartak Trnava","description":"ofici\u00e1lna webstr\u00e1nka futbalov\u00e9ho klubu","publisher":{"@id":"https:\/\/fcspartaktrnava.com\/#organization"},"potentialAction":[{"@type":"SearchAction","target":{"@type":"EntryPoint","urlTemplate":"https:\/\/fcspartaktrnava.com\/?s={search_term_string}"},"query-input":{"@type":"PropertyValueSpecification","valueRequired":true,"valueName":"search_term_string"}}],"inLanguage":"en-GB"},{"@type":"Organization","@id":"https:\/\/fcspartaktrnava.com\/#organization","name":"FC Spartak Trnava","alternateName":"Spartak","url":"https:\/\/fcspartaktrnava.com\/","logo":{"@type":"ImageObject","inLanguage":"en-GB","@id":"https:\/\/fcspartaktrnava.com\/#\/schema\/logo\/image\/","url":"https:\/\/fcspartaktrnava.com\/wp-content\/uploads\/2022\/08\/cropped-site_logo.png","contentUrl":"https:\/\/fcspartaktrnava.com\/wp-content\/uploads\/2022\/08\/cropped-site_logo.png","width":140,"height":140,"caption":"FC Spartak Trnava"},"image":{"@id":"https:\/\/fcspartaktrnava.com\/#\/schema\/logo\/image\/"},"sameAs":["https:\/\/www.facebook.com\/SpartakTrnava","https:\/\/x.com\/SpartakTrnava1","https:\/\/www.instagram.com\/spartak_sk\/"]},{"@type":"Person","@id":"https:\/\/fcspartaktrnava.com\/#\/schema\/person\/62c3c2562c3c56e4c0c8c2342c596ac0","name":"Samuel \u010eurinsk\u00fd","image":{"@type":"ImageObject","inLanguage":"en-GB","@id":"https:\/\/fcspartaktrnava.com\/#\/schema\/person\/image\/","url":"https:\/\/secure.gravatar.com\/avatar\/af2fa02af92418b86ed742470664fe40056833fb68d84becf03f6ab02319257c?s=96&d=mm&r=g","contentUrl":"https:\/\/secure.gravatar.com\/avatar\/af2fa02af92418b86ed742470664fe40056833fb68d84becf03f6ab02319257c?s=96&d=mm&r=g","caption":"Samuel \u010eurinsk\u00fd"},"url":"https:\/\/fcspartaktrnava.com\/en\/author\/fcst-samuel\/"}]}},"_links":{"self":[{"href":"https:\/\/fcspartaktrnava.com\/en\/wp-json\/wp\/v2\/posts\/26312","targetHints":{"allow":["GET"]}}],"collection":[{"href":"https:\/\/fcspartaktrnava.com\/en\/wp-json\/wp\/v2\/posts"}],"about":[{"href":"https:\/\/fcspartaktrnava.com\/en\/wp-json\/wp\/v2\/types\/post"}],"author":[{"embeddable":true,"href":"https:\/\/fcspartaktrnava.com\/en\/wp-json\/wp\/v2\/users\/5"}],"replies":[{"embeddable":true,"href":"https:\/\/fcspartaktrnava.com\/en\/wp-json\/wp\/v2\/comments?post=26312"}],"version-history":[{"count":0,"href":"https:\/\/fcspartaktrnava.com\/en\/wp-json\/wp\/v2\/posts\/26312\/revisions"}],"wp:featuredmedia":[{"embeddable":true,"href":"https:\/\/fcspartaktrnava.com\/en\/wp-json\/wp\/v2\/media\/26317"}],"wp:attachment":[{"href":"https:\/\/fcspartaktrnava.com\/en\/wp-json\/wp\/v2\/media?parent=26312"}],"wp:term":[{"taxonomy":"category","embeddable":true,"href":"https:\/\/fcspartaktrnava.com\/en\/wp-json\/wp\/v2\/categories?post=26312"},{"taxonomy":"post_tag","embeddable":true,"href":"https:\/\/fcspartaktrnava.com\/en\/wp-json\/wp\/v2\/tags?post=26312"}],"curies":[{"name":"wp","href":"https:\/\/api.w.org\/{rel}","templated":true}]}}