{"id":26273,"date":"2025-03-02T21:38:44","date_gmt":"2025-03-02T19:38:44","guid":{"rendered":"https:\/\/fcspartaktrnava.com\/?p=26273"},"modified":"2025-03-03T09:34:59","modified_gmt":"2025-03-03T07:34:59","slug":"mladeznici-odohrali-iba-4-zapasy","status":"publish","type":"post","link":"https:\/\/fcspartaktrnava.com\/en\/mladeznici-odohrali-iba-4-zapasy\/","title":{"rendered":"Ml\u00e1de\u017en\u00edci odohrali 4 \u00faspe\u0161n\u00e9 z\u00e1pasy"},"content":{"rendered":"<p class=\"has-text-align-center\">Z&nbsp;dorastov si zmerali sily s&nbsp;Tren\u010d\u00ednom iba mlad\u0161ie t\u00edmy. Na\u0161a dev\u00e4tn\u00e1stka duel odlo\u017eila pre chorobu, a&nbsp;tak mohla zasiahnu\u0165 trojica Le\u017e\u00e1k, Pristach, Trello do prv\u00e9ho jarn\u00e9ho kola druholigov\u00fdch Mal\u017een\u00edc proti Pova\u017eskej Bystrici, pri\u010dom prv\u00ed dvaja menovan\u00ed si odkr\u00fatili ligov\u00fd debut v&nbsp;mu\u017eskom futbale.<\/p>\n\n\n\n<p class=\"has-text-align-center\"><strong>FC Spartak Trnava U17 \u2013 AS Tren\u010d\u00edn U17 4:1 (2:1)<\/strong><\/p>\n\n\n\n<p class=\"has-text-align-center\">Sedemn\u00e1stka zv\u00ed\u0165azila na Sl\u00e1vii rozdielom triedy 4:1 a&nbsp;na\u010falej pokra\u010duje vo v\u00fdbornej forme, ke\u010f jej patr\u00ed l\u00eddersk\u00e1 poz\u00edcia. Dvomi g\u00f3lmi sa blysol Pol\u0165\u00e1k.<\/p>\n\n\n\n<p class=\"has-text-align-center\"><strong>FCST U17: <\/strong>Luko\u0161\u00edk \u2013 Flimmel (87. No\u0161ka), Daniel, Pittel, Zemko, Hus\u00e1r (77. Ma\u0165o), Benkovsk\u00fd (C), Rep\u00e1\u0148, Tejzr, Terenkov (80. \u010ci\u010dmanec), Pol\u0165\u00e1k (87. Petrovi\u010d)<\/p>\n\n\n\n<p class=\"has-text-align-center\"><strong>Goals: <\/strong>17. a&nbsp;77. Pol\u0165\u00e1k, 21. Hus\u00e1r, 74. Daniel<\/p>\n\n\n\n<p class=\"has-text-align-center\"><strong>Yellow cards: <\/strong>Flimmel, Benkovsk\u00fd, Pittel, Daniel<\/p>\n\n\n\n<p class=\"has-text-align-center\"><strong>Adam Chorvath: \u201e<\/strong><strong>Po dlh\u0161om \u010dase sme nast\u00fapili v najsilnej\u0161om mo\u017enom zlo\u017een\u00ed. Aj \u0161t\u00fdlom hry host\u00ed mal z\u00e1pas dynamick\u00fd charakter, bolo to viac otvoren\u00e9. S\u00faper chcel hra\u0165 kombina\u010dne, no rozdiel v individu\u00e1lnej kvalite bol zna\u010dn\u00fd. Od za\u010diatku sme si tvorili g\u00f3lov\u00e9 pr\u00edle\u017eitosti, strelili sme dva pekn\u00e9 g\u00f3ly po na\u0161ich typick\u00fdch situ\u00e1ci\u00e1ch. Po \u010fal\u0161ej \u010distej pr\u00edle\u017eitosti sme mohli z\u00e1pas uzavrie\u0165, no namiesto toho sme n\u00e1sledne inkasovali z penalty. V z\u00e1vere pol\u010dasu a v \u00favode druh\u00e9ho sme zbyto\u010dne znerv\u00f3zneli, nedok\u00e1zali sme udr\u017ea\u0165 loptu, napriek tomu sme mali \u010fal\u0161ie dve obrovsk\u00e9 pr\u00edle\u017eitosti. Z\u00e1pas sa n\u00e1m podarilo zlomi\u0165 a\u017e v z\u00e1vere dvomi pekn\u00fdmi g\u00f3lmi. V defenz\u00edve sme si to uhrali ve\u013emi vyspelo, s\u00fapera sme nepustili do \u017eiadnych ve\u013ek\u00fdch pr\u00edle\u017eitost\u00ed. Mrzie\u0165 n\u00e1s m\u00f4\u017ee len efektivita zakon\u010denia, ten g\u00f3lov\u00fd rozdiel mohol by\u0165 e\u0161te v\u00fdraznej\u0161\u00ed.<\/strong><strong>\u201c<\/strong><\/p>\n\n\n\n<p class=\"has-text-align-center\"><strong>FC Spartak Trnava U16 \u2013 AS Tren\u010d\u00edn U16 3:3 (3:0)<\/strong><\/p>\n\n\n\n<p class=\"has-text-align-center\">Ve\u013emi ne\u0161\u0165astn\u00fd duel maj\u00fa za sebou najmlad\u0161\u00ed dorastenci. V&nbsp;26. min\u00fate viedli nad rovesn\u00edkmi z&nbsp;Tren\u010d\u00edna u\u017e 3:0, no vedenie rozdielom triedy neudr\u017eali. Vy\u00fastenie pri\u0161lo v&nbsp;samom z\u00e1vere, ke\u010f \u0160ev\u010d\u00edk nepremenil pokutov\u00fd kop a&nbsp;vz\u00e1p\u00e4t\u00ed boli hostia na opa\u010dnej strane z&nbsp;bieleho bodu \u00faspe\u0161n\u00ed.<\/p>\n\n\n\n<p class=\"has-text-align-center\"><strong>FCST U16: <\/strong>Rumanovsk\u00fd \u2013 Studen\u00fd, Lenghardt, Bednar\u010d\u00edk (C), Bartalo\u0161, Kostol\u00e1ni (78. Kluka), Bohunick\u00fd (50. Pittel), He\u010dko (62. Mar\u010di\u0161), Fojta (62. Kasan), \u0160emel\u00e1k, \u0160ev\u010d\u00edk<\/p>\n\n\n\n<p class=\"has-text-align-center\"><strong>Goals: <\/strong>5. \u0160emel\u00e1k, 19. \u0160ev\u010d\u00edk (z 11m), 26. Fojta<\/p>\n\n\n\n<p class=\"has-text-align-center\"><strong>Yellow cards: <\/strong>\u0160emel\u00e1k, Kostol\u00e1ni, \u0160ev\u010d\u00edk<\/p>\n\n\n\n<p class=\"has-text-align-center\"><strong>Patrik Mal\u00fd: \u201eV prvom pol\u010dase sme podali v\u00fdborn\u00fd v\u00fdkon, boli sme dostato\u010dne agres\u00edvni a pridali sme kvalitu na lopte, z \u010doho pramenil pol\u010dasov\u00fd v\u00fdsledok 3:0. Cez pol\u010das sme nab\u00e1dali hr\u00e1\u010dov, aby udr\u017eali intenzitu a tempo hry a aby boli st\u00e1le akt\u00edvni na lopte, bohu\u017eia\u013e sa n\u00e1m to nepodarilo. V druhom pol\u010dase sme inkasovali 3 g\u00f3ly. V tejto sez\u00f3ne sme dostali tret\u00edkr\u00e1t g\u00f3l v poslednej min\u00fate, a to n\u00e1s stalo lep\u0161\u00ed kone\u010dn\u00fd v\u00fdsledok. Celkovo v\u0161ak strati\u0165 kontrolu nad z\u00e1pasom po v\u00fdbornom prvom pol\u010dase je nepochopite\u013en\u00e9 a&nbsp;navy\u0161e je to opakovan\u00fd jav v hre n\u00e1\u0161ho t\u00edmu v priebehu&nbsp;sez\u00f3ny.\u201c<\/strong><\/p>\n\n\n\n<p class=\"has-text-align-center\"><strong>FC Spartak Trnava U15 \u2013 M\u0160K Senec U15 11:0 (3:0)<\/strong><\/p>\n\n\n\n<p class=\"has-text-align-center\">Zo \u017eiakov hrali iba najstar\u0161ie t\u00edmy, ktor\u00e9 priv\u00edtali Senec. P\u00e4tn\u00e1stka viedla po pol\u010dase rozdielom triedy a&nbsp;vedenie po zmene str\u00e1n dominantn\u00fdm v\u00fdkonom vy\u0161perkovala. Vysok\u00e9 v\u00ed\u0165azstvo 11:0 re\u017e\u00edroval \u0161tvorg\u00f3lov\u00fd Bo\u0161ka, ktor\u00e9mu sekundoval Dole\u017eaj s&nbsp;hetrikom.<\/p>\n\n\n\n<p class=\"has-text-align-center\"><strong>FCST U15: <\/strong>Martinkovi\u010d \u2013 Luka\u010dka (60. G\u00e1bor), Dreven\u00e1k (60. Kr\u00e1\u013eovi\u010d), Kalam\u00e1r (C), Dole\u017eaj, Buch, Matu\u0161\u00edk (41. Holb\u00edk), Oros, Bo\u0161ka, Pokus, B\u00f6hmer<\/p>\n\n\n\n<p class=\"has-text-align-center\"><strong>Goals: <\/strong>3. Dreven\u00e1k, 17. a&nbsp;54. B\u00f6hmer, 24., 53., 62. a&nbsp;70. Bo\u0161ka,43., 50. a&nbsp;74. Dole\u017eaj, 48. Oros<\/p>\n\n\n\n<p class=\"has-text-align-center\"><strong>Oliver Burian: \u201e<\/strong><strong>V dne\u0161nom z\u00e1pase sme mali zo za\u010diatku probl\u00e9m s vysok\u00fdm postaven\u00edm s\u00faperovej obrany a \u010dastokr\u00e1t sme sa zbyto\u010dne vystavovali do postavenia mimo hry. Postupom z\u00e1pasu sme dok\u00e1zali na\u0161e n\u00e1behy lep\u0161ie na\u010dasova\u0165 a tak sme si vytv\u00e1rali naozaj \u00factyhodn\u00e9 mno\u017estvo \u0161anc\u00ed. S\u00faper n\u00e1s z h\u013eadiska defenz\u00edvy nepreveril, naopak v ofenz\u00edve n\u00e1s m\u00f4\u017ee mrzie\u0165 iba na\u0161a efektivita v zakon\u010den\u00ed. S v\u00fdkonmi a pr\u00edstupom som spokojn\u00fd a&nbsp;ver\u00edm, \u017ee si tak\u00fato energiu udr\u017e\u00edme aj v \u010fal\u0161om obdob\u00ed.<\/strong><strong>\u201c<\/strong><\/p>\n\n\n\n<p class=\"has-text-align-center\"><strong>FC Spartak Trnava U14 \u2013 M\u0160K Senec U14 4:0 (1:0)<\/strong><\/p>\n\n\n\n<p class=\"has-text-align-center\">Podstatne menej g\u00f3lov padlo v&nbsp;s\u00faboji \u017eiakov do 14 rokov. Op\u00e4\u0165 sme ale zvl\u00e1dli dotiahnu\u0165 z\u00e1pas do v\u00ed\u0165azn\u00e9ho konca a&nbsp;navy\u0161e taktie\u017e bez inkasovan\u00e9ho g\u00f3lu.<\/p>\n\n\n\n<p class=\"has-text-align-center\"><strong>FCST U14: <\/strong>A. Mikulec, Mes\u00e1ro\u0161 \u2013 Pola\u010dek, T. Mikulec, Mar\u010di\u0161, Mego, Kohutovi\u010d, Pol\u0165\u00e1k (C), Miklovi\u010d, Gajdo\u0161, \u017digrai, Rep\u00e1\u0148, Poliak, Junas<\/p>\n\n\n\n<p class=\"has-text-align-center\"><strong>Goals: <\/strong>6. \u017digrai, 44. Gajdo\u0161, 56. a&nbsp;74. Pol\u0165\u00e1k<\/p>\n\n\n\n<p class=\"has-text-align-center\"><strong>Tom\u00e1\u0161 K\u00e1nik: \u201e<\/strong><strong>V&nbsp;z\u00e1pase sa n\u00e1m nedarilo by\u0165 dostato\u010dne nebezpe\u010dn\u00ed pred a&nbsp;v&nbsp;pokutovom \u00fazem\u00ed s\u00fapera. Host\u00ed sme a\u017e na jednu situ\u00e1ciu do ni\u010doho nepustili, ale rozhodne nie sme spokojn\u00ed s&nbsp;po\u010detnos\u0165ou na\u0161ej stre\u013eby. Jednozna\u010dne mus\u00edme zlep\u0161i\u0165 variabilitu na\u0161ich \u00fatokov a&nbsp;hlavne r\u00fdchlos\u0165 a&nbsp;presnos\u0165 kr\u00e1tkych kombin\u00e1ci\u00ed v&nbsp;prehustenom priestore pred s\u00faperov\u00fdm pokutov\u00fdm \u00fazem\u00edm.<\/strong><strong>\u201c<\/strong><\/p>","protected":false},"excerpt":{"rendered":"<p>Z&nbsp;dorastov si zmerali sily s&nbsp;Tren\u010d\u00ednom iba mlad\u0161ie t\u00edmy&#8230;.<\/p>","protected":false},"author":2,"featured_media":26274,"comment_status":"closed","ping_status":"closed","sticky":false,"template":"","format":"standard","meta":{"footnotes":""},"categories":[52,12],"tags":[53],"class_list":["post-26273","post","type-post","status-publish","format-standard","has-post-thumbnail","hentry","category-mladez","category-spravy","tag-mladez","post-number-1"],"yoast_head":"<!-- This site is optimized with the Yoast SEO plugin v27.1.1 - https:\/\/yoast.com\/product\/yoast-seo-wordpress\/ -->\n<title>Ml\u00e1de\u017en\u00edci odohrali 4 \u00faspe\u0161n\u00e9 z\u00e1pasy - FC Spartak Trnava<\/title>\n<meta name=\"robots\" content=\"index, follow, max-snippet:-1, max-image-preview:large, max-video-preview:-1\" \/>\n<link rel=\"canonical\" href=\"https:\/\/fcspartaktrnava.com\/en\/mladeznici-odohrali-iba-4-zapasy\/\" \/>\n<meta name=\"twitter:label1\" content=\"Written by\" \/>\n\t<meta name=\"twitter:data1\" content=\"spartak\" \/>\n\t<meta name=\"twitter:label2\" content=\"Estimated reading time\" \/>\n\t<meta name=\"twitter:data2\" content=\"5 minutes\" \/>\n<script type=\"application\/ld+json\" class=\"yoast-schema-graph\">{\"@context\":\"https:\/\/schema.org\",\"@graph\":[{\"@type\":\"Article\",\"@id\":\"https:\/\/fcspartaktrnava.com\/mladeznici-odohrali-iba-4-zapasy\/#article\",\"isPartOf\":{\"@id\":\"https:\/\/fcspartaktrnava.com\/mladeznici-odohrali-iba-4-zapasy\/\"},\"author\":{\"name\":\"spartak\",\"@id\":\"https:\/\/fcspartaktrnava.com\/#\/schema\/person\/24bc5b254af14f71d7d8af178790aa75\"},\"headline\":\"Ml\u00e1de\u017en\u00edci odohrali 4 \u00faspe\u0161n\u00e9 z\u00e1pasy\",\"datePublished\":\"2025-03-02T19:38:44+00:00\",\"dateModified\":\"2025-03-03T07:34:59+00:00\",\"mainEntityOfPage\":{\"@id\":\"https:\/\/fcspartaktrnava.com\/mladeznici-odohrali-iba-4-zapasy\/\"},\"wordCount\":943,\"publisher\":{\"@id\":\"https:\/\/fcspartaktrnava.com\/#organization\"},\"image\":{\"@id\":\"https:\/\/fcspartaktrnava.com\/mladeznici-odohrali-iba-4-zapasy\/#primaryimage\"},\"thumbnailUrl\":\"https:\/\/fcspartaktrnava.com\/wp-content\/uploads\/2025\/03\/WhatsApp-Image-2025-03-02-at-19.41.55-e1740944318400.jpeg\",\"keywords\":[\"ml\u00e1de\u017e\"],\"articleSection\":[\"Ml\u00e1de\u017e\",\"Spr\u00e1vy\"],\"inLanguage\":\"en-GB\"},{\"@type\":\"WebPage\",\"@id\":\"https:\/\/fcspartaktrnava.com\/mladeznici-odohrali-iba-4-zapasy\/\",\"url\":\"https:\/\/fcspartaktrnava.com\/mladeznici-odohrali-iba-4-zapasy\/\",\"name\":\"Ml\u00e1de\u017en\u00edci odohrali 4 \u00faspe\u0161n\u00e9 z\u00e1pasy - FC Spartak Trnava\",\"isPartOf\":{\"@id\":\"https:\/\/fcspartaktrnava.com\/#website\"},\"primaryImageOfPage\":{\"@id\":\"https:\/\/fcspartaktrnava.com\/mladeznici-odohrali-iba-4-zapasy\/#primaryimage\"},\"image\":{\"@id\":\"https:\/\/fcspartaktrnava.com\/mladeznici-odohrali-iba-4-zapasy\/#primaryimage\"},\"thumbnailUrl\":\"https:\/\/fcspartaktrnava.com\/wp-content\/uploads\/2025\/03\/WhatsApp-Image-2025-03-02-at-19.41.55-e1740944318400.jpeg\",\"datePublished\":\"2025-03-02T19:38:44+00:00\",\"dateModified\":\"2025-03-03T07:34:59+00:00\",\"breadcrumb\":{\"@id\":\"https:\/\/fcspartaktrnava.com\/mladeznici-odohrali-iba-4-zapasy\/#breadcrumb\"},\"inLanguage\":\"en-GB\",\"potentialAction\":[{\"@type\":\"ReadAction\",\"target\":[\"https:\/\/fcspartaktrnava.com\/mladeznici-odohrali-iba-4-zapasy\/\"]}]},{\"@type\":\"ImageObject\",\"inLanguage\":\"en-GB\",\"@id\":\"https:\/\/fcspartaktrnava.com\/mladeznici-odohrali-iba-4-zapasy\/#primaryimage\",\"url\":\"https:\/\/fcspartaktrnava.com\/wp-content\/uploads\/2025\/03\/WhatsApp-Image-2025-03-02-at-19.41.55-e1740944318400.jpeg\",\"contentUrl\":\"https:\/\/fcspartaktrnava.com\/wp-content\/uploads\/2025\/03\/WhatsApp-Image-2025-03-02-at-19.41.55-e1740944318400.jpeg\",\"width\":1600,\"height\":660},{\"@type\":\"BreadcrumbList\",\"@id\":\"https:\/\/fcspartaktrnava.com\/mladeznici-odohrali-iba-4-zapasy\/#breadcrumb\",\"itemListElement\":[{\"@type\":\"ListItem\",\"position\":1,\"name\":\"Home\",\"item\":\"https:\/\/fcspartaktrnava.com\/\"},{\"@type\":\"ListItem\",\"position\":2,\"name\":\"Ml\u00e1de\u017en\u00edci odohrali 4 \u00faspe\u0161n\u00e9 z\u00e1pasy\"}]},{\"@type\":\"WebSite\",\"@id\":\"https:\/\/fcspartaktrnava.com\/#website\",\"url\":\"https:\/\/fcspartaktrnava.com\/\",\"name\":\"FC Spartak Trnava\",\"description\":\"ofici\u00e1lna webstr\u00e1nka futbalov\u00e9ho klubu\",\"publisher\":{\"@id\":\"https:\/\/fcspartaktrnava.com\/#organization\"},\"potentialAction\":[{\"@type\":\"SearchAction\",\"target\":{\"@type\":\"EntryPoint\",\"urlTemplate\":\"https:\/\/fcspartaktrnava.com\/?s={search_term_string}\"},\"query-input\":{\"@type\":\"PropertyValueSpecification\",\"valueRequired\":true,\"valueName\":\"search_term_string\"}}],\"inLanguage\":\"en-GB\"},{\"@type\":\"Organization\",\"@id\":\"https:\/\/fcspartaktrnava.com\/#organization\",\"name\":\"FC Spartak Trnava\",\"alternateName\":\"Spartak\",\"url\":\"https:\/\/fcspartaktrnava.com\/\",\"logo\":{\"@type\":\"ImageObject\",\"inLanguage\":\"en-GB\",\"@id\":\"https:\/\/fcspartaktrnava.com\/#\/schema\/logo\/image\/\",\"url\":\"https:\/\/fcspartaktrnava.com\/wp-content\/uploads\/2022\/08\/cropped-site_logo.png\",\"contentUrl\":\"https:\/\/fcspartaktrnava.com\/wp-content\/uploads\/2022\/08\/cropped-site_logo.png\",\"width\":140,\"height\":140,\"caption\":\"FC Spartak Trnava\"},\"image\":{\"@id\":\"https:\/\/fcspartaktrnava.com\/#\/schema\/logo\/image\/\"},\"sameAs\":[\"https:\/\/www.facebook.com\/SpartakTrnava\",\"https:\/\/x.com\/SpartakTrnava1\",\"https:\/\/www.instagram.com\/spartak_sk\/\"]},{\"@type\":\"Person\",\"@id\":\"https:\/\/fcspartaktrnava.com\/#\/schema\/person\/24bc5b254af14f71d7d8af178790aa75\",\"name\":\"spartak\",\"image\":{\"@type\":\"ImageObject\",\"inLanguage\":\"en-GB\",\"@id\":\"https:\/\/fcspartaktrnava.com\/#\/schema\/person\/image\/\",\"url\":\"https:\/\/secure.gravatar.com\/avatar\/f8ff8584f3fcf3909a11a6da9019f37749183b4015bca14e64556c52614cdc7f?s=96&d=mm&r=g\",\"contentUrl\":\"https:\/\/secure.gravatar.com\/avatar\/f8ff8584f3fcf3909a11a6da9019f37749183b4015bca14e64556c52614cdc7f?s=96&d=mm&r=g\",\"caption\":\"spartak\"},\"url\":\"https:\/\/fcspartaktrnava.com\/en\/author\/spartak\/\"}]}<\/script>\n<!-- \/ Yoast SEO plugin. -->","yoast_head_json":{"title":"Ml\u00e1de\u017en\u00edci odohrali 4 \u00faspe\u0161n\u00e9 z\u00e1pasy - FC Spartak Trnava","robots":{"index":"index","follow":"follow","max-snippet":"max-snippet:-1","max-image-preview":"max-image-preview:large","max-video-preview":"max-video-preview:-1"},"canonical":"https:\/\/fcspartaktrnava.com\/en\/mladeznici-odohrali-iba-4-zapasy\/","twitter_misc":{"Written by":"spartak","Estimated reading time":"5 minutes"},"schema":{"@context":"https:\/\/schema.org","@graph":[{"@type":"Article","@id":"https:\/\/fcspartaktrnava.com\/mladeznici-odohrali-iba-4-zapasy\/#article","isPartOf":{"@id":"https:\/\/fcspartaktrnava.com\/mladeznici-odohrali-iba-4-zapasy\/"},"author":{"name":"spartak","@id":"https:\/\/fcspartaktrnava.com\/#\/schema\/person\/24bc5b254af14f71d7d8af178790aa75"},"headline":"Ml\u00e1de\u017en\u00edci odohrali 4 \u00faspe\u0161n\u00e9 z\u00e1pasy","datePublished":"2025-03-02T19:38:44+00:00","dateModified":"2025-03-03T07:34:59+00:00","mainEntityOfPage":{"@id":"https:\/\/fcspartaktrnava.com\/mladeznici-odohrali-iba-4-zapasy\/"},"wordCount":943,"publisher":{"@id":"https:\/\/fcspartaktrnava.com\/#organization"},"image":{"@id":"https:\/\/fcspartaktrnava.com\/mladeznici-odohrali-iba-4-zapasy\/#primaryimage"},"thumbnailUrl":"https:\/\/fcspartaktrnava.com\/wp-content\/uploads\/2025\/03\/WhatsApp-Image-2025-03-02-at-19.41.55-e1740944318400.jpeg","keywords":["ml\u00e1de\u017e"],"articleSection":["Ml\u00e1de\u017e","Spr\u00e1vy"],"inLanguage":"en-GB"},{"@type":"WebPage","@id":"https:\/\/fcspartaktrnava.com\/mladeznici-odohrali-iba-4-zapasy\/","url":"https:\/\/fcspartaktrnava.com\/mladeznici-odohrali-iba-4-zapasy\/","name":"Ml\u00e1de\u017en\u00edci odohrali 4 \u00faspe\u0161n\u00e9 z\u00e1pasy - FC Spartak Trnava","isPartOf":{"@id":"https:\/\/fcspartaktrnava.com\/#website"},"primaryImageOfPage":{"@id":"https:\/\/fcspartaktrnava.com\/mladeznici-odohrali-iba-4-zapasy\/#primaryimage"},"image":{"@id":"https:\/\/fcspartaktrnava.com\/mladeznici-odohrali-iba-4-zapasy\/#primaryimage"},"thumbnailUrl":"https:\/\/fcspartaktrnava.com\/wp-content\/uploads\/2025\/03\/WhatsApp-Image-2025-03-02-at-19.41.55-e1740944318400.jpeg","datePublished":"2025-03-02T19:38:44+00:00","dateModified":"2025-03-03T07:34:59+00:00","breadcrumb":{"@id":"https:\/\/fcspartaktrnava.com\/mladeznici-odohrali-iba-4-zapasy\/#breadcrumb"},"inLanguage":"en-GB","potentialAction":[{"@type":"ReadAction","target":["https:\/\/fcspartaktrnava.com\/mladeznici-odohrali-iba-4-zapasy\/"]}]},{"@type":"ImageObject","inLanguage":"en-GB","@id":"https:\/\/fcspartaktrnava.com\/mladeznici-odohrali-iba-4-zapasy\/#primaryimage","url":"https:\/\/fcspartaktrnava.com\/wp-content\/uploads\/2025\/03\/WhatsApp-Image-2025-03-02-at-19.41.55-e1740944318400.jpeg","contentUrl":"https:\/\/fcspartaktrnava.com\/wp-content\/uploads\/2025\/03\/WhatsApp-Image-2025-03-02-at-19.41.55-e1740944318400.jpeg","width":1600,"height":660},{"@type":"BreadcrumbList","@id":"https:\/\/fcspartaktrnava.com\/mladeznici-odohrali-iba-4-zapasy\/#breadcrumb","itemListElement":[{"@type":"ListItem","position":1,"name":"Home","item":"https:\/\/fcspartaktrnava.com\/"},{"@type":"ListItem","position":2,"name":"Ml\u00e1de\u017en\u00edci odohrali 4 \u00faspe\u0161n\u00e9 z\u00e1pasy"}]},{"@type":"WebSite","@id":"https:\/\/fcspartaktrnava.com\/#website","url":"https:\/\/fcspartaktrnava.com\/","name":"FC Spartak Trnava","description":"ofici\u00e1lna webstr\u00e1nka futbalov\u00e9ho klubu","publisher":{"@id":"https:\/\/fcspartaktrnava.com\/#organization"},"potentialAction":[{"@type":"SearchAction","target":{"@type":"EntryPoint","urlTemplate":"https:\/\/fcspartaktrnava.com\/?s={search_term_string}"},"query-input":{"@type":"PropertyValueSpecification","valueRequired":true,"valueName":"search_term_string"}}],"inLanguage":"en-GB"},{"@type":"Organization","@id":"https:\/\/fcspartaktrnava.com\/#organization","name":"FC Spartak Trnava","alternateName":"Spartak","url":"https:\/\/fcspartaktrnava.com\/","logo":{"@type":"ImageObject","inLanguage":"en-GB","@id":"https:\/\/fcspartaktrnava.com\/#\/schema\/logo\/image\/","url":"https:\/\/fcspartaktrnava.com\/wp-content\/uploads\/2022\/08\/cropped-site_logo.png","contentUrl":"https:\/\/fcspartaktrnava.com\/wp-content\/uploads\/2022\/08\/cropped-site_logo.png","width":140,"height":140,"caption":"FC Spartak Trnava"},"image":{"@id":"https:\/\/fcspartaktrnava.com\/#\/schema\/logo\/image\/"},"sameAs":["https:\/\/www.facebook.com\/SpartakTrnava","https:\/\/x.com\/SpartakTrnava1","https:\/\/www.instagram.com\/spartak_sk\/"]},{"@type":"Person","@id":"https:\/\/fcspartaktrnava.com\/#\/schema\/person\/24bc5b254af14f71d7d8af178790aa75","name":"spartak","image":{"@type":"ImageObject","inLanguage":"en-GB","@id":"https:\/\/fcspartaktrnava.com\/#\/schema\/person\/image\/","url":"https:\/\/secure.gravatar.com\/avatar\/f8ff8584f3fcf3909a11a6da9019f37749183b4015bca14e64556c52614cdc7f?s=96&d=mm&r=g","contentUrl":"https:\/\/secure.gravatar.com\/avatar\/f8ff8584f3fcf3909a11a6da9019f37749183b4015bca14e64556c52614cdc7f?s=96&d=mm&r=g","caption":"spartak"},"url":"https:\/\/fcspartaktrnava.com\/en\/author\/spartak\/"}]}},"_links":{"self":[{"href":"https:\/\/fcspartaktrnava.com\/en\/wp-json\/wp\/v2\/posts\/26273","targetHints":{"allow":["GET"]}}],"collection":[{"href":"https:\/\/fcspartaktrnava.com\/en\/wp-json\/wp\/v2\/posts"}],"about":[{"href":"https:\/\/fcspartaktrnava.com\/en\/wp-json\/wp\/v2\/types\/post"}],"author":[{"embeddable":true,"href":"https:\/\/fcspartaktrnava.com\/en\/wp-json\/wp\/v2\/users\/2"}],"replies":[{"embeddable":true,"href":"https:\/\/fcspartaktrnava.com\/en\/wp-json\/wp\/v2\/comments?post=26273"}],"version-history":[{"count":0,"href":"https:\/\/fcspartaktrnava.com\/en\/wp-json\/wp\/v2\/posts\/26273\/revisions"}],"wp:featuredmedia":[{"embeddable":true,"href":"https:\/\/fcspartaktrnava.com\/en\/wp-json\/wp\/v2\/media\/26274"}],"wp:attachment":[{"href":"https:\/\/fcspartaktrnava.com\/en\/wp-json\/wp\/v2\/media?parent=26273"}],"wp:term":[{"taxonomy":"category","embeddable":true,"href":"https:\/\/fcspartaktrnava.com\/en\/wp-json\/wp\/v2\/categories?post=26273"},{"taxonomy":"post_tag","embeddable":true,"href":"https:\/\/fcspartaktrnava.com\/en\/wp-json\/wp\/v2\/tags?post=26273"}],"curies":[{"name":"wp","href":"https:\/\/api.w.org\/{rel}","templated":true}]}}