{"id":26263,"date":"2025-03-01T19:13:48","date_gmt":"2025-03-01T17:13:48","guid":{"rendered":"https:\/\/fcspartaktrnava.com\/?p=26263"},"modified":"2025-03-01T19:13:48","modified_gmt":"2025-03-01T17:13:48","slug":"derby-pre-spartak-z-bratislavy-berieme-vsetky-body","status":"publish","type":"post","link":"https:\/\/fcspartaktrnava.com\/en\/derby-pre-spartak-z-bratislavy-berieme-vsetky-body\/","title":{"rendered":"DERBY PRE SPARTAK! Z Bratislavy berieme v\u0161etky body"},"content":{"rendered":"<p class=\"has-text-align-center has-medium-font-size\">Slne\u010dn\u00e1 sobota so sebou priniesla z\u00e1pas mesiaca Nik\u00e9 ligy. Najsl\u00e1vnej\u0161ie futbalov\u00e9 derby na Slovensku s poradov\u00fdm \u010d\u00edslom 174. S\u00edce bez na\u0161ich fan\u00fa\u0161ikov na trib\u00fanach, ale s odhodlan\u00edm zabojova\u0165 o dobr\u00fd v\u00fdsledok v z\u00e1vere z\u00e1kladnej \u010dasti. Energiu ste hr\u00e1\u010dom dodali vy, na\u0161i skvel\u00ed fan\u00fa\u0161ikovia pred odchodom do hlavn\u00e9ho mesta. \u010eAKUJEME!<\/p>\n\n\n\n<p class=\"has-text-align-right has-medium-font-size\"><strong>#DERBY<\/strong><\/p>\n\n\n\n<p class=\"has-text-align-center has-white-color has-vivid-red-background-color has-text-color has-background has-link-color has-medium-font-size wp-elements-f75af3280024a263f72028fbaee056df\"><strong>Na derby sme vybehli v tejto z\u00e1kladnej zostave<\/strong><\/p>\n\n\n<div class=\"wp-block-image\">\n<figure class=\"aligncenter size-large\"><img loading=\"lazy\" decoding=\"async\" width=\"819\" height=\"1024\" src=\"https:\/\/fcspartaktrnava.com\/wp-content\/uploads\/2025\/03\/IMG_3458-819x1024.jpeg\" alt=\"\" class=\"wp-image-26264\" srcset=\"https:\/\/fcspartaktrnava.com\/wp-content\/uploads\/2025\/03\/IMG_3458-819x1024.jpeg 819w, https:\/\/fcspartaktrnava.com\/wp-content\/uploads\/2025\/03\/IMG_3458-240x300.jpeg 240w, https:\/\/fcspartaktrnava.com\/wp-content\/uploads\/2025\/03\/IMG_3458-768x960.jpeg 768w, https:\/\/fcspartaktrnava.com\/wp-content\/uploads\/2025\/03\/IMG_3458-10x12.jpeg 10w, https:\/\/fcspartaktrnava.com\/wp-content\/uploads\/2025\/03\/IMG_3458.jpeg 1200w\" sizes=\"auto, (max-width: 819px) 100vw, 819px\" \/><\/figure>\n<\/div>\n\n\n<hr class=\"wp-block-separator has-alpha-channel-opacity\"\/>\n\n\n\n<h2 class=\"wp-block-heading has-text-align-center\">1. pol\u010das<\/h2>\n\n\n\n<p class=\"has-text-align-center has-medium-font-size\">V nov\u00fdch bielych dresoch sme vybehli do s\u00faboja proti Slovanu, ktor\u00fd hne\u010f od za\u010diatku kombinoval s loptou na kopa\u010dk\u00e1ch. O prv\u00fd odv\u00e1\u017eny prienik sa po pravej strane sna\u017eil Erik Daniel ale dom\u00e1ca obrana ho zastavila e\u0161te pred pokutov\u00fdm \u00fazem\u00edm. <\/p>\n\n\n\n<p class=\"has-text-align-center has-medium-font-size\">Prv\u00fd z\u00e1krok si na svoje konto prip\u00edsal \u017diga Frelih u\u017e v 4. min\u00fate po rohovom kope dom\u00e1cich. Viac z hry mali v \u00favodn\u00fdch min\u00fatach hr\u00e1\u010di Slovana. <strong>Ale potom pri\u0161la na\u0161a chv\u00ed\u013ea!!!<\/strong><\/p>\n\n\n\n<p class=\"has-text-align-center has-white-color has-vivid-red-background-color has-text-color has-background has-link-color has-medium-font-size wp-elements-6f9c3830a1ffa6ad624cfdddf3207daa\"><strong>12. min\u00fata a g\u00f3oooooool SPARTAK TRNAVAAAAA! Kr\u00e1sny g\u00f3l v podan\u00ed Azanga, ktor\u00fd z voleja nekompromisne prestrelil v\u0161etko, \u010do mu st\u00e1lo v ceste! 0:<\/strong>1!<\/p>\n\n\n<div class=\"wp-block-image\">\n<figure class=\"aligncenter size-large\"><img loading=\"lazy\" decoding=\"async\" width=\"1024\" height=\"681\" src=\"https:\/\/fcspartaktrnava.com\/wp-content\/uploads\/2025\/03\/DSC_5176-1024x681.jpeg\" alt=\"\" class=\"wp-image-26266\" srcset=\"https:\/\/fcspartaktrnava.com\/wp-content\/uploads\/2025\/03\/DSC_5176-1024x681.jpeg 1024w, https:\/\/fcspartaktrnava.com\/wp-content\/uploads\/2025\/03\/DSC_5176-300x200.jpeg 300w, https:\/\/fcspartaktrnava.com\/wp-content\/uploads\/2025\/03\/DSC_5176-768x511.jpeg 768w, https:\/\/fcspartaktrnava.com\/wp-content\/uploads\/2025\/03\/DSC_5176-1536x1022.jpeg 1536w, https:\/\/fcspartaktrnava.com\/wp-content\/uploads\/2025\/03\/DSC_5176-2048x1363.jpeg 2048w, https:\/\/fcspartaktrnava.com\/wp-content\/uploads\/2025\/03\/DSC_5176-18x12.jpeg 18w\" sizes=\"auto, (max-width: 1024px) 100vw, 1024px\" \/><\/figure>\n<\/div>\n\n\n<p class=\"has-text-align-center has-medium-font-size\">Po g\u00f3le mali dom\u00e1ci loptu op\u00e4\u0165 na svojich kopa\u010dk\u00e1ch a na\u0161i hr\u00e1\u010di sa sna\u017eili pressova\u0165 a vyr\u00e1\u017ea\u0165 do brejkov. V obrane sme museli by\u0165 st\u00e1le v strehu. Do v\u00e4\u010d\u0161\u00edch \u0161anci sme Slovan nep\u00fa\u0161\u0165ali. 29. min\u00fata priniesla rohov\u00fd kop pre \u010derveno-\u010d\u00edrne farby, po ktorom sme ale brank\u00e1ra Tak\u00e1\u010da neohrozili. O nieko\u013eko okamihov sme mohli prida\u0165 druh\u00fd g\u00f3l. Hol\u00edk na\u0161iel v \u0161estn\u00e1stke \u010euri\u0161a, ten ale nezv\u00fd\u0161il n\u00e1\u0161 n\u00e1skok. Dom\u00e1ci mali ve\u013ek\u00fa \u0161ancu po rohovom kope v 35. min\u00fate. Frelih na\u0161\u0165astie proti hlavi\u010dke dom\u00e1ceho hr\u00e1\u010da nemusel zasahova\u0165. Obraz hry sa v poslednej 15-min\u00fatovke prv\u00e9ho pol\u010dasu nemenil. Dom\u00e1ci mal v\u00fdraznej\u0161ie dr\u017eanie lopty, my sme ale boli maxim\u00e1lne efekt\u00edvni.<\/p>\n\n\n\n<p class=\"has-text-align-center has-medium-font-size\">Do kab\u00edn sme tak i\u0161li s jednog\u00f3lov\u00fdm veden\u00edm.<\/p>\n\n\n\n<hr class=\"wp-block-separator has-alpha-channel-opacity\"\/>\n\n\n\n<h2 class=\"wp-block-heading has-text-align-center\">2. pol\u010das<\/h2>\n\n\n\n<p class=\"has-text-align-center has-medium-font-size\">Hne\u010f na za\u010diatku druhej \u010dasti hry sme mohli inkasova\u0165. Obrovsk\u00fd po\u017eiar uhasil a\u017e na br\u00e1nkovej \u010diare Twardzik a zachr\u00e1nil n\u00e1s od vyrovnania. Bol to par\u00e1dny z\u00e1krok na \u010diare!<\/p>\n\n\n\n<p class=\"has-text-align-center has-medium-font-size\"> Dom\u00e1ci tla\u010dili a \u010fal\u0161iu ve\u013ek\u00fa \u0161ancu mali v 55. min\u00fate. Strela Maka smerovala len k\u00fasok od \u013eavej ty\u010dky Frelihovej br\u00e1ny. N\u00e1\u0161 brank\u00e1r vytiahol v\u00fdborn\u00fd z\u00e1krok v 58. min\u00fate a st\u00e1le dr\u017eal \u010dist\u00e9 konto. Em\u00f3cie sa stup\u0148ovali na ihrisku aj na trib\u00fane a derby naberalo na obr\u00e1tkach. Dom\u00e1ci tla\u010dili a my sme odol\u00e1vali ich tlaku. V 64. min\u00fate videl \u010euri\u0161 \u017elt\u00fa kartu po faule na Barseghyana.<\/p>\n\n\n<div class=\"wp-block-image\">\n<figure class=\"aligncenter size-large\"><img loading=\"lazy\" decoding=\"async\" width=\"1024\" height=\"681\" src=\"https:\/\/fcspartaktrnava.com\/wp-content\/uploads\/2025\/03\/DSC_5543-1024x681.jpeg\" alt=\"\" class=\"wp-image-26265\" srcset=\"https:\/\/fcspartaktrnava.com\/wp-content\/uploads\/2025\/03\/DSC_5543-1024x681.jpeg 1024w, https:\/\/fcspartaktrnava.com\/wp-content\/uploads\/2025\/03\/DSC_5543-300x200.jpeg 300w, https:\/\/fcspartaktrnava.com\/wp-content\/uploads\/2025\/03\/DSC_5543-768x511.jpeg 768w, https:\/\/fcspartaktrnava.com\/wp-content\/uploads\/2025\/03\/DSC_5543-1536x1022.jpeg 1536w, https:\/\/fcspartaktrnava.com\/wp-content\/uploads\/2025\/03\/DSC_5543-2048x1363.jpeg 2048w, https:\/\/fcspartaktrnava.com\/wp-content\/uploads\/2025\/03\/DSC_5543-18x12.jpeg 18w\" sizes=\"auto, (max-width: 1024px) 100vw, 1024px\" \/><\/figure>\n<\/div>\n\n\n<p class=\"has-text-align-center has-medium-font-size\">V 66. min\u00fate pri\u0161lo na\u0161e prv\u00e9 striedanie. Z ihriska odi\u0161iel Ofori a nahradil ho Paur. N\u00e1sledne sme mali ve\u013ek\u00fa \u0161ancu. Kratochv\u00edl prenikol po \u013eavej strane, s jeho strelou aj dor\u00e1\u017ekou \u010euri\u0161a si Tak\u00e1\u010d dok\u00e1zal poradi\u0165. Bola to ale kr\u00e1sna akcia v podan\u00ed Milo\u0161a Kratochv\u00edla.<\/p>\n\n\n\n<p class=\"has-text-align-center has-medium-font-size\">Em\u00f3cie sa trochu upokojili a pokra\u010dovala na\u0161a dobra organiz\u00e1cia hry v strede po\u013ea a obrane. Hra sa tro\u0161ku k\u00faskovala a sledovali sme viacer\u00e9 preru\u0161enia. Dom\u00e1ci div\u00e1ci neuk\u00e1zali re\u0161pekt \u0160ulekovi, ktor\u00fd zranen\u00fd odkr\u00e1\u010dal z ihriska&#8230; Vystriedal ho Roman Proch\u00e1zka. Bolo to v 83. min\u00fate. Em\u00f3cie op\u00e4\u0165 vzplanuli v 86. min\u00fate. Pich videl \u017elt\u00fa kartu. <\/p>\n\n\n\n<p class=\"has-text-align-center has-medium-font-size\">Z\u00e1ver duelu sa ve\u013emi na\u0165ahoval a rozhodca pridal 7 nadstaven\u00fdch min\u00fat. Nakoniec z toho bolo vy\u0161e 11 extra min\u00fat a o\u0161etrovan\u00fd musel by\u0165 Jakub Paur. Z ihriska ho odniesli na nosidl\u00e1ch. Dom\u00e1ci napriek tlaku a pridanej bohatej porcii min\u00fat nedok\u00e1zali vyrovna\u0165 a z Teheln\u00e9ho po\u013ea sme zobrali v\u0161etky body!!!<\/p>\n\n\n\n<p class=\"has-text-align-center has-large-font-size\"><strong>TO MY SME SPARTAK!<\/strong><\/p>\n\n\n\n<p><\/p>\n\n\n\n<p><\/p>\n\n\n\n<p><\/p>\n\n\n\n<p><\/p>\n\n\n\n<p><\/p>\n\n\n\n<p><\/p>\n\n\n\n<p><\/p>\n\n\n\n<p><\/p>\n\n\n\n<p class=\"has-text-align-center has-medium-font-size\"><\/p>\n\n\n\n<p><\/p>","protected":false},"excerpt":{"rendered":"<p>Slne\u010dn\u00e1 sobota so sebou priniesla z\u00e1pas mesiaca Nik\u00e9&#8230;<\/p>","protected":false},"author":5,"featured_media":26267,"comment_status":"closed","ping_status":"closed","sticky":false,"template":"","format":"standard","meta":{"footnotes":""},"categories":[12],"tags":[],"class_list":["post-26263","post","type-post","status-publish","format-standard","has-post-thumbnail","hentry","category-spravy","post-number-1"],"yoast_head":"<!-- This site is optimized with the Yoast SEO plugin v27.1.1 - https:\/\/yoast.com\/product\/yoast-seo-wordpress\/ -->\n<title>DERBY PRE SPARTAK! Z Bratislavy berieme v\u0161etky body - FC Spartak Trnava<\/title>\n<meta name=\"robots\" content=\"index, follow, max-snippet:-1, max-image-preview:large, max-video-preview:-1\" \/>\n<link rel=\"canonical\" href=\"https:\/\/fcspartaktrnava.com\/en\/derby-pre-spartak-z-bratislavy-berieme-vsetky-body\/\" \/>\n<meta name=\"twitter:label1\" content=\"Written by\" \/>\n\t<meta name=\"twitter:data1\" content=\"Samuel \u010eurinsk\u00fd\" \/>\n\t<meta name=\"twitter:label2\" content=\"Estimated reading time\" \/>\n\t<meta name=\"twitter:data2\" content=\"4 minutes\" \/>\n<script type=\"application\/ld+json\" class=\"yoast-schema-graph\">{\"@context\":\"https:\/\/schema.org\",\"@graph\":[{\"@type\":\"Article\",\"@id\":\"https:\/\/fcspartaktrnava.com\/derby-pre-spartak-z-bratislavy-berieme-vsetky-body\/#article\",\"isPartOf\":{\"@id\":\"https:\/\/fcspartaktrnava.com\/derby-pre-spartak-z-bratislavy-berieme-vsetky-body\/\"},\"author\":{\"name\":\"Samuel \u010eurinsk\u00fd\",\"@id\":\"https:\/\/fcspartaktrnava.com\/#\/schema\/person\/62c3c2562c3c56e4c0c8c2342c596ac0\"},\"headline\":\"DERBY PRE SPARTAK! Z Bratislavy berieme v\u0161etky body\",\"datePublished\":\"2025-03-01T17:13:48+00:00\",\"mainEntityOfPage\":{\"@id\":\"https:\/\/fcspartaktrnava.com\/derby-pre-spartak-z-bratislavy-berieme-vsetky-body\/\"},\"wordCount\":668,\"publisher\":{\"@id\":\"https:\/\/fcspartaktrnava.com\/#organization\"},\"image\":{\"@id\":\"https:\/\/fcspartaktrnava.com\/derby-pre-spartak-z-bratislavy-berieme-vsetky-body\/#primaryimage\"},\"thumbnailUrl\":\"https:\/\/fcspartaktrnava.com\/wp-content\/uploads\/2025\/03\/DSC_5191-scaled.jpeg\",\"articleSection\":[\"Spr\u00e1vy\"],\"inLanguage\":\"en-GB\"},{\"@type\":\"WebPage\",\"@id\":\"https:\/\/fcspartaktrnava.com\/derby-pre-spartak-z-bratislavy-berieme-vsetky-body\/\",\"url\":\"https:\/\/fcspartaktrnava.com\/derby-pre-spartak-z-bratislavy-berieme-vsetky-body\/\",\"name\":\"DERBY PRE SPARTAK! Z Bratislavy berieme v\u0161etky body - FC Spartak Trnava\",\"isPartOf\":{\"@id\":\"https:\/\/fcspartaktrnava.com\/#website\"},\"primaryImageOfPage\":{\"@id\":\"https:\/\/fcspartaktrnava.com\/derby-pre-spartak-z-bratislavy-berieme-vsetky-body\/#primaryimage\"},\"image\":{\"@id\":\"https:\/\/fcspartaktrnava.com\/derby-pre-spartak-z-bratislavy-berieme-vsetky-body\/#primaryimage\"},\"thumbnailUrl\":\"https:\/\/fcspartaktrnava.com\/wp-content\/uploads\/2025\/03\/DSC_5191-scaled.jpeg\",\"datePublished\":\"2025-03-01T17:13:48+00:00\",\"breadcrumb\":{\"@id\":\"https:\/\/fcspartaktrnava.com\/derby-pre-spartak-z-bratislavy-berieme-vsetky-body\/#breadcrumb\"},\"inLanguage\":\"en-GB\",\"potentialAction\":[{\"@type\":\"ReadAction\",\"target\":[\"https:\/\/fcspartaktrnava.com\/derby-pre-spartak-z-bratislavy-berieme-vsetky-body\/\"]}]},{\"@type\":\"ImageObject\",\"inLanguage\":\"en-GB\",\"@id\":\"https:\/\/fcspartaktrnava.com\/derby-pre-spartak-z-bratislavy-berieme-vsetky-body\/#primaryimage\",\"url\":\"https:\/\/fcspartaktrnava.com\/wp-content\/uploads\/2025\/03\/DSC_5191-scaled.jpeg\",\"contentUrl\":\"https:\/\/fcspartaktrnava.com\/wp-content\/uploads\/2025\/03\/DSC_5191-scaled.jpeg\",\"width\":2560,\"height\":1704},{\"@type\":\"BreadcrumbList\",\"@id\":\"https:\/\/fcspartaktrnava.com\/derby-pre-spartak-z-bratislavy-berieme-vsetky-body\/#breadcrumb\",\"itemListElement\":[{\"@type\":\"ListItem\",\"position\":1,\"name\":\"Home\",\"item\":\"https:\/\/fcspartaktrnava.com\/\"},{\"@type\":\"ListItem\",\"position\":2,\"name\":\"DERBY PRE SPARTAK! Z Bratislavy berieme v\u0161etky body\"}]},{\"@type\":\"WebSite\",\"@id\":\"https:\/\/fcspartaktrnava.com\/#website\",\"url\":\"https:\/\/fcspartaktrnava.com\/\",\"name\":\"FC Spartak Trnava\",\"description\":\"ofici\u00e1lna webstr\u00e1nka futbalov\u00e9ho klubu\",\"publisher\":{\"@id\":\"https:\/\/fcspartaktrnava.com\/#organization\"},\"potentialAction\":[{\"@type\":\"SearchAction\",\"target\":{\"@type\":\"EntryPoint\",\"urlTemplate\":\"https:\/\/fcspartaktrnava.com\/?s={search_term_string}\"},\"query-input\":{\"@type\":\"PropertyValueSpecification\",\"valueRequired\":true,\"valueName\":\"search_term_string\"}}],\"inLanguage\":\"en-GB\"},{\"@type\":\"Organization\",\"@id\":\"https:\/\/fcspartaktrnava.com\/#organization\",\"name\":\"FC Spartak Trnava\",\"alternateName\":\"Spartak\",\"url\":\"https:\/\/fcspartaktrnava.com\/\",\"logo\":{\"@type\":\"ImageObject\",\"inLanguage\":\"en-GB\",\"@id\":\"https:\/\/fcspartaktrnava.com\/#\/schema\/logo\/image\/\",\"url\":\"https:\/\/fcspartaktrnava.com\/wp-content\/uploads\/2022\/08\/cropped-site_logo.png\",\"contentUrl\":\"https:\/\/fcspartaktrnava.com\/wp-content\/uploads\/2022\/08\/cropped-site_logo.png\",\"width\":140,\"height\":140,\"caption\":\"FC Spartak Trnava\"},\"image\":{\"@id\":\"https:\/\/fcspartaktrnava.com\/#\/schema\/logo\/image\/\"},\"sameAs\":[\"https:\/\/www.facebook.com\/SpartakTrnava\",\"https:\/\/x.com\/SpartakTrnava1\",\"https:\/\/www.instagram.com\/spartak_sk\/\"]},{\"@type\":\"Person\",\"@id\":\"https:\/\/fcspartaktrnava.com\/#\/schema\/person\/62c3c2562c3c56e4c0c8c2342c596ac0\",\"name\":\"Samuel \u010eurinsk\u00fd\",\"image\":{\"@type\":\"ImageObject\",\"inLanguage\":\"en-GB\",\"@id\":\"https:\/\/fcspartaktrnava.com\/#\/schema\/person\/image\/\",\"url\":\"https:\/\/secure.gravatar.com\/avatar\/af2fa02af92418b86ed742470664fe40056833fb68d84becf03f6ab02319257c?s=96&d=mm&r=g\",\"contentUrl\":\"https:\/\/secure.gravatar.com\/avatar\/af2fa02af92418b86ed742470664fe40056833fb68d84becf03f6ab02319257c?s=96&d=mm&r=g\",\"caption\":\"Samuel \u010eurinsk\u00fd\"},\"url\":\"https:\/\/fcspartaktrnava.com\/en\/author\/fcst-samuel\/\"}]}<\/script>\n<!-- \/ Yoast SEO plugin. -->","yoast_head_json":{"title":"DERBY PRE SPARTAK! Z Bratislavy berieme v\u0161etky body - FC Spartak Trnava","robots":{"index":"index","follow":"follow","max-snippet":"max-snippet:-1","max-image-preview":"max-image-preview:large","max-video-preview":"max-video-preview:-1"},"canonical":"https:\/\/fcspartaktrnava.com\/en\/derby-pre-spartak-z-bratislavy-berieme-vsetky-body\/","twitter_misc":{"Written by":"Samuel \u010eurinsk\u00fd","Estimated reading time":"4 minutes"},"schema":{"@context":"https:\/\/schema.org","@graph":[{"@type":"Article","@id":"https:\/\/fcspartaktrnava.com\/derby-pre-spartak-z-bratislavy-berieme-vsetky-body\/#article","isPartOf":{"@id":"https:\/\/fcspartaktrnava.com\/derby-pre-spartak-z-bratislavy-berieme-vsetky-body\/"},"author":{"name":"Samuel \u010eurinsk\u00fd","@id":"https:\/\/fcspartaktrnava.com\/#\/schema\/person\/62c3c2562c3c56e4c0c8c2342c596ac0"},"headline":"DERBY PRE SPARTAK! Z Bratislavy berieme v\u0161etky body","datePublished":"2025-03-01T17:13:48+00:00","mainEntityOfPage":{"@id":"https:\/\/fcspartaktrnava.com\/derby-pre-spartak-z-bratislavy-berieme-vsetky-body\/"},"wordCount":668,"publisher":{"@id":"https:\/\/fcspartaktrnava.com\/#organization"},"image":{"@id":"https:\/\/fcspartaktrnava.com\/derby-pre-spartak-z-bratislavy-berieme-vsetky-body\/#primaryimage"},"thumbnailUrl":"https:\/\/fcspartaktrnava.com\/wp-content\/uploads\/2025\/03\/DSC_5191-scaled.jpeg","articleSection":["Spr\u00e1vy"],"inLanguage":"en-GB"},{"@type":"WebPage","@id":"https:\/\/fcspartaktrnava.com\/derby-pre-spartak-z-bratislavy-berieme-vsetky-body\/","url":"https:\/\/fcspartaktrnava.com\/derby-pre-spartak-z-bratislavy-berieme-vsetky-body\/","name":"DERBY PRE SPARTAK! Z Bratislavy berieme v\u0161etky body - FC Spartak Trnava","isPartOf":{"@id":"https:\/\/fcspartaktrnava.com\/#website"},"primaryImageOfPage":{"@id":"https:\/\/fcspartaktrnava.com\/derby-pre-spartak-z-bratislavy-berieme-vsetky-body\/#primaryimage"},"image":{"@id":"https:\/\/fcspartaktrnava.com\/derby-pre-spartak-z-bratislavy-berieme-vsetky-body\/#primaryimage"},"thumbnailUrl":"https:\/\/fcspartaktrnava.com\/wp-content\/uploads\/2025\/03\/DSC_5191-scaled.jpeg","datePublished":"2025-03-01T17:13:48+00:00","breadcrumb":{"@id":"https:\/\/fcspartaktrnava.com\/derby-pre-spartak-z-bratislavy-berieme-vsetky-body\/#breadcrumb"},"inLanguage":"en-GB","potentialAction":[{"@type":"ReadAction","target":["https:\/\/fcspartaktrnava.com\/derby-pre-spartak-z-bratislavy-berieme-vsetky-body\/"]}]},{"@type":"ImageObject","inLanguage":"en-GB","@id":"https:\/\/fcspartaktrnava.com\/derby-pre-spartak-z-bratislavy-berieme-vsetky-body\/#primaryimage","url":"https:\/\/fcspartaktrnava.com\/wp-content\/uploads\/2025\/03\/DSC_5191-scaled.jpeg","contentUrl":"https:\/\/fcspartaktrnava.com\/wp-content\/uploads\/2025\/03\/DSC_5191-scaled.jpeg","width":2560,"height":1704},{"@type":"BreadcrumbList","@id":"https:\/\/fcspartaktrnava.com\/derby-pre-spartak-z-bratislavy-berieme-vsetky-body\/#breadcrumb","itemListElement":[{"@type":"ListItem","position":1,"name":"Home","item":"https:\/\/fcspartaktrnava.com\/"},{"@type":"ListItem","position":2,"name":"DERBY PRE SPARTAK! Z Bratislavy berieme v\u0161etky body"}]},{"@type":"WebSite","@id":"https:\/\/fcspartaktrnava.com\/#website","url":"https:\/\/fcspartaktrnava.com\/","name":"FC Spartak Trnava","description":"ofici\u00e1lna webstr\u00e1nka futbalov\u00e9ho klubu","publisher":{"@id":"https:\/\/fcspartaktrnava.com\/#organization"},"potentialAction":[{"@type":"SearchAction","target":{"@type":"EntryPoint","urlTemplate":"https:\/\/fcspartaktrnava.com\/?s={search_term_string}"},"query-input":{"@type":"PropertyValueSpecification","valueRequired":true,"valueName":"search_term_string"}}],"inLanguage":"en-GB"},{"@type":"Organization","@id":"https:\/\/fcspartaktrnava.com\/#organization","name":"FC Spartak Trnava","alternateName":"Spartak","url":"https:\/\/fcspartaktrnava.com\/","logo":{"@type":"ImageObject","inLanguage":"en-GB","@id":"https:\/\/fcspartaktrnava.com\/#\/schema\/logo\/image\/","url":"https:\/\/fcspartaktrnava.com\/wp-content\/uploads\/2022\/08\/cropped-site_logo.png","contentUrl":"https:\/\/fcspartaktrnava.com\/wp-content\/uploads\/2022\/08\/cropped-site_logo.png","width":140,"height":140,"caption":"FC Spartak Trnava"},"image":{"@id":"https:\/\/fcspartaktrnava.com\/#\/schema\/logo\/image\/"},"sameAs":["https:\/\/www.facebook.com\/SpartakTrnava","https:\/\/x.com\/SpartakTrnava1","https:\/\/www.instagram.com\/spartak_sk\/"]},{"@type":"Person","@id":"https:\/\/fcspartaktrnava.com\/#\/schema\/person\/62c3c2562c3c56e4c0c8c2342c596ac0","name":"Samuel \u010eurinsk\u00fd","image":{"@type":"ImageObject","inLanguage":"en-GB","@id":"https:\/\/fcspartaktrnava.com\/#\/schema\/person\/image\/","url":"https:\/\/secure.gravatar.com\/avatar\/af2fa02af92418b86ed742470664fe40056833fb68d84becf03f6ab02319257c?s=96&d=mm&r=g","contentUrl":"https:\/\/secure.gravatar.com\/avatar\/af2fa02af92418b86ed742470664fe40056833fb68d84becf03f6ab02319257c?s=96&d=mm&r=g","caption":"Samuel \u010eurinsk\u00fd"},"url":"https:\/\/fcspartaktrnava.com\/en\/author\/fcst-samuel\/"}]}},"_links":{"self":[{"href":"https:\/\/fcspartaktrnava.com\/en\/wp-json\/wp\/v2\/posts\/26263","targetHints":{"allow":["GET"]}}],"collection":[{"href":"https:\/\/fcspartaktrnava.com\/en\/wp-json\/wp\/v2\/posts"}],"about":[{"href":"https:\/\/fcspartaktrnava.com\/en\/wp-json\/wp\/v2\/types\/post"}],"author":[{"embeddable":true,"href":"https:\/\/fcspartaktrnava.com\/en\/wp-json\/wp\/v2\/users\/5"}],"replies":[{"embeddable":true,"href":"https:\/\/fcspartaktrnava.com\/en\/wp-json\/wp\/v2\/comments?post=26263"}],"version-history":[{"count":0,"href":"https:\/\/fcspartaktrnava.com\/en\/wp-json\/wp\/v2\/posts\/26263\/revisions"}],"wp:featuredmedia":[{"embeddable":true,"href":"https:\/\/fcspartaktrnava.com\/en\/wp-json\/wp\/v2\/media\/26267"}],"wp:attachment":[{"href":"https:\/\/fcspartaktrnava.com\/en\/wp-json\/wp\/v2\/media?parent=26263"}],"wp:term":[{"taxonomy":"category","embeddable":true,"href":"https:\/\/fcspartaktrnava.com\/en\/wp-json\/wp\/v2\/categories?post=26263"},{"taxonomy":"post_tag","embeddable":true,"href":"https:\/\/fcspartaktrnava.com\/en\/wp-json\/wp\/v2\/tags?post=26263"}],"curies":[{"name":"wp","href":"https:\/\/api.w.org\/{rel}","templated":true}]}}