{"id":26256,"date":"2025-02-28T16:44:15","date_gmt":"2025-02-28T14:44:15","guid":{"rendered":"https:\/\/fcspartaktrnava.com\/?p=26256"},"modified":"2025-02-28T16:53:50","modified_gmt":"2025-02-28T14:53:50","slug":"asistent-trenera-prisztacs-derby-je-vzdy-velkou-vyzvou-a-motivaciou","status":"publish","type":"post","link":"https:\/\/fcspartaktrnava.com\/en\/asistent-trenera-prisztacs-derby-je-vzdy-velkou-vyzvou-a-motivaciou\/","title":{"rendered":"Asistent tr\u00e9nera Priszt\u00e1cs: &#8222;Derby je v\u017edy ve\u013ekou v\u00fdzvou a motiv\u00e1ciou.&#8220;"},"content":{"rendered":"<p class=\"has-text-align-center has-medium-font-size\">U\u017e zajtra od 15:30 ukon\u010d\u00edme z\u00e1kladn\u00fa \u010das\u0165 na p\u00f4de l\u00eddra s\u00fa\u0165a\u017ee zo Slovana. V tabu\u013eke Nik\u00e9 ligy na neho str\u00e1came aktu\u00e1lne osem bodov a ur\u010dite n\u00e1s op\u00e4\u0165 \u010dak\u00e1 zauj\u00edmav\u00fd s\u00faboj. <\/p>\n\n\n\n<p class=\"has-text-align-center has-medium-font-size\">Asistent tr\u00e9nera Tom\u00e1\u0161 Priszt\u00e1cs o\u010dak\u00e1va n\u00e1ro\u010dn\u00fd duel, na ktor\u00fd ale netreba hr\u00e1\u010dov \u0161peci\u00e1lne nastavova\u0165 a motivova\u0165.<\/p>\n\n\n\n<p class=\"has-text-align-center has-medium-font-size\"><strong>&#8222;Ka\u017ed\u00e9 jedno derby je pre n\u00e1s v realiza\u010dnom t\u00edme a pre hr\u00e1\u010dov ve\u013ekou motiv\u00e1ciou a v\u00fdzvou. Nemus\u00edme ich extra motivova\u0165, ke\u010f\u017ee vieme o \u010do a proti komu hr\u00e1me. Z\u00e1pasy s\u00fa v\u017edy na vysokej emo\u010dnej \u00farovni a hr\u00e1\u010di sa na tak\u00e9to z\u00e1pasy te\u0161ia. \u010celi\u0165 najv\u00e4\u010d\u0161iemu rivalovi a Slovanu, ktor\u00fd sa dostal do Ligy majstrov je v\u00fdzva. Em\u00f3cie sk\u00f4r mus\u00edme kroti\u0165. Je to navy\u0161e extra motiv\u00e1cia vytiahnu\u0165 sa proti hr\u00e1\u010dom, ktor\u00ed si zahrali najprest\u00ed\u017enej\u0161iu klubov\u00fa s\u00fa\u0165a\u017e vo futbale.&#8220; <\/strong><\/p>\n\n\n\n<p class=\"has-text-align-center has-black-color has-luminous-vivid-amber-background-color has-text-color has-background has-link-color has-medium-font-size wp-elements-272949a7a5879390b2ddd3e89c0f76bf\"><strong>#174. DERBY DAY &#8211; SOBOTA 1. marca od 15:30 na VOYO a DAJTO.<\/strong><\/p>\n\n\n\n<figure class=\"wp-block-image size-large\"><img loading=\"lazy\" decoding=\"async\" width=\"1024\" height=\"681\" src=\"https:\/\/fcspartaktrnava.com\/wp-content\/uploads\/2025\/02\/DSC_8851-1024x681.jpg\" alt=\"\" class=\"wp-image-26257\" srcset=\"https:\/\/fcspartaktrnava.com\/wp-content\/uploads\/2025\/02\/DSC_8851-1024x681.jpg 1024w, https:\/\/fcspartaktrnava.com\/wp-content\/uploads\/2025\/02\/DSC_8851-300x200.jpg 300w, https:\/\/fcspartaktrnava.com\/wp-content\/uploads\/2025\/02\/DSC_8851-768x511.jpg 768w, https:\/\/fcspartaktrnava.com\/wp-content\/uploads\/2025\/02\/DSC_8851-1536x1022.jpg 1536w, https:\/\/fcspartaktrnava.com\/wp-content\/uploads\/2025\/02\/DSC_8851-2048x1363.jpg 2048w, https:\/\/fcspartaktrnava.com\/wp-content\/uploads\/2025\/02\/DSC_8851-18x12.jpg 18w\" sizes=\"auto, (max-width: 1024px) 100vw, 1024px\" \/><\/figure>\n\n\n\n<hr class=\"wp-block-separator has-alpha-channel-opacity\"\/>\n\n\n\n<p class=\"has-text-align-center has-medium-font-size\">Tr\u00e9neri nebud\u00fa m\u00f4c\u0165 po\u010d\u00edta\u0165 so \u0160tetinom ani s Mikovi\u010dom. V Bratislave sa stretn\u00fa dve najlep\u0161ie fyzicky pripraven\u00e9 mu\u017estv\u00e1.<\/p>\n\n\n\n<p class=\"has-text-align-center has-medium-font-size\"><strong>&#8222;Mikovi\u010d je v procese rekonvalescencie, \u010di\u017ee postupne sa u neho zvy\u0161uje tr\u00e9ningov\u00e1 z\u00e1\u0165a\u017e. \u0160tetina je chor\u00fd a m\u00e1 vir\u00f3zu. Tak\u017ee s t\u00fdmito dvoma hr\u00e1\u010dmi nem\u00f4\u017eeme po\u010d\u00edta\u0165. Ostatn\u00ed hr\u00e1\u010di s\u00fa v\u0161etci hr\u00e1\u010di k dispoz\u00edcii.<\/strong> <strong>Po\u010das celej sez\u00f3ny bojujeme so zlo\u017een\u00edm zadnej l\u00ednie. S\u00fa tam neust\u00e1le zmeny, ktor\u00e9 neprospievaj\u00fa hr\u00e1\u010dom k nadobudnutiu komfortnej formy. Mus\u00edme sa s t\u00fdm ale vysporiada\u0165.&#8220;<\/strong><\/p>\n\n\n\n<p class=\"has-text-align-center has-medium-font-size\">S\u00faboj naj ofenz\u00edvy a naj defenz\u00edvy, ve\u013ea osobn\u00fdch s\u00fabojov. Tieto parametre bud\u00fa pod\u013ea slov Tom\u00e1\u0161a Priszt\u00e1csa zdobi\u0165 \u010fal\u0161ie tradi\u010dn\u00e9 derby.<\/p>\n\n\n\n<p class=\"has-text-align-center has-medium-font-size\"><strong>&#8222;Mus\u00edm ale spomen\u00fa\u0165, \u017ee proti sebe nast\u00fapia fyzicky dve najlep\u0161ie pripraven\u00e9 mu\u017estv\u00e1. Slovan je suver\u00e9nny v \u00fato\u010dnej tretine v r\u00e1mci celej ligy a bude \u010deli\u0165 najorganizovanej\u0161iemu t\u00edmu v defenz\u00edvnej \u010dinnosti v s\u00fa\u0165a\u017ei.  Derby zdob\u00ed s\u00fabojovos\u0165 a mysl\u00edm si, \u017ee ka\u017ed\u00fd fan\u00fa\u0161ik sa m\u00e1 na \u010do te\u0161i\u0165.&#8220;<\/strong><\/p>\n\n\n\n<h2 class=\"wp-block-heading has-text-align-center\">Derby bez spartakovsk\u00fdch fan\u00fa\u0161ikov, Badolo sa r\u00fdchlo adaptuje<\/h2>\n\n\n\n<p class=\"has-text-align-center has-medium-font-size\">Podmiene\u010dn\u00fd trest z posledn\u00e9ho derby na \u0160tadi\u00f3ne Antona Malatinsk\u00e9ho vyl\u00fa\u010dil zo sobotn\u00e9ho duelu fan\u00fa\u0161ikov Spartaka.<\/p>\n\n\n\n<p class=\"has-text-align-center has-medium-font-size\"><strong>&#8222;Je ve\u013ek\u00e1 \u0161koda, \u017ee po\u010das z\u00e1pasu budeme bez na\u0161ich fan\u00fa\u0161ikov. Vieme, ak\u00fdm pr\u00ednosom s\u00fa pre n\u00e1s a pre hr\u00e1\u010dov. Nebudeme sa m\u00f4c\u0165 o nich oprie\u0165. Z m\u00f4jho poh\u013eadu je to najv\u00e4\u010d\u0161\u00ed z\u00e1pas v lige, aj z historick\u00e9ho a kvalitat\u00edvneho h\u013eadiska. Bude c\u00edti\u0165 ich nepr\u00edtomnos\u0165 ale nem\u00f4\u017eeme sa na to vyhov\u00e1ra\u0165. O to viac sa mus\u00edme s\u00fastredi\u0165 na seba a zomkn\u00fa\u0165 ako jeden t\u00edm.&#8220;<\/strong><\/p>\n\n\n\n<p class=\"has-text-align-center has-medium-font-size\">Po z\u00e1pasovej premi\u00e9re sa st\u00e1le do lep\u0161ej fyzickej kond\u00edcie dost\u00e1va nov\u00e1 posila Cedric Badolo. Adapta\u010dn\u00fd proces je u neho prirodzen\u00fd a pomerne r\u00fdchly. <\/p>\n\n\n\n<p class=\"has-text-align-center has-medium-font-size\"><strong>&#8222;Cedric je v procese adapt\u00e1cie. Po kondi\u010dnej str\u00e1nke je u\u017e takmer tam, kde by sme ho chceli ma\u0165. \u010do n\u00e1s te\u0161\u00ed. Svoju rolu v nadch\u00e1dzaj\u00facom obdob\u00ed dostane a uvid\u00edme, ako ju zu\u017eitkuje. Vieme, \u017ee nie je jednoduch\u00e9 pr\u00eds\u0165 a by\u0165 hne\u010f prospe\u0161n\u00fd pre t\u00edm. \u00davod proti Podbrezovej bol z jeho strany e\u0161te vla\u017en\u00fd a ch\u00fdbala samozrejme zohratos\u0165. Ale postupne sa to zlep\u0161uje a ka\u017ed\u00fdm tr\u00e9ningom sa z\u017e\u00edva s cel\u00fdm mu\u017estvom a svojou poz\u00edciou v t\u00edme. Nasko\u010dil do rozbehnutej sez\u00f3ny a je to pre neho nov\u00e1 sk\u00fasenos\u0165.<\/strong> <strong>Badolo je na spr\u00e1vnej ceste, aby bol \u010do najviac prospe\u0161n\u00fd pre mu\u017estvo.&#8220;<\/strong><\/p>\n\n\n<div class=\"wp-block-image\">\n<figure class=\"aligncenter size-large\"><img loading=\"lazy\" decoding=\"async\" width=\"1024\" height=\"681\" src=\"https:\/\/fcspartaktrnava.com\/wp-content\/uploads\/2025\/02\/DSC_3407-Enhanced-NR-1024x681.jpg\" alt=\"\" class=\"wp-image-26258\" srcset=\"https:\/\/fcspartaktrnava.com\/wp-content\/uploads\/2025\/02\/DSC_3407-Enhanced-NR-1024x681.jpg 1024w, https:\/\/fcspartaktrnava.com\/wp-content\/uploads\/2025\/02\/DSC_3407-Enhanced-NR-300x200.jpg 300w, https:\/\/fcspartaktrnava.com\/wp-content\/uploads\/2025\/02\/DSC_3407-Enhanced-NR-768x511.jpg 768w, https:\/\/fcspartaktrnava.com\/wp-content\/uploads\/2025\/02\/DSC_3407-Enhanced-NR-1536x1022.jpg 1536w, https:\/\/fcspartaktrnava.com\/wp-content\/uploads\/2025\/02\/DSC_3407-Enhanced-NR-2048x1363.jpg 2048w, https:\/\/fcspartaktrnava.com\/wp-content\/uploads\/2025\/02\/DSC_3407-Enhanced-NR-18x12.jpg 18w\" sizes=\"auto, (max-width: 1024px) 100vw, 1024px\" \/><\/figure>\n<\/div>\n\n\n<hr class=\"wp-block-separator has-alpha-channel-opacity\"\/>\n\n\n\n<p><\/p>\n\n\n\n<p class=\"has-text-align-center has-medium-font-size\">Spartak \u010dak\u00e1 zajtra posledn\u00fd duel z\u00e1kladnej \u010dasti a u\u017e bud\u00faci v\u00edkend \u0161tart skupiny o titul. N\u00e1sledne budeme pokra\u010dova\u0165 v poh\u00e1rovej ceste na tr\u00e1vniku \u017diliny a \u010fal\u0161\u00edm s\u00fabojom Nik\u00e9 ligy. M\u00f4\u017ee to by\u0165 pre hr\u00e1\u010dov v\u00fdhoda, ak s\u00fa v z\u00e1pasovom tempe? Pokra\u010duje Tom\u00e1\u0161 Priszt\u00e1cs.<\/p>\n\n\n\n<p class=\"has-text-align-center has-medium-font-size\"><strong>&#8222;V\u00fdhoda to bude, ke\u010f bud\u00fa hr\u00e1\u010di zdrav\u00ed. Od toho sa bude odv\u00edja\u0165 z\u00e1pasov\u00e9 vy\u0165a\u017eenie hr\u00e1\u010dov aj samotn\u00fd tr\u00e9ningov\u00fd proces v r\u00e1mci mikrocyklu. Aj mal\u00e1 vir\u00f3za dok\u00e1\u017ee na\u0161trbi\u0165 hern\u00fa a tr\u00e9ningov\u00fa v\u00fdkonnos\u0165, tak\u017ee budeme musie\u0165 vych\u00e1dza\u0165 z aktu\u00e1lneho stavu k\u00e1dra. Celkovo je ale pre hr\u00e1\u010dov lep\u0161ie, ak sa hraj\u00fa z\u00e1pasy v pravidelnom cykle, preto\u017ee sa na to te\u0161ia. K\u013e\u00fa\u010dov\u00fd bude zdravotn\u00fd stav hr\u00e1\u010dov.&#8220;<\/strong><\/p>\n\n\n\n<hr class=\"wp-block-separator has-alpha-channel-opacity\"\/>\n\n\n\n<p class=\"has-text-align-center has-medium-font-size\"><strong>Nenechajte si ujs\u0165 z\u00e1pas mesiaca SLOVAN x SPARTAK na\u017eivo na VOYO alebo DAJTO a dr\u017ete \u010derveno-\u010d\u00edrnym farb\u00e1m palce! <\/strong><\/p>\n\n\n\n<p class=\"has-text-align-center has-large-font-size\"><strong>PERSISTENCE IN IT! <\/strong><\/p>\n\n\n<div class=\"wp-block-image\">\n<figure class=\"aligncenter size-large\"><img loading=\"lazy\" decoding=\"async\" width=\"1024\" height=\"684\" src=\"https:\/\/fcspartaktrnava.com\/wp-content\/uploads\/2025\/02\/DSC_8524-Enhanced-NR-1-1024x684.jpg\" alt=\"\" class=\"wp-image-26262\" srcset=\"https:\/\/fcspartaktrnava.com\/wp-content\/uploads\/2025\/02\/DSC_8524-Enhanced-NR-1-1024x684.jpg 1024w, https:\/\/fcspartaktrnava.com\/wp-content\/uploads\/2025\/02\/DSC_8524-Enhanced-NR-1-300x200.jpg 300w, https:\/\/fcspartaktrnava.com\/wp-content\/uploads\/2025\/02\/DSC_8524-Enhanced-NR-1-768x513.jpg 768w, https:\/\/fcspartaktrnava.com\/wp-content\/uploads\/2025\/02\/DSC_8524-Enhanced-NR-1-1536x1025.jpg 1536w, https:\/\/fcspartaktrnava.com\/wp-content\/uploads\/2025\/02\/DSC_8524-Enhanced-NR-1-2048x1367.jpg 2048w, https:\/\/fcspartaktrnava.com\/wp-content\/uploads\/2025\/02\/DSC_8524-Enhanced-NR-1-18x12.jpg 18w\" sizes=\"auto, (max-width: 1024px) 100vw, 1024px\" \/><\/figure>\n<\/div>\n\n\n<p><\/p>","protected":false},"excerpt":{"rendered":"<p>U\u017e zajtra od 15:30 ukon\u010d\u00edme z\u00e1kladn\u00fa \u010das\u0165 na&#8230;<\/p>","protected":false},"author":5,"featured_media":26260,"comment_status":"closed","ping_status":"closed","sticky":false,"template":"","format":"standard","meta":{"footnotes":""},"categories":[94,12,20],"tags":[],"class_list":["post-26256","post","type-post","status-publish","format-standard","has-post-thumbnail","hentry","category-preview","category-spravy","category-zapas","post-number-1"],"yoast_head":"<!-- This site is optimized with the Yoast SEO plugin v27.1.1 - https:\/\/yoast.com\/product\/yoast-seo-wordpress\/ -->\n<title>Asistent tr\u00e9nera Priszt\u00e1cs: &quot;Derby je v\u017edy ve\u013ekou v\u00fdzvou a motiv\u00e1ciou.&quot; - FC Spartak Trnava<\/title>\n<meta name=\"robots\" content=\"index, follow, max-snippet:-1, max-image-preview:large, max-video-preview:-1\" \/>\n<link rel=\"canonical\" href=\"https:\/\/fcspartaktrnava.com\/en\/asistent-trenera-prisztacs-derby-je-vzdy-velkou-vyzvou-a-motivaciou\/\" \/>\n<meta name=\"twitter:label1\" content=\"Written by\" \/>\n\t<meta name=\"twitter:data1\" content=\"Samuel \u010eurinsk\u00fd\" \/>\n\t<meta name=\"twitter:label2\" content=\"Estimated reading time\" \/>\n\t<meta name=\"twitter:data2\" content=\"5 minutes\" \/>\n<script type=\"application\/ld+json\" class=\"yoast-schema-graph\">{\"@context\":\"https:\/\/schema.org\",\"@graph\":[{\"@type\":\"Article\",\"@id\":\"https:\/\/fcspartaktrnava.com\/asistent-trenera-prisztacs-derby-je-vzdy-velkou-vyzvou-a-motivaciou\/#article\",\"isPartOf\":{\"@id\":\"https:\/\/fcspartaktrnava.com\/asistent-trenera-prisztacs-derby-je-vzdy-velkou-vyzvou-a-motivaciou\/\"},\"author\":{\"name\":\"Samuel \u010eurinsk\u00fd\",\"@id\":\"https:\/\/fcspartaktrnava.com\/#\/schema\/person\/62c3c2562c3c56e4c0c8c2342c596ac0\"},\"headline\":\"Asistent tr\u00e9nera Priszt\u00e1cs: &#8222;Derby je v\u017edy ve\u013ekou v\u00fdzvou a motiv\u00e1ciou.&#8220;\",\"datePublished\":\"2025-02-28T14:44:15+00:00\",\"dateModified\":\"2025-02-28T14:53:50+00:00\",\"mainEntityOfPage\":{\"@id\":\"https:\/\/fcspartaktrnava.com\/asistent-trenera-prisztacs-derby-je-vzdy-velkou-vyzvou-a-motivaciou\/\"},\"wordCount\":844,\"publisher\":{\"@id\":\"https:\/\/fcspartaktrnava.com\/#organization\"},\"image\":{\"@id\":\"https:\/\/fcspartaktrnava.com\/asistent-trenera-prisztacs-derby-je-vzdy-velkou-vyzvou-a-motivaciou\/#primaryimage\"},\"thumbnailUrl\":\"https:\/\/fcspartaktrnava.com\/wp-content\/uploads\/2025\/02\/DSC_3000-Enhanced-NR-scaled.jpg\",\"articleSection\":[\"preview\",\"Spr\u00e1vy\",\"Z\u00e1pas\"],\"inLanguage\":\"en-GB\"},{\"@type\":\"WebPage\",\"@id\":\"https:\/\/fcspartaktrnava.com\/asistent-trenera-prisztacs-derby-je-vzdy-velkou-vyzvou-a-motivaciou\/\",\"url\":\"https:\/\/fcspartaktrnava.com\/asistent-trenera-prisztacs-derby-je-vzdy-velkou-vyzvou-a-motivaciou\/\",\"name\":\"Asistent tr\u00e9nera Priszt\u00e1cs: \\\"Derby je v\u017edy ve\u013ekou v\u00fdzvou a motiv\u00e1ciou.\\\" - FC Spartak Trnava\",\"isPartOf\":{\"@id\":\"https:\/\/fcspartaktrnava.com\/#website\"},\"primaryImageOfPage\":{\"@id\":\"https:\/\/fcspartaktrnava.com\/asistent-trenera-prisztacs-derby-je-vzdy-velkou-vyzvou-a-motivaciou\/#primaryimage\"},\"image\":{\"@id\":\"https:\/\/fcspartaktrnava.com\/asistent-trenera-prisztacs-derby-je-vzdy-velkou-vyzvou-a-motivaciou\/#primaryimage\"},\"thumbnailUrl\":\"https:\/\/fcspartaktrnava.com\/wp-content\/uploads\/2025\/02\/DSC_3000-Enhanced-NR-scaled.jpg\",\"datePublished\":\"2025-02-28T14:44:15+00:00\",\"dateModified\":\"2025-02-28T14:53:50+00:00\",\"breadcrumb\":{\"@id\":\"https:\/\/fcspartaktrnava.com\/asistent-trenera-prisztacs-derby-je-vzdy-velkou-vyzvou-a-motivaciou\/#breadcrumb\"},\"inLanguage\":\"en-GB\",\"potentialAction\":[{\"@type\":\"ReadAction\",\"target\":[\"https:\/\/fcspartaktrnava.com\/asistent-trenera-prisztacs-derby-je-vzdy-velkou-vyzvou-a-motivaciou\/\"]}]},{\"@type\":\"ImageObject\",\"inLanguage\":\"en-GB\",\"@id\":\"https:\/\/fcspartaktrnava.com\/asistent-trenera-prisztacs-derby-je-vzdy-velkou-vyzvou-a-motivaciou\/#primaryimage\",\"url\":\"https:\/\/fcspartaktrnava.com\/wp-content\/uploads\/2025\/02\/DSC_3000-Enhanced-NR-scaled.jpg\",\"contentUrl\":\"https:\/\/fcspartaktrnava.com\/wp-content\/uploads\/2025\/02\/DSC_3000-Enhanced-NR-scaled.jpg\",\"width\":2560,\"height\":1704},{\"@type\":\"BreadcrumbList\",\"@id\":\"https:\/\/fcspartaktrnava.com\/asistent-trenera-prisztacs-derby-je-vzdy-velkou-vyzvou-a-motivaciou\/#breadcrumb\",\"itemListElement\":[{\"@type\":\"ListItem\",\"position\":1,\"name\":\"Home\",\"item\":\"https:\/\/fcspartaktrnava.com\/\"},{\"@type\":\"ListItem\",\"position\":2,\"name\":\"Asistent tr\u00e9nera Priszt\u00e1cs: &#8222;Derby je v\u017edy ve\u013ekou v\u00fdzvou a motiv\u00e1ciou.&#8220;\"}]},{\"@type\":\"WebSite\",\"@id\":\"https:\/\/fcspartaktrnava.com\/#website\",\"url\":\"https:\/\/fcspartaktrnava.com\/\",\"name\":\"FC Spartak Trnava\",\"description\":\"ofici\u00e1lna webstr\u00e1nka futbalov\u00e9ho klubu\",\"publisher\":{\"@id\":\"https:\/\/fcspartaktrnava.com\/#organization\"},\"potentialAction\":[{\"@type\":\"SearchAction\",\"target\":{\"@type\":\"EntryPoint\",\"urlTemplate\":\"https:\/\/fcspartaktrnava.com\/?s={search_term_string}\"},\"query-input\":{\"@type\":\"PropertyValueSpecification\",\"valueRequired\":true,\"valueName\":\"search_term_string\"}}],\"inLanguage\":\"en-GB\"},{\"@type\":\"Organization\",\"@id\":\"https:\/\/fcspartaktrnava.com\/#organization\",\"name\":\"FC Spartak Trnava\",\"alternateName\":\"Spartak\",\"url\":\"https:\/\/fcspartaktrnava.com\/\",\"logo\":{\"@type\":\"ImageObject\",\"inLanguage\":\"en-GB\",\"@id\":\"https:\/\/fcspartaktrnava.com\/#\/schema\/logo\/image\/\",\"url\":\"https:\/\/fcspartaktrnava.com\/wp-content\/uploads\/2022\/08\/cropped-site_logo.png\",\"contentUrl\":\"https:\/\/fcspartaktrnava.com\/wp-content\/uploads\/2022\/08\/cropped-site_logo.png\",\"width\":140,\"height\":140,\"caption\":\"FC Spartak Trnava\"},\"image\":{\"@id\":\"https:\/\/fcspartaktrnava.com\/#\/schema\/logo\/image\/\"},\"sameAs\":[\"https:\/\/www.facebook.com\/SpartakTrnava\",\"https:\/\/x.com\/SpartakTrnava1\",\"https:\/\/www.instagram.com\/spartak_sk\/\"]},{\"@type\":\"Person\",\"@id\":\"https:\/\/fcspartaktrnava.com\/#\/schema\/person\/62c3c2562c3c56e4c0c8c2342c596ac0\",\"name\":\"Samuel \u010eurinsk\u00fd\",\"image\":{\"@type\":\"ImageObject\",\"inLanguage\":\"en-GB\",\"@id\":\"https:\/\/fcspartaktrnava.com\/#\/schema\/person\/image\/\",\"url\":\"https:\/\/secure.gravatar.com\/avatar\/af2fa02af92418b86ed742470664fe40056833fb68d84becf03f6ab02319257c?s=96&d=mm&r=g\",\"contentUrl\":\"https:\/\/secure.gravatar.com\/avatar\/af2fa02af92418b86ed742470664fe40056833fb68d84becf03f6ab02319257c?s=96&d=mm&r=g\",\"caption\":\"Samuel \u010eurinsk\u00fd\"},\"url\":\"https:\/\/fcspartaktrnava.com\/en\/author\/fcst-samuel\/\"}]}<\/script>\n<!-- \/ Yoast SEO plugin. -->","yoast_head_json":{"title":"Asistent tr\u00e9nera Priszt\u00e1cs: \"Derby je v\u017edy ve\u013ekou v\u00fdzvou a motiv\u00e1ciou.\" - FC Spartak Trnava","robots":{"index":"index","follow":"follow","max-snippet":"max-snippet:-1","max-image-preview":"max-image-preview:large","max-video-preview":"max-video-preview:-1"},"canonical":"https:\/\/fcspartaktrnava.com\/en\/asistent-trenera-prisztacs-derby-je-vzdy-velkou-vyzvou-a-motivaciou\/","twitter_misc":{"Written by":"Samuel \u010eurinsk\u00fd","Estimated reading time":"5 minutes"},"schema":{"@context":"https:\/\/schema.org","@graph":[{"@type":"Article","@id":"https:\/\/fcspartaktrnava.com\/asistent-trenera-prisztacs-derby-je-vzdy-velkou-vyzvou-a-motivaciou\/#article","isPartOf":{"@id":"https:\/\/fcspartaktrnava.com\/asistent-trenera-prisztacs-derby-je-vzdy-velkou-vyzvou-a-motivaciou\/"},"author":{"name":"Samuel \u010eurinsk\u00fd","@id":"https:\/\/fcspartaktrnava.com\/#\/schema\/person\/62c3c2562c3c56e4c0c8c2342c596ac0"},"headline":"Asistent tr\u00e9nera Priszt\u00e1cs: &#8222;Derby je v\u017edy ve\u013ekou v\u00fdzvou a motiv\u00e1ciou.&#8220;","datePublished":"2025-02-28T14:44:15+00:00","dateModified":"2025-02-28T14:53:50+00:00","mainEntityOfPage":{"@id":"https:\/\/fcspartaktrnava.com\/asistent-trenera-prisztacs-derby-je-vzdy-velkou-vyzvou-a-motivaciou\/"},"wordCount":844,"publisher":{"@id":"https:\/\/fcspartaktrnava.com\/#organization"},"image":{"@id":"https:\/\/fcspartaktrnava.com\/asistent-trenera-prisztacs-derby-je-vzdy-velkou-vyzvou-a-motivaciou\/#primaryimage"},"thumbnailUrl":"https:\/\/fcspartaktrnava.com\/wp-content\/uploads\/2025\/02\/DSC_3000-Enhanced-NR-scaled.jpg","articleSection":["preview","Spr\u00e1vy","Z\u00e1pas"],"inLanguage":"en-GB"},{"@type":"WebPage","@id":"https:\/\/fcspartaktrnava.com\/asistent-trenera-prisztacs-derby-je-vzdy-velkou-vyzvou-a-motivaciou\/","url":"https:\/\/fcspartaktrnava.com\/asistent-trenera-prisztacs-derby-je-vzdy-velkou-vyzvou-a-motivaciou\/","name":"Asistent tr\u00e9nera Priszt\u00e1cs: \"Derby je v\u017edy ve\u013ekou v\u00fdzvou a motiv\u00e1ciou.\" - FC Spartak Trnava","isPartOf":{"@id":"https:\/\/fcspartaktrnava.com\/#website"},"primaryImageOfPage":{"@id":"https:\/\/fcspartaktrnava.com\/asistent-trenera-prisztacs-derby-je-vzdy-velkou-vyzvou-a-motivaciou\/#primaryimage"},"image":{"@id":"https:\/\/fcspartaktrnava.com\/asistent-trenera-prisztacs-derby-je-vzdy-velkou-vyzvou-a-motivaciou\/#primaryimage"},"thumbnailUrl":"https:\/\/fcspartaktrnava.com\/wp-content\/uploads\/2025\/02\/DSC_3000-Enhanced-NR-scaled.jpg","datePublished":"2025-02-28T14:44:15+00:00","dateModified":"2025-02-28T14:53:50+00:00","breadcrumb":{"@id":"https:\/\/fcspartaktrnava.com\/asistent-trenera-prisztacs-derby-je-vzdy-velkou-vyzvou-a-motivaciou\/#breadcrumb"},"inLanguage":"en-GB","potentialAction":[{"@type":"ReadAction","target":["https:\/\/fcspartaktrnava.com\/asistent-trenera-prisztacs-derby-je-vzdy-velkou-vyzvou-a-motivaciou\/"]}]},{"@type":"ImageObject","inLanguage":"en-GB","@id":"https:\/\/fcspartaktrnava.com\/asistent-trenera-prisztacs-derby-je-vzdy-velkou-vyzvou-a-motivaciou\/#primaryimage","url":"https:\/\/fcspartaktrnava.com\/wp-content\/uploads\/2025\/02\/DSC_3000-Enhanced-NR-scaled.jpg","contentUrl":"https:\/\/fcspartaktrnava.com\/wp-content\/uploads\/2025\/02\/DSC_3000-Enhanced-NR-scaled.jpg","width":2560,"height":1704},{"@type":"BreadcrumbList","@id":"https:\/\/fcspartaktrnava.com\/asistent-trenera-prisztacs-derby-je-vzdy-velkou-vyzvou-a-motivaciou\/#breadcrumb","itemListElement":[{"@type":"ListItem","position":1,"name":"Home","item":"https:\/\/fcspartaktrnava.com\/"},{"@type":"ListItem","position":2,"name":"Asistent tr\u00e9nera Priszt\u00e1cs: &#8222;Derby je v\u017edy ve\u013ekou v\u00fdzvou a motiv\u00e1ciou.&#8220;"}]},{"@type":"WebSite","@id":"https:\/\/fcspartaktrnava.com\/#website","url":"https:\/\/fcspartaktrnava.com\/","name":"FC Spartak Trnava","description":"ofici\u00e1lna webstr\u00e1nka futbalov\u00e9ho klubu","publisher":{"@id":"https:\/\/fcspartaktrnava.com\/#organization"},"potentialAction":[{"@type":"SearchAction","target":{"@type":"EntryPoint","urlTemplate":"https:\/\/fcspartaktrnava.com\/?s={search_term_string}"},"query-input":{"@type":"PropertyValueSpecification","valueRequired":true,"valueName":"search_term_string"}}],"inLanguage":"en-GB"},{"@type":"Organization","@id":"https:\/\/fcspartaktrnava.com\/#organization","name":"FC Spartak Trnava","alternateName":"Spartak","url":"https:\/\/fcspartaktrnava.com\/","logo":{"@type":"ImageObject","inLanguage":"en-GB","@id":"https:\/\/fcspartaktrnava.com\/#\/schema\/logo\/image\/","url":"https:\/\/fcspartaktrnava.com\/wp-content\/uploads\/2022\/08\/cropped-site_logo.png","contentUrl":"https:\/\/fcspartaktrnava.com\/wp-content\/uploads\/2022\/08\/cropped-site_logo.png","width":140,"height":140,"caption":"FC Spartak Trnava"},"image":{"@id":"https:\/\/fcspartaktrnava.com\/#\/schema\/logo\/image\/"},"sameAs":["https:\/\/www.facebook.com\/SpartakTrnava","https:\/\/x.com\/SpartakTrnava1","https:\/\/www.instagram.com\/spartak_sk\/"]},{"@type":"Person","@id":"https:\/\/fcspartaktrnava.com\/#\/schema\/person\/62c3c2562c3c56e4c0c8c2342c596ac0","name":"Samuel \u010eurinsk\u00fd","image":{"@type":"ImageObject","inLanguage":"en-GB","@id":"https:\/\/fcspartaktrnava.com\/#\/schema\/person\/image\/","url":"https:\/\/secure.gravatar.com\/avatar\/af2fa02af92418b86ed742470664fe40056833fb68d84becf03f6ab02319257c?s=96&d=mm&r=g","contentUrl":"https:\/\/secure.gravatar.com\/avatar\/af2fa02af92418b86ed742470664fe40056833fb68d84becf03f6ab02319257c?s=96&d=mm&r=g","caption":"Samuel \u010eurinsk\u00fd"},"url":"https:\/\/fcspartaktrnava.com\/en\/author\/fcst-samuel\/"}]}},"_links":{"self":[{"href":"https:\/\/fcspartaktrnava.com\/en\/wp-json\/wp\/v2\/posts\/26256","targetHints":{"allow":["GET"]}}],"collection":[{"href":"https:\/\/fcspartaktrnava.com\/en\/wp-json\/wp\/v2\/posts"}],"about":[{"href":"https:\/\/fcspartaktrnava.com\/en\/wp-json\/wp\/v2\/types\/post"}],"author":[{"embeddable":true,"href":"https:\/\/fcspartaktrnava.com\/en\/wp-json\/wp\/v2\/users\/5"}],"replies":[{"embeddable":true,"href":"https:\/\/fcspartaktrnava.com\/en\/wp-json\/wp\/v2\/comments?post=26256"}],"version-history":[{"count":0,"href":"https:\/\/fcspartaktrnava.com\/en\/wp-json\/wp\/v2\/posts\/26256\/revisions"}],"wp:featuredmedia":[{"embeddable":true,"href":"https:\/\/fcspartaktrnava.com\/en\/wp-json\/wp\/v2\/media\/26260"}],"wp:attachment":[{"href":"https:\/\/fcspartaktrnava.com\/en\/wp-json\/wp\/v2\/media?parent=26256"}],"wp:term":[{"taxonomy":"category","embeddable":true,"href":"https:\/\/fcspartaktrnava.com\/en\/wp-json\/wp\/v2\/categories?post=26256"},{"taxonomy":"post_tag","embeddable":true,"href":"https:\/\/fcspartaktrnava.com\/en\/wp-json\/wp\/v2\/tags?post=26256"}],"curies":[{"name":"wp","href":"https:\/\/api.w.org\/{rel}","templated":true}]}}