{"id":26009,"date":"2025-02-20T17:34:50","date_gmt":"2025-02-20T15:34:50","guid":{"rendered":"https:\/\/fcspartaktrnava.com\/?p=26009"},"modified":"2025-02-20T17:34:51","modified_gmt":"2025-02-20T15:34:51","slug":"mlady-talent-spartaka-s-profesionalnou-zmluvou","status":"publish","type":"post","link":"https:\/\/fcspartaktrnava.com\/en\/mlady-talent-spartaka-s-profesionalnou-zmluvou\/","title":{"rendered":"Mlad\u00fd talent Spartaka s\u00a0profesion\u00e1lnou zmluvou"},"content":{"rendered":"<p class=\"has-text-align-center has-medium-font-size\">Postupn\u00e9 zapracov\u00e1vanie mlad\u00fdch talentov Spartaka do seniorsk\u00e9ho futbalu pokra\u010duje \u010falej. D\u00f4kazom je podpis profesion\u00e1lnej zmluvy pre <strong>Davida Pol\u0165\u00e1ka.<\/strong><\/p>\n\n\n\n<p class=\"has-text-align-center has-medium-font-size\">16-ro\u010dn\u00fd odchovanec trnavsk\u00e9ho futbalu patr\u00ed medzi l\u00eddrov dorasteneck\u00fdch kateg\u00f3ri\u00ed Spartaka a\u00a0slovenskej reprezent\u00e1cie do 17 rokov. Zahral si aj v\u00a0\u010derveno-\u010d\u00edrnom drese A-t\u00edmu po\u010das zimnej pr\u00edpravy na Spodek Cupe v\u00a0Po\u013esku alebo v\u00a0Zimnej Tipsport lige v\u00a0Senci.<\/p>\n\n\n\n<p class=\"has-text-align-center has-medium-font-size\">Najv\u00e4\u010d\u0161ou mierou sa pri\u010dinil o\u00a0\u00faspe\u0161n\u00fd \u0161tart roka 2025 pre slovensk\u00fd v\u00fdber do 17 rokov v\u00a0z\u00e1pase proti Uzbekistanu (v\u00fdhra 4:2), ke\u010f do siete s\u00fapera strelil dva g\u00f3ly. V\u00a0prvej f\u00e1ze kvalifik\u00e1cie na Majstrovstv\u00e1 Eur\u00f3py 2025 rozhodol g\u00f3lom z\u00a086. min\u00faty k\u013e\u00fa\u010dov\u00fd duel proti Cypru. Mlad\u00ed slovensk\u00ed futbalisti aj v\u010faka nemu oto\u010dili nepriazniv\u00fd priebeh z\u00e1pasu a\u00a0vyhrali 3:2.<\/p>\n\n\n\n<p class=\"has-text-align-center has-medium-font-size\"><strong>V\u00a0drese Slovenska (U17) odohral David zatia\u013e 8 z\u00e1pasov a\u00a0strelil 6 g\u00f3lov. Z\u00a0toho 4 presn\u00e9 z\u00e1sahy zaznamenal v\u00a0trojici kvalifika\u010dn\u00fdch z\u00e1pasov o\u00a0postup na ME 2025 do 17 rokov, ktor\u00e9 bude hosti\u0165 Alb\u00e1nsko.<\/strong><\/p>\n\n\n\n<hr class=\"wp-block-separator has-text-color has-vivid-red-color has-alpha-channel-opacity has-vivid-red-background-color has-background is-style-dots\"\/>\n\n\n\n<p class=\"has-text-align-center has-medium-font-size\"><\/p>\n\n\n\n<h2 class=\"wp-block-heading has-text-align-center\"><strong>Pol\u0165\u00e1k 2028<\/strong><\/h2>\n\n\n\n<p class=\"has-text-align-center has-white-color has-vivid-red-background-color has-text-color has-background has-link-color has-medium-font-size wp-elements-525a2c0b984a982691c5f43ea78d8fdd\"><strong>&#8222;Som r\u00e1d, \u017ee som dostal tak\u00fato pr\u00edle\u017eitos\u0165 a ve\u013emi si to v\u00e1\u017eim.&#8220;<\/strong><\/p>\n\n\n\n<p class=\"has-text-align-center has-medium-font-size\">T\u00fdmito slovami od\u0161tartoval David rozhovor priamo po podpise prvej profesion\u00e1lnej zmluvy, ktorej trvanie je v ml\u00e1de\u017en\u00edckom veku limitovan\u00e9 na tri roky. Pol\u0165\u00e1k m\u00e1 za sebou aj \u00faspe\u0161n\u00e9 z\u00e1pasy v slovenskej reprezent\u00e1cii do 17 rokov, ktor\u00e1 post\u00fapila do druh\u00e9ho kola kvalifik\u00e1cie o postup na ME 2025.<\/p>\n\n\n\n<p class=\"has-text-align-center has-medium-font-size\"><strong>&#8222;V poslednej dobe sa moje v\u00fdkony v reprezent\u00e1cii ve\u013emi zlep\u0161ili. Som za to ve\u013emi r\u00e1d. Ver\u00edm, \u017ee s t\u00edmom dok\u00e1\u017eeme uhra\u0165 dobr\u00e9 v\u00fdsledky a post\u00fapi\u0165 na z\u00e1vere\u010dn\u00fd turnaj Majstrovstiev Eur\u00f3py.&#8220;<\/strong><\/p>\n\n\n\n<p class=\"has-text-align-center has-medium-font-size\">David by chcel so svojou kateg\u00f3riou v Spartaku zabojova\u0165 o majstrovsk\u00fd titul a zabojova\u0165 o \u0161tarty aj v star\u0161\u00edch dorasteneck\u00fdch kateg\u00f3ri\u00e1ch. V zimnej pr\u00edprave nast\u00fapil aj v drese A-t\u00edmu Spartaka. \u010co mu tieto z\u00e1pasy uk\u00e1zali? <\/p>\n\n\n\n<p class=\"has-text-align-center has-medium-font-size\"><strong>&#8222;Uk\u00e1zali mi, \u017ee na sebe e\u0161te mus\u00edm ve\u013ea pracova\u0165. Bol to \u00faplne in\u00fd level futbalu, v\u0161etko bolo r\u00fdchlej\u0161ie a dynamickej\u0161ie. Ka\u017ed\u00fd z t\u00fdchto z\u00e1pasov a ka\u017ed\u00e1 podobn\u00e1 pr\u00edle\u017eitos\u0165 pre m\u0148a znamen\u00e1 ve\u013emi cenn\u00fa sk\u00fasenos\u0165 a ve\u013emi si to v\u00e1\u017eim.&#8220;<\/strong><\/p>\n\n\n<div class=\"wp-block-image\">\n<figure class=\"aligncenter size-large\"><img loading=\"lazy\" decoding=\"async\" width=\"1024\" height=\"681\" src=\"https:\/\/fcspartaktrnava.com\/wp-content\/uploads\/2025\/02\/DSC_1315-Enhanced-NR-1024x681.jpg\" alt=\"\" class=\"wp-image-26010\" srcset=\"https:\/\/fcspartaktrnava.com\/wp-content\/uploads\/2025\/02\/DSC_1315-Enhanced-NR-1024x681.jpg 1024w, https:\/\/fcspartaktrnava.com\/wp-content\/uploads\/2025\/02\/DSC_1315-Enhanced-NR-300x200.jpg 300w, https:\/\/fcspartaktrnava.com\/wp-content\/uploads\/2025\/02\/DSC_1315-Enhanced-NR-768x511.jpg 768w, https:\/\/fcspartaktrnava.com\/wp-content\/uploads\/2025\/02\/DSC_1315-Enhanced-NR-1536x1022.jpg 1536w, https:\/\/fcspartaktrnava.com\/wp-content\/uploads\/2025\/02\/DSC_1315-Enhanced-NR-2048x1363.jpg 2048w, https:\/\/fcspartaktrnava.com\/wp-content\/uploads\/2025\/02\/DSC_1315-Enhanced-NR-18x12.jpg 18w\" sizes=\"auto, (max-width: 1024px) 100vw, 1024px\" \/><\/figure>\n<\/div>\n\n\n<p class=\"has-text-align-center has-small-font-size\"><strong>David Pol\u0165\u00e1k po podpise profesion\u00e1lnej zmluvy s FC Spartak Trnava.<\/strong><\/p>\n\n\n\n<hr class=\"wp-block-separator has-text-color has-vivid-red-color has-alpha-channel-opacity has-vivid-red-background-color has-background is-style-dots\"\/>\n\n\n\n<p class=\"has-text-align-center has-medium-font-size\">Pri podpise zmluvy nech\u00fdbal ani prezident FC Spartak Trnava &#8211; <strong>Peter Macho<\/strong>, ktor\u00fd Davida vn\u00edma ako ve\u013emi talentovan\u00e9ho a perspekt\u00edvneho hr\u00e1\u010da.<\/p>\n\n\n\n<p class=\"has-text-align-center has-medium-font-size\"><strong>\u201eJedn\u00e1 sa o\u00a0ve\u013emi talentovan\u00e9ho futbalistu, ktor\u00fd patr\u00ed aj v\u00a0slovenskej reprezent\u00e1cii do 17 rokov medzi najlep\u0161\u00edch. Pr\u00e1ve preto ho chceme podpori\u0165 aj finan\u010dne profesion\u00e1lnou zmluvou. Vid\u00edme v\u00a0\u0148om ve\u013ek\u00fd potenci\u00e1l. P\u00e1\u010di sa mi, ako na sebe neust\u00e1le pracuje a\u00a0je vzorn\u00fdm profesion\u00e1lom. Pokia\u013e chce hra\u0165 profesion\u00e1lny futbal, nesmie po\u013eavi\u0165 v\u00a0tr\u00e9ningovom procese, pr\u00e1ve naopak. Cesta na vrchol je t\u0155nist\u00e1, ve\u013ea mlad\u00fdch hr\u00e1\u010dov sa u\u017e v\u00a0minulosti pop\u00e1lilo a\u00a0nezvl\u00e1dlo prechod z\u00a0juniorsk\u00e9ho do mu\u017esk\u00e9ho futbalu. Ver\u00edm ale, \u017ee to nebude jeho pr\u00edpad. M\u00e1 \u0161ancu sta\u0165 sa v\u00a0bud\u00facnosti s\u00fa\u010das\u0165ou A-t\u00edmu Spartaka. Je pred n\u00edm ale e\u0161te ve\u013ea tvrdej a\u00a0poctivej pr\u00e1ce. V\u00a0klube m\u00e1me stanoven\u00fd cie\u013e zapracova\u0165 \u010fal\u0161\u00edch mlad\u00fdch hr\u00e1\u010dov do seniorsk\u00e9ho t\u00edmu a\u00a0podpis Pol\u0165\u00e1ka je pokra\u010dovan\u00edm tejto na\u0161ej spolo\u010dnej cesty. Dr\u017e\u00edm Davidovi palce, aby rozv\u00edjal svoj talent a\u00a0svojimi v\u00fdkonmi reprezentoval \u010do najlep\u0161ie n\u00e1\u0161 klub a\u00a0Slovensko.\u201c<\/strong><\/p>\n\n\n<div class=\"wp-block-image\">\n<figure class=\"aligncenter size-large\"><img loading=\"lazy\" decoding=\"async\" width=\"1024\" height=\"683\" src=\"https:\/\/fcspartaktrnava.com\/wp-content\/uploads\/2025\/02\/DSC_8384-Enhanced-NR-1024x683.jpg\" alt=\"\" class=\"wp-image-26011\" srcset=\"https:\/\/fcspartaktrnava.com\/wp-content\/uploads\/2025\/02\/DSC_8384-Enhanced-NR-1024x683.jpg 1024w, https:\/\/fcspartaktrnava.com\/wp-content\/uploads\/2025\/02\/DSC_8384-Enhanced-NR-300x200.jpg 300w, https:\/\/fcspartaktrnava.com\/wp-content\/uploads\/2025\/02\/DSC_8384-Enhanced-NR-768x513.jpg 768w, https:\/\/fcspartaktrnava.com\/wp-content\/uploads\/2025\/02\/DSC_8384-Enhanced-NR-1536x1025.jpg 1536w, https:\/\/fcspartaktrnava.com\/wp-content\/uploads\/2025\/02\/DSC_8384-Enhanced-NR-2048x1367.jpg 2048w, https:\/\/fcspartaktrnava.com\/wp-content\/uploads\/2025\/02\/DSC_8384-Enhanced-NR-18x12.jpg 18w\" sizes=\"auto, (max-width: 1024px) 100vw, 1024px\" \/><\/figure>\n<\/div>\n\n\n<p class=\"has-text-align-center has-small-font-size\"><strong>David Pol\u0165\u00e1k a prezident FC Spartak Trnava Peter Macho.<\/strong><\/p>\n\n\n\n<hr class=\"wp-block-separator has-alpha-channel-opacity\"\/>\n\n\n\n<h2 class=\"wp-block-heading has-text-align-center\">Hrd\u00e1 mamina, hrd\u00e1 cel\u00e1 rodina<\/h2>\n\n\n\n<p class=\"has-text-align-center has-medium-font-size\">Cel\u00e1 Davidova rodina \u017eije futbalom a talentovan\u00fd futbalista v nej m\u00e1 maxim\u00e1lnu oporu. Mama <strong>Zuzana <\/strong>je na svojho syna ve\u013emi hrd\u00e1 a podporuje ho na futbalovej ceste.<\/p>\n\n\n\n<p class=\"has-text-align-center has-medium-font-size\"><strong>&#8222;Som na neho ve\u013emi hrd\u00e1, te\u0161\u00edme sa z neho a s n\u00edm. Od jeho 3,5 roka ho voz\u00edm na tr\u00e9ningy, tak\u017ee s n\u00edm pre\u017e\u00edvam futbalov\u00fa cestu ve\u013emi intenz\u00edvne. Za\u010dalo to ako kr\u00fa\u017eok a postupne sa pos\u00faval \u010falej za svojim snom. Posledn\u00e9 roky vn\u00edmame, \u017ee ho to bav\u00ed a \u017ee sa mu vo futbale dar\u00ed a m\u00e1me z toho ve\u013ek\u00fa rados\u0165. Je to cesta, ktor\u00fa si vybral a je ve\u013emi pekn\u00e9, ak sa tak\u00fdto sen postupne pln\u00ed. Cel\u00e1 rodina intenz\u00edvne \u017eije futbalom a chod\u00edme ho podporova\u0165 aj na dom\u00e1ce z\u00e1pasy. Ke\u010f bol mlad\u0161\u00ed, tak sme balili lego do kufra auta a cestovali aj na tie vonkaj\u0161ie z\u00e1pasy. David m\u00e1 od n\u00e1s absol\u00fatne pln\u00fa podporu.&#8220; <\/strong>prezradila Davidova hrd\u00e1 mama Zuzana. <\/p>\n\n\n<div class=\"wp-block-image\">\n<figure class=\"aligncenter size-large\"><img loading=\"lazy\" decoding=\"async\" width=\"1024\" height=\"683\" src=\"https:\/\/fcspartaktrnava.com\/wp-content\/uploads\/2025\/02\/DSC_8387-Enhanced-NR-1024x683.jpg\" alt=\"\" class=\"wp-image-26012\" srcset=\"https:\/\/fcspartaktrnava.com\/wp-content\/uploads\/2025\/02\/DSC_8387-Enhanced-NR-1024x683.jpg 1024w, https:\/\/fcspartaktrnava.com\/wp-content\/uploads\/2025\/02\/DSC_8387-Enhanced-NR-300x200.jpg 300w, https:\/\/fcspartaktrnava.com\/wp-content\/uploads\/2025\/02\/DSC_8387-Enhanced-NR-768x513.jpg 768w, https:\/\/fcspartaktrnava.com\/wp-content\/uploads\/2025\/02\/DSC_8387-Enhanced-NR-1536x1025.jpg 1536w, https:\/\/fcspartaktrnava.com\/wp-content\/uploads\/2025\/02\/DSC_8387-Enhanced-NR-2048x1367.jpg 2048w, https:\/\/fcspartaktrnava.com\/wp-content\/uploads\/2025\/02\/DSC_8387-Enhanced-NR-18x12.jpg 18w\" sizes=\"auto, (max-width: 1024px) 100vw, 1024px\" \/><\/figure>\n<\/div>\n\n\n<p class=\"has-text-align-center has-small-font-size\"><strong>David Pol\u0165\u00e1k s mamou Zuzanou. <\/strong><\/p>\n\n\n\n<hr class=\"wp-block-separator has-text-color has-vivid-red-color has-alpha-channel-opacity has-vivid-red-background-color has-background is-style-dots\"\/>\n\n\n\n<p class=\"has-text-align-center has-medium-font-size\">V Spartaku je David Pol\u0165\u00e1k od mali\u010dka a pre\u0161iel si systematick\u00fdm procesom. Viac o jeho siln\u00fdch str\u00e1nkach prezradil <strong>Adam Chorvath<\/strong>, hlavn\u00fd tr\u00e9ner kateg\u00f3rie U17 &#8211; FC Spartak Trnava.<\/p>\n\n\n\n<p class=\"has-text-align-center has-medium-font-size\"><strong>\u201eDavid m\u00e1 ve\u013emi dobr\u00e9 charakterov\u00e9 vlastnosti, pr\u00edstup na tr\u00e9ningu aj mimo neho. Je cie\u013eavedom\u00fd a&nbsp;ide si za svojim cie\u013eom sta\u0165 sa profesion\u00e1lnym futbalistom. Rob\u00ed pre to maximum. Je to hr\u00e1\u010d, ktor\u00fd dok\u00e1\u017ee hra\u0165 vo vysokej intenzite, ve\u013emi siln\u00fd v&nbsp;pressingov\u00fdch situ\u00e1ci\u00e1ch, v&nbsp;\u00fato\u010dnej f\u00e1ze m\u00e1 ve\u013emi dobre n\u00e1behy,&nbsp;dobr\u00fa hru chrbtom k&nbsp;br\u00e1ne a vysok\u00fa efektivitu zakon\u010denia. Je to \u010fal\u0161\u00ed z&nbsp;hr\u00e1\u010dov, ktor\u00fd je v klube od mali\u010dka a&nbsp;pre\u0161iel si systematick\u00fdm procesom od pr\u00edpravky a\u017e po dorast. Aktu\u00e1lne si svojimi v\u00fdkonmi vybojoval profesion\u00e1lnu zmluvu a&nbsp;ver\u00edm, \u017ee ho to bude motivova\u0165 do \u010fal\u0161ej pr\u00e1ce a&nbsp;postupne bude dost\u00e1va\u0165 pr\u00edle\u017eitosti aj v&nbsp;seniorskom futbale.\u201c<\/strong><\/p>\n\n\n\n<p><\/p>\n\n\n\n<p class=\"has-text-align-center has-large-font-size\"><strong>Dr\u017e\u00edme palce David! <\/strong><\/p>","protected":false},"excerpt":{"rendered":"<p>Postupn\u00e9 zapracov\u00e1vanie mlad\u00fdch talentov Spartaka do seniorsk\u00e9ho futbalu&#8230;<\/p>","protected":false},"author":5,"featured_media":26013,"comment_status":"closed","ping_status":"closed","sticky":false,"template":"","format":"standard","meta":{"footnotes":""},"categories":[52,12],"tags":[],"class_list":["post-26009","post","type-post","status-publish","format-standard","has-post-thumbnail","hentry","category-mladez","category-spravy","post-number-1"],"yoast_head":"<!-- This site is optimized with the Yoast SEO plugin v27.1.1 - https:\/\/yoast.com\/product\/yoast-seo-wordpress\/ -->\n<title>Mlad\u00fd talent Spartaka s\u00a0profesion\u00e1lnou zmluvou - FC Spartak Trnava<\/title>\n<meta name=\"robots\" content=\"index, follow, max-snippet:-1, max-image-preview:large, max-video-preview:-1\" \/>\n<link rel=\"canonical\" href=\"https:\/\/fcspartaktrnava.com\/en\/mlady-talent-spartaka-s-profesionalnou-zmluvou\/\" \/>\n<meta name=\"twitter:label1\" content=\"Written by\" \/>\n\t<meta name=\"twitter:data1\" content=\"Samuel \u010eurinsk\u00fd\" \/>\n\t<meta name=\"twitter:label2\" content=\"Estimated reading time\" \/>\n\t<meta name=\"twitter:data2\" content=\"6 minutes\" \/>\n<script type=\"application\/ld+json\" class=\"yoast-schema-graph\">{\"@context\":\"https:\/\/schema.org\",\"@graph\":[{\"@type\":\"Article\",\"@id\":\"https:\/\/fcspartaktrnava.com\/mlady-talent-spartaka-s-profesionalnou-zmluvou\/#article\",\"isPartOf\":{\"@id\":\"https:\/\/fcspartaktrnava.com\/mlady-talent-spartaka-s-profesionalnou-zmluvou\/\"},\"author\":{\"name\":\"Samuel \u010eurinsk\u00fd\",\"@id\":\"https:\/\/fcspartaktrnava.com\/#\/schema\/person\/62c3c2562c3c56e4c0c8c2342c596ac0\"},\"headline\":\"Mlad\u00fd talent Spartaka s\u00a0profesion\u00e1lnou zmluvou\",\"datePublished\":\"2025-02-20T15:34:50+00:00\",\"dateModified\":\"2025-02-20T15:34:51+00:00\",\"mainEntityOfPage\":{\"@id\":\"https:\/\/fcspartaktrnava.com\/mlady-talent-spartaka-s-profesionalnou-zmluvou\/\"},\"wordCount\":1018,\"publisher\":{\"@id\":\"https:\/\/fcspartaktrnava.com\/#organization\"},\"image\":{\"@id\":\"https:\/\/fcspartaktrnava.com\/mlady-talent-spartaka-s-profesionalnou-zmluvou\/#primaryimage\"},\"thumbnailUrl\":\"https:\/\/fcspartaktrnava.com\/wp-content\/uploads\/2025\/02\/DSC_8371-Enhanced-NR-scaled.jpg\",\"articleSection\":[\"Ml\u00e1de\u017e\",\"Spr\u00e1vy\"],\"inLanguage\":\"en-GB\"},{\"@type\":\"WebPage\",\"@id\":\"https:\/\/fcspartaktrnava.com\/mlady-talent-spartaka-s-profesionalnou-zmluvou\/\",\"url\":\"https:\/\/fcspartaktrnava.com\/mlady-talent-spartaka-s-profesionalnou-zmluvou\/\",\"name\":\"Mlad\u00fd talent Spartaka s\u00a0profesion\u00e1lnou zmluvou - FC Spartak Trnava\",\"isPartOf\":{\"@id\":\"https:\/\/fcspartaktrnava.com\/#website\"},\"primaryImageOfPage\":{\"@id\":\"https:\/\/fcspartaktrnava.com\/mlady-talent-spartaka-s-profesionalnou-zmluvou\/#primaryimage\"},\"image\":{\"@id\":\"https:\/\/fcspartaktrnava.com\/mlady-talent-spartaka-s-profesionalnou-zmluvou\/#primaryimage\"},\"thumbnailUrl\":\"https:\/\/fcspartaktrnava.com\/wp-content\/uploads\/2025\/02\/DSC_8371-Enhanced-NR-scaled.jpg\",\"datePublished\":\"2025-02-20T15:34:50+00:00\",\"dateModified\":\"2025-02-20T15:34:51+00:00\",\"breadcrumb\":{\"@id\":\"https:\/\/fcspartaktrnava.com\/mlady-talent-spartaka-s-profesionalnou-zmluvou\/#breadcrumb\"},\"inLanguage\":\"en-GB\",\"potentialAction\":[{\"@type\":\"ReadAction\",\"target\":[\"https:\/\/fcspartaktrnava.com\/mlady-talent-spartaka-s-profesionalnou-zmluvou\/\"]}]},{\"@type\":\"ImageObject\",\"inLanguage\":\"en-GB\",\"@id\":\"https:\/\/fcspartaktrnava.com\/mlady-talent-spartaka-s-profesionalnou-zmluvou\/#primaryimage\",\"url\":\"https:\/\/fcspartaktrnava.com\/wp-content\/uploads\/2025\/02\/DSC_8371-Enhanced-NR-scaled.jpg\",\"contentUrl\":\"https:\/\/fcspartaktrnava.com\/wp-content\/uploads\/2025\/02\/DSC_8371-Enhanced-NR-scaled.jpg\",\"width\":2560,\"height\":1709},{\"@type\":\"BreadcrumbList\",\"@id\":\"https:\/\/fcspartaktrnava.com\/mlady-talent-spartaka-s-profesionalnou-zmluvou\/#breadcrumb\",\"itemListElement\":[{\"@type\":\"ListItem\",\"position\":1,\"name\":\"Home\",\"item\":\"https:\/\/fcspartaktrnava.com\/\"},{\"@type\":\"ListItem\",\"position\":2,\"name\":\"Mlad\u00fd talent Spartaka s\u00a0profesion\u00e1lnou zmluvou\"}]},{\"@type\":\"WebSite\",\"@id\":\"https:\/\/fcspartaktrnava.com\/#website\",\"url\":\"https:\/\/fcspartaktrnava.com\/\",\"name\":\"FC Spartak Trnava\",\"description\":\"ofici\u00e1lna webstr\u00e1nka futbalov\u00e9ho klubu\",\"publisher\":{\"@id\":\"https:\/\/fcspartaktrnava.com\/#organization\"},\"potentialAction\":[{\"@type\":\"SearchAction\",\"target\":{\"@type\":\"EntryPoint\",\"urlTemplate\":\"https:\/\/fcspartaktrnava.com\/?s={search_term_string}\"},\"query-input\":{\"@type\":\"PropertyValueSpecification\",\"valueRequired\":true,\"valueName\":\"search_term_string\"}}],\"inLanguage\":\"en-GB\"},{\"@type\":\"Organization\",\"@id\":\"https:\/\/fcspartaktrnava.com\/#organization\",\"name\":\"FC Spartak Trnava\",\"alternateName\":\"Spartak\",\"url\":\"https:\/\/fcspartaktrnava.com\/\",\"logo\":{\"@type\":\"ImageObject\",\"inLanguage\":\"en-GB\",\"@id\":\"https:\/\/fcspartaktrnava.com\/#\/schema\/logo\/image\/\",\"url\":\"https:\/\/fcspartaktrnava.com\/wp-content\/uploads\/2022\/08\/cropped-site_logo.png\",\"contentUrl\":\"https:\/\/fcspartaktrnava.com\/wp-content\/uploads\/2022\/08\/cropped-site_logo.png\",\"width\":140,\"height\":140,\"caption\":\"FC Spartak Trnava\"},\"image\":{\"@id\":\"https:\/\/fcspartaktrnava.com\/#\/schema\/logo\/image\/\"},\"sameAs\":[\"https:\/\/www.facebook.com\/SpartakTrnava\",\"https:\/\/x.com\/SpartakTrnava1\",\"https:\/\/www.instagram.com\/spartak_sk\/\"]},{\"@type\":\"Person\",\"@id\":\"https:\/\/fcspartaktrnava.com\/#\/schema\/person\/62c3c2562c3c56e4c0c8c2342c596ac0\",\"name\":\"Samuel \u010eurinsk\u00fd\",\"image\":{\"@type\":\"ImageObject\",\"inLanguage\":\"en-GB\",\"@id\":\"https:\/\/fcspartaktrnava.com\/#\/schema\/person\/image\/\",\"url\":\"https:\/\/secure.gravatar.com\/avatar\/af2fa02af92418b86ed742470664fe40056833fb68d84becf03f6ab02319257c?s=96&d=mm&r=g\",\"contentUrl\":\"https:\/\/secure.gravatar.com\/avatar\/af2fa02af92418b86ed742470664fe40056833fb68d84becf03f6ab02319257c?s=96&d=mm&r=g\",\"caption\":\"Samuel \u010eurinsk\u00fd\"},\"url\":\"https:\/\/fcspartaktrnava.com\/en\/author\/fcst-samuel\/\"}]}<\/script>\n<!-- \/ Yoast SEO plugin. -->","yoast_head_json":{"title":"Mlad\u00fd talent Spartaka s\u00a0profesion\u00e1lnou zmluvou - FC Spartak Trnava","robots":{"index":"index","follow":"follow","max-snippet":"max-snippet:-1","max-image-preview":"max-image-preview:large","max-video-preview":"max-video-preview:-1"},"canonical":"https:\/\/fcspartaktrnava.com\/en\/mlady-talent-spartaka-s-profesionalnou-zmluvou\/","twitter_misc":{"Written by":"Samuel \u010eurinsk\u00fd","Estimated reading time":"6 minutes"},"schema":{"@context":"https:\/\/schema.org","@graph":[{"@type":"Article","@id":"https:\/\/fcspartaktrnava.com\/mlady-talent-spartaka-s-profesionalnou-zmluvou\/#article","isPartOf":{"@id":"https:\/\/fcspartaktrnava.com\/mlady-talent-spartaka-s-profesionalnou-zmluvou\/"},"author":{"name":"Samuel \u010eurinsk\u00fd","@id":"https:\/\/fcspartaktrnava.com\/#\/schema\/person\/62c3c2562c3c56e4c0c8c2342c596ac0"},"headline":"Mlad\u00fd talent Spartaka s\u00a0profesion\u00e1lnou zmluvou","datePublished":"2025-02-20T15:34:50+00:00","dateModified":"2025-02-20T15:34:51+00:00","mainEntityOfPage":{"@id":"https:\/\/fcspartaktrnava.com\/mlady-talent-spartaka-s-profesionalnou-zmluvou\/"},"wordCount":1018,"publisher":{"@id":"https:\/\/fcspartaktrnava.com\/#organization"},"image":{"@id":"https:\/\/fcspartaktrnava.com\/mlady-talent-spartaka-s-profesionalnou-zmluvou\/#primaryimage"},"thumbnailUrl":"https:\/\/fcspartaktrnava.com\/wp-content\/uploads\/2025\/02\/DSC_8371-Enhanced-NR-scaled.jpg","articleSection":["Ml\u00e1de\u017e","Spr\u00e1vy"],"inLanguage":"en-GB"},{"@type":"WebPage","@id":"https:\/\/fcspartaktrnava.com\/mlady-talent-spartaka-s-profesionalnou-zmluvou\/","url":"https:\/\/fcspartaktrnava.com\/mlady-talent-spartaka-s-profesionalnou-zmluvou\/","name":"Mlad\u00fd talent Spartaka s\u00a0profesion\u00e1lnou zmluvou - FC Spartak Trnava","isPartOf":{"@id":"https:\/\/fcspartaktrnava.com\/#website"},"primaryImageOfPage":{"@id":"https:\/\/fcspartaktrnava.com\/mlady-talent-spartaka-s-profesionalnou-zmluvou\/#primaryimage"},"image":{"@id":"https:\/\/fcspartaktrnava.com\/mlady-talent-spartaka-s-profesionalnou-zmluvou\/#primaryimage"},"thumbnailUrl":"https:\/\/fcspartaktrnava.com\/wp-content\/uploads\/2025\/02\/DSC_8371-Enhanced-NR-scaled.jpg","datePublished":"2025-02-20T15:34:50+00:00","dateModified":"2025-02-20T15:34:51+00:00","breadcrumb":{"@id":"https:\/\/fcspartaktrnava.com\/mlady-talent-spartaka-s-profesionalnou-zmluvou\/#breadcrumb"},"inLanguage":"en-GB","potentialAction":[{"@type":"ReadAction","target":["https:\/\/fcspartaktrnava.com\/mlady-talent-spartaka-s-profesionalnou-zmluvou\/"]}]},{"@type":"ImageObject","inLanguage":"en-GB","@id":"https:\/\/fcspartaktrnava.com\/mlady-talent-spartaka-s-profesionalnou-zmluvou\/#primaryimage","url":"https:\/\/fcspartaktrnava.com\/wp-content\/uploads\/2025\/02\/DSC_8371-Enhanced-NR-scaled.jpg","contentUrl":"https:\/\/fcspartaktrnava.com\/wp-content\/uploads\/2025\/02\/DSC_8371-Enhanced-NR-scaled.jpg","width":2560,"height":1709},{"@type":"BreadcrumbList","@id":"https:\/\/fcspartaktrnava.com\/mlady-talent-spartaka-s-profesionalnou-zmluvou\/#breadcrumb","itemListElement":[{"@type":"ListItem","position":1,"name":"Home","item":"https:\/\/fcspartaktrnava.com\/"},{"@type":"ListItem","position":2,"name":"Mlad\u00fd talent Spartaka s\u00a0profesion\u00e1lnou zmluvou"}]},{"@type":"WebSite","@id":"https:\/\/fcspartaktrnava.com\/#website","url":"https:\/\/fcspartaktrnava.com\/","name":"FC Spartak Trnava","description":"ofici\u00e1lna webstr\u00e1nka futbalov\u00e9ho klubu","publisher":{"@id":"https:\/\/fcspartaktrnava.com\/#organization"},"potentialAction":[{"@type":"SearchAction","target":{"@type":"EntryPoint","urlTemplate":"https:\/\/fcspartaktrnava.com\/?s={search_term_string}"},"query-input":{"@type":"PropertyValueSpecification","valueRequired":true,"valueName":"search_term_string"}}],"inLanguage":"en-GB"},{"@type":"Organization","@id":"https:\/\/fcspartaktrnava.com\/#organization","name":"FC Spartak Trnava","alternateName":"Spartak","url":"https:\/\/fcspartaktrnava.com\/","logo":{"@type":"ImageObject","inLanguage":"en-GB","@id":"https:\/\/fcspartaktrnava.com\/#\/schema\/logo\/image\/","url":"https:\/\/fcspartaktrnava.com\/wp-content\/uploads\/2022\/08\/cropped-site_logo.png","contentUrl":"https:\/\/fcspartaktrnava.com\/wp-content\/uploads\/2022\/08\/cropped-site_logo.png","width":140,"height":140,"caption":"FC Spartak Trnava"},"image":{"@id":"https:\/\/fcspartaktrnava.com\/#\/schema\/logo\/image\/"},"sameAs":["https:\/\/www.facebook.com\/SpartakTrnava","https:\/\/x.com\/SpartakTrnava1","https:\/\/www.instagram.com\/spartak_sk\/"]},{"@type":"Person","@id":"https:\/\/fcspartaktrnava.com\/#\/schema\/person\/62c3c2562c3c56e4c0c8c2342c596ac0","name":"Samuel \u010eurinsk\u00fd","image":{"@type":"ImageObject","inLanguage":"en-GB","@id":"https:\/\/fcspartaktrnava.com\/#\/schema\/person\/image\/","url":"https:\/\/secure.gravatar.com\/avatar\/af2fa02af92418b86ed742470664fe40056833fb68d84becf03f6ab02319257c?s=96&d=mm&r=g","contentUrl":"https:\/\/secure.gravatar.com\/avatar\/af2fa02af92418b86ed742470664fe40056833fb68d84becf03f6ab02319257c?s=96&d=mm&r=g","caption":"Samuel \u010eurinsk\u00fd"},"url":"https:\/\/fcspartaktrnava.com\/en\/author\/fcst-samuel\/"}]}},"_links":{"self":[{"href":"https:\/\/fcspartaktrnava.com\/en\/wp-json\/wp\/v2\/posts\/26009","targetHints":{"allow":["GET"]}}],"collection":[{"href":"https:\/\/fcspartaktrnava.com\/en\/wp-json\/wp\/v2\/posts"}],"about":[{"href":"https:\/\/fcspartaktrnava.com\/en\/wp-json\/wp\/v2\/types\/post"}],"author":[{"embeddable":true,"href":"https:\/\/fcspartaktrnava.com\/en\/wp-json\/wp\/v2\/users\/5"}],"replies":[{"embeddable":true,"href":"https:\/\/fcspartaktrnava.com\/en\/wp-json\/wp\/v2\/comments?post=26009"}],"version-history":[{"count":0,"href":"https:\/\/fcspartaktrnava.com\/en\/wp-json\/wp\/v2\/posts\/26009\/revisions"}],"wp:featuredmedia":[{"embeddable":true,"href":"https:\/\/fcspartaktrnava.com\/en\/wp-json\/wp\/v2\/media\/26013"}],"wp:attachment":[{"href":"https:\/\/fcspartaktrnava.com\/en\/wp-json\/wp\/v2\/media?parent=26009"}],"wp:term":[{"taxonomy":"category","embeddable":true,"href":"https:\/\/fcspartaktrnava.com\/en\/wp-json\/wp\/v2\/categories?post=26009"},{"taxonomy":"post_tag","embeddable":true,"href":"https:\/\/fcspartaktrnava.com\/en\/wp-json\/wp\/v2\/tags?post=26009"}],"curies":[{"name":"wp","href":"https:\/\/api.w.org\/{rel}","templated":true}]}}