{"id":25992,"date":"2025-02-17T15:34:55","date_gmt":"2025-02-17T13:34:55","guid":{"rendered":"https:\/\/fcspartaktrnava.com\/?p=25992"},"modified":"2025-02-17T16:01:11","modified_gmt":"2025-02-17T14:01:11","slug":"zolik-z-lavicky-paur-remiza-mrzi-ale-mame-na-com-stavat","status":"publish","type":"post","link":"https:\/\/fcspartaktrnava.com\/en\/zolik-z-lavicky-paur-remiza-mrzi-ale-mame-na-com-stavat\/","title":{"rendered":"\u017dol\u00edk z lavi\u010dky Paur: &#8222;Rem\u00edza mrz\u00ed, ale m\u00e1me na \u010dom stava\u0165.&#8220;"},"content":{"rendered":"<p class=\"has-text-align-center has-medium-font-size\">V 69. min\u00fate vystriedal Azanga a po troch min\u00fatach na ihrisku rozvlnil sie\u0165 za chrbtom brank\u00e1ra DAC. Srdciar, ktor\u00e9ho rem\u00edza v \u0161l\u00e1gri kola mrzela a em\u00f3cie sklamania neskr\u00fdval ani v poz\u00e1pasovom rozhovore. Re\u010d je o Jakubovi Paurovi, ktor\u00fd v 73. min\u00fate vyu\u017eil nacvi\u010den\u00fa sch\u00e9mu v \u00fatoku a po narazen\u00ed lopty s Michalom \u010euri\u0161om, strelil kr\u00e1sny g\u00f3l. <\/p>\n\n\n\n<p class=\"has-text-align-center has-medium-font-size\"><strong>Pozrie\u0165 si ho m\u00f4\u017eete aj v na\u0161ich zostrihoch na YouTube.<\/strong><\/p>\n\n\n\n<figure class=\"wp-block-embed is-type-video is-provider-youtube wp-block-embed-youtube wp-embed-aspect-16-9 wp-has-aspect-ratio\"><div class=\"wp-block-embed__wrapper\">\n<iframe loading=\"lazy\" title=\"HIGHLIGHTS | FC Spartak Trnava 1:1 DAC 1904 Dunajsk\u00e1 Streda (0:0)\" width=\"500\" height=\"281\" src=\"https:\/\/www.youtube.com\/embed\/MA-kjycARGE?feature=oembed&#038;enablejsapi=1&#038;origin=https:\/\/fcspartaktrnava.com\" frameborder=\"0\" allow=\"accelerometer; autoplay; clipboard-write; encrypted-media; gyroscope; picture-in-picture; web-share\" referrerpolicy=\"strict-origin-when-cross-origin\" allowfullscreen><\/iframe>\n<\/div><\/figure>\n\n\n\n<hr class=\"wp-block-separator has-text-color has-vivid-red-color has-alpha-channel-opacity has-vivid-red-background-color has-background is-style-dots\"\/>\n\n\n\n<p class=\"has-text-align-center has-black-color has-luminous-vivid-amber-background-color has-text-color has-background has-link-color has-medium-font-size wp-elements-557a5096f07ae68bb3fd04ae90b4dcf5\"><strong>\u010eal\u0161\u00ed dom\u00e1ci z\u00e1pas. Nede\u013ea od 15:30 vs Podbrezov\u00e1. <\/strong><\/p>\n\n\n\n<p class=\"has-text-align-center has-luminous-vivid-amber-background-color has-background has-medium-font-size\"><a href=\"https:\/\/predpredaj.zoznam.sk\/sk\/listky\/fc-spartak-trnava-fk-zeleziarne-podbrezova-2025-02-23\/\"><strong>VSTUPENKY NA PREDPREDAJ.SK.<\/strong><\/a><\/p>\n\n\n\n<hr class=\"wp-block-separator has-text-color has-vivid-red-color has-alpha-channel-opacity has-vivid-red-background-color has-background is-style-dots\"\/>\n\n\n\n<p class=\"has-text-align-center has-medium-font-size\"><strong>\u0160koda.<\/strong> Slovo, ktor\u00e9 viacn\u00e1sobne zaznelo z \u00fast jedn\u00e9ho z na\u0161ich najsk\u00fasenej\u0161\u00edch hr\u00e1\u010dov, Jakuba Paura, pri rozhovore v mixz\u00f3ne. <\/p>\n\n\n\n<p class=\"has-text-align-center has-medium-font-size\">Po vla\u017enej\u0161om prvom pol\u010dase, priniesol z\u00e1pas proti DAC em\u00f3cie a najzauj\u00edmavej\u0161ie momenty v pol\u010dase \u010d\u00edslo dva. Nevyu\u017eit\u00e9 pokutov\u00e9 kopy na oboch stran\u00e1ch, kr\u00e1sny g\u00f3l od \u017eol\u00edka z lavi\u010dky <strong>Jakuba Paura<\/strong> a vyrovnanie Dunajskej v z\u00e1vere duelu.<\/p>\n\n\n\n<p class=\"has-text-align-center has-medium-font-size\"><strong>&#8222;Je to \u0161koda. Rem\u00edza je mo\u017eno zasl\u00fa\u017een\u00e1 ale mrz\u00ed to. Pr\u00eds\u0165 o tak\u00fdto z\u00e1pas, v mrazivom po\u010das\u00ed a v takej dobrej atmosf\u00e9re, zamrz\u00ed. Doma chceme zbiera\u0165 pln\u00fd po\u010det bodov a to sa n\u00e1m nepodarilo. Nie je to a\u017e tak\u00e1 trag\u00e9dia, ale je to naozaj \u0161koda. Pred vstupom na ihrisko som sa c\u00edtil dobre. Cel\u00fd de\u0148 som mal pocit, \u017ee by to mohlo pr\u00eds\u0165.&#8220;<\/strong><\/p>\n\n\n\n<p class=\"has-text-align-center has-medium-font-size\">Pri g\u00f3lovej akcii si loptu narazil s \u010euri\u0161om a i\u0161lo o natr\u00e9novan\u00fa situ\u00e1ciu. <\/p>\n\n\n\n<p class=\"has-text-align-center has-medium-font-size\"><strong>&#8222;Podobn\u00e9 situ\u00e1cie rob\u00edme na tr\u00e9ningu, ke\u010f sa prihr\u00e1vka opiera o hrotov\u00e9ho \u00fato\u010dn\u00edka. Vedel som, \u017ee tam Mi\u0161o bude, videl som ho a vedel som, \u017ee mi prihr\u00e1vku vr\u00e1ti. D\u00e1 sa tak poveda\u0165, \u017ee to bolo napl\u00e1novan\u00e9.&#8220;<\/strong><\/p>\n\n\n\n<hr class=\"wp-block-separator has-text-color has-vivid-red-color has-alpha-channel-opacity has-vivid-red-background-color has-background is-style-dots\"\/>\n\n\n\n<p class=\"has-text-align-center has-black-color has-white-background-color has-text-color has-background has-link-color has-medium-font-size wp-elements-0dc32242678c17de3d6ad42d5121a4d8\"><strong>Jakub Paur po z\u00e1pase proti DAC.<\/strong><\/p>\n\n\n\n<figure class=\"wp-block-embed is-type-video is-provider-youtube wp-block-embed-youtube wp-embed-aspect-16-9 wp-has-aspect-ratio\"><div class=\"wp-block-embed__wrapper\">\n<iframe loading=\"lazy\" title=\"Jakub Paur po rem\u00edze s DAC\" width=\"500\" height=\"281\" src=\"https:\/\/www.youtube.com\/embed\/fByRn9ZWzk8?start=31&#038;feature=oembed&#038;enablejsapi=1&#038;origin=https:\/\/fcspartaktrnava.com\" frameborder=\"0\" allow=\"accelerometer; autoplay; clipboard-write; encrypted-media; gyroscope; picture-in-picture; web-share\" referrerpolicy=\"strict-origin-when-cross-origin\" allowfullscreen><\/iframe>\n<\/div><\/figure>\n\n\n\n<hr class=\"wp-block-separator has-alpha-channel-opacity\"\/>\n\n\n\n<h2 class=\"wp-block-heading has-text-align-center\">Frelih: &#8222;Z\u00e1pas sme mali pod kontrolou, a\u017e na posledn\u00fa situ\u00e1ciu, po ktorej sme inkasovali.&#8220;<\/h2>\n\n\n\n<p class=\"has-text-align-center has-medium-font-size\">Pri pokutovom kope DAC v 52. min\u00fate vytiahol perfektn\u00fd z\u00e1krok. T\u00edm podr\u017eal aj pri viacer\u00fdch nebezpe\u010dn\u00fdch situ\u00e1ci\u00e1ch. Jednu z posledn\u00fdch akci\u00ed host\u00ed sme si nedok\u00e1zali postr\u00e1\u017ei\u0165 a s\u00faper sled viacer\u00fdch ch\u00fdb potrestal vyrovn\u00e1vaj\u00facim g\u00f3lom. Brank\u00e1r <strong>\u017diga Frelih <\/strong>rovnako neskr\u00fdval po z\u00e1pase mierne sklamanie.<\/p>\n\n\n\n<p class=\"has-text-align-center has-medium-font-size\"><strong>&#8222;Chceli sme vyhra\u0165. Atmosf\u00e9ra bola perfektn\u00e1. Z\u00e1pas sme mali pod kontrolou, a\u017e do tejto poslednej situ\u00e1cie. Pod\u013ea m\u0148a rem\u00edza bola spravodliv\u00e1 pre oba t\u00edmy. Mysl\u00edm si, \u017ee vieme urobi\u0165 viac, mali sme energiu, bojovali sme. Chceli sme vyhra\u0165, ale bohu\u017eia\u013e v poslednej situ\u00e1cii sme urobili chybu. Bol to tak\u00fd polo-proti\u00fatok. Videl som, \u017ee \u0160tetina na loptu nedosiahne. Chcel som hr\u00e1\u010dovi zmen\u0161i\u0165 uhol. Do poslednej chv\u00edle som myslel, \u017ee bude prv\u00fd na lopte, tak\u017ee som chcel len zablokova\u0165 loptu. Ale ako som videl na videu, bolo by lep\u0161ie, ak by som nevybiehal, preto\u017ee tam bol aj Marek Ujlaky. Bola to chaotick\u00e1 situ\u00e1cia, ktor\u00fa mus\u00edm vyrie\u0161i\u0165 lep\u0161ie. Nakoniec n\u00e1s to st\u00e1lo tri body.&#8220;<\/strong><\/p>\n\n\n<div class=\"wp-block-image\">\n<figure class=\"aligncenter size-large\"><img loading=\"lazy\" decoding=\"async\" width=\"1024\" height=\"682\" src=\"https:\/\/fcspartaktrnava.com\/wp-content\/uploads\/2025\/02\/DSC_3622-1024x682.jpg\" alt=\"\" class=\"wp-image-25960\" srcset=\"https:\/\/fcspartaktrnava.com\/wp-content\/uploads\/2025\/02\/DSC_3622-1024x682.jpg 1024w, https:\/\/fcspartaktrnava.com\/wp-content\/uploads\/2025\/02\/DSC_3622-300x200.jpg 300w, https:\/\/fcspartaktrnava.com\/wp-content\/uploads\/2025\/02\/DSC_3622-768x512.jpg 768w, https:\/\/fcspartaktrnava.com\/wp-content\/uploads\/2025\/02\/DSC_3622-18x12.jpg 18w, https:\/\/fcspartaktrnava.com\/wp-content\/uploads\/2025\/02\/DSC_3622.jpg 1520w\" sizes=\"auto, (max-width: 1024px) 100vw, 1024px\" \/><\/figure>\n<\/div>\n\n\n<p class=\"has-text-align-center has-small-font-size\">\u017diga Frelih zne\u0161kodnil penaltu Andzouanu. <\/p>\n\n\n\n<hr class=\"wp-block-separator has-text-color has-vivid-red-color has-alpha-channel-opacity has-vivid-red-background-color has-background is-style-dots\"\/>\n\n\n\n<p class=\"has-text-align-center has-medium-font-size\"><strong>Pozer\u00e1me dopredu. Pozer\u00e1me pred seba. U\u017e v nede\u013eu n\u00e1s \u010dak\u00e1 \u010fal\u0161\u00ed dom\u00e1ci z\u00e1pas. Na \u0160tadi\u00f3ne Antona Malatinsk\u00e9ho priv\u00edtame Podbrezov\u00fa. Ideme spolo\u010dne \u010falej<\/strong> v \u010fal\u0161\u00edch d\u00f4le\u017eit\u00fdch s\u00fabojoch o top prie\u010dky Nik\u00e9 ligy. Z\u00e1kladn\u00fa \u010das\u0165 uzavrieme na p\u00f4de l\u00eddra s\u00fa\u0165a\u017ee zo Slovana v Bratislave 1. marca. <\/p>\n\n\n\n<p class=\"has-text-align-center has-white-color has-vivid-red-background-color has-text-color has-background has-link-color has-medium-font-size wp-elements-e5ad0a48ea289b1883b247742e024f36\"><strong>&#8222;Je na n\u00e1s, pripravi\u0165 sa na \u010fal\u0161\u00ed z\u00e1pas a vyhra\u0165 \u010fal\u0161\u00ed z\u00e1pas. Ideme z\u00e1pas po z\u00e1pase a body sa bud\u00fa zr\u00e1tava\u0165 na konci. Chcem bojova\u0165 o titul, nie o tretie alebo \u0161tvrt\u00e9 miesto.&#8220; <\/strong>uzavrel odhodlane a odv\u00e1\u017ene brank\u00e1r \u017diga Frelih. <\/p>\n\n\n\n<p><\/p>\n\n\n\n<figure class=\"wp-block-embed is-type-video is-provider-youtube wp-block-embed-youtube wp-embed-aspect-16-9 wp-has-aspect-ratio\"><div class=\"wp-block-embed__wrapper\">\n<iframe loading=\"lazy\" title=\"\u017diga Frelih po z\u00e1pase s DAC\" width=\"500\" height=\"281\" src=\"https:\/\/www.youtube.com\/embed\/kVl_URyBE9k?feature=oembed&#038;enablejsapi=1&#038;origin=https:\/\/fcspartaktrnava.com\" frameborder=\"0\" allow=\"accelerometer; autoplay; clipboard-write; encrypted-media; gyroscope; picture-in-picture; web-share\" referrerpolicy=\"strict-origin-when-cross-origin\" allowfullscreen><\/iframe>\n<\/div><\/figure>\n\n\n\n<hr class=\"wp-block-separator has-alpha-channel-opacity\"\/>\n\n\n\n<p class=\"has-text-align-center has-white-color has-vivid-red-background-color has-text-color has-background has-link-color has-medium-font-size wp-elements-0133b15a7fd6c6e929570780c088c96e\"><strong>SPARTAK HR\u00c1 DOMA!<\/strong> <strong>Pri\u010f na \u0160tadi\u00f3n Antona Malatinsk\u00e9ho!<\/strong><\/p>\n\n\n\n<p class=\"has-text-align-center has-black-color has-luminous-vivid-amber-background-color has-text-color has-background has-link-color has-medium-font-size wp-elements-a4dda952ab44a1538fedb20c8d830c5a\"><strong><a href=\"https:\/\/predpredaj.zoznam.sk\/sk\/listky\/fc-spartak-trnava-fk-zeleziarne-podbrezova-2025-02-23\/\">VSTUPENKY NA DOM\u00c1CI Z\u00c1PAS PROTI PODBREZOVEJ.<\/a><\/strong><\/p>\n\n\n\n<hr class=\"wp-block-separator has-alpha-channel-opacity\"\/>\n\n\n\n<p class=\"has-text-align-center has-medium-font-size\"><strong>Pozrite si aj poz\u00e1pasov\u00fa tla\u010dov\u00fa konferenciu s oboma tr\u00e9nermi. <\/strong><\/p>\n\n\n\n<figure class=\"wp-block-embed aligncenter is-type-video is-provider-youtube wp-block-embed-youtube wp-embed-aspect-16-9 wp-has-aspect-ratio\"><div class=\"wp-block-embed__wrapper\">\n<iframe loading=\"lazy\" title=\"Tla\u010dov\u00e1 konferencia | Branislav Fodrek a Michal Ga\u0161par\u00edk po z\u00e1pase 20. kola Nik\u00e9 ligy\" width=\"500\" height=\"281\" src=\"https:\/\/www.youtube.com\/embed\/fVmO1oWX0MU?start=886&#038;feature=oembed&#038;enablejsapi=1&#038;origin=https:\/\/fcspartaktrnava.com\" frameborder=\"0\" allow=\"accelerometer; autoplay; clipboard-write; encrypted-media; gyroscope; picture-in-picture; web-share\" referrerpolicy=\"strict-origin-when-cross-origin\" allowfullscreen><\/iframe>\n<\/div><\/figure>\n\n\n\n<hr class=\"wp-block-separator has-alpha-channel-opacity\"\/>\n\n\n\n<div class=\"wp-block-cover is-light\"><span aria-hidden=\"true\" class=\"wp-block-cover__background has-background-dim\" style=\"background-color:#89865e\"><\/span><img loading=\"lazy\" decoding=\"async\" width=\"1520\" height=\"1013\" class=\"wp-block-cover__image-background wp-image-25975\" alt=\"\" src=\"https:\/\/fcspartaktrnava.com\/wp-content\/uploads\/2025\/02\/DSC_3801.jpg\" data-object-fit=\"cover\" srcset=\"https:\/\/fcspartaktrnava.com\/wp-content\/uploads\/2025\/02\/DSC_3801.jpg 1520w, https:\/\/fcspartaktrnava.com\/wp-content\/uploads\/2025\/02\/DSC_3801-300x200.jpg 300w, https:\/\/fcspartaktrnava.com\/wp-content\/uploads\/2025\/02\/DSC_3801-1024x682.jpg 1024w, https:\/\/fcspartaktrnava.com\/wp-content\/uploads\/2025\/02\/DSC_3801-768x512.jpg 768w, https:\/\/fcspartaktrnava.com\/wp-content\/uploads\/2025\/02\/DSC_3801-18x12.jpg 18w\" sizes=\"auto, (max-width: 1520px) 100vw, 1520px\" \/><div class=\"wp-block-cover__inner-container is-layout-constrained wp-block-cover-is-layout-constrained\">\n<p class=\"has-text-align-center has-black-color has-white-background-color has-text-color has-background has-link-color has-medium-font-size wp-elements-2a905e9ee4b9f2accff8a4e17a86c5e3\"><strong><a href=\"https:\/\/www.flickr.com\/photos\/202208455@N08\/albums\/72177720323864925\">GAL\u00c9RIA ZO Z\u00c1PASU SPARTAK VS DAC<\/a><\/strong><\/p>\n<\/div><\/div>","protected":false},"excerpt":{"rendered":"<p>V 69. min\u00fate vystriedal Azanga a po troch&#8230;<\/p>","protected":false},"author":5,"featured_media":25993,"comment_status":"closed","ping_status":"closed","sticky":false,"template":"","format":"standard","meta":{"footnotes":""},"categories":[41,12,20],"tags":[],"class_list":["post-25992","post","type-post","status-publish","format-standard","has-post-thumbnail","hentry","category-intervju","category-spravy","category-zapas","post-number-1"],"yoast_head":"<!-- This site is optimized with the Yoast SEO plugin v27.1.1 - https:\/\/yoast.com\/product\/yoast-seo-wordpress\/ -->\n<title>\u017dol\u00edk z lavi\u010dky Paur: &quot;Rem\u00edza mrz\u00ed, ale m\u00e1me na \u010dom stava\u0165.&quot; - FC Spartak Trnava<\/title>\n<meta name=\"robots\" content=\"index, follow, max-snippet:-1, max-image-preview:large, max-video-preview:-1\" \/>\n<link rel=\"canonical\" href=\"https:\/\/fcspartaktrnava.com\/en\/zolik-z-lavicky-paur-remiza-mrzi-ale-mame-na-com-stavat\/\" \/>\n<meta name=\"twitter:label1\" content=\"Written by\" \/>\n\t<meta name=\"twitter:data1\" content=\"Samuel \u010eurinsk\u00fd\" \/>\n\t<meta name=\"twitter:label2\" content=\"Estimated reading time\" \/>\n\t<meta name=\"twitter:data2\" content=\"4 minutes\" \/>\n<script type=\"application\/ld+json\" class=\"yoast-schema-graph\">{\"@context\":\"https:\/\/schema.org\",\"@graph\":[{\"@type\":\"Article\",\"@id\":\"https:\/\/fcspartaktrnava.com\/zolik-z-lavicky-paur-remiza-mrzi-ale-mame-na-com-stavat\/#article\",\"isPartOf\":{\"@id\":\"https:\/\/fcspartaktrnava.com\/zolik-z-lavicky-paur-remiza-mrzi-ale-mame-na-com-stavat\/\"},\"author\":{\"name\":\"Samuel \u010eurinsk\u00fd\",\"@id\":\"https:\/\/fcspartaktrnava.com\/#\/schema\/person\/62c3c2562c3c56e4c0c8c2342c596ac0\"},\"headline\":\"\u017dol\u00edk z lavi\u010dky Paur: &#8222;Rem\u00edza mrz\u00ed, ale m\u00e1me na \u010dom stava\u0165.&#8220;\",\"datePublished\":\"2025-02-17T13:34:55+00:00\",\"dateModified\":\"2025-02-17T14:01:11+00:00\",\"mainEntityOfPage\":{\"@id\":\"https:\/\/fcspartaktrnava.com\/zolik-z-lavicky-paur-remiza-mrzi-ale-mame-na-com-stavat\/\"},\"wordCount\":743,\"publisher\":{\"@id\":\"https:\/\/fcspartaktrnava.com\/#organization\"},\"image\":{\"@id\":\"https:\/\/fcspartaktrnava.com\/zolik-z-lavicky-paur-remiza-mrzi-ale-mame-na-com-stavat\/#primaryimage\"},\"thumbnailUrl\":\"https:\/\/fcspartaktrnava.com\/wp-content\/uploads\/2025\/02\/54333249714_85a57e338c_k.jpg\",\"articleSection\":[\"Rozhovory\",\"Spr\u00e1vy\",\"Z\u00e1pas\"],\"inLanguage\":\"en-GB\"},{\"@type\":\"WebPage\",\"@id\":\"https:\/\/fcspartaktrnava.com\/zolik-z-lavicky-paur-remiza-mrzi-ale-mame-na-com-stavat\/\",\"url\":\"https:\/\/fcspartaktrnava.com\/zolik-z-lavicky-paur-remiza-mrzi-ale-mame-na-com-stavat\/\",\"name\":\"\u017dol\u00edk z lavi\u010dky Paur: \\\"Rem\u00edza mrz\u00ed, ale m\u00e1me na \u010dom stava\u0165.\\\" - FC Spartak Trnava\",\"isPartOf\":{\"@id\":\"https:\/\/fcspartaktrnava.com\/#website\"},\"primaryImageOfPage\":{\"@id\":\"https:\/\/fcspartaktrnava.com\/zolik-z-lavicky-paur-remiza-mrzi-ale-mame-na-com-stavat\/#primaryimage\"},\"image\":{\"@id\":\"https:\/\/fcspartaktrnava.com\/zolik-z-lavicky-paur-remiza-mrzi-ale-mame-na-com-stavat\/#primaryimage\"},\"thumbnailUrl\":\"https:\/\/fcspartaktrnava.com\/wp-content\/uploads\/2025\/02\/54333249714_85a57e338c_k.jpg\",\"datePublished\":\"2025-02-17T13:34:55+00:00\",\"dateModified\":\"2025-02-17T14:01:11+00:00\",\"breadcrumb\":{\"@id\":\"https:\/\/fcspartaktrnava.com\/zolik-z-lavicky-paur-remiza-mrzi-ale-mame-na-com-stavat\/#breadcrumb\"},\"inLanguage\":\"en-GB\",\"potentialAction\":[{\"@type\":\"ReadAction\",\"target\":[\"https:\/\/fcspartaktrnava.com\/zolik-z-lavicky-paur-remiza-mrzi-ale-mame-na-com-stavat\/\"]}]},{\"@type\":\"ImageObject\",\"inLanguage\":\"en-GB\",\"@id\":\"https:\/\/fcspartaktrnava.com\/zolik-z-lavicky-paur-remiza-mrzi-ale-mame-na-com-stavat\/#primaryimage\",\"url\":\"https:\/\/fcspartaktrnava.com\/wp-content\/uploads\/2025\/02\/54333249714_85a57e338c_k.jpg\",\"contentUrl\":\"https:\/\/fcspartaktrnava.com\/wp-content\/uploads\/2025\/02\/54333249714_85a57e338c_k.jpg\",\"width\":2048,\"height\":1367},{\"@type\":\"BreadcrumbList\",\"@id\":\"https:\/\/fcspartaktrnava.com\/zolik-z-lavicky-paur-remiza-mrzi-ale-mame-na-com-stavat\/#breadcrumb\",\"itemListElement\":[{\"@type\":\"ListItem\",\"position\":1,\"name\":\"Home\",\"item\":\"https:\/\/fcspartaktrnava.com\/\"},{\"@type\":\"ListItem\",\"position\":2,\"name\":\"\u017dol\u00edk z lavi\u010dky Paur: &#8222;Rem\u00edza mrz\u00ed, ale m\u00e1me na \u010dom stava\u0165.&#8220;\"}]},{\"@type\":\"WebSite\",\"@id\":\"https:\/\/fcspartaktrnava.com\/#website\",\"url\":\"https:\/\/fcspartaktrnava.com\/\",\"name\":\"FC Spartak Trnava\",\"description\":\"ofici\u00e1lna webstr\u00e1nka futbalov\u00e9ho klubu\",\"publisher\":{\"@id\":\"https:\/\/fcspartaktrnava.com\/#organization\"},\"potentialAction\":[{\"@type\":\"SearchAction\",\"target\":{\"@type\":\"EntryPoint\",\"urlTemplate\":\"https:\/\/fcspartaktrnava.com\/?s={search_term_string}\"},\"query-input\":{\"@type\":\"PropertyValueSpecification\",\"valueRequired\":true,\"valueName\":\"search_term_string\"}}],\"inLanguage\":\"en-GB\"},{\"@type\":\"Organization\",\"@id\":\"https:\/\/fcspartaktrnava.com\/#organization\",\"name\":\"FC Spartak Trnava\",\"alternateName\":\"Spartak\",\"url\":\"https:\/\/fcspartaktrnava.com\/\",\"logo\":{\"@type\":\"ImageObject\",\"inLanguage\":\"en-GB\",\"@id\":\"https:\/\/fcspartaktrnava.com\/#\/schema\/logo\/image\/\",\"url\":\"https:\/\/fcspartaktrnava.com\/wp-content\/uploads\/2022\/08\/cropped-site_logo.png\",\"contentUrl\":\"https:\/\/fcspartaktrnava.com\/wp-content\/uploads\/2022\/08\/cropped-site_logo.png\",\"width\":140,\"height\":140,\"caption\":\"FC Spartak Trnava\"},\"image\":{\"@id\":\"https:\/\/fcspartaktrnava.com\/#\/schema\/logo\/image\/\"},\"sameAs\":[\"https:\/\/www.facebook.com\/SpartakTrnava\",\"https:\/\/x.com\/SpartakTrnava1\",\"https:\/\/www.instagram.com\/spartak_sk\/\"]},{\"@type\":\"Person\",\"@id\":\"https:\/\/fcspartaktrnava.com\/#\/schema\/person\/62c3c2562c3c56e4c0c8c2342c596ac0\",\"name\":\"Samuel \u010eurinsk\u00fd\",\"image\":{\"@type\":\"ImageObject\",\"inLanguage\":\"en-GB\",\"@id\":\"https:\/\/fcspartaktrnava.com\/#\/schema\/person\/image\/\",\"url\":\"https:\/\/secure.gravatar.com\/avatar\/af2fa02af92418b86ed742470664fe40056833fb68d84becf03f6ab02319257c?s=96&d=mm&r=g\",\"contentUrl\":\"https:\/\/secure.gravatar.com\/avatar\/af2fa02af92418b86ed742470664fe40056833fb68d84becf03f6ab02319257c?s=96&d=mm&r=g\",\"caption\":\"Samuel \u010eurinsk\u00fd\"},\"url\":\"https:\/\/fcspartaktrnava.com\/en\/author\/fcst-samuel\/\"}]}<\/script>\n<!-- \/ Yoast SEO plugin. -->","yoast_head_json":{"title":"\u017dol\u00edk z lavi\u010dky Paur: \"Rem\u00edza mrz\u00ed, ale m\u00e1me na \u010dom stava\u0165.\" - FC Spartak Trnava","robots":{"index":"index","follow":"follow","max-snippet":"max-snippet:-1","max-image-preview":"max-image-preview:large","max-video-preview":"max-video-preview:-1"},"canonical":"https:\/\/fcspartaktrnava.com\/en\/zolik-z-lavicky-paur-remiza-mrzi-ale-mame-na-com-stavat\/","twitter_misc":{"Written by":"Samuel \u010eurinsk\u00fd","Estimated reading time":"4 minutes"},"schema":{"@context":"https:\/\/schema.org","@graph":[{"@type":"Article","@id":"https:\/\/fcspartaktrnava.com\/zolik-z-lavicky-paur-remiza-mrzi-ale-mame-na-com-stavat\/#article","isPartOf":{"@id":"https:\/\/fcspartaktrnava.com\/zolik-z-lavicky-paur-remiza-mrzi-ale-mame-na-com-stavat\/"},"author":{"name":"Samuel \u010eurinsk\u00fd","@id":"https:\/\/fcspartaktrnava.com\/#\/schema\/person\/62c3c2562c3c56e4c0c8c2342c596ac0"},"headline":"\u017dol\u00edk z lavi\u010dky Paur: &#8222;Rem\u00edza mrz\u00ed, ale m\u00e1me na \u010dom stava\u0165.&#8220;","datePublished":"2025-02-17T13:34:55+00:00","dateModified":"2025-02-17T14:01:11+00:00","mainEntityOfPage":{"@id":"https:\/\/fcspartaktrnava.com\/zolik-z-lavicky-paur-remiza-mrzi-ale-mame-na-com-stavat\/"},"wordCount":743,"publisher":{"@id":"https:\/\/fcspartaktrnava.com\/#organization"},"image":{"@id":"https:\/\/fcspartaktrnava.com\/zolik-z-lavicky-paur-remiza-mrzi-ale-mame-na-com-stavat\/#primaryimage"},"thumbnailUrl":"https:\/\/fcspartaktrnava.com\/wp-content\/uploads\/2025\/02\/54333249714_85a57e338c_k.jpg","articleSection":["Rozhovory","Spr\u00e1vy","Z\u00e1pas"],"inLanguage":"en-GB"},{"@type":"WebPage","@id":"https:\/\/fcspartaktrnava.com\/zolik-z-lavicky-paur-remiza-mrzi-ale-mame-na-com-stavat\/","url":"https:\/\/fcspartaktrnava.com\/zolik-z-lavicky-paur-remiza-mrzi-ale-mame-na-com-stavat\/","name":"\u017dol\u00edk z lavi\u010dky Paur: \"Rem\u00edza mrz\u00ed, ale m\u00e1me na \u010dom stava\u0165.\" - FC Spartak Trnava","isPartOf":{"@id":"https:\/\/fcspartaktrnava.com\/#website"},"primaryImageOfPage":{"@id":"https:\/\/fcspartaktrnava.com\/zolik-z-lavicky-paur-remiza-mrzi-ale-mame-na-com-stavat\/#primaryimage"},"image":{"@id":"https:\/\/fcspartaktrnava.com\/zolik-z-lavicky-paur-remiza-mrzi-ale-mame-na-com-stavat\/#primaryimage"},"thumbnailUrl":"https:\/\/fcspartaktrnava.com\/wp-content\/uploads\/2025\/02\/54333249714_85a57e338c_k.jpg","datePublished":"2025-02-17T13:34:55+00:00","dateModified":"2025-02-17T14:01:11+00:00","breadcrumb":{"@id":"https:\/\/fcspartaktrnava.com\/zolik-z-lavicky-paur-remiza-mrzi-ale-mame-na-com-stavat\/#breadcrumb"},"inLanguage":"en-GB","potentialAction":[{"@type":"ReadAction","target":["https:\/\/fcspartaktrnava.com\/zolik-z-lavicky-paur-remiza-mrzi-ale-mame-na-com-stavat\/"]}]},{"@type":"ImageObject","inLanguage":"en-GB","@id":"https:\/\/fcspartaktrnava.com\/zolik-z-lavicky-paur-remiza-mrzi-ale-mame-na-com-stavat\/#primaryimage","url":"https:\/\/fcspartaktrnava.com\/wp-content\/uploads\/2025\/02\/54333249714_85a57e338c_k.jpg","contentUrl":"https:\/\/fcspartaktrnava.com\/wp-content\/uploads\/2025\/02\/54333249714_85a57e338c_k.jpg","width":2048,"height":1367},{"@type":"BreadcrumbList","@id":"https:\/\/fcspartaktrnava.com\/zolik-z-lavicky-paur-remiza-mrzi-ale-mame-na-com-stavat\/#breadcrumb","itemListElement":[{"@type":"ListItem","position":1,"name":"Home","item":"https:\/\/fcspartaktrnava.com\/"},{"@type":"ListItem","position":2,"name":"\u017dol\u00edk z lavi\u010dky Paur: &#8222;Rem\u00edza mrz\u00ed, ale m\u00e1me na \u010dom stava\u0165.&#8220;"}]},{"@type":"WebSite","@id":"https:\/\/fcspartaktrnava.com\/#website","url":"https:\/\/fcspartaktrnava.com\/","name":"FC Spartak Trnava","description":"ofici\u00e1lna webstr\u00e1nka futbalov\u00e9ho klubu","publisher":{"@id":"https:\/\/fcspartaktrnava.com\/#organization"},"potentialAction":[{"@type":"SearchAction","target":{"@type":"EntryPoint","urlTemplate":"https:\/\/fcspartaktrnava.com\/?s={search_term_string}"},"query-input":{"@type":"PropertyValueSpecification","valueRequired":true,"valueName":"search_term_string"}}],"inLanguage":"en-GB"},{"@type":"Organization","@id":"https:\/\/fcspartaktrnava.com\/#organization","name":"FC Spartak Trnava","alternateName":"Spartak","url":"https:\/\/fcspartaktrnava.com\/","logo":{"@type":"ImageObject","inLanguage":"en-GB","@id":"https:\/\/fcspartaktrnava.com\/#\/schema\/logo\/image\/","url":"https:\/\/fcspartaktrnava.com\/wp-content\/uploads\/2022\/08\/cropped-site_logo.png","contentUrl":"https:\/\/fcspartaktrnava.com\/wp-content\/uploads\/2022\/08\/cropped-site_logo.png","width":140,"height":140,"caption":"FC Spartak Trnava"},"image":{"@id":"https:\/\/fcspartaktrnava.com\/#\/schema\/logo\/image\/"},"sameAs":["https:\/\/www.facebook.com\/SpartakTrnava","https:\/\/x.com\/SpartakTrnava1","https:\/\/www.instagram.com\/spartak_sk\/"]},{"@type":"Person","@id":"https:\/\/fcspartaktrnava.com\/#\/schema\/person\/62c3c2562c3c56e4c0c8c2342c596ac0","name":"Samuel \u010eurinsk\u00fd","image":{"@type":"ImageObject","inLanguage":"en-GB","@id":"https:\/\/fcspartaktrnava.com\/#\/schema\/person\/image\/","url":"https:\/\/secure.gravatar.com\/avatar\/af2fa02af92418b86ed742470664fe40056833fb68d84becf03f6ab02319257c?s=96&d=mm&r=g","contentUrl":"https:\/\/secure.gravatar.com\/avatar\/af2fa02af92418b86ed742470664fe40056833fb68d84becf03f6ab02319257c?s=96&d=mm&r=g","caption":"Samuel \u010eurinsk\u00fd"},"url":"https:\/\/fcspartaktrnava.com\/en\/author\/fcst-samuel\/"}]}},"_links":{"self":[{"href":"https:\/\/fcspartaktrnava.com\/en\/wp-json\/wp\/v2\/posts\/25992","targetHints":{"allow":["GET"]}}],"collection":[{"href":"https:\/\/fcspartaktrnava.com\/en\/wp-json\/wp\/v2\/posts"}],"about":[{"href":"https:\/\/fcspartaktrnava.com\/en\/wp-json\/wp\/v2\/types\/post"}],"author":[{"embeddable":true,"href":"https:\/\/fcspartaktrnava.com\/en\/wp-json\/wp\/v2\/users\/5"}],"replies":[{"embeddable":true,"href":"https:\/\/fcspartaktrnava.com\/en\/wp-json\/wp\/v2\/comments?post=25992"}],"version-history":[{"count":0,"href":"https:\/\/fcspartaktrnava.com\/en\/wp-json\/wp\/v2\/posts\/25992\/revisions"}],"wp:featuredmedia":[{"embeddable":true,"href":"https:\/\/fcspartaktrnava.com\/en\/wp-json\/wp\/v2\/media\/25993"}],"wp:attachment":[{"href":"https:\/\/fcspartaktrnava.com\/en\/wp-json\/wp\/v2\/media?parent=25992"}],"wp:term":[{"taxonomy":"category","embeddable":true,"href":"https:\/\/fcspartaktrnava.com\/en\/wp-json\/wp\/v2\/categories?post=25992"},{"taxonomy":"post_tag","embeddable":true,"href":"https:\/\/fcspartaktrnava.com\/en\/wp-json\/wp\/v2\/tags?post=25992"}],"curies":[{"name":"wp","href":"https:\/\/api.w.org\/{rel}","templated":true}]}}