{"id":25875,"date":"2025-02-16T18:55:42","date_gmt":"2025-02-16T16:55:42","guid":{"rendered":"https:\/\/fcspartaktrnava.com\/?p=25875"},"modified":"2025-02-16T20:57:02","modified_gmt":"2025-02-16T18:57:02","slug":"uspesne-generalky-chlapcenskych-timov","status":"publish","type":"post","link":"https:\/\/fcspartaktrnava.com\/en\/uspesne-generalky-chlapcenskych-timov\/","title":{"rendered":"\u00daspe\u0161n\u00e9 gener\u00e1lky chlap\u010densk\u00fdch t\u00edmov"},"content":{"rendered":"<p class=\"has-text-align-center\"><strong>FC Spartak Trnava U16 \u2013 FC Opava U16 1:0 (0:0)<\/strong><\/p>\n\n\n\n<p class=\"has-text-align-center\">Pre zru\u0161en\u00fd z\u00e1pas najstar\u0161\u00edch dorastencov a&nbsp;vysok\u00fd po\u010det na\u0161ich hr\u00e1\u010dov v&nbsp;reprezent\u00e1cii Slovenska do 17 rokov, hrali z&nbsp;dorastov iba hr\u00e1\u010di z&nbsp;kateg\u00f3rie U16. Gener\u00e1lku na ligu s&nbsp;Opavou zvl\u00e1dli, ke\u010f sa o&nbsp;jedin\u00fd z\u00e1sah z\u00e1pasu postaral Pittel.<\/p>\n\n\n\n<p class=\"has-text-align-center\"><strong>Goals: <\/strong>Pittel<\/p>\n\n\n\n<p class=\"has-text-align-center\"><strong>Patrik Mal\u00fd: \u201eV prvom pol\u010dase n\u00e1m viazla medzihra a vytv\u00e1rali sme chyby aj pri organiz\u00e1cii hry. Vysk\u00fa\u0161ali sme si aktu\u00e1lnu v\u00fdkonnos\u0165 niektor\u00fdch hr\u00e1\u010dov \u010di alternat\u00edvu v&nbsp;postoch, \u010do bolo hlavn\u00fdm cie\u013eom. V druhom pol\u010dase sme si vytvorili v\u00fdraznej\u0161ie pr\u00edle\u017eitosti, pri\u010dom vyu\u017ei\u0165 sme dok\u00e1zali len jednu z\u00e1sluhou Pittela. Bud\u00faci t\u00fd\u017ede\u0148 u\u017e m\u00e1me majstrovsk\u00fd z\u00e1pas, na ktor\u00fd sa&nbsp;ve\u013emi&nbsp;te\u0161\u00edme.\u201c<\/strong><\/p>\n\n\n\n<p class=\"has-text-align-center\"><strong>SK Sigma Olomouc U15 \u2013 FC Spartak Trnava U15 1:4 (0:3)<\/strong><\/p>\n\n\n\n<p class=\"has-text-align-center\">Gener\u00e1lky odohrali aj \u017eiacke kateg\u00f3rie. T\u00edmy star\u0161\u00edch \u017eiakov vycestovali do Olomouca, kde p\u00e4tn\u00e1stka zv\u00ed\u0165azila hladko 4:1.<\/p>\n\n\n\n<p class=\"has-text-align-center\"><strong>Goals: <\/strong>2x Oros, Dole\u017eaj, Buch<\/p>\n\n\n\n<p class=\"has-text-align-center\"><strong>Oliver Burian: \u201eV tomto t\u00fd\u017edni sme sa v tr\u00e9ningovom procese maxim\u00e1lne venovali na\u0161ej v\u00fdstavbe \u00fatoku z h\u013eadiska vn\u00edmania priestorov a rozhodovania a pr\u00e1ve to sme chceli v \u010do najv\u00e4\u010d\u0161ej miere prenies\u0165 do tohto z\u00e1pasu. Od za\u010diatku duelu sme boli dominantn\u00ed, hlavne po vysokom pressingu, kedy sme dok\u00e1zali s\u00fapera dosta\u0165 pod tlak a&nbsp;r\u00fdchlo sme i\u0161li do dvojg\u00f3lov\u00e9ho vedenia. Z h\u013eadiska defenz\u00edvy sme pracovali po\u010das cel\u00e9ho z\u00e1pasu kompaktne, av\u0161ak st\u00e1le m\u00e1me medzery pri prechode zo stredn\u00e9ho bloku do vysok\u00e9 pressingu, kedy mus\u00edme by\u0165 ove\u013ea r\u00fdchlej\u0161\u00ed a jednotnej\u0161\u00ed. Z h\u013eadiska ofenz\u00edvy ma te\u0161ia hlavne individu\u00e1lne v\u00fdkony jednotlivcov, ktor\u00ed sa dok\u00e1\u017eu v tak\u00fdchto z\u00e1pasoch bez probl\u00e9mov presadi\u0165 svojou kvalitou. Vo veden\u00ed \u00fatoku sme boli dostato\u010dne r\u00fdchli a presn\u00ed, ale znovu n\u00e1s tr\u00e1pila finaliz\u00e1cia \u00fatokov a v neposlednom rade ich koncovka. Celkovo som so z\u00e1pasom z h\u013eadiska t\u00edmov\u00e9ho v\u00fdkonu \u010di u\u017e po taktickej, ale aj ment\u00e1lnej str\u00e1nke spokojn\u00fd, av\u0161ak z h\u013eadiska jednotlivcov n\u00e1m znovu uk\u00e1zal rozdiely v individu\u00e1lnej kvalite na\u0161ich hr\u00e1\u010dov.\u201c<\/strong><\/p>\n\n\n\n<p class=\"has-text-align-center\"><strong>SK Sigma Olomouc U14 \u2013 FC Spartak Trnava U14 1:1 (0:1)<\/strong><\/p>\n\n\n\n<p class=\"has-text-align-center\">So Sigmou z\u00e1polili aj hr\u00e1\u010di do 14 rokov. Najtesnej\u0161ie vedenie z&nbsp;prv\u00e9ho pol\u010dasu neudr\u017eali a&nbsp;napokon sa s&nbsp;\u010desk\u00fdm s\u00faperom rozi\u0161li po rem\u00edze 1:1.<\/p>\n\n\n\n<p class=\"has-text-align-center\"><strong>Goals: <\/strong>Ku\u0161\u0161<\/p>\n\n\n\n<p class=\"has-text-align-center\"><strong>Tom\u00e1\u0161 K\u00e1nik: \u201ePosledn\u00fd pr\u00edpravn\u00fd z\u00e1pas bol ve\u013emi otvoren\u00fd, striedali sa situ\u00e1cie na oboch stran\u00e1ch ihriska. Obidva t\u00edmy si vypracovali ve\u013ek\u00e9 mno\u017estvo vylo\u017een\u00fdch \u0161anc\u00ed. Z\u00e1pas \u010dasto p\u00f4sobil dos\u0165 neorganizovane z&nbsp;oboch str\u00e1n a&nbsp;do popredia sa dost\u00e1vali individu\u00e1lne rie\u0161enia, schopnos\u0165 hr\u00e1\u010dov zobra\u0165 zodpovednos\u0165 na seba a presadi\u0165 sa individu\u00e1lne v&nbsp;pr\u00edpravnej aj v \u00fato\u010dnej z\u00f3ne ihriska. Z\u00e1pas hodnot\u00edm ako v\u00fdborn\u00fa sk\u00fasenos\u0165, ale z\u00e1rove\u0148 by som chcel, aby sme boli schopn\u00ed viac podr\u017ea\u0165 loptu a&nbsp;aj v takomto z\u00e1pase sa sna\u017ei\u0165 presadi\u0165 sp\u00f4sobmi, ktor\u00e9 m\u00e1me zau\u017e\u00edvan\u00e9.\u201c<\/strong><\/p>\n\n\n\n<p class=\"has-text-align-center\"><strong>FC Spartak Trnava U13 \u2013 PFK Pie\u0161\u0165any U14 4:1 (1:0)<\/strong><\/p>\n\n\n\n<p class=\"has-text-align-center\">Mu\u017estv\u00e1 mlad\u0161\u00edch \u017eiakov si zmerali sily s&nbsp;o&nbsp;rok star\u0161\u00edmi s\u00fapermi z&nbsp;druhej ligy. Trin\u00e1stka si bez probl\u00e9mov podmanila s\u00faboj s&nbsp;Pie\u0161\u0165anmi a&nbsp;aj v\u010faka hetriku Hamb\u00e1lka zv\u00ed\u0165azila 4:1.<\/p>\n\n\n\n<p class=\"has-text-align-center\"><strong>Goals: <\/strong>3x Hamb\u00e1lek, Ba\u0161ty<\/p>\n\n\n\n<p class=\"has-text-align-center\"><strong>R\u00f3bert Polakovi\u010d: \u201eSo star\u0161\u00edm s\u00faperom sme mali z\u00e1pas cel\u00fd \u010das herne pod kontrolou. Mali sme vysok\u00e9 dr\u017eanie lopty a sna\u017eili sme sa tvori\u0165 hru. K tomu n\u00e1m nepom\u00e1hali \u013eahk\u00e9 straty l\u00f4pt z na\u0161ej strany a ani sp\u00f4sob hry s\u00fapera. Pri hlbokom bloku host\u00ed sme nevedeli dr\u017ea\u0165 tempo hry a v\u00e4\u010d\u0161ina \u010dinnost\u00ed bola z na\u0161ej strane pomal\u00e1. St\u00e1le sme si ale dok\u00e1zali vypracova\u0165 vysok\u00fd po\u010det \u0161anc\u00ed, z ktor\u00fdch sme nakoniec premenili len \u0161tyri a to pekn\u00fdmi strelami spoza pokutov\u00e9ho \u00fazemia.\u201c<\/strong><\/p>\n\n\n\n<p class=\"has-text-align-center\"><strong>FC Spartak Trnava U12 \u2013 FC Topo\u013e\u010dany U13 12:3<\/strong> <strong>(5:1)<\/strong><\/p>\n\n\n\n<p class=\"has-text-align-center\">Najmlad\u0161\u00ed \u017eiaci odohrali na posledn\u00fa chv\u00ed\u013eu n\u00e1hradn\u00fd z\u00e1pas za zru\u0161en\u00fd duel s&nbsp;Olomoucom. V&nbsp;stretnut\u00ed hranom 11 na 11 si poradili so zmie\u0161an\u00fdm&nbsp;v\u00fdberom Topo\u013e\u010dian do 12 a&nbsp;13 rokov jasne 12:3. Strelecky sa na ligu naladil najlep\u0161ie p\u00e4\u0165g\u00f3lov\u00fd Luka\u010dka.<\/p>\n\n\n\n<p class=\"has-text-align-center\"><strong>Goals: <\/strong>5x Luka\u010dka, 2x Urban, 2x Tibensk\u00fd, Stre\u010dansk\u00fd, Kr\u00e1\u013eovi\u010d, Kajma<\/p>\n\n\n\n<p class=\"has-text-align-center\"><strong>Filip Tomovi\u010d: \u201eV\u00fdsledok je jednozna\u010dn\u00fd, ale samozrejme sa naskytli f\u00e1zy hry, ktor\u00e9 e\u0161te nie s\u00fa podl\u00e1 na\u0161ich predst\u00e1v. Chalanov ale chv\u00e1lim, \u017ee v studenom po\u010das\u00ed podali dobr\u00fd v\u00fdkon, darilo sa najm\u00e4 \u00fato\u010dn\u00edkom, ktor\u00ed sa vedeli presadi\u0165 r\u00fdchlostne aj kvalitou zakon\u010denia. E\u0161te st\u00e1le chceme zlep\u0161i\u0165 v\u00fdstavbu od brank\u00e1ra aj v\u00fdstavbu zo strednej z\u00f3ny. Potrebujeme pracova\u0165 kvalitnej\u0161ie a r\u00fdchlej\u0161ie s loptou. Budeme na tom \u010falej pracova\u0165 a&nbsp;ver\u00edme, \u017ee sa to odzrkadl\u00ed v&nbsp;najbli\u017e\u0161om&nbsp;majstrovskom z\u00e1pase.\u201c<\/strong><\/p>\n\n\n\n<p class=\"has-text-align-center\"><strong>AS Tren\u010d\u00edn WU19 \u2013 FC Spartak Trnava W19 1:5 (0:0)<\/strong><\/p>\n\n\n\n<p class=\"has-text-align-center\">V\u00fdsledkovo sa darilo aj na\u0161im diev\u010densk\u00fdm ml\u00e1de\u017en\u00edckym kateg\u00f3ri\u00e1m. Dorastenky si po bezg\u00f3lovom prvom pol\u010dase poradili s&nbsp;Tren\u010d\u00ednom hladko 5:1, ke\u010f sa hetrikom blysla He\u010dkov\u00e1.<\/p>\n\n\n\n<p class=\"has-text-align-center\"><strong>Goals: <\/strong>3x He\u010dkov\u00e1, Hankociov\u00e1, Petransk\u00e1<\/p>\n\n\n\n<p class=\"has-text-align-center\"><strong>Ivan Papazov: \u201ePre chorobu a zranenia n\u00e1m ch\u00fdbali 4 hr\u00e1\u010dky zo z\u00e1kladnej zostavy. V&nbsp;prvom pol\u010dase sme si nezasl\u00fa\u017eili sk\u00f3rova\u0165. Technicky na\u0161a ofenz\u00edvy zaost\u00e1vala, ke\u010f sme mali takticky nespr\u00e1vne umiestnenie v&nbsp;pokutovom \u00fazem\u00ed. Tren\u010d\u00edn podr\u017eala aj v\u00fdborn\u00e1 brank\u00e1rka, ale po zmene str\u00e1n sme ju napriek tomu dok\u00e1zali p\u00e4\u0165kr\u00e1t prekona\u0165.\u201c<\/strong><\/p>\n\n\n\n<p class=\"has-text-align-center\"><strong>FK Austria Viede\u0148 WU16 \u2013 FC Spartak Trnava WU15 5:6 (3:2)<\/strong><\/p>\n\n\n\n<p class=\"has-text-align-center\">\u017dia\u010dky vycestovali na pr\u00edpravn\u00fd z\u00e1pas do zahrani\u010dia, ke\u010f si vo Viedni zmerali sily s&nbsp;o&nbsp;rok star\u0161\u00edmi s\u00faperkami z&nbsp;Austrie. Po g\u00f3lovej prestrelka zv\u00ed\u0165azili 6:5.<\/p>\n\n\n\n<p class=\"has-text-align-center\"><strong>Goals: <\/strong>3x Tankov\u00e1, 2x Chovanov\u00e1, vlastn\u00fd<\/p>\n\n\n\n<p class=\"has-text-align-center\"><strong>Nat\u00e1lia Kissov\u00e1: \u201eAbsolvovali sme kvalitn\u00fd pr\u00edpravn\u00fd z\u00e1pas, v ktorom sme proti star\u0161ej kateg\u00f3rii podali ve\u013emi dobr\u00fd v\u00fdkon. Diev\u010dat\u00e1 z Viedne boli fyzicky viac vyspel\u00e9 ako na\u0161e hr\u00e1\u010dky, ale v\u00f4bec sme sa nedali zahanbi\u0165. Z\u00e1pas bol s\u00fabojov\u00fd, tvrd\u00fd, Rak\u00fa\u0161anky n\u00e1s nechceli pusti\u0165 k \u017eiadnej situ\u00e1cii. Boli sme siln\u00e9 na lopte, na za\u010diatku n\u00e1m robila probl\u00e9m r\u00fdchlos\u0165, ale po\u010das z\u00e1pasu sme nabrali odvahu a vytvorili sme si ve\u013ea s\u013eubn\u00fdch \u0161anc\u00ed. Inkasovali sme g\u00f3ly po pomal\u0161om dostupovan\u00ed hr\u00e1\u010dok. Z\u00e1pas bol n\u00e1ro\u010dn\u00fd, ale zasl\u00fa\u017eene skon\u010dil\u00a0v\u00a0n\u00e1\u0161\u00a0prospech.\u201c<\/strong><\/p>","protected":false},"excerpt":{"rendered":"<p>FC Spartak Trnava U16 \u2013 FC Opava U16&#8230;<\/p>","protected":false},"author":2,"featured_media":25876,"comment_status":"closed","ping_status":"closed","sticky":false,"template":"","format":"standard","meta":{"footnotes":""},"categories":[52,12],"tags":[53],"class_list":["post-25875","post","type-post","status-publish","format-standard","has-post-thumbnail","hentry","category-mladez","category-spravy","tag-mladez","post-number-1"],"yoast_head":"<!-- This site is optimized with the Yoast SEO plugin v27.1.1 - https:\/\/yoast.com\/product\/yoast-seo-wordpress\/ -->\n<title>\u00daspe\u0161n\u00e9 gener\u00e1lky chlap\u010densk\u00fdch t\u00edmov - FC Spartak Trnava<\/title>\n<meta name=\"robots\" content=\"index, follow, max-snippet:-1, max-image-preview:large, max-video-preview:-1\" \/>\n<link rel=\"canonical\" href=\"https:\/\/fcspartaktrnava.com\/en\/uspesne-generalky-chlapcenskych-timov\/\" \/>\n<meta name=\"twitter:label1\" content=\"Written by\" \/>\n\t<meta name=\"twitter:data1\" content=\"spartak\" \/>\n\t<meta name=\"twitter:label2\" content=\"Estimated reading time\" \/>\n\t<meta name=\"twitter:data2\" content=\"6 minutes\" \/>\n<script type=\"application\/ld+json\" class=\"yoast-schema-graph\">{\"@context\":\"https:\/\/schema.org\",\"@graph\":[{\"@type\":\"Article\",\"@id\":\"https:\/\/fcspartaktrnava.com\/uspesne-generalky-chlapcenskych-timov\/#article\",\"isPartOf\":{\"@id\":\"https:\/\/fcspartaktrnava.com\/uspesne-generalky-chlapcenskych-timov\/\"},\"author\":{\"name\":\"spartak\",\"@id\":\"https:\/\/fcspartaktrnava.com\/#\/schema\/person\/24bc5b254af14f71d7d8af178790aa75\"},\"headline\":\"\u00daspe\u0161n\u00e9 gener\u00e1lky chlap\u010densk\u00fdch t\u00edmov\",\"datePublished\":\"2025-02-16T16:55:42+00:00\",\"dateModified\":\"2025-02-16T18:57:02+00:00\",\"mainEntityOfPage\":{\"@id\":\"https:\/\/fcspartaktrnava.com\/uspesne-generalky-chlapcenskych-timov\/\"},\"wordCount\":1205,\"publisher\":{\"@id\":\"https:\/\/fcspartaktrnava.com\/#organization\"},\"image\":{\"@id\":\"https:\/\/fcspartaktrnava.com\/uspesne-generalky-chlapcenskych-timov\/#primaryimage\"},\"thumbnailUrl\":\"https:\/\/fcspartaktrnava.com\/wp-content\/uploads\/2025\/02\/DSC_6606-scaled.jpg\",\"keywords\":[\"ml\u00e1de\u017e\"],\"articleSection\":[\"Ml\u00e1de\u017e\",\"Spr\u00e1vy\"],\"inLanguage\":\"en-GB\"},{\"@type\":\"WebPage\",\"@id\":\"https:\/\/fcspartaktrnava.com\/uspesne-generalky-chlapcenskych-timov\/\",\"url\":\"https:\/\/fcspartaktrnava.com\/uspesne-generalky-chlapcenskych-timov\/\",\"name\":\"\u00daspe\u0161n\u00e9 gener\u00e1lky chlap\u010densk\u00fdch t\u00edmov - FC Spartak Trnava\",\"isPartOf\":{\"@id\":\"https:\/\/fcspartaktrnava.com\/#website\"},\"primaryImageOfPage\":{\"@id\":\"https:\/\/fcspartaktrnava.com\/uspesne-generalky-chlapcenskych-timov\/#primaryimage\"},\"image\":{\"@id\":\"https:\/\/fcspartaktrnava.com\/uspesne-generalky-chlapcenskych-timov\/#primaryimage\"},\"thumbnailUrl\":\"https:\/\/fcspartaktrnava.com\/wp-content\/uploads\/2025\/02\/DSC_6606-scaled.jpg\",\"datePublished\":\"2025-02-16T16:55:42+00:00\",\"dateModified\":\"2025-02-16T18:57:02+00:00\",\"breadcrumb\":{\"@id\":\"https:\/\/fcspartaktrnava.com\/uspesne-generalky-chlapcenskych-timov\/#breadcrumb\"},\"inLanguage\":\"en-GB\",\"potentialAction\":[{\"@type\":\"ReadAction\",\"target\":[\"https:\/\/fcspartaktrnava.com\/uspesne-generalky-chlapcenskych-timov\/\"]}]},{\"@type\":\"ImageObject\",\"inLanguage\":\"en-GB\",\"@id\":\"https:\/\/fcspartaktrnava.com\/uspesne-generalky-chlapcenskych-timov\/#primaryimage\",\"url\":\"https:\/\/fcspartaktrnava.com\/wp-content\/uploads\/2025\/02\/DSC_6606-scaled.jpg\",\"contentUrl\":\"https:\/\/fcspartaktrnava.com\/wp-content\/uploads\/2025\/02\/DSC_6606-scaled.jpg\",\"width\":2560,\"height\":1704},{\"@type\":\"BreadcrumbList\",\"@id\":\"https:\/\/fcspartaktrnava.com\/uspesne-generalky-chlapcenskych-timov\/#breadcrumb\",\"itemListElement\":[{\"@type\":\"ListItem\",\"position\":1,\"name\":\"Home\",\"item\":\"https:\/\/fcspartaktrnava.com\/\"},{\"@type\":\"ListItem\",\"position\":2,\"name\":\"\u00daspe\u0161n\u00e9 gener\u00e1lky chlap\u010densk\u00fdch t\u00edmov\"}]},{\"@type\":\"WebSite\",\"@id\":\"https:\/\/fcspartaktrnava.com\/#website\",\"url\":\"https:\/\/fcspartaktrnava.com\/\",\"name\":\"FC Spartak Trnava\",\"description\":\"ofici\u00e1lna webstr\u00e1nka futbalov\u00e9ho klubu\",\"publisher\":{\"@id\":\"https:\/\/fcspartaktrnava.com\/#organization\"},\"potentialAction\":[{\"@type\":\"SearchAction\",\"target\":{\"@type\":\"EntryPoint\",\"urlTemplate\":\"https:\/\/fcspartaktrnava.com\/?s={search_term_string}\"},\"query-input\":{\"@type\":\"PropertyValueSpecification\",\"valueRequired\":true,\"valueName\":\"search_term_string\"}}],\"inLanguage\":\"en-GB\"},{\"@type\":\"Organization\",\"@id\":\"https:\/\/fcspartaktrnava.com\/#organization\",\"name\":\"FC Spartak Trnava\",\"alternateName\":\"Spartak\",\"url\":\"https:\/\/fcspartaktrnava.com\/\",\"logo\":{\"@type\":\"ImageObject\",\"inLanguage\":\"en-GB\",\"@id\":\"https:\/\/fcspartaktrnava.com\/#\/schema\/logo\/image\/\",\"url\":\"https:\/\/fcspartaktrnava.com\/wp-content\/uploads\/2022\/08\/cropped-site_logo.png\",\"contentUrl\":\"https:\/\/fcspartaktrnava.com\/wp-content\/uploads\/2022\/08\/cropped-site_logo.png\",\"width\":140,\"height\":140,\"caption\":\"FC Spartak Trnava\"},\"image\":{\"@id\":\"https:\/\/fcspartaktrnava.com\/#\/schema\/logo\/image\/\"},\"sameAs\":[\"https:\/\/www.facebook.com\/SpartakTrnava\",\"https:\/\/x.com\/SpartakTrnava1\",\"https:\/\/www.instagram.com\/spartak_sk\/\"]},{\"@type\":\"Person\",\"@id\":\"https:\/\/fcspartaktrnava.com\/#\/schema\/person\/24bc5b254af14f71d7d8af178790aa75\",\"name\":\"spartak\",\"image\":{\"@type\":\"ImageObject\",\"inLanguage\":\"en-GB\",\"@id\":\"https:\/\/fcspartaktrnava.com\/#\/schema\/person\/image\/\",\"url\":\"https:\/\/secure.gravatar.com\/avatar\/f8ff8584f3fcf3909a11a6da9019f37749183b4015bca14e64556c52614cdc7f?s=96&d=mm&r=g\",\"contentUrl\":\"https:\/\/secure.gravatar.com\/avatar\/f8ff8584f3fcf3909a11a6da9019f37749183b4015bca14e64556c52614cdc7f?s=96&d=mm&r=g\",\"caption\":\"spartak\"},\"url\":\"https:\/\/fcspartaktrnava.com\/en\/author\/spartak\/\"}]}<\/script>\n<!-- \/ Yoast SEO plugin. -->","yoast_head_json":{"title":"\u00daspe\u0161n\u00e9 gener\u00e1lky chlap\u010densk\u00fdch t\u00edmov - FC Spartak Trnava","robots":{"index":"index","follow":"follow","max-snippet":"max-snippet:-1","max-image-preview":"max-image-preview:large","max-video-preview":"max-video-preview:-1"},"canonical":"https:\/\/fcspartaktrnava.com\/en\/uspesne-generalky-chlapcenskych-timov\/","twitter_misc":{"Written by":"spartak","Estimated reading time":"6 minutes"},"schema":{"@context":"https:\/\/schema.org","@graph":[{"@type":"Article","@id":"https:\/\/fcspartaktrnava.com\/uspesne-generalky-chlapcenskych-timov\/#article","isPartOf":{"@id":"https:\/\/fcspartaktrnava.com\/uspesne-generalky-chlapcenskych-timov\/"},"author":{"name":"spartak","@id":"https:\/\/fcspartaktrnava.com\/#\/schema\/person\/24bc5b254af14f71d7d8af178790aa75"},"headline":"\u00daspe\u0161n\u00e9 gener\u00e1lky chlap\u010densk\u00fdch t\u00edmov","datePublished":"2025-02-16T16:55:42+00:00","dateModified":"2025-02-16T18:57:02+00:00","mainEntityOfPage":{"@id":"https:\/\/fcspartaktrnava.com\/uspesne-generalky-chlapcenskych-timov\/"},"wordCount":1205,"publisher":{"@id":"https:\/\/fcspartaktrnava.com\/#organization"},"image":{"@id":"https:\/\/fcspartaktrnava.com\/uspesne-generalky-chlapcenskych-timov\/#primaryimage"},"thumbnailUrl":"https:\/\/fcspartaktrnava.com\/wp-content\/uploads\/2025\/02\/DSC_6606-scaled.jpg","keywords":["ml\u00e1de\u017e"],"articleSection":["Ml\u00e1de\u017e","Spr\u00e1vy"],"inLanguage":"en-GB"},{"@type":"WebPage","@id":"https:\/\/fcspartaktrnava.com\/uspesne-generalky-chlapcenskych-timov\/","url":"https:\/\/fcspartaktrnava.com\/uspesne-generalky-chlapcenskych-timov\/","name":"\u00daspe\u0161n\u00e9 gener\u00e1lky chlap\u010densk\u00fdch t\u00edmov - FC Spartak Trnava","isPartOf":{"@id":"https:\/\/fcspartaktrnava.com\/#website"},"primaryImageOfPage":{"@id":"https:\/\/fcspartaktrnava.com\/uspesne-generalky-chlapcenskych-timov\/#primaryimage"},"image":{"@id":"https:\/\/fcspartaktrnava.com\/uspesne-generalky-chlapcenskych-timov\/#primaryimage"},"thumbnailUrl":"https:\/\/fcspartaktrnava.com\/wp-content\/uploads\/2025\/02\/DSC_6606-scaled.jpg","datePublished":"2025-02-16T16:55:42+00:00","dateModified":"2025-02-16T18:57:02+00:00","breadcrumb":{"@id":"https:\/\/fcspartaktrnava.com\/uspesne-generalky-chlapcenskych-timov\/#breadcrumb"},"inLanguage":"en-GB","potentialAction":[{"@type":"ReadAction","target":["https:\/\/fcspartaktrnava.com\/uspesne-generalky-chlapcenskych-timov\/"]}]},{"@type":"ImageObject","inLanguage":"en-GB","@id":"https:\/\/fcspartaktrnava.com\/uspesne-generalky-chlapcenskych-timov\/#primaryimage","url":"https:\/\/fcspartaktrnava.com\/wp-content\/uploads\/2025\/02\/DSC_6606-scaled.jpg","contentUrl":"https:\/\/fcspartaktrnava.com\/wp-content\/uploads\/2025\/02\/DSC_6606-scaled.jpg","width":2560,"height":1704},{"@type":"BreadcrumbList","@id":"https:\/\/fcspartaktrnava.com\/uspesne-generalky-chlapcenskych-timov\/#breadcrumb","itemListElement":[{"@type":"ListItem","position":1,"name":"Home","item":"https:\/\/fcspartaktrnava.com\/"},{"@type":"ListItem","position":2,"name":"\u00daspe\u0161n\u00e9 gener\u00e1lky chlap\u010densk\u00fdch t\u00edmov"}]},{"@type":"WebSite","@id":"https:\/\/fcspartaktrnava.com\/#website","url":"https:\/\/fcspartaktrnava.com\/","name":"FC Spartak Trnava","description":"ofici\u00e1lna webstr\u00e1nka futbalov\u00e9ho klubu","publisher":{"@id":"https:\/\/fcspartaktrnava.com\/#organization"},"potentialAction":[{"@type":"SearchAction","target":{"@type":"EntryPoint","urlTemplate":"https:\/\/fcspartaktrnava.com\/?s={search_term_string}"},"query-input":{"@type":"PropertyValueSpecification","valueRequired":true,"valueName":"search_term_string"}}],"inLanguage":"en-GB"},{"@type":"Organization","@id":"https:\/\/fcspartaktrnava.com\/#organization","name":"FC Spartak Trnava","alternateName":"Spartak","url":"https:\/\/fcspartaktrnava.com\/","logo":{"@type":"ImageObject","inLanguage":"en-GB","@id":"https:\/\/fcspartaktrnava.com\/#\/schema\/logo\/image\/","url":"https:\/\/fcspartaktrnava.com\/wp-content\/uploads\/2022\/08\/cropped-site_logo.png","contentUrl":"https:\/\/fcspartaktrnava.com\/wp-content\/uploads\/2022\/08\/cropped-site_logo.png","width":140,"height":140,"caption":"FC Spartak Trnava"},"image":{"@id":"https:\/\/fcspartaktrnava.com\/#\/schema\/logo\/image\/"},"sameAs":["https:\/\/www.facebook.com\/SpartakTrnava","https:\/\/x.com\/SpartakTrnava1","https:\/\/www.instagram.com\/spartak_sk\/"]},{"@type":"Person","@id":"https:\/\/fcspartaktrnava.com\/#\/schema\/person\/24bc5b254af14f71d7d8af178790aa75","name":"spartak","image":{"@type":"ImageObject","inLanguage":"en-GB","@id":"https:\/\/fcspartaktrnava.com\/#\/schema\/person\/image\/","url":"https:\/\/secure.gravatar.com\/avatar\/f8ff8584f3fcf3909a11a6da9019f37749183b4015bca14e64556c52614cdc7f?s=96&d=mm&r=g","contentUrl":"https:\/\/secure.gravatar.com\/avatar\/f8ff8584f3fcf3909a11a6da9019f37749183b4015bca14e64556c52614cdc7f?s=96&d=mm&r=g","caption":"spartak"},"url":"https:\/\/fcspartaktrnava.com\/en\/author\/spartak\/"}]}},"_links":{"self":[{"href":"https:\/\/fcspartaktrnava.com\/en\/wp-json\/wp\/v2\/posts\/25875","targetHints":{"allow":["GET"]}}],"collection":[{"href":"https:\/\/fcspartaktrnava.com\/en\/wp-json\/wp\/v2\/posts"}],"about":[{"href":"https:\/\/fcspartaktrnava.com\/en\/wp-json\/wp\/v2\/types\/post"}],"author":[{"embeddable":true,"href":"https:\/\/fcspartaktrnava.com\/en\/wp-json\/wp\/v2\/users\/2"}],"replies":[{"embeddable":true,"href":"https:\/\/fcspartaktrnava.com\/en\/wp-json\/wp\/v2\/comments?post=25875"}],"version-history":[{"count":0,"href":"https:\/\/fcspartaktrnava.com\/en\/wp-json\/wp\/v2\/posts\/25875\/revisions"}],"wp:featuredmedia":[{"embeddable":true,"href":"https:\/\/fcspartaktrnava.com\/en\/wp-json\/wp\/v2\/media\/25876"}],"wp:attachment":[{"href":"https:\/\/fcspartaktrnava.com\/en\/wp-json\/wp\/v2\/media?parent=25875"}],"wp:term":[{"taxonomy":"category","embeddable":true,"href":"https:\/\/fcspartaktrnava.com\/en\/wp-json\/wp\/v2\/categories?post=25875"},{"taxonomy":"post_tag","embeddable":true,"href":"https:\/\/fcspartaktrnava.com\/en\/wp-json\/wp\/v2\/tags?post=25875"}],"curies":[{"name":"wp","href":"https:\/\/api.w.org\/{rel}","templated":true}]}}