{"id":25870,"date":"2025-02-16T19:31:57","date_gmt":"2025-02-16T17:31:57","guid":{"rendered":"https:\/\/fcspartaktrnava.com\/?p=25870"},"modified":"2025-02-16T19:31:57","modified_gmt":"2025-02-16T17:31:57","slug":"prvy-jarny-domaci-zapas-proti-dac-s-remizou-11","status":"publish","type":"post","link":"https:\/\/fcspartaktrnava.com\/en\/prvy-jarny-domaci-zapas-proti-dac-s-remizou-11\/","title":{"rendered":"Prv\u00fd jarn\u00fd dom\u00e1ci z\u00e1pas proti DAC s rem\u00edzou 1:1"},"content":{"rendered":"<p class=\"has-text-align-center has-medium-font-size\">Z\u00e1pasov\u00e1 premi\u00e9ra na dom\u00e1cej p\u00f4de v jarnej \u010dasti Nik\u00e9 ligy, spustenie predaja nov\u00fdch dresov v FCSTORE a na FCSTORE.sk, k tomu s\u00faboj o priebe\u017en\u00e9 druh\u00e9 miesto tabu\u013eky. <\/p>\n\n\n\n<p class=\"has-text-align-center has-medium-font-size\">Na \u0160tadi\u00f3ne Antona Malatinsk\u00e9ho sme v krajskom derby a vo VOYO z\u00e1pase t\u00fd\u017ed\u0148a, priv\u00edtali Dunajsk\u00fa Stredu. Na lavi\u010dke sa objavil u\u017e aj Cedric Badolo, \u010derstv\u00e1 posila A-t\u00edmu do ofenz\u00edvy.<\/p>\n\n\n\n<p class=\"has-text-align-center has-white-color has-vivid-red-background-color has-text-color has-background has-link-color has-medium-font-size wp-elements-8382672983c708bada2242f62b2f6a2e\"><strong>Duel proti DAC sme od\u0161tartovali v tejto z\u00e1kladnej zostave: <\/strong><\/p>\n\n\n\n<p class=\"has-text-align-center\"><\/p>\n\n\n<div class=\"wp-block-image\">\n<figure class=\"aligncenter size-large\"><img loading=\"lazy\" decoding=\"async\" width=\"819\" height=\"1024\" src=\"https:\/\/fcspartaktrnava.com\/wp-content\/uploads\/2025\/02\/unnamed-819x1024.jpg\" alt=\"\" class=\"wp-image-25871\" srcset=\"https:\/\/fcspartaktrnava.com\/wp-content\/uploads\/2025\/02\/unnamed-819x1024.jpg 819w, https:\/\/fcspartaktrnava.com\/wp-content\/uploads\/2025\/02\/unnamed-240x300.jpg 240w, https:\/\/fcspartaktrnava.com\/wp-content\/uploads\/2025\/02\/unnamed-768x960.jpg 768w, https:\/\/fcspartaktrnava.com\/wp-content\/uploads\/2025\/02\/unnamed-10x12.jpg 10w, https:\/\/fcspartaktrnava.com\/wp-content\/uploads\/2025\/02\/unnamed.jpg 1200w\" sizes=\"auto, (max-width: 819px) 100vw, 819px\" \/><\/figure>\n<\/div>\n\n\n<hr class=\"wp-block-separator has-alpha-channel-opacity\"\/>\n\n\n\n<h2 class=\"wp-block-heading has-text-align-center\">1. pol\u010das<\/h2>\n\n\n\n<p class=\"has-text-align-center has-medium-font-size\">Z\u00e1pas za\u010dal v dobrom tempe a na\u0161i fan\u00fa\u0161ikovia hnali hr\u00e1\u010dov vpred. Krajsk\u00e9 derby patr\u00ed u\u017e tradi\u010dne k atrakt\u00edvnym duelom ale spo\u010diatku sa oba t\u00edmy tzv. o\u0165uk\u00e1v\u00e1li.<\/p>\n\n\n\n<p class=\"has-text-align-center has-medium-font-size\">Pred z\u00e1pasom nastala v zostave jedna zmena. Namiesto Mikovi\u010da nast\u00fapil Jure\u0161kin. N\u00e1\u0161 kapit\u00e1n sa na rozcvi\u010dke mierne zranil. Ver\u00edme, \u017ee \u010doskoro bude op\u00e4\u0165 v plnej sile.&nbsp;<\/p>\n\n\n\n<p class=\"has-text-align-center has-medium-font-size\">V \u00favode sme boli akt\u00edvnej\u0161\u00ed smerom dopredu a sna\u017eili sa dost\u00e1va\u0165 priamo\u010diaro pred br\u00e1nu host\u00ed. Em\u00f3cie vzplanuli v 14. min\u00fate po kontakte hr\u00e1\u010da DAC s brank\u00e1rom Frelihom. Po po\u010diato\u010dnom ohni sa v\u00e1\u0161ne upokojili a hra pokra\u010dovala.&nbsp;<\/p>\n\n\n\n<p class=\"has-text-align-center has-medium-font-size\">V \u010fal\u0161\u00edch min\u00fatach sme pred br\u00e1nami nevideli ve\u013ea vzruchu. Hra sa odohr\u00e1vala viac medzi \u0161estn\u00e1stkami V 31. min\u00fate sk\u00fa\u0161al pozornos\u0165 brank\u00e1ra host\u00ed Michal \u010euri\u0161. Z jeho voleja ale lopta mierila len do rukav\u00edc.\u00a0Prv\u00fd pol\u010das skon\u010dil bezg\u00f3lovou rem\u00edzou.<\/p>\n\n\n<div class=\"wp-block-image\">\n<figure class=\"aligncenter size-large\"><img loading=\"lazy\" decoding=\"async\" width=\"1024\" height=\"683\" src=\"https:\/\/fcspartaktrnava.com\/wp-content\/uploads\/2025\/02\/DSC_3413-1024x683.jpg\" alt=\"\" class=\"wp-image-25872\" srcset=\"https:\/\/fcspartaktrnava.com\/wp-content\/uploads\/2025\/02\/DSC_3413-1024x683.jpg 1024w, https:\/\/fcspartaktrnava.com\/wp-content\/uploads\/2025\/02\/DSC_3413-300x200.jpg 300w, https:\/\/fcspartaktrnava.com\/wp-content\/uploads\/2025\/02\/DSC_3413-768x512.jpg 768w, https:\/\/fcspartaktrnava.com\/wp-content\/uploads\/2025\/02\/DSC_3413-1536x1024.jpg 1536w, https:\/\/fcspartaktrnava.com\/wp-content\/uploads\/2025\/02\/DSC_3413-2048x1365.jpg 2048w, https:\/\/fcspartaktrnava.com\/wp-content\/uploads\/2025\/02\/DSC_3413-18x12.jpg 18w\" sizes=\"auto, (max-width: 1024px) 100vw, 1024px\" \/><\/figure>\n<\/div>\n\n\n<hr class=\"wp-block-separator has-alpha-channel-opacity\"\/>\n\n\n\n<h2 class=\"wp-block-heading has-text-align-center\">2. pol\u010das<\/h2>\n\n\n\n<p class=\"has-text-align-center has-medium-font-size\">Druh\u00fd pol\u010das za\u010dal zostra. Hrdinom viacer\u00fdch okamihov bol \u017diga Frelih. Z\u00e1pas dostal n\u00e1boj a hostia mali mo\u017enos\u0165 zahr\u00e1va\u0165 pokutov\u00fd kop. V \u0161estn\u00e1stke fauloval Luk\u00e1\u0161 \u0160tetina a Dunajsk\u00e1 mohla \u00eds\u0165 do vedenia. <strong>V\u010faka skvel\u00e9mu Frelihovi sa tak nestalo! Vystihol smer strely Andzouanu a skvele zasiahol! <\/strong><\/p>\n\n\n\n<p class=\"has-text-align-center has-medium-font-size\">Na trib\u00fanach to vrelo a o nieko\u013eko okamihov sme mali mo\u017enos\u0165 kopa\u0165 penaltu aj my! Loptu si na biely bod postavil Michal \u010euri\u0161. Aj brank\u00e1r host\u00ed ale dobre tipol stranu a \u010euri\u0161ov pokus, aj s prispen\u00edm br\u00e1nkovej kon\u0161trukcie, za jeho chrbtom neskon\u010dil. 0:0. Krajsk\u00e9 derby dost\u00e1valo gr\u00e1dy. G\u00f3ly sme nevideli ani po 65-tich min\u00fatach.<\/p>\n\n\n\n<p class=\"has-text-align-center has-medium-font-size\"><strong>SPARTAK&#8230; TRNAVA&#8230;!!! Znelo dom\u00e1cimi trib\u00fanami.<\/strong><\/p>\n\n\n\n<p class=\"has-text-align-center has-medium-font-size\">Em\u00f3cie sa stup\u0148ovali na ihrisku aj na trib\u00fanach. V 70. min\u00fate sme vystriedali. Z ihriska odi\u0161iel Azango a do hry nasko\u010dil Paur, ktor\u00fd patr\u00ed k na\u0161im najsk\u00fasenej\u0161\u00edm hr\u00e1\u010dom. <strong>Jakub Paur nast\u00fapil na svoj 289. z\u00e1pas v Nik\u00e9 lige.<\/strong><\/p>\n\n\n\n<p class=\"has-text-align-center has-luminous-vivid-amber-background-color has-background has-medium-font-size\"><strong>A pr\u00e1ve Jakub Paur strelil n\u00e1\u0161 prv\u00fd g\u00f3ooool z\u00e1pasu! 1:0. Kr\u00e1sne si narazil s \u010euri\u0161om a nekompromisne prekonal brank\u00e1ra DAC. Skvel\u00e1 s\u00fahra na\u0161ich najsk\u00fasenej\u0161\u00edch hr\u00e1\u010dov. Na tabuli svietila 73. min\u00fata.<\/strong><\/p>\n\n\n\n<p class=\"has-text-align-center has-medium-font-size\">Tr\u00e9ner Michal Ga\u0161par\u00edk mal pri tomto striedan\u00ed skuto\u010dne \u0161\u0165astn\u00fa ruku.<\/p>\n\n\n<div class=\"wp-block-image\">\n<figure class=\"aligncenter size-large\"><img loading=\"lazy\" decoding=\"async\" width=\"1024\" height=\"683\" src=\"https:\/\/fcspartaktrnava.com\/wp-content\/uploads\/2025\/02\/DSC_3733-1024x683.jpg\" alt=\"\" class=\"wp-image-25873\" srcset=\"https:\/\/fcspartaktrnava.com\/wp-content\/uploads\/2025\/02\/DSC_3733-1024x683.jpg 1024w, https:\/\/fcspartaktrnava.com\/wp-content\/uploads\/2025\/02\/DSC_3733-300x200.jpg 300w, https:\/\/fcspartaktrnava.com\/wp-content\/uploads\/2025\/02\/DSC_3733-768x512.jpg 768w, https:\/\/fcspartaktrnava.com\/wp-content\/uploads\/2025\/02\/DSC_3733-1536x1024.jpg 1536w, https:\/\/fcspartaktrnava.com\/wp-content\/uploads\/2025\/02\/DSC_3733-2048x1365.jpg 2048w, https:\/\/fcspartaktrnava.com\/wp-content\/uploads\/2025\/02\/DSC_3733-18x12.jpg 18w\" sizes=\"auto, (max-width: 1024px) 100vw, 1024px\" \/><\/figure>\n<\/div>\n\n\n<p><\/p>\n\n\n\n<p class=\"has-text-align-center has-medium-font-size\">V obrane sme si museli d\u00e1va\u0165 pozor. Frelih na\u010falej dr\u017eal \u010dist\u00fd \u0161t\u00edt. Poradil si aj s nepr\u00edjemnou strelou Brunettiho. V 83. min\u00fate sme druh\u00fdkr\u00e1t vystriedali. Z tr\u00e1vnika odi\u0161iel Ofori, vymenil ho Bukata.<\/p>\n\n\n\n<p class=\"has-text-align-center has-medium-font-size\">V 89. min\u00fate sme ale v obrane zav\u00e1hali. Frelih si vybehol na Andzouanu, ale nezachytil loptu. Hos\u0165uj\u00faci hr\u00e1\u010d ho obi\u0161iel, prihral pred pr\u00e1zdnu br\u00e1nu Bari\u0161i\u0107ovi, ktor\u00fd sa nem\u00fdlil a vyrovnal na kone\u010dn\u00fdch 1:1. Ve\u013ek\u00e1 \u0161koda tohto g\u00f3lu v z\u00e1vere duelu. V nadstavenom \u010dase sme e\u0161te vystriedali. Z ihriska odi\u0161iel \u010euri\u0161, ktor\u00e9ho nahradil Proch\u00e1zka. <\/p>\n\n\n\n<p class=\"has-text-align-center has-medium-font-size\">Po rem\u00edze 1:1 s DAC si pred na\u0161im s\u00faperom dr\u017e\u00edme aj na\u010falej dvan\u00e1s\u0165bodov\u00fd n\u00e1skok. <strong>\u010eAKUJEME ZA PODPORU<\/strong>!<\/p>\n\n\n\n<p class=\"has-text-align-center has-medium-font-size\">U\u017e bud\u00facu nede\u013eu sa vid\u00edme op\u00e4\u0165 doma v z\u00e1pase proti Podbrezovej.<\/p>\n\n\n\n<hr class=\"wp-block-separator has-alpha-channel-opacity\"\/>\n\n\n\n<h3 class=\"wp-block-heading has-text-align-center\">Nik\u00e9 liga \u2013 20. kolo:<\/h3>\n\n\n\n<p class=\"has-text-align-center has-black-color has-white-background-color has-text-color has-background has-link-color has-medium-font-size wp-elements-43c93ba4ab2c122b5f2aa86dc47f563d\"><strong>FC Spartak Trnava \u2013 FK DAC 1904 Dunajsk\u00e1 Streda 1:1 (0:0)<\/strong><\/p>\n\n\n\n<p class=\"has-text-align-center has-black-color has-white-background-color has-text-color has-background has-link-color has-medium-font-size wp-elements-7e4357997ca9939902effa19fc6e171c\">G\u00f3ly: 73. Paur \u2013 89. Andzouana<\/p>\n\n\n\n<p class=\"has-text-align-center has-black-color has-white-background-color has-text-color has-background has-link-color has-medium-font-size wp-elements-f660ba163c7f39e617cd887a5ca25c94\">\u017dK: Jure\u0161kin, \u010euri\u0161, Paur \u2013 Trusa, Dukanovi\u010d<\/p>\n\n\n\n<p class=\"has-text-align-center has-black-color has-white-background-color has-text-color has-background has-link-color has-medium-font-size wp-elements-e7a4a6bb83133052d5095cf158bce377\">Rozhodovali: Kru\u017eliak \u2013 Straka, Roszbeck<\/p>\n\n\n\n<p class=\"has-text-align-center has-black-color has-white-background-color has-text-color has-background has-link-color has-medium-font-size wp-elements-ae42f6e85c29e53343892ce1bf6a471b\">Div\u00e1ci: 4302<\/p>\n\n\n\n<p class=\"has-text-align-center has-black-color has-white-background-color has-text-color has-background has-link-color has-medium-font-size wp-elements-dbc787f0cff7e467591152376d904540\">SPARTAK: Frelih \u2013 Hol\u00edk, \u0160tetina, Ujlaky, Jure\u0161kin \u2013 Zeljkovi\u010d \u2013 Daniel, Ofori (83. Bukata), Kratochv\u00edl, Azango (69. Paur) \u2013 \u010euri\u0161 (90+. Proch\u00e1zka). Tr\u00e9ner: Ga\u0161par\u00edk.<\/p>\n\n\n\n<p class=\"has-text-align-center has-black-color has-white-background-color has-text-color has-background has-link-color has-medium-font-size wp-elements-ac1c719c4877e7ebc48e717e2318c819\">DAC: Popovi\u010d \u2013 Kapanadze (77. Yapi), Ka\u010daraba, Brunetti, Andzouana \u2013 Tuboly, Bajo \u2013 Trusa (65. Dukanovi\u010d), Herc (77. Sylla), Ramadan (89. Dimun) \u2013 Bari\u0161i\u010d. Tr\u00e9ner: Fodrek.<\/p>","protected":false},"excerpt":{"rendered":"<p>Z\u00e1pasov\u00e1 premi\u00e9ra na dom\u00e1cej p\u00f4de v jarnej \u010dasti&#8230;<\/p>","protected":false},"author":5,"featured_media":25874,"comment_status":"closed","ping_status":"closed","sticky":false,"template":"","format":"standard","meta":{"footnotes":""},"categories":[12,20],"tags":[],"class_list":["post-25870","post","type-post","status-publish","format-standard","has-post-thumbnail","hentry","category-spravy","category-zapas","post-number-1"],"yoast_head":"<!-- This site is optimized with the Yoast SEO plugin v27.1.1 - https:\/\/yoast.com\/product\/yoast-seo-wordpress\/ -->\n<title>Prv\u00fd jarn\u00fd dom\u00e1ci z\u00e1pas proti DAC s rem\u00edzou 1:1 - FC Spartak Trnava<\/title>\n<meta name=\"robots\" content=\"index, follow, max-snippet:-1, max-image-preview:large, max-video-preview:-1\" \/>\n<link rel=\"canonical\" href=\"https:\/\/fcspartaktrnava.com\/en\/prvy-jarny-domaci-zapas-proti-dac-s-remizou-11\/\" \/>\n<meta name=\"twitter:label1\" content=\"Written by\" \/>\n\t<meta name=\"twitter:data1\" content=\"Samuel \u010eurinsk\u00fd\" \/>\n\t<meta name=\"twitter:label2\" content=\"Estimated reading time\" \/>\n\t<meta name=\"twitter:data2\" content=\"4 minutes\" \/>\n<script type=\"application\/ld+json\" class=\"yoast-schema-graph\">{\"@context\":\"https:\/\/schema.org\",\"@graph\":[{\"@type\":\"Article\",\"@id\":\"https:\/\/fcspartaktrnava.com\/prvy-jarny-domaci-zapas-proti-dac-s-remizou-11\/#article\",\"isPartOf\":{\"@id\":\"https:\/\/fcspartaktrnava.com\/prvy-jarny-domaci-zapas-proti-dac-s-remizou-11\/\"},\"author\":{\"name\":\"Samuel \u010eurinsk\u00fd\",\"@id\":\"https:\/\/fcspartaktrnava.com\/#\/schema\/person\/62c3c2562c3c56e4c0c8c2342c596ac0\"},\"headline\":\"Prv\u00fd jarn\u00fd dom\u00e1ci z\u00e1pas proti DAC s rem\u00edzou 1:1\",\"datePublished\":\"2025-02-16T17:31:57+00:00\",\"mainEntityOfPage\":{\"@id\":\"https:\/\/fcspartaktrnava.com\/prvy-jarny-domaci-zapas-proti-dac-s-remizou-11\/\"},\"wordCount\":724,\"publisher\":{\"@id\":\"https:\/\/fcspartaktrnava.com\/#organization\"},\"image\":{\"@id\":\"https:\/\/fcspartaktrnava.com\/prvy-jarny-domaci-zapas-proti-dac-s-remizou-11\/#primaryimage\"},\"thumbnailUrl\":\"https:\/\/fcspartaktrnava.com\/wp-content\/uploads\/2025\/02\/DSC_3746_1-scaled.jpg\",\"articleSection\":[\"Spr\u00e1vy\",\"Z\u00e1pas\"],\"inLanguage\":\"en-GB\"},{\"@type\":\"WebPage\",\"@id\":\"https:\/\/fcspartaktrnava.com\/prvy-jarny-domaci-zapas-proti-dac-s-remizou-11\/\",\"url\":\"https:\/\/fcspartaktrnava.com\/prvy-jarny-domaci-zapas-proti-dac-s-remizou-11\/\",\"name\":\"Prv\u00fd jarn\u00fd dom\u00e1ci z\u00e1pas proti DAC s rem\u00edzou 1:1 - FC Spartak Trnava\",\"isPartOf\":{\"@id\":\"https:\/\/fcspartaktrnava.com\/#website\"},\"primaryImageOfPage\":{\"@id\":\"https:\/\/fcspartaktrnava.com\/prvy-jarny-domaci-zapas-proti-dac-s-remizou-11\/#primaryimage\"},\"image\":{\"@id\":\"https:\/\/fcspartaktrnava.com\/prvy-jarny-domaci-zapas-proti-dac-s-remizou-11\/#primaryimage\"},\"thumbnailUrl\":\"https:\/\/fcspartaktrnava.com\/wp-content\/uploads\/2025\/02\/DSC_3746_1-scaled.jpg\",\"datePublished\":\"2025-02-16T17:31:57+00:00\",\"breadcrumb\":{\"@id\":\"https:\/\/fcspartaktrnava.com\/prvy-jarny-domaci-zapas-proti-dac-s-remizou-11\/#breadcrumb\"},\"inLanguage\":\"en-GB\",\"potentialAction\":[{\"@type\":\"ReadAction\",\"target\":[\"https:\/\/fcspartaktrnava.com\/prvy-jarny-domaci-zapas-proti-dac-s-remizou-11\/\"]}]},{\"@type\":\"ImageObject\",\"inLanguage\":\"en-GB\",\"@id\":\"https:\/\/fcspartaktrnava.com\/prvy-jarny-domaci-zapas-proti-dac-s-remizou-11\/#primaryimage\",\"url\":\"https:\/\/fcspartaktrnava.com\/wp-content\/uploads\/2025\/02\/DSC_3746_1-scaled.jpg\",\"contentUrl\":\"https:\/\/fcspartaktrnava.com\/wp-content\/uploads\/2025\/02\/DSC_3746_1-scaled.jpg\",\"width\":2560,\"height\":1706},{\"@type\":\"BreadcrumbList\",\"@id\":\"https:\/\/fcspartaktrnava.com\/prvy-jarny-domaci-zapas-proti-dac-s-remizou-11\/#breadcrumb\",\"itemListElement\":[{\"@type\":\"ListItem\",\"position\":1,\"name\":\"Home\",\"item\":\"https:\/\/fcspartaktrnava.com\/\"},{\"@type\":\"ListItem\",\"position\":2,\"name\":\"Prv\u00fd jarn\u00fd dom\u00e1ci z\u00e1pas proti DAC s rem\u00edzou 1:1\"}]},{\"@type\":\"WebSite\",\"@id\":\"https:\/\/fcspartaktrnava.com\/#website\",\"url\":\"https:\/\/fcspartaktrnava.com\/\",\"name\":\"FC Spartak Trnava\",\"description\":\"ofici\u00e1lna webstr\u00e1nka futbalov\u00e9ho klubu\",\"publisher\":{\"@id\":\"https:\/\/fcspartaktrnava.com\/#organization\"},\"potentialAction\":[{\"@type\":\"SearchAction\",\"target\":{\"@type\":\"EntryPoint\",\"urlTemplate\":\"https:\/\/fcspartaktrnava.com\/?s={search_term_string}\"},\"query-input\":{\"@type\":\"PropertyValueSpecification\",\"valueRequired\":true,\"valueName\":\"search_term_string\"}}],\"inLanguage\":\"en-GB\"},{\"@type\":\"Organization\",\"@id\":\"https:\/\/fcspartaktrnava.com\/#organization\",\"name\":\"FC Spartak Trnava\",\"alternateName\":\"Spartak\",\"url\":\"https:\/\/fcspartaktrnava.com\/\",\"logo\":{\"@type\":\"ImageObject\",\"inLanguage\":\"en-GB\",\"@id\":\"https:\/\/fcspartaktrnava.com\/#\/schema\/logo\/image\/\",\"url\":\"https:\/\/fcspartaktrnava.com\/wp-content\/uploads\/2022\/08\/cropped-site_logo.png\",\"contentUrl\":\"https:\/\/fcspartaktrnava.com\/wp-content\/uploads\/2022\/08\/cropped-site_logo.png\",\"width\":140,\"height\":140,\"caption\":\"FC Spartak Trnava\"},\"image\":{\"@id\":\"https:\/\/fcspartaktrnava.com\/#\/schema\/logo\/image\/\"},\"sameAs\":[\"https:\/\/www.facebook.com\/SpartakTrnava\",\"https:\/\/x.com\/SpartakTrnava1\",\"https:\/\/www.instagram.com\/spartak_sk\/\"]},{\"@type\":\"Person\",\"@id\":\"https:\/\/fcspartaktrnava.com\/#\/schema\/person\/62c3c2562c3c56e4c0c8c2342c596ac0\",\"name\":\"Samuel \u010eurinsk\u00fd\",\"image\":{\"@type\":\"ImageObject\",\"inLanguage\":\"en-GB\",\"@id\":\"https:\/\/fcspartaktrnava.com\/#\/schema\/person\/image\/\",\"url\":\"https:\/\/secure.gravatar.com\/avatar\/af2fa02af92418b86ed742470664fe40056833fb68d84becf03f6ab02319257c?s=96&d=mm&r=g\",\"contentUrl\":\"https:\/\/secure.gravatar.com\/avatar\/af2fa02af92418b86ed742470664fe40056833fb68d84becf03f6ab02319257c?s=96&d=mm&r=g\",\"caption\":\"Samuel \u010eurinsk\u00fd\"},\"url\":\"https:\/\/fcspartaktrnava.com\/en\/author\/fcst-samuel\/\"}]}<\/script>\n<!-- \/ Yoast SEO plugin. -->","yoast_head_json":{"title":"Prv\u00fd jarn\u00fd dom\u00e1ci z\u00e1pas proti DAC s rem\u00edzou 1:1 - FC Spartak Trnava","robots":{"index":"index","follow":"follow","max-snippet":"max-snippet:-1","max-image-preview":"max-image-preview:large","max-video-preview":"max-video-preview:-1"},"canonical":"https:\/\/fcspartaktrnava.com\/en\/prvy-jarny-domaci-zapas-proti-dac-s-remizou-11\/","twitter_misc":{"Written by":"Samuel \u010eurinsk\u00fd","Estimated reading time":"4 minutes"},"schema":{"@context":"https:\/\/schema.org","@graph":[{"@type":"Article","@id":"https:\/\/fcspartaktrnava.com\/prvy-jarny-domaci-zapas-proti-dac-s-remizou-11\/#article","isPartOf":{"@id":"https:\/\/fcspartaktrnava.com\/prvy-jarny-domaci-zapas-proti-dac-s-remizou-11\/"},"author":{"name":"Samuel \u010eurinsk\u00fd","@id":"https:\/\/fcspartaktrnava.com\/#\/schema\/person\/62c3c2562c3c56e4c0c8c2342c596ac0"},"headline":"Prv\u00fd jarn\u00fd dom\u00e1ci z\u00e1pas proti DAC s rem\u00edzou 1:1","datePublished":"2025-02-16T17:31:57+00:00","mainEntityOfPage":{"@id":"https:\/\/fcspartaktrnava.com\/prvy-jarny-domaci-zapas-proti-dac-s-remizou-11\/"},"wordCount":724,"publisher":{"@id":"https:\/\/fcspartaktrnava.com\/#organization"},"image":{"@id":"https:\/\/fcspartaktrnava.com\/prvy-jarny-domaci-zapas-proti-dac-s-remizou-11\/#primaryimage"},"thumbnailUrl":"https:\/\/fcspartaktrnava.com\/wp-content\/uploads\/2025\/02\/DSC_3746_1-scaled.jpg","articleSection":["Spr\u00e1vy","Z\u00e1pas"],"inLanguage":"en-GB"},{"@type":"WebPage","@id":"https:\/\/fcspartaktrnava.com\/prvy-jarny-domaci-zapas-proti-dac-s-remizou-11\/","url":"https:\/\/fcspartaktrnava.com\/prvy-jarny-domaci-zapas-proti-dac-s-remizou-11\/","name":"Prv\u00fd jarn\u00fd dom\u00e1ci z\u00e1pas proti DAC s rem\u00edzou 1:1 - FC Spartak Trnava","isPartOf":{"@id":"https:\/\/fcspartaktrnava.com\/#website"},"primaryImageOfPage":{"@id":"https:\/\/fcspartaktrnava.com\/prvy-jarny-domaci-zapas-proti-dac-s-remizou-11\/#primaryimage"},"image":{"@id":"https:\/\/fcspartaktrnava.com\/prvy-jarny-domaci-zapas-proti-dac-s-remizou-11\/#primaryimage"},"thumbnailUrl":"https:\/\/fcspartaktrnava.com\/wp-content\/uploads\/2025\/02\/DSC_3746_1-scaled.jpg","datePublished":"2025-02-16T17:31:57+00:00","breadcrumb":{"@id":"https:\/\/fcspartaktrnava.com\/prvy-jarny-domaci-zapas-proti-dac-s-remizou-11\/#breadcrumb"},"inLanguage":"en-GB","potentialAction":[{"@type":"ReadAction","target":["https:\/\/fcspartaktrnava.com\/prvy-jarny-domaci-zapas-proti-dac-s-remizou-11\/"]}]},{"@type":"ImageObject","inLanguage":"en-GB","@id":"https:\/\/fcspartaktrnava.com\/prvy-jarny-domaci-zapas-proti-dac-s-remizou-11\/#primaryimage","url":"https:\/\/fcspartaktrnava.com\/wp-content\/uploads\/2025\/02\/DSC_3746_1-scaled.jpg","contentUrl":"https:\/\/fcspartaktrnava.com\/wp-content\/uploads\/2025\/02\/DSC_3746_1-scaled.jpg","width":2560,"height":1706},{"@type":"BreadcrumbList","@id":"https:\/\/fcspartaktrnava.com\/prvy-jarny-domaci-zapas-proti-dac-s-remizou-11\/#breadcrumb","itemListElement":[{"@type":"ListItem","position":1,"name":"Home","item":"https:\/\/fcspartaktrnava.com\/"},{"@type":"ListItem","position":2,"name":"Prv\u00fd jarn\u00fd dom\u00e1ci z\u00e1pas proti DAC s rem\u00edzou 1:1"}]},{"@type":"WebSite","@id":"https:\/\/fcspartaktrnava.com\/#website","url":"https:\/\/fcspartaktrnava.com\/","name":"FC Spartak Trnava","description":"ofici\u00e1lna webstr\u00e1nka futbalov\u00e9ho klubu","publisher":{"@id":"https:\/\/fcspartaktrnava.com\/#organization"},"potentialAction":[{"@type":"SearchAction","target":{"@type":"EntryPoint","urlTemplate":"https:\/\/fcspartaktrnava.com\/?s={search_term_string}"},"query-input":{"@type":"PropertyValueSpecification","valueRequired":true,"valueName":"search_term_string"}}],"inLanguage":"en-GB"},{"@type":"Organization","@id":"https:\/\/fcspartaktrnava.com\/#organization","name":"FC Spartak Trnava","alternateName":"Spartak","url":"https:\/\/fcspartaktrnava.com\/","logo":{"@type":"ImageObject","inLanguage":"en-GB","@id":"https:\/\/fcspartaktrnava.com\/#\/schema\/logo\/image\/","url":"https:\/\/fcspartaktrnava.com\/wp-content\/uploads\/2022\/08\/cropped-site_logo.png","contentUrl":"https:\/\/fcspartaktrnava.com\/wp-content\/uploads\/2022\/08\/cropped-site_logo.png","width":140,"height":140,"caption":"FC Spartak Trnava"},"image":{"@id":"https:\/\/fcspartaktrnava.com\/#\/schema\/logo\/image\/"},"sameAs":["https:\/\/www.facebook.com\/SpartakTrnava","https:\/\/x.com\/SpartakTrnava1","https:\/\/www.instagram.com\/spartak_sk\/"]},{"@type":"Person","@id":"https:\/\/fcspartaktrnava.com\/#\/schema\/person\/62c3c2562c3c56e4c0c8c2342c596ac0","name":"Samuel \u010eurinsk\u00fd","image":{"@type":"ImageObject","inLanguage":"en-GB","@id":"https:\/\/fcspartaktrnava.com\/#\/schema\/person\/image\/","url":"https:\/\/secure.gravatar.com\/avatar\/af2fa02af92418b86ed742470664fe40056833fb68d84becf03f6ab02319257c?s=96&d=mm&r=g","contentUrl":"https:\/\/secure.gravatar.com\/avatar\/af2fa02af92418b86ed742470664fe40056833fb68d84becf03f6ab02319257c?s=96&d=mm&r=g","caption":"Samuel \u010eurinsk\u00fd"},"url":"https:\/\/fcspartaktrnava.com\/en\/author\/fcst-samuel\/"}]}},"_links":{"self":[{"href":"https:\/\/fcspartaktrnava.com\/en\/wp-json\/wp\/v2\/posts\/25870","targetHints":{"allow":["GET"]}}],"collection":[{"href":"https:\/\/fcspartaktrnava.com\/en\/wp-json\/wp\/v2\/posts"}],"about":[{"href":"https:\/\/fcspartaktrnava.com\/en\/wp-json\/wp\/v2\/types\/post"}],"author":[{"embeddable":true,"href":"https:\/\/fcspartaktrnava.com\/en\/wp-json\/wp\/v2\/users\/5"}],"replies":[{"embeddable":true,"href":"https:\/\/fcspartaktrnava.com\/en\/wp-json\/wp\/v2\/comments?post=25870"}],"version-history":[{"count":0,"href":"https:\/\/fcspartaktrnava.com\/en\/wp-json\/wp\/v2\/posts\/25870\/revisions"}],"wp:featuredmedia":[{"embeddable":true,"href":"https:\/\/fcspartaktrnava.com\/en\/wp-json\/wp\/v2\/media\/25874"}],"wp:attachment":[{"href":"https:\/\/fcspartaktrnava.com\/en\/wp-json\/wp\/v2\/media?parent=25870"}],"wp:term":[{"taxonomy":"category","embeddable":true,"href":"https:\/\/fcspartaktrnava.com\/en\/wp-json\/wp\/v2\/categories?post=25870"},{"taxonomy":"post_tag","embeddable":true,"href":"https:\/\/fcspartaktrnava.com\/en\/wp-json\/wp\/v2\/tags?post=25870"}],"curies":[{"name":"wp","href":"https:\/\/api.w.org\/{rel}","templated":true}]}}