{"id":25797,"date":"2025-02-09T12:49:34","date_gmt":"2025-02-09T10:49:34","guid":{"rendered":"https:\/\/fcspartaktrnava.com\/?p=25797"},"modified":"2025-02-09T12:49:35","modified_gmt":"2025-02-09T10:49:35","slug":"ohlasy-na-presvedcivu-vyhru-v-bystrici","status":"publish","type":"post","link":"https:\/\/fcspartaktrnava.com\/en\/ohlasy-na-presvedcivu-vyhru-v-bystrici\/","title":{"rendered":"Ohlasy na presved\u010div\u00fa v\u00fdhru v Bystrici"},"content":{"rendered":"<p class=\"has-text-align-center has-medium-font-size\">\u0160tyri g\u00f3ly do siete Banskej Bystrice, z toho dva v podan\u00ed Michala \u010euri\u0161a a kone\u010dn\u00e1 v\u00fdhra 4:1 pre Spartak! <\/p>\n\n\n\n<p class=\"has-text-align-center has-medium-font-size\">V\u00ed\u0165azn\u00e9 sobotn\u00e9 popoludnie a pln\u00fd bodov\u00fd zisk, s\u00fa viac ako ide\u00e1lnou pozv\u00e1nkou na prv\u00fd dom\u00e1ci z\u00e1pas jarnej \u010dasti proti DAC. Pri tom ur\u010dite nem\u00f4\u017eete ch\u00fdba\u0165. V\u010dera ste boli v Banskej Bystrici op\u00e4\u0165 skvel\u00ed! Po\u010fme spolo\u010dne zaplni\u0165 trib\u00fany v \u0161l\u00e1gri proti Dunajskej Strede u\u017e 16. febru\u00e1ra.<\/p>\n\n\n\n<p class=\"has-text-align-center has-black-color has-luminous-vivid-amber-background-color has-text-color has-background has-link-color has-medium-font-size wp-elements-93641e964cd4f7cfb574a1eb603083e8\"><strong><a href=\"https:\/\/predpredaj.zoznam.sk\/sk\/listky\/fc-spartak-trnava-fc-dac-1904-dunajska-streda-2025-02-16\/\">Vstupenky zak\u00fapite pohodlne a jednoducho na predpredaj.sk<\/a><\/strong><\/p>\n\n\n<div class=\"wp-block-image\">\n<figure class=\"aligncenter size-large is-resized\"><img loading=\"lazy\" decoding=\"async\" width=\"1024\" height=\"683\" src=\"https:\/\/fcspartaktrnava.com\/wp-content\/uploads\/2025\/02\/DSC_2287-1024x683.jpg\" alt=\"\" class=\"wp-image-25798\" style=\"width:768px;height:auto\" srcset=\"https:\/\/fcspartaktrnava.com\/wp-content\/uploads\/2025\/02\/DSC_2287-1024x683.jpg 1024w, https:\/\/fcspartaktrnava.com\/wp-content\/uploads\/2025\/02\/DSC_2287-300x200.jpg 300w, https:\/\/fcspartaktrnava.com\/wp-content\/uploads\/2025\/02\/DSC_2287-768x512.jpg 768w, https:\/\/fcspartaktrnava.com\/wp-content\/uploads\/2025\/02\/DSC_2287-1536x1024.jpg 1536w, https:\/\/fcspartaktrnava.com\/wp-content\/uploads\/2025\/02\/DSC_2287-2048x1365.jpg 2048w, https:\/\/fcspartaktrnava.com\/wp-content\/uploads\/2025\/02\/DSC_2287-18x12.jpg 18w\" sizes=\"auto, (max-width: 1024px) 100vw, 1024px\" \/><\/figure>\n<\/div>\n\n\n<hr class=\"wp-block-separator has-alpha-channel-opacity\"\/>\n\n\n\n<h2 class=\"wp-block-heading has-text-align-center\">O v\u0161etkom sme rozhodli u\u017e v prvom pol\u010dase<\/h2>\n\n\n\n<p class=\"has-text-align-center has-medium-font-size\">Strelec dvoch g\u00f3lov, Michal \u010euri\u0161, u\u017e tradi\u010dne g\u00f3ly proti svojmu b\u00fdval\u00e9mu klubu neoslavuje, ale v\u00fdraznou mierou prispel k presved\u010divej v\u00fdhre 4:1. Presadil sa v 8. a 37. min\u00fate. <\/p>\n\n\n\n<p class=\"has-text-align-center has-medium-font-size\"><strong>&#8222;Do z\u00e1pasu sme i\u0161li s cie\u013eom vyhra\u0165. Prv\u00e9 kolo po zimnej prest\u00e1vke je v\u017edy nevyspytate\u013en\u00e9 a sme radi, \u017ee sme to zvl\u00e1dli za tri body. Tak\u00fdto z\u00e1pas sme e\u0161te v aktu\u00e1lnej sez\u00f3ne nemali. Prakticky u\u017e v prvom pol\u010dase sme rozhodli o v\u00fdhre. D\u00f4le\u017eit\u00e9 tri body a som za to r\u00e1d. U\u017e v pr\u00edprave sme mali dobr\u00e9 z\u00e1pasy, aj v\u00fdsledkovo aj herne. Odrazili sme sa od toho a d\u00fafam, \u017ee budeme takto pokra\u010dova\u0165 \u010falej.&#8220; <\/strong><\/p>\n\n\n\n<figure class=\"wp-block-embed aligncenter is-type-video is-provider-youtube wp-block-embed-youtube wp-embed-aspect-16-9 wp-has-aspect-ratio\"><div class=\"wp-block-embed__wrapper\">\n<iframe loading=\"lazy\" title=\"Michal \u010euri\u0161 po v\u00fdhre nad Duklou\" width=\"500\" height=\"281\" src=\"https:\/\/www.youtube.com\/embed\/y0mPYTiZAkc?feature=oembed\" frameborder=\"0\" allow=\"accelerometer; autoplay; clipboard-write; encrypted-media; gyroscope; picture-in-picture; web-share\" referrerpolicy=\"strict-origin-when-cross-origin\" allowfullscreen><\/iframe>\n<\/div><\/figure>\n\n\n\n<hr class=\"wp-block-separator has-alpha-channel-opacity\"\/>\n\n\n\n<p class=\"has-text-align-center has-medium-font-size\">S v\u00fdkonom na\u0161ich hr\u00e1\u010dov bol spokojn\u00fd aj tr\u00e9ner Michal Ga\u0161par\u00edk.<\/p>\n\n\n\n<p class=\"has-text-align-center has-medium-font-size\"><strong>&#8222;Po pr\u00edprave to bol \u00faplne ide\u00e1lny \u0161tart do jarnej \u010dasti. Ve\u013emi dobr\u00fd prv\u00fd pol\u010das, vynikaj\u00faci prv\u00fd pol\u010das. Chalani dobre kombinovali, dobre behali, vytv\u00e1rali si \u0161ance a dali sme tri g\u00f3ly. Mali sme tam aj \u010fal\u0161ie \u0161ance. V druhom pol\u010dase sme to viac-menej kontrolovali. Pre n\u00e1s je to ve\u013emi d\u00f4le\u017eit\u00e9 v\u00ed\u0165azstvo a je to povzbudenie pred jarnou \u010das\u0165ou. Ideme \u010falej.&#8220;<\/strong><\/p>\n\n\n<div class=\"wp-block-image\">\n<figure class=\"aligncenter size-large\"><a href=\"https:\/\/predpredaj.zoznam.sk\/sk\/listky\/fc-spartak-trnava-fc-dac-1904-dunajska-streda-2025-02-16\/\"><img loading=\"lazy\" decoding=\"async\" width=\"1024\" height=\"341\" src=\"https:\/\/fcspartaktrnava.com\/wp-content\/uploads\/2025\/02\/Predpredaj-banner-1-1024x341.png\" alt=\"\" class=\"wp-image-25799\" srcset=\"https:\/\/fcspartaktrnava.com\/wp-content\/uploads\/2025\/02\/Predpredaj-banner-1-1024x341.png 1024w, https:\/\/fcspartaktrnava.com\/wp-content\/uploads\/2025\/02\/Predpredaj-banner-1-300x100.png 300w, https:\/\/fcspartaktrnava.com\/wp-content\/uploads\/2025\/02\/Predpredaj-banner-1-768x256.png 768w, https:\/\/fcspartaktrnava.com\/wp-content\/uploads\/2025\/02\/Predpredaj-banner-1-18x6.png 18w, https:\/\/fcspartaktrnava.com\/wp-content\/uploads\/2025\/02\/Predpredaj-banner-1.png 1140w\" sizes=\"auto, (max-width: 1024px) 100vw, 1024px\" \/><\/a><\/figure>\n<\/div>\n\n\n<p class=\"has-text-align-center has-black-color has-white-background-color has-text-color has-background has-link-color has-medium-font-size wp-elements-66b9f1b1fefb43d1007b57013fcb4d03\"><strong>Ideme \u010falej. <a href=\"https:\/\/predpredaj.zoznam.sk\/sk\/listky\/fc-spartak-trnava-fc-dac-1904-dunajska-streda-2025-02-16\/\">U\u017e bud\u00facu nede\u013eu 16. febru\u00e1ra na \u0160tadi\u00f3ne Antona Malatinsk\u00e9ho!<\/a><\/strong><\/p>\n\n\n\n<p class=\"has-text-align-center has-white-color has-luminous-vivid-orange-to-vivid-red-gradient-background has-text-color has-background has-link-color has-medium-font-size wp-elements-a74d867383c948179958727496bbb52c\"><strong>\u0160l\u00e1ger kola a ve\u013emi d\u00f4le\u017eit\u00fd z\u00e1pas proti DAC. V\u010deraj\u0161ie zav\u00e1hanie \u017diliny na dom\u00e1cej p\u00f4de proti Ko\u0161iciam, n\u00e1s k celku spod Dub\u0148a pribl\u00ed\u017eilo na rozdiel dvoch bodov. Skvel\u00e1 a priam ide\u00e1lna pozv\u00e1nka na prv\u00fd jarn\u00fd dom\u00e1ci z\u00e1pas SPARTAKA<\/strong>. <strong>Vid\u00edme sa na \u0161tadi\u00f3ne!<\/strong><\/p>\n\n\n\n<hr class=\"wp-block-separator has-text-color has-vivid-red-color has-alpha-channel-opacity has-vivid-red-background-color has-background is-style-dots\"\/>\n\n\n\n<p class=\"has-text-align-center has-medium-font-size\"><strong>Pozrite si cel\u00fa tla\u010dov\u00fa konferenciu po z\u00e1pase proti Dukle aj reakciu kapit\u00e1na Martina Mikovi\u010da. <\/strong><\/p>\n\n\n\n<figure class=\"wp-block-embed aligncenter is-type-video is-provider-youtube wp-block-embed-youtube wp-embed-aspect-16-9 wp-has-aspect-ratio\"><div class=\"wp-block-embed__wrapper\">\n<iframe loading=\"lazy\" title=\"Tla\u010dov\u00e1 konferencia | Michal Ga\u0161par\u00edk a Martin Poljovka po z\u00e1pase\" width=\"500\" height=\"281\" src=\"https:\/\/www.youtube.com\/embed\/vMUcpebrpMQ?start=329&#038;feature=oembed\" frameborder=\"0\" allow=\"accelerometer; autoplay; clipboard-write; encrypted-media; gyroscope; picture-in-picture; web-share\" referrerpolicy=\"strict-origin-when-cross-origin\" allowfullscreen><\/iframe>\n<\/div><\/figure>\n\n\n\n<p><\/p>\n\n\n\n<figure class=\"wp-block-embed aligncenter is-type-video is-provider-youtube wp-block-embed-youtube wp-embed-aspect-16-9 wp-has-aspect-ratio\"><div class=\"wp-block-embed__wrapper\">\n<iframe loading=\"lazy\" title=\"Martin Mikovi\u010d po v\u00fdhre nad Duklou\" width=\"500\" height=\"281\" src=\"https:\/\/www.youtube.com\/embed\/9bOUQNax894?feature=oembed\" frameborder=\"0\" allow=\"accelerometer; autoplay; clipboard-write; encrypted-media; gyroscope; picture-in-picture; web-share\" referrerpolicy=\"strict-origin-when-cross-origin\" allowfullscreen><\/iframe>\n<\/div><\/figure>\n\n\n\n<hr class=\"wp-block-separator has-alpha-channel-opacity\"\/>\n\n\n\n<p><\/p>\n\n\n<div class=\"wp-block-image\">\n<figure class=\"aligncenter size-large\"><img loading=\"lazy\" decoding=\"async\" width=\"1024\" height=\"681\" src=\"https:\/\/fcspartaktrnava.com\/wp-content\/uploads\/2025\/02\/DSC_8854-1024x681.jpg\" alt=\"\" class=\"wp-image-25800\" srcset=\"https:\/\/fcspartaktrnava.com\/wp-content\/uploads\/2025\/02\/DSC_8854-1024x681.jpg 1024w, https:\/\/fcspartaktrnava.com\/wp-content\/uploads\/2025\/02\/DSC_8854-300x200.jpg 300w, https:\/\/fcspartaktrnava.com\/wp-content\/uploads\/2025\/02\/DSC_8854-768x511.jpg 768w, https:\/\/fcspartaktrnava.com\/wp-content\/uploads\/2025\/02\/DSC_8854-1536x1022.jpg 1536w, https:\/\/fcspartaktrnava.com\/wp-content\/uploads\/2025\/02\/DSC_8854-2048x1363.jpg 2048w, https:\/\/fcspartaktrnava.com\/wp-content\/uploads\/2025\/02\/DSC_8854-18x12.jpg 18w\" sizes=\"auto, (max-width: 1024px) 100vw, 1024px\" \/><\/figure>\n<\/div>\n\n\n<p class=\"has-text-align-center has-large-font-size\"><strong>PERSISTENCE IN IT! <\/strong><\/p>","protected":false},"excerpt":{"rendered":"<p>\u0160tyri g\u00f3ly do siete Banskej Bystrice, z toho&#8230;<\/p>","protected":false},"author":5,"featured_media":25801,"comment_status":"closed","ping_status":"closed","sticky":false,"template":"","format":"standard","meta":{"footnotes":""},"categories":[12,20],"tags":[],"class_list":["post-25797","post","type-post","status-publish","format-standard","has-post-thumbnail","hentry","category-spravy","category-zapas","post-number-1"],"yoast_head":"<!-- This site is optimized with the Yoast SEO plugin v27.1.1 - https:\/\/yoast.com\/product\/yoast-seo-wordpress\/ -->\n<title>Ohlasy na presved\u010div\u00fa v\u00fdhru v Bystrici - FC Spartak Trnava<\/title>\n<meta name=\"robots\" content=\"index, follow, max-snippet:-1, max-image-preview:large, max-video-preview:-1\" \/>\n<link rel=\"canonical\" href=\"https:\/\/fcspartaktrnava.com\/en\/ohlasy-na-presvedcivu-vyhru-v-bystrici\/\" \/>\n<meta name=\"twitter:label1\" content=\"Written by\" \/>\n\t<meta name=\"twitter:data1\" content=\"Samuel \u010eurinsk\u00fd\" \/>\n\t<meta name=\"twitter:label2\" content=\"Estimated reading time\" \/>\n\t<meta name=\"twitter:data2\" content=\"3 minutes\" \/>\n<script type=\"application\/ld+json\" class=\"yoast-schema-graph\">{\"@context\":\"https:\/\/schema.org\",\"@graph\":[{\"@type\":\"Article\",\"@id\":\"https:\/\/fcspartaktrnava.com\/ohlasy-na-presvedcivu-vyhru-v-bystrici\/#article\",\"isPartOf\":{\"@id\":\"https:\/\/fcspartaktrnava.com\/ohlasy-na-presvedcivu-vyhru-v-bystrici\/\"},\"author\":{\"name\":\"Samuel \u010eurinsk\u00fd\",\"@id\":\"https:\/\/fcspartaktrnava.com\/#\/schema\/person\/62c3c2562c3c56e4c0c8c2342c596ac0\"},\"headline\":\"Ohlasy na presved\u010div\u00fa v\u00fdhru v Bystrici\",\"datePublished\":\"2025-02-09T10:49:34+00:00\",\"dateModified\":\"2025-02-09T10:49:35+00:00\",\"mainEntityOfPage\":{\"@id\":\"https:\/\/fcspartaktrnava.com\/ohlasy-na-presvedcivu-vyhru-v-bystrici\/\"},\"wordCount\":449,\"publisher\":{\"@id\":\"https:\/\/fcspartaktrnava.com\/#organization\"},\"image\":{\"@id\":\"https:\/\/fcspartaktrnava.com\/ohlasy-na-presvedcivu-vyhru-v-bystrici\/#primaryimage\"},\"thumbnailUrl\":\"https:\/\/fcspartaktrnava.com\/wp-content\/uploads\/2025\/02\/DSC_2715-1-scaled.jpg\",\"articleSection\":[\"Spr\u00e1vy\",\"Z\u00e1pas\"],\"inLanguage\":\"en-GB\"},{\"@type\":\"WebPage\",\"@id\":\"https:\/\/fcspartaktrnava.com\/ohlasy-na-presvedcivu-vyhru-v-bystrici\/\",\"url\":\"https:\/\/fcspartaktrnava.com\/ohlasy-na-presvedcivu-vyhru-v-bystrici\/\",\"name\":\"Ohlasy na presved\u010div\u00fa v\u00fdhru v Bystrici - FC Spartak Trnava\",\"isPartOf\":{\"@id\":\"https:\/\/fcspartaktrnava.com\/#website\"},\"primaryImageOfPage\":{\"@id\":\"https:\/\/fcspartaktrnava.com\/ohlasy-na-presvedcivu-vyhru-v-bystrici\/#primaryimage\"},\"image\":{\"@id\":\"https:\/\/fcspartaktrnava.com\/ohlasy-na-presvedcivu-vyhru-v-bystrici\/#primaryimage\"},\"thumbnailUrl\":\"https:\/\/fcspartaktrnava.com\/wp-content\/uploads\/2025\/02\/DSC_2715-1-scaled.jpg\",\"datePublished\":\"2025-02-09T10:49:34+00:00\",\"dateModified\":\"2025-02-09T10:49:35+00:00\",\"breadcrumb\":{\"@id\":\"https:\/\/fcspartaktrnava.com\/ohlasy-na-presvedcivu-vyhru-v-bystrici\/#breadcrumb\"},\"inLanguage\":\"en-GB\",\"potentialAction\":[{\"@type\":\"ReadAction\",\"target\":[\"https:\/\/fcspartaktrnava.com\/ohlasy-na-presvedcivu-vyhru-v-bystrici\/\"]}]},{\"@type\":\"ImageObject\",\"inLanguage\":\"en-GB\",\"@id\":\"https:\/\/fcspartaktrnava.com\/ohlasy-na-presvedcivu-vyhru-v-bystrici\/#primaryimage\",\"url\":\"https:\/\/fcspartaktrnava.com\/wp-content\/uploads\/2025\/02\/DSC_2715-1-scaled.jpg\",\"contentUrl\":\"https:\/\/fcspartaktrnava.com\/wp-content\/uploads\/2025\/02\/DSC_2715-1-scaled.jpg\",\"width\":2560,\"height\":1707},{\"@type\":\"BreadcrumbList\",\"@id\":\"https:\/\/fcspartaktrnava.com\/ohlasy-na-presvedcivu-vyhru-v-bystrici\/#breadcrumb\",\"itemListElement\":[{\"@type\":\"ListItem\",\"position\":1,\"name\":\"Home\",\"item\":\"https:\/\/fcspartaktrnava.com\/\"},{\"@type\":\"ListItem\",\"position\":2,\"name\":\"Ohlasy na presved\u010div\u00fa v\u00fdhru v Bystrici\"}]},{\"@type\":\"WebSite\",\"@id\":\"https:\/\/fcspartaktrnava.com\/#website\",\"url\":\"https:\/\/fcspartaktrnava.com\/\",\"name\":\"FC Spartak Trnava\",\"description\":\"ofici\u00e1lna webstr\u00e1nka futbalov\u00e9ho klubu\",\"publisher\":{\"@id\":\"https:\/\/fcspartaktrnava.com\/#organization\"},\"potentialAction\":[{\"@type\":\"SearchAction\",\"target\":{\"@type\":\"EntryPoint\",\"urlTemplate\":\"https:\/\/fcspartaktrnava.com\/?s={search_term_string}\"},\"query-input\":{\"@type\":\"PropertyValueSpecification\",\"valueRequired\":true,\"valueName\":\"search_term_string\"}}],\"inLanguage\":\"en-GB\"},{\"@type\":\"Organization\",\"@id\":\"https:\/\/fcspartaktrnava.com\/#organization\",\"name\":\"FC Spartak Trnava\",\"alternateName\":\"Spartak\",\"url\":\"https:\/\/fcspartaktrnava.com\/\",\"logo\":{\"@type\":\"ImageObject\",\"inLanguage\":\"en-GB\",\"@id\":\"https:\/\/fcspartaktrnava.com\/#\/schema\/logo\/image\/\",\"url\":\"https:\/\/fcspartaktrnava.com\/wp-content\/uploads\/2022\/08\/cropped-site_logo.png\",\"contentUrl\":\"https:\/\/fcspartaktrnava.com\/wp-content\/uploads\/2022\/08\/cropped-site_logo.png\",\"width\":140,\"height\":140,\"caption\":\"FC Spartak Trnava\"},\"image\":{\"@id\":\"https:\/\/fcspartaktrnava.com\/#\/schema\/logo\/image\/\"},\"sameAs\":[\"https:\/\/www.facebook.com\/SpartakTrnava\",\"https:\/\/x.com\/SpartakTrnava1\",\"https:\/\/www.instagram.com\/spartak_sk\/\"]},{\"@type\":\"Person\",\"@id\":\"https:\/\/fcspartaktrnava.com\/#\/schema\/person\/62c3c2562c3c56e4c0c8c2342c596ac0\",\"name\":\"Samuel \u010eurinsk\u00fd\",\"image\":{\"@type\":\"ImageObject\",\"inLanguage\":\"en-GB\",\"@id\":\"https:\/\/fcspartaktrnava.com\/#\/schema\/person\/image\/\",\"url\":\"https:\/\/secure.gravatar.com\/avatar\/af2fa02af92418b86ed742470664fe40056833fb68d84becf03f6ab02319257c?s=96&d=mm&r=g\",\"contentUrl\":\"https:\/\/secure.gravatar.com\/avatar\/af2fa02af92418b86ed742470664fe40056833fb68d84becf03f6ab02319257c?s=96&d=mm&r=g\",\"caption\":\"Samuel \u010eurinsk\u00fd\"},\"url\":\"https:\/\/fcspartaktrnava.com\/en\/author\/fcst-samuel\/\"}]}<\/script>\n<!-- \/ Yoast SEO plugin. -->","yoast_head_json":{"title":"Ohlasy na presved\u010div\u00fa v\u00fdhru v Bystrici - FC Spartak Trnava","robots":{"index":"index","follow":"follow","max-snippet":"max-snippet:-1","max-image-preview":"max-image-preview:large","max-video-preview":"max-video-preview:-1"},"canonical":"https:\/\/fcspartaktrnava.com\/en\/ohlasy-na-presvedcivu-vyhru-v-bystrici\/","twitter_misc":{"Written by":"Samuel \u010eurinsk\u00fd","Estimated reading time":"3 minutes"},"schema":{"@context":"https:\/\/schema.org","@graph":[{"@type":"Article","@id":"https:\/\/fcspartaktrnava.com\/ohlasy-na-presvedcivu-vyhru-v-bystrici\/#article","isPartOf":{"@id":"https:\/\/fcspartaktrnava.com\/ohlasy-na-presvedcivu-vyhru-v-bystrici\/"},"author":{"name":"Samuel \u010eurinsk\u00fd","@id":"https:\/\/fcspartaktrnava.com\/#\/schema\/person\/62c3c2562c3c56e4c0c8c2342c596ac0"},"headline":"Ohlasy na presved\u010div\u00fa v\u00fdhru v Bystrici","datePublished":"2025-02-09T10:49:34+00:00","dateModified":"2025-02-09T10:49:35+00:00","mainEntityOfPage":{"@id":"https:\/\/fcspartaktrnava.com\/ohlasy-na-presvedcivu-vyhru-v-bystrici\/"},"wordCount":449,"publisher":{"@id":"https:\/\/fcspartaktrnava.com\/#organization"},"image":{"@id":"https:\/\/fcspartaktrnava.com\/ohlasy-na-presvedcivu-vyhru-v-bystrici\/#primaryimage"},"thumbnailUrl":"https:\/\/fcspartaktrnava.com\/wp-content\/uploads\/2025\/02\/DSC_2715-1-scaled.jpg","articleSection":["Spr\u00e1vy","Z\u00e1pas"],"inLanguage":"en-GB"},{"@type":"WebPage","@id":"https:\/\/fcspartaktrnava.com\/ohlasy-na-presvedcivu-vyhru-v-bystrici\/","url":"https:\/\/fcspartaktrnava.com\/ohlasy-na-presvedcivu-vyhru-v-bystrici\/","name":"Ohlasy na presved\u010div\u00fa v\u00fdhru v Bystrici - FC Spartak Trnava","isPartOf":{"@id":"https:\/\/fcspartaktrnava.com\/#website"},"primaryImageOfPage":{"@id":"https:\/\/fcspartaktrnava.com\/ohlasy-na-presvedcivu-vyhru-v-bystrici\/#primaryimage"},"image":{"@id":"https:\/\/fcspartaktrnava.com\/ohlasy-na-presvedcivu-vyhru-v-bystrici\/#primaryimage"},"thumbnailUrl":"https:\/\/fcspartaktrnava.com\/wp-content\/uploads\/2025\/02\/DSC_2715-1-scaled.jpg","datePublished":"2025-02-09T10:49:34+00:00","dateModified":"2025-02-09T10:49:35+00:00","breadcrumb":{"@id":"https:\/\/fcspartaktrnava.com\/ohlasy-na-presvedcivu-vyhru-v-bystrici\/#breadcrumb"},"inLanguage":"en-GB","potentialAction":[{"@type":"ReadAction","target":["https:\/\/fcspartaktrnava.com\/ohlasy-na-presvedcivu-vyhru-v-bystrici\/"]}]},{"@type":"ImageObject","inLanguage":"en-GB","@id":"https:\/\/fcspartaktrnava.com\/ohlasy-na-presvedcivu-vyhru-v-bystrici\/#primaryimage","url":"https:\/\/fcspartaktrnava.com\/wp-content\/uploads\/2025\/02\/DSC_2715-1-scaled.jpg","contentUrl":"https:\/\/fcspartaktrnava.com\/wp-content\/uploads\/2025\/02\/DSC_2715-1-scaled.jpg","width":2560,"height":1707},{"@type":"BreadcrumbList","@id":"https:\/\/fcspartaktrnava.com\/ohlasy-na-presvedcivu-vyhru-v-bystrici\/#breadcrumb","itemListElement":[{"@type":"ListItem","position":1,"name":"Home","item":"https:\/\/fcspartaktrnava.com\/"},{"@type":"ListItem","position":2,"name":"Ohlasy na presved\u010div\u00fa v\u00fdhru v Bystrici"}]},{"@type":"WebSite","@id":"https:\/\/fcspartaktrnava.com\/#website","url":"https:\/\/fcspartaktrnava.com\/","name":"FC Spartak Trnava","description":"ofici\u00e1lna webstr\u00e1nka futbalov\u00e9ho klubu","publisher":{"@id":"https:\/\/fcspartaktrnava.com\/#organization"},"potentialAction":[{"@type":"SearchAction","target":{"@type":"EntryPoint","urlTemplate":"https:\/\/fcspartaktrnava.com\/?s={search_term_string}"},"query-input":{"@type":"PropertyValueSpecification","valueRequired":true,"valueName":"search_term_string"}}],"inLanguage":"en-GB"},{"@type":"Organization","@id":"https:\/\/fcspartaktrnava.com\/#organization","name":"FC Spartak Trnava","alternateName":"Spartak","url":"https:\/\/fcspartaktrnava.com\/","logo":{"@type":"ImageObject","inLanguage":"en-GB","@id":"https:\/\/fcspartaktrnava.com\/#\/schema\/logo\/image\/","url":"https:\/\/fcspartaktrnava.com\/wp-content\/uploads\/2022\/08\/cropped-site_logo.png","contentUrl":"https:\/\/fcspartaktrnava.com\/wp-content\/uploads\/2022\/08\/cropped-site_logo.png","width":140,"height":140,"caption":"FC Spartak Trnava"},"image":{"@id":"https:\/\/fcspartaktrnava.com\/#\/schema\/logo\/image\/"},"sameAs":["https:\/\/www.facebook.com\/SpartakTrnava","https:\/\/x.com\/SpartakTrnava1","https:\/\/www.instagram.com\/spartak_sk\/"]},{"@type":"Person","@id":"https:\/\/fcspartaktrnava.com\/#\/schema\/person\/62c3c2562c3c56e4c0c8c2342c596ac0","name":"Samuel \u010eurinsk\u00fd","image":{"@type":"ImageObject","inLanguage":"en-GB","@id":"https:\/\/fcspartaktrnava.com\/#\/schema\/person\/image\/","url":"https:\/\/secure.gravatar.com\/avatar\/af2fa02af92418b86ed742470664fe40056833fb68d84becf03f6ab02319257c?s=96&d=mm&r=g","contentUrl":"https:\/\/secure.gravatar.com\/avatar\/af2fa02af92418b86ed742470664fe40056833fb68d84becf03f6ab02319257c?s=96&d=mm&r=g","caption":"Samuel \u010eurinsk\u00fd"},"url":"https:\/\/fcspartaktrnava.com\/en\/author\/fcst-samuel\/"}]}},"_links":{"self":[{"href":"https:\/\/fcspartaktrnava.com\/en\/wp-json\/wp\/v2\/posts\/25797","targetHints":{"allow":["GET"]}}],"collection":[{"href":"https:\/\/fcspartaktrnava.com\/en\/wp-json\/wp\/v2\/posts"}],"about":[{"href":"https:\/\/fcspartaktrnava.com\/en\/wp-json\/wp\/v2\/types\/post"}],"author":[{"embeddable":true,"href":"https:\/\/fcspartaktrnava.com\/en\/wp-json\/wp\/v2\/users\/5"}],"replies":[{"embeddable":true,"href":"https:\/\/fcspartaktrnava.com\/en\/wp-json\/wp\/v2\/comments?post=25797"}],"version-history":[{"count":0,"href":"https:\/\/fcspartaktrnava.com\/en\/wp-json\/wp\/v2\/posts\/25797\/revisions"}],"wp:featuredmedia":[{"embeddable":true,"href":"https:\/\/fcspartaktrnava.com\/en\/wp-json\/wp\/v2\/media\/25801"}],"wp:attachment":[{"href":"https:\/\/fcspartaktrnava.com\/en\/wp-json\/wp\/v2\/media?parent=25797"}],"wp:term":[{"taxonomy":"category","embeddable":true,"href":"https:\/\/fcspartaktrnava.com\/en\/wp-json\/wp\/v2\/categories?post=25797"},{"taxonomy":"post_tag","embeddable":true,"href":"https:\/\/fcspartaktrnava.com\/en\/wp-json\/wp\/v2\/tags?post=25797"}],"curies":[{"name":"wp","href":"https:\/\/api.w.org\/{rel}","templated":true}]}}