{"id":2565,"date":"2022-10-27T08:45:16","date_gmt":"2022-10-27T08:45:16","guid":{"rendered":"https:\/\/fcspartaktrnava.com\/?p=2565"},"modified":"2022-10-27T11:37:11","modified_gmt":"2022-10-27T11:37:11","slug":"z-bratov-vantrubovcov-napokon-spokojnejsi-martin","status":"publish","type":"post","link":"https:\/\/fcspartaktrnava.com\/en\/z-bratov-vantrubovcov-napokon-spokojnejsi-martin\/","title":{"rendered":"Of the Vantruba brothers, Martin is finally more satisfied"},"content":{"rendered":"<p>Spartak sa v\u010dera po desiatich rokoch stretol so Sere\u010fou v&nbsp;poh\u00e1ri na jej \u0161tadi\u00f3ne. Aj tentoraz boli spartakovci \u00faspe\u0161n\u00ed a&nbsp;dom\u00e1ceho tre\u0165oligistu vyradili po v\u00fdhre 3:0. Sk\u00f3re z\u00e1pasu otvoril Milan Ristovski a&nbsp;v&nbsp;druhom pol\u010dase ho pod\u010diarkol dvoma g\u00f3lmi Alex Iv\u00e1n, ktor\u00fd do Trnavy prest\u00fapil vlani pr\u00e1ve zo Serede. Zauj\u00edmavos\u0165ou s\u00faboja bolo, \u017ee hoci oboch s\u00faperov delili dve s\u00fa\u0165a\u017ee, v&nbsp;k\u00e1dri dom\u00e1cich boli a\u017e dvaja hr\u00e1\u010di z&nbsp;majstrovskej sez\u00f3ny (Hlad\u00edk, Janso), k\u00fdm v&nbsp;tom trnavskom si priamo z&nbsp;tr\u00e1vnika pam\u00e4t\u00e1 \u00faspe\u0161n\u00fa sez\u00f3nu iba Martin Vantruba.<\/p>\n\n\n\n<p>Ten aj tentoraz dostal v&nbsp;poh\u00e1ri prednos\u0165 pred Tak\u00e1\u010dom, ktor\u00fd si mohol odd\u00fdchnu\u0165. Dostal tak pr\u00edle\u017eitos\u0165 zachyta\u0165 si proti svojmu bratovi Tom\u00e1\u0161ovi, ktor\u00fd nast\u00fapil na hrote Serede. Hoci sa stato\u010dne ruval najm\u00e4 so \u0160tetinom, napokon sa k&nbsp;zakon\u010deniu na brata nedostal.<\/p>\n\n\n\n<p><strong>\u201ePr\u00edli\u0161 som to cez z\u00e1pas nevn\u00edmal, bol som koncentrovan\u00fd, ale bolo pekn\u00e9, ke\u010f sme si na konci podali ruky a&nbsp;som r\u00e1d, \u017ee k&nbsp;v\u00ed\u0165azstvu gratuloval on mne. Proti sebe sme e\u0161te nehrali, bolo to nie\u010do nov\u00e9. Pod\u013ea m\u0148a brat podal dobr\u00fd v\u00fdkon, aj Sere\u010f hrala dobre,\u201c<\/strong> povedal po z\u00e1pase spokojnej\u0161\u00ed Martin.<\/p>\n\n\n\n<figure class=\"wp-block-embed is-type-video is-provider-youtube wp-block-embed-youtube wp-embed-aspect-16-9 wp-has-aspect-ratio\"><div class=\"wp-block-embed__wrapper\">\n<iframe loading=\"lazy\" title=\"Martin Vantruba a Milan Ristovski po z\u00e1pase Slovnaft Cupu so Sere\u010fou\" width=\"500\" height=\"281\" src=\"https:\/\/www.youtube.com\/embed\/eG-UCm6gH6s?feature=oembed\" frameborder=\"0\" allow=\"accelerometer; autoplay; clipboard-write; encrypted-media; gyroscope; picture-in-picture; web-share\" referrerpolicy=\"strict-origin-when-cross-origin\" allowfullscreen><\/iframe>\n<\/div><\/figure>\n\n\n\n<p>V&nbsp;\u017diline sa na ihrisko nedostal Milan Ristovski, no proti Seredi odohral cel\u00fd z\u00e1pas a&nbsp;zap\u00edsal sa aj do streleckej listiny.<\/p>\n\n\n\n<p><strong><em>\u201eVedeli sme, \u017ee ve\u013ea hr\u00e1\u010dov, ktor\u00ed hrali za Sere\u010f v&nbsp;lige, u\u017e tu nie s\u00fa, ale ne\u010dakali sme \u013eahk\u00fd z\u00e1pas. Sme radi, \u017ee sme to zvl\u00e1dli. Vieme, \u017ee tieto z\u00e1pasy b\u00fdvaj\u00fa n\u00e1ro\u010dn\u00e9, ke\u010f ned\u00e1te prv\u00fd g\u00f3l skoro, no dnes sme si to postr\u00e1\u017eili a&nbsp;ideme \u010falej. Tr\u00e9ner n\u00e1s upozor\u0148oval, aby sme ni\u010d nepodcenili, d\u00f4le\u017eit\u00fd bol pr\u00edstup, a&nbsp;ten sme dnes mali.\u201c<\/em><\/strong><\/p>\n\n\n\n<p>Spartak sa ako obhajca trofeje prebojoval medzi najlep\u0161iu \u0161estn\u00e1stku. Poslednou tajni\u010dkou ost\u00e1va postupuj\u00faci z&nbsp;dvojice Stropkov \u2013 Slovan (9. 11.). Do osemfin\u00e1le post\u00fapili ligisti: Spartak Trnava, Michalovce, Skalica, Ru\u017eomberok, Tren\u010d\u00edn, Z. Moravce, L. Mikul\u00e1\u0161, B. Bystrica, druholigisti: Kom\u00e1rno, Myjava, \u0160amor\u00edn, P\u00fachov, Pre\u0161ov, Humenn\u00e9, a&nbsp;tre\u0165oligista z&nbsp;B\u00e1novej.<\/p>\n\n\n\n<p>O&nbsp;zlo\u017een\u00ed dvoj\u00edc \u010fal\u0161ieho kola rozhodne dne\u0161n\u00fd \u017ereb a&nbsp;ke\u010f\u017ee u\u017e nie je niekto nasaden\u00fd, m\u00f4\u017eu sa spolu stretn\u00fa\u0165 aj ligisti. Jedin\u00fa v\u00fdhodu v&nbsp;\u017erebe m\u00e1 tre\u0165oligov\u00e1 B\u00e1nov\u00e1, ktor\u00e1 sa v&nbsp;pr\u00edpade z\u00e1pasu s&nbsp;mu\u017estvom z&nbsp;najvy\u0161\u0161ej s\u00fa\u0165a\u017ee ur\u010dite predstav\u00ed na svojom ihrisku. &nbsp;&nbsp;<\/p>\n\n\n\n<p>Milan Ristovski nem\u00e1 \u017eiadneho s\u00fapera, ktor\u00e9ho by si prial, pr\u00edpadne by sa niekoho ob\u00e1val. <strong><em>\u201eHlavne by som si \u017eelal, aby sme hrali doma. Tam sme siln\u00ed a&nbsp;potom u\u017e si nevyber\u00e1m, m\u00f4\u017ee to by\u0165 hocikto.\u201c<\/em><\/strong><\/p>","protected":false},"excerpt":{"rendered":"<p>Spartak sa v\u010dera po desiatich rokoch stretol so&#8230;<\/p>","protected":false},"author":2,"featured_media":2566,"comment_status":"closed","ping_status":"closed","sticky":false,"template":"","format":"standard","meta":{"footnotes":""},"categories":[50],"tags":[54],"class_list":["post-2565","post","type-post","status-publish","format-standard","has-post-thumbnail","hentry","category-rozhovory","tag-sered","post-number-1"],"yoast_head":"<!-- This site is optimized with the Yoast SEO plugin v27.1.1 - https:\/\/yoast.com\/product\/yoast-seo-wordpress\/ -->\n<title>Z\u00a0bratov Vantrubovcov napokon spokojnej\u0161\u00ed Martin - FC Spartak Trnava<\/title>\n<meta name=\"robots\" content=\"index, follow, max-snippet:-1, max-image-preview:large, max-video-preview:-1\" \/>\n<link rel=\"canonical\" href=\"https:\/\/fcspartaktrnava.com\/en\/z-bratov-vantrubovcov-napokon-spokojnejsi-martin\/\" \/>\n<meta name=\"twitter:label1\" content=\"Written by\" \/>\n\t<meta name=\"twitter:data1\" content=\"spartak\" \/>\n\t<meta name=\"twitter:label2\" content=\"Estimated reading time\" \/>\n\t<meta name=\"twitter:data2\" content=\"3 minutes\" \/>\n<script type=\"application\/ld+json\" class=\"yoast-schema-graph\">{\"@context\":\"https:\/\/schema.org\",\"@graph\":[{\"@type\":\"Article\",\"@id\":\"https:\/\/fcspartaktrnava.com\/z-bratov-vantrubovcov-napokon-spokojnejsi-martin\/#article\",\"isPartOf\":{\"@id\":\"https:\/\/fcspartaktrnava.com\/z-bratov-vantrubovcov-napokon-spokojnejsi-martin\/\"},\"author\":{\"name\":\"spartak\",\"@id\":\"https:\/\/fcspartaktrnava.com\/#\/schema\/person\/24bc5b254af14f71d7d8af178790aa75\"},\"headline\":\"Z\u00a0bratov Vantrubovcov napokon spokojnej\u0161\u00ed Martin\",\"datePublished\":\"2022-10-27T08:45:16+00:00\",\"dateModified\":\"2022-10-27T11:37:11+00:00\",\"mainEntityOfPage\":{\"@id\":\"https:\/\/fcspartaktrnava.com\/z-bratov-vantrubovcov-napokon-spokojnejsi-martin\/\"},\"wordCount\":534,\"publisher\":{\"@id\":\"https:\/\/fcspartaktrnava.com\/#organization\"},\"image\":{\"@id\":\"https:\/\/fcspartaktrnava.com\/z-bratov-vantrubovcov-napokon-spokojnejsi-martin\/#primaryimage\"},\"thumbnailUrl\":\"https:\/\/fcspartaktrnava.com\/wp-content\/uploads\/2022\/10\/sered-rozh.jpg\",\"keywords\":[\"Sere\u010f\"],\"articleSection\":[\"Rozhovory\"],\"inLanguage\":\"en-GB\"},{\"@type\":\"WebPage\",\"@id\":\"https:\/\/fcspartaktrnava.com\/z-bratov-vantrubovcov-napokon-spokojnejsi-martin\/\",\"url\":\"https:\/\/fcspartaktrnava.com\/z-bratov-vantrubovcov-napokon-spokojnejsi-martin\/\",\"name\":\"Z\u00a0bratov Vantrubovcov napokon spokojnej\u0161\u00ed Martin - FC Spartak Trnava\",\"isPartOf\":{\"@id\":\"https:\/\/fcspartaktrnava.com\/#website\"},\"primaryImageOfPage\":{\"@id\":\"https:\/\/fcspartaktrnava.com\/z-bratov-vantrubovcov-napokon-spokojnejsi-martin\/#primaryimage\"},\"image\":{\"@id\":\"https:\/\/fcspartaktrnava.com\/z-bratov-vantrubovcov-napokon-spokojnejsi-martin\/#primaryimage\"},\"thumbnailUrl\":\"https:\/\/fcspartaktrnava.com\/wp-content\/uploads\/2022\/10\/sered-rozh.jpg\",\"datePublished\":\"2022-10-27T08:45:16+00:00\",\"dateModified\":\"2022-10-27T11:37:11+00:00\",\"breadcrumb\":{\"@id\":\"https:\/\/fcspartaktrnava.com\/z-bratov-vantrubovcov-napokon-spokojnejsi-martin\/#breadcrumb\"},\"inLanguage\":\"en-GB\",\"potentialAction\":[{\"@type\":\"ReadAction\",\"target\":[\"https:\/\/fcspartaktrnava.com\/z-bratov-vantrubovcov-napokon-spokojnejsi-martin\/\"]}]},{\"@type\":\"ImageObject\",\"inLanguage\":\"en-GB\",\"@id\":\"https:\/\/fcspartaktrnava.com\/z-bratov-vantrubovcov-napokon-spokojnejsi-martin\/#primaryimage\",\"url\":\"https:\/\/fcspartaktrnava.com\/wp-content\/uploads\/2022\/10\/sered-rozh.jpg\",\"contentUrl\":\"https:\/\/fcspartaktrnava.com\/wp-content\/uploads\/2022\/10\/sered-rozh.jpg\",\"width\":1300,\"height\":555},{\"@type\":\"BreadcrumbList\",\"@id\":\"https:\/\/fcspartaktrnava.com\/z-bratov-vantrubovcov-napokon-spokojnejsi-martin\/#breadcrumb\",\"itemListElement\":[{\"@type\":\"ListItem\",\"position\":1,\"name\":\"Home\",\"item\":\"https:\/\/fcspartaktrnava.com\/\"},{\"@type\":\"ListItem\",\"position\":2,\"name\":\"Z\u00a0bratov Vantrubovcov napokon spokojnej\u0161\u00ed Martin\"}]},{\"@type\":\"WebSite\",\"@id\":\"https:\/\/fcspartaktrnava.com\/#website\",\"url\":\"https:\/\/fcspartaktrnava.com\/\",\"name\":\"FC Spartak Trnava\",\"description\":\"ofici\u00e1lna webstr\u00e1nka futbalov\u00e9ho klubu\",\"publisher\":{\"@id\":\"https:\/\/fcspartaktrnava.com\/#organization\"},\"potentialAction\":[{\"@type\":\"SearchAction\",\"target\":{\"@type\":\"EntryPoint\",\"urlTemplate\":\"https:\/\/fcspartaktrnava.com\/?s={search_term_string}\"},\"query-input\":{\"@type\":\"PropertyValueSpecification\",\"valueRequired\":true,\"valueName\":\"search_term_string\"}}],\"inLanguage\":\"en-GB\"},{\"@type\":\"Organization\",\"@id\":\"https:\/\/fcspartaktrnava.com\/#organization\",\"name\":\"FC Spartak Trnava\",\"alternateName\":\"Spartak\",\"url\":\"https:\/\/fcspartaktrnava.com\/\",\"logo\":{\"@type\":\"ImageObject\",\"inLanguage\":\"en-GB\",\"@id\":\"https:\/\/fcspartaktrnava.com\/#\/schema\/logo\/image\/\",\"url\":\"https:\/\/fcspartaktrnava.com\/wp-content\/uploads\/2022\/08\/cropped-site_logo.png\",\"contentUrl\":\"https:\/\/fcspartaktrnava.com\/wp-content\/uploads\/2022\/08\/cropped-site_logo.png\",\"width\":140,\"height\":140,\"caption\":\"FC Spartak Trnava\"},\"image\":{\"@id\":\"https:\/\/fcspartaktrnava.com\/#\/schema\/logo\/image\/\"},\"sameAs\":[\"https:\/\/www.facebook.com\/SpartakTrnava\",\"https:\/\/x.com\/SpartakTrnava1\",\"https:\/\/www.instagram.com\/spartak_sk\/\"]},{\"@type\":\"Person\",\"@id\":\"https:\/\/fcspartaktrnava.com\/#\/schema\/person\/24bc5b254af14f71d7d8af178790aa75\",\"name\":\"spartak\",\"image\":{\"@type\":\"ImageObject\",\"inLanguage\":\"en-GB\",\"@id\":\"https:\/\/fcspartaktrnava.com\/#\/schema\/person\/image\/\",\"url\":\"https:\/\/secure.gravatar.com\/avatar\/f8ff8584f3fcf3909a11a6da9019f37749183b4015bca14e64556c52614cdc7f?s=96&d=mm&r=g\",\"contentUrl\":\"https:\/\/secure.gravatar.com\/avatar\/f8ff8584f3fcf3909a11a6da9019f37749183b4015bca14e64556c52614cdc7f?s=96&d=mm&r=g\",\"caption\":\"spartak\"},\"url\":\"https:\/\/fcspartaktrnava.com\/en\/author\/spartak\/\"}]}<\/script>\n<!-- \/ Yoast SEO plugin. -->","yoast_head_json":{"title":"Z\u00a0bratov Vantrubovcov napokon spokojnej\u0161\u00ed Martin - FC Spartak Trnava","robots":{"index":"index","follow":"follow","max-snippet":"max-snippet:-1","max-image-preview":"max-image-preview:large","max-video-preview":"max-video-preview:-1"},"canonical":"https:\/\/fcspartaktrnava.com\/en\/z-bratov-vantrubovcov-napokon-spokojnejsi-martin\/","twitter_misc":{"Written by":"spartak","Estimated reading time":"3 minutes"},"schema":{"@context":"https:\/\/schema.org","@graph":[{"@type":"Article","@id":"https:\/\/fcspartaktrnava.com\/z-bratov-vantrubovcov-napokon-spokojnejsi-martin\/#article","isPartOf":{"@id":"https:\/\/fcspartaktrnava.com\/z-bratov-vantrubovcov-napokon-spokojnejsi-martin\/"},"author":{"name":"spartak","@id":"https:\/\/fcspartaktrnava.com\/#\/schema\/person\/24bc5b254af14f71d7d8af178790aa75"},"headline":"Z\u00a0bratov Vantrubovcov napokon spokojnej\u0161\u00ed Martin","datePublished":"2022-10-27T08:45:16+00:00","dateModified":"2022-10-27T11:37:11+00:00","mainEntityOfPage":{"@id":"https:\/\/fcspartaktrnava.com\/z-bratov-vantrubovcov-napokon-spokojnejsi-martin\/"},"wordCount":534,"publisher":{"@id":"https:\/\/fcspartaktrnava.com\/#organization"},"image":{"@id":"https:\/\/fcspartaktrnava.com\/z-bratov-vantrubovcov-napokon-spokojnejsi-martin\/#primaryimage"},"thumbnailUrl":"https:\/\/fcspartaktrnava.com\/wp-content\/uploads\/2022\/10\/sered-rozh.jpg","keywords":["Sere\u010f"],"articleSection":["Rozhovory"],"inLanguage":"en-GB"},{"@type":"WebPage","@id":"https:\/\/fcspartaktrnava.com\/z-bratov-vantrubovcov-napokon-spokojnejsi-martin\/","url":"https:\/\/fcspartaktrnava.com\/z-bratov-vantrubovcov-napokon-spokojnejsi-martin\/","name":"Z\u00a0bratov Vantrubovcov napokon spokojnej\u0161\u00ed Martin - FC Spartak Trnava","isPartOf":{"@id":"https:\/\/fcspartaktrnava.com\/#website"},"primaryImageOfPage":{"@id":"https:\/\/fcspartaktrnava.com\/z-bratov-vantrubovcov-napokon-spokojnejsi-martin\/#primaryimage"},"image":{"@id":"https:\/\/fcspartaktrnava.com\/z-bratov-vantrubovcov-napokon-spokojnejsi-martin\/#primaryimage"},"thumbnailUrl":"https:\/\/fcspartaktrnava.com\/wp-content\/uploads\/2022\/10\/sered-rozh.jpg","datePublished":"2022-10-27T08:45:16+00:00","dateModified":"2022-10-27T11:37:11+00:00","breadcrumb":{"@id":"https:\/\/fcspartaktrnava.com\/z-bratov-vantrubovcov-napokon-spokojnejsi-martin\/#breadcrumb"},"inLanguage":"en-GB","potentialAction":[{"@type":"ReadAction","target":["https:\/\/fcspartaktrnava.com\/z-bratov-vantrubovcov-napokon-spokojnejsi-martin\/"]}]},{"@type":"ImageObject","inLanguage":"en-GB","@id":"https:\/\/fcspartaktrnava.com\/z-bratov-vantrubovcov-napokon-spokojnejsi-martin\/#primaryimage","url":"https:\/\/fcspartaktrnava.com\/wp-content\/uploads\/2022\/10\/sered-rozh.jpg","contentUrl":"https:\/\/fcspartaktrnava.com\/wp-content\/uploads\/2022\/10\/sered-rozh.jpg","width":1300,"height":555},{"@type":"BreadcrumbList","@id":"https:\/\/fcspartaktrnava.com\/z-bratov-vantrubovcov-napokon-spokojnejsi-martin\/#breadcrumb","itemListElement":[{"@type":"ListItem","position":1,"name":"Home","item":"https:\/\/fcspartaktrnava.com\/"},{"@type":"ListItem","position":2,"name":"Z\u00a0bratov Vantrubovcov napokon spokojnej\u0161\u00ed Martin"}]},{"@type":"WebSite","@id":"https:\/\/fcspartaktrnava.com\/#website","url":"https:\/\/fcspartaktrnava.com\/","name":"FC Spartak Trnava","description":"ofici\u00e1lna webstr\u00e1nka futbalov\u00e9ho klubu","publisher":{"@id":"https:\/\/fcspartaktrnava.com\/#organization"},"potentialAction":[{"@type":"SearchAction","target":{"@type":"EntryPoint","urlTemplate":"https:\/\/fcspartaktrnava.com\/?s={search_term_string}"},"query-input":{"@type":"PropertyValueSpecification","valueRequired":true,"valueName":"search_term_string"}}],"inLanguage":"en-GB"},{"@type":"Organization","@id":"https:\/\/fcspartaktrnava.com\/#organization","name":"FC Spartak Trnava","alternateName":"Spartak","url":"https:\/\/fcspartaktrnava.com\/","logo":{"@type":"ImageObject","inLanguage":"en-GB","@id":"https:\/\/fcspartaktrnava.com\/#\/schema\/logo\/image\/","url":"https:\/\/fcspartaktrnava.com\/wp-content\/uploads\/2022\/08\/cropped-site_logo.png","contentUrl":"https:\/\/fcspartaktrnava.com\/wp-content\/uploads\/2022\/08\/cropped-site_logo.png","width":140,"height":140,"caption":"FC Spartak Trnava"},"image":{"@id":"https:\/\/fcspartaktrnava.com\/#\/schema\/logo\/image\/"},"sameAs":["https:\/\/www.facebook.com\/SpartakTrnava","https:\/\/x.com\/SpartakTrnava1","https:\/\/www.instagram.com\/spartak_sk\/"]},{"@type":"Person","@id":"https:\/\/fcspartaktrnava.com\/#\/schema\/person\/24bc5b254af14f71d7d8af178790aa75","name":"spartak","image":{"@type":"ImageObject","inLanguage":"en-GB","@id":"https:\/\/fcspartaktrnava.com\/#\/schema\/person\/image\/","url":"https:\/\/secure.gravatar.com\/avatar\/f8ff8584f3fcf3909a11a6da9019f37749183b4015bca14e64556c52614cdc7f?s=96&d=mm&r=g","contentUrl":"https:\/\/secure.gravatar.com\/avatar\/f8ff8584f3fcf3909a11a6da9019f37749183b4015bca14e64556c52614cdc7f?s=96&d=mm&r=g","caption":"spartak"},"url":"https:\/\/fcspartaktrnava.com\/en\/author\/spartak\/"}]}},"_links":{"self":[{"href":"https:\/\/fcspartaktrnava.com\/en\/wp-json\/wp\/v2\/posts\/2565","targetHints":{"allow":["GET"]}}],"collection":[{"href":"https:\/\/fcspartaktrnava.com\/en\/wp-json\/wp\/v2\/posts"}],"about":[{"href":"https:\/\/fcspartaktrnava.com\/en\/wp-json\/wp\/v2\/types\/post"}],"author":[{"embeddable":true,"href":"https:\/\/fcspartaktrnava.com\/en\/wp-json\/wp\/v2\/users\/2"}],"replies":[{"embeddable":true,"href":"https:\/\/fcspartaktrnava.com\/en\/wp-json\/wp\/v2\/comments?post=2565"}],"version-history":[{"count":0,"href":"https:\/\/fcspartaktrnava.com\/en\/wp-json\/wp\/v2\/posts\/2565\/revisions"}],"wp:featuredmedia":[{"embeddable":true,"href":"https:\/\/fcspartaktrnava.com\/en\/wp-json\/wp\/v2\/media\/2566"}],"wp:attachment":[{"href":"https:\/\/fcspartaktrnava.com\/en\/wp-json\/wp\/v2\/media?parent=2565"}],"wp:term":[{"taxonomy":"category","embeddable":true,"href":"https:\/\/fcspartaktrnava.com\/en\/wp-json\/wp\/v2\/categories?post=2565"},{"taxonomy":"post_tag","embeddable":true,"href":"https:\/\/fcspartaktrnava.com\/en\/wp-json\/wp\/v2\/tags?post=2565"}],"curies":[{"name":"wp","href":"https:\/\/api.w.org\/{rel}","templated":true}]}}