{"id":25492,"date":"2025-01-30T12:54:24","date_gmt":"2025-01-30T10:54:24","guid":{"rendered":"https:\/\/fcspartaktrnava.com\/?p=25492"},"modified":"2025-01-30T17:04:08","modified_gmt":"2025-01-30T15:04:08","slug":"na-generalku-jarnej-casti-vybehneme-v-uplne-novych-bielych-dresoch","status":"publish","type":"post","link":"https:\/\/fcspartaktrnava.com\/en\/na-generalku-jarnej-casti-vybehneme-v-uplne-novych-bielych-dresoch\/","title":{"rendered":"Na gener\u00e1lku jarnej \u010dasti vybehneme v \u00faplne nov\u00fdch bielych dresoch!"},"content":{"rendered":"<p class=\"has-text-align-center has-medium-font-size\"><strong>Exkluz\u00edvna premi\u00e9ra novej bielej sady dresov A-t\u00edmu 2025\/2026 u\u017e v sobotu 1. febru\u00e1ra na dom\u00e1com \u0160tadi\u00f3ne Antona Malatinsk\u00e9ho! <\/strong><\/p>\n\n\n\n<p class=\"has-text-align-center has-medium-font-size\">V stredu popoludn\u00ed absolvovali hr\u00e1\u010di A-t\u00edmu fotenie nov\u00fdch dresov FC Spartak Trnava. Zatia\u013e \u010do \u010derveno-\u010d\u00edrna sada dresov pre\u0161la redizajnom, v pr\u00edpade bielej sady ide o \u00faplne nov\u00e9 prevedenie.<\/p>\n\n\n\n<p class=\"has-text-align-center has-medium-font-size\">V dobrej n\u00e1lade hr\u00e1\u010di zap\u00f3zovali objekt\u00edvu a v pozit\u00edvnom duchu sa niesli aj ich hodnotenia nov\u00fdch dresov. <strong>V \u00faplne novej bielej sade sa predstavia v sobotnom z\u00e1pase proti SK L\u00ed\u0161e\u0148. <\/strong><\/p>\n\n\n\n<p class=\"has-text-align-center has-luminous-vivid-amber-background-color has-background has-medium-font-size\"><strong>V\u00a0predajni FCSTORE a\u00a0v e-shope FCSTORE bud\u00fa v\u00a0predaji od 16. febru\u00e1ra, kedy n\u00e1s \u010dak\u00e1 dom\u00e1ci duel proti Dunajskej Strede!<\/strong><\/p>\n\n\n\n<p><\/p>\n\n\n\n<hr class=\"wp-block-separator has-text-color has-vivid-red-color has-alpha-channel-opacity has-vivid-red-background-color has-background\"\/>\n\n\n\n<p class=\"has-text-align-center has-medium-font-size\"><strong>Vstupenky na gener\u00e1lku jarnej \u010dasti zak\u00fapite na <a href=\"https:\/\/predpredaj.zoznam.sk\/sk\/listky\/fc-spartak-trnava-sk-lisen-2025-02-01\/\">predpredaj.sk.<\/a> <\/strong><\/p>\n\n\n\n<p class=\"has-text-align-center has-medium-font-size\"><strong>Kompletn\u00e9 inform\u00e1cie o predaji l\u00edstkov a vstupoch zdarma n\u00e1jdete v <a href=\"https:\/\/fcspartaktrnava.com\/en\/vstupenky-na-generalku-jarnej-casti-v-predaji\/\">\u010dl\u00e1nku na na\u0161om webe.<\/a><\/strong><\/p>\n\n\n\n<hr class=\"wp-block-separator has-text-color has-vivid-red-color has-alpha-channel-opacity has-vivid-red-background-color has-background\"\/>\n\n\n\n<p><\/p>\n\n\n\n<h2 class=\"wp-block-heading has-text-align-center\"><strong>EXKLUZ\u00cdVNE: Predstavujeme nov\u00e9 dresy. Prich\u00e1dza EVOL\u00daCIA. ODVAHA JE V&nbsp;NA\u0160EJ DNA!<\/strong><\/h2>\n\n\n\n<p class=\"has-text-align-center has-medium-font-size\"><strong>Odvaha, evol\u00facia, hist\u00f3ria a&nbsp;bud\u00facnos\u0165.<\/strong> V\u0161etky tieto aspekty v&nbsp;sebe ukr\u00fdva jedine\u010dn\u00fd dizajn <strong>nov\u00e9ho bieleho dresu.<\/strong> Na jeho hru\u010f sme aplikovali nezni\u010dite\u013en\u00e9 logo klubu \u2013 odoln\u00e9 vetru, da\u017e\u010fu, chladu, ale aj siln\u00fdm l\u00fa\u010dom slnka \u2013 lebo futbal hr\u00e1me bez oh\u013eadu na po\u010dasie. Logo m\u00e1 dve vrstvy, v\u010faka \u010domu sme dosiahli 3D efekt. Zo zadnej strany nad meno hr\u00e1\u010da umiest\u0148ujeme odkaz na tradi\u010dn\u00e9 fan\u00fa\u0161ikovsk\u00e9 choreo <strong>\u201eTO MY SME SPARTAK\u201c, <\/strong>ktor\u00e9 znie na ka\u017edom dom\u00e1com z\u00e1pase z&nbsp;legend\u00e1rnej severnej trib\u00fany.<\/p>\n\n\n\n<p class=\"has-text-align-center has-medium-font-size\">Nech\u00fdba ani nov\u00fd modern\u00fd symbol FCST, ktor\u00fd odkazuje na s\u00fa\u010dasnos\u0165 klubu a&nbsp;toto logo <strong>FCST <\/strong>n\u00e1jdete aj na na\u0161ej lifestyle kolekcii oble\u010denia a&nbsp;doplnkoch Spartaka. Na zadnej strane pribudli v&nbsp;spodnej \u010dasti <strong>\u010derveno-\u010d\u00edrne pruhy<\/strong>, ktor\u00e9 kore\u0161ponduj\u00fa s&nbsp;dizajnom na prednej \u010dasti dresu a&nbsp;s&nbsp;tradi\u010dn\u00fdmi klubov\u00fdmi farbami dom\u00e1cich dresov Spartaka.<\/p>\n\n\n\n<p class=\"has-text-align-center has-white-color has-vivid-red-background-color has-text-color has-background has-link-color has-large-font-size wp-elements-f2e10ba30e36906999e7108521f90e6c\"><strong>Zameranie na detaily<\/strong><\/p>\n\n\n<div class=\"wp-block-image\">\n<figure class=\"aligncenter size-large is-resized\"><img loading=\"lazy\" decoding=\"async\" width=\"683\" height=\"1024\" src=\"https:\/\/fcspartaktrnava.com\/wp-content\/uploads\/2025\/01\/AIV04054-683x1024.jpg\" alt=\"\" class=\"wp-image-25493\" style=\"width:707px;height:auto\" srcset=\"https:\/\/fcspartaktrnava.com\/wp-content\/uploads\/2025\/01\/AIV04054-683x1024.jpg 683w, https:\/\/fcspartaktrnava.com\/wp-content\/uploads\/2025\/01\/AIV04054-200x300.jpg 200w, https:\/\/fcspartaktrnava.com\/wp-content\/uploads\/2025\/01\/AIV04054-768x1152.jpg 768w, https:\/\/fcspartaktrnava.com\/wp-content\/uploads\/2025\/01\/AIV04054-1024x1536.jpg 1024w, https:\/\/fcspartaktrnava.com\/wp-content\/uploads\/2025\/01\/AIV04054-1365x2048.jpg 1365w, https:\/\/fcspartaktrnava.com\/wp-content\/uploads\/2025\/01\/AIV04054-8x12.jpg 8w, https:\/\/fcspartaktrnava.com\/wp-content\/uploads\/2025\/01\/AIV04054-scaled.jpg 1707w\" sizes=\"auto, (max-width: 683px) 100vw, 683px\" \/><\/figure>\n<\/div>\n\n<div class=\"wp-block-image\">\n<figure class=\"aligncenter size-large is-resized\"><img loading=\"lazy\" decoding=\"async\" width=\"1024\" height=\"683\" src=\"https:\/\/fcspartaktrnava.com\/wp-content\/uploads\/2025\/01\/AIV04052-1024x683.jpg\" alt=\"\" class=\"wp-image-25494\" style=\"width:703px;height:auto\" srcset=\"https:\/\/fcspartaktrnava.com\/wp-content\/uploads\/2025\/01\/AIV04052-1024x683.jpg 1024w, https:\/\/fcspartaktrnava.com\/wp-content\/uploads\/2025\/01\/AIV04052-300x200.jpg 300w, https:\/\/fcspartaktrnava.com\/wp-content\/uploads\/2025\/01\/AIV04052-768x512.jpg 768w, https:\/\/fcspartaktrnava.com\/wp-content\/uploads\/2025\/01\/AIV04052-1536x1024.jpg 1536w, https:\/\/fcspartaktrnava.com\/wp-content\/uploads\/2025\/01\/AIV04052-2048x1365.jpg 2048w, https:\/\/fcspartaktrnava.com\/wp-content\/uploads\/2025\/01\/AIV04052-18x12.jpg 18w\" sizes=\"auto, (max-width: 1024px) 100vw, 1024px\" \/><\/figure>\n<\/div>\n\n<div class=\"wp-block-image\">\n<figure class=\"aligncenter size-large is-resized\"><img loading=\"lazy\" decoding=\"async\" width=\"723\" height=\"1024\" src=\"https:\/\/fcspartaktrnava.com\/wp-content\/uploads\/2025\/01\/AIV03666-723x1024.jpg\" alt=\"\" class=\"wp-image-25500\" style=\"width:710px;height:auto\" srcset=\"https:\/\/fcspartaktrnava.com\/wp-content\/uploads\/2025\/01\/AIV03666-723x1024.jpg 723w, https:\/\/fcspartaktrnava.com\/wp-content\/uploads\/2025\/01\/AIV03666-212x300.jpg 212w, https:\/\/fcspartaktrnava.com\/wp-content\/uploads\/2025\/01\/AIV03666-768x1088.jpg 768w, https:\/\/fcspartaktrnava.com\/wp-content\/uploads\/2025\/01\/AIV03666-1084x1536.jpg 1084w, https:\/\/fcspartaktrnava.com\/wp-content\/uploads\/2025\/01\/AIV03666-1445x2048.jpg 1445w, https:\/\/fcspartaktrnava.com\/wp-content\/uploads\/2025\/01\/AIV03666-8x12.jpg 8w, https:\/\/fcspartaktrnava.com\/wp-content\/uploads\/2025\/01\/AIV03666-scaled.jpg 1807w\" sizes=\"auto, (max-width: 723px) 100vw, 723px\" \/><\/figure>\n<\/div>\n\n\n<hr class=\"wp-block-separator has-text-color has-vivid-red-color has-alpha-channel-opacity has-vivid-red-background-color has-background is-style-dots\"\/>\n\n\n\n<p class=\"has-text-align-center\">&nbsp;<\/p>\n\n\n\n<h2 class=\"wp-block-heading has-text-align-center\">\u010cERVENO-\u010c\u00cdRNE DRESY 25\/26. <strong>REDIZAJN<\/strong>. SILA SA SKR\u00ddVA V&nbsp;DETAILOCH<\/h2>\n\n\n\n<p class=\"has-text-align-center has-medium-font-size\">Ako sme vy\u0161\u0161ie spom\u00ednali, \u010derveno-\u010d\u00edrna sada dresov pre\u0161la <strong>redizajnom. <\/strong><\/p>\n\n\n\n<p class=\"has-text-align-center has-medium-font-size\"><strong>\u201ePri tomto redizajne dresu sme dosiahli ohromuj\u00facu s\u00fdtos\u0165 farieb \u2013 \u010derven\u00e1 je pocitovo silnej\u0161ia a viac sa pribli\u017euje DNA farbe Spartaka a \u010dierna farba zostane \u010diernou aj pri extr\u00e9mnom nam\u00e1han\u00ed dresu\u201c, <\/strong>vysvet\u013euje Miloslav Pt\u00e1\u010dek, mana\u017e\u00e9r PUMA pre \u010cesk\u00fa a Slovensk\u00fa republiku.<\/p>\n\n\n<div class=\"wp-block-image\">\n<figure class=\"aligncenter size-large is-resized\"><img loading=\"lazy\" decoding=\"async\" width=\"1024\" height=\"683\" src=\"https:\/\/fcspartaktrnava.com\/wp-content\/uploads\/2025\/01\/AIV04075-1024x683.jpg\" alt=\"\" class=\"wp-image-25496\" style=\"width:750px;height:auto\" srcset=\"https:\/\/fcspartaktrnava.com\/wp-content\/uploads\/2025\/01\/AIV04075-1024x683.jpg 1024w, https:\/\/fcspartaktrnava.com\/wp-content\/uploads\/2025\/01\/AIV04075-300x200.jpg 300w, https:\/\/fcspartaktrnava.com\/wp-content\/uploads\/2025\/01\/AIV04075-768x512.jpg 768w, https:\/\/fcspartaktrnava.com\/wp-content\/uploads\/2025\/01\/AIV04075-1536x1024.jpg 1536w, https:\/\/fcspartaktrnava.com\/wp-content\/uploads\/2025\/01\/AIV04075-2048x1365.jpg 2048w, https:\/\/fcspartaktrnava.com\/wp-content\/uploads\/2025\/01\/AIV04075-18x12.jpg 18w\" sizes=\"auto, (max-width: 1024px) 100vw, 1024px\" \/><\/figure>\n<\/div>\n\n<div class=\"wp-block-image\">\n<figure class=\"aligncenter size-large is-resized\"><img loading=\"lazy\" decoding=\"async\" width=\"1024\" height=\"726\" src=\"https:\/\/fcspartaktrnava.com\/wp-content\/uploads\/2025\/01\/AIV03467-1024x726.jpg\" alt=\"\" class=\"wp-image-25497\" style=\"width:750px;height:auto\" srcset=\"https:\/\/fcspartaktrnava.com\/wp-content\/uploads\/2025\/01\/AIV03467-1024x726.jpg 1024w, https:\/\/fcspartaktrnava.com\/wp-content\/uploads\/2025\/01\/AIV03467-300x213.jpg 300w, https:\/\/fcspartaktrnava.com\/wp-content\/uploads\/2025\/01\/AIV03467-768x544.jpg 768w, https:\/\/fcspartaktrnava.com\/wp-content\/uploads\/2025\/01\/AIV03467-1536x1088.jpg 1536w, https:\/\/fcspartaktrnava.com\/wp-content\/uploads\/2025\/01\/AIV03467-2048x1451.jpg 2048w, https:\/\/fcspartaktrnava.com\/wp-content\/uploads\/2025\/01\/AIV03467-18x12.jpg 18w\" sizes=\"auto, (max-width: 1024px) 100vw, 1024px\" \/><\/figure>\n<\/div>\n\n<div class=\"wp-block-image\">\n<figure class=\"aligncenter size-large is-resized\"><img loading=\"lazy\" decoding=\"async\" width=\"683\" height=\"1024\" src=\"https:\/\/fcspartaktrnava.com\/wp-content\/uploads\/2025\/01\/AIV03471-683x1024.jpg\" alt=\"\" class=\"wp-image-25498\" style=\"width:751px;height:auto\" srcset=\"https:\/\/fcspartaktrnava.com\/wp-content\/uploads\/2025\/01\/AIV03471-683x1024.jpg 683w, https:\/\/fcspartaktrnava.com\/wp-content\/uploads\/2025\/01\/AIV03471-200x300.jpg 200w, https:\/\/fcspartaktrnava.com\/wp-content\/uploads\/2025\/01\/AIV03471-768x1152.jpg 768w, https:\/\/fcspartaktrnava.com\/wp-content\/uploads\/2025\/01\/AIV03471-1024x1536.jpg 1024w, https:\/\/fcspartaktrnava.com\/wp-content\/uploads\/2025\/01\/AIV03471-1365x2048.jpg 1365w, https:\/\/fcspartaktrnava.com\/wp-content\/uploads\/2025\/01\/AIV03471-8x12.jpg 8w, https:\/\/fcspartaktrnava.com\/wp-content\/uploads\/2025\/01\/AIV03471-scaled.jpg 1707w\" sizes=\"auto, (max-width: 683px) 100vw, 683px\" \/><\/figure>\n<\/div>\n\n\n<hr class=\"wp-block-separator has-text-color has-vivid-red-color has-alpha-channel-opacity has-vivid-red-background-color has-background is-style-dots\"\/>\n\n\n\n<p class=\"has-text-align-center has-medium-font-size\">\u010cerveno-\u010d\u00edrna sada redizajnovan\u00fdch dresov bude ma\u0165 premi\u00e9ru <strong>16. febru\u00e1ra <\/strong>na dom\u00e1com z\u00e1pase proti Dunajskej strede! <\/p>\n\n\n\n<p class=\"has-text-align-center has-medium-font-size\"><strong>Nenechajte si ujs\u0165 prv\u00fd jarn\u00fd z\u00e1pas jarnej \u010dasti Nik\u00e9 ligy na \u0160tadi\u00f3ne Antona Malatinsk\u00e9ho. Vstupenky v&nbsp;predaji na webe predpredaj.sk od 7. febru\u00e1ra. <\/strong><\/p>\n\n\n\n<p class=\"has-text-align-center has-black-color has-white-background-color has-text-color has-background has-link-color has-medium-font-size wp-elements-b0ff521381ccc9820f3386a4b7bc9beb\">Obe sady nov\u00fdch dresov Spartaka bud\u00fa <strong>v\u00a0predajni FCSTORE a\u00a0v e-shope FCSTORE v\u00a0predaji pr\u00e1ve v de\u0148 z\u00e1pasu proti DAC &#8211; 16. febru\u00e1ra<\/strong>.<\/p>\n\n\n<div class=\"wp-block-image\">\n<figure class=\"aligncenter size-large is-resized\"><img loading=\"lazy\" decoding=\"async\" width=\"772\" height=\"1024\" src=\"https:\/\/fcspartaktrnava.com\/wp-content\/uploads\/2025\/01\/AIV03465-772x1024.jpg\" alt=\"\" class=\"wp-image-25499\" style=\"width:746px;height:auto\" srcset=\"https:\/\/fcspartaktrnava.com\/wp-content\/uploads\/2025\/01\/AIV03465-772x1024.jpg 772w, https:\/\/fcspartaktrnava.com\/wp-content\/uploads\/2025\/01\/AIV03465-226x300.jpg 226w, https:\/\/fcspartaktrnava.com\/wp-content\/uploads\/2025\/01\/AIV03465-768x1018.jpg 768w, https:\/\/fcspartaktrnava.com\/wp-content\/uploads\/2025\/01\/AIV03465-1159x1536.jpg 1159w, https:\/\/fcspartaktrnava.com\/wp-content\/uploads\/2025\/01\/AIV03465-1545x2048.jpg 1545w, https:\/\/fcspartaktrnava.com\/wp-content\/uploads\/2025\/01\/AIV03465-9x12.jpg 9w, https:\/\/fcspartaktrnava.com\/wp-content\/uploads\/2025\/01\/AIV03465-scaled.jpg 1931w\" sizes=\"auto, (max-width: 772px) 100vw, 772px\" \/><\/figure>\n<\/div>\n\n\n<hr class=\"wp-block-separator has-text-color has-vivid-red-color has-alpha-channel-opacity has-vivid-red-background-color has-background is-style-dots\"\/>\n\n\n\n<p class=\"has-text-align-center has-medium-font-size\">Ver\u00edme, \u017ee sa v\u00e1m na\u0161e nov\u00e9 dresy p\u00e1\u010dia a prines\u00fa n\u00e1m na tr\u00e1vnikoch \u0161\u0165astie. <\/p>\n\n\n\n<p class=\"has-text-align-center has-large-font-size\"><strong>TO MY SME SPARTAK!<\/strong><\/p>","protected":false},"excerpt":{"rendered":"<p>Exkluz\u00edvna premi\u00e9ra novej bielej sady dresov A-t\u00edmu 2025\/2026&#8230;<\/p>","protected":false},"author":5,"featured_media":25503,"comment_status":"closed","ping_status":"closed","sticky":false,"template":"","format":"standard","meta":{"footnotes":""},"categories":[12],"tags":[],"class_list":["post-25492","post","type-post","status-publish","format-standard","has-post-thumbnail","hentry","category-spravy","post-number-1"],"yoast_head":"<!-- This site is optimized with the Yoast SEO plugin v27.1.1 - https:\/\/yoast.com\/product\/yoast-seo-wordpress\/ -->\n<title>Na gener\u00e1lku jarnej \u010dasti vybehneme v \u00faplne nov\u00fdch bielych dresoch! - FC Spartak Trnava<\/title>\n<meta name=\"robots\" content=\"index, follow, max-snippet:-1, max-image-preview:large, max-video-preview:-1\" \/>\n<link rel=\"canonical\" href=\"https:\/\/fcspartaktrnava.com\/en\/na-generalku-jarnej-casti-vybehneme-v-uplne-novych-bielych-dresoch\/\" \/>\n<meta name=\"twitter:label1\" content=\"Written by\" \/>\n\t<meta name=\"twitter:data1\" content=\"Samuel \u010eurinsk\u00fd\" \/>\n\t<meta name=\"twitter:label2\" content=\"Estimated reading time\" \/>\n\t<meta name=\"twitter:data2\" content=\"4 minutes\" \/>\n<script type=\"application\/ld+json\" class=\"yoast-schema-graph\">{\"@context\":\"https:\/\/schema.org\",\"@graph\":[{\"@type\":\"Article\",\"@id\":\"https:\/\/fcspartaktrnava.com\/na-generalku-jarnej-casti-vybehneme-v-uplne-novych-bielych-dresoch\/#article\",\"isPartOf\":{\"@id\":\"https:\/\/fcspartaktrnava.com\/na-generalku-jarnej-casti-vybehneme-v-uplne-novych-bielych-dresoch\/\"},\"author\":{\"name\":\"Samuel \u010eurinsk\u00fd\",\"@id\":\"https:\/\/fcspartaktrnava.com\/#\/schema\/person\/62c3c2562c3c56e4c0c8c2342c596ac0\"},\"headline\":\"Na gener\u00e1lku jarnej \u010dasti vybehneme v \u00faplne nov\u00fdch bielych dresoch!\",\"datePublished\":\"2025-01-30T10:54:24+00:00\",\"dateModified\":\"2025-01-30T15:04:08+00:00\",\"mainEntityOfPage\":{\"@id\":\"https:\/\/fcspartaktrnava.com\/na-generalku-jarnej-casti-vybehneme-v-uplne-novych-bielych-dresoch\/\"},\"wordCount\":523,\"publisher\":{\"@id\":\"https:\/\/fcspartaktrnava.com\/#organization\"},\"image\":{\"@id\":\"https:\/\/fcspartaktrnava.com\/na-generalku-jarnej-casti-vybehneme-v-uplne-novych-bielych-dresoch\/#primaryimage\"},\"thumbnailUrl\":\"https:\/\/fcspartaktrnava.com\/wp-content\/uploads\/2025\/01\/AIV03411-1024x683-1.jpg\",\"articleSection\":[\"Spr\u00e1vy\"],\"inLanguage\":\"en-GB\"},{\"@type\":\"WebPage\",\"@id\":\"https:\/\/fcspartaktrnava.com\/na-generalku-jarnej-casti-vybehneme-v-uplne-novych-bielych-dresoch\/\",\"url\":\"https:\/\/fcspartaktrnava.com\/na-generalku-jarnej-casti-vybehneme-v-uplne-novych-bielych-dresoch\/\",\"name\":\"Na gener\u00e1lku jarnej \u010dasti vybehneme v \u00faplne nov\u00fdch bielych dresoch! - FC Spartak Trnava\",\"isPartOf\":{\"@id\":\"https:\/\/fcspartaktrnava.com\/#website\"},\"primaryImageOfPage\":{\"@id\":\"https:\/\/fcspartaktrnava.com\/na-generalku-jarnej-casti-vybehneme-v-uplne-novych-bielych-dresoch\/#primaryimage\"},\"image\":{\"@id\":\"https:\/\/fcspartaktrnava.com\/na-generalku-jarnej-casti-vybehneme-v-uplne-novych-bielych-dresoch\/#primaryimage\"},\"thumbnailUrl\":\"https:\/\/fcspartaktrnava.com\/wp-content\/uploads\/2025\/01\/AIV03411-1024x683-1.jpg\",\"datePublished\":\"2025-01-30T10:54:24+00:00\",\"dateModified\":\"2025-01-30T15:04:08+00:00\",\"breadcrumb\":{\"@id\":\"https:\/\/fcspartaktrnava.com\/na-generalku-jarnej-casti-vybehneme-v-uplne-novych-bielych-dresoch\/#breadcrumb\"},\"inLanguage\":\"en-GB\",\"potentialAction\":[{\"@type\":\"ReadAction\",\"target\":[\"https:\/\/fcspartaktrnava.com\/na-generalku-jarnej-casti-vybehneme-v-uplne-novych-bielych-dresoch\/\"]}]},{\"@type\":\"ImageObject\",\"inLanguage\":\"en-GB\",\"@id\":\"https:\/\/fcspartaktrnava.com\/na-generalku-jarnej-casti-vybehneme-v-uplne-novych-bielych-dresoch\/#primaryimage\",\"url\":\"https:\/\/fcspartaktrnava.com\/wp-content\/uploads\/2025\/01\/AIV03411-1024x683-1.jpg\",\"contentUrl\":\"https:\/\/fcspartaktrnava.com\/wp-content\/uploads\/2025\/01\/AIV03411-1024x683-1.jpg\",\"width\":1021,\"height\":611},{\"@type\":\"BreadcrumbList\",\"@id\":\"https:\/\/fcspartaktrnava.com\/na-generalku-jarnej-casti-vybehneme-v-uplne-novych-bielych-dresoch\/#breadcrumb\",\"itemListElement\":[{\"@type\":\"ListItem\",\"position\":1,\"name\":\"Home\",\"item\":\"https:\/\/fcspartaktrnava.com\/\"},{\"@type\":\"ListItem\",\"position\":2,\"name\":\"Na gener\u00e1lku jarnej \u010dasti vybehneme v \u00faplne nov\u00fdch bielych dresoch!\"}]},{\"@type\":\"WebSite\",\"@id\":\"https:\/\/fcspartaktrnava.com\/#website\",\"url\":\"https:\/\/fcspartaktrnava.com\/\",\"name\":\"FC Spartak Trnava\",\"description\":\"ofici\u00e1lna webstr\u00e1nka futbalov\u00e9ho klubu\",\"publisher\":{\"@id\":\"https:\/\/fcspartaktrnava.com\/#organization\"},\"potentialAction\":[{\"@type\":\"SearchAction\",\"target\":{\"@type\":\"EntryPoint\",\"urlTemplate\":\"https:\/\/fcspartaktrnava.com\/?s={search_term_string}\"},\"query-input\":{\"@type\":\"PropertyValueSpecification\",\"valueRequired\":true,\"valueName\":\"search_term_string\"}}],\"inLanguage\":\"en-GB\"},{\"@type\":\"Organization\",\"@id\":\"https:\/\/fcspartaktrnava.com\/#organization\",\"name\":\"FC Spartak Trnava\",\"alternateName\":\"Spartak\",\"url\":\"https:\/\/fcspartaktrnava.com\/\",\"logo\":{\"@type\":\"ImageObject\",\"inLanguage\":\"en-GB\",\"@id\":\"https:\/\/fcspartaktrnava.com\/#\/schema\/logo\/image\/\",\"url\":\"https:\/\/fcspartaktrnava.com\/wp-content\/uploads\/2022\/08\/cropped-site_logo.png\",\"contentUrl\":\"https:\/\/fcspartaktrnava.com\/wp-content\/uploads\/2022\/08\/cropped-site_logo.png\",\"width\":140,\"height\":140,\"caption\":\"FC Spartak Trnava\"},\"image\":{\"@id\":\"https:\/\/fcspartaktrnava.com\/#\/schema\/logo\/image\/\"},\"sameAs\":[\"https:\/\/www.facebook.com\/SpartakTrnava\",\"https:\/\/x.com\/SpartakTrnava1\",\"https:\/\/www.instagram.com\/spartak_sk\/\"]},{\"@type\":\"Person\",\"@id\":\"https:\/\/fcspartaktrnava.com\/#\/schema\/person\/62c3c2562c3c56e4c0c8c2342c596ac0\",\"name\":\"Samuel \u010eurinsk\u00fd\",\"image\":{\"@type\":\"ImageObject\",\"inLanguage\":\"en-GB\",\"@id\":\"https:\/\/fcspartaktrnava.com\/#\/schema\/person\/image\/\",\"url\":\"https:\/\/secure.gravatar.com\/avatar\/af2fa02af92418b86ed742470664fe40056833fb68d84becf03f6ab02319257c?s=96&d=mm&r=g\",\"contentUrl\":\"https:\/\/secure.gravatar.com\/avatar\/af2fa02af92418b86ed742470664fe40056833fb68d84becf03f6ab02319257c?s=96&d=mm&r=g\",\"caption\":\"Samuel \u010eurinsk\u00fd\"},\"url\":\"https:\/\/fcspartaktrnava.com\/en\/author\/fcst-samuel\/\"}]}<\/script>\n<!-- \/ Yoast SEO plugin. -->","yoast_head_json":{"title":"Na gener\u00e1lku jarnej \u010dasti vybehneme v \u00faplne nov\u00fdch bielych dresoch! - FC Spartak Trnava","robots":{"index":"index","follow":"follow","max-snippet":"max-snippet:-1","max-image-preview":"max-image-preview:large","max-video-preview":"max-video-preview:-1"},"canonical":"https:\/\/fcspartaktrnava.com\/en\/na-generalku-jarnej-casti-vybehneme-v-uplne-novych-bielych-dresoch\/","twitter_misc":{"Written by":"Samuel \u010eurinsk\u00fd","Estimated reading time":"4 minutes"},"schema":{"@context":"https:\/\/schema.org","@graph":[{"@type":"Article","@id":"https:\/\/fcspartaktrnava.com\/na-generalku-jarnej-casti-vybehneme-v-uplne-novych-bielych-dresoch\/#article","isPartOf":{"@id":"https:\/\/fcspartaktrnava.com\/na-generalku-jarnej-casti-vybehneme-v-uplne-novych-bielych-dresoch\/"},"author":{"name":"Samuel \u010eurinsk\u00fd","@id":"https:\/\/fcspartaktrnava.com\/#\/schema\/person\/62c3c2562c3c56e4c0c8c2342c596ac0"},"headline":"Na gener\u00e1lku jarnej \u010dasti vybehneme v \u00faplne nov\u00fdch bielych dresoch!","datePublished":"2025-01-30T10:54:24+00:00","dateModified":"2025-01-30T15:04:08+00:00","mainEntityOfPage":{"@id":"https:\/\/fcspartaktrnava.com\/na-generalku-jarnej-casti-vybehneme-v-uplne-novych-bielych-dresoch\/"},"wordCount":523,"publisher":{"@id":"https:\/\/fcspartaktrnava.com\/#organization"},"image":{"@id":"https:\/\/fcspartaktrnava.com\/na-generalku-jarnej-casti-vybehneme-v-uplne-novych-bielych-dresoch\/#primaryimage"},"thumbnailUrl":"https:\/\/fcspartaktrnava.com\/wp-content\/uploads\/2025\/01\/AIV03411-1024x683-1.jpg","articleSection":["Spr\u00e1vy"],"inLanguage":"en-GB"},{"@type":"WebPage","@id":"https:\/\/fcspartaktrnava.com\/na-generalku-jarnej-casti-vybehneme-v-uplne-novych-bielych-dresoch\/","url":"https:\/\/fcspartaktrnava.com\/na-generalku-jarnej-casti-vybehneme-v-uplne-novych-bielych-dresoch\/","name":"Na gener\u00e1lku jarnej \u010dasti vybehneme v \u00faplne nov\u00fdch bielych dresoch! - FC Spartak Trnava","isPartOf":{"@id":"https:\/\/fcspartaktrnava.com\/#website"},"primaryImageOfPage":{"@id":"https:\/\/fcspartaktrnava.com\/na-generalku-jarnej-casti-vybehneme-v-uplne-novych-bielych-dresoch\/#primaryimage"},"image":{"@id":"https:\/\/fcspartaktrnava.com\/na-generalku-jarnej-casti-vybehneme-v-uplne-novych-bielych-dresoch\/#primaryimage"},"thumbnailUrl":"https:\/\/fcspartaktrnava.com\/wp-content\/uploads\/2025\/01\/AIV03411-1024x683-1.jpg","datePublished":"2025-01-30T10:54:24+00:00","dateModified":"2025-01-30T15:04:08+00:00","breadcrumb":{"@id":"https:\/\/fcspartaktrnava.com\/na-generalku-jarnej-casti-vybehneme-v-uplne-novych-bielych-dresoch\/#breadcrumb"},"inLanguage":"en-GB","potentialAction":[{"@type":"ReadAction","target":["https:\/\/fcspartaktrnava.com\/na-generalku-jarnej-casti-vybehneme-v-uplne-novych-bielych-dresoch\/"]}]},{"@type":"ImageObject","inLanguage":"en-GB","@id":"https:\/\/fcspartaktrnava.com\/na-generalku-jarnej-casti-vybehneme-v-uplne-novych-bielych-dresoch\/#primaryimage","url":"https:\/\/fcspartaktrnava.com\/wp-content\/uploads\/2025\/01\/AIV03411-1024x683-1.jpg","contentUrl":"https:\/\/fcspartaktrnava.com\/wp-content\/uploads\/2025\/01\/AIV03411-1024x683-1.jpg","width":1021,"height":611},{"@type":"BreadcrumbList","@id":"https:\/\/fcspartaktrnava.com\/na-generalku-jarnej-casti-vybehneme-v-uplne-novych-bielych-dresoch\/#breadcrumb","itemListElement":[{"@type":"ListItem","position":1,"name":"Home","item":"https:\/\/fcspartaktrnava.com\/"},{"@type":"ListItem","position":2,"name":"Na gener\u00e1lku jarnej \u010dasti vybehneme v \u00faplne nov\u00fdch bielych dresoch!"}]},{"@type":"WebSite","@id":"https:\/\/fcspartaktrnava.com\/#website","url":"https:\/\/fcspartaktrnava.com\/","name":"FC Spartak Trnava","description":"ofici\u00e1lna webstr\u00e1nka futbalov\u00e9ho klubu","publisher":{"@id":"https:\/\/fcspartaktrnava.com\/#organization"},"potentialAction":[{"@type":"SearchAction","target":{"@type":"EntryPoint","urlTemplate":"https:\/\/fcspartaktrnava.com\/?s={search_term_string}"},"query-input":{"@type":"PropertyValueSpecification","valueRequired":true,"valueName":"search_term_string"}}],"inLanguage":"en-GB"},{"@type":"Organization","@id":"https:\/\/fcspartaktrnava.com\/#organization","name":"FC Spartak Trnava","alternateName":"Spartak","url":"https:\/\/fcspartaktrnava.com\/","logo":{"@type":"ImageObject","inLanguage":"en-GB","@id":"https:\/\/fcspartaktrnava.com\/#\/schema\/logo\/image\/","url":"https:\/\/fcspartaktrnava.com\/wp-content\/uploads\/2022\/08\/cropped-site_logo.png","contentUrl":"https:\/\/fcspartaktrnava.com\/wp-content\/uploads\/2022\/08\/cropped-site_logo.png","width":140,"height":140,"caption":"FC Spartak Trnava"},"image":{"@id":"https:\/\/fcspartaktrnava.com\/#\/schema\/logo\/image\/"},"sameAs":["https:\/\/www.facebook.com\/SpartakTrnava","https:\/\/x.com\/SpartakTrnava1","https:\/\/www.instagram.com\/spartak_sk\/"]},{"@type":"Person","@id":"https:\/\/fcspartaktrnava.com\/#\/schema\/person\/62c3c2562c3c56e4c0c8c2342c596ac0","name":"Samuel \u010eurinsk\u00fd","image":{"@type":"ImageObject","inLanguage":"en-GB","@id":"https:\/\/fcspartaktrnava.com\/#\/schema\/person\/image\/","url":"https:\/\/secure.gravatar.com\/avatar\/af2fa02af92418b86ed742470664fe40056833fb68d84becf03f6ab02319257c?s=96&d=mm&r=g","contentUrl":"https:\/\/secure.gravatar.com\/avatar\/af2fa02af92418b86ed742470664fe40056833fb68d84becf03f6ab02319257c?s=96&d=mm&r=g","caption":"Samuel \u010eurinsk\u00fd"},"url":"https:\/\/fcspartaktrnava.com\/en\/author\/fcst-samuel\/"}]}},"_links":{"self":[{"href":"https:\/\/fcspartaktrnava.com\/en\/wp-json\/wp\/v2\/posts\/25492","targetHints":{"allow":["GET"]}}],"collection":[{"href":"https:\/\/fcspartaktrnava.com\/en\/wp-json\/wp\/v2\/posts"}],"about":[{"href":"https:\/\/fcspartaktrnava.com\/en\/wp-json\/wp\/v2\/types\/post"}],"author":[{"embeddable":true,"href":"https:\/\/fcspartaktrnava.com\/en\/wp-json\/wp\/v2\/users\/5"}],"replies":[{"embeddable":true,"href":"https:\/\/fcspartaktrnava.com\/en\/wp-json\/wp\/v2\/comments?post=25492"}],"version-history":[{"count":0,"href":"https:\/\/fcspartaktrnava.com\/en\/wp-json\/wp\/v2\/posts\/25492\/revisions"}],"wp:featuredmedia":[{"embeddable":true,"href":"https:\/\/fcspartaktrnava.com\/en\/wp-json\/wp\/v2\/media\/25503"}],"wp:attachment":[{"href":"https:\/\/fcspartaktrnava.com\/en\/wp-json\/wp\/v2\/media?parent=25492"}],"wp:term":[{"taxonomy":"category","embeddable":true,"href":"https:\/\/fcspartaktrnava.com\/en\/wp-json\/wp\/v2\/categories?post=25492"},{"taxonomy":"post_tag","embeddable":true,"href":"https:\/\/fcspartaktrnava.com\/en\/wp-json\/wp\/v2\/tags?post=25492"}],"curies":[{"name":"wp","href":"https:\/\/api.w.org\/{rel}","templated":true}]}}