{"id":25448,"date":"2025-01-24T13:13:53","date_gmt":"2025-01-24T11:13:53","guid":{"rendered":"https:\/\/fcspartaktrnava.com\/?p=25448"},"modified":"2025-01-27T13:16:55","modified_gmt":"2025-01-27T11:16:55","slug":"vstupenky-na-generalku-jarnej-casti-v-predaji","status":"publish","type":"post","link":"https:\/\/fcspartaktrnava.com\/en\/vstupenky-na-generalku-jarnej-casti-v-predaji\/","title":{"rendered":"Vstupenky na gener\u00e1lku jarnej \u010dasti v predaji"},"content":{"rendered":"<p class=\"has-text-align-center has-medium-font-size\">Posledn\u00fd z\u00e1pas pred \u0161tartom jarnej \u010dasti sez\u00f3ny proti \u010desk\u00e9mu klubu SK L\u00ed\u0161e\u0148 je na programe v sobotu <strong>1. febru\u00e1ra od 13:00<\/strong> na na\u0161om dom\u00e1com \u0161tadi\u00f3ne. <\/p>\n\n\n\n<p class=\"has-text-align-center has-medium-font-size\">Po absolvovan\u00ed s\u00fastredenia v Turecku u\u017e hr\u00e1\u010di A-t\u00edmu prepn\u00fa na dom\u00e1ce zimn\u00e9 podmienky a t\u00fd\u017ede\u0148 pred prv\u00fdm duelom jarnej \u010dasti Nik\u00e9 ligy na p\u00f4de Banskej Bystrice ich \u010dak\u00e1 posledn\u00e1 z\u00e1pasov\u00e1 previerka.<\/p>\n\n\n\n<p class=\"has-text-align-center has-black-color has-white-background-color has-text-color has-background has-link-color has-medium-font-size wp-elements-354b0a4a3c3141422531d1c36b804c90\"><strong><a href=\"https:\/\/predpredaj.zoznam.sk\/sk\/listky\/fc-spartak-trnava-sk-lisen-2025-02-01\/\">VSTUPENKY U\u017d V PREDAJI NA PREDPREDAJ.SK<\/a><\/strong><\/p>\n\n\n<div class=\"wp-block-image\">\n<figure class=\"aligncenter size-large is-resized\"><a href=\"https:\/\/predpredaj.zoznam.sk\/sk\/listky\/fc-spartak-trnava-sk-lisen-2025-02-01\/\"><img loading=\"lazy\" decoding=\"async\" width=\"819\" height=\"1024\" src=\"https:\/\/fcspartaktrnava.com\/wp-content\/uploads\/2025\/01\/PHOTO-2025-01-23-10-50-03-819x1024.jpg\" alt=\"\" class=\"wp-image-25449\" style=\"width:755px;height:auto\" srcset=\"https:\/\/fcspartaktrnava.com\/wp-content\/uploads\/2025\/01\/PHOTO-2025-01-23-10-50-03-819x1024.jpg 819w, https:\/\/fcspartaktrnava.com\/wp-content\/uploads\/2025\/01\/PHOTO-2025-01-23-10-50-03-240x300.jpg 240w, https:\/\/fcspartaktrnava.com\/wp-content\/uploads\/2025\/01\/PHOTO-2025-01-23-10-50-03-768x960.jpg 768w, https:\/\/fcspartaktrnava.com\/wp-content\/uploads\/2025\/01\/PHOTO-2025-01-23-10-50-03-10x12.jpg 10w, https:\/\/fcspartaktrnava.com\/wp-content\/uploads\/2025\/01\/PHOTO-2025-01-23-10-50-03.jpg 1200w\" sizes=\"auto, (max-width: 819px) 100vw, 819px\" \/><\/a><\/figure>\n<\/div>\n\n\n<p><\/p>\n\n\n\n<h2 class=\"wp-block-heading has-text-align-center\"><strong>Dr\u017eitelia permanentiek, preukazu \u0164ZP alebo \u0164ZP-S, \u010dlenovia Rodziny a deti do 15 rokov zadarmo<\/strong><\/h2>\n\n\n\n<p class=\"has-text-align-center has-medium-font-size\">Ver\u00edme, \u017ee si n\u00e1jdete cestu na \u0160tadi\u00f3n Antona Malatinsk\u00e9ho. Br\u00e1ny otv\u00e1rame hodinu pred v\u00fdkopom od <strong>12:00<\/strong>. V rovnakom \u010dase otv\u00e1rame aj poklad\u0148u a klubov\u00fd fanshop<strong> FCSTORE bude otvoren\u00fd v de\u0148 z\u00e1pasu od 9:30 do 16:00.<\/strong><\/p>\n\n\n\n<div class=\"wp-block-group is-vertical is-content-justification-center is-layout-flex wp-container-core-group-is-layout-4b2eccd6 wp-block-group-is-layout-flex\">\n<p class=\"has-text-align-center has-medium-font-size\">K&nbsp;dispoz\u00edcii bude <strong>vo\u013en\u00e9 sedenie na z\u00e1padnej trib\u00fane<\/strong> <strong><mark style=\"background-color:rgba(0, 0, 0, 0)\" class=\"has-inline-color has-vivid-red-color\">(vstupenky pred\u00e1vame bez zasadacieho poriadku &#8211; miesta dr\u017eite\u013eom permanentiek nedr\u017e\u00edme)<\/mark><\/strong>, nebude ch\u00fdba\u0165 ani ob\u010derstvenie na zahriatie v&nbsp;chladnom po\u010das\u00ed a&nbsp;cena l\u00edstkov je jednotn\u00e1 \u2013 <strong>5 EUR.<\/strong><\/p>\n\n\n\n<p><\/p>\n\n\n\n<hr class=\"wp-block-separator has-text-color has-vivid-red-color has-alpha-channel-opacity has-vivid-red-background-color has-background is-style-dots\"\/>\n\n\n\n<hr class=\"wp-block-separator has-alpha-channel-opacity\"\/>\n\n\n\n<p class=\"has-text-align-center has-black-color has-white-background-color has-text-color has-background has-link-color has-medium-font-size wp-elements-d17a49ddf24149445ec8349ca489df8e\"><strong>Ke\u010f\u017ee n\u00e1m v klube z\u00e1le\u017e\u00ed na na\u0161ich najvernej\u0161\u00edch fan\u00fa\u0161ikoch a ml\u00e1de\u017ei, pripravili sme nasledovn\u00fa ponuku vo\u013en\u00fdch vstupov.<\/strong><\/p>\n\n\n\n<p><\/p>\n\n\n\n<p class=\"has-text-align-center has-luminous-vivid-amber-background-color has-background has-medium-font-size\"><strong>VO\u013dN\u00dd VSTUP PLAT\u00cd PRE:<\/strong><\/p>\n\n\n\n<p class=\"has-text-align-center has-luminous-vivid-amber-background-color has-background has-medium-font-size\"><strong>DR\u017dITE\u013dOV PERMANENTIEK A \u010cLENOV RODZINY<\/strong><\/p>\n\n\n\n<p class=\"has-text-align-center has-luminous-vivid-amber-background-color has-background has-medium-font-size\"><strong>DETI DO 15 ROKOV (sta\u010d\u00ed sa preuk\u00e1za\u0165 preukazom poistenca &#8211; pr\u00edpadne in\u00fdm dokladom)<\/strong><\/p>\n\n\n\n<p class=\"has-text-align-center has-black-color has-luminous-vivid-amber-background-color has-text-color has-background has-link-color has-medium-font-size wp-elements-f8583d7c4b660f52d2d9c1d70f364e4b\"><strong>Dr\u017eitelia preukazov \u0164ZP a \u0164ZP-S<\/strong><\/p>\n\n\n\n<hr class=\"wp-block-separator has-text-color has-vivid-red-color has-alpha-channel-opacity has-vivid-red-background-color has-background is-style-dots\"\/>\n<\/div>\n\n\n\n<h2 class=\"wp-block-heading has-text-align-center\">Exkluz\u00edvna z\u00e1pasov\u00e1 premi\u00e9ra nov\u00fdch bielych dresov<\/h2>\n\n\n\n<p class=\"has-text-align-center has-black-color has-white-background-color has-text-color has-background has-link-color has-medium-font-size wp-elements-6474f02f9d8b5a6ece7648b0df8d3a90\"><strong>Te\u0161i\u0165 sa m\u00f4\u017eete aj na z\u00e1pasov\u00fa premi\u00e9ru \u00faplne nov\u00fdch BIELYCH DRESOV, ktor\u00e9 bud\u00fa v predaji od 16. febru\u00e1ra<\/strong> (z\u00e1pas proti DAC) <strong>vo FANSHOPE a na <a href=\"https:\/\/fcstore.sk\/\">FCSTORE.sk<\/a>!<\/strong><\/p>\n\n\n\n<p class=\"has-text-align-center has-medium-font-size\">N\u00e1sledne v\u00e1m budeme predstavova\u0165 ich detaily a nov\u00e9 prvky v duchu hesla: <strong>Evol\u00facia. Odvaha je v na\u0161ej DNA.<\/strong>  <\/p>\n\n\n\n<hr class=\"wp-block-separator has-alpha-channel-opacity\"\/>\n\n\n\n<p class=\"has-text-align-center has-medium-font-size\"><strong>Te\u0161\u00edme sa na v\u00e1s! <\/strong><\/p>\n\n\n\n<p class=\"has-text-align-center has-large-font-size\"><strong>PERSISTENCE IN IT!<\/strong><\/p>","protected":false},"excerpt":{"rendered":"<p>Posledn\u00fd z\u00e1pas pred \u0161tartom jarnej \u010dasti sez\u00f3ny proti&#8230;<\/p>","protected":false},"author":5,"featured_media":24622,"comment_status":"closed","ping_status":"closed","sticky":false,"template":"","format":"standard","meta":{"footnotes":""},"categories":[12,20],"tags":[],"class_list":["post-25448","post","type-post","status-publish","format-standard","has-post-thumbnail","hentry","category-spravy","category-zapas","post-number-1"],"yoast_head":"<!-- This site is optimized with the Yoast SEO plugin v27.1.1 - https:\/\/yoast.com\/product\/yoast-seo-wordpress\/ -->\n<title>Vstupenky na gener\u00e1lku jarnej \u010dasti v predaji - FC Spartak Trnava<\/title>\n<meta name=\"robots\" content=\"index, follow, max-snippet:-1, max-image-preview:large, max-video-preview:-1\" \/>\n<link rel=\"canonical\" href=\"https:\/\/fcspartaktrnava.com\/en\/vstupenky-na-generalku-jarnej-casti-v-predaji\/\" \/>\n<meta name=\"twitter:label1\" content=\"Written by\" \/>\n\t<meta name=\"twitter:data1\" content=\"Samuel \u010eurinsk\u00fd\" \/>\n\t<meta name=\"twitter:label2\" content=\"Estimated reading time\" \/>\n\t<meta name=\"twitter:data2\" content=\"2 minutes\" \/>\n<script type=\"application\/ld+json\" class=\"yoast-schema-graph\">{\"@context\":\"https:\/\/schema.org\",\"@graph\":[{\"@type\":\"Article\",\"@id\":\"https:\/\/fcspartaktrnava.com\/vstupenky-na-generalku-jarnej-casti-v-predaji\/#article\",\"isPartOf\":{\"@id\":\"https:\/\/fcspartaktrnava.com\/vstupenky-na-generalku-jarnej-casti-v-predaji\/\"},\"author\":{\"name\":\"Samuel \u010eurinsk\u00fd\",\"@id\":\"https:\/\/fcspartaktrnava.com\/#\/schema\/person\/62c3c2562c3c56e4c0c8c2342c596ac0\"},\"headline\":\"Vstupenky na gener\u00e1lku jarnej \u010dasti v predaji\",\"datePublished\":\"2025-01-24T11:13:53+00:00\",\"dateModified\":\"2025-01-27T11:16:55+00:00\",\"mainEntityOfPage\":{\"@id\":\"https:\/\/fcspartaktrnava.com\/vstupenky-na-generalku-jarnej-casti-v-predaji\/\"},\"wordCount\":323,\"publisher\":{\"@id\":\"https:\/\/fcspartaktrnava.com\/#organization\"},\"image\":{\"@id\":\"https:\/\/fcspartaktrnava.com\/vstupenky-na-generalku-jarnej-casti-v-predaji\/#primaryimage\"},\"thumbnailUrl\":\"https:\/\/fcspartaktrnava.com\/wp-content\/uploads\/2024\/12\/DSC_4554-Enhanced-NR-scaled.jpeg\",\"articleSection\":[\"Spr\u00e1vy\",\"Z\u00e1pas\"],\"inLanguage\":\"en-GB\"},{\"@type\":\"WebPage\",\"@id\":\"https:\/\/fcspartaktrnava.com\/vstupenky-na-generalku-jarnej-casti-v-predaji\/\",\"url\":\"https:\/\/fcspartaktrnava.com\/vstupenky-na-generalku-jarnej-casti-v-predaji\/\",\"name\":\"Vstupenky na gener\u00e1lku jarnej \u010dasti v predaji - FC Spartak Trnava\",\"isPartOf\":{\"@id\":\"https:\/\/fcspartaktrnava.com\/#website\"},\"primaryImageOfPage\":{\"@id\":\"https:\/\/fcspartaktrnava.com\/vstupenky-na-generalku-jarnej-casti-v-predaji\/#primaryimage\"},\"image\":{\"@id\":\"https:\/\/fcspartaktrnava.com\/vstupenky-na-generalku-jarnej-casti-v-predaji\/#primaryimage\"},\"thumbnailUrl\":\"https:\/\/fcspartaktrnava.com\/wp-content\/uploads\/2024\/12\/DSC_4554-Enhanced-NR-scaled.jpeg\",\"datePublished\":\"2025-01-24T11:13:53+00:00\",\"dateModified\":\"2025-01-27T11:16:55+00:00\",\"breadcrumb\":{\"@id\":\"https:\/\/fcspartaktrnava.com\/vstupenky-na-generalku-jarnej-casti-v-predaji\/#breadcrumb\"},\"inLanguage\":\"en-GB\",\"potentialAction\":[{\"@type\":\"ReadAction\",\"target\":[\"https:\/\/fcspartaktrnava.com\/vstupenky-na-generalku-jarnej-casti-v-predaji\/\"]}]},{\"@type\":\"ImageObject\",\"inLanguage\":\"en-GB\",\"@id\":\"https:\/\/fcspartaktrnava.com\/vstupenky-na-generalku-jarnej-casti-v-predaji\/#primaryimage\",\"url\":\"https:\/\/fcspartaktrnava.com\/wp-content\/uploads\/2024\/12\/DSC_4554-Enhanced-NR-scaled.jpeg\",\"contentUrl\":\"https:\/\/fcspartaktrnava.com\/wp-content\/uploads\/2024\/12\/DSC_4554-Enhanced-NR-scaled.jpeg\",\"width\":2560,\"height\":1709},{\"@type\":\"BreadcrumbList\",\"@id\":\"https:\/\/fcspartaktrnava.com\/vstupenky-na-generalku-jarnej-casti-v-predaji\/#breadcrumb\",\"itemListElement\":[{\"@type\":\"ListItem\",\"position\":1,\"name\":\"Home\",\"item\":\"https:\/\/fcspartaktrnava.com\/\"},{\"@type\":\"ListItem\",\"position\":2,\"name\":\"Vstupenky na gener\u00e1lku jarnej \u010dasti v predaji\"}]},{\"@type\":\"WebSite\",\"@id\":\"https:\/\/fcspartaktrnava.com\/#website\",\"url\":\"https:\/\/fcspartaktrnava.com\/\",\"name\":\"FC Spartak Trnava\",\"description\":\"ofici\u00e1lna webstr\u00e1nka futbalov\u00e9ho klubu\",\"publisher\":{\"@id\":\"https:\/\/fcspartaktrnava.com\/#organization\"},\"potentialAction\":[{\"@type\":\"SearchAction\",\"target\":{\"@type\":\"EntryPoint\",\"urlTemplate\":\"https:\/\/fcspartaktrnava.com\/?s={search_term_string}\"},\"query-input\":{\"@type\":\"PropertyValueSpecification\",\"valueRequired\":true,\"valueName\":\"search_term_string\"}}],\"inLanguage\":\"en-GB\"},{\"@type\":\"Organization\",\"@id\":\"https:\/\/fcspartaktrnava.com\/#organization\",\"name\":\"FC Spartak Trnava\",\"alternateName\":\"Spartak\",\"url\":\"https:\/\/fcspartaktrnava.com\/\",\"logo\":{\"@type\":\"ImageObject\",\"inLanguage\":\"en-GB\",\"@id\":\"https:\/\/fcspartaktrnava.com\/#\/schema\/logo\/image\/\",\"url\":\"https:\/\/fcspartaktrnava.com\/wp-content\/uploads\/2022\/08\/cropped-site_logo.png\",\"contentUrl\":\"https:\/\/fcspartaktrnava.com\/wp-content\/uploads\/2022\/08\/cropped-site_logo.png\",\"width\":140,\"height\":140,\"caption\":\"FC Spartak Trnava\"},\"image\":{\"@id\":\"https:\/\/fcspartaktrnava.com\/#\/schema\/logo\/image\/\"},\"sameAs\":[\"https:\/\/www.facebook.com\/SpartakTrnava\",\"https:\/\/x.com\/SpartakTrnava1\",\"https:\/\/www.instagram.com\/spartak_sk\/\"]},{\"@type\":\"Person\",\"@id\":\"https:\/\/fcspartaktrnava.com\/#\/schema\/person\/62c3c2562c3c56e4c0c8c2342c596ac0\",\"name\":\"Samuel \u010eurinsk\u00fd\",\"image\":{\"@type\":\"ImageObject\",\"inLanguage\":\"en-GB\",\"@id\":\"https:\/\/fcspartaktrnava.com\/#\/schema\/person\/image\/\",\"url\":\"https:\/\/secure.gravatar.com\/avatar\/af2fa02af92418b86ed742470664fe40056833fb68d84becf03f6ab02319257c?s=96&d=mm&r=g\",\"contentUrl\":\"https:\/\/secure.gravatar.com\/avatar\/af2fa02af92418b86ed742470664fe40056833fb68d84becf03f6ab02319257c?s=96&d=mm&r=g\",\"caption\":\"Samuel \u010eurinsk\u00fd\"},\"url\":\"https:\/\/fcspartaktrnava.com\/en\/author\/fcst-samuel\/\"}]}<\/script>\n<!-- \/ Yoast SEO plugin. -->","yoast_head_json":{"title":"Vstupenky na gener\u00e1lku jarnej \u010dasti v predaji - FC Spartak Trnava","robots":{"index":"index","follow":"follow","max-snippet":"max-snippet:-1","max-image-preview":"max-image-preview:large","max-video-preview":"max-video-preview:-1"},"canonical":"https:\/\/fcspartaktrnava.com\/en\/vstupenky-na-generalku-jarnej-casti-v-predaji\/","twitter_misc":{"Written by":"Samuel \u010eurinsk\u00fd","Estimated reading time":"2 minutes"},"schema":{"@context":"https:\/\/schema.org","@graph":[{"@type":"Article","@id":"https:\/\/fcspartaktrnava.com\/vstupenky-na-generalku-jarnej-casti-v-predaji\/#article","isPartOf":{"@id":"https:\/\/fcspartaktrnava.com\/vstupenky-na-generalku-jarnej-casti-v-predaji\/"},"author":{"name":"Samuel \u010eurinsk\u00fd","@id":"https:\/\/fcspartaktrnava.com\/#\/schema\/person\/62c3c2562c3c56e4c0c8c2342c596ac0"},"headline":"Vstupenky na gener\u00e1lku jarnej \u010dasti v predaji","datePublished":"2025-01-24T11:13:53+00:00","dateModified":"2025-01-27T11:16:55+00:00","mainEntityOfPage":{"@id":"https:\/\/fcspartaktrnava.com\/vstupenky-na-generalku-jarnej-casti-v-predaji\/"},"wordCount":323,"publisher":{"@id":"https:\/\/fcspartaktrnava.com\/#organization"},"image":{"@id":"https:\/\/fcspartaktrnava.com\/vstupenky-na-generalku-jarnej-casti-v-predaji\/#primaryimage"},"thumbnailUrl":"https:\/\/fcspartaktrnava.com\/wp-content\/uploads\/2024\/12\/DSC_4554-Enhanced-NR-scaled.jpeg","articleSection":["Spr\u00e1vy","Z\u00e1pas"],"inLanguage":"en-GB"},{"@type":"WebPage","@id":"https:\/\/fcspartaktrnava.com\/vstupenky-na-generalku-jarnej-casti-v-predaji\/","url":"https:\/\/fcspartaktrnava.com\/vstupenky-na-generalku-jarnej-casti-v-predaji\/","name":"Vstupenky na gener\u00e1lku jarnej \u010dasti v predaji - FC Spartak Trnava","isPartOf":{"@id":"https:\/\/fcspartaktrnava.com\/#website"},"primaryImageOfPage":{"@id":"https:\/\/fcspartaktrnava.com\/vstupenky-na-generalku-jarnej-casti-v-predaji\/#primaryimage"},"image":{"@id":"https:\/\/fcspartaktrnava.com\/vstupenky-na-generalku-jarnej-casti-v-predaji\/#primaryimage"},"thumbnailUrl":"https:\/\/fcspartaktrnava.com\/wp-content\/uploads\/2024\/12\/DSC_4554-Enhanced-NR-scaled.jpeg","datePublished":"2025-01-24T11:13:53+00:00","dateModified":"2025-01-27T11:16:55+00:00","breadcrumb":{"@id":"https:\/\/fcspartaktrnava.com\/vstupenky-na-generalku-jarnej-casti-v-predaji\/#breadcrumb"},"inLanguage":"en-GB","potentialAction":[{"@type":"ReadAction","target":["https:\/\/fcspartaktrnava.com\/vstupenky-na-generalku-jarnej-casti-v-predaji\/"]}]},{"@type":"ImageObject","inLanguage":"en-GB","@id":"https:\/\/fcspartaktrnava.com\/vstupenky-na-generalku-jarnej-casti-v-predaji\/#primaryimage","url":"https:\/\/fcspartaktrnava.com\/wp-content\/uploads\/2024\/12\/DSC_4554-Enhanced-NR-scaled.jpeg","contentUrl":"https:\/\/fcspartaktrnava.com\/wp-content\/uploads\/2024\/12\/DSC_4554-Enhanced-NR-scaled.jpeg","width":2560,"height":1709},{"@type":"BreadcrumbList","@id":"https:\/\/fcspartaktrnava.com\/vstupenky-na-generalku-jarnej-casti-v-predaji\/#breadcrumb","itemListElement":[{"@type":"ListItem","position":1,"name":"Home","item":"https:\/\/fcspartaktrnava.com\/"},{"@type":"ListItem","position":2,"name":"Vstupenky na gener\u00e1lku jarnej \u010dasti v predaji"}]},{"@type":"WebSite","@id":"https:\/\/fcspartaktrnava.com\/#website","url":"https:\/\/fcspartaktrnava.com\/","name":"FC Spartak Trnava","description":"ofici\u00e1lna webstr\u00e1nka futbalov\u00e9ho klubu","publisher":{"@id":"https:\/\/fcspartaktrnava.com\/#organization"},"potentialAction":[{"@type":"SearchAction","target":{"@type":"EntryPoint","urlTemplate":"https:\/\/fcspartaktrnava.com\/?s={search_term_string}"},"query-input":{"@type":"PropertyValueSpecification","valueRequired":true,"valueName":"search_term_string"}}],"inLanguage":"en-GB"},{"@type":"Organization","@id":"https:\/\/fcspartaktrnava.com\/#organization","name":"FC Spartak Trnava","alternateName":"Spartak","url":"https:\/\/fcspartaktrnava.com\/","logo":{"@type":"ImageObject","inLanguage":"en-GB","@id":"https:\/\/fcspartaktrnava.com\/#\/schema\/logo\/image\/","url":"https:\/\/fcspartaktrnava.com\/wp-content\/uploads\/2022\/08\/cropped-site_logo.png","contentUrl":"https:\/\/fcspartaktrnava.com\/wp-content\/uploads\/2022\/08\/cropped-site_logo.png","width":140,"height":140,"caption":"FC Spartak Trnava"},"image":{"@id":"https:\/\/fcspartaktrnava.com\/#\/schema\/logo\/image\/"},"sameAs":["https:\/\/www.facebook.com\/SpartakTrnava","https:\/\/x.com\/SpartakTrnava1","https:\/\/www.instagram.com\/spartak_sk\/"]},{"@type":"Person","@id":"https:\/\/fcspartaktrnava.com\/#\/schema\/person\/62c3c2562c3c56e4c0c8c2342c596ac0","name":"Samuel \u010eurinsk\u00fd","image":{"@type":"ImageObject","inLanguage":"en-GB","@id":"https:\/\/fcspartaktrnava.com\/#\/schema\/person\/image\/","url":"https:\/\/secure.gravatar.com\/avatar\/af2fa02af92418b86ed742470664fe40056833fb68d84becf03f6ab02319257c?s=96&d=mm&r=g","contentUrl":"https:\/\/secure.gravatar.com\/avatar\/af2fa02af92418b86ed742470664fe40056833fb68d84becf03f6ab02319257c?s=96&d=mm&r=g","caption":"Samuel \u010eurinsk\u00fd"},"url":"https:\/\/fcspartaktrnava.com\/en\/author\/fcst-samuel\/"}]}},"_links":{"self":[{"href":"https:\/\/fcspartaktrnava.com\/en\/wp-json\/wp\/v2\/posts\/25448","targetHints":{"allow":["GET"]}}],"collection":[{"href":"https:\/\/fcspartaktrnava.com\/en\/wp-json\/wp\/v2\/posts"}],"about":[{"href":"https:\/\/fcspartaktrnava.com\/en\/wp-json\/wp\/v2\/types\/post"}],"author":[{"embeddable":true,"href":"https:\/\/fcspartaktrnava.com\/en\/wp-json\/wp\/v2\/users\/5"}],"replies":[{"embeddable":true,"href":"https:\/\/fcspartaktrnava.com\/en\/wp-json\/wp\/v2\/comments?post=25448"}],"version-history":[{"count":0,"href":"https:\/\/fcspartaktrnava.com\/en\/wp-json\/wp\/v2\/posts\/25448\/revisions"}],"wp:featuredmedia":[{"embeddable":true,"href":"https:\/\/fcspartaktrnava.com\/en\/wp-json\/wp\/v2\/media\/24622"}],"wp:attachment":[{"href":"https:\/\/fcspartaktrnava.com\/en\/wp-json\/wp\/v2\/media?parent=25448"}],"wp:term":[{"taxonomy":"category","embeddable":true,"href":"https:\/\/fcspartaktrnava.com\/en\/wp-json\/wp\/v2\/categories?post=25448"},{"taxonomy":"post_tag","embeddable":true,"href":"https:\/\/fcspartaktrnava.com\/en\/wp-json\/wp\/v2\/tags?post=25448"}],"curies":[{"name":"wp","href":"https:\/\/api.w.org\/{rel}","templated":true}]}}