{"id":25269,"date":"2025-01-15T11:41:08","date_gmt":"2025-01-15T09:41:08","guid":{"rendered":"https:\/\/fcspartaktrnava.com\/?p=25269"},"modified":"2025-01-15T11:41:08","modified_gmt":"2025-01-15T09:41:08","slug":"legendarny-anton-malatinsky-by-mal-105-rokov","status":"publish","type":"post","link":"https:\/\/fcspartaktrnava.com\/en\/legendarny-anton-malatinsky-by-mal-105-rokov\/","title":{"rendered":"Legend\u00e1rny Anton Malatinsk\u00fd by mal 105 rokov!"},"content":{"rendered":"<p class=\"has-text-align-center has-medium-font-size\"><strong>Legenda, osobnos\u0165, ikona. Mno\u017estvo pr\u00edvlastkov, jeden \u010dlovek. Anton Malatinsk\u00fd alias Toni-B\u00e1\u010di, by mal dnes 105 rokov! <\/strong><\/p>\n\n\n<div class=\"wp-block-image\">\n<figure class=\"aligncenter size-large is-resized\"><img loading=\"lazy\" decoding=\"async\" width=\"787\" height=\"1024\" src=\"https:\/\/fcspartaktrnava.com\/wp-content\/uploads\/2025\/01\/468595705_877822194523479_2568953836430589597_n-1-787x1024.jpg\" alt=\"\" class=\"wp-image-25276\" style=\"width:460px;height:auto\" srcset=\"https:\/\/fcspartaktrnava.com\/wp-content\/uploads\/2025\/01\/468595705_877822194523479_2568953836430589597_n-1-787x1024.jpg 787w, https:\/\/fcspartaktrnava.com\/wp-content\/uploads\/2025\/01\/468595705_877822194523479_2568953836430589597_n-1-230x300.jpg 230w, https:\/\/fcspartaktrnava.com\/wp-content\/uploads\/2025\/01\/468595705_877822194523479_2568953836430589597_n-1-768x1000.jpg 768w, https:\/\/fcspartaktrnava.com\/wp-content\/uploads\/2025\/01\/468595705_877822194523479_2568953836430589597_n-1-9x12.jpg 9w, https:\/\/fcspartaktrnava.com\/wp-content\/uploads\/2025\/01\/468595705_877822194523479_2568953836430589597_n-1.jpg 1080w\" sizes=\"auto, (max-width: 787px) 100vw, 787px\" \/><\/figure>\n<\/div>\n\n\n<p class=\"has-text-align-center has-medium-font-size\">Legenda trnavsk\u00e9ho futbalu, b\u00fdval\u00fd hr\u00e1\u010d a tr\u00e9ner, ktor\u00fd so Spartakom z\u00edskal tri majstrovsk\u00e9 tituly. Zdobil ho cit pre v\u00fdber hr\u00e1\u010dov, h\u013eadanie talentov a vedel z nich sformova\u0165 to prav\u00e9 majstrovsk\u00e9 mu\u017estvo. <\/p>\n\n\n\n<p class=\"has-text-align-center has-medium-font-size\"><strong>V roku 2000 bol Anton Malatinsk\u00fd vyhl\u00e1sen\u00fd za Trnav\u010dana 20. storo\u010dia in memoriam, od roku 1998 nesie trnavsk\u00fd futbalov\u00fd \u0161tadi\u00f3n jeho meno a jeho socha v nad\u017eivotnej ve\u013ekosti zdob\u00ed n\u00e1mestie pred futbalov\u00fdm chr\u00e1mom v Trnave od roku 2016.&nbsp;<\/strong><\/p>\n\n\n<div class=\"wp-block-image\">\n<figure class=\"aligncenter size-full\"><img loading=\"lazy\" decoding=\"async\" width=\"480\" height=\"639\" src=\"https:\/\/fcspartaktrnava.com\/wp-content\/uploads\/2025\/01\/DSC_0412.jpg\" alt=\"\" class=\"wp-image-25270\" srcset=\"https:\/\/fcspartaktrnava.com\/wp-content\/uploads\/2025\/01\/DSC_0412.jpg 480w, https:\/\/fcspartaktrnava.com\/wp-content\/uploads\/2025\/01\/DSC_0412-225x300.jpg 225w, https:\/\/fcspartaktrnava.com\/wp-content\/uploads\/2025\/01\/DSC_0412-9x12.jpg 9w\" sizes=\"auto, (max-width: 480px) 100vw, 480px\" \/><\/figure>\n<\/div>\n\n\n<p class=\"has-text-align-center has-small-font-size\">FOTO: J\u00e1n Kr\u00e1l<\/p>\n\n\n\n<hr class=\"wp-block-separator has-alpha-channel-opacity\"\/>\n\n\n\n<p class=\"has-text-align-center has-luminous-vivid-amber-background-color has-background has-medium-font-size\"><strong>&#8222;Anton Malatinsk\u00fd bol najv\u00e4\u010d\u0161ou osobnos\u0165ou n\u00e1\u0161ho klubu. Pod jeho veden\u00edm Spartak patril k popredn\u00fdm eur\u00f3pskym futbalov\u00fdm zna\u010dk\u00e1m, nie nadarmo z\u00edskal honor Trnav\u010dan 20. storo\u010dia. Mal som t\u00fa \u010des\u0165 pozna\u0165 ho osobne. V\u017edy, ke\u010f som mal mo\u017enos\u0165 sa s n\u00edm osobne stretn\u00fa\u0165, hltal som jeho vety t\u00fdkaj\u00face sa futbalu. Hovorilo sa o \u0148om, \u017ee predbehol svoju dobu, do futbalu prin\u00e1\u0161al nov\u00e9 my\u0161lienky, mal skvel\u00e9 oko a cit na v\u00fdber hr\u00e1\u010dov. V klube si v\u00e1\u017eime, \u017ee m\u00f4\u017eeme pokra\u010dova\u0165 v jeho odkaze a sna\u017ei\u0165 sa o pos\u00favanie trnavsk\u00e9ho futbalu postupn\u00fdmi krokmi dopredu,&#8220; povedal prezident Spartaka Peter Macho.<\/strong><\/p>\n\n\n\n<hr class=\"wp-block-separator has-alpha-channel-opacity\"\/>\n\n\n\n<h2 class=\"wp-block-heading has-text-align-center\">Hr\u00e1\u010dsku kari\u00e9ru mu ukon\u010dilo zranenie, stal sa tr\u00e9nersk\u00fdm m\u00e1gom<\/h2>\n\n\n\n<p class=\"has-text-align-center has-medium-font-size\">Rod\u00e1k z Trnavy bol inteligentn\u00fd stredopoliar a \u00fato\u010dn\u00edk. Obliekol si slovensk\u00fd aj \u010deskoslovensk\u00fd reprezenta\u010dn\u00fd dres. Miloval \u0161port, v zime si zahral hokej a vedel sa obraca\u0165 aj pri stolnom tenise. U\u017e po\u010das hr\u00e1\u010dskej kari\u00e9ry ho pri\u0165ahovalo tr\u00e9nersk\u00e9 remeslo a venoval sa tr\u00e9novaniu det\u00ed. Nesk\u00f4r sa stal nad\u010dasov\u00fdm tr\u00e9nerom, ktor\u00fd dok\u00e1zal skroti\u0165 aj n\u00e1ro\u010dn\u00e9 povahy a udr\u017eal na uzde aj &#8222;tvrd\u00fd orie\u0161ok&#8220; v podobe Jozefa Adamca. Pre hr\u00e1\u010dov sa stal najvy\u0161\u0161ou autoritou a mal prirodzen\u00e9 schopnosti l\u00eddra. <\/p>\n\n\n<div class=\"wp-block-image\">\n<figure class=\"aligncenter size-full\"><img loading=\"lazy\" decoding=\"async\" width=\"960\" height=\"640\" src=\"https:\/\/fcspartaktrnava.com\/wp-content\/uploads\/2025\/01\/31094.jpg\" alt=\"\" class=\"wp-image-25271\" srcset=\"https:\/\/fcspartaktrnava.com\/wp-content\/uploads\/2025\/01\/31094.jpg 960w, https:\/\/fcspartaktrnava.com\/wp-content\/uploads\/2025\/01\/31094-300x200.jpg 300w, https:\/\/fcspartaktrnava.com\/wp-content\/uploads\/2025\/01\/31094-768x512.jpg 768w, https:\/\/fcspartaktrnava.com\/wp-content\/uploads\/2025\/01\/31094-18x12.jpg 18w\" sizes=\"auto, (max-width: 960px) 100vw, 960px\" \/><\/figure>\n<\/div>\n\n\n<p class=\"has-text-align-center has-small-font-size\">Anton Malatinsk\u00fd a Jozef Adamec. FOTO: Michal Zeman\/Pravda<\/p>\n\n\n\n<hr class=\"wp-block-separator has-text-color has-vivid-red-color has-alpha-channel-opacity has-vivid-red-background-color has-background is-style-dots\"\/>\n\n\n\n<p class=\"has-text-align-center has-medium-font-size\"><strong>Spartak Trnava viedol Malatinsk\u00fd v&nbsp;538 z\u00e1pasoch v&nbsp;rokoch 1956 \u2013 1960, 1963 \u2013 1968 a&nbsp;1971 \u2013 1976. Ako tr\u00e9ner p\u00f4sobil aj v&nbsp;Rak\u00fasku a&nbsp;Holandsku. <\/strong><\/p>\n\n\n\n<p class=\"has-text-align-center has-medium-font-size\">K\u00e1der nestaval na drah\u00fdch posil\u00e1ch. Pr\u00e1ve naopak. Trpezlivo vyh\u013ead\u00e1val a sledoval mlad\u00e9 talenty z okolia Trnavy, ktor\u00e9 sa postupne menili na legendy a osobnosti \u010deskoslovensk\u00e9ho futbalu. Sta\u010d\u00ed spomen\u00fa\u0165 men\u00e1 ako Adamec, Dobia\u0161, Kuna, Hagara, Kab\u00e1t&#8230; a viete, \u017ee i\u0161lo o legend\u00e1rnu <strong>Malatinsk\u00e9ho \u00e9ru<\/strong> a \u0161tart zlatej \u00e9ry n\u00e1\u0161ho klubu.<\/p>\n\n\n\n<p class=\"has-text-align-center has-medium-font-size\">Po\u010das nap\u00e4t\u00e9ho a b\u00farliv\u00e9ho obdobia v roku 1968 pri\u0161iel pod jeho veden\u00edm prv\u00fd \u010deskoslovensk\u00fd titul! Do historick\u00fdch a fan\u00fa\u0161ikovsk\u00fdch pam\u00e4t\u00ed sa nav\u017edy zap\u00edsal zlat\u00fdmi p\u00edsmenami. <strong>D\u0148a 9. j\u00fana 1968 po dom\u00e1com v\u00ed\u0165azstve 2\u20130 nad&nbsp;Tren\u010d\u00ednom sa Spartak stal prv\u00fdkr\u00e1t majstrom \u010cesko-Slovenska <\/strong>a Jozef Adamec s 18-timi g\u00f3lmi najlep\u0161\u00edm strelcom ligy. Po tomto \u00faspechu odi\u0161iel tr\u00e9ner Malatinsk\u00fd do Admiry Viede\u0148.<\/p>\n\n\n<div class=\"wp-block-image\">\n<figure class=\"aligncenter size-large\"><img loading=\"lazy\" decoding=\"async\" width=\"1024\" height=\"650\" src=\"https:\/\/fcspartaktrnava.com\/wp-content\/uploads\/2025\/01\/Stadion-Antona-Malatinskeho-Hraci-Spartak-Trnava-Piaty-raz-majstrom-1024x650.jpg\" alt=\"\" class=\"wp-image-25273\" srcset=\"https:\/\/fcspartaktrnava.com\/wp-content\/uploads\/2025\/01\/Stadion-Antona-Malatinskeho-Hraci-Spartak-Trnava-Piaty-raz-majstrom-1024x650.jpg 1024w, https:\/\/fcspartaktrnava.com\/wp-content\/uploads\/2025\/01\/Stadion-Antona-Malatinskeho-Hraci-Spartak-Trnava-Piaty-raz-majstrom-300x190.jpg 300w, https:\/\/fcspartaktrnava.com\/wp-content\/uploads\/2025\/01\/Stadion-Antona-Malatinskeho-Hraci-Spartak-Trnava-Piaty-raz-majstrom-768x488.jpg 768w, https:\/\/fcspartaktrnava.com\/wp-content\/uploads\/2025\/01\/Stadion-Antona-Malatinskeho-Hraci-Spartak-Trnava-Piaty-raz-majstrom-18x12.jpg 18w, https:\/\/fcspartaktrnava.com\/wp-content\/uploads\/2025\/01\/Stadion-Antona-Malatinskeho-Hraci-Spartak-Trnava-Piaty-raz-majstrom.jpg 1060w\" sizes=\"auto, (max-width: 1024px) 100vw, 1024px\" \/><\/figure>\n<\/div>\n\n\n<p class=\"has-text-align-center has-small-font-size\">FOTO: cityarena.com<\/p>\n\n\n\n<p class=\"has-text-align-center has-medium-font-size\"><strong>S&nbsp;jeho menom s\u00fa spojen\u00e9 triumfy Trnavy v&nbsp;\u010ceskoslovenskom poh\u00e1ri (1967 a&nbsp;1975) a&nbsp;v&nbsp;Stredoeur\u00f3pskom poh\u00e1ri (1967).<\/strong><\/p>\n\n\n\n<p class=\"has-text-align-center has-medium-font-size\">\u010eal\u0161ie dva majstrovsk\u00e9 tituly pridal so svojimi zverencami v rokoch <strong>1972 a 1973. <\/strong><\/p>\n\n\n\n<p class=\"has-text-align-center has-luminous-vivid-amber-background-color has-background has-medium-font-size\"><strong>Tr\u00e9ner, ktor\u00fd predbehol svoju dobu by mal dnes 105 rokov. <\/strong><\/p>\n\n\n\n<p class=\"has-text-align-center has-luminous-vivid-amber-background-color has-background has-medium-font-size\"><strong>Toni-B\u00e1\u010di prajeme ti tam hore do futbalov\u00e9ho neba v\u0161etko najlep\u0161ie!<\/strong><\/p>","protected":false},"excerpt":{"rendered":"<p>Legenda, osobnos\u0165, ikona. Mno\u017estvo pr\u00edvlastkov, jeden \u010dlovek. Anton&#8230;<\/p>","protected":false},"author":5,"featured_media":25275,"comment_status":"closed","ping_status":"closed","sticky":false,"template":"","format":"standard","meta":{"footnotes":""},"categories":[12],"tags":[64],"class_list":["post-25269","post","type-post","status-publish","format-standard","has-post-thumbnail","hentry","category-spravy","tag-anton-malatinsky","post-number-1"],"yoast_head":"<!-- This site is optimized with the Yoast SEO plugin v27.1.1 - https:\/\/yoast.com\/product\/yoast-seo-wordpress\/ -->\n<title>Legend\u00e1rny Anton Malatinsk\u00fd by mal 105 rokov! - FC Spartak Trnava<\/title>\n<meta name=\"robots\" content=\"index, follow, max-snippet:-1, max-image-preview:large, max-video-preview:-1\" \/>\n<link rel=\"canonical\" href=\"https:\/\/fcspartaktrnava.com\/en\/legendarny-anton-malatinsky-by-mal-105-rokov\/\" \/>\n<meta name=\"twitter:label1\" content=\"Written by\" \/>\n\t<meta name=\"twitter:data1\" content=\"Samuel \u010eurinsk\u00fd\" \/>\n\t<meta name=\"twitter:label2\" content=\"Estimated reading time\" \/>\n\t<meta name=\"twitter:data2\" content=\"4 minutes\" \/>\n<script type=\"application\/ld+json\" class=\"yoast-schema-graph\">{\"@context\":\"https:\/\/schema.org\",\"@graph\":[{\"@type\":\"Article\",\"@id\":\"https:\/\/fcspartaktrnava.com\/legendarny-anton-malatinsky-by-mal-105-rokov\/#article\",\"isPartOf\":{\"@id\":\"https:\/\/fcspartaktrnava.com\/legendarny-anton-malatinsky-by-mal-105-rokov\/\"},\"author\":{\"name\":\"Samuel \u010eurinsk\u00fd\",\"@id\":\"https:\/\/fcspartaktrnava.com\/#\/schema\/person\/62c3c2562c3c56e4c0c8c2342c596ac0\"},\"headline\":\"Legend\u00e1rny Anton Malatinsk\u00fd by mal 105 rokov!\",\"datePublished\":\"2025-01-15T09:41:08+00:00\",\"mainEntityOfPage\":{\"@id\":\"https:\/\/fcspartaktrnava.com\/legendarny-anton-malatinsky-by-mal-105-rokov\/\"},\"wordCount\":587,\"publisher\":{\"@id\":\"https:\/\/fcspartaktrnava.com\/#organization\"},\"image\":{\"@id\":\"https:\/\/fcspartaktrnava.com\/legendarny-anton-malatinsky-by-mal-105-rokov\/#primaryimage\"},\"thumbnailUrl\":\"https:\/\/fcspartaktrnava.com\/wp-content\/uploads\/2025\/01\/malatinsky-tono.jpg\",\"keywords\":[\"Anton Malatinsk\u00fd\"],\"articleSection\":[\"Spr\u00e1vy\"],\"inLanguage\":\"en-GB\"},{\"@type\":\"WebPage\",\"@id\":\"https:\/\/fcspartaktrnava.com\/legendarny-anton-malatinsky-by-mal-105-rokov\/\",\"url\":\"https:\/\/fcspartaktrnava.com\/legendarny-anton-malatinsky-by-mal-105-rokov\/\",\"name\":\"Legend\u00e1rny Anton Malatinsk\u00fd by mal 105 rokov! - FC Spartak Trnava\",\"isPartOf\":{\"@id\":\"https:\/\/fcspartaktrnava.com\/#website\"},\"primaryImageOfPage\":{\"@id\":\"https:\/\/fcspartaktrnava.com\/legendarny-anton-malatinsky-by-mal-105-rokov\/#primaryimage\"},\"image\":{\"@id\":\"https:\/\/fcspartaktrnava.com\/legendarny-anton-malatinsky-by-mal-105-rokov\/#primaryimage\"},\"thumbnailUrl\":\"https:\/\/fcspartaktrnava.com\/wp-content\/uploads\/2025\/01\/malatinsky-tono.jpg\",\"datePublished\":\"2025-01-15T09:41:08+00:00\",\"breadcrumb\":{\"@id\":\"https:\/\/fcspartaktrnava.com\/legendarny-anton-malatinsky-by-mal-105-rokov\/#breadcrumb\"},\"inLanguage\":\"en-GB\",\"potentialAction\":[{\"@type\":\"ReadAction\",\"target\":[\"https:\/\/fcspartaktrnava.com\/legendarny-anton-malatinsky-by-mal-105-rokov\/\"]}]},{\"@type\":\"ImageObject\",\"inLanguage\":\"en-GB\",\"@id\":\"https:\/\/fcspartaktrnava.com\/legendarny-anton-malatinsky-by-mal-105-rokov\/#primaryimage\",\"url\":\"https:\/\/fcspartaktrnava.com\/wp-content\/uploads\/2025\/01\/malatinsky-tono.jpg\",\"contentUrl\":\"https:\/\/fcspartaktrnava.com\/wp-content\/uploads\/2025\/01\/malatinsky-tono.jpg\",\"width\":2400,\"height\":1350},{\"@type\":\"BreadcrumbList\",\"@id\":\"https:\/\/fcspartaktrnava.com\/legendarny-anton-malatinsky-by-mal-105-rokov\/#breadcrumb\",\"itemListElement\":[{\"@type\":\"ListItem\",\"position\":1,\"name\":\"Home\",\"item\":\"https:\/\/fcspartaktrnava.com\/\"},{\"@type\":\"ListItem\",\"position\":2,\"name\":\"Legend\u00e1rny Anton Malatinsk\u00fd by mal 105 rokov!\"}]},{\"@type\":\"WebSite\",\"@id\":\"https:\/\/fcspartaktrnava.com\/#website\",\"url\":\"https:\/\/fcspartaktrnava.com\/\",\"name\":\"FC Spartak Trnava\",\"description\":\"ofici\u00e1lna webstr\u00e1nka futbalov\u00e9ho klubu\",\"publisher\":{\"@id\":\"https:\/\/fcspartaktrnava.com\/#organization\"},\"potentialAction\":[{\"@type\":\"SearchAction\",\"target\":{\"@type\":\"EntryPoint\",\"urlTemplate\":\"https:\/\/fcspartaktrnava.com\/?s={search_term_string}\"},\"query-input\":{\"@type\":\"PropertyValueSpecification\",\"valueRequired\":true,\"valueName\":\"search_term_string\"}}],\"inLanguage\":\"en-GB\"},{\"@type\":\"Organization\",\"@id\":\"https:\/\/fcspartaktrnava.com\/#organization\",\"name\":\"FC Spartak Trnava\",\"alternateName\":\"Spartak\",\"url\":\"https:\/\/fcspartaktrnava.com\/\",\"logo\":{\"@type\":\"ImageObject\",\"inLanguage\":\"en-GB\",\"@id\":\"https:\/\/fcspartaktrnava.com\/#\/schema\/logo\/image\/\",\"url\":\"https:\/\/fcspartaktrnava.com\/wp-content\/uploads\/2022\/08\/cropped-site_logo.png\",\"contentUrl\":\"https:\/\/fcspartaktrnava.com\/wp-content\/uploads\/2022\/08\/cropped-site_logo.png\",\"width\":140,\"height\":140,\"caption\":\"FC Spartak Trnava\"},\"image\":{\"@id\":\"https:\/\/fcspartaktrnava.com\/#\/schema\/logo\/image\/\"},\"sameAs\":[\"https:\/\/www.facebook.com\/SpartakTrnava\",\"https:\/\/x.com\/SpartakTrnava1\",\"https:\/\/www.instagram.com\/spartak_sk\/\"]},{\"@type\":\"Person\",\"@id\":\"https:\/\/fcspartaktrnava.com\/#\/schema\/person\/62c3c2562c3c56e4c0c8c2342c596ac0\",\"name\":\"Samuel \u010eurinsk\u00fd\",\"image\":{\"@type\":\"ImageObject\",\"inLanguage\":\"en-GB\",\"@id\":\"https:\/\/fcspartaktrnava.com\/#\/schema\/person\/image\/\",\"url\":\"https:\/\/secure.gravatar.com\/avatar\/af2fa02af92418b86ed742470664fe40056833fb68d84becf03f6ab02319257c?s=96&d=mm&r=g\",\"contentUrl\":\"https:\/\/secure.gravatar.com\/avatar\/af2fa02af92418b86ed742470664fe40056833fb68d84becf03f6ab02319257c?s=96&d=mm&r=g\",\"caption\":\"Samuel \u010eurinsk\u00fd\"},\"url\":\"https:\/\/fcspartaktrnava.com\/en\/author\/fcst-samuel\/\"}]}<\/script>\n<!-- \/ Yoast SEO plugin. -->","yoast_head_json":{"title":"Legend\u00e1rny Anton Malatinsk\u00fd by mal 105 rokov! - FC Spartak Trnava","robots":{"index":"index","follow":"follow","max-snippet":"max-snippet:-1","max-image-preview":"max-image-preview:large","max-video-preview":"max-video-preview:-1"},"canonical":"https:\/\/fcspartaktrnava.com\/en\/legendarny-anton-malatinsky-by-mal-105-rokov\/","twitter_misc":{"Written by":"Samuel \u010eurinsk\u00fd","Estimated reading time":"4 minutes"},"schema":{"@context":"https:\/\/schema.org","@graph":[{"@type":"Article","@id":"https:\/\/fcspartaktrnava.com\/legendarny-anton-malatinsky-by-mal-105-rokov\/#article","isPartOf":{"@id":"https:\/\/fcspartaktrnava.com\/legendarny-anton-malatinsky-by-mal-105-rokov\/"},"author":{"name":"Samuel \u010eurinsk\u00fd","@id":"https:\/\/fcspartaktrnava.com\/#\/schema\/person\/62c3c2562c3c56e4c0c8c2342c596ac0"},"headline":"Legend\u00e1rny Anton Malatinsk\u00fd by mal 105 rokov!","datePublished":"2025-01-15T09:41:08+00:00","mainEntityOfPage":{"@id":"https:\/\/fcspartaktrnava.com\/legendarny-anton-malatinsky-by-mal-105-rokov\/"},"wordCount":587,"publisher":{"@id":"https:\/\/fcspartaktrnava.com\/#organization"},"image":{"@id":"https:\/\/fcspartaktrnava.com\/legendarny-anton-malatinsky-by-mal-105-rokov\/#primaryimage"},"thumbnailUrl":"https:\/\/fcspartaktrnava.com\/wp-content\/uploads\/2025\/01\/malatinsky-tono.jpg","keywords":["Anton Malatinsk\u00fd"],"articleSection":["Spr\u00e1vy"],"inLanguage":"en-GB"},{"@type":"WebPage","@id":"https:\/\/fcspartaktrnava.com\/legendarny-anton-malatinsky-by-mal-105-rokov\/","url":"https:\/\/fcspartaktrnava.com\/legendarny-anton-malatinsky-by-mal-105-rokov\/","name":"Legend\u00e1rny Anton Malatinsk\u00fd by mal 105 rokov! - FC Spartak Trnava","isPartOf":{"@id":"https:\/\/fcspartaktrnava.com\/#website"},"primaryImageOfPage":{"@id":"https:\/\/fcspartaktrnava.com\/legendarny-anton-malatinsky-by-mal-105-rokov\/#primaryimage"},"image":{"@id":"https:\/\/fcspartaktrnava.com\/legendarny-anton-malatinsky-by-mal-105-rokov\/#primaryimage"},"thumbnailUrl":"https:\/\/fcspartaktrnava.com\/wp-content\/uploads\/2025\/01\/malatinsky-tono.jpg","datePublished":"2025-01-15T09:41:08+00:00","breadcrumb":{"@id":"https:\/\/fcspartaktrnava.com\/legendarny-anton-malatinsky-by-mal-105-rokov\/#breadcrumb"},"inLanguage":"en-GB","potentialAction":[{"@type":"ReadAction","target":["https:\/\/fcspartaktrnava.com\/legendarny-anton-malatinsky-by-mal-105-rokov\/"]}]},{"@type":"ImageObject","inLanguage":"en-GB","@id":"https:\/\/fcspartaktrnava.com\/legendarny-anton-malatinsky-by-mal-105-rokov\/#primaryimage","url":"https:\/\/fcspartaktrnava.com\/wp-content\/uploads\/2025\/01\/malatinsky-tono.jpg","contentUrl":"https:\/\/fcspartaktrnava.com\/wp-content\/uploads\/2025\/01\/malatinsky-tono.jpg","width":2400,"height":1350},{"@type":"BreadcrumbList","@id":"https:\/\/fcspartaktrnava.com\/legendarny-anton-malatinsky-by-mal-105-rokov\/#breadcrumb","itemListElement":[{"@type":"ListItem","position":1,"name":"Home","item":"https:\/\/fcspartaktrnava.com\/"},{"@type":"ListItem","position":2,"name":"Legend\u00e1rny Anton Malatinsk\u00fd by mal 105 rokov!"}]},{"@type":"WebSite","@id":"https:\/\/fcspartaktrnava.com\/#website","url":"https:\/\/fcspartaktrnava.com\/","name":"FC Spartak Trnava","description":"ofici\u00e1lna webstr\u00e1nka futbalov\u00e9ho klubu","publisher":{"@id":"https:\/\/fcspartaktrnava.com\/#organization"},"potentialAction":[{"@type":"SearchAction","target":{"@type":"EntryPoint","urlTemplate":"https:\/\/fcspartaktrnava.com\/?s={search_term_string}"},"query-input":{"@type":"PropertyValueSpecification","valueRequired":true,"valueName":"search_term_string"}}],"inLanguage":"en-GB"},{"@type":"Organization","@id":"https:\/\/fcspartaktrnava.com\/#organization","name":"FC Spartak Trnava","alternateName":"Spartak","url":"https:\/\/fcspartaktrnava.com\/","logo":{"@type":"ImageObject","inLanguage":"en-GB","@id":"https:\/\/fcspartaktrnava.com\/#\/schema\/logo\/image\/","url":"https:\/\/fcspartaktrnava.com\/wp-content\/uploads\/2022\/08\/cropped-site_logo.png","contentUrl":"https:\/\/fcspartaktrnava.com\/wp-content\/uploads\/2022\/08\/cropped-site_logo.png","width":140,"height":140,"caption":"FC Spartak Trnava"},"image":{"@id":"https:\/\/fcspartaktrnava.com\/#\/schema\/logo\/image\/"},"sameAs":["https:\/\/www.facebook.com\/SpartakTrnava","https:\/\/x.com\/SpartakTrnava1","https:\/\/www.instagram.com\/spartak_sk\/"]},{"@type":"Person","@id":"https:\/\/fcspartaktrnava.com\/#\/schema\/person\/62c3c2562c3c56e4c0c8c2342c596ac0","name":"Samuel \u010eurinsk\u00fd","image":{"@type":"ImageObject","inLanguage":"en-GB","@id":"https:\/\/fcspartaktrnava.com\/#\/schema\/person\/image\/","url":"https:\/\/secure.gravatar.com\/avatar\/af2fa02af92418b86ed742470664fe40056833fb68d84becf03f6ab02319257c?s=96&d=mm&r=g","contentUrl":"https:\/\/secure.gravatar.com\/avatar\/af2fa02af92418b86ed742470664fe40056833fb68d84becf03f6ab02319257c?s=96&d=mm&r=g","caption":"Samuel \u010eurinsk\u00fd"},"url":"https:\/\/fcspartaktrnava.com\/en\/author\/fcst-samuel\/"}]}},"_links":{"self":[{"href":"https:\/\/fcspartaktrnava.com\/en\/wp-json\/wp\/v2\/posts\/25269","targetHints":{"allow":["GET"]}}],"collection":[{"href":"https:\/\/fcspartaktrnava.com\/en\/wp-json\/wp\/v2\/posts"}],"about":[{"href":"https:\/\/fcspartaktrnava.com\/en\/wp-json\/wp\/v2\/types\/post"}],"author":[{"embeddable":true,"href":"https:\/\/fcspartaktrnava.com\/en\/wp-json\/wp\/v2\/users\/5"}],"replies":[{"embeddable":true,"href":"https:\/\/fcspartaktrnava.com\/en\/wp-json\/wp\/v2\/comments?post=25269"}],"version-history":[{"count":0,"href":"https:\/\/fcspartaktrnava.com\/en\/wp-json\/wp\/v2\/posts\/25269\/revisions"}],"wp:featuredmedia":[{"embeddable":true,"href":"https:\/\/fcspartaktrnava.com\/en\/wp-json\/wp\/v2\/media\/25275"}],"wp:attachment":[{"href":"https:\/\/fcspartaktrnava.com\/en\/wp-json\/wp\/v2\/media?parent=25269"}],"wp:term":[{"taxonomy":"category","embeddable":true,"href":"https:\/\/fcspartaktrnava.com\/en\/wp-json\/wp\/v2\/categories?post=25269"},{"taxonomy":"post_tag","embeddable":true,"href":"https:\/\/fcspartaktrnava.com\/en\/wp-json\/wp\/v2\/tags?post=25269"}],"curies":[{"name":"wp","href":"https:\/\/api.w.org\/{rel}","templated":true}]}}