{"id":25229,"date":"2025-01-12T14:00:36","date_gmt":"2025-01-12T12:00:36","guid":{"rendered":"https:\/\/fcspartaktrnava.com\/?p=25229"},"modified":"2025-01-12T22:14:14","modified_gmt":"2025-01-12T20:14:14","slug":"strieborny-spodek-cup-2025","status":"publish","type":"post","link":"https:\/\/fcspartaktrnava.com\/en\/strieborny-spodek-cup-2025\/","title":{"rendered":"Strieborn\u00fd Spodek Cup 2025!"},"content":{"rendered":"<p class=\"has-text-align-center has-medium-font-size\">Sobota patrila halov\u00e9mu futbalov\u00e9mu turnaju Spodek Cup 2025 v po\u013esk\u00fdch Katoviciach. Na\u0161e farby si pred skvelou kulisou (10 000 div\u00e1kov) a po v\u00fdborn\u00fdch v\u00fdkonoch, pri\u0161li a\u017e po striebro. T\u00edm zlo\u017een\u00fd z hr\u00e1\u010dov Mal\u017een\u00edc a mlad\u00fdch talentov z kateg\u00f3ri\u00ed U17 a U19, zaznamenal v \u0161tyroch z\u00e1pasoch dve v\u00fdhry, jednu rem\u00edzu a prehra pri\u0161la a\u017e vo fin\u00e1le. <\/p>\n\n\n\n<p class=\"has-text-align-center has-medium-font-size\">Na trib\u00fanach to \u017eilo po\u010das cel\u00e9ho turnaja a \u010derveno-\u010d\u00edrne farby hnalo vpred aj po\u010detn\u00e9 zast\u00fapenie trnavsk\u00fdch fan\u00fa\u0161ikov. Kombin\u00e1cia halov\u00e9ho prostredia, skvelej atmosf\u00e9ry a kvalitnej organiz\u00e1cie, vytvorila pre v\u0161etk\u00fdch \u00fa\u010dastn\u00edkov jedine\u010dn\u00fd z\u00e1\u017eitok. <\/p>\n\n\n<div class=\"wp-block-image\">\n<figure class=\"aligncenter size-large\"><img loading=\"lazy\" decoding=\"async\" width=\"1024\" height=\"681\" src=\"https:\/\/fcspartaktrnava.com\/wp-content\/uploads\/2025\/01\/DSC_2668-Enhanced-NR-1024x681.jpg\" alt=\"\" class=\"wp-image-25230\" srcset=\"https:\/\/fcspartaktrnava.com\/wp-content\/uploads\/2025\/01\/DSC_2668-Enhanced-NR-1024x681.jpg 1024w, https:\/\/fcspartaktrnava.com\/wp-content\/uploads\/2025\/01\/DSC_2668-Enhanced-NR-300x200.jpg 300w, https:\/\/fcspartaktrnava.com\/wp-content\/uploads\/2025\/01\/DSC_2668-Enhanced-NR-768x511.jpg 768w, https:\/\/fcspartaktrnava.com\/wp-content\/uploads\/2025\/01\/DSC_2668-Enhanced-NR-1536x1022.jpg 1536w, https:\/\/fcspartaktrnava.com\/wp-content\/uploads\/2025\/01\/DSC_2668-Enhanced-NR-2048x1363.jpg 2048w, https:\/\/fcspartaktrnava.com\/wp-content\/uploads\/2025\/01\/DSC_2668-Enhanced-NR-18x12.jpg 18w\" sizes=\"auto, (max-width: 1024px) 100vw, 1024px\" \/><\/figure>\n<\/div>\n\n\n<hr class=\"wp-block-separator has-alpha-channel-opacity\"\/>\n\n\n\n<h2 class=\"wp-block-heading has-text-align-center\">Cesta za striebrom a prehra a\u017e vo fin\u00e1le<\/h2>\n\n\n\n<p class=\"has-text-align-center has-medium-font-size\">Cesta turnajom za\u010dala z\u00e1pasom proti v\u00fdberu SuperBet Team, ktor\u00fd sme zvl\u00e1dli v pomere 6:2. <\/p>\n\n\n\n<p class=\"has-text-align-center has-medium-font-size\">Hr\u00e1\u010di sa zozn\u00e1mili s povrchom, celkov\u00fdm prostred\u00edm a \u00faspe\u0161ne vst\u00fapili do turnaja, ktor\u00fd priv\u00edtal aj ve\u013ek\u00e9 legendy po\u013esk\u00e9ho ale aj svetov\u00e9 futbalu ako napr. Lukas Podolski, Jerzy Dudek alebo zn\u00e1meho profesion\u00e1lneho rozhodcu Szymona Marciniaka. <\/p>\n\n\n\n<p class=\"has-text-align-center has-medium-font-size\">V kr\u00e1tkom slede nasledoval n\u00e1\u0161 druh\u00fd z\u00e1pas proti ROW Rybnik. Do siete s\u00fapera sme nastrie\u013eali op\u00e4\u0165 \u0161esticu g\u00f3lov a vyhrali 6:1. Otvorili sme si tak dvere do duelov o medaile a cel\u00fd t\u00edm si bol vedom\u00fd toho, \u017ee je potrebn\u00e9 zvl\u00e1dnu\u0165 posledn\u00fd skupinov\u00fd z\u00e1pas proti t\u00edmu okolo Lukasa Podolsk\u00e9ho &#8211; G\u00f3rnik Zabrze. Z\u00e1pas sa nevyv\u00edjal pod\u013ea na\u0161ich predst\u00e1v ale zverenci tr\u00e9nera Juraja Jar\u00e1bka uk\u00e1zali prav\u00e9 spartakovsk\u00e9 srdce a g\u00f3lom v posledn\u00fdch sekund\u00e1ch vyrovnali na kone\u010dn\u00fdch 3:3. <strong>V\u00fdsledok znamenal postup do fin\u00e1le!<\/strong><\/p>\n\n\n<div class=\"wp-block-image\">\n<figure class=\"aligncenter size-large\"><img loading=\"lazy\" decoding=\"async\" width=\"1024\" height=\"1024\" src=\"https:\/\/fcspartaktrnava.com\/wp-content\/uploads\/2025\/01\/DSC_3525-Enhanced-NR-1024x1024.jpg\" alt=\"\" class=\"wp-image-25231\" srcset=\"https:\/\/fcspartaktrnava.com\/wp-content\/uploads\/2025\/01\/DSC_3525-Enhanced-NR-1024x1024.jpg 1024w, https:\/\/fcspartaktrnava.com\/wp-content\/uploads\/2025\/01\/DSC_3525-Enhanced-NR-300x300.jpg 300w, https:\/\/fcspartaktrnava.com\/wp-content\/uploads\/2025\/01\/DSC_3525-Enhanced-NR-150x150.jpg 150w, https:\/\/fcspartaktrnava.com\/wp-content\/uploads\/2025\/01\/DSC_3525-Enhanced-NR-768x768.jpg 768w, https:\/\/fcspartaktrnava.com\/wp-content\/uploads\/2025\/01\/DSC_3525-Enhanced-NR-1536x1536.jpg 1536w, https:\/\/fcspartaktrnava.com\/wp-content\/uploads\/2025\/01\/DSC_3525-Enhanced-NR-2048x2048.jpg 2048w, https:\/\/fcspartaktrnava.com\/wp-content\/uploads\/2025\/01\/DSC_3525-Enhanced-NR-12x12.jpg 12w\" sizes=\"auto, (max-width: 1024px) 100vw, 1024px\" \/><\/figure>\n<\/div>\n\n\n<hr class=\"wp-block-separator has-alpha-channel-opacity\"\/>\n\n\n\n<p class=\"has-text-align-center has-medium-font-size\">V\u00fdborn\u00e1 atmosf\u00e9ra hnala hr\u00e1\u010dov vpred a pod\u013ea slov asistenta tr\u00e9nera<strong> Petra Ga\u017eiho<\/strong>, nemal t\u00edm e\u0161te p\u00e1r dn\u00ed pred samotn\u00fdm odchodom od turnaja ve\u013ek\u00e9 o\u010dak\u00e1vania. To v\u0161etko sa ale postupne zmenilo. <\/p>\n\n\n\n<p class=\"has-text-align-center has-medium-font-size\"><strong>&#8222;Na tento turnaj sme sa pripravovali cel\u00fd t\u00fd\u017ede\u0148 v telocvi\u010dni na Dru\u017ebe. T\u00edm bol zlo\u017een\u00fd z hr\u00e1\u010dov Mal\u017een\u00edc a kateg\u00f3ri\u00ed U17 a U19. T\u00edm bol ve\u013emi mlad\u00fd a tak spo\u010diatku neboli na\u0161e o\u010dak\u00e1vania vysok\u00e9. Od tr\u00e9ningu k tr\u00e9ningu sme si ale za\u010dali d\u00e1va\u0165 vy\u0161\u0161ie ciele a po poslednom m\u00edtingu s hr\u00e1\u010dmi priamo v dejisku turnaja, sme sa za\u010dali rozpr\u00e1va\u0165 o tom, \u017ee by sme Spodek Cup mohli vyhra\u0165.&#8220;<\/strong><\/p>\n\n\n\n<p class=\"has-text-align-center has-medium-font-size\">Po dvoch v\u00fdhrach a jednej rem\u00edze v z\u00e1kladnej skupine pri\u0161lo na rad fin\u00e1le. \u0160peci\u00e1lny n\u00e1stup, postupn\u00e9 vyvol\u00e1vanie mien v\u0161etk\u00fdch hr\u00e1\u010dov a st\u00e1le zaplnen\u00e1 hala Spodek, dotvorila prav\u00fa fin\u00e1lov\u00fa atmosf\u00e9ru. Pomyseln\u00fd pu\u0161n\u00fd prach n\u00e1m ale zvlhol pr\u00e1ve v poslednom z\u00e1pase turnaja. Obetav\u00fd a bojovn\u00fd v\u00fdkon a viacer\u00e9 g\u00f3lov\u00e9 \u0161ance, nesta\u010dili na strelenie g\u00f3lu a dom\u00e1ci t\u00edm GKS Katowice dokr\u00e1\u010dal za titulom po v\u00fdhre 3:0. <\/p>\n\n\n<div class=\"wp-block-image\">\n<figure class=\"aligncenter size-large is-resized\"><img loading=\"lazy\" decoding=\"async\" width=\"1024\" height=\"684\" src=\"https:\/\/fcspartaktrnava.com\/wp-content\/uploads\/2025\/01\/DSC_7627-Enhanced-NR-1024x684.jpg\" alt=\"\" class=\"wp-image-25232\" style=\"width:840px;height:auto\" srcset=\"https:\/\/fcspartaktrnava.com\/wp-content\/uploads\/2025\/01\/DSC_7627-Enhanced-NR-1024x684.jpg 1024w, https:\/\/fcspartaktrnava.com\/wp-content\/uploads\/2025\/01\/DSC_7627-Enhanced-NR-300x200.jpg 300w, https:\/\/fcspartaktrnava.com\/wp-content\/uploads\/2025\/01\/DSC_7627-Enhanced-NR-768x513.jpg 768w, https:\/\/fcspartaktrnava.com\/wp-content\/uploads\/2025\/01\/DSC_7627-Enhanced-NR-1536x1025.jpg 1536w, https:\/\/fcspartaktrnava.com\/wp-content\/uploads\/2025\/01\/DSC_7627-Enhanced-NR-2048x1367.jpg 2048w, https:\/\/fcspartaktrnava.com\/wp-content\/uploads\/2025\/01\/DSC_7627-Enhanced-NR-18x12.jpg 18w\" sizes=\"auto, (max-width: 1024px) 100vw, 1024px\" \/><\/figure>\n<\/div>\n\n\n<p class=\"has-text-align-center has-medium-font-size\">Po\u010diato\u010dn\u00e9 sklamanie z prehry vystriedala spokojnos\u0165 s v\u00fdkonmi na celom turnaji. Pokra\u010duje Peter Ga\u017ei. <\/p>\n\n\n\n<p class=\"has-text-align-center has-medium-font-size\"><strong>&#8222;Po fin\u00e1le sme boli mierne sklaman\u00ed, ale na druhej strane m\u00f4\u017eeme by\u0165 spokojn\u00ed s v\u00fdkonmi hr\u00e1\u010dov a ka\u017ed\u00fd jeden z nich m\u00f4\u017ee z tohto turnaja \u0165a\u017ei\u0165 do \u010fal\u0161ej futbalovej cesty. Organiz\u00e1cia, atmosf\u00e9ra, hala, fan\u00fa\u0161ikovia. V\u0161etky tieto faktory boli na skuto\u010dne top \u00farovni a aj to prispelo k v\u00fdkonom n\u00e1\u0161ho t\u00edmu na celom podujat\u00ed.&#8220;<\/strong><\/p>\n\n\n\n<hr class=\"wp-block-separator has-text-color has-vivid-red-color has-alpha-channel-opacity has-vivid-red-background-color has-background is-style-dots\"\/>\n\n\n\n<p class=\"has-text-align-center has-white-color has-vivid-red-background-color has-text-color has-background has-link-color has-medium-font-size wp-elements-c71d4b5322e47ae59c26004eb9d319db\"><strong>Cesta Spartaka Trnava na Spodek Cup 2025. <\/strong><\/p>\n\n\n\n<p class=\"has-text-align-center has-black-color has-white-background-color has-text-color has-background has-link-color has-medium-font-size wp-elements-d8e53f10688e87661908ed78ebae88b8\"><strong>SKUPINA B<\/strong><\/p>\n\n\n\n<p class=\"has-text-align-center has-black-color has-white-background-color has-text-color has-background has-link-color has-medium-font-size wp-elements-9a1c81a0ceaafc908cf1ac0fa0540a4d\"><strong>SPARTAK vs SuperBet Team 6:2<\/strong><\/p>\n\n\n\n<p class=\"has-text-align-center has-black-color has-white-background-color has-text-color has-background has-link-color has-medium-font-size wp-elements-12bf6ec8188ab7bb3f88e62746901d94\"><strong>SPARTAK vs ROW Rybnik 6:1<\/strong><\/p>\n\n\n\n<p class=\"has-text-align-center has-black-color has-white-background-color has-text-color has-background has-link-color has-medium-font-size wp-elements-03876b3fc098800e8384c01ce8a56bba\"><strong>SPARTAK vs G\u00f3rnik Zabrze 3:3<\/strong><\/p>\n\n\n\n<p class=\"has-text-align-center has-black-color has-white-background-color has-text-color has-background has-link-color has-medium-font-size wp-elements-a377180425750bb19e1f64597157fba2\"><strong>FIN\u00c1LE<\/strong><\/p>\n\n\n\n<p class=\"has-text-align-center has-black-color has-white-background-color has-text-color has-background has-link-color has-medium-font-size wp-elements-e9fa133bb87fe38432ee161531846f73\"><strong>SPARTAK vs GKS Katowice 0:3<\/strong><\/p>\n\n\n\n<hr class=\"wp-block-separator has-alpha-channel-opacity\"\/>\n\n\n\n<h2 class=\"wp-block-heading has-text-align-center\">Skvel\u00e1 \u00farove\u0148 turnaja, v\u00fdborn\u00e9 v\u00fdkony mlad\u00fdch hr\u00e1\u010dov<\/h2>\n\n\n\n<p class=\"has-text-align-center has-medium-font-size\">Tr\u00e9ner Juraj Jar\u00e1bek aj jeho turnajov\u00fd asistent Peter Ga\u017ei sa zhodli na tom, \u017ee turnaj mal vysok\u00fa \u00farove\u0148. Pokra\u010duje sk\u00fasen\u00fd tr\u00e9ner Juraj Jar\u00e1bek.<\/p>\n\n\n\n<p class=\"has-text-align-center has-medium-font-size\"><strong>&#8222;Mysl\u00edm si, \u017ee turnaj mal fantastick\u00fa \u00farove\u0148, 10-tis\u00edc div\u00e1kov na trib\u00fanach. Pre na\u0161ich mlad\u00fdch chlapcov to bola skvel\u00e1 sk\u00fasenos\u0165. Ve\u013ek\u00fd klob\u00fak dole pred hr\u00e1\u010dmi, hrali v\u00fdborne, bojovali. Dok\u00e1zali sme porazi\u0165 dva t\u00edmy, remizovali s G\u00f3rnikom Zabrze. Mysl\u00edm, \u017ee aj vo fin\u00e1le sme boli lep\u0161\u00edm t\u00edmom ale nepremenili sme \u0161ance. S\u00faper mal sk\u00fasenej\u0161\u00ed t\u00edm a vyu\u017eil svoje \u0161ance. Celkovo ale ve\u013ek\u00e1 spokojnos\u0165 a pochvala chlapcom.&#8220;<\/strong><\/p>\n\n\n\n<p class=\"has-text-align-center has-medium-font-size\">\u010co uk\u00e1zal turnaj tr\u00e9nerovi smerom do \u010fal\u0161ej \u010dasti sez\u00f3ny a bud\u00facnosti? <\/p>\n\n\n\n<p class=\"has-text-align-center has-medium-font-size\"><strong>&#8222;Mlad\u00fdm hr\u00e1\u010dom turnaj uk\u00e1zal, \u010do je to ve\u013ek\u00fd a mu\u017esk\u00fd futbal. U\u017e\u00edvali si to a v ml\u00e1de\u017ei m\u00e1me skuto\u010dn\u00e9 klenoty a maj\u00fa pred sebou skvel\u00fa bud\u00facnos\u0165. Dr\u017e\u00edm chalanom palce, aby takto pokra\u010dovali a \u010do m\u00e1 pr\u00eds\u0165 pr\u00edde.&#8220;<\/strong><\/p>\n\n\n<div class=\"wp-block-image\">\n<figure class=\"aligncenter size-large\"><img loading=\"lazy\" decoding=\"async\" width=\"1024\" height=\"681\" src=\"https:\/\/fcspartaktrnava.com\/wp-content\/uploads\/2025\/01\/DSC_2899-Enhanced-NR-1024x681.jpg\" alt=\"\" class=\"wp-image-25233\" srcset=\"https:\/\/fcspartaktrnava.com\/wp-content\/uploads\/2025\/01\/DSC_2899-Enhanced-NR-1024x681.jpg 1024w, https:\/\/fcspartaktrnava.com\/wp-content\/uploads\/2025\/01\/DSC_2899-Enhanced-NR-300x200.jpg 300w, https:\/\/fcspartaktrnava.com\/wp-content\/uploads\/2025\/01\/DSC_2899-Enhanced-NR-768x511.jpg 768w, https:\/\/fcspartaktrnava.com\/wp-content\/uploads\/2025\/01\/DSC_2899-Enhanced-NR-1536x1022.jpg 1536w, https:\/\/fcspartaktrnava.com\/wp-content\/uploads\/2025\/01\/DSC_2899-Enhanced-NR-2048x1363.jpg 2048w, https:\/\/fcspartaktrnava.com\/wp-content\/uploads\/2025\/01\/DSC_2899-Enhanced-NR-18x12.jpg 18w\" sizes=\"auto, (max-width: 1024px) 100vw, 1024px\" \/><\/figure>\n<\/div>\n\n\n<hr class=\"wp-block-separator has-text-color has-vivid-red-color has-alpha-channel-opacity has-vivid-red-background-color has-background is-style-dots\"\/>\n\n\n\n<p class=\"has-text-align-center has-medium-font-size\">Tr\u00e9ner Peter Ga\u017ei vymenoval aj viacer\u00e9 faktory, ktor\u00e9 m\u00f4\u017eu posun\u00fa\u0165 mlad\u00fdch hr\u00e1\u010dov vpred. <\/p>\n\n\n\n<p class=\"has-text-align-center has-medium-font-size\"><strong>&#8222;Turnaj mi uk\u00e1zal, \u017ee pre mlad\u00fdch hr\u00e1\u010dov to bolo nie\u010do nov\u00e9 vo viacer\u00fdch smeroch. Hr\u00e1\u010di nepo\u010duli na\u0161e pokyny z lavi\u010dky a museli sa spolieha\u0165 najm\u00e4 na vlastn\u00fa komunik\u00e1ciu. Museli sa vyrovna\u0165 s hrou pred zaplnen\u00fdmi trib\u00fanami. Je rozdiel hra\u0165 z\u00e1pasy pred 10-tis\u00edc div\u00e1kmi a pred 100 div\u00e1kmi. \u010eal\u0161\u00edm faktorom boli z\u00e1pasy proti sk\u00fasen\u00fdm hr\u00e1\u010dom. Spomeniem hr\u00e1\u010da Luk\u00e1\u0161a Podolsk\u00e9ho. Ako pr\u00edklad m\u00f4\u017ee sl\u00fa\u017ei\u0165 konfront\u00e1cia stredn\u00e9ho obrancu Luk\u00e1\u0161a Pristacha (ro\u010dn\u00edk 2007), ktor\u00fd sa s n\u00edm dost\u00e1val do viacer\u00fdch s\u00fabojov. Pre mlad\u00fdch hr\u00e1\u010dov je to op\u00e4\u0165 nie\u010do in\u00e9 a nov\u00e9, preto\u017ee hr\u00e1\u010d z U17 alebo U19 sa v ofenz\u00edve spr\u00e1va inak, ako tak\u00fdto sk\u00fasen\u00fd hr\u00e1\u010d.&#8220;<\/strong><\/p>\n\n\n<div class=\"wp-block-image\">\n<figure class=\"aligncenter size-large\"><img loading=\"lazy\" decoding=\"async\" width=\"1024\" height=\"681\" src=\"https:\/\/fcspartaktrnava.com\/wp-content\/uploads\/2025\/01\/DSC_2871-Enhanced-NR-1024x681.jpg\" alt=\"\" class=\"wp-image-25234\" srcset=\"https:\/\/fcspartaktrnava.com\/wp-content\/uploads\/2025\/01\/DSC_2871-Enhanced-NR-1024x681.jpg 1024w, https:\/\/fcspartaktrnava.com\/wp-content\/uploads\/2025\/01\/DSC_2871-Enhanced-NR-300x200.jpg 300w, https:\/\/fcspartaktrnava.com\/wp-content\/uploads\/2025\/01\/DSC_2871-Enhanced-NR-768x511.jpg 768w, https:\/\/fcspartaktrnava.com\/wp-content\/uploads\/2025\/01\/DSC_2871-Enhanced-NR-1536x1022.jpg 1536w, https:\/\/fcspartaktrnava.com\/wp-content\/uploads\/2025\/01\/DSC_2871-Enhanced-NR-2048x1363.jpg 2048w, https:\/\/fcspartaktrnava.com\/wp-content\/uploads\/2025\/01\/DSC_2871-Enhanced-NR-18x12.jpg 18w\" sizes=\"auto, (max-width: 1024px) 100vw, 1024px\" \/><\/figure>\n<\/div>\n\n\n<hr class=\"wp-block-separator has-alpha-channel-opacity\"\/>\n\n\n\n<h2 class=\"wp-block-heading has-text-align-center\">Patrik Vasi\u013e najlep\u0161\u00edm brank\u00e1rom turnaja, ve\u013ek\u00e9 po\u010fakovanie trnavsk\u00fdm fan\u00fa\u0161ikom!<\/h2>\n\n\n\n<p class=\"has-text-align-center has-medium-font-size\">Po\u010das cel\u00e9ho turnaja pod\u00e1vali skvel\u00e9 v\u00fdkony hr\u00e1\u010di ale aj brank\u00e1ri.<strong> Ocenenie pre najlep\u0161ieho brank\u00e1ra turnaja si odniesol Patrik Vasi\u013e!<\/strong> Tr\u00e9nerov n\u00e1\u0161ho t\u00edmu to v\u00f4bec neprekvapilo a vyzdvihli aj v\u00fdkony mlad\u00e9ho brank\u00e1ra <strong>Kristi\u00e1na H\u00fasku.<\/strong> Pokra\u010duje Peter Ga\u017ei. <\/p>\n\n\n\n<p class=\"has-text-align-center has-medium-font-size\"><strong>&#8222;Povedal by som, \u017ee ve\u013emi dobre zachytal aj Kiko H\u00faska. Obaja brank\u00e1ri odchytali v\u00ed\u0165azn\u00e9 z\u00e1pasy a aj tento mlad\u00fd brank\u00e1r m\u00e1 ve\u013ek\u00fd podiel na t\u00edmovom \u00faspechu. Pa\u0165o Vasi\u013e m\u00e1 extra veci na \u010diare, extra reflexy a z\u00e1kroky. Na turnaji vynikal a ocenenie pre najlep\u0161ieho brank\u00e1ra z\u00edskal \u00faplne zasl\u00fa\u017eene.&#8220;<\/strong><\/p>\n\n\n\n<figure class=\"wp-block-gallery has-nested-images columns-default is-cropped wp-block-gallery-1 is-layout-flex wp-block-gallery-is-layout-flex\">\n<figure class=\"wp-block-image size-large\"><img loading=\"lazy\" decoding=\"async\" width=\"1024\" height=\"684\" data-id=\"25236\" src=\"https:\/\/fcspartaktrnava.com\/wp-content\/uploads\/2025\/01\/DSC_7512-Enhanced-NR-1024x684.jpg\" alt=\"\" class=\"wp-image-25236\" srcset=\"https:\/\/fcspartaktrnava.com\/wp-content\/uploads\/2025\/01\/DSC_7512-Enhanced-NR-1024x684.jpg 1024w, https:\/\/fcspartaktrnava.com\/wp-content\/uploads\/2025\/01\/DSC_7512-Enhanced-NR-300x200.jpg 300w, https:\/\/fcspartaktrnava.com\/wp-content\/uploads\/2025\/01\/DSC_7512-Enhanced-NR-768x513.jpg 768w, https:\/\/fcspartaktrnava.com\/wp-content\/uploads\/2025\/01\/DSC_7512-Enhanced-NR-1536x1025.jpg 1536w, https:\/\/fcspartaktrnava.com\/wp-content\/uploads\/2025\/01\/DSC_7512-Enhanced-NR-2048x1367.jpg 2048w, https:\/\/fcspartaktrnava.com\/wp-content\/uploads\/2025\/01\/DSC_7512-Enhanced-NR-18x12.jpg 18w\" sizes=\"auto, (max-width: 1024px) 100vw, 1024px\" \/><\/figure>\n\n\n\n<figure class=\"wp-block-image size-large\"><img loading=\"lazy\" decoding=\"async\" width=\"1024\" height=\"681\" data-id=\"25238\" src=\"https:\/\/fcspartaktrnava.com\/wp-content\/uploads\/2025\/01\/DSC_2929-Enhanced-NR-1024x681.jpg\" alt=\"\" class=\"wp-image-25238\" srcset=\"https:\/\/fcspartaktrnava.com\/wp-content\/uploads\/2025\/01\/DSC_2929-Enhanced-NR-1024x681.jpg 1024w, https:\/\/fcspartaktrnava.com\/wp-content\/uploads\/2025\/01\/DSC_2929-Enhanced-NR-300x200.jpg 300w, https:\/\/fcspartaktrnava.com\/wp-content\/uploads\/2025\/01\/DSC_2929-Enhanced-NR-768x511.jpg 768w, https:\/\/fcspartaktrnava.com\/wp-content\/uploads\/2025\/01\/DSC_2929-Enhanced-NR-1536x1022.jpg 1536w, https:\/\/fcspartaktrnava.com\/wp-content\/uploads\/2025\/01\/DSC_2929-Enhanced-NR-2048x1363.jpg 2048w, https:\/\/fcspartaktrnava.com\/wp-content\/uploads\/2025\/01\/DSC_2929-Enhanced-NR-18x12.jpg 18w\" sizes=\"auto, (max-width: 1024px) 100vw, 1024px\" \/><\/figure>\n\n\n\n<figure class=\"wp-block-image size-large\"><img loading=\"lazy\" decoding=\"async\" width=\"1024\" height=\"681\" data-id=\"25237\" src=\"https:\/\/fcspartaktrnava.com\/wp-content\/uploads\/2025\/01\/DSC_2270-Enhanced-NR-1024x681.jpg\" alt=\"\" class=\"wp-image-25237\" srcset=\"https:\/\/fcspartaktrnava.com\/wp-content\/uploads\/2025\/01\/DSC_2270-Enhanced-NR-1024x681.jpg 1024w, https:\/\/fcspartaktrnava.com\/wp-content\/uploads\/2025\/01\/DSC_2270-Enhanced-NR-300x200.jpg 300w, https:\/\/fcspartaktrnava.com\/wp-content\/uploads\/2025\/01\/DSC_2270-Enhanced-NR-768x511.jpg 768w, https:\/\/fcspartaktrnava.com\/wp-content\/uploads\/2025\/01\/DSC_2270-Enhanced-NR-1536x1022.jpg 1536w, https:\/\/fcspartaktrnava.com\/wp-content\/uploads\/2025\/01\/DSC_2270-Enhanced-NR-2048x1363.jpg 2048w, https:\/\/fcspartaktrnava.com\/wp-content\/uploads\/2025\/01\/DSC_2270-Enhanced-NR-18x12.jpg 18w\" sizes=\"auto, (max-width: 1024px) 100vw, 1024px\" \/><\/figure>\n<\/figure>\n\n\n\n<p><\/p>\n\n\n\n<p class=\"has-text-align-center has-medium-font-size\"><strong>Po turnaji n\u00e1m svoje dojmy priniesol aj najlep\u0161\u00ed brank\u00e1r turnaja Spodek Cup 2025 &#8211; Patrik Vasi\u013e. <\/strong><\/p>\n\n\n\n<p class=\"has-text-align-center has-medium-font-size\"><strong>&#8222;Turnaj hodnot\u00edm pozit\u00edvne. Ka\u017ed\u00fd z n\u00e1s predviedol na ihrisku kvalitu a malo to zmysel. Som ve\u013emi r\u00e1d, \u017ee sa tak\u00fdto turnaj organizuje. Bola tu skuto\u010dne skvel\u00e1 kulisa a atmosf\u00e9ra. Pre n\u00e1s hr\u00e1\u010dov to bola op\u00e4\u0165 skvel\u00e1 sk\u00fasenos\u0165 a mo\u017enos\u0165 zahra\u0165 si proti zahrani\u010dn\u00fdm t\u00edmom n\u00e1s pos\u00fava \u010falej. Ve\u013ek\u00e1 v\u010faka patr\u00ed aj na\u0161im skvel\u00fdm fan\u00fa\u0161ikom a rovnako organiz\u00e1torom. Ocenenie pre najlep\u0161ieho brank\u00e1ra turnaja si ve\u013emi v\u00e1\u017eim a som r\u00e1d, \u017ee som mohol by\u0165 s\u00fa\u010das\u0165ou tohto skvel\u00e9ho podujatia.&#8220;<\/strong><\/p>\n\n\n<div class=\"wp-block-image\">\n<figure class=\"aligncenter size-large\"><img loading=\"lazy\" decoding=\"async\" width=\"681\" height=\"1024\" src=\"https:\/\/fcspartaktrnava.com\/wp-content\/uploads\/2025\/01\/DSC_3929-Enhanced-NR-681x1024.jpg\" alt=\"\" class=\"wp-image-25239\" srcset=\"https:\/\/fcspartaktrnava.com\/wp-content\/uploads\/2025\/01\/DSC_3929-Enhanced-NR-681x1024.jpg 681w, https:\/\/fcspartaktrnava.com\/wp-content\/uploads\/2025\/01\/DSC_3929-Enhanced-NR-200x300.jpg 200w, https:\/\/fcspartaktrnava.com\/wp-content\/uploads\/2025\/01\/DSC_3929-Enhanced-NR-768x1154.jpg 768w, https:\/\/fcspartaktrnava.com\/wp-content\/uploads\/2025\/01\/DSC_3929-Enhanced-NR-1022x1536.jpg 1022w, https:\/\/fcspartaktrnava.com\/wp-content\/uploads\/2025\/01\/DSC_3929-Enhanced-NR-1362x2048.jpg 1362w, https:\/\/fcspartaktrnava.com\/wp-content\/uploads\/2025\/01\/DSC_3929-Enhanced-NR-8x12.jpg 8w, https:\/\/fcspartaktrnava.com\/wp-content\/uploads\/2025\/01\/DSC_3929-Enhanced-NR.jpg 1437w\" sizes=\"auto, (max-width: 681px) 100vw, 681px\" \/><\/figure>\n<\/div>\n\n\n<hr class=\"wp-block-separator has-text-color has-vivid-red-color has-alpha-channel-opacity has-vivid-red-background-color has-background is-style-dots\"\/>\n\n\n\n<p class=\"has-text-align-center has-medium-font-size\">\u0160ancu na turnaji dostali viacer\u00ed mlad\u00ed hr\u00e1\u010di, medzi nimi bol aj 16-ro\u010dn\u00fd<strong> David Po\u013et\u00e1k. <\/strong><\/p>\n\n\n\n<p class=\"has-text-align-center has-medium-font-size\"><strong>&#8222;V\u00e1\u017eim si \u0161ancu hra\u0165 na tomto turnaji. Ve\u013emi som si to u\u017eil, bola tu skvel\u00e1 atmosf\u00e9ra a je to pre m\u0148a v\u00fdborn\u00e1 sk\u00fasenos\u0165. Te\u0161\u00edm sa na \u010fal\u0161ie podobn\u00e9 pr\u00edle\u017eitosti a priebeh sez\u00f3ny. Z mojej strany to mohlo by\u0165 aj o nie\u010do lep\u0161ie, mohli mi tam padn\u00fa\u0165 nejak\u00e9 g\u00f3ly ale tento turnaj mi uk\u00e1zal, \u010do mus\u00edm zlep\u0161i\u0165 a dal mi \u010fal\u0161iu motiv\u00e1ciu na sebe poctivo pracova\u0165.&#8220; <\/strong><\/p>\n\n\n\n<p class=\"has-text-align-center has-white-color has-vivid-red-background-color has-text-color has-background has-link-color has-medium-font-size wp-elements-5a0153dac8eebc236839fded7b656c4d\"><strong>T\u00edto hr\u00e1\u010di reprezentovali Spartak na turnaji Spodek Cup 2025.<\/strong><\/p>\n\n\n<div class=\"wp-block-image\">\n<figure class=\"aligncenter size-large\"><img loading=\"lazy\" decoding=\"async\" width=\"1024\" height=\"1024\" src=\"https:\/\/fcspartaktrnava.com\/wp-content\/uploads\/2025\/01\/unnamed-30-1024x1024.jpg\" alt=\"\" class=\"wp-image-25240\" srcset=\"https:\/\/fcspartaktrnava.com\/wp-content\/uploads\/2025\/01\/unnamed-30-1024x1024.jpg 1024w, https:\/\/fcspartaktrnava.com\/wp-content\/uploads\/2025\/01\/unnamed-30-300x300.jpg 300w, https:\/\/fcspartaktrnava.com\/wp-content\/uploads\/2025\/01\/unnamed-30-150x150.jpg 150w, https:\/\/fcspartaktrnava.com\/wp-content\/uploads\/2025\/01\/unnamed-30-768x768.jpg 768w, https:\/\/fcspartaktrnava.com\/wp-content\/uploads\/2025\/01\/unnamed-30-12x12.jpg 12w, https:\/\/fcspartaktrnava.com\/wp-content\/uploads\/2025\/01\/unnamed-30.jpg 1080w\" sizes=\"auto, (max-width: 1024px) 100vw, 1024px\" \/><\/figure>\n<\/div>\n\n\n<hr class=\"wp-block-separator has-alpha-channel-opacity\"\/>\n\n\n\n<p class=\"has-text-align-center has-luminous-vivid-amber-background-color has-background has-large-font-size\"><strong><a href=\"https:\/\/drive.google.com\/drive\/folders\/1dOO4aONklXqNRamIRCoxBu-fB1etyMLF\">FOTOGRAFIE ZO SPODEK CUP 2025 N\u00c1JDETE TU.<\/a><\/strong><\/p>\n\n\n\n<hr class=\"wp-block-separator has-alpha-channel-opacity\"\/>\n\n\n\n<p class=\"has-text-align-center has-medium-font-size\"><strong>Spolu s tr\u00e9nermi, hr\u00e1\u010dmi a cel\u00fdm t\u00edmom, ktor\u00fd \u00faspe\u0161ne reprezentoval \u010derveno-\u010d\u00edrne farby v Katoviciach, prid\u00e1vame ve\u013ek\u00e9 po\u010fakovanie na\u0161im skvel\u00fdm fan\u00fa\u0161ikom. <\/strong><\/p>\n\n\n\n<figure class=\"wp-block-gallery has-nested-images columns-default is-cropped wp-block-gallery-2 is-layout-flex wp-block-gallery-is-layout-flex\">\n<figure class=\"wp-block-image size-large\"><img loading=\"lazy\" decoding=\"async\" width=\"1024\" height=\"681\" data-id=\"25246\" src=\"https:\/\/fcspartaktrnava.com\/wp-content\/uploads\/2025\/01\/DSC_3811-Enhanced-NR-1024x681.jpg\" alt=\"\" class=\"wp-image-25246\" srcset=\"https:\/\/fcspartaktrnava.com\/wp-content\/uploads\/2025\/01\/DSC_3811-Enhanced-NR-1024x681.jpg 1024w, https:\/\/fcspartaktrnava.com\/wp-content\/uploads\/2025\/01\/DSC_3811-Enhanced-NR-300x200.jpg 300w, https:\/\/fcspartaktrnava.com\/wp-content\/uploads\/2025\/01\/DSC_3811-Enhanced-NR-768x511.jpg 768w, https:\/\/fcspartaktrnava.com\/wp-content\/uploads\/2025\/01\/DSC_3811-Enhanced-NR-1536x1022.jpg 1536w, https:\/\/fcspartaktrnava.com\/wp-content\/uploads\/2025\/01\/DSC_3811-Enhanced-NR-2048x1363.jpg 2048w, https:\/\/fcspartaktrnava.com\/wp-content\/uploads\/2025\/01\/DSC_3811-Enhanced-NR-18x12.jpg 18w\" sizes=\"auto, (max-width: 1024px) 100vw, 1024px\" \/><\/figure>\n\n\n\n<figure class=\"wp-block-image size-large\"><img loading=\"lazy\" decoding=\"async\" width=\"1024\" height=\"681\" data-id=\"25245\" src=\"https:\/\/fcspartaktrnava.com\/wp-content\/uploads\/2025\/01\/DSC_3915-Enhanced-NR-1024x681.jpg\" alt=\"\" class=\"wp-image-25245\" srcset=\"https:\/\/fcspartaktrnava.com\/wp-content\/uploads\/2025\/01\/DSC_3915-Enhanced-NR-1024x681.jpg 1024w, https:\/\/fcspartaktrnava.com\/wp-content\/uploads\/2025\/01\/DSC_3915-Enhanced-NR-300x200.jpg 300w, https:\/\/fcspartaktrnava.com\/wp-content\/uploads\/2025\/01\/DSC_3915-Enhanced-NR-768x511.jpg 768w, https:\/\/fcspartaktrnava.com\/wp-content\/uploads\/2025\/01\/DSC_3915-Enhanced-NR-1536x1022.jpg 1536w, https:\/\/fcspartaktrnava.com\/wp-content\/uploads\/2025\/01\/DSC_3915-Enhanced-NR-2048x1363.jpg 2048w, https:\/\/fcspartaktrnava.com\/wp-content\/uploads\/2025\/01\/DSC_3915-Enhanced-NR-18x12.jpg 18w\" sizes=\"auto, (max-width: 1024px) 100vw, 1024px\" \/><\/figure>\n<\/figure>\n\n\n\n<p><\/p>\n\n\n\n<figure class=\"wp-block-gallery has-nested-images columns-default is-cropped wp-block-gallery-3 is-layout-flex wp-block-gallery-is-layout-flex\">\n<figure class=\"wp-block-image size-large\"><img loading=\"lazy\" decoding=\"async\" width=\"681\" height=\"1024\" data-id=\"25254\" src=\"https:\/\/fcspartaktrnava.com\/wp-content\/uploads\/2025\/01\/DSC_3836-Enhanced-NR-681x1024.jpg\" alt=\"\" class=\"wp-image-25254\" srcset=\"https:\/\/fcspartaktrnava.com\/wp-content\/uploads\/2025\/01\/DSC_3836-Enhanced-NR-681x1024.jpg 681w, https:\/\/fcspartaktrnava.com\/wp-content\/uploads\/2025\/01\/DSC_3836-Enhanced-NR-200x300.jpg 200w, https:\/\/fcspartaktrnava.com\/wp-content\/uploads\/2025\/01\/DSC_3836-Enhanced-NR-768x1154.jpg 768w, https:\/\/fcspartaktrnava.com\/wp-content\/uploads\/2025\/01\/DSC_3836-Enhanced-NR-1022x1536.jpg 1022w, https:\/\/fcspartaktrnava.com\/wp-content\/uploads\/2025\/01\/DSC_3836-Enhanced-NR-1362x2048.jpg 1362w, https:\/\/fcspartaktrnava.com\/wp-content\/uploads\/2025\/01\/DSC_3836-Enhanced-NR-8x12.jpg 8w, https:\/\/fcspartaktrnava.com\/wp-content\/uploads\/2025\/01\/DSC_3836-Enhanced-NR.jpg 1437w\" sizes=\"auto, (max-width: 681px) 100vw, 681px\" \/><\/figure>\n\n\n\n<figure class=\"wp-block-image size-large\"><img loading=\"lazy\" decoding=\"async\" width=\"681\" height=\"1024\" data-id=\"25252\" src=\"https:\/\/fcspartaktrnava.com\/wp-content\/uploads\/2025\/01\/DSC_3947-Enhanced-NR-3-681x1024.jpg\" alt=\"\" class=\"wp-image-25252\" srcset=\"https:\/\/fcspartaktrnava.com\/wp-content\/uploads\/2025\/01\/DSC_3947-Enhanced-NR-3-681x1024.jpg 681w, https:\/\/fcspartaktrnava.com\/wp-content\/uploads\/2025\/01\/DSC_3947-Enhanced-NR-3-200x300.jpg 200w, https:\/\/fcspartaktrnava.com\/wp-content\/uploads\/2025\/01\/DSC_3947-Enhanced-NR-3-768x1154.jpg 768w, https:\/\/fcspartaktrnava.com\/wp-content\/uploads\/2025\/01\/DSC_3947-Enhanced-NR-3-1022x1536.jpg 1022w, https:\/\/fcspartaktrnava.com\/wp-content\/uploads\/2025\/01\/DSC_3947-Enhanced-NR-3-1362x2048.jpg 1362w, https:\/\/fcspartaktrnava.com\/wp-content\/uploads\/2025\/01\/DSC_3947-Enhanced-NR-3-8x12.jpg 8w, https:\/\/fcspartaktrnava.com\/wp-content\/uploads\/2025\/01\/DSC_3947-Enhanced-NR-3.jpg 1437w\" sizes=\"auto, (max-width: 681px) 100vw, 681px\" \/><\/figure>\n<\/figure>\n\n\n\n<p><\/p>\n\n\n\n<p class=\"has-text-align-center has-medium-font-size\"><strong>Op\u00e4\u0165 ste uk\u00e1zali, \u017ee n\u00e1\u0161 klub milujete a prispeli ste k skvelej turnajovej atmosf\u00e9re a v\u00fdkonom n\u00e1\u0161ho t\u00edmu. <\/strong><\/p>\n\n\n\n<p class=\"has-text-align-center has-medium-font-size\"><strong>\u010eAKUJEME! TO MY SME SPARTAK!<\/strong><\/p>\n\n\n\n<figure class=\"wp-block-image size-large\"><img loading=\"lazy\" decoding=\"async\" width=\"1024\" height=\"681\" src=\"https:\/\/fcspartaktrnava.com\/wp-content\/uploads\/2025\/01\/DSC_3687-Enhanced-NR-1024x681.jpg\" alt=\"\" class=\"wp-image-25244\" srcset=\"https:\/\/fcspartaktrnava.com\/wp-content\/uploads\/2025\/01\/DSC_3687-Enhanced-NR-1024x681.jpg 1024w, https:\/\/fcspartaktrnava.com\/wp-content\/uploads\/2025\/01\/DSC_3687-Enhanced-NR-300x200.jpg 300w, https:\/\/fcspartaktrnava.com\/wp-content\/uploads\/2025\/01\/DSC_3687-Enhanced-NR-768x511.jpg 768w, https:\/\/fcspartaktrnava.com\/wp-content\/uploads\/2025\/01\/DSC_3687-Enhanced-NR-1536x1022.jpg 1536w, https:\/\/fcspartaktrnava.com\/wp-content\/uploads\/2025\/01\/DSC_3687-Enhanced-NR-2048x1363.jpg 2048w, https:\/\/fcspartaktrnava.com\/wp-content\/uploads\/2025\/01\/DSC_3687-Enhanced-NR-18x12.jpg 18w\" sizes=\"auto, (max-width: 1024px) 100vw, 1024px\" \/><\/figure>","protected":false},"excerpt":{"rendered":"<p>Sobota patrila halov\u00e9mu futbalov\u00e9mu turnaju Spodek Cup 2025&#8230;<\/p>","protected":false},"author":5,"featured_media":25253,"comment_status":"closed","ping_status":"closed","sticky":false,"template":"","format":"standard","meta":{"footnotes":""},"categories":[30,12],"tags":[],"class_list":["post-25229","post","type-post","status-publish","format-standard","has-post-thumbnail","hentry","category-priprava","category-spravy","post-number-1"],"yoast_head":"<!-- This site is optimized with the Yoast SEO plugin v27.1.1 - https:\/\/yoast.com\/product\/yoast-seo-wordpress\/ -->\n<title>Strieborn\u00fd Spodek Cup 2025! - FC Spartak Trnava<\/title>\n<meta name=\"robots\" content=\"index, follow, max-snippet:-1, max-image-preview:large, max-video-preview:-1\" \/>\n<link rel=\"canonical\" href=\"https:\/\/fcspartaktrnava.com\/en\/strieborny-spodek-cup-2025\/\" \/>\n<meta name=\"twitter:label1\" content=\"Written by\" \/>\n\t<meta name=\"twitter:data1\" content=\"Samuel \u010eurinsk\u00fd\" \/>\n\t<meta name=\"twitter:label2\" content=\"Estimated reading time\" \/>\n\t<meta name=\"twitter:data2\" content=\"9 minutes\" \/>\n<script type=\"application\/ld+json\" class=\"yoast-schema-graph\">{\"@context\":\"https:\/\/schema.org\",\"@graph\":[{\"@type\":\"Article\",\"@id\":\"https:\/\/fcspartaktrnava.com\/strieborny-spodek-cup-2025\/#article\",\"isPartOf\":{\"@id\":\"https:\/\/fcspartaktrnava.com\/strieborny-spodek-cup-2025\/\"},\"author\":{\"name\":\"Samuel \u010eurinsk\u00fd\",\"@id\":\"https:\/\/fcspartaktrnava.com\/#\/schema\/person\/62c3c2562c3c56e4c0c8c2342c596ac0\"},\"headline\":\"Strieborn\u00fd Spodek Cup 2025!\",\"datePublished\":\"2025-01-12T12:00:36+00:00\",\"dateModified\":\"2025-01-12T20:14:14+00:00\",\"mainEntityOfPage\":{\"@id\":\"https:\/\/fcspartaktrnava.com\/strieborny-spodek-cup-2025\/\"},\"wordCount\":1436,\"publisher\":{\"@id\":\"https:\/\/fcspartaktrnava.com\/#organization\"},\"image\":{\"@id\":\"https:\/\/fcspartaktrnava.com\/strieborny-spodek-cup-2025\/#primaryimage\"},\"thumbnailUrl\":\"https:\/\/fcspartaktrnava.com\/wp-content\/uploads\/2025\/01\/DSC_7634-Enhanced-NR-scaled.jpg\",\"articleSection\":[\"Pr\u00edprava\",\"Spr\u00e1vy\"],\"inLanguage\":\"en-GB\"},{\"@type\":\"WebPage\",\"@id\":\"https:\/\/fcspartaktrnava.com\/strieborny-spodek-cup-2025\/\",\"url\":\"https:\/\/fcspartaktrnava.com\/strieborny-spodek-cup-2025\/\",\"name\":\"Strieborn\u00fd Spodek Cup 2025! - FC Spartak Trnava\",\"isPartOf\":{\"@id\":\"https:\/\/fcspartaktrnava.com\/#website\"},\"primaryImageOfPage\":{\"@id\":\"https:\/\/fcspartaktrnava.com\/strieborny-spodek-cup-2025\/#primaryimage\"},\"image\":{\"@id\":\"https:\/\/fcspartaktrnava.com\/strieborny-spodek-cup-2025\/#primaryimage\"},\"thumbnailUrl\":\"https:\/\/fcspartaktrnava.com\/wp-content\/uploads\/2025\/01\/DSC_7634-Enhanced-NR-scaled.jpg\",\"datePublished\":\"2025-01-12T12:00:36+00:00\",\"dateModified\":\"2025-01-12T20:14:14+00:00\",\"breadcrumb\":{\"@id\":\"https:\/\/fcspartaktrnava.com\/strieborny-spodek-cup-2025\/#breadcrumb\"},\"inLanguage\":\"en-GB\",\"potentialAction\":[{\"@type\":\"ReadAction\",\"target\":[\"https:\/\/fcspartaktrnava.com\/strieborny-spodek-cup-2025\/\"]}]},{\"@type\":\"ImageObject\",\"inLanguage\":\"en-GB\",\"@id\":\"https:\/\/fcspartaktrnava.com\/strieborny-spodek-cup-2025\/#primaryimage\",\"url\":\"https:\/\/fcspartaktrnava.com\/wp-content\/uploads\/2025\/01\/DSC_7634-Enhanced-NR-scaled.jpg\",\"contentUrl\":\"https:\/\/fcspartaktrnava.com\/wp-content\/uploads\/2025\/01\/DSC_7634-Enhanced-NR-scaled.jpg\",\"width\":2560,\"height\":1709},{\"@type\":\"BreadcrumbList\",\"@id\":\"https:\/\/fcspartaktrnava.com\/strieborny-spodek-cup-2025\/#breadcrumb\",\"itemListElement\":[{\"@type\":\"ListItem\",\"position\":1,\"name\":\"Home\",\"item\":\"https:\/\/fcspartaktrnava.com\/\"},{\"@type\":\"ListItem\",\"position\":2,\"name\":\"Strieborn\u00fd Spodek Cup 2025!\"}]},{\"@type\":\"WebSite\",\"@id\":\"https:\/\/fcspartaktrnava.com\/#website\",\"url\":\"https:\/\/fcspartaktrnava.com\/\",\"name\":\"FC Spartak Trnava\",\"description\":\"ofici\u00e1lna webstr\u00e1nka futbalov\u00e9ho klubu\",\"publisher\":{\"@id\":\"https:\/\/fcspartaktrnava.com\/#organization\"},\"potentialAction\":[{\"@type\":\"SearchAction\",\"target\":{\"@type\":\"EntryPoint\",\"urlTemplate\":\"https:\/\/fcspartaktrnava.com\/?s={search_term_string}\"},\"query-input\":{\"@type\":\"PropertyValueSpecification\",\"valueRequired\":true,\"valueName\":\"search_term_string\"}}],\"inLanguage\":\"en-GB\"},{\"@type\":\"Organization\",\"@id\":\"https:\/\/fcspartaktrnava.com\/#organization\",\"name\":\"FC Spartak Trnava\",\"alternateName\":\"Spartak\",\"url\":\"https:\/\/fcspartaktrnava.com\/\",\"logo\":{\"@type\":\"ImageObject\",\"inLanguage\":\"en-GB\",\"@id\":\"https:\/\/fcspartaktrnava.com\/#\/schema\/logo\/image\/\",\"url\":\"https:\/\/fcspartaktrnava.com\/wp-content\/uploads\/2022\/08\/cropped-site_logo.png\",\"contentUrl\":\"https:\/\/fcspartaktrnava.com\/wp-content\/uploads\/2022\/08\/cropped-site_logo.png\",\"width\":140,\"height\":140,\"caption\":\"FC Spartak Trnava\"},\"image\":{\"@id\":\"https:\/\/fcspartaktrnava.com\/#\/schema\/logo\/image\/\"},\"sameAs\":[\"https:\/\/www.facebook.com\/SpartakTrnava\",\"https:\/\/x.com\/SpartakTrnava1\",\"https:\/\/www.instagram.com\/spartak_sk\/\"]},{\"@type\":\"Person\",\"@id\":\"https:\/\/fcspartaktrnava.com\/#\/schema\/person\/62c3c2562c3c56e4c0c8c2342c596ac0\",\"name\":\"Samuel \u010eurinsk\u00fd\",\"image\":{\"@type\":\"ImageObject\",\"inLanguage\":\"en-GB\",\"@id\":\"https:\/\/fcspartaktrnava.com\/#\/schema\/person\/image\/\",\"url\":\"https:\/\/secure.gravatar.com\/avatar\/af2fa02af92418b86ed742470664fe40056833fb68d84becf03f6ab02319257c?s=96&d=mm&r=g\",\"contentUrl\":\"https:\/\/secure.gravatar.com\/avatar\/af2fa02af92418b86ed742470664fe40056833fb68d84becf03f6ab02319257c?s=96&d=mm&r=g\",\"caption\":\"Samuel \u010eurinsk\u00fd\"},\"url\":\"https:\/\/fcspartaktrnava.com\/en\/author\/fcst-samuel\/\"}]}<\/script>\n<!-- \/ Yoast SEO plugin. -->","yoast_head_json":{"title":"Strieborn\u00fd Spodek Cup 2025! - FC Spartak Trnava","robots":{"index":"index","follow":"follow","max-snippet":"max-snippet:-1","max-image-preview":"max-image-preview:large","max-video-preview":"max-video-preview:-1"},"canonical":"https:\/\/fcspartaktrnava.com\/en\/strieborny-spodek-cup-2025\/","twitter_misc":{"Written by":"Samuel \u010eurinsk\u00fd","Estimated reading time":"9 minutes"},"schema":{"@context":"https:\/\/schema.org","@graph":[{"@type":"Article","@id":"https:\/\/fcspartaktrnava.com\/strieborny-spodek-cup-2025\/#article","isPartOf":{"@id":"https:\/\/fcspartaktrnava.com\/strieborny-spodek-cup-2025\/"},"author":{"name":"Samuel \u010eurinsk\u00fd","@id":"https:\/\/fcspartaktrnava.com\/#\/schema\/person\/62c3c2562c3c56e4c0c8c2342c596ac0"},"headline":"Strieborn\u00fd Spodek Cup 2025!","datePublished":"2025-01-12T12:00:36+00:00","dateModified":"2025-01-12T20:14:14+00:00","mainEntityOfPage":{"@id":"https:\/\/fcspartaktrnava.com\/strieborny-spodek-cup-2025\/"},"wordCount":1436,"publisher":{"@id":"https:\/\/fcspartaktrnava.com\/#organization"},"image":{"@id":"https:\/\/fcspartaktrnava.com\/strieborny-spodek-cup-2025\/#primaryimage"},"thumbnailUrl":"https:\/\/fcspartaktrnava.com\/wp-content\/uploads\/2025\/01\/DSC_7634-Enhanced-NR-scaled.jpg","articleSection":["Pr\u00edprava","Spr\u00e1vy"],"inLanguage":"en-GB"},{"@type":"WebPage","@id":"https:\/\/fcspartaktrnava.com\/strieborny-spodek-cup-2025\/","url":"https:\/\/fcspartaktrnava.com\/strieborny-spodek-cup-2025\/","name":"Strieborn\u00fd Spodek Cup 2025! - FC Spartak Trnava","isPartOf":{"@id":"https:\/\/fcspartaktrnava.com\/#website"},"primaryImageOfPage":{"@id":"https:\/\/fcspartaktrnava.com\/strieborny-spodek-cup-2025\/#primaryimage"},"image":{"@id":"https:\/\/fcspartaktrnava.com\/strieborny-spodek-cup-2025\/#primaryimage"},"thumbnailUrl":"https:\/\/fcspartaktrnava.com\/wp-content\/uploads\/2025\/01\/DSC_7634-Enhanced-NR-scaled.jpg","datePublished":"2025-01-12T12:00:36+00:00","dateModified":"2025-01-12T20:14:14+00:00","breadcrumb":{"@id":"https:\/\/fcspartaktrnava.com\/strieborny-spodek-cup-2025\/#breadcrumb"},"inLanguage":"en-GB","potentialAction":[{"@type":"ReadAction","target":["https:\/\/fcspartaktrnava.com\/strieborny-spodek-cup-2025\/"]}]},{"@type":"ImageObject","inLanguage":"en-GB","@id":"https:\/\/fcspartaktrnava.com\/strieborny-spodek-cup-2025\/#primaryimage","url":"https:\/\/fcspartaktrnava.com\/wp-content\/uploads\/2025\/01\/DSC_7634-Enhanced-NR-scaled.jpg","contentUrl":"https:\/\/fcspartaktrnava.com\/wp-content\/uploads\/2025\/01\/DSC_7634-Enhanced-NR-scaled.jpg","width":2560,"height":1709},{"@type":"BreadcrumbList","@id":"https:\/\/fcspartaktrnava.com\/strieborny-spodek-cup-2025\/#breadcrumb","itemListElement":[{"@type":"ListItem","position":1,"name":"Home","item":"https:\/\/fcspartaktrnava.com\/"},{"@type":"ListItem","position":2,"name":"Strieborn\u00fd Spodek Cup 2025!"}]},{"@type":"WebSite","@id":"https:\/\/fcspartaktrnava.com\/#website","url":"https:\/\/fcspartaktrnava.com\/","name":"FC Spartak Trnava","description":"ofici\u00e1lna webstr\u00e1nka futbalov\u00e9ho klubu","publisher":{"@id":"https:\/\/fcspartaktrnava.com\/#organization"},"potentialAction":[{"@type":"SearchAction","target":{"@type":"EntryPoint","urlTemplate":"https:\/\/fcspartaktrnava.com\/?s={search_term_string}"},"query-input":{"@type":"PropertyValueSpecification","valueRequired":true,"valueName":"search_term_string"}}],"inLanguage":"en-GB"},{"@type":"Organization","@id":"https:\/\/fcspartaktrnava.com\/#organization","name":"FC Spartak Trnava","alternateName":"Spartak","url":"https:\/\/fcspartaktrnava.com\/","logo":{"@type":"ImageObject","inLanguage":"en-GB","@id":"https:\/\/fcspartaktrnava.com\/#\/schema\/logo\/image\/","url":"https:\/\/fcspartaktrnava.com\/wp-content\/uploads\/2022\/08\/cropped-site_logo.png","contentUrl":"https:\/\/fcspartaktrnava.com\/wp-content\/uploads\/2022\/08\/cropped-site_logo.png","width":140,"height":140,"caption":"FC Spartak Trnava"},"image":{"@id":"https:\/\/fcspartaktrnava.com\/#\/schema\/logo\/image\/"},"sameAs":["https:\/\/www.facebook.com\/SpartakTrnava","https:\/\/x.com\/SpartakTrnava1","https:\/\/www.instagram.com\/spartak_sk\/"]},{"@type":"Person","@id":"https:\/\/fcspartaktrnava.com\/#\/schema\/person\/62c3c2562c3c56e4c0c8c2342c596ac0","name":"Samuel \u010eurinsk\u00fd","image":{"@type":"ImageObject","inLanguage":"en-GB","@id":"https:\/\/fcspartaktrnava.com\/#\/schema\/person\/image\/","url":"https:\/\/secure.gravatar.com\/avatar\/af2fa02af92418b86ed742470664fe40056833fb68d84becf03f6ab02319257c?s=96&d=mm&r=g","contentUrl":"https:\/\/secure.gravatar.com\/avatar\/af2fa02af92418b86ed742470664fe40056833fb68d84becf03f6ab02319257c?s=96&d=mm&r=g","caption":"Samuel \u010eurinsk\u00fd"},"url":"https:\/\/fcspartaktrnava.com\/en\/author\/fcst-samuel\/"}]}},"_links":{"self":[{"href":"https:\/\/fcspartaktrnava.com\/en\/wp-json\/wp\/v2\/posts\/25229","targetHints":{"allow":["GET"]}}],"collection":[{"href":"https:\/\/fcspartaktrnava.com\/en\/wp-json\/wp\/v2\/posts"}],"about":[{"href":"https:\/\/fcspartaktrnava.com\/en\/wp-json\/wp\/v2\/types\/post"}],"author":[{"embeddable":true,"href":"https:\/\/fcspartaktrnava.com\/en\/wp-json\/wp\/v2\/users\/5"}],"replies":[{"embeddable":true,"href":"https:\/\/fcspartaktrnava.com\/en\/wp-json\/wp\/v2\/comments?post=25229"}],"version-history":[{"count":0,"href":"https:\/\/fcspartaktrnava.com\/en\/wp-json\/wp\/v2\/posts\/25229\/revisions"}],"wp:featuredmedia":[{"embeddable":true,"href":"https:\/\/fcspartaktrnava.com\/en\/wp-json\/wp\/v2\/media\/25253"}],"wp:attachment":[{"href":"https:\/\/fcspartaktrnava.com\/en\/wp-json\/wp\/v2\/media?parent=25229"}],"wp:term":[{"taxonomy":"category","embeddable":true,"href":"https:\/\/fcspartaktrnava.com\/en\/wp-json\/wp\/v2\/categories?post=25229"},{"taxonomy":"post_tag","embeddable":true,"href":"https:\/\/fcspartaktrnava.com\/en\/wp-json\/wp\/v2\/tags?post=25229"}],"curies":[{"name":"wp","href":"https:\/\/api.w.org\/{rel}","templated":true}]}}