{"id":25043,"date":"2025-01-03T14:50:14","date_gmt":"2025-01-03T12:50:14","guid":{"rendered":"https:\/\/fcspartaktrnava.com\/?p=25043"},"modified":"2025-01-03T14:50:15","modified_gmt":"2025-01-03T12:50:15","slug":"trener-gasparik-hodnoti-uplynuly-rok","status":"publish","type":"post","link":"https:\/\/fcspartaktrnava.com\/en\/trener-gasparik-hodnoti-uplynuly-rok\/","title":{"rendered":"Tr\u00e9ner Ga\u0161par\u00edk hodnot\u00ed uplynul\u00fd rok"},"content":{"rendered":"<p class=\"has-text-align-center has-medium-font-size\">Rok 2024 je definit\u00edvne minulos\u0165ou a my si ho m\u00f4\u017eeme e\u0161te raz zbilancova\u0165 spolo\u010dne s tr\u00e9nerom A-t\u00edmu <strong>Michalom Ga\u0161par\u00edkom. <\/strong><\/p>\n\n\n\n<p class=\"has-text-align-center has-medium-font-size\">Minul\u00fd rok priniesol pre na\u0161e farby mno\u017estvo zauj\u00edmav\u00fdch a jedine\u010dn\u00fdch momentov. Mohutn\u00fd z\u00e1ver Nik\u00e9 ligy a vybojovanie miestenky s mo\u017enos\u0165ou zabojova\u0165 o poh\u00e1rov\u00fa Eur\u00f3pu, z\u00e1pas leta proti Aston Ville pred vy\u0161e 16 000 div\u00e1kmi, trpk\u00fa a bolestiv\u00fa prehru vo fin\u00e1le Slovensk\u00e9ho poh\u00e1ra, rovnako trpk\u00fa prehru v Krakove, ale aj skvel\u00fd \u0161tvorz\u00e1pasov\u00fd v\u00ed\u0165azn\u00fd obrat v jesennej \u010dasti Nik\u00e9 ligy, priebe\u017en\u00e9 tretie miesto v tabu\u013eke a postup do \u0161tvr\u0165fin\u00e1le Slovnaft Cupu. <\/p>\n\n\n\n<p class=\"has-text-align-center has-medium-font-size\"><strong>Pripomen\u00fa\u0165 si ich m\u00f4\u017eete aj na na\u0161om YouTube v s\u00fahrnnom a emot\u00edvnom videu, ktor\u00e9 bolo s\u00fa\u010das\u0165ou Galave\u010dera Andel roka 2024.<\/strong><\/p>\n\n\n\n<figure class=\"wp-block-embed aligncenter is-type-video is-provider-youtube wp-block-embed-youtube wp-embed-aspect-16-9 wp-has-aspect-ratio\"><div class=\"wp-block-embed__wrapper\">\n<iframe loading=\"lazy\" title=\"ANDEL ROKA  | Zostrih roka 2024\" width=\"500\" height=\"281\" src=\"https:\/\/www.youtube.com\/embed\/hmLXdXHn5bM?start=7&#038;feature=oembed\" frameborder=\"0\" allow=\"accelerometer; autoplay; clipboard-write; encrypted-media; gyroscope; picture-in-picture; web-share\" referrerpolicy=\"strict-origin-when-cross-origin\" allowfullscreen><\/iframe>\n<\/div><\/figure>\n\n\n\n<hr class=\"wp-block-separator has-alpha-channel-opacity\"\/>\n\n\n\n<p class=\"has-text-align-center has-medium-font-size\"><strong>Po\u010fme u\u017e ale na vy\u0161\u0161ie spomenut\u00fd rozhovor s tr\u00e9nerom Michalom Ga\u0161par\u00edkom. <\/strong><\/p>\n\n\n\n<p class=\"has-text-align-center has-black-color has-luminous-vivid-amber-background-color has-text-color has-background has-link-color has-medium-font-size wp-elements-c43a14f0ad469e332ebcaca3a0085311\"><strong>M\u00e1me za sebou pestr\u00fd a\u00a0bohat\u00fd rok 2024 a\u00a0u\u017e aj jesenn\u00fa \u010das\u0165 Nik\u00e9 ligy, po ktorej patr\u00ed tvojim zverencom 3. miesto s\u00a036 bodmi.<\/strong> <strong>Za\u010dnime od konca. Mohutn\u00fd z\u00e1ver v\u00a0na\u0161om podan\u00ed, tri v\u00fdhry a\u00a0tri \u010dist\u00e9 kont\u00e1, rozbehnut\u00e1 ofenz\u00edva a\u00a0graduj\u00faca forma cel\u00e9ho k\u00e1dra.<\/strong> <\/p>\n\n\n\n<ol class=\"wp-block-list\"><\/ol>\n\n\n\n<p class=\"has-text-align-center has-medium-font-size\"><strong>Ako si spokojn\u00fd so z\u00e1verom jesennej \u010dasti a\u00a0ako sa pozer\u00e1\u0161 na fakt, \u017ee a\u017e k\u00a0jej koncu si mal k\u00a0dispoz\u00edcii k\u00e1der v\u00a0plnej sile?<\/strong><\/p>\n\n\n\n<p class=\"has-text-align-center has-medium-font-size\">&#8222;Ka\u017ed\u00e9ho pote\u0161ili posledn\u00e9 tri z\u00e1pasy, kde sme z\u00edskali 9 bodov a neinkasovali. Aj viac posledn\u00fdch z\u00e1pasov bolo z na\u0161ej strany na v\u00fdbornej \u00farovni. Nie je jednoduch\u00e9 zvl\u00e1dnu\u0165 sedem z\u00e1pasov bez toho, aby ste remizovali. K tomu m\u00f4\u017eeme pripo\u010d\u00edta\u0165 aj n\u00e1ro\u010dn\u00fd z\u00e1pas proti Podbrezovej. Jedine \u010do n\u00e1m v\u00fdsledkovo nevy\u0161lo, bol z\u00e1pas proti \u017diline. Pred sez\u00f3nou sme ako klub vynalo\u017eili nemal\u00e9 prostriedky na to, aby sme znova posilnili k\u00e1der a boli konkurencieschopn\u00ed. Je jedno, \u010di sa v\u00e1m zrania hr\u00e1\u010di na za\u010diatku, v strede alebo na konci sez\u00f3ny. Je to potom \u0161koda pre cel\u00fd klub, najm\u00e4 v z\u00e1pasoch, ke\u010f potrebujete ma\u0165 v z\u00e1pase \u010do najsilnej\u0161iu zostavu. To sa n\u00e1m uk\u00e1zalo v \u00favode sez\u00f3ny, ke\u010f sme mali osem a\u017e desa\u0165 zranen\u00fdch hr\u00e1\u010dov. Som r\u00e1d, \u017ee sa postupom \u010dasu za\u010dali hr\u00e1\u010di vraca\u0165 na ihrisko, bavili sa futbalom a prejavilo sa to aj na hernom prejave cel\u00e9ho t\u00edmu.&#8220;<\/p>\n\n\n\n<p class=\"has-text-align-center has-medium-font-size\"><strong>Po\u010das jesene sa n\u00e1m podaril aj \u201ehus\u00e1rsky\u201c k\u00fasok v\u00a0podobe \u0161tyroch v\u00ed\u0165azn\u00fdch obratov v\u00a0s\u00e9rii. Ako by si okomentoval t\u00fato v\u00fdnimo\u010dn\u00fa s\u00e9riu?<\/strong><\/p>\n\n\n\n<p class=\"has-text-align-center has-medium-font-size\">&#8222;Zauj\u00edmav\u00e1 a atypick\u00e1 situ\u00e1cia, ktor\u00e1 nie je \u010dasto v\u00eddan\u00e1. Nestretol som sa s \u0148ou ani ako hr\u00e1\u010d. Z\u00e1pasy mali jednu spolo\u010dn\u00fa vec, \u017ee sme si ich skomplikovali vlastnou z\u00e1sluhou. Ale na druhej strane bolo vidie\u0165, \u017ee mu\u017estvo m\u00e1 kvalitu, hr\u00e1 na v\u00ed\u0165azstvo. Je jedno v akej f\u00e1ze z\u00e1pasu d\u00e1te g\u00f3ly. Pokia\u013e m\u00e1 mu\u017estvo charakter, tak si vedia hr\u00e1\u010di pom\u00f4c\u0165 na ihrisku aj vo vyp\u00e4t\u00fdch momentoch. D\u00f4le\u017eit\u00e1 bola aj kvalita lavi\u010dky a hr\u00e1\u010dov, ktor\u00ed dok\u00e1\u017eu v rozbehnutom z\u00e1pase pom\u00f4c\u0165 svojim spoluhr\u00e1\u010dom. Uk\u00e1zal sa charakter mu\u017estva a vo vyrovnan\u00fdch z\u00e1pasoch to \u010dastokr\u00e1t rozhoduje.&#8220;<\/p>\n\n\n<div class=\"wp-block-image\">\n<figure class=\"aligncenter size-large\"><img loading=\"lazy\" decoding=\"async\" width=\"1024\" height=\"684\" src=\"https:\/\/fcspartaktrnava.com\/wp-content\/uploads\/2025\/01\/DSC_7646-Enhanced-NR-1-1024x684.jpg\" alt=\"\" class=\"wp-image-25044\" srcset=\"https:\/\/fcspartaktrnava.com\/wp-content\/uploads\/2025\/01\/DSC_7646-Enhanced-NR-1-1024x684.jpg 1024w, https:\/\/fcspartaktrnava.com\/wp-content\/uploads\/2025\/01\/DSC_7646-Enhanced-NR-1-300x200.jpg 300w, https:\/\/fcspartaktrnava.com\/wp-content\/uploads\/2025\/01\/DSC_7646-Enhanced-NR-1-768x513.jpg 768w, https:\/\/fcspartaktrnava.com\/wp-content\/uploads\/2025\/01\/DSC_7646-Enhanced-NR-1-1536x1025.jpg 1536w, https:\/\/fcspartaktrnava.com\/wp-content\/uploads\/2025\/01\/DSC_7646-Enhanced-NR-1-2048x1367.jpg 2048w, https:\/\/fcspartaktrnava.com\/wp-content\/uploads\/2025\/01\/DSC_7646-Enhanced-NR-1-18x12.jpg 18w\" sizes=\"auto, (max-width: 1024px) 100vw, 1024px\" \/><\/figure>\n<\/div>\n\n\n<p class=\"has-text-align-center has-luminous-vivid-amber-background-color has-background has-medium-font-size\"><strong>S\u00e9ria \u0161tyroch v\u00ed\u0165azn\u00fdch obratov: <\/strong><\/p>\n\n\n\n<p class=\"has-text-align-center has-luminous-vivid-amber-background-color has-background has-medium-font-size\"><strong>3:2 vs AS Tren\u010d\u00edn (V), 3:2 vs Kom\u00e1rno (D), 3:1 vs Michalovce (D), 2:1 vs Kom\u00e1rno (V).<\/strong><\/p>\n\n\n\n<hr class=\"wp-block-separator has-text-color has-vivid-red-color has-alpha-channel-opacity has-vivid-red-background-color has-background is-style-dots\"\/>\n\n\n\n<p class=\"has-text-align-center has-medium-font-size\"><strong>V\u00a0ak\u00fdch f\u00e1zach (v akej f\u00e1ze) jesennej \u010dasti si sa c\u00edtil mo\u017eno psychicky najviac unaven\u00fd a\u00a0ktor\u00e9 \u00faseky ti naopak dodali najviac energie do \u010fal\u0161ej pr\u00e1ce?<\/strong><\/p>\n\n\n\n<p class=\"has-text-align-center has-medium-font-size\">&#8222;Za\u010diatok sez\u00f3ny bol pre v\u0161etk\u00fdch n\u00e1ro\u010dn\u00fd. M\u00e1me stanoven\u00e9 ciele a amb\u00edcie, ktor\u00e9 sa n\u00e1m nedarilo nap\u013a\u0148a\u0165. Naj\u0165a\u017e\u0161\u00ed okamih pri\u0161iel po vypadnut\u00ed na penalty proti Wisle. Nebol som ale psychicky unaven\u00fd, preto\u017ee m\u00e1m okolo seba skvel\u00fdch \u013eud\u00ed a skvel\u00fd realiza\u010dn\u00fd t\u00edm. Chalani s\u00fa hladn\u00ed po \u00faspechu a ambici\u00f3zni. Navz\u00e1jom sa motivujeme, vieme ako pracujeme, ak\u00fd m\u00e1me syst\u00e9m a to n\u00e1m pom\u00e1ha aj v kr\u00edzov\u00fdch situ\u00e1ci\u00e1ch. Najkraj\u0161ie momenty pri\u0161li pr\u00e1ve pri spom\u00ednan\u00fdch \u0161tyroch v\u00ed\u0165azn\u00fdch obratoch. Z\u00e1pasy s\u00fa potom ove\u013ea emot\u00edvnej\u0161ie. V z\u00e1vere jesene sme boli na v\u00ed\u0165aznej vlne aj s ve\u013emi pekn\u00fdm futbalom. U\u017e\u00edvali sme si ten futbal spolo\u010dne hr\u00e1\u010di aj realiza\u010dn\u00fd t\u00edm.&#8220;<\/p>\n\n\n\n<p class=\"has-text-align-center has-medium-font-size\"><strong>\u010co ti najviac dala a\u00a0uk\u00e1zala ako tr\u00e9nerovi a\u00a0\u010dloveku cel\u00e1 pas\u00e1\u017e sez\u00f3ny z\u00a0poh\u013eadu pr\u00edpravy na sez\u00f3nu, formovania k\u00e1dra, odchodov, pr\u00edchodov hr\u00e1\u010dov, v\u00fdsledkov a\u00a0pod.?<\/strong><\/p>\n\n\n\n<p class=\"has-text-align-center has-medium-font-size\">&#8222;Dala mi cenn\u00e9 sk\u00fasenosti do bud\u00facna. Vieme, \u017ee trnavsk\u00e9 prostredie je n\u00e1ro\u010dn\u00e9 ale na to sme v t\u00edme pripraven\u00ed. Sna\u017e\u00edme sa v\u017edy pou\u010di\u0165 z minulosti, napr. pri skladbe pr\u00edpravy t\u00edmu. \u010co sa t\u00fdka pr\u00edchodov a odchodov hr\u00e1\u010dov viem, ak\u00e9 je \u0165a\u017ek\u00e9 vysklada\u0165 t\u00edm, ke\u010f v\u00e1m od\u00edde 10-12 hr\u00e1\u010dov a rovnak\u00fd po\u010det v\u00e1m pr\u00edde. Je potrebn\u00e9 to sk\u013abi\u0165 s t\u00fdm, \u017ee vstupujete do eur\u00f3pskych s\u00fa\u0165a\u017e\u00ed a ke\u010f v\u00e1m pr\u00eddu hr\u00e1\u010di na posledn\u00fd chv\u00ed\u013eu, tak m\u00e1te ur\u010dit\u00fd hendikep v poh\u00e1rov\u00fdch z\u00e1pasoch. Viem, \u017ee v\u0161etko trv\u00e1 ur\u010dit\u00fd \u010das a viem, kde sa nach\u00e1dzam. Fan\u00fa\u0161ik o\u010dak\u00e1va okam\u017eit\u00fd \u00faspech a v\u00ed\u0165azstv\u00e1. Je to ale \u0161port, \u017eiv\u00fd organizmus a ver\u00edm, \u017ee sa budeme st\u00e1le pos\u00fava\u0165 dopredu a budeme na tom lep\u0161ie a lep\u0161ie.&#8220;<\/p>\n\n\n\n<p class=\"has-text-align-center has-medium-font-size\"><strong>Ako si spokojn\u00fd s\u00a0pr\u00edchodmi nov\u00fdch hr\u00e1\u010dov, ktor\u00ed pri\u0161li pred sez\u00f3nou do k\u00e1dra A-t\u00edmu? Adaptovali sa u\u017e na \u0161pecifick\u00e9 trnavsk\u00e9 prostredie? Kto pod\u013ea teba mo\u017eno najviac potvrdil svoje kvality a\u00a0kto e\u0161te mus\u00ed zabra\u0165?<\/strong><\/p>\n\n\n\n<p class=\"has-text-align-center has-medium-font-size\">&#8222;Pred sez\u00f3nou som vravel, \u017ee k\u00e1der bude lep\u0161\u00ed, ne\u017e v minulej sez\u00f3ne. Som r\u00e1d, \u017ee sa to potvrdilo po\u010das jesene. Udr\u017eali sme kostru mu\u017estva a doplni\u0165 t\u00edm o \u010fal\u0161\u00edch hr\u00e1\u010dov, aby sme mali lep\u0161iu lavi\u010dku ako v minulej sez\u00f3ne. Hr\u00e1\u010di, ktor\u00ed pri\u0161li a hr\u00e1vaj\u00fa viac, tak m\u00f4\u017eu by\u0165 spokojn\u00ed a hr\u00e1\u010di s men\u0161ou minut\u00e1\u017eou e\u0161te musia na sebe zapracova\u0165. Je prirodzen\u00e9, \u017ee nem\u00f4\u017eu hra\u0165 v\u0161etci a pred sez\u00f3nou vieme, \u017ee do t\u00edmu berieme aj hr\u00e1\u010dov, ktor\u00ed nebud\u00fa pravidelne v z\u00e1kladnej zostave. D\u00f4le\u017eit\u00e9 ale je, aby dok\u00e1zali hr\u00e1\u010dov nahradi\u0165 v pr\u00edpade potreby. Uk\u00e1zalo sa to najm\u00e4 pri v\u00ed\u0165azn\u00fdch obratoch, kde n\u00e1m pomohli aj hr\u00e1\u010di z lavi\u010dky.&#8220;<\/p>\n\n\n<div class=\"wp-block-image\">\n<figure class=\"aligncenter size-large is-resized\"><img loading=\"lazy\" decoding=\"async\" width=\"684\" height=\"1024\" src=\"https:\/\/fcspartaktrnava.com\/wp-content\/uploads\/2025\/01\/DSC1847-Enhanced-NR-684x1024.jpg\" alt=\"\" class=\"wp-image-25045\" style=\"width:670px;height:auto\" srcset=\"https:\/\/fcspartaktrnava.com\/wp-content\/uploads\/2025\/01\/DSC1847-Enhanced-NR-684x1024.jpg 684w, https:\/\/fcspartaktrnava.com\/wp-content\/uploads\/2025\/01\/DSC1847-Enhanced-NR-200x300.jpg 200w, https:\/\/fcspartaktrnava.com\/wp-content\/uploads\/2025\/01\/DSC1847-Enhanced-NR-768x1150.jpg 768w, https:\/\/fcspartaktrnava.com\/wp-content\/uploads\/2025\/01\/DSC1847-Enhanced-NR-1025x1536.jpg 1025w, https:\/\/fcspartaktrnava.com\/wp-content\/uploads\/2025\/01\/DSC1847-Enhanced-NR-1367x2048.jpg 1367w, https:\/\/fcspartaktrnava.com\/wp-content\/uploads\/2025\/01\/DSC1847-Enhanced-NR-8x12.jpg 8w, https:\/\/fcspartaktrnava.com\/wp-content\/uploads\/2025\/01\/DSC1847-Enhanced-NR.jpg 1442w\" sizes=\"auto, (max-width: 684px) 100vw, 684px\" \/><\/figure>\n<\/div>\n\n\n<hr class=\"wp-block-separator has-text-color has-vivid-red-color has-alpha-channel-opacity has-vivid-red-background-color has-background is-style-dots\"\/>\n\n\n\n<p class=\"has-text-align-center has-medium-font-size\"><strong>Na posilnen\u00ed ak\u00fdch poz\u00edci\u00ed budete v\u00a0t\u00edme pracova\u0165 pred jarnou \u010das\u0165ou s\u00fa\u0165a\u017ee?<\/strong><\/p>\n\n\n\n<p class=\"has-text-align-center has-medium-font-size\">&#8222;Zimn\u00e9 prestupov\u00e9 obdobie je \u0161pecifick\u00e9 a in\u00e9 ako v lete. Vo v\u00e4\u010d\u0161ine klubov sa obmie\u0148aj\u00fa k\u00e1dre najm\u00e4 v lete, ke\u010f\u017ee hr\u00e1\u010dom kon\u010dia zmluvy pr\u00e1ve v letnom prestupovom obdob\u00ed. M\u00e1me vytypovan\u00e9 poz\u00edcie, ktor\u00e9 by sme chceli posilni\u0165. Uvid\u00edme, \u010di sa n\u00e1m to podar\u00ed u\u017e teraz v zime alebo k tomu prist\u00fapime v lete. Na poslednej tla\u010dovej konferencii roka som spom\u00ednal, \u017ee chceme doplni\u0165 \u00fato\u010dn\u00fa poz\u00edciu. Pokia\u013e niektor\u00e9 poz\u00edcie nedopln\u00edme teraz, tak to urob\u00edme v lete. Ak ale m\u00e1me v\u0161etk\u00fdch hr\u00e1\u010dov zdrav\u00fdch, tak je k\u00e1der vyskladan\u00fd ve\u013emi slu\u0161ne na stanoven\u00e9 ciele. M\u00e1me aj zdvojen\u00e9 poz\u00edcie a ver\u00edm, \u017ee chalani bud\u00fa vo forme, zdrav\u00ed a budeme ma\u0165 \u00faspe\u0161n\u00fa jar.&#8220; <\/p>\n\n\n\n<hr class=\"wp-block-separator has-alpha-channel-opacity\"\/>\n\n\n\n<p class=\"has-text-align-center has-black-color has-white-background-color has-text-color has-background has-link-color has-medium-font-size wp-elements-ee5b335e7a38b2dee963be6c6106dea9\"><strong><a href=\"https:\/\/fcspartaktrnava.com\/en\/zimna-priprava-odstartuje-6-januara\/\">Pre\u010d\u00edtajte si viac o zimnej pr\u00edprave A-t\u00edmu.<\/a><\/strong><\/p>\n\n\n<div class=\"wp-block-image\">\n<figure class=\"aligncenter size-large\"><img loading=\"lazy\" decoding=\"async\" width=\"819\" height=\"1024\" src=\"https:\/\/fcspartaktrnava.com\/wp-content\/uploads\/2025\/01\/IMG_2614-819x1024.jpeg\" alt=\"\" class=\"wp-image-25047\" srcset=\"https:\/\/fcspartaktrnava.com\/wp-content\/uploads\/2025\/01\/IMG_2614-819x1024.jpeg 819w, https:\/\/fcspartaktrnava.com\/wp-content\/uploads\/2025\/01\/IMG_2614-240x300.jpeg 240w, https:\/\/fcspartaktrnava.com\/wp-content\/uploads\/2025\/01\/IMG_2614-768x960.jpeg 768w, https:\/\/fcspartaktrnava.com\/wp-content\/uploads\/2025\/01\/IMG_2614-10x12.jpeg 10w, https:\/\/fcspartaktrnava.com\/wp-content\/uploads\/2025\/01\/IMG_2614.jpeg 1200w\" sizes=\"auto, (max-width: 819px) 100vw, 819px\" \/><\/figure>\n<\/div>\n\n\n<hr class=\"wp-block-separator has-alpha-channel-opacity\"\/>\n\n\n\n<p class=\"has-text-align-center has-medium-font-size\"><strong>Ako hodnot\u00ed\u0161 na\u0161u doteraj\u0161iu p\u00fa\u0165 Slovnaft Cupom, kde sme u\u017e vo \u0161tvr\u0165fin\u00e1le?<\/strong><\/p>\n\n\n\n<p class=\"has-text-align-center has-medium-font-size\">&#8222;Nadviazali sme na to, \u017ee sme boli posledn\u00e9 tri roky \u00faspe\u0161n\u00ed a prehrali len jedin\u00fd z\u00e1pas vo fin\u00e1le. Post\u00fapili sme cez \u013eah\u0161\u00edch s\u00faperov a zvl\u00e1dli sme aj \u0165a\u017ek\u00fd z\u00e1pas proti Podbrezovej. Vo \u0161tvr\u0165fin\u00e1le n\u00e1s \u010dak\u00e1 \u017dilina a viem, \u017ee tam budeme hra\u0165 inak ako v lige a ver\u00edm, \u017ee budeme v\u00fdsledkovo \u00faspe\u0161nej\u0161\u00ed.&#8220;<\/p>\n\n\n<div class=\"wp-block-image\">\n<figure class=\"aligncenter size-large\"><img loading=\"lazy\" decoding=\"async\" width=\"1024\" height=\"684\" src=\"https:\/\/fcspartaktrnava.com\/wp-content\/uploads\/2025\/01\/DSC_0045-Enhanced-NR-1024x684.jpg\" alt=\"\" class=\"wp-image-25046\" srcset=\"https:\/\/fcspartaktrnava.com\/wp-content\/uploads\/2025\/01\/DSC_0045-Enhanced-NR-1024x684.jpg 1024w, https:\/\/fcspartaktrnava.com\/wp-content\/uploads\/2025\/01\/DSC_0045-Enhanced-NR-300x200.jpg 300w, https:\/\/fcspartaktrnava.com\/wp-content\/uploads\/2025\/01\/DSC_0045-Enhanced-NR-768x513.jpg 768w, https:\/\/fcspartaktrnava.com\/wp-content\/uploads\/2025\/01\/DSC_0045-Enhanced-NR-1536x1025.jpg 1536w, https:\/\/fcspartaktrnava.com\/wp-content\/uploads\/2025\/01\/DSC_0045-Enhanced-NR-2048x1367.jpg 2048w, https:\/\/fcspartaktrnava.com\/wp-content\/uploads\/2025\/01\/DSC_0045-Enhanced-NR-18x12.jpg 18w\" sizes=\"auto, (max-width: 1024px) 100vw, 1024px\" \/><\/figure>\n<\/div>\n\n\n<p class=\"has-text-align-center has-medium-font-size\"><strong><a href=\"https:\/\/fcspartaktrnava.com\/en\/uspesna-penaltova-drama-frelih-hrdinom\/\">Hrdinom osemfin\u00e1le Slovnaft Cupu bol brank\u00e1r \u017diga Frelih, ktor\u00fd chytil tri pokutov\u00e9 kopy.<\/a><\/strong><\/p>\n\n\n\n<hr class=\"wp-block-separator has-text-color has-vivid-red-color has-alpha-channel-opacity has-vivid-red-background-color has-background is-style-dots\"\/>\n\n\n\n<p class=\"has-text-align-center has-medium-font-size\"><strong>Ako si tr\u00e1vil zimn\u00fa prest\u00e1vku \u2013 sviato\u010dn\u00e9 obdobie \u2013 a\u017e do prv\u00e9ho tr\u00e9ningu, ktor\u00fd ofici\u00e1lne od\u0161tartuje zimn\u00fa pr\u00edpravu?<\/strong><\/p>\n\n\n\n<p class=\"has-text-align-center has-medium-font-size\">&#8222;Hne\u010f po konci jesennej \u010dasti sme odi\u0161li s partnerkou a synom do tepla, kde sme tr\u00e1vili spolo\u010dn\u00e9 chv\u00edle. Silvester som str\u00e1vil u\u017e doma so svojou partiou a po novom roku sa mi dovolenka prakticky skon\u010dila. Za\u010dali sme pripravova\u0165 veci na \u0161tart zimnej pr\u00edpravy. Spolo\u010dne s hr\u00e1\u010dmi a realiza\u010dn\u00fdm t\u00edmom sa stret\u00e1vame u\u017e 6. janu\u00e1ra na prvom tr\u00e9ningu po prest\u00e1vke.&#8220;<\/p>\n\n\n\n<p class=\"has-text-align-center has-medium-font-size\"><strong>Na z\u00e1ver. Ak by si mal zhrn\u00fa\u0165 cel\u00fd rok 2024. Ak\u00fd bol pre teba ako tr\u00e9nera, a\u00a0ak\u00fd bol pre Spartak?<\/strong><\/p>\n\n\n\n<p class=\"has-text-align-center has-medium-font-size\">&#8222;Rozpr\u00e1vame sa o \u0161porte. Boli tam samozrejme lep\u0161ie aj hor\u0161ie z\u00e1pasy. Dok\u00e1zali sme ale naplni\u0165 ciele Spartaka. Ve\u013ek\u00e1 \u0161koda, \u017ee sme nedok\u00e1zali zav\u0155\u0161i\u0165 poh\u00e1rov\u00fd hetrik a dali si (polo) vlastn\u00fd g\u00f3l. Viem, \u017ee v\u017edy to m\u00f4\u017ee by\u0165 aj lep\u0161ie ale pokia\u013e dok\u00e1\u017eeme klub stabilizova\u0165 a vyhn\u00fa sa n\u00e1m hern\u00e9 a v\u00fdsledkov\u00e1 v\u00fdkyvy, tak budeme v\u0161etci spokojn\u00ed. <strong>Ver\u00edm, \u017ee na to nadvia\u017eeme aj v tomto roku, pote\u0161\u00edme seba a rovnako aj div\u00e1kov, ktor\u00ed n\u00e1s \u017een\u00fa vpred.&#8220; <\/strong><\/p>\n\n\n\n<hr class=\"wp-block-separator has-alpha-channel-opacity\"\/>\n\n\n\n<p class=\"has-text-align-center has-luminous-vivid-amber-background-color has-background has-medium-font-size\"><strong>Pozrite si aj zop\u00e1r vybran\u00fdch \u0161tatist\u00edk z roku 2024.<\/strong><\/p>\n\n\n<div class=\"wp-block-image\">\n<figure class=\"aligncenter size-large\"><img loading=\"lazy\" decoding=\"async\" width=\"819\" height=\"1024\" src=\"https:\/\/fcspartaktrnava.com\/wp-content\/uploads\/2025\/01\/IMG_2617-819x1024.jpeg\" alt=\"\" class=\"wp-image-25048\" srcset=\"https:\/\/fcspartaktrnava.com\/wp-content\/uploads\/2025\/01\/IMG_2617-819x1024.jpeg 819w, https:\/\/fcspartaktrnava.com\/wp-content\/uploads\/2025\/01\/IMG_2617-240x300.jpeg 240w, https:\/\/fcspartaktrnava.com\/wp-content\/uploads\/2025\/01\/IMG_2617-768x960.jpeg 768w, https:\/\/fcspartaktrnava.com\/wp-content\/uploads\/2025\/01\/IMG_2617-10x12.jpeg 10w, https:\/\/fcspartaktrnava.com\/wp-content\/uploads\/2025\/01\/IMG_2617.jpeg 1200w\" sizes=\"auto, (max-width: 819px) 100vw, 819px\" \/><\/figure>\n<\/div>\n\n<div class=\"wp-block-image\">\n<figure class=\"aligncenter size-large\"><img loading=\"lazy\" decoding=\"async\" width=\"819\" height=\"1024\" src=\"https:\/\/fcspartaktrnava.com\/wp-content\/uploads\/2025\/01\/IMG_2618-819x1024.jpeg\" alt=\"\" class=\"wp-image-25049\" srcset=\"https:\/\/fcspartaktrnava.com\/wp-content\/uploads\/2025\/01\/IMG_2618-819x1024.jpeg 819w, https:\/\/fcspartaktrnava.com\/wp-content\/uploads\/2025\/01\/IMG_2618-240x300.jpeg 240w, https:\/\/fcspartaktrnava.com\/wp-content\/uploads\/2025\/01\/IMG_2618-768x960.jpeg 768w, https:\/\/fcspartaktrnava.com\/wp-content\/uploads\/2025\/01\/IMG_2618-10x12.jpeg 10w, https:\/\/fcspartaktrnava.com\/wp-content\/uploads\/2025\/01\/IMG_2618.jpeg 1200w\" sizes=\"auto, (max-width: 819px) 100vw, 819px\" \/><\/figure>\n<\/div>\n\n<div class=\"wp-block-image\">\n<figure class=\"aligncenter size-large\"><img loading=\"lazy\" decoding=\"async\" width=\"819\" height=\"1024\" src=\"https:\/\/fcspartaktrnava.com\/wp-content\/uploads\/2025\/01\/IMG_2619-819x1024.jpeg\" alt=\"\" class=\"wp-image-25050\" srcset=\"https:\/\/fcspartaktrnava.com\/wp-content\/uploads\/2025\/01\/IMG_2619-819x1024.jpeg 819w, https:\/\/fcspartaktrnava.com\/wp-content\/uploads\/2025\/01\/IMG_2619-240x300.jpeg 240w, https:\/\/fcspartaktrnava.com\/wp-content\/uploads\/2025\/01\/IMG_2619-768x960.jpeg 768w, https:\/\/fcspartaktrnava.com\/wp-content\/uploads\/2025\/01\/IMG_2619-10x12.jpeg 10w, https:\/\/fcspartaktrnava.com\/wp-content\/uploads\/2025\/01\/IMG_2619.jpeg 1200w\" sizes=\"auto, (max-width: 819px) 100vw, 819px\" \/><\/figure>\n<\/div>\n\n<div class=\"wp-block-image\">\n<figure class=\"aligncenter size-large\"><img loading=\"lazy\" decoding=\"async\" width=\"819\" height=\"1024\" src=\"https:\/\/fcspartaktrnava.com\/wp-content\/uploads\/2025\/01\/IMG_2620-819x1024.jpeg\" alt=\"\" class=\"wp-image-25051\" srcset=\"https:\/\/fcspartaktrnava.com\/wp-content\/uploads\/2025\/01\/IMG_2620-819x1024.jpeg 819w, https:\/\/fcspartaktrnava.com\/wp-content\/uploads\/2025\/01\/IMG_2620-240x300.jpeg 240w, https:\/\/fcspartaktrnava.com\/wp-content\/uploads\/2025\/01\/IMG_2620-768x960.jpeg 768w, https:\/\/fcspartaktrnava.com\/wp-content\/uploads\/2025\/01\/IMG_2620-10x12.jpeg 10w, https:\/\/fcspartaktrnava.com\/wp-content\/uploads\/2025\/01\/IMG_2620.jpeg 1200w\" sizes=\"auto, (max-width: 819px) 100vw, 819px\" \/><\/figure>\n<\/div>","protected":false},"excerpt":{"rendered":"<p>Rok 2024 je definit\u00edvne minulos\u0165ou a my si&#8230;<\/p>","protected":false},"author":5,"featured_media":25052,"comment_status":"closed","ping_status":"closed","sticky":false,"template":"","format":"standard","meta":{"footnotes":""},"categories":[41,12],"tags":[],"class_list":["post-25043","post","type-post","status-publish","format-standard","has-post-thumbnail","hentry","category-intervju","category-spravy","post-number-1"],"yoast_head":"<!-- This site is optimized with the Yoast SEO plugin v27.1.1 - https:\/\/yoast.com\/product\/yoast-seo-wordpress\/ -->\n<title>Tr\u00e9ner Ga\u0161par\u00edk hodnot\u00ed uplynul\u00fd rok - FC Spartak Trnava<\/title>\n<meta name=\"robots\" content=\"index, follow, max-snippet:-1, max-image-preview:large, max-video-preview:-1\" \/>\n<link rel=\"canonical\" href=\"https:\/\/fcspartaktrnava.com\/en\/trener-gasparik-hodnoti-uplynuly-rok\/\" \/>\n<meta name=\"twitter:label1\" content=\"Written by\" \/>\n\t<meta name=\"twitter:data1\" content=\"Samuel \u010eurinsk\u00fd\" \/>\n\t<meta name=\"twitter:label2\" content=\"Estimated reading time\" \/>\n\t<meta name=\"twitter:data2\" content=\"9 minutes\" \/>\n<script type=\"application\/ld+json\" class=\"yoast-schema-graph\">{\"@context\":\"https:\/\/schema.org\",\"@graph\":[{\"@type\":\"Article\",\"@id\":\"https:\/\/fcspartaktrnava.com\/trener-gasparik-hodnoti-uplynuly-rok\/#article\",\"isPartOf\":{\"@id\":\"https:\/\/fcspartaktrnava.com\/trener-gasparik-hodnoti-uplynuly-rok\/\"},\"author\":{\"name\":\"Samuel \u010eurinsk\u00fd\",\"@id\":\"https:\/\/fcspartaktrnava.com\/#\/schema\/person\/62c3c2562c3c56e4c0c8c2342c596ac0\"},\"headline\":\"Tr\u00e9ner Ga\u0161par\u00edk hodnot\u00ed uplynul\u00fd rok\",\"datePublished\":\"2025-01-03T12:50:14+00:00\",\"dateModified\":\"2025-01-03T12:50:15+00:00\",\"mainEntityOfPage\":{\"@id\":\"https:\/\/fcspartaktrnava.com\/trener-gasparik-hodnoti-uplynuly-rok\/\"},\"wordCount\":1678,\"publisher\":{\"@id\":\"https:\/\/fcspartaktrnava.com\/#organization\"},\"image\":{\"@id\":\"https:\/\/fcspartaktrnava.com\/trener-gasparik-hodnoti-uplynuly-rok\/#primaryimage\"},\"thumbnailUrl\":\"https:\/\/fcspartaktrnava.com\/wp-content\/uploads\/2025\/01\/DSC_7015-Enhanced-NR-scaled.jpg\",\"articleSection\":[\"Rozhovory\",\"Spr\u00e1vy\"],\"inLanguage\":\"en-GB\"},{\"@type\":\"WebPage\",\"@id\":\"https:\/\/fcspartaktrnava.com\/trener-gasparik-hodnoti-uplynuly-rok\/\",\"url\":\"https:\/\/fcspartaktrnava.com\/trener-gasparik-hodnoti-uplynuly-rok\/\",\"name\":\"Tr\u00e9ner Ga\u0161par\u00edk hodnot\u00ed uplynul\u00fd rok - FC Spartak Trnava\",\"isPartOf\":{\"@id\":\"https:\/\/fcspartaktrnava.com\/#website\"},\"primaryImageOfPage\":{\"@id\":\"https:\/\/fcspartaktrnava.com\/trener-gasparik-hodnoti-uplynuly-rok\/#primaryimage\"},\"image\":{\"@id\":\"https:\/\/fcspartaktrnava.com\/trener-gasparik-hodnoti-uplynuly-rok\/#primaryimage\"},\"thumbnailUrl\":\"https:\/\/fcspartaktrnava.com\/wp-content\/uploads\/2025\/01\/DSC_7015-Enhanced-NR-scaled.jpg\",\"datePublished\":\"2025-01-03T12:50:14+00:00\",\"dateModified\":\"2025-01-03T12:50:15+00:00\",\"breadcrumb\":{\"@id\":\"https:\/\/fcspartaktrnava.com\/trener-gasparik-hodnoti-uplynuly-rok\/#breadcrumb\"},\"inLanguage\":\"en-GB\",\"potentialAction\":[{\"@type\":\"ReadAction\",\"target\":[\"https:\/\/fcspartaktrnava.com\/trener-gasparik-hodnoti-uplynuly-rok\/\"]}]},{\"@type\":\"ImageObject\",\"inLanguage\":\"en-GB\",\"@id\":\"https:\/\/fcspartaktrnava.com\/trener-gasparik-hodnoti-uplynuly-rok\/#primaryimage\",\"url\":\"https:\/\/fcspartaktrnava.com\/wp-content\/uploads\/2025\/01\/DSC_7015-Enhanced-NR-scaled.jpg\",\"contentUrl\":\"https:\/\/fcspartaktrnava.com\/wp-content\/uploads\/2025\/01\/DSC_7015-Enhanced-NR-scaled.jpg\",\"width\":2560,\"height\":1709},{\"@type\":\"BreadcrumbList\",\"@id\":\"https:\/\/fcspartaktrnava.com\/trener-gasparik-hodnoti-uplynuly-rok\/#breadcrumb\",\"itemListElement\":[{\"@type\":\"ListItem\",\"position\":1,\"name\":\"Home\",\"item\":\"https:\/\/fcspartaktrnava.com\/\"},{\"@type\":\"ListItem\",\"position\":2,\"name\":\"Tr\u00e9ner Ga\u0161par\u00edk hodnot\u00ed uplynul\u00fd rok\"}]},{\"@type\":\"WebSite\",\"@id\":\"https:\/\/fcspartaktrnava.com\/#website\",\"url\":\"https:\/\/fcspartaktrnava.com\/\",\"name\":\"FC Spartak Trnava\",\"description\":\"ofici\u00e1lna webstr\u00e1nka futbalov\u00e9ho klubu\",\"publisher\":{\"@id\":\"https:\/\/fcspartaktrnava.com\/#organization\"},\"potentialAction\":[{\"@type\":\"SearchAction\",\"target\":{\"@type\":\"EntryPoint\",\"urlTemplate\":\"https:\/\/fcspartaktrnava.com\/?s={search_term_string}\"},\"query-input\":{\"@type\":\"PropertyValueSpecification\",\"valueRequired\":true,\"valueName\":\"search_term_string\"}}],\"inLanguage\":\"en-GB\"},{\"@type\":\"Organization\",\"@id\":\"https:\/\/fcspartaktrnava.com\/#organization\",\"name\":\"FC Spartak Trnava\",\"alternateName\":\"Spartak\",\"url\":\"https:\/\/fcspartaktrnava.com\/\",\"logo\":{\"@type\":\"ImageObject\",\"inLanguage\":\"en-GB\",\"@id\":\"https:\/\/fcspartaktrnava.com\/#\/schema\/logo\/image\/\",\"url\":\"https:\/\/fcspartaktrnava.com\/wp-content\/uploads\/2022\/08\/cropped-site_logo.png\",\"contentUrl\":\"https:\/\/fcspartaktrnava.com\/wp-content\/uploads\/2022\/08\/cropped-site_logo.png\",\"width\":140,\"height\":140,\"caption\":\"FC Spartak Trnava\"},\"image\":{\"@id\":\"https:\/\/fcspartaktrnava.com\/#\/schema\/logo\/image\/\"},\"sameAs\":[\"https:\/\/www.facebook.com\/SpartakTrnava\",\"https:\/\/x.com\/SpartakTrnava1\",\"https:\/\/www.instagram.com\/spartak_sk\/\"]},{\"@type\":\"Person\",\"@id\":\"https:\/\/fcspartaktrnava.com\/#\/schema\/person\/62c3c2562c3c56e4c0c8c2342c596ac0\",\"name\":\"Samuel \u010eurinsk\u00fd\",\"image\":{\"@type\":\"ImageObject\",\"inLanguage\":\"en-GB\",\"@id\":\"https:\/\/fcspartaktrnava.com\/#\/schema\/person\/image\/\",\"url\":\"https:\/\/secure.gravatar.com\/avatar\/af2fa02af92418b86ed742470664fe40056833fb68d84becf03f6ab02319257c?s=96&d=mm&r=g\",\"contentUrl\":\"https:\/\/secure.gravatar.com\/avatar\/af2fa02af92418b86ed742470664fe40056833fb68d84becf03f6ab02319257c?s=96&d=mm&r=g\",\"caption\":\"Samuel \u010eurinsk\u00fd\"},\"url\":\"https:\/\/fcspartaktrnava.com\/en\/author\/fcst-samuel\/\"}]}<\/script>\n<!-- \/ Yoast SEO plugin. -->","yoast_head_json":{"title":"Tr\u00e9ner Ga\u0161par\u00edk hodnot\u00ed uplynul\u00fd rok - FC Spartak Trnava","robots":{"index":"index","follow":"follow","max-snippet":"max-snippet:-1","max-image-preview":"max-image-preview:large","max-video-preview":"max-video-preview:-1"},"canonical":"https:\/\/fcspartaktrnava.com\/en\/trener-gasparik-hodnoti-uplynuly-rok\/","twitter_misc":{"Written by":"Samuel \u010eurinsk\u00fd","Estimated reading time":"9 minutes"},"schema":{"@context":"https:\/\/schema.org","@graph":[{"@type":"Article","@id":"https:\/\/fcspartaktrnava.com\/trener-gasparik-hodnoti-uplynuly-rok\/#article","isPartOf":{"@id":"https:\/\/fcspartaktrnava.com\/trener-gasparik-hodnoti-uplynuly-rok\/"},"author":{"name":"Samuel \u010eurinsk\u00fd","@id":"https:\/\/fcspartaktrnava.com\/#\/schema\/person\/62c3c2562c3c56e4c0c8c2342c596ac0"},"headline":"Tr\u00e9ner Ga\u0161par\u00edk hodnot\u00ed uplynul\u00fd rok","datePublished":"2025-01-03T12:50:14+00:00","dateModified":"2025-01-03T12:50:15+00:00","mainEntityOfPage":{"@id":"https:\/\/fcspartaktrnava.com\/trener-gasparik-hodnoti-uplynuly-rok\/"},"wordCount":1678,"publisher":{"@id":"https:\/\/fcspartaktrnava.com\/#organization"},"image":{"@id":"https:\/\/fcspartaktrnava.com\/trener-gasparik-hodnoti-uplynuly-rok\/#primaryimage"},"thumbnailUrl":"https:\/\/fcspartaktrnava.com\/wp-content\/uploads\/2025\/01\/DSC_7015-Enhanced-NR-scaled.jpg","articleSection":["Rozhovory","Spr\u00e1vy"],"inLanguage":"en-GB"},{"@type":"WebPage","@id":"https:\/\/fcspartaktrnava.com\/trener-gasparik-hodnoti-uplynuly-rok\/","url":"https:\/\/fcspartaktrnava.com\/trener-gasparik-hodnoti-uplynuly-rok\/","name":"Tr\u00e9ner Ga\u0161par\u00edk hodnot\u00ed uplynul\u00fd rok - FC Spartak Trnava","isPartOf":{"@id":"https:\/\/fcspartaktrnava.com\/#website"},"primaryImageOfPage":{"@id":"https:\/\/fcspartaktrnava.com\/trener-gasparik-hodnoti-uplynuly-rok\/#primaryimage"},"image":{"@id":"https:\/\/fcspartaktrnava.com\/trener-gasparik-hodnoti-uplynuly-rok\/#primaryimage"},"thumbnailUrl":"https:\/\/fcspartaktrnava.com\/wp-content\/uploads\/2025\/01\/DSC_7015-Enhanced-NR-scaled.jpg","datePublished":"2025-01-03T12:50:14+00:00","dateModified":"2025-01-03T12:50:15+00:00","breadcrumb":{"@id":"https:\/\/fcspartaktrnava.com\/trener-gasparik-hodnoti-uplynuly-rok\/#breadcrumb"},"inLanguage":"en-GB","potentialAction":[{"@type":"ReadAction","target":["https:\/\/fcspartaktrnava.com\/trener-gasparik-hodnoti-uplynuly-rok\/"]}]},{"@type":"ImageObject","inLanguage":"en-GB","@id":"https:\/\/fcspartaktrnava.com\/trener-gasparik-hodnoti-uplynuly-rok\/#primaryimage","url":"https:\/\/fcspartaktrnava.com\/wp-content\/uploads\/2025\/01\/DSC_7015-Enhanced-NR-scaled.jpg","contentUrl":"https:\/\/fcspartaktrnava.com\/wp-content\/uploads\/2025\/01\/DSC_7015-Enhanced-NR-scaled.jpg","width":2560,"height":1709},{"@type":"BreadcrumbList","@id":"https:\/\/fcspartaktrnava.com\/trener-gasparik-hodnoti-uplynuly-rok\/#breadcrumb","itemListElement":[{"@type":"ListItem","position":1,"name":"Home","item":"https:\/\/fcspartaktrnava.com\/"},{"@type":"ListItem","position":2,"name":"Tr\u00e9ner Ga\u0161par\u00edk hodnot\u00ed uplynul\u00fd rok"}]},{"@type":"WebSite","@id":"https:\/\/fcspartaktrnava.com\/#website","url":"https:\/\/fcspartaktrnava.com\/","name":"FC Spartak Trnava","description":"ofici\u00e1lna webstr\u00e1nka futbalov\u00e9ho klubu","publisher":{"@id":"https:\/\/fcspartaktrnava.com\/#organization"},"potentialAction":[{"@type":"SearchAction","target":{"@type":"EntryPoint","urlTemplate":"https:\/\/fcspartaktrnava.com\/?s={search_term_string}"},"query-input":{"@type":"PropertyValueSpecification","valueRequired":true,"valueName":"search_term_string"}}],"inLanguage":"en-GB"},{"@type":"Organization","@id":"https:\/\/fcspartaktrnava.com\/#organization","name":"FC Spartak Trnava","alternateName":"Spartak","url":"https:\/\/fcspartaktrnava.com\/","logo":{"@type":"ImageObject","inLanguage":"en-GB","@id":"https:\/\/fcspartaktrnava.com\/#\/schema\/logo\/image\/","url":"https:\/\/fcspartaktrnava.com\/wp-content\/uploads\/2022\/08\/cropped-site_logo.png","contentUrl":"https:\/\/fcspartaktrnava.com\/wp-content\/uploads\/2022\/08\/cropped-site_logo.png","width":140,"height":140,"caption":"FC Spartak Trnava"},"image":{"@id":"https:\/\/fcspartaktrnava.com\/#\/schema\/logo\/image\/"},"sameAs":["https:\/\/www.facebook.com\/SpartakTrnava","https:\/\/x.com\/SpartakTrnava1","https:\/\/www.instagram.com\/spartak_sk\/"]},{"@type":"Person","@id":"https:\/\/fcspartaktrnava.com\/#\/schema\/person\/62c3c2562c3c56e4c0c8c2342c596ac0","name":"Samuel \u010eurinsk\u00fd","image":{"@type":"ImageObject","inLanguage":"en-GB","@id":"https:\/\/fcspartaktrnava.com\/#\/schema\/person\/image\/","url":"https:\/\/secure.gravatar.com\/avatar\/af2fa02af92418b86ed742470664fe40056833fb68d84becf03f6ab02319257c?s=96&d=mm&r=g","contentUrl":"https:\/\/secure.gravatar.com\/avatar\/af2fa02af92418b86ed742470664fe40056833fb68d84becf03f6ab02319257c?s=96&d=mm&r=g","caption":"Samuel \u010eurinsk\u00fd"},"url":"https:\/\/fcspartaktrnava.com\/en\/author\/fcst-samuel\/"}]}},"_links":{"self":[{"href":"https:\/\/fcspartaktrnava.com\/en\/wp-json\/wp\/v2\/posts\/25043","targetHints":{"allow":["GET"]}}],"collection":[{"href":"https:\/\/fcspartaktrnava.com\/en\/wp-json\/wp\/v2\/posts"}],"about":[{"href":"https:\/\/fcspartaktrnava.com\/en\/wp-json\/wp\/v2\/types\/post"}],"author":[{"embeddable":true,"href":"https:\/\/fcspartaktrnava.com\/en\/wp-json\/wp\/v2\/users\/5"}],"replies":[{"embeddable":true,"href":"https:\/\/fcspartaktrnava.com\/en\/wp-json\/wp\/v2\/comments?post=25043"}],"version-history":[{"count":0,"href":"https:\/\/fcspartaktrnava.com\/en\/wp-json\/wp\/v2\/posts\/25043\/revisions"}],"wp:featuredmedia":[{"embeddable":true,"href":"https:\/\/fcspartaktrnava.com\/en\/wp-json\/wp\/v2\/media\/25052"}],"wp:attachment":[{"href":"https:\/\/fcspartaktrnava.com\/en\/wp-json\/wp\/v2\/media?parent=25043"}],"wp:term":[{"taxonomy":"category","embeddable":true,"href":"https:\/\/fcspartaktrnava.com\/en\/wp-json\/wp\/v2\/categories?post=25043"},{"taxonomy":"post_tag","embeddable":true,"href":"https:\/\/fcspartaktrnava.com\/en\/wp-json\/wp\/v2\/tags?post=25043"}],"curies":[{"name":"wp","href":"https:\/\/api.w.org\/{rel}","templated":true}]}}