{"id":25015,"date":"2024-12-29T13:28:46","date_gmt":"2024-12-29T11:28:46","guid":{"rendered":"https:\/\/fcspartaktrnava.com\/?p=25015"},"modified":"2024-12-29T13:28:47","modified_gmt":"2024-12-29T11:28:47","slug":"pripravky-pohlad-na-najmensie-kategorie-ocami-seftrenera","status":"publish","type":"post","link":"https:\/\/fcspartaktrnava.com\/en\/pripravky-pohlad-na-najmensie-kategorie-ocami-seftrenera\/","title":{"rendered":"Pr\u00edpravky. Poh\u013ead na najmen\u0161ie kateg\u00f3rie o\u010dami \u0161\u00e9ftr\u00e9nera"},"content":{"rendered":"<p class=\"has-text-align-center has-medium-font-size\"><strong>Pokra\u010dujeme v bilancovan\u00ed roka 2024 a nem\u00f4\u017eme vynecha\u0165 ani mal\u00e9 spartakovsk\u00e9 n\u00e1deje v kateg\u00f3ri\u00e1ch pr\u00edpraviek. N\u00e1\u0161 klub je vybudovan\u00fd od z\u00e1kladov a z\u00e1le\u017e\u00ed mu na bud\u00facnosti, ktorej s\u00fa\u010das\u0165ou tvoria deti od najmen\u0161\u00edch vekov\u00fdch kateg\u00f3ri\u00ed. <\/strong><\/p>\n\n\n\n<p class=\"has-text-align-center has-medium-font-size\"><strong>Pre\u010d\u00edtajte si rozhovor so \u0161\u00e9ftr\u00e9nerom pr\u00edpraviek, D\u00e1vidom Mi\u0161kovi\u010dom. Dozviete sa viac napr. aj o metodike pr\u00e1ce s detsk\u00fdmi kateg\u00f3riami alebo aj to, ak\u00fa \u00falohu zohr\u00e1vaj\u00fa rodi\u010dia pri v\u00fdchove mlad\u00fdch talentov. <\/strong><\/p>\n\n\n\n<hr class=\"wp-block-separator has-alpha-channel-opacity\"\/>\n\n\n\n<h2 class=\"wp-block-heading has-text-align-center\">Bohat\u00fd rok 2024<\/h2>\n\n\n\n<p class=\"has-text-align-center has-medium-font-size\"><strong>\u010co v\u0161etko pr\u00edpravky za\u017eili po\u010das tohto roka?<\/strong><\/p>\n\n\n\n<p class=\"has-text-align-center has-medium-font-size\">&#8222;V kateg\u00f3rii WU9 preva\u017euj\u00fa turnaje medzi chlap\u010densk\u00fdmi t\u00edmami, v ktor\u00fdch dok\u00e1\u017eeme v\u00fdborne obst\u00e1\u0165 a chlapcom sa vyrovna\u0165. Ich star\u0161ej\u00a0dvoji\u010dke WU11 sa podarilo nadviaza\u0165 nad\u0161tandardn\u00e9\u00a0vz\u0165ahy s \u010desk\u00fdmi top t\u00edmami, kde n\u00e1s najviac pote\u0161ili pozv\u00e1nky na kvalitne obsaden\u00e9 turnaje v Ostrave.<\/p>\n\n\n\n<p class=\"has-text-align-center has-medium-font-size\">V kateg\u00f3rii U7 je pre n\u00e1s najv\u00e4\u010d\u0161\u00edm cie\u013eom rozvoj pohybov\u00fdch schopnost\u00ed a postupn\u00fdmi krokmi chlapci nadob\u00fadaj\u00fa sk\u00fasenosti z tr\u00e9ningov\u00e9ho procesu \u010di z\u00e1pasov. Spo\u010diatku sa zameriavame len na tr\u00e9ningov\u00e9 jednotky, nesk\u00f4r sa vyskytne jeden z\u00e1pas do mesiaca. Koncom jesennej \u010dasti sa chlapci z\u00fa\u010dastnili prv\u00fdch turnajov, kde bol vidie\u0165 zna\u010dn\u00fd progres od prv\u00e9ho z\u00e1pasu na konci leta.&nbsp;<\/p>\n\n\n\n<p class=\"has-text-align-center has-medium-font-size\">Hr\u00e1\u010di kateg\u00f3rie U8 maj\u00fa v posledn\u00fdch mesiacoch za sebou zauj\u00edmav\u00e9 konfront\u00e1cie preva\u017ene so zahrani\u010dn\u00fdmi top akad\u00e9miami &#8211; okrem in\u00fdch Austria a Rapid Viede\u0148, Ban\u00edk Ostrava, pra\u017esk\u00e9 \u201eeS\u201c \u010di Anderlecht Brusel. Kr\u00e1sny \u00faspech zaznamenala kateg\u00f3ria U9 v dom\u00e1com turnaji, kde popri t\u00edmoch ako Slovan, Zbrojovka Brno, G\u00f3rnik Zabrze, \u017dilina \u010di Tren\u010d\u00edn skon\u010dili na prvom mieste. Okrem in\u00fdch turnajov patria k spomenutiu\u00a0najm\u00e4 konfront\u00e1cie s Wislou Krakow, Derby County, \u010di Borussiou Monchengladbach. Takisto kateg\u00f3ria U10 sa z\u00fa\u010dastnila podobn\u00fdch medzin\u00e1rodn\u00fdch konfront\u00e1cii na turnaji v Radave, vyhra\u0165 dok\u00e1zali kvalitne obsaden\u00fd turnaj v Banskej Bystrici za\u010diatkom leta. V najstar\u0161ej pr\u00edpravkarskej kateg\u00f3rii U11 sme sa v lete s hr\u00e1\u010dmi zoznamovali. Zo za\u010diatku si hr\u00e1\u010di chv\u00ed\u013eu zvykali na n\u00e1ro\u010dnej\u0161ie cvi\u010denia, kde sa sna\u017e\u00edme okrem cie\u013eu tr\u00e9ningu rozv\u00edja\u0165 aj kognit\u00edvne funkcie mozgu. Jese\u0148 a zima ro\u010dn\u00edka 2014 vy\u0161la na v\u00fdborn\u00fa, kedy okrem toho, \u017ee sa n\u00e1m podarilo ma\u0165 ka\u017ed\u00fd v\u00edkend z\u00e1pas \u010di turnaj so slovenskou \u010di eur\u00f3pskou \u0161pi\u010dkou, hr\u00e1\u010di zaznamenali zna\u010dn\u00fd hern\u00fd aj technick\u00fd progres a v z\u00e1pasoch dominovali. Leto bolo zameran\u00e9 na spozn\u00e1vanie pri kvalitne obsaden\u00fdch triangloch\u00a0&#8211; Austria \u010di Rapid Viede\u0148, Sigma Olomouc \u010di Mol Feherv\u00e1r\u00a0boli t\u00edmami, ktor\u00e9 n\u00e1m uk\u00e1zali hern\u00e9 \u010dinnosti, v ktor\u00fdch dominujeme, \u010di na ktor\u00fdch treba zapracova\u0165. V septembri hr\u00e1\u010di zv\u00ed\u0165azili na medzin\u00e1rodnom turnaji v \u010desk\u00fdch \u0160ardiciach. V zime bola pre n\u00e1s najlep\u0161ia konfront\u00e1cia v Prahe so Spartou a Slaviou, kde sme videli top zahrani\u010dn\u00e9 akad\u00e9mie a pravdepodobne najlep\u0161ie t\u00edmy v tomto ro\u010dn\u00edku. Hr\u00e1\u010di uk\u00e1zali trnavsk\u00e9 srdie\u010dko, oba z\u00e1pasy zahrali fantasticky a aj zv\u00ed\u0165azili.&#8220;<\/p>\n\n\n<div class=\"wp-block-image\">\n<figure class=\"aligncenter size-large\"><img loading=\"lazy\" decoding=\"async\" width=\"1024\" height=\"606\" src=\"https:\/\/fcspartaktrnava.com\/wp-content\/uploads\/2024\/12\/PHOTO-2024-12-25-16-58-31-1024x606.jpg\" alt=\"\" class=\"wp-image-25016\" srcset=\"https:\/\/fcspartaktrnava.com\/wp-content\/uploads\/2024\/12\/PHOTO-2024-12-25-16-58-31-1024x606.jpg 1024w, https:\/\/fcspartaktrnava.com\/wp-content\/uploads\/2024\/12\/PHOTO-2024-12-25-16-58-31-300x178.jpg 300w, https:\/\/fcspartaktrnava.com\/wp-content\/uploads\/2024\/12\/PHOTO-2024-12-25-16-58-31-768x455.jpg 768w, https:\/\/fcspartaktrnava.com\/wp-content\/uploads\/2024\/12\/PHOTO-2024-12-25-16-58-31-18x12.jpg 18w, https:\/\/fcspartaktrnava.com\/wp-content\/uploads\/2024\/12\/PHOTO-2024-12-25-16-58-31.jpg 1530w\" sizes=\"auto, (max-width: 1024px) 100vw, 1024px\" \/><\/figure>\n<\/div>\n\n\n<p class=\"has-text-align-center has-medium-font-size\"><strong>U11<\/strong><\/p>\n\n\n\n<hr class=\"wp-block-separator has-text-color has-vivid-red-color has-alpha-channel-opacity has-vivid-red-background-color has-background is-style-dots\"\/>\n\n\n\n<p class=\"has-text-align-center has-medium-font-size\">Deti naberaj\u00fa prv\u00e9 z\u00e1pasov\u00e9 sk\u00fasenosti v lige pr\u00edpraviek, kde sa m\u00f4\u017eu porovna\u0165 s in\u00fdmi t\u00edmami a pos\u00fava\u0165 sa vpred priamo v z\u00e1pasovej praxi.<\/p>\n\n\n\n<p class=\"has-text-align-center has-medium-font-size\"><strong>Po\u010das jesene a jari hr\u00e1te aj ligu pr\u00edpraviek<\/strong>. <strong>Prezra\u010f n\u00e1m o tom viac.<\/strong><\/p>\n\n\n\n<p class=\"has-text-align-center has-medium-font-size\">&#8222;V kateg\u00f3rii WU9 sa zameriavame na nadobudnutie prv\u00fdch sk\u00fasenost\u00ed, rozvoj prv\u00fdch futbalov\u00fdch zru\u010dnost\u00ed \u010di v\u0161tepovanie klubovej identity. Diev\u010dat\u00e1 po\u010das jesene zaznamenali zna\u010dn\u00fd hern\u00fd progres, \u010do n\u00e1s ve\u013emi te\u0161\u00ed. Vo WU11 s\u00fa u\u017e diev\u010dat\u00e1 z\u017eit\u00e9 s klubom \u010di z\u00e1kladn\u00fdmi technick\u00fdmi a individu\u00e1lnymi zru\u010dnos\u0165ami, v ligov\u00fdch z\u00e1pasoch sa im podarilo proti chlap\u010densk\u00fdm t\u00edmom bez probl\u00e9mov vyrovna\u0165, za cie\u013e do jarnej \u010dasti pova\u017eujeme zlep\u0161enie koncentr\u00e1cie po\u010das celej tr\u00e9ningovej jednotky \u010di z\u00e1pasu a v\u00e4\u010d\u0161ie nasadenie vo v\u0161etk\u00fdch z\u00e1pasoch.<\/p>\n\n\n\n<p class=\"has-text-align-center has-medium-font-size\">Ligu pr\u00edpraviek SFZ hr\u00e1me u\u017e dlhodobo proti star\u0161\u00edm t\u00edmom, teda na\u0161a U8 hr\u00e1 proti s\u00faperovej U9 at\u010f. U11 m\u00e1 teda vo\u013eno a zameriava sa na konfront\u00e1cie s top akad\u00e9miami, kde vid\u00edme v\u00e4\u010d\u0161\u00ed progres jednotlivcov. V z\u00e1pasoch ligy pr\u00edpraviek v\u0161tepujeme hr\u00e1\u010dom, aby mysleli na to, \u010do maj\u00fa za\u017eit\u00e9 z tr\u00e9ningov a sna\u017eili sa to sebavedomo pou\u017ei\u0165 aj v hre. Neust\u00e1le sa chceme zlep\u0161ova\u0165 hlavne v\u00a0hern\u00fdch \u010dinnostiach jednotlivca, hlavne v\u00a0hre 1na1 alebo aj 1na2.&#8220;<\/p>\n\n\n<div class=\"wp-block-image\">\n<figure class=\"aligncenter size-large\"><img loading=\"lazy\" decoding=\"async\" width=\"1024\" height=\"709\" src=\"https:\/\/fcspartaktrnava.com\/wp-content\/uploads\/2024\/12\/PHOTO-2024-12-25-16-58-38-1024x709.jpg\" alt=\"\" class=\"wp-image-25017\" srcset=\"https:\/\/fcspartaktrnava.com\/wp-content\/uploads\/2024\/12\/PHOTO-2024-12-25-16-58-38-1024x709.jpg 1024w, https:\/\/fcspartaktrnava.com\/wp-content\/uploads\/2024\/12\/PHOTO-2024-12-25-16-58-38-300x208.jpg 300w, https:\/\/fcspartaktrnava.com\/wp-content\/uploads\/2024\/12\/PHOTO-2024-12-25-16-58-38-768x532.jpg 768w, https:\/\/fcspartaktrnava.com\/wp-content\/uploads\/2024\/12\/PHOTO-2024-12-25-16-58-38-18x12.jpg 18w, https:\/\/fcspartaktrnava.com\/wp-content\/uploads\/2024\/12\/PHOTO-2024-12-25-16-58-38.jpg 1300w\" sizes=\"auto, (max-width: 1024px) 100vw, 1024px\" \/><\/figure>\n<\/div>\n\n\n<p class=\"has-text-align-center has-medium-font-size\"><strong>U10<\/strong><\/p>\n\n\n\n<hr class=\"wp-block-separator has-alpha-channel-opacity\"\/>\n\n\n\n<p class=\"has-text-align-center has-medium-font-size\"><strong>Zimn\u00fa pr\u00edpravu u\u017e m\u00e1te napl\u00e1novan\u00fa?<\/strong><\/p>\n\n\n\n<p class=\"has-text-align-center has-medium-font-size\">&#8222;Zimu pl\u00e1nujeme v \u010dasovom predstihu, nako\u013eko sa chceme porovn\u00e1va\u0165 len s t\u00fdmi najlep\u0161\u00edmi, ktor\u00ed maj\u00fa z\u00e1pasy napl\u00e1novan\u00e9, rovnako ako my, s nieko\u013eko mesa\u010dn\u00fdm predstihom. Zima je vzh\u013eadom na plochy a po\u010dasie vhodn\u00e1 viac na pr\u00edpravn\u00e9 z\u00e1pasy \u010di triangle, aby hr\u00e1\u010di nemali dlh\u00e9 prest\u00e1vky a prestoje a boli st\u00e1le v z\u00e1pasovej teplote. Medzi najzauj\u00edmavej\u0161ie t\u00edmy, ktor\u00e9 k n\u00e1m do Trnavy po\u010das zimy pr\u00eddu porovna\u0165 svoje schopnosti, bude Sl\u00e1via Praha, Austria Viede\u0148 \u010di Ferencv\u00e1ros Budape\u0161\u0165. Jar u\u017e bude obsadenej\u0161ia aj s turnajmi a moment\u00e1lne dokon\u010dujeme obsadenie posledn\u00fdch v\u00edkendov pred letnou pauzou \u010di dokonca aj pl\u00e1n letn\u00e9ho pr\u00e1zdninov\u00e9ho obdobia.&#8220;<\/p>\n\n\n<div class=\"wp-block-image\">\n<figure class=\"aligncenter size-large is-resized\"><img loading=\"lazy\" decoding=\"async\" width=\"1024\" height=\"709\" src=\"https:\/\/fcspartaktrnava.com\/wp-content\/uploads\/2024\/12\/PHOTO-2024-12-25-16-58-44-1024x709.jpg\" alt=\"\" class=\"wp-image-25018\" style=\"width:840px;height:auto\" srcset=\"https:\/\/fcspartaktrnava.com\/wp-content\/uploads\/2024\/12\/PHOTO-2024-12-25-16-58-44-1024x709.jpg 1024w, https:\/\/fcspartaktrnava.com\/wp-content\/uploads\/2024\/12\/PHOTO-2024-12-25-16-58-44-300x208.jpg 300w, https:\/\/fcspartaktrnava.com\/wp-content\/uploads\/2024\/12\/PHOTO-2024-12-25-16-58-44-768x532.jpg 768w, https:\/\/fcspartaktrnava.com\/wp-content\/uploads\/2024\/12\/PHOTO-2024-12-25-16-58-44-18x12.jpg 18w, https:\/\/fcspartaktrnava.com\/wp-content\/uploads\/2024\/12\/PHOTO-2024-12-25-16-58-44.jpg 1477w\" sizes=\"auto, (max-width: 1024px) 100vw, 1024px\" \/><\/figure>\n<\/div>\n\n\n<p class=\"has-text-align-center has-medium-font-size\"><strong>U9<\/strong><\/p>\n\n\n\n<hr class=\"wp-block-separator has-alpha-channel-opacity\"\/>\n\n\n\n<figure class=\"wp-block-pullquote has-medium-font-size\"><blockquote><p><strong>&#8222;Deti od najmlad\u0161\u00edch kateg\u00f3rii u\u010d\u00edme spartakovskej DNA, ktor\u00fa n\u00e1m ostatn\u00e9 t\u00edmy m\u00f4\u017eu len z\u00e1vidie\u0165. Db\u00e1me na spr\u00e1vny v\u00fdber chlapcov a diev\u010dat, z h\u013eadiska ich bud\u00faceho pohybov\u00e9ho potenci\u00e1lu.&#8220;<\/strong><\/p><\/blockquote><\/figure>\n\n\n\n<hr class=\"wp-block-separator has-text-color has-vivid-red-color has-alpha-channel-opacity has-vivid-red-background-color has-background is-style-dots\"\/>\n\n\n\n<p class=\"has-text-align-center has-medium-font-size\"><strong>Ako \u0161\u00e9ftr\u00e9ner m\u00e1\u0161 na starosti cel\u00fa sekciu pr\u00edpraviek, p\u00e1r slov ku ka\u017edej kateg\u00f3rii.<\/strong><\/p>\n\n\n\n<p class=\"has-text-align-center has-medium-font-size\">&#8222;Zo \u0161koli\u010dky sa pos\u00favaj\u00fa do kateg\u00f3rie U7, ktor\u00e1 je u n\u00e1s ako prv\u00e1 ofici\u00e1lna kateg\u00f3ria, pohybovo najnadanej\u0161ie deti. Ide n\u00e1m spo\u010diatku \u010disto o hr\u00e1\u010dov, ktor\u00ed s\u00fa na posun pripraven\u00ed ment\u00e1lne, emo\u010dne aj futbalovo. Je be\u017en\u00e9, \u017ee sa jedn\u00e1 max o 5-6 hr\u00e1\u010dov z najbli\u017e\u0161ieho okolia. Cie\u013eom kateg\u00f3rie U7 je, aby deti nadobudli z\u00e1kladn\u00e9 technick\u00e9 zru\u010dnosti, z\u00e1rove\u0148 preh\u013abi\u0165 ich v\u00e1\u0161e\u0148 k futbalu a klubizmus. <\/p>\n\n\n\n<p class=\"has-text-align-center has-medium-font-size\">Deti od najmlad\u0161\u00edch kateg\u00f3rii u\u010d\u00edme spartakovskej DNA, ktor\u00fa n\u00e1m ostatn\u00e9 t\u00edmy m\u00f4\u017eu len z\u00e1vidie\u0165. Db\u00e1me na spr\u00e1vny v\u00fdber chlapcov a diev\u010dat, z h\u013eadiska ich bud\u00faceho pohybov\u00e9ho potenci\u00e1lu. Hr\u00e1\u010di sa po\u010das jesene u\u010dili syst\u00e9mu 3v3 na mal\u00e9 br\u00e1ny, v jarnej \u010dasti sa vyskytn\u00fa aj z\u00e1pasy v syst\u00e9me 4 na 4. V kateg\u00f3rii U8 bolo v lete c\u00edti\u0165 zmenu hlavn\u00e9ho tr\u00e9nera, nako\u013eko deti v tomto veku s\u00fa dos\u0165 vn\u00edmav\u00e9 a treba im da\u0165 \u010das. Aj preto m\u00e1me v klube tendenciu minim\u00e1lnych zmien tr\u00e9nerov, ak to nie je nutn\u00e9. Kateg\u00f3ria U9 po\u010das celej jesennej \u010dasti sez\u00f3ny pod\u00e1vala vyrovnan\u00e9 v\u00fdkony, v ktor\u00fdch vysko\u010dili zauj\u00edmav\u00ed jednotlivci do bud\u00facna. Hr\u00e1\u010di aj tr\u00e9neri pracuj\u00fa v\u00fdborne v ka\u017edom tr\u00e9ningu a prin\u00e1\u0161a to svoje ovocie v z\u00e1pasoch aj progrese jednotlivcov. <\/p>\n\n\n\n<p class=\"has-text-align-center has-medium-font-size\">O rok star\u0161ia kateg\u00f3ria, U10, zaznamenala najv\u00e4\u010d\u0161\u00ed pozit\u00edvny progres v zru\u010dnostn\u00fdch aj pohybov\u00fdch testoch, nako\u013eko sme s predo\u0161l\u00fdmi d\u00e1tami neboli spokojn\u00ed. V z\u00e1pasoch proti v\u0161etk\u00fdm top akad\u00e9mi\u00e1m predv\u00e1dzaj\u00fa nad\u0161tandardn\u00e9 v\u00fdkony zalo\u017een\u00e9 na na\u0161ej metodike. V jarnej \u010dasti chceme by\u0165 v tejto kateg\u00f3rii e\u0161te \u00faspe\u0161nej\u0161\u00ed v s\u00fabojoch 1v1, kde mus\u00edme pritvrdi\u0165. Kateg\u00f3ria U11 za\u010dala pomal\u0161ie, po prvom mesiaci hr\u00e1\u010di pridali o level vy\u0161\u0161ie a len \u0165a\u017eko h\u013eadali porovnate\u013en\u00e9ho s\u00fapera. Negat\u00edvom naprie\u010d v\u0161etk\u00fdmi kateg\u00f3riami je slab\u00e1 efektivita vzh\u013eadom na kvantitu vytvoren\u00fdch \u0161anc\u00ed. V jarnej \u010dasti sa takisto mus\u00edme zamera\u0165 na \u201edoskautovanie\u201c jednej a\u017e dvoch poz\u00edci\u00ed smerom k \u017eiakom a ve\u013ek\u00e9mu ihrisku.&#8220;<\/p>\n\n\n<div class=\"wp-block-image\">\n<figure class=\"aligncenter size-large\"><img loading=\"lazy\" decoding=\"async\" width=\"1024\" height=\"591\" src=\"https:\/\/fcspartaktrnava.com\/wp-content\/uploads\/2024\/12\/PHOTO-2024-12-25-16-58-51-1024x591.jpg\" alt=\"\" class=\"wp-image-25019\" srcset=\"https:\/\/fcspartaktrnava.com\/wp-content\/uploads\/2024\/12\/PHOTO-2024-12-25-16-58-51-1024x591.jpg 1024w, https:\/\/fcspartaktrnava.com\/wp-content\/uploads\/2024\/12\/PHOTO-2024-12-25-16-58-51-300x173.jpg 300w, https:\/\/fcspartaktrnava.com\/wp-content\/uploads\/2024\/12\/PHOTO-2024-12-25-16-58-51-768x444.jpg 768w, https:\/\/fcspartaktrnava.com\/wp-content\/uploads\/2024\/12\/PHOTO-2024-12-25-16-58-51-18x10.jpg 18w, https:\/\/fcspartaktrnava.com\/wp-content\/uploads\/2024\/12\/PHOTO-2024-12-25-16-58-51.jpg 1496w\" sizes=\"auto, (max-width: 1024px) 100vw, 1024px\" \/><\/figure>\n<\/div>\n\n\n<p class=\"has-text-align-center has-medium-font-size\"><strong>U8<\/strong><\/p>\n\n\n\n<hr class=\"wp-block-separator has-text-color has-vivid-red-color has-alpha-channel-opacity has-vivid-red-background-color has-background is-style-dots\"\/>\n\n\n\n<p class=\"has-text-align-center has-medium-font-size\"><strong>Dohliada\u0161 tie\u017e na diev\u010densk\u00e9 pr\u00edpravky, s&nbsp;nimi to ako vyzer\u00e1?<\/strong><\/p>\n\n\n\n<p class=\"has-text-align-center has-medium-font-size\">&#8222;Pr\u00e1ca s diev\u010datami je \u0161pecifickej\u0161ia a v niektor\u00fdch oh\u013eadoch aj n\u00e1ro\u010dnej\u0161ia, preto je na\u0161\u00edm ve\u013ek\u00fdm pote\u0161en\u00edm, ak\u00e9 kvalitn\u00e9 tr\u00e9nerky v t\u00fdchto kateg\u00f3ri\u00e1ch moment\u00e1lne m\u00e1me. Hr\u00e1\u010dky\u00a0prech\u00e1dzaj\u00fa r\u00f4znymi emo\u010dn\u00fdmi obdobiami, men\u00ed sa koordin\u00e1cia pri technick\u00fdch zru\u010dnostiach a dospievaj\u00fa sk\u00f4r ako chlapci. Obe tieto kateg\u00f3rie hraj\u00fa svoje ligov\u00e9 z\u00e1pasy proti chlap\u010densk\u00fdm t\u00edmom, porovnanie s diev\u010datami nach\u00e1dzaj\u00fa na turnajoch doma \u010di bl\u00edzkom zahrani\u010d\u00ed. Oproti predo\u0161lej sez\u00f3ne je bada\u0165 na hr\u00e1\u010dkach\u00a0zna\u010dn\u00fd hern\u00fd aj technick\u00fd progres, \u010do s\u00fa na\u0161e hlavn\u00e9 ciele v t\u00fdchto vekov\u00fdch kateg\u00f3ri\u00e1ch. Funguj\u00fa pod\u013ea chlap\u010denskej metodiky a\u00a0tak sa neust\u00e1le zlep\u0161uj\u00fa v\u00a0technike ovl\u00e1dania lopty a\u00a0rovnako s\u00fa od z\u00e1pasu k\u00a0z\u00e1pasu sebavedomej\u0161ie v\u00a0hre 1na1.&#8220;<\/p>\n\n\n<div class=\"wp-block-image\">\n<figure class=\"aligncenter size-large\"><img loading=\"lazy\" decoding=\"async\" width=\"1024\" height=\"752\" src=\"https:\/\/fcspartaktrnava.com\/wp-content\/uploads\/2024\/12\/PHOTO-2024-12-25-16-59-09-1024x752.jpg\" alt=\"\" class=\"wp-image-25020\" srcset=\"https:\/\/fcspartaktrnava.com\/wp-content\/uploads\/2024\/12\/PHOTO-2024-12-25-16-59-09-1024x752.jpg 1024w, https:\/\/fcspartaktrnava.com\/wp-content\/uploads\/2024\/12\/PHOTO-2024-12-25-16-59-09-300x220.jpg 300w, https:\/\/fcspartaktrnava.com\/wp-content\/uploads\/2024\/12\/PHOTO-2024-12-25-16-59-09-768x564.jpg 768w, https:\/\/fcspartaktrnava.com\/wp-content\/uploads\/2024\/12\/PHOTO-2024-12-25-16-59-09-1536x1128.jpg 1536w, https:\/\/fcspartaktrnava.com\/wp-content\/uploads\/2024\/12\/PHOTO-2024-12-25-16-59-09-16x12.jpg 16w, https:\/\/fcspartaktrnava.com\/wp-content\/uploads\/2024\/12\/PHOTO-2024-12-25-16-59-09.jpg 1868w\" sizes=\"auto, (max-width: 1024px) 100vw, 1024px\" \/><\/figure>\n<\/div>\n\n\n<p class=\"has-text-align-center has-medium-font-size\"><strong>W11<\/strong><\/p>\n\n\n<div class=\"wp-block-image\">\n<figure class=\"aligncenter size-large\"><img loading=\"lazy\" decoding=\"async\" width=\"1024\" height=\"670\" src=\"https:\/\/fcspartaktrnava.com\/wp-content\/uploads\/2024\/12\/PHOTO-2024-12-25-16-59-15-1024x670.jpg\" alt=\"\" class=\"wp-image-25021\" srcset=\"https:\/\/fcspartaktrnava.com\/wp-content\/uploads\/2024\/12\/PHOTO-2024-12-25-16-59-15-1024x670.jpg 1024w, https:\/\/fcspartaktrnava.com\/wp-content\/uploads\/2024\/12\/PHOTO-2024-12-25-16-59-15-300x196.jpg 300w, https:\/\/fcspartaktrnava.com\/wp-content\/uploads\/2024\/12\/PHOTO-2024-12-25-16-59-15-768x503.jpg 768w, https:\/\/fcspartaktrnava.com\/wp-content\/uploads\/2024\/12\/PHOTO-2024-12-25-16-59-15-1536x1005.jpg 1536w, https:\/\/fcspartaktrnava.com\/wp-content\/uploads\/2024\/12\/PHOTO-2024-12-25-16-59-15-18x12.jpg 18w, https:\/\/fcspartaktrnava.com\/wp-content\/uploads\/2024\/12\/PHOTO-2024-12-25-16-59-15.jpg 1931w\" sizes=\"auto, (max-width: 1024px) 100vw, 1024px\" \/><\/figure>\n<\/div>\n\n\n<p class=\"has-text-align-center has-medium-font-size\"><strong>W9<\/strong><\/p>\n\n\n\n<hr class=\"wp-block-separator has-alpha-channel-opacity\"\/>\n\n\n\n<figure class=\"wp-block-pullquote has-medium-font-size\"><blockquote><p>&#8222;<strong>Zo svojich sk\u00fasenost\u00ed a vzdel\u00e1vania m\u00f4\u017eem podotkn\u00fa\u0165, \u017ee pr\u00edpravkarsk\u00fa metodiku m\u00e1me rozobran\u00fa\u00a0asi najpodrobnej\u0161ie zo v\u0161etk\u00fdch akad\u00e9mi\u00ed, z ktor\u00fdmi som o t\u00fdchto veciach debatoval, \u010di do nich nahliadol. Doba sa rozv\u00edja, veci sa pos\u00favaj\u00fa a aj my sledujeme trendy a sna\u017e\u00edme sa ich aplikova\u0165 v\u00a0r\u00e1mci na\u0161ich klubov\u00fdch mo\u017enost\u00ed, \u010di\u017ee aj my na\u0161u metodiku neust\u00e1le kreujeme.<\/strong>&#8222;<\/p><\/blockquote><\/figure>\n\n\n\n<p class=\"has-text-align-center has-medium-font-size\"><strong>Ke\u010f si spomenul metodiku, vie\u0161 n\u00e1m ju trochu pribl\u00ed\u017ei\u0165?<\/strong><\/p>\n\n\n\n<p class=\"has-text-align-center has-medium-font-size\">&#8222;Ako tr\u00e9ner, \u010di u\u017e v Spartaku alebo celkovo, m\u00e1m za sebou takmer 10 ro\u010dn\u00fa prax. Zo svojich sk\u00fasenost\u00ed a vzdel\u00e1vania m\u00f4\u017eem podotkn\u00fa\u0165, \u017ee pr\u00edpravkarsk\u00fa metodiku m\u00e1me rozobran\u00fa\u00a0asi najpodrobnej\u0161ie zo v\u0161etk\u00fdch akad\u00e9mi\u00ed, z ktor\u00fdmi som o t\u00fdchto veciach debatoval, \u010di do nich nahliadol. Doba sa rozv\u00edja, veci sa pos\u00favaj\u00fa a aj my sledujeme trendy a sna\u017e\u00edme sa ich aplikova\u0165 v\u00a0r\u00e1mci na\u0161ich klubov\u00fdch mo\u017enost\u00ed, \u010di\u017ee aj my na\u0161u metodiku neust\u00e1le kreujeme.<\/p>\n\n\n\n<p class=\"has-text-align-center has-medium-font-size\"><strong>Na\u0161a metodika spo\u010d\u00edva v zameran\u00ed sa na jednotlivca a jeho prim\u00e1rny technick\u00fd rozvoj a\u00a0hern\u00e9 sebavedomie. Ka\u017ed\u00e1 kateg\u00f3ria m\u00e1 rozdelen\u00e9, \u010do je jej cie\u013eom sa v danom mezocykle nau\u010di\u0165. <\/strong>V klube m\u00e1me s na\u0161imi (teraz u\u017e star\u0161\u00edmi) hr\u00e1\u010dmi nahran\u00e9 vide\u00e1 so zru\u010dnos\u0165ami, ktor\u00fdmi si prejde ka\u017ed\u00fd hr\u00e1\u010d v\u00a0na\u0161om klube v\u00a0ka\u017edej vekovej kateg\u00f3rii. Rozvoj t\u00fdchto zru\u010dnost\u00ed neprebieha len v tr\u00e9ningovom procese, ale hr\u00e1\u010di musia plni\u0165 aj dom\u00e1ce \u00falohy. Je mojou povinnos\u0165ou by\u0165 pr\u00edtomn\u00fd na tr\u00e9ningoch in\u00fdch kateg\u00f3ri\u00ed, sledova\u0165 a korigova\u0165 tr\u00e9ningov\u00fd proces, aby si ka\u017ed\u00fd tr\u00e9ner plnil to, \u010do je v metodike danej kateg\u00f3rie ur\u010den\u00e9. Tr\u00e9neri dost\u00e1vaj\u00fa sp\u00e4tn\u00fa v\u00e4zbu po mnou videnom tr\u00e9ningu a aj takto sa navz\u00e1jom pos\u00favame a rastieme ako tr\u00e9neri. Alfa a omega n\u00e1\u0161ho tr\u00e9ningov\u00e9ho procesu s\u00fa pr\u00edpravn\u00e9 hry s mal\u00fdm po\u010dtom hr\u00e1\u010dov, kde prich\u00e1dza k naj\u010dastej\u0161iemu styku hr\u00e1\u010da s loptou a hr\u00e1\u010d mus\u00ed pracova\u0165 pod neust\u00e1lym tlakom zo strany s\u00fapera = adekv\u00e1tne z\u00e1pasu. Povinnos\u0165ou tr\u00e9nera je ukon\u010di\u0165 ka\u017ed\u00fd tr\u00e9ning vo\u013enou hrou, v ktorej nadv\u00e4zujeme na pouli\u010dn\u00fd futbal. Rozmery a po\u010dty hr\u00e1\u010dov v\u00a0hre konsoliduj\u00fa s d\u0148om v t\u00fd\u017edni. V\u017edy v zime a v lete prebiehaj\u00fa testy zru\u010dnost\u00ed, kde spolu so \u0161portov\u00fdm riadite\u013eom ml\u00e1de\u017ee kontrolujeme zvl\u00e1dnutie technick\u00fdch zru\u010dnost\u00ed ka\u017edej vekovej kateg\u00f3rie. Ka\u017ed\u00fd tr\u00e9ner n\u00e1sledne dost\u00e1va ka\u017ed\u00fd polrok aj p\u00edsomn\u00fa sp\u00e4tn\u00fa v\u00e4zbu, kde je pouk\u00e1zan\u00e9 na nedostatky a\u00a0z\u00e1rove\u0148 zadan\u00e9 \u00falohy a\u00a0odpor\u00fa\u010dania do \u010fal\u0161ieho obdobia, aby tieto nedostatky tr\u00e9ner alebo tr\u00e9nerka odstr\u00e1nili. V\u00a0pr\u00edpade, \u017ee m\u00e1 tr\u00e9ner dvakr\u00e1t po sebe zl\u00e9 hodnotenie, je s\u00a0tak\u00fdmto tr\u00e9nerom ukon\u010den\u00e1 spolupr\u00e1ca, st\u00e1va sa to v\u0161ak sk\u00f4r v\u00fdnimo\u010dne. Medzi t\u00fdmito dvoma testovaniami si ka\u017ed\u00fd hlavn\u00fd tr\u00e9ner po\u00a0ka\u017edom mezocykle (cca 6 t\u00fd\u017ed\u0148ovom obdob\u00ed) testuje hr\u00e1\u010dov a\u00a0hr\u00e1\u010dky individu\u00e1lne a zad\u00e1va dom\u00e1ce \u00falohy. <strong>Druhou, nemenej podstatnou oblas\u0165ou, ktor\u00fa u n\u00e1s rozv\u00edjame, je rozvoj pohybov\u00fdch schopnost\u00ed. Tie testujeme s kondi\u010dn\u00fdm tr\u00e9nerom 3x do roka.<\/strong>\u00a0V\u00a0r\u00e1mci pohybovej \u010dasti n\u00e1m ide o\u00a0v\u0161eobecn\u00fd pohybov\u00fd rozvoj po str\u00e1nke atletickej, silovej a\u00a0koordina\u010dnej. Zap\u00e1jame cvi\u010denia na rozvoj r\u00fdchlosti, motoriky, ale tie\u017e \u00fapolov\u00e9 cvi\u010denia na spevnenie stredu tela. Vytrvalos\u0165 je v\u00a0tomto veku nevhodn\u00e1, ba pre deti \u0161kodiaca. <\/p>\n\n\n\n<p class=\"has-text-align-center has-medium-font-size\">Zakazujeme de\u0165om sa venova\u0165 nejak\u00fdm behom aj doma, nako\u013eko e\u0161te nie s\u00fa v\u00a0spr\u00e1vnom senzit\u00edvnom obdob\u00ed pre ich rozvoj a\u00a0m\u00f4\u017ee pr\u00eds\u0165 k\u00a0stagn\u00e1cii a\u00a0\u00fapadku r\u00fdchlosti.<br>Typick\u00fdm znakom pre na\u0161e kateg\u00f3rie pr\u00edpraviek je spolo\u010dn\u00fd hern\u00fd syst\u00e9m, hlavne snaha o rie\u0161enie ka\u017ed\u00e9ho technick\u00e9ho detailu v tr\u00e9ningovom procese. V z\u00e1pase potom tr\u00e9neri koriguj\u00fa hr\u00e1\u010dov preva\u017ene pri striedaniach, ke\u010f\u017ee striedame hokejov\u00fdm sp\u00f4sobom.<\/p>\n\n\n\n<p class=\"has-text-align-center has-medium-font-size\"><strong>Medzi tr\u00e9nermi panuje v\u00fdborn\u00e1 atmosf\u00e9ra, navz\u00e1jom si pom\u00e1hame a sna\u017e\u00edme sa ka\u017ed\u00fd zobra\u0165 od toho druh\u00e9ho to dobr\u00e9. Po ka\u017edom z\u00e1pase \u010di v\u00edkende v spolo\u010dnej \u201eWhatsApp\u201c\u00a0tr\u00e9nerskej skupine p\u00ed\u0161e ka\u017ed\u00fd tr\u00e9ner report zo z\u00e1pasu, aj s\u00a0hodnoteniami individu\u00e1lnych v\u00fdkonov. <\/strong>Na porad\u00e1ch si v\u00fdkony a\u00a0ich progres vyhodnocujeme a dohadujeme sa o \u010fal\u0161\u00edch krokoch.\u00a0<br>V posledn\u00fdch rokoch sa sna\u017e\u00edme pracova\u0165 s \u010do najmen\u0161\u00edm po\u010dtom hr\u00e1\u010dov, za \u00fa\u010delom vysokej minut\u00e1\u017ee pre v\u0161etk\u00fdch a kvalitn\u00e9ho tr\u00e9ningov\u00e9ho procesu. V niektor\u00fdch kateg\u00f3ri\u00e1ch po\u010det klesol aj o polovicu, na\u0161e pr\u00edpravky patria k top akad\u00e9mi\u00e1m u n\u00e1s a aj v strednej Eur\u00f3pe. Volaj\u00fa si n\u00e1s najlep\u0161ie akad\u00e9mie z okolit\u00fdch \u0161t\u00e1tov, preto sa z n\u00e1borov stal v\u00fdber potencion\u00e1lnych top jednotlivcov do bud\u00facna, a\u017e k\u00a0samotnej v\u00fdchove pre A t\u00edm, \u010do je n\u00e1\u0161 najv\u00e4\u010d\u0161\u00ed cie\u013e, nako\u013eko m\u00e1me zaveden\u00e9, \u017ee sa v t\u00fdchto kateg\u00f3ri\u00e1ch nepozer\u00e1 na v\u00fdsledok.\u00a0<\/p>\n\n\n\n<p class=\"has-text-align-center has-medium-font-size\"><strong>Niektor\u00ed \u013eudia s\u00fa prekvapen\u00ed, ke\u010f zistia, ak\u00e9 konfront\u00e1cie m\u00e1me absolvovan\u00e9, pr\u00edpadne \u010do v\u0161etko hr\u00e1\u010di u\u017e ovl\u00e1daj\u00fa a \u010do je od nich vy\u017eadovan\u00e9. P\u00fdtaj\u00fa sa \u010di to nie je skoro alebo \u010di nie je toho na nich ve\u013ea. <\/strong>S\u00fahlas\u00edm, \u017ee niekedy je toho dos\u0165, ale podobne to aplikuj\u00fa v\u0161etky top t\u00edmy a ke\u010f sa im chceme rovna\u0165 a\u00a0z\u00e1rove\u0148 tie\u017e chceme, aby n\u00e1m na\u0161i hr\u00e1\u010di za 10 rokov robili rados\u0165 na \u0160AMe, je to nutn\u00e9. Ka\u017edop\u00e1dne sa takmer v ka\u017edej kateg\u00f3rii rad\u00edme k najlep\u0161\u00edm doma i v zahrani\u010d\u00ed, od U15 m\u00e1me v\u00a0ka\u017edom ro\u010dn\u00edku viac reprezentantov ako v\u00a0minulosti a minuloro\u010dn\u00e1 U17, s ktorou sme ako s prvou za\u010dali systematicky pracova\u0165 pod\u013ea s\u00fa\u010dasnej metodiky, sme z\u00edskali v minulej sez\u00f3ne titul.<\/p>\n\n\n\n<p class=\"has-text-align-center has-medium-font-size\">\u010co sa t\u00fdka v\u00fdberu hr\u00e1\u010dov, zameriavame sa na pohybovo najnadanej\u0161ie deti, hlavne r\u00fdchlostne a sledujeme ich \u00farove\u0148 technick\u00fdch zru\u010dnost\u00ed, <strong>ich postupn\u00fd rozvoj, ment\u00e1lne nastavenie a hlavne docilitu, teda schopnos\u0165 sa \u010do najr\u00fdchlej\u0161ie u\u010di\u0165 a prij\u00edma\u0165 nov\u00e9 poznatky.<\/strong> Niektor\u00e9 deti za\u017eij\u00fa svoj strop v mlad\u0161ej pr\u00edpravke, kde s\u00fa mo\u017eno najlep\u0161ie, ale v \u010fal\u0161\u00edch vekov\u00fdch kateg\u00f3ri\u00e1ch ich ostatn\u00e9, pohybovo \u010di kognit\u00edvne nadanej\u0161ie deti, predbiehaj\u00fa. Futbal sa za posledn\u00fdch 10 rokov pohol r\u00fdchlostne\u00a0ve\u013emi dopredu, o \u010fal\u0161\u00edch 10 rokov, ke\u010f na\u0161e deti vyrast\u00fa, to bude zase o nejak\u00fd level vy\u0161\u0161ie.<\/p>\n\n\n\n<p class=\"has-text-align-center has-medium-font-size\">Pri brank\u00e1roch postupujeme podobne. Prioritn\u00e1 je v s\u00fa\u010dasnosti v ka\u017edej akad\u00e9mii pr\u00e1ca s nohou a v\u00fd\u0161ka. V mlad\u0161ej pr\u00edpravke sa brank\u00e1ri v\u00a0br\u00e1ne e\u0161te to\u010dia s in\u00fdmi hr\u00e1\u010dmi, v star\u0161ej u\u017e maj\u00fa svoju poz\u00edciu v br\u00e1ne, kde v\u0161ak od nich chceme, aby plnili rolu posledn\u00e9ho hr\u00e1\u010da a rie\u0161ili situ\u00e1cie s\u00a0nohou ako obranca. Za \u00fa\u010delom rozvoja pr\u00e1ce s loptou sa st\u00e1le zap\u00e1jaj\u00fa aj ako hr\u00e1\u010di do po\u013ea. Hr\u00e1\u010dom h\u013ead\u00e1me optim\u00e1lnu v\u00fdzvu, pre ich hladk\u00fd prechod k\u00a0star\u0161ej kateg\u00f3rii.&#8220;<\/p>\n\n\n\n<hr class=\"wp-block-separator has-text-color has-vivid-red-color has-alpha-channel-opacity has-vivid-red-background-color has-background is-style-dots\"\/>\n\n\n\n<p class=\"has-text-align-center has-medium-font-size\"><strong>Rola rodi\u010dov je najviac potrebn\u00e1 pr\u00e1ve v&nbsp;t\u00fdchto najmlad\u0161\u00edch kateg\u00f3ri\u00e1ch.<\/strong><\/p>\n\n\n\n<p class=\"has-text-align-center has-medium-font-size\">&#8222;V\u0161etko vy\u0161\u0161ie spom\u00ednan\u00e9 v\u00a0r\u00e1mci metodiky vyzer\u00e1 takto v rozhovore alebo aj v z\u00e1pase pekne, treba v\u0161ak podotkn\u00fa\u0165, \u017ee bez podpory rodi\u010dov ka\u017ed\u00e9ho hr\u00e1\u010da a\u00a0hr\u00e1\u010dky by z toho nebola mo\u017en\u00e1 ani polovica. <strong>Rodi\u010dia v na\u0161om klube robia pre hr\u00e1\u010dov maximum, s\u00fa ochotn\u00ed s nimi cestova\u0165, pokry\u0165 turnaje, o\u017eelie\u0165 dovolenky \u010di pokoj v\u00a0rodine niekde pri telke alebo terase. Za ka\u017ed\u00fa pomoc sme im ve\u013emi v\u010fa\u010dn\u00fd a v\u00e1\u017eime si ju. <\/strong>S rodi\u010dmi m\u00e1me nastaven\u00e9 jasn\u00e9 pravidl\u00e1, v\u010faka ktor\u00fdm vieme fungova\u0165 na profesion\u00e1lnej \u00farovni a rodi\u010d vie, \u010do je v poriadku a kde s\u00fa hranice, ktor\u00e9 sa neprekra\u010duj\u00fa. V\u00e1\u017eime si ich pomoc a\u00a0odhodlanie urobi\u0165 pre svoje deti maximum, vieme ich poprosi\u0165 doslova o\u00a0hoci\u010do, mus\u00edme v\u0161ak aj v\u017edy pozera\u0165 na maxim\u00e1lny mo\u017en\u00fd rozvoj hr\u00e1\u010da a\u00a0\u010do je vhodn\u00e9 pre ich die\u0165a v danom veku. S rodi\u010dmi ka\u017ed\u00fd tr\u00e9ner absolvuje 3x za sez\u00f3nu individu\u00e1lny pohovor, kde dost\u00e1va rodi\u010d sp\u00e4tn\u00fa v\u00e4zbu o situ\u00e1cii hr\u00e1\u010da v t\u00edme, s \u010d\u00edm vl\u00e1dne spokojnos\u0165 resp. \u010do mus\u00ed do najbli\u017e\u0161ieho obdobia zlep\u0161i\u0165. Pomedzi t\u00fdchto rozhovorov rodi\u010dia nezasahuj\u00fa\u00a0do pr\u00e1ce tr\u00e9nera a hr\u00e1\u010dov a hr\u00e1\u010di sa usiluj\u00fa o svoj progres. Takisto m\u00e1me zaveden\u00fd z\u00e1kaz kou\u010dova\u0165, oslovova\u0165 \u010di p\u00fata\u0165 pozornos\u0165 hr\u00e1\u010da na tr\u00e9ningu \u010di z\u00e1pase, nako\u013eko pri ka\u017edom osloven\u00ed kles\u00e1 s\u00fastredenos\u0165 hr\u00e1\u010da a svoje my\u0161lienky m\u00f4\u017ee \u013eahko prehodnoti\u0165.&#8220;<\/p>\n\n\n<div class=\"wp-block-image\">\n<figure class=\"aligncenter size-large\"><img loading=\"lazy\" decoding=\"async\" width=\"1024\" height=\"643\" src=\"https:\/\/fcspartaktrnava.com\/wp-content\/uploads\/2024\/12\/PHOTO-2024-12-25-16-59-31-1024x643.jpg\" alt=\"\" class=\"wp-image-25022\" srcset=\"https:\/\/fcspartaktrnava.com\/wp-content\/uploads\/2024\/12\/PHOTO-2024-12-25-16-59-31-1024x643.jpg 1024w, https:\/\/fcspartaktrnava.com\/wp-content\/uploads\/2024\/12\/PHOTO-2024-12-25-16-59-31-300x188.jpg 300w, https:\/\/fcspartaktrnava.com\/wp-content\/uploads\/2024\/12\/PHOTO-2024-12-25-16-59-31-768x483.jpg 768w, https:\/\/fcspartaktrnava.com\/wp-content\/uploads\/2024\/12\/PHOTO-2024-12-25-16-59-31-1536x965.jpg 1536w, https:\/\/fcspartaktrnava.com\/wp-content\/uploads\/2024\/12\/PHOTO-2024-12-25-16-59-31-18x12.jpg 18w, https:\/\/fcspartaktrnava.com\/wp-content\/uploads\/2024\/12\/PHOTO-2024-12-25-16-59-31.jpg 1964w\" sizes=\"auto, (max-width: 1024px) 100vw, 1024px\" \/><\/figure>\n<\/div>\n\n\n<p class=\"has-text-align-center has-medium-font-size\"><strong>\u0160koli\u010dka<\/strong><\/p>\n\n\n\n<hr class=\"wp-block-separator has-text-color has-vivid-red-color has-alpha-channel-opacity has-vivid-red-background-color has-background is-style-dots\"\/>\n\n\n\n<p class=\"has-text-align-center has-medium-font-size\"><strong>Cesta v\u00a0pr\u00edpravk\u00e1ch za\u010d\u00edna pre ve\u013ea na\u0161ich hr\u00e1\u010dov a\u00a0hr\u00e1\u010dok v\u00a0\u0160koli\u010dke, teda najmlad\u0161ej kateg\u00f3rii<\/strong>.<\/p>\n\n\n\n<p class=\"has-text-align-center has-medium-font-size\">&#8222;<strong>\u0160koli\u010dka je ak\u00e1si vstupn\u00e1 br\u00e1na do klubu ur\u010den\u00e1 pre deti pred\u0161kolsk\u00e9ho veku. <\/strong>Prioritne je u\u010di\u0165 ich milova\u0165 pohyb ako tak\u00fd a zab\u00e1va\u0165 sa hrou. Tr\u00e9neri tu vytv\u00e1raj\u00fa skvel\u00e9 prostredie pre nov\u00fdch futbalistov a futbalistky. Polovica tr\u00e9ningu je zameran\u00e1 na rozvoj pohybov\u00fdch schopnost\u00ed \u010di spozn\u00e1vanie lopty, v druhej polovici deti hraj\u00fa futbal maxim\u00e1lne 3na3. Odtia\u013eto potom tie najnadanej\u0161ie deti prera\u010fujeme do U7, popr\u00edpade im odporu\u010d\u00edme in\u00fd klub alebo \u0161port.&#8220;<\/p>","protected":false},"excerpt":{"rendered":"<p>Pokra\u010dujeme v bilancovan\u00ed roka 2024 a nem\u00f4\u017eme vynecha\u0165&#8230;<\/p>","protected":false},"author":5,"featured_media":25023,"comment_status":"closed","ping_status":"closed","sticky":false,"template":"","format":"standard","meta":{"footnotes":""},"categories":[12],"tags":[],"class_list":["post-25015","post","type-post","status-publish","format-standard","has-post-thumbnail","hentry","category-spravy","post-number-1"],"yoast_head":"<!-- This site is optimized with the Yoast SEO plugin v27.1.1 - https:\/\/yoast.com\/product\/yoast-seo-wordpress\/ -->\n<title>Pr\u00edpravky. Poh\u013ead na najmen\u0161ie kateg\u00f3rie o\u010dami \u0161\u00e9ftr\u00e9nera - FC Spartak Trnava<\/title>\n<meta name=\"robots\" content=\"index, follow, max-snippet:-1, max-image-preview:large, max-video-preview:-1\" \/>\n<link rel=\"canonical\" href=\"https:\/\/fcspartaktrnava.com\/en\/pripravky-pohlad-na-najmensie-kategorie-ocami-seftrenera\/\" \/>\n<meta name=\"twitter:label1\" content=\"Written by\" \/>\n\t<meta name=\"twitter:data1\" content=\"Samuel \u010eurinsk\u00fd\" \/>\n\t<meta name=\"twitter:label2\" content=\"Estimated reading time\" \/>\n\t<meta name=\"twitter:data2\" content=\"15 minutes\" \/>\n<script type=\"application\/ld+json\" class=\"yoast-schema-graph\">{\"@context\":\"https:\/\/schema.org\",\"@graph\":[{\"@type\":\"Article\",\"@id\":\"https:\/\/fcspartaktrnava.com\/pripravky-pohlad-na-najmensie-kategorie-ocami-seftrenera\/#article\",\"isPartOf\":{\"@id\":\"https:\/\/fcspartaktrnava.com\/pripravky-pohlad-na-najmensie-kategorie-ocami-seftrenera\/\"},\"author\":{\"name\":\"Samuel \u010eurinsk\u00fd\",\"@id\":\"https:\/\/fcspartaktrnava.com\/#\/schema\/person\/62c3c2562c3c56e4c0c8c2342c596ac0\"},\"headline\":\"Pr\u00edpravky. Poh\u013ead na najmen\u0161ie kateg\u00f3rie o\u010dami \u0161\u00e9ftr\u00e9nera\",\"datePublished\":\"2024-12-29T11:28:46+00:00\",\"dateModified\":\"2024-12-29T11:28:47+00:00\",\"mainEntityOfPage\":{\"@id\":\"https:\/\/fcspartaktrnava.com\/pripravky-pohlad-na-najmensie-kategorie-ocami-seftrenera\/\"},\"wordCount\":3316,\"publisher\":{\"@id\":\"https:\/\/fcspartaktrnava.com\/#organization\"},\"image\":{\"@id\":\"https:\/\/fcspartaktrnava.com\/pripravky-pohlad-na-najmensie-kategorie-ocami-seftrenera\/#primaryimage\"},\"thumbnailUrl\":\"https:\/\/fcspartaktrnava.com\/wp-content\/uploads\/2024\/12\/PHOTO-2024-12-25-16-58-57.jpg\",\"articleSection\":[\"Spr\u00e1vy\"],\"inLanguage\":\"en-GB\"},{\"@type\":\"WebPage\",\"@id\":\"https:\/\/fcspartaktrnava.com\/pripravky-pohlad-na-najmensie-kategorie-ocami-seftrenera\/\",\"url\":\"https:\/\/fcspartaktrnava.com\/pripravky-pohlad-na-najmensie-kategorie-ocami-seftrenera\/\",\"name\":\"Pr\u00edpravky. Poh\u013ead na najmen\u0161ie kateg\u00f3rie o\u010dami \u0161\u00e9ftr\u00e9nera - FC Spartak Trnava\",\"isPartOf\":{\"@id\":\"https:\/\/fcspartaktrnava.com\/#website\"},\"primaryImageOfPage\":{\"@id\":\"https:\/\/fcspartaktrnava.com\/pripravky-pohlad-na-najmensie-kategorie-ocami-seftrenera\/#primaryimage\"},\"image\":{\"@id\":\"https:\/\/fcspartaktrnava.com\/pripravky-pohlad-na-najmensie-kategorie-ocami-seftrenera\/#primaryimage\"},\"thumbnailUrl\":\"https:\/\/fcspartaktrnava.com\/wp-content\/uploads\/2024\/12\/PHOTO-2024-12-25-16-58-57.jpg\",\"datePublished\":\"2024-12-29T11:28:46+00:00\",\"dateModified\":\"2024-12-29T11:28:47+00:00\",\"breadcrumb\":{\"@id\":\"https:\/\/fcspartaktrnava.com\/pripravky-pohlad-na-najmensie-kategorie-ocami-seftrenera\/#breadcrumb\"},\"inLanguage\":\"en-GB\",\"potentialAction\":[{\"@type\":\"ReadAction\",\"target\":[\"https:\/\/fcspartaktrnava.com\/pripravky-pohlad-na-najmensie-kategorie-ocami-seftrenera\/\"]}]},{\"@type\":\"ImageObject\",\"inLanguage\":\"en-GB\",\"@id\":\"https:\/\/fcspartaktrnava.com\/pripravky-pohlad-na-najmensie-kategorie-ocami-seftrenera\/#primaryimage\",\"url\":\"https:\/\/fcspartaktrnava.com\/wp-content\/uploads\/2024\/12\/PHOTO-2024-12-25-16-58-57.jpg\",\"contentUrl\":\"https:\/\/fcspartaktrnava.com\/wp-content\/uploads\/2024\/12\/PHOTO-2024-12-25-16-58-57.jpg\",\"width\":1281,\"height\":860},{\"@type\":\"BreadcrumbList\",\"@id\":\"https:\/\/fcspartaktrnava.com\/pripravky-pohlad-na-najmensie-kategorie-ocami-seftrenera\/#breadcrumb\",\"itemListElement\":[{\"@type\":\"ListItem\",\"position\":1,\"name\":\"Home\",\"item\":\"https:\/\/fcspartaktrnava.com\/\"},{\"@type\":\"ListItem\",\"position\":2,\"name\":\"Pr\u00edpravky. Poh\u013ead na najmen\u0161ie kateg\u00f3rie o\u010dami \u0161\u00e9ftr\u00e9nera\"}]},{\"@type\":\"WebSite\",\"@id\":\"https:\/\/fcspartaktrnava.com\/#website\",\"url\":\"https:\/\/fcspartaktrnava.com\/\",\"name\":\"FC Spartak Trnava\",\"description\":\"ofici\u00e1lna webstr\u00e1nka futbalov\u00e9ho klubu\",\"publisher\":{\"@id\":\"https:\/\/fcspartaktrnava.com\/#organization\"},\"potentialAction\":[{\"@type\":\"SearchAction\",\"target\":{\"@type\":\"EntryPoint\",\"urlTemplate\":\"https:\/\/fcspartaktrnava.com\/?s={search_term_string}\"},\"query-input\":{\"@type\":\"PropertyValueSpecification\",\"valueRequired\":true,\"valueName\":\"search_term_string\"}}],\"inLanguage\":\"en-GB\"},{\"@type\":\"Organization\",\"@id\":\"https:\/\/fcspartaktrnava.com\/#organization\",\"name\":\"FC Spartak Trnava\",\"alternateName\":\"Spartak\",\"url\":\"https:\/\/fcspartaktrnava.com\/\",\"logo\":{\"@type\":\"ImageObject\",\"inLanguage\":\"en-GB\",\"@id\":\"https:\/\/fcspartaktrnava.com\/#\/schema\/logo\/image\/\",\"url\":\"https:\/\/fcspartaktrnava.com\/wp-content\/uploads\/2022\/08\/cropped-site_logo.png\",\"contentUrl\":\"https:\/\/fcspartaktrnava.com\/wp-content\/uploads\/2022\/08\/cropped-site_logo.png\",\"width\":140,\"height\":140,\"caption\":\"FC Spartak Trnava\"},\"image\":{\"@id\":\"https:\/\/fcspartaktrnava.com\/#\/schema\/logo\/image\/\"},\"sameAs\":[\"https:\/\/www.facebook.com\/SpartakTrnava\",\"https:\/\/x.com\/SpartakTrnava1\",\"https:\/\/www.instagram.com\/spartak_sk\/\"]},{\"@type\":\"Person\",\"@id\":\"https:\/\/fcspartaktrnava.com\/#\/schema\/person\/62c3c2562c3c56e4c0c8c2342c596ac0\",\"name\":\"Samuel \u010eurinsk\u00fd\",\"image\":{\"@type\":\"ImageObject\",\"inLanguage\":\"en-GB\",\"@id\":\"https:\/\/fcspartaktrnava.com\/#\/schema\/person\/image\/\",\"url\":\"https:\/\/secure.gravatar.com\/avatar\/af2fa02af92418b86ed742470664fe40056833fb68d84becf03f6ab02319257c?s=96&d=mm&r=g\",\"contentUrl\":\"https:\/\/secure.gravatar.com\/avatar\/af2fa02af92418b86ed742470664fe40056833fb68d84becf03f6ab02319257c?s=96&d=mm&r=g\",\"caption\":\"Samuel \u010eurinsk\u00fd\"},\"url\":\"https:\/\/fcspartaktrnava.com\/en\/author\/fcst-samuel\/\"}]}<\/script>\n<!-- \/ Yoast SEO plugin. -->","yoast_head_json":{"title":"Pr\u00edpravky. Poh\u013ead na najmen\u0161ie kateg\u00f3rie o\u010dami \u0161\u00e9ftr\u00e9nera - FC Spartak Trnava","robots":{"index":"index","follow":"follow","max-snippet":"max-snippet:-1","max-image-preview":"max-image-preview:large","max-video-preview":"max-video-preview:-1"},"canonical":"https:\/\/fcspartaktrnava.com\/en\/pripravky-pohlad-na-najmensie-kategorie-ocami-seftrenera\/","twitter_misc":{"Written by":"Samuel \u010eurinsk\u00fd","Estimated reading time":"15 minutes"},"schema":{"@context":"https:\/\/schema.org","@graph":[{"@type":"Article","@id":"https:\/\/fcspartaktrnava.com\/pripravky-pohlad-na-najmensie-kategorie-ocami-seftrenera\/#article","isPartOf":{"@id":"https:\/\/fcspartaktrnava.com\/pripravky-pohlad-na-najmensie-kategorie-ocami-seftrenera\/"},"author":{"name":"Samuel \u010eurinsk\u00fd","@id":"https:\/\/fcspartaktrnava.com\/#\/schema\/person\/62c3c2562c3c56e4c0c8c2342c596ac0"},"headline":"Pr\u00edpravky. Poh\u013ead na najmen\u0161ie kateg\u00f3rie o\u010dami \u0161\u00e9ftr\u00e9nera","datePublished":"2024-12-29T11:28:46+00:00","dateModified":"2024-12-29T11:28:47+00:00","mainEntityOfPage":{"@id":"https:\/\/fcspartaktrnava.com\/pripravky-pohlad-na-najmensie-kategorie-ocami-seftrenera\/"},"wordCount":3316,"publisher":{"@id":"https:\/\/fcspartaktrnava.com\/#organization"},"image":{"@id":"https:\/\/fcspartaktrnava.com\/pripravky-pohlad-na-najmensie-kategorie-ocami-seftrenera\/#primaryimage"},"thumbnailUrl":"https:\/\/fcspartaktrnava.com\/wp-content\/uploads\/2024\/12\/PHOTO-2024-12-25-16-58-57.jpg","articleSection":["Spr\u00e1vy"],"inLanguage":"en-GB"},{"@type":"WebPage","@id":"https:\/\/fcspartaktrnava.com\/pripravky-pohlad-na-najmensie-kategorie-ocami-seftrenera\/","url":"https:\/\/fcspartaktrnava.com\/pripravky-pohlad-na-najmensie-kategorie-ocami-seftrenera\/","name":"Pr\u00edpravky. Poh\u013ead na najmen\u0161ie kateg\u00f3rie o\u010dami \u0161\u00e9ftr\u00e9nera - FC Spartak Trnava","isPartOf":{"@id":"https:\/\/fcspartaktrnava.com\/#website"},"primaryImageOfPage":{"@id":"https:\/\/fcspartaktrnava.com\/pripravky-pohlad-na-najmensie-kategorie-ocami-seftrenera\/#primaryimage"},"image":{"@id":"https:\/\/fcspartaktrnava.com\/pripravky-pohlad-na-najmensie-kategorie-ocami-seftrenera\/#primaryimage"},"thumbnailUrl":"https:\/\/fcspartaktrnava.com\/wp-content\/uploads\/2024\/12\/PHOTO-2024-12-25-16-58-57.jpg","datePublished":"2024-12-29T11:28:46+00:00","dateModified":"2024-12-29T11:28:47+00:00","breadcrumb":{"@id":"https:\/\/fcspartaktrnava.com\/pripravky-pohlad-na-najmensie-kategorie-ocami-seftrenera\/#breadcrumb"},"inLanguage":"en-GB","potentialAction":[{"@type":"ReadAction","target":["https:\/\/fcspartaktrnava.com\/pripravky-pohlad-na-najmensie-kategorie-ocami-seftrenera\/"]}]},{"@type":"ImageObject","inLanguage":"en-GB","@id":"https:\/\/fcspartaktrnava.com\/pripravky-pohlad-na-najmensie-kategorie-ocami-seftrenera\/#primaryimage","url":"https:\/\/fcspartaktrnava.com\/wp-content\/uploads\/2024\/12\/PHOTO-2024-12-25-16-58-57.jpg","contentUrl":"https:\/\/fcspartaktrnava.com\/wp-content\/uploads\/2024\/12\/PHOTO-2024-12-25-16-58-57.jpg","width":1281,"height":860},{"@type":"BreadcrumbList","@id":"https:\/\/fcspartaktrnava.com\/pripravky-pohlad-na-najmensie-kategorie-ocami-seftrenera\/#breadcrumb","itemListElement":[{"@type":"ListItem","position":1,"name":"Home","item":"https:\/\/fcspartaktrnava.com\/"},{"@type":"ListItem","position":2,"name":"Pr\u00edpravky. Poh\u013ead na najmen\u0161ie kateg\u00f3rie o\u010dami \u0161\u00e9ftr\u00e9nera"}]},{"@type":"WebSite","@id":"https:\/\/fcspartaktrnava.com\/#website","url":"https:\/\/fcspartaktrnava.com\/","name":"FC Spartak Trnava","description":"ofici\u00e1lna webstr\u00e1nka futbalov\u00e9ho klubu","publisher":{"@id":"https:\/\/fcspartaktrnava.com\/#organization"},"potentialAction":[{"@type":"SearchAction","target":{"@type":"EntryPoint","urlTemplate":"https:\/\/fcspartaktrnava.com\/?s={search_term_string}"},"query-input":{"@type":"PropertyValueSpecification","valueRequired":true,"valueName":"search_term_string"}}],"inLanguage":"en-GB"},{"@type":"Organization","@id":"https:\/\/fcspartaktrnava.com\/#organization","name":"FC Spartak Trnava","alternateName":"Spartak","url":"https:\/\/fcspartaktrnava.com\/","logo":{"@type":"ImageObject","inLanguage":"en-GB","@id":"https:\/\/fcspartaktrnava.com\/#\/schema\/logo\/image\/","url":"https:\/\/fcspartaktrnava.com\/wp-content\/uploads\/2022\/08\/cropped-site_logo.png","contentUrl":"https:\/\/fcspartaktrnava.com\/wp-content\/uploads\/2022\/08\/cropped-site_logo.png","width":140,"height":140,"caption":"FC Spartak Trnava"},"image":{"@id":"https:\/\/fcspartaktrnava.com\/#\/schema\/logo\/image\/"},"sameAs":["https:\/\/www.facebook.com\/SpartakTrnava","https:\/\/x.com\/SpartakTrnava1","https:\/\/www.instagram.com\/spartak_sk\/"]},{"@type":"Person","@id":"https:\/\/fcspartaktrnava.com\/#\/schema\/person\/62c3c2562c3c56e4c0c8c2342c596ac0","name":"Samuel \u010eurinsk\u00fd","image":{"@type":"ImageObject","inLanguage":"en-GB","@id":"https:\/\/fcspartaktrnava.com\/#\/schema\/person\/image\/","url":"https:\/\/secure.gravatar.com\/avatar\/af2fa02af92418b86ed742470664fe40056833fb68d84becf03f6ab02319257c?s=96&d=mm&r=g","contentUrl":"https:\/\/secure.gravatar.com\/avatar\/af2fa02af92418b86ed742470664fe40056833fb68d84becf03f6ab02319257c?s=96&d=mm&r=g","caption":"Samuel \u010eurinsk\u00fd"},"url":"https:\/\/fcspartaktrnava.com\/en\/author\/fcst-samuel\/"}]}},"_links":{"self":[{"href":"https:\/\/fcspartaktrnava.com\/en\/wp-json\/wp\/v2\/posts\/25015","targetHints":{"allow":["GET"]}}],"collection":[{"href":"https:\/\/fcspartaktrnava.com\/en\/wp-json\/wp\/v2\/posts"}],"about":[{"href":"https:\/\/fcspartaktrnava.com\/en\/wp-json\/wp\/v2\/types\/post"}],"author":[{"embeddable":true,"href":"https:\/\/fcspartaktrnava.com\/en\/wp-json\/wp\/v2\/users\/5"}],"replies":[{"embeddable":true,"href":"https:\/\/fcspartaktrnava.com\/en\/wp-json\/wp\/v2\/comments?post=25015"}],"version-history":[{"count":0,"href":"https:\/\/fcspartaktrnava.com\/en\/wp-json\/wp\/v2\/posts\/25015\/revisions"}],"wp:featuredmedia":[{"embeddable":true,"href":"https:\/\/fcspartaktrnava.com\/en\/wp-json\/wp\/v2\/media\/25023"}],"wp:attachment":[{"href":"https:\/\/fcspartaktrnava.com\/en\/wp-json\/wp\/v2\/media?parent=25015"}],"wp:term":[{"taxonomy":"category","embeddable":true,"href":"https:\/\/fcspartaktrnava.com\/en\/wp-json\/wp\/v2\/categories?post=25015"},{"taxonomy":"post_tag","embeddable":true,"href":"https:\/\/fcspartaktrnava.com\/en\/wp-json\/wp\/v2\/tags?post=25015"}],"curies":[{"name":"wp","href":"https:\/\/api.w.org\/{rel}","templated":true}]}}