{"id":25005,"date":"2024-12-24T11:17:51","date_gmt":"2024-12-24T09:17:51","guid":{"rendered":"https:\/\/fcspartaktrnava.com\/?p=25005"},"modified":"2024-12-24T11:17:51","modified_gmt":"2024-12-24T09:17:51","slug":"prajeme-krasne-a-pokojne-sviatocne-dni","status":"publish","type":"post","link":"https:\/\/fcspartaktrnava.com\/en\/prajeme-krasne-a-pokojne-sviatocne-dni\/","title":{"rendered":"Prajeme kr\u00e1sne a pokojn\u00e9 sviato\u010dn\u00e9 dni!"},"content":{"rendered":"<p class=\"has-text-align-center has-medium-font-size\">Je tu \u010das, ke\u010f by\u0165 s bl\u00edzkymi a v zdrav\u00ed je e\u0161te d\u00f4le\u017eitej\u0161ie, ako kedyko\u013evek predt\u00fdm. Hodnoty, ktor\u00e9 m\u00e1me nastaven\u00e9 v r\u00e1mci \u017eivota, pren\u00e1\u0161ame na druh\u00fdch \u013eud\u00ed svojim spr\u00e1van\u00edm a \u010dinmi. Spoma\u013eme preto aspo\u0148 na p\u00e1r dn\u00ed a momentov a zamyslime sa nad t\u00fdm, \u010do je v \u017eivote skuto\u010dne d\u00f4le\u017eit\u00e9. <\/p>\n\n\n\n<p class=\"has-text-align-center has-medium-font-size\"><strong>V mene cel\u00e9ho klubu FC Spartak Trnava v\u00e1m prajeme pr\u00edjemn\u00e9 a pohodov\u00e9 pre\u017eitie sviato\u010dn\u00fdch dn\u00ed. Zdravie, pokoj a l\u00e1ska k \u017eivotu a futbalu, nech v\u00e1s sprev\u00e1dza aj v roku 2025! <\/strong><\/p>\n\n\n\n<p class=\"has-text-align-center has-medium-font-size\"><strong>Preto\u017ee pr\u00e1ve VY, na\u0161i skvel\u00ed fan\u00fa\u0161ikovia, tvor\u00edte jedine\u010dn\u00e9 a neoddelite\u013en\u00e9 DNA celej na\u0161ej \u010derveno-\u010d\u00edrnej RODZINY!<\/strong><\/p>\n\n\n\n<p class=\"has-text-align-center has-medium-font-size\"><strong>\u010eakujeme za podporu po\u010das cel\u00e9ho roku 2024! <\/strong><\/p>\n\n\n<div class=\"wp-block-image\">\n<figure class=\"aligncenter size-large\"><img loading=\"lazy\" decoding=\"async\" width=\"819\" height=\"1024\" src=\"https:\/\/fcspartaktrnava.com\/wp-content\/uploads\/2024\/12\/IMG_2578-819x1024.jpeg\" alt=\"\" class=\"wp-image-25006\" srcset=\"https:\/\/fcspartaktrnava.com\/wp-content\/uploads\/2024\/12\/IMG_2578-819x1024.jpeg 819w, https:\/\/fcspartaktrnava.com\/wp-content\/uploads\/2024\/12\/IMG_2578-240x300.jpeg 240w, https:\/\/fcspartaktrnava.com\/wp-content\/uploads\/2024\/12\/IMG_2578-768x960.jpeg 768w, https:\/\/fcspartaktrnava.com\/wp-content\/uploads\/2024\/12\/IMG_2578-10x12.jpeg 10w, https:\/\/fcspartaktrnava.com\/wp-content\/uploads\/2024\/12\/IMG_2578.jpeg 1200w\" sizes=\"auto, (max-width: 819px) 100vw, 819px\" \/><\/figure>\n<\/div>\n\n\n<p class=\"has-text-align-center has-large-font-size\"><strong>TO MY SME SPARTAK!<\/strong><\/p>\n\n\n<div class=\"wp-block-image\">\n<figure class=\"aligncenter size-large\"><img loading=\"lazy\" decoding=\"async\" width=\"1024\" height=\"684\" src=\"https:\/\/fcspartaktrnava.com\/wp-content\/uploads\/2024\/12\/DSC_3267-Enhanced-NR-1024x684.jpg\" alt=\"\" class=\"wp-image-25007\" srcset=\"https:\/\/fcspartaktrnava.com\/wp-content\/uploads\/2024\/12\/DSC_3267-Enhanced-NR-1024x684.jpg 1024w, https:\/\/fcspartaktrnava.com\/wp-content\/uploads\/2024\/12\/DSC_3267-Enhanced-NR-300x200.jpg 300w, https:\/\/fcspartaktrnava.com\/wp-content\/uploads\/2024\/12\/DSC_3267-Enhanced-NR-768x513.jpg 768w, https:\/\/fcspartaktrnava.com\/wp-content\/uploads\/2024\/12\/DSC_3267-Enhanced-NR-1536x1025.jpg 1536w, https:\/\/fcspartaktrnava.com\/wp-content\/uploads\/2024\/12\/DSC_3267-Enhanced-NR-2048x1367.jpg 2048w, https:\/\/fcspartaktrnava.com\/wp-content\/uploads\/2024\/12\/DSC_3267-Enhanced-NR-18x12.jpg 18w\" sizes=\"auto, (max-width: 1024px) 100vw, 1024px\" \/><\/figure>\n<\/div>","protected":false},"excerpt":{"rendered":"<p>Je tu \u010das, ke\u010f by\u0165 s bl\u00edzkymi a&#8230;<\/p>","protected":false},"author":5,"featured_media":25008,"comment_status":"closed","ping_status":"closed","sticky":false,"template":"","format":"standard","meta":{"footnotes":""},"categories":[12],"tags":[],"class_list":["post-25005","post","type-post","status-publish","format-standard","has-post-thumbnail","hentry","category-spravy","post-number-1"],"yoast_head":"<!-- This site is optimized with the Yoast SEO plugin v27.1.1 - https:\/\/yoast.com\/product\/yoast-seo-wordpress\/ -->\n<title>Prajeme kr\u00e1sne a pokojn\u00e9 sviato\u010dn\u00e9 dni! - FC Spartak Trnava<\/title>\n<meta name=\"robots\" content=\"index, follow, max-snippet:-1, max-image-preview:large, max-video-preview:-1\" \/>\n<link rel=\"canonical\" href=\"https:\/\/fcspartaktrnava.com\/en\/prajeme-krasne-a-pokojne-sviatocne-dni\/\" \/>\n<meta name=\"twitter:label1\" content=\"Written by\" \/>\n\t<meta name=\"twitter:data1\" content=\"Samuel \u010eurinsk\u00fd\" \/>\n\t<meta name=\"twitter:label2\" content=\"Estimated reading time\" \/>\n\t<meta name=\"twitter:data2\" content=\"2 minutes\" \/>\n<script type=\"application\/ld+json\" class=\"yoast-schema-graph\">{\"@context\":\"https:\/\/schema.org\",\"@graph\":[{\"@type\":\"Article\",\"@id\":\"https:\/\/fcspartaktrnava.com\/prajeme-krasne-a-pokojne-sviatocne-dni\/#article\",\"isPartOf\":{\"@id\":\"https:\/\/fcspartaktrnava.com\/prajeme-krasne-a-pokojne-sviatocne-dni\/\"},\"author\":{\"name\":\"Samuel \u010eurinsk\u00fd\",\"@id\":\"https:\/\/fcspartaktrnava.com\/#\/schema\/person\/62c3c2562c3c56e4c0c8c2342c596ac0\"},\"headline\":\"Prajeme kr\u00e1sne a pokojn\u00e9 sviato\u010dn\u00e9 dni!\",\"datePublished\":\"2024-12-24T09:17:51+00:00\",\"mainEntityOfPage\":{\"@id\":\"https:\/\/fcspartaktrnava.com\/prajeme-krasne-a-pokojne-sviatocne-dni\/\"},\"wordCount\":151,\"publisher\":{\"@id\":\"https:\/\/fcspartaktrnava.com\/#organization\"},\"image\":{\"@id\":\"https:\/\/fcspartaktrnava.com\/prajeme-krasne-a-pokojne-sviatocne-dni\/#primaryimage\"},\"thumbnailUrl\":\"https:\/\/fcspartaktrnava.com\/wp-content\/uploads\/2024\/12\/DSC1544-Enhanced-NR-scaled.jpg\",\"articleSection\":[\"Spr\u00e1vy\"],\"inLanguage\":\"en-GB\"},{\"@type\":\"WebPage\",\"@id\":\"https:\/\/fcspartaktrnava.com\/prajeme-krasne-a-pokojne-sviatocne-dni\/\",\"url\":\"https:\/\/fcspartaktrnava.com\/prajeme-krasne-a-pokojne-sviatocne-dni\/\",\"name\":\"Prajeme kr\u00e1sne a pokojn\u00e9 sviato\u010dn\u00e9 dni! - FC Spartak Trnava\",\"isPartOf\":{\"@id\":\"https:\/\/fcspartaktrnava.com\/#website\"},\"primaryImageOfPage\":{\"@id\":\"https:\/\/fcspartaktrnava.com\/prajeme-krasne-a-pokojne-sviatocne-dni\/#primaryimage\"},\"image\":{\"@id\":\"https:\/\/fcspartaktrnava.com\/prajeme-krasne-a-pokojne-sviatocne-dni\/#primaryimage\"},\"thumbnailUrl\":\"https:\/\/fcspartaktrnava.com\/wp-content\/uploads\/2024\/12\/DSC1544-Enhanced-NR-scaled.jpg\",\"datePublished\":\"2024-12-24T09:17:51+00:00\",\"breadcrumb\":{\"@id\":\"https:\/\/fcspartaktrnava.com\/prajeme-krasne-a-pokojne-sviatocne-dni\/#breadcrumb\"},\"inLanguage\":\"en-GB\",\"potentialAction\":[{\"@type\":\"ReadAction\",\"target\":[\"https:\/\/fcspartaktrnava.com\/prajeme-krasne-a-pokojne-sviatocne-dni\/\"]}]},{\"@type\":\"ImageObject\",\"inLanguage\":\"en-GB\",\"@id\":\"https:\/\/fcspartaktrnava.com\/prajeme-krasne-a-pokojne-sviatocne-dni\/#primaryimage\",\"url\":\"https:\/\/fcspartaktrnava.com\/wp-content\/uploads\/2024\/12\/DSC1544-Enhanced-NR-scaled.jpg\",\"contentUrl\":\"https:\/\/fcspartaktrnava.com\/wp-content\/uploads\/2024\/12\/DSC1544-Enhanced-NR-scaled.jpg\",\"width\":2560,\"height\":1709},{\"@type\":\"BreadcrumbList\",\"@id\":\"https:\/\/fcspartaktrnava.com\/prajeme-krasne-a-pokojne-sviatocne-dni\/#breadcrumb\",\"itemListElement\":[{\"@type\":\"ListItem\",\"position\":1,\"name\":\"Home\",\"item\":\"https:\/\/fcspartaktrnava.com\/\"},{\"@type\":\"ListItem\",\"position\":2,\"name\":\"Prajeme kr\u00e1sne a pokojn\u00e9 sviato\u010dn\u00e9 dni!\"}]},{\"@type\":\"WebSite\",\"@id\":\"https:\/\/fcspartaktrnava.com\/#website\",\"url\":\"https:\/\/fcspartaktrnava.com\/\",\"name\":\"FC Spartak Trnava\",\"description\":\"ofici\u00e1lna webstr\u00e1nka futbalov\u00e9ho klubu\",\"publisher\":{\"@id\":\"https:\/\/fcspartaktrnava.com\/#organization\"},\"potentialAction\":[{\"@type\":\"SearchAction\",\"target\":{\"@type\":\"EntryPoint\",\"urlTemplate\":\"https:\/\/fcspartaktrnava.com\/?s={search_term_string}\"},\"query-input\":{\"@type\":\"PropertyValueSpecification\",\"valueRequired\":true,\"valueName\":\"search_term_string\"}}],\"inLanguage\":\"en-GB\"},{\"@type\":\"Organization\",\"@id\":\"https:\/\/fcspartaktrnava.com\/#organization\",\"name\":\"FC Spartak Trnava\",\"alternateName\":\"Spartak\",\"url\":\"https:\/\/fcspartaktrnava.com\/\",\"logo\":{\"@type\":\"ImageObject\",\"inLanguage\":\"en-GB\",\"@id\":\"https:\/\/fcspartaktrnava.com\/#\/schema\/logo\/image\/\",\"url\":\"https:\/\/fcspartaktrnava.com\/wp-content\/uploads\/2022\/08\/cropped-site_logo.png\",\"contentUrl\":\"https:\/\/fcspartaktrnava.com\/wp-content\/uploads\/2022\/08\/cropped-site_logo.png\",\"width\":140,\"height\":140,\"caption\":\"FC Spartak Trnava\"},\"image\":{\"@id\":\"https:\/\/fcspartaktrnava.com\/#\/schema\/logo\/image\/\"},\"sameAs\":[\"https:\/\/www.facebook.com\/SpartakTrnava\",\"https:\/\/x.com\/SpartakTrnava1\",\"https:\/\/www.instagram.com\/spartak_sk\/\"]},{\"@type\":\"Person\",\"@id\":\"https:\/\/fcspartaktrnava.com\/#\/schema\/person\/62c3c2562c3c56e4c0c8c2342c596ac0\",\"name\":\"Samuel \u010eurinsk\u00fd\",\"image\":{\"@type\":\"ImageObject\",\"inLanguage\":\"en-GB\",\"@id\":\"https:\/\/fcspartaktrnava.com\/#\/schema\/person\/image\/\",\"url\":\"https:\/\/secure.gravatar.com\/avatar\/af2fa02af92418b86ed742470664fe40056833fb68d84becf03f6ab02319257c?s=96&d=mm&r=g\",\"contentUrl\":\"https:\/\/secure.gravatar.com\/avatar\/af2fa02af92418b86ed742470664fe40056833fb68d84becf03f6ab02319257c?s=96&d=mm&r=g\",\"caption\":\"Samuel \u010eurinsk\u00fd\"},\"url\":\"https:\/\/fcspartaktrnava.com\/en\/author\/fcst-samuel\/\"}]}<\/script>\n<!-- \/ Yoast SEO plugin. -->","yoast_head_json":{"title":"Prajeme kr\u00e1sne a pokojn\u00e9 sviato\u010dn\u00e9 dni! - FC Spartak Trnava","robots":{"index":"index","follow":"follow","max-snippet":"max-snippet:-1","max-image-preview":"max-image-preview:large","max-video-preview":"max-video-preview:-1"},"canonical":"https:\/\/fcspartaktrnava.com\/en\/prajeme-krasne-a-pokojne-sviatocne-dni\/","twitter_misc":{"Written by":"Samuel \u010eurinsk\u00fd","Estimated reading time":"2 minutes"},"schema":{"@context":"https:\/\/schema.org","@graph":[{"@type":"Article","@id":"https:\/\/fcspartaktrnava.com\/prajeme-krasne-a-pokojne-sviatocne-dni\/#article","isPartOf":{"@id":"https:\/\/fcspartaktrnava.com\/prajeme-krasne-a-pokojne-sviatocne-dni\/"},"author":{"name":"Samuel \u010eurinsk\u00fd","@id":"https:\/\/fcspartaktrnava.com\/#\/schema\/person\/62c3c2562c3c56e4c0c8c2342c596ac0"},"headline":"Prajeme kr\u00e1sne a pokojn\u00e9 sviato\u010dn\u00e9 dni!","datePublished":"2024-12-24T09:17:51+00:00","mainEntityOfPage":{"@id":"https:\/\/fcspartaktrnava.com\/prajeme-krasne-a-pokojne-sviatocne-dni\/"},"wordCount":151,"publisher":{"@id":"https:\/\/fcspartaktrnava.com\/#organization"},"image":{"@id":"https:\/\/fcspartaktrnava.com\/prajeme-krasne-a-pokojne-sviatocne-dni\/#primaryimage"},"thumbnailUrl":"https:\/\/fcspartaktrnava.com\/wp-content\/uploads\/2024\/12\/DSC1544-Enhanced-NR-scaled.jpg","articleSection":["Spr\u00e1vy"],"inLanguage":"en-GB"},{"@type":"WebPage","@id":"https:\/\/fcspartaktrnava.com\/prajeme-krasne-a-pokojne-sviatocne-dni\/","url":"https:\/\/fcspartaktrnava.com\/prajeme-krasne-a-pokojne-sviatocne-dni\/","name":"Prajeme kr\u00e1sne a pokojn\u00e9 sviato\u010dn\u00e9 dni! - FC Spartak Trnava","isPartOf":{"@id":"https:\/\/fcspartaktrnava.com\/#website"},"primaryImageOfPage":{"@id":"https:\/\/fcspartaktrnava.com\/prajeme-krasne-a-pokojne-sviatocne-dni\/#primaryimage"},"image":{"@id":"https:\/\/fcspartaktrnava.com\/prajeme-krasne-a-pokojne-sviatocne-dni\/#primaryimage"},"thumbnailUrl":"https:\/\/fcspartaktrnava.com\/wp-content\/uploads\/2024\/12\/DSC1544-Enhanced-NR-scaled.jpg","datePublished":"2024-12-24T09:17:51+00:00","breadcrumb":{"@id":"https:\/\/fcspartaktrnava.com\/prajeme-krasne-a-pokojne-sviatocne-dni\/#breadcrumb"},"inLanguage":"en-GB","potentialAction":[{"@type":"ReadAction","target":["https:\/\/fcspartaktrnava.com\/prajeme-krasne-a-pokojne-sviatocne-dni\/"]}]},{"@type":"ImageObject","inLanguage":"en-GB","@id":"https:\/\/fcspartaktrnava.com\/prajeme-krasne-a-pokojne-sviatocne-dni\/#primaryimage","url":"https:\/\/fcspartaktrnava.com\/wp-content\/uploads\/2024\/12\/DSC1544-Enhanced-NR-scaled.jpg","contentUrl":"https:\/\/fcspartaktrnava.com\/wp-content\/uploads\/2024\/12\/DSC1544-Enhanced-NR-scaled.jpg","width":2560,"height":1709},{"@type":"BreadcrumbList","@id":"https:\/\/fcspartaktrnava.com\/prajeme-krasne-a-pokojne-sviatocne-dni\/#breadcrumb","itemListElement":[{"@type":"ListItem","position":1,"name":"Home","item":"https:\/\/fcspartaktrnava.com\/"},{"@type":"ListItem","position":2,"name":"Prajeme kr\u00e1sne a pokojn\u00e9 sviato\u010dn\u00e9 dni!"}]},{"@type":"WebSite","@id":"https:\/\/fcspartaktrnava.com\/#website","url":"https:\/\/fcspartaktrnava.com\/","name":"FC Spartak Trnava","description":"ofici\u00e1lna webstr\u00e1nka futbalov\u00e9ho klubu","publisher":{"@id":"https:\/\/fcspartaktrnava.com\/#organization"},"potentialAction":[{"@type":"SearchAction","target":{"@type":"EntryPoint","urlTemplate":"https:\/\/fcspartaktrnava.com\/?s={search_term_string}"},"query-input":{"@type":"PropertyValueSpecification","valueRequired":true,"valueName":"search_term_string"}}],"inLanguage":"en-GB"},{"@type":"Organization","@id":"https:\/\/fcspartaktrnava.com\/#organization","name":"FC Spartak Trnava","alternateName":"Spartak","url":"https:\/\/fcspartaktrnava.com\/","logo":{"@type":"ImageObject","inLanguage":"en-GB","@id":"https:\/\/fcspartaktrnava.com\/#\/schema\/logo\/image\/","url":"https:\/\/fcspartaktrnava.com\/wp-content\/uploads\/2022\/08\/cropped-site_logo.png","contentUrl":"https:\/\/fcspartaktrnava.com\/wp-content\/uploads\/2022\/08\/cropped-site_logo.png","width":140,"height":140,"caption":"FC Spartak Trnava"},"image":{"@id":"https:\/\/fcspartaktrnava.com\/#\/schema\/logo\/image\/"},"sameAs":["https:\/\/www.facebook.com\/SpartakTrnava","https:\/\/x.com\/SpartakTrnava1","https:\/\/www.instagram.com\/spartak_sk\/"]},{"@type":"Person","@id":"https:\/\/fcspartaktrnava.com\/#\/schema\/person\/62c3c2562c3c56e4c0c8c2342c596ac0","name":"Samuel \u010eurinsk\u00fd","image":{"@type":"ImageObject","inLanguage":"en-GB","@id":"https:\/\/fcspartaktrnava.com\/#\/schema\/person\/image\/","url":"https:\/\/secure.gravatar.com\/avatar\/af2fa02af92418b86ed742470664fe40056833fb68d84becf03f6ab02319257c?s=96&d=mm&r=g","contentUrl":"https:\/\/secure.gravatar.com\/avatar\/af2fa02af92418b86ed742470664fe40056833fb68d84becf03f6ab02319257c?s=96&d=mm&r=g","caption":"Samuel \u010eurinsk\u00fd"},"url":"https:\/\/fcspartaktrnava.com\/en\/author\/fcst-samuel\/"}]}},"_links":{"self":[{"href":"https:\/\/fcspartaktrnava.com\/en\/wp-json\/wp\/v2\/posts\/25005","targetHints":{"allow":["GET"]}}],"collection":[{"href":"https:\/\/fcspartaktrnava.com\/en\/wp-json\/wp\/v2\/posts"}],"about":[{"href":"https:\/\/fcspartaktrnava.com\/en\/wp-json\/wp\/v2\/types\/post"}],"author":[{"embeddable":true,"href":"https:\/\/fcspartaktrnava.com\/en\/wp-json\/wp\/v2\/users\/5"}],"replies":[{"embeddable":true,"href":"https:\/\/fcspartaktrnava.com\/en\/wp-json\/wp\/v2\/comments?post=25005"}],"version-history":[{"count":0,"href":"https:\/\/fcspartaktrnava.com\/en\/wp-json\/wp\/v2\/posts\/25005\/revisions"}],"wp:featuredmedia":[{"embeddable":true,"href":"https:\/\/fcspartaktrnava.com\/en\/wp-json\/wp\/v2\/media\/25008"}],"wp:attachment":[{"href":"https:\/\/fcspartaktrnava.com\/en\/wp-json\/wp\/v2\/media?parent=25005"}],"wp:term":[{"taxonomy":"category","embeddable":true,"href":"https:\/\/fcspartaktrnava.com\/en\/wp-json\/wp\/v2\/categories?post=25005"},{"taxonomy":"post_tag","embeddable":true,"href":"https:\/\/fcspartaktrnava.com\/en\/wp-json\/wp\/v2\/tags?post=25005"}],"curies":[{"name":"wp","href":"https:\/\/api.w.org\/{rel}","templated":true}]}}