{"id":25001,"date":"2024-12-23T11:44:04","date_gmt":"2024-12-23T09:44:04","guid":{"rendered":"https:\/\/fcspartaktrnava.com\/?p=25001"},"modified":"2024-12-23T11:50:49","modified_gmt":"2024-12-23T09:50:49","slug":"zimna-priprava-odstartuje-6-januara","status":"publish","type":"post","link":"https:\/\/fcspartaktrnava.com\/en\/zimna-priprava-odstartuje-6-januara\/","title":{"rendered":"Zimn\u00e1 pr\u00edprava od\u0161tartuje 6. janu\u00e1ra"},"content":{"rendered":"<p class=\"has-text-align-center has-medium-font-size\">Po d\u0148och vo\u013ena bude \u010daka\u0165 n\u00e1\u0161 A-t\u00edm rozbeh pr\u00edpravy na jarn\u00fa \u010das\u0165 sez\u00f3ny. Na prvom spolo\u010dnom tr\u00e9ningu sa zverenci Michala Ga\u0161par\u00edka stretn\u00fa v pondelok 6. janu\u00e1ra. Dovtedy im be\u017e\u00ed individu\u00e1lna pr\u00edprava. <\/p>\n\n\n\n<p class=\"has-text-align-center has-medium-font-size\"><strong>Po\u010fme sa pozrie\u0165 na program, ktor\u00fd \u010dak\u00e1 A-t\u00edm po\u010das janu\u00e1ra a na za\u010diatku febru\u00e1ra. <\/strong><\/p>\n\n\n\n<p class=\"has-text-align-center has-medium-font-size\">Na programe bude \u00fa\u010das\u0165 na 28. ro\u010dn\u00edku <strong>zimnej Tipsport ligy.<\/strong> V skupine sa na\u0161i hr\u00e1\u010di stretn\u00fa postupne s \u010desk\u00fdm Zl\u00ednom a slovensk\u00fdmi t\u00edmami \u0160amor\u00edn a Zlat\u00e9 Moravce. <\/p>\n\n\n\n<p class=\"has-text-align-center has-medium-font-size\">Zimn\u00fa Tipsport ligu odohr\u00e1me v Senci na umelom tr\u00e1vniku. <\/p>\n\n\n\n<p class=\"has-text-align-center has-white-color has-vivid-red-background-color has-text-color has-background has-link-color has-medium-font-size wp-elements-9ee8756378f854bc599e9d8c35a6454e\"><strong>Program Spartaka v skupine D<\/strong><\/p>\n\n\n\n<p class=\"has-text-align-center has-black-color has-white-background-color has-text-color has-background has-link-color has-medium-font-size wp-elements-27ba7e37fd080130ca99142768af36e8\"><strong>11. janu\u00e1r 2025 vs Zl\u00edn (10:30)<\/strong><\/p>\n\n\n\n<p class=\"has-text-align-center has-black-color has-white-background-color has-text-color has-background has-link-color has-medium-font-size wp-elements-7cd1c3c3031fedd776d1a4bb2bd69b56\"><strong>16. janu\u00e1r 2025 vs \u0160amor\u00edn (10:30)<\/strong><\/p>\n\n\n\n<p class=\"has-text-align-center has-black-color has-white-background-color has-text-color has-background has-link-color has-medium-font-size wp-elements-04027e9ca8fa8b855a701b9c5b9997e0\"><strong>25. janu\u00e1r 2025 vs Zlat\u00e9 Moravce (10:30)<\/strong><\/p>\n\n\n\n<hr class=\"wp-block-separator has-alpha-channel-opacity\"\/>\n\n\n\n<h2 class=\"wp-block-heading has-text-align-center has-black-color has-white-background-color has-text-color has-background has-link-color has-medium-font-size wp-elements-d1478d9a037b2ccc940a14f0c07cb475\"><strong>Zimn\u00e9 s\u00fastredenie v Turecku s dvoma pr\u00edpravn\u00fdmi z\u00e1pasm<\/strong>i<\/h2>\n\n\n\n<p class=\"has-text-align-center has-medium-font-size\">Okrem \u00fa\u010dasti v zimnej Tipsport lige je na programe aj hern\u00e9 s\u00fastredenie v Turecku. 13. janu\u00e1ra odlet\u00ed t\u00edm do krajiny polmesiaca a \u010daka\u0165 ho bud\u00fa dva pr\u00edpravn\u00e9 z\u00e1pasy. <\/p>\n\n\n\n<p class=\"has-text-align-center has-black-color has-white-background-color has-text-color has-background has-link-color has-medium-font-size wp-elements-2b63bdb42def55ff058cab5ce02e174a\"><strong>18. janu\u00e1ra 2025 proti Bohemians Praha a 23. janu\u00e1ra si zmeriame sily s bulharsk\u00fdm t\u00edmom Botev Plovdiv.<\/strong><\/p>\n\n\n\n<p class=\"has-text-align-center has-medium-font-size\">24. janu\u00e1ra sa t\u00edm vr\u00e1ti na Slovensko.<\/p>\n\n\n\n<hr class=\"wp-block-separator has-text-color has-vivid-red-color has-alpha-channel-opacity has-vivid-red-background-color has-background is-style-dots\"\/>\n\n\n\n<p class=\"has-text-align-center has-medium-font-size\">Viac n\u00e1m o zimnej pr\u00edprave prezradil tr\u00e9ner Michal Ga\u0161par\u00edk. <\/p>\n\n\n\n<p class=\"has-text-align-center has-medium-font-size\"><em><strong>&#8222;Zimn\u00e1 pr\u00edprava za\u010d\u00edna hr\u00e1\u010dom u\u017e po\u010das dovoleniek. V t\u00fd\u017edni pred prv\u00fdm spolo\u010dn\u00fdm tr\u00e9ningom maj\u00fa individu\u00e1lne programy a nabiehaj\u00fa na be\u017eeck\u00e9 tr\u00e9ningy a potom po pr\u00edchode za\u010d\u00edname vstupn\u00fdmi testami v\u0161etk\u00fdch hr\u00e1\u010dov. N\u00e1sledne u\u0161ijeme na mieru ka\u017ed\u00e9mu hr\u00e1\u010dovi pr\u00edpravu. Po t\u00fd\u017edni v dom\u00e1cich podmienkach sa presunieme do lep\u0161ieho po\u010dasia v Turecku, kde absolvujeme dva mikrocykly aj s dvoma pr\u00edpravn\u00fdmi z\u00e1pasmi. Pr\u00edprava nebude ve\u013emi dlh\u00e1. Ver\u00edm, \u017ee chlapcov dok\u00e1\u017eeme dosta\u0165 do optim\u00e1lnej formy hne\u010f na za\u010diatok sez\u00f3ny, ke\u010f budeme potrebova\u0165 d\u00f4le\u017eit\u00e9 body.&#8220;<\/strong><\/em><\/p>\n\n\n<div class=\"wp-block-image\">\n<figure class=\"aligncenter size-large\"><img loading=\"lazy\" decoding=\"async\" width=\"1024\" height=\"684\" src=\"https:\/\/fcspartaktrnava.com\/wp-content\/uploads\/2024\/12\/DSC_2451-Enhanced-NR-1024x684.jpg\" alt=\"\" class=\"wp-image-25004\" srcset=\"https:\/\/fcspartaktrnava.com\/wp-content\/uploads\/2024\/12\/DSC_2451-Enhanced-NR-1024x684.jpg 1024w, https:\/\/fcspartaktrnava.com\/wp-content\/uploads\/2024\/12\/DSC_2451-Enhanced-NR-300x200.jpg 300w, https:\/\/fcspartaktrnava.com\/wp-content\/uploads\/2024\/12\/DSC_2451-Enhanced-NR-768x513.jpg 768w, https:\/\/fcspartaktrnava.com\/wp-content\/uploads\/2024\/12\/DSC_2451-Enhanced-NR-1536x1025.jpg 1536w, https:\/\/fcspartaktrnava.com\/wp-content\/uploads\/2024\/12\/DSC_2451-Enhanced-NR-2048x1367.jpg 2048w, https:\/\/fcspartaktrnava.com\/wp-content\/uploads\/2024\/12\/DSC_2451-Enhanced-NR-18x12.jpg 18w\" sizes=\"auto, (max-width: 1024px) 100vw, 1024px\" \/><\/figure>\n<\/div>\n\n\n<hr class=\"wp-block-separator has-alpha-channel-opacity\"\/>\n\n\n\n<p class=\"has-text-align-center has-luminous-vivid-amber-background-color has-background has-medium-font-size\"><strong>Gener\u00e1lku na jarn\u00fa \u010das\u0165 sez\u00f3ny proti \u0160K L\u00ed\u0161e\u0148 odohr\u00e1me na \u0160tadi\u00f3ne Antona Malatinsk\u00e9ho 1. febru\u00e1ra.<\/strong><\/p>\n\n\n\n<p class=\"has-text-align-center has-luminous-vivid-amber-background-color has-background has-medium-font-size\"><strong>Jarn\u00e1 \u010das\u0165 Nik\u00e9 ligy od\u0161tartuje pre na\u0161e farby 8. febru\u00e1ra na p\u00f4de Banskej Bystrice. Prv\u00fd dom\u00e1ci z\u00e1pas jari odohr\u00e1me 16. febru\u00e1ra proti Dunajskej Strede. <\/strong><\/p>\n\n\n\n<hr class=\"wp-block-separator has-alpha-channel-opacity\"\/>\n\n\n\n<p class=\"has-text-align-center has-medium-font-size\"><strong>S\u00fa\u010das\u0165ou pr\u00edpravy bude aj \u00fa\u010das\u0165 na\u0161ich mlad\u00fdch hr\u00e1\u010dov na prest\u00ed\u017enom turnaji Spodek Cup v Katoviciach vo ve\u013ekej \u0161portovej hale Spodek pred skvelou div\u00e1ckou kulisou. <\/strong>O\u010dak\u00e1va sa n\u00e1v\u0161teva pribli\u017ene 10-tis\u00edc div\u00e1kov.<\/p>\n\n\n<div class=\"wp-block-image\">\n<figure class=\"aligncenter size-full\"><img loading=\"lazy\" decoding=\"async\" width=\"940\" height=\"516\" src=\"https:\/\/fcspartaktrnava.com\/wp-content\/uploads\/2024\/12\/qj0g5x34zlp7yrno_r2_940.jpg\" alt=\"\" class=\"wp-image-25002\" srcset=\"https:\/\/fcspartaktrnava.com\/wp-content\/uploads\/2024\/12\/qj0g5x34zlp7yrno_r2_940.jpg 940w, https:\/\/fcspartaktrnava.com\/wp-content\/uploads\/2024\/12\/qj0g5x34zlp7yrno_r2_940-300x165.jpg 300w, https:\/\/fcspartaktrnava.com\/wp-content\/uploads\/2024\/12\/qj0g5x34zlp7yrno_r2_940-768x422.jpg 768w, https:\/\/fcspartaktrnava.com\/wp-content\/uploads\/2024\/12\/qj0g5x34zlp7yrno_r2_940-18x10.jpg 18w\" sizes=\"auto, (max-width: 940px) 100vw, 940px\" \/><\/figure>\n<\/div>\n\n\n<p class=\"has-text-align-center has-small-font-size\">FOTO: spodekkatowice.pl<\/p>\n\n\n\n<p class=\"has-text-align-center has-white-color has-luminous-vivid-orange-to-vivid-red-gradient-background has-text-color has-background has-link-color has-medium-font-size wp-elements-d503d61ac08326c14593c7c9ff8a903d\"><strong>Inform\u00e1cia od koordin\u00e1tora fan\u00fa\u0161ikov &#8211; Na\u0161i spartakovsk\u00ed mlad\u00ed hr\u00e1\u010di sa 11. janu\u00e1ra 2025 z\u00fa\u010dastnia po\u013esk\u00e9ho turnaja Spodek Super Cup!&nbsp;<\/strong><\/p>\n\n\n\n<p class=\"has-text-align-center has-white-color has-luminous-vivid-orange-to-vivid-red-gradient-background has-text-color has-background has-link-color has-medium-font-size wp-elements-ad769678c05fdc2305a7b9667059144c\">\u00a0<strong>Fantastick\u00e1 atmosf\u00e9ra a mu\u017estv\u00e1 ako Ban\u00edk Ostrava, GKS Katowice, \u010di ROW Rybnik\u00a0<\/strong><\/p>\n\n\n\n<p class=\"has-text-align-center has-white-color has-luminous-vivid-orange-to-vivid-red-gradient-background has-text-color has-background has-link-color has-medium-font-size wp-elements-f4856f4fa6930624ee97b5f8a0b01f44\">&nbsp;<strong>Organizuje sa aj autobusov\u00fd v\u00fdjazd pre fan\u00fa\u0161ikov &#8211; cena 35\u20ac a nahl\u00e1si\u0165 sa m\u00f4\u017eete u n\u00e1s v FCSTORE&nbsp;<\/strong><\/p>\n\n\n\n<p class=\"has-text-align-center has-black-color has-white-background-color has-text-color has-background has-link-color has-medium-font-size wp-elements-f8f2aa6a794c4ee120ba8750e575224f\"><strong>#FCST<\/strong><\/p>","protected":false},"excerpt":{"rendered":"<p>Po d\u0148och vo\u013ena bude \u010daka\u0165 n\u00e1\u0161 A-t\u00edm rozbeh&#8230;<\/p>","protected":false},"author":5,"featured_media":25003,"comment_status":"closed","ping_status":"closed","sticky":false,"template":"","format":"standard","meta":{"footnotes":""},"categories":[30,12],"tags":[],"class_list":["post-25001","post","type-post","status-publish","format-standard","has-post-thumbnail","hentry","category-priprava","category-spravy","post-number-1"],"yoast_head":"<!-- This site is optimized with the Yoast SEO plugin v27.1.1 - https:\/\/yoast.com\/product\/yoast-seo-wordpress\/ -->\n<title>Zimn\u00e1 pr\u00edprava od\u0161tartuje 6. janu\u00e1ra - FC Spartak Trnava<\/title>\n<meta name=\"robots\" content=\"index, follow, max-snippet:-1, max-image-preview:large, max-video-preview:-1\" \/>\n<link rel=\"canonical\" href=\"https:\/\/fcspartaktrnava.com\/en\/zimna-priprava-odstartuje-6-januara\/\" \/>\n<meta name=\"twitter:label1\" content=\"Written by\" \/>\n\t<meta name=\"twitter:data1\" content=\"Samuel \u010eurinsk\u00fd\" \/>\n\t<meta name=\"twitter:label2\" content=\"Estimated reading time\" \/>\n\t<meta name=\"twitter:data2\" content=\"3 minutes\" \/>\n<script type=\"application\/ld+json\" class=\"yoast-schema-graph\">{\"@context\":\"https:\/\/schema.org\",\"@graph\":[{\"@type\":\"Article\",\"@id\":\"https:\/\/fcspartaktrnava.com\/zimna-priprava-odstartuje-6-januara\/#article\",\"isPartOf\":{\"@id\":\"https:\/\/fcspartaktrnava.com\/zimna-priprava-odstartuje-6-januara\/\"},\"author\":{\"name\":\"Samuel \u010eurinsk\u00fd\",\"@id\":\"https:\/\/fcspartaktrnava.com\/#\/schema\/person\/62c3c2562c3c56e4c0c8c2342c596ac0\"},\"headline\":\"Zimn\u00e1 pr\u00edprava od\u0161tartuje 6. janu\u00e1ra\",\"datePublished\":\"2024-12-23T09:44:04+00:00\",\"dateModified\":\"2024-12-23T09:50:49+00:00\",\"mainEntityOfPage\":{\"@id\":\"https:\/\/fcspartaktrnava.com\/zimna-priprava-odstartuje-6-januara\/\"},\"wordCount\":506,\"publisher\":{\"@id\":\"https:\/\/fcspartaktrnava.com\/#organization\"},\"image\":{\"@id\":\"https:\/\/fcspartaktrnava.com\/zimna-priprava-odstartuje-6-januara\/#primaryimage\"},\"thumbnailUrl\":\"https:\/\/fcspartaktrnava.com\/wp-content\/uploads\/2024\/12\/DSC_4323-Enhanced-NR-1-scaled.jpg\",\"articleSection\":[\"Pr\u00edprava\",\"Spr\u00e1vy\"],\"inLanguage\":\"en-GB\"},{\"@type\":\"WebPage\",\"@id\":\"https:\/\/fcspartaktrnava.com\/zimna-priprava-odstartuje-6-januara\/\",\"url\":\"https:\/\/fcspartaktrnava.com\/zimna-priprava-odstartuje-6-januara\/\",\"name\":\"Zimn\u00e1 pr\u00edprava od\u0161tartuje 6. janu\u00e1ra - FC Spartak Trnava\",\"isPartOf\":{\"@id\":\"https:\/\/fcspartaktrnava.com\/#website\"},\"primaryImageOfPage\":{\"@id\":\"https:\/\/fcspartaktrnava.com\/zimna-priprava-odstartuje-6-januara\/#primaryimage\"},\"image\":{\"@id\":\"https:\/\/fcspartaktrnava.com\/zimna-priprava-odstartuje-6-januara\/#primaryimage\"},\"thumbnailUrl\":\"https:\/\/fcspartaktrnava.com\/wp-content\/uploads\/2024\/12\/DSC_4323-Enhanced-NR-1-scaled.jpg\",\"datePublished\":\"2024-12-23T09:44:04+00:00\",\"dateModified\":\"2024-12-23T09:50:49+00:00\",\"breadcrumb\":{\"@id\":\"https:\/\/fcspartaktrnava.com\/zimna-priprava-odstartuje-6-januara\/#breadcrumb\"},\"inLanguage\":\"en-GB\",\"potentialAction\":[{\"@type\":\"ReadAction\",\"target\":[\"https:\/\/fcspartaktrnava.com\/zimna-priprava-odstartuje-6-januara\/\"]}]},{\"@type\":\"ImageObject\",\"inLanguage\":\"en-GB\",\"@id\":\"https:\/\/fcspartaktrnava.com\/zimna-priprava-odstartuje-6-januara\/#primaryimage\",\"url\":\"https:\/\/fcspartaktrnava.com\/wp-content\/uploads\/2024\/12\/DSC_4323-Enhanced-NR-1-scaled.jpg\",\"contentUrl\":\"https:\/\/fcspartaktrnava.com\/wp-content\/uploads\/2024\/12\/DSC_4323-Enhanced-NR-1-scaled.jpg\",\"width\":2560,\"height\":1709},{\"@type\":\"BreadcrumbList\",\"@id\":\"https:\/\/fcspartaktrnava.com\/zimna-priprava-odstartuje-6-januara\/#breadcrumb\",\"itemListElement\":[{\"@type\":\"ListItem\",\"position\":1,\"name\":\"Home\",\"item\":\"https:\/\/fcspartaktrnava.com\/\"},{\"@type\":\"ListItem\",\"position\":2,\"name\":\"Zimn\u00e1 pr\u00edprava od\u0161tartuje 6. janu\u00e1ra\"}]},{\"@type\":\"WebSite\",\"@id\":\"https:\/\/fcspartaktrnava.com\/#website\",\"url\":\"https:\/\/fcspartaktrnava.com\/\",\"name\":\"FC Spartak Trnava\",\"description\":\"ofici\u00e1lna webstr\u00e1nka futbalov\u00e9ho klubu\",\"publisher\":{\"@id\":\"https:\/\/fcspartaktrnava.com\/#organization\"},\"potentialAction\":[{\"@type\":\"SearchAction\",\"target\":{\"@type\":\"EntryPoint\",\"urlTemplate\":\"https:\/\/fcspartaktrnava.com\/?s={search_term_string}\"},\"query-input\":{\"@type\":\"PropertyValueSpecification\",\"valueRequired\":true,\"valueName\":\"search_term_string\"}}],\"inLanguage\":\"en-GB\"},{\"@type\":\"Organization\",\"@id\":\"https:\/\/fcspartaktrnava.com\/#organization\",\"name\":\"FC Spartak Trnava\",\"alternateName\":\"Spartak\",\"url\":\"https:\/\/fcspartaktrnava.com\/\",\"logo\":{\"@type\":\"ImageObject\",\"inLanguage\":\"en-GB\",\"@id\":\"https:\/\/fcspartaktrnava.com\/#\/schema\/logo\/image\/\",\"url\":\"https:\/\/fcspartaktrnava.com\/wp-content\/uploads\/2022\/08\/cropped-site_logo.png\",\"contentUrl\":\"https:\/\/fcspartaktrnava.com\/wp-content\/uploads\/2022\/08\/cropped-site_logo.png\",\"width\":140,\"height\":140,\"caption\":\"FC Spartak Trnava\"},\"image\":{\"@id\":\"https:\/\/fcspartaktrnava.com\/#\/schema\/logo\/image\/\"},\"sameAs\":[\"https:\/\/www.facebook.com\/SpartakTrnava\",\"https:\/\/x.com\/SpartakTrnava1\",\"https:\/\/www.instagram.com\/spartak_sk\/\"]},{\"@type\":\"Person\",\"@id\":\"https:\/\/fcspartaktrnava.com\/#\/schema\/person\/62c3c2562c3c56e4c0c8c2342c596ac0\",\"name\":\"Samuel \u010eurinsk\u00fd\",\"image\":{\"@type\":\"ImageObject\",\"inLanguage\":\"en-GB\",\"@id\":\"https:\/\/fcspartaktrnava.com\/#\/schema\/person\/image\/\",\"url\":\"https:\/\/secure.gravatar.com\/avatar\/af2fa02af92418b86ed742470664fe40056833fb68d84becf03f6ab02319257c?s=96&d=mm&r=g\",\"contentUrl\":\"https:\/\/secure.gravatar.com\/avatar\/af2fa02af92418b86ed742470664fe40056833fb68d84becf03f6ab02319257c?s=96&d=mm&r=g\",\"caption\":\"Samuel \u010eurinsk\u00fd\"},\"url\":\"https:\/\/fcspartaktrnava.com\/en\/author\/fcst-samuel\/\"}]}<\/script>\n<!-- \/ Yoast SEO plugin. -->","yoast_head_json":{"title":"Zimn\u00e1 pr\u00edprava od\u0161tartuje 6. janu\u00e1ra - FC Spartak Trnava","robots":{"index":"index","follow":"follow","max-snippet":"max-snippet:-1","max-image-preview":"max-image-preview:large","max-video-preview":"max-video-preview:-1"},"canonical":"https:\/\/fcspartaktrnava.com\/en\/zimna-priprava-odstartuje-6-januara\/","twitter_misc":{"Written by":"Samuel \u010eurinsk\u00fd","Estimated reading time":"3 minutes"},"schema":{"@context":"https:\/\/schema.org","@graph":[{"@type":"Article","@id":"https:\/\/fcspartaktrnava.com\/zimna-priprava-odstartuje-6-januara\/#article","isPartOf":{"@id":"https:\/\/fcspartaktrnava.com\/zimna-priprava-odstartuje-6-januara\/"},"author":{"name":"Samuel \u010eurinsk\u00fd","@id":"https:\/\/fcspartaktrnava.com\/#\/schema\/person\/62c3c2562c3c56e4c0c8c2342c596ac0"},"headline":"Zimn\u00e1 pr\u00edprava od\u0161tartuje 6. janu\u00e1ra","datePublished":"2024-12-23T09:44:04+00:00","dateModified":"2024-12-23T09:50:49+00:00","mainEntityOfPage":{"@id":"https:\/\/fcspartaktrnava.com\/zimna-priprava-odstartuje-6-januara\/"},"wordCount":506,"publisher":{"@id":"https:\/\/fcspartaktrnava.com\/#organization"},"image":{"@id":"https:\/\/fcspartaktrnava.com\/zimna-priprava-odstartuje-6-januara\/#primaryimage"},"thumbnailUrl":"https:\/\/fcspartaktrnava.com\/wp-content\/uploads\/2024\/12\/DSC_4323-Enhanced-NR-1-scaled.jpg","articleSection":["Pr\u00edprava","Spr\u00e1vy"],"inLanguage":"en-GB"},{"@type":"WebPage","@id":"https:\/\/fcspartaktrnava.com\/zimna-priprava-odstartuje-6-januara\/","url":"https:\/\/fcspartaktrnava.com\/zimna-priprava-odstartuje-6-januara\/","name":"Zimn\u00e1 pr\u00edprava od\u0161tartuje 6. janu\u00e1ra - FC Spartak Trnava","isPartOf":{"@id":"https:\/\/fcspartaktrnava.com\/#website"},"primaryImageOfPage":{"@id":"https:\/\/fcspartaktrnava.com\/zimna-priprava-odstartuje-6-januara\/#primaryimage"},"image":{"@id":"https:\/\/fcspartaktrnava.com\/zimna-priprava-odstartuje-6-januara\/#primaryimage"},"thumbnailUrl":"https:\/\/fcspartaktrnava.com\/wp-content\/uploads\/2024\/12\/DSC_4323-Enhanced-NR-1-scaled.jpg","datePublished":"2024-12-23T09:44:04+00:00","dateModified":"2024-12-23T09:50:49+00:00","breadcrumb":{"@id":"https:\/\/fcspartaktrnava.com\/zimna-priprava-odstartuje-6-januara\/#breadcrumb"},"inLanguage":"en-GB","potentialAction":[{"@type":"ReadAction","target":["https:\/\/fcspartaktrnava.com\/zimna-priprava-odstartuje-6-januara\/"]}]},{"@type":"ImageObject","inLanguage":"en-GB","@id":"https:\/\/fcspartaktrnava.com\/zimna-priprava-odstartuje-6-januara\/#primaryimage","url":"https:\/\/fcspartaktrnava.com\/wp-content\/uploads\/2024\/12\/DSC_4323-Enhanced-NR-1-scaled.jpg","contentUrl":"https:\/\/fcspartaktrnava.com\/wp-content\/uploads\/2024\/12\/DSC_4323-Enhanced-NR-1-scaled.jpg","width":2560,"height":1709},{"@type":"BreadcrumbList","@id":"https:\/\/fcspartaktrnava.com\/zimna-priprava-odstartuje-6-januara\/#breadcrumb","itemListElement":[{"@type":"ListItem","position":1,"name":"Home","item":"https:\/\/fcspartaktrnava.com\/"},{"@type":"ListItem","position":2,"name":"Zimn\u00e1 pr\u00edprava od\u0161tartuje 6. janu\u00e1ra"}]},{"@type":"WebSite","@id":"https:\/\/fcspartaktrnava.com\/#website","url":"https:\/\/fcspartaktrnava.com\/","name":"FC Spartak Trnava","description":"ofici\u00e1lna webstr\u00e1nka futbalov\u00e9ho klubu","publisher":{"@id":"https:\/\/fcspartaktrnava.com\/#organization"},"potentialAction":[{"@type":"SearchAction","target":{"@type":"EntryPoint","urlTemplate":"https:\/\/fcspartaktrnava.com\/?s={search_term_string}"},"query-input":{"@type":"PropertyValueSpecification","valueRequired":true,"valueName":"search_term_string"}}],"inLanguage":"en-GB"},{"@type":"Organization","@id":"https:\/\/fcspartaktrnava.com\/#organization","name":"FC Spartak Trnava","alternateName":"Spartak","url":"https:\/\/fcspartaktrnava.com\/","logo":{"@type":"ImageObject","inLanguage":"en-GB","@id":"https:\/\/fcspartaktrnava.com\/#\/schema\/logo\/image\/","url":"https:\/\/fcspartaktrnava.com\/wp-content\/uploads\/2022\/08\/cropped-site_logo.png","contentUrl":"https:\/\/fcspartaktrnava.com\/wp-content\/uploads\/2022\/08\/cropped-site_logo.png","width":140,"height":140,"caption":"FC Spartak Trnava"},"image":{"@id":"https:\/\/fcspartaktrnava.com\/#\/schema\/logo\/image\/"},"sameAs":["https:\/\/www.facebook.com\/SpartakTrnava","https:\/\/x.com\/SpartakTrnava1","https:\/\/www.instagram.com\/spartak_sk\/"]},{"@type":"Person","@id":"https:\/\/fcspartaktrnava.com\/#\/schema\/person\/62c3c2562c3c56e4c0c8c2342c596ac0","name":"Samuel \u010eurinsk\u00fd","image":{"@type":"ImageObject","inLanguage":"en-GB","@id":"https:\/\/fcspartaktrnava.com\/#\/schema\/person\/image\/","url":"https:\/\/secure.gravatar.com\/avatar\/af2fa02af92418b86ed742470664fe40056833fb68d84becf03f6ab02319257c?s=96&d=mm&r=g","contentUrl":"https:\/\/secure.gravatar.com\/avatar\/af2fa02af92418b86ed742470664fe40056833fb68d84becf03f6ab02319257c?s=96&d=mm&r=g","caption":"Samuel \u010eurinsk\u00fd"},"url":"https:\/\/fcspartaktrnava.com\/en\/author\/fcst-samuel\/"}]}},"_links":{"self":[{"href":"https:\/\/fcspartaktrnava.com\/en\/wp-json\/wp\/v2\/posts\/25001","targetHints":{"allow":["GET"]}}],"collection":[{"href":"https:\/\/fcspartaktrnava.com\/en\/wp-json\/wp\/v2\/posts"}],"about":[{"href":"https:\/\/fcspartaktrnava.com\/en\/wp-json\/wp\/v2\/types\/post"}],"author":[{"embeddable":true,"href":"https:\/\/fcspartaktrnava.com\/en\/wp-json\/wp\/v2\/users\/5"}],"replies":[{"embeddable":true,"href":"https:\/\/fcspartaktrnava.com\/en\/wp-json\/wp\/v2\/comments?post=25001"}],"version-history":[{"count":0,"href":"https:\/\/fcspartaktrnava.com\/en\/wp-json\/wp\/v2\/posts\/25001\/revisions"}],"wp:featuredmedia":[{"embeddable":true,"href":"https:\/\/fcspartaktrnava.com\/en\/wp-json\/wp\/v2\/media\/25003"}],"wp:attachment":[{"href":"https:\/\/fcspartaktrnava.com\/en\/wp-json\/wp\/v2\/media?parent=25001"}],"wp:term":[{"taxonomy":"category","embeddable":true,"href":"https:\/\/fcspartaktrnava.com\/en\/wp-json\/wp\/v2\/categories?post=25001"},{"taxonomy":"post_tag","embeddable":true,"href":"https:\/\/fcspartaktrnava.com\/en\/wp-json\/wp\/v2\/tags?post=25001"}],"curies":[{"name":"wp","href":"https:\/\/api.w.org\/{rel}","templated":true}]}}