{"id":24990,"date":"2024-12-20T14:08:03","date_gmt":"2024-12-20T12:08:03","guid":{"rendered":"https:\/\/fcspartaktrnava.com\/?p=24990"},"modified":"2024-12-20T14:10:30","modified_gmt":"2024-12-20T12:10:30","slug":"aj-vdaka-vam-budu-mat-deti-v-nemocniciach-krajsie-vianoce","status":"publish","type":"post","link":"https:\/\/fcspartaktrnava.com\/en\/aj-vdaka-vam-budu-mat-deti-v-nemocniciach-krajsie-vianoce\/","title":{"rendered":"Aj v\u010faka v\u00e1m bud\u00fa ma\u0165 deti v nemocniciach kraj\u0161ie Vianoce"},"content":{"rendered":"<p class=\"has-text-align-center has-medium-font-size\">Z\u00e1ver roka u\u017e tradi\u010dne patr\u00ed pomoci t\u00fdm, ktor\u00ed to potrebuj\u00fa. V\u00fdnimkou nie je ani aktu\u00e1lne predviano\u010dn\u00e9 obdobie a v\u010faka v\u00e1m &#8211; skvel\u00fdm fan\u00fa\u0161ikom, sme mohli pom\u00f4c\u0165 detsk\u00fdm pacientom vo Fakultnej nemocnici v Trnave.<\/p>\n\n\n\n<p class=\"has-text-align-center has-medium-font-size\">V spolupr\u00e1ci s Nik\u00e9 ligou a OZ Klub Detskej n\u00e1deje sme v\u010dera popoludn\u00ed odovzdali v\u0161etky vyzbieran\u00e9 finan\u010dn\u00e9 prostriedky, ktor\u00fdmi ste dobrovo\u013ene prispievali pri k\u00fape spartakovskej kapustnice. <\/p>\n\n\n\n<p class=\"has-text-align-center has-black-color has-luminous-vivid-amber-background-color has-text-color has-background has-link-color has-medium-font-size wp-elements-f5056dd1c9f8c4acb7682dc027ae84a1\"><strong>Dokopy to bolo kr\u00e1snych 1458 EUR!<\/strong><\/p>\n\n\n<div class=\"wp-block-image\">\n<figure class=\"aligncenter size-large\"><img loading=\"lazy\" decoding=\"async\" width=\"1024\" height=\"681\" src=\"https:\/\/fcspartaktrnava.com\/wp-content\/uploads\/2024\/12\/DSC_0162-Enhanced-NR-1024x681.jpg\" alt=\"\" class=\"wp-image-24991\" srcset=\"https:\/\/fcspartaktrnava.com\/wp-content\/uploads\/2024\/12\/DSC_0162-Enhanced-NR-1024x681.jpg 1024w, https:\/\/fcspartaktrnava.com\/wp-content\/uploads\/2024\/12\/DSC_0162-Enhanced-NR-300x200.jpg 300w, https:\/\/fcspartaktrnava.com\/wp-content\/uploads\/2024\/12\/DSC_0162-Enhanced-NR-768x511.jpg 768w, https:\/\/fcspartaktrnava.com\/wp-content\/uploads\/2024\/12\/DSC_0162-Enhanced-NR-1536x1022.jpg 1536w, https:\/\/fcspartaktrnava.com\/wp-content\/uploads\/2024\/12\/DSC_0162-Enhanced-NR-2048x1363.jpg 2048w, https:\/\/fcspartaktrnava.com\/wp-content\/uploads\/2024\/12\/DSC_0162-Enhanced-NR-18x12.jpg 18w\" sizes=\"auto, (max-width: 1024px) 100vw, 1024px\" \/><\/figure>\n<\/div>\n\n\n<p class=\"has-text-align-center has-medium-font-size\"><strong>V zast\u00fapen\u00ed prezidenta klubu Petra Macha, kapit\u00e1na A-t\u00edmu Martina Mikovi\u010da a Erika Saba sme v\u010dera nav\u0161t\u00edvili pediatrick\u00e9 oddelenie vo Fakultnej nemocnici v Trnave. <\/strong><\/p>\n\n\n\n<p class=\"has-text-align-center has-medium-font-size\">Okrem odovzdan\u00e9ho \u0161eku sme priniesli aj dar\u010deky, ktor\u00fdch zak\u00fapenie finan\u010dne podporili hr\u00e1\u010di A-t\u00edmu a realiza\u010dn\u00fd t\u00edm.<\/p>\n\n\n<div class=\"wp-block-image\">\n<figure class=\"aligncenter size-large\"><img loading=\"lazy\" decoding=\"async\" width=\"1024\" height=\"681\" src=\"https:\/\/fcspartaktrnava.com\/wp-content\/uploads\/2024\/12\/DSC_0226-Enhanced-NR-1024x681.jpg\" alt=\"\" class=\"wp-image-24992\" srcset=\"https:\/\/fcspartaktrnava.com\/wp-content\/uploads\/2024\/12\/DSC_0226-Enhanced-NR-1024x681.jpg 1024w, https:\/\/fcspartaktrnava.com\/wp-content\/uploads\/2024\/12\/DSC_0226-Enhanced-NR-300x200.jpg 300w, https:\/\/fcspartaktrnava.com\/wp-content\/uploads\/2024\/12\/DSC_0226-Enhanced-NR-768x511.jpg 768w, https:\/\/fcspartaktrnava.com\/wp-content\/uploads\/2024\/12\/DSC_0226-Enhanced-NR-1536x1022.jpg 1536w, https:\/\/fcspartaktrnava.com\/wp-content\/uploads\/2024\/12\/DSC_0226-Enhanced-NR-2048x1363.jpg 2048w, https:\/\/fcspartaktrnava.com\/wp-content\/uploads\/2024\/12\/DSC_0226-Enhanced-NR-18x12.jpg 18w\" sizes=\"auto, (max-width: 1024px) 100vw, 1024px\" \/><\/figure>\n<\/div>\n\n\n<p class=\"has-text-align-center has-medium-font-size\"><strong>Detsk\u00ed pacienti tak bud\u00fa ma\u0165 o nie\u010do kraj\u0161ie a vesel\u0161ie Vianoce. Aj v\u010faka v\u00e1m! <\/strong><\/p>\n\n\n\n<p class=\"has-text-align-center has-medium-font-size\"><strong>\u010eAKUJEME, \u017ee pom\u00e1hate!<\/strong><\/p>\n\n\n<div class=\"wp-block-image\">\n<figure class=\"aligncenter size-large\"><img loading=\"lazy\" decoding=\"async\" width=\"1024\" height=\"681\" src=\"https:\/\/fcspartaktrnava.com\/wp-content\/uploads\/2024\/12\/DSC_0123-Enhanced-NR-1024x681.jpg\" alt=\"\" class=\"wp-image-24993\" srcset=\"https:\/\/fcspartaktrnava.com\/wp-content\/uploads\/2024\/12\/DSC_0123-Enhanced-NR-1024x681.jpg 1024w, https:\/\/fcspartaktrnava.com\/wp-content\/uploads\/2024\/12\/DSC_0123-Enhanced-NR-300x200.jpg 300w, https:\/\/fcspartaktrnava.com\/wp-content\/uploads\/2024\/12\/DSC_0123-Enhanced-NR-768x511.jpg 768w, https:\/\/fcspartaktrnava.com\/wp-content\/uploads\/2024\/12\/DSC_0123-Enhanced-NR-1536x1022.jpg 1536w, https:\/\/fcspartaktrnava.com\/wp-content\/uploads\/2024\/12\/DSC_0123-Enhanced-NR-2048x1363.jpg 2048w, https:\/\/fcspartaktrnava.com\/wp-content\/uploads\/2024\/12\/DSC_0123-Enhanced-NR-18x12.jpg 18w\" sizes=\"auto, (max-width: 1024px) 100vw, 1024px\" \/><\/figure>\n<\/div>\n\n\n<p class=\"has-text-align-center has-large-font-size\"><strong>Prajeme kr\u00e1sne a pohodov\u00e9 sviato\u010dn\u00e9 dni.<\/strong><\/p>","protected":false},"excerpt":{"rendered":"<p>Z\u00e1ver roka u\u017e tradi\u010dne patr\u00ed pomoci t\u00fdm, ktor\u00ed&#8230;<\/p>","protected":false},"author":5,"featured_media":24992,"comment_status":"closed","ping_status":"closed","sticky":false,"template":"","format":"standard","meta":{"footnotes":""},"categories":[12],"tags":[],"class_list":["post-24990","post","type-post","status-publish","format-standard","has-post-thumbnail","hentry","category-spravy","post-number-1"],"yoast_head":"<!-- This site is optimized with the Yoast SEO plugin v27.1.1 - https:\/\/yoast.com\/product\/yoast-seo-wordpress\/ -->\n<title>Aj v\u010faka v\u00e1m bud\u00fa ma\u0165 deti v nemocniciach kraj\u0161ie Vianoce - FC Spartak Trnava<\/title>\n<meta name=\"robots\" content=\"index, follow, max-snippet:-1, max-image-preview:large, max-video-preview:-1\" \/>\n<link rel=\"canonical\" href=\"https:\/\/fcspartaktrnava.com\/en\/aj-vdaka-vam-budu-mat-deti-v-nemocniciach-krajsie-vianoce\/\" \/>\n<meta name=\"twitter:label1\" content=\"Written by\" \/>\n\t<meta name=\"twitter:data1\" content=\"Samuel \u010eurinsk\u00fd\" \/>\n\t<meta name=\"twitter:label2\" content=\"Estimated reading time\" \/>\n\t<meta name=\"twitter:data2\" content=\"2 minutes\" \/>\n<script type=\"application\/ld+json\" class=\"yoast-schema-graph\">{\"@context\":\"https:\/\/schema.org\",\"@graph\":[{\"@type\":\"Article\",\"@id\":\"https:\/\/fcspartaktrnava.com\/aj-vdaka-vam-budu-mat-deti-v-nemocniciach-krajsie-vianoce\/#article\",\"isPartOf\":{\"@id\":\"https:\/\/fcspartaktrnava.com\/aj-vdaka-vam-budu-mat-deti-v-nemocniciach-krajsie-vianoce\/\"},\"author\":{\"name\":\"Samuel \u010eurinsk\u00fd\",\"@id\":\"https:\/\/fcspartaktrnava.com\/#\/schema\/person\/62c3c2562c3c56e4c0c8c2342c596ac0\"},\"headline\":\"Aj v\u010faka v\u00e1m bud\u00fa ma\u0165 deti v nemocniciach kraj\u0161ie Vianoce\",\"datePublished\":\"2024-12-20T12:08:03+00:00\",\"dateModified\":\"2024-12-20T12:10:30+00:00\",\"mainEntityOfPage\":{\"@id\":\"https:\/\/fcspartaktrnava.com\/aj-vdaka-vam-budu-mat-deti-v-nemocniciach-krajsie-vianoce\/\"},\"wordCount\":184,\"publisher\":{\"@id\":\"https:\/\/fcspartaktrnava.com\/#organization\"},\"image\":{\"@id\":\"https:\/\/fcspartaktrnava.com\/aj-vdaka-vam-budu-mat-deti-v-nemocniciach-krajsie-vianoce\/#primaryimage\"},\"thumbnailUrl\":\"https:\/\/fcspartaktrnava.com\/wp-content\/uploads\/2024\/12\/DSC_0226-Enhanced-NR-scaled.jpg\",\"articleSection\":[\"Spr\u00e1vy\"],\"inLanguage\":\"en-GB\"},{\"@type\":\"WebPage\",\"@id\":\"https:\/\/fcspartaktrnava.com\/aj-vdaka-vam-budu-mat-deti-v-nemocniciach-krajsie-vianoce\/\",\"url\":\"https:\/\/fcspartaktrnava.com\/aj-vdaka-vam-budu-mat-deti-v-nemocniciach-krajsie-vianoce\/\",\"name\":\"Aj v\u010faka v\u00e1m bud\u00fa ma\u0165 deti v nemocniciach kraj\u0161ie Vianoce - FC Spartak Trnava\",\"isPartOf\":{\"@id\":\"https:\/\/fcspartaktrnava.com\/#website\"},\"primaryImageOfPage\":{\"@id\":\"https:\/\/fcspartaktrnava.com\/aj-vdaka-vam-budu-mat-deti-v-nemocniciach-krajsie-vianoce\/#primaryimage\"},\"image\":{\"@id\":\"https:\/\/fcspartaktrnava.com\/aj-vdaka-vam-budu-mat-deti-v-nemocniciach-krajsie-vianoce\/#primaryimage\"},\"thumbnailUrl\":\"https:\/\/fcspartaktrnava.com\/wp-content\/uploads\/2024\/12\/DSC_0226-Enhanced-NR-scaled.jpg\",\"datePublished\":\"2024-12-20T12:08:03+00:00\",\"dateModified\":\"2024-12-20T12:10:30+00:00\",\"breadcrumb\":{\"@id\":\"https:\/\/fcspartaktrnava.com\/aj-vdaka-vam-budu-mat-deti-v-nemocniciach-krajsie-vianoce\/#breadcrumb\"},\"inLanguage\":\"en-GB\",\"potentialAction\":[{\"@type\":\"ReadAction\",\"target\":[\"https:\/\/fcspartaktrnava.com\/aj-vdaka-vam-budu-mat-deti-v-nemocniciach-krajsie-vianoce\/\"]}]},{\"@type\":\"ImageObject\",\"inLanguage\":\"en-GB\",\"@id\":\"https:\/\/fcspartaktrnava.com\/aj-vdaka-vam-budu-mat-deti-v-nemocniciach-krajsie-vianoce\/#primaryimage\",\"url\":\"https:\/\/fcspartaktrnava.com\/wp-content\/uploads\/2024\/12\/DSC_0226-Enhanced-NR-scaled.jpg\",\"contentUrl\":\"https:\/\/fcspartaktrnava.com\/wp-content\/uploads\/2024\/12\/DSC_0226-Enhanced-NR-scaled.jpg\",\"width\":2560,\"height\":1704},{\"@type\":\"BreadcrumbList\",\"@id\":\"https:\/\/fcspartaktrnava.com\/aj-vdaka-vam-budu-mat-deti-v-nemocniciach-krajsie-vianoce\/#breadcrumb\",\"itemListElement\":[{\"@type\":\"ListItem\",\"position\":1,\"name\":\"Home\",\"item\":\"https:\/\/fcspartaktrnava.com\/\"},{\"@type\":\"ListItem\",\"position\":2,\"name\":\"Aj v\u010faka v\u00e1m bud\u00fa ma\u0165 deti v nemocniciach kraj\u0161ie Vianoce\"}]},{\"@type\":\"WebSite\",\"@id\":\"https:\/\/fcspartaktrnava.com\/#website\",\"url\":\"https:\/\/fcspartaktrnava.com\/\",\"name\":\"FC Spartak Trnava\",\"description\":\"ofici\u00e1lna webstr\u00e1nka futbalov\u00e9ho klubu\",\"publisher\":{\"@id\":\"https:\/\/fcspartaktrnava.com\/#organization\"},\"potentialAction\":[{\"@type\":\"SearchAction\",\"target\":{\"@type\":\"EntryPoint\",\"urlTemplate\":\"https:\/\/fcspartaktrnava.com\/?s={search_term_string}\"},\"query-input\":{\"@type\":\"PropertyValueSpecification\",\"valueRequired\":true,\"valueName\":\"search_term_string\"}}],\"inLanguage\":\"en-GB\"},{\"@type\":\"Organization\",\"@id\":\"https:\/\/fcspartaktrnava.com\/#organization\",\"name\":\"FC Spartak Trnava\",\"alternateName\":\"Spartak\",\"url\":\"https:\/\/fcspartaktrnava.com\/\",\"logo\":{\"@type\":\"ImageObject\",\"inLanguage\":\"en-GB\",\"@id\":\"https:\/\/fcspartaktrnava.com\/#\/schema\/logo\/image\/\",\"url\":\"https:\/\/fcspartaktrnava.com\/wp-content\/uploads\/2022\/08\/cropped-site_logo.png\",\"contentUrl\":\"https:\/\/fcspartaktrnava.com\/wp-content\/uploads\/2022\/08\/cropped-site_logo.png\",\"width\":140,\"height\":140,\"caption\":\"FC Spartak Trnava\"},\"image\":{\"@id\":\"https:\/\/fcspartaktrnava.com\/#\/schema\/logo\/image\/\"},\"sameAs\":[\"https:\/\/www.facebook.com\/SpartakTrnava\",\"https:\/\/x.com\/SpartakTrnava1\",\"https:\/\/www.instagram.com\/spartak_sk\/\"]},{\"@type\":\"Person\",\"@id\":\"https:\/\/fcspartaktrnava.com\/#\/schema\/person\/62c3c2562c3c56e4c0c8c2342c596ac0\",\"name\":\"Samuel \u010eurinsk\u00fd\",\"image\":{\"@type\":\"ImageObject\",\"inLanguage\":\"en-GB\",\"@id\":\"https:\/\/fcspartaktrnava.com\/#\/schema\/person\/image\/\",\"url\":\"https:\/\/secure.gravatar.com\/avatar\/af2fa02af92418b86ed742470664fe40056833fb68d84becf03f6ab02319257c?s=96&d=mm&r=g\",\"contentUrl\":\"https:\/\/secure.gravatar.com\/avatar\/af2fa02af92418b86ed742470664fe40056833fb68d84becf03f6ab02319257c?s=96&d=mm&r=g\",\"caption\":\"Samuel \u010eurinsk\u00fd\"},\"url\":\"https:\/\/fcspartaktrnava.com\/en\/author\/fcst-samuel\/\"}]}<\/script>\n<!-- \/ Yoast SEO plugin. -->","yoast_head_json":{"title":"Aj v\u010faka v\u00e1m bud\u00fa ma\u0165 deti v nemocniciach kraj\u0161ie Vianoce - FC Spartak Trnava","robots":{"index":"index","follow":"follow","max-snippet":"max-snippet:-1","max-image-preview":"max-image-preview:large","max-video-preview":"max-video-preview:-1"},"canonical":"https:\/\/fcspartaktrnava.com\/en\/aj-vdaka-vam-budu-mat-deti-v-nemocniciach-krajsie-vianoce\/","twitter_misc":{"Written by":"Samuel \u010eurinsk\u00fd","Estimated reading time":"2 minutes"},"schema":{"@context":"https:\/\/schema.org","@graph":[{"@type":"Article","@id":"https:\/\/fcspartaktrnava.com\/aj-vdaka-vam-budu-mat-deti-v-nemocniciach-krajsie-vianoce\/#article","isPartOf":{"@id":"https:\/\/fcspartaktrnava.com\/aj-vdaka-vam-budu-mat-deti-v-nemocniciach-krajsie-vianoce\/"},"author":{"name":"Samuel \u010eurinsk\u00fd","@id":"https:\/\/fcspartaktrnava.com\/#\/schema\/person\/62c3c2562c3c56e4c0c8c2342c596ac0"},"headline":"Aj v\u010faka v\u00e1m bud\u00fa ma\u0165 deti v nemocniciach kraj\u0161ie Vianoce","datePublished":"2024-12-20T12:08:03+00:00","dateModified":"2024-12-20T12:10:30+00:00","mainEntityOfPage":{"@id":"https:\/\/fcspartaktrnava.com\/aj-vdaka-vam-budu-mat-deti-v-nemocniciach-krajsie-vianoce\/"},"wordCount":184,"publisher":{"@id":"https:\/\/fcspartaktrnava.com\/#organization"},"image":{"@id":"https:\/\/fcspartaktrnava.com\/aj-vdaka-vam-budu-mat-deti-v-nemocniciach-krajsie-vianoce\/#primaryimage"},"thumbnailUrl":"https:\/\/fcspartaktrnava.com\/wp-content\/uploads\/2024\/12\/DSC_0226-Enhanced-NR-scaled.jpg","articleSection":["Spr\u00e1vy"],"inLanguage":"en-GB"},{"@type":"WebPage","@id":"https:\/\/fcspartaktrnava.com\/aj-vdaka-vam-budu-mat-deti-v-nemocniciach-krajsie-vianoce\/","url":"https:\/\/fcspartaktrnava.com\/aj-vdaka-vam-budu-mat-deti-v-nemocniciach-krajsie-vianoce\/","name":"Aj v\u010faka v\u00e1m bud\u00fa ma\u0165 deti v nemocniciach kraj\u0161ie Vianoce - FC Spartak Trnava","isPartOf":{"@id":"https:\/\/fcspartaktrnava.com\/#website"},"primaryImageOfPage":{"@id":"https:\/\/fcspartaktrnava.com\/aj-vdaka-vam-budu-mat-deti-v-nemocniciach-krajsie-vianoce\/#primaryimage"},"image":{"@id":"https:\/\/fcspartaktrnava.com\/aj-vdaka-vam-budu-mat-deti-v-nemocniciach-krajsie-vianoce\/#primaryimage"},"thumbnailUrl":"https:\/\/fcspartaktrnava.com\/wp-content\/uploads\/2024\/12\/DSC_0226-Enhanced-NR-scaled.jpg","datePublished":"2024-12-20T12:08:03+00:00","dateModified":"2024-12-20T12:10:30+00:00","breadcrumb":{"@id":"https:\/\/fcspartaktrnava.com\/aj-vdaka-vam-budu-mat-deti-v-nemocniciach-krajsie-vianoce\/#breadcrumb"},"inLanguage":"en-GB","potentialAction":[{"@type":"ReadAction","target":["https:\/\/fcspartaktrnava.com\/aj-vdaka-vam-budu-mat-deti-v-nemocniciach-krajsie-vianoce\/"]}]},{"@type":"ImageObject","inLanguage":"en-GB","@id":"https:\/\/fcspartaktrnava.com\/aj-vdaka-vam-budu-mat-deti-v-nemocniciach-krajsie-vianoce\/#primaryimage","url":"https:\/\/fcspartaktrnava.com\/wp-content\/uploads\/2024\/12\/DSC_0226-Enhanced-NR-scaled.jpg","contentUrl":"https:\/\/fcspartaktrnava.com\/wp-content\/uploads\/2024\/12\/DSC_0226-Enhanced-NR-scaled.jpg","width":2560,"height":1704},{"@type":"BreadcrumbList","@id":"https:\/\/fcspartaktrnava.com\/aj-vdaka-vam-budu-mat-deti-v-nemocniciach-krajsie-vianoce\/#breadcrumb","itemListElement":[{"@type":"ListItem","position":1,"name":"Home","item":"https:\/\/fcspartaktrnava.com\/"},{"@type":"ListItem","position":2,"name":"Aj v\u010faka v\u00e1m bud\u00fa ma\u0165 deti v nemocniciach kraj\u0161ie Vianoce"}]},{"@type":"WebSite","@id":"https:\/\/fcspartaktrnava.com\/#website","url":"https:\/\/fcspartaktrnava.com\/","name":"FC Spartak Trnava","description":"ofici\u00e1lna webstr\u00e1nka futbalov\u00e9ho klubu","publisher":{"@id":"https:\/\/fcspartaktrnava.com\/#organization"},"potentialAction":[{"@type":"SearchAction","target":{"@type":"EntryPoint","urlTemplate":"https:\/\/fcspartaktrnava.com\/?s={search_term_string}"},"query-input":{"@type":"PropertyValueSpecification","valueRequired":true,"valueName":"search_term_string"}}],"inLanguage":"en-GB"},{"@type":"Organization","@id":"https:\/\/fcspartaktrnava.com\/#organization","name":"FC Spartak Trnava","alternateName":"Spartak","url":"https:\/\/fcspartaktrnava.com\/","logo":{"@type":"ImageObject","inLanguage":"en-GB","@id":"https:\/\/fcspartaktrnava.com\/#\/schema\/logo\/image\/","url":"https:\/\/fcspartaktrnava.com\/wp-content\/uploads\/2022\/08\/cropped-site_logo.png","contentUrl":"https:\/\/fcspartaktrnava.com\/wp-content\/uploads\/2022\/08\/cropped-site_logo.png","width":140,"height":140,"caption":"FC Spartak Trnava"},"image":{"@id":"https:\/\/fcspartaktrnava.com\/#\/schema\/logo\/image\/"},"sameAs":["https:\/\/www.facebook.com\/SpartakTrnava","https:\/\/x.com\/SpartakTrnava1","https:\/\/www.instagram.com\/spartak_sk\/"]},{"@type":"Person","@id":"https:\/\/fcspartaktrnava.com\/#\/schema\/person\/62c3c2562c3c56e4c0c8c2342c596ac0","name":"Samuel \u010eurinsk\u00fd","image":{"@type":"ImageObject","inLanguage":"en-GB","@id":"https:\/\/fcspartaktrnava.com\/#\/schema\/person\/image\/","url":"https:\/\/secure.gravatar.com\/avatar\/af2fa02af92418b86ed742470664fe40056833fb68d84becf03f6ab02319257c?s=96&d=mm&r=g","contentUrl":"https:\/\/secure.gravatar.com\/avatar\/af2fa02af92418b86ed742470664fe40056833fb68d84becf03f6ab02319257c?s=96&d=mm&r=g","caption":"Samuel \u010eurinsk\u00fd"},"url":"https:\/\/fcspartaktrnava.com\/en\/author\/fcst-samuel\/"}]}},"_links":{"self":[{"href":"https:\/\/fcspartaktrnava.com\/en\/wp-json\/wp\/v2\/posts\/24990","targetHints":{"allow":["GET"]}}],"collection":[{"href":"https:\/\/fcspartaktrnava.com\/en\/wp-json\/wp\/v2\/posts"}],"about":[{"href":"https:\/\/fcspartaktrnava.com\/en\/wp-json\/wp\/v2\/types\/post"}],"author":[{"embeddable":true,"href":"https:\/\/fcspartaktrnava.com\/en\/wp-json\/wp\/v2\/users\/5"}],"replies":[{"embeddable":true,"href":"https:\/\/fcspartaktrnava.com\/en\/wp-json\/wp\/v2\/comments?post=24990"}],"version-history":[{"count":0,"href":"https:\/\/fcspartaktrnava.com\/en\/wp-json\/wp\/v2\/posts\/24990\/revisions"}],"wp:featuredmedia":[{"embeddable":true,"href":"https:\/\/fcspartaktrnava.com\/en\/wp-json\/wp\/v2\/media\/24992"}],"wp:attachment":[{"href":"https:\/\/fcspartaktrnava.com\/en\/wp-json\/wp\/v2\/media?parent=24990"}],"wp:term":[{"taxonomy":"category","embeddable":true,"href":"https:\/\/fcspartaktrnava.com\/en\/wp-json\/wp\/v2\/categories?post=24990"},{"taxonomy":"post_tag","embeddable":true,"href":"https:\/\/fcspartaktrnava.com\/en\/wp-json\/wp\/v2\/tags?post=24990"}],"curies":[{"name":"wp","href":"https:\/\/api.w.org\/{rel}","templated":true}]}}