{"id":24717,"date":"2024-12-08T20:09:51","date_gmt":"2024-12-08T18:09:51","guid":{"rendered":"https:\/\/fcspartaktrnava.com\/?p=24717"},"modified":"2024-12-09T11:07:52","modified_gmt":"2024-12-09T09:07:52","slug":"ukoncime-spolocne-rok-2024-vo-vianocnej-atmosfere","status":"publish","type":"post","link":"https:\/\/fcspartaktrnava.com\/en\/ukoncime-spolocne-rok-2024-vo-vianocnej-atmosfere\/","title":{"rendered":"Ukon\u010dime spolo\u010dne rok 2024 vo viano\u010dnej atmosf\u00e9re!"},"content":{"rendered":"<p class=\"has-text-align-center has-medium-font-size\">Druh\u00e1 adventn\u00e1 nede\u013ea nasved\u010duje, \u017ee sa nezadr\u017eate\u013ene bl\u00ed\u017ei z\u00e1ver roka. V dobrej n\u00e1lade, po v\u00fdbornom v\u00fdkone a v\u00fdhre v Ru\u017eomberku, ho ukon\u010d\u00edme u\u017e bud\u00facu sobotu <strong><a href=\"https:\/\/predpredaj.zoznam.sk\/sk\/listky\/fc-spartak-trnava-fc-kosice-2024-12-14\/\">14. decembra proti Ko\u0161iciam.<\/a><\/strong><\/p>\n\n\n\n<p class=\"has-text-align-center has-medium-font-size\">S t\u00edmom z v\u00fdchodu republiky, ktor\u00fd nesie n\u00e1zov FC Ko\u0161ice, sme v tejto sez\u00f3ne odohrali rem\u00edzov\u00fd duel a n\u00e1\u0161mu posledn\u00e9mu s\u00faperovi v roku patr\u00ed aktu\u00e1lne siedma prie\u010dka tabu\u013eky Nik\u00e9 ligy. Na\u0161e farby okupuj\u00fa tretie miesto a na druh\u00fa \u017dilinu aktu\u00e1lne str\u00e1caj\u00fa bodov sedem.<\/p>\n\n\n\n<p class=\"has-text-align-center has-luminous-vivid-amber-background-color has-background has-medium-font-size\"><a style=\"font-weight: bold;\" href=\"https:\/\/predpredaj.zoznam.sk\/sk\/listky\/fc-spartak-trnava-fc-kosice-2024-12-14\/\">VSTUPENKY NA KO\u0160ICE<\/a><\/p>\n\n\n<div class=\"wp-block-image\">\n<figure class=\"aligncenter size-large\"><a href=\"https:\/\/predpredaj.zoznam.sk\/sk\/listky\/fc-spartak-trnava-fc-kosice-2024-12-14\/\"><img loading=\"lazy\" decoding=\"async\" width=\"1024\" height=\"450\" src=\"https:\/\/fcspartaktrnava.com\/wp-content\/uploads\/2024\/12\/Titulka-FB-2-1-1024x450.png\" alt=\"\" class=\"wp-image-24630\" srcset=\"https:\/\/fcspartaktrnava.com\/wp-content\/uploads\/2024\/12\/Titulka-FB-2-1-1024x450.png 1024w, https:\/\/fcspartaktrnava.com\/wp-content\/uploads\/2024\/12\/Titulka-FB-2-1-300x132.png 300w, https:\/\/fcspartaktrnava.com\/wp-content\/uploads\/2024\/12\/Titulka-FB-2-1-768x337.png 768w, https:\/\/fcspartaktrnava.com\/wp-content\/uploads\/2024\/12\/Titulka-FB-2-1-1536x674.png 1536w, https:\/\/fcspartaktrnava.com\/wp-content\/uploads\/2024\/12\/Titulka-FB-2-1-18x8.png 18w, https:\/\/fcspartaktrnava.com\/wp-content\/uploads\/2024\/12\/Titulka-FB-2-1.png 1640w\" sizes=\"auto, (max-width: 1024px) 100vw, 1024px\" \/><\/a><\/figure>\n<\/div>\n\n\n<hr class=\"wp-block-separator has-text-color has-vivid-red-color has-alpha-channel-opacity has-vivid-red-background-color has-background is-style-dots\"\/>\n\n\n\n<h2 class=\"wp-block-heading has-text-align-center\">Hudba, kapustnica, viano\u010dn\u00e9 hity a pomoc de\u0165om <\/h2>\n\n\n\n<p class=\"has-text-align-center has-medium-font-size\">Nala\u010fme sa spolo\u010dne na najkraj\u0161ie sviatky v roku a u\u017eime si spolo\u010dne z\u00e1pas, ktor\u00fd v\u00e1s zahreje a z\u00e1rove\u0148 pom\u00f4\u017eeme dobrej veci. E\u0161te pred samotn\u00fdm \u0161tartom duelu si budete m\u00f4c\u0165 vypo\u010du\u0165 pohodov\u00e9 hity od Marka Graema, po vstupe na \u0161tadi\u00f3n cez z\u00e1padn\u00fa trib\u00fanu zac\u00edtite v\u00f4\u0148u kapustnice, ktorej k\u00fapou (dobrovo\u013en\u00fd pr\u00edspevok) spolo\u010dne pom\u00f4\u017eeme dobrej veci a nebud\u00fa ch\u00fdba\u0165 ani tepl\u00e9 n\u00e1poje v bufetoch. <\/p>\n\n\n\n<p class=\"has-text-align-center has-medium-font-size\">Z\u00e1rove\u0148 sa prid\u00e1me k iniciat\u00edve <a href=\"https:\/\/www.nikeliga.sk\/clanok\/4033-startuje-projekt-nike-liga-pomaha\"><strong>NIK\u00c9 LIGA POM\u00c1HA,<\/strong><\/a> ktor\u00e1 od\u0161tartuje pr\u00e1ve posledn\u00fdm jesenn\u00fdm kolom. P\u00f4jde o prv\u00e9 tematick\u00e9 kolo &#8211; <strong>Sk\u00f3ruj.<\/strong> Hlavn\u00fdm posolstvom je pomoc a obdarovanie pre t\u00fdch, ktor\u00ed sa najviac te\u0161ia pr\u00e1ve na Vianoce a nemaj\u00fa \u013eahk\u00fd \u017eivotn\u00fd osud. <\/p>\n\n\n\n<p class=\"has-text-align-center has-medium-font-size\">Za ka\u017ed\u00fd strelen\u00fd g\u00f3l po\u010das posledn\u00e9ho jesenn\u00e9ho kola Nik\u00e9 ligy daruje titul\u00e1rny partner s\u00fa\u0165a\u017ee 1200 EUR pre OZ Klub detskej n\u00e1deje, ktor\u00fd pom\u00e1ha pom\u00e1ha de\u0165om v&nbsp;nemocniciach, organizuje pre ne zbierky hra\u010diek, letn\u00e9 t\u00e1bory a&nbsp;jeho dobrovo\u013en\u00edci ich nav\u0161tevuj\u00fa po\u010das pobytu v&nbsp;nemocniciach. <\/p>\n\n\n\n<p class=\"has-text-align-center has-medium-font-size\">N\u00e1\u0161 klub sa pripoj\u00ed k tejto pomoci a iniciat\u00edve finan\u010dn\u00fdm pr\u00edspevkom, ktor\u00fd sa vyzbiera po\u010das v\u00fddaja viano\u010dnej kapustnice. <strong>Cel\u00fd v\u00fd\u0165a\u017eok poputuje k pr\u00edspevku pre spom\u00ednan\u00e9 OZ Klub detskej n\u00e1deje. M\u00f4\u017eeme v\u00e1m zaru\u010di\u0165, \u017ee kapustnica bude ma\u0165 t\u00fa najvy\u0161\u0161iu kvalitu. M\u00e1te sa na \u010do te\u0161i\u0165 a z\u00e1rove\u0148 tak pom\u00f4c\u0165 spolo\u010dnej iniciat\u00edve.<\/strong><\/p>\n\n\n\n<p class=\"has-text-align-center has-medium-font-size\">Pred za\u010diatkom duelu n\u00e1s \u010dak\u00e1 aj \u0161peci\u00e1lny n\u00e1stup hr\u00e1\u010dov s de\u0165mi. Viac prezradil Ivan Koz\u00e1k &#8211; prezident \u00danie ligov\u00fdch klubov. <strong>\u201eKe\u010f\u017ee k&nbsp;Vianociam patria dar\u010deky, pr\u00e1ve tie bud\u00fa symbolom prv\u00e9ho tematick\u00e9ho kola s&nbsp;n\u00e1zvom Sk\u00f3ruj. Hr\u00e1\u010di nast\u00fapia na z\u00e1pas s&nbsp;dar\u010dekmi, po n\u00e1stupe ich odovzdaj\u00fa detsk\u00e9mu sprievodu. Fan\u00fa\u0161ikovia takisto m\u00f4\u017eu donies\u0165 na z\u00e1pas dar\u010deky, ktor\u00fdmi potom spr\u00edjemn\u00edme viano\u010dn\u00fd \u010das detsk\u00fdm pacientom v&nbsp;nemocniciach.&#8220;<\/strong><\/p>\n\n\n\n<p class=\"has-text-align-center has-small-font-size\">*<strong style=\"font-style: italic;\">Viac inform\u00e1ci\u00ed o tejto iniciat\u00edve a ak\u00e9 najvhodnej\u0161ie dar\u010deky budete m\u00f4c\u0165 prinies\u0165 na posledn\u00fd z\u00e1pas roka v\u00e1m prinesieme v priebehu t\u00fd\u017ed\u0148a.<\/strong><\/p>\n\n\n\n<hr class=\"wp-block-separator has-alpha-channel-opacity\"\/>\n\n\n\n<h2 class=\"wp-block-heading has-text-align-center\">Pom\u00f4\u017ete dobrej veci, pote\u0161te svojich bl\u00edzkych<\/h2>\n\n\n\n<p class=\"has-text-align-center has-medium-font-size\">Okrem pomoci detsk\u00fdm pacientom v nemocniciach, m\u00f4\u017eete pote\u0161i\u0165 seba alebo svojich bl\u00edzkych pekn\u00fdm dar\u010dekom z bohatej ponuky klubov\u00e9ho merchu, oble\u010denia, dresov ale aj \u0161peci\u00e1lnej viano\u010dnej ponuky. <\/p>\n\n\n\n<p class=\"has-text-align-center has-medium-font-size\">Vyberajte pohodlne na <a href=\"https:\/\/fcstore.sk\/\">FCSTORE.sk<\/a> alebo nav\u0161t\u00edvte na\u0161u predaj\u0148u.<\/p>\n\n\n<div class=\"wp-block-image\">\n<figure class=\"aligncenter size-large\"><a href=\"https:\/\/fcstore.sk\/produkt\/plysovy-macko-fcst\/\"><img loading=\"lazy\" decoding=\"async\" width=\"1024\" height=\"684\" src=\"https:\/\/fcspartaktrnava.com\/wp-content\/uploads\/2024\/12\/DSC_9153-Enhanced-NR-1-1024x684.jpg\" alt=\"\" class=\"wp-image-24718\" srcset=\"https:\/\/fcspartaktrnava.com\/wp-content\/uploads\/2024\/12\/DSC_9153-Enhanced-NR-1-1024x684.jpg 1024w, https:\/\/fcspartaktrnava.com\/wp-content\/uploads\/2024\/12\/DSC_9153-Enhanced-NR-1-300x200.jpg 300w, https:\/\/fcspartaktrnava.com\/wp-content\/uploads\/2024\/12\/DSC_9153-Enhanced-NR-1-768x513.jpg 768w, https:\/\/fcspartaktrnava.com\/wp-content\/uploads\/2024\/12\/DSC_9153-Enhanced-NR-1-1536x1025.jpg 1536w, https:\/\/fcspartaktrnava.com\/wp-content\/uploads\/2024\/12\/DSC_9153-Enhanced-NR-1-2048x1367.jpg 2048w, https:\/\/fcspartaktrnava.com\/wp-content\/uploads\/2024\/12\/DSC_9153-Enhanced-NR-1-18x12.jpg 18w\" sizes=\"auto, (max-width: 1024px) 100vw, 1024px\" \/><\/a><\/figure>\n<\/div>\n\n\n<p class=\"has-text-align-center has-luminous-vivid-amber-background-color has-background has-medium-font-size\"><strong><a href=\"https:\/\/fcstore.sk\/kategoria\/suveniry\/vianoce-s-fcstore\/\">VIANOCE S FCSTORE S\u00da SKUTO\u010cNE BOHAT\u00c9 &#8211; STA\u010c\u00cd SI LEN VYBRA\u0164<\/a><\/strong><\/p>\n\n\n\n<p class=\"has-text-align-center has-black-color has-white-background-color has-text-color has-background has-link-color has-medium-font-size wp-elements-71da908a816b21bc6e2f1d1ee3911030\"><strong>FCSTORE je otvoren\u00fd a\u017e do 23.12.2024 ka\u017ed\u00fd de\u0148 od 9:30 do 18:00.<\/strong><\/p>\n\n\n\n<p class=\"has-text-align-center has-white-color has-vivid-red-background-color has-text-color has-background has-link-color has-medium-font-size wp-elements-cda756b1bd0cf6b7253330fd34b4dc6b\"><strong>Chcete ma\u0165 dar\u010deky z FCSTORE pod viano\u010dn\u00fdm strom\u010dekom na \u0160tedr\u00fd de\u0148? Garancia doru\u010denia do Vianoc plat\u00ed pre objedn\u00e1vky vytvoren\u00e9 najnesk\u00f4r 17.12.<\/strong><\/p>\n\n\n<div class=\"wp-block-image\">\n<figure class=\"aligncenter size-large\"><img loading=\"lazy\" decoding=\"async\" width=\"819\" height=\"1024\" src=\"https:\/\/fcspartaktrnava.com\/wp-content\/uploads\/2024\/12\/IMG_2462-819x1024.jpeg\" alt=\"\" class=\"wp-image-24719\" srcset=\"https:\/\/fcspartaktrnava.com\/wp-content\/uploads\/2024\/12\/IMG_2462-819x1024.jpeg 819w, https:\/\/fcspartaktrnava.com\/wp-content\/uploads\/2024\/12\/IMG_2462-240x300.jpeg 240w, https:\/\/fcspartaktrnava.com\/wp-content\/uploads\/2024\/12\/IMG_2462-768x960.jpeg 768w, https:\/\/fcspartaktrnava.com\/wp-content\/uploads\/2024\/12\/IMG_2462-10x12.jpeg 10w, https:\/\/fcspartaktrnava.com\/wp-content\/uploads\/2024\/12\/IMG_2462.jpeg 1200w\" sizes=\"auto, (max-width: 819px) 100vw, 819px\" \/><\/figure>\n<\/div>\n\n\n<hr class=\"wp-block-separator has-alpha-channel-opacity\"\/>\n\n\n\n<p class=\"has-text-align-center has-medium-font-size\"><strong>Vid\u00edme sa 14. decembra od 15:30 na \u0160tadi\u00f3ne Antona Malatinsk\u00e9ho. Br\u00e1ny \u0161tadi\u00f3na aj pokladn\u00ed otv\u00e1rame u\u017e tradi\u010dne dve hodiny pred z\u00e1pasom. <\/strong><\/p>\n\n\n\n<p class=\"has-text-align-center has-white-color has-luminous-vivid-amber-to-luminous-vivid-orange-gradient-background has-text-color has-background has-link-color has-medium-font-size wp-elements-68e6911a632d3ca820b145a021793e48\"><strong><a href=\"https:\/\/predpredaj.zoznam.sk\/sk\/listky\/fc-spartak-trnava-fc-kosice-2024-12-14\/\">VSTUPENKY NA KO\u0160ICE<\/a><\/strong><\/p>\n\n\n\n<p class=\"has-text-align-center has-medium-font-size\">Prajeme kr\u00e1sne adventn\u00e9 dni. <\/p>\n\n\n\n<p class=\"has-text-align-center has-medium-font-size\"><strong>PERSISTENCE IN IT! <\/strong><\/p>","protected":false},"excerpt":{"rendered":"<p>Druh\u00e1 adventn\u00e1 nede\u013ea nasved\u010duje, \u017ee sa nezadr\u017eate\u013ene bl\u00ed\u017ei&#8230;<\/p>","protected":false},"author":5,"featured_media":24720,"comment_status":"closed","ping_status":"closed","sticky":false,"template":"","format":"standard","meta":{"footnotes":""},"categories":[12,20],"tags":[],"class_list":["post-24717","post","type-post","status-publish","format-standard","has-post-thumbnail","hentry","category-spravy","category-zapas","post-number-1"],"yoast_head":"<!-- This site is optimized with the Yoast SEO plugin v27.1.1 - https:\/\/yoast.com\/product\/yoast-seo-wordpress\/ -->\n<title>Ukon\u010dime spolo\u010dne rok 2024 vo viano\u010dnej atmosf\u00e9re! - FC Spartak Trnava<\/title>\n<meta name=\"robots\" content=\"index, follow, max-snippet:-1, max-image-preview:large, max-video-preview:-1\" \/>\n<link rel=\"canonical\" href=\"https:\/\/fcspartaktrnava.com\/en\/ukoncime-spolocne-rok-2024-vo-vianocnej-atmosfere\/\" \/>\n<meta name=\"twitter:label1\" content=\"Written by\" \/>\n\t<meta name=\"twitter:data1\" content=\"Samuel \u010eurinsk\u00fd\" \/>\n\t<meta name=\"twitter:label2\" content=\"Estimated reading time\" \/>\n\t<meta name=\"twitter:data2\" content=\"4 minutes\" \/>\n<script type=\"application\/ld+json\" class=\"yoast-schema-graph\">{\"@context\":\"https:\/\/schema.org\",\"@graph\":[{\"@type\":\"Article\",\"@id\":\"https:\/\/fcspartaktrnava.com\/ukoncime-spolocne-rok-2024-vo-vianocnej-atmosfere\/#article\",\"isPartOf\":{\"@id\":\"https:\/\/fcspartaktrnava.com\/ukoncime-spolocne-rok-2024-vo-vianocnej-atmosfere\/\"},\"author\":{\"name\":\"Samuel \u010eurinsk\u00fd\",\"@id\":\"https:\/\/fcspartaktrnava.com\/#\/schema\/person\/62c3c2562c3c56e4c0c8c2342c596ac0\"},\"headline\":\"Ukon\u010dime spolo\u010dne rok 2024 vo viano\u010dnej atmosf\u00e9re!\",\"datePublished\":\"2024-12-08T18:09:51+00:00\",\"dateModified\":\"2024-12-09T09:07:52+00:00\",\"mainEntityOfPage\":{\"@id\":\"https:\/\/fcspartaktrnava.com\/ukoncime-spolocne-rok-2024-vo-vianocnej-atmosfere\/\"},\"wordCount\":672,\"publisher\":{\"@id\":\"https:\/\/fcspartaktrnava.com\/#organization\"},\"image\":{\"@id\":\"https:\/\/fcspartaktrnava.com\/ukoncime-spolocne-rok-2024-vo-vianocnej-atmosfere\/#primaryimage\"},\"thumbnailUrl\":\"https:\/\/fcspartaktrnava.com\/wp-content\/uploads\/2024\/12\/DSC_9598-Enhanced-NR-scaled.jpg\",\"articleSection\":[\"Spr\u00e1vy\",\"Z\u00e1pas\"],\"inLanguage\":\"en-GB\"},{\"@type\":\"WebPage\",\"@id\":\"https:\/\/fcspartaktrnava.com\/ukoncime-spolocne-rok-2024-vo-vianocnej-atmosfere\/\",\"url\":\"https:\/\/fcspartaktrnava.com\/ukoncime-spolocne-rok-2024-vo-vianocnej-atmosfere\/\",\"name\":\"Ukon\u010dime spolo\u010dne rok 2024 vo viano\u010dnej atmosf\u00e9re! - FC Spartak Trnava\",\"isPartOf\":{\"@id\":\"https:\/\/fcspartaktrnava.com\/#website\"},\"primaryImageOfPage\":{\"@id\":\"https:\/\/fcspartaktrnava.com\/ukoncime-spolocne-rok-2024-vo-vianocnej-atmosfere\/#primaryimage\"},\"image\":{\"@id\":\"https:\/\/fcspartaktrnava.com\/ukoncime-spolocne-rok-2024-vo-vianocnej-atmosfere\/#primaryimage\"},\"thumbnailUrl\":\"https:\/\/fcspartaktrnava.com\/wp-content\/uploads\/2024\/12\/DSC_9598-Enhanced-NR-scaled.jpg\",\"datePublished\":\"2024-12-08T18:09:51+00:00\",\"dateModified\":\"2024-12-09T09:07:52+00:00\",\"breadcrumb\":{\"@id\":\"https:\/\/fcspartaktrnava.com\/ukoncime-spolocne-rok-2024-vo-vianocnej-atmosfere\/#breadcrumb\"},\"inLanguage\":\"en-GB\",\"potentialAction\":[{\"@type\":\"ReadAction\",\"target\":[\"https:\/\/fcspartaktrnava.com\/ukoncime-spolocne-rok-2024-vo-vianocnej-atmosfere\/\"]}]},{\"@type\":\"ImageObject\",\"inLanguage\":\"en-GB\",\"@id\":\"https:\/\/fcspartaktrnava.com\/ukoncime-spolocne-rok-2024-vo-vianocnej-atmosfere\/#primaryimage\",\"url\":\"https:\/\/fcspartaktrnava.com\/wp-content\/uploads\/2024\/12\/DSC_9598-Enhanced-NR-scaled.jpg\",\"contentUrl\":\"https:\/\/fcspartaktrnava.com\/wp-content\/uploads\/2024\/12\/DSC_9598-Enhanced-NR-scaled.jpg\",\"width\":2560,\"height\":1709},{\"@type\":\"BreadcrumbList\",\"@id\":\"https:\/\/fcspartaktrnava.com\/ukoncime-spolocne-rok-2024-vo-vianocnej-atmosfere\/#breadcrumb\",\"itemListElement\":[{\"@type\":\"ListItem\",\"position\":1,\"name\":\"Home\",\"item\":\"https:\/\/fcspartaktrnava.com\/\"},{\"@type\":\"ListItem\",\"position\":2,\"name\":\"Ukon\u010dime spolo\u010dne rok 2024 vo viano\u010dnej atmosf\u00e9re!\"}]},{\"@type\":\"WebSite\",\"@id\":\"https:\/\/fcspartaktrnava.com\/#website\",\"url\":\"https:\/\/fcspartaktrnava.com\/\",\"name\":\"FC Spartak Trnava\",\"description\":\"ofici\u00e1lna webstr\u00e1nka futbalov\u00e9ho klubu\",\"publisher\":{\"@id\":\"https:\/\/fcspartaktrnava.com\/#organization\"},\"potentialAction\":[{\"@type\":\"SearchAction\",\"target\":{\"@type\":\"EntryPoint\",\"urlTemplate\":\"https:\/\/fcspartaktrnava.com\/?s={search_term_string}\"},\"query-input\":{\"@type\":\"PropertyValueSpecification\",\"valueRequired\":true,\"valueName\":\"search_term_string\"}}],\"inLanguage\":\"en-GB\"},{\"@type\":\"Organization\",\"@id\":\"https:\/\/fcspartaktrnava.com\/#organization\",\"name\":\"FC Spartak Trnava\",\"alternateName\":\"Spartak\",\"url\":\"https:\/\/fcspartaktrnava.com\/\",\"logo\":{\"@type\":\"ImageObject\",\"inLanguage\":\"en-GB\",\"@id\":\"https:\/\/fcspartaktrnava.com\/#\/schema\/logo\/image\/\",\"url\":\"https:\/\/fcspartaktrnava.com\/wp-content\/uploads\/2022\/08\/cropped-site_logo.png\",\"contentUrl\":\"https:\/\/fcspartaktrnava.com\/wp-content\/uploads\/2022\/08\/cropped-site_logo.png\",\"width\":140,\"height\":140,\"caption\":\"FC Spartak Trnava\"},\"image\":{\"@id\":\"https:\/\/fcspartaktrnava.com\/#\/schema\/logo\/image\/\"},\"sameAs\":[\"https:\/\/www.facebook.com\/SpartakTrnava\",\"https:\/\/x.com\/SpartakTrnava1\",\"https:\/\/www.instagram.com\/spartak_sk\/\"]},{\"@type\":\"Person\",\"@id\":\"https:\/\/fcspartaktrnava.com\/#\/schema\/person\/62c3c2562c3c56e4c0c8c2342c596ac0\",\"name\":\"Samuel \u010eurinsk\u00fd\",\"image\":{\"@type\":\"ImageObject\",\"inLanguage\":\"en-GB\",\"@id\":\"https:\/\/fcspartaktrnava.com\/#\/schema\/person\/image\/\",\"url\":\"https:\/\/secure.gravatar.com\/avatar\/af2fa02af92418b86ed742470664fe40056833fb68d84becf03f6ab02319257c?s=96&d=mm&r=g\",\"contentUrl\":\"https:\/\/secure.gravatar.com\/avatar\/af2fa02af92418b86ed742470664fe40056833fb68d84becf03f6ab02319257c?s=96&d=mm&r=g\",\"caption\":\"Samuel \u010eurinsk\u00fd\"},\"url\":\"https:\/\/fcspartaktrnava.com\/en\/author\/fcst-samuel\/\"}]}<\/script>\n<!-- \/ Yoast SEO plugin. -->","yoast_head_json":{"title":"Ukon\u010dime spolo\u010dne rok 2024 vo viano\u010dnej atmosf\u00e9re! - FC Spartak Trnava","robots":{"index":"index","follow":"follow","max-snippet":"max-snippet:-1","max-image-preview":"max-image-preview:large","max-video-preview":"max-video-preview:-1"},"canonical":"https:\/\/fcspartaktrnava.com\/en\/ukoncime-spolocne-rok-2024-vo-vianocnej-atmosfere\/","twitter_misc":{"Written by":"Samuel \u010eurinsk\u00fd","Estimated reading time":"4 minutes"},"schema":{"@context":"https:\/\/schema.org","@graph":[{"@type":"Article","@id":"https:\/\/fcspartaktrnava.com\/ukoncime-spolocne-rok-2024-vo-vianocnej-atmosfere\/#article","isPartOf":{"@id":"https:\/\/fcspartaktrnava.com\/ukoncime-spolocne-rok-2024-vo-vianocnej-atmosfere\/"},"author":{"name":"Samuel \u010eurinsk\u00fd","@id":"https:\/\/fcspartaktrnava.com\/#\/schema\/person\/62c3c2562c3c56e4c0c8c2342c596ac0"},"headline":"Ukon\u010dime spolo\u010dne rok 2024 vo viano\u010dnej atmosf\u00e9re!","datePublished":"2024-12-08T18:09:51+00:00","dateModified":"2024-12-09T09:07:52+00:00","mainEntityOfPage":{"@id":"https:\/\/fcspartaktrnava.com\/ukoncime-spolocne-rok-2024-vo-vianocnej-atmosfere\/"},"wordCount":672,"publisher":{"@id":"https:\/\/fcspartaktrnava.com\/#organization"},"image":{"@id":"https:\/\/fcspartaktrnava.com\/ukoncime-spolocne-rok-2024-vo-vianocnej-atmosfere\/#primaryimage"},"thumbnailUrl":"https:\/\/fcspartaktrnava.com\/wp-content\/uploads\/2024\/12\/DSC_9598-Enhanced-NR-scaled.jpg","articleSection":["Spr\u00e1vy","Z\u00e1pas"],"inLanguage":"en-GB"},{"@type":"WebPage","@id":"https:\/\/fcspartaktrnava.com\/ukoncime-spolocne-rok-2024-vo-vianocnej-atmosfere\/","url":"https:\/\/fcspartaktrnava.com\/ukoncime-spolocne-rok-2024-vo-vianocnej-atmosfere\/","name":"Ukon\u010dime spolo\u010dne rok 2024 vo viano\u010dnej atmosf\u00e9re! - FC Spartak Trnava","isPartOf":{"@id":"https:\/\/fcspartaktrnava.com\/#website"},"primaryImageOfPage":{"@id":"https:\/\/fcspartaktrnava.com\/ukoncime-spolocne-rok-2024-vo-vianocnej-atmosfere\/#primaryimage"},"image":{"@id":"https:\/\/fcspartaktrnava.com\/ukoncime-spolocne-rok-2024-vo-vianocnej-atmosfere\/#primaryimage"},"thumbnailUrl":"https:\/\/fcspartaktrnava.com\/wp-content\/uploads\/2024\/12\/DSC_9598-Enhanced-NR-scaled.jpg","datePublished":"2024-12-08T18:09:51+00:00","dateModified":"2024-12-09T09:07:52+00:00","breadcrumb":{"@id":"https:\/\/fcspartaktrnava.com\/ukoncime-spolocne-rok-2024-vo-vianocnej-atmosfere\/#breadcrumb"},"inLanguage":"en-GB","potentialAction":[{"@type":"ReadAction","target":["https:\/\/fcspartaktrnava.com\/ukoncime-spolocne-rok-2024-vo-vianocnej-atmosfere\/"]}]},{"@type":"ImageObject","inLanguage":"en-GB","@id":"https:\/\/fcspartaktrnava.com\/ukoncime-spolocne-rok-2024-vo-vianocnej-atmosfere\/#primaryimage","url":"https:\/\/fcspartaktrnava.com\/wp-content\/uploads\/2024\/12\/DSC_9598-Enhanced-NR-scaled.jpg","contentUrl":"https:\/\/fcspartaktrnava.com\/wp-content\/uploads\/2024\/12\/DSC_9598-Enhanced-NR-scaled.jpg","width":2560,"height":1709},{"@type":"BreadcrumbList","@id":"https:\/\/fcspartaktrnava.com\/ukoncime-spolocne-rok-2024-vo-vianocnej-atmosfere\/#breadcrumb","itemListElement":[{"@type":"ListItem","position":1,"name":"Home","item":"https:\/\/fcspartaktrnava.com\/"},{"@type":"ListItem","position":2,"name":"Ukon\u010dime spolo\u010dne rok 2024 vo viano\u010dnej atmosf\u00e9re!"}]},{"@type":"WebSite","@id":"https:\/\/fcspartaktrnava.com\/#website","url":"https:\/\/fcspartaktrnava.com\/","name":"FC Spartak Trnava","description":"ofici\u00e1lna webstr\u00e1nka futbalov\u00e9ho klubu","publisher":{"@id":"https:\/\/fcspartaktrnava.com\/#organization"},"potentialAction":[{"@type":"SearchAction","target":{"@type":"EntryPoint","urlTemplate":"https:\/\/fcspartaktrnava.com\/?s={search_term_string}"},"query-input":{"@type":"PropertyValueSpecification","valueRequired":true,"valueName":"search_term_string"}}],"inLanguage":"en-GB"},{"@type":"Organization","@id":"https:\/\/fcspartaktrnava.com\/#organization","name":"FC Spartak Trnava","alternateName":"Spartak","url":"https:\/\/fcspartaktrnava.com\/","logo":{"@type":"ImageObject","inLanguage":"en-GB","@id":"https:\/\/fcspartaktrnava.com\/#\/schema\/logo\/image\/","url":"https:\/\/fcspartaktrnava.com\/wp-content\/uploads\/2022\/08\/cropped-site_logo.png","contentUrl":"https:\/\/fcspartaktrnava.com\/wp-content\/uploads\/2022\/08\/cropped-site_logo.png","width":140,"height":140,"caption":"FC Spartak Trnava"},"image":{"@id":"https:\/\/fcspartaktrnava.com\/#\/schema\/logo\/image\/"},"sameAs":["https:\/\/www.facebook.com\/SpartakTrnava","https:\/\/x.com\/SpartakTrnava1","https:\/\/www.instagram.com\/spartak_sk\/"]},{"@type":"Person","@id":"https:\/\/fcspartaktrnava.com\/#\/schema\/person\/62c3c2562c3c56e4c0c8c2342c596ac0","name":"Samuel \u010eurinsk\u00fd","image":{"@type":"ImageObject","inLanguage":"en-GB","@id":"https:\/\/fcspartaktrnava.com\/#\/schema\/person\/image\/","url":"https:\/\/secure.gravatar.com\/avatar\/af2fa02af92418b86ed742470664fe40056833fb68d84becf03f6ab02319257c?s=96&d=mm&r=g","contentUrl":"https:\/\/secure.gravatar.com\/avatar\/af2fa02af92418b86ed742470664fe40056833fb68d84becf03f6ab02319257c?s=96&d=mm&r=g","caption":"Samuel \u010eurinsk\u00fd"},"url":"https:\/\/fcspartaktrnava.com\/en\/author\/fcst-samuel\/"}]}},"_links":{"self":[{"href":"https:\/\/fcspartaktrnava.com\/en\/wp-json\/wp\/v2\/posts\/24717","targetHints":{"allow":["GET"]}}],"collection":[{"href":"https:\/\/fcspartaktrnava.com\/en\/wp-json\/wp\/v2\/posts"}],"about":[{"href":"https:\/\/fcspartaktrnava.com\/en\/wp-json\/wp\/v2\/types\/post"}],"author":[{"embeddable":true,"href":"https:\/\/fcspartaktrnava.com\/en\/wp-json\/wp\/v2\/users\/5"}],"replies":[{"embeddable":true,"href":"https:\/\/fcspartaktrnava.com\/en\/wp-json\/wp\/v2\/comments?post=24717"}],"version-history":[{"count":0,"href":"https:\/\/fcspartaktrnava.com\/en\/wp-json\/wp\/v2\/posts\/24717\/revisions"}],"wp:featuredmedia":[{"embeddable":true,"href":"https:\/\/fcspartaktrnava.com\/en\/wp-json\/wp\/v2\/media\/24720"}],"wp:attachment":[{"href":"https:\/\/fcspartaktrnava.com\/en\/wp-json\/wp\/v2\/media?parent=24717"}],"wp:term":[{"taxonomy":"category","embeddable":true,"href":"https:\/\/fcspartaktrnava.com\/en\/wp-json\/wp\/v2\/categories?post=24717"},{"taxonomy":"post_tag","embeddable":true,"href":"https:\/\/fcspartaktrnava.com\/en\/wp-json\/wp\/v2\/tags?post=24717"}],"curies":[{"name":"wp","href":"https:\/\/api.w.org\/{rel}","templated":true}]}}