{"id":24482,"date":"2024-11-29T19:51:54","date_gmt":"2024-11-29T17:51:54","guid":{"rendered":"https:\/\/fcspartaktrnava.com\/?p=24482"},"modified":"2024-11-30T11:14:42","modified_gmt":"2024-11-30T09:14:42","slug":"popoludnie-s-novym-autobusom-vycarilo-fanusikom-usmev","status":"publish","type":"post","link":"https:\/\/fcspartaktrnava.com\/en\/popoludnie-s-novym-autobusom-vycarilo-fanusikom-usmev\/","title":{"rendered":"Meet &amp; greet &#8211; popoludnie s fan\u00fa\u0161ikmi a s nov\u00fdm autobusom"},"content":{"rendered":"<p class=\"has-text-align-center has-medium-font-size\">Piatkov\u00e9 popoludnie patrilo \u0161peci\u00e1lnej a exkluz\u00edvne prvej prezent\u00e1cii n\u00e1\u0161ho nov\u00e9ho klubov\u00e9ho autobusu. Od 12tej do 16tej si ho mohli v\u0161etci fan\u00fa\u0161ikovia u\u017ei\u0165 naplno priamo pri \u0160tadi\u00f3ne Antona Malatinsk\u00e9ho a pozrie\u0165 si aj jeho interi\u00e9r. <\/p>\n\n\n\n<p class=\"has-text-align-center has-medium-font-size\">Nech\u00fdbal predaj \u0161peci\u00e1lneho viano\u010dn\u00e9ho merchu a rovnako ani ponuka tepl\u00fdch n\u00e1pojov. A samozrejme, dobr\u00e1 n\u00e1lada.<\/p>\n\n\n<div class=\"wp-block-image\">\n<figure class=\"aligncenter size-large\"><img loading=\"lazy\" decoding=\"async\" width=\"1024\" height=\"684\" src=\"https:\/\/fcspartaktrnava.com\/wp-content\/uploads\/2024\/11\/DSC_1781-1024x684.jpeg\" alt=\"\" class=\"wp-image-24485\" srcset=\"https:\/\/fcspartaktrnava.com\/wp-content\/uploads\/2024\/11\/DSC_1781-1024x684.jpeg 1024w, https:\/\/fcspartaktrnava.com\/wp-content\/uploads\/2024\/11\/DSC_1781-300x200.jpeg 300w, https:\/\/fcspartaktrnava.com\/wp-content\/uploads\/2024\/11\/DSC_1781-768x513.jpeg 768w, https:\/\/fcspartaktrnava.com\/wp-content\/uploads\/2024\/11\/DSC_1781-1536x1025.jpeg 1536w, https:\/\/fcspartaktrnava.com\/wp-content\/uploads\/2024\/11\/DSC_1781-2048x1367.jpeg 2048w, https:\/\/fcspartaktrnava.com\/wp-content\/uploads\/2024\/11\/DSC_1781-18x12.jpeg 18w\" sizes=\"auto, (max-width: 1024px) 100vw, 1024px\" \/><\/figure>\n<\/div>\n\n\n<figure class=\"wp-block-image size-large\"><img loading=\"lazy\" decoding=\"async\" width=\"1024\" height=\"684\" src=\"https:\/\/fcspartaktrnava.com\/wp-content\/uploads\/2024\/11\/DSC_1535-1024x684.jpeg\" alt=\"\" class=\"wp-image-24484\" srcset=\"https:\/\/fcspartaktrnava.com\/wp-content\/uploads\/2024\/11\/DSC_1535-1024x684.jpeg 1024w, https:\/\/fcspartaktrnava.com\/wp-content\/uploads\/2024\/11\/DSC_1535-300x200.jpeg 300w, https:\/\/fcspartaktrnava.com\/wp-content\/uploads\/2024\/11\/DSC_1535-768x513.jpeg 768w, https:\/\/fcspartaktrnava.com\/wp-content\/uploads\/2024\/11\/DSC_1535-1536x1025.jpeg 1536w, https:\/\/fcspartaktrnava.com\/wp-content\/uploads\/2024\/11\/DSC_1535-2048x1367.jpeg 2048w, https:\/\/fcspartaktrnava.com\/wp-content\/uploads\/2024\/11\/DSC_1535-18x12.jpeg 18w\" sizes=\"auto, (max-width: 1024px) 100vw, 1024px\" \/><\/figure>\n\n\n\n<figure class=\"wp-block-image size-large\"><img loading=\"lazy\" decoding=\"async\" width=\"1024\" height=\"684\" src=\"https:\/\/fcspartaktrnava.com\/wp-content\/uploads\/2024\/11\/DSC_1694-1024x684.jpeg\" alt=\"\" class=\"wp-image-24486\" srcset=\"https:\/\/fcspartaktrnava.com\/wp-content\/uploads\/2024\/11\/DSC_1694-1024x684.jpeg 1024w, https:\/\/fcspartaktrnava.com\/wp-content\/uploads\/2024\/11\/DSC_1694-300x200.jpeg 300w, https:\/\/fcspartaktrnava.com\/wp-content\/uploads\/2024\/11\/DSC_1694-768x513.jpeg 768w, https:\/\/fcspartaktrnava.com\/wp-content\/uploads\/2024\/11\/DSC_1694-1536x1025.jpeg 1536w, https:\/\/fcspartaktrnava.com\/wp-content\/uploads\/2024\/11\/DSC_1694-2048x1367.jpeg 2048w, https:\/\/fcspartaktrnava.com\/wp-content\/uploads\/2024\/11\/DSC_1694-18x12.jpeg 18w\" sizes=\"auto, (max-width: 1024px) 100vw, 1024px\" \/><\/figure>\n\n\n\n<hr class=\"wp-block-separator has-alpha-channel-opacity\"\/>\n\n\n\n<h2 class=\"wp-block-heading has-text-align-center\">MEET AND GREET pre \u010dlenov RODZINY<\/h2>\n\n\n\n<p class=\"has-text-align-center has-medium-font-size\">Sme ve\u013emi radi, \u017ee ste vyu\u017eili t\u00fato mo\u017enos\u0165 a z\u00e1rove\u0148, \u017ee si na\u0161i najvernej\u0161\u00ed fan\u00fa\u0161ikovia a \u010dlenovia<strong> RODZINY<\/strong>, mohli v r\u00e1mci \u010fal\u0161ieho stretnutia <strong>MEET AND GREET <\/strong>vychutna\u0165 aj prehliadku \u0161tadi\u00f3na a okru\u017en\u00fa jazdu po Trnave v na\u0161om novom autobuse.<\/p>\n\n\n<div class=\"wp-block-image\">\n<figure class=\"aligncenter size-large\"><img loading=\"lazy\" decoding=\"async\" width=\"1024\" height=\"684\" src=\"https:\/\/fcspartaktrnava.com\/wp-content\/uploads\/2024\/11\/DSC_1571-Enhanced-NR-1024x684.jpeg\" alt=\"\" class=\"wp-image-24487\" srcset=\"https:\/\/fcspartaktrnava.com\/wp-content\/uploads\/2024\/11\/DSC_1571-Enhanced-NR-1024x684.jpeg 1024w, https:\/\/fcspartaktrnava.com\/wp-content\/uploads\/2024\/11\/DSC_1571-Enhanced-NR-300x200.jpeg 300w, https:\/\/fcspartaktrnava.com\/wp-content\/uploads\/2024\/11\/DSC_1571-Enhanced-NR-768x513.jpeg 768w, https:\/\/fcspartaktrnava.com\/wp-content\/uploads\/2024\/11\/DSC_1571-Enhanced-NR-1536x1025.jpeg 1536w, https:\/\/fcspartaktrnava.com\/wp-content\/uploads\/2024\/11\/DSC_1571-Enhanced-NR-2048x1367.jpeg 2048w, https:\/\/fcspartaktrnava.com\/wp-content\/uploads\/2024\/11\/DSC_1571-Enhanced-NR-18x12.jpeg 18w\" sizes=\"auto, (max-width: 1024px) 100vw, 1024px\" \/><\/figure>\n<\/div>\n\n<div class=\"wp-block-image\">\n<figure class=\"aligncenter size-large is-resized\"><img loading=\"lazy\" decoding=\"async\" width=\"684\" height=\"1024\" src=\"https:\/\/fcspartaktrnava.com\/wp-content\/uploads\/2024\/11\/DSC_1635-684x1024.jpeg\" alt=\"\" class=\"wp-image-24494\" style=\"width:617px;height:auto\" srcset=\"https:\/\/fcspartaktrnava.com\/wp-content\/uploads\/2024\/11\/DSC_1635-684x1024.jpeg 684w, https:\/\/fcspartaktrnava.com\/wp-content\/uploads\/2024\/11\/DSC_1635-200x300.jpeg 200w, https:\/\/fcspartaktrnava.com\/wp-content\/uploads\/2024\/11\/DSC_1635-768x1150.jpeg 768w, https:\/\/fcspartaktrnava.com\/wp-content\/uploads\/2024\/11\/DSC_1635-1025x1536.jpeg 1025w, https:\/\/fcspartaktrnava.com\/wp-content\/uploads\/2024\/11\/DSC_1635-1367x2048.jpeg 1367w, https:\/\/fcspartaktrnava.com\/wp-content\/uploads\/2024\/11\/DSC_1635-8x12.jpeg 8w, https:\/\/fcspartaktrnava.com\/wp-content\/uploads\/2024\/11\/DSC_1635.jpeg 1442w\" sizes=\"auto, (max-width: 684px) 100vw, 684px\" \/><\/figure>\n<\/div>\n\n\n<hr class=\"wp-block-separator has-alpha-channel-opacity\"\/>\n\n\n\n<p class=\"has-text-align-center has-medium-font-size\"><strong>Rob\u00edme to pre v\u00e1s, rob\u00edme to s rados\u0165ou. <\/strong>Preto\u017ee spolu sme <strong>SPARTAK<\/strong> a spolu sme jedna ve\u013ek\u00e1, <strong>\u010derveno-\u010d\u00edrna RODZINA.<\/strong><\/p>\n\n\n\n<p class=\"has-text-align-center has-white-color has-vivid-red-background-color has-text-color has-background has-link-color has-medium-font-size wp-elements-4dd37e1dc2c8a6af767f691fbac4500d\"><strong>Te\u0161\u00edme sa na v\u00e1s pri \u010fal\u0161\u00edch klubov\u00fdch eventoch a u\u017e zajtra na z\u00e1pase proti Skalici. <\/strong><\/p>\n\n\n\n<p class=\"has-text-align-center has-black-color has-white-background-color has-text-color has-background has-link-color has-medium-font-size wp-elements-19187a22b1e679f169fbbfad64597001\"><strong>Pre prv\u00fdch <mark style=\"background-color:rgba(0, 0, 0, 0)\" class=\"has-inline-color has-luminous-vivid-amber-color\">1000<\/mark> n\u00e1v\u0161tevn\u00edkov je pripraven\u00e1 sladk\u00e1 odmena a pre na\u0161ich najmen\u0161\u00edch fan\u00fa\u0161ikov m\u00e1me pripraven\u00fa aj origin\u00e1lnu <mark style=\"background-color:rgba(0, 0, 0, 0)\" class=\"has-inline-color has-luminous-vivid-amber-color\">Pr\u00edru\u010dku Mlad\u00e9ho Andela <\/mark>a rovnako aj sladk\u00fa odmenu, ktor\u00fa dostan\u00fa po\u010das pol\u010dasovej prest\u00e1vky.<\/strong><\/p>\n\n\n\n<p class=\"has-text-align-center has-luminous-vivid-amber-background-color has-background has-medium-font-size\"><strong><a href=\"https:\/\/predpredaj.zoznam.sk\/sk\/listky\/fc-spartak-trnava-mfk-skalica-2024-11-30\/\">Vstupenky s\u00fa st\u00e1le dostupn\u00e9 na PREDPREDAJ.SK<\/a><\/strong><\/p>\n\n\n<div class=\"wp-block-image\">\n<figure class=\"aligncenter size-large\"><img loading=\"lazy\" decoding=\"async\" width=\"1024\" height=\"684\" src=\"https:\/\/fcspartaktrnava.com\/wp-content\/uploads\/2024\/11\/DSC_1765-1024x684.jpeg\" alt=\"\" class=\"wp-image-24489\" srcset=\"https:\/\/fcspartaktrnava.com\/wp-content\/uploads\/2024\/11\/DSC_1765-1024x684.jpeg 1024w, https:\/\/fcspartaktrnava.com\/wp-content\/uploads\/2024\/11\/DSC_1765-300x200.jpeg 300w, https:\/\/fcspartaktrnava.com\/wp-content\/uploads\/2024\/11\/DSC_1765-768x513.jpeg 768w, https:\/\/fcspartaktrnava.com\/wp-content\/uploads\/2024\/11\/DSC_1765-1536x1025.jpeg 1536w, https:\/\/fcspartaktrnava.com\/wp-content\/uploads\/2024\/11\/DSC_1765-2048x1367.jpeg 2048w, https:\/\/fcspartaktrnava.com\/wp-content\/uploads\/2024\/11\/DSC_1765-18x12.jpeg 18w\" sizes=\"auto, (max-width: 1024px) 100vw, 1024px\" \/><\/figure>\n<\/div>\n\n\n<p class=\"has-text-align-center has-large-font-size\"><strong>PERSISTENCE IN IT!<\/strong><\/p>","protected":false},"excerpt":{"rendered":"<p>Piatkov\u00e9 popoludnie patrilo \u0161peci\u00e1lnej a exkluz\u00edvne prvej prezent\u00e1cii&#8230;<\/p>","protected":false},"author":5,"featured_media":24492,"comment_status":"closed","ping_status":"closed","sticky":false,"template":"","format":"standard","meta":{"footnotes":""},"categories":[29,12],"tags":[],"class_list":["post-24482","post","type-post","status-publish","format-standard","has-post-thumbnail","hentry","category-galerie","category-spravy","post-number-1"],"yoast_head":"<!-- This site is optimized with the Yoast SEO plugin v27.1.1 - https:\/\/yoast.com\/product\/yoast-seo-wordpress\/ -->\n<title>Meet &amp; greet - popoludnie s fan\u00fa\u0161ikmi a s nov\u00fdm autobusom - FC Spartak Trnava<\/title>\n<meta name=\"robots\" content=\"index, follow, max-snippet:-1, max-image-preview:large, max-video-preview:-1\" \/>\n<link rel=\"canonical\" href=\"https:\/\/fcspartaktrnava.com\/en\/popoludnie-s-novym-autobusom-vycarilo-fanusikom-usmev\/\" \/>\n<meta name=\"twitter:label1\" content=\"Written by\" \/>\n\t<meta name=\"twitter:data1\" content=\"Samuel \u010eurinsk\u00fd\" \/>\n\t<meta name=\"twitter:label2\" content=\"Estimated reading time\" \/>\n\t<meta name=\"twitter:data2\" content=\"3 minutes\" \/>\n<script type=\"application\/ld+json\" class=\"yoast-schema-graph\">{\"@context\":\"https:\/\/schema.org\",\"@graph\":[{\"@type\":\"Article\",\"@id\":\"https:\/\/fcspartaktrnava.com\/popoludnie-s-novym-autobusom-vycarilo-fanusikom-usmev\/#article\",\"isPartOf\":{\"@id\":\"https:\/\/fcspartaktrnava.com\/popoludnie-s-novym-autobusom-vycarilo-fanusikom-usmev\/\"},\"author\":{\"name\":\"Samuel \u010eurinsk\u00fd\",\"@id\":\"https:\/\/fcspartaktrnava.com\/#\/schema\/person\/62c3c2562c3c56e4c0c8c2342c596ac0\"},\"headline\":\"Meet &amp; greet &#8211; popoludnie s fan\u00fa\u0161ikmi a s nov\u00fdm autobusom\",\"datePublished\":\"2024-11-29T17:51:54+00:00\",\"dateModified\":\"2024-11-30T09:14:42+00:00\",\"mainEntityOfPage\":{\"@id\":\"https:\/\/fcspartaktrnava.com\/popoludnie-s-novym-autobusom-vycarilo-fanusikom-usmev\/\"},\"wordCount\":239,\"publisher\":{\"@id\":\"https:\/\/fcspartaktrnava.com\/#organization\"},\"image\":{\"@id\":\"https:\/\/fcspartaktrnava.com\/popoludnie-s-novym-autobusom-vycarilo-fanusikom-usmev\/#primaryimage\"},\"thumbnailUrl\":\"https:\/\/fcspartaktrnava.com\/wp-content\/uploads\/2024\/11\/DSC_1552-1-scaled.jpeg\",\"articleSection\":[\"Gal\u00e9rie\",\"Spr\u00e1vy\"],\"inLanguage\":\"en-GB\"},{\"@type\":\"WebPage\",\"@id\":\"https:\/\/fcspartaktrnava.com\/popoludnie-s-novym-autobusom-vycarilo-fanusikom-usmev\/\",\"url\":\"https:\/\/fcspartaktrnava.com\/popoludnie-s-novym-autobusom-vycarilo-fanusikom-usmev\/\",\"name\":\"Meet &amp; greet - popoludnie s fan\u00fa\u0161ikmi a s nov\u00fdm autobusom - FC Spartak Trnava\",\"isPartOf\":{\"@id\":\"https:\/\/fcspartaktrnava.com\/#website\"},\"primaryImageOfPage\":{\"@id\":\"https:\/\/fcspartaktrnava.com\/popoludnie-s-novym-autobusom-vycarilo-fanusikom-usmev\/#primaryimage\"},\"image\":{\"@id\":\"https:\/\/fcspartaktrnava.com\/popoludnie-s-novym-autobusom-vycarilo-fanusikom-usmev\/#primaryimage\"},\"thumbnailUrl\":\"https:\/\/fcspartaktrnava.com\/wp-content\/uploads\/2024\/11\/DSC_1552-1-scaled.jpeg\",\"datePublished\":\"2024-11-29T17:51:54+00:00\",\"dateModified\":\"2024-11-30T09:14:42+00:00\",\"breadcrumb\":{\"@id\":\"https:\/\/fcspartaktrnava.com\/popoludnie-s-novym-autobusom-vycarilo-fanusikom-usmev\/#breadcrumb\"},\"inLanguage\":\"en-GB\",\"potentialAction\":[{\"@type\":\"ReadAction\",\"target\":[\"https:\/\/fcspartaktrnava.com\/popoludnie-s-novym-autobusom-vycarilo-fanusikom-usmev\/\"]}]},{\"@type\":\"ImageObject\",\"inLanguage\":\"en-GB\",\"@id\":\"https:\/\/fcspartaktrnava.com\/popoludnie-s-novym-autobusom-vycarilo-fanusikom-usmev\/#primaryimage\",\"url\":\"https:\/\/fcspartaktrnava.com\/wp-content\/uploads\/2024\/11\/DSC_1552-1-scaled.jpeg\",\"contentUrl\":\"https:\/\/fcspartaktrnava.com\/wp-content\/uploads\/2024\/11\/DSC_1552-1-scaled.jpeg\",\"width\":2560,\"height\":1709},{\"@type\":\"BreadcrumbList\",\"@id\":\"https:\/\/fcspartaktrnava.com\/popoludnie-s-novym-autobusom-vycarilo-fanusikom-usmev\/#breadcrumb\",\"itemListElement\":[{\"@type\":\"ListItem\",\"position\":1,\"name\":\"Home\",\"item\":\"https:\/\/fcspartaktrnava.com\/\"},{\"@type\":\"ListItem\",\"position\":2,\"name\":\"Meet &amp; greet &#8211; popoludnie s fan\u00fa\u0161ikmi a s nov\u00fdm autobusom\"}]},{\"@type\":\"WebSite\",\"@id\":\"https:\/\/fcspartaktrnava.com\/#website\",\"url\":\"https:\/\/fcspartaktrnava.com\/\",\"name\":\"FC Spartak Trnava\",\"description\":\"ofici\u00e1lna webstr\u00e1nka futbalov\u00e9ho klubu\",\"publisher\":{\"@id\":\"https:\/\/fcspartaktrnava.com\/#organization\"},\"potentialAction\":[{\"@type\":\"SearchAction\",\"target\":{\"@type\":\"EntryPoint\",\"urlTemplate\":\"https:\/\/fcspartaktrnava.com\/?s={search_term_string}\"},\"query-input\":{\"@type\":\"PropertyValueSpecification\",\"valueRequired\":true,\"valueName\":\"search_term_string\"}}],\"inLanguage\":\"en-GB\"},{\"@type\":\"Organization\",\"@id\":\"https:\/\/fcspartaktrnava.com\/#organization\",\"name\":\"FC Spartak Trnava\",\"alternateName\":\"Spartak\",\"url\":\"https:\/\/fcspartaktrnava.com\/\",\"logo\":{\"@type\":\"ImageObject\",\"inLanguage\":\"en-GB\",\"@id\":\"https:\/\/fcspartaktrnava.com\/#\/schema\/logo\/image\/\",\"url\":\"https:\/\/fcspartaktrnava.com\/wp-content\/uploads\/2022\/08\/cropped-site_logo.png\",\"contentUrl\":\"https:\/\/fcspartaktrnava.com\/wp-content\/uploads\/2022\/08\/cropped-site_logo.png\",\"width\":140,\"height\":140,\"caption\":\"FC Spartak Trnava\"},\"image\":{\"@id\":\"https:\/\/fcspartaktrnava.com\/#\/schema\/logo\/image\/\"},\"sameAs\":[\"https:\/\/www.facebook.com\/SpartakTrnava\",\"https:\/\/x.com\/SpartakTrnava1\",\"https:\/\/www.instagram.com\/spartak_sk\/\"]},{\"@type\":\"Person\",\"@id\":\"https:\/\/fcspartaktrnava.com\/#\/schema\/person\/62c3c2562c3c56e4c0c8c2342c596ac0\",\"name\":\"Samuel \u010eurinsk\u00fd\",\"image\":{\"@type\":\"ImageObject\",\"inLanguage\":\"en-GB\",\"@id\":\"https:\/\/fcspartaktrnava.com\/#\/schema\/person\/image\/\",\"url\":\"https:\/\/secure.gravatar.com\/avatar\/af2fa02af92418b86ed742470664fe40056833fb68d84becf03f6ab02319257c?s=96&d=mm&r=g\",\"contentUrl\":\"https:\/\/secure.gravatar.com\/avatar\/af2fa02af92418b86ed742470664fe40056833fb68d84becf03f6ab02319257c?s=96&d=mm&r=g\",\"caption\":\"Samuel \u010eurinsk\u00fd\"},\"url\":\"https:\/\/fcspartaktrnava.com\/en\/author\/fcst-samuel\/\"}]}<\/script>\n<!-- \/ Yoast SEO plugin. -->","yoast_head_json":{"title":"Meet &amp; greet - popoludnie s fan\u00fa\u0161ikmi a s nov\u00fdm autobusom - FC Spartak Trnava","robots":{"index":"index","follow":"follow","max-snippet":"max-snippet:-1","max-image-preview":"max-image-preview:large","max-video-preview":"max-video-preview:-1"},"canonical":"https:\/\/fcspartaktrnava.com\/en\/popoludnie-s-novym-autobusom-vycarilo-fanusikom-usmev\/","twitter_misc":{"Written by":"Samuel \u010eurinsk\u00fd","Estimated reading time":"3 minutes"},"schema":{"@context":"https:\/\/schema.org","@graph":[{"@type":"Article","@id":"https:\/\/fcspartaktrnava.com\/popoludnie-s-novym-autobusom-vycarilo-fanusikom-usmev\/#article","isPartOf":{"@id":"https:\/\/fcspartaktrnava.com\/popoludnie-s-novym-autobusom-vycarilo-fanusikom-usmev\/"},"author":{"name":"Samuel \u010eurinsk\u00fd","@id":"https:\/\/fcspartaktrnava.com\/#\/schema\/person\/62c3c2562c3c56e4c0c8c2342c596ac0"},"headline":"Meet &amp; greet &#8211; popoludnie s fan\u00fa\u0161ikmi a s nov\u00fdm autobusom","datePublished":"2024-11-29T17:51:54+00:00","dateModified":"2024-11-30T09:14:42+00:00","mainEntityOfPage":{"@id":"https:\/\/fcspartaktrnava.com\/popoludnie-s-novym-autobusom-vycarilo-fanusikom-usmev\/"},"wordCount":239,"publisher":{"@id":"https:\/\/fcspartaktrnava.com\/#organization"},"image":{"@id":"https:\/\/fcspartaktrnava.com\/popoludnie-s-novym-autobusom-vycarilo-fanusikom-usmev\/#primaryimage"},"thumbnailUrl":"https:\/\/fcspartaktrnava.com\/wp-content\/uploads\/2024\/11\/DSC_1552-1-scaled.jpeg","articleSection":["Gal\u00e9rie","Spr\u00e1vy"],"inLanguage":"en-GB"},{"@type":"WebPage","@id":"https:\/\/fcspartaktrnava.com\/popoludnie-s-novym-autobusom-vycarilo-fanusikom-usmev\/","url":"https:\/\/fcspartaktrnava.com\/popoludnie-s-novym-autobusom-vycarilo-fanusikom-usmev\/","name":"Meet &amp; greet - popoludnie s fan\u00fa\u0161ikmi a s nov\u00fdm autobusom - FC Spartak Trnava","isPartOf":{"@id":"https:\/\/fcspartaktrnava.com\/#website"},"primaryImageOfPage":{"@id":"https:\/\/fcspartaktrnava.com\/popoludnie-s-novym-autobusom-vycarilo-fanusikom-usmev\/#primaryimage"},"image":{"@id":"https:\/\/fcspartaktrnava.com\/popoludnie-s-novym-autobusom-vycarilo-fanusikom-usmev\/#primaryimage"},"thumbnailUrl":"https:\/\/fcspartaktrnava.com\/wp-content\/uploads\/2024\/11\/DSC_1552-1-scaled.jpeg","datePublished":"2024-11-29T17:51:54+00:00","dateModified":"2024-11-30T09:14:42+00:00","breadcrumb":{"@id":"https:\/\/fcspartaktrnava.com\/popoludnie-s-novym-autobusom-vycarilo-fanusikom-usmev\/#breadcrumb"},"inLanguage":"en-GB","potentialAction":[{"@type":"ReadAction","target":["https:\/\/fcspartaktrnava.com\/popoludnie-s-novym-autobusom-vycarilo-fanusikom-usmev\/"]}]},{"@type":"ImageObject","inLanguage":"en-GB","@id":"https:\/\/fcspartaktrnava.com\/popoludnie-s-novym-autobusom-vycarilo-fanusikom-usmev\/#primaryimage","url":"https:\/\/fcspartaktrnava.com\/wp-content\/uploads\/2024\/11\/DSC_1552-1-scaled.jpeg","contentUrl":"https:\/\/fcspartaktrnava.com\/wp-content\/uploads\/2024\/11\/DSC_1552-1-scaled.jpeg","width":2560,"height":1709},{"@type":"BreadcrumbList","@id":"https:\/\/fcspartaktrnava.com\/popoludnie-s-novym-autobusom-vycarilo-fanusikom-usmev\/#breadcrumb","itemListElement":[{"@type":"ListItem","position":1,"name":"Home","item":"https:\/\/fcspartaktrnava.com\/"},{"@type":"ListItem","position":2,"name":"Meet &amp; greet &#8211; popoludnie s fan\u00fa\u0161ikmi a s nov\u00fdm autobusom"}]},{"@type":"WebSite","@id":"https:\/\/fcspartaktrnava.com\/#website","url":"https:\/\/fcspartaktrnava.com\/","name":"FC Spartak Trnava","description":"ofici\u00e1lna webstr\u00e1nka futbalov\u00e9ho klubu","publisher":{"@id":"https:\/\/fcspartaktrnava.com\/#organization"},"potentialAction":[{"@type":"SearchAction","target":{"@type":"EntryPoint","urlTemplate":"https:\/\/fcspartaktrnava.com\/?s={search_term_string}"},"query-input":{"@type":"PropertyValueSpecification","valueRequired":true,"valueName":"search_term_string"}}],"inLanguage":"en-GB"},{"@type":"Organization","@id":"https:\/\/fcspartaktrnava.com\/#organization","name":"FC Spartak Trnava","alternateName":"Spartak","url":"https:\/\/fcspartaktrnava.com\/","logo":{"@type":"ImageObject","inLanguage":"en-GB","@id":"https:\/\/fcspartaktrnava.com\/#\/schema\/logo\/image\/","url":"https:\/\/fcspartaktrnava.com\/wp-content\/uploads\/2022\/08\/cropped-site_logo.png","contentUrl":"https:\/\/fcspartaktrnava.com\/wp-content\/uploads\/2022\/08\/cropped-site_logo.png","width":140,"height":140,"caption":"FC Spartak Trnava"},"image":{"@id":"https:\/\/fcspartaktrnava.com\/#\/schema\/logo\/image\/"},"sameAs":["https:\/\/www.facebook.com\/SpartakTrnava","https:\/\/x.com\/SpartakTrnava1","https:\/\/www.instagram.com\/spartak_sk\/"]},{"@type":"Person","@id":"https:\/\/fcspartaktrnava.com\/#\/schema\/person\/62c3c2562c3c56e4c0c8c2342c596ac0","name":"Samuel \u010eurinsk\u00fd","image":{"@type":"ImageObject","inLanguage":"en-GB","@id":"https:\/\/fcspartaktrnava.com\/#\/schema\/person\/image\/","url":"https:\/\/secure.gravatar.com\/avatar\/af2fa02af92418b86ed742470664fe40056833fb68d84becf03f6ab02319257c?s=96&d=mm&r=g","contentUrl":"https:\/\/secure.gravatar.com\/avatar\/af2fa02af92418b86ed742470664fe40056833fb68d84becf03f6ab02319257c?s=96&d=mm&r=g","caption":"Samuel \u010eurinsk\u00fd"},"url":"https:\/\/fcspartaktrnava.com\/en\/author\/fcst-samuel\/"}]}},"_links":{"self":[{"href":"https:\/\/fcspartaktrnava.com\/en\/wp-json\/wp\/v2\/posts\/24482","targetHints":{"allow":["GET"]}}],"collection":[{"href":"https:\/\/fcspartaktrnava.com\/en\/wp-json\/wp\/v2\/posts"}],"about":[{"href":"https:\/\/fcspartaktrnava.com\/en\/wp-json\/wp\/v2\/types\/post"}],"author":[{"embeddable":true,"href":"https:\/\/fcspartaktrnava.com\/en\/wp-json\/wp\/v2\/users\/5"}],"replies":[{"embeddable":true,"href":"https:\/\/fcspartaktrnava.com\/en\/wp-json\/wp\/v2\/comments?post=24482"}],"version-history":[{"count":0,"href":"https:\/\/fcspartaktrnava.com\/en\/wp-json\/wp\/v2\/posts\/24482\/revisions"}],"wp:featuredmedia":[{"embeddable":true,"href":"https:\/\/fcspartaktrnava.com\/en\/wp-json\/wp\/v2\/media\/24492"}],"wp:attachment":[{"href":"https:\/\/fcspartaktrnava.com\/en\/wp-json\/wp\/v2\/media?parent=24482"}],"wp:term":[{"taxonomy":"category","embeddable":true,"href":"https:\/\/fcspartaktrnava.com\/en\/wp-json\/wp\/v2\/categories?post=24482"},{"taxonomy":"post_tag","embeddable":true,"href":"https:\/\/fcspartaktrnava.com\/en\/wp-json\/wp\/v2\/tags?post=24482"}],"curies":[{"name":"wp","href":"https:\/\/api.w.org\/{rel}","templated":true}]}}