{"id":24474,"date":"2024-11-29T11:25:14","date_gmt":"2024-11-29T09:25:14","guid":{"rendered":"https:\/\/fcspartaktrnava.com\/?p=24474"},"modified":"2024-11-29T11:25:15","modified_gmt":"2024-11-29T09:25:15","slug":"proti-skalici-o-tri-body-do-tabulky","status":"publish","type":"post","link":"https:\/\/fcspartaktrnava.com\/en\/proti-skalici-o-tri-body-do-tabulky\/","title":{"rendered":"Proti Skalici o tri body do tabu\u013eky"},"content":{"rendered":"<p class=\"has-text-align-center has-medium-font-size\">Predposledn\u00fd dom\u00e1ci duel jesennej \u010dasti pre n\u00e1\u0161 A-t\u00edm je na programe u\u017e v sobotu popoludn\u00ed. S v\u00fdkopom od 15:30 priv\u00edtame 11. t\u00edm Nik\u00e9 ligy &#8211; MFK Skalica. <\/p>\n\n\n\n<p class=\"has-text-align-center has-medium-font-size\">S v\u00fdrazne pozit\u00edvnou z\u00e1pasovou bilanciou budeme chcie\u0165 da\u0165 zabudn\u00fa\u0165 na prehru proti \u017diline a by\u0165 najm\u00e4 efekt\u00edvni v koncovke. <\/p>\n\n\n\n<p class=\"has-text-align-center has-luminous-vivid-amber-background-color has-background has-medium-font-size\"><strong><a href=\"https:\/\/predpredaj.zoznam.sk\/sk\/listky\/fc-spartak-trnava-mfk-skalica-2024-11-30\/\">Vyber si svoje miesto na z\u00e1pas proti Skalici u\u017e teraz na predpredaj.sk<\/a><\/strong><\/p>\n\n\n\n<h2 class=\"wp-block-heading has-text-align-center\">Chceme nadviaza\u0165 na v\u00ed\u0165azn\u00e9 z\u00e1pasy<\/h2>\n\n\n\n<p class=\"has-text-align-center has-medium-font-size\">Tr\u00e9ner Michal Ga\u0161par\u00edk chce op\u00e4\u0165 na\u0161tartova\u0165 ofenz\u00edvne motory a zastabilizova\u0165 defenz\u00edvu.<\/p>\n\n\n\n<p class=\"has-text-align-center has-medium-font-size\"><strong>&#8222;Skalica je mu\u017estvo, proti ktor\u00e9mu sa n\u00e1m dar\u00ed, a bolo by fajn, ak by sme to pred\u013a\u017eili podobne ako s Podbrezovou. Posledn\u00fd z\u00e1pas sme prehrali a budeme chcie\u0165 nadviaza\u0165 na to, \u010do sme mali predt\u00fdm, \u017ee sme dok\u00e1zali z\u00e1pasy vyhr\u00e1va\u0165. To bude n\u00e1\u0161 prvorad\u00fd cie\u013e. Ver\u00edm, \u017ee sa n\u00e1m bude dari\u0165 viac aj v ofenz\u00edve. V prvom rade ofenz\u00edva a chceme sa zlep\u0161i\u0165 v defenz\u00edve, preto\u017ee na m\u00f4j vkus dost\u00e1vame ve\u013ea g\u00f3lov a mus\u00edme to zastabilizova\u0165. K tomu n\u00e1m pom\u00f4\u017eu aj hr\u00e1\u010di, ktor\u00ed sa u\u017e uzdravili a prakticky cel\u00e9 mu\u017estvo u\u017e je fit.&#8220;<\/strong><\/p>\n\n\n<div class=\"wp-block-image\">\n<figure class=\"aligncenter size-full\"><img loading=\"lazy\" decoding=\"async\" width=\"1024\" height=\"683\" src=\"https:\/\/fcspartaktrnava.com\/wp-content\/uploads\/2024\/11\/MSK-Zilina-vs.-FC-Spartak-Trnava-23.11.2024-1024px-179.jpg\" alt=\"\" class=\"wp-image-24403\" srcset=\"https:\/\/fcspartaktrnava.com\/wp-content\/uploads\/2024\/11\/MSK-Zilina-vs.-FC-Spartak-Trnava-23.11.2024-1024px-179.jpg 1024w, https:\/\/fcspartaktrnava.com\/wp-content\/uploads\/2024\/11\/MSK-Zilina-vs.-FC-Spartak-Trnava-23.11.2024-1024px-179-300x200.jpg 300w, https:\/\/fcspartaktrnava.com\/wp-content\/uploads\/2024\/11\/MSK-Zilina-vs.-FC-Spartak-Trnava-23.11.2024-1024px-179-768x512.jpg 768w, https:\/\/fcspartaktrnava.com\/wp-content\/uploads\/2024\/11\/MSK-Zilina-vs.-FC-Spartak-Trnava-23.11.2024-1024px-179-18x12.jpg 18w\" sizes=\"auto, (max-width: 1024px) 100vw, 1024px\" \/><\/figure>\n<\/div>\n\n\n<hr class=\"wp-block-separator has-alpha-channel-opacity\"\/>\n\n\n\n<h3 class=\"wp-block-heading has-text-align-center\">N\u00e1lada v t\u00edme je dobr\u00e1, po prehre je prirodzen\u00e9, ak padn\u00fa aj tvrd\u0161ie slov\u00e1<\/h3>\n\n\n\n<p class=\"has-text-align-center\">Do konca jesennej \u010dasti n\u00e1m zost\u00e1vaj\u00fa u\u017e len tri z\u00e1pasy a v hre je e\u0161te <strong>9 <\/strong>d\u00f4le\u017eit\u00fdch bodov. <\/p>\n\n\n\n<p class=\"has-text-align-center has-medium-font-size\"><strong>&#8222;N\u00e1lada je v poriadku. Povedali sme si veci, ktor\u00e9 neboli dobr\u00e9. To s\u00fa norm\u00e1lne veci, \u017ee padaj\u00fa aj tvrd\u0161ie slov\u00e1 po prehratom z\u00e1pase. Pozit\u00edvne sa s\u00fastred\u00edme na to, aby sme zvl\u00e1dli z\u00e1ver jesene. M\u00e1me op\u00e4\u0165 \u0161\u00edrku k\u00e1dra a m\u00f4\u017eeme vybra\u0165 z taktick\u00e9ho h\u013eadiska najlep\u0161\u00edch hr\u00e1\u010dov, ktor\u00ed bud\u00fa pasova\u0165 do z\u00e1pasov a ver\u00edm, \u017ee sa n\u00e1m bude dari\u0165.&#8220;<\/strong><\/p>\n\n\n\n<p class=\"has-text-align-center has-luminous-vivid-amber-background-color has-background has-medium-font-size\"><strong><a href=\"https:\/\/predpredaj.zoznam.sk\/sk\/listky\/fc-spartak-trnava-mfk-skalica-2024-11-30\/\">Vyber si svoje miesto na z\u00e1pas proti Skalici u\u017e teraz na predpredaj.sk<\/a><\/strong><\/p>\n\n\n\n<hr class=\"wp-block-separator has-alpha-channel-opacity\"\/>\n\n\n\n<p class=\"has-text-align-center has-medium-font-size\"><strong>Ako si tr\u00e9ner Ga\u0161par\u00edk spom\u00edna na p\u00f4sobenie v Skalici a na g\u00f3ly, ktor\u00e9 strelil ako hr\u00e1\u010d proti Spartaku sa dozviete vo videu na na\u0161om YouTube.<\/strong><\/p>\n\n\n\n<figure class=\"wp-block-embed aligncenter is-type-video is-provider-youtube wp-block-embed-youtube wp-embed-aspect-16-9 wp-has-aspect-ratio\"><div class=\"wp-block-embed__wrapper\">\n<iframe loading=\"lazy\" title=\"Michal Ga\u0161par\u00edk pred Skalicou\" width=\"500\" height=\"281\" src=\"https:\/\/www.youtube.com\/embed\/WQoeaLvS_hQ?feature=oembed\" frameborder=\"0\" allow=\"accelerometer; autoplay; clipboard-write; encrypted-media; gyroscope; picture-in-picture; web-share\" referrerpolicy=\"strict-origin-when-cross-origin\" allowfullscreen><\/iframe>\n<\/div><\/figure>\n\n\n\n<hr class=\"wp-block-separator has-alpha-channel-opacity\"\/>\n\n\n\n<p class=\"has-text-align-center has-black-color has-white-background-color has-text-color has-background has-link-color has-medium-font-size wp-elements-9e850e5bfde65f4bc76d80cdd05d23a2\"><strong>\u0160peci\u00e1lny viano\u010dn\u00fd merch ale aj \u010fal\u0161ie spartakovsk\u00e9 produkty nakupujte pohodlne online na <a href=\"https:\/\/fcstore.sk\/\">FCSTORE.sk<\/a> alebo priamo v na\u0161om fanshope FCSTORE. <\/strong><\/p>\n\n\n\n<p class=\"has-text-align-center has-black-color has-white-background-color has-text-color has-background has-link-color has-medium-font-size wp-elements-db16ac7f7b8f75e00fec796593e15846\"><strong>N\u00e1\u0161 fanshop &#8211; FCSTORE, bude od 1. a\u017e do 23. decembra otvoren\u00fd ka\u017ed\u00fd de\u0148 do 18:00!<\/strong><\/p>\n\n\n\n<p class=\"has-text-align-center has-black-color has-white-background-color has-text-color has-background has-link-color has-medium-font-size wp-elements-3082093991db6e15fdca7f32a75ade46\">Preto\u017ee Vianoce s FCSTORE a so Spartakom bud\u00fa bohat\u0161ie, ako kedyko\u013evek predt\u00fdm. <\/p>\n\n\n\n<p class=\"has-text-align-center has-white-background-color has-background has-medium-font-size\"><a href=\"https:\/\/fcstore.sk\/kategoria\/suveniry\/darcekove-poukazky\/\"><mark style=\"background-color:rgba(0, 0, 0, 0)\" class=\"has-inline-color has-luminous-vivid-amber-color\">V ponuke aj origin\u00e1lne dar\u010dekov\u00e9 poukazy<\/mark> <mark style=\"background-color:rgba(0, 0, 0, 0)\" class=\"has-inline-color has-black-color\">u\u017e od 25 EUR.<\/mark><\/a><\/p>\n\n\n<div class=\"wp-block-image\">\n<figure class=\"aligncenter size-large\"><a href=\"https:\/\/fcstore.sk\/\"><img loading=\"lazy\" decoding=\"async\" width=\"1024\" height=\"684\" src=\"https:\/\/fcspartaktrnava.com\/wp-content\/uploads\/2024\/11\/DSC_9153-Enhanced-NR-1024x684.jpg\" alt=\"\" class=\"wp-image-24475\" srcset=\"https:\/\/fcspartaktrnava.com\/wp-content\/uploads\/2024\/11\/DSC_9153-Enhanced-NR-1024x684.jpg 1024w, https:\/\/fcspartaktrnava.com\/wp-content\/uploads\/2024\/11\/DSC_9153-Enhanced-NR-300x200.jpg 300w, https:\/\/fcspartaktrnava.com\/wp-content\/uploads\/2024\/11\/DSC_9153-Enhanced-NR-768x513.jpg 768w, https:\/\/fcspartaktrnava.com\/wp-content\/uploads\/2024\/11\/DSC_9153-Enhanced-NR-1536x1025.jpg 1536w, https:\/\/fcspartaktrnava.com\/wp-content\/uploads\/2024\/11\/DSC_9153-Enhanced-NR-2048x1367.jpg 2048w, https:\/\/fcspartaktrnava.com\/wp-content\/uploads\/2024\/11\/DSC_9153-Enhanced-NR-18x12.jpg 18w\" sizes=\"auto, (max-width: 1024px) 100vw, 1024px\" \/><\/a><\/figure>\n<\/div>\n\n\n<hr class=\"wp-block-separator has-text-color has-vivid-red-color has-alpha-channel-opacity has-vivid-red-background-color has-background is-style-dots\"\/>\n\n\n\n<p class=\"has-text-align-center has-medium-font-size\"><strong>Te\u0161\u00edme sa na v\u00e1s u\u017e zajtra na \u0160tadi\u00f3ne Antona Malatinsk\u00e9ho! <\/strong><\/p>\n\n\n\n<p class=\"has-text-align-center has-medium-font-size\"><strong>PERSISTENCE IN IT!<\/strong><\/p>","protected":false},"excerpt":{"rendered":"<p>Predposledn\u00fd dom\u00e1ci duel jesennej \u010dasti pre n\u00e1\u0161 A-t\u00edm&#8230;<\/p>","protected":false},"author":5,"featured_media":23937,"comment_status":"closed","ping_status":"closed","sticky":false,"template":"","format":"standard","meta":{"footnotes":""},"categories":[94,12,20],"tags":[],"class_list":["post-24474","post","type-post","status-publish","format-standard","has-post-thumbnail","hentry","category-preview","category-spravy","category-zapas","post-number-1"],"yoast_head":"<!-- This site is optimized with the Yoast SEO plugin v27.1.1 - https:\/\/yoast.com\/product\/yoast-seo-wordpress\/ -->\n<title>Proti Skalici o tri body do tabu\u013eky - FC Spartak Trnava<\/title>\n<meta name=\"robots\" content=\"index, follow, max-snippet:-1, max-image-preview:large, max-video-preview:-1\" \/>\n<link rel=\"canonical\" href=\"https:\/\/fcspartaktrnava.com\/en\/proti-skalici-o-tri-body-do-tabulky\/\" \/>\n<meta name=\"twitter:label1\" content=\"Written by\" \/>\n\t<meta name=\"twitter:data1\" content=\"Samuel \u010eurinsk\u00fd\" \/>\n\t<meta name=\"twitter:label2\" content=\"Estimated reading time\" \/>\n\t<meta name=\"twitter:data2\" content=\"3 minutes\" \/>\n<script type=\"application\/ld+json\" class=\"yoast-schema-graph\">{\"@context\":\"https:\/\/schema.org\",\"@graph\":[{\"@type\":\"Article\",\"@id\":\"https:\/\/fcspartaktrnava.com\/proti-skalici-o-tri-body-do-tabulky\/#article\",\"isPartOf\":{\"@id\":\"https:\/\/fcspartaktrnava.com\/proti-skalici-o-tri-body-do-tabulky\/\"},\"author\":{\"name\":\"Samuel \u010eurinsk\u00fd\",\"@id\":\"https:\/\/fcspartaktrnava.com\/#\/schema\/person\/62c3c2562c3c56e4c0c8c2342c596ac0\"},\"headline\":\"Proti Skalici o tri body do tabu\u013eky\",\"datePublished\":\"2024-11-29T09:25:14+00:00\",\"dateModified\":\"2024-11-29T09:25:15+00:00\",\"mainEntityOfPage\":{\"@id\":\"https:\/\/fcspartaktrnava.com\/proti-skalici-o-tri-body-do-tabulky\/\"},\"wordCount\":470,\"publisher\":{\"@id\":\"https:\/\/fcspartaktrnava.com\/#organization\"},\"image\":{\"@id\":\"https:\/\/fcspartaktrnava.com\/proti-skalici-o-tri-body-do-tabulky\/#primaryimage\"},\"thumbnailUrl\":\"https:\/\/fcspartaktrnava.com\/wp-content\/uploads\/2024\/11\/DSC_7705-Enhanced-NR-scaled.jpg\",\"articleSection\":[\"preview\",\"Spr\u00e1vy\",\"Z\u00e1pas\"],\"inLanguage\":\"en-GB\"},{\"@type\":\"WebPage\",\"@id\":\"https:\/\/fcspartaktrnava.com\/proti-skalici-o-tri-body-do-tabulky\/\",\"url\":\"https:\/\/fcspartaktrnava.com\/proti-skalici-o-tri-body-do-tabulky\/\",\"name\":\"Proti Skalici o tri body do tabu\u013eky - FC Spartak Trnava\",\"isPartOf\":{\"@id\":\"https:\/\/fcspartaktrnava.com\/#website\"},\"primaryImageOfPage\":{\"@id\":\"https:\/\/fcspartaktrnava.com\/proti-skalici-o-tri-body-do-tabulky\/#primaryimage\"},\"image\":{\"@id\":\"https:\/\/fcspartaktrnava.com\/proti-skalici-o-tri-body-do-tabulky\/#primaryimage\"},\"thumbnailUrl\":\"https:\/\/fcspartaktrnava.com\/wp-content\/uploads\/2024\/11\/DSC_7705-Enhanced-NR-scaled.jpg\",\"datePublished\":\"2024-11-29T09:25:14+00:00\",\"dateModified\":\"2024-11-29T09:25:15+00:00\",\"breadcrumb\":{\"@id\":\"https:\/\/fcspartaktrnava.com\/proti-skalici-o-tri-body-do-tabulky\/#breadcrumb\"},\"inLanguage\":\"en-GB\",\"potentialAction\":[{\"@type\":\"ReadAction\",\"target\":[\"https:\/\/fcspartaktrnava.com\/proti-skalici-o-tri-body-do-tabulky\/\"]}]},{\"@type\":\"ImageObject\",\"inLanguage\":\"en-GB\",\"@id\":\"https:\/\/fcspartaktrnava.com\/proti-skalici-o-tri-body-do-tabulky\/#primaryimage\",\"url\":\"https:\/\/fcspartaktrnava.com\/wp-content\/uploads\/2024\/11\/DSC_7705-Enhanced-NR-scaled.jpg\",\"contentUrl\":\"https:\/\/fcspartaktrnava.com\/wp-content\/uploads\/2024\/11\/DSC_7705-Enhanced-NR-scaled.jpg\",\"width\":2560,\"height\":1709},{\"@type\":\"BreadcrumbList\",\"@id\":\"https:\/\/fcspartaktrnava.com\/proti-skalici-o-tri-body-do-tabulky\/#breadcrumb\",\"itemListElement\":[{\"@type\":\"ListItem\",\"position\":1,\"name\":\"Home\",\"item\":\"https:\/\/fcspartaktrnava.com\/\"},{\"@type\":\"ListItem\",\"position\":2,\"name\":\"Proti Skalici o tri body do tabu\u013eky\"}]},{\"@type\":\"WebSite\",\"@id\":\"https:\/\/fcspartaktrnava.com\/#website\",\"url\":\"https:\/\/fcspartaktrnava.com\/\",\"name\":\"FC Spartak Trnava\",\"description\":\"ofici\u00e1lna webstr\u00e1nka futbalov\u00e9ho klubu\",\"publisher\":{\"@id\":\"https:\/\/fcspartaktrnava.com\/#organization\"},\"potentialAction\":[{\"@type\":\"SearchAction\",\"target\":{\"@type\":\"EntryPoint\",\"urlTemplate\":\"https:\/\/fcspartaktrnava.com\/?s={search_term_string}\"},\"query-input\":{\"@type\":\"PropertyValueSpecification\",\"valueRequired\":true,\"valueName\":\"search_term_string\"}}],\"inLanguage\":\"en-GB\"},{\"@type\":\"Organization\",\"@id\":\"https:\/\/fcspartaktrnava.com\/#organization\",\"name\":\"FC Spartak Trnava\",\"alternateName\":\"Spartak\",\"url\":\"https:\/\/fcspartaktrnava.com\/\",\"logo\":{\"@type\":\"ImageObject\",\"inLanguage\":\"en-GB\",\"@id\":\"https:\/\/fcspartaktrnava.com\/#\/schema\/logo\/image\/\",\"url\":\"https:\/\/fcspartaktrnava.com\/wp-content\/uploads\/2022\/08\/cropped-site_logo.png\",\"contentUrl\":\"https:\/\/fcspartaktrnava.com\/wp-content\/uploads\/2022\/08\/cropped-site_logo.png\",\"width\":140,\"height\":140,\"caption\":\"FC Spartak Trnava\"},\"image\":{\"@id\":\"https:\/\/fcspartaktrnava.com\/#\/schema\/logo\/image\/\"},\"sameAs\":[\"https:\/\/www.facebook.com\/SpartakTrnava\",\"https:\/\/x.com\/SpartakTrnava1\",\"https:\/\/www.instagram.com\/spartak_sk\/\"]},{\"@type\":\"Person\",\"@id\":\"https:\/\/fcspartaktrnava.com\/#\/schema\/person\/62c3c2562c3c56e4c0c8c2342c596ac0\",\"name\":\"Samuel \u010eurinsk\u00fd\",\"image\":{\"@type\":\"ImageObject\",\"inLanguage\":\"en-GB\",\"@id\":\"https:\/\/fcspartaktrnava.com\/#\/schema\/person\/image\/\",\"url\":\"https:\/\/secure.gravatar.com\/avatar\/af2fa02af92418b86ed742470664fe40056833fb68d84becf03f6ab02319257c?s=96&d=mm&r=g\",\"contentUrl\":\"https:\/\/secure.gravatar.com\/avatar\/af2fa02af92418b86ed742470664fe40056833fb68d84becf03f6ab02319257c?s=96&d=mm&r=g\",\"caption\":\"Samuel \u010eurinsk\u00fd\"},\"url\":\"https:\/\/fcspartaktrnava.com\/en\/author\/fcst-samuel\/\"}]}<\/script>\n<!-- \/ Yoast SEO plugin. -->","yoast_head_json":{"title":"Proti Skalici o tri body do tabu\u013eky - FC Spartak Trnava","robots":{"index":"index","follow":"follow","max-snippet":"max-snippet:-1","max-image-preview":"max-image-preview:large","max-video-preview":"max-video-preview:-1"},"canonical":"https:\/\/fcspartaktrnava.com\/en\/proti-skalici-o-tri-body-do-tabulky\/","twitter_misc":{"Written by":"Samuel \u010eurinsk\u00fd","Estimated reading time":"3 minutes"},"schema":{"@context":"https:\/\/schema.org","@graph":[{"@type":"Article","@id":"https:\/\/fcspartaktrnava.com\/proti-skalici-o-tri-body-do-tabulky\/#article","isPartOf":{"@id":"https:\/\/fcspartaktrnava.com\/proti-skalici-o-tri-body-do-tabulky\/"},"author":{"name":"Samuel \u010eurinsk\u00fd","@id":"https:\/\/fcspartaktrnava.com\/#\/schema\/person\/62c3c2562c3c56e4c0c8c2342c596ac0"},"headline":"Proti Skalici o tri body do tabu\u013eky","datePublished":"2024-11-29T09:25:14+00:00","dateModified":"2024-11-29T09:25:15+00:00","mainEntityOfPage":{"@id":"https:\/\/fcspartaktrnava.com\/proti-skalici-o-tri-body-do-tabulky\/"},"wordCount":470,"publisher":{"@id":"https:\/\/fcspartaktrnava.com\/#organization"},"image":{"@id":"https:\/\/fcspartaktrnava.com\/proti-skalici-o-tri-body-do-tabulky\/#primaryimage"},"thumbnailUrl":"https:\/\/fcspartaktrnava.com\/wp-content\/uploads\/2024\/11\/DSC_7705-Enhanced-NR-scaled.jpg","articleSection":["preview","Spr\u00e1vy","Z\u00e1pas"],"inLanguage":"en-GB"},{"@type":"WebPage","@id":"https:\/\/fcspartaktrnava.com\/proti-skalici-o-tri-body-do-tabulky\/","url":"https:\/\/fcspartaktrnava.com\/proti-skalici-o-tri-body-do-tabulky\/","name":"Proti Skalici o tri body do tabu\u013eky - FC Spartak Trnava","isPartOf":{"@id":"https:\/\/fcspartaktrnava.com\/#website"},"primaryImageOfPage":{"@id":"https:\/\/fcspartaktrnava.com\/proti-skalici-o-tri-body-do-tabulky\/#primaryimage"},"image":{"@id":"https:\/\/fcspartaktrnava.com\/proti-skalici-o-tri-body-do-tabulky\/#primaryimage"},"thumbnailUrl":"https:\/\/fcspartaktrnava.com\/wp-content\/uploads\/2024\/11\/DSC_7705-Enhanced-NR-scaled.jpg","datePublished":"2024-11-29T09:25:14+00:00","dateModified":"2024-11-29T09:25:15+00:00","breadcrumb":{"@id":"https:\/\/fcspartaktrnava.com\/proti-skalici-o-tri-body-do-tabulky\/#breadcrumb"},"inLanguage":"en-GB","potentialAction":[{"@type":"ReadAction","target":["https:\/\/fcspartaktrnava.com\/proti-skalici-o-tri-body-do-tabulky\/"]}]},{"@type":"ImageObject","inLanguage":"en-GB","@id":"https:\/\/fcspartaktrnava.com\/proti-skalici-o-tri-body-do-tabulky\/#primaryimage","url":"https:\/\/fcspartaktrnava.com\/wp-content\/uploads\/2024\/11\/DSC_7705-Enhanced-NR-scaled.jpg","contentUrl":"https:\/\/fcspartaktrnava.com\/wp-content\/uploads\/2024\/11\/DSC_7705-Enhanced-NR-scaled.jpg","width":2560,"height":1709},{"@type":"BreadcrumbList","@id":"https:\/\/fcspartaktrnava.com\/proti-skalici-o-tri-body-do-tabulky\/#breadcrumb","itemListElement":[{"@type":"ListItem","position":1,"name":"Home","item":"https:\/\/fcspartaktrnava.com\/"},{"@type":"ListItem","position":2,"name":"Proti Skalici o tri body do tabu\u013eky"}]},{"@type":"WebSite","@id":"https:\/\/fcspartaktrnava.com\/#website","url":"https:\/\/fcspartaktrnava.com\/","name":"FC Spartak Trnava","description":"ofici\u00e1lna webstr\u00e1nka futbalov\u00e9ho klubu","publisher":{"@id":"https:\/\/fcspartaktrnava.com\/#organization"},"potentialAction":[{"@type":"SearchAction","target":{"@type":"EntryPoint","urlTemplate":"https:\/\/fcspartaktrnava.com\/?s={search_term_string}"},"query-input":{"@type":"PropertyValueSpecification","valueRequired":true,"valueName":"search_term_string"}}],"inLanguage":"en-GB"},{"@type":"Organization","@id":"https:\/\/fcspartaktrnava.com\/#organization","name":"FC Spartak Trnava","alternateName":"Spartak","url":"https:\/\/fcspartaktrnava.com\/","logo":{"@type":"ImageObject","inLanguage":"en-GB","@id":"https:\/\/fcspartaktrnava.com\/#\/schema\/logo\/image\/","url":"https:\/\/fcspartaktrnava.com\/wp-content\/uploads\/2022\/08\/cropped-site_logo.png","contentUrl":"https:\/\/fcspartaktrnava.com\/wp-content\/uploads\/2022\/08\/cropped-site_logo.png","width":140,"height":140,"caption":"FC Spartak Trnava"},"image":{"@id":"https:\/\/fcspartaktrnava.com\/#\/schema\/logo\/image\/"},"sameAs":["https:\/\/www.facebook.com\/SpartakTrnava","https:\/\/x.com\/SpartakTrnava1","https:\/\/www.instagram.com\/spartak_sk\/"]},{"@type":"Person","@id":"https:\/\/fcspartaktrnava.com\/#\/schema\/person\/62c3c2562c3c56e4c0c8c2342c596ac0","name":"Samuel \u010eurinsk\u00fd","image":{"@type":"ImageObject","inLanguage":"en-GB","@id":"https:\/\/fcspartaktrnava.com\/#\/schema\/person\/image\/","url":"https:\/\/secure.gravatar.com\/avatar\/af2fa02af92418b86ed742470664fe40056833fb68d84becf03f6ab02319257c?s=96&d=mm&r=g","contentUrl":"https:\/\/secure.gravatar.com\/avatar\/af2fa02af92418b86ed742470664fe40056833fb68d84becf03f6ab02319257c?s=96&d=mm&r=g","caption":"Samuel \u010eurinsk\u00fd"},"url":"https:\/\/fcspartaktrnava.com\/en\/author\/fcst-samuel\/"}]}},"_links":{"self":[{"href":"https:\/\/fcspartaktrnava.com\/en\/wp-json\/wp\/v2\/posts\/24474","targetHints":{"allow":["GET"]}}],"collection":[{"href":"https:\/\/fcspartaktrnava.com\/en\/wp-json\/wp\/v2\/posts"}],"about":[{"href":"https:\/\/fcspartaktrnava.com\/en\/wp-json\/wp\/v2\/types\/post"}],"author":[{"embeddable":true,"href":"https:\/\/fcspartaktrnava.com\/en\/wp-json\/wp\/v2\/users\/5"}],"replies":[{"embeddable":true,"href":"https:\/\/fcspartaktrnava.com\/en\/wp-json\/wp\/v2\/comments?post=24474"}],"version-history":[{"count":0,"href":"https:\/\/fcspartaktrnava.com\/en\/wp-json\/wp\/v2\/posts\/24474\/revisions"}],"wp:featuredmedia":[{"embeddable":true,"href":"https:\/\/fcspartaktrnava.com\/en\/wp-json\/wp\/v2\/media\/23937"}],"wp:attachment":[{"href":"https:\/\/fcspartaktrnava.com\/en\/wp-json\/wp\/v2\/media?parent=24474"}],"wp:term":[{"taxonomy":"category","embeddable":true,"href":"https:\/\/fcspartaktrnava.com\/en\/wp-json\/wp\/v2\/categories?post=24474"},{"taxonomy":"post_tag","embeddable":true,"href":"https:\/\/fcspartaktrnava.com\/en\/wp-json\/wp\/v2\/tags?post=24474"}],"curies":[{"name":"wp","href":"https:\/\/api.w.org\/{rel}","templated":true}]}}