{"id":24464,"date":"2024-11-26T14:46:53","date_gmt":"2024-11-26T12:46:53","guid":{"rendered":"https:\/\/fcspartaktrnava.com\/?p=24464"},"modified":"2024-11-26T14:46:54","modified_gmt":"2024-11-26T12:46:54","slug":"otvoreny-trening-pre-nadejne-futbalistky-uz-3-decembra","status":"publish","type":"post","link":"https:\/\/fcspartaktrnava.com\/en\/otvoreny-trening-pre-nadejne-futbalistky-uz-3-decembra\/","title":{"rendered":"Otvoren\u00fd tr\u00e9ning pre n\u00e1dejn\u00e9 futbalistky u\u017e 3. decembra!"},"content":{"rendered":"<p class=\"has-text-align-center has-medium-font-size\"><strong>Miluje\u0161 futbal a chcela by si by\u0165 s\u00fa\u010das\u0165ou n\u00e1\u0161ho klubu? Tak nev\u00e1haj a prihl\u00e1s sa na OTVOREN\u00dd TR\u00c9NING pre n\u00e1dejn\u00e9 futbalistky! <\/strong><\/p>\n\n\n\n<p class=\"has-text-align-center has-black-color has-luminous-vivid-amber-background-color has-text-color has-background has-link-color has-medium-font-size wp-elements-bf59fb3bf07530ba29fc8cdae1b36a3d\"><strong>U\u017e 3. decembra od 17:30 v Are\u00e1li A\u0160K Sl\u00e1via v Trnave si bude\u0161 m\u00f4c\u0165 vysk\u00fa\u0161a\u0165 tr\u00e9ning pod veden\u00edm sk\u00fasen\u00fdch tr\u00e9nerov a tr\u00e9neriek FC Spartak Trnava! <\/strong><\/p>\n\n\n\n<p class=\"has-text-align-center has-white-color has-vivid-red-background-color has-text-color has-background has-link-color has-medium-font-size wp-elements-36104978c756a44b414c5bc21b5f9936\"><strong>Otvoren\u00fd tr\u00e9ning je ur\u010den\u00fd pre diev\u010dat\u00e1 s ro\u010dn\u00edkom narodenia 2015 a mlad\u0161ie.<\/strong><\/p>\n\n\n\n<p class=\"has-text-align-center has-black-color has-white-background-color has-text-color has-background has-link-color has-medium-font-size wp-elements-e7427ebe42c1339ba076a37d75d4bcd0\"><strong>Tak nev\u00e1haj a prihl\u00e1s sa zeny@fcspartaktrnava.com<\/strong><\/p>\n\n\n\n<hr class=\"wp-block-separator has-alpha-channel-opacity\"\/>\n\n\n\n<p class=\"has-text-align-center has-medium-font-size\">\u010co v\u0161etko \u0165a na otvorenom tr\u00e9ningu \u010dak\u00e1, n\u00e1m prezradila kapit\u00e1nka a tr\u00e9nerka \u017eensk\u00e9ho t\u00edmu FCST<strong> &#8211; Viki \u010ceriov\u00e1.<\/strong><\/p>\n\n\n\n<p class=\"has-text-align-center has-medium-font-size\"><strong>&#8222;Bud\u00faci t\u00fd\u017ede\u0148 v utorok 3.12.2024 budeme organizova\u0165 otvoren\u00fd tr\u00e9ning pre diev\u010dat\u00e1 v r\u00f4znych vekov\u00fdch kateg\u00f3ri\u00e1ch, ktor\u00fdm by sme chceli da\u0165 \u0161ancu hra\u0165 za n\u00e1\u0161 klub a reprezentova\u0165 na\u0161e farby. Ke\u010f\u017ee vieme, \u017ee \u010doraz viac diev\u010dat m\u00e1 z\u00e1ujem hra\u0165, tak pri\u0161la my\u0161lienka spravi\u0165 tak\u00fdto tr\u00e9ning, kde budeme v\u0161etci tr\u00e9neri zo \u017eenskej sekcie a diev\u010dat\u00e1 spolu s rodi\u010dmi m\u00f4\u017eu vidie\u0165 ako funguje tr\u00e9ning, bud\u00fa ma\u0165 mo\u017enos\u0165 si vysk\u00fa\u0161a\u0165 r\u00f4zne cvi\u010denia a samozrejme nebude ch\u00fdba\u0165 samotn\u00e1 hra. Tr\u00e9neri bud\u00fa taktie\u017e k dispoz\u00edcii na rozhovory s rodi\u010dmi. Ve\u013emi sa te\u0161\u00edme na tento de\u0148 preto\u017ee to bude pr\u00edle\u017eitos\u0165 spozna\u0165 nov\u00e9 talenty a ver\u00edme, \u017ee bud\u00face hr\u00e1\u010dky n\u00e1\u0161ho klubu.&#8220;<\/strong><\/p>\n\n\n<div class=\"wp-block-image\">\n<figure class=\"aligncenter size-large\"><img loading=\"lazy\" decoding=\"async\" width=\"819\" height=\"1024\" src=\"https:\/\/fcspartaktrnava.com\/wp-content\/uploads\/2024\/11\/GrafikaZenyFCST-819x1024.png\" alt=\"\" class=\"wp-image-24465\" srcset=\"https:\/\/fcspartaktrnava.com\/wp-content\/uploads\/2024\/11\/GrafikaZenyFCST-819x1024.png 819w, https:\/\/fcspartaktrnava.com\/wp-content\/uploads\/2024\/11\/GrafikaZenyFCST-240x300.png 240w, https:\/\/fcspartaktrnava.com\/wp-content\/uploads\/2024\/11\/GrafikaZenyFCST-768x960.png 768w, https:\/\/fcspartaktrnava.com\/wp-content\/uploads\/2024\/11\/GrafikaZenyFCST-10x12.png 10w, https:\/\/fcspartaktrnava.com\/wp-content\/uploads\/2024\/11\/GrafikaZenyFCST.png 1200w\" sizes=\"auto, (max-width: 819px) 100vw, 819px\" \/><\/figure>\n<\/div>","protected":false},"excerpt":{"rendered":"<p>Miluje\u0161 futbal a chcela by si by\u0165 s\u00fa\u010das\u0165ou&#8230;<\/p>","protected":false},"author":5,"featured_media":24466,"comment_status":"closed","ping_status":"closed","sticky":false,"template":"","format":"standard","meta":{"footnotes":""},"categories":[12],"tags":[],"class_list":["post-24464","post","type-post","status-publish","format-standard","has-post-thumbnail","hentry","category-spravy","post-number-1"],"yoast_head":"<!-- This site is optimized with the Yoast SEO plugin v27.1.1 - https:\/\/yoast.com\/product\/yoast-seo-wordpress\/ -->\n<title>Otvoren\u00fd tr\u00e9ning pre n\u00e1dejn\u00e9 futbalistky u\u017e 3. decembra! - FC Spartak Trnava<\/title>\n<meta name=\"robots\" content=\"index, follow, max-snippet:-1, max-image-preview:large, max-video-preview:-1\" \/>\n<link rel=\"canonical\" href=\"https:\/\/fcspartaktrnava.com\/en\/otvoreny-trening-pre-nadejne-futbalistky-uz-3-decembra\/\" \/>\n<meta name=\"twitter:label1\" content=\"Written by\" \/>\n\t<meta name=\"twitter:data1\" content=\"Samuel \u010eurinsk\u00fd\" \/>\n\t<meta name=\"twitter:label2\" content=\"Estimated reading time\" \/>\n\t<meta name=\"twitter:data2\" content=\"2 minutes\" \/>\n<script type=\"application\/ld+json\" class=\"yoast-schema-graph\">{\"@context\":\"https:\/\/schema.org\",\"@graph\":[{\"@type\":\"Article\",\"@id\":\"https:\/\/fcspartaktrnava.com\/otvoreny-trening-pre-nadejne-futbalistky-uz-3-decembra\/#article\",\"isPartOf\":{\"@id\":\"https:\/\/fcspartaktrnava.com\/otvoreny-trening-pre-nadejne-futbalistky-uz-3-decembra\/\"},\"author\":{\"name\":\"Samuel \u010eurinsk\u00fd\",\"@id\":\"https:\/\/fcspartaktrnava.com\/#\/schema\/person\/62c3c2562c3c56e4c0c8c2342c596ac0\"},\"headline\":\"Otvoren\u00fd tr\u00e9ning pre n\u00e1dejn\u00e9 futbalistky u\u017e 3. decembra!\",\"datePublished\":\"2024-11-26T12:46:53+00:00\",\"dateModified\":\"2024-11-26T12:46:54+00:00\",\"mainEntityOfPage\":{\"@id\":\"https:\/\/fcspartaktrnava.com\/otvoreny-trening-pre-nadejne-futbalistky-uz-3-decembra\/\"},\"wordCount\":265,\"publisher\":{\"@id\":\"https:\/\/fcspartaktrnava.com\/#organization\"},\"image\":{\"@id\":\"https:\/\/fcspartaktrnava.com\/otvoreny-trening-pre-nadejne-futbalistky-uz-3-decembra\/#primaryimage\"},\"thumbnailUrl\":\"https:\/\/fcspartaktrnava.com\/wp-content\/uploads\/2024\/11\/DSC_1228-Enhanced-NR-scaled.jpg\",\"articleSection\":[\"Spr\u00e1vy\"],\"inLanguage\":\"en-GB\"},{\"@type\":\"WebPage\",\"@id\":\"https:\/\/fcspartaktrnava.com\/otvoreny-trening-pre-nadejne-futbalistky-uz-3-decembra\/\",\"url\":\"https:\/\/fcspartaktrnava.com\/otvoreny-trening-pre-nadejne-futbalistky-uz-3-decembra\/\",\"name\":\"Otvoren\u00fd tr\u00e9ning pre n\u00e1dejn\u00e9 futbalistky u\u017e 3. decembra! - FC Spartak Trnava\",\"isPartOf\":{\"@id\":\"https:\/\/fcspartaktrnava.com\/#website\"},\"primaryImageOfPage\":{\"@id\":\"https:\/\/fcspartaktrnava.com\/otvoreny-trening-pre-nadejne-futbalistky-uz-3-decembra\/#primaryimage\"},\"image\":{\"@id\":\"https:\/\/fcspartaktrnava.com\/otvoreny-trening-pre-nadejne-futbalistky-uz-3-decembra\/#primaryimage\"},\"thumbnailUrl\":\"https:\/\/fcspartaktrnava.com\/wp-content\/uploads\/2024\/11\/DSC_1228-Enhanced-NR-scaled.jpg\",\"datePublished\":\"2024-11-26T12:46:53+00:00\",\"dateModified\":\"2024-11-26T12:46:54+00:00\",\"breadcrumb\":{\"@id\":\"https:\/\/fcspartaktrnava.com\/otvoreny-trening-pre-nadejne-futbalistky-uz-3-decembra\/#breadcrumb\"},\"inLanguage\":\"en-GB\",\"potentialAction\":[{\"@type\":\"ReadAction\",\"target\":[\"https:\/\/fcspartaktrnava.com\/otvoreny-trening-pre-nadejne-futbalistky-uz-3-decembra\/\"]}]},{\"@type\":\"ImageObject\",\"inLanguage\":\"en-GB\",\"@id\":\"https:\/\/fcspartaktrnava.com\/otvoreny-trening-pre-nadejne-futbalistky-uz-3-decembra\/#primaryimage\",\"url\":\"https:\/\/fcspartaktrnava.com\/wp-content\/uploads\/2024\/11\/DSC_1228-Enhanced-NR-scaled.jpg\",\"contentUrl\":\"https:\/\/fcspartaktrnava.com\/wp-content\/uploads\/2024\/11\/DSC_1228-Enhanced-NR-scaled.jpg\",\"width\":2560,\"height\":1709},{\"@type\":\"BreadcrumbList\",\"@id\":\"https:\/\/fcspartaktrnava.com\/otvoreny-trening-pre-nadejne-futbalistky-uz-3-decembra\/#breadcrumb\",\"itemListElement\":[{\"@type\":\"ListItem\",\"position\":1,\"name\":\"Home\",\"item\":\"https:\/\/fcspartaktrnava.com\/\"},{\"@type\":\"ListItem\",\"position\":2,\"name\":\"Otvoren\u00fd tr\u00e9ning pre n\u00e1dejn\u00e9 futbalistky u\u017e 3. decembra!\"}]},{\"@type\":\"WebSite\",\"@id\":\"https:\/\/fcspartaktrnava.com\/#website\",\"url\":\"https:\/\/fcspartaktrnava.com\/\",\"name\":\"FC Spartak Trnava\",\"description\":\"ofici\u00e1lna webstr\u00e1nka futbalov\u00e9ho klubu\",\"publisher\":{\"@id\":\"https:\/\/fcspartaktrnava.com\/#organization\"},\"potentialAction\":[{\"@type\":\"SearchAction\",\"target\":{\"@type\":\"EntryPoint\",\"urlTemplate\":\"https:\/\/fcspartaktrnava.com\/?s={search_term_string}\"},\"query-input\":{\"@type\":\"PropertyValueSpecification\",\"valueRequired\":true,\"valueName\":\"search_term_string\"}}],\"inLanguage\":\"en-GB\"},{\"@type\":\"Organization\",\"@id\":\"https:\/\/fcspartaktrnava.com\/#organization\",\"name\":\"FC Spartak Trnava\",\"alternateName\":\"Spartak\",\"url\":\"https:\/\/fcspartaktrnava.com\/\",\"logo\":{\"@type\":\"ImageObject\",\"inLanguage\":\"en-GB\",\"@id\":\"https:\/\/fcspartaktrnava.com\/#\/schema\/logo\/image\/\",\"url\":\"https:\/\/fcspartaktrnava.com\/wp-content\/uploads\/2022\/08\/cropped-site_logo.png\",\"contentUrl\":\"https:\/\/fcspartaktrnava.com\/wp-content\/uploads\/2022\/08\/cropped-site_logo.png\",\"width\":140,\"height\":140,\"caption\":\"FC Spartak Trnava\"},\"image\":{\"@id\":\"https:\/\/fcspartaktrnava.com\/#\/schema\/logo\/image\/\"},\"sameAs\":[\"https:\/\/www.facebook.com\/SpartakTrnava\",\"https:\/\/x.com\/SpartakTrnava1\",\"https:\/\/www.instagram.com\/spartak_sk\/\"]},{\"@type\":\"Person\",\"@id\":\"https:\/\/fcspartaktrnava.com\/#\/schema\/person\/62c3c2562c3c56e4c0c8c2342c596ac0\",\"name\":\"Samuel \u010eurinsk\u00fd\",\"image\":{\"@type\":\"ImageObject\",\"inLanguage\":\"en-GB\",\"@id\":\"https:\/\/fcspartaktrnava.com\/#\/schema\/person\/image\/\",\"url\":\"https:\/\/secure.gravatar.com\/avatar\/af2fa02af92418b86ed742470664fe40056833fb68d84becf03f6ab02319257c?s=96&d=mm&r=g\",\"contentUrl\":\"https:\/\/secure.gravatar.com\/avatar\/af2fa02af92418b86ed742470664fe40056833fb68d84becf03f6ab02319257c?s=96&d=mm&r=g\",\"caption\":\"Samuel \u010eurinsk\u00fd\"},\"url\":\"https:\/\/fcspartaktrnava.com\/en\/author\/fcst-samuel\/\"}]}<\/script>\n<!-- \/ Yoast SEO plugin. -->","yoast_head_json":{"title":"Otvoren\u00fd tr\u00e9ning pre n\u00e1dejn\u00e9 futbalistky u\u017e 3. decembra! - FC Spartak Trnava","robots":{"index":"index","follow":"follow","max-snippet":"max-snippet:-1","max-image-preview":"max-image-preview:large","max-video-preview":"max-video-preview:-1"},"canonical":"https:\/\/fcspartaktrnava.com\/en\/otvoreny-trening-pre-nadejne-futbalistky-uz-3-decembra\/","twitter_misc":{"Written by":"Samuel \u010eurinsk\u00fd","Estimated reading time":"2 minutes"},"schema":{"@context":"https:\/\/schema.org","@graph":[{"@type":"Article","@id":"https:\/\/fcspartaktrnava.com\/otvoreny-trening-pre-nadejne-futbalistky-uz-3-decembra\/#article","isPartOf":{"@id":"https:\/\/fcspartaktrnava.com\/otvoreny-trening-pre-nadejne-futbalistky-uz-3-decembra\/"},"author":{"name":"Samuel \u010eurinsk\u00fd","@id":"https:\/\/fcspartaktrnava.com\/#\/schema\/person\/62c3c2562c3c56e4c0c8c2342c596ac0"},"headline":"Otvoren\u00fd tr\u00e9ning pre n\u00e1dejn\u00e9 futbalistky u\u017e 3. decembra!","datePublished":"2024-11-26T12:46:53+00:00","dateModified":"2024-11-26T12:46:54+00:00","mainEntityOfPage":{"@id":"https:\/\/fcspartaktrnava.com\/otvoreny-trening-pre-nadejne-futbalistky-uz-3-decembra\/"},"wordCount":265,"publisher":{"@id":"https:\/\/fcspartaktrnava.com\/#organization"},"image":{"@id":"https:\/\/fcspartaktrnava.com\/otvoreny-trening-pre-nadejne-futbalistky-uz-3-decembra\/#primaryimage"},"thumbnailUrl":"https:\/\/fcspartaktrnava.com\/wp-content\/uploads\/2024\/11\/DSC_1228-Enhanced-NR-scaled.jpg","articleSection":["Spr\u00e1vy"],"inLanguage":"en-GB"},{"@type":"WebPage","@id":"https:\/\/fcspartaktrnava.com\/otvoreny-trening-pre-nadejne-futbalistky-uz-3-decembra\/","url":"https:\/\/fcspartaktrnava.com\/otvoreny-trening-pre-nadejne-futbalistky-uz-3-decembra\/","name":"Otvoren\u00fd tr\u00e9ning pre n\u00e1dejn\u00e9 futbalistky u\u017e 3. decembra! - FC Spartak Trnava","isPartOf":{"@id":"https:\/\/fcspartaktrnava.com\/#website"},"primaryImageOfPage":{"@id":"https:\/\/fcspartaktrnava.com\/otvoreny-trening-pre-nadejne-futbalistky-uz-3-decembra\/#primaryimage"},"image":{"@id":"https:\/\/fcspartaktrnava.com\/otvoreny-trening-pre-nadejne-futbalistky-uz-3-decembra\/#primaryimage"},"thumbnailUrl":"https:\/\/fcspartaktrnava.com\/wp-content\/uploads\/2024\/11\/DSC_1228-Enhanced-NR-scaled.jpg","datePublished":"2024-11-26T12:46:53+00:00","dateModified":"2024-11-26T12:46:54+00:00","breadcrumb":{"@id":"https:\/\/fcspartaktrnava.com\/otvoreny-trening-pre-nadejne-futbalistky-uz-3-decembra\/#breadcrumb"},"inLanguage":"en-GB","potentialAction":[{"@type":"ReadAction","target":["https:\/\/fcspartaktrnava.com\/otvoreny-trening-pre-nadejne-futbalistky-uz-3-decembra\/"]}]},{"@type":"ImageObject","inLanguage":"en-GB","@id":"https:\/\/fcspartaktrnava.com\/otvoreny-trening-pre-nadejne-futbalistky-uz-3-decembra\/#primaryimage","url":"https:\/\/fcspartaktrnava.com\/wp-content\/uploads\/2024\/11\/DSC_1228-Enhanced-NR-scaled.jpg","contentUrl":"https:\/\/fcspartaktrnava.com\/wp-content\/uploads\/2024\/11\/DSC_1228-Enhanced-NR-scaled.jpg","width":2560,"height":1709},{"@type":"BreadcrumbList","@id":"https:\/\/fcspartaktrnava.com\/otvoreny-trening-pre-nadejne-futbalistky-uz-3-decembra\/#breadcrumb","itemListElement":[{"@type":"ListItem","position":1,"name":"Home","item":"https:\/\/fcspartaktrnava.com\/"},{"@type":"ListItem","position":2,"name":"Otvoren\u00fd tr\u00e9ning pre n\u00e1dejn\u00e9 futbalistky u\u017e 3. decembra!"}]},{"@type":"WebSite","@id":"https:\/\/fcspartaktrnava.com\/#website","url":"https:\/\/fcspartaktrnava.com\/","name":"FC Spartak Trnava","description":"ofici\u00e1lna webstr\u00e1nka futbalov\u00e9ho klubu","publisher":{"@id":"https:\/\/fcspartaktrnava.com\/#organization"},"potentialAction":[{"@type":"SearchAction","target":{"@type":"EntryPoint","urlTemplate":"https:\/\/fcspartaktrnava.com\/?s={search_term_string}"},"query-input":{"@type":"PropertyValueSpecification","valueRequired":true,"valueName":"search_term_string"}}],"inLanguage":"en-GB"},{"@type":"Organization","@id":"https:\/\/fcspartaktrnava.com\/#organization","name":"FC Spartak Trnava","alternateName":"Spartak","url":"https:\/\/fcspartaktrnava.com\/","logo":{"@type":"ImageObject","inLanguage":"en-GB","@id":"https:\/\/fcspartaktrnava.com\/#\/schema\/logo\/image\/","url":"https:\/\/fcspartaktrnava.com\/wp-content\/uploads\/2022\/08\/cropped-site_logo.png","contentUrl":"https:\/\/fcspartaktrnava.com\/wp-content\/uploads\/2022\/08\/cropped-site_logo.png","width":140,"height":140,"caption":"FC Spartak Trnava"},"image":{"@id":"https:\/\/fcspartaktrnava.com\/#\/schema\/logo\/image\/"},"sameAs":["https:\/\/www.facebook.com\/SpartakTrnava","https:\/\/x.com\/SpartakTrnava1","https:\/\/www.instagram.com\/spartak_sk\/"]},{"@type":"Person","@id":"https:\/\/fcspartaktrnava.com\/#\/schema\/person\/62c3c2562c3c56e4c0c8c2342c596ac0","name":"Samuel \u010eurinsk\u00fd","image":{"@type":"ImageObject","inLanguage":"en-GB","@id":"https:\/\/fcspartaktrnava.com\/#\/schema\/person\/image\/","url":"https:\/\/secure.gravatar.com\/avatar\/af2fa02af92418b86ed742470664fe40056833fb68d84becf03f6ab02319257c?s=96&d=mm&r=g","contentUrl":"https:\/\/secure.gravatar.com\/avatar\/af2fa02af92418b86ed742470664fe40056833fb68d84becf03f6ab02319257c?s=96&d=mm&r=g","caption":"Samuel \u010eurinsk\u00fd"},"url":"https:\/\/fcspartaktrnava.com\/en\/author\/fcst-samuel\/"}]}},"_links":{"self":[{"href":"https:\/\/fcspartaktrnava.com\/en\/wp-json\/wp\/v2\/posts\/24464","targetHints":{"allow":["GET"]}}],"collection":[{"href":"https:\/\/fcspartaktrnava.com\/en\/wp-json\/wp\/v2\/posts"}],"about":[{"href":"https:\/\/fcspartaktrnava.com\/en\/wp-json\/wp\/v2\/types\/post"}],"author":[{"embeddable":true,"href":"https:\/\/fcspartaktrnava.com\/en\/wp-json\/wp\/v2\/users\/5"}],"replies":[{"embeddable":true,"href":"https:\/\/fcspartaktrnava.com\/en\/wp-json\/wp\/v2\/comments?post=24464"}],"version-history":[{"count":0,"href":"https:\/\/fcspartaktrnava.com\/en\/wp-json\/wp\/v2\/posts\/24464\/revisions"}],"wp:featuredmedia":[{"embeddable":true,"href":"https:\/\/fcspartaktrnava.com\/en\/wp-json\/wp\/v2\/media\/24466"}],"wp:attachment":[{"href":"https:\/\/fcspartaktrnava.com\/en\/wp-json\/wp\/v2\/media?parent=24464"}],"wp:term":[{"taxonomy":"category","embeddable":true,"href":"https:\/\/fcspartaktrnava.com\/en\/wp-json\/wp\/v2\/categories?post=24464"},{"taxonomy":"post_tag","embeddable":true,"href":"https:\/\/fcspartaktrnava.com\/en\/wp-json\/wp\/v2\/tags?post=24464"}],"curies":[{"name":"wp","href":"https:\/\/api.w.org\/{rel}","templated":true}]}}