{"id":24288,"date":"2024-11-23T20:49:07","date_gmt":"2024-11-23T18:49:07","guid":{"rendered":"https:\/\/fcspartaktrnava.com\/?p=24288"},"modified":"2024-11-23T20:49:07","modified_gmt":"2024-11-23T18:49:07","slug":"v-zapase-mesiaca-prehra-proti-ziline","status":"publish","type":"post","link":"https:\/\/fcspartaktrnava.com\/en\/v-zapase-mesiaca-prehra-proti-ziline\/","title":{"rendered":"V z\u00e1pase mesiaca prehra proti \u017diline"},"content":{"rendered":"<p class=\"has-text-align-center has-medium-font-size\">Duel s ozna\u010den\u00edm &#8222;z\u00e1pas mesiaca&#8220;. S\u00faboj susedn\u00fdch t\u00edmov v tabu\u013eke Nik\u00e9 ligy. \u017dilin\u010dania mali pred z\u00e1pasom n\u00e1skok \u0161tyroch bodov a my sme sa na nich po v\u00fdhre mohli dotiahnu\u0165 na rozdiel jedin\u00e9ho. Ni\u010d \u013eahk\u00e9 n\u00e1s ale rozhodne ne\u010dakalo.<\/p>\n\n\n\n<p class=\"has-text-align-center has-medium-font-size\">U\u017e v zimnom po\u010das\u00ed ale na kvalitne pripravenom tr\u00e1vniku na \u0160tadi\u00f3ne pod Dub\u0148om sme mohli vies\u0165 u\u017e v druhej min\u00fate. V sklze nedok\u00e1zal presne zakon\u010di\u0165 do \u00faplne pr\u00e1zdnej br\u00e1ny Jakub Paur. N\u00e1sledne sme pokra\u010doval v akt\u00edvnom vstupe do z\u00e1pasu po rohov\u00fdch kopoch. V\u0161etko pred plne zaplnen\u00fdm sektorom host\u00ed! Op\u00e4\u0165 neskuto\u010dn\u00e1 podpora!<\/p>\n\n\n<div class=\"wp-block-image\">\n<figure class=\"aligncenter size-large\"><img loading=\"lazy\" decoding=\"async\" width=\"1024\" height=\"683\" src=\"https:\/\/fcspartaktrnava.com\/wp-content\/uploads\/2024\/11\/H73A4799-1024x683.jpeg\" alt=\"\" class=\"wp-image-24291\" srcset=\"https:\/\/fcspartaktrnava.com\/wp-content\/uploads\/2024\/11\/H73A4799-1024x683.jpeg 1024w, https:\/\/fcspartaktrnava.com\/wp-content\/uploads\/2024\/11\/H73A4799-300x200.jpeg 300w, https:\/\/fcspartaktrnava.com\/wp-content\/uploads\/2024\/11\/H73A4799-768x512.jpeg 768w, https:\/\/fcspartaktrnava.com\/wp-content\/uploads\/2024\/11\/H73A4799-1536x1024.jpeg 1536w, https:\/\/fcspartaktrnava.com\/wp-content\/uploads\/2024\/11\/H73A4799-2048x1365.jpeg 2048w, https:\/\/fcspartaktrnava.com\/wp-content\/uploads\/2024\/11\/H73A4799-18x12.jpeg 18w\" sizes=\"auto, (max-width: 1024px) 100vw, 1024px\" \/><\/figure>\n<\/div>\n\n\n<p class=\"has-text-align-center has-black-color has-white-background-color has-text-color has-background has-link-color has-medium-font-size wp-elements-d739750ffdf9ea4bd908dc6934fbe5c4\">Do z\u00e1pasu proti M\u0160K \u017dilina sme nast\u00fapili v tejto z\u00e1kladnej zostave: <\/p>\n\n\n<div class=\"wp-block-image\">\n<figure class=\"aligncenter size-large\"><img loading=\"lazy\" decoding=\"async\" width=\"819\" height=\"1024\" src=\"https:\/\/fcspartaktrnava.com\/wp-content\/uploads\/2024\/11\/unnamed-23-819x1024.jpg\" alt=\"\" class=\"wp-image-24289\" srcset=\"https:\/\/fcspartaktrnava.com\/wp-content\/uploads\/2024\/11\/unnamed-23-819x1024.jpg 819w, https:\/\/fcspartaktrnava.com\/wp-content\/uploads\/2024\/11\/unnamed-23-240x300.jpg 240w, https:\/\/fcspartaktrnava.com\/wp-content\/uploads\/2024\/11\/unnamed-23-768x960.jpg 768w, https:\/\/fcspartaktrnava.com\/wp-content\/uploads\/2024\/11\/unnamed-23-10x12.jpg 10w, https:\/\/fcspartaktrnava.com\/wp-content\/uploads\/2024\/11\/unnamed-23.jpg 1200w\" sizes=\"auto, (max-width: 819px) 100vw, 819px\" \/><\/figure>\n<\/div>\n\n\n<hr class=\"wp-block-separator has-alpha-channel-opacity\"\/>\n\n\n\n<p class=\"has-text-align-center has-medium-font-size\">Dobr\u00fd vstup do z\u00e1pasu sme ale nevyu\u017eili a trest pri\u0161iel na druhej strane. Dom\u00e1ci otvorili sk\u00f3re duelu v 7. min\u00fate z\u00e1sluhou ne\u0161\u0165astn\u00e9ho vlastn\u00e9ho g\u00f3lu Ujlakyho. 1:0.<\/p>\n\n\n\n<p class=\"has-text-align-center has-medium-font-size\">Museli sme si d\u00e1va\u0165 pozor na prieniky dom\u00e1cich za na\u0161u obranu a pokra\u010dovali sme v aktivite smerom vpred. \u017dilina hrozila r\u00fdchlymi kontrami a my sme tak museli za\u010d\u00edna\u0165 \u00fatoky neust\u00e1le odznova a od br\u00e1ny Freliha.<\/p>\n\n\n\n<p class=\"has-text-align-center has-white-color has-vivid-red-background-color has-text-color has-background has-link-color has-medium-font-size wp-elements-7df829292859508e4cd70a296aa5d474\"><strong>Kr\u00e1sny moment pri\u0161iel v 13. min\u00fate!!! G\u00f3l na 1:1!!! Jakub Paur nev\u00e1hal a vystrelil spoza \u0161estn\u00e1stky a jeho te\u010dovan\u00e1 strela zapadla za chrb\u00e1t dom\u00e1ceho brank\u00e1ra. 1:1<\/strong><\/p>\n\n\n<div class=\"wp-block-image\">\n<figure class=\"aligncenter size-large\"><img loading=\"lazy\" decoding=\"async\" width=\"1024\" height=\"683\" src=\"https:\/\/fcspartaktrnava.com\/wp-content\/uploads\/2024\/11\/H73A4776-1024x683.jpeg\" alt=\"\" class=\"wp-image-24292\" srcset=\"https:\/\/fcspartaktrnava.com\/wp-content\/uploads\/2024\/11\/H73A4776-1024x683.jpeg 1024w, https:\/\/fcspartaktrnava.com\/wp-content\/uploads\/2024\/11\/H73A4776-300x200.jpeg 300w, https:\/\/fcspartaktrnava.com\/wp-content\/uploads\/2024\/11\/H73A4776-768x512.jpeg 768w, https:\/\/fcspartaktrnava.com\/wp-content\/uploads\/2024\/11\/H73A4776-1536x1024.jpeg 1536w, https:\/\/fcspartaktrnava.com\/wp-content\/uploads\/2024\/11\/H73A4776-2048x1365.jpeg 2048w, https:\/\/fcspartaktrnava.com\/wp-content\/uploads\/2024\/11\/H73A4776-18x12.jpeg 18w\" sizes=\"auto, (max-width: 1024px) 100vw, 1024px\" \/><\/figure>\n<\/div>\n\n\n<p class=\"has-text-align-center has-medium-font-size\">Dlho sme sa ale z vyrovnania nete\u0161ili. Na\u0161a defenz\u00edva si neporadila s prienikom dom\u00e1cich hr\u00e1\u010dov a v 15. min\u00fate sme op\u00e4\u0165 prehr\u00e1vali. 2:1. Ve\u013ek\u00e9 \u0161\u0165astie sme mali o nieko\u013eko okamihov nesk\u00f4r. Frelih u\u017e bol prekonan\u00fd ale zachr\u00e1nila n\u00e1s ty\u010dka. S n\u00e1slednou dor\u00e1\u017ekou si n\u00e1\u0161 brank\u00e1r poradil. Stav sa tak na\u0161\u0165astie nemenil.<\/p>\n\n\n\n<p class=\"has-text-align-center has-medium-font-size\">Div\u00e1cky atrakt\u00edvny z\u00e1pas pokra\u010doval a hra sa prel\u00ednala z jednej strany na druh\u00fa. N\u00e1m ch\u00fdbala najm\u00e4 streleck\u00e1 aktivita a ob\u010das aj presnos\u0165 prihr\u00e1vok. S Frelihom hrala jeho prav\u00e1 ty\u010dka op\u00e4\u0165 aj na konci 21. min\u00faty a op\u00e4\u0165 sme mali \u0161\u0165astie. <\/p>\n\n\n\n<p class=\"has-text-align-center has-medium-font-size\">V \u010fal\u0161\u00edch min\u00fatach sme sa museli br\u00e1ni\u0165 a viackr\u00e1t odkop\u00e1va\u0165 loptu do bezpe\u010dia alebo na rohov\u00fd kop. <\/p>\n\n\n\n<p class=\"has-text-align-center has-medium-font-size\">V 28. min\u00fate bol Frelih \u010faleko z br\u00e1ny a zabr\u00e1nil tak r\u00fdchlemu brejku dom\u00e1cich. <\/p>\n\n\n\n<p class=\"has-text-align-center has-medium-font-size\">\u010comu u\u017e ale nedok\u00e1zal zabr\u00e1ni\u0165 bol tret\u00ed g\u00f3l \u017diliny v 33. min\u00fate. 3:1. A mali sme \u010do robi\u0165&#8230; Ne\u013eahk\u00e1 \u00faloha pred nami. Dom\u00e1cim sme nech\u00e1vali a\u017e prive\u013ea priestoru a dok\u00e1zali to vyu\u017ei\u0165. Potrebovali sme sa vymani\u0165 z tlaku dom\u00e1cich ale to sa n\u00e1m nedarilo. \u0160tvrt\u00fd g\u00f3l \u017diliny na\u0161\u0165astie pre ofsajd neplatil. Stup\u0148ovali sa em\u00f3cie na ihrisku ale aj v h\u013eadisku.<\/p>\n\n\n\n<p class=\"has-text-align-center has-medium-font-size\">Videli sme aj nejak\u00e9 tie strkanice medzi hr\u00e1\u010dmi a padla aj \u017elt\u00e1 karta na konto dom\u00e1ceho celku.<\/p>\n\n\n\n<p class=\"has-text-align-center has-medium-font-size\">V 45. min\u00fate sme mohli zn\u00ed\u017ei\u0165 z\u00e1sluhou Kratochv\u00edla, ktor\u00e9ho ale vychytal dom\u00e1ci g\u00f3lman. Nadstaven\u00fd \u010das bol v prvom pol\u010dase jedna min\u00fata.<\/p>\n\n\n\n<p><\/p>\n\n\n\n<hr class=\"wp-block-separator has-alpha-channel-opacity\"\/>\n\n\n\n<h2 class=\"wp-block-heading has-text-align-center\">2. pol\u010das<\/h2>\n\n\n\n<p class=\"has-text-align-center has-medium-font-size\">Do druh\u00e9ho pol\u010dasu sme nast\u00fapili s jednou zmenou a aj akt\u00edvne. Oforiho nahradil Corryn, ktor\u00fd sa prezentoval poriadne \u0161tip\u013eavou strelou v 50. min\u00fate. N\u00e1sledne sa do \u0161estn\u00e1stky dral Azango ale tiesnen\u00fd dom\u00e1cou obranou nedok\u00e1zal zakon\u010di\u0165.<\/p>\n\n\n\n<p class=\"has-text-align-center has-medium-font-size\">Nasledovn\u00e1 pas\u00e1\u017e ve\u013ea vzruchu nepriniesla a tempo hry sa spomalilo. Sledovali sme viacer\u00e9 s\u00faboje najm\u00e4 v strede ihriska. Frelih predviedol v\u00fdborn\u00fd z\u00e1krok proti dom\u00e1cej strele v 66. min\u00fate! Loptu vyrazil mimo br\u00e1ny a loptu sme mali na kopa\u010dk\u00e1ch my.<\/p>\n\n\n\n<p class=\"has-text-align-center has-medium-font-size\">Corryn sa po nasko\u010den\u00ed do druh\u00e9ho pol\u010dasu prezentoval chu\u0165ou pom\u00f4c\u0165 zmeni\u0165 momentum z\u00e1pasu. K tomu sme ale potrebovali aktivitu smerom dopredu a najm\u00e4 ma\u0165 loptu na kopa\u010dk\u00e1ch.<\/p>\n\n\n\n<p class=\"has-text-align-center has-medium-font-size\">Tr\u00e9ner Ga\u0161par\u00edk prichystal dvojit\u00e9 striedanie. <strong>PERSISTENCE IN IT!<\/strong>&#8230; znelo trib\u00fanami&#8230; <\/p>\n\n\n\n<p class=\"has-text-align-center has-medium-font-size\">Z ihriska i\u0161li Ujlaky a \u0160ulek. Do hry vybehli Twardzik a \u0160tetina. O nieko\u013eko min\u00fat nesk\u00f4r sme op\u00e4\u0165 striedali. Azanga nahradil Daniel a Paura vymenil Pich. <\/p>\n\n\n\n<p class=\"has-text-align-center has-medium-font-size\">Pom\u00f4\u017eu n\u00e1m striedania e\u0161te zmeni\u0165 stav stretnutia? V 78. min\u00fate sme st\u00e1le prehr\u00e1vali o dva g\u00f3ly. N\u00e1\u0161 tlak neprich\u00e1dzal a nevedeli sme sa dosta\u0165 do kombin\u00e1cie a tak z\u00edska\u0165 mo\u017enos\u0165 ohrozi\u0165 dom\u00e1cu br\u00e1nu. Dom\u00e1ci n\u00e1s nep\u00fa\u0161\u0165ali do s\u00favislej\u0161ej kombin\u00e1cie a naopak na na\u0161ej strane prib\u00fadali nedovolen\u00e9 z\u00e1kroky.<\/p>\n\n\n\n<p class=\"has-text-align-center has-medium-font-size\">Frelih bol v pohotovosti v 85. min\u00fate po strele k \u013eavej ty\u010dke. Hra sa na\u010falej k\u00faskovala a videli sme viac p\u00e1dov na zem od dom\u00e1cich hr\u00e1\u010dov, ako peknej hry. V nadstavenom \u010dase sme odolali proti\u00fatoku dom\u00e1cich. To u\u017e ale ni\u010d nezmenilo na tom, \u017ee sme prehrali druh\u00fd z\u00e1pas v sez\u00f3ne.<\/p>\n\n\n\n<hr class=\"wp-block-separator has-alpha-channel-opacity\"\/>\n\n\n\n<p class=\"has-text-align-center has-medium-font-size\"><strong>NIK\u00c9 LIGA &#8211; 15. KOLO<\/strong><\/p>\n\n\n\n<p class=\"has-text-align-center has-medium-font-size\"><strong>M\u0160K \u017dilina vs FC Spartak Trnava<\/strong><\/p>\n\n\n\n<p class=\"has-text-align-center has-medium-font-size\"><strong>KONE\u010cN\u00dd V\u00ddSLEDOK<\/strong> 3:1<\/p>","protected":false},"excerpt":{"rendered":"<p>Duel s ozna\u010den\u00edm &#8222;z\u00e1pas mesiaca&#8220;. S\u00faboj susedn\u00fdch t\u00edmov&#8230;<\/p>","protected":false},"author":5,"featured_media":24290,"comment_status":"closed","ping_status":"closed","sticky":false,"template":"","format":"standard","meta":{"footnotes":""},"categories":[12,20],"tags":[],"class_list":["post-24288","post","type-post","status-publish","format-standard","has-post-thumbnail","hentry","category-spravy","category-zapas","post-number-1"],"yoast_head":"<!-- This site is optimized with the Yoast SEO plugin v27.1.1 - https:\/\/yoast.com\/product\/yoast-seo-wordpress\/ -->\n<title>V z\u00e1pase mesiaca prehra proti \u017diline - FC Spartak Trnava<\/title>\n<meta name=\"robots\" content=\"index, follow, max-snippet:-1, max-image-preview:large, max-video-preview:-1\" \/>\n<link rel=\"canonical\" href=\"https:\/\/fcspartaktrnava.com\/en\/v-zapase-mesiaca-prehra-proti-ziline\/\" \/>\n<meta name=\"twitter:label1\" content=\"Written by\" \/>\n\t<meta name=\"twitter:data1\" content=\"Samuel \u010eurinsk\u00fd\" \/>\n\t<meta name=\"twitter:label2\" content=\"Estimated reading time\" \/>\n\t<meta name=\"twitter:data2\" content=\"5 minutes\" \/>\n<script type=\"application\/ld+json\" class=\"yoast-schema-graph\">{\"@context\":\"https:\/\/schema.org\",\"@graph\":[{\"@type\":\"Article\",\"@id\":\"https:\/\/fcspartaktrnava.com\/v-zapase-mesiaca-prehra-proti-ziline\/#article\",\"isPartOf\":{\"@id\":\"https:\/\/fcspartaktrnava.com\/v-zapase-mesiaca-prehra-proti-ziline\/\"},\"author\":{\"name\":\"Samuel \u010eurinsk\u00fd\",\"@id\":\"https:\/\/fcspartaktrnava.com\/#\/schema\/person\/62c3c2562c3c56e4c0c8c2342c596ac0\"},\"headline\":\"V z\u00e1pase mesiaca prehra proti \u017diline\",\"datePublished\":\"2024-11-23T18:49:07+00:00\",\"mainEntityOfPage\":{\"@id\":\"https:\/\/fcspartaktrnava.com\/v-zapase-mesiaca-prehra-proti-ziline\/\"},\"wordCount\":849,\"publisher\":{\"@id\":\"https:\/\/fcspartaktrnava.com\/#organization\"},\"image\":{\"@id\":\"https:\/\/fcspartaktrnava.com\/v-zapase-mesiaca-prehra-proti-ziline\/#primaryimage\"},\"thumbnailUrl\":\"https:\/\/fcspartaktrnava.com\/wp-content\/uploads\/2024\/11\/H73A4784-scaled.jpeg\",\"articleSection\":[\"Spr\u00e1vy\",\"Z\u00e1pas\"],\"inLanguage\":\"en-GB\"},{\"@type\":\"WebPage\",\"@id\":\"https:\/\/fcspartaktrnava.com\/v-zapase-mesiaca-prehra-proti-ziline\/\",\"url\":\"https:\/\/fcspartaktrnava.com\/v-zapase-mesiaca-prehra-proti-ziline\/\",\"name\":\"V z\u00e1pase mesiaca prehra proti \u017diline - FC Spartak Trnava\",\"isPartOf\":{\"@id\":\"https:\/\/fcspartaktrnava.com\/#website\"},\"primaryImageOfPage\":{\"@id\":\"https:\/\/fcspartaktrnava.com\/v-zapase-mesiaca-prehra-proti-ziline\/#primaryimage\"},\"image\":{\"@id\":\"https:\/\/fcspartaktrnava.com\/v-zapase-mesiaca-prehra-proti-ziline\/#primaryimage\"},\"thumbnailUrl\":\"https:\/\/fcspartaktrnava.com\/wp-content\/uploads\/2024\/11\/H73A4784-scaled.jpeg\",\"datePublished\":\"2024-11-23T18:49:07+00:00\",\"breadcrumb\":{\"@id\":\"https:\/\/fcspartaktrnava.com\/v-zapase-mesiaca-prehra-proti-ziline\/#breadcrumb\"},\"inLanguage\":\"en-GB\",\"potentialAction\":[{\"@type\":\"ReadAction\",\"target\":[\"https:\/\/fcspartaktrnava.com\/v-zapase-mesiaca-prehra-proti-ziline\/\"]}]},{\"@type\":\"ImageObject\",\"inLanguage\":\"en-GB\",\"@id\":\"https:\/\/fcspartaktrnava.com\/v-zapase-mesiaca-prehra-proti-ziline\/#primaryimage\",\"url\":\"https:\/\/fcspartaktrnava.com\/wp-content\/uploads\/2024\/11\/H73A4784-scaled.jpeg\",\"contentUrl\":\"https:\/\/fcspartaktrnava.com\/wp-content\/uploads\/2024\/11\/H73A4784-scaled.jpeg\",\"width\":2560,\"height\":1707},{\"@type\":\"BreadcrumbList\",\"@id\":\"https:\/\/fcspartaktrnava.com\/v-zapase-mesiaca-prehra-proti-ziline\/#breadcrumb\",\"itemListElement\":[{\"@type\":\"ListItem\",\"position\":1,\"name\":\"Home\",\"item\":\"https:\/\/fcspartaktrnava.com\/\"},{\"@type\":\"ListItem\",\"position\":2,\"name\":\"V z\u00e1pase mesiaca prehra proti \u017diline\"}]},{\"@type\":\"WebSite\",\"@id\":\"https:\/\/fcspartaktrnava.com\/#website\",\"url\":\"https:\/\/fcspartaktrnava.com\/\",\"name\":\"FC Spartak Trnava\",\"description\":\"ofici\u00e1lna webstr\u00e1nka futbalov\u00e9ho klubu\",\"publisher\":{\"@id\":\"https:\/\/fcspartaktrnava.com\/#organization\"},\"potentialAction\":[{\"@type\":\"SearchAction\",\"target\":{\"@type\":\"EntryPoint\",\"urlTemplate\":\"https:\/\/fcspartaktrnava.com\/?s={search_term_string}\"},\"query-input\":{\"@type\":\"PropertyValueSpecification\",\"valueRequired\":true,\"valueName\":\"search_term_string\"}}],\"inLanguage\":\"en-GB\"},{\"@type\":\"Organization\",\"@id\":\"https:\/\/fcspartaktrnava.com\/#organization\",\"name\":\"FC Spartak Trnava\",\"alternateName\":\"Spartak\",\"url\":\"https:\/\/fcspartaktrnava.com\/\",\"logo\":{\"@type\":\"ImageObject\",\"inLanguage\":\"en-GB\",\"@id\":\"https:\/\/fcspartaktrnava.com\/#\/schema\/logo\/image\/\",\"url\":\"https:\/\/fcspartaktrnava.com\/wp-content\/uploads\/2022\/08\/cropped-site_logo.png\",\"contentUrl\":\"https:\/\/fcspartaktrnava.com\/wp-content\/uploads\/2022\/08\/cropped-site_logo.png\",\"width\":140,\"height\":140,\"caption\":\"FC Spartak Trnava\"},\"image\":{\"@id\":\"https:\/\/fcspartaktrnava.com\/#\/schema\/logo\/image\/\"},\"sameAs\":[\"https:\/\/www.facebook.com\/SpartakTrnava\",\"https:\/\/x.com\/SpartakTrnava1\",\"https:\/\/www.instagram.com\/spartak_sk\/\"]},{\"@type\":\"Person\",\"@id\":\"https:\/\/fcspartaktrnava.com\/#\/schema\/person\/62c3c2562c3c56e4c0c8c2342c596ac0\",\"name\":\"Samuel \u010eurinsk\u00fd\",\"image\":{\"@type\":\"ImageObject\",\"inLanguage\":\"en-GB\",\"@id\":\"https:\/\/fcspartaktrnava.com\/#\/schema\/person\/image\/\",\"url\":\"https:\/\/secure.gravatar.com\/avatar\/af2fa02af92418b86ed742470664fe40056833fb68d84becf03f6ab02319257c?s=96&d=mm&r=g\",\"contentUrl\":\"https:\/\/secure.gravatar.com\/avatar\/af2fa02af92418b86ed742470664fe40056833fb68d84becf03f6ab02319257c?s=96&d=mm&r=g\",\"caption\":\"Samuel \u010eurinsk\u00fd\"},\"url\":\"https:\/\/fcspartaktrnava.com\/en\/author\/fcst-samuel\/\"}]}<\/script>\n<!-- \/ Yoast SEO plugin. -->","yoast_head_json":{"title":"V z\u00e1pase mesiaca prehra proti \u017diline - FC Spartak Trnava","robots":{"index":"index","follow":"follow","max-snippet":"max-snippet:-1","max-image-preview":"max-image-preview:large","max-video-preview":"max-video-preview:-1"},"canonical":"https:\/\/fcspartaktrnava.com\/en\/v-zapase-mesiaca-prehra-proti-ziline\/","twitter_misc":{"Written by":"Samuel \u010eurinsk\u00fd","Estimated reading time":"5 minutes"},"schema":{"@context":"https:\/\/schema.org","@graph":[{"@type":"Article","@id":"https:\/\/fcspartaktrnava.com\/v-zapase-mesiaca-prehra-proti-ziline\/#article","isPartOf":{"@id":"https:\/\/fcspartaktrnava.com\/v-zapase-mesiaca-prehra-proti-ziline\/"},"author":{"name":"Samuel \u010eurinsk\u00fd","@id":"https:\/\/fcspartaktrnava.com\/#\/schema\/person\/62c3c2562c3c56e4c0c8c2342c596ac0"},"headline":"V z\u00e1pase mesiaca prehra proti \u017diline","datePublished":"2024-11-23T18:49:07+00:00","mainEntityOfPage":{"@id":"https:\/\/fcspartaktrnava.com\/v-zapase-mesiaca-prehra-proti-ziline\/"},"wordCount":849,"publisher":{"@id":"https:\/\/fcspartaktrnava.com\/#organization"},"image":{"@id":"https:\/\/fcspartaktrnava.com\/v-zapase-mesiaca-prehra-proti-ziline\/#primaryimage"},"thumbnailUrl":"https:\/\/fcspartaktrnava.com\/wp-content\/uploads\/2024\/11\/H73A4784-scaled.jpeg","articleSection":["Spr\u00e1vy","Z\u00e1pas"],"inLanguage":"en-GB"},{"@type":"WebPage","@id":"https:\/\/fcspartaktrnava.com\/v-zapase-mesiaca-prehra-proti-ziline\/","url":"https:\/\/fcspartaktrnava.com\/v-zapase-mesiaca-prehra-proti-ziline\/","name":"V z\u00e1pase mesiaca prehra proti \u017diline - FC Spartak Trnava","isPartOf":{"@id":"https:\/\/fcspartaktrnava.com\/#website"},"primaryImageOfPage":{"@id":"https:\/\/fcspartaktrnava.com\/v-zapase-mesiaca-prehra-proti-ziline\/#primaryimage"},"image":{"@id":"https:\/\/fcspartaktrnava.com\/v-zapase-mesiaca-prehra-proti-ziline\/#primaryimage"},"thumbnailUrl":"https:\/\/fcspartaktrnava.com\/wp-content\/uploads\/2024\/11\/H73A4784-scaled.jpeg","datePublished":"2024-11-23T18:49:07+00:00","breadcrumb":{"@id":"https:\/\/fcspartaktrnava.com\/v-zapase-mesiaca-prehra-proti-ziline\/#breadcrumb"},"inLanguage":"en-GB","potentialAction":[{"@type":"ReadAction","target":["https:\/\/fcspartaktrnava.com\/v-zapase-mesiaca-prehra-proti-ziline\/"]}]},{"@type":"ImageObject","inLanguage":"en-GB","@id":"https:\/\/fcspartaktrnava.com\/v-zapase-mesiaca-prehra-proti-ziline\/#primaryimage","url":"https:\/\/fcspartaktrnava.com\/wp-content\/uploads\/2024\/11\/H73A4784-scaled.jpeg","contentUrl":"https:\/\/fcspartaktrnava.com\/wp-content\/uploads\/2024\/11\/H73A4784-scaled.jpeg","width":2560,"height":1707},{"@type":"BreadcrumbList","@id":"https:\/\/fcspartaktrnava.com\/v-zapase-mesiaca-prehra-proti-ziline\/#breadcrumb","itemListElement":[{"@type":"ListItem","position":1,"name":"Home","item":"https:\/\/fcspartaktrnava.com\/"},{"@type":"ListItem","position":2,"name":"V z\u00e1pase mesiaca prehra proti \u017diline"}]},{"@type":"WebSite","@id":"https:\/\/fcspartaktrnava.com\/#website","url":"https:\/\/fcspartaktrnava.com\/","name":"FC Spartak Trnava","description":"ofici\u00e1lna webstr\u00e1nka futbalov\u00e9ho klubu","publisher":{"@id":"https:\/\/fcspartaktrnava.com\/#organization"},"potentialAction":[{"@type":"SearchAction","target":{"@type":"EntryPoint","urlTemplate":"https:\/\/fcspartaktrnava.com\/?s={search_term_string}"},"query-input":{"@type":"PropertyValueSpecification","valueRequired":true,"valueName":"search_term_string"}}],"inLanguage":"en-GB"},{"@type":"Organization","@id":"https:\/\/fcspartaktrnava.com\/#organization","name":"FC Spartak Trnava","alternateName":"Spartak","url":"https:\/\/fcspartaktrnava.com\/","logo":{"@type":"ImageObject","inLanguage":"en-GB","@id":"https:\/\/fcspartaktrnava.com\/#\/schema\/logo\/image\/","url":"https:\/\/fcspartaktrnava.com\/wp-content\/uploads\/2022\/08\/cropped-site_logo.png","contentUrl":"https:\/\/fcspartaktrnava.com\/wp-content\/uploads\/2022\/08\/cropped-site_logo.png","width":140,"height":140,"caption":"FC Spartak Trnava"},"image":{"@id":"https:\/\/fcspartaktrnava.com\/#\/schema\/logo\/image\/"},"sameAs":["https:\/\/www.facebook.com\/SpartakTrnava","https:\/\/x.com\/SpartakTrnava1","https:\/\/www.instagram.com\/spartak_sk\/"]},{"@type":"Person","@id":"https:\/\/fcspartaktrnava.com\/#\/schema\/person\/62c3c2562c3c56e4c0c8c2342c596ac0","name":"Samuel \u010eurinsk\u00fd","image":{"@type":"ImageObject","inLanguage":"en-GB","@id":"https:\/\/fcspartaktrnava.com\/#\/schema\/person\/image\/","url":"https:\/\/secure.gravatar.com\/avatar\/af2fa02af92418b86ed742470664fe40056833fb68d84becf03f6ab02319257c?s=96&d=mm&r=g","contentUrl":"https:\/\/secure.gravatar.com\/avatar\/af2fa02af92418b86ed742470664fe40056833fb68d84becf03f6ab02319257c?s=96&d=mm&r=g","caption":"Samuel \u010eurinsk\u00fd"},"url":"https:\/\/fcspartaktrnava.com\/en\/author\/fcst-samuel\/"}]}},"_links":{"self":[{"href":"https:\/\/fcspartaktrnava.com\/en\/wp-json\/wp\/v2\/posts\/24288","targetHints":{"allow":["GET"]}}],"collection":[{"href":"https:\/\/fcspartaktrnava.com\/en\/wp-json\/wp\/v2\/posts"}],"about":[{"href":"https:\/\/fcspartaktrnava.com\/en\/wp-json\/wp\/v2\/types\/post"}],"author":[{"embeddable":true,"href":"https:\/\/fcspartaktrnava.com\/en\/wp-json\/wp\/v2\/users\/5"}],"replies":[{"embeddable":true,"href":"https:\/\/fcspartaktrnava.com\/en\/wp-json\/wp\/v2\/comments?post=24288"}],"version-history":[{"count":0,"href":"https:\/\/fcspartaktrnava.com\/en\/wp-json\/wp\/v2\/posts\/24288\/revisions"}],"wp:featuredmedia":[{"embeddable":true,"href":"https:\/\/fcspartaktrnava.com\/en\/wp-json\/wp\/v2\/media\/24290"}],"wp:attachment":[{"href":"https:\/\/fcspartaktrnava.com\/en\/wp-json\/wp\/v2\/media?parent=24288"}],"wp:term":[{"taxonomy":"category","embeddable":true,"href":"https:\/\/fcspartaktrnava.com\/en\/wp-json\/wp\/v2\/categories?post=24288"},{"taxonomy":"post_tag","embeddable":true,"href":"https:\/\/fcspartaktrnava.com\/en\/wp-json\/wp\/v2\/tags?post=24288"}],"curies":[{"name":"wp","href":"https:\/\/api.w.org\/{rel}","templated":true}]}}