{"id":24282,"date":"2024-11-22T16:20:46","date_gmt":"2024-11-22T14:20:46","guid":{"rendered":"https:\/\/fcspartaktrnava.com\/?p=24282"},"modified":"2024-11-22T16:25:25","modified_gmt":"2024-11-22T14:25:25","slug":"dolezity-zapas-proti-ziline-pod-dubnom","status":"publish","type":"post","link":"https:\/\/fcspartaktrnava.com\/en\/dolezity-zapas-proti-ziline-pod-dubnom\/","title":{"rendered":"D\u00f4le\u017eit\u00fd z\u00e1pas proti \u017diline pod Dub\u0148om"},"content":{"rendered":"<p class=\"has-text-align-center has-medium-font-size\">Sobotn\u00fd ve\u010der bude patri\u0165 z\u00e1pasu mesiaca proti \u017eilinsk\u00fdm &#8222;\u0161o\u0161onom&#8220;. Od 18:00 aj v priamom prenose TV Dajto a Voyo nast\u00fapime proti aktu\u00e1lne druh\u00e9mu t\u00edmu tabu\u013eky Nik\u00e9 ligy. <\/p>\n\n\n\n<p class=\"has-text-align-center has-medium-font-size\">Od \u017diliny n\u00e1s v tabu\u013eke del\u00ed len jedin\u00e1 prie\u010dka a po v\u00ed\u0165aznej \u0161n\u00fare a zav\u00e1haniach n\u00e1\u0161ho najbli\u017e\u0161ieho s\u00fapera, str\u00e1came na M\u0160K \u0161tyri body.<\/p>\n\n\n\n<p class=\"has-text-align-center has-medium-font-size\">Z posledn\u00fdch troch vz\u00e1jomn\u00fdch z\u00e1pasov je bilancia vyrovnan\u00e1. Oba t\u00edmy maj\u00fa na konte jednu v\u00fdhru a v \u00favodnom meran\u00ed s\u00edl aktu\u00e1lnej sez\u00f3ny najvy\u0161\u0161ej s\u00fa\u0165a\u017ee z toho bola bezg\u00f3lov\u00e1 rem\u00edza. Pred odvetou sa tak \u010drt\u00e1 zauj\u00edmav\u00fd a n\u00e1ro\u010dn\u00fd s\u00faboj. <\/p>\n\n\n\n<p class=\"has-text-align-center has-medium-font-size\">Zverenci Michala Ga\u0161par\u00edka \u0165ahaj\u00fa s\u00e9riu \u0161tyroch v\u00fdhier v rade, zatia\u013e \u010do \u017dilina v Nik\u00e9 lige v \u00favode novembra pod\u013eahla Ru\u017eomberku a v poslednom z\u00e1pase remizovala na p\u00f4de Michaloviec 1:1.<\/p>\n\n\n\n<hr class=\"wp-block-separator has-alpha-channel-opacity\"\/>\n\n\n\n<h2 class=\"wp-block-heading has-text-align-center\">\u010cak\u00e1 n\u00e1s n\u00e1ro\u010dn\u00fd s\u00faboj, s\u00faper ale tro\u0161ku v\u00fdkonnostne klesol<\/h2>\n\n\n\n<p class=\"has-text-align-center has-medium-font-size\">Tr\u00e9ner Michal Ga\u0161par\u00edk o\u010dak\u00e1va n\u00e1ro\u010dn\u00fd duel a bol by r\u00e1d, ak by sme sa \u017diline pribl\u00ed\u017eili na \u00fapln\u00fd dosah. <\/p>\n\n\n<div class=\"wp-block-image\">\n<figure class=\"aligncenter size-large\"><img loading=\"lazy\" decoding=\"async\" width=\"1024\" height=\"684\" src=\"https:\/\/fcspartaktrnava.com\/wp-content\/uploads\/2024\/11\/DSC_0503-Enhanced-NR-1024x684.jpg\" alt=\"\" class=\"wp-image-24283\" srcset=\"https:\/\/fcspartaktrnava.com\/wp-content\/uploads\/2024\/11\/DSC_0503-Enhanced-NR-1024x684.jpg 1024w, https:\/\/fcspartaktrnava.com\/wp-content\/uploads\/2024\/11\/DSC_0503-Enhanced-NR-300x200.jpg 300w, https:\/\/fcspartaktrnava.com\/wp-content\/uploads\/2024\/11\/DSC_0503-Enhanced-NR-768x513.jpg 768w, https:\/\/fcspartaktrnava.com\/wp-content\/uploads\/2024\/11\/DSC_0503-Enhanced-NR-1536x1025.jpg 1536w, https:\/\/fcspartaktrnava.com\/wp-content\/uploads\/2024\/11\/DSC_0503-Enhanced-NR-2048x1367.jpg 2048w, https:\/\/fcspartaktrnava.com\/wp-content\/uploads\/2024\/11\/DSC_0503-Enhanced-NR-18x12.jpg 18w\" sizes=\"auto, (max-width: 1024px) 100vw, 1024px\" \/><\/figure>\n<\/div>\n\n\n<p class=\"has-text-align-center has-medium-font-size\"><strong>&#8222;Samozrejme, \u017ee n\u00e1s \u010dak\u00e1 n\u00e1ro\u010dn\u00fd z\u00e1pas. S\u00fa ve\u013emi dobr\u00ed najm\u00e4 v dom\u00e1com prostred\u00ed. Po tom \u00favodnom &#8222;laufe&#8220;, ktor\u00fd mali, tro\u0161ku v\u00fdkonnostne klesali a bola by \u0161koda, ak by sme ten z\u00e1pas \u00faplne nezvl\u00e1dli. Boli pred nami o 11 bodov, teraz s\u00fa len o \u0161tyri. Budeme hra\u0165 na v\u00ed\u0165azstvo a ver\u00edm, \u017ee je v na\u0161ich sil\u00e1ch. Forma je aktu\u00e1lne na na\u0161ej strane. Vieme, \u010do by na nich mohlo plati\u0165. Bud\u00fa n\u00e1m chcie\u0165 v tabu\u013eke odsko\u010di\u0165 ale to ist\u00e9 plat\u00ed pre n\u00e1s, \u017ee sa st\u00e1le pozer\u00e1me nad seba, tam je pr\u00e1ve \u017dilina a sme pri nich bl\u00edzko.&#8220;<\/strong><\/p>\n\n\n\n<p class=\"has-text-align-center has-black-color has-white-background-color has-text-color has-background has-link-color has-medium-font-size wp-elements-91bd06af73d12dd79eccedcc92688556\"><strong>Pozit\u00edvne spr\u00e1vy z k\u00e1dra ale aj dlh\u0161ia rekonvalescencia pre Erika Saba<\/strong><\/p>\n\n\n\n<p class=\"has-text-align-center has-white-color has-vivid-red-background-color has-text-color has-background has-link-color has-medium-font-size wp-elements-a90b9ecebce16bd79cffc23780450e54\"><strong>Stav viacer\u00fdch hr\u00e1\u010dov sa zlep\u0161il. Ako prezradil tr\u00e9ner Michal Ga\u0161par\u00edk, tak \u0160tetina a Twardzik u\u017e pravidelne tr\u00e9nuj\u00fa s mu\u017estvom. Kubista sa pripoj\u00ed k tr\u00e9ningom od bud\u00faceho t\u00fd\u017ed\u0148a. Menej pozit\u00edvne spr\u00e1vy pri\u0161li oh\u013eadom zranenia Erika Saba, ktor\u00fd m\u00e1 pred sebou dlh\u0161iu rekonvalescenciu a pod\u013ea slov tr\u00e9nera u\u017e v jesennej \u010dasti nezasiahne do z\u00e1pasov.<\/strong><\/p>\n\n\n\n<figure class=\"wp-block-embed aligncenter is-type-video is-provider-youtube wp-block-embed-youtube wp-embed-aspect-16-9 wp-has-aspect-ratio\"><div class=\"wp-block-embed__wrapper\">\n<iframe loading=\"lazy\" title=\"PREVIEW | Michal Ga\u0161par\u00edk pred z\u00e1pasom so \u017dilinou\" width=\"500\" height=\"281\" src=\"https:\/\/www.youtube.com\/embed\/l_TKsOStVEs?start=34&#038;feature=oembed&#038;enablejsapi=1&#038;origin=https:\/\/fcspartaktrnava.com\" frameborder=\"0\" allow=\"accelerometer; autoplay; clipboard-write; encrypted-media; gyroscope; picture-in-picture; web-share\" referrerpolicy=\"strict-origin-when-cross-origin\" allowfullscreen><\/iframe>\n<\/div><\/figure>\n\n\n\n<hr class=\"wp-block-separator has-alpha-channel-opacity\"\/>\n\n\n\n<p class=\"has-text-align-center has-medium-font-size\">Hr\u00e1\u010di dnes absolvovali predz\u00e1pasov\u00fd tr\u00e9ning a u\u017e zajtra popoludn\u00ed naber\u00fa smer \u017dilina. Ver\u00edme, \u017ee n\u00e1s napriek chladn\u00e9mu po\u010dasiu pr\u00eddete podpori\u0165 priamo na \u0160tadi\u00f3n pod Dub\u0148om. <\/p>\n\n\n<div class=\"wp-block-image\">\n<figure class=\"aligncenter size-large\"><img loading=\"lazy\" decoding=\"async\" width=\"1024\" height=\"684\" src=\"https:\/\/fcspartaktrnava.com\/wp-content\/uploads\/2024\/11\/DSC_0466-Enhanced-NR-1024x684.jpg\" alt=\"\" class=\"wp-image-24284\" srcset=\"https:\/\/fcspartaktrnava.com\/wp-content\/uploads\/2024\/11\/DSC_0466-Enhanced-NR-1024x684.jpg 1024w, https:\/\/fcspartaktrnava.com\/wp-content\/uploads\/2024\/11\/DSC_0466-Enhanced-NR-300x200.jpg 300w, https:\/\/fcspartaktrnava.com\/wp-content\/uploads\/2024\/11\/DSC_0466-Enhanced-NR-768x513.jpg 768w, https:\/\/fcspartaktrnava.com\/wp-content\/uploads\/2024\/11\/DSC_0466-Enhanced-NR-1536x1025.jpg 1536w, https:\/\/fcspartaktrnava.com\/wp-content\/uploads\/2024\/11\/DSC_0466-Enhanced-NR-2048x1367.jpg 2048w, https:\/\/fcspartaktrnava.com\/wp-content\/uploads\/2024\/11\/DSC_0466-Enhanced-NR-18x12.jpg 18w\" sizes=\"auto, (max-width: 1024px) 100vw, 1024px\" \/><\/figure>\n<\/div>\n\n\n<p class=\"has-text-align-center has-black-color has-luminous-vivid-amber-background-color has-text-color has-background has-link-color has-medium-font-size wp-elements-e15479d37e0331d50dd8b973478881a4\"><strong>Vstupenky zak\u00fapite na tomto linku <a href=\"https:\/\/vstupenky.mskzilina.sk\/event-detail\/671f5258b64c66e3af4f1c22\/?lang=sk_SK\">vstupenky.mskzilina.sk <\/a>. Prid\u00e1te promok\u00f3d SPTT231124, otvor\u00ed sa v\u00e1m sektor host\u00ed a m\u00f4\u017eete jednoducho nakupova\u0165. Link je zapnut\u00fd do zajtraj\u0161ej 17-tej hodiny. Cena l\u00edstka 8 EUR.<\/strong><\/p>\n\n\n\n<p class=\"has-text-align-center has-black-color has-white-background-color has-text-color has-background has-link-color has-medium-font-size wp-elements-c80e715db2bf5bdcf9761f478cf6d684\"><strong>A ak e\u0161te n\u00e1hodou nem\u00e1te potrebn\u00fa fan\u00fa\u0161ikovsk\u00fa v\u00fdbavu aj do chladn\u00e9ho po\u010dasia, v\u0161etko n\u00e1jdete a zak\u00fapite jednoducho a pohodlne na na\u0161om <a href=\"https:\/\/fcstore.sk\/\">FCSTORE.sk.<\/a><\/strong><\/p>\n\n\n<div class=\"wp-block-image\">\n<figure class=\"aligncenter size-large is-resized\"><a href=\"https:\/\/fcstore.sk\/kategoria\/suveniry\/darcekove-poukazky\/\"><img loading=\"lazy\" decoding=\"async\" width=\"819\" height=\"1024\" src=\"https:\/\/fcspartaktrnava.com\/wp-content\/uploads\/2024\/11\/IMG_2349-819x1024.jpeg\" alt=\"\" class=\"wp-image-24276\" style=\"width:505px;height:auto\" srcset=\"https:\/\/fcspartaktrnava.com\/wp-content\/uploads\/2024\/11\/IMG_2349-819x1024.jpeg 819w, https:\/\/fcspartaktrnava.com\/wp-content\/uploads\/2024\/11\/IMG_2349-240x300.jpeg 240w, https:\/\/fcspartaktrnava.com\/wp-content\/uploads\/2024\/11\/IMG_2349-768x960.jpeg 768w, https:\/\/fcspartaktrnava.com\/wp-content\/uploads\/2024\/11\/IMG_2349-10x12.jpeg 10w, https:\/\/fcspartaktrnava.com\/wp-content\/uploads\/2024\/11\/IMG_2349.jpeg 1200w\" sizes=\"auto, (max-width: 819px) 100vw, 819px\" \/><\/a><\/figure>\n<\/div>\n\n\n<p class=\"has-text-align-center has-medium-font-size\"><strong>Vid\u00edme sa v \u017diline alebo si z\u00e1pas vychutnajte na\u017eivo na DAJTO a VOYO! <\/strong><\/p>\n\n\n\n<p class=\"has-text-align-center has-large-font-size\"><strong>PERSISTENCE IN IT!<\/strong><\/p>","protected":false},"excerpt":{"rendered":"<p>Sobotn\u00fd ve\u010der bude patri\u0165 z\u00e1pasu mesiaca proti \u017eilinsk\u00fdm&#8230;<\/p>","protected":false},"author":5,"featured_media":24285,"comment_status":"closed","ping_status":"closed","sticky":false,"template":"","format":"standard","meta":{"footnotes":""},"categories":[94,12,20],"tags":[],"class_list":["post-24282","post","type-post","status-publish","format-standard","has-post-thumbnail","hentry","category-preview","category-spravy","category-zapas","post-number-1"],"yoast_head":"<!-- This site is optimized with the Yoast SEO plugin v27.1.1 - https:\/\/yoast.com\/product\/yoast-seo-wordpress\/ -->\n<title>D\u00f4le\u017eit\u00fd z\u00e1pas proti \u017diline pod Dub\u0148om - FC Spartak Trnava<\/title>\n<meta name=\"robots\" content=\"index, follow, max-snippet:-1, max-image-preview:large, max-video-preview:-1\" \/>\n<link rel=\"canonical\" href=\"https:\/\/fcspartaktrnava.com\/en\/dolezity-zapas-proti-ziline-pod-dubnom\/\" \/>\n<meta name=\"twitter:label1\" content=\"Written by\" \/>\n\t<meta name=\"twitter:data1\" content=\"Samuel \u010eurinsk\u00fd\" \/>\n\t<meta name=\"twitter:label2\" content=\"Estimated reading time\" \/>\n\t<meta name=\"twitter:data2\" content=\"3 minutes\" \/>\n<script type=\"application\/ld+json\" class=\"yoast-schema-graph\">{\"@context\":\"https:\/\/schema.org\",\"@graph\":[{\"@type\":\"Article\",\"@id\":\"https:\/\/fcspartaktrnava.com\/dolezity-zapas-proti-ziline-pod-dubnom\/#article\",\"isPartOf\":{\"@id\":\"https:\/\/fcspartaktrnava.com\/dolezity-zapas-proti-ziline-pod-dubnom\/\"},\"author\":{\"name\":\"Samuel \u010eurinsk\u00fd\",\"@id\":\"https:\/\/fcspartaktrnava.com\/#\/schema\/person\/62c3c2562c3c56e4c0c8c2342c596ac0\"},\"headline\":\"D\u00f4le\u017eit\u00fd z\u00e1pas proti \u017diline pod Dub\u0148om\",\"datePublished\":\"2024-11-22T14:20:46+00:00\",\"dateModified\":\"2024-11-22T14:25:25+00:00\",\"mainEntityOfPage\":{\"@id\":\"https:\/\/fcspartaktrnava.com\/dolezity-zapas-proti-ziline-pod-dubnom\/\"},\"wordCount\":556,\"publisher\":{\"@id\":\"https:\/\/fcspartaktrnava.com\/#organization\"},\"image\":{\"@id\":\"https:\/\/fcspartaktrnava.com\/dolezity-zapas-proti-ziline-pod-dubnom\/#primaryimage\"},\"thumbnailUrl\":\"https:\/\/fcspartaktrnava.com\/wp-content\/uploads\/2024\/11\/DSC_0335-Enhanced-NR-scaled.jpg\",\"articleSection\":[\"preview\",\"Spr\u00e1vy\",\"Z\u00e1pas\"],\"inLanguage\":\"en-GB\"},{\"@type\":\"WebPage\",\"@id\":\"https:\/\/fcspartaktrnava.com\/dolezity-zapas-proti-ziline-pod-dubnom\/\",\"url\":\"https:\/\/fcspartaktrnava.com\/dolezity-zapas-proti-ziline-pod-dubnom\/\",\"name\":\"D\u00f4le\u017eit\u00fd z\u00e1pas proti \u017diline pod Dub\u0148om - FC Spartak Trnava\",\"isPartOf\":{\"@id\":\"https:\/\/fcspartaktrnava.com\/#website\"},\"primaryImageOfPage\":{\"@id\":\"https:\/\/fcspartaktrnava.com\/dolezity-zapas-proti-ziline-pod-dubnom\/#primaryimage\"},\"image\":{\"@id\":\"https:\/\/fcspartaktrnava.com\/dolezity-zapas-proti-ziline-pod-dubnom\/#primaryimage\"},\"thumbnailUrl\":\"https:\/\/fcspartaktrnava.com\/wp-content\/uploads\/2024\/11\/DSC_0335-Enhanced-NR-scaled.jpg\",\"datePublished\":\"2024-11-22T14:20:46+00:00\",\"dateModified\":\"2024-11-22T14:25:25+00:00\",\"breadcrumb\":{\"@id\":\"https:\/\/fcspartaktrnava.com\/dolezity-zapas-proti-ziline-pod-dubnom\/#breadcrumb\"},\"inLanguage\":\"en-GB\",\"potentialAction\":[{\"@type\":\"ReadAction\",\"target\":[\"https:\/\/fcspartaktrnava.com\/dolezity-zapas-proti-ziline-pod-dubnom\/\"]}]},{\"@type\":\"ImageObject\",\"inLanguage\":\"en-GB\",\"@id\":\"https:\/\/fcspartaktrnava.com\/dolezity-zapas-proti-ziline-pod-dubnom\/#primaryimage\",\"url\":\"https:\/\/fcspartaktrnava.com\/wp-content\/uploads\/2024\/11\/DSC_0335-Enhanced-NR-scaled.jpg\",\"contentUrl\":\"https:\/\/fcspartaktrnava.com\/wp-content\/uploads\/2024\/11\/DSC_0335-Enhanced-NR-scaled.jpg\",\"width\":2560,\"height\":1709},{\"@type\":\"BreadcrumbList\",\"@id\":\"https:\/\/fcspartaktrnava.com\/dolezity-zapas-proti-ziline-pod-dubnom\/#breadcrumb\",\"itemListElement\":[{\"@type\":\"ListItem\",\"position\":1,\"name\":\"Home\",\"item\":\"https:\/\/fcspartaktrnava.com\/\"},{\"@type\":\"ListItem\",\"position\":2,\"name\":\"D\u00f4le\u017eit\u00fd z\u00e1pas proti \u017diline pod Dub\u0148om\"}]},{\"@type\":\"WebSite\",\"@id\":\"https:\/\/fcspartaktrnava.com\/#website\",\"url\":\"https:\/\/fcspartaktrnava.com\/\",\"name\":\"FC Spartak Trnava\",\"description\":\"ofici\u00e1lna webstr\u00e1nka futbalov\u00e9ho klubu\",\"publisher\":{\"@id\":\"https:\/\/fcspartaktrnava.com\/#organization\"},\"potentialAction\":[{\"@type\":\"SearchAction\",\"target\":{\"@type\":\"EntryPoint\",\"urlTemplate\":\"https:\/\/fcspartaktrnava.com\/?s={search_term_string}\"},\"query-input\":{\"@type\":\"PropertyValueSpecification\",\"valueRequired\":true,\"valueName\":\"search_term_string\"}}],\"inLanguage\":\"en-GB\"},{\"@type\":\"Organization\",\"@id\":\"https:\/\/fcspartaktrnava.com\/#organization\",\"name\":\"FC Spartak Trnava\",\"alternateName\":\"Spartak\",\"url\":\"https:\/\/fcspartaktrnava.com\/\",\"logo\":{\"@type\":\"ImageObject\",\"inLanguage\":\"en-GB\",\"@id\":\"https:\/\/fcspartaktrnava.com\/#\/schema\/logo\/image\/\",\"url\":\"https:\/\/fcspartaktrnava.com\/wp-content\/uploads\/2022\/08\/cropped-site_logo.png\",\"contentUrl\":\"https:\/\/fcspartaktrnava.com\/wp-content\/uploads\/2022\/08\/cropped-site_logo.png\",\"width\":140,\"height\":140,\"caption\":\"FC Spartak Trnava\"},\"image\":{\"@id\":\"https:\/\/fcspartaktrnava.com\/#\/schema\/logo\/image\/\"},\"sameAs\":[\"https:\/\/www.facebook.com\/SpartakTrnava\",\"https:\/\/x.com\/SpartakTrnava1\",\"https:\/\/www.instagram.com\/spartak_sk\/\"]},{\"@type\":\"Person\",\"@id\":\"https:\/\/fcspartaktrnava.com\/#\/schema\/person\/62c3c2562c3c56e4c0c8c2342c596ac0\",\"name\":\"Samuel \u010eurinsk\u00fd\",\"image\":{\"@type\":\"ImageObject\",\"inLanguage\":\"en-GB\",\"@id\":\"https:\/\/fcspartaktrnava.com\/#\/schema\/person\/image\/\",\"url\":\"https:\/\/secure.gravatar.com\/avatar\/af2fa02af92418b86ed742470664fe40056833fb68d84becf03f6ab02319257c?s=96&d=mm&r=g\",\"contentUrl\":\"https:\/\/secure.gravatar.com\/avatar\/af2fa02af92418b86ed742470664fe40056833fb68d84becf03f6ab02319257c?s=96&d=mm&r=g\",\"caption\":\"Samuel \u010eurinsk\u00fd\"},\"url\":\"https:\/\/fcspartaktrnava.com\/en\/author\/fcst-samuel\/\"}]}<\/script>\n<!-- \/ Yoast SEO plugin. -->","yoast_head_json":{"title":"D\u00f4le\u017eit\u00fd z\u00e1pas proti \u017diline pod Dub\u0148om - FC Spartak Trnava","robots":{"index":"index","follow":"follow","max-snippet":"max-snippet:-1","max-image-preview":"max-image-preview:large","max-video-preview":"max-video-preview:-1"},"canonical":"https:\/\/fcspartaktrnava.com\/en\/dolezity-zapas-proti-ziline-pod-dubnom\/","twitter_misc":{"Written by":"Samuel \u010eurinsk\u00fd","Estimated reading time":"3 minutes"},"schema":{"@context":"https:\/\/schema.org","@graph":[{"@type":"Article","@id":"https:\/\/fcspartaktrnava.com\/dolezity-zapas-proti-ziline-pod-dubnom\/#article","isPartOf":{"@id":"https:\/\/fcspartaktrnava.com\/dolezity-zapas-proti-ziline-pod-dubnom\/"},"author":{"name":"Samuel \u010eurinsk\u00fd","@id":"https:\/\/fcspartaktrnava.com\/#\/schema\/person\/62c3c2562c3c56e4c0c8c2342c596ac0"},"headline":"D\u00f4le\u017eit\u00fd z\u00e1pas proti \u017diline pod Dub\u0148om","datePublished":"2024-11-22T14:20:46+00:00","dateModified":"2024-11-22T14:25:25+00:00","mainEntityOfPage":{"@id":"https:\/\/fcspartaktrnava.com\/dolezity-zapas-proti-ziline-pod-dubnom\/"},"wordCount":556,"publisher":{"@id":"https:\/\/fcspartaktrnava.com\/#organization"},"image":{"@id":"https:\/\/fcspartaktrnava.com\/dolezity-zapas-proti-ziline-pod-dubnom\/#primaryimage"},"thumbnailUrl":"https:\/\/fcspartaktrnava.com\/wp-content\/uploads\/2024\/11\/DSC_0335-Enhanced-NR-scaled.jpg","articleSection":["preview","Spr\u00e1vy","Z\u00e1pas"],"inLanguage":"en-GB"},{"@type":"WebPage","@id":"https:\/\/fcspartaktrnava.com\/dolezity-zapas-proti-ziline-pod-dubnom\/","url":"https:\/\/fcspartaktrnava.com\/dolezity-zapas-proti-ziline-pod-dubnom\/","name":"D\u00f4le\u017eit\u00fd z\u00e1pas proti \u017diline pod Dub\u0148om - FC Spartak Trnava","isPartOf":{"@id":"https:\/\/fcspartaktrnava.com\/#website"},"primaryImageOfPage":{"@id":"https:\/\/fcspartaktrnava.com\/dolezity-zapas-proti-ziline-pod-dubnom\/#primaryimage"},"image":{"@id":"https:\/\/fcspartaktrnava.com\/dolezity-zapas-proti-ziline-pod-dubnom\/#primaryimage"},"thumbnailUrl":"https:\/\/fcspartaktrnava.com\/wp-content\/uploads\/2024\/11\/DSC_0335-Enhanced-NR-scaled.jpg","datePublished":"2024-11-22T14:20:46+00:00","dateModified":"2024-11-22T14:25:25+00:00","breadcrumb":{"@id":"https:\/\/fcspartaktrnava.com\/dolezity-zapas-proti-ziline-pod-dubnom\/#breadcrumb"},"inLanguage":"en-GB","potentialAction":[{"@type":"ReadAction","target":["https:\/\/fcspartaktrnava.com\/dolezity-zapas-proti-ziline-pod-dubnom\/"]}]},{"@type":"ImageObject","inLanguage":"en-GB","@id":"https:\/\/fcspartaktrnava.com\/dolezity-zapas-proti-ziline-pod-dubnom\/#primaryimage","url":"https:\/\/fcspartaktrnava.com\/wp-content\/uploads\/2024\/11\/DSC_0335-Enhanced-NR-scaled.jpg","contentUrl":"https:\/\/fcspartaktrnava.com\/wp-content\/uploads\/2024\/11\/DSC_0335-Enhanced-NR-scaled.jpg","width":2560,"height":1709},{"@type":"BreadcrumbList","@id":"https:\/\/fcspartaktrnava.com\/dolezity-zapas-proti-ziline-pod-dubnom\/#breadcrumb","itemListElement":[{"@type":"ListItem","position":1,"name":"Home","item":"https:\/\/fcspartaktrnava.com\/"},{"@type":"ListItem","position":2,"name":"D\u00f4le\u017eit\u00fd z\u00e1pas proti \u017diline pod Dub\u0148om"}]},{"@type":"WebSite","@id":"https:\/\/fcspartaktrnava.com\/#website","url":"https:\/\/fcspartaktrnava.com\/","name":"FC Spartak Trnava","description":"ofici\u00e1lna webstr\u00e1nka futbalov\u00e9ho klubu","publisher":{"@id":"https:\/\/fcspartaktrnava.com\/#organization"},"potentialAction":[{"@type":"SearchAction","target":{"@type":"EntryPoint","urlTemplate":"https:\/\/fcspartaktrnava.com\/?s={search_term_string}"},"query-input":{"@type":"PropertyValueSpecification","valueRequired":true,"valueName":"search_term_string"}}],"inLanguage":"en-GB"},{"@type":"Organization","@id":"https:\/\/fcspartaktrnava.com\/#organization","name":"FC Spartak Trnava","alternateName":"Spartak","url":"https:\/\/fcspartaktrnava.com\/","logo":{"@type":"ImageObject","inLanguage":"en-GB","@id":"https:\/\/fcspartaktrnava.com\/#\/schema\/logo\/image\/","url":"https:\/\/fcspartaktrnava.com\/wp-content\/uploads\/2022\/08\/cropped-site_logo.png","contentUrl":"https:\/\/fcspartaktrnava.com\/wp-content\/uploads\/2022\/08\/cropped-site_logo.png","width":140,"height":140,"caption":"FC Spartak Trnava"},"image":{"@id":"https:\/\/fcspartaktrnava.com\/#\/schema\/logo\/image\/"},"sameAs":["https:\/\/www.facebook.com\/SpartakTrnava","https:\/\/x.com\/SpartakTrnava1","https:\/\/www.instagram.com\/spartak_sk\/"]},{"@type":"Person","@id":"https:\/\/fcspartaktrnava.com\/#\/schema\/person\/62c3c2562c3c56e4c0c8c2342c596ac0","name":"Samuel \u010eurinsk\u00fd","image":{"@type":"ImageObject","inLanguage":"en-GB","@id":"https:\/\/fcspartaktrnava.com\/#\/schema\/person\/image\/","url":"https:\/\/secure.gravatar.com\/avatar\/af2fa02af92418b86ed742470664fe40056833fb68d84becf03f6ab02319257c?s=96&d=mm&r=g","contentUrl":"https:\/\/secure.gravatar.com\/avatar\/af2fa02af92418b86ed742470664fe40056833fb68d84becf03f6ab02319257c?s=96&d=mm&r=g","caption":"Samuel \u010eurinsk\u00fd"},"url":"https:\/\/fcspartaktrnava.com\/en\/author\/fcst-samuel\/"}]}},"_links":{"self":[{"href":"https:\/\/fcspartaktrnava.com\/en\/wp-json\/wp\/v2\/posts\/24282","targetHints":{"allow":["GET"]}}],"collection":[{"href":"https:\/\/fcspartaktrnava.com\/en\/wp-json\/wp\/v2\/posts"}],"about":[{"href":"https:\/\/fcspartaktrnava.com\/en\/wp-json\/wp\/v2\/types\/post"}],"author":[{"embeddable":true,"href":"https:\/\/fcspartaktrnava.com\/en\/wp-json\/wp\/v2\/users\/5"}],"replies":[{"embeddable":true,"href":"https:\/\/fcspartaktrnava.com\/en\/wp-json\/wp\/v2\/comments?post=24282"}],"version-history":[{"count":0,"href":"https:\/\/fcspartaktrnava.com\/en\/wp-json\/wp\/v2\/posts\/24282\/revisions"}],"wp:featuredmedia":[{"embeddable":true,"href":"https:\/\/fcspartaktrnava.com\/en\/wp-json\/wp\/v2\/media\/24285"}],"wp:attachment":[{"href":"https:\/\/fcspartaktrnava.com\/en\/wp-json\/wp\/v2\/media?parent=24282"}],"wp:term":[{"taxonomy":"category","embeddable":true,"href":"https:\/\/fcspartaktrnava.com\/en\/wp-json\/wp\/v2\/categories?post=24282"},{"taxonomy":"post_tag","embeddable":true,"href":"https:\/\/fcspartaktrnava.com\/en\/wp-json\/wp\/v2\/tags?post=24282"}],"curies":[{"name":"wp","href":"https:\/\/api.w.org\/{rel}","templated":true}]}}